{"id":93605,"date":"2024-05-08T17:56:42","date_gmt":"2024-05-08T17:56:42","guid":{"rendered":"https:\/\/elregionalvm.com.ar\/noticias-villa-maria\/?p=93605"},"modified":"2024-05-08T21:27:59","modified_gmt":"2024-05-08T21:27:59","slug":"mejoras-en-iluminacion-la-municipalidad-coloco-luces-led-en-el-sector-del-puente-andino","status":"publish","type":"post","link":"https:\/\/elregionalvm.com.ar\/noticias-villa-maria\/mejoras-en-iluminacion-la-municipalidad-coloco-luces-led-en-el-sector-del-puente-andino\/","title":{"rendered":"Mejoras en iluminaci\u00f3n: La Municipalidad coloc\u00f3 luces LED en el sector del puente Andino"},"content":{"rendered":"\n<p>Para lograr mayor eficiencia energ\u00e9tica y seguridad, el Municipio, a trav\u00e9s de la Secretar\u00eda de Infraestructura, Desarrollo Urbano y Ambiente, avanza en el Plan de Recambio de Luminarias LED, en distintos puntos de la ciudad.<\/p>\n\n\n\n<figure class=\"wp-block-image size-large\"><img data-recalc-dims=\"1\" fetchpriority=\"high\" decoding=\"async\" width=\"1024\" height=\"682\" src=\"https:\/\/i0.wp.com\/elregionalvm.com.ar\/noticias-villa-maria\/wp-content\/uploads\/2024\/05\/WhatsApp-Image-2024-05-08-at-08.25.24.jpeg?resize=1024%2C682&#038;ssl=1\" alt=\"\" class=\"wp-image-93607\" srcset=\"https:\/\/i0.wp.com\/elregionalvm.com.ar\/noticias-villa-maria\/wp-content\/uploads\/2024\/05\/WhatsApp-Image-2024-05-08-at-08.25.24.jpeg?resize=1024%2C682&amp;ssl=1 1024w, https:\/\/i0.wp.com\/elregionalvm.com.ar\/noticias-villa-maria\/wp-content\/uploads\/2024\/05\/WhatsApp-Image-2024-05-08-at-08.25.24.jpeg?resize=300%2C200&amp;ssl=1 300w, https:\/\/i0.wp.com\/elregionalvm.com.ar\/noticias-villa-maria\/wp-content\/uploads\/2024\/05\/WhatsApp-Image-2024-05-08-at-08.25.24.jpeg?resize=768%2C512&amp;ssl=1 768w, https:\/\/i0.wp.com\/elregionalvm.com.ar\/noticias-villa-maria\/wp-content\/uploads\/2024\/05\/WhatsApp-Image-2024-05-08-at-08.25.24.jpeg?w=1280&amp;ssl=1 1280w\" sizes=\"(max-width: 1000px) 100vw, 1000px\" \/><\/figure>\n\n\n\n<p>En ese sentido, las tareas que, durante el s\u00e1bado se desarrollaron sobre el bulevar V\u00e9lez Sarsfield, donde se colocaron cuarenta nuevas luces, se replicaron en el Puente Andino, emplazado sobre el r\u00edo Ctalamochita, en la Ruta Nacional 158.<\/p>\n\n\n\n<p>All\u00ed, se cambiaron 7 luminarias LED, se repusieron 5 columnas y se colocaron m\u00e1s de 200 metros de cable para alimentar todos los postes del sector.<\/p>\n\n\n\n<p>Cabe destacar que, desde el inicio de la gesti\u00f3n, ya se instalaron m\u00e1s de 300 luces LED y el objetivo es reemplazar la totalidad de luces de nuestra ciudad con esta tecnolog\u00eda.<\/p>\n\n\n\n<p>Es importante mencionar que estas acciones apuntan a mejorar las condiciones de circulaci\u00f3n en los sectores y aportan mayor seguridad, debido a su alto tr\u00e1nsito. Adem\u00e1s, contribuyen a reducir el consumo, logrando mayor eficiencia energ\u00e9tica.<\/p>\n\n\n\n<p>Asimismo, estas luminarias son aptas para la telegesti\u00f3n, lo que posibilitar\u00e1 su control a distancia, para saber cuando se prenden o apagan desde una oficina.<\/p>\n\n\n\n<p>Este proceso de recambio modificar\u00e1 la apariencia nocturna de la ciudad, proporcionando una iluminaci\u00f3n m\u00e1s brillante y uniforme en calles, plazas y \u00e1reas residenciales.<\/p>\n\n\n\n<figure class=\"wp-block-image size-large\"><img data-recalc-dims=\"1\" decoding=\"async\" width=\"682\" height=\"1024\" src=\"https:\/\/i0.wp.com\/elregionalvm.com.ar\/noticias-villa-maria\/wp-content\/uploads\/2024\/05\/WhatsApp-Image-2024-05-08-at-08.25.24-1.jpeg?resize=682%2C1024&#038;ssl=1\" alt=\"\" class=\"wp-image-93606\" srcset=\"https:\/\/i0.wp.com\/elregionalvm.com.ar\/noticias-villa-maria\/wp-content\/uploads\/2024\/05\/WhatsApp-Image-2024-05-08-at-08.25.24-1.jpeg?resize=682%2C1024&amp;ssl=1 682w, https:\/\/i0.wp.com\/elregionalvm.com.ar\/noticias-villa-maria\/wp-content\/uploads\/2024\/05\/WhatsApp-Image-2024-05-08-at-08.25.24-1.jpeg?resize=200%2C300&amp;ssl=1 200w, https:\/\/i0.wp.com\/elregionalvm.com.ar\/noticias-villa-maria\/wp-content\/uploads\/2024\/05\/WhatsApp-Image-2024-05-08-at-08.25.24-1.jpeg?resize=768%2C1152&amp;ssl=1 768w, https:\/\/i0.wp.com\/elregionalvm.com.ar\/noticias-villa-maria\/wp-content\/uploads\/2024\/05\/WhatsApp-Image-2024-05-08-at-08.25.24-1.jpeg?w=853&amp;ssl=1 853w\" sizes=\"(max-width: 682px) 100vw, 682px\" \/><\/figure>\n\n\n\n<p>Adem\u00e1s de mejorar la seguridad, las nuevas luminarias LED reducen significativamente el consumo de energ\u00eda y las emisiones de carbono alienado con el compromiso ambiental del municipio.<\/p>\n","protected":false},"excerpt":{"rendered":"<p>Para lograr mayor eficiencia energ\u00e9tica y seguridad, el Municipio, a trav\u00e9s de la Secretar\u00eda de Infraestructura, Desarrollo Urbano y Ambiente, avanza en el Plan de Recambio de Luminarias LED, en distintos puntos de la ciudad. En ese sentido, las tareas que, durante el s\u00e1bado se desarrollaron sobre el bulevar V\u00e9lez Sarsfield, donde se colocaron cuarenta [&hellip;]<\/p>\n","protected":false},"author":4,"featured_media":93606,"comment_status":"open","ping_status":"open","sticky":false,"template":"","format":"standard","meta":{"site-sidebar-layout":"default","site-content-layout":"","ast-site-content-layout":"default","site-content-style":"default","site-sidebar-style":"default","ast-global-header-display":"","ast-banner-title-visibility":"","ast-main-header-display":"","ast-hfb-above-header-display":"","ast-hfb-below-header-display":"","ast-hfb-mobile-header-display":"","site-post-title":"","ast-breadcrumbs-content":"","ast-featured-img":"","footer-sml-layout":"","ast-disable-related-posts":"","theme-transparent-header-meta":"","adv-header-id-meta":"","stick-header-meta":"","header-above-stick-meta":"","header-main-stick-meta":"","header-below-stick-meta":"","astra-migrate-meta-layouts":"set","ast-page-background-enabled":"default","ast-page-background-meta":{"desktop":{"background-color":"","background-image":"","background-repeat":"repeat","background-position":"center center","background-size":"auto","background-attachment":"scroll","background-type":"","background-media":"","overlay-type":"","overlay-color":"","overlay-opacity":"","overlay-gradient":""},"tablet":{"background-color":"","background-image":"","background-repeat":"repeat","background-position":"center center","background-size":"auto","background-attachment":"scroll","background-type":"","background-media":"","overlay-type":"","overlay-color":"","overlay-opacity":"","overlay-gradient":""},"mobile":{"background-color":"","background-image":"","background-repeat":"repeat","background-position":"center center","background-size":"auto","background-attachment":"scroll","background-type":"","background-media":"","overlay-type":"","overlay-color":"","overlay-opacity":"","overlay-gradient":""}},"ast-content-background-meta":{"desktop":{"background-color":"var(--ast-global-color-5)","background-image":"","background-repeat":"repeat","background-position":"center center","background-size":"auto","background-attachment":"scroll","background-type":"","background-media":"","overlay-type":"","overlay-color":"","overlay-opacity":"","overlay-gradient":""},"tablet":{"background-color":"var(--ast-global-color-5)","background-image":"","background-repeat":"repeat","background-position":"center center","background-size":"auto","background-attachment":"scroll","background-type":"","background-media":"","overlay-type":"","overlay-color":"","overlay-opacity":"","overlay-gradient":""},"mobile":{"background-color":"var(--ast-global-color-5)","background-image":"","background-repeat":"repeat","background-position":"center center","background-size":"auto","background-attachment":"scroll","background-type":"","background-media":"","overlay-type":"","overlay-color":"","overlay-opacity":"","overlay-gradient":""}},"_jetpack_memberships_contains_paid_content":false,"_joinchat":[],"footnotes":""},"categories":[15302,5,2],"tags":[],"class_list":["post-93605","post","type-post","status-publish","format-standard","has-post-thumbnail","hentry","category-destacado","category-sociedad","category-villa-maria"],"yoast_head":"<!-- This site is optimized with the Yoast SEO plugin v26.8 - https:\/\/yoast.com\/product\/yoast-seo-wordpress\/ -->\n<title>Mejoras en iluminaci\u00f3n: La Municipalidad coloc\u00f3 luces LED en el sector del puente Andino - El Regional<\/title>\n<meta name=\"robots\" content=\"index, follow, max-snippet:-1, max-image-preview:large, max-video-preview:-1\" \/>\n<link rel=\"canonical\" href=\"https:\/\/elregionalvm.com.ar\/noticias-villa-maria\/mejoras-en-iluminacion-la-municipalidad-coloco-luces-led-en-el-sector-del-puente-andino\/\" \/>\n<meta property=\"og:locale\" content=\"es_ES\" \/>\n<meta property=\"og:type\" content=\"article\" \/>\n<meta property=\"og:title\" content=\"Mejoras en iluminaci\u00f3n: La Municipalidad coloc\u00f3 luces LED en el sector del puente Andino - El Regional\" \/>\n<meta property=\"og:description\" content=\"Para lograr mayor eficiencia energ\u00e9tica y seguridad, el Municipio, a trav\u00e9s de la Secretar\u00eda de Infraestructura, Desarrollo Urbano y Ambiente, avanza en el Plan de Recambio de Luminarias LED, en distintos puntos de la ciudad. En ese sentido, las tareas que, durante el s\u00e1bado se desarrollaron sobre el bulevar V\u00e9lez Sarsfield, donde se colocaron cuarenta [&hellip;]\" \/>\n<meta property=\"og:url\" content=\"https:\/\/elregionalvm.com.ar\/noticias-villa-maria\/mejoras-en-iluminacion-la-municipalidad-coloco-luces-led-en-el-sector-del-puente-andino\/\" \/>\n<meta property=\"og:site_name\" content=\"El Regional\" \/>\n<meta property=\"article:publisher\" content=\"https:\/\/www.facebook.com\/elregionalvm\" \/>\n<meta property=\"article:published_time\" content=\"2024-05-08T17:56:42+00:00\" \/>\n<meta property=\"article:modified_time\" content=\"2024-05-08T21:27:59+00:00\" \/>\n<meta property=\"og:image\" content=\"https:\/\/elregionalvm.com.ar\/noticias-villa-maria\/wp-content\/uploads\/2024\/05\/WhatsApp-Image-2024-05-08-at-08.25.24-1.jpeg\" \/>\n\t<meta property=\"og:image:width\" content=\"853\" \/>\n\t<meta property=\"og:image:height\" content=\"1280\" \/>\n\t<meta property=\"og:image:type\" content=\"image\/jpeg\" \/>\n<meta name=\"author\" content=\"Contenidos El Regional\" \/>\n<meta name=\"twitter:card\" content=\"summary_large_image\" \/>\n<meta name=\"twitter:creator\" content=\"@elregionalvm1\" \/>\n<meta name=\"twitter:site\" content=\"@elregionalvm1\" \/>\n<meta name=\"twitter:label1\" content=\"Escrito por\" \/>\n\t<meta name=\"twitter:data1\" content=\"Contenidos El Regional\" \/>\n\t<meta name=\"twitter:label2\" content=\"Tiempo de lectura\" \/>\n\t<meta name=\"twitter:data2\" content=\"2 minutos\" \/>\n<script type=\"application\/ld+json\" class=\"yoast-schema-graph\">{\"@context\":\"https:\/\/schema.org\",\"@graph\":[{\"@type\":\"Article\",\"@id\":\"https:\/\/elregionalvm.com.ar\/noticias-villa-maria\/mejoras-en-iluminacion-la-municipalidad-coloco-luces-led-en-el-sector-del-puente-andino\/#article\",\"isPartOf\":{\"@id\":\"https:\/\/elregionalvm.com.ar\/noticias-villa-maria\/mejoras-en-iluminacion-la-municipalidad-coloco-luces-led-en-el-sector-del-puente-andino\/\"},\"author\":{\"name\":\"Contenidos El Regional\",\"@id\":\"http:\/\/elregionalvm.com.ar\/noticias-villa-maria\/#\/schema\/person\/a0fb9c422317faca23d50163151bc354\"},\"headline\":\"Mejoras en iluminaci\u00f3n: La Municipalidad coloc\u00f3 luces LED en el sector del puente Andino\",\"datePublished\":\"2024-05-08T17:56:42+00:00\",\"dateModified\":\"2024-05-08T21:27:59+00:00\",\"mainEntityOfPage\":{\"@id\":\"https:\/\/elregionalvm.com.ar\/noticias-villa-maria\/mejoras-en-iluminacion-la-municipalidad-coloco-luces-led-en-el-sector-del-puente-andino\/\"},\"wordCount\":271,\"commentCount\":0,\"image\":{\"@id\":\"https:\/\/elregionalvm.com.ar\/noticias-villa-maria\/mejoras-en-iluminacion-la-municipalidad-coloco-luces-led-en-el-sector-del-puente-andino\/#primaryimage\"},\"thumbnailUrl\":\"https:\/\/i0.wp.com\/elregionalvm.com.ar\/noticias-villa-maria\/wp-content\/uploads\/2024\/05\/WhatsApp-Image-2024-05-08-at-08.25.24-1.jpeg?fit=853%2C1280&ssl=1\",\"articleSection\":[\"destacado\",\"Sociedad\",\"Villa Mar\u00eda\"],\"inLanguage\":\"es\",\"potentialAction\":[{\"@type\":\"CommentAction\",\"name\":\"Comment\",\"target\":[\"https:\/\/elregionalvm.com.ar\/noticias-villa-maria\/mejoras-en-iluminacion-la-municipalidad-coloco-luces-led-en-el-sector-del-puente-andino\/#respond\"]}]},{\"@type\":\"WebPage\",\"@id\":\"https:\/\/elregionalvm.com.ar\/noticias-villa-maria\/mejoras-en-iluminacion-la-municipalidad-coloco-luces-led-en-el-sector-del-puente-andino\/\",\"url\":\"https:\/\/elregionalvm.com.ar\/noticias-villa-maria\/mejoras-en-iluminacion-la-municipalidad-coloco-luces-led-en-el-sector-del-puente-andino\/\",\"name\":\"Mejoras en iluminaci\u00f3n: La Municipalidad coloc\u00f3 luces LED en el sector del puente Andino - El Regional\",\"isPartOf\":{\"@id\":\"http:\/\/elregionalvm.com.ar\/noticias-villa-maria\/#website\"},\"primaryImageOfPage\":{\"@id\":\"https:\/\/elregionalvm.com.ar\/noticias-villa-maria\/mejoras-en-iluminacion-la-municipalidad-coloco-luces-led-en-el-sector-del-puente-andino\/#primaryimage\"},\"image\":{\"@id\":\"https:\/\/elregionalvm.com.ar\/noticias-villa-maria\/mejoras-en-iluminacion-la-municipalidad-coloco-luces-led-en-el-sector-del-puente-andino\/#primaryimage\"},\"thumbnailUrl\":\"https:\/\/i0.wp.com\/elregionalvm.com.ar\/noticias-villa-maria\/wp-content\/uploads\/2024\/05\/WhatsApp-Image-2024-05-08-at-08.25.24-1.jpeg?fit=853%2C1280&ssl=1\",\"datePublished\":\"2024-05-08T17:56:42+00:00\",\"dateModified\":\"2024-05-08T21:27:59+00:00\",\"author\":{\"@id\":\"http:\/\/elregionalvm.com.ar\/noticias-villa-maria\/#\/schema\/person\/a0fb9c422317faca23d50163151bc354\"},\"breadcrumb\":{\"@id\":\"https:\/\/elregionalvm.com.ar\/noticias-villa-maria\/mejoras-en-iluminacion-la-municipalidad-coloco-luces-led-en-el-sector-del-puente-andino\/#breadcrumb\"},\"inLanguage\":\"es\",\"potentialAction\":[{\"@type\":\"ReadAction\",\"target\":[\"https:\/\/elregionalvm.com.ar\/noticias-villa-maria\/mejoras-en-iluminacion-la-municipalidad-coloco-luces-led-en-el-sector-del-puente-andino\/\"]}]},{\"@type\":\"ImageObject\",\"inLanguage\":\"es\",\"@id\":\"https:\/\/elregionalvm.com.ar\/noticias-villa-maria\/mejoras-en-iluminacion-la-municipalidad-coloco-luces-led-en-el-sector-del-puente-andino\/#primaryimage\",\"url\":\"https:\/\/i0.wp.com\/elregionalvm.com.ar\/noticias-villa-maria\/wp-content\/uploads\/2024\/05\/WhatsApp-Image-2024-05-08-at-08.25.24-1.jpeg?fit=853%2C1280&ssl=1\",\"contentUrl\":\"https:\/\/i0.wp.com\/elregionalvm.com.ar\/noticias-villa-maria\/wp-content\/uploads\/2024\/05\/WhatsApp-Image-2024-05-08-at-08.25.24-1.jpeg?fit=853%2C1280&ssl=1\",\"width\":853,\"height\":1280},{\"@type\":\"BreadcrumbList\",\"@id\":\"https:\/\/elregionalvm.com.ar\/noticias-villa-maria\/mejoras-en-iluminacion-la-municipalidad-coloco-luces-led-en-el-sector-del-puente-andino\/#breadcrumb\",\"itemListElement\":[{\"@type\":\"ListItem\",\"position\":1,\"name\":\"Portada\",\"item\":\"https:\/\/elregionalvm.com.ar\/noticias-villa-maria\/\"},{\"@type\":\"ListItem\",\"position\":2,\"name\":\"Mejoras en iluminaci\u00f3n: La Municipalidad coloc\u00f3 luces LED en el sector del puente Andino\"}]},{\"@type\":\"WebSite\",\"@id\":\"http:\/\/elregionalvm.com.ar\/noticias-villa-maria\/#website\",\"url\":\"http:\/\/elregionalvm.com.ar\/noticias-villa-maria\/\",\"name\":\"El Regional\",\"description\":\"Mucho m\u00e1s que informaci\u00f3n\",\"potentialAction\":[{\"@type\":\"SearchAction\",\"target\":{\"@type\":\"EntryPoint\",\"urlTemplate\":\"http:\/\/elregionalvm.com.ar\/noticias-villa-maria\/?s={search_term_string}\"},\"query-input\":{\"@type\":\"PropertyValueSpecification\",\"valueRequired\":true,\"valueName\":\"search_term_string\"}}],\"inLanguage\":\"es\"},{\"@type\":\"Person\",\"@id\":\"http:\/\/elregionalvm.com.ar\/noticias-villa-maria\/#\/schema\/person\/a0fb9c422317faca23d50163151bc354\",\"name\":\"Contenidos El Regional\",\"image\":{\"@type\":\"ImageObject\",\"inLanguage\":\"es\",\"@id\":\"http:\/\/elregionalvm.com.ar\/noticias-villa-maria\/#\/schema\/person\/image\/\",\"url\":\"https:\/\/secure.gravatar.com\/avatar\/265b27cb2209af7bb3a1318f03305787d7981a5cc6e6cd08fe5a4ecdf99d4b48?s=96&d=mm&r=g\",\"contentUrl\":\"https:\/\/secure.gravatar.com\/avatar\/265b27cb2209af7bb3a1318f03305787d7981a5cc6e6cd08fe5a4ecdf99d4b48?s=96&d=mm&r=g\",\"caption\":\"Contenidos El Regional\"},\"url\":\"https:\/\/elregionalvm.com.ar\/noticias-villa-maria\/author\/contenido\/\"}]}<\/script>\n<!-- \/ Yoast SEO plugin. -->","yoast_head_json":{"title":"Mejoras en iluminaci\u00f3n: La Municipalidad coloc\u00f3 luces LED en el sector del puente Andino - El Regional","robots":{"index":"index","follow":"follow","max-snippet":"max-snippet:-1","max-image-preview":"max-image-preview:large","max-video-preview":"max-video-preview:-1"},"canonical":"https:\/\/elregionalvm.com.ar\/noticias-villa-maria\/mejoras-en-iluminacion-la-municipalidad-coloco-luces-led-en-el-sector-del-puente-andino\/","og_locale":"es_ES","og_type":"article","og_title":"Mejoras en iluminaci\u00f3n: La Municipalidad coloc\u00f3 luces LED en el sector del puente Andino - El Regional","og_description":"Para lograr mayor eficiencia energ\u00e9tica y seguridad, el Municipio, a trav\u00e9s de la Secretar\u00eda de Infraestructura, Desarrollo Urbano y Ambiente, avanza en el Plan de Recambio de Luminarias LED, en distintos puntos de la ciudad. En ese sentido, las tareas que, durante el s\u00e1bado se desarrollaron sobre el bulevar V\u00e9lez Sarsfield, donde se colocaron cuarenta [&hellip;]","og_url":"https:\/\/elregionalvm.com.ar\/noticias-villa-maria\/mejoras-en-iluminacion-la-municipalidad-coloco-luces-led-en-el-sector-del-puente-andino\/","og_site_name":"El Regional","article_publisher":"https:\/\/www.facebook.com\/elregionalvm","article_published_time":"2024-05-08T17:56:42+00:00","article_modified_time":"2024-05-08T21:27:59+00:00","og_image":[{"width":853,"height":1280,"url":"https:\/\/elregionalvm.com.ar\/noticias-villa-maria\/wp-content\/uploads\/2024\/05\/WhatsApp-Image-2024-05-08-at-08.25.24-1.jpeg","type":"image\/jpeg"}],"author":"Contenidos El Regional","twitter_card":"summary_large_image","twitter_creator":"@elregionalvm1","twitter_site":"@elregionalvm1","twitter_misc":{"Escrito por":"Contenidos El Regional","Tiempo de lectura":"2 minutos"},"schema":{"@context":"https:\/\/schema.org","@graph":[{"@type":"Article","@id":"https:\/\/elregionalvm.com.ar\/noticias-villa-maria\/mejoras-en-iluminacion-la-municipalidad-coloco-luces-led-en-el-sector-del-puente-andino\/#article","isPartOf":{"@id":"https:\/\/elregionalvm.com.ar\/noticias-villa-maria\/mejoras-en-iluminacion-la-municipalidad-coloco-luces-led-en-el-sector-del-puente-andino\/"},"author":{"name":"Contenidos El Regional","@id":"http:\/\/elregionalvm.com.ar\/noticias-villa-maria\/#\/schema\/person\/a0fb9c422317faca23d50163151bc354"},"headline":"Mejoras en iluminaci\u00f3n: La Municipalidad coloc\u00f3 luces LED en el sector del puente Andino","datePublished":"2024-05-08T17:56:42+00:00","dateModified":"2024-05-08T21:27:59+00:00","mainEntityOfPage":{"@id":"https:\/\/elregionalvm.com.ar\/noticias-villa-maria\/mejoras-en-iluminacion-la-municipalidad-coloco-luces-led-en-el-sector-del-puente-andino\/"},"wordCount":271,"commentCount":0,"image":{"@id":"https:\/\/elregionalvm.com.ar\/noticias-villa-maria\/mejoras-en-iluminacion-la-municipalidad-coloco-luces-led-en-el-sector-del-puente-andino\/#primaryimage"},"thumbnailUrl":"https:\/\/i0.wp.com\/elregionalvm.com.ar\/noticias-villa-maria\/wp-content\/uploads\/2024\/05\/WhatsApp-Image-2024-05-08-at-08.25.24-1.jpeg?fit=853%2C1280&ssl=1","articleSection":["destacado","Sociedad","Villa Mar\u00eda"],"inLanguage":"es","potentialAction":[{"@type":"CommentAction","name":"Comment","target":["https:\/\/elregionalvm.com.ar\/noticias-villa-maria\/mejoras-en-iluminacion-la-municipalidad-coloco-luces-led-en-el-sector-del-puente-andino\/#respond"]}]},{"@type":"WebPage","@id":"https:\/\/elregionalvm.com.ar\/noticias-villa-maria\/mejoras-en-iluminacion-la-municipalidad-coloco-luces-led-en-el-sector-del-puente-andino\/","url":"https:\/\/elregionalvm.com.ar\/noticias-villa-maria\/mejoras-en-iluminacion-la-municipalidad-coloco-luces-led-en-el-sector-del-puente-andino\/","name":"Mejoras en iluminaci\u00f3n: La Municipalidad coloc\u00f3 luces LED en el sector del puente Andino - El Regional","isPartOf":{"@id":"http:\/\/elregionalvm.com.ar\/noticias-villa-maria\/#website"},"primaryImageOfPage":{"@id":"https:\/\/elregionalvm.com.ar\/noticias-villa-maria\/mejoras-en-iluminacion-la-municipalidad-coloco-luces-led-en-el-sector-del-puente-andino\/#primaryimage"},"image":{"@id":"https:\/\/elregionalvm.com.ar\/noticias-villa-maria\/mejoras-en-iluminacion-la-municipalidad-coloco-luces-led-en-el-sector-del-puente-andino\/#primaryimage"},"thumbnailUrl":"https:\/\/i0.wp.com\/elregionalvm.com.ar\/noticias-villa-maria\/wp-content\/uploads\/2024\/05\/WhatsApp-Image-2024-05-08-at-08.25.24-1.jpeg?fit=853%2C1280&ssl=1","datePublished":"2024-05-08T17:56:42+00:00","dateModified":"2024-05-08T21:27:59+00:00","author":{"@id":"http:\/\/elregionalvm.com.ar\/noticias-villa-maria\/#\/schema\/person\/a0fb9c422317faca23d50163151bc354"},"breadcrumb":{"@id":"https:\/\/elregionalvm.com.ar\/noticias-villa-maria\/mejoras-en-iluminacion-la-municipalidad-coloco-luces-led-en-el-sector-del-puente-andino\/#breadcrumb"},"inLanguage":"es","potentialAction":[{"@type":"ReadAction","target":["https:\/\/elregionalvm.com.ar\/noticias-villa-maria\/mejoras-en-iluminacion-la-municipalidad-coloco-luces-led-en-el-sector-del-puente-andino\/"]}]},{"@type":"ImageObject","inLanguage":"es","@id":"https:\/\/elregionalvm.com.ar\/noticias-villa-maria\/mejoras-en-iluminacion-la-municipalidad-coloco-luces-led-en-el-sector-del-puente-andino\/#primaryimage","url":"https:\/\/i0.wp.com\/elregionalvm.com.ar\/noticias-villa-maria\/wp-content\/uploads\/2024\/05\/WhatsApp-Image-2024-05-08-at-08.25.24-1.jpeg?fit=853%2C1280&ssl=1","contentUrl":"https:\/\/i0.wp.com\/elregionalvm.com.ar\/noticias-villa-maria\/wp-content\/uploads\/2024\/05\/WhatsApp-Image-2024-05-08-at-08.25.24-1.jpeg?fit=853%2C1280&ssl=1","width":853,"height":1280},{"@type":"BreadcrumbList","@id":"https:\/\/elregionalvm.com.ar\/noticias-villa-maria\/mejoras-en-iluminacion-la-municipalidad-coloco-luces-led-en-el-sector-del-puente-andino\/#breadcrumb","itemListElement":[{"@type":"ListItem","position":1,"name":"Portada","item":"https:\/\/elregionalvm.com.ar\/noticias-villa-maria\/"},{"@type":"ListItem","position":2,"name":"Mejoras en iluminaci\u00f3n: La Municipalidad coloc\u00f3 luces LED en el sector del puente Andino"}]},{"@type":"WebSite","@id":"http:\/\/elregionalvm.com.ar\/noticias-villa-maria\/#website","url":"http:\/\/elregionalvm.com.ar\/noticias-villa-maria\/","name":"El Regional","description":"Mucho m\u00e1s que informaci\u00f3n","potentialAction":[{"@type":"SearchAction","target":{"@type":"EntryPoint","urlTemplate":"http:\/\/elregionalvm.com.ar\/noticias-villa-maria\/?s={search_term_string}"},"query-input":{"@type":"PropertyValueSpecification","valueRequired":true,"valueName":"search_term_string"}}],"inLanguage":"es"},{"@type":"Person","@id":"http:\/\/elregionalvm.com.ar\/noticias-villa-maria\/#\/schema\/person\/a0fb9c422317faca23d50163151bc354","name":"Contenidos El Regional","image":{"@type":"ImageObject","inLanguage":"es","@id":"http:\/\/elregionalvm.com.ar\/noticias-villa-maria\/#\/schema\/person\/image\/","url":"https:\/\/secure.gravatar.com\/avatar\/265b27cb2209af7bb3a1318f03305787d7981a5cc6e6cd08fe5a4ecdf99d4b48?s=96&d=mm&r=g","contentUrl":"https:\/\/secure.gravatar.com\/avatar\/265b27cb2209af7bb3a1318f03305787d7981a5cc6e6cd08fe5a4ecdf99d4b48?s=96&d=mm&r=g","caption":"Contenidos El Regional"},"url":"https:\/\/elregionalvm.com.ar\/noticias-villa-maria\/author\/contenido\/"}]}},"jetpack_featured_media_url":"https:\/\/i0.wp.com\/elregionalvm.com.ar\/noticias-villa-maria\/wp-content\/uploads\/2024\/05\/WhatsApp-Image-2024-05-08-at-08.25.24-1.jpeg?fit=853%2C1280&ssl=1","jetpack_sharing_enabled":true,"_links":{"self":[{"href":"https:\/\/elregionalvm.com.ar\/noticias-villa-maria\/wp-json\/wp\/v2\/posts\/93605","targetHints":{"allow":["GET"]}}],"collection":[{"href":"https:\/\/elregionalvm.com.ar\/noticias-villa-maria\/wp-json\/wp\/v2\/posts"}],"about":[{"href":"https:\/\/elregionalvm.com.ar\/noticias-villa-maria\/wp-json\/wp\/v2\/types\/post"}],"author":[{"embeddable":true,"href":"https:\/\/elregionalvm.com.ar\/noticias-villa-maria\/wp-json\/wp\/v2\/users\/4"}],"replies":[{"embeddable":true,"href":"https:\/\/elregionalvm.com.ar\/noticias-villa-maria\/wp-json\/wp\/v2\/comments?post=93605"}],"version-history":[{"count":1,"href":"https:\/\/elregionalvm.com.ar\/noticias-villa-maria\/wp-json\/wp\/v2\/posts\/93605\/revisions"}],"predecessor-version":[{"id":93609,"href":"https:\/\/elregionalvm.com.ar\/noticias-villa-maria\/wp-json\/wp\/v2\/posts\/93605\/revisions\/93609"}],"wp:featuredmedia":[{"embeddable":true,"href":"https:\/\/elregionalvm.com.ar\/noticias-villa-maria\/wp-json\/wp\/v2\/media\/93606"}],"wp:attachment":[{"href":"https:\/\/elregionalvm.com.ar\/noticias-villa-maria\/wp-json\/wp\/v2\/media?parent=93605"}],"wp:term":[{"taxonomy":"category","embeddable":true,"href":"https:\/\/elregionalvm.com.ar\/noticias-villa-maria\/wp-json\/wp\/v2\/categories?post=93605"},{"taxonomy":"post_tag","embeddable":true,"href":"https:\/\/elregionalvm.com.ar\/noticias-villa-maria\/wp-json\/wp\/v2\/tags?post=93605"}],"curies":[{"name":"wp","href":"https:\/\/api.w.org\/{rel}","templated":true}]}}