{"id":93935,"date":"2024-05-17T01:26:24","date_gmt":"2024-05-17T01:26:24","guid":{"rendered":"https:\/\/elregionalvm.com.ar\/noticias-villa-maria\/?p=93935"},"modified":"2024-05-21T01:30:38","modified_gmt":"2024-05-21T01:30:38","slug":"villa-maria-lejos-del-techo-propio-solo-el-20-de-los-vecinos-es-propietario-de-una-casa-y-unicamente-el-7-tiene-un-terreno","status":"publish","type":"post","link":"https:\/\/elregionalvm.com.ar\/noticias-villa-maria\/villa-maria-lejos-del-techo-propio-solo-el-20-de-los-vecinos-es-propietario-de-una-casa-y-unicamente-el-7-tiene-un-terreno\/","title":{"rendered":"Villa Mar\u00eda, lejos del techo propio: Solo el 20% de los vecinos es propietario de una casa y \u00fanicamente el 7% tiene un terreno"},"content":{"rendered":"\n<p><\/p>\n\n\n\n<h3 class=\"wp-block-heading\"><strong>Son algunos de los datos salientes del \u201cRelevamiento de Necesidades Habitacionales\u201d desarrollado por el Centro Estad\u00edstico. Buscan dise\u00f1ar pol\u00edticas p\u00fablicas y programas orientados a satisfacer necesidades de los villamarienses.<\/strong><\/h3>\n\n\n\n<p><\/p>\n\n\n\n<p>El techo propio, muy lejos. El terrenito, tambi\u00e9n.<\/p>\n\n\n\n<p>Los resultados del relevamiento de necesidades habitacionales impulsado por el municipio villamariense viene a poner cifras y porcentajes a una realidad que se muestra cruda y fr\u00eda, m\u00e1s all\u00e1 de las bajas temperaturas de la \u00e9poca.<\/p>\n\n\n\n<p>El acceso a la vivienda propia es mucho m\u00e1s que un sue\u00f1o, al igual que contar con un terreno para pensar en construir una casa a futuro.<\/p>\n\n\n\n<p>En la medici\u00f3n, se realizaron 4927 registros sobre un total de 14.128 personas en 39 sectores de la ciudad. Del total de encuestados, 4647 pertenecen a nuestra ciudad y 280 a otras localidades.<\/p>\n\n\n\n<p>Solo el 19,47% de los vecinos locales declar\u00f3 ser propietario de la vivienda que habita y el 51,67% se ve obligado a alquilar. El resto, sostuvo que esa casa fue cedida por pr\u00e9stamo o por trabajo, o se encuadra bajo la categor\u00eda \u201cotra situaci\u00f3n\u201d, de la cual no se revel\u00f3 m\u00e1s informaci\u00f3n.<\/p>\n\n\n\n<p><\/p>\n\n\n\n<figure class=\"wp-block-image size-full\"><img data-recalc-dims=\"1\" fetchpriority=\"high\" decoding=\"async\" width=\"999\" height=\"567\" src=\"https:\/\/i0.wp.com\/elregionalvm.com.ar\/noticias-villa-maria\/wp-content\/uploads\/2024\/05\/Vivienda-alquilada-propia-relevamiento-2024.jpg?resize=999%2C567&#038;ssl=1\" alt=\"\" class=\"wp-image-93971\" srcset=\"https:\/\/i0.wp.com\/elregionalvm.com.ar\/noticias-villa-maria\/wp-content\/uploads\/2024\/05\/Vivienda-alquilada-propia-relevamiento-2024.jpg?w=999&amp;ssl=1 999w, https:\/\/i0.wp.com\/elregionalvm.com.ar\/noticias-villa-maria\/wp-content\/uploads\/2024\/05\/Vivienda-alquilada-propia-relevamiento-2024.jpg?resize=300%2C170&amp;ssl=1 300w, https:\/\/i0.wp.com\/elregionalvm.com.ar\/noticias-villa-maria\/wp-content\/uploads\/2024\/05\/Vivienda-alquilada-propia-relevamiento-2024.jpg?resize=768%2C436&amp;ssl=1 768w\" sizes=\"(max-width: 999px) 100vw, 999px\" \/><\/figure>\n\n\n\n<p><\/p>\n\n\n\n<p>Pero, entre quienes son propietarios (905), la mayor\u00eda no dispone de una situaci\u00f3n legal regularizada. Por caso, menos de la mitad dijo tener la escritura (349 casos, el 38,56%). Unos 188 vecinos poseen solo boleto de compraventa, 271 declararon tener \u201cotra documentaci\u00f3n\u201d, mientras que 97 no cuentan con documentaci\u00f3n alguna.<\/p>\n\n\n\n<p><\/p>\n\n\n\n<figure class=\"wp-block-image size-full\"><img data-recalc-dims=\"1\" decoding=\"async\" width=\"994\" height=\"560\" src=\"https:\/\/i0.wp.com\/elregionalvm.com.ar\/noticias-villa-maria\/wp-content\/uploads\/2024\/05\/Vivienda-propia-relevamiento-2024.jpg?resize=994%2C560&#038;ssl=1\" alt=\"\" class=\"wp-image-93972\" srcset=\"https:\/\/i0.wp.com\/elregionalvm.com.ar\/noticias-villa-maria\/wp-content\/uploads\/2024\/05\/Vivienda-propia-relevamiento-2024.jpg?w=994&amp;ssl=1 994w, https:\/\/i0.wp.com\/elregionalvm.com.ar\/noticias-villa-maria\/wp-content\/uploads\/2024\/05\/Vivienda-propia-relevamiento-2024.jpg?resize=300%2C169&amp;ssl=1 300w, https:\/\/i0.wp.com\/elregionalvm.com.ar\/noticias-villa-maria\/wp-content\/uploads\/2024\/05\/Vivienda-propia-relevamiento-2024.jpg?resize=768%2C433&amp;ssl=1 768w\" sizes=\"(max-width: 994px) 100vw, 994px\" \/><\/figure>\n\n\n\n<p><\/p>\n\n\n\n<p>El acceso a la tierra tambi\u00e9n contin\u00faa siendo materia pendiente: solo el 7,66% de los relevados posee un terreno. Son 354 vecinos de un total de 4.647 casos.<\/p>\n\n\n\n<p>El 73%, en tanto, no posee una porci\u00f3n de tierra para hacer realidad el sue\u00f1o del techo propio. Y de esa porci\u00f3n, el 79% asegur\u00f3 que podr\u00eda pagar una cuota en caso de existir la posibilidad de acceder a un lote bajo condiciones de financiaci\u00f3n.<\/p>\n\n\n\n<p><\/p>\n\n\n\n<figure class=\"wp-block-image size-full\"><img data-recalc-dims=\"1\" decoding=\"async\" width=\"974\" height=\"560\" src=\"https:\/\/i0.wp.com\/elregionalvm.com.ar\/noticias-villa-maria\/wp-content\/uploads\/2024\/05\/Terrenos-relevamiento-2024.jpg?resize=974%2C560&#038;ssl=1\" alt=\"\" class=\"wp-image-93970\" srcset=\"https:\/\/i0.wp.com\/elregionalvm.com.ar\/noticias-villa-maria\/wp-content\/uploads\/2024\/05\/Terrenos-relevamiento-2024.jpg?w=974&amp;ssl=1 974w, https:\/\/i0.wp.com\/elregionalvm.com.ar\/noticias-villa-maria\/wp-content\/uploads\/2024\/05\/Terrenos-relevamiento-2024.jpg?resize=300%2C172&amp;ssl=1 300w, https:\/\/i0.wp.com\/elregionalvm.com.ar\/noticias-villa-maria\/wp-content\/uploads\/2024\/05\/Terrenos-relevamiento-2024.jpg?resize=768%2C442&amp;ssl=1 768w\" sizes=\"(max-width: 974px) 100vw, 974px\" \/><\/figure>\n\n\n\n<p><\/p>\n\n\n\n<p>Estos datos van en l\u00ednea con las necesidades habitacionales detectadas por el estudio: el 72% declar\u00f3 que la mayor necesidad es el acceso a la vivienda propia, mientras que el 21% se pronunci\u00f3 por ampliar o refaccionar su casa.<\/p>\n\n\n\n<p>Con menos respuestas quedaron los \u00edtems de \u201cconectar servicios b\u00e1sicos\u201d (2,6%) y \u201cotras necesidades\u201d (4,4%). \u00a0<\/p>\n\n\n\n<p><\/p>\n\n\n\n<figure class=\"wp-block-image size-full\"><img data-recalc-dims=\"1\" loading=\"lazy\" decoding=\"async\" width=\"988\" height=\"557\" src=\"https:\/\/i0.wp.com\/elregionalvm.com.ar\/noticias-villa-maria\/wp-content\/uploads\/2024\/05\/Necesidades-habitacionales-relevamiento-2024.jpg?resize=988%2C557&#038;ssl=1\" alt=\"\" class=\"wp-image-93973\" srcset=\"https:\/\/i0.wp.com\/elregionalvm.com.ar\/noticias-villa-maria\/wp-content\/uploads\/2024\/05\/Necesidades-habitacionales-relevamiento-2024.jpg?w=988&amp;ssl=1 988w, https:\/\/i0.wp.com\/elregionalvm.com.ar\/noticias-villa-maria\/wp-content\/uploads\/2024\/05\/Necesidades-habitacionales-relevamiento-2024.jpg?resize=300%2C169&amp;ssl=1 300w, https:\/\/i0.wp.com\/elregionalvm.com.ar\/noticias-villa-maria\/wp-content\/uploads\/2024\/05\/Necesidades-habitacionales-relevamiento-2024.jpg?resize=768%2C433&amp;ssl=1 768w\" sizes=\"(max-width: 988px) 100vw, 988px\" \/><\/figure>\n\n\n\n<p><\/p>\n\n\n\n<h3 class=\"wp-block-heading\"><strong>Mir\u00e1 el informe:<\/strong><\/h3>\n\n\n\n<p><\/p>\n\n\n\n<div data-wp-interactive=\"core\/file\" class=\"wp-block-file\"><object data-wp-bind--hidden=\"!state.hasPdfPreview\" hidden class=\"wp-block-file__embed\" data=\"https:\/\/elregionalvm.com.ar\/noticias-villa-maria\/wp-content\/uploads\/2024\/05\/Relevamiento-Necesidades-Habitacionales-2024.pdf\" type=\"application\/pdf\" style=\"width:100%;height:600px\" aria-label=\"Incrustado de Relevamiento-Necesidades-Habitacionales-2024.\"><\/object><a id=\"wp-block-file--media-6a92e966-270c-4245-8ce0-73b375031d58\" href=\"https:\/\/elregionalvm.com.ar\/noticias-villa-maria\/wp-content\/uploads\/2024\/05\/Relevamiento-Necesidades-Habitacionales-2024.pdf\">Relevamiento-Necesidades-Habitacionales-2024<\/a><a href=\"https:\/\/elregionalvm.com.ar\/noticias-villa-maria\/wp-content\/uploads\/2024\/05\/Relevamiento-Necesidades-Habitacionales-2024.pdf\" class=\"wp-block-file__button wp-element-button\" download aria-describedby=\"wp-block-file--media-6a92e966-270c-4245-8ce0-73b375031d58\">Descarga<\/a><\/div>\n\n\n\n<p><\/p>\n\n\n\n<h3 class=\"wp-block-heading\"><strong>Tambi\u00e9n pod\u00e9s ver: <\/strong><\/h3>\n\n\n\n<p><\/p>\n\n\n\n<p><\/p>\n\n\n\n<figure class=\"wp-block-embed is-type-wp-embed is-provider-el-regional wp-block-embed-el-regional\"><div class=\"wp-block-embed__wrapper\">\n<blockquote class=\"wp-embedded-content\" data-secret=\"BtOHyd9LQo\"><a href=\"https:\/\/elregionalvm.com.ar\/noticias-villa-maria\/casas-desocupadas-y-abandonadas-fantasmas-del-tiempo\/\">Casas desocupadas y abandonadas, fantasmas del tiempo en la ciudad [Fotos]<\/a><\/blockquote><iframe class=\"wp-embedded-content\" sandbox=\"allow-scripts\" security=\"restricted\" style=\"position: absolute; clip: rect(1px, 1px, 1px, 1px);\" title=\"\u00abCasas desocupadas y abandonadas, fantasmas del tiempo en la ciudad [Fotos]\u00bb \u2014 El Regional\" src=\"https:\/\/elregionalvm.com.ar\/noticias-villa-maria\/casas-desocupadas-y-abandonadas-fantasmas-del-tiempo\/embed\/#?secret=o1KoHkxBFi#?secret=BtOHyd9LQo\" data-secret=\"BtOHyd9LQo\" width=\"500\" height=\"282\" frameborder=\"0\" marginwidth=\"0\" marginheight=\"0\" scrolling=\"no\"><\/iframe>\n<\/div><\/figure>\n","protected":false},"excerpt":{"rendered":"<p>Son algunos de los datos salientes del \u201cRelevamiento de Necesidades Habitacionales\u201d desarrollado por el Centro Estad\u00edstico. Buscan dise\u00f1ar pol\u00edticas p\u00fablicas y programas orientados a satisfacer necesidades de los villamarienses. El techo propio, muy lejos. El terrenito, tambi\u00e9n. Los resultados del relevamiento de necesidades habitacionales impulsado por el municipio villamariense viene a poner cifras y porcentajes [&hellip;]<\/p>\n","protected":false},"author":6,"featured_media":85846,"comment_status":"open","ping_status":"open","sticky":false,"template":"","format":"standard","meta":{"site-sidebar-layout":"default","site-content-layout":"","ast-site-content-layout":"default","site-content-style":"default","site-sidebar-style":"default","ast-global-header-display":"","ast-banner-title-visibility":"","ast-main-header-display":"","ast-hfb-above-header-display":"","ast-hfb-below-header-display":"","ast-hfb-mobile-header-display":"","site-post-title":"","ast-breadcrumbs-content":"","ast-featured-img":"","footer-sml-layout":"","ast-disable-related-posts":"","theme-transparent-header-meta":"","adv-header-id-meta":"","stick-header-meta":"","header-above-stick-meta":"","header-main-stick-meta":"","header-below-stick-meta":"","astra-migrate-meta-layouts":"set","ast-page-background-enabled":"default","ast-page-background-meta":{"desktop":{"background-color":"","background-image":"","background-repeat":"repeat","background-position":"center center","background-size":"auto","background-attachment":"scroll","background-type":"","background-media":"","overlay-type":"","overlay-color":"","overlay-opacity":"","overlay-gradient":""},"tablet":{"background-color":"","background-image":"","background-repeat":"repeat","background-position":"center center","background-size":"auto","background-attachment":"scroll","background-type":"","background-media":"","overlay-type":"","overlay-color":"","overlay-opacity":"","overlay-gradient":""},"mobile":{"background-color":"","background-image":"","background-repeat":"repeat","background-position":"center center","background-size":"auto","background-attachment":"scroll","background-type":"","background-media":"","overlay-type":"","overlay-color":"","overlay-opacity":"","overlay-gradient":""}},"ast-content-background-meta":{"desktop":{"background-color":"var(--ast-global-color-5)","background-image":"","background-repeat":"repeat","background-position":"center center","background-size":"auto","background-attachment":"scroll","background-type":"","background-media":"","overlay-type":"","overlay-color":"","overlay-opacity":"","overlay-gradient":""},"tablet":{"background-color":"var(--ast-global-color-5)","background-image":"","background-repeat":"repeat","background-position":"center center","background-size":"auto","background-attachment":"scroll","background-type":"","background-media":"","overlay-type":"","overlay-color":"","overlay-opacity":"","overlay-gradient":""},"mobile":{"background-color":"var(--ast-global-color-5)","background-image":"","background-repeat":"repeat","background-position":"center center","background-size":"auto","background-attachment":"scroll","background-type":"","background-media":"","overlay-type":"","overlay-color":"","overlay-opacity":"","overlay-gradient":""}},"_jetpack_memberships_contains_paid_content":false,"_joinchat":[],"footnotes":""},"categories":[3557,2],"tags":[10039,4752,6513,23980,21183,1419,17782,3023],"class_list":["post-93935","post","type-post","status-publish","format-standard","has-post-thumbnail","hentry","category-tercera","category-villa-maria","tag-acceso-a-la-vivienda","tag-alquiler","tag-escritura","tag-necesidades-habitacionales","tag-propiedad","tag-relevamiento","tag-terreno","tag-vivienda"],"yoast_head":"<!-- This site is optimized with the Yoast SEO plugin v26.8 - https:\/\/yoast.com\/product\/yoast-seo-wordpress\/ -->\n<title>Villa Mar\u00eda, lejos del techo propio: Solo el 20% de los vecinos es propietario de una casa y \u00fanicamente el 7% tiene un terreno - El Regional<\/title>\n<meta name=\"robots\" content=\"index, follow, max-snippet:-1, max-image-preview:large, max-video-preview:-1\" \/>\n<link rel=\"canonical\" href=\"https:\/\/elregionalvm.com.ar\/noticias-villa-maria\/villa-maria-lejos-del-techo-propio-solo-el-20-de-los-vecinos-es-propietario-de-una-casa-y-unicamente-el-7-tiene-un-terreno\/\" \/>\n<meta property=\"og:locale\" content=\"es_ES\" \/>\n<meta property=\"og:type\" content=\"article\" \/>\n<meta property=\"og:title\" content=\"Villa Mar\u00eda, lejos del techo propio: Solo el 20% de los vecinos es propietario de una casa y \u00fanicamente el 7% tiene un terreno - El Regional\" \/>\n<meta property=\"og:description\" content=\"Son algunos de los datos salientes del \u201cRelevamiento de Necesidades Habitacionales\u201d desarrollado por el Centro Estad\u00edstico. Buscan dise\u00f1ar pol\u00edticas p\u00fablicas y programas orientados a satisfacer necesidades de los villamarienses. El techo propio, muy lejos. El terrenito, tambi\u00e9n. Los resultados del relevamiento de necesidades habitacionales impulsado por el municipio villamariense viene a poner cifras y porcentajes [&hellip;]\" \/>\n<meta property=\"og:url\" content=\"https:\/\/elregionalvm.com.ar\/noticias-villa-maria\/villa-maria-lejos-del-techo-propio-solo-el-20-de-los-vecinos-es-propietario-de-una-casa-y-unicamente-el-7-tiene-un-terreno\/\" \/>\n<meta property=\"og:site_name\" content=\"El Regional\" \/>\n<meta property=\"article:publisher\" content=\"https:\/\/www.facebook.com\/elregionalvm\" \/>\n<meta property=\"article:published_time\" content=\"2024-05-17T01:26:24+00:00\" \/>\n<meta property=\"article:modified_time\" content=\"2024-05-21T01:30:38+00:00\" \/>\n<meta property=\"og:image\" content=\"https:\/\/elregionalvm.com.ar\/noticias-villa-maria\/wp-content\/uploads\/2023\/11\/Viviendas-Despenaderos52.jpg\" \/>\n\t<meta property=\"og:image:width\" content=\"993\" \/>\n\t<meta property=\"og:image:height\" content=\"663\" \/>\n\t<meta property=\"og:image:type\" content=\"image\/jpeg\" \/>\n<meta name=\"author\" content=\"Germ\u00e1n Giacchero\" \/>\n<meta name=\"twitter:card\" content=\"summary_large_image\" \/>\n<meta name=\"twitter:creator\" content=\"@elregionalvm1\" \/>\n<meta name=\"twitter:site\" content=\"@elregionalvm1\" \/>\n<meta name=\"twitter:label1\" content=\"Escrito por\" \/>\n\t<meta name=\"twitter:data1\" content=\"Germ\u00e1n Giacchero\" \/>\n\t<meta name=\"twitter:label2\" content=\"Tiempo de lectura\" \/>\n\t<meta name=\"twitter:data2\" content=\"3 minutos\" \/>\n<script type=\"application\/ld+json\" class=\"yoast-schema-graph\">{\"@context\":\"https:\/\/schema.org\",\"@graph\":[{\"@type\":\"Article\",\"@id\":\"https:\/\/elregionalvm.com.ar\/noticias-villa-maria\/villa-maria-lejos-del-techo-propio-solo-el-20-de-los-vecinos-es-propietario-de-una-casa-y-unicamente-el-7-tiene-un-terreno\/#article\",\"isPartOf\":{\"@id\":\"https:\/\/elregionalvm.com.ar\/noticias-villa-maria\/villa-maria-lejos-del-techo-propio-solo-el-20-de-los-vecinos-es-propietario-de-una-casa-y-unicamente-el-7-tiene-un-terreno\/\"},\"author\":{\"name\":\"Germ\u00e1n Giacchero\",\"@id\":\"http:\/\/elregionalvm.com.ar\/noticias-villa-maria\/#\/schema\/person\/d5e4b04966154131701e52c45d3efec9\"},\"headline\":\"Villa Mar\u00eda, lejos del techo propio: Solo el 20% de los vecinos es propietario de una casa y \u00fanicamente el 7% tiene un terreno\",\"datePublished\":\"2024-05-17T01:26:24+00:00\",\"dateModified\":\"2024-05-21T01:30:38+00:00\",\"mainEntityOfPage\":{\"@id\":\"https:\/\/elregionalvm.com.ar\/noticias-villa-maria\/villa-maria-lejos-del-techo-propio-solo-el-20-de-los-vecinos-es-propietario-de-una-casa-y-unicamente-el-7-tiene-un-terreno\/\"},\"wordCount\":407,\"commentCount\":0,\"image\":{\"@id\":\"https:\/\/elregionalvm.com.ar\/noticias-villa-maria\/villa-maria-lejos-del-techo-propio-solo-el-20-de-los-vecinos-es-propietario-de-una-casa-y-unicamente-el-7-tiene-un-terreno\/#primaryimage\"},\"thumbnailUrl\":\"https:\/\/i0.wp.com\/elregionalvm.com.ar\/noticias-villa-maria\/wp-content\/uploads\/2023\/11\/Viviendas-Despenaderos52.jpg?fit=993%2C663&ssl=1\",\"keywords\":[\"acceso a la vivienda\",\"Alquiler\",\"escritura\",\"necesidades habitacionales\",\"Propiedad\",\"relevamiento\",\"terreno\",\"Vivienda\"],\"articleSection\":[\"tercera\",\"Villa Mar\u00eda\"],\"inLanguage\":\"es\",\"potentialAction\":[{\"@type\":\"CommentAction\",\"name\":\"Comment\",\"target\":[\"https:\/\/elregionalvm.com.ar\/noticias-villa-maria\/villa-maria-lejos-del-techo-propio-solo-el-20-de-los-vecinos-es-propietario-de-una-casa-y-unicamente-el-7-tiene-un-terreno\/#respond\"]}]},{\"@type\":\"WebPage\",\"@id\":\"https:\/\/elregionalvm.com.ar\/noticias-villa-maria\/villa-maria-lejos-del-techo-propio-solo-el-20-de-los-vecinos-es-propietario-de-una-casa-y-unicamente-el-7-tiene-un-terreno\/\",\"url\":\"https:\/\/elregionalvm.com.ar\/noticias-villa-maria\/villa-maria-lejos-del-techo-propio-solo-el-20-de-los-vecinos-es-propietario-de-una-casa-y-unicamente-el-7-tiene-un-terreno\/\",\"name\":\"Villa Mar\u00eda, lejos del techo propio: Solo el 20% de los vecinos es propietario de una casa y \u00fanicamente el 7% tiene un terreno - El Regional\",\"isPartOf\":{\"@id\":\"http:\/\/elregionalvm.com.ar\/noticias-villa-maria\/#website\"},\"primaryImageOfPage\":{\"@id\":\"https:\/\/elregionalvm.com.ar\/noticias-villa-maria\/villa-maria-lejos-del-techo-propio-solo-el-20-de-los-vecinos-es-propietario-de-una-casa-y-unicamente-el-7-tiene-un-terreno\/#primaryimage\"},\"image\":{\"@id\":\"https:\/\/elregionalvm.com.ar\/noticias-villa-maria\/villa-maria-lejos-del-techo-propio-solo-el-20-de-los-vecinos-es-propietario-de-una-casa-y-unicamente-el-7-tiene-un-terreno\/#primaryimage\"},\"thumbnailUrl\":\"https:\/\/i0.wp.com\/elregionalvm.com.ar\/noticias-villa-maria\/wp-content\/uploads\/2023\/11\/Viviendas-Despenaderos52.jpg?fit=993%2C663&ssl=1\",\"datePublished\":\"2024-05-17T01:26:24+00:00\",\"dateModified\":\"2024-05-21T01:30:38+00:00\",\"author\":{\"@id\":\"http:\/\/elregionalvm.com.ar\/noticias-villa-maria\/#\/schema\/person\/d5e4b04966154131701e52c45d3efec9\"},\"breadcrumb\":{\"@id\":\"https:\/\/elregionalvm.com.ar\/noticias-villa-maria\/villa-maria-lejos-del-techo-propio-solo-el-20-de-los-vecinos-es-propietario-de-una-casa-y-unicamente-el-7-tiene-un-terreno\/#breadcrumb\"},\"inLanguage\":\"es\",\"potentialAction\":[{\"@type\":\"ReadAction\",\"target\":[\"https:\/\/elregionalvm.com.ar\/noticias-villa-maria\/villa-maria-lejos-del-techo-propio-solo-el-20-de-los-vecinos-es-propietario-de-una-casa-y-unicamente-el-7-tiene-un-terreno\/\"]}]},{\"@type\":\"ImageObject\",\"inLanguage\":\"es\",\"@id\":\"https:\/\/elregionalvm.com.ar\/noticias-villa-maria\/villa-maria-lejos-del-techo-propio-solo-el-20-de-los-vecinos-es-propietario-de-una-casa-y-unicamente-el-7-tiene-un-terreno\/#primaryimage\",\"url\":\"https:\/\/i0.wp.com\/elregionalvm.com.ar\/noticias-villa-maria\/wp-content\/uploads\/2023\/11\/Viviendas-Despenaderos52.jpg?fit=993%2C663&ssl=1\",\"contentUrl\":\"https:\/\/i0.wp.com\/elregionalvm.com.ar\/noticias-villa-maria\/wp-content\/uploads\/2023\/11\/Viviendas-Despenaderos52.jpg?fit=993%2C663&ssl=1\",\"width\":993,\"height\":663},{\"@type\":\"BreadcrumbList\",\"@id\":\"https:\/\/elregionalvm.com.ar\/noticias-villa-maria\/villa-maria-lejos-del-techo-propio-solo-el-20-de-los-vecinos-es-propietario-de-una-casa-y-unicamente-el-7-tiene-un-terreno\/#breadcrumb\",\"itemListElement\":[{\"@type\":\"ListItem\",\"position\":1,\"name\":\"Portada\",\"item\":\"https:\/\/elregionalvm.com.ar\/noticias-villa-maria\/\"},{\"@type\":\"ListItem\",\"position\":2,\"name\":\"Villa Mar\u00eda, lejos del techo propio: Solo el 20% de los vecinos es propietario de una casa y \u00fanicamente el 7% tiene un terreno\"}]},{\"@type\":\"WebSite\",\"@id\":\"http:\/\/elregionalvm.com.ar\/noticias-villa-maria\/#website\",\"url\":\"http:\/\/elregionalvm.com.ar\/noticias-villa-maria\/\",\"name\":\"El Regional\",\"description\":\"Mucho m\u00e1s que informaci\u00f3n\",\"potentialAction\":[{\"@type\":\"SearchAction\",\"target\":{\"@type\":\"EntryPoint\",\"urlTemplate\":\"http:\/\/elregionalvm.com.ar\/noticias-villa-maria\/?s={search_term_string}\"},\"query-input\":{\"@type\":\"PropertyValueSpecification\",\"valueRequired\":true,\"valueName\":\"search_term_string\"}}],\"inLanguage\":\"es\"},{\"@type\":\"Person\",\"@id\":\"http:\/\/elregionalvm.com.ar\/noticias-villa-maria\/#\/schema\/person\/d5e4b04966154131701e52c45d3efec9\",\"name\":\"Germ\u00e1n Giacchero\",\"image\":{\"@type\":\"ImageObject\",\"inLanguage\":\"es\",\"@id\":\"http:\/\/elregionalvm.com.ar\/noticias-villa-maria\/#\/schema\/person\/image\/\",\"url\":\"https:\/\/secure.gravatar.com\/avatar\/fda163ba5ef0307ee5be9846e10f83b6e83d0cfb260d3b2464830318894c6b04?s=96&d=mm&r=g\",\"contentUrl\":\"https:\/\/secure.gravatar.com\/avatar\/fda163ba5ef0307ee5be9846e10f83b6e83d0cfb260d3b2464830318894c6b04?s=96&d=mm&r=g\",\"caption\":\"Germ\u00e1n Giacchero\"},\"url\":\"https:\/\/elregionalvm.com.ar\/noticias-villa-maria\/author\/germangiacchero\/\"}]}<\/script>\n<!-- \/ Yoast SEO plugin. -->","yoast_head_json":{"title":"Villa Mar\u00eda, lejos del techo propio: Solo el 20% de los vecinos es propietario de una casa y \u00fanicamente el 7% tiene un terreno - El Regional","robots":{"index":"index","follow":"follow","max-snippet":"max-snippet:-1","max-image-preview":"max-image-preview:large","max-video-preview":"max-video-preview:-1"},"canonical":"https:\/\/elregionalvm.com.ar\/noticias-villa-maria\/villa-maria-lejos-del-techo-propio-solo-el-20-de-los-vecinos-es-propietario-de-una-casa-y-unicamente-el-7-tiene-un-terreno\/","og_locale":"es_ES","og_type":"article","og_title":"Villa Mar\u00eda, lejos del techo propio: Solo el 20% de los vecinos es propietario de una casa y \u00fanicamente el 7% tiene un terreno - El Regional","og_description":"Son algunos de los datos salientes del \u201cRelevamiento de Necesidades Habitacionales\u201d desarrollado por el Centro Estad\u00edstico. Buscan dise\u00f1ar pol\u00edticas p\u00fablicas y programas orientados a satisfacer necesidades de los villamarienses. El techo propio, muy lejos. El terrenito, tambi\u00e9n. Los resultados del relevamiento de necesidades habitacionales impulsado por el municipio villamariense viene a poner cifras y porcentajes [&hellip;]","og_url":"https:\/\/elregionalvm.com.ar\/noticias-villa-maria\/villa-maria-lejos-del-techo-propio-solo-el-20-de-los-vecinos-es-propietario-de-una-casa-y-unicamente-el-7-tiene-un-terreno\/","og_site_name":"El Regional","article_publisher":"https:\/\/www.facebook.com\/elregionalvm","article_published_time":"2024-05-17T01:26:24+00:00","article_modified_time":"2024-05-21T01:30:38+00:00","og_image":[{"width":993,"height":663,"url":"https:\/\/elregionalvm.com.ar\/noticias-villa-maria\/wp-content\/uploads\/2023\/11\/Viviendas-Despenaderos52.jpg","type":"image\/jpeg"}],"author":"Germ\u00e1n Giacchero","twitter_card":"summary_large_image","twitter_creator":"@elregionalvm1","twitter_site":"@elregionalvm1","twitter_misc":{"Escrito por":"Germ\u00e1n Giacchero","Tiempo de lectura":"3 minutos"},"schema":{"@context":"https:\/\/schema.org","@graph":[{"@type":"Article","@id":"https:\/\/elregionalvm.com.ar\/noticias-villa-maria\/villa-maria-lejos-del-techo-propio-solo-el-20-de-los-vecinos-es-propietario-de-una-casa-y-unicamente-el-7-tiene-un-terreno\/#article","isPartOf":{"@id":"https:\/\/elregionalvm.com.ar\/noticias-villa-maria\/villa-maria-lejos-del-techo-propio-solo-el-20-de-los-vecinos-es-propietario-de-una-casa-y-unicamente-el-7-tiene-un-terreno\/"},"author":{"name":"Germ\u00e1n Giacchero","@id":"http:\/\/elregionalvm.com.ar\/noticias-villa-maria\/#\/schema\/person\/d5e4b04966154131701e52c45d3efec9"},"headline":"Villa Mar\u00eda, lejos del techo propio: Solo el 20% de los vecinos es propietario de una casa y \u00fanicamente el 7% tiene un terreno","datePublished":"2024-05-17T01:26:24+00:00","dateModified":"2024-05-21T01:30:38+00:00","mainEntityOfPage":{"@id":"https:\/\/elregionalvm.com.ar\/noticias-villa-maria\/villa-maria-lejos-del-techo-propio-solo-el-20-de-los-vecinos-es-propietario-de-una-casa-y-unicamente-el-7-tiene-un-terreno\/"},"wordCount":407,"commentCount":0,"image":{"@id":"https:\/\/elregionalvm.com.ar\/noticias-villa-maria\/villa-maria-lejos-del-techo-propio-solo-el-20-de-los-vecinos-es-propietario-de-una-casa-y-unicamente-el-7-tiene-un-terreno\/#primaryimage"},"thumbnailUrl":"https:\/\/i0.wp.com\/elregionalvm.com.ar\/noticias-villa-maria\/wp-content\/uploads\/2023\/11\/Viviendas-Despenaderos52.jpg?fit=993%2C663&ssl=1","keywords":["acceso a la vivienda","Alquiler","escritura","necesidades habitacionales","Propiedad","relevamiento","terreno","Vivienda"],"articleSection":["tercera","Villa Mar\u00eda"],"inLanguage":"es","potentialAction":[{"@type":"CommentAction","name":"Comment","target":["https:\/\/elregionalvm.com.ar\/noticias-villa-maria\/villa-maria-lejos-del-techo-propio-solo-el-20-de-los-vecinos-es-propietario-de-una-casa-y-unicamente-el-7-tiene-un-terreno\/#respond"]}]},{"@type":"WebPage","@id":"https:\/\/elregionalvm.com.ar\/noticias-villa-maria\/villa-maria-lejos-del-techo-propio-solo-el-20-de-los-vecinos-es-propietario-de-una-casa-y-unicamente-el-7-tiene-un-terreno\/","url":"https:\/\/elregionalvm.com.ar\/noticias-villa-maria\/villa-maria-lejos-del-techo-propio-solo-el-20-de-los-vecinos-es-propietario-de-una-casa-y-unicamente-el-7-tiene-un-terreno\/","name":"Villa Mar\u00eda, lejos del techo propio: Solo el 20% de los vecinos es propietario de una casa y \u00fanicamente el 7% tiene un terreno - El Regional","isPartOf":{"@id":"http:\/\/elregionalvm.com.ar\/noticias-villa-maria\/#website"},"primaryImageOfPage":{"@id":"https:\/\/elregionalvm.com.ar\/noticias-villa-maria\/villa-maria-lejos-del-techo-propio-solo-el-20-de-los-vecinos-es-propietario-de-una-casa-y-unicamente-el-7-tiene-un-terreno\/#primaryimage"},"image":{"@id":"https:\/\/elregionalvm.com.ar\/noticias-villa-maria\/villa-maria-lejos-del-techo-propio-solo-el-20-de-los-vecinos-es-propietario-de-una-casa-y-unicamente-el-7-tiene-un-terreno\/#primaryimage"},"thumbnailUrl":"https:\/\/i0.wp.com\/elregionalvm.com.ar\/noticias-villa-maria\/wp-content\/uploads\/2023\/11\/Viviendas-Despenaderos52.jpg?fit=993%2C663&ssl=1","datePublished":"2024-05-17T01:26:24+00:00","dateModified":"2024-05-21T01:30:38+00:00","author":{"@id":"http:\/\/elregionalvm.com.ar\/noticias-villa-maria\/#\/schema\/person\/d5e4b04966154131701e52c45d3efec9"},"breadcrumb":{"@id":"https:\/\/elregionalvm.com.ar\/noticias-villa-maria\/villa-maria-lejos-del-techo-propio-solo-el-20-de-los-vecinos-es-propietario-de-una-casa-y-unicamente-el-7-tiene-un-terreno\/#breadcrumb"},"inLanguage":"es","potentialAction":[{"@type":"ReadAction","target":["https:\/\/elregionalvm.com.ar\/noticias-villa-maria\/villa-maria-lejos-del-techo-propio-solo-el-20-de-los-vecinos-es-propietario-de-una-casa-y-unicamente-el-7-tiene-un-terreno\/"]}]},{"@type":"ImageObject","inLanguage":"es","@id":"https:\/\/elregionalvm.com.ar\/noticias-villa-maria\/villa-maria-lejos-del-techo-propio-solo-el-20-de-los-vecinos-es-propietario-de-una-casa-y-unicamente-el-7-tiene-un-terreno\/#primaryimage","url":"https:\/\/i0.wp.com\/elregionalvm.com.ar\/noticias-villa-maria\/wp-content\/uploads\/2023\/11\/Viviendas-Despenaderos52.jpg?fit=993%2C663&ssl=1","contentUrl":"https:\/\/i0.wp.com\/elregionalvm.com.ar\/noticias-villa-maria\/wp-content\/uploads\/2023\/11\/Viviendas-Despenaderos52.jpg?fit=993%2C663&ssl=1","width":993,"height":663},{"@type":"BreadcrumbList","@id":"https:\/\/elregionalvm.com.ar\/noticias-villa-maria\/villa-maria-lejos-del-techo-propio-solo-el-20-de-los-vecinos-es-propietario-de-una-casa-y-unicamente-el-7-tiene-un-terreno\/#breadcrumb","itemListElement":[{"@type":"ListItem","position":1,"name":"Portada","item":"https:\/\/elregionalvm.com.ar\/noticias-villa-maria\/"},{"@type":"ListItem","position":2,"name":"Villa Mar\u00eda, lejos del techo propio: Solo el 20% de los vecinos es propietario de una casa y \u00fanicamente el 7% tiene un terreno"}]},{"@type":"WebSite","@id":"http:\/\/elregionalvm.com.ar\/noticias-villa-maria\/#website","url":"http:\/\/elregionalvm.com.ar\/noticias-villa-maria\/","name":"El Regional","description":"Mucho m\u00e1s que informaci\u00f3n","potentialAction":[{"@type":"SearchAction","target":{"@type":"EntryPoint","urlTemplate":"http:\/\/elregionalvm.com.ar\/noticias-villa-maria\/?s={search_term_string}"},"query-input":{"@type":"PropertyValueSpecification","valueRequired":true,"valueName":"search_term_string"}}],"inLanguage":"es"},{"@type":"Person","@id":"http:\/\/elregionalvm.com.ar\/noticias-villa-maria\/#\/schema\/person\/d5e4b04966154131701e52c45d3efec9","name":"Germ\u00e1n Giacchero","image":{"@type":"ImageObject","inLanguage":"es","@id":"http:\/\/elregionalvm.com.ar\/noticias-villa-maria\/#\/schema\/person\/image\/","url":"https:\/\/secure.gravatar.com\/avatar\/fda163ba5ef0307ee5be9846e10f83b6e83d0cfb260d3b2464830318894c6b04?s=96&d=mm&r=g","contentUrl":"https:\/\/secure.gravatar.com\/avatar\/fda163ba5ef0307ee5be9846e10f83b6e83d0cfb260d3b2464830318894c6b04?s=96&d=mm&r=g","caption":"Germ\u00e1n Giacchero"},"url":"https:\/\/elregionalvm.com.ar\/noticias-villa-maria\/author\/germangiacchero\/"}]}},"jetpack_featured_media_url":"https:\/\/i0.wp.com\/elregionalvm.com.ar\/noticias-villa-maria\/wp-content\/uploads\/2023\/11\/Viviendas-Despenaderos52.jpg?fit=993%2C663&ssl=1","jetpack_sharing_enabled":true,"_links":{"self":[{"href":"https:\/\/elregionalvm.com.ar\/noticias-villa-maria\/wp-json\/wp\/v2\/posts\/93935","targetHints":{"allow":["GET"]}}],"collection":[{"href":"https:\/\/elregionalvm.com.ar\/noticias-villa-maria\/wp-json\/wp\/v2\/posts"}],"about":[{"href":"https:\/\/elregionalvm.com.ar\/noticias-villa-maria\/wp-json\/wp\/v2\/types\/post"}],"author":[{"embeddable":true,"href":"https:\/\/elregionalvm.com.ar\/noticias-villa-maria\/wp-json\/wp\/v2\/users\/6"}],"replies":[{"embeddable":true,"href":"https:\/\/elregionalvm.com.ar\/noticias-villa-maria\/wp-json\/wp\/v2\/comments?post=93935"}],"version-history":[{"count":3,"href":"https:\/\/elregionalvm.com.ar\/noticias-villa-maria\/wp-json\/wp\/v2\/posts\/93935\/revisions"}],"predecessor-version":[{"id":93974,"href":"https:\/\/elregionalvm.com.ar\/noticias-villa-maria\/wp-json\/wp\/v2\/posts\/93935\/revisions\/93974"}],"wp:featuredmedia":[{"embeddable":true,"href":"https:\/\/elregionalvm.com.ar\/noticias-villa-maria\/wp-json\/wp\/v2\/media\/85846"}],"wp:attachment":[{"href":"https:\/\/elregionalvm.com.ar\/noticias-villa-maria\/wp-json\/wp\/v2\/media?parent=93935"}],"wp:term":[{"taxonomy":"category","embeddable":true,"href":"https:\/\/elregionalvm.com.ar\/noticias-villa-maria\/wp-json\/wp\/v2\/categories?post=93935"},{"taxonomy":"post_tag","embeddable":true,"href":"https:\/\/elregionalvm.com.ar\/noticias-villa-maria\/wp-json\/wp\/v2\/tags?post=93935"}],"curies":[{"name":"wp","href":"https:\/\/api.w.org\/{rel}","templated":true}]}}