{"id":93985,"date":"2024-05-17T12:42:01","date_gmt":"2024-05-17T12:42:01","guid":{"rendered":"https:\/\/elregionalvm.com.ar\/noticias-villa-maria\/?p=93985"},"modified":"2024-05-17T12:42:03","modified_gmt":"2024-05-17T12:42:03","slug":"comercializaba-cocaina-en-noetinger-y-quedo-detenido-en-la-terminal-de-omnibus-de-marcos-juarez","status":"publish","type":"post","link":"https:\/\/elregionalvm.com.ar\/noticias-villa-maria\/comercializaba-cocaina-en-noetinger-y-quedo-detenido-en-la-terminal-de-omnibus-de-marcos-juarez\/","title":{"rendered":"Comercializaba coca\u00edna en Noetinger y qued\u00f3 detenido en la terminal de \u00f3mnibus de Marcos Ju\u00e1rez"},"content":{"rendered":"\n<p>Bajo la direcci\u00f3n del Ministerio P\u00fablico Fiscal, efectivos de la Fuerza Policial Antinarcotr\u00e1fico detuvieron a un hombre mayor de edad en la ciudad de Marcos Ju\u00e1rez por comercializaci\u00f3n de estupefacientes.<\/p>\n\n\n\n<p>El principal investigado, un hombre de 44 a\u00f1os, fue arrestado por investigadores de la FPA al descender de un colectivo en la terminal de Marcos Ju\u00e1rez. Durante el palpado preventivo y el registro de sus pertenencias, se incautaron 410 dosis de coca\u00edna, 664 de marihuana (distribuidas en frascos de vidrio), dinero, armas blancas y otros elementos de inter\u00e9s para la causa.<\/p>\n\n\n\n<p>Es importante aclarar que el detenido resid\u00eda en la localidad de Anisacate y viajaba m\u00e1s de 300 kil\u00f3metros hasta Noetinger, al sudeste del departamento Uni\u00f3n. El individuo se hospedaba en diferentes viviendas de la mencionada localidad los d\u00edas jueves, viernes y s\u00e1bado, donde realizaba la comercializaci\u00f3n de drogas.<\/p>\n\n\n\n<p>Finalmente, el operativo fue supervisado por la Fiscal\u00eda de Lucha Contra el Narcotr\u00e1fico de Bell Ville, la cual orden\u00f3 el traslado del detenido a la sede judicial por presunta infracci\u00f3n a la Ley Nacional de Estupefacientes 23.737.<\/p>\n\n\n\n<p><\/p>\n\n\n\n<p><em>Fuente: mpfcordoba.gob.ar<\/em><\/p>\n","protected":false},"excerpt":{"rendered":"<p>Bajo la direcci\u00f3n del Ministerio P\u00fablico Fiscal, efectivos de la Fuerza Policial Antinarcotr\u00e1fico detuvieron a un hombre mayor de edad en la ciudad de Marcos Ju\u00e1rez por comercializaci\u00f3n de estupefacientes. El principal investigado, un hombre de 44 a\u00f1os, fue arrestado por investigadores de la FPA al descender de un colectivo en la terminal de Marcos [&hellip;]<\/p>\n","protected":false},"author":4,"featured_media":93986,"comment_status":"open","ping_status":"open","sticky":false,"template":"","format":"standard","meta":{"site-sidebar-layout":"default","site-content-layout":"","ast-site-content-layout":"default","site-content-style":"default","site-sidebar-style":"default","ast-global-header-display":"","ast-banner-title-visibility":"","ast-main-header-display":"","ast-hfb-above-header-display":"","ast-hfb-below-header-display":"","ast-hfb-mobile-header-display":"","site-post-title":"","ast-breadcrumbs-content":"","ast-featured-img":"","footer-sml-layout":"","ast-disable-related-posts":"","theme-transparent-header-meta":"","adv-header-id-meta":"","stick-header-meta":"","header-above-stick-meta":"","header-main-stick-meta":"","header-below-stick-meta":"","astra-migrate-meta-layouts":"set","ast-page-background-enabled":"default","ast-page-background-meta":{"desktop":{"background-color":"","background-image":"","background-repeat":"repeat","background-position":"center center","background-size":"auto","background-attachment":"scroll","background-type":"","background-media":"","overlay-type":"","overlay-color":"","overlay-opacity":"","overlay-gradient":""},"tablet":{"background-color":"","background-image":"","background-repeat":"repeat","background-position":"center center","background-size":"auto","background-attachment":"scroll","background-type":"","background-media":"","overlay-type":"","overlay-color":"","overlay-opacity":"","overlay-gradient":""},"mobile":{"background-color":"","background-image":"","background-repeat":"repeat","background-position":"center center","background-size":"auto","background-attachment":"scroll","background-type":"","background-media":"","overlay-type":"","overlay-color":"","overlay-opacity":"","overlay-gradient":""}},"ast-content-background-meta":{"desktop":{"background-color":"var(--ast-global-color-5)","background-image":"","background-repeat":"repeat","background-position":"center center","background-size":"auto","background-attachment":"scroll","background-type":"","background-media":"","overlay-type":"","overlay-color":"","overlay-opacity":"","overlay-gradient":""},"tablet":{"background-color":"var(--ast-global-color-5)","background-image":"","background-repeat":"repeat","background-position":"center center","background-size":"auto","background-attachment":"scroll","background-type":"","background-media":"","overlay-type":"","overlay-color":"","overlay-opacity":"","overlay-gradient":""},"mobile":{"background-color":"var(--ast-global-color-5)","background-image":"","background-repeat":"repeat","background-position":"center center","background-size":"auto","background-attachment":"scroll","background-type":"","background-media":"","overlay-type":"","overlay-color":"","overlay-opacity":"","overlay-gradient":""}},"_jetpack_memberships_contains_paid_content":false,"_joinchat":[],"footnotes":""},"categories":[15302],"tags":[],"class_list":["post-93985","post","type-post","status-publish","format-standard","has-post-thumbnail","hentry","category-destacado"],"yoast_head":"<!-- This site is optimized with the Yoast SEO plugin v26.8 - https:\/\/yoast.com\/product\/yoast-seo-wordpress\/ -->\n<title>Comercializaba coca\u00edna en Noetinger y qued\u00f3 detenido en la terminal de \u00f3mnibus de Marcos Ju\u00e1rez - El Regional<\/title>\n<meta name=\"robots\" content=\"index, follow, max-snippet:-1, max-image-preview:large, max-video-preview:-1\" \/>\n<link rel=\"canonical\" href=\"https:\/\/elregionalvm.com.ar\/noticias-villa-maria\/comercializaba-cocaina-en-noetinger-y-quedo-detenido-en-la-terminal-de-omnibus-de-marcos-juarez\/\" \/>\n<meta property=\"og:locale\" content=\"es_ES\" \/>\n<meta property=\"og:type\" content=\"article\" \/>\n<meta property=\"og:title\" content=\"Comercializaba coca\u00edna en Noetinger y qued\u00f3 detenido en la terminal de \u00f3mnibus de Marcos Ju\u00e1rez - El Regional\" \/>\n<meta property=\"og:description\" content=\"Bajo la direcci\u00f3n del Ministerio P\u00fablico Fiscal, efectivos de la Fuerza Policial Antinarcotr\u00e1fico detuvieron a un hombre mayor de edad en la ciudad de Marcos Ju\u00e1rez por comercializaci\u00f3n de estupefacientes. El principal investigado, un hombre de 44 a\u00f1os, fue arrestado por investigadores de la FPA al descender de un colectivo en la terminal de Marcos [&hellip;]\" \/>\n<meta property=\"og:url\" content=\"https:\/\/elregionalvm.com.ar\/noticias-villa-maria\/comercializaba-cocaina-en-noetinger-y-quedo-detenido-en-la-terminal-de-omnibus-de-marcos-juarez\/\" \/>\n<meta property=\"og:site_name\" content=\"El Regional\" \/>\n<meta property=\"article:publisher\" content=\"https:\/\/www.facebook.com\/elregionalvm\" \/>\n<meta property=\"article:published_time\" content=\"2024-05-17T12:42:01+00:00\" \/>\n<meta property=\"article:modified_time\" content=\"2024-05-17T12:42:03+00:00\" \/>\n<meta property=\"og:image\" content=\"https:\/\/elregionalvm.com.ar\/noticias-villa-maria\/wp-content\/uploads\/2024\/05\/WhatsApp-Image-2024-05-16-at-8.33.31-PM-768x684-1.jpeg\" \/>\n\t<meta property=\"og:image:width\" content=\"768\" \/>\n\t<meta property=\"og:image:height\" content=\"684\" \/>\n\t<meta property=\"og:image:type\" content=\"image\/jpeg\" \/>\n<meta name=\"author\" content=\"Contenidos El Regional\" \/>\n<meta name=\"twitter:card\" content=\"summary_large_image\" \/>\n<meta name=\"twitter:creator\" content=\"@elregionalvm1\" \/>\n<meta name=\"twitter:site\" content=\"@elregionalvm1\" \/>\n<meta name=\"twitter:label1\" content=\"Escrito por\" \/>\n\t<meta name=\"twitter:data1\" content=\"Contenidos El Regional\" \/>\n\t<meta name=\"twitter:label2\" content=\"Tiempo de lectura\" \/>\n\t<meta name=\"twitter:data2\" content=\"2 minutos\" \/>\n<script type=\"application\/ld+json\" class=\"yoast-schema-graph\">{\"@context\":\"https:\/\/schema.org\",\"@graph\":[{\"@type\":\"Article\",\"@id\":\"https:\/\/elregionalvm.com.ar\/noticias-villa-maria\/comercializaba-cocaina-en-noetinger-y-quedo-detenido-en-la-terminal-de-omnibus-de-marcos-juarez\/#article\",\"isPartOf\":{\"@id\":\"https:\/\/elregionalvm.com.ar\/noticias-villa-maria\/comercializaba-cocaina-en-noetinger-y-quedo-detenido-en-la-terminal-de-omnibus-de-marcos-juarez\/\"},\"author\":{\"name\":\"Contenidos El Regional\",\"@id\":\"http:\/\/elregionalvm.com.ar\/noticias-villa-maria\/#\/schema\/person\/a0fb9c422317faca23d50163151bc354\"},\"headline\":\"Comercializaba coca\u00edna en Noetinger y qued\u00f3 detenido en la terminal de \u00f3mnibus de Marcos Ju\u00e1rez\",\"datePublished\":\"2024-05-17T12:42:01+00:00\",\"dateModified\":\"2024-05-17T12:42:03+00:00\",\"mainEntityOfPage\":{\"@id\":\"https:\/\/elregionalvm.com.ar\/noticias-villa-maria\/comercializaba-cocaina-en-noetinger-y-quedo-detenido-en-la-terminal-de-omnibus-de-marcos-juarez\/\"},\"wordCount\":211,\"commentCount\":0,\"image\":{\"@id\":\"https:\/\/elregionalvm.com.ar\/noticias-villa-maria\/comercializaba-cocaina-en-noetinger-y-quedo-detenido-en-la-terminal-de-omnibus-de-marcos-juarez\/#primaryimage\"},\"thumbnailUrl\":\"https:\/\/i0.wp.com\/elregionalvm.com.ar\/noticias-villa-maria\/wp-content\/uploads\/2024\/05\/WhatsApp-Image-2024-05-16-at-8.33.31-PM-768x684-1.jpeg?fit=768%2C684&ssl=1\",\"articleSection\":[\"destacado\"],\"inLanguage\":\"es\",\"potentialAction\":[{\"@type\":\"CommentAction\",\"name\":\"Comment\",\"target\":[\"https:\/\/elregionalvm.com.ar\/noticias-villa-maria\/comercializaba-cocaina-en-noetinger-y-quedo-detenido-en-la-terminal-de-omnibus-de-marcos-juarez\/#respond\"]}]},{\"@type\":\"WebPage\",\"@id\":\"https:\/\/elregionalvm.com.ar\/noticias-villa-maria\/comercializaba-cocaina-en-noetinger-y-quedo-detenido-en-la-terminal-de-omnibus-de-marcos-juarez\/\",\"url\":\"https:\/\/elregionalvm.com.ar\/noticias-villa-maria\/comercializaba-cocaina-en-noetinger-y-quedo-detenido-en-la-terminal-de-omnibus-de-marcos-juarez\/\",\"name\":\"Comercializaba coca\u00edna en Noetinger y qued\u00f3 detenido en la terminal de \u00f3mnibus de Marcos Ju\u00e1rez - El Regional\",\"isPartOf\":{\"@id\":\"http:\/\/elregionalvm.com.ar\/noticias-villa-maria\/#website\"},\"primaryImageOfPage\":{\"@id\":\"https:\/\/elregionalvm.com.ar\/noticias-villa-maria\/comercializaba-cocaina-en-noetinger-y-quedo-detenido-en-la-terminal-de-omnibus-de-marcos-juarez\/#primaryimage\"},\"image\":{\"@id\":\"https:\/\/elregionalvm.com.ar\/noticias-villa-maria\/comercializaba-cocaina-en-noetinger-y-quedo-detenido-en-la-terminal-de-omnibus-de-marcos-juarez\/#primaryimage\"},\"thumbnailUrl\":\"https:\/\/i0.wp.com\/elregionalvm.com.ar\/noticias-villa-maria\/wp-content\/uploads\/2024\/05\/WhatsApp-Image-2024-05-16-at-8.33.31-PM-768x684-1.jpeg?fit=768%2C684&ssl=1\",\"datePublished\":\"2024-05-17T12:42:01+00:00\",\"dateModified\":\"2024-05-17T12:42:03+00:00\",\"author\":{\"@id\":\"http:\/\/elregionalvm.com.ar\/noticias-villa-maria\/#\/schema\/person\/a0fb9c422317faca23d50163151bc354\"},\"breadcrumb\":{\"@id\":\"https:\/\/elregionalvm.com.ar\/noticias-villa-maria\/comercializaba-cocaina-en-noetinger-y-quedo-detenido-en-la-terminal-de-omnibus-de-marcos-juarez\/#breadcrumb\"},\"inLanguage\":\"es\",\"potentialAction\":[{\"@type\":\"ReadAction\",\"target\":[\"https:\/\/elregionalvm.com.ar\/noticias-villa-maria\/comercializaba-cocaina-en-noetinger-y-quedo-detenido-en-la-terminal-de-omnibus-de-marcos-juarez\/\"]}]},{\"@type\":\"ImageObject\",\"inLanguage\":\"es\",\"@id\":\"https:\/\/elregionalvm.com.ar\/noticias-villa-maria\/comercializaba-cocaina-en-noetinger-y-quedo-detenido-en-la-terminal-de-omnibus-de-marcos-juarez\/#primaryimage\",\"url\":\"https:\/\/i0.wp.com\/elregionalvm.com.ar\/noticias-villa-maria\/wp-content\/uploads\/2024\/05\/WhatsApp-Image-2024-05-16-at-8.33.31-PM-768x684-1.jpeg?fit=768%2C684&ssl=1\",\"contentUrl\":\"https:\/\/i0.wp.com\/elregionalvm.com.ar\/noticias-villa-maria\/wp-content\/uploads\/2024\/05\/WhatsApp-Image-2024-05-16-at-8.33.31-PM-768x684-1.jpeg?fit=768%2C684&ssl=1\",\"width\":768,\"height\":684},{\"@type\":\"BreadcrumbList\",\"@id\":\"https:\/\/elregionalvm.com.ar\/noticias-villa-maria\/comercializaba-cocaina-en-noetinger-y-quedo-detenido-en-la-terminal-de-omnibus-de-marcos-juarez\/#breadcrumb\",\"itemListElement\":[{\"@type\":\"ListItem\",\"position\":1,\"name\":\"Portada\",\"item\":\"https:\/\/elregionalvm.com.ar\/noticias-villa-maria\/\"},{\"@type\":\"ListItem\",\"position\":2,\"name\":\"Comercializaba coca\u00edna en Noetinger y qued\u00f3 detenido en la terminal de \u00f3mnibus de Marcos Ju\u00e1rez\"}]},{\"@type\":\"WebSite\",\"@id\":\"http:\/\/elregionalvm.com.ar\/noticias-villa-maria\/#website\",\"url\":\"http:\/\/elregionalvm.com.ar\/noticias-villa-maria\/\",\"name\":\"El Regional\",\"description\":\"Mucho m\u00e1s que informaci\u00f3n\",\"potentialAction\":[{\"@type\":\"SearchAction\",\"target\":{\"@type\":\"EntryPoint\",\"urlTemplate\":\"http:\/\/elregionalvm.com.ar\/noticias-villa-maria\/?s={search_term_string}\"},\"query-input\":{\"@type\":\"PropertyValueSpecification\",\"valueRequired\":true,\"valueName\":\"search_term_string\"}}],\"inLanguage\":\"es\"},{\"@type\":\"Person\",\"@id\":\"http:\/\/elregionalvm.com.ar\/noticias-villa-maria\/#\/schema\/person\/a0fb9c422317faca23d50163151bc354\",\"name\":\"Contenidos El Regional\",\"image\":{\"@type\":\"ImageObject\",\"inLanguage\":\"es\",\"@id\":\"http:\/\/elregionalvm.com.ar\/noticias-villa-maria\/#\/schema\/person\/image\/\",\"url\":\"https:\/\/secure.gravatar.com\/avatar\/265b27cb2209af7bb3a1318f03305787d7981a5cc6e6cd08fe5a4ecdf99d4b48?s=96&d=mm&r=g\",\"contentUrl\":\"https:\/\/secure.gravatar.com\/avatar\/265b27cb2209af7bb3a1318f03305787d7981a5cc6e6cd08fe5a4ecdf99d4b48?s=96&d=mm&r=g\",\"caption\":\"Contenidos El Regional\"},\"url\":\"https:\/\/elregionalvm.com.ar\/noticias-villa-maria\/author\/contenido\/\"}]}<\/script>\n<!-- \/ Yoast SEO plugin. -->","yoast_head_json":{"title":"Comercializaba coca\u00edna en Noetinger y qued\u00f3 detenido en la terminal de \u00f3mnibus de Marcos Ju\u00e1rez - El Regional","robots":{"index":"index","follow":"follow","max-snippet":"max-snippet:-1","max-image-preview":"max-image-preview:large","max-video-preview":"max-video-preview:-1"},"canonical":"https:\/\/elregionalvm.com.ar\/noticias-villa-maria\/comercializaba-cocaina-en-noetinger-y-quedo-detenido-en-la-terminal-de-omnibus-de-marcos-juarez\/","og_locale":"es_ES","og_type":"article","og_title":"Comercializaba coca\u00edna en Noetinger y qued\u00f3 detenido en la terminal de \u00f3mnibus de Marcos Ju\u00e1rez - El Regional","og_description":"Bajo la direcci\u00f3n del Ministerio P\u00fablico Fiscal, efectivos de la Fuerza Policial Antinarcotr\u00e1fico detuvieron a un hombre mayor de edad en la ciudad de Marcos Ju\u00e1rez por comercializaci\u00f3n de estupefacientes. El principal investigado, un hombre de 44 a\u00f1os, fue arrestado por investigadores de la FPA al descender de un colectivo en la terminal de Marcos [&hellip;]","og_url":"https:\/\/elregionalvm.com.ar\/noticias-villa-maria\/comercializaba-cocaina-en-noetinger-y-quedo-detenido-en-la-terminal-de-omnibus-de-marcos-juarez\/","og_site_name":"El Regional","article_publisher":"https:\/\/www.facebook.com\/elregionalvm","article_published_time":"2024-05-17T12:42:01+00:00","article_modified_time":"2024-05-17T12:42:03+00:00","og_image":[{"width":768,"height":684,"url":"https:\/\/elregionalvm.com.ar\/noticias-villa-maria\/wp-content\/uploads\/2024\/05\/WhatsApp-Image-2024-05-16-at-8.33.31-PM-768x684-1.jpeg","type":"image\/jpeg"}],"author":"Contenidos El Regional","twitter_card":"summary_large_image","twitter_creator":"@elregionalvm1","twitter_site":"@elregionalvm1","twitter_misc":{"Escrito por":"Contenidos El Regional","Tiempo de lectura":"2 minutos"},"schema":{"@context":"https:\/\/schema.org","@graph":[{"@type":"Article","@id":"https:\/\/elregionalvm.com.ar\/noticias-villa-maria\/comercializaba-cocaina-en-noetinger-y-quedo-detenido-en-la-terminal-de-omnibus-de-marcos-juarez\/#article","isPartOf":{"@id":"https:\/\/elregionalvm.com.ar\/noticias-villa-maria\/comercializaba-cocaina-en-noetinger-y-quedo-detenido-en-la-terminal-de-omnibus-de-marcos-juarez\/"},"author":{"name":"Contenidos El Regional","@id":"http:\/\/elregionalvm.com.ar\/noticias-villa-maria\/#\/schema\/person\/a0fb9c422317faca23d50163151bc354"},"headline":"Comercializaba coca\u00edna en Noetinger y qued\u00f3 detenido en la terminal de \u00f3mnibus de Marcos Ju\u00e1rez","datePublished":"2024-05-17T12:42:01+00:00","dateModified":"2024-05-17T12:42:03+00:00","mainEntityOfPage":{"@id":"https:\/\/elregionalvm.com.ar\/noticias-villa-maria\/comercializaba-cocaina-en-noetinger-y-quedo-detenido-en-la-terminal-de-omnibus-de-marcos-juarez\/"},"wordCount":211,"commentCount":0,"image":{"@id":"https:\/\/elregionalvm.com.ar\/noticias-villa-maria\/comercializaba-cocaina-en-noetinger-y-quedo-detenido-en-la-terminal-de-omnibus-de-marcos-juarez\/#primaryimage"},"thumbnailUrl":"https:\/\/i0.wp.com\/elregionalvm.com.ar\/noticias-villa-maria\/wp-content\/uploads\/2024\/05\/WhatsApp-Image-2024-05-16-at-8.33.31-PM-768x684-1.jpeg?fit=768%2C684&ssl=1","articleSection":["destacado"],"inLanguage":"es","potentialAction":[{"@type":"CommentAction","name":"Comment","target":["https:\/\/elregionalvm.com.ar\/noticias-villa-maria\/comercializaba-cocaina-en-noetinger-y-quedo-detenido-en-la-terminal-de-omnibus-de-marcos-juarez\/#respond"]}]},{"@type":"WebPage","@id":"https:\/\/elregionalvm.com.ar\/noticias-villa-maria\/comercializaba-cocaina-en-noetinger-y-quedo-detenido-en-la-terminal-de-omnibus-de-marcos-juarez\/","url":"https:\/\/elregionalvm.com.ar\/noticias-villa-maria\/comercializaba-cocaina-en-noetinger-y-quedo-detenido-en-la-terminal-de-omnibus-de-marcos-juarez\/","name":"Comercializaba coca\u00edna en Noetinger y qued\u00f3 detenido en la terminal de \u00f3mnibus de Marcos Ju\u00e1rez - El Regional","isPartOf":{"@id":"http:\/\/elregionalvm.com.ar\/noticias-villa-maria\/#website"},"primaryImageOfPage":{"@id":"https:\/\/elregionalvm.com.ar\/noticias-villa-maria\/comercializaba-cocaina-en-noetinger-y-quedo-detenido-en-la-terminal-de-omnibus-de-marcos-juarez\/#primaryimage"},"image":{"@id":"https:\/\/elregionalvm.com.ar\/noticias-villa-maria\/comercializaba-cocaina-en-noetinger-y-quedo-detenido-en-la-terminal-de-omnibus-de-marcos-juarez\/#primaryimage"},"thumbnailUrl":"https:\/\/i0.wp.com\/elregionalvm.com.ar\/noticias-villa-maria\/wp-content\/uploads\/2024\/05\/WhatsApp-Image-2024-05-16-at-8.33.31-PM-768x684-1.jpeg?fit=768%2C684&ssl=1","datePublished":"2024-05-17T12:42:01+00:00","dateModified":"2024-05-17T12:42:03+00:00","author":{"@id":"http:\/\/elregionalvm.com.ar\/noticias-villa-maria\/#\/schema\/person\/a0fb9c422317faca23d50163151bc354"},"breadcrumb":{"@id":"https:\/\/elregionalvm.com.ar\/noticias-villa-maria\/comercializaba-cocaina-en-noetinger-y-quedo-detenido-en-la-terminal-de-omnibus-de-marcos-juarez\/#breadcrumb"},"inLanguage":"es","potentialAction":[{"@type":"ReadAction","target":["https:\/\/elregionalvm.com.ar\/noticias-villa-maria\/comercializaba-cocaina-en-noetinger-y-quedo-detenido-en-la-terminal-de-omnibus-de-marcos-juarez\/"]}]},{"@type":"ImageObject","inLanguage":"es","@id":"https:\/\/elregionalvm.com.ar\/noticias-villa-maria\/comercializaba-cocaina-en-noetinger-y-quedo-detenido-en-la-terminal-de-omnibus-de-marcos-juarez\/#primaryimage","url":"https:\/\/i0.wp.com\/elregionalvm.com.ar\/noticias-villa-maria\/wp-content\/uploads\/2024\/05\/WhatsApp-Image-2024-05-16-at-8.33.31-PM-768x684-1.jpeg?fit=768%2C684&ssl=1","contentUrl":"https:\/\/i0.wp.com\/elregionalvm.com.ar\/noticias-villa-maria\/wp-content\/uploads\/2024\/05\/WhatsApp-Image-2024-05-16-at-8.33.31-PM-768x684-1.jpeg?fit=768%2C684&ssl=1","width":768,"height":684},{"@type":"BreadcrumbList","@id":"https:\/\/elregionalvm.com.ar\/noticias-villa-maria\/comercializaba-cocaina-en-noetinger-y-quedo-detenido-en-la-terminal-de-omnibus-de-marcos-juarez\/#breadcrumb","itemListElement":[{"@type":"ListItem","position":1,"name":"Portada","item":"https:\/\/elregionalvm.com.ar\/noticias-villa-maria\/"},{"@type":"ListItem","position":2,"name":"Comercializaba coca\u00edna en Noetinger y qued\u00f3 detenido en la terminal de \u00f3mnibus de Marcos Ju\u00e1rez"}]},{"@type":"WebSite","@id":"http:\/\/elregionalvm.com.ar\/noticias-villa-maria\/#website","url":"http:\/\/elregionalvm.com.ar\/noticias-villa-maria\/","name":"El Regional","description":"Mucho m\u00e1s que informaci\u00f3n","potentialAction":[{"@type":"SearchAction","target":{"@type":"EntryPoint","urlTemplate":"http:\/\/elregionalvm.com.ar\/noticias-villa-maria\/?s={search_term_string}"},"query-input":{"@type":"PropertyValueSpecification","valueRequired":true,"valueName":"search_term_string"}}],"inLanguage":"es"},{"@type":"Person","@id":"http:\/\/elregionalvm.com.ar\/noticias-villa-maria\/#\/schema\/person\/a0fb9c422317faca23d50163151bc354","name":"Contenidos El Regional","image":{"@type":"ImageObject","inLanguage":"es","@id":"http:\/\/elregionalvm.com.ar\/noticias-villa-maria\/#\/schema\/person\/image\/","url":"https:\/\/secure.gravatar.com\/avatar\/265b27cb2209af7bb3a1318f03305787d7981a5cc6e6cd08fe5a4ecdf99d4b48?s=96&d=mm&r=g","contentUrl":"https:\/\/secure.gravatar.com\/avatar\/265b27cb2209af7bb3a1318f03305787d7981a5cc6e6cd08fe5a4ecdf99d4b48?s=96&d=mm&r=g","caption":"Contenidos El Regional"},"url":"https:\/\/elregionalvm.com.ar\/noticias-villa-maria\/author\/contenido\/"}]}},"jetpack_featured_media_url":"https:\/\/i0.wp.com\/elregionalvm.com.ar\/noticias-villa-maria\/wp-content\/uploads\/2024\/05\/WhatsApp-Image-2024-05-16-at-8.33.31-PM-768x684-1.jpeg?fit=768%2C684&ssl=1","jetpack_sharing_enabled":true,"_links":{"self":[{"href":"https:\/\/elregionalvm.com.ar\/noticias-villa-maria\/wp-json\/wp\/v2\/posts\/93985","targetHints":{"allow":["GET"]}}],"collection":[{"href":"https:\/\/elregionalvm.com.ar\/noticias-villa-maria\/wp-json\/wp\/v2\/posts"}],"about":[{"href":"https:\/\/elregionalvm.com.ar\/noticias-villa-maria\/wp-json\/wp\/v2\/types\/post"}],"author":[{"embeddable":true,"href":"https:\/\/elregionalvm.com.ar\/noticias-villa-maria\/wp-json\/wp\/v2\/users\/4"}],"replies":[{"embeddable":true,"href":"https:\/\/elregionalvm.com.ar\/noticias-villa-maria\/wp-json\/wp\/v2\/comments?post=93985"}],"version-history":[{"count":1,"href":"https:\/\/elregionalvm.com.ar\/noticias-villa-maria\/wp-json\/wp\/v2\/posts\/93985\/revisions"}],"predecessor-version":[{"id":93987,"href":"https:\/\/elregionalvm.com.ar\/noticias-villa-maria\/wp-json\/wp\/v2\/posts\/93985\/revisions\/93987"}],"wp:featuredmedia":[{"embeddable":true,"href":"https:\/\/elregionalvm.com.ar\/noticias-villa-maria\/wp-json\/wp\/v2\/media\/93986"}],"wp:attachment":[{"href":"https:\/\/elregionalvm.com.ar\/noticias-villa-maria\/wp-json\/wp\/v2\/media?parent=93985"}],"wp:term":[{"taxonomy":"category","embeddable":true,"href":"https:\/\/elregionalvm.com.ar\/noticias-villa-maria\/wp-json\/wp\/v2\/categories?post=93985"},{"taxonomy":"post_tag","embeddable":true,"href":"https:\/\/elregionalvm.com.ar\/noticias-villa-maria\/wp-json\/wp\/v2\/tags?post=93985"}],"curies":[{"name":"wp","href":"https:\/\/api.w.org\/{rel}","templated":true}]}}