{"id":94017,"date":"2024-05-17T21:03:12","date_gmt":"2024-05-17T21:03:12","guid":{"rendered":"https:\/\/elregionalvm.com.ar\/noticias-villa-maria\/?p=94017"},"modified":"2024-05-20T03:00:42","modified_gmt":"2024-05-20T03:00:42","slug":"la-provincia-lanzo-creditos-para-medios-cooperativos-y-comunitarios","status":"publish","type":"post","link":"https:\/\/elregionalvm.com.ar\/noticias-villa-maria\/la-provincia-lanzo-creditos-para-medios-cooperativos-y-comunitarios\/","title":{"rendered":"La Provincia lanz\u00f3 cr\u00e9ditos para medios cooperativos y comunitarios"},"content":{"rendered":"\n<p>El gobernador Mart\u00edn Llaryora encabez\u00f3 el lanzamiento del Programa de Fortalecimiento de Medios Cooperativos y Comunitarios, cuya primera medida consiste en la creaci\u00f3n de cuatro l\u00edneas de cr\u00e9ditos destinadas exclusivamente a este sector, con cifras de entre 1 y 3 millones de pesos que pueden gestionarse a trav\u00e9s de la plataforma Ciudadano Digital.<\/p>\n\n\n\n<figure class=\"wp-block-image size-large\"><img data-recalc-dims=\"1\" fetchpriority=\"high\" decoding=\"async\" width=\"1024\" height=\"682\" src=\"https:\/\/i0.wp.com\/elregionalvm.com.ar\/noticias-villa-maria\/wp-content\/uploads\/2024\/05\/WhatsApp-Image-2024-05-17-at-17.29.39.jpeg?resize=1024%2C682&#038;ssl=1\" alt=\"\" class=\"wp-image-94019\" srcset=\"https:\/\/i0.wp.com\/elregionalvm.com.ar\/noticias-villa-maria\/wp-content\/uploads\/2024\/05\/WhatsApp-Image-2024-05-17-at-17.29.39.jpeg?resize=1024%2C682&amp;ssl=1 1024w, https:\/\/i0.wp.com\/elregionalvm.com.ar\/noticias-villa-maria\/wp-content\/uploads\/2024\/05\/WhatsApp-Image-2024-05-17-at-17.29.39.jpeg?resize=300%2C200&amp;ssl=1 300w, https:\/\/i0.wp.com\/elregionalvm.com.ar\/noticias-villa-maria\/wp-content\/uploads\/2024\/05\/WhatsApp-Image-2024-05-17-at-17.29.39.jpeg?resize=768%2C512&amp;ssl=1 768w, https:\/\/i0.wp.com\/elregionalvm.com.ar\/noticias-villa-maria\/wp-content\/uploads\/2024\/05\/WhatsApp-Image-2024-05-17-at-17.29.39.jpeg?resize=1536%2C1023&amp;ssl=1 1536w, https:\/\/i0.wp.com\/elregionalvm.com.ar\/noticias-villa-maria\/wp-content\/uploads\/2024\/05\/WhatsApp-Image-2024-05-17-at-17.29.39.jpeg?w=1600&amp;ssl=1 1600w\" sizes=\"(max-width: 1000px) 100vw, 1000px\" \/><\/figure>\n\n\n\n<p>Esta iniciativa es impulsada por el Gobierno de la Provincia de C\u00f3rdoba, en una acci\u00f3n conjunta de los ministerios de Cooperativas y Mutuales y de Vinculaci\u00f3n Comunitaria. El anuncio se realiz\u00f3 en la sede gremial del C\u00edrculo Sindical de la Prensa y la Comunicaci\u00f3n de la ciudad de C\u00f3rdoba.<\/p>\n\n\n\n<p><em>\u201cReconocer el movimiento cooperativista y el mutualista es un acto de justicia. Y es, al mismo tiempo, defender el trabajo genuino, sobre todo en nuestros pueblos y ciudades del interior\u201d,&nbsp;<\/em>defini\u00f3 Llaryora.<\/p>\n\n\n\n<p>En el mismo sentido, el gobernador destac\u00f3 el importante rol social que desempe\u00f1an estos medios, sobre todo en comunidades alejadas de los grandes centros urbanos, a trav\u00e9s de la difusi\u00f3n de informaci\u00f3n importante para el desarrollo y el fortalecimiento de los rasgos culturales e identitarios de cada regi\u00f3n.<\/p>\n\n\n\n<p>El mandatario provincial sostuvo asimismo que es vital la defensa de la libertad de expresi\u00f3n, al se\u00f1alar que \u201c<em>uno puede pensar distinto, pero para defender la democracia tenemos que defender los pensamientos diversos y que tengan donde expresarse\u201d.<\/em><\/p>\n\n\n\n<p>A su turno, la secretaria general del gremio de Prensa, Mariana Mandakovic, consider\u00f3 positivamente la existencia del cr\u00e9dito y se\u00f1al\u00f3 que&nbsp;<em>\u201cel hecho que C\u00f3rdoba tenga este programa para los medios autogestivos nos invita a pensar en una sociedad m\u00e1s justa, equitativa e igualitaria\u201d.<\/em><\/p>\n\n\n\n<p>En tanto, la vicepresidenta del Foro Argentino de Radios Comunitarias (FARCO), Laura Carizzoni, asegur\u00f3 que&nbsp;<em>\u201ceste programa viene a reconocer el valor de la comunicaci\u00f3n y nos da la posibilidad de seguir apostando a la sostenibilidad de nuestros medios\u201d<\/em><\/p>\n\n\n\n<p>A su turno, el ministro de Cooperativas y Mutuales, Mart\u00edn Gill, destac\u00f3 que \u201csabemos el valor que tiene la comunicaci\u00f3n en democracia. Esto es un punto de partida, en un hecho hist\u00f3rico donde estamos todos juntos en una mesa de trabajo\u201d.<\/p>\n\n\n\n<p>El ministro de Vinculaci\u00f3n Comunitaria, Daniel Pastore, record\u00f3 que \u201c<em>el gobernador ha defendido desde siempre el movimiento cooperativo. Creemos firmemente en sostener la pluralidad de medios, para que el ecosistema de nuestra provincia garantice democracia y que todas las voces est\u00e9n reflejadas\u201d<\/em>.<\/p>\n\n\n\n<p>A la presentaci\u00f3n asistieron, entre otros, el integrante de la Red de Medios Digitales, Maximiliano Taibi; el legislador provincial Mat\u00edas Chamorro; el secretario de Desarrollo de Cooperativas y Mutuales, Domingo Benso; el de Vinculaci\u00f3n Territorial, Gabriel Frizza y el secretario de Medios y de cultura de la Municipalidad, Mariano Almada<\/p>\n\n\n\n<p><strong>L\u00edneas disponibles<\/strong><\/p>\n\n\n\n<p>Cada organizaci\u00f3n, de manera individual puede aplicar a una l\u00ednea y se permitir\u00e1 una presentaci\u00f3n entre dos o m\u00e1s organizaciones de manera grupal.<\/p>\n\n\n\n<ul class=\"wp-block-list\">\n<li><strong>L\u00ednea Gesti\u00f3n:<\/strong>\u00a0Destinada a brindar herramientas y recursos para la planificaci\u00f3n y evaluaci\u00f3n de procesos, para la administraci\u00f3n legal y contable, para el fortalecimiento de equipos de trabajo. Monto m\u00e1ximo: 1 mill\u00f3n de pesos.<\/li>\n\n\n\n<li><strong>L\u00ednea Formaci\u00f3n:<\/strong>\u00a0Para solventar o fortalecer las capacitaciones tanto internas como externas. Monto m\u00e1ximo: 1 mill\u00f3n de pesos<\/li>\n\n\n\n<li><strong>L\u00ednea Producci\u00f3n de contenidos period\u00edsticos y culturales en diversos formatos:\u00a0<\/strong>Para fomentar las propuestas radiof\u00f3nicas y audiovisuales a trav\u00e9s de la producci\u00f3n de programas diarios que aporten a la difusi\u00f3n y el acompa\u00f1amiento del cooperativismo, de la diversidad, la pluralidad, la construcci\u00f3n de ciudadan\u00eda, la inclusi\u00f3n social, la promoci\u00f3n de los derechos humanos, los contenidos locales y la federalizaci\u00f3n de la producci\u00f3n. Monto m\u00e1ximo: 2 millones de pesos.<\/li>\n\n\n\n<li><strong>L\u00ednea Equipamiento e infraestructura<\/strong>: destinada a posibilitar o apoyar la adquisici\u00f3n de material de equipamiento e infraestructura necesario para el funcionamiento adecuado de la entidad, o bien para el mantenimiento de los mismos. Monto m\u00e1ximo: 3 millones de pesos<\/li>\n<\/ul>\n\n\n\n<p>Para detalles informativos los interesados pueden conocer los requisitos de solicitud del programa ingresando a&nbsp;<a href=\"http:\/\/www.cba.gov.ar\/organismo\/ministerio-de-cooperativas-y-mutuales.\">www.cba.gov.ar\/organismo\/ministerio-de-cooperativas-y-mutuales.<\/a><\/p>\n","protected":false},"excerpt":{"rendered":"<p>El gobernador Mart\u00edn Llaryora encabez\u00f3 el lanzamiento del Programa de Fortalecimiento de Medios Cooperativos y Comunitarios, cuya primera medida consiste en la creaci\u00f3n de cuatro l\u00edneas de cr\u00e9ditos destinadas exclusivamente a este sector, con cifras de entre 1 y 3 millones de pesos que pueden gestionarse a trav\u00e9s de la plataforma Ciudadano Digital. Esta iniciativa [&hellip;]<\/p>\n","protected":false},"author":4,"featured_media":94018,"comment_status":"open","ping_status":"open","sticky":false,"template":"","format":"standard","meta":{"site-sidebar-layout":"default","site-content-layout":"","ast-site-content-layout":"default","site-content-style":"default","site-sidebar-style":"default","ast-global-header-display":"","ast-banner-title-visibility":"","ast-main-header-display":"","ast-hfb-above-header-display":"","ast-hfb-below-header-display":"","ast-hfb-mobile-header-display":"","site-post-title":"","ast-breadcrumbs-content":"","ast-featured-img":"","footer-sml-layout":"","ast-disable-related-posts":"","theme-transparent-header-meta":"","adv-header-id-meta":"","stick-header-meta":"","header-above-stick-meta":"","header-main-stick-meta":"","header-below-stick-meta":"","astra-migrate-meta-layouts":"set","ast-page-background-enabled":"default","ast-page-background-meta":{"desktop":{"background-color":"","background-image":"","background-repeat":"repeat","background-position":"center center","background-size":"auto","background-attachment":"scroll","background-type":"","background-media":"","overlay-type":"","overlay-color":"","overlay-opacity":"","overlay-gradient":""},"tablet":{"background-color":"","background-image":"","background-repeat":"repeat","background-position":"center center","background-size":"auto","background-attachment":"scroll","background-type":"","background-media":"","overlay-type":"","overlay-color":"","overlay-opacity":"","overlay-gradient":""},"mobile":{"background-color":"","background-image":"","background-repeat":"repeat","background-position":"center center","background-size":"auto","background-attachment":"scroll","background-type":"","background-media":"","overlay-type":"","overlay-color":"","overlay-opacity":"","overlay-gradient":""}},"ast-content-background-meta":{"desktop":{"background-color":"var(--ast-global-color-5)","background-image":"","background-repeat":"repeat","background-position":"center center","background-size":"auto","background-attachment":"scroll","background-type":"","background-media":"","overlay-type":"","overlay-color":"","overlay-opacity":"","overlay-gradient":""},"tablet":{"background-color":"var(--ast-global-color-5)","background-image":"","background-repeat":"repeat","background-position":"center center","background-size":"auto","background-attachment":"scroll","background-type":"","background-media":"","overlay-type":"","overlay-color":"","overlay-opacity":"","overlay-gradient":""},"mobile":{"background-color":"var(--ast-global-color-5)","background-image":"","background-repeat":"repeat","background-position":"center center","background-size":"auto","background-attachment":"scroll","background-type":"","background-media":"","overlay-type":"","overlay-color":"","overlay-opacity":"","overlay-gradient":""}},"_jetpack_memberships_contains_paid_content":false,"_joinchat":[],"footnotes":""},"categories":[15302,16095,5],"tags":[],"class_list":["post-94017","post","type-post","status-publish","format-standard","has-post-thumbnail","hentry","category-destacado","category-provinciales","category-sociedad"],"yoast_head":"<!-- This site is optimized with the Yoast SEO plugin v26.8 - https:\/\/yoast.com\/product\/yoast-seo-wordpress\/ -->\n<title>La Provincia lanz\u00f3 cr\u00e9ditos para medios cooperativos y comunitarios - El Regional<\/title>\n<meta name=\"robots\" content=\"index, follow, max-snippet:-1, max-image-preview:large, max-video-preview:-1\" \/>\n<link rel=\"canonical\" href=\"https:\/\/elregionalvm.com.ar\/noticias-villa-maria\/la-provincia-lanzo-creditos-para-medios-cooperativos-y-comunitarios\/\" \/>\n<meta property=\"og:locale\" content=\"es_ES\" \/>\n<meta property=\"og:type\" content=\"article\" \/>\n<meta property=\"og:title\" content=\"La Provincia lanz\u00f3 cr\u00e9ditos para medios cooperativos y comunitarios - El Regional\" \/>\n<meta property=\"og:description\" content=\"El gobernador Mart\u00edn Llaryora encabez\u00f3 el lanzamiento del Programa de Fortalecimiento de Medios Cooperativos y Comunitarios, cuya primera medida consiste en la creaci\u00f3n de cuatro l\u00edneas de cr\u00e9ditos destinadas exclusivamente a este sector, con cifras de entre 1 y 3 millones de pesos que pueden gestionarse a trav\u00e9s de la plataforma Ciudadano Digital. Esta iniciativa [&hellip;]\" \/>\n<meta property=\"og:url\" content=\"https:\/\/elregionalvm.com.ar\/noticias-villa-maria\/la-provincia-lanzo-creditos-para-medios-cooperativos-y-comunitarios\/\" \/>\n<meta property=\"og:site_name\" content=\"El Regional\" \/>\n<meta property=\"article:publisher\" content=\"https:\/\/www.facebook.com\/elregionalvm\" \/>\n<meta property=\"article:published_time\" content=\"2024-05-17T21:03:12+00:00\" \/>\n<meta property=\"article:modified_time\" content=\"2024-05-20T03:00:42+00:00\" \/>\n<meta property=\"og:image\" content=\"https:\/\/elregionalvm.com.ar\/noticias-villa-maria\/wp-content\/uploads\/2024\/05\/WhatsApp-Image-2024-05-17-at-17.29.41-1024x682-1.jpeg\" \/>\n\t<meta property=\"og:image:width\" content=\"1024\" \/>\n\t<meta property=\"og:image:height\" content=\"682\" \/>\n\t<meta property=\"og:image:type\" content=\"image\/jpeg\" \/>\n<meta name=\"author\" content=\"Contenidos El Regional\" \/>\n<meta name=\"twitter:card\" content=\"summary_large_image\" \/>\n<meta name=\"twitter:creator\" content=\"@elregionalvm1\" \/>\n<meta name=\"twitter:site\" content=\"@elregionalvm1\" \/>\n<meta name=\"twitter:label1\" content=\"Escrito por\" \/>\n\t<meta name=\"twitter:data1\" content=\"Contenidos El Regional\" \/>\n\t<meta name=\"twitter:label2\" content=\"Tiempo de lectura\" \/>\n\t<meta name=\"twitter:data2\" content=\"4 minutos\" \/>\n<script type=\"application\/ld+json\" class=\"yoast-schema-graph\">{\"@context\":\"https:\/\/schema.org\",\"@graph\":[{\"@type\":\"Article\",\"@id\":\"https:\/\/elregionalvm.com.ar\/noticias-villa-maria\/la-provincia-lanzo-creditos-para-medios-cooperativos-y-comunitarios\/#article\",\"isPartOf\":{\"@id\":\"https:\/\/elregionalvm.com.ar\/noticias-villa-maria\/la-provincia-lanzo-creditos-para-medios-cooperativos-y-comunitarios\/\"},\"author\":{\"name\":\"Contenidos El Regional\",\"@id\":\"http:\/\/elregionalvm.com.ar\/noticias-villa-maria\/#\/schema\/person\/a0fb9c422317faca23d50163151bc354\"},\"headline\":\"La Provincia lanz\u00f3 cr\u00e9ditos para medios cooperativos y comunitarios\",\"datePublished\":\"2024-05-17T21:03:12+00:00\",\"dateModified\":\"2024-05-20T03:00:42+00:00\",\"mainEntityOfPage\":{\"@id\":\"https:\/\/elregionalvm.com.ar\/noticias-villa-maria\/la-provincia-lanzo-creditos-para-medios-cooperativos-y-comunitarios\/\"},\"wordCount\":714,\"commentCount\":0,\"image\":{\"@id\":\"https:\/\/elregionalvm.com.ar\/noticias-villa-maria\/la-provincia-lanzo-creditos-para-medios-cooperativos-y-comunitarios\/#primaryimage\"},\"thumbnailUrl\":\"https:\/\/i0.wp.com\/elregionalvm.com.ar\/noticias-villa-maria\/wp-content\/uploads\/2024\/05\/WhatsApp-Image-2024-05-17-at-17.29.41-1024x682-1.jpeg?fit=1024%2C682&ssl=1\",\"articleSection\":[\"destacado\",\"Provinciales\",\"Sociedad\"],\"inLanguage\":\"es\",\"potentialAction\":[{\"@type\":\"CommentAction\",\"name\":\"Comment\",\"target\":[\"https:\/\/elregionalvm.com.ar\/noticias-villa-maria\/la-provincia-lanzo-creditos-para-medios-cooperativos-y-comunitarios\/#respond\"]}]},{\"@type\":\"WebPage\",\"@id\":\"https:\/\/elregionalvm.com.ar\/noticias-villa-maria\/la-provincia-lanzo-creditos-para-medios-cooperativos-y-comunitarios\/\",\"url\":\"https:\/\/elregionalvm.com.ar\/noticias-villa-maria\/la-provincia-lanzo-creditos-para-medios-cooperativos-y-comunitarios\/\",\"name\":\"La Provincia lanz\u00f3 cr\u00e9ditos para medios cooperativos y comunitarios - El Regional\",\"isPartOf\":{\"@id\":\"http:\/\/elregionalvm.com.ar\/noticias-villa-maria\/#website\"},\"primaryImageOfPage\":{\"@id\":\"https:\/\/elregionalvm.com.ar\/noticias-villa-maria\/la-provincia-lanzo-creditos-para-medios-cooperativos-y-comunitarios\/#primaryimage\"},\"image\":{\"@id\":\"https:\/\/elregionalvm.com.ar\/noticias-villa-maria\/la-provincia-lanzo-creditos-para-medios-cooperativos-y-comunitarios\/#primaryimage\"},\"thumbnailUrl\":\"https:\/\/i0.wp.com\/elregionalvm.com.ar\/noticias-villa-maria\/wp-content\/uploads\/2024\/05\/WhatsApp-Image-2024-05-17-at-17.29.41-1024x682-1.jpeg?fit=1024%2C682&ssl=1\",\"datePublished\":\"2024-05-17T21:03:12+00:00\",\"dateModified\":\"2024-05-20T03:00:42+00:00\",\"author\":{\"@id\":\"http:\/\/elregionalvm.com.ar\/noticias-villa-maria\/#\/schema\/person\/a0fb9c422317faca23d50163151bc354\"},\"breadcrumb\":{\"@id\":\"https:\/\/elregionalvm.com.ar\/noticias-villa-maria\/la-provincia-lanzo-creditos-para-medios-cooperativos-y-comunitarios\/#breadcrumb\"},\"inLanguage\":\"es\",\"potentialAction\":[{\"@type\":\"ReadAction\",\"target\":[\"https:\/\/elregionalvm.com.ar\/noticias-villa-maria\/la-provincia-lanzo-creditos-para-medios-cooperativos-y-comunitarios\/\"]}]},{\"@type\":\"ImageObject\",\"inLanguage\":\"es\",\"@id\":\"https:\/\/elregionalvm.com.ar\/noticias-villa-maria\/la-provincia-lanzo-creditos-para-medios-cooperativos-y-comunitarios\/#primaryimage\",\"url\":\"https:\/\/i0.wp.com\/elregionalvm.com.ar\/noticias-villa-maria\/wp-content\/uploads\/2024\/05\/WhatsApp-Image-2024-05-17-at-17.29.41-1024x682-1.jpeg?fit=1024%2C682&ssl=1\",\"contentUrl\":\"https:\/\/i0.wp.com\/elregionalvm.com.ar\/noticias-villa-maria\/wp-content\/uploads\/2024\/05\/WhatsApp-Image-2024-05-17-at-17.29.41-1024x682-1.jpeg?fit=1024%2C682&ssl=1\",\"width\":1024,\"height\":682},{\"@type\":\"BreadcrumbList\",\"@id\":\"https:\/\/elregionalvm.com.ar\/noticias-villa-maria\/la-provincia-lanzo-creditos-para-medios-cooperativos-y-comunitarios\/#breadcrumb\",\"itemListElement\":[{\"@type\":\"ListItem\",\"position\":1,\"name\":\"Portada\",\"item\":\"https:\/\/elregionalvm.com.ar\/noticias-villa-maria\/\"},{\"@type\":\"ListItem\",\"position\":2,\"name\":\"La Provincia lanz\u00f3 cr\u00e9ditos para medios cooperativos y comunitarios\"}]},{\"@type\":\"WebSite\",\"@id\":\"http:\/\/elregionalvm.com.ar\/noticias-villa-maria\/#website\",\"url\":\"http:\/\/elregionalvm.com.ar\/noticias-villa-maria\/\",\"name\":\"El Regional\",\"description\":\"Mucho m\u00e1s que informaci\u00f3n\",\"potentialAction\":[{\"@type\":\"SearchAction\",\"target\":{\"@type\":\"EntryPoint\",\"urlTemplate\":\"http:\/\/elregionalvm.com.ar\/noticias-villa-maria\/?s={search_term_string}\"},\"query-input\":{\"@type\":\"PropertyValueSpecification\",\"valueRequired\":true,\"valueName\":\"search_term_string\"}}],\"inLanguage\":\"es\"},{\"@type\":\"Person\",\"@id\":\"http:\/\/elregionalvm.com.ar\/noticias-villa-maria\/#\/schema\/person\/a0fb9c422317faca23d50163151bc354\",\"name\":\"Contenidos El Regional\",\"image\":{\"@type\":\"ImageObject\",\"inLanguage\":\"es\",\"@id\":\"http:\/\/elregionalvm.com.ar\/noticias-villa-maria\/#\/schema\/person\/image\/\",\"url\":\"https:\/\/secure.gravatar.com\/avatar\/265b27cb2209af7bb3a1318f03305787d7981a5cc6e6cd08fe5a4ecdf99d4b48?s=96&d=mm&r=g\",\"contentUrl\":\"https:\/\/secure.gravatar.com\/avatar\/265b27cb2209af7bb3a1318f03305787d7981a5cc6e6cd08fe5a4ecdf99d4b48?s=96&d=mm&r=g\",\"caption\":\"Contenidos El Regional\"},\"url\":\"https:\/\/elregionalvm.com.ar\/noticias-villa-maria\/author\/contenido\/\"}]}<\/script>\n<!-- \/ Yoast SEO plugin. -->","yoast_head_json":{"title":"La Provincia lanz\u00f3 cr\u00e9ditos para medios cooperativos y comunitarios - El Regional","robots":{"index":"index","follow":"follow","max-snippet":"max-snippet:-1","max-image-preview":"max-image-preview:large","max-video-preview":"max-video-preview:-1"},"canonical":"https:\/\/elregionalvm.com.ar\/noticias-villa-maria\/la-provincia-lanzo-creditos-para-medios-cooperativos-y-comunitarios\/","og_locale":"es_ES","og_type":"article","og_title":"La Provincia lanz\u00f3 cr\u00e9ditos para medios cooperativos y comunitarios - El Regional","og_description":"El gobernador Mart\u00edn Llaryora encabez\u00f3 el lanzamiento del Programa de Fortalecimiento de Medios Cooperativos y Comunitarios, cuya primera medida consiste en la creaci\u00f3n de cuatro l\u00edneas de cr\u00e9ditos destinadas exclusivamente a este sector, con cifras de entre 1 y 3 millones de pesos que pueden gestionarse a trav\u00e9s de la plataforma Ciudadano Digital. Esta iniciativa [&hellip;]","og_url":"https:\/\/elregionalvm.com.ar\/noticias-villa-maria\/la-provincia-lanzo-creditos-para-medios-cooperativos-y-comunitarios\/","og_site_name":"El Regional","article_publisher":"https:\/\/www.facebook.com\/elregionalvm","article_published_time":"2024-05-17T21:03:12+00:00","article_modified_time":"2024-05-20T03:00:42+00:00","og_image":[{"width":1024,"height":682,"url":"https:\/\/elregionalvm.com.ar\/noticias-villa-maria\/wp-content\/uploads\/2024\/05\/WhatsApp-Image-2024-05-17-at-17.29.41-1024x682-1.jpeg","type":"image\/jpeg"}],"author":"Contenidos El Regional","twitter_card":"summary_large_image","twitter_creator":"@elregionalvm1","twitter_site":"@elregionalvm1","twitter_misc":{"Escrito por":"Contenidos El Regional","Tiempo de lectura":"4 minutos"},"schema":{"@context":"https:\/\/schema.org","@graph":[{"@type":"Article","@id":"https:\/\/elregionalvm.com.ar\/noticias-villa-maria\/la-provincia-lanzo-creditos-para-medios-cooperativos-y-comunitarios\/#article","isPartOf":{"@id":"https:\/\/elregionalvm.com.ar\/noticias-villa-maria\/la-provincia-lanzo-creditos-para-medios-cooperativos-y-comunitarios\/"},"author":{"name":"Contenidos El Regional","@id":"http:\/\/elregionalvm.com.ar\/noticias-villa-maria\/#\/schema\/person\/a0fb9c422317faca23d50163151bc354"},"headline":"La Provincia lanz\u00f3 cr\u00e9ditos para medios cooperativos y comunitarios","datePublished":"2024-05-17T21:03:12+00:00","dateModified":"2024-05-20T03:00:42+00:00","mainEntityOfPage":{"@id":"https:\/\/elregionalvm.com.ar\/noticias-villa-maria\/la-provincia-lanzo-creditos-para-medios-cooperativos-y-comunitarios\/"},"wordCount":714,"commentCount":0,"image":{"@id":"https:\/\/elregionalvm.com.ar\/noticias-villa-maria\/la-provincia-lanzo-creditos-para-medios-cooperativos-y-comunitarios\/#primaryimage"},"thumbnailUrl":"https:\/\/i0.wp.com\/elregionalvm.com.ar\/noticias-villa-maria\/wp-content\/uploads\/2024\/05\/WhatsApp-Image-2024-05-17-at-17.29.41-1024x682-1.jpeg?fit=1024%2C682&ssl=1","articleSection":["destacado","Provinciales","Sociedad"],"inLanguage":"es","potentialAction":[{"@type":"CommentAction","name":"Comment","target":["https:\/\/elregionalvm.com.ar\/noticias-villa-maria\/la-provincia-lanzo-creditos-para-medios-cooperativos-y-comunitarios\/#respond"]}]},{"@type":"WebPage","@id":"https:\/\/elregionalvm.com.ar\/noticias-villa-maria\/la-provincia-lanzo-creditos-para-medios-cooperativos-y-comunitarios\/","url":"https:\/\/elregionalvm.com.ar\/noticias-villa-maria\/la-provincia-lanzo-creditos-para-medios-cooperativos-y-comunitarios\/","name":"La Provincia lanz\u00f3 cr\u00e9ditos para medios cooperativos y comunitarios - El Regional","isPartOf":{"@id":"http:\/\/elregionalvm.com.ar\/noticias-villa-maria\/#website"},"primaryImageOfPage":{"@id":"https:\/\/elregionalvm.com.ar\/noticias-villa-maria\/la-provincia-lanzo-creditos-para-medios-cooperativos-y-comunitarios\/#primaryimage"},"image":{"@id":"https:\/\/elregionalvm.com.ar\/noticias-villa-maria\/la-provincia-lanzo-creditos-para-medios-cooperativos-y-comunitarios\/#primaryimage"},"thumbnailUrl":"https:\/\/i0.wp.com\/elregionalvm.com.ar\/noticias-villa-maria\/wp-content\/uploads\/2024\/05\/WhatsApp-Image-2024-05-17-at-17.29.41-1024x682-1.jpeg?fit=1024%2C682&ssl=1","datePublished":"2024-05-17T21:03:12+00:00","dateModified":"2024-05-20T03:00:42+00:00","author":{"@id":"http:\/\/elregionalvm.com.ar\/noticias-villa-maria\/#\/schema\/person\/a0fb9c422317faca23d50163151bc354"},"breadcrumb":{"@id":"https:\/\/elregionalvm.com.ar\/noticias-villa-maria\/la-provincia-lanzo-creditos-para-medios-cooperativos-y-comunitarios\/#breadcrumb"},"inLanguage":"es","potentialAction":[{"@type":"ReadAction","target":["https:\/\/elregionalvm.com.ar\/noticias-villa-maria\/la-provincia-lanzo-creditos-para-medios-cooperativos-y-comunitarios\/"]}]},{"@type":"ImageObject","inLanguage":"es","@id":"https:\/\/elregionalvm.com.ar\/noticias-villa-maria\/la-provincia-lanzo-creditos-para-medios-cooperativos-y-comunitarios\/#primaryimage","url":"https:\/\/i0.wp.com\/elregionalvm.com.ar\/noticias-villa-maria\/wp-content\/uploads\/2024\/05\/WhatsApp-Image-2024-05-17-at-17.29.41-1024x682-1.jpeg?fit=1024%2C682&ssl=1","contentUrl":"https:\/\/i0.wp.com\/elregionalvm.com.ar\/noticias-villa-maria\/wp-content\/uploads\/2024\/05\/WhatsApp-Image-2024-05-17-at-17.29.41-1024x682-1.jpeg?fit=1024%2C682&ssl=1","width":1024,"height":682},{"@type":"BreadcrumbList","@id":"https:\/\/elregionalvm.com.ar\/noticias-villa-maria\/la-provincia-lanzo-creditos-para-medios-cooperativos-y-comunitarios\/#breadcrumb","itemListElement":[{"@type":"ListItem","position":1,"name":"Portada","item":"https:\/\/elregionalvm.com.ar\/noticias-villa-maria\/"},{"@type":"ListItem","position":2,"name":"La Provincia lanz\u00f3 cr\u00e9ditos para medios cooperativos y comunitarios"}]},{"@type":"WebSite","@id":"http:\/\/elregionalvm.com.ar\/noticias-villa-maria\/#website","url":"http:\/\/elregionalvm.com.ar\/noticias-villa-maria\/","name":"El Regional","description":"Mucho m\u00e1s que informaci\u00f3n","potentialAction":[{"@type":"SearchAction","target":{"@type":"EntryPoint","urlTemplate":"http:\/\/elregionalvm.com.ar\/noticias-villa-maria\/?s={search_term_string}"},"query-input":{"@type":"PropertyValueSpecification","valueRequired":true,"valueName":"search_term_string"}}],"inLanguage":"es"},{"@type":"Person","@id":"http:\/\/elregionalvm.com.ar\/noticias-villa-maria\/#\/schema\/person\/a0fb9c422317faca23d50163151bc354","name":"Contenidos El Regional","image":{"@type":"ImageObject","inLanguage":"es","@id":"http:\/\/elregionalvm.com.ar\/noticias-villa-maria\/#\/schema\/person\/image\/","url":"https:\/\/secure.gravatar.com\/avatar\/265b27cb2209af7bb3a1318f03305787d7981a5cc6e6cd08fe5a4ecdf99d4b48?s=96&d=mm&r=g","contentUrl":"https:\/\/secure.gravatar.com\/avatar\/265b27cb2209af7bb3a1318f03305787d7981a5cc6e6cd08fe5a4ecdf99d4b48?s=96&d=mm&r=g","caption":"Contenidos El Regional"},"url":"https:\/\/elregionalvm.com.ar\/noticias-villa-maria\/author\/contenido\/"}]}},"jetpack_featured_media_url":"https:\/\/i0.wp.com\/elregionalvm.com.ar\/noticias-villa-maria\/wp-content\/uploads\/2024\/05\/WhatsApp-Image-2024-05-17-at-17.29.41-1024x682-1.jpeg?fit=1024%2C682&ssl=1","jetpack_sharing_enabled":true,"_links":{"self":[{"href":"https:\/\/elregionalvm.com.ar\/noticias-villa-maria\/wp-json\/wp\/v2\/posts\/94017","targetHints":{"allow":["GET"]}}],"collection":[{"href":"https:\/\/elregionalvm.com.ar\/noticias-villa-maria\/wp-json\/wp\/v2\/posts"}],"about":[{"href":"https:\/\/elregionalvm.com.ar\/noticias-villa-maria\/wp-json\/wp\/v2\/types\/post"}],"author":[{"embeddable":true,"href":"https:\/\/elregionalvm.com.ar\/noticias-villa-maria\/wp-json\/wp\/v2\/users\/4"}],"replies":[{"embeddable":true,"href":"https:\/\/elregionalvm.com.ar\/noticias-villa-maria\/wp-json\/wp\/v2\/comments?post=94017"}],"version-history":[{"count":1,"href":"https:\/\/elregionalvm.com.ar\/noticias-villa-maria\/wp-json\/wp\/v2\/posts\/94017\/revisions"}],"predecessor-version":[{"id":94020,"href":"https:\/\/elregionalvm.com.ar\/noticias-villa-maria\/wp-json\/wp\/v2\/posts\/94017\/revisions\/94020"}],"wp:featuredmedia":[{"embeddable":true,"href":"https:\/\/elregionalvm.com.ar\/noticias-villa-maria\/wp-json\/wp\/v2\/media\/94018"}],"wp:attachment":[{"href":"https:\/\/elregionalvm.com.ar\/noticias-villa-maria\/wp-json\/wp\/v2\/media?parent=94017"}],"wp:term":[{"taxonomy":"category","embeddable":true,"href":"https:\/\/elregionalvm.com.ar\/noticias-villa-maria\/wp-json\/wp\/v2\/categories?post=94017"},{"taxonomy":"post_tag","embeddable":true,"href":"https:\/\/elregionalvm.com.ar\/noticias-villa-maria\/wp-json\/wp\/v2\/tags?post=94017"}],"curies":[{"name":"wp","href":"https:\/\/api.w.org\/{rel}","templated":true}]}}