{"id":94102,"date":"2024-05-21T01:09:06","date_gmt":"2024-05-21T01:09:06","guid":{"rendered":"https:\/\/elregionalvm.com.ar\/noticias-villa-maria\/?p=94102"},"modified":"2024-05-23T03:21:12","modified_gmt":"2024-05-23T03:21:12","slug":"historias-juegos-olimpicos-de-berlin-la-amistad-entre-dos-atletas-que-enfurecio-a-hitler","status":"publish","type":"post","link":"https:\/\/elregionalvm.com.ar\/noticias-villa-maria\/historias-juegos-olimpicos-de-berlin-la-amistad-entre-dos-atletas-que-enfurecio-a-hitler\/","title":{"rendered":"[Historias] Juegos Ol\u00edmpicos de Berl\u00edn: La amistad entre dos atletas que enfureci\u00f3 a Hitler"},"content":{"rendered":"\n<h3 class=\"wp-block-heading\"><strong>El objetivo del nazismo durante la celebraci\u00f3n de la m\u00e1xima cita del deporte en el mundo era marcar la diferencia de la raza aria sobre los africanos, o como ellos llamaban \u201cauxiliares negros\u201d. Pero, no pudo ser. <\/strong><\/h3>\n\n\n\n<p><\/p>\n\n\n\n<p><strong>Escribe: JULIO A. BEN\u00cdTEZ- benitezjulioalberto@gmail.com<\/strong><\/p>\n\n\n\n<p><\/p>\n\n\n\n<p>&nbsp;\u201cLas personas cuyos antecedentes proced\u00edan de la jungla eran primitivas. Sus f\u00edsicos eran m\u00e1s fuertes que los de los blancos civilizados y, por lo tanto, deber\u00edan ser excluidos de los futuros Juegos\u201d.&nbsp;<\/p>\n\n\n\n<p>El autor de esta pol\u00e9mica frase, Adolf Hitler, el dictador alem\u00e1n que fue uno de los personajes que m\u00e1s esper\u00f3 la realizaci\u00f3n de los Juegos Ol\u00edmpicos de Berl\u00edn de 1936. El objetivo del nazismo durante la celebraci\u00f3n de la m\u00e1xima cita del deporte en el mundo era marcar la diferencia de la raza aria sobre los africanos, o como ellos llamaban \u201cauxiliares negros\u201d.<\/p>\n\n\n\n<p>Hitler enfureci\u00f3 por el gesto de amistad del competidor alem\u00e1n, el \u201cNi\u00f1o Bonito\u201d, Carl Ludwing Long, compitiendo en salto en alto en representaci\u00f3n de la Alemania Nazi, con el atleta afroamericano James Cleveland Owens, que marc\u00f3 para siempre el esp\u00edritu y los verdaderos valores del deporte.<\/p>\n\n\n\n<p>Fue en ese contexto que la estrella lleg\u00f3 procedente de Estados Unidos \u00bfDe qui\u00e9n hablamos? Del hombre que, con el paso del tiempo, marc\u00f3 a fuego su nombre en la historia ol\u00edmpica como uno de los atletas m\u00e1s recordados de la historia.<\/p>\n\n\n\n<p>James Cleveland Owens ten\u00eda 22 a\u00f1os al momento de competir en sus primeros Juegos Ol\u00edmpicos. Era el menor de 10 hijos, sus padres trabajaban en los campos de Alabama. Nieto de esclavos, se mud\u00f3 con su familia a Ohio y consigui\u00f3 unirse a la universidad del estado y as\u00ed aprovechar sus dotes en el atletismo y se convirti\u00f3 en un especialista en las pruebas de velocidad y de salto en largo.<\/p>\n\n\n\n<p><\/p>\n\n\n\n<figure class=\"wp-block-image size-large\"><img data-recalc-dims=\"1\" fetchpriority=\"high\" decoding=\"async\" width=\"1024\" height=\"576\" src=\"https:\/\/i0.wp.com\/elregionalvm.com.ar\/noticias-villa-maria\/wp-content\/uploads\/2024\/05\/Hitler-berlin-1936.jpeg?resize=1024%2C576&#038;ssl=1\" alt=\"\" class=\"wp-image-94105\" srcset=\"https:\/\/i0.wp.com\/elregionalvm.com.ar\/noticias-villa-maria\/wp-content\/uploads\/2024\/05\/Hitler-berlin-1936.jpeg?resize=1024%2C576&amp;ssl=1 1024w, https:\/\/i0.wp.com\/elregionalvm.com.ar\/noticias-villa-maria\/wp-content\/uploads\/2024\/05\/Hitler-berlin-1936.jpeg?resize=300%2C169&amp;ssl=1 300w, https:\/\/i0.wp.com\/elregionalvm.com.ar\/noticias-villa-maria\/wp-content\/uploads\/2024\/05\/Hitler-berlin-1936.jpeg?resize=768%2C432&amp;ssl=1 768w, https:\/\/i0.wp.com\/elregionalvm.com.ar\/noticias-villa-maria\/wp-content\/uploads\/2024\/05\/Hitler-berlin-1936.jpeg?w=1200&amp;ssl=1 1200w\" sizes=\"(max-width: 1000px) 100vw, 1000px\" \/><\/figure>\n\n\n\n<p><\/p>\n\n\n\n<p><strong>Desobediencia<\/strong><\/p>\n\n\n\n<p>A fines de 1935, el mundo occidental propiciaba un boicot a los Juegos ol\u00edmpicos organizados por el F\u00fchrer, dado que tanto EEUU como pa\u00edses de Europa, que no estaban alineadas con&nbsp; las pol\u00edticas que promov\u00eda el Tercer Reich, &nbsp;buscaron evitar que las delegaciones viajasen a Berl\u00edn, pero tras la negativa general, finalmente los juegos se llevaron a cabo y el caso de Owens fue especial, ya que un movimiento a favor de la lucha afroamericana lo intim\u00f3 para que no participara, pero \u00e9l tom\u00f3 su decisi\u00f3n.<\/p>\n\n\n\n<p>Despu\u00e9s de competir en la clasificaci\u00f3n de los 200 metros, r\u00e9cord con 21,1 segundos, Owens se propuso demostrar tambi\u00e9n su dominio en el salto. As\u00ed fue como alcanz\u00f3 una marca de 7,64 metros para terminar primero en la ronda inicial, el \u201cNi\u00f1o Bonito\u201d de Hitler, Carl Ludwin Long salt\u00f3 7,15 metros, ambos a las finales.<\/p>\n\n\n\n<p>Seg\u00fan cuentan las cr\u00f3nicas de la \u00e9poca, el F\u00fchrer motiv\u00f3 a su pupilo con dos condiciones: ten\u00eda que vencer a Owens para demostrar la superioridad de su raza y no deb\u00eda tener contacto alguno con el atleta de los Estados Unidos. \u00bfQu\u00e9 hizo el saltador alem\u00e1n? Todo lo contrario, al mandato sugerido por el l\u00edder nazi. Despu\u00e9s de los dos primeros intentos fallidos de James, el alem\u00e1n se le acerc\u00f3 para darle un consejo.<\/p>\n\n\n\n<p><strong>Nace una amistad<\/strong><\/p>\n\n\n\n<p>El relato, expuesto en \u201cEl libro completo de los Juegos Ol\u00edmpicos\u201d del escritor David Wallechinaky, marc\u00f3 la cordialidad que tuvieron. \u201cEncantado de conocerte\u201d le dijo Owens present\u00e1ndose, \u00bf\u201cComo est\u00e1s\u201d? -Estoy bien, respondi\u00f3 Long.<\/p>\n\n\n\n<p>Contin\u00fao habl\u00e1ndole al alem\u00e1n y le dijo: \u201cCreo, pienso que algo debes estar devor\u00e1ndote, deber\u00edas clasificar con los ojos cerrados\u201d. Es que, por dos errores, Owens hab\u00eda quedado a s\u00f3lo un salto para ser eliminado, si no pasaba la barrera de 7,15 metros. Frente a ese digamos, consejo, el rey de la velocidad salt\u00f3 varios cent\u00edmetros antes de la tabla demarcatoria, lo que le permiti\u00f3 salir airoso de una situaci\u00f3n l\u00edmite y sigui\u00f3 en la competencia.<\/p>\n\n\n\n<p>All\u00ed fue cuando, m\u00e1s all\u00e1 de la presencia de otros competidores, la lucha por la medalla de oro pareci\u00f3 ser entre Long y \u201csu nuevo amigo\u201d. En las semifinales, Owens salt\u00f3 7,74 metros en su primer intento para ponerse al frente de la clasificaci\u00f3n, pero Carl no se qued\u00f3 atr\u00e1s e igual\u00f3 ese registro y el p\u00fablico bram\u00f3 en el estadio de Berl\u00edn, que Hitler hizo construir como ostentaci\u00f3n de su Alemania.<\/p>\n\n\n\n<p><\/p>\n\n\n\n<figure class=\"wp-block-image size-full\"><img data-recalc-dims=\"1\" decoding=\"async\" width=\"950\" height=\"634\" src=\"https:\/\/i0.wp.com\/elregionalvm.com.ar\/noticias-villa-maria\/wp-content\/uploads\/2024\/05\/Owens-y-atleta-aleman-juegos-olimpicos-Berlin-1936-2.jpeg?resize=950%2C634&#038;ssl=1\" alt=\"\" class=\"wp-image-94104\" srcset=\"https:\/\/i0.wp.com\/elregionalvm.com.ar\/noticias-villa-maria\/wp-content\/uploads\/2024\/05\/Owens-y-atleta-aleman-juegos-olimpicos-Berlin-1936-2.jpeg?w=950&amp;ssl=1 950w, https:\/\/i0.wp.com\/elregionalvm.com.ar\/noticias-villa-maria\/wp-content\/uploads\/2024\/05\/Owens-y-atleta-aleman-juegos-olimpicos-Berlin-1936-2.jpeg?resize=300%2C200&amp;ssl=1 300w, https:\/\/i0.wp.com\/elregionalvm.com.ar\/noticias-villa-maria\/wp-content\/uploads\/2024\/05\/Owens-y-atleta-aleman-juegos-olimpicos-Berlin-1936-2.jpeg?resize=768%2C513&amp;ssl=1 768w\" sizes=\"(max-width: 950px) 100vw, 950px\" \/><\/figure>\n\n\n\n<p><\/p>\n\n\n\n<p>La competici\u00f3n continu\u00f3 con las semifinales por las medallas con los seis mejores saltadores, con un nuevo registro de Owens de 7,87 metros, igualado por el rubio alem\u00e1n, que los espectadores, junto con Adolf y sus secuaces, Goebbels, Goering, Hess en las gradas preferenciales, celebraron por el empate con el afroamericano.<\/p>\n\n\n\n<p>Pero fue Owens el que, con todo el p\u00fablico en contra, logr\u00f3 superarse para ganar la dorada, logrando saltar 7,97 metros y en el \u00faltimo salto, 8,06, coron\u00e1ndose Campe\u00f3n Ol\u00edmpico, con la furia de Hitler, que se retir\u00f3 inmediatamente, antes de que terminaran las competencias de ese d\u00eda.<\/p>\n\n\n\n<p><strong>Una amistad m\u00e1s all\u00e1 del tiempo<\/strong><\/p>\n\n\n\n<p>M\u00e1s all\u00e1 de la victoria, las im\u00e1genes de las lentes de los aparatos de los fot\u00f3grafos de aquella \u00e9poca, marcaron la fraternidad entre un representante de la raza aria, seg\u00fan el Tercer Reich, contra la figura que trascendi\u00f3 las fronteras.<\/p>\n\n\n\n<p>Owens habl\u00f3 de lo vivido en su experiencia en esos juegos, diciendo: \u201cEse asunto Hitler no me molest\u00f3, no particip\u00e9 all\u00ed para darle la mano a \u00e9l, lo que m\u00e1s recuerdo es la amistad que entabl\u00e9 con Long, fue mi rival m\u00e1s fuerte, pero fue \u00e9l quien me aconsej\u00f3 que ajustara mi preparaci\u00f3n en la ronda de clasificaci\u00f3n y as\u00ed me ayud\u00f3 a ganar\u201d, cuyos logros se mantuvieron hasta Los \u00c1ngeles 1984, cuando Carl Lewis lo igual\u00f3.<\/p>\n\n\n\n<p>Las postales muestran como Long y Owens compartieron el podio de atletas, junto a Naoto Tajima, el japon\u00e9s con la medalla de bronce. Pero el F\u00fchrer no estaba presente para ver esa posici\u00f3n de la final de salto en largo y debe haberse vuelto loco cuando los vio abrazados en las fotos de la prensa mundial.<\/p>\n\n\n\n<p>La amistad de estos dos atletas contin\u00fao hasta que el alem\u00e1n se sum\u00f3 al ej\u00e9rcito de su pa\u00eds en la Segunda Guerra Mundial, a pesar de que no ten\u00eda obligaci\u00f3n de concurrir por ser atleta ol\u00edmpico.<\/p>\n\n\n\n<p>\u201cMantuvimos correspondencia regular hasta que Hitler invadi\u00f3 Polonia, despu\u00e9s supe que Long muri\u00f3 en la guerra, pero empec\u00e9 a mantener correspondencia con su hijo y as\u00ed se preserv\u00f3 nuestra amistad, hasta que, en el torneo de atletismo, tambi\u00e9n en Berl\u00edn, pero en el 2009, ambas familias, las de los dos atletas muertos en la guerra tuvieron oportunidad de conocerse, momento en que todos resolvieron vender la medalla que hab\u00eda ganado el \u201cNi\u00f1o Bonito\u201d alem\u00e1n en aquellas olimp\u00edadas de 1936.<\/p>\n\n\n\n<p>El atleta alem\u00e1n muri\u00f3 en un hospital militar brit\u00e1nico, herido durante la batalla de San Pietro de 1943, en la isla de Cerde\u00f1a, cuando hab\u00eda cumplido 30 a\u00f1os, su cuerpo est\u00e1 enterrado en Sicilia.<\/p>\n\n\n\n<p><\/p>\n\n\n\n<p><\/p>\n\n\n\n<h3 class=\"wp-block-heading\"><strong>Tambi\u00e9n pod\u00e9s ver: <\/strong><\/h3>\n\n\n\n<p><\/p>\n\n\n\n<figure class=\"wp-block-embed is-type-wp-embed is-provider-el-regional wp-block-embed-el-regional\"><div class=\"wp-block-embed__wrapper\">\n<blockquote class=\"wp-embedded-content\" data-secret=\"V2RBVbJS7j\"><a href=\"https:\/\/elregionalvm.com.ar\/noticias-villa-maria\/historias-julio-roca-y-una-guerra-con-chile-que-parecia-inevitable\/\">[Historias] Julio Roca y una guerra con Chile que parec\u00eda inevitable<\/a><\/blockquote><iframe class=\"wp-embedded-content\" sandbox=\"allow-scripts\" security=\"restricted\" style=\"position: absolute; clip: rect(1px, 1px, 1px, 1px);\" title=\"\u00ab[Historias] Julio Roca y una guerra con Chile que parec\u00eda inevitable\u00bb \u2014 El Regional\" src=\"https:\/\/elregionalvm.com.ar\/noticias-villa-maria\/historias-julio-roca-y-una-guerra-con-chile-que-parecia-inevitable\/embed\/#?secret=f1886HbCos#?secret=V2RBVbJS7j\" data-secret=\"V2RBVbJS7j\" width=\"500\" height=\"282\" frameborder=\"0\" marginwidth=\"0\" marginheight=\"0\" scrolling=\"no\"><\/iframe>\n<\/div><\/figure>\n\n\n\n<p><\/p>\n\n\n\n<p>Fuente: <em>Infobae<\/em><\/p>\n","protected":false},"excerpt":{"rendered":"<p>El objetivo del nazismo durante la celebraci\u00f3n de la m\u00e1xima cita del deporte en el mundo era marcar la diferencia de la raza aria sobre los africanos, o como ellos llamaban \u201cauxiliares negros\u201d. Pero, no pudo ser. Escribe: JULIO A. BEN\u00cdTEZ- benitezjulioalberto@gmail.com &nbsp;\u201cLas personas cuyos antecedentes proced\u00edan de la jungla eran primitivas. Sus f\u00edsicos eran [&hellip;]<\/p>\n","protected":false},"author":4,"featured_media":94103,"comment_status":"open","ping_status":"open","sticky":false,"template":"","format":"standard","meta":{"site-sidebar-layout":"default","site-content-layout":"","ast-site-content-layout":"default","site-content-style":"default","site-sidebar-style":"default","ast-global-header-display":"","ast-banner-title-visibility":"","ast-main-header-display":"","ast-hfb-above-header-display":"","ast-hfb-below-header-display":"","ast-hfb-mobile-header-display":"","site-post-title":"","ast-breadcrumbs-content":"","ast-featured-img":"","footer-sml-layout":"","ast-disable-related-posts":"","theme-transparent-header-meta":"","adv-header-id-meta":"","stick-header-meta":"","header-above-stick-meta":"","header-main-stick-meta":"","header-below-stick-meta":"","astra-migrate-meta-layouts":"set","ast-page-background-enabled":"default","ast-page-background-meta":{"desktop":{"background-color":"","background-image":"","background-repeat":"repeat","background-position":"center center","background-size":"auto","background-attachment":"scroll","background-type":"","background-media":"","overlay-type":"","overlay-color":"","overlay-opacity":"","overlay-gradient":""},"tablet":{"background-color":"","background-image":"","background-repeat":"repeat","background-position":"center center","background-size":"auto","background-attachment":"scroll","background-type":"","background-media":"","overlay-type":"","overlay-color":"","overlay-opacity":"","overlay-gradient":""},"mobile":{"background-color":"","background-image":"","background-repeat":"repeat","background-position":"center center","background-size":"auto","background-attachment":"scroll","background-type":"","background-media":"","overlay-type":"","overlay-color":"","overlay-opacity":"","overlay-gradient":""}},"ast-content-background-meta":{"desktop":{"background-color":"var(--ast-global-color-5)","background-image":"","background-repeat":"repeat","background-position":"center center","background-size":"auto","background-attachment":"scroll","background-type":"","background-media":"","overlay-type":"","overlay-color":"","overlay-opacity":"","overlay-gradient":""},"tablet":{"background-color":"var(--ast-global-color-5)","background-image":"","background-repeat":"repeat","background-position":"center center","background-size":"auto","background-attachment":"scroll","background-type":"","background-media":"","overlay-type":"","overlay-color":"","overlay-opacity":"","overlay-gradient":""},"mobile":{"background-color":"var(--ast-global-color-5)","background-image":"","background-repeat":"repeat","background-position":"center center","background-size":"auto","background-attachment":"scroll","background-type":"","background-media":"","overlay-type":"","overlay-color":"","overlay-opacity":"","overlay-gradient":""}},"_jetpack_memberships_contains_paid_content":false,"_joinchat":[],"footnotes":""},"categories":[2098,3557],"tags":[70,7013,71,23988,5387,30,3739,23987,341,7178],"class_list":["post-94102","post","type-post","status-publish","format-standard","has-post-thumbnail","hentry","category-historias","category-tercera","tag-alemania","tag-atletas","tag-berlin","tag-carl-ludwing-long","tag-enojo","tag-guerra","tag-hitler","tag-james-owens","tag-juegos-olimpicos","tag-nazismo"],"yoast_head":"<!-- This site is optimized with the Yoast SEO plugin v26.8 - https:\/\/yoast.com\/product\/yoast-seo-wordpress\/ -->\n<title>[Historias] Juegos Ol\u00edmpicos de Berl\u00edn: La amistad entre dos atletas que enfureci\u00f3 a Hitler - El Regional<\/title>\n<meta name=\"robots\" content=\"index, follow, max-snippet:-1, max-image-preview:large, max-video-preview:-1\" \/>\n<link rel=\"canonical\" href=\"https:\/\/elregionalvm.com.ar\/noticias-villa-maria\/historias-juegos-olimpicos-de-berlin-la-amistad-entre-dos-atletas-que-enfurecio-a-hitler\/\" \/>\n<meta property=\"og:locale\" content=\"es_ES\" \/>\n<meta property=\"og:type\" content=\"article\" \/>\n<meta property=\"og:title\" content=\"[Historias] Juegos Ol\u00edmpicos de Berl\u00edn: La amistad entre dos atletas que enfureci\u00f3 a Hitler - El Regional\" \/>\n<meta property=\"og:description\" content=\"El objetivo del nazismo durante la celebraci\u00f3n de la m\u00e1xima cita del deporte en el mundo era marcar la diferencia de la raza aria sobre los africanos, o como ellos llamaban \u201cauxiliares negros\u201d. Pero, no pudo ser. Escribe: JULIO A. BEN\u00cdTEZ- benitezjulioalberto@gmail.com &nbsp;\u201cLas personas cuyos antecedentes proced\u00edan de la jungla eran primitivas. Sus f\u00edsicos eran [&hellip;]\" \/>\n<meta property=\"og:url\" content=\"https:\/\/elregionalvm.com.ar\/noticias-villa-maria\/historias-juegos-olimpicos-de-berlin-la-amistad-entre-dos-atletas-que-enfurecio-a-hitler\/\" \/>\n<meta property=\"og:site_name\" content=\"El Regional\" \/>\n<meta property=\"article:publisher\" content=\"https:\/\/www.facebook.com\/elregionalvm\" \/>\n<meta property=\"article:published_time\" content=\"2024-05-21T01:09:06+00:00\" \/>\n<meta property=\"article:modified_time\" content=\"2024-05-23T03:21:12+00:00\" \/>\n<meta property=\"og:image\" content=\"https:\/\/elregionalvm.com.ar\/noticias-villa-maria\/wp-content\/uploads\/2024\/05\/jesse-owens-y-Long-berlin-1936.webp\" \/>\n\t<meta property=\"og:image:width\" content=\"760\" \/>\n\t<meta property=\"og:image:height\" content=\"520\" \/>\n\t<meta property=\"og:image:type\" content=\"image\/webp\" \/>\n<meta name=\"author\" content=\"Contenidos El Regional\" \/>\n<meta name=\"twitter:card\" content=\"summary_large_image\" \/>\n<meta name=\"twitter:creator\" content=\"@elregionalvm1\" \/>\n<meta name=\"twitter:site\" content=\"@elregionalvm1\" \/>\n<meta name=\"twitter:label1\" content=\"Escrito por\" \/>\n\t<meta name=\"twitter:data1\" content=\"Contenidos El Regional\" \/>\n\t<meta name=\"twitter:label2\" content=\"Tiempo de lectura\" \/>\n\t<meta name=\"twitter:data2\" content=\"6 minutos\" \/>\n<script type=\"application\/ld+json\" class=\"yoast-schema-graph\">{\"@context\":\"https:\/\/schema.org\",\"@graph\":[{\"@type\":\"Article\",\"@id\":\"https:\/\/elregionalvm.com.ar\/noticias-villa-maria\/historias-juegos-olimpicos-de-berlin-la-amistad-entre-dos-atletas-que-enfurecio-a-hitler\/#article\",\"isPartOf\":{\"@id\":\"https:\/\/elregionalvm.com.ar\/noticias-villa-maria\/historias-juegos-olimpicos-de-berlin-la-amistad-entre-dos-atletas-que-enfurecio-a-hitler\/\"},\"author\":{\"name\":\"Contenidos El Regional\",\"@id\":\"http:\/\/elregionalvm.com.ar\/noticias-villa-maria\/#\/schema\/person\/a0fb9c422317faca23d50163151bc354\"},\"headline\":\"[Historias] Juegos Ol\u00edmpicos de Berl\u00edn: La amistad entre dos atletas que enfureci\u00f3 a Hitler\",\"datePublished\":\"2024-05-21T01:09:06+00:00\",\"dateModified\":\"2024-05-23T03:21:12+00:00\",\"mainEntityOfPage\":{\"@id\":\"https:\/\/elregionalvm.com.ar\/noticias-villa-maria\/historias-juegos-olimpicos-de-berlin-la-amistad-entre-dos-atletas-que-enfurecio-a-hitler\/\"},\"wordCount\":1243,\"commentCount\":0,\"image\":{\"@id\":\"https:\/\/elregionalvm.com.ar\/noticias-villa-maria\/historias-juegos-olimpicos-de-berlin-la-amistad-entre-dos-atletas-que-enfurecio-a-hitler\/#primaryimage\"},\"thumbnailUrl\":\"https:\/\/i0.wp.com\/elregionalvm.com.ar\/noticias-villa-maria\/wp-content\/uploads\/2024\/05\/jesse-owens-y-Long-berlin-1936.webp?fit=760%2C520&ssl=1\",\"keywords\":[\"Alemania\",\"atletas\",\"berlin\",\"Carl Ludwing Long\",\"enojo\",\"guerra\",\"Hitler\",\"James Owens\",\"Juegos Ol\u00edmpicos\",\"Nazismo\"],\"articleSection\":[\"Historias\",\"tercera\"],\"inLanguage\":\"es\",\"potentialAction\":[{\"@type\":\"CommentAction\",\"name\":\"Comment\",\"target\":[\"https:\/\/elregionalvm.com.ar\/noticias-villa-maria\/historias-juegos-olimpicos-de-berlin-la-amistad-entre-dos-atletas-que-enfurecio-a-hitler\/#respond\"]}]},{\"@type\":\"WebPage\",\"@id\":\"https:\/\/elregionalvm.com.ar\/noticias-villa-maria\/historias-juegos-olimpicos-de-berlin-la-amistad-entre-dos-atletas-que-enfurecio-a-hitler\/\",\"url\":\"https:\/\/elregionalvm.com.ar\/noticias-villa-maria\/historias-juegos-olimpicos-de-berlin-la-amistad-entre-dos-atletas-que-enfurecio-a-hitler\/\",\"name\":\"[Historias] Juegos Ol\u00edmpicos de Berl\u00edn: La amistad entre dos atletas que enfureci\u00f3 a Hitler - El Regional\",\"isPartOf\":{\"@id\":\"http:\/\/elregionalvm.com.ar\/noticias-villa-maria\/#website\"},\"primaryImageOfPage\":{\"@id\":\"https:\/\/elregionalvm.com.ar\/noticias-villa-maria\/historias-juegos-olimpicos-de-berlin-la-amistad-entre-dos-atletas-que-enfurecio-a-hitler\/#primaryimage\"},\"image\":{\"@id\":\"https:\/\/elregionalvm.com.ar\/noticias-villa-maria\/historias-juegos-olimpicos-de-berlin-la-amistad-entre-dos-atletas-que-enfurecio-a-hitler\/#primaryimage\"},\"thumbnailUrl\":\"https:\/\/i0.wp.com\/elregionalvm.com.ar\/noticias-villa-maria\/wp-content\/uploads\/2024\/05\/jesse-owens-y-Long-berlin-1936.webp?fit=760%2C520&ssl=1\",\"datePublished\":\"2024-05-21T01:09:06+00:00\",\"dateModified\":\"2024-05-23T03:21:12+00:00\",\"author\":{\"@id\":\"http:\/\/elregionalvm.com.ar\/noticias-villa-maria\/#\/schema\/person\/a0fb9c422317faca23d50163151bc354\"},\"breadcrumb\":{\"@id\":\"https:\/\/elregionalvm.com.ar\/noticias-villa-maria\/historias-juegos-olimpicos-de-berlin-la-amistad-entre-dos-atletas-que-enfurecio-a-hitler\/#breadcrumb\"},\"inLanguage\":\"es\",\"potentialAction\":[{\"@type\":\"ReadAction\",\"target\":[\"https:\/\/elregionalvm.com.ar\/noticias-villa-maria\/historias-juegos-olimpicos-de-berlin-la-amistad-entre-dos-atletas-que-enfurecio-a-hitler\/\"]}]},{\"@type\":\"ImageObject\",\"inLanguage\":\"es\",\"@id\":\"https:\/\/elregionalvm.com.ar\/noticias-villa-maria\/historias-juegos-olimpicos-de-berlin-la-amistad-entre-dos-atletas-que-enfurecio-a-hitler\/#primaryimage\",\"url\":\"https:\/\/i0.wp.com\/elregionalvm.com.ar\/noticias-villa-maria\/wp-content\/uploads\/2024\/05\/jesse-owens-y-Long-berlin-1936.webp?fit=760%2C520&ssl=1\",\"contentUrl\":\"https:\/\/i0.wp.com\/elregionalvm.com.ar\/noticias-villa-maria\/wp-content\/uploads\/2024\/05\/jesse-owens-y-Long-berlin-1936.webp?fit=760%2C520&ssl=1\",\"width\":760,\"height\":520},{\"@type\":\"BreadcrumbList\",\"@id\":\"https:\/\/elregionalvm.com.ar\/noticias-villa-maria\/historias-juegos-olimpicos-de-berlin-la-amistad-entre-dos-atletas-que-enfurecio-a-hitler\/#breadcrumb\",\"itemListElement\":[{\"@type\":\"ListItem\",\"position\":1,\"name\":\"Portada\",\"item\":\"https:\/\/elregionalvm.com.ar\/noticias-villa-maria\/\"},{\"@type\":\"ListItem\",\"position\":2,\"name\":\"[Historias] Juegos Ol\u00edmpicos de Berl\u00edn: La amistad entre dos atletas que enfureci\u00f3 a Hitler\"}]},{\"@type\":\"WebSite\",\"@id\":\"http:\/\/elregionalvm.com.ar\/noticias-villa-maria\/#website\",\"url\":\"http:\/\/elregionalvm.com.ar\/noticias-villa-maria\/\",\"name\":\"El Regional\",\"description\":\"Mucho m\u00e1s que informaci\u00f3n\",\"potentialAction\":[{\"@type\":\"SearchAction\",\"target\":{\"@type\":\"EntryPoint\",\"urlTemplate\":\"http:\/\/elregionalvm.com.ar\/noticias-villa-maria\/?s={search_term_string}\"},\"query-input\":{\"@type\":\"PropertyValueSpecification\",\"valueRequired\":true,\"valueName\":\"search_term_string\"}}],\"inLanguage\":\"es\"},{\"@type\":\"Person\",\"@id\":\"http:\/\/elregionalvm.com.ar\/noticias-villa-maria\/#\/schema\/person\/a0fb9c422317faca23d50163151bc354\",\"name\":\"Contenidos El Regional\",\"image\":{\"@type\":\"ImageObject\",\"inLanguage\":\"es\",\"@id\":\"http:\/\/elregionalvm.com.ar\/noticias-villa-maria\/#\/schema\/person\/image\/\",\"url\":\"https:\/\/secure.gravatar.com\/avatar\/265b27cb2209af7bb3a1318f03305787d7981a5cc6e6cd08fe5a4ecdf99d4b48?s=96&d=mm&r=g\",\"contentUrl\":\"https:\/\/secure.gravatar.com\/avatar\/265b27cb2209af7bb3a1318f03305787d7981a5cc6e6cd08fe5a4ecdf99d4b48?s=96&d=mm&r=g\",\"caption\":\"Contenidos El Regional\"},\"url\":\"https:\/\/elregionalvm.com.ar\/noticias-villa-maria\/author\/contenido\/\"}]}<\/script>\n<!-- \/ Yoast SEO plugin. -->","yoast_head_json":{"title":"[Historias] Juegos Ol\u00edmpicos de Berl\u00edn: La amistad entre dos atletas que enfureci\u00f3 a Hitler - El Regional","robots":{"index":"index","follow":"follow","max-snippet":"max-snippet:-1","max-image-preview":"max-image-preview:large","max-video-preview":"max-video-preview:-1"},"canonical":"https:\/\/elregionalvm.com.ar\/noticias-villa-maria\/historias-juegos-olimpicos-de-berlin-la-amistad-entre-dos-atletas-que-enfurecio-a-hitler\/","og_locale":"es_ES","og_type":"article","og_title":"[Historias] Juegos Ol\u00edmpicos de Berl\u00edn: La amistad entre dos atletas que enfureci\u00f3 a Hitler - El Regional","og_description":"El objetivo del nazismo durante la celebraci\u00f3n de la m\u00e1xima cita del deporte en el mundo era marcar la diferencia de la raza aria sobre los africanos, o como ellos llamaban \u201cauxiliares negros\u201d. Pero, no pudo ser. Escribe: JULIO A. BEN\u00cdTEZ- benitezjulioalberto@gmail.com &nbsp;\u201cLas personas cuyos antecedentes proced\u00edan de la jungla eran primitivas. Sus f\u00edsicos eran [&hellip;]","og_url":"https:\/\/elregionalvm.com.ar\/noticias-villa-maria\/historias-juegos-olimpicos-de-berlin-la-amistad-entre-dos-atletas-que-enfurecio-a-hitler\/","og_site_name":"El Regional","article_publisher":"https:\/\/www.facebook.com\/elregionalvm","article_published_time":"2024-05-21T01:09:06+00:00","article_modified_time":"2024-05-23T03:21:12+00:00","og_image":[{"width":760,"height":520,"url":"https:\/\/elregionalvm.com.ar\/noticias-villa-maria\/wp-content\/uploads\/2024\/05\/jesse-owens-y-Long-berlin-1936.webp","type":"image\/webp"}],"author":"Contenidos El Regional","twitter_card":"summary_large_image","twitter_creator":"@elregionalvm1","twitter_site":"@elregionalvm1","twitter_misc":{"Escrito por":"Contenidos El Regional","Tiempo de lectura":"6 minutos"},"schema":{"@context":"https:\/\/schema.org","@graph":[{"@type":"Article","@id":"https:\/\/elregionalvm.com.ar\/noticias-villa-maria\/historias-juegos-olimpicos-de-berlin-la-amistad-entre-dos-atletas-que-enfurecio-a-hitler\/#article","isPartOf":{"@id":"https:\/\/elregionalvm.com.ar\/noticias-villa-maria\/historias-juegos-olimpicos-de-berlin-la-amistad-entre-dos-atletas-que-enfurecio-a-hitler\/"},"author":{"name":"Contenidos El Regional","@id":"http:\/\/elregionalvm.com.ar\/noticias-villa-maria\/#\/schema\/person\/a0fb9c422317faca23d50163151bc354"},"headline":"[Historias] Juegos Ol\u00edmpicos de Berl\u00edn: La amistad entre dos atletas que enfureci\u00f3 a Hitler","datePublished":"2024-05-21T01:09:06+00:00","dateModified":"2024-05-23T03:21:12+00:00","mainEntityOfPage":{"@id":"https:\/\/elregionalvm.com.ar\/noticias-villa-maria\/historias-juegos-olimpicos-de-berlin-la-amistad-entre-dos-atletas-que-enfurecio-a-hitler\/"},"wordCount":1243,"commentCount":0,"image":{"@id":"https:\/\/elregionalvm.com.ar\/noticias-villa-maria\/historias-juegos-olimpicos-de-berlin-la-amistad-entre-dos-atletas-que-enfurecio-a-hitler\/#primaryimage"},"thumbnailUrl":"https:\/\/i0.wp.com\/elregionalvm.com.ar\/noticias-villa-maria\/wp-content\/uploads\/2024\/05\/jesse-owens-y-Long-berlin-1936.webp?fit=760%2C520&ssl=1","keywords":["Alemania","atletas","berlin","Carl Ludwing Long","enojo","guerra","Hitler","James Owens","Juegos Ol\u00edmpicos","Nazismo"],"articleSection":["Historias","tercera"],"inLanguage":"es","potentialAction":[{"@type":"CommentAction","name":"Comment","target":["https:\/\/elregionalvm.com.ar\/noticias-villa-maria\/historias-juegos-olimpicos-de-berlin-la-amistad-entre-dos-atletas-que-enfurecio-a-hitler\/#respond"]}]},{"@type":"WebPage","@id":"https:\/\/elregionalvm.com.ar\/noticias-villa-maria\/historias-juegos-olimpicos-de-berlin-la-amistad-entre-dos-atletas-que-enfurecio-a-hitler\/","url":"https:\/\/elregionalvm.com.ar\/noticias-villa-maria\/historias-juegos-olimpicos-de-berlin-la-amistad-entre-dos-atletas-que-enfurecio-a-hitler\/","name":"[Historias] Juegos Ol\u00edmpicos de Berl\u00edn: La amistad entre dos atletas que enfureci\u00f3 a Hitler - El Regional","isPartOf":{"@id":"http:\/\/elregionalvm.com.ar\/noticias-villa-maria\/#website"},"primaryImageOfPage":{"@id":"https:\/\/elregionalvm.com.ar\/noticias-villa-maria\/historias-juegos-olimpicos-de-berlin-la-amistad-entre-dos-atletas-que-enfurecio-a-hitler\/#primaryimage"},"image":{"@id":"https:\/\/elregionalvm.com.ar\/noticias-villa-maria\/historias-juegos-olimpicos-de-berlin-la-amistad-entre-dos-atletas-que-enfurecio-a-hitler\/#primaryimage"},"thumbnailUrl":"https:\/\/i0.wp.com\/elregionalvm.com.ar\/noticias-villa-maria\/wp-content\/uploads\/2024\/05\/jesse-owens-y-Long-berlin-1936.webp?fit=760%2C520&ssl=1","datePublished":"2024-05-21T01:09:06+00:00","dateModified":"2024-05-23T03:21:12+00:00","author":{"@id":"http:\/\/elregionalvm.com.ar\/noticias-villa-maria\/#\/schema\/person\/a0fb9c422317faca23d50163151bc354"},"breadcrumb":{"@id":"https:\/\/elregionalvm.com.ar\/noticias-villa-maria\/historias-juegos-olimpicos-de-berlin-la-amistad-entre-dos-atletas-que-enfurecio-a-hitler\/#breadcrumb"},"inLanguage":"es","potentialAction":[{"@type":"ReadAction","target":["https:\/\/elregionalvm.com.ar\/noticias-villa-maria\/historias-juegos-olimpicos-de-berlin-la-amistad-entre-dos-atletas-que-enfurecio-a-hitler\/"]}]},{"@type":"ImageObject","inLanguage":"es","@id":"https:\/\/elregionalvm.com.ar\/noticias-villa-maria\/historias-juegos-olimpicos-de-berlin-la-amistad-entre-dos-atletas-que-enfurecio-a-hitler\/#primaryimage","url":"https:\/\/i0.wp.com\/elregionalvm.com.ar\/noticias-villa-maria\/wp-content\/uploads\/2024\/05\/jesse-owens-y-Long-berlin-1936.webp?fit=760%2C520&ssl=1","contentUrl":"https:\/\/i0.wp.com\/elregionalvm.com.ar\/noticias-villa-maria\/wp-content\/uploads\/2024\/05\/jesse-owens-y-Long-berlin-1936.webp?fit=760%2C520&ssl=1","width":760,"height":520},{"@type":"BreadcrumbList","@id":"https:\/\/elregionalvm.com.ar\/noticias-villa-maria\/historias-juegos-olimpicos-de-berlin-la-amistad-entre-dos-atletas-que-enfurecio-a-hitler\/#breadcrumb","itemListElement":[{"@type":"ListItem","position":1,"name":"Portada","item":"https:\/\/elregionalvm.com.ar\/noticias-villa-maria\/"},{"@type":"ListItem","position":2,"name":"[Historias] Juegos Ol\u00edmpicos de Berl\u00edn: La amistad entre dos atletas que enfureci\u00f3 a Hitler"}]},{"@type":"WebSite","@id":"http:\/\/elregionalvm.com.ar\/noticias-villa-maria\/#website","url":"http:\/\/elregionalvm.com.ar\/noticias-villa-maria\/","name":"El Regional","description":"Mucho m\u00e1s que informaci\u00f3n","potentialAction":[{"@type":"SearchAction","target":{"@type":"EntryPoint","urlTemplate":"http:\/\/elregionalvm.com.ar\/noticias-villa-maria\/?s={search_term_string}"},"query-input":{"@type":"PropertyValueSpecification","valueRequired":true,"valueName":"search_term_string"}}],"inLanguage":"es"},{"@type":"Person","@id":"http:\/\/elregionalvm.com.ar\/noticias-villa-maria\/#\/schema\/person\/a0fb9c422317faca23d50163151bc354","name":"Contenidos El Regional","image":{"@type":"ImageObject","inLanguage":"es","@id":"http:\/\/elregionalvm.com.ar\/noticias-villa-maria\/#\/schema\/person\/image\/","url":"https:\/\/secure.gravatar.com\/avatar\/265b27cb2209af7bb3a1318f03305787d7981a5cc6e6cd08fe5a4ecdf99d4b48?s=96&d=mm&r=g","contentUrl":"https:\/\/secure.gravatar.com\/avatar\/265b27cb2209af7bb3a1318f03305787d7981a5cc6e6cd08fe5a4ecdf99d4b48?s=96&d=mm&r=g","caption":"Contenidos El Regional"},"url":"https:\/\/elregionalvm.com.ar\/noticias-villa-maria\/author\/contenido\/"}]}},"jetpack_featured_media_url":"https:\/\/i0.wp.com\/elregionalvm.com.ar\/noticias-villa-maria\/wp-content\/uploads\/2024\/05\/jesse-owens-y-Long-berlin-1936.webp?fit=760%2C520&ssl=1","jetpack_sharing_enabled":true,"_links":{"self":[{"href":"https:\/\/elregionalvm.com.ar\/noticias-villa-maria\/wp-json\/wp\/v2\/posts\/94102","targetHints":{"allow":["GET"]}}],"collection":[{"href":"https:\/\/elregionalvm.com.ar\/noticias-villa-maria\/wp-json\/wp\/v2\/posts"}],"about":[{"href":"https:\/\/elregionalvm.com.ar\/noticias-villa-maria\/wp-json\/wp\/v2\/types\/post"}],"author":[{"embeddable":true,"href":"https:\/\/elregionalvm.com.ar\/noticias-villa-maria\/wp-json\/wp\/v2\/users\/4"}],"replies":[{"embeddable":true,"href":"https:\/\/elregionalvm.com.ar\/noticias-villa-maria\/wp-json\/wp\/v2\/comments?post=94102"}],"version-history":[{"count":1,"href":"https:\/\/elregionalvm.com.ar\/noticias-villa-maria\/wp-json\/wp\/v2\/posts\/94102\/revisions"}],"predecessor-version":[{"id":94106,"href":"https:\/\/elregionalvm.com.ar\/noticias-villa-maria\/wp-json\/wp\/v2\/posts\/94102\/revisions\/94106"}],"wp:featuredmedia":[{"embeddable":true,"href":"https:\/\/elregionalvm.com.ar\/noticias-villa-maria\/wp-json\/wp\/v2\/media\/94103"}],"wp:attachment":[{"href":"https:\/\/elregionalvm.com.ar\/noticias-villa-maria\/wp-json\/wp\/v2\/media?parent=94102"}],"wp:term":[{"taxonomy":"category","embeddable":true,"href":"https:\/\/elregionalvm.com.ar\/noticias-villa-maria\/wp-json\/wp\/v2\/categories?post=94102"},{"taxonomy":"post_tag","embeddable":true,"href":"https:\/\/elregionalvm.com.ar\/noticias-villa-maria\/wp-json\/wp\/v2\/tags?post=94102"}],"curies":[{"name":"wp","href":"https:\/\/api.w.org\/{rel}","templated":true}]}}