{"id":94107,"date":"2024-05-21T01:28:24","date_gmt":"2024-05-21T01:28:24","guid":{"rendered":"https:\/\/elregionalvm.com.ar\/noticias-villa-maria\/?p=94107"},"modified":"2024-05-27T01:41:28","modified_gmt":"2024-05-27T01:41:28","slug":"historias-la-tragedia-del-tren-que-iba-a-villa-maria-y-se-lo-trago-la-tierra","status":"publish","type":"post","link":"https:\/\/elregionalvm.com.ar\/noticias-villa-maria\/historias-la-tragedia-del-tren-que-iba-a-villa-maria-y-se-lo-trago-la-tierra\/","title":{"rendered":"[Historias] La tragedia del tren que iba a Villa Mar\u00eda y se lo trag\u00f3  la tierra"},"content":{"rendered":"\n<h2 class=\"wp-block-heading\"><strong>Una tragedia que ocurri\u00f3 a pocos kil\u00f3metros de Villa Mar\u00eda, en \u00e9pocas gloriosas para el ferrocarril en Argentina. Un suceso lamentable que ya super\u00f3 los cien a\u00f1os de sucedido. Pero que vale la pena recordar.<\/strong><\/h2>\n\n\n\n<p><\/p>\n\n\n\n<p><\/p>\n\n\n\n<p><strong>Escribe Julio A. Ben\u00edtez \u2013 benitezjulioalberto@gmail.com<\/strong><\/p>\n\n\n\n<p><\/p>\n\n\n\n<p>El ex Ferrocarril de Buenos Aires al Pacifico (FCBAP)&nbsp; transportaba pasajeros, cargas, encomiendas, correspondencia, diarios y revistas, &nbsp;entre Villa Mar\u00eda y Rufino (Santa Fe), desde donde se pod\u00eda combinar para viajar a Mendoza, San Juan y &nbsp;Santiago de Chile por el paso cordillerano de Las Cuevas y &nbsp;hacia el este a la Capital Federal, y adem\u00e1s, por v\u00eda Villa Mar\u00eda, al norte de nuestro pa\u00eds.<\/p>\n\n\n\n<p>En esos a\u00f1os, Argentina era el \u201cGranero del Mundo\u201d y &nbsp;por el ferrocarril sus productos llegaban al puerto,&nbsp; donde esperaban los barcos que cargaban en sus bodegas, cereales, carnes, etc. hacia todo el mundo, principalmente a Europa.<\/p>\n\n\n\n<p>Pero ese ramal, que desplegaba todo su potencial operativo con un activo movimiento de su capacidad de transporte y que dio vida a los pueblos creados a la vera de su trazado, sufri\u00f3 en carne propia un duro rev\u00e9s, cuando un fatal accidente arroj\u00f3 &nbsp;un saldo indeterminado de muertos y much\u00edsimos heridos.<\/p>\n\n\n\n<p>Para realizar esta nota, contamos con la colaboraci\u00f3n del amigo de nuestro medio, don Ra\u00fal Reynoso, jubilado ferroviario y ex vecino de la localidad de Chaz\u00f3n, que nos acerc\u00f3 el material y fotos del luctuoso episodio ocurrido el 29 de enero de 1918.<\/p>\n\n\n\n<p><\/p>\n\n\n\n<figure class=\"wp-block-image size-large\"><img data-recalc-dims=\"1\" fetchpriority=\"high\" decoding=\"async\" width=\"1024\" height=\"673\" src=\"https:\/\/i0.wp.com\/elregionalvm.com.ar\/noticias-villa-maria\/wp-content\/uploads\/2021\/07\/Accidente-29-1-1918-2.jpg?resize=1024%2C673&#038;ssl=1\" alt=\"\" class=\"wp-image-41013\" srcset=\"https:\/\/i0.wp.com\/elregionalvm.com.ar\/noticias-villa-maria\/wp-content\/uploads\/2021\/07\/Accidente-29-1-1918-2.jpg?resize=1024%2C673&amp;ssl=1 1024w, https:\/\/i0.wp.com\/elregionalvm.com.ar\/noticias-villa-maria\/wp-content\/uploads\/2021\/07\/Accidente-29-1-1918-2.jpg?resize=300%2C197&amp;ssl=1 300w, https:\/\/i0.wp.com\/elregionalvm.com.ar\/noticias-villa-maria\/wp-content\/uploads\/2021\/07\/Accidente-29-1-1918-2.jpg?resize=768%2C505&amp;ssl=1 768w, https:\/\/i0.wp.com\/elregionalvm.com.ar\/noticias-villa-maria\/wp-content\/uploads\/2021\/07\/Accidente-29-1-1918-2.jpg?w=1332&amp;ssl=1 1332w\" sizes=\"(max-width: 1000px) 100vw, 1000px\" \/><figcaption class=\"wp-element-caption\"><em>La fuerza del agua hizo que los durmientes no aguantaran \u00a0el peso de la m\u00e1quina, que se hundi\u00f3 totalmente en el fango.<\/em><br><\/figcaption><\/figure>\n\n\n\n<p><\/p>\n\n\n\n<p><strong>Tensa espera<\/strong><\/p>\n\n\n\n<p>El tren de pasajeros estaba compuesto por tres coches, uno de primera, otro de segunda y&nbsp; otro de tercera clase, con furg\u00f3n postal y de encomiendas, tirados por la m\u00e1quina a vapor, inglesa, \u201cModelo Serie 300 \u2013 1-2-3\u201d con&nbsp; sus dos ruedas de tracci\u00f3n sin pesta\u00f1a, con caldera totalmente de bronce.<\/p>\n\n\n\n<p>Era conducida por el maquinista Andr\u00e9s Gareta y el foguista Severio Gonz\u00e1lez, que &nbsp;hab\u00eda partido con v\u00eda libre desde Santa Eufemia a las 11 horas de aquella nublada ma\u00f1ana, y era esperado en la estaci\u00f3n Santa Victoria por su jefe don Elpidio Albil.&nbsp;<\/p>\n\n\n\n<p>Tambi\u00e9n era esperado por mucho p\u00fablico que, como era costumbre, se reun\u00eda al paso de cada tren, esperando familiares, correspondencia o simplemente para comprar diarios y revistas que ven\u00edan desde Buenos Aires.<\/p>\n\n\n\n<p>All\u00ed estaba detenido, en una v\u00eda secundaria, un largo convoy con vagones&nbsp; cargados con cereales y hacienda, para continuar viaje&nbsp; a Rufino.<\/p>\n\n\n\n<p>Pero ese tren de pasajeros no aparec\u00eda en el horizonte, pasaban los minutos y la expectativa aumentaba. Ante tal situaci\u00f3n, el reglamento ferroviario establec\u00eda que pasado un tiempo prudencial, se deb\u00eda concurrir para verificar que inconveniente se hab\u00eda presentado, por lo que se desenganch\u00f3 la m\u00e1quina del carguero, que, \u00a0como se dec\u00eda en el argot ferroviario, \u201cliviana\u201d, parti\u00f3 para saber qu\u00e9 inconvenientes produjeron su atraso. A los pocos minutos regres\u00f3 la vaporera, con sus conductores consternados y llorando en forma inconsolable. \u00bfQu\u00e9 hab\u00eda pasado?<\/p>\n\n\n\n<p><\/p>\n\n\n\n<figure class=\"wp-block-image size-full\"><img data-recalc-dims=\"1\" decoding=\"async\" width=\"907\" height=\"667\" src=\"https:\/\/i0.wp.com\/elregionalvm.com.ar\/noticias-villa-maria\/wp-content\/uploads\/2024\/05\/Accidente-tren-se-lo-trago-la-tierra.jpg?resize=907%2C667&#038;ssl=1\" alt=\"\" class=\"wp-image-94110\" srcset=\"https:\/\/i0.wp.com\/elregionalvm.com.ar\/noticias-villa-maria\/wp-content\/uploads\/2024\/05\/Accidente-tren-se-lo-trago-la-tierra.jpg?w=907&amp;ssl=1 907w, https:\/\/i0.wp.com\/elregionalvm.com.ar\/noticias-villa-maria\/wp-content\/uploads\/2024\/05\/Accidente-tren-se-lo-trago-la-tierra.jpg?resize=300%2C221&amp;ssl=1 300w, https:\/\/i0.wp.com\/elregionalvm.com.ar\/noticias-villa-maria\/wp-content\/uploads\/2024\/05\/Accidente-tren-se-lo-trago-la-tierra.jpg?resize=768%2C565&amp;ssl=1 768w\" sizes=\"(max-width: 907px) 100vw, 907px\" \/><figcaption class=\"wp-element-caption\"><em>Vagones destrozados y muchos heridos, en esa postal tr\u00e1gica en nuestra regi\u00f3n. <\/em><\/figcaption><\/figure>\n\n\n\n<p><\/p>\n\n\n\n<p><strong>Agua traicionera<\/strong><\/p>\n\n\n\n<p>Ese mes de enero se hab\u00eda registrado intensas tormentas, con marcas pluviom\u00e9tricas muy por encima de los valores normales, form\u00e1ndose por ello, verdaderos r\u00edos y lagunas. El terrapl\u00e9n ferroviario no soport\u00f3 el \u00edmpetu de las aguas, que destru\u00edan &nbsp;todo lo que se le opusiera a su incontenible correntada, fuerza que hizo que los &nbsp;durmientes no aguantaran &nbsp;el peso de la m\u00e1quina que se hundi\u00f3 totalmente, arrastrando a los vagones hacia el fondo de un gran pozo.<\/p>\n\n\n\n<p>Imaginemos, a m\u00e1s de 100 a\u00f1os de aquel episodio, c\u00f3mo se habr\u00e1 instrumentado el auxilio, dado que los medios de comunicaci\u00f3n \u00fanicamente contaban con el tel\u00e9fono y el tel\u00e9grafo del ferrocarril, que sonaba sin cesar en todas las estaciones, solicitando ayuda para socorrer a los accidentados.<\/p>\n\n\n\n<p>En la documentaci\u00f3n que nos acerc\u00f3 Ra\u00fal Reynoso, se observan fotograf\u00edas de aquella \u00e9poca, &nbsp;con escenas propias de una pel\u00edcula de terror, los heridos en el hospital, los vagones totalmente destrozados. El maquinista, el foguista y el guarda perecieron sepultados vivos, como muchos pasajeros. El encargado del vag\u00f3n postal, don Juan Menini, milagrosamente salv\u00f3 su vida.<\/p>\n\n\n\n<p>Por transmisi\u00f3n oral del hecho, de personas que ya no viven, y que&nbsp; de boca en boca ha llegado hasta nuestros d\u00edas, existir\u00eda la posibilidad de que no se hubieran rescatado todos los cad\u00e1veres,&nbsp; pues, convengamos, al ver la foto, que si la m\u00e1quina qued\u00f3 completamente enterrada en el fango, el pozo fue muy profundo.<\/p>\n\n\n\n<p><strong>\u00bfMal desempe\u00f1o?<\/strong><\/p>\n\n\n\n<p>Seg\u00fan versiones, fue vox populi que esa fatalidad se habr\u00eda producido por el mal desempe\u00f1o en el &nbsp;cumplimiento de las obligaciones que deb\u00eda cumplir &nbsp;el &nbsp;capataz de V\u00edas y Obras de Santa Victoria, don El\u00edas Falchini.<\/p>\n\n\n\n<p>Es que, ante las intensas lluvias que se ven\u00edan produciendo en ese fat\u00eddico mes de enero, tendr\u00eda que haber realizado inspecciones m\u00e1s a menudo, para verificar el estado del trazado ferroviario, tarea para la cual estaba designado y para la que ten\u00eda el medio de movilidad necesario, la zorrita a motor de dos tiempos.<\/p>\n\n\n\n<p>Ese empleado fue castigado como lo dictaban los reglamentos y trasladado a otro destino, no existiendo en la documentaci\u00f3n en nuestro poder qu\u00e9 pena en lo civil le pudo haber aplicado la justicia.<\/p>\n\n\n\n<p>Seg\u00fan nuestra documentaci\u00f3n y viendo las fotos, se puede apreciar que el rescate de v\u00edctimas y de la m\u00e1quina, estuvo seguido por una gran cantidad de personas, \u00e1vidas, tal vez, de saber el final que habr\u00eda tenido un familiar o un amigo que viajaba en ese tren\u2026 o quiz\u00e1s se hayan reunido muchos, de curiosos nom\u00e1s.<\/p>\n\n\n\n<p><\/p>\n\n\n\n<h3 class=\"wp-block-heading\"><strong>Tambi\u00e9n pod\u00e9s ver: <\/strong><\/h3>\n\n\n\n<p><\/p>\n\n\n\n<figure class=\"wp-block-embed is-type-wp-embed is-provider-el-regional wp-block-embed-el-regional\"><div class=\"wp-block-embed__wrapper\">\n<blockquote class=\"wp-embedded-content\" data-secret=\"luyoHmCCTb\"><a href=\"https:\/\/elregionalvm.com.ar\/noticias-villa-maria\/la-tragedia-viaja-en-un-tren-accidentes-fatales-en-villa-maria\/\">La tragedia viaja en un tren: accidentes fatales en Villa Mar\u00eda<\/a><\/blockquote><iframe class=\"wp-embedded-content\" sandbox=\"allow-scripts\" security=\"restricted\" style=\"position: absolute; clip: rect(1px, 1px, 1px, 1px);\" title=\"\u00abLa tragedia viaja en un tren: accidentes fatales en Villa Mar\u00eda\u00bb \u2014 El Regional\" src=\"https:\/\/elregionalvm.com.ar\/noticias-villa-maria\/la-tragedia-viaja-en-un-tren-accidentes-fatales-en-villa-maria\/embed\/#?secret=iq691XuVah#?secret=luyoHmCCTb\" data-secret=\"luyoHmCCTb\" width=\"500\" height=\"282\" frameborder=\"0\" marginwidth=\"0\" marginheight=\"0\" scrolling=\"no\"><\/iframe>\n<\/div><\/figure>\n","protected":false},"excerpt":{"rendered":"<p>Una tragedia que ocurri\u00f3 a pocos kil\u00f3metros de Villa Mar\u00eda, en \u00e9pocas gloriosas para el ferrocarril en Argentina. Un suceso lamentable que ya super\u00f3 los cien a\u00f1os de sucedido. Pero que vale la pena recordar. Escribe Julio A. Ben\u00edtez \u2013 benitezjulioalberto@gmail.com El ex Ferrocarril de Buenos Aires al Pacifico (FCBAP)&nbsp; transportaba pasajeros, cargas, encomiendas, correspondencia, [&hellip;]<\/p>\n","protected":false},"author":4,"featured_media":94110,"comment_status":"open","ping_status":"open","sticky":false,"template":"","format":"standard","meta":{"site-sidebar-layout":"default","site-content-layout":"","ast-site-content-layout":"default","site-content-style":"default","site-sidebar-style":"default","ast-global-header-display":"","ast-banner-title-visibility":"","ast-main-header-display":"","ast-hfb-above-header-display":"","ast-hfb-below-header-display":"","ast-hfb-mobile-header-display":"","site-post-title":"","ast-breadcrumbs-content":"","ast-featured-img":"","footer-sml-layout":"","ast-disable-related-posts":"","theme-transparent-header-meta":"","adv-header-id-meta":"","stick-header-meta":"","header-above-stick-meta":"","header-main-stick-meta":"","header-below-stick-meta":"","astra-migrate-meta-layouts":"set","ast-page-background-enabled":"default","ast-page-background-meta":{"desktop":{"background-color":"","background-image":"","background-repeat":"repeat","background-position":"center center","background-size":"auto","background-attachment":"scroll","background-type":"","background-media":"","overlay-type":"","overlay-color":"","overlay-opacity":"","overlay-gradient":""},"tablet":{"background-color":"","background-image":"","background-repeat":"repeat","background-position":"center center","background-size":"auto","background-attachment":"scroll","background-type":"","background-media":"","overlay-type":"","overlay-color":"","overlay-opacity":"","overlay-gradient":""},"mobile":{"background-color":"","background-image":"","background-repeat":"repeat","background-position":"center center","background-size":"auto","background-attachment":"scroll","background-type":"","background-media":"","overlay-type":"","overlay-color":"","overlay-opacity":"","overlay-gradient":""}},"ast-content-background-meta":{"desktop":{"background-color":"var(--ast-global-color-5)","background-image":"","background-repeat":"repeat","background-position":"center center","background-size":"auto","background-attachment":"scroll","background-type":"","background-media":"","overlay-type":"","overlay-color":"","overlay-opacity":"","overlay-gradient":""},"tablet":{"background-color":"var(--ast-global-color-5)","background-image":"","background-repeat":"repeat","background-position":"center center","background-size":"auto","background-attachment":"scroll","background-type":"","background-media":"","overlay-type":"","overlay-color":"","overlay-opacity":"","overlay-gradient":""},"mobile":{"background-color":"var(--ast-global-color-5)","background-image":"","background-repeat":"repeat","background-position":"center center","background-size":"auto","background-attachment":"scroll","background-type":"","background-media":"","overlay-type":"","overlay-color":"","overlay-opacity":"","overlay-gradient":""}},"_jetpack_memberships_contains_paid_content":false,"_joinchat":[],"footnotes":""},"categories":[2098,2091,3557],"tags":[36,2290,2705,2704,348,23990,2702,534],"class_list":["post-94107","post","type-post","status-publish","format-standard","has-post-thumbnail","hentry","category-historias","category-region","category-tercera","tag-chazon","tag-ferrocarril","tag-santa-eufemia","tag-santa-victoria","tag-tragedia","tag-trago-la-tierra","tag-tren","tag-villa-maria"],"yoast_head":"<!-- This site is optimized with the Yoast SEO plugin v26.8 - https:\/\/yoast.com\/product\/yoast-seo-wordpress\/ -->\n<title>[Historias] La tragedia del tren que iba a Villa Mar\u00eda y se lo trag\u00f3 la tierra - El Regional<\/title>\n<meta name=\"robots\" content=\"index, follow, max-snippet:-1, max-image-preview:large, max-video-preview:-1\" \/>\n<link rel=\"canonical\" href=\"https:\/\/elregionalvm.com.ar\/noticias-villa-maria\/historias-la-tragedia-del-tren-que-iba-a-villa-maria-y-se-lo-trago-la-tierra\/\" \/>\n<meta property=\"og:locale\" content=\"es_ES\" \/>\n<meta property=\"og:type\" content=\"article\" \/>\n<meta property=\"og:title\" content=\"[Historias] La tragedia del tren que iba a Villa Mar\u00eda y se lo trag\u00f3 la tierra - El Regional\" \/>\n<meta property=\"og:description\" content=\"Una tragedia que ocurri\u00f3 a pocos kil\u00f3metros de Villa Mar\u00eda, en \u00e9pocas gloriosas para el ferrocarril en Argentina. Un suceso lamentable que ya super\u00f3 los cien a\u00f1os de sucedido. Pero que vale la pena recordar. Escribe Julio A. Ben\u00edtez \u2013 benitezjulioalberto@gmail.com El ex Ferrocarril de Buenos Aires al Pacifico (FCBAP)&nbsp; transportaba pasajeros, cargas, encomiendas, correspondencia, [&hellip;]\" \/>\n<meta property=\"og:url\" content=\"https:\/\/elregionalvm.com.ar\/noticias-villa-maria\/historias-la-tragedia-del-tren-que-iba-a-villa-maria-y-se-lo-trago-la-tierra\/\" \/>\n<meta property=\"og:site_name\" content=\"El Regional\" \/>\n<meta property=\"article:publisher\" content=\"https:\/\/www.facebook.com\/elregionalvm\" \/>\n<meta property=\"article:published_time\" content=\"2024-05-21T01:28:24+00:00\" \/>\n<meta property=\"article:modified_time\" content=\"2024-05-27T01:41:28+00:00\" \/>\n<meta property=\"og:image\" content=\"https:\/\/elregionalvm.com.ar\/noticias-villa-maria\/wp-content\/uploads\/2024\/05\/Accidente-tren-se-lo-trago-la-tierra.jpg\" \/>\n\t<meta property=\"og:image:width\" content=\"907\" \/>\n\t<meta property=\"og:image:height\" content=\"667\" \/>\n\t<meta property=\"og:image:type\" content=\"image\/jpeg\" \/>\n<meta name=\"author\" content=\"Contenidos El Regional\" \/>\n<meta name=\"twitter:card\" content=\"summary_large_image\" \/>\n<meta name=\"twitter:creator\" content=\"@elregionalvm1\" \/>\n<meta name=\"twitter:site\" content=\"@elregionalvm1\" \/>\n<meta name=\"twitter:label1\" content=\"Escrito por\" \/>\n\t<meta name=\"twitter:data1\" content=\"Contenidos El Regional\" \/>\n\t<meta name=\"twitter:label2\" content=\"Tiempo de lectura\" \/>\n\t<meta name=\"twitter:data2\" content=\"5 minutos\" \/>\n<script type=\"application\/ld+json\" class=\"yoast-schema-graph\">{\"@context\":\"https:\/\/schema.org\",\"@graph\":[{\"@type\":\"Article\",\"@id\":\"https:\/\/elregionalvm.com.ar\/noticias-villa-maria\/historias-la-tragedia-del-tren-que-iba-a-villa-maria-y-se-lo-trago-la-tierra\/#article\",\"isPartOf\":{\"@id\":\"https:\/\/elregionalvm.com.ar\/noticias-villa-maria\/historias-la-tragedia-del-tren-que-iba-a-villa-maria-y-se-lo-trago-la-tierra\/\"},\"author\":{\"name\":\"Contenidos El Regional\",\"@id\":\"http:\/\/elregionalvm.com.ar\/noticias-villa-maria\/#\/schema\/person\/a0fb9c422317faca23d50163151bc354\"},\"headline\":\"[Historias] La tragedia del tren que iba a Villa Mar\u00eda y se lo trag\u00f3 la tierra\",\"datePublished\":\"2024-05-21T01:28:24+00:00\",\"dateModified\":\"2024-05-27T01:41:28+00:00\",\"mainEntityOfPage\":{\"@id\":\"https:\/\/elregionalvm.com.ar\/noticias-villa-maria\/historias-la-tragedia-del-tren-que-iba-a-villa-maria-y-se-lo-trago-la-tierra\/\"},\"wordCount\":1053,\"commentCount\":0,\"image\":{\"@id\":\"https:\/\/elregionalvm.com.ar\/noticias-villa-maria\/historias-la-tragedia-del-tren-que-iba-a-villa-maria-y-se-lo-trago-la-tierra\/#primaryimage\"},\"thumbnailUrl\":\"https:\/\/i0.wp.com\/elregionalvm.com.ar\/noticias-villa-maria\/wp-content\/uploads\/2024\/05\/Accidente-tren-se-lo-trago-la-tierra.jpg?fit=907%2C667&ssl=1\",\"keywords\":[\"Chaz\u00f3n\",\"Ferrocarril\",\"Santa Eufemia\",\"Santa Victoria\",\"tragedia\",\"trag\u00f3 la tierra\",\"Tren\",\"villa maria\"],\"articleSection\":[\"Historias\",\"Regi\u00f3n\",\"tercera\"],\"inLanguage\":\"es\",\"potentialAction\":[{\"@type\":\"CommentAction\",\"name\":\"Comment\",\"target\":[\"https:\/\/elregionalvm.com.ar\/noticias-villa-maria\/historias-la-tragedia-del-tren-que-iba-a-villa-maria-y-se-lo-trago-la-tierra\/#respond\"]}]},{\"@type\":\"WebPage\",\"@id\":\"https:\/\/elregionalvm.com.ar\/noticias-villa-maria\/historias-la-tragedia-del-tren-que-iba-a-villa-maria-y-se-lo-trago-la-tierra\/\",\"url\":\"https:\/\/elregionalvm.com.ar\/noticias-villa-maria\/historias-la-tragedia-del-tren-que-iba-a-villa-maria-y-se-lo-trago-la-tierra\/\",\"name\":\"[Historias] La tragedia del tren que iba a Villa Mar\u00eda y se lo trag\u00f3 la tierra - El Regional\",\"isPartOf\":{\"@id\":\"http:\/\/elregionalvm.com.ar\/noticias-villa-maria\/#website\"},\"primaryImageOfPage\":{\"@id\":\"https:\/\/elregionalvm.com.ar\/noticias-villa-maria\/historias-la-tragedia-del-tren-que-iba-a-villa-maria-y-se-lo-trago-la-tierra\/#primaryimage\"},\"image\":{\"@id\":\"https:\/\/elregionalvm.com.ar\/noticias-villa-maria\/historias-la-tragedia-del-tren-que-iba-a-villa-maria-y-se-lo-trago-la-tierra\/#primaryimage\"},\"thumbnailUrl\":\"https:\/\/i0.wp.com\/elregionalvm.com.ar\/noticias-villa-maria\/wp-content\/uploads\/2024\/05\/Accidente-tren-se-lo-trago-la-tierra.jpg?fit=907%2C667&ssl=1\",\"datePublished\":\"2024-05-21T01:28:24+00:00\",\"dateModified\":\"2024-05-27T01:41:28+00:00\",\"author\":{\"@id\":\"http:\/\/elregionalvm.com.ar\/noticias-villa-maria\/#\/schema\/person\/a0fb9c422317faca23d50163151bc354\"},\"breadcrumb\":{\"@id\":\"https:\/\/elregionalvm.com.ar\/noticias-villa-maria\/historias-la-tragedia-del-tren-que-iba-a-villa-maria-y-se-lo-trago-la-tierra\/#breadcrumb\"},\"inLanguage\":\"es\",\"potentialAction\":[{\"@type\":\"ReadAction\",\"target\":[\"https:\/\/elregionalvm.com.ar\/noticias-villa-maria\/historias-la-tragedia-del-tren-que-iba-a-villa-maria-y-se-lo-trago-la-tierra\/\"]}]},{\"@type\":\"ImageObject\",\"inLanguage\":\"es\",\"@id\":\"https:\/\/elregionalvm.com.ar\/noticias-villa-maria\/historias-la-tragedia-del-tren-que-iba-a-villa-maria-y-se-lo-trago-la-tierra\/#primaryimage\",\"url\":\"https:\/\/i0.wp.com\/elregionalvm.com.ar\/noticias-villa-maria\/wp-content\/uploads\/2024\/05\/Accidente-tren-se-lo-trago-la-tierra.jpg?fit=907%2C667&ssl=1\",\"contentUrl\":\"https:\/\/i0.wp.com\/elregionalvm.com.ar\/noticias-villa-maria\/wp-content\/uploads\/2024\/05\/Accidente-tren-se-lo-trago-la-tierra.jpg?fit=907%2C667&ssl=1\",\"width\":907,\"height\":667},{\"@type\":\"BreadcrumbList\",\"@id\":\"https:\/\/elregionalvm.com.ar\/noticias-villa-maria\/historias-la-tragedia-del-tren-que-iba-a-villa-maria-y-se-lo-trago-la-tierra\/#breadcrumb\",\"itemListElement\":[{\"@type\":\"ListItem\",\"position\":1,\"name\":\"Portada\",\"item\":\"https:\/\/elregionalvm.com.ar\/noticias-villa-maria\/\"},{\"@type\":\"ListItem\",\"position\":2,\"name\":\"[Historias] La tragedia del tren que iba a Villa Mar\u00eda y se lo trag\u00f3 la tierra\"}]},{\"@type\":\"WebSite\",\"@id\":\"http:\/\/elregionalvm.com.ar\/noticias-villa-maria\/#website\",\"url\":\"http:\/\/elregionalvm.com.ar\/noticias-villa-maria\/\",\"name\":\"El Regional\",\"description\":\"Mucho m\u00e1s que informaci\u00f3n\",\"potentialAction\":[{\"@type\":\"SearchAction\",\"target\":{\"@type\":\"EntryPoint\",\"urlTemplate\":\"http:\/\/elregionalvm.com.ar\/noticias-villa-maria\/?s={search_term_string}\"},\"query-input\":{\"@type\":\"PropertyValueSpecification\",\"valueRequired\":true,\"valueName\":\"search_term_string\"}}],\"inLanguage\":\"es\"},{\"@type\":\"Person\",\"@id\":\"http:\/\/elregionalvm.com.ar\/noticias-villa-maria\/#\/schema\/person\/a0fb9c422317faca23d50163151bc354\",\"name\":\"Contenidos El Regional\",\"image\":{\"@type\":\"ImageObject\",\"inLanguage\":\"es\",\"@id\":\"http:\/\/elregionalvm.com.ar\/noticias-villa-maria\/#\/schema\/person\/image\/\",\"url\":\"https:\/\/secure.gravatar.com\/avatar\/265b27cb2209af7bb3a1318f03305787d7981a5cc6e6cd08fe5a4ecdf99d4b48?s=96&d=mm&r=g\",\"contentUrl\":\"https:\/\/secure.gravatar.com\/avatar\/265b27cb2209af7bb3a1318f03305787d7981a5cc6e6cd08fe5a4ecdf99d4b48?s=96&d=mm&r=g\",\"caption\":\"Contenidos El Regional\"},\"url\":\"https:\/\/elregionalvm.com.ar\/noticias-villa-maria\/author\/contenido\/\"}]}<\/script>\n<!-- \/ Yoast SEO plugin. -->","yoast_head_json":{"title":"[Historias] La tragedia del tren que iba a Villa Mar\u00eda y se lo trag\u00f3 la tierra - El Regional","robots":{"index":"index","follow":"follow","max-snippet":"max-snippet:-1","max-image-preview":"max-image-preview:large","max-video-preview":"max-video-preview:-1"},"canonical":"https:\/\/elregionalvm.com.ar\/noticias-villa-maria\/historias-la-tragedia-del-tren-que-iba-a-villa-maria-y-se-lo-trago-la-tierra\/","og_locale":"es_ES","og_type":"article","og_title":"[Historias] La tragedia del tren que iba a Villa Mar\u00eda y se lo trag\u00f3 la tierra - El Regional","og_description":"Una tragedia que ocurri\u00f3 a pocos kil\u00f3metros de Villa Mar\u00eda, en \u00e9pocas gloriosas para el ferrocarril en Argentina. Un suceso lamentable que ya super\u00f3 los cien a\u00f1os de sucedido. Pero que vale la pena recordar. Escribe Julio A. Ben\u00edtez \u2013 benitezjulioalberto@gmail.com El ex Ferrocarril de Buenos Aires al Pacifico (FCBAP)&nbsp; transportaba pasajeros, cargas, encomiendas, correspondencia, [&hellip;]","og_url":"https:\/\/elregionalvm.com.ar\/noticias-villa-maria\/historias-la-tragedia-del-tren-que-iba-a-villa-maria-y-se-lo-trago-la-tierra\/","og_site_name":"El Regional","article_publisher":"https:\/\/www.facebook.com\/elregionalvm","article_published_time":"2024-05-21T01:28:24+00:00","article_modified_time":"2024-05-27T01:41:28+00:00","og_image":[{"width":907,"height":667,"url":"https:\/\/elregionalvm.com.ar\/noticias-villa-maria\/wp-content\/uploads\/2024\/05\/Accidente-tren-se-lo-trago-la-tierra.jpg","type":"image\/jpeg"}],"author":"Contenidos El Regional","twitter_card":"summary_large_image","twitter_creator":"@elregionalvm1","twitter_site":"@elregionalvm1","twitter_misc":{"Escrito por":"Contenidos El Regional","Tiempo de lectura":"5 minutos"},"schema":{"@context":"https:\/\/schema.org","@graph":[{"@type":"Article","@id":"https:\/\/elregionalvm.com.ar\/noticias-villa-maria\/historias-la-tragedia-del-tren-que-iba-a-villa-maria-y-se-lo-trago-la-tierra\/#article","isPartOf":{"@id":"https:\/\/elregionalvm.com.ar\/noticias-villa-maria\/historias-la-tragedia-del-tren-que-iba-a-villa-maria-y-se-lo-trago-la-tierra\/"},"author":{"name":"Contenidos El Regional","@id":"http:\/\/elregionalvm.com.ar\/noticias-villa-maria\/#\/schema\/person\/a0fb9c422317faca23d50163151bc354"},"headline":"[Historias] La tragedia del tren que iba a Villa Mar\u00eda y se lo trag\u00f3 la tierra","datePublished":"2024-05-21T01:28:24+00:00","dateModified":"2024-05-27T01:41:28+00:00","mainEntityOfPage":{"@id":"https:\/\/elregionalvm.com.ar\/noticias-villa-maria\/historias-la-tragedia-del-tren-que-iba-a-villa-maria-y-se-lo-trago-la-tierra\/"},"wordCount":1053,"commentCount":0,"image":{"@id":"https:\/\/elregionalvm.com.ar\/noticias-villa-maria\/historias-la-tragedia-del-tren-que-iba-a-villa-maria-y-se-lo-trago-la-tierra\/#primaryimage"},"thumbnailUrl":"https:\/\/i0.wp.com\/elregionalvm.com.ar\/noticias-villa-maria\/wp-content\/uploads\/2024\/05\/Accidente-tren-se-lo-trago-la-tierra.jpg?fit=907%2C667&ssl=1","keywords":["Chaz\u00f3n","Ferrocarril","Santa Eufemia","Santa Victoria","tragedia","trag\u00f3 la tierra","Tren","villa maria"],"articleSection":["Historias","Regi\u00f3n","tercera"],"inLanguage":"es","potentialAction":[{"@type":"CommentAction","name":"Comment","target":["https:\/\/elregionalvm.com.ar\/noticias-villa-maria\/historias-la-tragedia-del-tren-que-iba-a-villa-maria-y-se-lo-trago-la-tierra\/#respond"]}]},{"@type":"WebPage","@id":"https:\/\/elregionalvm.com.ar\/noticias-villa-maria\/historias-la-tragedia-del-tren-que-iba-a-villa-maria-y-se-lo-trago-la-tierra\/","url":"https:\/\/elregionalvm.com.ar\/noticias-villa-maria\/historias-la-tragedia-del-tren-que-iba-a-villa-maria-y-se-lo-trago-la-tierra\/","name":"[Historias] La tragedia del tren que iba a Villa Mar\u00eda y se lo trag\u00f3 la tierra - El Regional","isPartOf":{"@id":"http:\/\/elregionalvm.com.ar\/noticias-villa-maria\/#website"},"primaryImageOfPage":{"@id":"https:\/\/elregionalvm.com.ar\/noticias-villa-maria\/historias-la-tragedia-del-tren-que-iba-a-villa-maria-y-se-lo-trago-la-tierra\/#primaryimage"},"image":{"@id":"https:\/\/elregionalvm.com.ar\/noticias-villa-maria\/historias-la-tragedia-del-tren-que-iba-a-villa-maria-y-se-lo-trago-la-tierra\/#primaryimage"},"thumbnailUrl":"https:\/\/i0.wp.com\/elregionalvm.com.ar\/noticias-villa-maria\/wp-content\/uploads\/2024\/05\/Accidente-tren-se-lo-trago-la-tierra.jpg?fit=907%2C667&ssl=1","datePublished":"2024-05-21T01:28:24+00:00","dateModified":"2024-05-27T01:41:28+00:00","author":{"@id":"http:\/\/elregionalvm.com.ar\/noticias-villa-maria\/#\/schema\/person\/a0fb9c422317faca23d50163151bc354"},"breadcrumb":{"@id":"https:\/\/elregionalvm.com.ar\/noticias-villa-maria\/historias-la-tragedia-del-tren-que-iba-a-villa-maria-y-se-lo-trago-la-tierra\/#breadcrumb"},"inLanguage":"es","potentialAction":[{"@type":"ReadAction","target":["https:\/\/elregionalvm.com.ar\/noticias-villa-maria\/historias-la-tragedia-del-tren-que-iba-a-villa-maria-y-se-lo-trago-la-tierra\/"]}]},{"@type":"ImageObject","inLanguage":"es","@id":"https:\/\/elregionalvm.com.ar\/noticias-villa-maria\/historias-la-tragedia-del-tren-que-iba-a-villa-maria-y-se-lo-trago-la-tierra\/#primaryimage","url":"https:\/\/i0.wp.com\/elregionalvm.com.ar\/noticias-villa-maria\/wp-content\/uploads\/2024\/05\/Accidente-tren-se-lo-trago-la-tierra.jpg?fit=907%2C667&ssl=1","contentUrl":"https:\/\/i0.wp.com\/elregionalvm.com.ar\/noticias-villa-maria\/wp-content\/uploads\/2024\/05\/Accidente-tren-se-lo-trago-la-tierra.jpg?fit=907%2C667&ssl=1","width":907,"height":667},{"@type":"BreadcrumbList","@id":"https:\/\/elregionalvm.com.ar\/noticias-villa-maria\/historias-la-tragedia-del-tren-que-iba-a-villa-maria-y-se-lo-trago-la-tierra\/#breadcrumb","itemListElement":[{"@type":"ListItem","position":1,"name":"Portada","item":"https:\/\/elregionalvm.com.ar\/noticias-villa-maria\/"},{"@type":"ListItem","position":2,"name":"[Historias] La tragedia del tren que iba a Villa Mar\u00eda y se lo trag\u00f3 la tierra"}]},{"@type":"WebSite","@id":"http:\/\/elregionalvm.com.ar\/noticias-villa-maria\/#website","url":"http:\/\/elregionalvm.com.ar\/noticias-villa-maria\/","name":"El Regional","description":"Mucho m\u00e1s que informaci\u00f3n","potentialAction":[{"@type":"SearchAction","target":{"@type":"EntryPoint","urlTemplate":"http:\/\/elregionalvm.com.ar\/noticias-villa-maria\/?s={search_term_string}"},"query-input":{"@type":"PropertyValueSpecification","valueRequired":true,"valueName":"search_term_string"}}],"inLanguage":"es"},{"@type":"Person","@id":"http:\/\/elregionalvm.com.ar\/noticias-villa-maria\/#\/schema\/person\/a0fb9c422317faca23d50163151bc354","name":"Contenidos El Regional","image":{"@type":"ImageObject","inLanguage":"es","@id":"http:\/\/elregionalvm.com.ar\/noticias-villa-maria\/#\/schema\/person\/image\/","url":"https:\/\/secure.gravatar.com\/avatar\/265b27cb2209af7bb3a1318f03305787d7981a5cc6e6cd08fe5a4ecdf99d4b48?s=96&d=mm&r=g","contentUrl":"https:\/\/secure.gravatar.com\/avatar\/265b27cb2209af7bb3a1318f03305787d7981a5cc6e6cd08fe5a4ecdf99d4b48?s=96&d=mm&r=g","caption":"Contenidos El Regional"},"url":"https:\/\/elregionalvm.com.ar\/noticias-villa-maria\/author\/contenido\/"}]}},"jetpack_featured_media_url":"https:\/\/i0.wp.com\/elregionalvm.com.ar\/noticias-villa-maria\/wp-content\/uploads\/2024\/05\/Accidente-tren-se-lo-trago-la-tierra.jpg?fit=907%2C667&ssl=1","jetpack_sharing_enabled":true,"_links":{"self":[{"href":"https:\/\/elregionalvm.com.ar\/noticias-villa-maria\/wp-json\/wp\/v2\/posts\/94107","targetHints":{"allow":["GET"]}}],"collection":[{"href":"https:\/\/elregionalvm.com.ar\/noticias-villa-maria\/wp-json\/wp\/v2\/posts"}],"about":[{"href":"https:\/\/elregionalvm.com.ar\/noticias-villa-maria\/wp-json\/wp\/v2\/types\/post"}],"author":[{"embeddable":true,"href":"https:\/\/elregionalvm.com.ar\/noticias-villa-maria\/wp-json\/wp\/v2\/users\/4"}],"replies":[{"embeddable":true,"href":"https:\/\/elregionalvm.com.ar\/noticias-villa-maria\/wp-json\/wp\/v2\/comments?post=94107"}],"version-history":[{"count":3,"href":"https:\/\/elregionalvm.com.ar\/noticias-villa-maria\/wp-json\/wp\/v2\/posts\/94107\/revisions"}],"predecessor-version":[{"id":94111,"href":"https:\/\/elregionalvm.com.ar\/noticias-villa-maria\/wp-json\/wp\/v2\/posts\/94107\/revisions\/94111"}],"wp:featuredmedia":[{"embeddable":true,"href":"https:\/\/elregionalvm.com.ar\/noticias-villa-maria\/wp-json\/wp\/v2\/media\/94110"}],"wp:attachment":[{"href":"https:\/\/elregionalvm.com.ar\/noticias-villa-maria\/wp-json\/wp\/v2\/media?parent=94107"}],"wp:term":[{"taxonomy":"category","embeddable":true,"href":"https:\/\/elregionalvm.com.ar\/noticias-villa-maria\/wp-json\/wp\/v2\/categories?post=94107"},{"taxonomy":"post_tag","embeddable":true,"href":"https:\/\/elregionalvm.com.ar\/noticias-villa-maria\/wp-json\/wp\/v2\/tags?post=94107"}],"curies":[{"name":"wp","href":"https:\/\/api.w.org\/{rel}","templated":true}]}}