{"id":94112,"date":"2024-05-21T02:09:32","date_gmt":"2024-05-21T02:09:32","guid":{"rendered":"https:\/\/elregionalvm.com.ar\/noticias-villa-maria\/?p=94112"},"modified":"2024-05-22T02:39:46","modified_gmt":"2024-05-22T02:39:46","slug":"europa-violenta-un-intento-de-magnicidio-y-una-convencion-que-promueve-los-discursos-de-odio","status":"publish","type":"post","link":"https:\/\/elregionalvm.com.ar\/noticias-villa-maria\/europa-violenta-un-intento-de-magnicidio-y-una-convencion-que-promueve-los-discursos-de-odio\/","title":{"rendered":"Europa violenta: Un intento de magnicidio y una convenci\u00f3n que promueve los discursos de odio"},"content":{"rendered":"\n<p><\/p>\n\n\n\n<h3 class=\"wp-block-heading\"><strong>Esta semana el viejo continente est\u00e1 atravesado por dos hechos importantes: el intento de magnicidio del primer ministro de Eslovaquia y el encuentro \u201cEuropa Viva 24\u201d en Madrid que re\u00fane a la extrema derecha global. Es un momento en que los veintisiete pa\u00edses de la Uni\u00f3n Europea se encuentran en plena campa\u00f1a electoral para renovar parte del parlamento. Son las elecciones m\u00e1s polarizadas de los \u00faltimos tiempos<\/strong>.<\/h3>\n\n\n\n<p><\/p>\n\n\n\n<p><\/p>\n\n\n\n<p><strong>Escribe: Lic. Natalia Pettinari (Analista de pol\u00edtica internacional)<\/strong><\/p>\n\n\n\n<p><\/p>\n\n\n\n<p>Robert Fico, el primer ministro de Eslovaquia, ha pasado a la historia como el primer l\u00edder de un pa\u00eds de la Uni\u00f3n Europea (UE) que ha sufrido un intento de magnicidio.<\/p>\n\n\n\n<p>Fue este el cap\u00edtulo m\u00e1s extremo de una oleada de agresiones a funcionarios que viene haciendo sonar las alarmas hace tiempo. La zona del euro est\u00e1 atravesada en estos momentos por campa\u00f1as electorales para elegir a los 61 parlamentarios de los 720 que componen la Euroc\u00e1mara. Es la elecci\u00f3n m\u00e1s polarizada hasta ahora.<\/p>\n\n\n\n<p>De los veintisiete pa\u00edses de la Uni\u00f3n Europea, Alemania es uno de los que m\u00e1s registra agresiones. Seg\u00fan la Polic\u00eda Federal la violencia f\u00edsica o verbal contra funcionarios o representantes electos casi se ha duplicado en cinco a\u00f1os.<\/p>\n\n\n\n<p>Durante el 2023 se cometieron 2.790 delitos. Todav\u00eda subyace en la memoria colectiva el asesinato a Walter L\u00fcbcke en 2019, un pol\u00edtico alem\u00e1n pro-refugiados que falleci\u00f3 de un tiro en la cabeza en manos de un fan\u00e1tico neonazi.<\/p>\n\n\n\n<p>Algo similar sucede en Francia donde las ofensivas se vienen incrementando en un 30 por ciento, a\u00f1o tras a\u00f1o, desde 2021. De esta ola tampoco escapan Pa\u00edses Bajos, Italia, Grecia o Espa\u00f1a.<\/p>\n\n\n\n<p>Esto est\u00e1 relacionado con que la pol\u00edtica europea, ha atravesado un incremento en los discursos polarizantes, que provienen de fuerzas extremas ya sean de izquierda o de derecha. Las proclamas incendiarias fragmentan a la poblaci\u00f3n, promueven el odio y atentan contra la paz que propone la democracia.<\/p>\n\n\n\n<p>Dependiendo del pa\u00eds, tanto oficialismo como oposici\u00f3n, pasaron a utilizar en sus oratorias un lenguaje pol\u00edtico cada vez m\u00e1s desinhibido, agresivo y mundano que descalifica al opositor.<\/p>\n\n\n\n<p><\/p>\n\n\n\n<p><\/p>\n\n\n\n<p><\/p>\n\n\n\n<p><\/p>\n\n\n\n<p><\/p>\n\n\n\n<p>De esta manera, legitiman la violencia y deslegitiman a su oponente que pasa a ser un enemigo a destruir. Es la agresi\u00f3n la que domina el escenario, en detrimento del intercambio libre de ideas -ese que a su vez muchos utilizan como insignia para decir las cosas m\u00e1s aberrantes- que es la base del sistema democr\u00e1tico.<\/p>\n\n\n\n<p><\/p>\n\n\n\n<figure class=\"wp-block-image size-full is-resized\"><img data-recalc-dims=\"1\" fetchpriority=\"high\" decoding=\"async\" width=\"800\" height=\"451\" src=\"https:\/\/i0.wp.com\/elregionalvm.com.ar\/noticias-villa-maria\/wp-content\/uploads\/2024\/05\/intento-magnicidio-Fico.jpg?resize=800%2C451&#038;ssl=1\" alt=\"\" class=\"wp-image-94116\" style=\"width:910px;height:auto\" srcset=\"https:\/\/i0.wp.com\/elregionalvm.com.ar\/noticias-villa-maria\/wp-content\/uploads\/2024\/05\/intento-magnicidio-Fico.jpg?w=800&amp;ssl=1 800w, https:\/\/i0.wp.com\/elregionalvm.com.ar\/noticias-villa-maria\/wp-content\/uploads\/2024\/05\/intento-magnicidio-Fico.jpg?resize=300%2C169&amp;ssl=1 300w, https:\/\/i0.wp.com\/elregionalvm.com.ar\/noticias-villa-maria\/wp-content\/uploads\/2024\/05\/intento-magnicidio-Fico.jpg?resize=768%2C433&amp;ssl=1 768w\" sizes=\"(max-width: 800px) 100vw, 800px\" \/><\/figure>\n\n\n\n<p><\/p>\n\n\n\n<p>En el caso de Eslovaquia el agonizante primer ministro es un pol\u00edtico complejo. Se autodefine como socialdem\u00f3crata, aunque defiende posturas abiertamente xen\u00f3fobas y mis\u00f3ginas. Fico ha mostrado una postura cr\u00edtica hacia la integraci\u00f3n europea excesiva.<\/p>\n\n\n\n<p>Tambi\u00e9n ha cuestionado las pol\u00edticas migratorias del bloque: \u00abNo queremos ver una comunidad musulmana en Eslovaquia\u00bb. Es aliado del cuestionado l\u00edder h\u00fangaro Viktor Orb\u00e1n y -a contramano de la UE- se posiciona m\u00e1s cerca de Rusia que de Ucrania.<\/p>\n\n\n\n<p>A diferencia de sus mandatos anteriores, en esta vuelta Fico logr\u00f3 el triunfo en octubre de 2023, con un discurso m\u00e1s radical. El mandatario populista, antioccidental y nacionalista, lleg\u00f3 a calificar a los periodistas de \u201cprostitutos antieslovacos\u201d y enemigos de la naci\u00f3n.<\/p>\n\n\n\n<p>Adem\u00e1s, ha intentado reformar los medios estatales, que, seg\u00fan los cr\u00edticos, le dar\u00eda el control total del Ejecutivo sobre la televisi\u00f3n y la radio p\u00fablicas. Esto sumado a su intento de eliminar un fiscal especial anticorrupci\u00f3n -que investigaba a su c\u00edrculo cercano- gener\u00f3 multitudinarias manifestaciones.<\/p>\n\n\n\n<p>Aunque la polarizaci\u00f3n social no es un fen\u00f3meno exclusivamente europeo. Fue puesto en el radar durante la presidencia de Donald Trump y se ha manifestado en diversas partes del mundo. Esta furia social se ha acrecentado tras el trauma de la pandemia de covid-19 que facilit\u00f3 la radicalizaci\u00f3n de las ideas y el auge del movimiento antivacunas. En este entorno proliferaron las teor\u00edas de conspiraci\u00f3n y los discursos de odio.<\/p>\n\n\n\n<p><strong>Milei y la derecha en Madrid<\/strong><\/p>\n\n\n\n<p>Mientras tanto, este fin de semana la extrema derecha global se concentr\u00f3 en Madrid en el evento \u201cEuropa Viva 24\u201d organizado por el partido espa\u00f1ol Vox. Esta nueva derecha planta bandera, e intenta legitimarse a s\u00ed misma, con discursos antidemocr\u00e1ticos y con preceptos que son un peligroso caldo de cultivo en la sociedad.<\/p>\n\n\n\n<p>La polarizaci\u00f3n pol\u00edtica es el combustible del cual se nutre ya que les allana el terreno, entre tanta polvareda que levantan, para mostrarse como seres iluminados, mesi\u00e1nicos y salvadores cumpliendo con una misi\u00f3n proveniente de las fuerzas del cielo.<\/p>\n\n\n\n<p>En este acto pol\u00edtico el presidente argentino Javier Milei es la principal estrella. El libertario no ha dudado en utilizar recursos del estado nacional, y saltarse todo tipo de protocolo diplom\u00e1tico, para visitar un pa\u00eds sin encontrarse con las m\u00e1ximas autoridades de este, como lo marcan las normas consuetudinarias.<\/p>\n\n\n\n<p>El principal objetivo del mandatario no es fortalecer las relaciones entre pa\u00edses sino promocionarse a s\u00ed mismo como l\u00edder de la derecha global. Mentir est\u00e1 entre las reglas, como qued\u00f3 demostrado en su libro \u201cEl camino del libertario\u201d, que la editorial decidi\u00f3 sacar de circulaci\u00f3n.<\/p>\n\n\n\n<p>Este evento dirigido por el presidente de Vox, Santiago Abascal, cuenta con la presencia del presidente de Chega y diputado portugu\u00e9s, Andr\u00e9 Ventura, el ministro de Asuntos de la Di\u00e1spora de Israel y combate contra el Antisemitismo, Amichai Chikl, y el diputado chileno y l\u00edder del Partido Republicano, Jos\u00e9 Antonio Kast. Tambi\u00e9n forman parte del movimiento la presidenta de Italia, Giorgia Meloni, la l\u00edder de la extrema derecha francesa, Marine Le Pen, y el presidente de Hungr\u00eda, V\u00edctor Orban.<\/p>\n\n\n\n<p><\/p>\n\n\n\n<figure class=\"wp-block-image size-large\"><img data-recalc-dims=\"1\" decoding=\"async\" width=\"1024\" height=\"576\" src=\"https:\/\/i0.wp.com\/elregionalvm.com.ar\/noticias-villa-maria\/wp-content\/uploads\/2024\/05\/javier-milei-santiago-abasca.webp?resize=1024%2C576&#038;ssl=1\" alt=\"\" class=\"wp-image-94115\" srcset=\"https:\/\/i0.wp.com\/elregionalvm.com.ar\/noticias-villa-maria\/wp-content\/uploads\/2024\/05\/javier-milei-santiago-abasca.webp?resize=1024%2C576&amp;ssl=1 1024w, https:\/\/i0.wp.com\/elregionalvm.com.ar\/noticias-villa-maria\/wp-content\/uploads\/2024\/05\/javier-milei-santiago-abasca.webp?resize=300%2C169&amp;ssl=1 300w, https:\/\/i0.wp.com\/elregionalvm.com.ar\/noticias-villa-maria\/wp-content\/uploads\/2024\/05\/javier-milei-santiago-abasca.webp?resize=768%2C432&amp;ssl=1 768w, https:\/\/i0.wp.com\/elregionalvm.com.ar\/noticias-villa-maria\/wp-content\/uploads\/2024\/05\/javier-milei-santiago-abasca.webp?w=1200&amp;ssl=1 1200w\" sizes=\"(max-width: 1000px) 100vw, 1000px\" \/><\/figure>\n\n\n\n<p><\/p>\n\n\n\n<p>La tercera edici\u00f3n anual pretende estimular a la base de votantes de la derecha -y al potencial electorado- con una demostraci\u00f3n de alianzas internacionales. Los temas que se ponen sobre la mesa fomentan la intolerancia y el odio y son ya conocidos: mensajes de rechazo al migrante, a la diversidad sexual, al aborto, a los derechos de las mujeres, a los derechos laborales, etc.<\/p>\n\n\n\n<p>Estos l\u00edderes reafirman un ideario occidental en el que se autoproclaman patriotas europeos y defensores del legado de las naciones con ra\u00edces judeocristianas.<\/p>\n\n\n\n<p>En Espa\u00f1a, cuando Santiago Abascal dice cosas como \u201cHabr\u00e1 un momento en que el pueblo querr\u00e1 colgar de los pies a Pedro S\u00e1nchez\u201d, o cuando llama a los suyos para sitiar la sede socialista con gritos y amenazas de muerte, est\u00e1 llamando, sin pre\u00e1mbulos, a la violencia.<\/p>\n\n\n\n<p>Est\u00e1 creando en su propio pa\u00eds potenciales magnicidas. Este fin de semana el presidente del gobierno espa\u00f1ol ha escrito en sus redes sociales: \u00abLa internacional ultraderechista se re\u00fane hoy en Espa\u00f1a con Abascal y Milei a la cabeza. Y lo hacen aqu\u00ed porque Espa\u00f1a representa lo que ellos odian: feminismo, justicia social, dignidad laboral, Estado del bienestar y democracia\u201d.<\/p>\n\n\n\n<p>En tanto, el l\u00edder argentino apenas lleg\u00f3 a la pen\u00ednsula ib\u00e9rica, ha dicho frases como \u00abel c\u00e1ncer del socialismo\u00bb, la \u00ababerrante\u00bb justicia social y los \u00abrojitos\u00bb. No sorprenden. Son fieles a su estilo y siguen las caracter\u00edsticas descritas arriba.<\/p>\n\n\n\n<p>Cuando Milei llama a los opositores \u201czurdos de mierda\u201d, \u201cpar\u00e1sitos\u201d, \u201cbasura\u201d, o cuando dice \u00abEl feminismo es un c\u00e1ncer\u00bb, \u00abEl Estado es un enemigo del progreso\u00bb o \u00abEl aborto es un asesinato\u00bb, no est\u00e1 llamando a la paz social. Est\u00e1 incitando al odio y la intolerancia.<\/p>\n\n\n\n<p>Todos estos dichos y hechos que se han detallado conducen, sin bifurcaciones e irremediablemente, a una frase de la sabidur\u00eda popular que reza \u201cQuien siembra odios cosecha tempestades\u201d.<\/p>\n\n\n\n<p><\/p>\n\n\n\n<h3 class=\"wp-block-heading\"><strong>Tambi\u00e9n pod\u00e9s ver:<\/strong><\/h3>\n\n\n\n<p><\/p>\n\n\n\n<p><\/p>\n\n\n\n<figure class=\"wp-block-embed is-type-wp-embed is-provider-el-regional wp-block-embed-el-regional\"><div class=\"wp-block-embed__wrapper\">\n<blockquote class=\"wp-embedded-content\" data-secret=\"1j6C3r5YQZ\"><a href=\"https:\/\/elregionalvm.com.ar\/noticias-villa-maria\/dando-la-vuelta-al-mundo-aguas-agitadas-en-la-politica-global\/\">Dando la vuelta al mundo: aguas agitadas en la pol\u00edtica global<\/a><\/blockquote><iframe class=\"wp-embedded-content\" sandbox=\"allow-scripts\" security=\"restricted\" style=\"position: absolute; clip: rect(1px, 1px, 1px, 1px);\" title=\"\u00abDando la vuelta al mundo: aguas agitadas en la pol\u00edtica global\u00bb \u2014 El Regional\" src=\"https:\/\/elregionalvm.com.ar\/noticias-villa-maria\/dando-la-vuelta-al-mundo-aguas-agitadas-en-la-politica-global\/embed\/#?secret=wN67Ut0MVK#?secret=1j6C3r5YQZ\" data-secret=\"1j6C3r5YQZ\" width=\"500\" height=\"282\" frameborder=\"0\" marginwidth=\"0\" marginheight=\"0\" scrolling=\"no\"><\/iframe>\n<\/div><\/figure>\n","protected":false},"excerpt":{"rendered":"<p>Esta semana el viejo continente est\u00e1 atravesado por dos hechos importantes: el intento de magnicidio del primer ministro de Eslovaquia y el encuentro \u201cEuropa Viva 24\u201d en Madrid que re\u00fane a la extrema derecha global. Es un momento en que los veintisiete pa\u00edses de la Uni\u00f3n Europea se encuentran en plena campa\u00f1a electoral para renovar [&hellip;]<\/p>\n","protected":false},"author":4,"featured_media":94114,"comment_status":"open","ping_status":"open","sticky":false,"template":"","format":"standard","meta":{"site-sidebar-layout":"default","site-content-layout":"","ast-site-content-layout":"default","site-content-style":"default","site-sidebar-style":"default","ast-global-header-display":"","ast-banner-title-visibility":"","ast-main-header-display":"","ast-hfb-above-header-display":"","ast-hfb-below-header-display":"","ast-hfb-mobile-header-display":"","site-post-title":"","ast-breadcrumbs-content":"","ast-featured-img":"","footer-sml-layout":"","ast-disable-related-posts":"","theme-transparent-header-meta":"","adv-header-id-meta":"","stick-header-meta":"","header-above-stick-meta":"","header-main-stick-meta":"","header-below-stick-meta":"","astra-migrate-meta-layouts":"set","ast-page-background-enabled":"default","ast-page-background-meta":{"desktop":{"background-color":"","background-image":"","background-repeat":"repeat","background-position":"center center","background-size":"auto","background-attachment":"scroll","background-type":"","background-media":"","overlay-type":"","overlay-color":"","overlay-opacity":"","overlay-gradient":""},"tablet":{"background-color":"","background-image":"","background-repeat":"repeat","background-position":"center center","background-size":"auto","background-attachment":"scroll","background-type":"","background-media":"","overlay-type":"","overlay-color":"","overlay-opacity":"","overlay-gradient":""},"mobile":{"background-color":"","background-image":"","background-repeat":"repeat","background-position":"center center","background-size":"auto","background-attachment":"scroll","background-type":"","background-media":"","overlay-type":"","overlay-color":"","overlay-opacity":"","overlay-gradient":""}},"ast-content-background-meta":{"desktop":{"background-color":"var(--ast-global-color-5)","background-image":"","background-repeat":"repeat","background-position":"center center","background-size":"auto","background-attachment":"scroll","background-type":"","background-media":"","overlay-type":"","overlay-color":"","overlay-opacity":"","overlay-gradient":""},"tablet":{"background-color":"var(--ast-global-color-5)","background-image":"","background-repeat":"repeat","background-position":"center center","background-size":"auto","background-attachment":"scroll","background-type":"","background-media":"","overlay-type":"","overlay-color":"","overlay-opacity":"","overlay-gradient":""},"mobile":{"background-color":"var(--ast-global-color-5)","background-image":"","background-repeat":"repeat","background-position":"center center","background-size":"auto","background-attachment":"scroll","background-type":"","background-media":"","overlay-type":"","overlay-color":"","overlay-opacity":"","overlay-gradient":""}},"_jetpack_memberships_contains_paid_content":false,"_joinchat":[],"footnotes":""},"categories":[365,3557],"tags":[23991,8981,5053,18932,1926,23995,976,23993,23994,23992],"class_list":["post-94112","post","type-post","status-publish","format-standard","has-post-thumbnail","hentry","category-opinion","category-tercera","tag-eslovaquia","tag-europa","tag-javier-milei","tag-magnicidio","tag-odio","tag-partido-vox","tag-politica-internacional","tag-robert-fico","tag-santiago-abascal","tag-ultraderecha"],"yoast_head":"<!-- This site is optimized with the Yoast SEO plugin v26.8 - https:\/\/yoast.com\/product\/yoast-seo-wordpress\/ -->\n<title>Europa violenta: Un intento de magnicidio y una convenci\u00f3n que promueve los discursos de odio - El Regional<\/title>\n<meta name=\"robots\" content=\"index, follow, max-snippet:-1, max-image-preview:large, max-video-preview:-1\" \/>\n<link rel=\"canonical\" href=\"https:\/\/elregionalvm.com.ar\/noticias-villa-maria\/europa-violenta-un-intento-de-magnicidio-y-una-convencion-que-promueve-los-discursos-de-odio\/\" \/>\n<meta property=\"og:locale\" content=\"es_ES\" \/>\n<meta property=\"og:type\" content=\"article\" \/>\n<meta property=\"og:title\" content=\"Europa violenta: Un intento de magnicidio y una convenci\u00f3n que promueve los discursos de odio - El Regional\" \/>\n<meta property=\"og:description\" content=\"Esta semana el viejo continente est\u00e1 atravesado por dos hechos importantes: el intento de magnicidio del primer ministro de Eslovaquia y el encuentro \u201cEuropa Viva 24\u201d en Madrid que re\u00fane a la extrema derecha global. Es un momento en que los veintisiete pa\u00edses de la Uni\u00f3n Europea se encuentran en plena campa\u00f1a electoral para renovar [&hellip;]\" \/>\n<meta property=\"og:url\" content=\"https:\/\/elregionalvm.com.ar\/noticias-villa-maria\/europa-violenta-un-intento-de-magnicidio-y-una-convencion-que-promueve-los-discursos-de-odio\/\" \/>\n<meta property=\"og:site_name\" content=\"El Regional\" \/>\n<meta property=\"article:publisher\" content=\"https:\/\/www.facebook.com\/elregionalvm\" \/>\n<meta property=\"article:published_time\" content=\"2024-05-21T02:09:32+00:00\" \/>\n<meta property=\"article:modified_time\" content=\"2024-05-22T02:39:46+00:00\" \/>\n<meta property=\"og:image\" content=\"https:\/\/elregionalvm.com.ar\/noticias-villa-maria\/wp-content\/uploads\/2024\/05\/Magnicidio-intento-Milei-Abascal.jpg\" \/>\n\t<meta property=\"og:image:width\" content=\"800\" \/>\n\t<meta property=\"og:image:height\" content=\"450\" \/>\n\t<meta property=\"og:image:type\" content=\"image\/jpeg\" \/>\n<meta name=\"author\" content=\"Contenidos El Regional\" \/>\n<meta name=\"twitter:card\" content=\"summary_large_image\" \/>\n<meta name=\"twitter:creator\" content=\"@elregionalvm1\" \/>\n<meta name=\"twitter:site\" content=\"@elregionalvm1\" \/>\n<meta name=\"twitter:label1\" content=\"Escrito por\" \/>\n\t<meta name=\"twitter:data1\" content=\"Contenidos El Regional\" \/>\n\t<meta name=\"twitter:label2\" content=\"Tiempo de lectura\" \/>\n\t<meta name=\"twitter:data2\" content=\"7 minutos\" \/>\n<script type=\"application\/ld+json\" class=\"yoast-schema-graph\">{\"@context\":\"https:\/\/schema.org\",\"@graph\":[{\"@type\":\"Article\",\"@id\":\"https:\/\/elregionalvm.com.ar\/noticias-villa-maria\/europa-violenta-un-intento-de-magnicidio-y-una-convencion-que-promueve-los-discursos-de-odio\/#article\",\"isPartOf\":{\"@id\":\"https:\/\/elregionalvm.com.ar\/noticias-villa-maria\/europa-violenta-un-intento-de-magnicidio-y-una-convencion-que-promueve-los-discursos-de-odio\/\"},\"author\":{\"name\":\"Contenidos El Regional\",\"@id\":\"http:\/\/elregionalvm.com.ar\/noticias-villa-maria\/#\/schema\/person\/a0fb9c422317faca23d50163151bc354\"},\"headline\":\"Europa violenta: Un intento de magnicidio y una convenci\u00f3n que promueve los discursos de odio\",\"datePublished\":\"2024-05-21T02:09:32+00:00\",\"dateModified\":\"2024-05-22T02:39:46+00:00\",\"mainEntityOfPage\":{\"@id\":\"https:\/\/elregionalvm.com.ar\/noticias-villa-maria\/europa-violenta-un-intento-de-magnicidio-y-una-convencion-que-promueve-los-discursos-de-odio\/\"},\"wordCount\":1329,\"commentCount\":0,\"image\":{\"@id\":\"https:\/\/elregionalvm.com.ar\/noticias-villa-maria\/europa-violenta-un-intento-de-magnicidio-y-una-convencion-que-promueve-los-discursos-de-odio\/#primaryimage\"},\"thumbnailUrl\":\"https:\/\/i0.wp.com\/elregionalvm.com.ar\/noticias-villa-maria\/wp-content\/uploads\/2024\/05\/Magnicidio-intento-Milei-Abascal.jpg?fit=800%2C450&ssl=1\",\"keywords\":[\"Eslovaquia\",\"Europa\",\"Javier Milei\",\"Magnicidio\",\"odio\",\"Partido Vox\",\"Pol\u00edtica Internacional\",\"Robert Fico\",\"Santiago Abascal\",\"ultraderecha\"],\"articleSection\":[\"Opini\u00f3n\",\"tercera\"],\"inLanguage\":\"es\",\"potentialAction\":[{\"@type\":\"CommentAction\",\"name\":\"Comment\",\"target\":[\"https:\/\/elregionalvm.com.ar\/noticias-villa-maria\/europa-violenta-un-intento-de-magnicidio-y-una-convencion-que-promueve-los-discursos-de-odio\/#respond\"]}]},{\"@type\":\"WebPage\",\"@id\":\"https:\/\/elregionalvm.com.ar\/noticias-villa-maria\/europa-violenta-un-intento-de-magnicidio-y-una-convencion-que-promueve-los-discursos-de-odio\/\",\"url\":\"https:\/\/elregionalvm.com.ar\/noticias-villa-maria\/europa-violenta-un-intento-de-magnicidio-y-una-convencion-que-promueve-los-discursos-de-odio\/\",\"name\":\"Europa violenta: Un intento de magnicidio y una convenci\u00f3n que promueve los discursos de odio - El Regional\",\"isPartOf\":{\"@id\":\"http:\/\/elregionalvm.com.ar\/noticias-villa-maria\/#website\"},\"primaryImageOfPage\":{\"@id\":\"https:\/\/elregionalvm.com.ar\/noticias-villa-maria\/europa-violenta-un-intento-de-magnicidio-y-una-convencion-que-promueve-los-discursos-de-odio\/#primaryimage\"},\"image\":{\"@id\":\"https:\/\/elregionalvm.com.ar\/noticias-villa-maria\/europa-violenta-un-intento-de-magnicidio-y-una-convencion-que-promueve-los-discursos-de-odio\/#primaryimage\"},\"thumbnailUrl\":\"https:\/\/i0.wp.com\/elregionalvm.com.ar\/noticias-villa-maria\/wp-content\/uploads\/2024\/05\/Magnicidio-intento-Milei-Abascal.jpg?fit=800%2C450&ssl=1\",\"datePublished\":\"2024-05-21T02:09:32+00:00\",\"dateModified\":\"2024-05-22T02:39:46+00:00\",\"author\":{\"@id\":\"http:\/\/elregionalvm.com.ar\/noticias-villa-maria\/#\/schema\/person\/a0fb9c422317faca23d50163151bc354\"},\"breadcrumb\":{\"@id\":\"https:\/\/elregionalvm.com.ar\/noticias-villa-maria\/europa-violenta-un-intento-de-magnicidio-y-una-convencion-que-promueve-los-discursos-de-odio\/#breadcrumb\"},\"inLanguage\":\"es\",\"potentialAction\":[{\"@type\":\"ReadAction\",\"target\":[\"https:\/\/elregionalvm.com.ar\/noticias-villa-maria\/europa-violenta-un-intento-de-magnicidio-y-una-convencion-que-promueve-los-discursos-de-odio\/\"]}]},{\"@type\":\"ImageObject\",\"inLanguage\":\"es\",\"@id\":\"https:\/\/elregionalvm.com.ar\/noticias-villa-maria\/europa-violenta-un-intento-de-magnicidio-y-una-convencion-que-promueve-los-discursos-de-odio\/#primaryimage\",\"url\":\"https:\/\/i0.wp.com\/elregionalvm.com.ar\/noticias-villa-maria\/wp-content\/uploads\/2024\/05\/Magnicidio-intento-Milei-Abascal.jpg?fit=800%2C450&ssl=1\",\"contentUrl\":\"https:\/\/i0.wp.com\/elregionalvm.com.ar\/noticias-villa-maria\/wp-content\/uploads\/2024\/05\/Magnicidio-intento-Milei-Abascal.jpg?fit=800%2C450&ssl=1\",\"width\":800,\"height\":450},{\"@type\":\"BreadcrumbList\",\"@id\":\"https:\/\/elregionalvm.com.ar\/noticias-villa-maria\/europa-violenta-un-intento-de-magnicidio-y-una-convencion-que-promueve-los-discursos-de-odio\/#breadcrumb\",\"itemListElement\":[{\"@type\":\"ListItem\",\"position\":1,\"name\":\"Portada\",\"item\":\"https:\/\/elregionalvm.com.ar\/noticias-villa-maria\/\"},{\"@type\":\"ListItem\",\"position\":2,\"name\":\"Europa violenta: Un intento de magnicidio y una convenci\u00f3n que promueve los discursos de odio\"}]},{\"@type\":\"WebSite\",\"@id\":\"http:\/\/elregionalvm.com.ar\/noticias-villa-maria\/#website\",\"url\":\"http:\/\/elregionalvm.com.ar\/noticias-villa-maria\/\",\"name\":\"El Regional\",\"description\":\"Mucho m\u00e1s que informaci\u00f3n\",\"potentialAction\":[{\"@type\":\"SearchAction\",\"target\":{\"@type\":\"EntryPoint\",\"urlTemplate\":\"http:\/\/elregionalvm.com.ar\/noticias-villa-maria\/?s={search_term_string}\"},\"query-input\":{\"@type\":\"PropertyValueSpecification\",\"valueRequired\":true,\"valueName\":\"search_term_string\"}}],\"inLanguage\":\"es\"},{\"@type\":\"Person\",\"@id\":\"http:\/\/elregionalvm.com.ar\/noticias-villa-maria\/#\/schema\/person\/a0fb9c422317faca23d50163151bc354\",\"name\":\"Contenidos El Regional\",\"image\":{\"@type\":\"ImageObject\",\"inLanguage\":\"es\",\"@id\":\"http:\/\/elregionalvm.com.ar\/noticias-villa-maria\/#\/schema\/person\/image\/\",\"url\":\"https:\/\/secure.gravatar.com\/avatar\/265b27cb2209af7bb3a1318f03305787d7981a5cc6e6cd08fe5a4ecdf99d4b48?s=96&d=mm&r=g\",\"contentUrl\":\"https:\/\/secure.gravatar.com\/avatar\/265b27cb2209af7bb3a1318f03305787d7981a5cc6e6cd08fe5a4ecdf99d4b48?s=96&d=mm&r=g\",\"caption\":\"Contenidos El Regional\"},\"url\":\"https:\/\/elregionalvm.com.ar\/noticias-villa-maria\/author\/contenido\/\"}]}<\/script>\n<!-- \/ Yoast SEO plugin. -->","yoast_head_json":{"title":"Europa violenta: Un intento de magnicidio y una convenci\u00f3n que promueve los discursos de odio - El Regional","robots":{"index":"index","follow":"follow","max-snippet":"max-snippet:-1","max-image-preview":"max-image-preview:large","max-video-preview":"max-video-preview:-1"},"canonical":"https:\/\/elregionalvm.com.ar\/noticias-villa-maria\/europa-violenta-un-intento-de-magnicidio-y-una-convencion-que-promueve-los-discursos-de-odio\/","og_locale":"es_ES","og_type":"article","og_title":"Europa violenta: Un intento de magnicidio y una convenci\u00f3n que promueve los discursos de odio - El Regional","og_description":"Esta semana el viejo continente est\u00e1 atravesado por dos hechos importantes: el intento de magnicidio del primer ministro de Eslovaquia y el encuentro \u201cEuropa Viva 24\u201d en Madrid que re\u00fane a la extrema derecha global. Es un momento en que los veintisiete pa\u00edses de la Uni\u00f3n Europea se encuentran en plena campa\u00f1a electoral para renovar [&hellip;]","og_url":"https:\/\/elregionalvm.com.ar\/noticias-villa-maria\/europa-violenta-un-intento-de-magnicidio-y-una-convencion-que-promueve-los-discursos-de-odio\/","og_site_name":"El Regional","article_publisher":"https:\/\/www.facebook.com\/elregionalvm","article_published_time":"2024-05-21T02:09:32+00:00","article_modified_time":"2024-05-22T02:39:46+00:00","og_image":[{"width":800,"height":450,"url":"https:\/\/elregionalvm.com.ar\/noticias-villa-maria\/wp-content\/uploads\/2024\/05\/Magnicidio-intento-Milei-Abascal.jpg","type":"image\/jpeg"}],"author":"Contenidos El Regional","twitter_card":"summary_large_image","twitter_creator":"@elregionalvm1","twitter_site":"@elregionalvm1","twitter_misc":{"Escrito por":"Contenidos El Regional","Tiempo de lectura":"7 minutos"},"schema":{"@context":"https:\/\/schema.org","@graph":[{"@type":"Article","@id":"https:\/\/elregionalvm.com.ar\/noticias-villa-maria\/europa-violenta-un-intento-de-magnicidio-y-una-convencion-que-promueve-los-discursos-de-odio\/#article","isPartOf":{"@id":"https:\/\/elregionalvm.com.ar\/noticias-villa-maria\/europa-violenta-un-intento-de-magnicidio-y-una-convencion-que-promueve-los-discursos-de-odio\/"},"author":{"name":"Contenidos El Regional","@id":"http:\/\/elregionalvm.com.ar\/noticias-villa-maria\/#\/schema\/person\/a0fb9c422317faca23d50163151bc354"},"headline":"Europa violenta: Un intento de magnicidio y una convenci\u00f3n que promueve los discursos de odio","datePublished":"2024-05-21T02:09:32+00:00","dateModified":"2024-05-22T02:39:46+00:00","mainEntityOfPage":{"@id":"https:\/\/elregionalvm.com.ar\/noticias-villa-maria\/europa-violenta-un-intento-de-magnicidio-y-una-convencion-que-promueve-los-discursos-de-odio\/"},"wordCount":1329,"commentCount":0,"image":{"@id":"https:\/\/elregionalvm.com.ar\/noticias-villa-maria\/europa-violenta-un-intento-de-magnicidio-y-una-convencion-que-promueve-los-discursos-de-odio\/#primaryimage"},"thumbnailUrl":"https:\/\/i0.wp.com\/elregionalvm.com.ar\/noticias-villa-maria\/wp-content\/uploads\/2024\/05\/Magnicidio-intento-Milei-Abascal.jpg?fit=800%2C450&ssl=1","keywords":["Eslovaquia","Europa","Javier Milei","Magnicidio","odio","Partido Vox","Pol\u00edtica Internacional","Robert Fico","Santiago Abascal","ultraderecha"],"articleSection":["Opini\u00f3n","tercera"],"inLanguage":"es","potentialAction":[{"@type":"CommentAction","name":"Comment","target":["https:\/\/elregionalvm.com.ar\/noticias-villa-maria\/europa-violenta-un-intento-de-magnicidio-y-una-convencion-que-promueve-los-discursos-de-odio\/#respond"]}]},{"@type":"WebPage","@id":"https:\/\/elregionalvm.com.ar\/noticias-villa-maria\/europa-violenta-un-intento-de-magnicidio-y-una-convencion-que-promueve-los-discursos-de-odio\/","url":"https:\/\/elregionalvm.com.ar\/noticias-villa-maria\/europa-violenta-un-intento-de-magnicidio-y-una-convencion-que-promueve-los-discursos-de-odio\/","name":"Europa violenta: Un intento de magnicidio y una convenci\u00f3n que promueve los discursos de odio - El Regional","isPartOf":{"@id":"http:\/\/elregionalvm.com.ar\/noticias-villa-maria\/#website"},"primaryImageOfPage":{"@id":"https:\/\/elregionalvm.com.ar\/noticias-villa-maria\/europa-violenta-un-intento-de-magnicidio-y-una-convencion-que-promueve-los-discursos-de-odio\/#primaryimage"},"image":{"@id":"https:\/\/elregionalvm.com.ar\/noticias-villa-maria\/europa-violenta-un-intento-de-magnicidio-y-una-convencion-que-promueve-los-discursos-de-odio\/#primaryimage"},"thumbnailUrl":"https:\/\/i0.wp.com\/elregionalvm.com.ar\/noticias-villa-maria\/wp-content\/uploads\/2024\/05\/Magnicidio-intento-Milei-Abascal.jpg?fit=800%2C450&ssl=1","datePublished":"2024-05-21T02:09:32+00:00","dateModified":"2024-05-22T02:39:46+00:00","author":{"@id":"http:\/\/elregionalvm.com.ar\/noticias-villa-maria\/#\/schema\/person\/a0fb9c422317faca23d50163151bc354"},"breadcrumb":{"@id":"https:\/\/elregionalvm.com.ar\/noticias-villa-maria\/europa-violenta-un-intento-de-magnicidio-y-una-convencion-que-promueve-los-discursos-de-odio\/#breadcrumb"},"inLanguage":"es","potentialAction":[{"@type":"ReadAction","target":["https:\/\/elregionalvm.com.ar\/noticias-villa-maria\/europa-violenta-un-intento-de-magnicidio-y-una-convencion-que-promueve-los-discursos-de-odio\/"]}]},{"@type":"ImageObject","inLanguage":"es","@id":"https:\/\/elregionalvm.com.ar\/noticias-villa-maria\/europa-violenta-un-intento-de-magnicidio-y-una-convencion-que-promueve-los-discursos-de-odio\/#primaryimage","url":"https:\/\/i0.wp.com\/elregionalvm.com.ar\/noticias-villa-maria\/wp-content\/uploads\/2024\/05\/Magnicidio-intento-Milei-Abascal.jpg?fit=800%2C450&ssl=1","contentUrl":"https:\/\/i0.wp.com\/elregionalvm.com.ar\/noticias-villa-maria\/wp-content\/uploads\/2024\/05\/Magnicidio-intento-Milei-Abascal.jpg?fit=800%2C450&ssl=1","width":800,"height":450},{"@type":"BreadcrumbList","@id":"https:\/\/elregionalvm.com.ar\/noticias-villa-maria\/europa-violenta-un-intento-de-magnicidio-y-una-convencion-que-promueve-los-discursos-de-odio\/#breadcrumb","itemListElement":[{"@type":"ListItem","position":1,"name":"Portada","item":"https:\/\/elregionalvm.com.ar\/noticias-villa-maria\/"},{"@type":"ListItem","position":2,"name":"Europa violenta: Un intento de magnicidio y una convenci\u00f3n que promueve los discursos de odio"}]},{"@type":"WebSite","@id":"http:\/\/elregionalvm.com.ar\/noticias-villa-maria\/#website","url":"http:\/\/elregionalvm.com.ar\/noticias-villa-maria\/","name":"El Regional","description":"Mucho m\u00e1s que informaci\u00f3n","potentialAction":[{"@type":"SearchAction","target":{"@type":"EntryPoint","urlTemplate":"http:\/\/elregionalvm.com.ar\/noticias-villa-maria\/?s={search_term_string}"},"query-input":{"@type":"PropertyValueSpecification","valueRequired":true,"valueName":"search_term_string"}}],"inLanguage":"es"},{"@type":"Person","@id":"http:\/\/elregionalvm.com.ar\/noticias-villa-maria\/#\/schema\/person\/a0fb9c422317faca23d50163151bc354","name":"Contenidos El Regional","image":{"@type":"ImageObject","inLanguage":"es","@id":"http:\/\/elregionalvm.com.ar\/noticias-villa-maria\/#\/schema\/person\/image\/","url":"https:\/\/secure.gravatar.com\/avatar\/265b27cb2209af7bb3a1318f03305787d7981a5cc6e6cd08fe5a4ecdf99d4b48?s=96&d=mm&r=g","contentUrl":"https:\/\/secure.gravatar.com\/avatar\/265b27cb2209af7bb3a1318f03305787d7981a5cc6e6cd08fe5a4ecdf99d4b48?s=96&d=mm&r=g","caption":"Contenidos El Regional"},"url":"https:\/\/elregionalvm.com.ar\/noticias-villa-maria\/author\/contenido\/"}]}},"jetpack_featured_media_url":"https:\/\/i0.wp.com\/elregionalvm.com.ar\/noticias-villa-maria\/wp-content\/uploads\/2024\/05\/Magnicidio-intento-Milei-Abascal.jpg?fit=800%2C450&ssl=1","jetpack_sharing_enabled":true,"_links":{"self":[{"href":"https:\/\/elregionalvm.com.ar\/noticias-villa-maria\/wp-json\/wp\/v2\/posts\/94112","targetHints":{"allow":["GET"]}}],"collection":[{"href":"https:\/\/elregionalvm.com.ar\/noticias-villa-maria\/wp-json\/wp\/v2\/posts"}],"about":[{"href":"https:\/\/elregionalvm.com.ar\/noticias-villa-maria\/wp-json\/wp\/v2\/types\/post"}],"author":[{"embeddable":true,"href":"https:\/\/elregionalvm.com.ar\/noticias-villa-maria\/wp-json\/wp\/v2\/users\/4"}],"replies":[{"embeddable":true,"href":"https:\/\/elregionalvm.com.ar\/noticias-villa-maria\/wp-json\/wp\/v2\/comments?post=94112"}],"version-history":[{"count":2,"href":"https:\/\/elregionalvm.com.ar\/noticias-villa-maria\/wp-json\/wp\/v2\/posts\/94112\/revisions"}],"predecessor-version":[{"id":94117,"href":"https:\/\/elregionalvm.com.ar\/noticias-villa-maria\/wp-json\/wp\/v2\/posts\/94112\/revisions\/94117"}],"wp:featuredmedia":[{"embeddable":true,"href":"https:\/\/elregionalvm.com.ar\/noticias-villa-maria\/wp-json\/wp\/v2\/media\/94114"}],"wp:attachment":[{"href":"https:\/\/elregionalvm.com.ar\/noticias-villa-maria\/wp-json\/wp\/v2\/media?parent=94112"}],"wp:term":[{"taxonomy":"category","embeddable":true,"href":"https:\/\/elregionalvm.com.ar\/noticias-villa-maria\/wp-json\/wp\/v2\/categories?post=94112"},{"taxonomy":"post_tag","embeddable":true,"href":"https:\/\/elregionalvm.com.ar\/noticias-villa-maria\/wp-json\/wp\/v2\/tags?post=94112"}],"curies":[{"name":"wp","href":"https:\/\/api.w.org\/{rel}","templated":true}]}}