{"id":94118,"date":"2024-05-21T02:45:52","date_gmt":"2024-05-21T02:45:52","guid":{"rendered":"https:\/\/elregionalvm.com.ar\/noticias-villa-maria\/?p=94118"},"modified":"2024-05-27T01:41:20","modified_gmt":"2024-05-27T01:41:20","slug":"opinion-latinoamerica-no-existe-ni-siquiera-podemos-hermanar-nuestra-argentinidad","status":"publish","type":"post","link":"https:\/\/elregionalvm.com.ar\/noticias-villa-maria\/opinion-latinoamerica-no-existe-ni-siquiera-podemos-hermanar-nuestra-argentinidad\/","title":{"rendered":"[Opini\u00f3n] Latinoam\u00e9rica no existe: Ni siquiera podemos hermanar nuestra argentinidad"},"content":{"rendered":"\n<h3 class=\"wp-block-heading\"><strong>Latinoam\u00e9rica no existe. Pasamos casi todas nuestras vidas creyendo en los manuales de historia y en los planos cartogr\u00e1ficos, en los tratados de sociolog\u00eda y en los discursos pol\u00edticos. Pero no podemos hablar de hermandad latinoamericana, si a\u00fan no pudimos hermanar nuestra argentinidad. \u00a0<\/strong><\/h3>\n\n\n\n<p><\/p>\n\n\n\n<p><strong>Escribe: Germ\u00e1n Giacchero<\/strong><\/p>\n\n\n\n<p><\/p>\n\n\n\n<p>Latinoam\u00e9rica no existe, se\u00f1ores y se\u00f1ores.<\/p>\n\n\n\n<p>Por m\u00e1s que muchas veces nos empe\u00f1emos en creer lo contrario. Si no para todos, por lo menos para una gran masa de argentinos.<\/p>\n\n\n\n<p>No soy un desencantado, aunque tantas veces me gane el pesimismo, ni tampoco utop\u00eda ha pasado a ser una palabra vulgar en mi vocabulario. Pero ya no creo tanto en los versos de \u201cHermano americano\u201d, ni en la fantas\u00eda bolivariana ni en el ideal mutilado de San Mart\u00edn. Ni siquiera ellos pudieron ponerse de acuerdo.<\/p>\n\n\n\n<p>Y no se trata de una revelaci\u00f3n ni mucho menos. Pero no basta con unos pocos trazos en un mapa para encerrar un sentimiento de hermandad.<\/p>\n\n\n\n<p>No basta el sue\u00f1o de los pr\u00f3ceres de Am\u00e9rica para desterrar con sangre las disputas de la geograf\u00eda y las heridas de la historia.<\/p>\n\n\n\n<p>No basta con el legado tr\u00e1gico de las madres patrias que parieron a nuestros pa\u00edses, ni con que un pu\u00f1ado de bur\u00f3cratas divida la Tierra a su antojo y les asignen su lugar en el universo. Tercer Mundo, No Alineados, Alianza para el Progreso, ALCA, Subsecretar\u00eda de \u201cAsuntos Latinoamericanos\u201d y dem\u00e1s.<\/p>\n\n\n\n<p><\/p>\n\n\n\n<figure class=\"wp-block-image size-large\"><img data-recalc-dims=\"1\" fetchpriority=\"high\" decoding=\"async\" width=\"1024\" height=\"631\" src=\"https:\/\/i0.wp.com\/elregionalvm.com.ar\/noticias-villa-maria\/wp-content\/uploads\/2022\/11\/San-Martin-Bolivar-entrevista-de-Guayaquil.jpg?resize=1024%2C631&#038;ssl=1\" alt=\"\" class=\"wp-image-66587\" srcset=\"https:\/\/i0.wp.com\/elregionalvm.com.ar\/noticias-villa-maria\/wp-content\/uploads\/2022\/11\/San-Martin-Bolivar-entrevista-de-Guayaquil.jpg?resize=1024%2C631&amp;ssl=1 1024w, https:\/\/i0.wp.com\/elregionalvm.com.ar\/noticias-villa-maria\/wp-content\/uploads\/2022\/11\/San-Martin-Bolivar-entrevista-de-Guayaquil.jpg?resize=300%2C185&amp;ssl=1 300w, https:\/\/i0.wp.com\/elregionalvm.com.ar\/noticias-villa-maria\/wp-content\/uploads\/2022\/11\/San-Martin-Bolivar-entrevista-de-Guayaquil.jpg?resize=768%2C474&amp;ssl=1 768w, https:\/\/i0.wp.com\/elregionalvm.com.ar\/noticias-villa-maria\/wp-content\/uploads\/2022\/11\/San-Martin-Bolivar-entrevista-de-Guayaquil.jpg?w=1200&amp;ssl=1 1200w\" sizes=\"(max-width: 1000px) 100vw, 1000px\" \/><figcaption class=\"wp-element-caption\"><em>San Mart\u00edn y Bolivar, los libertadores que no pudieron ponerse de acuerdo. <\/em><\/figcaption><\/figure>\n\n\n\n<p><\/p>\n\n\n\n<p>Tampoco alcanzan la belleza unificadora del lenguaje y la tristeza cr\u00f3nica de la pobreza; el amor-odio por el Che y Garc\u00eda M\u00e1rquez o Galeano, y el espanto por Trump, Videla y todos los milicos al servicio del imperialismo.<\/p>\n\n\n\n<p>Ni la pasi\u00f3n por el f\u00fatbol, ni la vanidad por las mujeres m\u00e1s ardientes y los culos m\u00e1s lindos del planeta, ni la atrocidad de nuestras dictaduras continentales, ni la postal de latino-narco-chorro-corrupto-criminal tan t\u00edpica de las pel\u00edculas bienintencionadas de Hoollywood o de Netflix.<\/p>\n\n\n\n<p>Tampoco, mal que nos pese, los \u201ccinco siglos igual\u201d de los pueblos originarios. Iguales de pobres, iguales de sometidos, iguales de olvidados.<\/p>\n\n\n\n<p><\/p>\n\n\n\n<figure class=\"wp-block-pullquote\"><blockquote><p><strong>Am\u00e9rica Latina, la de las venas abiertas, la de los pu\u00f1os cerrados, la de las manos encadenadas, la de los pies destrozados, la de las almas desaparecidas, la de las riquezas devastadas, la de los corazones fusilados<\/strong><\/p><\/blockquote><\/figure>\n\n\n\n<p><\/p>\n\n\n\n<p>\u00bfLatinoam\u00e9rica fue, entonces, solo un sue\u00f1o loco y atormentado de San Mart\u00edn y de Bol\u00edvar? \u00bfEs la tierra f\u00e9rtil para abonar la revoluci\u00f3n como so\u00f1aron Fidel, el Che y tantos otros? \u00bfEs el delirio afiebrado de Ch\u00e1vez, Maduro y su lucha contra el Imperio?<\/p>\n\n\n\n<p>\u00bfEs la doncella virgen para que los secuaces del sistema financiero mundial hinquen sus dientes, hagan sus experimentos y desangren a millones de seres humanos? Quiz\u00e1s s\u00ed. Tal vez no.<\/p>\n\n\n\n<p><strong>Sin latinoamericanitis<\/strong><\/p>\n\n\n\n<p>Am\u00e9rica Latina, la de las venas abiertas, la de los pu\u00f1os cerrados, la de las manos encadenadas, la de los pies destrozados, la de las almas desaparecidas, la de las riquezas devastadas, la de los corazones fusilados.<\/p>\n\n\n\n<p>Nos apretuja una antolog\u00eda completa de tragedias compartidas. Pero no las sentimos totalmente nuestras. Am\u00e9rica Latina no existe en nuestras entra\u00f1as, no se hizo carne en nuestra cultura, ni se grita a viva voz en nuestra ideolog\u00eda diversa.<\/p>\n\n\n\n<p>Es una gran coraza de agua y fuego, de selva y desierto, de hambre y abundancia, pero con un coraz\u00f3n ausente, exiliado. No existe el sentimiento latinoamericano. Falta mucho de eso que Sandino, el libertador nicarag\u00fcense, llamaba \u201clatinoamericanitis aguda\u201d.<\/p>\n\n\n\n<p><\/p>\n\n\n\n<figure class=\"wp-block-image size-large\"><img data-recalc-dims=\"1\" decoding=\"async\" width=\"1024\" height=\"683\" src=\"https:\/\/i0.wp.com\/elregionalvm.com.ar\/noticias-villa-maria\/wp-content\/uploads\/2021\/03\/Mujer-bandera-argentina-protesta-absurdo-2.jpg?resize=1024%2C683&#038;ssl=1\" alt=\"\" class=\"wp-image-33897\" srcset=\"https:\/\/i0.wp.com\/elregionalvm.com.ar\/noticias-villa-maria\/wp-content\/uploads\/2021\/03\/Mujer-bandera-argentina-protesta-absurdo-2.jpg?resize=1024%2C683&amp;ssl=1 1024w, https:\/\/i0.wp.com\/elregionalvm.com.ar\/noticias-villa-maria\/wp-content\/uploads\/2021\/03\/Mujer-bandera-argentina-protesta-absurdo-2.jpg?resize=300%2C200&amp;ssl=1 300w, https:\/\/i0.wp.com\/elregionalvm.com.ar\/noticias-villa-maria\/wp-content\/uploads\/2021\/03\/Mujer-bandera-argentina-protesta-absurdo-2.jpg?resize=768%2C512&amp;ssl=1 768w, https:\/\/i0.wp.com\/elregionalvm.com.ar\/noticias-villa-maria\/wp-content\/uploads\/2021\/03\/Mujer-bandera-argentina-protesta-absurdo-2.jpg?w=1200&amp;ssl=1 1200w\" sizes=\"(max-width: 1000px) 100vw, 1000px\" \/><\/figure>\n\n\n\n<p><\/p>\n\n\n\n<p>No hay idea de familia, no existen lazos sangu\u00edneos que act\u00faen como excusa, no hay un alma compartida. Nos sentimos separados, diferentes, distanciados.<\/p>\n\n\n\n<p>No pregonamos el amor con ninguno de nuestros vecinos cerca y para cada uno de ellos tenemos un mote descalificador: bolitas, paraguas y dem\u00e1s.<\/p>\n\n\n\n<p>No nos sentimos parte del mestizaje criollo que predomina desde Tijuana hasta Usuahia, es m\u00e1s, lo despreciamos. Ni el MERCOSUR nos resulta tan amigable. En los hechos nos peleamos por los aranceles aduaneros y por las ventajas comerciales que nos saca Brasil. Y ni hablar de f\u00fatbol.<\/p>\n\n\n\n<p><\/p>\n\n\n\n<figure class=\"wp-block-pullquote\"><blockquote><p><strong>Latinoam\u00e9rica no deja de ser, m\u00e1s all\u00e1 de sus tremendas coincidencias, una especie de ilusi\u00f3n \u00f3ptica en el planisferio, un capricho de la naturaleza, una abstracci\u00f3n de nuestra psicolog\u00eda<\/strong><\/p><\/blockquote><\/figure>\n\n\n\n<p><\/p>\n\n\n\n<p><strong>\u00bfD\u00f3nde est\u00e1?<\/strong><\/p>\n\n\n\n<p>Latinoam\u00e9rica no existe. Si hasta el gentilicio nos han birlado. Ellos, los grandes cuatreros de la historia, aseguran ser los aut\u00e9nticos americanos. Am\u00e9rica es la Tierra Prometida, pero del Tr\u00f3pico de C\u00e1ncer para arriba.<\/p>\n\n\n\n<p>Americanos dicen ser Trump, Biden, Bush y Obama. Republicanos o dem\u00f3cratas lo mismo da. A fin de cuentas, el resultado siempre es igual. Parafraseando a Per\u00f3n, para un (norte)americano no hay nada mejor que otro (norte)americano\u201d.<\/p>\n\n\n\n<p><\/p>\n\n\n\n<figure class=\"wp-block-image size-large\"><img data-recalc-dims=\"1\" decoding=\"async\" width=\"1024\" height=\"765\" src=\"https:\/\/i0.wp.com\/elregionalvm.com.ar\/noticias-villa-maria\/wp-content\/uploads\/2020\/12\/Estados-Unidos-versus-Latinoamerica.jpg?resize=1024%2C765&#038;ssl=1\" alt=\"\" class=\"wp-image-28853\" srcset=\"https:\/\/i0.wp.com\/elregionalvm.com.ar\/noticias-villa-maria\/wp-content\/uploads\/2020\/12\/Estados-Unidos-versus-Latinoamerica.jpg?resize=1024%2C765&amp;ssl=1 1024w, https:\/\/i0.wp.com\/elregionalvm.com.ar\/noticias-villa-maria\/wp-content\/uploads\/2020\/12\/Estados-Unidos-versus-Latinoamerica.jpg?resize=300%2C224&amp;ssl=1 300w, https:\/\/i0.wp.com\/elregionalvm.com.ar\/noticias-villa-maria\/wp-content\/uploads\/2020\/12\/Estados-Unidos-versus-Latinoamerica.jpg?resize=768%2C574&amp;ssl=1 768w, https:\/\/i0.wp.com\/elregionalvm.com.ar\/noticias-villa-maria\/wp-content\/uploads\/2020\/12\/Estados-Unidos-versus-Latinoamerica.jpg?w=1068&amp;ssl=1 1068w\" sizes=\"(max-width: 1000px) 100vw, 1000px\" \/><\/figure>\n\n\n\n<p><\/p>\n\n\n\n<p>Y si es que existe, \u00bfd\u00f3nde se encuentra Latinoam\u00e9rica?<\/p>\n\n\n\n<p>\u00bfEst\u00e1 Am\u00e9rica Latina en la Cuba de Fidel o entre los cubanos de Miami Beach?<\/p>\n\n\n\n<p>\u00bfEst\u00e1 en la miseria del Altiplano, de las favelas o de nuestras villas, o en la riqueza subterr\u00e1nea de Bolivia, Brasil y Argentina?<\/p>\n\n\n\n<p>\u00bfEst\u00e1 en el petr\u00f3leo negro de Venezuela o en el negro destino de miles de venezolanos?<\/p>\n\n\n\n<p>\u00bfEst\u00e1 entre los palacetes y las tiendas de moda en Recoleta, o en los basurales de las grandes capitales?<\/p>\n\n\n\n<p>\u00bfEst\u00e1 con Milei o Cristina, con Bolsonaro o Lula? \u00bfO prefiere quedarse con otros nombres y en otra parte?<\/p>\n\n\n\n<p>\u00bfEs la de los comandantes aprendices de la Escuela de las Am\u00e9ricas, la del subcomandante Marcos o la de los colombianos paramilitares?<\/p>\n\n\n\n<p>\u00bfEst\u00e1 en sus r\u00edos envenenados, en su Amazonia despedazada o en sus acu\u00edferos codiciados?<\/p>\n\n\n\n<p>\u00bfEst\u00e1 en su folklore, en sus cumbias y vallenatos, en sus sambas y cuartetazos, o huele a reguet\u00f3n y rockandrolles? <\/p>\n\n\n\n<p>\u00bfEs la de los indios, negros, pobres, sudacas, chicanos, mojados, sintierras y esclavos, o la de los ricos, estafadores, ladronzuelos, patrones y narcos?<\/p>\n\n\n\n<p>La respuesta es obvia. Est\u00e1 en todo eso. Es todo eso y mucho m\u00e1s.<\/p>\n\n\n\n<p>Pero no deja de ser, m\u00e1s all\u00e1 de sus tremendas coincidencias, una especie de ilusi\u00f3n \u00f3ptica en el planisferio, un capricho de la naturaleza, una abstracci\u00f3n de nuestra psicolog\u00eda.<\/p>\n\n\n\n<p>Por lo menos, es una mentira de manual escolar para millones de nosotros, argentinos, que memorizamos de taquito eso de la hermandad latinoamericana sin siquiera haber aprendido primero a hermanar nuestra argentinidad.<\/p>\n\n\n\n<p>Eso que, desde hace a\u00f1os, pareciera, ser\u00eda mucho pedir.<\/p>\n\n\n\n<p><\/p>\n\n\n\n<h3 class=\"wp-block-heading\"><strong>Tambi\u00e9n pod\u00e9s ver:<\/strong><\/h3>\n\n\n\n<p><\/p>\n\n\n\n<figure class=\"wp-block-embed is-type-wp-embed is-provider-el-regional wp-block-embed-el-regional\"><div class=\"wp-block-embed__wrapper\">\n<blockquote class=\"wp-embedded-content\" data-secret=\"nnANJyrbNZ\"><a href=\"https:\/\/elregionalvm.com.ar\/noticias-villa-maria\/vivir-en-el-amazonas-misterio-drogas-y-violencia-en-la-selva-ecuatoriana\/\">Vivir en el Amazonas: Misterio, drogas y violencia en la selva ecuatoriana<\/a><\/blockquote><iframe class=\"wp-embedded-content\" sandbox=\"allow-scripts\" security=\"restricted\" style=\"position: absolute; clip: rect(1px, 1px, 1px, 1px);\" title=\"\u00abVivir en el Amazonas: Misterio, drogas y violencia en la selva ecuatoriana\u00bb \u2014 El Regional\" src=\"https:\/\/elregionalvm.com.ar\/noticias-villa-maria\/vivir-en-el-amazonas-misterio-drogas-y-violencia-en-la-selva-ecuatoriana\/embed\/#?secret=BrqrE0nH0V#?secret=nnANJyrbNZ\" data-secret=\"nnANJyrbNZ\" width=\"500\" height=\"282\" frameborder=\"0\" marginwidth=\"0\" marginheight=\"0\" scrolling=\"no\"><\/iframe>\n<\/div><\/figure>\n","protected":false},"excerpt":{"rendered":"<p>Latinoam\u00e9rica no existe. Pasamos casi todas nuestras vidas creyendo en los manuales de historia y en los planos cartogr\u00e1ficos, en los tratados de sociolog\u00eda y en los discursos pol\u00edticos. Pero no podemos hablar de hermandad latinoamericana, si a\u00fan no pudimos hermanar nuestra argentinidad. \u00a0 Escribe: Germ\u00e1n Giacchero Latinoam\u00e9rica no existe, se\u00f1ores y se\u00f1ores. Por m\u00e1s [&hellip;]<\/p>\n","protected":false},"author":6,"featured_media":94121,"comment_status":"open","ping_status":"open","sticky":false,"template":"","format":"standard","meta":{"site-sidebar-layout":"default","site-content-layout":"","ast-site-content-layout":"default","site-content-style":"default","site-sidebar-style":"default","ast-global-header-display":"","ast-banner-title-visibility":"","ast-main-header-display":"","ast-hfb-above-header-display":"","ast-hfb-below-header-display":"","ast-hfb-mobile-header-display":"","site-post-title":"","ast-breadcrumbs-content":"","ast-featured-img":"","footer-sml-layout":"","ast-disable-related-posts":"","theme-transparent-header-meta":"","adv-header-id-meta":"","stick-header-meta":"","header-above-stick-meta":"","header-main-stick-meta":"","header-below-stick-meta":"","astra-migrate-meta-layouts":"set","ast-page-background-enabled":"default","ast-page-background-meta":{"desktop":{"background-color":"","background-image":"","background-repeat":"repeat","background-position":"center center","background-size":"auto","background-attachment":"scroll","background-type":"","background-media":"","overlay-type":"","overlay-color":"","overlay-opacity":"","overlay-gradient":""},"tablet":{"background-color":"","background-image":"","background-repeat":"repeat","background-position":"center center","background-size":"auto","background-attachment":"scroll","background-type":"","background-media":"","overlay-type":"","overlay-color":"","overlay-opacity":"","overlay-gradient":""},"mobile":{"background-color":"","background-image":"","background-repeat":"repeat","background-position":"center center","background-size":"auto","background-attachment":"scroll","background-type":"","background-media":"","overlay-type":"","overlay-color":"","overlay-opacity":"","overlay-gradient":""}},"ast-content-background-meta":{"desktop":{"background-color":"var(--ast-global-color-5)","background-image":"","background-repeat":"repeat","background-position":"center center","background-size":"auto","background-attachment":"scroll","background-type":"","background-media":"","overlay-type":"","overlay-color":"","overlay-opacity":"","overlay-gradient":""},"tablet":{"background-color":"var(--ast-global-color-5)","background-image":"","background-repeat":"repeat","background-position":"center center","background-size":"auto","background-attachment":"scroll","background-type":"","background-media":"","overlay-type":"","overlay-color":"","overlay-opacity":"","overlay-gradient":""},"mobile":{"background-color":"var(--ast-global-color-5)","background-image":"","background-repeat":"repeat","background-position":"center center","background-size":"auto","background-attachment":"scroll","background-type":"","background-media":"","overlay-type":"","overlay-color":"","overlay-opacity":"","overlay-gradient":""}},"_jetpack_memberships_contains_paid_content":false,"_joinchat":[],"footnotes":""},"categories":[365,3557],"tags":[15582,15859,23996,23998,4571,1663,519,23997],"class_list":["post-94118","post","type-post","status-publish","format-standard","has-post-thumbnail","hentry","category-opinion","category-tercera","tag-argentinidad","tag-geografia","tag-hermandad","tag-ideologias","tag-latinoamerica","tag-musica","tag-politica","tag-sociologia"],"yoast_head":"<!-- This site is optimized with the Yoast SEO plugin v26.8 - https:\/\/yoast.com\/product\/yoast-seo-wordpress\/ -->\n<title>[Opini\u00f3n] Latinoam\u00e9rica no existe: Ni siquiera podemos hermanar nuestra argentinidad - El Regional<\/title>\n<meta name=\"robots\" content=\"index, follow, max-snippet:-1, max-image-preview:large, max-video-preview:-1\" \/>\n<link rel=\"canonical\" href=\"https:\/\/elregionalvm.com.ar\/noticias-villa-maria\/opinion-latinoamerica-no-existe-ni-siquiera-podemos-hermanar-nuestra-argentinidad\/\" \/>\n<meta property=\"og:locale\" content=\"es_ES\" \/>\n<meta property=\"og:type\" content=\"article\" \/>\n<meta property=\"og:title\" content=\"[Opini\u00f3n] Latinoam\u00e9rica no existe: Ni siquiera podemos hermanar nuestra argentinidad - El Regional\" \/>\n<meta property=\"og:description\" content=\"Latinoam\u00e9rica no existe. Pasamos casi todas nuestras vidas creyendo en los manuales de historia y en los planos cartogr\u00e1ficos, en los tratados de sociolog\u00eda y en los discursos pol\u00edticos. Pero no podemos hablar de hermandad latinoamericana, si a\u00fan no pudimos hermanar nuestra argentinidad. \u00a0 Escribe: Germ\u00e1n Giacchero Latinoam\u00e9rica no existe, se\u00f1ores y se\u00f1ores. Por m\u00e1s [&hellip;]\" \/>\n<meta property=\"og:url\" content=\"https:\/\/elregionalvm.com.ar\/noticias-villa-maria\/opinion-latinoamerica-no-existe-ni-siquiera-podemos-hermanar-nuestra-argentinidad\/\" \/>\n<meta property=\"og:site_name\" content=\"El Regional\" \/>\n<meta property=\"article:publisher\" content=\"https:\/\/www.facebook.com\/elregionalvm\" \/>\n<meta property=\"article:published_time\" content=\"2024-05-21T02:45:52+00:00\" \/>\n<meta property=\"article:modified_time\" content=\"2024-05-27T01:41:20+00:00\" \/>\n<meta property=\"og:image\" content=\"https:\/\/elregionalvm.com.ar\/noticias-villa-maria\/wp-content\/uploads\/2024\/05\/milei-latinoamerica-argentinidad.webp\" \/>\n\t<meta property=\"og:image:width\" content=\"1200\" \/>\n\t<meta property=\"og:image:height\" content=\"675\" \/>\n\t<meta property=\"og:image:type\" content=\"image\/webp\" \/>\n<meta name=\"author\" content=\"Germ\u00e1n Giacchero\" \/>\n<meta name=\"twitter:card\" content=\"summary_large_image\" \/>\n<meta name=\"twitter:creator\" content=\"@elregionalvm1\" \/>\n<meta name=\"twitter:site\" content=\"@elregionalvm1\" \/>\n<meta name=\"twitter:label1\" content=\"Escrito por\" \/>\n\t<meta name=\"twitter:data1\" content=\"Germ\u00e1n Giacchero\" \/>\n\t<meta name=\"twitter:label2\" content=\"Tiempo de lectura\" \/>\n\t<meta name=\"twitter:data2\" content=\"6 minutos\" \/>\n<script type=\"application\/ld+json\" class=\"yoast-schema-graph\">{\"@context\":\"https:\/\/schema.org\",\"@graph\":[{\"@type\":\"Article\",\"@id\":\"https:\/\/elregionalvm.com.ar\/noticias-villa-maria\/opinion-latinoamerica-no-existe-ni-siquiera-podemos-hermanar-nuestra-argentinidad\/#article\",\"isPartOf\":{\"@id\":\"https:\/\/elregionalvm.com.ar\/noticias-villa-maria\/opinion-latinoamerica-no-existe-ni-siquiera-podemos-hermanar-nuestra-argentinidad\/\"},\"author\":{\"name\":\"Germ\u00e1n Giacchero\",\"@id\":\"http:\/\/elregionalvm.com.ar\/noticias-villa-maria\/#\/schema\/person\/d5e4b04966154131701e52c45d3efec9\"},\"headline\":\"[Opini\u00f3n] Latinoam\u00e9rica no existe: Ni siquiera podemos hermanar nuestra argentinidad\",\"datePublished\":\"2024-05-21T02:45:52+00:00\",\"dateModified\":\"2024-05-27T01:41:20+00:00\",\"mainEntityOfPage\":{\"@id\":\"https:\/\/elregionalvm.com.ar\/noticias-villa-maria\/opinion-latinoamerica-no-existe-ni-siquiera-podemos-hermanar-nuestra-argentinidad\/\"},\"wordCount\":1147,\"commentCount\":0,\"image\":{\"@id\":\"https:\/\/elregionalvm.com.ar\/noticias-villa-maria\/opinion-latinoamerica-no-existe-ni-siquiera-podemos-hermanar-nuestra-argentinidad\/#primaryimage\"},\"thumbnailUrl\":\"https:\/\/i0.wp.com\/elregionalvm.com.ar\/noticias-villa-maria\/wp-content\/uploads\/2024\/05\/milei-latinoamerica-argentinidad.webp?fit=1200%2C675&ssl=1\",\"keywords\":[\"argentinidad\",\"Geograf\u00eda\",\"hermandad\",\"ideolog\u00edas\",\"Latinoam\u00e9rica\",\"M\u00fasica\",\"Pol\u00edtica\",\"sociolog\u00eda\"],\"articleSection\":[\"Opini\u00f3n\",\"tercera\"],\"inLanguage\":\"es\",\"potentialAction\":[{\"@type\":\"CommentAction\",\"name\":\"Comment\",\"target\":[\"https:\/\/elregionalvm.com.ar\/noticias-villa-maria\/opinion-latinoamerica-no-existe-ni-siquiera-podemos-hermanar-nuestra-argentinidad\/#respond\"]}]},{\"@type\":\"WebPage\",\"@id\":\"https:\/\/elregionalvm.com.ar\/noticias-villa-maria\/opinion-latinoamerica-no-existe-ni-siquiera-podemos-hermanar-nuestra-argentinidad\/\",\"url\":\"https:\/\/elregionalvm.com.ar\/noticias-villa-maria\/opinion-latinoamerica-no-existe-ni-siquiera-podemos-hermanar-nuestra-argentinidad\/\",\"name\":\"[Opini\u00f3n] Latinoam\u00e9rica no existe: Ni siquiera podemos hermanar nuestra argentinidad - El Regional\",\"isPartOf\":{\"@id\":\"http:\/\/elregionalvm.com.ar\/noticias-villa-maria\/#website\"},\"primaryImageOfPage\":{\"@id\":\"https:\/\/elregionalvm.com.ar\/noticias-villa-maria\/opinion-latinoamerica-no-existe-ni-siquiera-podemos-hermanar-nuestra-argentinidad\/#primaryimage\"},\"image\":{\"@id\":\"https:\/\/elregionalvm.com.ar\/noticias-villa-maria\/opinion-latinoamerica-no-existe-ni-siquiera-podemos-hermanar-nuestra-argentinidad\/#primaryimage\"},\"thumbnailUrl\":\"https:\/\/i0.wp.com\/elregionalvm.com.ar\/noticias-villa-maria\/wp-content\/uploads\/2024\/05\/milei-latinoamerica-argentinidad.webp?fit=1200%2C675&ssl=1\",\"datePublished\":\"2024-05-21T02:45:52+00:00\",\"dateModified\":\"2024-05-27T01:41:20+00:00\",\"author\":{\"@id\":\"http:\/\/elregionalvm.com.ar\/noticias-villa-maria\/#\/schema\/person\/d5e4b04966154131701e52c45d3efec9\"},\"breadcrumb\":{\"@id\":\"https:\/\/elregionalvm.com.ar\/noticias-villa-maria\/opinion-latinoamerica-no-existe-ni-siquiera-podemos-hermanar-nuestra-argentinidad\/#breadcrumb\"},\"inLanguage\":\"es\",\"potentialAction\":[{\"@type\":\"ReadAction\",\"target\":[\"https:\/\/elregionalvm.com.ar\/noticias-villa-maria\/opinion-latinoamerica-no-existe-ni-siquiera-podemos-hermanar-nuestra-argentinidad\/\"]}]},{\"@type\":\"ImageObject\",\"inLanguage\":\"es\",\"@id\":\"https:\/\/elregionalvm.com.ar\/noticias-villa-maria\/opinion-latinoamerica-no-existe-ni-siquiera-podemos-hermanar-nuestra-argentinidad\/#primaryimage\",\"url\":\"https:\/\/i0.wp.com\/elregionalvm.com.ar\/noticias-villa-maria\/wp-content\/uploads\/2024\/05\/milei-latinoamerica-argentinidad.webp?fit=1200%2C675&ssl=1\",\"contentUrl\":\"https:\/\/i0.wp.com\/elregionalvm.com.ar\/noticias-villa-maria\/wp-content\/uploads\/2024\/05\/milei-latinoamerica-argentinidad.webp?fit=1200%2C675&ssl=1\",\"width\":1200,\"height\":675},{\"@type\":\"BreadcrumbList\",\"@id\":\"https:\/\/elregionalvm.com.ar\/noticias-villa-maria\/opinion-latinoamerica-no-existe-ni-siquiera-podemos-hermanar-nuestra-argentinidad\/#breadcrumb\",\"itemListElement\":[{\"@type\":\"ListItem\",\"position\":1,\"name\":\"Portada\",\"item\":\"https:\/\/elregionalvm.com.ar\/noticias-villa-maria\/\"},{\"@type\":\"ListItem\",\"position\":2,\"name\":\"[Opini\u00f3n] Latinoam\u00e9rica no existe: Ni siquiera podemos hermanar nuestra argentinidad\"}]},{\"@type\":\"WebSite\",\"@id\":\"http:\/\/elregionalvm.com.ar\/noticias-villa-maria\/#website\",\"url\":\"http:\/\/elregionalvm.com.ar\/noticias-villa-maria\/\",\"name\":\"El Regional\",\"description\":\"Mucho m\u00e1s que informaci\u00f3n\",\"potentialAction\":[{\"@type\":\"SearchAction\",\"target\":{\"@type\":\"EntryPoint\",\"urlTemplate\":\"http:\/\/elregionalvm.com.ar\/noticias-villa-maria\/?s={search_term_string}\"},\"query-input\":{\"@type\":\"PropertyValueSpecification\",\"valueRequired\":true,\"valueName\":\"search_term_string\"}}],\"inLanguage\":\"es\"},{\"@type\":\"Person\",\"@id\":\"http:\/\/elregionalvm.com.ar\/noticias-villa-maria\/#\/schema\/person\/d5e4b04966154131701e52c45d3efec9\",\"name\":\"Germ\u00e1n Giacchero\",\"image\":{\"@type\":\"ImageObject\",\"inLanguage\":\"es\",\"@id\":\"http:\/\/elregionalvm.com.ar\/noticias-villa-maria\/#\/schema\/person\/image\/\",\"url\":\"https:\/\/secure.gravatar.com\/avatar\/fda163ba5ef0307ee5be9846e10f83b6e83d0cfb260d3b2464830318894c6b04?s=96&d=mm&r=g\",\"contentUrl\":\"https:\/\/secure.gravatar.com\/avatar\/fda163ba5ef0307ee5be9846e10f83b6e83d0cfb260d3b2464830318894c6b04?s=96&d=mm&r=g\",\"caption\":\"Germ\u00e1n Giacchero\"},\"url\":\"https:\/\/elregionalvm.com.ar\/noticias-villa-maria\/author\/germangiacchero\/\"}]}<\/script>\n<!-- \/ Yoast SEO plugin. -->","yoast_head_json":{"title":"[Opini\u00f3n] Latinoam\u00e9rica no existe: Ni siquiera podemos hermanar nuestra argentinidad - El Regional","robots":{"index":"index","follow":"follow","max-snippet":"max-snippet:-1","max-image-preview":"max-image-preview:large","max-video-preview":"max-video-preview:-1"},"canonical":"https:\/\/elregionalvm.com.ar\/noticias-villa-maria\/opinion-latinoamerica-no-existe-ni-siquiera-podemos-hermanar-nuestra-argentinidad\/","og_locale":"es_ES","og_type":"article","og_title":"[Opini\u00f3n] Latinoam\u00e9rica no existe: Ni siquiera podemos hermanar nuestra argentinidad - El Regional","og_description":"Latinoam\u00e9rica no existe. Pasamos casi todas nuestras vidas creyendo en los manuales de historia y en los planos cartogr\u00e1ficos, en los tratados de sociolog\u00eda y en los discursos pol\u00edticos. Pero no podemos hablar de hermandad latinoamericana, si a\u00fan no pudimos hermanar nuestra argentinidad. \u00a0 Escribe: Germ\u00e1n Giacchero Latinoam\u00e9rica no existe, se\u00f1ores y se\u00f1ores. Por m\u00e1s [&hellip;]","og_url":"https:\/\/elregionalvm.com.ar\/noticias-villa-maria\/opinion-latinoamerica-no-existe-ni-siquiera-podemos-hermanar-nuestra-argentinidad\/","og_site_name":"El Regional","article_publisher":"https:\/\/www.facebook.com\/elregionalvm","article_published_time":"2024-05-21T02:45:52+00:00","article_modified_time":"2024-05-27T01:41:20+00:00","og_image":[{"width":1200,"height":675,"url":"https:\/\/elregionalvm.com.ar\/noticias-villa-maria\/wp-content\/uploads\/2024\/05\/milei-latinoamerica-argentinidad.webp","type":"image\/webp"}],"author":"Germ\u00e1n Giacchero","twitter_card":"summary_large_image","twitter_creator":"@elregionalvm1","twitter_site":"@elregionalvm1","twitter_misc":{"Escrito por":"Germ\u00e1n Giacchero","Tiempo de lectura":"6 minutos"},"schema":{"@context":"https:\/\/schema.org","@graph":[{"@type":"Article","@id":"https:\/\/elregionalvm.com.ar\/noticias-villa-maria\/opinion-latinoamerica-no-existe-ni-siquiera-podemos-hermanar-nuestra-argentinidad\/#article","isPartOf":{"@id":"https:\/\/elregionalvm.com.ar\/noticias-villa-maria\/opinion-latinoamerica-no-existe-ni-siquiera-podemos-hermanar-nuestra-argentinidad\/"},"author":{"name":"Germ\u00e1n Giacchero","@id":"http:\/\/elregionalvm.com.ar\/noticias-villa-maria\/#\/schema\/person\/d5e4b04966154131701e52c45d3efec9"},"headline":"[Opini\u00f3n] Latinoam\u00e9rica no existe: Ni siquiera podemos hermanar nuestra argentinidad","datePublished":"2024-05-21T02:45:52+00:00","dateModified":"2024-05-27T01:41:20+00:00","mainEntityOfPage":{"@id":"https:\/\/elregionalvm.com.ar\/noticias-villa-maria\/opinion-latinoamerica-no-existe-ni-siquiera-podemos-hermanar-nuestra-argentinidad\/"},"wordCount":1147,"commentCount":0,"image":{"@id":"https:\/\/elregionalvm.com.ar\/noticias-villa-maria\/opinion-latinoamerica-no-existe-ni-siquiera-podemos-hermanar-nuestra-argentinidad\/#primaryimage"},"thumbnailUrl":"https:\/\/i0.wp.com\/elregionalvm.com.ar\/noticias-villa-maria\/wp-content\/uploads\/2024\/05\/milei-latinoamerica-argentinidad.webp?fit=1200%2C675&ssl=1","keywords":["argentinidad","Geograf\u00eda","hermandad","ideolog\u00edas","Latinoam\u00e9rica","M\u00fasica","Pol\u00edtica","sociolog\u00eda"],"articleSection":["Opini\u00f3n","tercera"],"inLanguage":"es","potentialAction":[{"@type":"CommentAction","name":"Comment","target":["https:\/\/elregionalvm.com.ar\/noticias-villa-maria\/opinion-latinoamerica-no-existe-ni-siquiera-podemos-hermanar-nuestra-argentinidad\/#respond"]}]},{"@type":"WebPage","@id":"https:\/\/elregionalvm.com.ar\/noticias-villa-maria\/opinion-latinoamerica-no-existe-ni-siquiera-podemos-hermanar-nuestra-argentinidad\/","url":"https:\/\/elregionalvm.com.ar\/noticias-villa-maria\/opinion-latinoamerica-no-existe-ni-siquiera-podemos-hermanar-nuestra-argentinidad\/","name":"[Opini\u00f3n] Latinoam\u00e9rica no existe: Ni siquiera podemos hermanar nuestra argentinidad - El Regional","isPartOf":{"@id":"http:\/\/elregionalvm.com.ar\/noticias-villa-maria\/#website"},"primaryImageOfPage":{"@id":"https:\/\/elregionalvm.com.ar\/noticias-villa-maria\/opinion-latinoamerica-no-existe-ni-siquiera-podemos-hermanar-nuestra-argentinidad\/#primaryimage"},"image":{"@id":"https:\/\/elregionalvm.com.ar\/noticias-villa-maria\/opinion-latinoamerica-no-existe-ni-siquiera-podemos-hermanar-nuestra-argentinidad\/#primaryimage"},"thumbnailUrl":"https:\/\/i0.wp.com\/elregionalvm.com.ar\/noticias-villa-maria\/wp-content\/uploads\/2024\/05\/milei-latinoamerica-argentinidad.webp?fit=1200%2C675&ssl=1","datePublished":"2024-05-21T02:45:52+00:00","dateModified":"2024-05-27T01:41:20+00:00","author":{"@id":"http:\/\/elregionalvm.com.ar\/noticias-villa-maria\/#\/schema\/person\/d5e4b04966154131701e52c45d3efec9"},"breadcrumb":{"@id":"https:\/\/elregionalvm.com.ar\/noticias-villa-maria\/opinion-latinoamerica-no-existe-ni-siquiera-podemos-hermanar-nuestra-argentinidad\/#breadcrumb"},"inLanguage":"es","potentialAction":[{"@type":"ReadAction","target":["https:\/\/elregionalvm.com.ar\/noticias-villa-maria\/opinion-latinoamerica-no-existe-ni-siquiera-podemos-hermanar-nuestra-argentinidad\/"]}]},{"@type":"ImageObject","inLanguage":"es","@id":"https:\/\/elregionalvm.com.ar\/noticias-villa-maria\/opinion-latinoamerica-no-existe-ni-siquiera-podemos-hermanar-nuestra-argentinidad\/#primaryimage","url":"https:\/\/i0.wp.com\/elregionalvm.com.ar\/noticias-villa-maria\/wp-content\/uploads\/2024\/05\/milei-latinoamerica-argentinidad.webp?fit=1200%2C675&ssl=1","contentUrl":"https:\/\/i0.wp.com\/elregionalvm.com.ar\/noticias-villa-maria\/wp-content\/uploads\/2024\/05\/milei-latinoamerica-argentinidad.webp?fit=1200%2C675&ssl=1","width":1200,"height":675},{"@type":"BreadcrumbList","@id":"https:\/\/elregionalvm.com.ar\/noticias-villa-maria\/opinion-latinoamerica-no-existe-ni-siquiera-podemos-hermanar-nuestra-argentinidad\/#breadcrumb","itemListElement":[{"@type":"ListItem","position":1,"name":"Portada","item":"https:\/\/elregionalvm.com.ar\/noticias-villa-maria\/"},{"@type":"ListItem","position":2,"name":"[Opini\u00f3n] Latinoam\u00e9rica no existe: Ni siquiera podemos hermanar nuestra argentinidad"}]},{"@type":"WebSite","@id":"http:\/\/elregionalvm.com.ar\/noticias-villa-maria\/#website","url":"http:\/\/elregionalvm.com.ar\/noticias-villa-maria\/","name":"El Regional","description":"Mucho m\u00e1s que informaci\u00f3n","potentialAction":[{"@type":"SearchAction","target":{"@type":"EntryPoint","urlTemplate":"http:\/\/elregionalvm.com.ar\/noticias-villa-maria\/?s={search_term_string}"},"query-input":{"@type":"PropertyValueSpecification","valueRequired":true,"valueName":"search_term_string"}}],"inLanguage":"es"},{"@type":"Person","@id":"http:\/\/elregionalvm.com.ar\/noticias-villa-maria\/#\/schema\/person\/d5e4b04966154131701e52c45d3efec9","name":"Germ\u00e1n Giacchero","image":{"@type":"ImageObject","inLanguage":"es","@id":"http:\/\/elregionalvm.com.ar\/noticias-villa-maria\/#\/schema\/person\/image\/","url":"https:\/\/secure.gravatar.com\/avatar\/fda163ba5ef0307ee5be9846e10f83b6e83d0cfb260d3b2464830318894c6b04?s=96&d=mm&r=g","contentUrl":"https:\/\/secure.gravatar.com\/avatar\/fda163ba5ef0307ee5be9846e10f83b6e83d0cfb260d3b2464830318894c6b04?s=96&d=mm&r=g","caption":"Germ\u00e1n Giacchero"},"url":"https:\/\/elregionalvm.com.ar\/noticias-villa-maria\/author\/germangiacchero\/"}]}},"jetpack_featured_media_url":"https:\/\/i0.wp.com\/elregionalvm.com.ar\/noticias-villa-maria\/wp-content\/uploads\/2024\/05\/milei-latinoamerica-argentinidad.webp?fit=1200%2C675&ssl=1","jetpack_sharing_enabled":true,"_links":{"self":[{"href":"https:\/\/elregionalvm.com.ar\/noticias-villa-maria\/wp-json\/wp\/v2\/posts\/94118","targetHints":{"allow":["GET"]}}],"collection":[{"href":"https:\/\/elregionalvm.com.ar\/noticias-villa-maria\/wp-json\/wp\/v2\/posts"}],"about":[{"href":"https:\/\/elregionalvm.com.ar\/noticias-villa-maria\/wp-json\/wp\/v2\/types\/post"}],"author":[{"embeddable":true,"href":"https:\/\/elregionalvm.com.ar\/noticias-villa-maria\/wp-json\/wp\/v2\/users\/6"}],"replies":[{"embeddable":true,"href":"https:\/\/elregionalvm.com.ar\/noticias-villa-maria\/wp-json\/wp\/v2\/comments?post=94118"}],"version-history":[{"count":3,"href":"https:\/\/elregionalvm.com.ar\/noticias-villa-maria\/wp-json\/wp\/v2\/posts\/94118\/revisions"}],"predecessor-version":[{"id":94122,"href":"https:\/\/elregionalvm.com.ar\/noticias-villa-maria\/wp-json\/wp\/v2\/posts\/94118\/revisions\/94122"}],"wp:featuredmedia":[{"embeddable":true,"href":"https:\/\/elregionalvm.com.ar\/noticias-villa-maria\/wp-json\/wp\/v2\/media\/94121"}],"wp:attachment":[{"href":"https:\/\/elregionalvm.com.ar\/noticias-villa-maria\/wp-json\/wp\/v2\/media?parent=94118"}],"wp:term":[{"taxonomy":"category","embeddable":true,"href":"https:\/\/elregionalvm.com.ar\/noticias-villa-maria\/wp-json\/wp\/v2\/categories?post=94118"},{"taxonomy":"post_tag","embeddable":true,"href":"https:\/\/elregionalvm.com.ar\/noticias-villa-maria\/wp-json\/wp\/v2\/tags?post=94118"}],"curies":[{"name":"wp","href":"https:\/\/api.w.org\/{rel}","templated":true}]}}