{"id":94155,"date":"2024-05-21T20:18:46","date_gmt":"2024-05-21T20:18:46","guid":{"rendered":"https:\/\/elregionalvm.com.ar\/noticias-villa-maria\/?p=94155"},"modified":"2024-05-21T20:18:49","modified_gmt":"2024-05-21T20:18:49","slug":"carnet-manipulador-de-alimentos-con-mas-de-90-participantes-se-llevo-a-cabo-la-segunda-capacitacion","status":"publish","type":"post","link":"https:\/\/elregionalvm.com.ar\/noticias-villa-maria\/carnet-manipulador-de-alimentos-con-mas-de-90-participantes-se-llevo-a-cabo-la-segunda-capacitacion\/","title":{"rendered":"Carnet Manipulador de Alimentos: con m\u00e1s de 90 participantes, se llev\u00f3 a cabo la segunda capacitaci\u00f3n"},"content":{"rendered":"\n<p>La Subsecretar\u00eda de Desarrollo Productivo llev\u00f3 adelante una nueva capacitaci\u00f3n formativa para que vecinos y vecinas de Villa Mar\u00eda y la regi\u00f3n adquieran los conocimientos necesarios para acceder al Carnet de Manipulador de Alimentos, y mejorar as\u00ed la seguridad e higiene en los productos alimenticios.<\/p>\n\n\n\n<figure class=\"wp-block-image size-large\"><img data-recalc-dims=\"1\" fetchpriority=\"high\" decoding=\"async\" width=\"1024\" height=\"684\" src=\"https:\/\/i0.wp.com\/elregionalvm.com.ar\/noticias-villa-maria\/wp-content\/uploads\/2024\/05\/WhatsApp-Image-2024-05-21-at-9.45.27-AM.jpeg?resize=1024%2C684&#038;ssl=1\" alt=\"\" class=\"wp-image-94157\" srcset=\"https:\/\/i0.wp.com\/elregionalvm.com.ar\/noticias-villa-maria\/wp-content\/uploads\/2024\/05\/WhatsApp-Image-2024-05-21-at-9.45.27-AM.jpeg?resize=1024%2C684&amp;ssl=1 1024w, https:\/\/i0.wp.com\/elregionalvm.com.ar\/noticias-villa-maria\/wp-content\/uploads\/2024\/05\/WhatsApp-Image-2024-05-21-at-9.45.27-AM.jpeg?resize=300%2C200&amp;ssl=1 300w, https:\/\/i0.wp.com\/elregionalvm.com.ar\/noticias-villa-maria\/wp-content\/uploads\/2024\/05\/WhatsApp-Image-2024-05-21-at-9.45.27-AM.jpeg?resize=768%2C513&amp;ssl=1 768w, https:\/\/i0.wp.com\/elregionalvm.com.ar\/noticias-villa-maria\/wp-content\/uploads\/2024\/05\/WhatsApp-Image-2024-05-21-at-9.45.27-AM.jpeg?w=1280&amp;ssl=1 1280w\" sizes=\"(max-width: 1000px) 100vw, 1000px\" \/><\/figure>\n\n\n\n<p>En este sentido, el subsecretario de Desarrollo Productivo, German Tenedini, coment\u00f3: \u201dComenzamos la segunda jornada de la capacitaci\u00f3n con 90 personas, la semana pasada termin\u00f3 la primera con m\u00e1s de 50 participantes, es decir que casi duplicamos la cantidad de postulantes para realizar las capacitaciones\u201d.<\/p>\n\n\n\n<p>Para participar de la tercera jornada, que se dictar\u00e1 en junio, las y los interesados podr\u00e1n inscribirse a trav\u00e9s de la p\u00e1gina web del Municipio www.villamaria.gob.ar<\/p>\n\n\n\n<p>Cabe destacar que la propuesta est\u00e1 destinada a toda persona que realice actividades por la cual est\u00e9 o pudiera estar en contacto con alimentos, en establecimientos donde se elaboren, fraccionen, almacenen, transporten, comercialicen y\/o enajenen alimentos, o sus materias primas.<\/p>\n\n\n\n<p>Mientras que, los profesionales en el \u00e1mbito de la alimentaci\u00f3n como por nutricionistas, ingenieros o t\u00e9cnicos en alimentos, no deber\u00e1n realizar el curso, sino rendir el examen final.<\/p>\n\n\n\n<p>Es importante recordar que el Carnet de Manipulador de Alimentos es v\u00e1lido en todo el territorio argentino y habilita a las personas a desarrollar tareas de manipulaci\u00f3n de alimentos. El Carnet es otorgado por la Direcci\u00f3n General de Control de la Industria Alimenticia y el municipio, que fue reconocido oficialmente como Organismo Capacitador y Emisor del Carnet.<\/p>\n\n\n\n<p>CAPACITACI\u00d3N A ESTUDIANTES<\/p>\n\n\n\n<p>El pr\u00f3ximo mi\u00e9rcoles se brindar\u00e1 la misma capacitaci\u00f3n a estudiantes que asisten a la orientaci\u00f3n t\u00e9cnica del IPET N\u00b0 56 \u201cAbraham Ju\u00e1rez\u201d.<\/p>\n","protected":false},"excerpt":{"rendered":"<p>La Subsecretar\u00eda de Desarrollo Productivo llev\u00f3 adelante una nueva capacitaci\u00f3n formativa para que vecinos y vecinas de Villa Mar\u00eda y la regi\u00f3n adquieran los conocimientos necesarios para acceder al Carnet de Manipulador de Alimentos, y mejorar as\u00ed la seguridad e higiene en los productos alimenticios. En este sentido, el subsecretario de Desarrollo Productivo, German Tenedini, [&hellip;]<\/p>\n","protected":false},"author":4,"featured_media":94156,"comment_status":"open","ping_status":"open","sticky":false,"template":"","format":"standard","meta":{"site-sidebar-layout":"default","site-content-layout":"","ast-site-content-layout":"default","site-content-style":"default","site-sidebar-style":"default","ast-global-header-display":"","ast-banner-title-visibility":"","ast-main-header-display":"","ast-hfb-above-header-display":"","ast-hfb-below-header-display":"","ast-hfb-mobile-header-display":"","site-post-title":"","ast-breadcrumbs-content":"","ast-featured-img":"","footer-sml-layout":"","ast-disable-related-posts":"","theme-transparent-header-meta":"","adv-header-id-meta":"","stick-header-meta":"","header-above-stick-meta":"","header-main-stick-meta":"","header-below-stick-meta":"","astra-migrate-meta-layouts":"set","ast-page-background-enabled":"default","ast-page-background-meta":{"desktop":{"background-color":"","background-image":"","background-repeat":"repeat","background-position":"center center","background-size":"auto","background-attachment":"scroll","background-type":"","background-media":"","overlay-type":"","overlay-color":"","overlay-opacity":"","overlay-gradient":""},"tablet":{"background-color":"","background-image":"","background-repeat":"repeat","background-position":"center center","background-size":"auto","background-attachment":"scroll","background-type":"","background-media":"","overlay-type":"","overlay-color":"","overlay-opacity":"","overlay-gradient":""},"mobile":{"background-color":"","background-image":"","background-repeat":"repeat","background-position":"center center","background-size":"auto","background-attachment":"scroll","background-type":"","background-media":"","overlay-type":"","overlay-color":"","overlay-opacity":"","overlay-gradient":""}},"ast-content-background-meta":{"desktop":{"background-color":"var(--ast-global-color-5)","background-image":"","background-repeat":"repeat","background-position":"center center","background-size":"auto","background-attachment":"scroll","background-type":"","background-media":"","overlay-type":"","overlay-color":"","overlay-opacity":"","overlay-gradient":""},"tablet":{"background-color":"var(--ast-global-color-5)","background-image":"","background-repeat":"repeat","background-position":"center center","background-size":"auto","background-attachment":"scroll","background-type":"","background-media":"","overlay-type":"","overlay-color":"","overlay-opacity":"","overlay-gradient":""},"mobile":{"background-color":"var(--ast-global-color-5)","background-image":"","background-repeat":"repeat","background-position":"center center","background-size":"auto","background-attachment":"scroll","background-type":"","background-media":"","overlay-type":"","overlay-color":"","overlay-opacity":"","overlay-gradient":""}},"_jetpack_memberships_contains_paid_content":false,"_joinchat":[],"footnotes":""},"categories":[15302,5,2],"tags":[],"class_list":["post-94155","post","type-post","status-publish","format-standard","has-post-thumbnail","hentry","category-destacado","category-sociedad","category-villa-maria"],"yoast_head":"<!-- This site is optimized with the Yoast SEO plugin v26.8 - https:\/\/yoast.com\/product\/yoast-seo-wordpress\/ -->\n<title>Carnet Manipulador de Alimentos: con m\u00e1s de 90 participantes, se llev\u00f3 a cabo la segunda capacitaci\u00f3n - El Regional<\/title>\n<meta name=\"robots\" content=\"index, follow, max-snippet:-1, max-image-preview:large, max-video-preview:-1\" \/>\n<link rel=\"canonical\" href=\"https:\/\/elregionalvm.com.ar\/noticias-villa-maria\/carnet-manipulador-de-alimentos-con-mas-de-90-participantes-se-llevo-a-cabo-la-segunda-capacitacion\/\" \/>\n<meta property=\"og:locale\" content=\"es_ES\" \/>\n<meta property=\"og:type\" content=\"article\" \/>\n<meta property=\"og:title\" content=\"Carnet Manipulador de Alimentos: con m\u00e1s de 90 participantes, se llev\u00f3 a cabo la segunda capacitaci\u00f3n - El Regional\" \/>\n<meta property=\"og:description\" content=\"La Subsecretar\u00eda de Desarrollo Productivo llev\u00f3 adelante una nueva capacitaci\u00f3n formativa para que vecinos y vecinas de Villa Mar\u00eda y la regi\u00f3n adquieran los conocimientos necesarios para acceder al Carnet de Manipulador de Alimentos, y mejorar as\u00ed la seguridad e higiene en los productos alimenticios. En este sentido, el subsecretario de Desarrollo Productivo, German Tenedini, [&hellip;]\" \/>\n<meta property=\"og:url\" content=\"https:\/\/elregionalvm.com.ar\/noticias-villa-maria\/carnet-manipulador-de-alimentos-con-mas-de-90-participantes-se-llevo-a-cabo-la-segunda-capacitacion\/\" \/>\n<meta property=\"og:site_name\" content=\"El Regional\" \/>\n<meta property=\"article:publisher\" content=\"https:\/\/www.facebook.com\/elregionalvm\" \/>\n<meta property=\"article:published_time\" content=\"2024-05-21T20:18:46+00:00\" \/>\n<meta property=\"article:modified_time\" content=\"2024-05-21T20:18:49+00:00\" \/>\n<meta property=\"og:image\" content=\"https:\/\/elregionalvm.com.ar\/noticias-villa-maria\/wp-content\/uploads\/2024\/05\/WhatsApp-Image-2024-05-21-at-9.45.27-AM-1.jpeg\" \/>\n\t<meta property=\"og:image:width\" content=\"1280\" \/>\n\t<meta property=\"og:image:height\" content=\"855\" \/>\n\t<meta property=\"og:image:type\" content=\"image\/jpeg\" \/>\n<meta name=\"author\" content=\"Contenidos El Regional\" \/>\n<meta name=\"twitter:card\" content=\"summary_large_image\" \/>\n<meta name=\"twitter:creator\" content=\"@elregionalvm1\" \/>\n<meta name=\"twitter:site\" content=\"@elregionalvm1\" \/>\n<meta name=\"twitter:label1\" content=\"Escrito por\" \/>\n\t<meta name=\"twitter:data1\" content=\"Contenidos El Regional\" \/>\n\t<meta name=\"twitter:label2\" content=\"Tiempo de lectura\" \/>\n\t<meta name=\"twitter:data2\" content=\"2 minutos\" \/>\n<script type=\"application\/ld+json\" class=\"yoast-schema-graph\">{\"@context\":\"https:\/\/schema.org\",\"@graph\":[{\"@type\":\"Article\",\"@id\":\"https:\/\/elregionalvm.com.ar\/noticias-villa-maria\/carnet-manipulador-de-alimentos-con-mas-de-90-participantes-se-llevo-a-cabo-la-segunda-capacitacion\/#article\",\"isPartOf\":{\"@id\":\"https:\/\/elregionalvm.com.ar\/noticias-villa-maria\/carnet-manipulador-de-alimentos-con-mas-de-90-participantes-se-llevo-a-cabo-la-segunda-capacitacion\/\"},\"author\":{\"name\":\"Contenidos El Regional\",\"@id\":\"http:\/\/elregionalvm.com.ar\/noticias-villa-maria\/#\/schema\/person\/a0fb9c422317faca23d50163151bc354\"},\"headline\":\"Carnet Manipulador de Alimentos: con m\u00e1s de 90 participantes, se llev\u00f3 a cabo la segunda capacitaci\u00f3n\",\"datePublished\":\"2024-05-21T20:18:46+00:00\",\"dateModified\":\"2024-05-21T20:18:49+00:00\",\"mainEntityOfPage\":{\"@id\":\"https:\/\/elregionalvm.com.ar\/noticias-villa-maria\/carnet-manipulador-de-alimentos-con-mas-de-90-participantes-se-llevo-a-cabo-la-segunda-capacitacion\/\"},\"wordCount\":306,\"commentCount\":0,\"image\":{\"@id\":\"https:\/\/elregionalvm.com.ar\/noticias-villa-maria\/carnet-manipulador-de-alimentos-con-mas-de-90-participantes-se-llevo-a-cabo-la-segunda-capacitacion\/#primaryimage\"},\"thumbnailUrl\":\"https:\/\/i0.wp.com\/elregionalvm.com.ar\/noticias-villa-maria\/wp-content\/uploads\/2024\/05\/WhatsApp-Image-2024-05-21-at-9.45.27-AM-1.jpeg?fit=1280%2C855&ssl=1\",\"articleSection\":[\"destacado\",\"Sociedad\",\"Villa Mar\u00eda\"],\"inLanguage\":\"es\",\"potentialAction\":[{\"@type\":\"CommentAction\",\"name\":\"Comment\",\"target\":[\"https:\/\/elregionalvm.com.ar\/noticias-villa-maria\/carnet-manipulador-de-alimentos-con-mas-de-90-participantes-se-llevo-a-cabo-la-segunda-capacitacion\/#respond\"]}]},{\"@type\":\"WebPage\",\"@id\":\"https:\/\/elregionalvm.com.ar\/noticias-villa-maria\/carnet-manipulador-de-alimentos-con-mas-de-90-participantes-se-llevo-a-cabo-la-segunda-capacitacion\/\",\"url\":\"https:\/\/elregionalvm.com.ar\/noticias-villa-maria\/carnet-manipulador-de-alimentos-con-mas-de-90-participantes-se-llevo-a-cabo-la-segunda-capacitacion\/\",\"name\":\"Carnet Manipulador de Alimentos: con m\u00e1s de 90 participantes, se llev\u00f3 a cabo la segunda capacitaci\u00f3n - El Regional\",\"isPartOf\":{\"@id\":\"http:\/\/elregionalvm.com.ar\/noticias-villa-maria\/#website\"},\"primaryImageOfPage\":{\"@id\":\"https:\/\/elregionalvm.com.ar\/noticias-villa-maria\/carnet-manipulador-de-alimentos-con-mas-de-90-participantes-se-llevo-a-cabo-la-segunda-capacitacion\/#primaryimage\"},\"image\":{\"@id\":\"https:\/\/elregionalvm.com.ar\/noticias-villa-maria\/carnet-manipulador-de-alimentos-con-mas-de-90-participantes-se-llevo-a-cabo-la-segunda-capacitacion\/#primaryimage\"},\"thumbnailUrl\":\"https:\/\/i0.wp.com\/elregionalvm.com.ar\/noticias-villa-maria\/wp-content\/uploads\/2024\/05\/WhatsApp-Image-2024-05-21-at-9.45.27-AM-1.jpeg?fit=1280%2C855&ssl=1\",\"datePublished\":\"2024-05-21T20:18:46+00:00\",\"dateModified\":\"2024-05-21T20:18:49+00:00\",\"author\":{\"@id\":\"http:\/\/elregionalvm.com.ar\/noticias-villa-maria\/#\/schema\/person\/a0fb9c422317faca23d50163151bc354\"},\"breadcrumb\":{\"@id\":\"https:\/\/elregionalvm.com.ar\/noticias-villa-maria\/carnet-manipulador-de-alimentos-con-mas-de-90-participantes-se-llevo-a-cabo-la-segunda-capacitacion\/#breadcrumb\"},\"inLanguage\":\"es\",\"potentialAction\":[{\"@type\":\"ReadAction\",\"target\":[\"https:\/\/elregionalvm.com.ar\/noticias-villa-maria\/carnet-manipulador-de-alimentos-con-mas-de-90-participantes-se-llevo-a-cabo-la-segunda-capacitacion\/\"]}]},{\"@type\":\"ImageObject\",\"inLanguage\":\"es\",\"@id\":\"https:\/\/elregionalvm.com.ar\/noticias-villa-maria\/carnet-manipulador-de-alimentos-con-mas-de-90-participantes-se-llevo-a-cabo-la-segunda-capacitacion\/#primaryimage\",\"url\":\"https:\/\/i0.wp.com\/elregionalvm.com.ar\/noticias-villa-maria\/wp-content\/uploads\/2024\/05\/WhatsApp-Image-2024-05-21-at-9.45.27-AM-1.jpeg?fit=1280%2C855&ssl=1\",\"contentUrl\":\"https:\/\/i0.wp.com\/elregionalvm.com.ar\/noticias-villa-maria\/wp-content\/uploads\/2024\/05\/WhatsApp-Image-2024-05-21-at-9.45.27-AM-1.jpeg?fit=1280%2C855&ssl=1\",\"width\":1280,\"height\":855},{\"@type\":\"BreadcrumbList\",\"@id\":\"https:\/\/elregionalvm.com.ar\/noticias-villa-maria\/carnet-manipulador-de-alimentos-con-mas-de-90-participantes-se-llevo-a-cabo-la-segunda-capacitacion\/#breadcrumb\",\"itemListElement\":[{\"@type\":\"ListItem\",\"position\":1,\"name\":\"Portada\",\"item\":\"https:\/\/elregionalvm.com.ar\/noticias-villa-maria\/\"},{\"@type\":\"ListItem\",\"position\":2,\"name\":\"Carnet Manipulador de Alimentos: con m\u00e1s de 90 participantes, se llev\u00f3 a cabo la segunda capacitaci\u00f3n\"}]},{\"@type\":\"WebSite\",\"@id\":\"http:\/\/elregionalvm.com.ar\/noticias-villa-maria\/#website\",\"url\":\"http:\/\/elregionalvm.com.ar\/noticias-villa-maria\/\",\"name\":\"El Regional\",\"description\":\"Mucho m\u00e1s que informaci\u00f3n\",\"potentialAction\":[{\"@type\":\"SearchAction\",\"target\":{\"@type\":\"EntryPoint\",\"urlTemplate\":\"http:\/\/elregionalvm.com.ar\/noticias-villa-maria\/?s={search_term_string}\"},\"query-input\":{\"@type\":\"PropertyValueSpecification\",\"valueRequired\":true,\"valueName\":\"search_term_string\"}}],\"inLanguage\":\"es\"},{\"@type\":\"Person\",\"@id\":\"http:\/\/elregionalvm.com.ar\/noticias-villa-maria\/#\/schema\/person\/a0fb9c422317faca23d50163151bc354\",\"name\":\"Contenidos El Regional\",\"image\":{\"@type\":\"ImageObject\",\"inLanguage\":\"es\",\"@id\":\"http:\/\/elregionalvm.com.ar\/noticias-villa-maria\/#\/schema\/person\/image\/\",\"url\":\"https:\/\/secure.gravatar.com\/avatar\/265b27cb2209af7bb3a1318f03305787d7981a5cc6e6cd08fe5a4ecdf99d4b48?s=96&d=mm&r=g\",\"contentUrl\":\"https:\/\/secure.gravatar.com\/avatar\/265b27cb2209af7bb3a1318f03305787d7981a5cc6e6cd08fe5a4ecdf99d4b48?s=96&d=mm&r=g\",\"caption\":\"Contenidos El Regional\"},\"url\":\"https:\/\/elregionalvm.com.ar\/noticias-villa-maria\/author\/contenido\/\"}]}<\/script>\n<!-- \/ Yoast SEO plugin. -->","yoast_head_json":{"title":"Carnet Manipulador de Alimentos: con m\u00e1s de 90 participantes, se llev\u00f3 a cabo la segunda capacitaci\u00f3n - El Regional","robots":{"index":"index","follow":"follow","max-snippet":"max-snippet:-1","max-image-preview":"max-image-preview:large","max-video-preview":"max-video-preview:-1"},"canonical":"https:\/\/elregionalvm.com.ar\/noticias-villa-maria\/carnet-manipulador-de-alimentos-con-mas-de-90-participantes-se-llevo-a-cabo-la-segunda-capacitacion\/","og_locale":"es_ES","og_type":"article","og_title":"Carnet Manipulador de Alimentos: con m\u00e1s de 90 participantes, se llev\u00f3 a cabo la segunda capacitaci\u00f3n - El Regional","og_description":"La Subsecretar\u00eda de Desarrollo Productivo llev\u00f3 adelante una nueva capacitaci\u00f3n formativa para que vecinos y vecinas de Villa Mar\u00eda y la regi\u00f3n adquieran los conocimientos necesarios para acceder al Carnet de Manipulador de Alimentos, y mejorar as\u00ed la seguridad e higiene en los productos alimenticios. En este sentido, el subsecretario de Desarrollo Productivo, German Tenedini, [&hellip;]","og_url":"https:\/\/elregionalvm.com.ar\/noticias-villa-maria\/carnet-manipulador-de-alimentos-con-mas-de-90-participantes-se-llevo-a-cabo-la-segunda-capacitacion\/","og_site_name":"El Regional","article_publisher":"https:\/\/www.facebook.com\/elregionalvm","article_published_time":"2024-05-21T20:18:46+00:00","article_modified_time":"2024-05-21T20:18:49+00:00","og_image":[{"width":1280,"height":855,"url":"https:\/\/elregionalvm.com.ar\/noticias-villa-maria\/wp-content\/uploads\/2024\/05\/WhatsApp-Image-2024-05-21-at-9.45.27-AM-1.jpeg","type":"image\/jpeg"}],"author":"Contenidos El Regional","twitter_card":"summary_large_image","twitter_creator":"@elregionalvm1","twitter_site":"@elregionalvm1","twitter_misc":{"Escrito por":"Contenidos El Regional","Tiempo de lectura":"2 minutos"},"schema":{"@context":"https:\/\/schema.org","@graph":[{"@type":"Article","@id":"https:\/\/elregionalvm.com.ar\/noticias-villa-maria\/carnet-manipulador-de-alimentos-con-mas-de-90-participantes-se-llevo-a-cabo-la-segunda-capacitacion\/#article","isPartOf":{"@id":"https:\/\/elregionalvm.com.ar\/noticias-villa-maria\/carnet-manipulador-de-alimentos-con-mas-de-90-participantes-se-llevo-a-cabo-la-segunda-capacitacion\/"},"author":{"name":"Contenidos El Regional","@id":"http:\/\/elregionalvm.com.ar\/noticias-villa-maria\/#\/schema\/person\/a0fb9c422317faca23d50163151bc354"},"headline":"Carnet Manipulador de Alimentos: con m\u00e1s de 90 participantes, se llev\u00f3 a cabo la segunda capacitaci\u00f3n","datePublished":"2024-05-21T20:18:46+00:00","dateModified":"2024-05-21T20:18:49+00:00","mainEntityOfPage":{"@id":"https:\/\/elregionalvm.com.ar\/noticias-villa-maria\/carnet-manipulador-de-alimentos-con-mas-de-90-participantes-se-llevo-a-cabo-la-segunda-capacitacion\/"},"wordCount":306,"commentCount":0,"image":{"@id":"https:\/\/elregionalvm.com.ar\/noticias-villa-maria\/carnet-manipulador-de-alimentos-con-mas-de-90-participantes-se-llevo-a-cabo-la-segunda-capacitacion\/#primaryimage"},"thumbnailUrl":"https:\/\/i0.wp.com\/elregionalvm.com.ar\/noticias-villa-maria\/wp-content\/uploads\/2024\/05\/WhatsApp-Image-2024-05-21-at-9.45.27-AM-1.jpeg?fit=1280%2C855&ssl=1","articleSection":["destacado","Sociedad","Villa Mar\u00eda"],"inLanguage":"es","potentialAction":[{"@type":"CommentAction","name":"Comment","target":["https:\/\/elregionalvm.com.ar\/noticias-villa-maria\/carnet-manipulador-de-alimentos-con-mas-de-90-participantes-se-llevo-a-cabo-la-segunda-capacitacion\/#respond"]}]},{"@type":"WebPage","@id":"https:\/\/elregionalvm.com.ar\/noticias-villa-maria\/carnet-manipulador-de-alimentos-con-mas-de-90-participantes-se-llevo-a-cabo-la-segunda-capacitacion\/","url":"https:\/\/elregionalvm.com.ar\/noticias-villa-maria\/carnet-manipulador-de-alimentos-con-mas-de-90-participantes-se-llevo-a-cabo-la-segunda-capacitacion\/","name":"Carnet Manipulador de Alimentos: con m\u00e1s de 90 participantes, se llev\u00f3 a cabo la segunda capacitaci\u00f3n - El Regional","isPartOf":{"@id":"http:\/\/elregionalvm.com.ar\/noticias-villa-maria\/#website"},"primaryImageOfPage":{"@id":"https:\/\/elregionalvm.com.ar\/noticias-villa-maria\/carnet-manipulador-de-alimentos-con-mas-de-90-participantes-se-llevo-a-cabo-la-segunda-capacitacion\/#primaryimage"},"image":{"@id":"https:\/\/elregionalvm.com.ar\/noticias-villa-maria\/carnet-manipulador-de-alimentos-con-mas-de-90-participantes-se-llevo-a-cabo-la-segunda-capacitacion\/#primaryimage"},"thumbnailUrl":"https:\/\/i0.wp.com\/elregionalvm.com.ar\/noticias-villa-maria\/wp-content\/uploads\/2024\/05\/WhatsApp-Image-2024-05-21-at-9.45.27-AM-1.jpeg?fit=1280%2C855&ssl=1","datePublished":"2024-05-21T20:18:46+00:00","dateModified":"2024-05-21T20:18:49+00:00","author":{"@id":"http:\/\/elregionalvm.com.ar\/noticias-villa-maria\/#\/schema\/person\/a0fb9c422317faca23d50163151bc354"},"breadcrumb":{"@id":"https:\/\/elregionalvm.com.ar\/noticias-villa-maria\/carnet-manipulador-de-alimentos-con-mas-de-90-participantes-se-llevo-a-cabo-la-segunda-capacitacion\/#breadcrumb"},"inLanguage":"es","potentialAction":[{"@type":"ReadAction","target":["https:\/\/elregionalvm.com.ar\/noticias-villa-maria\/carnet-manipulador-de-alimentos-con-mas-de-90-participantes-se-llevo-a-cabo-la-segunda-capacitacion\/"]}]},{"@type":"ImageObject","inLanguage":"es","@id":"https:\/\/elregionalvm.com.ar\/noticias-villa-maria\/carnet-manipulador-de-alimentos-con-mas-de-90-participantes-se-llevo-a-cabo-la-segunda-capacitacion\/#primaryimage","url":"https:\/\/i0.wp.com\/elregionalvm.com.ar\/noticias-villa-maria\/wp-content\/uploads\/2024\/05\/WhatsApp-Image-2024-05-21-at-9.45.27-AM-1.jpeg?fit=1280%2C855&ssl=1","contentUrl":"https:\/\/i0.wp.com\/elregionalvm.com.ar\/noticias-villa-maria\/wp-content\/uploads\/2024\/05\/WhatsApp-Image-2024-05-21-at-9.45.27-AM-1.jpeg?fit=1280%2C855&ssl=1","width":1280,"height":855},{"@type":"BreadcrumbList","@id":"https:\/\/elregionalvm.com.ar\/noticias-villa-maria\/carnet-manipulador-de-alimentos-con-mas-de-90-participantes-se-llevo-a-cabo-la-segunda-capacitacion\/#breadcrumb","itemListElement":[{"@type":"ListItem","position":1,"name":"Portada","item":"https:\/\/elregionalvm.com.ar\/noticias-villa-maria\/"},{"@type":"ListItem","position":2,"name":"Carnet Manipulador de Alimentos: con m\u00e1s de 90 participantes, se llev\u00f3 a cabo la segunda capacitaci\u00f3n"}]},{"@type":"WebSite","@id":"http:\/\/elregionalvm.com.ar\/noticias-villa-maria\/#website","url":"http:\/\/elregionalvm.com.ar\/noticias-villa-maria\/","name":"El Regional","description":"Mucho m\u00e1s que informaci\u00f3n","potentialAction":[{"@type":"SearchAction","target":{"@type":"EntryPoint","urlTemplate":"http:\/\/elregionalvm.com.ar\/noticias-villa-maria\/?s={search_term_string}"},"query-input":{"@type":"PropertyValueSpecification","valueRequired":true,"valueName":"search_term_string"}}],"inLanguage":"es"},{"@type":"Person","@id":"http:\/\/elregionalvm.com.ar\/noticias-villa-maria\/#\/schema\/person\/a0fb9c422317faca23d50163151bc354","name":"Contenidos El Regional","image":{"@type":"ImageObject","inLanguage":"es","@id":"http:\/\/elregionalvm.com.ar\/noticias-villa-maria\/#\/schema\/person\/image\/","url":"https:\/\/secure.gravatar.com\/avatar\/265b27cb2209af7bb3a1318f03305787d7981a5cc6e6cd08fe5a4ecdf99d4b48?s=96&d=mm&r=g","contentUrl":"https:\/\/secure.gravatar.com\/avatar\/265b27cb2209af7bb3a1318f03305787d7981a5cc6e6cd08fe5a4ecdf99d4b48?s=96&d=mm&r=g","caption":"Contenidos El Regional"},"url":"https:\/\/elregionalvm.com.ar\/noticias-villa-maria\/author\/contenido\/"}]}},"jetpack_featured_media_url":"https:\/\/i0.wp.com\/elregionalvm.com.ar\/noticias-villa-maria\/wp-content\/uploads\/2024\/05\/WhatsApp-Image-2024-05-21-at-9.45.27-AM-1.jpeg?fit=1280%2C855&ssl=1","jetpack_sharing_enabled":true,"_links":{"self":[{"href":"https:\/\/elregionalvm.com.ar\/noticias-villa-maria\/wp-json\/wp\/v2\/posts\/94155","targetHints":{"allow":["GET"]}}],"collection":[{"href":"https:\/\/elregionalvm.com.ar\/noticias-villa-maria\/wp-json\/wp\/v2\/posts"}],"about":[{"href":"https:\/\/elregionalvm.com.ar\/noticias-villa-maria\/wp-json\/wp\/v2\/types\/post"}],"author":[{"embeddable":true,"href":"https:\/\/elregionalvm.com.ar\/noticias-villa-maria\/wp-json\/wp\/v2\/users\/4"}],"replies":[{"embeddable":true,"href":"https:\/\/elregionalvm.com.ar\/noticias-villa-maria\/wp-json\/wp\/v2\/comments?post=94155"}],"version-history":[{"count":1,"href":"https:\/\/elregionalvm.com.ar\/noticias-villa-maria\/wp-json\/wp\/v2\/posts\/94155\/revisions"}],"predecessor-version":[{"id":94158,"href":"https:\/\/elregionalvm.com.ar\/noticias-villa-maria\/wp-json\/wp\/v2\/posts\/94155\/revisions\/94158"}],"wp:featuredmedia":[{"embeddable":true,"href":"https:\/\/elregionalvm.com.ar\/noticias-villa-maria\/wp-json\/wp\/v2\/media\/94156"}],"wp:attachment":[{"href":"https:\/\/elregionalvm.com.ar\/noticias-villa-maria\/wp-json\/wp\/v2\/media?parent=94155"}],"wp:term":[{"taxonomy":"category","embeddable":true,"href":"https:\/\/elregionalvm.com.ar\/noticias-villa-maria\/wp-json\/wp\/v2\/categories?post=94155"},{"taxonomy":"post_tag","embeddable":true,"href":"https:\/\/elregionalvm.com.ar\/noticias-villa-maria\/wp-json\/wp\/v2\/tags?post=94155"}],"curies":[{"name":"wp","href":"https:\/\/api.w.org\/{rel}","templated":true}]}}