{"id":94163,"date":"2024-05-21T20:37:13","date_gmt":"2024-05-21T20:37:13","guid":{"rendered":"https:\/\/elregionalvm.com.ar\/noticias-villa-maria\/?p=94163"},"modified":"2024-05-21T20:37:14","modified_gmt":"2024-05-21T20:37:14","slug":"en-conmemoracion-del-cordobazo-se-proyectara-una-serie-de-documentales-en-el-leonardo-favio","status":"publish","type":"post","link":"https:\/\/elregionalvm.com.ar\/noticias-villa-maria\/en-conmemoracion-del-cordobazo-se-proyectara-una-serie-de-documentales-en-el-leonardo-favio\/","title":{"rendered":"En conmemoraci\u00f3n del Cordobazo: se proyectar\u00e1 una serie de documentales en el Leonardo Favio"},"content":{"rendered":"\n<p>La Municipalidad de Villa Mar\u00eda informa que se proyectar\u00e1 una serie documental en el Cine INCAA para conmemorar un nuevo aniversario del \u201cCordobazo\u201d.<\/p>\n\n\n\n<p>La actividad fue anunciadas por el secretario de Gobierno, Cultura y Relaciones Institucionales; Marcos Bovo, junto a la directora de Museos y Patrimonio Hist\u00f3rico, \u00c1ngeles Basualdo y Laura Felipe, integrante del Programa Municipal de Historia Oral y Memorias Locales.<\/p>\n\n\n\n<figure class=\"wp-block-image size-large\"><img data-recalc-dims=\"1\" fetchpriority=\"high\" decoding=\"async\" width=\"1024\" height=\"682\" src=\"https:\/\/i0.wp.com\/elregionalvm.com.ar\/noticias-villa-maria\/wp-content\/uploads\/2024\/05\/WhatsApp-Image-2024-05-21-at-3.08.24-PM-1.jpeg?resize=1024%2C682&#038;ssl=1\" alt=\"\" class=\"wp-image-94164\" srcset=\"https:\/\/i0.wp.com\/elregionalvm.com.ar\/noticias-villa-maria\/wp-content\/uploads\/2024\/05\/WhatsApp-Image-2024-05-21-at-3.08.24-PM-1.jpeg?resize=1024%2C682&amp;ssl=1 1024w, https:\/\/i0.wp.com\/elregionalvm.com.ar\/noticias-villa-maria\/wp-content\/uploads\/2024\/05\/WhatsApp-Image-2024-05-21-at-3.08.24-PM-1.jpeg?resize=300%2C200&amp;ssl=1 300w, https:\/\/i0.wp.com\/elregionalvm.com.ar\/noticias-villa-maria\/wp-content\/uploads\/2024\/05\/WhatsApp-Image-2024-05-21-at-3.08.24-PM-1.jpeg?resize=768%2C512&amp;ssl=1 768w, https:\/\/i0.wp.com\/elregionalvm.com.ar\/noticias-villa-maria\/wp-content\/uploads\/2024\/05\/WhatsApp-Image-2024-05-21-at-3.08.24-PM-1.jpeg?resize=1536%2C1023&amp;ssl=1 1536w, https:\/\/i0.wp.com\/elregionalvm.com.ar\/noticias-villa-maria\/wp-content\/uploads\/2024\/05\/WhatsApp-Image-2024-05-21-at-3.08.24-PM-1.jpeg?w=1600&amp;ssl=1 1600w\" sizes=\"(max-width: 1000px) 100vw, 1000px\" \/><\/figure>\n\n\n\n<p>En la ocasi\u00f3n, se brindaron detalles de ciclo de cuatro documentales tem\u00e1ticos en torno a la \u00faltima dictadura militar y al Cordobazo.<\/p>\n\n\n\n<p>Al respecto, Marcos Bovo se\u00f1al\u00f3 que: \u201cestas acciones ponen en valor hechos y acontecimientos hist\u00f3ricos que nos han atravesado como sociedad y que nos permite aportar datos significativos desde la construcci\u00f3n cultural\u201d.<\/p>\n\n\n\n<p>Proyecciones<\/p>\n\n\n\n<p>En tal sentido, ma\u00f1ana mi\u00e9rcoles desde las 21 horas se proyectar\u00e1 la pel\u00edcula (Des)aparecer, que contar\u00e1 con la presencia de su realizador Piotr Cieplak, y los protagonistas, Gabriel Orge, Ana y Lisandro Iliovich, quienes posteriormente dialogar\u00e1n con el p\u00fablico.<\/p>\n\n\n\n<p>Mientras que el jueves a la misma hora se proyectar\u00e1 \u201cTosco\u201d, del director Adri\u00e1n Jaime y el viernes (Des)aparecer.<\/p>\n\n\n\n<p>La propuesta tendr\u00e1 continuidad el jueves 30 con la proyecci\u00f3n de \u201cTosco\u201d y el viernes 31 a las 21 horas con el filme \u00a1Qu\u00e9menlos!, en un funci\u00f3n especial de Cine-Debate con la presencia de su director Adri\u00e1n Jaime.<\/p>\n\n\n\n<p>El historiador local Agusto L\u00f3pez disertar\u00e1 en el Primer Encuentro Local Ferroviaria<\/p>\n\n\n\n<p>Ma\u00f1ana mi\u00e9rcoles de 18 a 20 en el Parlamento de los Ni\u00f1os se llevar\u00e1 a cabo el \u201cEncuentro Ferroviario Local\u201d. la propuesta tiene como objetivo reflexionar y profundizar el rol del ferrocarril como dinamizador econ\u00f3mico social en nuestra ciudad.<\/p>\n\n\n\n<p>Durante el encuentro tendr\u00e1n lugar diversas ponencias, desde diferentes perspectivas en torno a lo general y lo particular del trabajo ferroviario como forma de vida, con el foco puesto en Villa Mar\u00eda.<\/p>\n\n\n\n<p>En la oportunidad disertar\u00e1n el historiador, Augusto L\u00f3pez; el ex trabajador ferroviario, Julio Liendo y el maquinista e integrante del sindicato \u201cLa Fraternidad\u201d, Hugo Sosa.<\/p>\n","protected":false},"excerpt":{"rendered":"<p>La Municipalidad de Villa Mar\u00eda informa que se proyectar\u00e1 una serie documental en el Cine INCAA para conmemorar un nuevo aniversario del \u201cCordobazo\u201d. La actividad fue anunciadas por el secretario de Gobierno, Cultura y Relaciones Institucionales; Marcos Bovo, junto a la directora de Museos y Patrimonio Hist\u00f3rico, \u00c1ngeles Basualdo y Laura Felipe, integrante del Programa [&hellip;]<\/p>\n","protected":false},"author":4,"featured_media":94165,"comment_status":"open","ping_status":"open","sticky":false,"template":"","format":"standard","meta":{"site-sidebar-layout":"default","site-content-layout":"","ast-site-content-layout":"default","site-content-style":"default","site-sidebar-style":"default","ast-global-header-display":"","ast-banner-title-visibility":"","ast-main-header-display":"","ast-hfb-above-header-display":"","ast-hfb-below-header-display":"","ast-hfb-mobile-header-display":"","site-post-title":"","ast-breadcrumbs-content":"","ast-featured-img":"","footer-sml-layout":"","ast-disable-related-posts":"","theme-transparent-header-meta":"","adv-header-id-meta":"","stick-header-meta":"","header-above-stick-meta":"","header-main-stick-meta":"","header-below-stick-meta":"","astra-migrate-meta-layouts":"set","ast-page-background-enabled":"default","ast-page-background-meta":{"desktop":{"background-color":"","background-image":"","background-repeat":"repeat","background-position":"center center","background-size":"auto","background-attachment":"scroll","background-type":"","background-media":"","overlay-type":"","overlay-color":"","overlay-opacity":"","overlay-gradient":""},"tablet":{"background-color":"","background-image":"","background-repeat":"repeat","background-position":"center center","background-size":"auto","background-attachment":"scroll","background-type":"","background-media":"","overlay-type":"","overlay-color":"","overlay-opacity":"","overlay-gradient":""},"mobile":{"background-color":"","background-image":"","background-repeat":"repeat","background-position":"center center","background-size":"auto","background-attachment":"scroll","background-type":"","background-media":"","overlay-type":"","overlay-color":"","overlay-opacity":"","overlay-gradient":""}},"ast-content-background-meta":{"desktop":{"background-color":"var(--ast-global-color-5)","background-image":"","background-repeat":"repeat","background-position":"center center","background-size":"auto","background-attachment":"scroll","background-type":"","background-media":"","overlay-type":"","overlay-color":"","overlay-opacity":"","overlay-gradient":""},"tablet":{"background-color":"var(--ast-global-color-5)","background-image":"","background-repeat":"repeat","background-position":"center center","background-size":"auto","background-attachment":"scroll","background-type":"","background-media":"","overlay-type":"","overlay-color":"","overlay-opacity":"","overlay-gradient":""},"mobile":{"background-color":"var(--ast-global-color-5)","background-image":"","background-repeat":"repeat","background-position":"center center","background-size":"auto","background-attachment":"scroll","background-type":"","background-media":"","overlay-type":"","overlay-color":"","overlay-opacity":"","overlay-gradient":""}},"_jetpack_memberships_contains_paid_content":false,"_joinchat":[],"footnotes":""},"categories":[15302,5,2],"tags":[],"class_list":["post-94163","post","type-post","status-publish","format-standard","has-post-thumbnail","hentry","category-destacado","category-sociedad","category-villa-maria"],"yoast_head":"<!-- This site is optimized with the Yoast SEO plugin v26.8 - https:\/\/yoast.com\/product\/yoast-seo-wordpress\/ -->\n<title>En conmemoraci\u00f3n del Cordobazo: se proyectar\u00e1 una serie de documentales en el Leonardo Favio - El Regional<\/title>\n<meta name=\"robots\" content=\"index, follow, max-snippet:-1, max-image-preview:large, max-video-preview:-1\" \/>\n<link rel=\"canonical\" href=\"https:\/\/elregionalvm.com.ar\/noticias-villa-maria\/en-conmemoracion-del-cordobazo-se-proyectara-una-serie-de-documentales-en-el-leonardo-favio\/\" \/>\n<meta property=\"og:locale\" content=\"es_ES\" \/>\n<meta property=\"og:type\" content=\"article\" \/>\n<meta property=\"og:title\" content=\"En conmemoraci\u00f3n del Cordobazo: se proyectar\u00e1 una serie de documentales en el Leonardo Favio - El Regional\" \/>\n<meta property=\"og:description\" content=\"La Municipalidad de Villa Mar\u00eda informa que se proyectar\u00e1 una serie documental en el Cine INCAA para conmemorar un nuevo aniversario del \u201cCordobazo\u201d. La actividad fue anunciadas por el secretario de Gobierno, Cultura y Relaciones Institucionales; Marcos Bovo, junto a la directora de Museos y Patrimonio Hist\u00f3rico, \u00c1ngeles Basualdo y Laura Felipe, integrante del Programa [&hellip;]\" \/>\n<meta property=\"og:url\" content=\"https:\/\/elregionalvm.com.ar\/noticias-villa-maria\/en-conmemoracion-del-cordobazo-se-proyectara-una-serie-de-documentales-en-el-leonardo-favio\/\" \/>\n<meta property=\"og:site_name\" content=\"El Regional\" \/>\n<meta property=\"article:publisher\" content=\"https:\/\/www.facebook.com\/elregionalvm\" \/>\n<meta property=\"article:published_time\" content=\"2024-05-21T20:37:13+00:00\" \/>\n<meta property=\"article:modified_time\" content=\"2024-05-21T20:37:14+00:00\" \/>\n<meta property=\"og:image\" content=\"https:\/\/elregionalvm.com.ar\/noticias-villa-maria\/wp-content\/uploads\/2024\/05\/WhatsApp-Image-2024-05-21-at-3.08.24-PM.jpeg\" \/>\n\t<meta property=\"og:image:width\" content=\"1600\" \/>\n\t<meta property=\"og:image:height\" content=\"1066\" \/>\n\t<meta property=\"og:image:type\" content=\"image\/jpeg\" \/>\n<meta name=\"author\" content=\"Contenidos El Regional\" \/>\n<meta name=\"twitter:card\" content=\"summary_large_image\" \/>\n<meta name=\"twitter:creator\" content=\"@elregionalvm1\" \/>\n<meta name=\"twitter:site\" content=\"@elregionalvm1\" \/>\n<meta name=\"twitter:label1\" content=\"Escrito por\" \/>\n\t<meta name=\"twitter:data1\" content=\"Contenidos El Regional\" \/>\n\t<meta name=\"twitter:label2\" content=\"Tiempo de lectura\" \/>\n\t<meta name=\"twitter:data2\" content=\"2 minutos\" \/>\n<script type=\"application\/ld+json\" class=\"yoast-schema-graph\">{\"@context\":\"https:\/\/schema.org\",\"@graph\":[{\"@type\":\"Article\",\"@id\":\"https:\/\/elregionalvm.com.ar\/noticias-villa-maria\/en-conmemoracion-del-cordobazo-se-proyectara-una-serie-de-documentales-en-el-leonardo-favio\/#article\",\"isPartOf\":{\"@id\":\"https:\/\/elregionalvm.com.ar\/noticias-villa-maria\/en-conmemoracion-del-cordobazo-se-proyectara-una-serie-de-documentales-en-el-leonardo-favio\/\"},\"author\":{\"name\":\"Contenidos El Regional\",\"@id\":\"http:\/\/elregionalvm.com.ar\/noticias-villa-maria\/#\/schema\/person\/a0fb9c422317faca23d50163151bc354\"},\"headline\":\"En conmemoraci\u00f3n del Cordobazo: se proyectar\u00e1 una serie de documentales en el Leonardo Favio\",\"datePublished\":\"2024-05-21T20:37:13+00:00\",\"dateModified\":\"2024-05-21T20:37:14+00:00\",\"mainEntityOfPage\":{\"@id\":\"https:\/\/elregionalvm.com.ar\/noticias-villa-maria\/en-conmemoracion-del-cordobazo-se-proyectara-una-serie-de-documentales-en-el-leonardo-favio\/\"},\"wordCount\":358,\"commentCount\":0,\"image\":{\"@id\":\"https:\/\/elregionalvm.com.ar\/noticias-villa-maria\/en-conmemoracion-del-cordobazo-se-proyectara-una-serie-de-documentales-en-el-leonardo-favio\/#primaryimage\"},\"thumbnailUrl\":\"https:\/\/i0.wp.com\/elregionalvm.com.ar\/noticias-villa-maria\/wp-content\/uploads\/2024\/05\/WhatsApp-Image-2024-05-21-at-3.08.24-PM.jpeg?fit=1600%2C1066&ssl=1\",\"articleSection\":[\"destacado\",\"Sociedad\",\"Villa Mar\u00eda\"],\"inLanguage\":\"es\",\"potentialAction\":[{\"@type\":\"CommentAction\",\"name\":\"Comment\",\"target\":[\"https:\/\/elregionalvm.com.ar\/noticias-villa-maria\/en-conmemoracion-del-cordobazo-se-proyectara-una-serie-de-documentales-en-el-leonardo-favio\/#respond\"]}]},{\"@type\":\"WebPage\",\"@id\":\"https:\/\/elregionalvm.com.ar\/noticias-villa-maria\/en-conmemoracion-del-cordobazo-se-proyectara-una-serie-de-documentales-en-el-leonardo-favio\/\",\"url\":\"https:\/\/elregionalvm.com.ar\/noticias-villa-maria\/en-conmemoracion-del-cordobazo-se-proyectara-una-serie-de-documentales-en-el-leonardo-favio\/\",\"name\":\"En conmemoraci\u00f3n del Cordobazo: se proyectar\u00e1 una serie de documentales en el Leonardo Favio - El Regional\",\"isPartOf\":{\"@id\":\"http:\/\/elregionalvm.com.ar\/noticias-villa-maria\/#website\"},\"primaryImageOfPage\":{\"@id\":\"https:\/\/elregionalvm.com.ar\/noticias-villa-maria\/en-conmemoracion-del-cordobazo-se-proyectara-una-serie-de-documentales-en-el-leonardo-favio\/#primaryimage\"},\"image\":{\"@id\":\"https:\/\/elregionalvm.com.ar\/noticias-villa-maria\/en-conmemoracion-del-cordobazo-se-proyectara-una-serie-de-documentales-en-el-leonardo-favio\/#primaryimage\"},\"thumbnailUrl\":\"https:\/\/i0.wp.com\/elregionalvm.com.ar\/noticias-villa-maria\/wp-content\/uploads\/2024\/05\/WhatsApp-Image-2024-05-21-at-3.08.24-PM.jpeg?fit=1600%2C1066&ssl=1\",\"datePublished\":\"2024-05-21T20:37:13+00:00\",\"dateModified\":\"2024-05-21T20:37:14+00:00\",\"author\":{\"@id\":\"http:\/\/elregionalvm.com.ar\/noticias-villa-maria\/#\/schema\/person\/a0fb9c422317faca23d50163151bc354\"},\"breadcrumb\":{\"@id\":\"https:\/\/elregionalvm.com.ar\/noticias-villa-maria\/en-conmemoracion-del-cordobazo-se-proyectara-una-serie-de-documentales-en-el-leonardo-favio\/#breadcrumb\"},\"inLanguage\":\"es\",\"potentialAction\":[{\"@type\":\"ReadAction\",\"target\":[\"https:\/\/elregionalvm.com.ar\/noticias-villa-maria\/en-conmemoracion-del-cordobazo-se-proyectara-una-serie-de-documentales-en-el-leonardo-favio\/\"]}]},{\"@type\":\"ImageObject\",\"inLanguage\":\"es\",\"@id\":\"https:\/\/elregionalvm.com.ar\/noticias-villa-maria\/en-conmemoracion-del-cordobazo-se-proyectara-una-serie-de-documentales-en-el-leonardo-favio\/#primaryimage\",\"url\":\"https:\/\/i0.wp.com\/elregionalvm.com.ar\/noticias-villa-maria\/wp-content\/uploads\/2024\/05\/WhatsApp-Image-2024-05-21-at-3.08.24-PM.jpeg?fit=1600%2C1066&ssl=1\",\"contentUrl\":\"https:\/\/i0.wp.com\/elregionalvm.com.ar\/noticias-villa-maria\/wp-content\/uploads\/2024\/05\/WhatsApp-Image-2024-05-21-at-3.08.24-PM.jpeg?fit=1600%2C1066&ssl=1\",\"width\":1600,\"height\":1066},{\"@type\":\"BreadcrumbList\",\"@id\":\"https:\/\/elregionalvm.com.ar\/noticias-villa-maria\/en-conmemoracion-del-cordobazo-se-proyectara-una-serie-de-documentales-en-el-leonardo-favio\/#breadcrumb\",\"itemListElement\":[{\"@type\":\"ListItem\",\"position\":1,\"name\":\"Portada\",\"item\":\"https:\/\/elregionalvm.com.ar\/noticias-villa-maria\/\"},{\"@type\":\"ListItem\",\"position\":2,\"name\":\"En conmemoraci\u00f3n del Cordobazo: se proyectar\u00e1 una serie de documentales en el Leonardo Favio\"}]},{\"@type\":\"WebSite\",\"@id\":\"http:\/\/elregionalvm.com.ar\/noticias-villa-maria\/#website\",\"url\":\"http:\/\/elregionalvm.com.ar\/noticias-villa-maria\/\",\"name\":\"El Regional\",\"description\":\"Mucho m\u00e1s que informaci\u00f3n\",\"potentialAction\":[{\"@type\":\"SearchAction\",\"target\":{\"@type\":\"EntryPoint\",\"urlTemplate\":\"http:\/\/elregionalvm.com.ar\/noticias-villa-maria\/?s={search_term_string}\"},\"query-input\":{\"@type\":\"PropertyValueSpecification\",\"valueRequired\":true,\"valueName\":\"search_term_string\"}}],\"inLanguage\":\"es\"},{\"@type\":\"Person\",\"@id\":\"http:\/\/elregionalvm.com.ar\/noticias-villa-maria\/#\/schema\/person\/a0fb9c422317faca23d50163151bc354\",\"name\":\"Contenidos El Regional\",\"image\":{\"@type\":\"ImageObject\",\"inLanguage\":\"es\",\"@id\":\"http:\/\/elregionalvm.com.ar\/noticias-villa-maria\/#\/schema\/person\/image\/\",\"url\":\"https:\/\/secure.gravatar.com\/avatar\/265b27cb2209af7bb3a1318f03305787d7981a5cc6e6cd08fe5a4ecdf99d4b48?s=96&d=mm&r=g\",\"contentUrl\":\"https:\/\/secure.gravatar.com\/avatar\/265b27cb2209af7bb3a1318f03305787d7981a5cc6e6cd08fe5a4ecdf99d4b48?s=96&d=mm&r=g\",\"caption\":\"Contenidos El Regional\"},\"url\":\"https:\/\/elregionalvm.com.ar\/noticias-villa-maria\/author\/contenido\/\"}]}<\/script>\n<!-- \/ Yoast SEO plugin. -->","yoast_head_json":{"title":"En conmemoraci\u00f3n del Cordobazo: se proyectar\u00e1 una serie de documentales en el Leonardo Favio - El Regional","robots":{"index":"index","follow":"follow","max-snippet":"max-snippet:-1","max-image-preview":"max-image-preview:large","max-video-preview":"max-video-preview:-1"},"canonical":"https:\/\/elregionalvm.com.ar\/noticias-villa-maria\/en-conmemoracion-del-cordobazo-se-proyectara-una-serie-de-documentales-en-el-leonardo-favio\/","og_locale":"es_ES","og_type":"article","og_title":"En conmemoraci\u00f3n del Cordobazo: se proyectar\u00e1 una serie de documentales en el Leonardo Favio - El Regional","og_description":"La Municipalidad de Villa Mar\u00eda informa que se proyectar\u00e1 una serie documental en el Cine INCAA para conmemorar un nuevo aniversario del \u201cCordobazo\u201d. La actividad fue anunciadas por el secretario de Gobierno, Cultura y Relaciones Institucionales; Marcos Bovo, junto a la directora de Museos y Patrimonio Hist\u00f3rico, \u00c1ngeles Basualdo y Laura Felipe, integrante del Programa [&hellip;]","og_url":"https:\/\/elregionalvm.com.ar\/noticias-villa-maria\/en-conmemoracion-del-cordobazo-se-proyectara-una-serie-de-documentales-en-el-leonardo-favio\/","og_site_name":"El Regional","article_publisher":"https:\/\/www.facebook.com\/elregionalvm","article_published_time":"2024-05-21T20:37:13+00:00","article_modified_time":"2024-05-21T20:37:14+00:00","og_image":[{"width":1600,"height":1066,"url":"https:\/\/elregionalvm.com.ar\/noticias-villa-maria\/wp-content\/uploads\/2024\/05\/WhatsApp-Image-2024-05-21-at-3.08.24-PM.jpeg","type":"image\/jpeg"}],"author":"Contenidos El Regional","twitter_card":"summary_large_image","twitter_creator":"@elregionalvm1","twitter_site":"@elregionalvm1","twitter_misc":{"Escrito por":"Contenidos El Regional","Tiempo de lectura":"2 minutos"},"schema":{"@context":"https:\/\/schema.org","@graph":[{"@type":"Article","@id":"https:\/\/elregionalvm.com.ar\/noticias-villa-maria\/en-conmemoracion-del-cordobazo-se-proyectara-una-serie-de-documentales-en-el-leonardo-favio\/#article","isPartOf":{"@id":"https:\/\/elregionalvm.com.ar\/noticias-villa-maria\/en-conmemoracion-del-cordobazo-se-proyectara-una-serie-de-documentales-en-el-leonardo-favio\/"},"author":{"name":"Contenidos El Regional","@id":"http:\/\/elregionalvm.com.ar\/noticias-villa-maria\/#\/schema\/person\/a0fb9c422317faca23d50163151bc354"},"headline":"En conmemoraci\u00f3n del Cordobazo: se proyectar\u00e1 una serie de documentales en el Leonardo Favio","datePublished":"2024-05-21T20:37:13+00:00","dateModified":"2024-05-21T20:37:14+00:00","mainEntityOfPage":{"@id":"https:\/\/elregionalvm.com.ar\/noticias-villa-maria\/en-conmemoracion-del-cordobazo-se-proyectara-una-serie-de-documentales-en-el-leonardo-favio\/"},"wordCount":358,"commentCount":0,"image":{"@id":"https:\/\/elregionalvm.com.ar\/noticias-villa-maria\/en-conmemoracion-del-cordobazo-se-proyectara-una-serie-de-documentales-en-el-leonardo-favio\/#primaryimage"},"thumbnailUrl":"https:\/\/i0.wp.com\/elregionalvm.com.ar\/noticias-villa-maria\/wp-content\/uploads\/2024\/05\/WhatsApp-Image-2024-05-21-at-3.08.24-PM.jpeg?fit=1600%2C1066&ssl=1","articleSection":["destacado","Sociedad","Villa Mar\u00eda"],"inLanguage":"es","potentialAction":[{"@type":"CommentAction","name":"Comment","target":["https:\/\/elregionalvm.com.ar\/noticias-villa-maria\/en-conmemoracion-del-cordobazo-se-proyectara-una-serie-de-documentales-en-el-leonardo-favio\/#respond"]}]},{"@type":"WebPage","@id":"https:\/\/elregionalvm.com.ar\/noticias-villa-maria\/en-conmemoracion-del-cordobazo-se-proyectara-una-serie-de-documentales-en-el-leonardo-favio\/","url":"https:\/\/elregionalvm.com.ar\/noticias-villa-maria\/en-conmemoracion-del-cordobazo-se-proyectara-una-serie-de-documentales-en-el-leonardo-favio\/","name":"En conmemoraci\u00f3n del Cordobazo: se proyectar\u00e1 una serie de documentales en el Leonardo Favio - El Regional","isPartOf":{"@id":"http:\/\/elregionalvm.com.ar\/noticias-villa-maria\/#website"},"primaryImageOfPage":{"@id":"https:\/\/elregionalvm.com.ar\/noticias-villa-maria\/en-conmemoracion-del-cordobazo-se-proyectara-una-serie-de-documentales-en-el-leonardo-favio\/#primaryimage"},"image":{"@id":"https:\/\/elregionalvm.com.ar\/noticias-villa-maria\/en-conmemoracion-del-cordobazo-se-proyectara-una-serie-de-documentales-en-el-leonardo-favio\/#primaryimage"},"thumbnailUrl":"https:\/\/i0.wp.com\/elregionalvm.com.ar\/noticias-villa-maria\/wp-content\/uploads\/2024\/05\/WhatsApp-Image-2024-05-21-at-3.08.24-PM.jpeg?fit=1600%2C1066&ssl=1","datePublished":"2024-05-21T20:37:13+00:00","dateModified":"2024-05-21T20:37:14+00:00","author":{"@id":"http:\/\/elregionalvm.com.ar\/noticias-villa-maria\/#\/schema\/person\/a0fb9c422317faca23d50163151bc354"},"breadcrumb":{"@id":"https:\/\/elregionalvm.com.ar\/noticias-villa-maria\/en-conmemoracion-del-cordobazo-se-proyectara-una-serie-de-documentales-en-el-leonardo-favio\/#breadcrumb"},"inLanguage":"es","potentialAction":[{"@type":"ReadAction","target":["https:\/\/elregionalvm.com.ar\/noticias-villa-maria\/en-conmemoracion-del-cordobazo-se-proyectara-una-serie-de-documentales-en-el-leonardo-favio\/"]}]},{"@type":"ImageObject","inLanguage":"es","@id":"https:\/\/elregionalvm.com.ar\/noticias-villa-maria\/en-conmemoracion-del-cordobazo-se-proyectara-una-serie-de-documentales-en-el-leonardo-favio\/#primaryimage","url":"https:\/\/i0.wp.com\/elregionalvm.com.ar\/noticias-villa-maria\/wp-content\/uploads\/2024\/05\/WhatsApp-Image-2024-05-21-at-3.08.24-PM.jpeg?fit=1600%2C1066&ssl=1","contentUrl":"https:\/\/i0.wp.com\/elregionalvm.com.ar\/noticias-villa-maria\/wp-content\/uploads\/2024\/05\/WhatsApp-Image-2024-05-21-at-3.08.24-PM.jpeg?fit=1600%2C1066&ssl=1","width":1600,"height":1066},{"@type":"BreadcrumbList","@id":"https:\/\/elregionalvm.com.ar\/noticias-villa-maria\/en-conmemoracion-del-cordobazo-se-proyectara-una-serie-de-documentales-en-el-leonardo-favio\/#breadcrumb","itemListElement":[{"@type":"ListItem","position":1,"name":"Portada","item":"https:\/\/elregionalvm.com.ar\/noticias-villa-maria\/"},{"@type":"ListItem","position":2,"name":"En conmemoraci\u00f3n del Cordobazo: se proyectar\u00e1 una serie de documentales en el Leonardo Favio"}]},{"@type":"WebSite","@id":"http:\/\/elregionalvm.com.ar\/noticias-villa-maria\/#website","url":"http:\/\/elregionalvm.com.ar\/noticias-villa-maria\/","name":"El Regional","description":"Mucho m\u00e1s que informaci\u00f3n","potentialAction":[{"@type":"SearchAction","target":{"@type":"EntryPoint","urlTemplate":"http:\/\/elregionalvm.com.ar\/noticias-villa-maria\/?s={search_term_string}"},"query-input":{"@type":"PropertyValueSpecification","valueRequired":true,"valueName":"search_term_string"}}],"inLanguage":"es"},{"@type":"Person","@id":"http:\/\/elregionalvm.com.ar\/noticias-villa-maria\/#\/schema\/person\/a0fb9c422317faca23d50163151bc354","name":"Contenidos El Regional","image":{"@type":"ImageObject","inLanguage":"es","@id":"http:\/\/elregionalvm.com.ar\/noticias-villa-maria\/#\/schema\/person\/image\/","url":"https:\/\/secure.gravatar.com\/avatar\/265b27cb2209af7bb3a1318f03305787d7981a5cc6e6cd08fe5a4ecdf99d4b48?s=96&d=mm&r=g","contentUrl":"https:\/\/secure.gravatar.com\/avatar\/265b27cb2209af7bb3a1318f03305787d7981a5cc6e6cd08fe5a4ecdf99d4b48?s=96&d=mm&r=g","caption":"Contenidos El Regional"},"url":"https:\/\/elregionalvm.com.ar\/noticias-villa-maria\/author\/contenido\/"}]}},"jetpack_featured_media_url":"https:\/\/i0.wp.com\/elregionalvm.com.ar\/noticias-villa-maria\/wp-content\/uploads\/2024\/05\/WhatsApp-Image-2024-05-21-at-3.08.24-PM.jpeg?fit=1600%2C1066&ssl=1","jetpack_sharing_enabled":true,"_links":{"self":[{"href":"https:\/\/elregionalvm.com.ar\/noticias-villa-maria\/wp-json\/wp\/v2\/posts\/94163","targetHints":{"allow":["GET"]}}],"collection":[{"href":"https:\/\/elregionalvm.com.ar\/noticias-villa-maria\/wp-json\/wp\/v2\/posts"}],"about":[{"href":"https:\/\/elregionalvm.com.ar\/noticias-villa-maria\/wp-json\/wp\/v2\/types\/post"}],"author":[{"embeddable":true,"href":"https:\/\/elregionalvm.com.ar\/noticias-villa-maria\/wp-json\/wp\/v2\/users\/4"}],"replies":[{"embeddable":true,"href":"https:\/\/elregionalvm.com.ar\/noticias-villa-maria\/wp-json\/wp\/v2\/comments?post=94163"}],"version-history":[{"count":1,"href":"https:\/\/elregionalvm.com.ar\/noticias-villa-maria\/wp-json\/wp\/v2\/posts\/94163\/revisions"}],"predecessor-version":[{"id":94166,"href":"https:\/\/elregionalvm.com.ar\/noticias-villa-maria\/wp-json\/wp\/v2\/posts\/94163\/revisions\/94166"}],"wp:featuredmedia":[{"embeddable":true,"href":"https:\/\/elregionalvm.com.ar\/noticias-villa-maria\/wp-json\/wp\/v2\/media\/94165"}],"wp:attachment":[{"href":"https:\/\/elregionalvm.com.ar\/noticias-villa-maria\/wp-json\/wp\/v2\/media?parent=94163"}],"wp:term":[{"taxonomy":"category","embeddable":true,"href":"https:\/\/elregionalvm.com.ar\/noticias-villa-maria\/wp-json\/wp\/v2\/categories?post=94163"},{"taxonomy":"post_tag","embeddable":true,"href":"https:\/\/elregionalvm.com.ar\/noticias-villa-maria\/wp-json\/wp\/v2\/tags?post=94163"}],"curies":[{"name":"wp","href":"https:\/\/api.w.org\/{rel}","templated":true}]}}