{"id":94170,"date":"2024-05-21T20:54:05","date_gmt":"2024-05-21T20:54:05","guid":{"rendered":"https:\/\/elregionalvm.com.ar\/noticias-villa-maria\/?p=94170"},"modified":"2024-05-21T20:54:06","modified_gmt":"2024-05-21T20:54:06","slug":"el-municipio-entrego-la-personeria-juridica-a-la-asociacion-civil-casa-azul","status":"publish","type":"post","link":"https:\/\/elregionalvm.com.ar\/noticias-villa-maria\/el-municipio-entrego-la-personeria-juridica-a-la-asociacion-civil-casa-azul\/","title":{"rendered":"El municipio entreg\u00f3 la personer\u00eda jur\u00eddica a la Asociaci\u00f3n Civil \u00abCasa Azul\u00bb"},"content":{"rendered":"\n<p>Mediante el programa \u201cPerteneSer\u201d, se entreg\u00f3 la personer\u00eda jur\u00eddica a la Asociaci\u00f3n Civil sin fines de lucro \u201cCasa Azu, Espacio Creativo\u201d.<\/p>\n\n\n\n<p>Dicha iniciativa, impulsada por la secretar\u00eda de Gobierno, Cultura y Relaciones Institucionales, acredit\u00f3 la constituci\u00f3n ante el organismo de control provincial.<\/p>\n\n\n\n<figure class=\"wp-block-image size-large\"><img data-recalc-dims=\"1\" fetchpriority=\"high\" decoding=\"async\" width=\"1024\" height=\"683\" src=\"https:\/\/i0.wp.com\/elregionalvm.com.ar\/noticias-villa-maria\/wp-content\/uploads\/2024\/05\/WhatsApp-Image-2024-05-21-at-8.52.12-AM.jpeg?resize=1024%2C683&#038;ssl=1\" alt=\"\" class=\"wp-image-94172\" srcset=\"https:\/\/i0.wp.com\/elregionalvm.com.ar\/noticias-villa-maria\/wp-content\/uploads\/2024\/05\/WhatsApp-Image-2024-05-21-at-8.52.12-AM-scaled.jpeg?resize=1024%2C683&amp;ssl=1 1024w, https:\/\/i0.wp.com\/elregionalvm.com.ar\/noticias-villa-maria\/wp-content\/uploads\/2024\/05\/WhatsApp-Image-2024-05-21-at-8.52.12-AM-scaled.jpeg?resize=300%2C200&amp;ssl=1 300w, https:\/\/i0.wp.com\/elregionalvm.com.ar\/noticias-villa-maria\/wp-content\/uploads\/2024\/05\/WhatsApp-Image-2024-05-21-at-8.52.12-AM-scaled.jpeg?resize=768%2C512&amp;ssl=1 768w, https:\/\/i0.wp.com\/elregionalvm.com.ar\/noticias-villa-maria\/wp-content\/uploads\/2024\/05\/WhatsApp-Image-2024-05-21-at-8.52.12-AM-scaled.jpeg?resize=1536%2C1024&amp;ssl=1 1536w, https:\/\/i0.wp.com\/elregionalvm.com.ar\/noticias-villa-maria\/wp-content\/uploads\/2024\/05\/WhatsApp-Image-2024-05-21-at-8.52.12-AM-scaled.jpeg?resize=2048%2C1365&amp;ssl=1 2048w\" sizes=\"(max-width: 1000px) 100vw, 1000px\" \/><\/figure>\n\n\n\n<p>En tal sentido, el titular de cartera, Marcos Bovo, visit\u00f3 el espacio cultural y entreg\u00f3 a su titular, Patricia Rampulla, la documentaci\u00f3n correspondiente que certifica la constituci\u00f3n formal de la entidad.&nbsp;<\/p>\n\n\n\n<p>Cabe se\u00f1alar que en el espacio ubicado en calle Estados Unidos 253 se dictan diversos talleres y se brindan propuestas musicales, art\u00edsticas y culturales, destinadas a toda la familia y en una casona del a\u00f1o 1910, promoviendo el arte y a sus artistas.<\/p>\n\n\n\n<p>Al respecto, Bovo se\u00f1al\u00f3: \u201ceste es un gran paso en la construcci\u00f3n por brindar un espacio que abraza a artistas y talleristas, y los proyecta en la realizaci\u00f3n personal\u201d.<\/p>\n\n\n\n<p>Mientras que Patricia Rampulla agradeci\u00f3 a las autoridades municipales por las gestiones, acompa\u00f1amiento y asesoramiento, y agreg\u00f3: \u00abhoy cumplimos el sue\u00f1o de hacer de Nuestro Hogar un espacio de difusi\u00f3n de Arte y Cultura en todas sus manifestaciones\u201d.<\/p>\n\n\n\n<p>De tal manera, la comisi\u00f3n directiva qued\u00f3 conformada por Patricia Rampulla (Presidenta), Mar\u00eda Paula Baigorr\u00ed (Secretaria) y Mario Baigorr\u00ed (Tesorero).<\/p>\n\n\n\n<p>Sobre el programa<\/p>\n\n\n\n<p>Desde diciembre y hasta la fecha, se han constituido y regularizado 12 instituciones, mientras que otras 22 se encuentran en proceso.<\/p>\n\n\n\n<p>Adem\u00e1s, se realiz\u00f3 asesoramiento en general, o sobre dudas puntuales, a otras 16 instituciones.<\/p>\n\n\n\n<p>El programa es impulsado desde la Direcci\u00f3n de Relaciones Institucionales a cargo de Noelia Macagno, dependiente de la Secretar\u00eda de Gobierno, Cultura y Relaciones Institucionales.<\/p>\n","protected":false},"excerpt":{"rendered":"<p>Mediante el programa \u201cPerteneSer\u201d, se entreg\u00f3 la personer\u00eda jur\u00eddica a la Asociaci\u00f3n Civil sin fines de lucro \u201cCasa Azu, Espacio Creativo\u201d. Dicha iniciativa, impulsada por la secretar\u00eda de Gobierno, Cultura y Relaciones Institucionales, acredit\u00f3 la constituci\u00f3n ante el organismo de control provincial. En tal sentido, el titular de cartera, Marcos Bovo, visit\u00f3 el espacio cultural [&hellip;]<\/p>\n","protected":false},"author":4,"featured_media":94171,"comment_status":"open","ping_status":"open","sticky":false,"template":"","format":"standard","meta":{"site-sidebar-layout":"default","site-content-layout":"","ast-site-content-layout":"default","site-content-style":"default","site-sidebar-style":"default","ast-global-header-display":"","ast-banner-title-visibility":"","ast-main-header-display":"","ast-hfb-above-header-display":"","ast-hfb-below-header-display":"","ast-hfb-mobile-header-display":"","site-post-title":"","ast-breadcrumbs-content":"","ast-featured-img":"","footer-sml-layout":"","ast-disable-related-posts":"","theme-transparent-header-meta":"","adv-header-id-meta":"","stick-header-meta":"","header-above-stick-meta":"","header-main-stick-meta":"","header-below-stick-meta":"","astra-migrate-meta-layouts":"set","ast-page-background-enabled":"default","ast-page-background-meta":{"desktop":{"background-color":"","background-image":"","background-repeat":"repeat","background-position":"center center","background-size":"auto","background-attachment":"scroll","background-type":"","background-media":"","overlay-type":"","overlay-color":"","overlay-opacity":"","overlay-gradient":""},"tablet":{"background-color":"","background-image":"","background-repeat":"repeat","background-position":"center center","background-size":"auto","background-attachment":"scroll","background-type":"","background-media":"","overlay-type":"","overlay-color":"","overlay-opacity":"","overlay-gradient":""},"mobile":{"background-color":"","background-image":"","background-repeat":"repeat","background-position":"center center","background-size":"auto","background-attachment":"scroll","background-type":"","background-media":"","overlay-type":"","overlay-color":"","overlay-opacity":"","overlay-gradient":""}},"ast-content-background-meta":{"desktop":{"background-color":"var(--ast-global-color-5)","background-image":"","background-repeat":"repeat","background-position":"center center","background-size":"auto","background-attachment":"scroll","background-type":"","background-media":"","overlay-type":"","overlay-color":"","overlay-opacity":"","overlay-gradient":""},"tablet":{"background-color":"var(--ast-global-color-5)","background-image":"","background-repeat":"repeat","background-position":"center center","background-size":"auto","background-attachment":"scroll","background-type":"","background-media":"","overlay-type":"","overlay-color":"","overlay-opacity":"","overlay-gradient":""},"mobile":{"background-color":"var(--ast-global-color-5)","background-image":"","background-repeat":"repeat","background-position":"center center","background-size":"auto","background-attachment":"scroll","background-type":"","background-media":"","overlay-type":"","overlay-color":"","overlay-opacity":"","overlay-gradient":""}},"_jetpack_memberships_contains_paid_content":false,"_joinchat":[],"footnotes":""},"categories":[5,2],"tags":[],"class_list":["post-94170","post","type-post","status-publish","format-standard","has-post-thumbnail","hentry","category-sociedad","category-villa-maria"],"yoast_head":"<!-- This site is optimized with the Yoast SEO plugin v26.8 - https:\/\/yoast.com\/product\/yoast-seo-wordpress\/ -->\n<title>El municipio entreg\u00f3 la personer\u00eda jur\u00eddica a la Asociaci\u00f3n Civil &quot;Casa Azul&quot; - El Regional<\/title>\n<meta name=\"robots\" content=\"index, follow, max-snippet:-1, max-image-preview:large, max-video-preview:-1\" \/>\n<link rel=\"canonical\" href=\"https:\/\/elregionalvm.com.ar\/noticias-villa-maria\/el-municipio-entrego-la-personeria-juridica-a-la-asociacion-civil-casa-azul\/\" \/>\n<meta property=\"og:locale\" content=\"es_ES\" \/>\n<meta property=\"og:type\" content=\"article\" \/>\n<meta property=\"og:title\" content=\"El municipio entreg\u00f3 la personer\u00eda jur\u00eddica a la Asociaci\u00f3n Civil &quot;Casa Azul&quot; - El Regional\" \/>\n<meta property=\"og:description\" content=\"Mediante el programa \u201cPerteneSer\u201d, se entreg\u00f3 la personer\u00eda jur\u00eddica a la Asociaci\u00f3n Civil sin fines de lucro \u201cCasa Azu, Espacio Creativo\u201d. Dicha iniciativa, impulsada por la secretar\u00eda de Gobierno, Cultura y Relaciones Institucionales, acredit\u00f3 la constituci\u00f3n ante el organismo de control provincial. En tal sentido, el titular de cartera, Marcos Bovo, visit\u00f3 el espacio cultural [&hellip;]\" \/>\n<meta property=\"og:url\" content=\"https:\/\/elregionalvm.com.ar\/noticias-villa-maria\/el-municipio-entrego-la-personeria-juridica-a-la-asociacion-civil-casa-azul\/\" \/>\n<meta property=\"og:site_name\" content=\"El Regional\" \/>\n<meta property=\"article:publisher\" content=\"https:\/\/www.facebook.com\/elregionalvm\" \/>\n<meta property=\"article:published_time\" content=\"2024-05-21T20:54:05+00:00\" \/>\n<meta property=\"article:modified_time\" content=\"2024-05-21T20:54:06+00:00\" \/>\n<meta property=\"og:image\" content=\"https:\/\/elregionalvm.com.ar\/noticias-villa-maria\/wp-content\/uploads\/2024\/05\/WhatsApp-Image-2024-05-21-at-8.52.13-AM.jpeg\" \/>\n\t<meta property=\"og:image:width\" content=\"1600\" \/>\n\t<meta property=\"og:image:height\" content=\"986\" \/>\n\t<meta property=\"og:image:type\" content=\"image\/jpeg\" \/>\n<meta name=\"author\" content=\"Contenidos El Regional\" \/>\n<meta name=\"twitter:card\" content=\"summary_large_image\" \/>\n<meta name=\"twitter:creator\" content=\"@elregionalvm1\" \/>\n<meta name=\"twitter:site\" content=\"@elregionalvm1\" \/>\n<meta name=\"twitter:label1\" content=\"Escrito por\" \/>\n\t<meta name=\"twitter:data1\" content=\"Contenidos El Regional\" \/>\n\t<meta name=\"twitter:label2\" content=\"Tiempo de lectura\" \/>\n\t<meta name=\"twitter:data2\" content=\"2 minutos\" \/>\n<script type=\"application\/ld+json\" class=\"yoast-schema-graph\">{\"@context\":\"https:\/\/schema.org\",\"@graph\":[{\"@type\":\"Article\",\"@id\":\"https:\/\/elregionalvm.com.ar\/noticias-villa-maria\/el-municipio-entrego-la-personeria-juridica-a-la-asociacion-civil-casa-azul\/#article\",\"isPartOf\":{\"@id\":\"https:\/\/elregionalvm.com.ar\/noticias-villa-maria\/el-municipio-entrego-la-personeria-juridica-a-la-asociacion-civil-casa-azul\/\"},\"author\":{\"name\":\"Contenidos El Regional\",\"@id\":\"http:\/\/elregionalvm.com.ar\/noticias-villa-maria\/#\/schema\/person\/a0fb9c422317faca23d50163151bc354\"},\"headline\":\"El municipio entreg\u00f3 la personer\u00eda jur\u00eddica a la Asociaci\u00f3n Civil \u00abCasa Azul\u00bb\",\"datePublished\":\"2024-05-21T20:54:05+00:00\",\"dateModified\":\"2024-05-21T20:54:06+00:00\",\"mainEntityOfPage\":{\"@id\":\"https:\/\/elregionalvm.com.ar\/noticias-villa-maria\/el-municipio-entrego-la-personeria-juridica-a-la-asociacion-civil-casa-azul\/\"},\"wordCount\":298,\"commentCount\":0,\"image\":{\"@id\":\"https:\/\/elregionalvm.com.ar\/noticias-villa-maria\/el-municipio-entrego-la-personeria-juridica-a-la-asociacion-civil-casa-azul\/#primaryimage\"},\"thumbnailUrl\":\"https:\/\/i0.wp.com\/elregionalvm.com.ar\/noticias-villa-maria\/wp-content\/uploads\/2024\/05\/WhatsApp-Image-2024-05-21-at-8.52.13-AM.jpeg?fit=1600%2C986&ssl=1\",\"articleSection\":[\"Sociedad\",\"Villa Mar\u00eda\"],\"inLanguage\":\"es\",\"potentialAction\":[{\"@type\":\"CommentAction\",\"name\":\"Comment\",\"target\":[\"https:\/\/elregionalvm.com.ar\/noticias-villa-maria\/el-municipio-entrego-la-personeria-juridica-a-la-asociacion-civil-casa-azul\/#respond\"]}]},{\"@type\":\"WebPage\",\"@id\":\"https:\/\/elregionalvm.com.ar\/noticias-villa-maria\/el-municipio-entrego-la-personeria-juridica-a-la-asociacion-civil-casa-azul\/\",\"url\":\"https:\/\/elregionalvm.com.ar\/noticias-villa-maria\/el-municipio-entrego-la-personeria-juridica-a-la-asociacion-civil-casa-azul\/\",\"name\":\"El municipio entreg\u00f3 la personer\u00eda jur\u00eddica a la Asociaci\u00f3n Civil \\\"Casa Azul\\\" - El Regional\",\"isPartOf\":{\"@id\":\"http:\/\/elregionalvm.com.ar\/noticias-villa-maria\/#website\"},\"primaryImageOfPage\":{\"@id\":\"https:\/\/elregionalvm.com.ar\/noticias-villa-maria\/el-municipio-entrego-la-personeria-juridica-a-la-asociacion-civil-casa-azul\/#primaryimage\"},\"image\":{\"@id\":\"https:\/\/elregionalvm.com.ar\/noticias-villa-maria\/el-municipio-entrego-la-personeria-juridica-a-la-asociacion-civil-casa-azul\/#primaryimage\"},\"thumbnailUrl\":\"https:\/\/i0.wp.com\/elregionalvm.com.ar\/noticias-villa-maria\/wp-content\/uploads\/2024\/05\/WhatsApp-Image-2024-05-21-at-8.52.13-AM.jpeg?fit=1600%2C986&ssl=1\",\"datePublished\":\"2024-05-21T20:54:05+00:00\",\"dateModified\":\"2024-05-21T20:54:06+00:00\",\"author\":{\"@id\":\"http:\/\/elregionalvm.com.ar\/noticias-villa-maria\/#\/schema\/person\/a0fb9c422317faca23d50163151bc354\"},\"breadcrumb\":{\"@id\":\"https:\/\/elregionalvm.com.ar\/noticias-villa-maria\/el-municipio-entrego-la-personeria-juridica-a-la-asociacion-civil-casa-azul\/#breadcrumb\"},\"inLanguage\":\"es\",\"potentialAction\":[{\"@type\":\"ReadAction\",\"target\":[\"https:\/\/elregionalvm.com.ar\/noticias-villa-maria\/el-municipio-entrego-la-personeria-juridica-a-la-asociacion-civil-casa-azul\/\"]}]},{\"@type\":\"ImageObject\",\"inLanguage\":\"es\",\"@id\":\"https:\/\/elregionalvm.com.ar\/noticias-villa-maria\/el-municipio-entrego-la-personeria-juridica-a-la-asociacion-civil-casa-azul\/#primaryimage\",\"url\":\"https:\/\/i0.wp.com\/elregionalvm.com.ar\/noticias-villa-maria\/wp-content\/uploads\/2024\/05\/WhatsApp-Image-2024-05-21-at-8.52.13-AM.jpeg?fit=1600%2C986&ssl=1\",\"contentUrl\":\"https:\/\/i0.wp.com\/elregionalvm.com.ar\/noticias-villa-maria\/wp-content\/uploads\/2024\/05\/WhatsApp-Image-2024-05-21-at-8.52.13-AM.jpeg?fit=1600%2C986&ssl=1\",\"width\":1600,\"height\":986},{\"@type\":\"BreadcrumbList\",\"@id\":\"https:\/\/elregionalvm.com.ar\/noticias-villa-maria\/el-municipio-entrego-la-personeria-juridica-a-la-asociacion-civil-casa-azul\/#breadcrumb\",\"itemListElement\":[{\"@type\":\"ListItem\",\"position\":1,\"name\":\"Portada\",\"item\":\"https:\/\/elregionalvm.com.ar\/noticias-villa-maria\/\"},{\"@type\":\"ListItem\",\"position\":2,\"name\":\"El municipio entreg\u00f3 la personer\u00eda jur\u00eddica a la Asociaci\u00f3n Civil \u00abCasa Azul\u00bb\"}]},{\"@type\":\"WebSite\",\"@id\":\"http:\/\/elregionalvm.com.ar\/noticias-villa-maria\/#website\",\"url\":\"http:\/\/elregionalvm.com.ar\/noticias-villa-maria\/\",\"name\":\"El Regional\",\"description\":\"Mucho m\u00e1s que informaci\u00f3n\",\"potentialAction\":[{\"@type\":\"SearchAction\",\"target\":{\"@type\":\"EntryPoint\",\"urlTemplate\":\"http:\/\/elregionalvm.com.ar\/noticias-villa-maria\/?s={search_term_string}\"},\"query-input\":{\"@type\":\"PropertyValueSpecification\",\"valueRequired\":true,\"valueName\":\"search_term_string\"}}],\"inLanguage\":\"es\"},{\"@type\":\"Person\",\"@id\":\"http:\/\/elregionalvm.com.ar\/noticias-villa-maria\/#\/schema\/person\/a0fb9c422317faca23d50163151bc354\",\"name\":\"Contenidos El Regional\",\"image\":{\"@type\":\"ImageObject\",\"inLanguage\":\"es\",\"@id\":\"http:\/\/elregionalvm.com.ar\/noticias-villa-maria\/#\/schema\/person\/image\/\",\"url\":\"https:\/\/secure.gravatar.com\/avatar\/265b27cb2209af7bb3a1318f03305787d7981a5cc6e6cd08fe5a4ecdf99d4b48?s=96&d=mm&r=g\",\"contentUrl\":\"https:\/\/secure.gravatar.com\/avatar\/265b27cb2209af7bb3a1318f03305787d7981a5cc6e6cd08fe5a4ecdf99d4b48?s=96&d=mm&r=g\",\"caption\":\"Contenidos El Regional\"},\"url\":\"https:\/\/elregionalvm.com.ar\/noticias-villa-maria\/author\/contenido\/\"}]}<\/script>\n<!-- \/ Yoast SEO plugin. -->","yoast_head_json":{"title":"El municipio entreg\u00f3 la personer\u00eda jur\u00eddica a la Asociaci\u00f3n Civil \"Casa Azul\" - El Regional","robots":{"index":"index","follow":"follow","max-snippet":"max-snippet:-1","max-image-preview":"max-image-preview:large","max-video-preview":"max-video-preview:-1"},"canonical":"https:\/\/elregionalvm.com.ar\/noticias-villa-maria\/el-municipio-entrego-la-personeria-juridica-a-la-asociacion-civil-casa-azul\/","og_locale":"es_ES","og_type":"article","og_title":"El municipio entreg\u00f3 la personer\u00eda jur\u00eddica a la Asociaci\u00f3n Civil \"Casa Azul\" - El Regional","og_description":"Mediante el programa \u201cPerteneSer\u201d, se entreg\u00f3 la personer\u00eda jur\u00eddica a la Asociaci\u00f3n Civil sin fines de lucro \u201cCasa Azu, Espacio Creativo\u201d. Dicha iniciativa, impulsada por la secretar\u00eda de Gobierno, Cultura y Relaciones Institucionales, acredit\u00f3 la constituci\u00f3n ante el organismo de control provincial. En tal sentido, el titular de cartera, Marcos Bovo, visit\u00f3 el espacio cultural [&hellip;]","og_url":"https:\/\/elregionalvm.com.ar\/noticias-villa-maria\/el-municipio-entrego-la-personeria-juridica-a-la-asociacion-civil-casa-azul\/","og_site_name":"El Regional","article_publisher":"https:\/\/www.facebook.com\/elregionalvm","article_published_time":"2024-05-21T20:54:05+00:00","article_modified_time":"2024-05-21T20:54:06+00:00","og_image":[{"width":1600,"height":986,"url":"https:\/\/elregionalvm.com.ar\/noticias-villa-maria\/wp-content\/uploads\/2024\/05\/WhatsApp-Image-2024-05-21-at-8.52.13-AM.jpeg","type":"image\/jpeg"}],"author":"Contenidos El Regional","twitter_card":"summary_large_image","twitter_creator":"@elregionalvm1","twitter_site":"@elregionalvm1","twitter_misc":{"Escrito por":"Contenidos El Regional","Tiempo de lectura":"2 minutos"},"schema":{"@context":"https:\/\/schema.org","@graph":[{"@type":"Article","@id":"https:\/\/elregionalvm.com.ar\/noticias-villa-maria\/el-municipio-entrego-la-personeria-juridica-a-la-asociacion-civil-casa-azul\/#article","isPartOf":{"@id":"https:\/\/elregionalvm.com.ar\/noticias-villa-maria\/el-municipio-entrego-la-personeria-juridica-a-la-asociacion-civil-casa-azul\/"},"author":{"name":"Contenidos El Regional","@id":"http:\/\/elregionalvm.com.ar\/noticias-villa-maria\/#\/schema\/person\/a0fb9c422317faca23d50163151bc354"},"headline":"El municipio entreg\u00f3 la personer\u00eda jur\u00eddica a la Asociaci\u00f3n Civil \u00abCasa Azul\u00bb","datePublished":"2024-05-21T20:54:05+00:00","dateModified":"2024-05-21T20:54:06+00:00","mainEntityOfPage":{"@id":"https:\/\/elregionalvm.com.ar\/noticias-villa-maria\/el-municipio-entrego-la-personeria-juridica-a-la-asociacion-civil-casa-azul\/"},"wordCount":298,"commentCount":0,"image":{"@id":"https:\/\/elregionalvm.com.ar\/noticias-villa-maria\/el-municipio-entrego-la-personeria-juridica-a-la-asociacion-civil-casa-azul\/#primaryimage"},"thumbnailUrl":"https:\/\/i0.wp.com\/elregionalvm.com.ar\/noticias-villa-maria\/wp-content\/uploads\/2024\/05\/WhatsApp-Image-2024-05-21-at-8.52.13-AM.jpeg?fit=1600%2C986&ssl=1","articleSection":["Sociedad","Villa Mar\u00eda"],"inLanguage":"es","potentialAction":[{"@type":"CommentAction","name":"Comment","target":["https:\/\/elregionalvm.com.ar\/noticias-villa-maria\/el-municipio-entrego-la-personeria-juridica-a-la-asociacion-civil-casa-azul\/#respond"]}]},{"@type":"WebPage","@id":"https:\/\/elregionalvm.com.ar\/noticias-villa-maria\/el-municipio-entrego-la-personeria-juridica-a-la-asociacion-civil-casa-azul\/","url":"https:\/\/elregionalvm.com.ar\/noticias-villa-maria\/el-municipio-entrego-la-personeria-juridica-a-la-asociacion-civil-casa-azul\/","name":"El municipio entreg\u00f3 la personer\u00eda jur\u00eddica a la Asociaci\u00f3n Civil \"Casa Azul\" - El Regional","isPartOf":{"@id":"http:\/\/elregionalvm.com.ar\/noticias-villa-maria\/#website"},"primaryImageOfPage":{"@id":"https:\/\/elregionalvm.com.ar\/noticias-villa-maria\/el-municipio-entrego-la-personeria-juridica-a-la-asociacion-civil-casa-azul\/#primaryimage"},"image":{"@id":"https:\/\/elregionalvm.com.ar\/noticias-villa-maria\/el-municipio-entrego-la-personeria-juridica-a-la-asociacion-civil-casa-azul\/#primaryimage"},"thumbnailUrl":"https:\/\/i0.wp.com\/elregionalvm.com.ar\/noticias-villa-maria\/wp-content\/uploads\/2024\/05\/WhatsApp-Image-2024-05-21-at-8.52.13-AM.jpeg?fit=1600%2C986&ssl=1","datePublished":"2024-05-21T20:54:05+00:00","dateModified":"2024-05-21T20:54:06+00:00","author":{"@id":"http:\/\/elregionalvm.com.ar\/noticias-villa-maria\/#\/schema\/person\/a0fb9c422317faca23d50163151bc354"},"breadcrumb":{"@id":"https:\/\/elregionalvm.com.ar\/noticias-villa-maria\/el-municipio-entrego-la-personeria-juridica-a-la-asociacion-civil-casa-azul\/#breadcrumb"},"inLanguage":"es","potentialAction":[{"@type":"ReadAction","target":["https:\/\/elregionalvm.com.ar\/noticias-villa-maria\/el-municipio-entrego-la-personeria-juridica-a-la-asociacion-civil-casa-azul\/"]}]},{"@type":"ImageObject","inLanguage":"es","@id":"https:\/\/elregionalvm.com.ar\/noticias-villa-maria\/el-municipio-entrego-la-personeria-juridica-a-la-asociacion-civil-casa-azul\/#primaryimage","url":"https:\/\/i0.wp.com\/elregionalvm.com.ar\/noticias-villa-maria\/wp-content\/uploads\/2024\/05\/WhatsApp-Image-2024-05-21-at-8.52.13-AM.jpeg?fit=1600%2C986&ssl=1","contentUrl":"https:\/\/i0.wp.com\/elregionalvm.com.ar\/noticias-villa-maria\/wp-content\/uploads\/2024\/05\/WhatsApp-Image-2024-05-21-at-8.52.13-AM.jpeg?fit=1600%2C986&ssl=1","width":1600,"height":986},{"@type":"BreadcrumbList","@id":"https:\/\/elregionalvm.com.ar\/noticias-villa-maria\/el-municipio-entrego-la-personeria-juridica-a-la-asociacion-civil-casa-azul\/#breadcrumb","itemListElement":[{"@type":"ListItem","position":1,"name":"Portada","item":"https:\/\/elregionalvm.com.ar\/noticias-villa-maria\/"},{"@type":"ListItem","position":2,"name":"El municipio entreg\u00f3 la personer\u00eda jur\u00eddica a la Asociaci\u00f3n Civil \u00abCasa Azul\u00bb"}]},{"@type":"WebSite","@id":"http:\/\/elregionalvm.com.ar\/noticias-villa-maria\/#website","url":"http:\/\/elregionalvm.com.ar\/noticias-villa-maria\/","name":"El Regional","description":"Mucho m\u00e1s que informaci\u00f3n","potentialAction":[{"@type":"SearchAction","target":{"@type":"EntryPoint","urlTemplate":"http:\/\/elregionalvm.com.ar\/noticias-villa-maria\/?s={search_term_string}"},"query-input":{"@type":"PropertyValueSpecification","valueRequired":true,"valueName":"search_term_string"}}],"inLanguage":"es"},{"@type":"Person","@id":"http:\/\/elregionalvm.com.ar\/noticias-villa-maria\/#\/schema\/person\/a0fb9c422317faca23d50163151bc354","name":"Contenidos El Regional","image":{"@type":"ImageObject","inLanguage":"es","@id":"http:\/\/elregionalvm.com.ar\/noticias-villa-maria\/#\/schema\/person\/image\/","url":"https:\/\/secure.gravatar.com\/avatar\/265b27cb2209af7bb3a1318f03305787d7981a5cc6e6cd08fe5a4ecdf99d4b48?s=96&d=mm&r=g","contentUrl":"https:\/\/secure.gravatar.com\/avatar\/265b27cb2209af7bb3a1318f03305787d7981a5cc6e6cd08fe5a4ecdf99d4b48?s=96&d=mm&r=g","caption":"Contenidos El Regional"},"url":"https:\/\/elregionalvm.com.ar\/noticias-villa-maria\/author\/contenido\/"}]}},"jetpack_featured_media_url":"https:\/\/i0.wp.com\/elregionalvm.com.ar\/noticias-villa-maria\/wp-content\/uploads\/2024\/05\/WhatsApp-Image-2024-05-21-at-8.52.13-AM.jpeg?fit=1600%2C986&ssl=1","jetpack_sharing_enabled":true,"_links":{"self":[{"href":"https:\/\/elregionalvm.com.ar\/noticias-villa-maria\/wp-json\/wp\/v2\/posts\/94170","targetHints":{"allow":["GET"]}}],"collection":[{"href":"https:\/\/elregionalvm.com.ar\/noticias-villa-maria\/wp-json\/wp\/v2\/posts"}],"about":[{"href":"https:\/\/elregionalvm.com.ar\/noticias-villa-maria\/wp-json\/wp\/v2\/types\/post"}],"author":[{"embeddable":true,"href":"https:\/\/elregionalvm.com.ar\/noticias-villa-maria\/wp-json\/wp\/v2\/users\/4"}],"replies":[{"embeddable":true,"href":"https:\/\/elregionalvm.com.ar\/noticias-villa-maria\/wp-json\/wp\/v2\/comments?post=94170"}],"version-history":[{"count":1,"href":"https:\/\/elregionalvm.com.ar\/noticias-villa-maria\/wp-json\/wp\/v2\/posts\/94170\/revisions"}],"predecessor-version":[{"id":94173,"href":"https:\/\/elregionalvm.com.ar\/noticias-villa-maria\/wp-json\/wp\/v2\/posts\/94170\/revisions\/94173"}],"wp:featuredmedia":[{"embeddable":true,"href":"https:\/\/elregionalvm.com.ar\/noticias-villa-maria\/wp-json\/wp\/v2\/media\/94171"}],"wp:attachment":[{"href":"https:\/\/elregionalvm.com.ar\/noticias-villa-maria\/wp-json\/wp\/v2\/media?parent=94170"}],"wp:term":[{"taxonomy":"category","embeddable":true,"href":"https:\/\/elregionalvm.com.ar\/noticias-villa-maria\/wp-json\/wp\/v2\/categories?post=94170"},{"taxonomy":"post_tag","embeddable":true,"href":"https:\/\/elregionalvm.com.ar\/noticias-villa-maria\/wp-json\/wp\/v2\/tags?post=94170"}],"curies":[{"name":"wp","href":"https:\/\/api.w.org\/{rel}","templated":true}]}}