{"id":94220,"date":"2024-05-23T03:10:49","date_gmt":"2024-05-23T03:10:49","guid":{"rendered":"https:\/\/elregionalvm.com.ar\/noticias-villa-maria\/?p=94220"},"modified":"2024-05-27T01:40:53","modified_gmt":"2024-05-27T01:40:53","slug":"el-panic-show-de-milei-en-el-luna-park-exabruptos-delirios-y-un-relato-de-realismo-magico","status":"publish","type":"post","link":"https:\/\/elregionalvm.com.ar\/noticias-villa-maria\/el-panic-show-de-milei-en-el-luna-park-exabruptos-delirios-y-un-relato-de-realismo-magico\/","title":{"rendered":"El \u201cPanic show\u201d de Milei: Exabruptos, delirios y un relato de realismo m\u00e1gico"},"content":{"rendered":"\n<p><em>\u201cPor favor no huyan de m\u00ed<\/em><\/p>\n\n\n\n<p><em>Yo soy el rey de un mundo perdido<\/em><\/p>\n\n\n\n<p><em>Soy el rey y te destrozar\u00e9<\/em><\/p>\n\n\n\n<p><em>Toda la casta es de mi apetito\u201d<\/em><\/p>\n\n\n\n<p><em>(Panic Show, canci\u00f3n de La Renga, reversionada por Javier Milei)<\/em><\/p>\n\n\n\n<p><\/p>\n\n\n\n<p><strong>Escribe: Germ\u00e1n Giacchero<\/strong><\/p>\n\n\n\n<p><\/p>\n\n\n\n<p>La pantalla del televisor no dejaba de emitir malas nuevas en el canal de noticias porte\u00f1o, mientras el recuadro principal se lo llevaba la caravana del presidente rumbo a su \u201cpanic show\u201d y la multitud que lo esperaba afuera y la otra que lo aguardaba adentro.<\/p>\n\n\n\n<p>Con un \u201cd\u00f3lar blue en alza\u201d, los \u201cpeajes al borde de aumentar un 35% en CABA\u201d, en la v\u00edspera de un paro nacional docente, con Misiones, una provincia \u201csuburbana\u201d, en llamas, Javier Milei marchaba a presentar su libro sobre el capitalismo y a hacer su propio show de pol\u00edtico \u201csuperstar\u201d en el m\u00edtico Luna Park.<\/p>\n\n\n\n<p>Con el disgusto expl\u00edcito de sus creadores, la canci\u00f3n de La Renga que el autodenominado \u201cLe\u00f3n\u201d utiliz\u00f3 a lo largo de su campa\u00f1a electoral, son\u00f3 estruendosa en la voz de karaoke que alguna vez supo imitar a Leonardo Favio, para marcar una nueva faceta presidencial, la del rockstar, la del showman, la del pol\u00edtico menemizado versi\u00f3n 3.0.<\/p>\n\n\n\n<p><\/p>\n\n\n\n<figure class=\"wp-block-image size-large\"><img data-recalc-dims=\"1\" fetchpriority=\"high\" decoding=\"async\" width=\"1024\" height=\"702\" src=\"https:\/\/i0.wp.com\/elregionalvm.com.ar\/noticias-villa-maria\/wp-content\/uploads\/2024\/05\/javier-milei-luna-park.webp?resize=1024%2C702&#038;ssl=1\" alt=\"\" class=\"wp-image-94224\" srcset=\"https:\/\/i0.wp.com\/elregionalvm.com.ar\/noticias-villa-maria\/wp-content\/uploads\/2024\/05\/javier-milei-luna-park.webp?resize=1024%2C702&amp;ssl=1 1024w, https:\/\/i0.wp.com\/elregionalvm.com.ar\/noticias-villa-maria\/wp-content\/uploads\/2024\/05\/javier-milei-luna-park.webp?resize=300%2C206&amp;ssl=1 300w, https:\/\/i0.wp.com\/elregionalvm.com.ar\/noticias-villa-maria\/wp-content\/uploads\/2024\/05\/javier-milei-luna-park.webp?resize=768%2C527&amp;ssl=1 768w, https:\/\/i0.wp.com\/elregionalvm.com.ar\/noticias-villa-maria\/wp-content\/uploads\/2024\/05\/javier-milei-luna-park.webp?w=1400&amp;ssl=1 1400w\" sizes=\"(max-width: 1000px) 100vw, 1000px\" \/><\/figure>\n\n\n\n<p><\/p>\n\n\n\n<p>El que se pelea con todos y no le importa nada m\u00e1s que su propio show. Los dem\u00e1s son \u201cplomos\u201d, asistentes y un auditorio fanatizado que seguir\u00e1 al pie de la letra los mandatos cuasi b\u00edblicos del profeta que intenta serlo en su tierra.<\/p>\n\n\n\n<p>Como show, alcanza y sobra. El primer Luna Park mile\u00edsta es una continuidad de los escandaletes internacionales con Espa\u00f1a, M\u00e9xico, Colombia, Brasil y China. Mantiene la l\u00ednea de las confrontaciones, jetoneos y exabruptos con gobernadores, diputados, senadores, gremialistas, piqueteros y todo lo que se le cruce por delante.<\/p>\n\n\n\n<p><\/p>\n\n\n\n<figure class=\"wp-block-pullquote\"><blockquote><p><strong>Con el tic de la confrontaci\u00f3n permanente, Milei se mantiene ocupado y alejado de los p\u00e1lidos indicadores sociales y econ\u00f3micos que las bondades de la macroeconom\u00eda no consiguen disimular ni ocultar<\/strong><\/p><\/blockquote><\/figure>\n\n\n\n<p><\/p>\n\n\n\n<p>Con el tic de la confrontaci\u00f3n permanente, Milei se mantiene ocupado y alejado de los p\u00e1lidos indicadores sociales y econ\u00f3micos que las bondades de la macroeconom\u00eda no consiguen disimular ni ocultar.<\/p>\n\n\n\n<p>El primer economista en ser presidente ha desarrollado un mecanismo de ataque y contraataque permanente que permite edificar el relato de una realidad que solo es propicia para una minor\u00eda y sufriente para otra gran mayor\u00eda.<\/p>\n\n\n\n<p>Muchos de los cuales, a costa del propio padecimiento, insisten con esperar el segundo tiempo o los minutos que adicione la realidad para ver si la cosa mejora de la mano de este \u201crey de un mundo perdido\u201d, como le gusta vociferar.<\/p>\n\n\n\n<p>El expanelista de TV es, sin dudas, un fen\u00f3meno digno de estudio. Si algo hay que reconocerle a este \u201cbicho raro\u201d o \u201coutsider\u201d de la pol\u00edtica es que, para bien o para mal, se viene devorando a la oposici\u00f3n en general, y al kirchnerismo en especial. Al menos por ahora, tiene los dientes afilados y una manada ac\u00f3lita que lo venera.<\/p>\n\n\n\n<p>Milei gana poder enfrent\u00e1ndose a todo, dice la analista de pol\u00edtica internacional Natalia Pettinari. Es una de las mejores explicaciones que se puede hallar en el medio de tanto desconcierto psicol\u00f3gico y sociol\u00f3gico sobre la extra\u00f1a figura del nuevo l\u00edder argentino, que hace gala de su pose de \u201cloco\u201d para amedrentar a sus \u201cenemigos\u201d y que sue\u00f1a con encabezar la contrarrevoluci\u00f3n internacional libertaria. &nbsp;<\/p>\n\n\n\n<p>\u201cLa radicalizaci\u00f3n en su discurso es su combustible. La indignaci\u00f3n y el odio construidos en el mensaje que transmite son el motor emocional y el movilizador de masas\u201d, sostiene Pettinari.<\/p>\n\n\n\n<p><\/p>\n\n\n\n<figure class=\"wp-block-image size-large\"><img data-recalc-dims=\"1\" decoding=\"async\" width=\"1024\" height=\"576\" src=\"https:\/\/i0.wp.com\/elregionalvm.com.ar\/noticias-villa-maria\/wp-content\/uploads\/2024\/02\/Milei-puno-pina-enojado-1.jpg?resize=1024%2C576&#038;ssl=1\" alt=\"\" class=\"wp-image-90490\" srcset=\"https:\/\/i0.wp.com\/elregionalvm.com.ar\/noticias-villa-maria\/wp-content\/uploads\/2024\/02\/Milei-puno-pina-enojado-1.jpg?resize=1024%2C576&amp;ssl=1 1024w, https:\/\/i0.wp.com\/elregionalvm.com.ar\/noticias-villa-maria\/wp-content\/uploads\/2024\/02\/Milei-puno-pina-enojado-1.jpg?resize=300%2C169&amp;ssl=1 300w, https:\/\/i0.wp.com\/elregionalvm.com.ar\/noticias-villa-maria\/wp-content\/uploads\/2024\/02\/Milei-puno-pina-enojado-1.jpg?resize=768%2C432&amp;ssl=1 768w, https:\/\/i0.wp.com\/elregionalvm.com.ar\/noticias-villa-maria\/wp-content\/uploads\/2024\/02\/Milei-puno-pina-enojado-1.jpg?resize=1536%2C864&amp;ssl=1 1536w, https:\/\/i0.wp.com\/elregionalvm.com.ar\/noticias-villa-maria\/wp-content\/uploads\/2024\/02\/Milei-puno-pina-enojado-1.jpg?w=1920&amp;ssl=1 1920w\" sizes=\"(max-width: 1000px) 100vw, 1000px\" \/><\/figure>\n\n\n\n<p><\/p>\n\n\n\n<p>Al calor de las masas, en otras palabras, populismo con cierto instinto mesi\u00e1nico. Una impronta religiosa presente en sus discursos y movimientos. <\/p>\n\n\n\n<p>Desde las Fuerzas del Cielo y su abrazo a un juda\u00edsmo superlativo, pasando por la distinci\u00f3n como \u201cEmbajador Internacional de la Luz\u201d, al pedido del peronista converso Daniel Scioli para que le den el Premio Nobel de Econom\u00eda, a cinco meses de asumir y con una catarata de indicadores negativos en materia de producci\u00f3n, industria, empleo, educaci\u00f3n, salud, cultura, salario y microeconom\u00eda.<\/p>\n\n\n\n<p><\/p>\n\n\n\n<figure class=\"wp-block-pullquote\"><blockquote><p>En Europa lo llamar\u00edan surrealismo. Pero, en Am\u00e9rica Latina existe otra categor\u00eda posible para denominar a nuestra realidad. Realismo m\u00e1gico&#8230;<\/p><\/blockquote><\/figure>\n\n\n\n<p><\/p>\n\n\n\n<p>En Europa lo llamar\u00edan surrealismo. Pero, en Am\u00e9rica Latina existe otra categor\u00eda posible para denominar a nuestra realidad. Realismo m\u00e1gico, al decir de Gabriel Garc\u00eda M\u00e1rquez. Una narrativa con hechos extra\u00f1os, poco cre\u00edbles o sobrenaturales que son tomados como cotidianos o comunes.<\/p>\n\n\n\n<p><\/p>\n\n\n\n<figure class=\"wp-block-image size-large\"><img data-recalc-dims=\"1\" decoding=\"async\" width=\"1024\" height=\"768\" src=\"https:\/\/i0.wp.com\/elregionalvm.com.ar\/noticias-villa-maria\/wp-content\/uploads\/2023\/12\/Milei-espalda-Casa-Rosada.jpg?resize=1024%2C768&#038;ssl=1\" alt=\"\" class=\"wp-image-87142\" srcset=\"https:\/\/i0.wp.com\/elregionalvm.com.ar\/noticias-villa-maria\/wp-content\/uploads\/2023\/12\/Milei-espalda-Casa-Rosada.jpg?resize=1024%2C768&amp;ssl=1 1024w, https:\/\/i0.wp.com\/elregionalvm.com.ar\/noticias-villa-maria\/wp-content\/uploads\/2023\/12\/Milei-espalda-Casa-Rosada.jpg?resize=300%2C225&amp;ssl=1 300w, https:\/\/i0.wp.com\/elregionalvm.com.ar\/noticias-villa-maria\/wp-content\/uploads\/2023\/12\/Milei-espalda-Casa-Rosada.jpg?resize=768%2C576&amp;ssl=1 768w, https:\/\/i0.wp.com\/elregionalvm.com.ar\/noticias-villa-maria\/wp-content\/uploads\/2023\/12\/Milei-espalda-Casa-Rosada.jpg?w=1040&amp;ssl=1 1040w\" sizes=\"(max-width: 1000px) 100vw, 1000px\" \/><\/figure>\n\n\n\n<p><\/p>\n\n\n\n<p>M\u00e1s all\u00e1 de la literatura, dos met\u00e1foras de nuestra realidad para el final.<\/p>\n\n\n\n<p>La TV muestra que Milei cerr\u00f3 su acto en el Luna Park con la canci\u00f3n \u201cSe viene el estallido\u201d, de Bersuit Vergarabat. <\/p>\n\n\n\n<p>Que el ep\u00edlogo de su show haya sido con la letra y m\u00fasica que se convirti\u00f3 en un \u00edcono de la explosi\u00f3n social y econ\u00f3mica de principios de los 2.000, suena -seg\u00fan qui\u00e9n observe- a contrasentido o a una peligrosa premonici\u00f3n; o constituye pura provocaci\u00f3n pasajera o una apropiaci\u00f3n en el plano de lo simb\u00f3lico, ajustado a la llamada \u201cbatalla cultural\u201d. El tiempo dir\u00e1.<\/p>\n\n\n\n<p>En la antig\u00fcedad, los circos serv\u00edan para entretener a la multitud. En algunas ocasiones, en grandes anfiteatros, se arrojaba a algunas personas a los leones mientras la tribuna se regodeaba de ese sangriento espect\u00e1culo.<\/p>\n\n\n\n<p>Hoy, como ayer, y m\u00e1s que nunca, Milei sabe que el \u201cpanic show\u201d debe continuar.<\/p>\n\n\n\n<p>Y a plena luz del d\u00eda.<\/p>\n","protected":false},"excerpt":{"rendered":"<p>\u201cPor favor no huyan de m\u00ed Yo soy el rey de un mundo perdido Soy el rey y te destrozar\u00e9 Toda la casta es de mi apetito\u201d (Panic Show, canci\u00f3n de La Renga, reversionada por Javier Milei) Escribe: Germ\u00e1n Giacchero La pantalla del televisor no dejaba de emitir malas nuevas en el canal de noticias [&hellip;]<\/p>\n","protected":false},"author":6,"featured_media":94228,"comment_status":"open","ping_status":"open","sticky":false,"template":"","format":"standard","meta":{"site-sidebar-layout":"default","site-content-layout":"","ast-site-content-layout":"default","site-content-style":"default","site-sidebar-style":"default","ast-global-header-display":"","ast-banner-title-visibility":"","ast-main-header-display":"","ast-hfb-above-header-display":"","ast-hfb-below-header-display":"","ast-hfb-mobile-header-display":"","site-post-title":"","ast-breadcrumbs-content":"","ast-featured-img":"","footer-sml-layout":"","ast-disable-related-posts":"","theme-transparent-header-meta":"","adv-header-id-meta":"","stick-header-meta":"","header-above-stick-meta":"","header-main-stick-meta":"","header-below-stick-meta":"","astra-migrate-meta-layouts":"set","ast-page-background-enabled":"default","ast-page-background-meta":{"desktop":{"background-color":"","background-image":"","background-repeat":"repeat","background-position":"center center","background-size":"auto","background-attachment":"scroll","background-type":"","background-media":"","overlay-type":"","overlay-color":"","overlay-opacity":"","overlay-gradient":""},"tablet":{"background-color":"","background-image":"","background-repeat":"repeat","background-position":"center center","background-size":"auto","background-attachment":"scroll","background-type":"","background-media":"","overlay-type":"","overlay-color":"","overlay-opacity":"","overlay-gradient":""},"mobile":{"background-color":"","background-image":"","background-repeat":"repeat","background-position":"center center","background-size":"auto","background-attachment":"scroll","background-type":"","background-media":"","overlay-type":"","overlay-color":"","overlay-opacity":"","overlay-gradient":""}},"ast-content-background-meta":{"desktop":{"background-color":"var(--ast-global-color-5)","background-image":"","background-repeat":"repeat","background-position":"center center","background-size":"auto","background-attachment":"scroll","background-type":"","background-media":"","overlay-type":"","overlay-color":"","overlay-opacity":"","overlay-gradient":""},"tablet":{"background-color":"var(--ast-global-color-5)","background-image":"","background-repeat":"repeat","background-position":"center center","background-size":"auto","background-attachment":"scroll","background-type":"","background-media":"","overlay-type":"","overlay-color":"","overlay-opacity":"","overlay-gradient":""},"mobile":{"background-color":"var(--ast-global-color-5)","background-image":"","background-repeat":"repeat","background-position":"center center","background-size":"auto","background-attachment":"scroll","background-type":"","background-media":"","overlay-type":"","overlay-color":"","overlay-opacity":"","overlay-gradient":""}},"_jetpack_memberships_contains_paid_content":false,"_joinchat":[],"footnotes":""},"categories":[365,3557],"tags":[5894,6008,24008,5053,21141,15020,700,3281,24007,24009,1582,22652],"class_list":["post-94220","post","type-post","status-publish","format-standard","has-post-thumbnail","hentry","category-opinion","category-tercera","tag-capitalismo","tag-delirio","tag-exabruptos","tag-javier-milei","tag-la-renga","tag-libertario","tag-luna-park","tag-macroeconomia","tag-panic-show","tag-realismo-magico","tag-relato","tag-socialismo"],"yoast_head":"<!-- This site is optimized with the Yoast SEO plugin v26.8 - https:\/\/yoast.com\/product\/yoast-seo-wordpress\/ -->\n<title>El \u201cPanic show\u201d de Milei: Exabruptos, delirios y un relato de realismo m\u00e1gico - El Regional<\/title>\n<meta name=\"robots\" content=\"index, follow, max-snippet:-1, max-image-preview:large, max-video-preview:-1\" \/>\n<link rel=\"canonical\" href=\"https:\/\/elregionalvm.com.ar\/noticias-villa-maria\/el-panic-show-de-milei-en-el-luna-park-exabruptos-delirios-y-un-relato-de-realismo-magico\/\" \/>\n<meta property=\"og:locale\" content=\"es_ES\" \/>\n<meta property=\"og:type\" content=\"article\" \/>\n<meta property=\"og:title\" content=\"El \u201cPanic show\u201d de Milei: Exabruptos, delirios y un relato de realismo m\u00e1gico - El Regional\" \/>\n<meta property=\"og:description\" content=\"\u201cPor favor no huyan de m\u00ed Yo soy el rey de un mundo perdido Soy el rey y te destrozar\u00e9 Toda la casta es de mi apetito\u201d (Panic Show, canci\u00f3n de La Renga, reversionada por Javier Milei) Escribe: Germ\u00e1n Giacchero La pantalla del televisor no dejaba de emitir malas nuevas en el canal de noticias [&hellip;]\" \/>\n<meta property=\"og:url\" content=\"https:\/\/elregionalvm.com.ar\/noticias-villa-maria\/el-panic-show-de-milei-en-el-luna-park-exabruptos-delirios-y-un-relato-de-realismo-magico\/\" \/>\n<meta property=\"og:site_name\" content=\"El Regional\" \/>\n<meta property=\"article:publisher\" content=\"https:\/\/www.facebook.com\/elregionalvm\" \/>\n<meta property=\"article:published_time\" content=\"2024-05-23T03:10:49+00:00\" \/>\n<meta property=\"article:modified_time\" content=\"2024-05-27T01:40:53+00:00\" \/>\n<meta property=\"og:image\" content=\"https:\/\/elregionalvm.com.ar\/noticias-villa-maria\/wp-content\/uploads\/2024\/05\/luna-park-presentacion-del-libro-de-javier-milei-1.jpg\" \/>\n\t<meta property=\"og:image:width\" content=\"1040\" \/>\n\t<meta property=\"og:image:height\" content=\"660\" \/>\n\t<meta property=\"og:image:type\" content=\"image\/jpeg\" \/>\n<meta name=\"author\" content=\"Germ\u00e1n Giacchero\" \/>\n<meta name=\"twitter:card\" content=\"summary_large_image\" \/>\n<meta name=\"twitter:creator\" content=\"@elregionalvm1\" \/>\n<meta name=\"twitter:site\" content=\"@elregionalvm1\" \/>\n<meta name=\"twitter:label1\" content=\"Escrito por\" \/>\n\t<meta name=\"twitter:data1\" content=\"Germ\u00e1n Giacchero\" \/>\n\t<meta name=\"twitter:label2\" content=\"Tiempo de lectura\" \/>\n\t<meta name=\"twitter:data2\" content=\"5 minutos\" \/>\n<script type=\"application\/ld+json\" class=\"yoast-schema-graph\">{\"@context\":\"https:\/\/schema.org\",\"@graph\":[{\"@type\":\"Article\",\"@id\":\"https:\/\/elregionalvm.com.ar\/noticias-villa-maria\/el-panic-show-de-milei-en-el-luna-park-exabruptos-delirios-y-un-relato-de-realismo-magico\/#article\",\"isPartOf\":{\"@id\":\"https:\/\/elregionalvm.com.ar\/noticias-villa-maria\/el-panic-show-de-milei-en-el-luna-park-exabruptos-delirios-y-un-relato-de-realismo-magico\/\"},\"author\":{\"name\":\"Germ\u00e1n Giacchero\",\"@id\":\"http:\/\/elregionalvm.com.ar\/noticias-villa-maria\/#\/schema\/person\/d5e4b04966154131701e52c45d3efec9\"},\"headline\":\"El \u201cPanic show\u201d de Milei: Exabruptos, delirios y un relato de realismo m\u00e1gico\",\"datePublished\":\"2024-05-23T03:10:49+00:00\",\"dateModified\":\"2024-05-27T01:40:53+00:00\",\"mainEntityOfPage\":{\"@id\":\"https:\/\/elregionalvm.com.ar\/noticias-villa-maria\/el-panic-show-de-milei-en-el-luna-park-exabruptos-delirios-y-un-relato-de-realismo-magico\/\"},\"wordCount\":977,\"commentCount\":0,\"image\":{\"@id\":\"https:\/\/elregionalvm.com.ar\/noticias-villa-maria\/el-panic-show-de-milei-en-el-luna-park-exabruptos-delirios-y-un-relato-de-realismo-magico\/#primaryimage\"},\"thumbnailUrl\":\"https:\/\/i0.wp.com\/elregionalvm.com.ar\/noticias-villa-maria\/wp-content\/uploads\/2024\/05\/luna-park-presentacion-del-libro-de-javier-milei-1.jpg?fit=1040%2C660&ssl=1\",\"keywords\":[\"capitalismo\",\"Delirio\",\"exabruptos\",\"Javier Milei\",\"La Renga\",\"Libertario\",\"Luna Park\",\"macroeconom\u00eda\",\"panic show\",\"realismo m\u00e1gico\",\"relato\",\"socialismo\"],\"articleSection\":[\"Opini\u00f3n\",\"tercera\"],\"inLanguage\":\"es\",\"potentialAction\":[{\"@type\":\"CommentAction\",\"name\":\"Comment\",\"target\":[\"https:\/\/elregionalvm.com.ar\/noticias-villa-maria\/el-panic-show-de-milei-en-el-luna-park-exabruptos-delirios-y-un-relato-de-realismo-magico\/#respond\"]}]},{\"@type\":\"WebPage\",\"@id\":\"https:\/\/elregionalvm.com.ar\/noticias-villa-maria\/el-panic-show-de-milei-en-el-luna-park-exabruptos-delirios-y-un-relato-de-realismo-magico\/\",\"url\":\"https:\/\/elregionalvm.com.ar\/noticias-villa-maria\/el-panic-show-de-milei-en-el-luna-park-exabruptos-delirios-y-un-relato-de-realismo-magico\/\",\"name\":\"El \u201cPanic show\u201d de Milei: Exabruptos, delirios y un relato de realismo m\u00e1gico - El Regional\",\"isPartOf\":{\"@id\":\"http:\/\/elregionalvm.com.ar\/noticias-villa-maria\/#website\"},\"primaryImageOfPage\":{\"@id\":\"https:\/\/elregionalvm.com.ar\/noticias-villa-maria\/el-panic-show-de-milei-en-el-luna-park-exabruptos-delirios-y-un-relato-de-realismo-magico\/#primaryimage\"},\"image\":{\"@id\":\"https:\/\/elregionalvm.com.ar\/noticias-villa-maria\/el-panic-show-de-milei-en-el-luna-park-exabruptos-delirios-y-un-relato-de-realismo-magico\/#primaryimage\"},\"thumbnailUrl\":\"https:\/\/i0.wp.com\/elregionalvm.com.ar\/noticias-villa-maria\/wp-content\/uploads\/2024\/05\/luna-park-presentacion-del-libro-de-javier-milei-1.jpg?fit=1040%2C660&ssl=1\",\"datePublished\":\"2024-05-23T03:10:49+00:00\",\"dateModified\":\"2024-05-27T01:40:53+00:00\",\"author\":{\"@id\":\"http:\/\/elregionalvm.com.ar\/noticias-villa-maria\/#\/schema\/person\/d5e4b04966154131701e52c45d3efec9\"},\"breadcrumb\":{\"@id\":\"https:\/\/elregionalvm.com.ar\/noticias-villa-maria\/el-panic-show-de-milei-en-el-luna-park-exabruptos-delirios-y-un-relato-de-realismo-magico\/#breadcrumb\"},\"inLanguage\":\"es\",\"potentialAction\":[{\"@type\":\"ReadAction\",\"target\":[\"https:\/\/elregionalvm.com.ar\/noticias-villa-maria\/el-panic-show-de-milei-en-el-luna-park-exabruptos-delirios-y-un-relato-de-realismo-magico\/\"]}]},{\"@type\":\"ImageObject\",\"inLanguage\":\"es\",\"@id\":\"https:\/\/elregionalvm.com.ar\/noticias-villa-maria\/el-panic-show-de-milei-en-el-luna-park-exabruptos-delirios-y-un-relato-de-realismo-magico\/#primaryimage\",\"url\":\"https:\/\/i0.wp.com\/elregionalvm.com.ar\/noticias-villa-maria\/wp-content\/uploads\/2024\/05\/luna-park-presentacion-del-libro-de-javier-milei-1.jpg?fit=1040%2C660&ssl=1\",\"contentUrl\":\"https:\/\/i0.wp.com\/elregionalvm.com.ar\/noticias-villa-maria\/wp-content\/uploads\/2024\/05\/luna-park-presentacion-del-libro-de-javier-milei-1.jpg?fit=1040%2C660&ssl=1\",\"width\":1040,\"height\":660},{\"@type\":\"BreadcrumbList\",\"@id\":\"https:\/\/elregionalvm.com.ar\/noticias-villa-maria\/el-panic-show-de-milei-en-el-luna-park-exabruptos-delirios-y-un-relato-de-realismo-magico\/#breadcrumb\",\"itemListElement\":[{\"@type\":\"ListItem\",\"position\":1,\"name\":\"Portada\",\"item\":\"https:\/\/elregionalvm.com.ar\/noticias-villa-maria\/\"},{\"@type\":\"ListItem\",\"position\":2,\"name\":\"El \u201cPanic show\u201d de Milei: Exabruptos, delirios y un relato de realismo m\u00e1gico\"}]},{\"@type\":\"WebSite\",\"@id\":\"http:\/\/elregionalvm.com.ar\/noticias-villa-maria\/#website\",\"url\":\"http:\/\/elregionalvm.com.ar\/noticias-villa-maria\/\",\"name\":\"El Regional\",\"description\":\"Mucho m\u00e1s que informaci\u00f3n\",\"potentialAction\":[{\"@type\":\"SearchAction\",\"target\":{\"@type\":\"EntryPoint\",\"urlTemplate\":\"http:\/\/elregionalvm.com.ar\/noticias-villa-maria\/?s={search_term_string}\"},\"query-input\":{\"@type\":\"PropertyValueSpecification\",\"valueRequired\":true,\"valueName\":\"search_term_string\"}}],\"inLanguage\":\"es\"},{\"@type\":\"Person\",\"@id\":\"http:\/\/elregionalvm.com.ar\/noticias-villa-maria\/#\/schema\/person\/d5e4b04966154131701e52c45d3efec9\",\"name\":\"Germ\u00e1n Giacchero\",\"image\":{\"@type\":\"ImageObject\",\"inLanguage\":\"es\",\"@id\":\"http:\/\/elregionalvm.com.ar\/noticias-villa-maria\/#\/schema\/person\/image\/\",\"url\":\"https:\/\/secure.gravatar.com\/avatar\/fda163ba5ef0307ee5be9846e10f83b6e83d0cfb260d3b2464830318894c6b04?s=96&d=mm&r=g\",\"contentUrl\":\"https:\/\/secure.gravatar.com\/avatar\/fda163ba5ef0307ee5be9846e10f83b6e83d0cfb260d3b2464830318894c6b04?s=96&d=mm&r=g\",\"caption\":\"Germ\u00e1n Giacchero\"},\"url\":\"https:\/\/elregionalvm.com.ar\/noticias-villa-maria\/author\/germangiacchero\/\"}]}<\/script>\n<!-- \/ Yoast SEO plugin. -->","yoast_head_json":{"title":"El \u201cPanic show\u201d de Milei: Exabruptos, delirios y un relato de realismo m\u00e1gico - El Regional","robots":{"index":"index","follow":"follow","max-snippet":"max-snippet:-1","max-image-preview":"max-image-preview:large","max-video-preview":"max-video-preview:-1"},"canonical":"https:\/\/elregionalvm.com.ar\/noticias-villa-maria\/el-panic-show-de-milei-en-el-luna-park-exabruptos-delirios-y-un-relato-de-realismo-magico\/","og_locale":"es_ES","og_type":"article","og_title":"El \u201cPanic show\u201d de Milei: Exabruptos, delirios y un relato de realismo m\u00e1gico - El Regional","og_description":"\u201cPor favor no huyan de m\u00ed Yo soy el rey de un mundo perdido Soy el rey y te destrozar\u00e9 Toda la casta es de mi apetito\u201d (Panic Show, canci\u00f3n de La Renga, reversionada por Javier Milei) Escribe: Germ\u00e1n Giacchero La pantalla del televisor no dejaba de emitir malas nuevas en el canal de noticias [&hellip;]","og_url":"https:\/\/elregionalvm.com.ar\/noticias-villa-maria\/el-panic-show-de-milei-en-el-luna-park-exabruptos-delirios-y-un-relato-de-realismo-magico\/","og_site_name":"El Regional","article_publisher":"https:\/\/www.facebook.com\/elregionalvm","article_published_time":"2024-05-23T03:10:49+00:00","article_modified_time":"2024-05-27T01:40:53+00:00","og_image":[{"width":1040,"height":660,"url":"https:\/\/elregionalvm.com.ar\/noticias-villa-maria\/wp-content\/uploads\/2024\/05\/luna-park-presentacion-del-libro-de-javier-milei-1.jpg","type":"image\/jpeg"}],"author":"Germ\u00e1n Giacchero","twitter_card":"summary_large_image","twitter_creator":"@elregionalvm1","twitter_site":"@elregionalvm1","twitter_misc":{"Escrito por":"Germ\u00e1n Giacchero","Tiempo de lectura":"5 minutos"},"schema":{"@context":"https:\/\/schema.org","@graph":[{"@type":"Article","@id":"https:\/\/elregionalvm.com.ar\/noticias-villa-maria\/el-panic-show-de-milei-en-el-luna-park-exabruptos-delirios-y-un-relato-de-realismo-magico\/#article","isPartOf":{"@id":"https:\/\/elregionalvm.com.ar\/noticias-villa-maria\/el-panic-show-de-milei-en-el-luna-park-exabruptos-delirios-y-un-relato-de-realismo-magico\/"},"author":{"name":"Germ\u00e1n Giacchero","@id":"http:\/\/elregionalvm.com.ar\/noticias-villa-maria\/#\/schema\/person\/d5e4b04966154131701e52c45d3efec9"},"headline":"El \u201cPanic show\u201d de Milei: Exabruptos, delirios y un relato de realismo m\u00e1gico","datePublished":"2024-05-23T03:10:49+00:00","dateModified":"2024-05-27T01:40:53+00:00","mainEntityOfPage":{"@id":"https:\/\/elregionalvm.com.ar\/noticias-villa-maria\/el-panic-show-de-milei-en-el-luna-park-exabruptos-delirios-y-un-relato-de-realismo-magico\/"},"wordCount":977,"commentCount":0,"image":{"@id":"https:\/\/elregionalvm.com.ar\/noticias-villa-maria\/el-panic-show-de-milei-en-el-luna-park-exabruptos-delirios-y-un-relato-de-realismo-magico\/#primaryimage"},"thumbnailUrl":"https:\/\/i0.wp.com\/elregionalvm.com.ar\/noticias-villa-maria\/wp-content\/uploads\/2024\/05\/luna-park-presentacion-del-libro-de-javier-milei-1.jpg?fit=1040%2C660&ssl=1","keywords":["capitalismo","Delirio","exabruptos","Javier Milei","La Renga","Libertario","Luna Park","macroeconom\u00eda","panic show","realismo m\u00e1gico","relato","socialismo"],"articleSection":["Opini\u00f3n","tercera"],"inLanguage":"es","potentialAction":[{"@type":"CommentAction","name":"Comment","target":["https:\/\/elregionalvm.com.ar\/noticias-villa-maria\/el-panic-show-de-milei-en-el-luna-park-exabruptos-delirios-y-un-relato-de-realismo-magico\/#respond"]}]},{"@type":"WebPage","@id":"https:\/\/elregionalvm.com.ar\/noticias-villa-maria\/el-panic-show-de-milei-en-el-luna-park-exabruptos-delirios-y-un-relato-de-realismo-magico\/","url":"https:\/\/elregionalvm.com.ar\/noticias-villa-maria\/el-panic-show-de-milei-en-el-luna-park-exabruptos-delirios-y-un-relato-de-realismo-magico\/","name":"El \u201cPanic show\u201d de Milei: Exabruptos, delirios y un relato de realismo m\u00e1gico - El Regional","isPartOf":{"@id":"http:\/\/elregionalvm.com.ar\/noticias-villa-maria\/#website"},"primaryImageOfPage":{"@id":"https:\/\/elregionalvm.com.ar\/noticias-villa-maria\/el-panic-show-de-milei-en-el-luna-park-exabruptos-delirios-y-un-relato-de-realismo-magico\/#primaryimage"},"image":{"@id":"https:\/\/elregionalvm.com.ar\/noticias-villa-maria\/el-panic-show-de-milei-en-el-luna-park-exabruptos-delirios-y-un-relato-de-realismo-magico\/#primaryimage"},"thumbnailUrl":"https:\/\/i0.wp.com\/elregionalvm.com.ar\/noticias-villa-maria\/wp-content\/uploads\/2024\/05\/luna-park-presentacion-del-libro-de-javier-milei-1.jpg?fit=1040%2C660&ssl=1","datePublished":"2024-05-23T03:10:49+00:00","dateModified":"2024-05-27T01:40:53+00:00","author":{"@id":"http:\/\/elregionalvm.com.ar\/noticias-villa-maria\/#\/schema\/person\/d5e4b04966154131701e52c45d3efec9"},"breadcrumb":{"@id":"https:\/\/elregionalvm.com.ar\/noticias-villa-maria\/el-panic-show-de-milei-en-el-luna-park-exabruptos-delirios-y-un-relato-de-realismo-magico\/#breadcrumb"},"inLanguage":"es","potentialAction":[{"@type":"ReadAction","target":["https:\/\/elregionalvm.com.ar\/noticias-villa-maria\/el-panic-show-de-milei-en-el-luna-park-exabruptos-delirios-y-un-relato-de-realismo-magico\/"]}]},{"@type":"ImageObject","inLanguage":"es","@id":"https:\/\/elregionalvm.com.ar\/noticias-villa-maria\/el-panic-show-de-milei-en-el-luna-park-exabruptos-delirios-y-un-relato-de-realismo-magico\/#primaryimage","url":"https:\/\/i0.wp.com\/elregionalvm.com.ar\/noticias-villa-maria\/wp-content\/uploads\/2024\/05\/luna-park-presentacion-del-libro-de-javier-milei-1.jpg?fit=1040%2C660&ssl=1","contentUrl":"https:\/\/i0.wp.com\/elregionalvm.com.ar\/noticias-villa-maria\/wp-content\/uploads\/2024\/05\/luna-park-presentacion-del-libro-de-javier-milei-1.jpg?fit=1040%2C660&ssl=1","width":1040,"height":660},{"@type":"BreadcrumbList","@id":"https:\/\/elregionalvm.com.ar\/noticias-villa-maria\/el-panic-show-de-milei-en-el-luna-park-exabruptos-delirios-y-un-relato-de-realismo-magico\/#breadcrumb","itemListElement":[{"@type":"ListItem","position":1,"name":"Portada","item":"https:\/\/elregionalvm.com.ar\/noticias-villa-maria\/"},{"@type":"ListItem","position":2,"name":"El \u201cPanic show\u201d de Milei: Exabruptos, delirios y un relato de realismo m\u00e1gico"}]},{"@type":"WebSite","@id":"http:\/\/elregionalvm.com.ar\/noticias-villa-maria\/#website","url":"http:\/\/elregionalvm.com.ar\/noticias-villa-maria\/","name":"El Regional","description":"Mucho m\u00e1s que informaci\u00f3n","potentialAction":[{"@type":"SearchAction","target":{"@type":"EntryPoint","urlTemplate":"http:\/\/elregionalvm.com.ar\/noticias-villa-maria\/?s={search_term_string}"},"query-input":{"@type":"PropertyValueSpecification","valueRequired":true,"valueName":"search_term_string"}}],"inLanguage":"es"},{"@type":"Person","@id":"http:\/\/elregionalvm.com.ar\/noticias-villa-maria\/#\/schema\/person\/d5e4b04966154131701e52c45d3efec9","name":"Germ\u00e1n Giacchero","image":{"@type":"ImageObject","inLanguage":"es","@id":"http:\/\/elregionalvm.com.ar\/noticias-villa-maria\/#\/schema\/person\/image\/","url":"https:\/\/secure.gravatar.com\/avatar\/fda163ba5ef0307ee5be9846e10f83b6e83d0cfb260d3b2464830318894c6b04?s=96&d=mm&r=g","contentUrl":"https:\/\/secure.gravatar.com\/avatar\/fda163ba5ef0307ee5be9846e10f83b6e83d0cfb260d3b2464830318894c6b04?s=96&d=mm&r=g","caption":"Germ\u00e1n Giacchero"},"url":"https:\/\/elregionalvm.com.ar\/noticias-villa-maria\/author\/germangiacchero\/"}]}},"jetpack_featured_media_url":"https:\/\/i0.wp.com\/elregionalvm.com.ar\/noticias-villa-maria\/wp-content\/uploads\/2024\/05\/luna-park-presentacion-del-libro-de-javier-milei-1.jpg?fit=1040%2C660&ssl=1","jetpack_sharing_enabled":true,"_links":{"self":[{"href":"https:\/\/elregionalvm.com.ar\/noticias-villa-maria\/wp-json\/wp\/v2\/posts\/94220","targetHints":{"allow":["GET"]}}],"collection":[{"href":"https:\/\/elregionalvm.com.ar\/noticias-villa-maria\/wp-json\/wp\/v2\/posts"}],"about":[{"href":"https:\/\/elregionalvm.com.ar\/noticias-villa-maria\/wp-json\/wp\/v2\/types\/post"}],"author":[{"embeddable":true,"href":"https:\/\/elregionalvm.com.ar\/noticias-villa-maria\/wp-json\/wp\/v2\/users\/6"}],"replies":[{"embeddable":true,"href":"https:\/\/elregionalvm.com.ar\/noticias-villa-maria\/wp-json\/wp\/v2\/comments?post=94220"}],"version-history":[{"count":7,"href":"https:\/\/elregionalvm.com.ar\/noticias-villa-maria\/wp-json\/wp\/v2\/posts\/94220\/revisions"}],"predecessor-version":[{"id":94294,"href":"https:\/\/elregionalvm.com.ar\/noticias-villa-maria\/wp-json\/wp\/v2\/posts\/94220\/revisions\/94294"}],"wp:featuredmedia":[{"embeddable":true,"href":"https:\/\/elregionalvm.com.ar\/noticias-villa-maria\/wp-json\/wp\/v2\/media\/94228"}],"wp:attachment":[{"href":"https:\/\/elregionalvm.com.ar\/noticias-villa-maria\/wp-json\/wp\/v2\/media?parent=94220"}],"wp:term":[{"taxonomy":"category","embeddable":true,"href":"https:\/\/elregionalvm.com.ar\/noticias-villa-maria\/wp-json\/wp\/v2\/categories?post=94220"},{"taxonomy":"post_tag","embeddable":true,"href":"https:\/\/elregionalvm.com.ar\/noticias-villa-maria\/wp-json\/wp\/v2\/tags?post=94220"}],"curies":[{"name":"wp","href":"https:\/\/api.w.org\/{rel}","templated":true}]}}