{"id":94260,"date":"2024-05-24T16:21:59","date_gmt":"2024-05-24T16:21:59","guid":{"rendered":"https:\/\/elregionalvm.com.ar\/noticias-villa-maria\/?p=94260"},"modified":"2024-05-24T16:22:01","modified_gmt":"2024-05-24T16:22:01","slug":"tras-la-denuncia-del-presidente-de-afuco-detuvieron-a-un-hombre-por-falsificacion-de-certificados-de-emmac","status":"publish","type":"post","link":"https:\/\/elregionalvm.com.ar\/noticias-villa-maria\/tras-la-denuncia-del-presidente-de-afuco-detuvieron-a-un-hombre-por-falsificacion-de-certificados-de-emmac\/","title":{"rendered":"Tras la denuncia del presidente de AFUCO, detuvieron a un hombre por falsificaci\u00f3n de certificados de EMMAC"},"content":{"rendered":"\n<p>En horas de la v\u00edspera, con motivo de la denuncia formulada por Sergio BUSTAMANTE, Presidente del AFUCO, se procedi\u00f3 a la detenci\u00f3n del ciudadano Juan Carlos VERA, de 62 a\u00f1os de edad, como supuesto autor del delito de Falsificaci\u00f3n de Instrumento Privado. <\/p>\n\n\n\n<figure class=\"wp-block-image size-large\"><img data-recalc-dims=\"1\" fetchpriority=\"high\" decoding=\"async\" width=\"1024\" height=\"576\" src=\"https:\/\/i0.wp.com\/elregionalvm.com.ar\/noticias-villa-maria\/wp-content\/uploads\/2024\/05\/WhatsApp-Image-2024-05-24-at-09.03.16.jpeg?resize=1024%2C576&#038;ssl=1\" alt=\"\" class=\"wp-image-94263\" srcset=\"https:\/\/i0.wp.com\/elregionalvm.com.ar\/noticias-villa-maria\/wp-content\/uploads\/2024\/05\/WhatsApp-Image-2024-05-24-at-09.03.16.jpeg?resize=1024%2C576&amp;ssl=1 1024w, https:\/\/i0.wp.com\/elregionalvm.com.ar\/noticias-villa-maria\/wp-content\/uploads\/2024\/05\/WhatsApp-Image-2024-05-24-at-09.03.16.jpeg?resize=300%2C169&amp;ssl=1 300w, https:\/\/i0.wp.com\/elregionalvm.com.ar\/noticias-villa-maria\/wp-content\/uploads\/2024\/05\/WhatsApp-Image-2024-05-24-at-09.03.16.jpeg?resize=768%2C432&amp;ssl=1 768w, https:\/\/i0.wp.com\/elregionalvm.com.ar\/noticias-villa-maria\/wp-content\/uploads\/2024\/05\/WhatsApp-Image-2024-05-24-at-09.03.16.jpeg?w=1280&amp;ssl=1 1280w\" sizes=\"(max-width: 1000px) 100vw, 1000px\" \/><\/figure>\n\n\n\n<p>En efecto, el d\u00eda 22\/05\/24, una vez anoticiado de la denuncia, el Fiscal de Instrucci\u00f3n de Tercer Turno, Dr. Rene BOSIO, asistido por su secretario Dr. Pedro DIANA, ordeno que personal de Investigaciones de la Departamental General San Martin, junto con personal de la DIO de Polic\u00eda Judicial, trabajaran en la ciudad de C\u00f3rdoba, en base a los datos aportados en la denuncia para dar con el autor de los certificados de EMMAC falsos. <\/p>\n\n\n\n<p>En el marco de la pesquisa y a trav\u00e9s de lo recabado por Investigaciones y la DIO, se pudo establecer que el ciudadano VERA, seria el autor de los certificados falsos, por lo cual se orden\u00f3 la detenci\u00f3n de Juan Carlos VERA, como supuesto autor del delito de Falsificaci\u00f3n de Instrumento Privado.<\/p>\n\n\n\n<p> Como as\u00ed tambi\u00e9n, se procedi\u00f3 a solicitar allanamiento en el domicilio del nombrado sito en calle Congreso 5435 de B\u00b0 Villa Libertador de la Ciudad de Cba. Capital, el que arrojo resultado positivo procediendo al secuestro de diversos elementos importantes para la investigaci\u00f3n como certificados de aptos m\u00e9dicos, sellos, etc. <\/p>\n\n\n\n<figure class=\"wp-block-image size-large\"><img data-recalc-dims=\"1\" decoding=\"async\" width=\"1024\" height=\"768\" src=\"https:\/\/i0.wp.com\/elregionalvm.com.ar\/noticias-villa-maria\/wp-content\/uploads\/2024\/05\/WhatsApp-Image-2024-05-24-at-09.03.19.jpeg?resize=1024%2C768&#038;ssl=1\" alt=\"\" class=\"wp-image-94261\" srcset=\"https:\/\/i0.wp.com\/elregionalvm.com.ar\/noticias-villa-maria\/wp-content\/uploads\/2024\/05\/WhatsApp-Image-2024-05-24-at-09.03.19.jpeg?resize=1024%2C768&amp;ssl=1 1024w, https:\/\/i0.wp.com\/elregionalvm.com.ar\/noticias-villa-maria\/wp-content\/uploads\/2024\/05\/WhatsApp-Image-2024-05-24-at-09.03.19.jpeg?resize=300%2C225&amp;ssl=1 300w, https:\/\/i0.wp.com\/elregionalvm.com.ar\/noticias-villa-maria\/wp-content\/uploads\/2024\/05\/WhatsApp-Image-2024-05-24-at-09.03.19.jpeg?resize=768%2C576&amp;ssl=1 768w, https:\/\/i0.wp.com\/elregionalvm.com.ar\/noticias-villa-maria\/wp-content\/uploads\/2024\/05\/WhatsApp-Image-2024-05-24-at-09.03.19.jpeg?w=1280&amp;ssl=1 1280w\" sizes=\"(max-width: 1000px) 100vw, 1000px\" \/><\/figure>\n\n\n\n<p>Asimismo, es importante mencionar que la imputaci\u00f3n es provisoria, no descartando que a trav\u00e9s de las medidas probatorias que se est\u00e1n llevando cabo (distintos informes a entidades p\u00fablicas), pueda verse agravada la situaci\u00f3n del detenido Juan Carlos VERA, como as\u00ed tambi\u00e9n, la posibilidad de que haya otras personas implicadas en la maniobra delictiva.<\/p>\n","protected":false},"excerpt":{"rendered":"<p>En horas de la v\u00edspera, con motivo de la denuncia formulada por Sergio BUSTAMANTE, Presidente del AFUCO, se procedi\u00f3 a la detenci\u00f3n del ciudadano Juan Carlos VERA, de 62 a\u00f1os de edad, como supuesto autor del delito de Falsificaci\u00f3n de Instrumento Privado. En efecto, el d\u00eda 22\/05\/24, una vez anoticiado de la denuncia, el Fiscal [&hellip;]<\/p>\n","protected":false},"author":4,"featured_media":94262,"comment_status":"open","ping_status":"open","sticky":false,"template":"","format":"standard","meta":{"site-sidebar-layout":"default","site-content-layout":"","ast-site-content-layout":"default","site-content-style":"default","site-sidebar-style":"default","ast-global-header-display":"","ast-banner-title-visibility":"","ast-main-header-display":"","ast-hfb-above-header-display":"","ast-hfb-below-header-display":"","ast-hfb-mobile-header-display":"","site-post-title":"","ast-breadcrumbs-content":"","ast-featured-img":"","footer-sml-layout":"","ast-disable-related-posts":"","theme-transparent-header-meta":"","adv-header-id-meta":"","stick-header-meta":"","header-above-stick-meta":"","header-main-stick-meta":"","header-below-stick-meta":"","astra-migrate-meta-layouts":"set","ast-page-background-enabled":"default","ast-page-background-meta":{"desktop":{"background-color":"","background-image":"","background-repeat":"repeat","background-position":"center center","background-size":"auto","background-attachment":"scroll","background-type":"","background-media":"","overlay-type":"","overlay-color":"","overlay-opacity":"","overlay-gradient":""},"tablet":{"background-color":"","background-image":"","background-repeat":"repeat","background-position":"center center","background-size":"auto","background-attachment":"scroll","background-type":"","background-media":"","overlay-type":"","overlay-color":"","overlay-opacity":"","overlay-gradient":""},"mobile":{"background-color":"","background-image":"","background-repeat":"repeat","background-position":"center center","background-size":"auto","background-attachment":"scroll","background-type":"","background-media":"","overlay-type":"","overlay-color":"","overlay-opacity":"","overlay-gradient":""}},"ast-content-background-meta":{"desktop":{"background-color":"var(--ast-global-color-5)","background-image":"","background-repeat":"repeat","background-position":"center center","background-size":"auto","background-attachment":"scroll","background-type":"","background-media":"","overlay-type":"","overlay-color":"","overlay-opacity":"","overlay-gradient":""},"tablet":{"background-color":"var(--ast-global-color-5)","background-image":"","background-repeat":"repeat","background-position":"center center","background-size":"auto","background-attachment":"scroll","background-type":"","background-media":"","overlay-type":"","overlay-color":"","overlay-opacity":"","overlay-gradient":""},"mobile":{"background-color":"var(--ast-global-color-5)","background-image":"","background-repeat":"repeat","background-position":"center center","background-size":"auto","background-attachment":"scroll","background-type":"","background-media":"","overlay-type":"","overlay-color":"","overlay-opacity":"","overlay-gradient":""}},"_jetpack_memberships_contains_paid_content":false,"_joinchat":[],"footnotes":""},"categories":[15302,2234,5,2],"tags":[],"class_list":["post-94260","post","type-post","status-publish","format-standard","has-post-thumbnail","hentry","category-destacado","category-policiales","category-sociedad","category-villa-maria"],"yoast_head":"<!-- This site is optimized with the Yoast SEO plugin v26.8 - https:\/\/yoast.com\/product\/yoast-seo-wordpress\/ -->\n<title>Tras la denuncia del presidente de AFUCO, detuvieron a un hombre por falsificaci\u00f3n de certificados de EMMAC - El Regional<\/title>\n<meta name=\"robots\" content=\"index, follow, max-snippet:-1, max-image-preview:large, max-video-preview:-1\" \/>\n<link rel=\"canonical\" href=\"https:\/\/elregionalvm.com.ar\/noticias-villa-maria\/tras-la-denuncia-del-presidente-de-afuco-detuvieron-a-un-hombre-por-falsificacion-de-certificados-de-emmac\/\" \/>\n<meta property=\"og:locale\" content=\"es_ES\" \/>\n<meta property=\"og:type\" content=\"article\" \/>\n<meta property=\"og:title\" content=\"Tras la denuncia del presidente de AFUCO, detuvieron a un hombre por falsificaci\u00f3n de certificados de EMMAC - El Regional\" \/>\n<meta property=\"og:description\" content=\"En horas de la v\u00edspera, con motivo de la denuncia formulada por Sergio BUSTAMANTE, Presidente del AFUCO, se procedi\u00f3 a la detenci\u00f3n del ciudadano Juan Carlos VERA, de 62 a\u00f1os de edad, como supuesto autor del delito de Falsificaci\u00f3n de Instrumento Privado. En efecto, el d\u00eda 22\/05\/24, una vez anoticiado de la denuncia, el Fiscal [&hellip;]\" \/>\n<meta property=\"og:url\" content=\"https:\/\/elregionalvm.com.ar\/noticias-villa-maria\/tras-la-denuncia-del-presidente-de-afuco-detuvieron-a-un-hombre-por-falsificacion-de-certificados-de-emmac\/\" \/>\n<meta property=\"og:site_name\" content=\"El Regional\" \/>\n<meta property=\"article:publisher\" content=\"https:\/\/www.facebook.com\/elregionalvm\" \/>\n<meta property=\"article:published_time\" content=\"2024-05-24T16:21:59+00:00\" \/>\n<meta property=\"article:modified_time\" content=\"2024-05-24T16:22:01+00:00\" \/>\n<meta property=\"og:image\" content=\"https:\/\/elregionalvm.com.ar\/noticias-villa-maria\/wp-content\/uploads\/2024\/05\/WhatsApp-Image-2024-05-24-at-09.03.18.jpeg\" \/>\n\t<meta property=\"og:image:width\" content=\"1280\" \/>\n\t<meta property=\"og:image:height\" content=\"960\" \/>\n\t<meta property=\"og:image:type\" content=\"image\/jpeg\" \/>\n<meta name=\"author\" content=\"Contenidos El Regional\" \/>\n<meta name=\"twitter:card\" content=\"summary_large_image\" \/>\n<meta name=\"twitter:creator\" content=\"@elregionalvm1\" \/>\n<meta name=\"twitter:site\" content=\"@elregionalvm1\" \/>\n<meta name=\"twitter:label1\" content=\"Escrito por\" \/>\n\t<meta name=\"twitter:data1\" content=\"Contenidos El Regional\" \/>\n\t<meta name=\"twitter:label2\" content=\"Tiempo de lectura\" \/>\n\t<meta name=\"twitter:data2\" content=\"2 minutos\" \/>\n<script type=\"application\/ld+json\" class=\"yoast-schema-graph\">{\"@context\":\"https:\/\/schema.org\",\"@graph\":[{\"@type\":\"Article\",\"@id\":\"https:\/\/elregionalvm.com.ar\/noticias-villa-maria\/tras-la-denuncia-del-presidente-de-afuco-detuvieron-a-un-hombre-por-falsificacion-de-certificados-de-emmac\/#article\",\"isPartOf\":{\"@id\":\"https:\/\/elregionalvm.com.ar\/noticias-villa-maria\/tras-la-denuncia-del-presidente-de-afuco-detuvieron-a-un-hombre-por-falsificacion-de-certificados-de-emmac\/\"},\"author\":{\"name\":\"Contenidos El Regional\",\"@id\":\"http:\/\/elregionalvm.com.ar\/noticias-villa-maria\/#\/schema\/person\/a0fb9c422317faca23d50163151bc354\"},\"headline\":\"Tras la denuncia del presidente de AFUCO, detuvieron a un hombre por falsificaci\u00f3n de certificados de EMMAC\",\"datePublished\":\"2024-05-24T16:21:59+00:00\",\"dateModified\":\"2024-05-24T16:22:01+00:00\",\"mainEntityOfPage\":{\"@id\":\"https:\/\/elregionalvm.com.ar\/noticias-villa-maria\/tras-la-denuncia-del-presidente-de-afuco-detuvieron-a-un-hombre-por-falsificacion-de-certificados-de-emmac\/\"},\"wordCount\":306,\"commentCount\":0,\"image\":{\"@id\":\"https:\/\/elregionalvm.com.ar\/noticias-villa-maria\/tras-la-denuncia-del-presidente-de-afuco-detuvieron-a-un-hombre-por-falsificacion-de-certificados-de-emmac\/#primaryimage\"},\"thumbnailUrl\":\"https:\/\/i0.wp.com\/elregionalvm.com.ar\/noticias-villa-maria\/wp-content\/uploads\/2024\/05\/WhatsApp-Image-2024-05-24-at-09.03.18.jpeg?fit=1280%2C960&ssl=1\",\"articleSection\":[\"destacado\",\"Policiales\",\"Sociedad\",\"Villa Mar\u00eda\"],\"inLanguage\":\"es\",\"potentialAction\":[{\"@type\":\"CommentAction\",\"name\":\"Comment\",\"target\":[\"https:\/\/elregionalvm.com.ar\/noticias-villa-maria\/tras-la-denuncia-del-presidente-de-afuco-detuvieron-a-un-hombre-por-falsificacion-de-certificados-de-emmac\/#respond\"]}]},{\"@type\":\"WebPage\",\"@id\":\"https:\/\/elregionalvm.com.ar\/noticias-villa-maria\/tras-la-denuncia-del-presidente-de-afuco-detuvieron-a-un-hombre-por-falsificacion-de-certificados-de-emmac\/\",\"url\":\"https:\/\/elregionalvm.com.ar\/noticias-villa-maria\/tras-la-denuncia-del-presidente-de-afuco-detuvieron-a-un-hombre-por-falsificacion-de-certificados-de-emmac\/\",\"name\":\"Tras la denuncia del presidente de AFUCO, detuvieron a un hombre por falsificaci\u00f3n de certificados de EMMAC - El Regional\",\"isPartOf\":{\"@id\":\"http:\/\/elregionalvm.com.ar\/noticias-villa-maria\/#website\"},\"primaryImageOfPage\":{\"@id\":\"https:\/\/elregionalvm.com.ar\/noticias-villa-maria\/tras-la-denuncia-del-presidente-de-afuco-detuvieron-a-un-hombre-por-falsificacion-de-certificados-de-emmac\/#primaryimage\"},\"image\":{\"@id\":\"https:\/\/elregionalvm.com.ar\/noticias-villa-maria\/tras-la-denuncia-del-presidente-de-afuco-detuvieron-a-un-hombre-por-falsificacion-de-certificados-de-emmac\/#primaryimage\"},\"thumbnailUrl\":\"https:\/\/i0.wp.com\/elregionalvm.com.ar\/noticias-villa-maria\/wp-content\/uploads\/2024\/05\/WhatsApp-Image-2024-05-24-at-09.03.18.jpeg?fit=1280%2C960&ssl=1\",\"datePublished\":\"2024-05-24T16:21:59+00:00\",\"dateModified\":\"2024-05-24T16:22:01+00:00\",\"author\":{\"@id\":\"http:\/\/elregionalvm.com.ar\/noticias-villa-maria\/#\/schema\/person\/a0fb9c422317faca23d50163151bc354\"},\"breadcrumb\":{\"@id\":\"https:\/\/elregionalvm.com.ar\/noticias-villa-maria\/tras-la-denuncia-del-presidente-de-afuco-detuvieron-a-un-hombre-por-falsificacion-de-certificados-de-emmac\/#breadcrumb\"},\"inLanguage\":\"es\",\"potentialAction\":[{\"@type\":\"ReadAction\",\"target\":[\"https:\/\/elregionalvm.com.ar\/noticias-villa-maria\/tras-la-denuncia-del-presidente-de-afuco-detuvieron-a-un-hombre-por-falsificacion-de-certificados-de-emmac\/\"]}]},{\"@type\":\"ImageObject\",\"inLanguage\":\"es\",\"@id\":\"https:\/\/elregionalvm.com.ar\/noticias-villa-maria\/tras-la-denuncia-del-presidente-de-afuco-detuvieron-a-un-hombre-por-falsificacion-de-certificados-de-emmac\/#primaryimage\",\"url\":\"https:\/\/i0.wp.com\/elregionalvm.com.ar\/noticias-villa-maria\/wp-content\/uploads\/2024\/05\/WhatsApp-Image-2024-05-24-at-09.03.18.jpeg?fit=1280%2C960&ssl=1\",\"contentUrl\":\"https:\/\/i0.wp.com\/elregionalvm.com.ar\/noticias-villa-maria\/wp-content\/uploads\/2024\/05\/WhatsApp-Image-2024-05-24-at-09.03.18.jpeg?fit=1280%2C960&ssl=1\",\"width\":1280,\"height\":960},{\"@type\":\"BreadcrumbList\",\"@id\":\"https:\/\/elregionalvm.com.ar\/noticias-villa-maria\/tras-la-denuncia-del-presidente-de-afuco-detuvieron-a-un-hombre-por-falsificacion-de-certificados-de-emmac\/#breadcrumb\",\"itemListElement\":[{\"@type\":\"ListItem\",\"position\":1,\"name\":\"Portada\",\"item\":\"https:\/\/elregionalvm.com.ar\/noticias-villa-maria\/\"},{\"@type\":\"ListItem\",\"position\":2,\"name\":\"Tras la denuncia del presidente de AFUCO, detuvieron a un hombre por falsificaci\u00f3n de certificados de EMMAC\"}]},{\"@type\":\"WebSite\",\"@id\":\"http:\/\/elregionalvm.com.ar\/noticias-villa-maria\/#website\",\"url\":\"http:\/\/elregionalvm.com.ar\/noticias-villa-maria\/\",\"name\":\"El Regional\",\"description\":\"Mucho m\u00e1s que informaci\u00f3n\",\"potentialAction\":[{\"@type\":\"SearchAction\",\"target\":{\"@type\":\"EntryPoint\",\"urlTemplate\":\"http:\/\/elregionalvm.com.ar\/noticias-villa-maria\/?s={search_term_string}\"},\"query-input\":{\"@type\":\"PropertyValueSpecification\",\"valueRequired\":true,\"valueName\":\"search_term_string\"}}],\"inLanguage\":\"es\"},{\"@type\":\"Person\",\"@id\":\"http:\/\/elregionalvm.com.ar\/noticias-villa-maria\/#\/schema\/person\/a0fb9c422317faca23d50163151bc354\",\"name\":\"Contenidos El Regional\",\"image\":{\"@type\":\"ImageObject\",\"inLanguage\":\"es\",\"@id\":\"http:\/\/elregionalvm.com.ar\/noticias-villa-maria\/#\/schema\/person\/image\/\",\"url\":\"https:\/\/secure.gravatar.com\/avatar\/265b27cb2209af7bb3a1318f03305787d7981a5cc6e6cd08fe5a4ecdf99d4b48?s=96&d=mm&r=g\",\"contentUrl\":\"https:\/\/secure.gravatar.com\/avatar\/265b27cb2209af7bb3a1318f03305787d7981a5cc6e6cd08fe5a4ecdf99d4b48?s=96&d=mm&r=g\",\"caption\":\"Contenidos El Regional\"},\"url\":\"https:\/\/elregionalvm.com.ar\/noticias-villa-maria\/author\/contenido\/\"}]}<\/script>\n<!-- \/ Yoast SEO plugin. -->","yoast_head_json":{"title":"Tras la denuncia del presidente de AFUCO, detuvieron a un hombre por falsificaci\u00f3n de certificados de EMMAC - El Regional","robots":{"index":"index","follow":"follow","max-snippet":"max-snippet:-1","max-image-preview":"max-image-preview:large","max-video-preview":"max-video-preview:-1"},"canonical":"https:\/\/elregionalvm.com.ar\/noticias-villa-maria\/tras-la-denuncia-del-presidente-de-afuco-detuvieron-a-un-hombre-por-falsificacion-de-certificados-de-emmac\/","og_locale":"es_ES","og_type":"article","og_title":"Tras la denuncia del presidente de AFUCO, detuvieron a un hombre por falsificaci\u00f3n de certificados de EMMAC - El Regional","og_description":"En horas de la v\u00edspera, con motivo de la denuncia formulada por Sergio BUSTAMANTE, Presidente del AFUCO, se procedi\u00f3 a la detenci\u00f3n del ciudadano Juan Carlos VERA, de 62 a\u00f1os de edad, como supuesto autor del delito de Falsificaci\u00f3n de Instrumento Privado. En efecto, el d\u00eda 22\/05\/24, una vez anoticiado de la denuncia, el Fiscal [&hellip;]","og_url":"https:\/\/elregionalvm.com.ar\/noticias-villa-maria\/tras-la-denuncia-del-presidente-de-afuco-detuvieron-a-un-hombre-por-falsificacion-de-certificados-de-emmac\/","og_site_name":"El Regional","article_publisher":"https:\/\/www.facebook.com\/elregionalvm","article_published_time":"2024-05-24T16:21:59+00:00","article_modified_time":"2024-05-24T16:22:01+00:00","og_image":[{"width":1280,"height":960,"url":"https:\/\/elregionalvm.com.ar\/noticias-villa-maria\/wp-content\/uploads\/2024\/05\/WhatsApp-Image-2024-05-24-at-09.03.18.jpeg","type":"image\/jpeg"}],"author":"Contenidos El Regional","twitter_card":"summary_large_image","twitter_creator":"@elregionalvm1","twitter_site":"@elregionalvm1","twitter_misc":{"Escrito por":"Contenidos El Regional","Tiempo de lectura":"2 minutos"},"schema":{"@context":"https:\/\/schema.org","@graph":[{"@type":"Article","@id":"https:\/\/elregionalvm.com.ar\/noticias-villa-maria\/tras-la-denuncia-del-presidente-de-afuco-detuvieron-a-un-hombre-por-falsificacion-de-certificados-de-emmac\/#article","isPartOf":{"@id":"https:\/\/elregionalvm.com.ar\/noticias-villa-maria\/tras-la-denuncia-del-presidente-de-afuco-detuvieron-a-un-hombre-por-falsificacion-de-certificados-de-emmac\/"},"author":{"name":"Contenidos El Regional","@id":"http:\/\/elregionalvm.com.ar\/noticias-villa-maria\/#\/schema\/person\/a0fb9c422317faca23d50163151bc354"},"headline":"Tras la denuncia del presidente de AFUCO, detuvieron a un hombre por falsificaci\u00f3n de certificados de EMMAC","datePublished":"2024-05-24T16:21:59+00:00","dateModified":"2024-05-24T16:22:01+00:00","mainEntityOfPage":{"@id":"https:\/\/elregionalvm.com.ar\/noticias-villa-maria\/tras-la-denuncia-del-presidente-de-afuco-detuvieron-a-un-hombre-por-falsificacion-de-certificados-de-emmac\/"},"wordCount":306,"commentCount":0,"image":{"@id":"https:\/\/elregionalvm.com.ar\/noticias-villa-maria\/tras-la-denuncia-del-presidente-de-afuco-detuvieron-a-un-hombre-por-falsificacion-de-certificados-de-emmac\/#primaryimage"},"thumbnailUrl":"https:\/\/i0.wp.com\/elregionalvm.com.ar\/noticias-villa-maria\/wp-content\/uploads\/2024\/05\/WhatsApp-Image-2024-05-24-at-09.03.18.jpeg?fit=1280%2C960&ssl=1","articleSection":["destacado","Policiales","Sociedad","Villa Mar\u00eda"],"inLanguage":"es","potentialAction":[{"@type":"CommentAction","name":"Comment","target":["https:\/\/elregionalvm.com.ar\/noticias-villa-maria\/tras-la-denuncia-del-presidente-de-afuco-detuvieron-a-un-hombre-por-falsificacion-de-certificados-de-emmac\/#respond"]}]},{"@type":"WebPage","@id":"https:\/\/elregionalvm.com.ar\/noticias-villa-maria\/tras-la-denuncia-del-presidente-de-afuco-detuvieron-a-un-hombre-por-falsificacion-de-certificados-de-emmac\/","url":"https:\/\/elregionalvm.com.ar\/noticias-villa-maria\/tras-la-denuncia-del-presidente-de-afuco-detuvieron-a-un-hombre-por-falsificacion-de-certificados-de-emmac\/","name":"Tras la denuncia del presidente de AFUCO, detuvieron a un hombre por falsificaci\u00f3n de certificados de EMMAC - El Regional","isPartOf":{"@id":"http:\/\/elregionalvm.com.ar\/noticias-villa-maria\/#website"},"primaryImageOfPage":{"@id":"https:\/\/elregionalvm.com.ar\/noticias-villa-maria\/tras-la-denuncia-del-presidente-de-afuco-detuvieron-a-un-hombre-por-falsificacion-de-certificados-de-emmac\/#primaryimage"},"image":{"@id":"https:\/\/elregionalvm.com.ar\/noticias-villa-maria\/tras-la-denuncia-del-presidente-de-afuco-detuvieron-a-un-hombre-por-falsificacion-de-certificados-de-emmac\/#primaryimage"},"thumbnailUrl":"https:\/\/i0.wp.com\/elregionalvm.com.ar\/noticias-villa-maria\/wp-content\/uploads\/2024\/05\/WhatsApp-Image-2024-05-24-at-09.03.18.jpeg?fit=1280%2C960&ssl=1","datePublished":"2024-05-24T16:21:59+00:00","dateModified":"2024-05-24T16:22:01+00:00","author":{"@id":"http:\/\/elregionalvm.com.ar\/noticias-villa-maria\/#\/schema\/person\/a0fb9c422317faca23d50163151bc354"},"breadcrumb":{"@id":"https:\/\/elregionalvm.com.ar\/noticias-villa-maria\/tras-la-denuncia-del-presidente-de-afuco-detuvieron-a-un-hombre-por-falsificacion-de-certificados-de-emmac\/#breadcrumb"},"inLanguage":"es","potentialAction":[{"@type":"ReadAction","target":["https:\/\/elregionalvm.com.ar\/noticias-villa-maria\/tras-la-denuncia-del-presidente-de-afuco-detuvieron-a-un-hombre-por-falsificacion-de-certificados-de-emmac\/"]}]},{"@type":"ImageObject","inLanguage":"es","@id":"https:\/\/elregionalvm.com.ar\/noticias-villa-maria\/tras-la-denuncia-del-presidente-de-afuco-detuvieron-a-un-hombre-por-falsificacion-de-certificados-de-emmac\/#primaryimage","url":"https:\/\/i0.wp.com\/elregionalvm.com.ar\/noticias-villa-maria\/wp-content\/uploads\/2024\/05\/WhatsApp-Image-2024-05-24-at-09.03.18.jpeg?fit=1280%2C960&ssl=1","contentUrl":"https:\/\/i0.wp.com\/elregionalvm.com.ar\/noticias-villa-maria\/wp-content\/uploads\/2024\/05\/WhatsApp-Image-2024-05-24-at-09.03.18.jpeg?fit=1280%2C960&ssl=1","width":1280,"height":960},{"@type":"BreadcrumbList","@id":"https:\/\/elregionalvm.com.ar\/noticias-villa-maria\/tras-la-denuncia-del-presidente-de-afuco-detuvieron-a-un-hombre-por-falsificacion-de-certificados-de-emmac\/#breadcrumb","itemListElement":[{"@type":"ListItem","position":1,"name":"Portada","item":"https:\/\/elregionalvm.com.ar\/noticias-villa-maria\/"},{"@type":"ListItem","position":2,"name":"Tras la denuncia del presidente de AFUCO, detuvieron a un hombre por falsificaci\u00f3n de certificados de EMMAC"}]},{"@type":"WebSite","@id":"http:\/\/elregionalvm.com.ar\/noticias-villa-maria\/#website","url":"http:\/\/elregionalvm.com.ar\/noticias-villa-maria\/","name":"El Regional","description":"Mucho m\u00e1s que informaci\u00f3n","potentialAction":[{"@type":"SearchAction","target":{"@type":"EntryPoint","urlTemplate":"http:\/\/elregionalvm.com.ar\/noticias-villa-maria\/?s={search_term_string}"},"query-input":{"@type":"PropertyValueSpecification","valueRequired":true,"valueName":"search_term_string"}}],"inLanguage":"es"},{"@type":"Person","@id":"http:\/\/elregionalvm.com.ar\/noticias-villa-maria\/#\/schema\/person\/a0fb9c422317faca23d50163151bc354","name":"Contenidos El Regional","image":{"@type":"ImageObject","inLanguage":"es","@id":"http:\/\/elregionalvm.com.ar\/noticias-villa-maria\/#\/schema\/person\/image\/","url":"https:\/\/secure.gravatar.com\/avatar\/265b27cb2209af7bb3a1318f03305787d7981a5cc6e6cd08fe5a4ecdf99d4b48?s=96&d=mm&r=g","contentUrl":"https:\/\/secure.gravatar.com\/avatar\/265b27cb2209af7bb3a1318f03305787d7981a5cc6e6cd08fe5a4ecdf99d4b48?s=96&d=mm&r=g","caption":"Contenidos El Regional"},"url":"https:\/\/elregionalvm.com.ar\/noticias-villa-maria\/author\/contenido\/"}]}},"jetpack_featured_media_url":"https:\/\/i0.wp.com\/elregionalvm.com.ar\/noticias-villa-maria\/wp-content\/uploads\/2024\/05\/WhatsApp-Image-2024-05-24-at-09.03.18.jpeg?fit=1280%2C960&ssl=1","jetpack_sharing_enabled":true,"_links":{"self":[{"href":"https:\/\/elregionalvm.com.ar\/noticias-villa-maria\/wp-json\/wp\/v2\/posts\/94260","targetHints":{"allow":["GET"]}}],"collection":[{"href":"https:\/\/elregionalvm.com.ar\/noticias-villa-maria\/wp-json\/wp\/v2\/posts"}],"about":[{"href":"https:\/\/elregionalvm.com.ar\/noticias-villa-maria\/wp-json\/wp\/v2\/types\/post"}],"author":[{"embeddable":true,"href":"https:\/\/elregionalvm.com.ar\/noticias-villa-maria\/wp-json\/wp\/v2\/users\/4"}],"replies":[{"embeddable":true,"href":"https:\/\/elregionalvm.com.ar\/noticias-villa-maria\/wp-json\/wp\/v2\/comments?post=94260"}],"version-history":[{"count":1,"href":"https:\/\/elregionalvm.com.ar\/noticias-villa-maria\/wp-json\/wp\/v2\/posts\/94260\/revisions"}],"predecessor-version":[{"id":94264,"href":"https:\/\/elregionalvm.com.ar\/noticias-villa-maria\/wp-json\/wp\/v2\/posts\/94260\/revisions\/94264"}],"wp:featuredmedia":[{"embeddable":true,"href":"https:\/\/elregionalvm.com.ar\/noticias-villa-maria\/wp-json\/wp\/v2\/media\/94262"}],"wp:attachment":[{"href":"https:\/\/elregionalvm.com.ar\/noticias-villa-maria\/wp-json\/wp\/v2\/media?parent=94260"}],"wp:term":[{"taxonomy":"category","embeddable":true,"href":"https:\/\/elregionalvm.com.ar\/noticias-villa-maria\/wp-json\/wp\/v2\/categories?post=94260"},{"taxonomy":"post_tag","embeddable":true,"href":"https:\/\/elregionalvm.com.ar\/noticias-villa-maria\/wp-json\/wp\/v2\/tags?post=94260"}],"curies":[{"name":"wp","href":"https:\/\/api.w.org\/{rel}","templated":true}]}}