{"id":94401,"date":"2024-05-28T20:40:37","date_gmt":"2024-05-28T20:40:37","guid":{"rendered":"https:\/\/elregionalvm.com.ar\/noticias-villa-maria\/?p=94401"},"modified":"2024-05-29T12:16:12","modified_gmt":"2024-05-29T12:16:12","slug":"murio-un-joven-motociclista-de-18-anos-en-un-choque-en-la-avenida-peron","status":"publish","type":"post","link":"https:\/\/elregionalvm.com.ar\/noticias-villa-maria\/murio-un-joven-motociclista-de-18-anos-en-un-choque-en-la-avenida-peron\/","title":{"rendered":"Muri\u00f3 un motociclista de 17 a\u00f1os en un choque en la Avenida Per\u00f3n"},"content":{"rendered":"\n<p><\/p>\n\n\n\n<p>Un\u00a0joven de 17 a\u00f1os perdi\u00f3 la vida esta tarde, alrededor de las 16 horas, al accidentarse con su moto en Avenida Per\u00f3n, a la altura del 3.400.<\/p>\n\n\n\n<p>En el siniestro participaron tres autos, adem\u00e1s de la Honda Wave. \u00abSe produce la colisi\u00f3n de un autom\u00f3vil marca Volkswagen modelo Vento de color gris, conducido por un hombre de 89 a\u00f1os; un autom\u00f3vil marca Volkswagen modelo Gol Power color rojo, conducido por un hombre de 27 a\u00f1os; un autom\u00f3vil marca\u00a0 Volkswagen modelo Gol Power color rojo, conducido por un hombre de\u00a0 23 a\u00f1os; y una motocicleta marca Honda modelo Wave de color negro sin dominio conducida por un menor de 17 a\u00f1os de edad,\u00a0 siendo este \u00faltimo quien luego del impacto pierde la vida\u00bb, inform\u00f3 la Polic\u00eda. <\/p>\n\n\n\n<p><\/p>\n\n\n\n<figure class=\"wp-block-gallery has-nested-images columns-default is-cropped wp-block-gallery-1 is-layout-flex wp-block-gallery-is-layout-flex\">\n<figure class=\"wp-block-image size-large\"><img data-recalc-dims=\"1\" fetchpriority=\"high\" decoding=\"async\" width=\"720\" height=\"776\" data-id=\"94451\" src=\"https:\/\/i0.wp.com\/elregionalvm.com.ar\/noticias-villa-maria\/wp-content\/uploads\/2024\/05\/moto-choque-Avenida-Peron.jpeg?resize=720%2C776&#038;ssl=1\" alt=\"\" class=\"wp-image-94451\" srcset=\"https:\/\/i0.wp.com\/elregionalvm.com.ar\/noticias-villa-maria\/wp-content\/uploads\/2024\/05\/moto-choque-Avenida-Peron.jpeg?w=720&amp;ssl=1 720w, https:\/\/i0.wp.com\/elregionalvm.com.ar\/noticias-villa-maria\/wp-content\/uploads\/2024\/05\/moto-choque-Avenida-Peron.jpeg?resize=278%2C300&amp;ssl=1 278w\" sizes=\"(max-width: 720px) 100vw, 720px\" \/><\/figure>\n\n\n\n<figure class=\"wp-block-image size-large\"><img data-recalc-dims=\"1\" decoding=\"async\" width=\"720\" height=\"560\" data-id=\"94452\" src=\"https:\/\/i0.wp.com\/elregionalvm.com.ar\/noticias-villa-maria\/wp-content\/uploads\/2024\/05\/Auto-Vento-choque-moto-Avenida-Peron.jpeg?resize=720%2C560&#038;ssl=1\" alt=\"\" class=\"wp-image-94452\" srcset=\"https:\/\/i0.wp.com\/elregionalvm.com.ar\/noticias-villa-maria\/wp-content\/uploads\/2024\/05\/Auto-Vento-choque-moto-Avenida-Peron.jpeg?w=720&amp;ssl=1 720w, https:\/\/i0.wp.com\/elregionalvm.com.ar\/noticias-villa-maria\/wp-content\/uploads\/2024\/05\/Auto-Vento-choque-moto-Avenida-Peron.jpeg?resize=300%2C233&amp;ssl=1 300w\" sizes=\"(max-width: 720px) 100vw, 720px\" \/><\/figure>\n\n\n\n<figure class=\"wp-block-image size-large\"><img data-recalc-dims=\"1\" decoding=\"async\" width=\"720\" height=\"631\" data-id=\"94453\" src=\"https:\/\/i0.wp.com\/elregionalvm.com.ar\/noticias-villa-maria\/wp-content\/uploads\/2024\/05\/Auto-Gol-choque-moto-Avenida-Peron.jpeg?resize=720%2C631&#038;ssl=1\" alt=\"\" class=\"wp-image-94453\" srcset=\"https:\/\/i0.wp.com\/elregionalvm.com.ar\/noticias-villa-maria\/wp-content\/uploads\/2024\/05\/Auto-Gol-choque-moto-Avenida-Peron.jpeg?w=720&amp;ssl=1 720w, https:\/\/i0.wp.com\/elregionalvm.com.ar\/noticias-villa-maria\/wp-content\/uploads\/2024\/05\/Auto-Gol-choque-moto-Avenida-Peron.jpeg?resize=300%2C263&amp;ssl=1 300w\" sizes=\"(max-width: 720px) 100vw, 720px\" \/><\/figure>\n<\/figure>\n\n\n\n<p><\/p>\n\n\n\n<p>Por  directivas de la Fiscal\u00eda de Instrucci\u00f3n de Primer Turno, a cargo de Silvia Maldonado, se orden\u00f3 que el personal de Polic\u00eda Cient\u00edfica realizara un pormenorizado relevamiento del lugar mediante trabajo de pericias preliminares y tareas de planimetr\u00eda\u00a0 en procura de esclarecer los sucedido.<\/p>\n\n\n\n<p><\/p>\n\n\n\n<p>En el lugar trabajan efectivos policiales y de Seguridad Ciudadana, que cortaron toda la avenida, adem\u00e1s de Bomberos Voluntarios.\u00a0<\/p>\n\n\n\n<p><\/p>\n\n\n\n<p><em>Foto principal: El Diario<\/em><\/p>\n\n\n\n<p><\/p>\n","protected":false},"excerpt":{"rendered":"<p>Un\u00a0joven de 17 a\u00f1os perdi\u00f3 la vida esta tarde, alrededor de las 16 horas, al accidentarse con su moto en Avenida Per\u00f3n, a la altura del 3.400. En el siniestro participaron tres autos, adem\u00e1s de la Honda Wave. \u00abSe produce la colisi\u00f3n de un autom\u00f3vil marca Volkswagen modelo Vento de color gris, conducido por un [&hellip;]<\/p>\n","protected":false},"author":4,"featured_media":94403,"comment_status":"open","ping_status":"open","sticky":false,"template":"","format":"standard","meta":{"site-sidebar-layout":"default","site-content-layout":"","ast-site-content-layout":"default","site-content-style":"default","site-sidebar-style":"default","ast-global-header-display":"","ast-banner-title-visibility":"","ast-main-header-display":"","ast-hfb-above-header-display":"","ast-hfb-below-header-display":"","ast-hfb-mobile-header-display":"","site-post-title":"","ast-breadcrumbs-content":"","ast-featured-img":"","footer-sml-layout":"","ast-disable-related-posts":"","theme-transparent-header-meta":"","adv-header-id-meta":"","stick-header-meta":"","header-above-stick-meta":"","header-main-stick-meta":"","header-below-stick-meta":"","astra-migrate-meta-layouts":"set","ast-page-background-enabled":"default","ast-page-background-meta":{"desktop":{"background-color":"","background-image":"","background-repeat":"repeat","background-position":"center center","background-size":"auto","background-attachment":"scroll","background-type":"","background-media":"","overlay-type":"","overlay-color":"","overlay-opacity":"","overlay-gradient":""},"tablet":{"background-color":"","background-image":"","background-repeat":"repeat","background-position":"center center","background-size":"auto","background-attachment":"scroll","background-type":"","background-media":"","overlay-type":"","overlay-color":"","overlay-opacity":"","overlay-gradient":""},"mobile":{"background-color":"","background-image":"","background-repeat":"repeat","background-position":"center center","background-size":"auto","background-attachment":"scroll","background-type":"","background-media":"","overlay-type":"","overlay-color":"","overlay-opacity":"","overlay-gradient":""}},"ast-content-background-meta":{"desktop":{"background-color":"var(--ast-global-color-5)","background-image":"","background-repeat":"repeat","background-position":"center center","background-size":"auto","background-attachment":"scroll","background-type":"","background-media":"","overlay-type":"","overlay-color":"","overlay-opacity":"","overlay-gradient":""},"tablet":{"background-color":"var(--ast-global-color-5)","background-image":"","background-repeat":"repeat","background-position":"center center","background-size":"auto","background-attachment":"scroll","background-type":"","background-media":"","overlay-type":"","overlay-color":"","overlay-opacity":"","overlay-gradient":""},"mobile":{"background-color":"var(--ast-global-color-5)","background-image":"","background-repeat":"repeat","background-position":"center center","background-size":"auto","background-attachment":"scroll","background-type":"","background-media":"","overlay-type":"","overlay-color":"","overlay-opacity":"","overlay-gradient":""}},"_jetpack_memberships_contains_paid_content":false,"_joinchat":[],"footnotes":""},"categories":[15302,2234,2],"tags":[2299,2210,1452,4713,2710],"class_list":["post-94401","post","type-post","status-publish","format-standard","has-post-thumbnail","hentry","category-destacado","category-policiales","category-villa-maria","tag-accidente","tag-accidente-fatal","tag-choque","tag-fallecido","tag-motociclista"],"yoast_head":"<!-- This site is optimized with the Yoast SEO plugin v26.8 - https:\/\/yoast.com\/product\/yoast-seo-wordpress\/ -->\n<title>Muri\u00f3 un motociclista de 17 a\u00f1os en un choque en la Avenida Per\u00f3n - El Regional<\/title>\n<meta name=\"robots\" content=\"index, follow, max-snippet:-1, max-image-preview:large, max-video-preview:-1\" \/>\n<link rel=\"canonical\" href=\"https:\/\/elregionalvm.com.ar\/noticias-villa-maria\/murio-un-joven-motociclista-de-18-anos-en-un-choque-en-la-avenida-peron\/\" \/>\n<meta property=\"og:locale\" content=\"es_ES\" \/>\n<meta property=\"og:type\" content=\"article\" \/>\n<meta property=\"og:title\" content=\"Muri\u00f3 un motociclista de 17 a\u00f1os en un choque en la Avenida Per\u00f3n - El Regional\" \/>\n<meta property=\"og:description\" content=\"Un\u00a0joven de 17 a\u00f1os perdi\u00f3 la vida esta tarde, alrededor de las 16 horas, al accidentarse con su moto en Avenida Per\u00f3n, a la altura del 3.400. En el siniestro participaron tres autos, adem\u00e1s de la Honda Wave. \u00abSe produce la colisi\u00f3n de un autom\u00f3vil marca Volkswagen modelo Vento de color gris, conducido por un [&hellip;]\" \/>\n<meta property=\"og:url\" content=\"https:\/\/elregionalvm.com.ar\/noticias-villa-maria\/murio-un-joven-motociclista-de-18-anos-en-un-choque-en-la-avenida-peron\/\" \/>\n<meta property=\"og:site_name\" content=\"El Regional\" \/>\n<meta property=\"article:publisher\" content=\"https:\/\/www.facebook.com\/elregionalvm\" \/>\n<meta property=\"article:published_time\" content=\"2024-05-28T20:40:37+00:00\" \/>\n<meta property=\"article:modified_time\" content=\"2024-05-29T12:16:12+00:00\" \/>\n<meta property=\"og:image\" content=\"https:\/\/elregionalvm.com.ar\/noticias-villa-maria\/wp-content\/uploads\/2024\/05\/Accidente-fatal-en-Avenida-Peron-1.jpg\" \/>\n\t<meta property=\"og:image:width\" content=\"1037\" \/>\n\t<meta property=\"og:image:height\" content=\"621\" \/>\n\t<meta property=\"og:image:type\" content=\"image\/jpeg\" \/>\n<meta name=\"author\" content=\"Contenidos El Regional\" \/>\n<meta name=\"twitter:card\" content=\"summary_large_image\" \/>\n<meta name=\"twitter:creator\" content=\"@elregionalvm1\" \/>\n<meta name=\"twitter:site\" content=\"@elregionalvm1\" \/>\n<meta name=\"twitter:label1\" content=\"Escrito por\" \/>\n\t<meta name=\"twitter:data1\" content=\"Contenidos El Regional\" \/>\n\t<meta name=\"twitter:label2\" content=\"Tiempo de lectura\" \/>\n\t<meta name=\"twitter:data2\" content=\"2 minutos\" \/>\n<script type=\"application\/ld+json\" class=\"yoast-schema-graph\">{\"@context\":\"https:\/\/schema.org\",\"@graph\":[{\"@type\":\"Article\",\"@id\":\"https:\/\/elregionalvm.com.ar\/noticias-villa-maria\/murio-un-joven-motociclista-de-18-anos-en-un-choque-en-la-avenida-peron\/#article\",\"isPartOf\":{\"@id\":\"https:\/\/elregionalvm.com.ar\/noticias-villa-maria\/murio-un-joven-motociclista-de-18-anos-en-un-choque-en-la-avenida-peron\/\"},\"author\":{\"name\":\"Contenidos El Regional\",\"@id\":\"http:\/\/elregionalvm.com.ar\/noticias-villa-maria\/#\/schema\/person\/a0fb9c422317faca23d50163151bc354\"},\"headline\":\"Muri\u00f3 un motociclista de 17 a\u00f1os en un choque en la Avenida Per\u00f3n\",\"datePublished\":\"2024-05-28T20:40:37+00:00\",\"dateModified\":\"2024-05-29T12:16:12+00:00\",\"mainEntityOfPage\":{\"@id\":\"https:\/\/elregionalvm.com.ar\/noticias-villa-maria\/murio-un-joven-motociclista-de-18-anos-en-un-choque-en-la-avenida-peron\/\"},\"wordCount\":218,\"commentCount\":0,\"image\":{\"@id\":\"https:\/\/elregionalvm.com.ar\/noticias-villa-maria\/murio-un-joven-motociclista-de-18-anos-en-un-choque-en-la-avenida-peron\/#primaryimage\"},\"thumbnailUrl\":\"https:\/\/i0.wp.com\/elregionalvm.com.ar\/noticias-villa-maria\/wp-content\/uploads\/2024\/05\/Accidente-fatal-en-Avenida-Peron-1.jpg?fit=1037%2C621&ssl=1\",\"keywords\":[\"accidente\",\"accidente fatal\",\"Choque\",\"Fallecido\",\"motociclista\"],\"articleSection\":[\"destacado\",\"Policiales\",\"Villa Mar\u00eda\"],\"inLanguage\":\"es\",\"potentialAction\":[{\"@type\":\"CommentAction\",\"name\":\"Comment\",\"target\":[\"https:\/\/elregionalvm.com.ar\/noticias-villa-maria\/murio-un-joven-motociclista-de-18-anos-en-un-choque-en-la-avenida-peron\/#respond\"]}]},{\"@type\":\"WebPage\",\"@id\":\"https:\/\/elregionalvm.com.ar\/noticias-villa-maria\/murio-un-joven-motociclista-de-18-anos-en-un-choque-en-la-avenida-peron\/\",\"url\":\"https:\/\/elregionalvm.com.ar\/noticias-villa-maria\/murio-un-joven-motociclista-de-18-anos-en-un-choque-en-la-avenida-peron\/\",\"name\":\"Muri\u00f3 un motociclista de 17 a\u00f1os en un choque en la Avenida Per\u00f3n - El Regional\",\"isPartOf\":{\"@id\":\"http:\/\/elregionalvm.com.ar\/noticias-villa-maria\/#website\"},\"primaryImageOfPage\":{\"@id\":\"https:\/\/elregionalvm.com.ar\/noticias-villa-maria\/murio-un-joven-motociclista-de-18-anos-en-un-choque-en-la-avenida-peron\/#primaryimage\"},\"image\":{\"@id\":\"https:\/\/elregionalvm.com.ar\/noticias-villa-maria\/murio-un-joven-motociclista-de-18-anos-en-un-choque-en-la-avenida-peron\/#primaryimage\"},\"thumbnailUrl\":\"https:\/\/i0.wp.com\/elregionalvm.com.ar\/noticias-villa-maria\/wp-content\/uploads\/2024\/05\/Accidente-fatal-en-Avenida-Peron-1.jpg?fit=1037%2C621&ssl=1\",\"datePublished\":\"2024-05-28T20:40:37+00:00\",\"dateModified\":\"2024-05-29T12:16:12+00:00\",\"author\":{\"@id\":\"http:\/\/elregionalvm.com.ar\/noticias-villa-maria\/#\/schema\/person\/a0fb9c422317faca23d50163151bc354\"},\"breadcrumb\":{\"@id\":\"https:\/\/elregionalvm.com.ar\/noticias-villa-maria\/murio-un-joven-motociclista-de-18-anos-en-un-choque-en-la-avenida-peron\/#breadcrumb\"},\"inLanguage\":\"es\",\"potentialAction\":[{\"@type\":\"ReadAction\",\"target\":[\"https:\/\/elregionalvm.com.ar\/noticias-villa-maria\/murio-un-joven-motociclista-de-18-anos-en-un-choque-en-la-avenida-peron\/\"]}]},{\"@type\":\"ImageObject\",\"inLanguage\":\"es\",\"@id\":\"https:\/\/elregionalvm.com.ar\/noticias-villa-maria\/murio-un-joven-motociclista-de-18-anos-en-un-choque-en-la-avenida-peron\/#primaryimage\",\"url\":\"https:\/\/i0.wp.com\/elregionalvm.com.ar\/noticias-villa-maria\/wp-content\/uploads\/2024\/05\/Accidente-fatal-en-Avenida-Peron-1.jpg?fit=1037%2C621&ssl=1\",\"contentUrl\":\"https:\/\/i0.wp.com\/elregionalvm.com.ar\/noticias-villa-maria\/wp-content\/uploads\/2024\/05\/Accidente-fatal-en-Avenida-Peron-1.jpg?fit=1037%2C621&ssl=1\",\"width\":1037,\"height\":621},{\"@type\":\"BreadcrumbList\",\"@id\":\"https:\/\/elregionalvm.com.ar\/noticias-villa-maria\/murio-un-joven-motociclista-de-18-anos-en-un-choque-en-la-avenida-peron\/#breadcrumb\",\"itemListElement\":[{\"@type\":\"ListItem\",\"position\":1,\"name\":\"Portada\",\"item\":\"https:\/\/elregionalvm.com.ar\/noticias-villa-maria\/\"},{\"@type\":\"ListItem\",\"position\":2,\"name\":\"Muri\u00f3 un motociclista de 17 a\u00f1os en un choque en la Avenida Per\u00f3n\"}]},{\"@type\":\"WebSite\",\"@id\":\"http:\/\/elregionalvm.com.ar\/noticias-villa-maria\/#website\",\"url\":\"http:\/\/elregionalvm.com.ar\/noticias-villa-maria\/\",\"name\":\"El Regional\",\"description\":\"Mucho m\u00e1s que informaci\u00f3n\",\"potentialAction\":[{\"@type\":\"SearchAction\",\"target\":{\"@type\":\"EntryPoint\",\"urlTemplate\":\"http:\/\/elregionalvm.com.ar\/noticias-villa-maria\/?s={search_term_string}\"},\"query-input\":{\"@type\":\"PropertyValueSpecification\",\"valueRequired\":true,\"valueName\":\"search_term_string\"}}],\"inLanguage\":\"es\"},{\"@type\":\"Person\",\"@id\":\"http:\/\/elregionalvm.com.ar\/noticias-villa-maria\/#\/schema\/person\/a0fb9c422317faca23d50163151bc354\",\"name\":\"Contenidos El Regional\",\"image\":{\"@type\":\"ImageObject\",\"inLanguage\":\"es\",\"@id\":\"http:\/\/elregionalvm.com.ar\/noticias-villa-maria\/#\/schema\/person\/image\/\",\"url\":\"https:\/\/secure.gravatar.com\/avatar\/265b27cb2209af7bb3a1318f03305787d7981a5cc6e6cd08fe5a4ecdf99d4b48?s=96&d=mm&r=g\",\"contentUrl\":\"https:\/\/secure.gravatar.com\/avatar\/265b27cb2209af7bb3a1318f03305787d7981a5cc6e6cd08fe5a4ecdf99d4b48?s=96&d=mm&r=g\",\"caption\":\"Contenidos El Regional\"},\"url\":\"https:\/\/elregionalvm.com.ar\/noticias-villa-maria\/author\/contenido\/\"}]}<\/script>\n<!-- \/ Yoast SEO plugin. -->","yoast_head_json":{"title":"Muri\u00f3 un motociclista de 17 a\u00f1os en un choque en la Avenida Per\u00f3n - El Regional","robots":{"index":"index","follow":"follow","max-snippet":"max-snippet:-1","max-image-preview":"max-image-preview:large","max-video-preview":"max-video-preview:-1"},"canonical":"https:\/\/elregionalvm.com.ar\/noticias-villa-maria\/murio-un-joven-motociclista-de-18-anos-en-un-choque-en-la-avenida-peron\/","og_locale":"es_ES","og_type":"article","og_title":"Muri\u00f3 un motociclista de 17 a\u00f1os en un choque en la Avenida Per\u00f3n - El Regional","og_description":"Un\u00a0joven de 17 a\u00f1os perdi\u00f3 la vida esta tarde, alrededor de las 16 horas, al accidentarse con su moto en Avenida Per\u00f3n, a la altura del 3.400. En el siniestro participaron tres autos, adem\u00e1s de la Honda Wave. \u00abSe produce la colisi\u00f3n de un autom\u00f3vil marca Volkswagen modelo Vento de color gris, conducido por un [&hellip;]","og_url":"https:\/\/elregionalvm.com.ar\/noticias-villa-maria\/murio-un-joven-motociclista-de-18-anos-en-un-choque-en-la-avenida-peron\/","og_site_name":"El Regional","article_publisher":"https:\/\/www.facebook.com\/elregionalvm","article_published_time":"2024-05-28T20:40:37+00:00","article_modified_time":"2024-05-29T12:16:12+00:00","og_image":[{"width":1037,"height":621,"url":"https:\/\/elregionalvm.com.ar\/noticias-villa-maria\/wp-content\/uploads\/2024\/05\/Accidente-fatal-en-Avenida-Peron-1.jpg","type":"image\/jpeg"}],"author":"Contenidos El Regional","twitter_card":"summary_large_image","twitter_creator":"@elregionalvm1","twitter_site":"@elregionalvm1","twitter_misc":{"Escrito por":"Contenidos El Regional","Tiempo de lectura":"2 minutos"},"schema":{"@context":"https:\/\/schema.org","@graph":[{"@type":"Article","@id":"https:\/\/elregionalvm.com.ar\/noticias-villa-maria\/murio-un-joven-motociclista-de-18-anos-en-un-choque-en-la-avenida-peron\/#article","isPartOf":{"@id":"https:\/\/elregionalvm.com.ar\/noticias-villa-maria\/murio-un-joven-motociclista-de-18-anos-en-un-choque-en-la-avenida-peron\/"},"author":{"name":"Contenidos El Regional","@id":"http:\/\/elregionalvm.com.ar\/noticias-villa-maria\/#\/schema\/person\/a0fb9c422317faca23d50163151bc354"},"headline":"Muri\u00f3 un motociclista de 17 a\u00f1os en un choque en la Avenida Per\u00f3n","datePublished":"2024-05-28T20:40:37+00:00","dateModified":"2024-05-29T12:16:12+00:00","mainEntityOfPage":{"@id":"https:\/\/elregionalvm.com.ar\/noticias-villa-maria\/murio-un-joven-motociclista-de-18-anos-en-un-choque-en-la-avenida-peron\/"},"wordCount":218,"commentCount":0,"image":{"@id":"https:\/\/elregionalvm.com.ar\/noticias-villa-maria\/murio-un-joven-motociclista-de-18-anos-en-un-choque-en-la-avenida-peron\/#primaryimage"},"thumbnailUrl":"https:\/\/i0.wp.com\/elregionalvm.com.ar\/noticias-villa-maria\/wp-content\/uploads\/2024\/05\/Accidente-fatal-en-Avenida-Peron-1.jpg?fit=1037%2C621&ssl=1","keywords":["accidente","accidente fatal","Choque","Fallecido","motociclista"],"articleSection":["destacado","Policiales","Villa Mar\u00eda"],"inLanguage":"es","potentialAction":[{"@type":"CommentAction","name":"Comment","target":["https:\/\/elregionalvm.com.ar\/noticias-villa-maria\/murio-un-joven-motociclista-de-18-anos-en-un-choque-en-la-avenida-peron\/#respond"]}]},{"@type":"WebPage","@id":"https:\/\/elregionalvm.com.ar\/noticias-villa-maria\/murio-un-joven-motociclista-de-18-anos-en-un-choque-en-la-avenida-peron\/","url":"https:\/\/elregionalvm.com.ar\/noticias-villa-maria\/murio-un-joven-motociclista-de-18-anos-en-un-choque-en-la-avenida-peron\/","name":"Muri\u00f3 un motociclista de 17 a\u00f1os en un choque en la Avenida Per\u00f3n - El Regional","isPartOf":{"@id":"http:\/\/elregionalvm.com.ar\/noticias-villa-maria\/#website"},"primaryImageOfPage":{"@id":"https:\/\/elregionalvm.com.ar\/noticias-villa-maria\/murio-un-joven-motociclista-de-18-anos-en-un-choque-en-la-avenida-peron\/#primaryimage"},"image":{"@id":"https:\/\/elregionalvm.com.ar\/noticias-villa-maria\/murio-un-joven-motociclista-de-18-anos-en-un-choque-en-la-avenida-peron\/#primaryimage"},"thumbnailUrl":"https:\/\/i0.wp.com\/elregionalvm.com.ar\/noticias-villa-maria\/wp-content\/uploads\/2024\/05\/Accidente-fatal-en-Avenida-Peron-1.jpg?fit=1037%2C621&ssl=1","datePublished":"2024-05-28T20:40:37+00:00","dateModified":"2024-05-29T12:16:12+00:00","author":{"@id":"http:\/\/elregionalvm.com.ar\/noticias-villa-maria\/#\/schema\/person\/a0fb9c422317faca23d50163151bc354"},"breadcrumb":{"@id":"https:\/\/elregionalvm.com.ar\/noticias-villa-maria\/murio-un-joven-motociclista-de-18-anos-en-un-choque-en-la-avenida-peron\/#breadcrumb"},"inLanguage":"es","potentialAction":[{"@type":"ReadAction","target":["https:\/\/elregionalvm.com.ar\/noticias-villa-maria\/murio-un-joven-motociclista-de-18-anos-en-un-choque-en-la-avenida-peron\/"]}]},{"@type":"ImageObject","inLanguage":"es","@id":"https:\/\/elregionalvm.com.ar\/noticias-villa-maria\/murio-un-joven-motociclista-de-18-anos-en-un-choque-en-la-avenida-peron\/#primaryimage","url":"https:\/\/i0.wp.com\/elregionalvm.com.ar\/noticias-villa-maria\/wp-content\/uploads\/2024\/05\/Accidente-fatal-en-Avenida-Peron-1.jpg?fit=1037%2C621&ssl=1","contentUrl":"https:\/\/i0.wp.com\/elregionalvm.com.ar\/noticias-villa-maria\/wp-content\/uploads\/2024\/05\/Accidente-fatal-en-Avenida-Peron-1.jpg?fit=1037%2C621&ssl=1","width":1037,"height":621},{"@type":"BreadcrumbList","@id":"https:\/\/elregionalvm.com.ar\/noticias-villa-maria\/murio-un-joven-motociclista-de-18-anos-en-un-choque-en-la-avenida-peron\/#breadcrumb","itemListElement":[{"@type":"ListItem","position":1,"name":"Portada","item":"https:\/\/elregionalvm.com.ar\/noticias-villa-maria\/"},{"@type":"ListItem","position":2,"name":"Muri\u00f3 un motociclista de 17 a\u00f1os en un choque en la Avenida Per\u00f3n"}]},{"@type":"WebSite","@id":"http:\/\/elregionalvm.com.ar\/noticias-villa-maria\/#website","url":"http:\/\/elregionalvm.com.ar\/noticias-villa-maria\/","name":"El Regional","description":"Mucho m\u00e1s que informaci\u00f3n","potentialAction":[{"@type":"SearchAction","target":{"@type":"EntryPoint","urlTemplate":"http:\/\/elregionalvm.com.ar\/noticias-villa-maria\/?s={search_term_string}"},"query-input":{"@type":"PropertyValueSpecification","valueRequired":true,"valueName":"search_term_string"}}],"inLanguage":"es"},{"@type":"Person","@id":"http:\/\/elregionalvm.com.ar\/noticias-villa-maria\/#\/schema\/person\/a0fb9c422317faca23d50163151bc354","name":"Contenidos El Regional","image":{"@type":"ImageObject","inLanguage":"es","@id":"http:\/\/elregionalvm.com.ar\/noticias-villa-maria\/#\/schema\/person\/image\/","url":"https:\/\/secure.gravatar.com\/avatar\/265b27cb2209af7bb3a1318f03305787d7981a5cc6e6cd08fe5a4ecdf99d4b48?s=96&d=mm&r=g","contentUrl":"https:\/\/secure.gravatar.com\/avatar\/265b27cb2209af7bb3a1318f03305787d7981a5cc6e6cd08fe5a4ecdf99d4b48?s=96&d=mm&r=g","caption":"Contenidos El Regional"},"url":"https:\/\/elregionalvm.com.ar\/noticias-villa-maria\/author\/contenido\/"}]}},"jetpack_featured_media_url":"https:\/\/i0.wp.com\/elregionalvm.com.ar\/noticias-villa-maria\/wp-content\/uploads\/2024\/05\/Accidente-fatal-en-Avenida-Peron-1.jpg?fit=1037%2C621&ssl=1","jetpack_sharing_enabled":true,"_links":{"self":[{"href":"https:\/\/elregionalvm.com.ar\/noticias-villa-maria\/wp-json\/wp\/v2\/posts\/94401","targetHints":{"allow":["GET"]}}],"collection":[{"href":"https:\/\/elregionalvm.com.ar\/noticias-villa-maria\/wp-json\/wp\/v2\/posts"}],"about":[{"href":"https:\/\/elregionalvm.com.ar\/noticias-villa-maria\/wp-json\/wp\/v2\/types\/post"}],"author":[{"embeddable":true,"href":"https:\/\/elregionalvm.com.ar\/noticias-villa-maria\/wp-json\/wp\/v2\/users\/4"}],"replies":[{"embeddable":true,"href":"https:\/\/elregionalvm.com.ar\/noticias-villa-maria\/wp-json\/wp\/v2\/comments?post=94401"}],"version-history":[{"count":4,"href":"https:\/\/elregionalvm.com.ar\/noticias-villa-maria\/wp-json\/wp\/v2\/posts\/94401\/revisions"}],"predecessor-version":[{"id":94459,"href":"https:\/\/elregionalvm.com.ar\/noticias-villa-maria\/wp-json\/wp\/v2\/posts\/94401\/revisions\/94459"}],"wp:featuredmedia":[{"embeddable":true,"href":"https:\/\/elregionalvm.com.ar\/noticias-villa-maria\/wp-json\/wp\/v2\/media\/94403"}],"wp:attachment":[{"href":"https:\/\/elregionalvm.com.ar\/noticias-villa-maria\/wp-json\/wp\/v2\/media?parent=94401"}],"wp:term":[{"taxonomy":"category","embeddable":true,"href":"https:\/\/elregionalvm.com.ar\/noticias-villa-maria\/wp-json\/wp\/v2\/categories?post=94401"},{"taxonomy":"post_tag","embeddable":true,"href":"https:\/\/elregionalvm.com.ar\/noticias-villa-maria\/wp-json\/wp\/v2\/tags?post=94401"}],"curies":[{"name":"wp","href":"https:\/\/api.w.org\/{rel}","templated":true}]}}