{"id":94420,"date":"2024-05-28T22:22:17","date_gmt":"2024-05-28T22:22:17","guid":{"rendered":"https:\/\/elregionalvm.com.ar\/noticias-villa-maria\/?p=94420"},"modified":"2024-05-28T22:22:19","modified_gmt":"2024-05-28T22:22:19","slug":"aerca-presenta-la-campana-provincial-para-papa-elijo-el-comercio-local","status":"publish","type":"post","link":"https:\/\/elregionalvm.com.ar\/noticias-villa-maria\/aerca-presenta-la-campana-provincial-para-papa-elijo-el-comercio-local\/","title":{"rendered":"AERCA presenta la campa\u00f1a provincial \u00abPara Pap\u00e1, elijo el comercio local\u00bb"},"content":{"rendered":"\n<p>Esta iniciativa es impulsada por la Federaci\u00f3n Comercial de C\u00f3rdoba (Fedecom) con el apoyo de la Confederaci\u00f3n Argentina de la Mediana Empresa (CAME) y la participaci\u00f3n de los Centros Comerciales adheridos. La finalidad es incentivar el consumo en establecimientos formales de Villa Mar\u00eda y las diferentes localidades cordobesas.<\/p>\n\n\n\n<p>Entre el 01 y el 16 de junio pr\u00f3ximos, quienes visiten los comercios adheridos a la campa\u00f1a podr\u00e1n participar del sorteo a nivel provincial de \u00f3rdenes de compras por un total de 4 millones de pesos. Ser\u00e1n 40 \u00f3rdenes de $100.000 que deber\u00e1n ser canjeadas en el comercio donde se origin\u00f3 la compra.<\/p>\n\n\n\n<p>Quienes deseen participar por los premios, deber\u00e1n escanear el c\u00f3digo QR que se encontrar\u00e1 dentro de los locales formales, y de cercan\u00eda, que se han sumado a esta acci\u00f3n. Deber\u00e1n completar un formulario con informaci\u00f3n personal y datos de contacto.<\/p>\n\n\n\n<p>El sorteo lo realizar\u00e1 Fedecom el 25 de junio y notificar\u00e1 a los ganadores mediante correo electr\u00f3nico. En caso de que gane alg\u00fan villamariense, la C\u00e1mara de Comercio de AERCA tambi\u00e9n se comunicar\u00e1 v\u00eda WhatsApp y entregar\u00e1 un voucher para que pueda canjearlo en el comercio donde realiz\u00f3 la compra.<\/p>\n\n\n\n<p>Inscripci\u00f3n de Comercios<br>Podr\u00e1n participar de la campa\u00f1a los establecimientos que est\u00e9n asociados a AERCA llenando el siguiente formulario: https:\/\/forms.gle\/db1J3VKnSLJeQ5Vi7 o escribiendo a la C\u00e1mara de Comercio al siguiente n\u00famero: +54 9 353 4063919. Tiene tiempo hasta el 1 de junio.<\/p>\n\n\n\n<p>La presidente de la C\u00e1mara de Comercio de AERCA, Laura Varetto , se\u00f1al\u00f3 que esta campa\u00f1a impulsada por Fedecom y acompa\u00f1ada por CAME tiene por objetivo \u201casociar a todos los Centros Comerciales del pa\u00eds\u201d y, a trav\u00e9s de la federaci\u00f3n provincial, \u00abunir fuerzas en C\u00f3rdoba\u00bb.<\/p>\n\n\n\n<p>En este marco, detall\u00f3: \u201c Fedecom arma la campa\u00f1a, la define y la trasmite a todos los centros comerciales que la integramos. De esta manera, recibimos el incentivo que se va distribuir en premios y nos ayuda much\u00edsimo porque simplemente la replicamos. Esto va a ser repetido de aqu\u00ed en adelante para todas las efem\u00e9rides donde los establecimientos pueden potenciar sus ventas. Le\u00e1se d\u00eda del ni\u00f1o, d\u00eda de la madre, navidad y por supuesto, d\u00eda del padre \u201d.<\/p>\n\n\n\n<p>Y agreg\u00f3: \u201cEsta forma de trabajo es un ejemplo de c\u00f3mo los gremios, en este caso del empresariado y el comercio, debemos trabajar para optimizar los recursos que justamente entre todos los asociados logramos unificar \u201d.<\/p>\n\n\n\n<p>Y para finalizar, manifest\u00f3: \u201c Celebramos este acuerdo que hemos hecho todos los Centros Comerciales de la provincia, nucleados en Fedecom, para aunarnos y participar en conjunto de estas campa\u00f1as. En la misma sinton\u00eda, pedimos a los comercios asociados a AERCA, que acompa\u00f1en, que se sumen y que participen porque de esta manera la fuerza se va a multiplicar. Insisto esto no requiere cobro, tampoco pago de ning\u00fan tipo para el comercio \u201d.<\/p>\n","protected":false},"excerpt":{"rendered":"<p>Esta iniciativa es impulsada por la Federaci\u00f3n Comercial de C\u00f3rdoba (Fedecom) con el apoyo de la Confederaci\u00f3n Argentina de la Mediana Empresa (CAME) y la participaci\u00f3n de los Centros Comerciales adheridos. La finalidad es incentivar el consumo en establecimientos formales de Villa Mar\u00eda y las diferentes localidades cordobesas. Entre el 01 y el 16 de [&hellip;]<\/p>\n","protected":false},"author":4,"featured_media":94421,"comment_status":"open","ping_status":"open","sticky":false,"template":"","format":"standard","meta":{"site-sidebar-layout":"default","site-content-layout":"","ast-site-content-layout":"default","site-content-style":"default","site-sidebar-style":"default","ast-global-header-display":"","ast-banner-title-visibility":"","ast-main-header-display":"","ast-hfb-above-header-display":"","ast-hfb-below-header-display":"","ast-hfb-mobile-header-display":"","site-post-title":"","ast-breadcrumbs-content":"","ast-featured-img":"","footer-sml-layout":"","ast-disable-related-posts":"","theme-transparent-header-meta":"","adv-header-id-meta":"","stick-header-meta":"","header-above-stick-meta":"","header-main-stick-meta":"","header-below-stick-meta":"","astra-migrate-meta-layouts":"set","ast-page-background-enabled":"default","ast-page-background-meta":{"desktop":{"background-color":"","background-image":"","background-repeat":"repeat","background-position":"center center","background-size":"auto","background-attachment":"scroll","background-type":"","background-media":"","overlay-type":"","overlay-color":"","overlay-opacity":"","overlay-gradient":""},"tablet":{"background-color":"","background-image":"","background-repeat":"repeat","background-position":"center center","background-size":"auto","background-attachment":"scroll","background-type":"","background-media":"","overlay-type":"","overlay-color":"","overlay-opacity":"","overlay-gradient":""},"mobile":{"background-color":"","background-image":"","background-repeat":"repeat","background-position":"center center","background-size":"auto","background-attachment":"scroll","background-type":"","background-media":"","overlay-type":"","overlay-color":"","overlay-opacity":"","overlay-gradient":""}},"ast-content-background-meta":{"desktop":{"background-color":"var(--ast-global-color-5)","background-image":"","background-repeat":"repeat","background-position":"center center","background-size":"auto","background-attachment":"scroll","background-type":"","background-media":"","overlay-type":"","overlay-color":"","overlay-opacity":"","overlay-gradient":""},"tablet":{"background-color":"var(--ast-global-color-5)","background-image":"","background-repeat":"repeat","background-position":"center center","background-size":"auto","background-attachment":"scroll","background-type":"","background-media":"","overlay-type":"","overlay-color":"","overlay-opacity":"","overlay-gradient":""},"mobile":{"background-color":"var(--ast-global-color-5)","background-image":"","background-repeat":"repeat","background-position":"center center","background-size":"auto","background-attachment":"scroll","background-type":"","background-media":"","overlay-type":"","overlay-color":"","overlay-opacity":"","overlay-gradient":""}},"_jetpack_memberships_contains_paid_content":false,"_joinchat":[],"footnotes":""},"categories":[15302,5,2],"tags":[],"class_list":["post-94420","post","type-post","status-publish","format-standard","has-post-thumbnail","hentry","category-destacado","category-sociedad","category-villa-maria"],"yoast_head":"<!-- This site is optimized with the Yoast SEO plugin v26.8 - https:\/\/yoast.com\/product\/yoast-seo-wordpress\/ -->\n<title>AERCA presenta la campa\u00f1a provincial &quot;Para Pap\u00e1, elijo el comercio local&quot; - El Regional<\/title>\n<meta name=\"robots\" content=\"index, follow, max-snippet:-1, max-image-preview:large, max-video-preview:-1\" \/>\n<link rel=\"canonical\" href=\"https:\/\/elregionalvm.com.ar\/noticias-villa-maria\/aerca-presenta-la-campana-provincial-para-papa-elijo-el-comercio-local\/\" \/>\n<meta property=\"og:locale\" content=\"es_ES\" \/>\n<meta property=\"og:type\" content=\"article\" \/>\n<meta property=\"og:title\" content=\"AERCA presenta la campa\u00f1a provincial &quot;Para Pap\u00e1, elijo el comercio local&quot; - El Regional\" \/>\n<meta property=\"og:description\" content=\"Esta iniciativa es impulsada por la Federaci\u00f3n Comercial de C\u00f3rdoba (Fedecom) con el apoyo de la Confederaci\u00f3n Argentina de la Mediana Empresa (CAME) y la participaci\u00f3n de los Centros Comerciales adheridos. La finalidad es incentivar el consumo en establecimientos formales de Villa Mar\u00eda y las diferentes localidades cordobesas. Entre el 01 y el 16 de [&hellip;]\" \/>\n<meta property=\"og:url\" content=\"https:\/\/elregionalvm.com.ar\/noticias-villa-maria\/aerca-presenta-la-campana-provincial-para-papa-elijo-el-comercio-local\/\" \/>\n<meta property=\"og:site_name\" content=\"El Regional\" \/>\n<meta property=\"article:publisher\" content=\"https:\/\/www.facebook.com\/elregionalvm\" \/>\n<meta property=\"article:published_time\" content=\"2024-05-28T22:22:17+00:00\" \/>\n<meta property=\"article:modified_time\" content=\"2024-05-28T22:22:19+00:00\" \/>\n<meta property=\"og:image\" content=\"https:\/\/elregionalvm.com.ar\/noticias-villa-maria\/wp-content\/uploads\/2024\/05\/WhatsApp-Image-2024-05-28-at-7.10.17-PM.jpeg\" \/>\n\t<meta property=\"og:image:width\" content=\"1080\" \/>\n\t<meta property=\"og:image:height\" content=\"1080\" \/>\n\t<meta property=\"og:image:type\" content=\"image\/jpeg\" \/>\n<meta name=\"author\" content=\"Contenidos El Regional\" \/>\n<meta name=\"twitter:card\" content=\"summary_large_image\" \/>\n<meta name=\"twitter:creator\" content=\"@elregionalvm1\" \/>\n<meta name=\"twitter:site\" content=\"@elregionalvm1\" \/>\n<meta name=\"twitter:label1\" content=\"Escrito por\" \/>\n\t<meta name=\"twitter:data1\" content=\"Contenidos El Regional\" \/>\n\t<meta name=\"twitter:label2\" content=\"Tiempo de lectura\" \/>\n\t<meta name=\"twitter:data2\" content=\"3 minutos\" \/>\n<script type=\"application\/ld+json\" class=\"yoast-schema-graph\">{\"@context\":\"https:\/\/schema.org\",\"@graph\":[{\"@type\":\"Article\",\"@id\":\"https:\/\/elregionalvm.com.ar\/noticias-villa-maria\/aerca-presenta-la-campana-provincial-para-papa-elijo-el-comercio-local\/#article\",\"isPartOf\":{\"@id\":\"https:\/\/elregionalvm.com.ar\/noticias-villa-maria\/aerca-presenta-la-campana-provincial-para-papa-elijo-el-comercio-local\/\"},\"author\":{\"name\":\"Contenidos El Regional\",\"@id\":\"http:\/\/elregionalvm.com.ar\/noticias-villa-maria\/#\/schema\/person\/a0fb9c422317faca23d50163151bc354\"},\"headline\":\"AERCA presenta la campa\u00f1a provincial \u00abPara Pap\u00e1, elijo el comercio local\u00bb\",\"datePublished\":\"2024-05-28T22:22:17+00:00\",\"dateModified\":\"2024-05-28T22:22:19+00:00\",\"mainEntityOfPage\":{\"@id\":\"https:\/\/elregionalvm.com.ar\/noticias-villa-maria\/aerca-presenta-la-campana-provincial-para-papa-elijo-el-comercio-local\/\"},\"wordCount\":512,\"commentCount\":0,\"image\":{\"@id\":\"https:\/\/elregionalvm.com.ar\/noticias-villa-maria\/aerca-presenta-la-campana-provincial-para-papa-elijo-el-comercio-local\/#primaryimage\"},\"thumbnailUrl\":\"https:\/\/i0.wp.com\/elregionalvm.com.ar\/noticias-villa-maria\/wp-content\/uploads\/2024\/05\/WhatsApp-Image-2024-05-28-at-7.10.17-PM.jpeg?fit=1080%2C1080&ssl=1\",\"articleSection\":[\"destacado\",\"Sociedad\",\"Villa Mar\u00eda\"],\"inLanguage\":\"es\",\"potentialAction\":[{\"@type\":\"CommentAction\",\"name\":\"Comment\",\"target\":[\"https:\/\/elregionalvm.com.ar\/noticias-villa-maria\/aerca-presenta-la-campana-provincial-para-papa-elijo-el-comercio-local\/#respond\"]}]},{\"@type\":\"WebPage\",\"@id\":\"https:\/\/elregionalvm.com.ar\/noticias-villa-maria\/aerca-presenta-la-campana-provincial-para-papa-elijo-el-comercio-local\/\",\"url\":\"https:\/\/elregionalvm.com.ar\/noticias-villa-maria\/aerca-presenta-la-campana-provincial-para-papa-elijo-el-comercio-local\/\",\"name\":\"AERCA presenta la campa\u00f1a provincial \\\"Para Pap\u00e1, elijo el comercio local\\\" - El Regional\",\"isPartOf\":{\"@id\":\"http:\/\/elregionalvm.com.ar\/noticias-villa-maria\/#website\"},\"primaryImageOfPage\":{\"@id\":\"https:\/\/elregionalvm.com.ar\/noticias-villa-maria\/aerca-presenta-la-campana-provincial-para-papa-elijo-el-comercio-local\/#primaryimage\"},\"image\":{\"@id\":\"https:\/\/elregionalvm.com.ar\/noticias-villa-maria\/aerca-presenta-la-campana-provincial-para-papa-elijo-el-comercio-local\/#primaryimage\"},\"thumbnailUrl\":\"https:\/\/i0.wp.com\/elregionalvm.com.ar\/noticias-villa-maria\/wp-content\/uploads\/2024\/05\/WhatsApp-Image-2024-05-28-at-7.10.17-PM.jpeg?fit=1080%2C1080&ssl=1\",\"datePublished\":\"2024-05-28T22:22:17+00:00\",\"dateModified\":\"2024-05-28T22:22:19+00:00\",\"author\":{\"@id\":\"http:\/\/elregionalvm.com.ar\/noticias-villa-maria\/#\/schema\/person\/a0fb9c422317faca23d50163151bc354\"},\"breadcrumb\":{\"@id\":\"https:\/\/elregionalvm.com.ar\/noticias-villa-maria\/aerca-presenta-la-campana-provincial-para-papa-elijo-el-comercio-local\/#breadcrumb\"},\"inLanguage\":\"es\",\"potentialAction\":[{\"@type\":\"ReadAction\",\"target\":[\"https:\/\/elregionalvm.com.ar\/noticias-villa-maria\/aerca-presenta-la-campana-provincial-para-papa-elijo-el-comercio-local\/\"]}]},{\"@type\":\"ImageObject\",\"inLanguage\":\"es\",\"@id\":\"https:\/\/elregionalvm.com.ar\/noticias-villa-maria\/aerca-presenta-la-campana-provincial-para-papa-elijo-el-comercio-local\/#primaryimage\",\"url\":\"https:\/\/i0.wp.com\/elregionalvm.com.ar\/noticias-villa-maria\/wp-content\/uploads\/2024\/05\/WhatsApp-Image-2024-05-28-at-7.10.17-PM.jpeg?fit=1080%2C1080&ssl=1\",\"contentUrl\":\"https:\/\/i0.wp.com\/elregionalvm.com.ar\/noticias-villa-maria\/wp-content\/uploads\/2024\/05\/WhatsApp-Image-2024-05-28-at-7.10.17-PM.jpeg?fit=1080%2C1080&ssl=1\",\"width\":1080,\"height\":1080},{\"@type\":\"BreadcrumbList\",\"@id\":\"https:\/\/elregionalvm.com.ar\/noticias-villa-maria\/aerca-presenta-la-campana-provincial-para-papa-elijo-el-comercio-local\/#breadcrumb\",\"itemListElement\":[{\"@type\":\"ListItem\",\"position\":1,\"name\":\"Portada\",\"item\":\"https:\/\/elregionalvm.com.ar\/noticias-villa-maria\/\"},{\"@type\":\"ListItem\",\"position\":2,\"name\":\"AERCA presenta la campa\u00f1a provincial \u00abPara Pap\u00e1, elijo el comercio local\u00bb\"}]},{\"@type\":\"WebSite\",\"@id\":\"http:\/\/elregionalvm.com.ar\/noticias-villa-maria\/#website\",\"url\":\"http:\/\/elregionalvm.com.ar\/noticias-villa-maria\/\",\"name\":\"El Regional\",\"description\":\"Mucho m\u00e1s que informaci\u00f3n\",\"potentialAction\":[{\"@type\":\"SearchAction\",\"target\":{\"@type\":\"EntryPoint\",\"urlTemplate\":\"http:\/\/elregionalvm.com.ar\/noticias-villa-maria\/?s={search_term_string}\"},\"query-input\":{\"@type\":\"PropertyValueSpecification\",\"valueRequired\":true,\"valueName\":\"search_term_string\"}}],\"inLanguage\":\"es\"},{\"@type\":\"Person\",\"@id\":\"http:\/\/elregionalvm.com.ar\/noticias-villa-maria\/#\/schema\/person\/a0fb9c422317faca23d50163151bc354\",\"name\":\"Contenidos El Regional\",\"image\":{\"@type\":\"ImageObject\",\"inLanguage\":\"es\",\"@id\":\"http:\/\/elregionalvm.com.ar\/noticias-villa-maria\/#\/schema\/person\/image\/\",\"url\":\"https:\/\/secure.gravatar.com\/avatar\/265b27cb2209af7bb3a1318f03305787d7981a5cc6e6cd08fe5a4ecdf99d4b48?s=96&d=mm&r=g\",\"contentUrl\":\"https:\/\/secure.gravatar.com\/avatar\/265b27cb2209af7bb3a1318f03305787d7981a5cc6e6cd08fe5a4ecdf99d4b48?s=96&d=mm&r=g\",\"caption\":\"Contenidos El Regional\"},\"url\":\"https:\/\/elregionalvm.com.ar\/noticias-villa-maria\/author\/contenido\/\"}]}<\/script>\n<!-- \/ Yoast SEO plugin. -->","yoast_head_json":{"title":"AERCA presenta la campa\u00f1a provincial \"Para Pap\u00e1, elijo el comercio local\" - El Regional","robots":{"index":"index","follow":"follow","max-snippet":"max-snippet:-1","max-image-preview":"max-image-preview:large","max-video-preview":"max-video-preview:-1"},"canonical":"https:\/\/elregionalvm.com.ar\/noticias-villa-maria\/aerca-presenta-la-campana-provincial-para-papa-elijo-el-comercio-local\/","og_locale":"es_ES","og_type":"article","og_title":"AERCA presenta la campa\u00f1a provincial \"Para Pap\u00e1, elijo el comercio local\" - El Regional","og_description":"Esta iniciativa es impulsada por la Federaci\u00f3n Comercial de C\u00f3rdoba (Fedecom) con el apoyo de la Confederaci\u00f3n Argentina de la Mediana Empresa (CAME) y la participaci\u00f3n de los Centros Comerciales adheridos. La finalidad es incentivar el consumo en establecimientos formales de Villa Mar\u00eda y las diferentes localidades cordobesas. Entre el 01 y el 16 de [&hellip;]","og_url":"https:\/\/elregionalvm.com.ar\/noticias-villa-maria\/aerca-presenta-la-campana-provincial-para-papa-elijo-el-comercio-local\/","og_site_name":"El Regional","article_publisher":"https:\/\/www.facebook.com\/elregionalvm","article_published_time":"2024-05-28T22:22:17+00:00","article_modified_time":"2024-05-28T22:22:19+00:00","og_image":[{"width":1080,"height":1080,"url":"https:\/\/elregionalvm.com.ar\/noticias-villa-maria\/wp-content\/uploads\/2024\/05\/WhatsApp-Image-2024-05-28-at-7.10.17-PM.jpeg","type":"image\/jpeg"}],"author":"Contenidos El Regional","twitter_card":"summary_large_image","twitter_creator":"@elregionalvm1","twitter_site":"@elregionalvm1","twitter_misc":{"Escrito por":"Contenidos El Regional","Tiempo de lectura":"3 minutos"},"schema":{"@context":"https:\/\/schema.org","@graph":[{"@type":"Article","@id":"https:\/\/elregionalvm.com.ar\/noticias-villa-maria\/aerca-presenta-la-campana-provincial-para-papa-elijo-el-comercio-local\/#article","isPartOf":{"@id":"https:\/\/elregionalvm.com.ar\/noticias-villa-maria\/aerca-presenta-la-campana-provincial-para-papa-elijo-el-comercio-local\/"},"author":{"name":"Contenidos El Regional","@id":"http:\/\/elregionalvm.com.ar\/noticias-villa-maria\/#\/schema\/person\/a0fb9c422317faca23d50163151bc354"},"headline":"AERCA presenta la campa\u00f1a provincial \u00abPara Pap\u00e1, elijo el comercio local\u00bb","datePublished":"2024-05-28T22:22:17+00:00","dateModified":"2024-05-28T22:22:19+00:00","mainEntityOfPage":{"@id":"https:\/\/elregionalvm.com.ar\/noticias-villa-maria\/aerca-presenta-la-campana-provincial-para-papa-elijo-el-comercio-local\/"},"wordCount":512,"commentCount":0,"image":{"@id":"https:\/\/elregionalvm.com.ar\/noticias-villa-maria\/aerca-presenta-la-campana-provincial-para-papa-elijo-el-comercio-local\/#primaryimage"},"thumbnailUrl":"https:\/\/i0.wp.com\/elregionalvm.com.ar\/noticias-villa-maria\/wp-content\/uploads\/2024\/05\/WhatsApp-Image-2024-05-28-at-7.10.17-PM.jpeg?fit=1080%2C1080&ssl=1","articleSection":["destacado","Sociedad","Villa Mar\u00eda"],"inLanguage":"es","potentialAction":[{"@type":"CommentAction","name":"Comment","target":["https:\/\/elregionalvm.com.ar\/noticias-villa-maria\/aerca-presenta-la-campana-provincial-para-papa-elijo-el-comercio-local\/#respond"]}]},{"@type":"WebPage","@id":"https:\/\/elregionalvm.com.ar\/noticias-villa-maria\/aerca-presenta-la-campana-provincial-para-papa-elijo-el-comercio-local\/","url":"https:\/\/elregionalvm.com.ar\/noticias-villa-maria\/aerca-presenta-la-campana-provincial-para-papa-elijo-el-comercio-local\/","name":"AERCA presenta la campa\u00f1a provincial \"Para Pap\u00e1, elijo el comercio local\" - El Regional","isPartOf":{"@id":"http:\/\/elregionalvm.com.ar\/noticias-villa-maria\/#website"},"primaryImageOfPage":{"@id":"https:\/\/elregionalvm.com.ar\/noticias-villa-maria\/aerca-presenta-la-campana-provincial-para-papa-elijo-el-comercio-local\/#primaryimage"},"image":{"@id":"https:\/\/elregionalvm.com.ar\/noticias-villa-maria\/aerca-presenta-la-campana-provincial-para-papa-elijo-el-comercio-local\/#primaryimage"},"thumbnailUrl":"https:\/\/i0.wp.com\/elregionalvm.com.ar\/noticias-villa-maria\/wp-content\/uploads\/2024\/05\/WhatsApp-Image-2024-05-28-at-7.10.17-PM.jpeg?fit=1080%2C1080&ssl=1","datePublished":"2024-05-28T22:22:17+00:00","dateModified":"2024-05-28T22:22:19+00:00","author":{"@id":"http:\/\/elregionalvm.com.ar\/noticias-villa-maria\/#\/schema\/person\/a0fb9c422317faca23d50163151bc354"},"breadcrumb":{"@id":"https:\/\/elregionalvm.com.ar\/noticias-villa-maria\/aerca-presenta-la-campana-provincial-para-papa-elijo-el-comercio-local\/#breadcrumb"},"inLanguage":"es","potentialAction":[{"@type":"ReadAction","target":["https:\/\/elregionalvm.com.ar\/noticias-villa-maria\/aerca-presenta-la-campana-provincial-para-papa-elijo-el-comercio-local\/"]}]},{"@type":"ImageObject","inLanguage":"es","@id":"https:\/\/elregionalvm.com.ar\/noticias-villa-maria\/aerca-presenta-la-campana-provincial-para-papa-elijo-el-comercio-local\/#primaryimage","url":"https:\/\/i0.wp.com\/elregionalvm.com.ar\/noticias-villa-maria\/wp-content\/uploads\/2024\/05\/WhatsApp-Image-2024-05-28-at-7.10.17-PM.jpeg?fit=1080%2C1080&ssl=1","contentUrl":"https:\/\/i0.wp.com\/elregionalvm.com.ar\/noticias-villa-maria\/wp-content\/uploads\/2024\/05\/WhatsApp-Image-2024-05-28-at-7.10.17-PM.jpeg?fit=1080%2C1080&ssl=1","width":1080,"height":1080},{"@type":"BreadcrumbList","@id":"https:\/\/elregionalvm.com.ar\/noticias-villa-maria\/aerca-presenta-la-campana-provincial-para-papa-elijo-el-comercio-local\/#breadcrumb","itemListElement":[{"@type":"ListItem","position":1,"name":"Portada","item":"https:\/\/elregionalvm.com.ar\/noticias-villa-maria\/"},{"@type":"ListItem","position":2,"name":"AERCA presenta la campa\u00f1a provincial \u00abPara Pap\u00e1, elijo el comercio local\u00bb"}]},{"@type":"WebSite","@id":"http:\/\/elregionalvm.com.ar\/noticias-villa-maria\/#website","url":"http:\/\/elregionalvm.com.ar\/noticias-villa-maria\/","name":"El Regional","description":"Mucho m\u00e1s que informaci\u00f3n","potentialAction":[{"@type":"SearchAction","target":{"@type":"EntryPoint","urlTemplate":"http:\/\/elregionalvm.com.ar\/noticias-villa-maria\/?s={search_term_string}"},"query-input":{"@type":"PropertyValueSpecification","valueRequired":true,"valueName":"search_term_string"}}],"inLanguage":"es"},{"@type":"Person","@id":"http:\/\/elregionalvm.com.ar\/noticias-villa-maria\/#\/schema\/person\/a0fb9c422317faca23d50163151bc354","name":"Contenidos El Regional","image":{"@type":"ImageObject","inLanguage":"es","@id":"http:\/\/elregionalvm.com.ar\/noticias-villa-maria\/#\/schema\/person\/image\/","url":"https:\/\/secure.gravatar.com\/avatar\/265b27cb2209af7bb3a1318f03305787d7981a5cc6e6cd08fe5a4ecdf99d4b48?s=96&d=mm&r=g","contentUrl":"https:\/\/secure.gravatar.com\/avatar\/265b27cb2209af7bb3a1318f03305787d7981a5cc6e6cd08fe5a4ecdf99d4b48?s=96&d=mm&r=g","caption":"Contenidos El Regional"},"url":"https:\/\/elregionalvm.com.ar\/noticias-villa-maria\/author\/contenido\/"}]}},"jetpack_featured_media_url":"https:\/\/i0.wp.com\/elregionalvm.com.ar\/noticias-villa-maria\/wp-content\/uploads\/2024\/05\/WhatsApp-Image-2024-05-28-at-7.10.17-PM.jpeg?fit=1080%2C1080&ssl=1","jetpack_sharing_enabled":true,"_links":{"self":[{"href":"https:\/\/elregionalvm.com.ar\/noticias-villa-maria\/wp-json\/wp\/v2\/posts\/94420","targetHints":{"allow":["GET"]}}],"collection":[{"href":"https:\/\/elregionalvm.com.ar\/noticias-villa-maria\/wp-json\/wp\/v2\/posts"}],"about":[{"href":"https:\/\/elregionalvm.com.ar\/noticias-villa-maria\/wp-json\/wp\/v2\/types\/post"}],"author":[{"embeddable":true,"href":"https:\/\/elregionalvm.com.ar\/noticias-villa-maria\/wp-json\/wp\/v2\/users\/4"}],"replies":[{"embeddable":true,"href":"https:\/\/elregionalvm.com.ar\/noticias-villa-maria\/wp-json\/wp\/v2\/comments?post=94420"}],"version-history":[{"count":1,"href":"https:\/\/elregionalvm.com.ar\/noticias-villa-maria\/wp-json\/wp\/v2\/posts\/94420\/revisions"}],"predecessor-version":[{"id":94422,"href":"https:\/\/elregionalvm.com.ar\/noticias-villa-maria\/wp-json\/wp\/v2\/posts\/94420\/revisions\/94422"}],"wp:featuredmedia":[{"embeddable":true,"href":"https:\/\/elregionalvm.com.ar\/noticias-villa-maria\/wp-json\/wp\/v2\/media\/94421"}],"wp:attachment":[{"href":"https:\/\/elregionalvm.com.ar\/noticias-villa-maria\/wp-json\/wp\/v2\/media?parent=94420"}],"wp:term":[{"taxonomy":"category","embeddable":true,"href":"https:\/\/elregionalvm.com.ar\/noticias-villa-maria\/wp-json\/wp\/v2\/categories?post=94420"},{"taxonomy":"post_tag","embeddable":true,"href":"https:\/\/elregionalvm.com.ar\/noticias-villa-maria\/wp-json\/wp\/v2\/tags?post=94420"}],"curies":[{"name":"wp","href":"https:\/\/api.w.org\/{rel}","templated":true}]}}