{"id":94435,"date":"2024-05-28T22:50:03","date_gmt":"2024-05-28T22:50:03","guid":{"rendered":"https:\/\/elregionalvm.com.ar\/noticias-villa-maria\/?p=94435"},"modified":"2024-05-28T22:50:04","modified_gmt":"2024-05-28T22:50:04","slug":"en-villa-nueva-hubo-vacunacion-y-fichas-medicas-para-ninos-de-las-salas-cuna","status":"publish","type":"post","link":"https:\/\/elregionalvm.com.ar\/noticias-villa-maria\/en-villa-nueva-hubo-vacunacion-y-fichas-medicas-para-ninos-de-las-salas-cuna\/","title":{"rendered":"En Villa Nueva hubo vacunaci\u00f3n y fichas m\u00e9dicas para ni\u00f1os de las salas cuna"},"content":{"rendered":"\n<p>La Municipalidad de Villa Nueva informa a la comunidad que se encuentra en marcha el programa de fichas m\u00e9dicas y control de vacunas en diferentes salas cunas y establecimientos educativos y de salud de nuestra ciudad, para completar el Certificado \u00danico de Salud (CUS) que todas las instituciones solicitan.<\/p>\n\n\n\n<figure class=\"wp-block-image size-large\"><img data-recalc-dims=\"1\" fetchpriority=\"high\" decoding=\"async\" width=\"771\" height=\"1024\" src=\"https:\/\/i0.wp.com\/elregionalvm.com.ar\/noticias-villa-maria\/wp-content\/uploads\/2024\/05\/WhatsApp-Image-2024-05-28-at-2.03.34-PM.jpeg?resize=771%2C1024&#038;ssl=1\" alt=\"\" class=\"wp-image-94437\" srcset=\"https:\/\/i0.wp.com\/elregionalvm.com.ar\/noticias-villa-maria\/wp-content\/uploads\/2024\/05\/WhatsApp-Image-2024-05-28-at-2.03.34-PM.jpeg?resize=771%2C1024&amp;ssl=1 771w, https:\/\/i0.wp.com\/elregionalvm.com.ar\/noticias-villa-maria\/wp-content\/uploads\/2024\/05\/WhatsApp-Image-2024-05-28-at-2.03.34-PM.jpeg?resize=226%2C300&amp;ssl=1 226w, https:\/\/i0.wp.com\/elregionalvm.com.ar\/noticias-villa-maria\/wp-content\/uploads\/2024\/05\/WhatsApp-Image-2024-05-28-at-2.03.34-PM.jpeg?resize=768%2C1021&amp;ssl=1 768w, https:\/\/i0.wp.com\/elregionalvm.com.ar\/noticias-villa-maria\/wp-content\/uploads\/2024\/05\/WhatsApp-Image-2024-05-28-at-2.03.34-PM.jpeg?resize=1156%2C1536&amp;ssl=1 1156w, https:\/\/i0.wp.com\/elregionalvm.com.ar\/noticias-villa-maria\/wp-content\/uploads\/2024\/05\/WhatsApp-Image-2024-05-28-at-2.03.34-PM.jpeg?w=1204&amp;ssl=1 1204w\" sizes=\"(max-width: 771px) 100vw, 771px\" \/><\/figure>\n\n\n\n<p>En ese sentido, a trav\u00e9s de la Secretar\u00eda de Salud y Desarrollo Social se informa que se esta cubriendo la demanda de los chequeos y controles infantiles se realizan en el Centro de Fortalecimiento Arturo Illia (Dean Funes esquina 25 de Mayo), como as\u00ed tambi\u00e9n en la Sala Cuna P\u00e1ez Molina ubicada en calle Independencia entre Comercio y C\u00f3rdoba.<\/p>\n\n\n\n<figure class=\"wp-block-image size-large\"><img data-recalc-dims=\"1\" decoding=\"async\" width=\"771\" height=\"1024\" src=\"https:\/\/i0.wp.com\/elregionalvm.com.ar\/noticias-villa-maria\/wp-content\/uploads\/2024\/05\/WhatsApp-Image-2024-05-28-at-2.03.35-PM.jpeg?resize=771%2C1024&#038;ssl=1\" alt=\"\" class=\"wp-image-94436\" srcset=\"https:\/\/i0.wp.com\/elregionalvm.com.ar\/noticias-villa-maria\/wp-content\/uploads\/2024\/05\/WhatsApp-Image-2024-05-28-at-2.03.35-PM.jpeg?resize=771%2C1024&amp;ssl=1 771w, https:\/\/i0.wp.com\/elregionalvm.com.ar\/noticias-villa-maria\/wp-content\/uploads\/2024\/05\/WhatsApp-Image-2024-05-28-at-2.03.35-PM.jpeg?resize=226%2C300&amp;ssl=1 226w, https:\/\/i0.wp.com\/elregionalvm.com.ar\/noticias-villa-maria\/wp-content\/uploads\/2024\/05\/WhatsApp-Image-2024-05-28-at-2.03.35-PM.jpeg?resize=768%2C1021&amp;ssl=1 768w, https:\/\/i0.wp.com\/elregionalvm.com.ar\/noticias-villa-maria\/wp-content\/uploads\/2024\/05\/WhatsApp-Image-2024-05-28-at-2.03.35-PM.jpeg?resize=1156%2C1536&amp;ssl=1 1156w, https:\/\/i0.wp.com\/elregionalvm.com.ar\/noticias-villa-maria\/wp-content\/uploads\/2024\/05\/WhatsApp-Image-2024-05-28-at-2.03.35-PM.jpeg?w=1204&amp;ssl=1 1204w\" sizes=\"(max-width: 771px) 100vw, 771px\" \/><\/figure>\n\n\n\n<p>Vale aclarar que este programa busca garantizar la salud y la educaci\u00f3n de toda la poblaci\u00f3n infantil.<\/p>\n","protected":false},"excerpt":{"rendered":"<p>La Municipalidad de Villa Nueva informa a la comunidad que se encuentra en marcha el programa de fichas m\u00e9dicas y control de vacunas en diferentes salas cunas y establecimientos educativos y de salud de nuestra ciudad, para completar el Certificado \u00danico de Salud (CUS) que todas las instituciones solicitan. En ese sentido, a trav\u00e9s de [&hellip;]<\/p>\n","protected":false},"author":4,"featured_media":94438,"comment_status":"open","ping_status":"open","sticky":false,"template":"","format":"standard","meta":{"site-sidebar-layout":"default","site-content-layout":"","ast-site-content-layout":"default","site-content-style":"default","site-sidebar-style":"default","ast-global-header-display":"","ast-banner-title-visibility":"","ast-main-header-display":"","ast-hfb-above-header-display":"","ast-hfb-below-header-display":"","ast-hfb-mobile-header-display":"","site-post-title":"","ast-breadcrumbs-content":"","ast-featured-img":"","footer-sml-layout":"","ast-disable-related-posts":"","theme-transparent-header-meta":"","adv-header-id-meta":"","stick-header-meta":"","header-above-stick-meta":"","header-main-stick-meta":"","header-below-stick-meta":"","astra-migrate-meta-layouts":"set","ast-page-background-enabled":"default","ast-page-background-meta":{"desktop":{"background-color":"","background-image":"","background-repeat":"repeat","background-position":"center center","background-size":"auto","background-attachment":"scroll","background-type":"","background-media":"","overlay-type":"","overlay-color":"","overlay-opacity":"","overlay-gradient":""},"tablet":{"background-color":"","background-image":"","background-repeat":"repeat","background-position":"center center","background-size":"auto","background-attachment":"scroll","background-type":"","background-media":"","overlay-type":"","overlay-color":"","overlay-opacity":"","overlay-gradient":""},"mobile":{"background-color":"","background-image":"","background-repeat":"repeat","background-position":"center center","background-size":"auto","background-attachment":"scroll","background-type":"","background-media":"","overlay-type":"","overlay-color":"","overlay-opacity":"","overlay-gradient":""}},"ast-content-background-meta":{"desktop":{"background-color":"var(--ast-global-color-5)","background-image":"","background-repeat":"repeat","background-position":"center center","background-size":"auto","background-attachment":"scroll","background-type":"","background-media":"","overlay-type":"","overlay-color":"","overlay-opacity":"","overlay-gradient":""},"tablet":{"background-color":"var(--ast-global-color-5)","background-image":"","background-repeat":"repeat","background-position":"center center","background-size":"auto","background-attachment":"scroll","background-type":"","background-media":"","overlay-type":"","overlay-color":"","overlay-opacity":"","overlay-gradient":""},"mobile":{"background-color":"var(--ast-global-color-5)","background-image":"","background-repeat":"repeat","background-position":"center center","background-size":"auto","background-attachment":"scroll","background-type":"","background-media":"","overlay-type":"","overlay-color":"","overlay-opacity":"","overlay-gradient":""}},"_jetpack_memberships_contains_paid_content":false,"_joinchat":[],"footnotes":""},"categories":[15302,5,1408],"tags":[],"class_list":["post-94435","post","type-post","status-publish","format-standard","has-post-thumbnail","hentry","category-destacado","category-sociedad","category-villa-nueva"],"yoast_head":"<!-- This site is optimized with the Yoast SEO plugin v26.8 - https:\/\/yoast.com\/product\/yoast-seo-wordpress\/ -->\n<title>En Villa Nueva hubo vacunaci\u00f3n y fichas m\u00e9dicas para ni\u00f1os de las salas cuna - El Regional<\/title>\n<meta name=\"robots\" content=\"index, follow, max-snippet:-1, max-image-preview:large, max-video-preview:-1\" \/>\n<link rel=\"canonical\" href=\"https:\/\/elregionalvm.com.ar\/noticias-villa-maria\/en-villa-nueva-hubo-vacunacion-y-fichas-medicas-para-ninos-de-las-salas-cuna\/\" \/>\n<meta property=\"og:locale\" content=\"es_ES\" \/>\n<meta property=\"og:type\" content=\"article\" \/>\n<meta property=\"og:title\" content=\"En Villa Nueva hubo vacunaci\u00f3n y fichas m\u00e9dicas para ni\u00f1os de las salas cuna - El Regional\" \/>\n<meta property=\"og:description\" content=\"La Municipalidad de Villa Nueva informa a la comunidad que se encuentra en marcha el programa de fichas m\u00e9dicas y control de vacunas en diferentes salas cunas y establecimientos educativos y de salud de nuestra ciudad, para completar el Certificado \u00danico de Salud (CUS) que todas las instituciones solicitan. En ese sentido, a trav\u00e9s de [&hellip;]\" \/>\n<meta property=\"og:url\" content=\"https:\/\/elregionalvm.com.ar\/noticias-villa-maria\/en-villa-nueva-hubo-vacunacion-y-fichas-medicas-para-ninos-de-las-salas-cuna\/\" \/>\n<meta property=\"og:site_name\" content=\"El Regional\" \/>\n<meta property=\"article:publisher\" content=\"https:\/\/www.facebook.com\/elregionalvm\" \/>\n<meta property=\"article:published_time\" content=\"2024-05-28T22:50:03+00:00\" \/>\n<meta property=\"article:modified_time\" content=\"2024-05-28T22:50:04+00:00\" \/>\n<meta property=\"og:image\" content=\"https:\/\/elregionalvm.com.ar\/noticias-villa-maria\/wp-content\/uploads\/2024\/05\/WhatsApp-Image-2024-05-28-at-2.03.33-PM.jpeg\" \/>\n\t<meta property=\"og:image:width\" content=\"1600\" \/>\n\t<meta property=\"og:image:height\" content=\"1204\" \/>\n\t<meta property=\"og:image:type\" content=\"image\/jpeg\" \/>\n<meta name=\"author\" content=\"Contenidos El Regional\" \/>\n<meta name=\"twitter:card\" content=\"summary_large_image\" \/>\n<meta name=\"twitter:creator\" content=\"@elregionalvm1\" \/>\n<meta name=\"twitter:site\" content=\"@elregionalvm1\" \/>\n<meta name=\"twitter:label1\" content=\"Escrito por\" \/>\n\t<meta name=\"twitter:data1\" content=\"Contenidos El Regional\" \/>\n\t<meta name=\"twitter:label2\" content=\"Tiempo de lectura\" \/>\n\t<meta name=\"twitter:data2\" content=\"2 minutos\" \/>\n<script type=\"application\/ld+json\" class=\"yoast-schema-graph\">{\"@context\":\"https:\/\/schema.org\",\"@graph\":[{\"@type\":\"Article\",\"@id\":\"https:\/\/elregionalvm.com.ar\/noticias-villa-maria\/en-villa-nueva-hubo-vacunacion-y-fichas-medicas-para-ninos-de-las-salas-cuna\/#article\",\"isPartOf\":{\"@id\":\"https:\/\/elregionalvm.com.ar\/noticias-villa-maria\/en-villa-nueva-hubo-vacunacion-y-fichas-medicas-para-ninos-de-las-salas-cuna\/\"},\"author\":{\"name\":\"Contenidos El Regional\",\"@id\":\"http:\/\/elregionalvm.com.ar\/noticias-villa-maria\/#\/schema\/person\/a0fb9c422317faca23d50163151bc354\"},\"headline\":\"En Villa Nueva hubo vacunaci\u00f3n y fichas m\u00e9dicas para ni\u00f1os de las salas cuna\",\"datePublished\":\"2024-05-28T22:50:03+00:00\",\"dateModified\":\"2024-05-28T22:50:04+00:00\",\"mainEntityOfPage\":{\"@id\":\"https:\/\/elregionalvm.com.ar\/noticias-villa-maria\/en-villa-nueva-hubo-vacunacion-y-fichas-medicas-para-ninos-de-las-salas-cuna\/\"},\"wordCount\":149,\"commentCount\":0,\"image\":{\"@id\":\"https:\/\/elregionalvm.com.ar\/noticias-villa-maria\/en-villa-nueva-hubo-vacunacion-y-fichas-medicas-para-ninos-de-las-salas-cuna\/#primaryimage\"},\"thumbnailUrl\":\"https:\/\/i0.wp.com\/elregionalvm.com.ar\/noticias-villa-maria\/wp-content\/uploads\/2024\/05\/WhatsApp-Image-2024-05-28-at-2.03.33-PM.jpeg?fit=1600%2C1204&ssl=1\",\"articleSection\":[\"destacado\",\"Sociedad\",\"Villa Nueva\"],\"inLanguage\":\"es\",\"potentialAction\":[{\"@type\":\"CommentAction\",\"name\":\"Comment\",\"target\":[\"https:\/\/elregionalvm.com.ar\/noticias-villa-maria\/en-villa-nueva-hubo-vacunacion-y-fichas-medicas-para-ninos-de-las-salas-cuna\/#respond\"]}]},{\"@type\":\"WebPage\",\"@id\":\"https:\/\/elregionalvm.com.ar\/noticias-villa-maria\/en-villa-nueva-hubo-vacunacion-y-fichas-medicas-para-ninos-de-las-salas-cuna\/\",\"url\":\"https:\/\/elregionalvm.com.ar\/noticias-villa-maria\/en-villa-nueva-hubo-vacunacion-y-fichas-medicas-para-ninos-de-las-salas-cuna\/\",\"name\":\"En Villa Nueva hubo vacunaci\u00f3n y fichas m\u00e9dicas para ni\u00f1os de las salas cuna - El Regional\",\"isPartOf\":{\"@id\":\"http:\/\/elregionalvm.com.ar\/noticias-villa-maria\/#website\"},\"primaryImageOfPage\":{\"@id\":\"https:\/\/elregionalvm.com.ar\/noticias-villa-maria\/en-villa-nueva-hubo-vacunacion-y-fichas-medicas-para-ninos-de-las-salas-cuna\/#primaryimage\"},\"image\":{\"@id\":\"https:\/\/elregionalvm.com.ar\/noticias-villa-maria\/en-villa-nueva-hubo-vacunacion-y-fichas-medicas-para-ninos-de-las-salas-cuna\/#primaryimage\"},\"thumbnailUrl\":\"https:\/\/i0.wp.com\/elregionalvm.com.ar\/noticias-villa-maria\/wp-content\/uploads\/2024\/05\/WhatsApp-Image-2024-05-28-at-2.03.33-PM.jpeg?fit=1600%2C1204&ssl=1\",\"datePublished\":\"2024-05-28T22:50:03+00:00\",\"dateModified\":\"2024-05-28T22:50:04+00:00\",\"author\":{\"@id\":\"http:\/\/elregionalvm.com.ar\/noticias-villa-maria\/#\/schema\/person\/a0fb9c422317faca23d50163151bc354\"},\"breadcrumb\":{\"@id\":\"https:\/\/elregionalvm.com.ar\/noticias-villa-maria\/en-villa-nueva-hubo-vacunacion-y-fichas-medicas-para-ninos-de-las-salas-cuna\/#breadcrumb\"},\"inLanguage\":\"es\",\"potentialAction\":[{\"@type\":\"ReadAction\",\"target\":[\"https:\/\/elregionalvm.com.ar\/noticias-villa-maria\/en-villa-nueva-hubo-vacunacion-y-fichas-medicas-para-ninos-de-las-salas-cuna\/\"]}]},{\"@type\":\"ImageObject\",\"inLanguage\":\"es\",\"@id\":\"https:\/\/elregionalvm.com.ar\/noticias-villa-maria\/en-villa-nueva-hubo-vacunacion-y-fichas-medicas-para-ninos-de-las-salas-cuna\/#primaryimage\",\"url\":\"https:\/\/i0.wp.com\/elregionalvm.com.ar\/noticias-villa-maria\/wp-content\/uploads\/2024\/05\/WhatsApp-Image-2024-05-28-at-2.03.33-PM.jpeg?fit=1600%2C1204&ssl=1\",\"contentUrl\":\"https:\/\/i0.wp.com\/elregionalvm.com.ar\/noticias-villa-maria\/wp-content\/uploads\/2024\/05\/WhatsApp-Image-2024-05-28-at-2.03.33-PM.jpeg?fit=1600%2C1204&ssl=1\",\"width\":1600,\"height\":1204},{\"@type\":\"BreadcrumbList\",\"@id\":\"https:\/\/elregionalvm.com.ar\/noticias-villa-maria\/en-villa-nueva-hubo-vacunacion-y-fichas-medicas-para-ninos-de-las-salas-cuna\/#breadcrumb\",\"itemListElement\":[{\"@type\":\"ListItem\",\"position\":1,\"name\":\"Portada\",\"item\":\"https:\/\/elregionalvm.com.ar\/noticias-villa-maria\/\"},{\"@type\":\"ListItem\",\"position\":2,\"name\":\"En Villa Nueva hubo vacunaci\u00f3n y fichas m\u00e9dicas para ni\u00f1os de las salas cuna\"}]},{\"@type\":\"WebSite\",\"@id\":\"http:\/\/elregionalvm.com.ar\/noticias-villa-maria\/#website\",\"url\":\"http:\/\/elregionalvm.com.ar\/noticias-villa-maria\/\",\"name\":\"El Regional\",\"description\":\"Mucho m\u00e1s que informaci\u00f3n\",\"potentialAction\":[{\"@type\":\"SearchAction\",\"target\":{\"@type\":\"EntryPoint\",\"urlTemplate\":\"http:\/\/elregionalvm.com.ar\/noticias-villa-maria\/?s={search_term_string}\"},\"query-input\":{\"@type\":\"PropertyValueSpecification\",\"valueRequired\":true,\"valueName\":\"search_term_string\"}}],\"inLanguage\":\"es\"},{\"@type\":\"Person\",\"@id\":\"http:\/\/elregionalvm.com.ar\/noticias-villa-maria\/#\/schema\/person\/a0fb9c422317faca23d50163151bc354\",\"name\":\"Contenidos El Regional\",\"image\":{\"@type\":\"ImageObject\",\"inLanguage\":\"es\",\"@id\":\"http:\/\/elregionalvm.com.ar\/noticias-villa-maria\/#\/schema\/person\/image\/\",\"url\":\"https:\/\/secure.gravatar.com\/avatar\/265b27cb2209af7bb3a1318f03305787d7981a5cc6e6cd08fe5a4ecdf99d4b48?s=96&d=mm&r=g\",\"contentUrl\":\"https:\/\/secure.gravatar.com\/avatar\/265b27cb2209af7bb3a1318f03305787d7981a5cc6e6cd08fe5a4ecdf99d4b48?s=96&d=mm&r=g\",\"caption\":\"Contenidos El Regional\"},\"url\":\"https:\/\/elregionalvm.com.ar\/noticias-villa-maria\/author\/contenido\/\"}]}<\/script>\n<!-- \/ Yoast SEO plugin. -->","yoast_head_json":{"title":"En Villa Nueva hubo vacunaci\u00f3n y fichas m\u00e9dicas para ni\u00f1os de las salas cuna - El Regional","robots":{"index":"index","follow":"follow","max-snippet":"max-snippet:-1","max-image-preview":"max-image-preview:large","max-video-preview":"max-video-preview:-1"},"canonical":"https:\/\/elregionalvm.com.ar\/noticias-villa-maria\/en-villa-nueva-hubo-vacunacion-y-fichas-medicas-para-ninos-de-las-salas-cuna\/","og_locale":"es_ES","og_type":"article","og_title":"En Villa Nueva hubo vacunaci\u00f3n y fichas m\u00e9dicas para ni\u00f1os de las salas cuna - El Regional","og_description":"La Municipalidad de Villa Nueva informa a la comunidad que se encuentra en marcha el programa de fichas m\u00e9dicas y control de vacunas en diferentes salas cunas y establecimientos educativos y de salud de nuestra ciudad, para completar el Certificado \u00danico de Salud (CUS) que todas las instituciones solicitan. En ese sentido, a trav\u00e9s de [&hellip;]","og_url":"https:\/\/elregionalvm.com.ar\/noticias-villa-maria\/en-villa-nueva-hubo-vacunacion-y-fichas-medicas-para-ninos-de-las-salas-cuna\/","og_site_name":"El Regional","article_publisher":"https:\/\/www.facebook.com\/elregionalvm","article_published_time":"2024-05-28T22:50:03+00:00","article_modified_time":"2024-05-28T22:50:04+00:00","og_image":[{"width":1600,"height":1204,"url":"https:\/\/elregionalvm.com.ar\/noticias-villa-maria\/wp-content\/uploads\/2024\/05\/WhatsApp-Image-2024-05-28-at-2.03.33-PM.jpeg","type":"image\/jpeg"}],"author":"Contenidos El Regional","twitter_card":"summary_large_image","twitter_creator":"@elregionalvm1","twitter_site":"@elregionalvm1","twitter_misc":{"Escrito por":"Contenidos El Regional","Tiempo de lectura":"2 minutos"},"schema":{"@context":"https:\/\/schema.org","@graph":[{"@type":"Article","@id":"https:\/\/elregionalvm.com.ar\/noticias-villa-maria\/en-villa-nueva-hubo-vacunacion-y-fichas-medicas-para-ninos-de-las-salas-cuna\/#article","isPartOf":{"@id":"https:\/\/elregionalvm.com.ar\/noticias-villa-maria\/en-villa-nueva-hubo-vacunacion-y-fichas-medicas-para-ninos-de-las-salas-cuna\/"},"author":{"name":"Contenidos El Regional","@id":"http:\/\/elregionalvm.com.ar\/noticias-villa-maria\/#\/schema\/person\/a0fb9c422317faca23d50163151bc354"},"headline":"En Villa Nueva hubo vacunaci\u00f3n y fichas m\u00e9dicas para ni\u00f1os de las salas cuna","datePublished":"2024-05-28T22:50:03+00:00","dateModified":"2024-05-28T22:50:04+00:00","mainEntityOfPage":{"@id":"https:\/\/elregionalvm.com.ar\/noticias-villa-maria\/en-villa-nueva-hubo-vacunacion-y-fichas-medicas-para-ninos-de-las-salas-cuna\/"},"wordCount":149,"commentCount":0,"image":{"@id":"https:\/\/elregionalvm.com.ar\/noticias-villa-maria\/en-villa-nueva-hubo-vacunacion-y-fichas-medicas-para-ninos-de-las-salas-cuna\/#primaryimage"},"thumbnailUrl":"https:\/\/i0.wp.com\/elregionalvm.com.ar\/noticias-villa-maria\/wp-content\/uploads\/2024\/05\/WhatsApp-Image-2024-05-28-at-2.03.33-PM.jpeg?fit=1600%2C1204&ssl=1","articleSection":["destacado","Sociedad","Villa Nueva"],"inLanguage":"es","potentialAction":[{"@type":"CommentAction","name":"Comment","target":["https:\/\/elregionalvm.com.ar\/noticias-villa-maria\/en-villa-nueva-hubo-vacunacion-y-fichas-medicas-para-ninos-de-las-salas-cuna\/#respond"]}]},{"@type":"WebPage","@id":"https:\/\/elregionalvm.com.ar\/noticias-villa-maria\/en-villa-nueva-hubo-vacunacion-y-fichas-medicas-para-ninos-de-las-salas-cuna\/","url":"https:\/\/elregionalvm.com.ar\/noticias-villa-maria\/en-villa-nueva-hubo-vacunacion-y-fichas-medicas-para-ninos-de-las-salas-cuna\/","name":"En Villa Nueva hubo vacunaci\u00f3n y fichas m\u00e9dicas para ni\u00f1os de las salas cuna - El Regional","isPartOf":{"@id":"http:\/\/elregionalvm.com.ar\/noticias-villa-maria\/#website"},"primaryImageOfPage":{"@id":"https:\/\/elregionalvm.com.ar\/noticias-villa-maria\/en-villa-nueva-hubo-vacunacion-y-fichas-medicas-para-ninos-de-las-salas-cuna\/#primaryimage"},"image":{"@id":"https:\/\/elregionalvm.com.ar\/noticias-villa-maria\/en-villa-nueva-hubo-vacunacion-y-fichas-medicas-para-ninos-de-las-salas-cuna\/#primaryimage"},"thumbnailUrl":"https:\/\/i0.wp.com\/elregionalvm.com.ar\/noticias-villa-maria\/wp-content\/uploads\/2024\/05\/WhatsApp-Image-2024-05-28-at-2.03.33-PM.jpeg?fit=1600%2C1204&ssl=1","datePublished":"2024-05-28T22:50:03+00:00","dateModified":"2024-05-28T22:50:04+00:00","author":{"@id":"http:\/\/elregionalvm.com.ar\/noticias-villa-maria\/#\/schema\/person\/a0fb9c422317faca23d50163151bc354"},"breadcrumb":{"@id":"https:\/\/elregionalvm.com.ar\/noticias-villa-maria\/en-villa-nueva-hubo-vacunacion-y-fichas-medicas-para-ninos-de-las-salas-cuna\/#breadcrumb"},"inLanguage":"es","potentialAction":[{"@type":"ReadAction","target":["https:\/\/elregionalvm.com.ar\/noticias-villa-maria\/en-villa-nueva-hubo-vacunacion-y-fichas-medicas-para-ninos-de-las-salas-cuna\/"]}]},{"@type":"ImageObject","inLanguage":"es","@id":"https:\/\/elregionalvm.com.ar\/noticias-villa-maria\/en-villa-nueva-hubo-vacunacion-y-fichas-medicas-para-ninos-de-las-salas-cuna\/#primaryimage","url":"https:\/\/i0.wp.com\/elregionalvm.com.ar\/noticias-villa-maria\/wp-content\/uploads\/2024\/05\/WhatsApp-Image-2024-05-28-at-2.03.33-PM.jpeg?fit=1600%2C1204&ssl=1","contentUrl":"https:\/\/i0.wp.com\/elregionalvm.com.ar\/noticias-villa-maria\/wp-content\/uploads\/2024\/05\/WhatsApp-Image-2024-05-28-at-2.03.33-PM.jpeg?fit=1600%2C1204&ssl=1","width":1600,"height":1204},{"@type":"BreadcrumbList","@id":"https:\/\/elregionalvm.com.ar\/noticias-villa-maria\/en-villa-nueva-hubo-vacunacion-y-fichas-medicas-para-ninos-de-las-salas-cuna\/#breadcrumb","itemListElement":[{"@type":"ListItem","position":1,"name":"Portada","item":"https:\/\/elregionalvm.com.ar\/noticias-villa-maria\/"},{"@type":"ListItem","position":2,"name":"En Villa Nueva hubo vacunaci\u00f3n y fichas m\u00e9dicas para ni\u00f1os de las salas cuna"}]},{"@type":"WebSite","@id":"http:\/\/elregionalvm.com.ar\/noticias-villa-maria\/#website","url":"http:\/\/elregionalvm.com.ar\/noticias-villa-maria\/","name":"El Regional","description":"Mucho m\u00e1s que informaci\u00f3n","potentialAction":[{"@type":"SearchAction","target":{"@type":"EntryPoint","urlTemplate":"http:\/\/elregionalvm.com.ar\/noticias-villa-maria\/?s={search_term_string}"},"query-input":{"@type":"PropertyValueSpecification","valueRequired":true,"valueName":"search_term_string"}}],"inLanguage":"es"},{"@type":"Person","@id":"http:\/\/elregionalvm.com.ar\/noticias-villa-maria\/#\/schema\/person\/a0fb9c422317faca23d50163151bc354","name":"Contenidos El Regional","image":{"@type":"ImageObject","inLanguage":"es","@id":"http:\/\/elregionalvm.com.ar\/noticias-villa-maria\/#\/schema\/person\/image\/","url":"https:\/\/secure.gravatar.com\/avatar\/265b27cb2209af7bb3a1318f03305787d7981a5cc6e6cd08fe5a4ecdf99d4b48?s=96&d=mm&r=g","contentUrl":"https:\/\/secure.gravatar.com\/avatar\/265b27cb2209af7bb3a1318f03305787d7981a5cc6e6cd08fe5a4ecdf99d4b48?s=96&d=mm&r=g","caption":"Contenidos El Regional"},"url":"https:\/\/elregionalvm.com.ar\/noticias-villa-maria\/author\/contenido\/"}]}},"jetpack_featured_media_url":"https:\/\/i0.wp.com\/elregionalvm.com.ar\/noticias-villa-maria\/wp-content\/uploads\/2024\/05\/WhatsApp-Image-2024-05-28-at-2.03.33-PM.jpeg?fit=1600%2C1204&ssl=1","jetpack_sharing_enabled":true,"_links":{"self":[{"href":"https:\/\/elregionalvm.com.ar\/noticias-villa-maria\/wp-json\/wp\/v2\/posts\/94435","targetHints":{"allow":["GET"]}}],"collection":[{"href":"https:\/\/elregionalvm.com.ar\/noticias-villa-maria\/wp-json\/wp\/v2\/posts"}],"about":[{"href":"https:\/\/elregionalvm.com.ar\/noticias-villa-maria\/wp-json\/wp\/v2\/types\/post"}],"author":[{"embeddable":true,"href":"https:\/\/elregionalvm.com.ar\/noticias-villa-maria\/wp-json\/wp\/v2\/users\/4"}],"replies":[{"embeddable":true,"href":"https:\/\/elregionalvm.com.ar\/noticias-villa-maria\/wp-json\/wp\/v2\/comments?post=94435"}],"version-history":[{"count":1,"href":"https:\/\/elregionalvm.com.ar\/noticias-villa-maria\/wp-json\/wp\/v2\/posts\/94435\/revisions"}],"predecessor-version":[{"id":94439,"href":"https:\/\/elregionalvm.com.ar\/noticias-villa-maria\/wp-json\/wp\/v2\/posts\/94435\/revisions\/94439"}],"wp:featuredmedia":[{"embeddable":true,"href":"https:\/\/elregionalvm.com.ar\/noticias-villa-maria\/wp-json\/wp\/v2\/media\/94438"}],"wp:attachment":[{"href":"https:\/\/elregionalvm.com.ar\/noticias-villa-maria\/wp-json\/wp\/v2\/media?parent=94435"}],"wp:term":[{"taxonomy":"category","embeddable":true,"href":"https:\/\/elregionalvm.com.ar\/noticias-villa-maria\/wp-json\/wp\/v2\/categories?post=94435"},{"taxonomy":"post_tag","embeddable":true,"href":"https:\/\/elregionalvm.com.ar\/noticias-villa-maria\/wp-json\/wp\/v2\/tags?post=94435"}],"curies":[{"name":"wp","href":"https:\/\/api.w.org\/{rel}","templated":true}]}}