{"id":94445,"date":"2024-05-28T22:58:12","date_gmt":"2024-05-28T22:58:12","guid":{"rendered":"https:\/\/elregionalvm.com.ar\/noticias-villa-maria\/?p=94445"},"modified":"2024-05-28T22:58:13","modified_gmt":"2024-05-28T22:58:13","slug":"238-municipios-ya-adhirieron-al-programa-educativo-de-fortalecimiento-territorial","status":"publish","type":"post","link":"https:\/\/elregionalvm.com.ar\/noticias-villa-maria\/238-municipios-ya-adhirieron-al-programa-educativo-de-fortalecimiento-territorial\/","title":{"rendered":"238 municipios ya adhirieron al Programa Educativo de Fortalecimiento Territorial"},"content":{"rendered":"\n<p>El Ministerio de Educaci\u00f3n llev\u00f3 adelante una nueva firma de convenios para continuar adhiriendo voluntariamente a municipios al Programa de Fortalecimiento Educativo Territorial que crea las Coordinaciones Educativas Locales.<\/p>\n\n\n\n<p>En esta ocasi\u00f3n, el Ministro Horacio Ferreyra recibi\u00f3 a los intendentes de Colonia Caroya, Paola Nanini; de San Antonio de Litin, Nelson Gonz\u00e1les; y de Laborde, Cristina Sanabria, quienes rubricaron el acuerdo.<\/p>\n\n\n\n<p>En total, 238 municipios y comunas ya se encuentran implementando el programa que fue lanzado por el gobernador Mart\u00edn Llaryora y que responde al compromiso de impulsar, junto con las gestiones municipales, organizaciones y escuelas, proyectos e ideas que atiendan las demandas de la poblaci\u00f3n y de los diferentes territorios.<\/p>\n\n\n\n<p>En la oportunidad, Ferreyra afirm\u00f3 que<em>&nbsp;\u00abesta firma permitir\u00e1 la formaci\u00f3n de una mesa de trabajo coordinada en cada localidad, donde se tomar\u00e1n decisiones espec\u00edficas para desarrollar un plan educativo local propio. De esta manera, se lograr\u00e1 que las decisiones se adapten mejor al contexto territorial para mejorar la ense\u00f1anza y el aprendizaje de nuestros estudiantes. Este es el objetivo que nos plante\u00f3 nuestro Gobernador Mart\u00edn Llaryora de trabajar junto a los Municipios, Comunas, comunidad, estar cerca Gobierno Provincial, municipal-comuna y escuelas haciendo en comunidad para el logro de una mejorar educaci\u00f3n, la mejor educaci\u00f3n posible\u201d.<\/em><\/p>\n","protected":false},"excerpt":{"rendered":"<p>El Ministerio de Educaci\u00f3n llev\u00f3 adelante una nueva firma de convenios para continuar adhiriendo voluntariamente a municipios al Programa de Fortalecimiento Educativo Territorial que crea las Coordinaciones Educativas Locales. En esta ocasi\u00f3n, el Ministro Horacio Ferreyra recibi\u00f3 a los intendentes de Colonia Caroya, Paola Nanini; de San Antonio de Litin, Nelson Gonz\u00e1les; y de Laborde, [&hellip;]<\/p>\n","protected":false},"author":4,"featured_media":94446,"comment_status":"open","ping_status":"open","sticky":false,"template":"","format":"standard","meta":{"site-sidebar-layout":"default","site-content-layout":"","ast-site-content-layout":"default","site-content-style":"default","site-sidebar-style":"default","ast-global-header-display":"","ast-banner-title-visibility":"","ast-main-header-display":"","ast-hfb-above-header-display":"","ast-hfb-below-header-display":"","ast-hfb-mobile-header-display":"","site-post-title":"","ast-breadcrumbs-content":"","ast-featured-img":"","footer-sml-layout":"","ast-disable-related-posts":"","theme-transparent-header-meta":"","adv-header-id-meta":"","stick-header-meta":"","header-above-stick-meta":"","header-main-stick-meta":"","header-below-stick-meta":"","astra-migrate-meta-layouts":"set","ast-page-background-enabled":"default","ast-page-background-meta":{"desktop":{"background-color":"","background-image":"","background-repeat":"repeat","background-position":"center center","background-size":"auto","background-attachment":"scroll","background-type":"","background-media":"","overlay-type":"","overlay-color":"","overlay-opacity":"","overlay-gradient":""},"tablet":{"background-color":"","background-image":"","background-repeat":"repeat","background-position":"center center","background-size":"auto","background-attachment":"scroll","background-type":"","background-media":"","overlay-type":"","overlay-color":"","overlay-opacity":"","overlay-gradient":""},"mobile":{"background-color":"","background-image":"","background-repeat":"repeat","background-position":"center center","background-size":"auto","background-attachment":"scroll","background-type":"","background-media":"","overlay-type":"","overlay-color":"","overlay-opacity":"","overlay-gradient":""}},"ast-content-background-meta":{"desktop":{"background-color":"var(--ast-global-color-5)","background-image":"","background-repeat":"repeat","background-position":"center center","background-size":"auto","background-attachment":"scroll","background-type":"","background-media":"","overlay-type":"","overlay-color":"","overlay-opacity":"","overlay-gradient":""},"tablet":{"background-color":"var(--ast-global-color-5)","background-image":"","background-repeat":"repeat","background-position":"center center","background-size":"auto","background-attachment":"scroll","background-type":"","background-media":"","overlay-type":"","overlay-color":"","overlay-opacity":"","overlay-gradient":""},"mobile":{"background-color":"var(--ast-global-color-5)","background-image":"","background-repeat":"repeat","background-position":"center center","background-size":"auto","background-attachment":"scroll","background-type":"","background-media":"","overlay-type":"","overlay-color":"","overlay-opacity":"","overlay-gradient":""}},"_jetpack_memberships_contains_paid_content":false,"_joinchat":[],"footnotes":""},"categories":[16095,5],"tags":[],"class_list":["post-94445","post","type-post","status-publish","format-standard","has-post-thumbnail","hentry","category-provinciales","category-sociedad"],"yoast_head":"<!-- This site is optimized with the Yoast SEO plugin v26.8 - https:\/\/yoast.com\/product\/yoast-seo-wordpress\/ -->\n<title>238 municipios ya adhirieron al Programa Educativo de Fortalecimiento Territorial - El Regional<\/title>\n<meta name=\"robots\" content=\"index, follow, max-snippet:-1, max-image-preview:large, max-video-preview:-1\" \/>\n<link rel=\"canonical\" href=\"https:\/\/elregionalvm.com.ar\/noticias-villa-maria\/238-municipios-ya-adhirieron-al-programa-educativo-de-fortalecimiento-territorial\/\" \/>\n<meta property=\"og:locale\" content=\"es_ES\" \/>\n<meta property=\"og:type\" content=\"article\" \/>\n<meta property=\"og:title\" content=\"238 municipios ya adhirieron al Programa Educativo de Fortalecimiento Territorial - El Regional\" \/>\n<meta property=\"og:description\" content=\"El Ministerio de Educaci\u00f3n llev\u00f3 adelante una nueva firma de convenios para continuar adhiriendo voluntariamente a municipios al Programa de Fortalecimiento Educativo Territorial que crea las Coordinaciones Educativas Locales. En esta ocasi\u00f3n, el Ministro Horacio Ferreyra recibi\u00f3 a los intendentes de Colonia Caroya, Paola Nanini; de San Antonio de Litin, Nelson Gonz\u00e1les; y de Laborde, [&hellip;]\" \/>\n<meta property=\"og:url\" content=\"https:\/\/elregionalvm.com.ar\/noticias-villa-maria\/238-municipios-ya-adhirieron-al-programa-educativo-de-fortalecimiento-territorial\/\" \/>\n<meta property=\"og:site_name\" content=\"El Regional\" \/>\n<meta property=\"article:publisher\" content=\"https:\/\/www.facebook.com\/elregionalvm\" \/>\n<meta property=\"article:published_time\" content=\"2024-05-28T22:58:12+00:00\" \/>\n<meta property=\"article:modified_time\" content=\"2024-05-28T22:58:13+00:00\" \/>\n<meta property=\"og:image\" content=\"https:\/\/elregionalvm.com.ar\/noticias-villa-maria\/wp-content\/uploads\/2024\/05\/WhatsApp-Image-2024-05-28-at-17.05.32-1.jpeg\" \/>\n\t<meta property=\"og:image:width\" content=\"990\" \/>\n\t<meta property=\"og:image:height\" content=\"660\" \/>\n\t<meta property=\"og:image:type\" content=\"image\/jpeg\" \/>\n<meta name=\"author\" content=\"Contenidos El Regional\" \/>\n<meta name=\"twitter:card\" content=\"summary_large_image\" \/>\n<meta name=\"twitter:creator\" content=\"@elregionalvm1\" \/>\n<meta name=\"twitter:site\" content=\"@elregionalvm1\" \/>\n<meta name=\"twitter:label1\" content=\"Escrito por\" \/>\n\t<meta name=\"twitter:data1\" content=\"Contenidos El Regional\" \/>\n\t<meta name=\"twitter:label2\" content=\"Tiempo de lectura\" \/>\n\t<meta name=\"twitter:data2\" content=\"2 minutos\" \/>\n<script type=\"application\/ld+json\" class=\"yoast-schema-graph\">{\"@context\":\"https:\/\/schema.org\",\"@graph\":[{\"@type\":\"Article\",\"@id\":\"https:\/\/elregionalvm.com.ar\/noticias-villa-maria\/238-municipios-ya-adhirieron-al-programa-educativo-de-fortalecimiento-territorial\/#article\",\"isPartOf\":{\"@id\":\"https:\/\/elregionalvm.com.ar\/noticias-villa-maria\/238-municipios-ya-adhirieron-al-programa-educativo-de-fortalecimiento-territorial\/\"},\"author\":{\"name\":\"Contenidos El Regional\",\"@id\":\"http:\/\/elregionalvm.com.ar\/noticias-villa-maria\/#\/schema\/person\/a0fb9c422317faca23d50163151bc354\"},\"headline\":\"238 municipios ya adhirieron al Programa Educativo de Fortalecimiento Territorial\",\"datePublished\":\"2024-05-28T22:58:12+00:00\",\"dateModified\":\"2024-05-28T22:58:13+00:00\",\"mainEntityOfPage\":{\"@id\":\"https:\/\/elregionalvm.com.ar\/noticias-villa-maria\/238-municipios-ya-adhirieron-al-programa-educativo-de-fortalecimiento-territorial\/\"},\"wordCount\":228,\"commentCount\":0,\"image\":{\"@id\":\"https:\/\/elregionalvm.com.ar\/noticias-villa-maria\/238-municipios-ya-adhirieron-al-programa-educativo-de-fortalecimiento-territorial\/#primaryimage\"},\"thumbnailUrl\":\"https:\/\/i0.wp.com\/elregionalvm.com.ar\/noticias-villa-maria\/wp-content\/uploads\/2024\/05\/WhatsApp-Image-2024-05-28-at-17.05.32-1.jpeg?fit=990%2C660&ssl=1\",\"articleSection\":[\"Provinciales\",\"Sociedad\"],\"inLanguage\":\"es\",\"potentialAction\":[{\"@type\":\"CommentAction\",\"name\":\"Comment\",\"target\":[\"https:\/\/elregionalvm.com.ar\/noticias-villa-maria\/238-municipios-ya-adhirieron-al-programa-educativo-de-fortalecimiento-territorial\/#respond\"]}]},{\"@type\":\"WebPage\",\"@id\":\"https:\/\/elregionalvm.com.ar\/noticias-villa-maria\/238-municipios-ya-adhirieron-al-programa-educativo-de-fortalecimiento-territorial\/\",\"url\":\"https:\/\/elregionalvm.com.ar\/noticias-villa-maria\/238-municipios-ya-adhirieron-al-programa-educativo-de-fortalecimiento-territorial\/\",\"name\":\"238 municipios ya adhirieron al Programa Educativo de Fortalecimiento Territorial - El Regional\",\"isPartOf\":{\"@id\":\"http:\/\/elregionalvm.com.ar\/noticias-villa-maria\/#website\"},\"primaryImageOfPage\":{\"@id\":\"https:\/\/elregionalvm.com.ar\/noticias-villa-maria\/238-municipios-ya-adhirieron-al-programa-educativo-de-fortalecimiento-territorial\/#primaryimage\"},\"image\":{\"@id\":\"https:\/\/elregionalvm.com.ar\/noticias-villa-maria\/238-municipios-ya-adhirieron-al-programa-educativo-de-fortalecimiento-territorial\/#primaryimage\"},\"thumbnailUrl\":\"https:\/\/i0.wp.com\/elregionalvm.com.ar\/noticias-villa-maria\/wp-content\/uploads\/2024\/05\/WhatsApp-Image-2024-05-28-at-17.05.32-1.jpeg?fit=990%2C660&ssl=1\",\"datePublished\":\"2024-05-28T22:58:12+00:00\",\"dateModified\":\"2024-05-28T22:58:13+00:00\",\"author\":{\"@id\":\"http:\/\/elregionalvm.com.ar\/noticias-villa-maria\/#\/schema\/person\/a0fb9c422317faca23d50163151bc354\"},\"breadcrumb\":{\"@id\":\"https:\/\/elregionalvm.com.ar\/noticias-villa-maria\/238-municipios-ya-adhirieron-al-programa-educativo-de-fortalecimiento-territorial\/#breadcrumb\"},\"inLanguage\":\"es\",\"potentialAction\":[{\"@type\":\"ReadAction\",\"target\":[\"https:\/\/elregionalvm.com.ar\/noticias-villa-maria\/238-municipios-ya-adhirieron-al-programa-educativo-de-fortalecimiento-territorial\/\"]}]},{\"@type\":\"ImageObject\",\"inLanguage\":\"es\",\"@id\":\"https:\/\/elregionalvm.com.ar\/noticias-villa-maria\/238-municipios-ya-adhirieron-al-programa-educativo-de-fortalecimiento-territorial\/#primaryimage\",\"url\":\"https:\/\/i0.wp.com\/elregionalvm.com.ar\/noticias-villa-maria\/wp-content\/uploads\/2024\/05\/WhatsApp-Image-2024-05-28-at-17.05.32-1.jpeg?fit=990%2C660&ssl=1\",\"contentUrl\":\"https:\/\/i0.wp.com\/elregionalvm.com.ar\/noticias-villa-maria\/wp-content\/uploads\/2024\/05\/WhatsApp-Image-2024-05-28-at-17.05.32-1.jpeg?fit=990%2C660&ssl=1\",\"width\":990,\"height\":660},{\"@type\":\"BreadcrumbList\",\"@id\":\"https:\/\/elregionalvm.com.ar\/noticias-villa-maria\/238-municipios-ya-adhirieron-al-programa-educativo-de-fortalecimiento-territorial\/#breadcrumb\",\"itemListElement\":[{\"@type\":\"ListItem\",\"position\":1,\"name\":\"Portada\",\"item\":\"https:\/\/elregionalvm.com.ar\/noticias-villa-maria\/\"},{\"@type\":\"ListItem\",\"position\":2,\"name\":\"238 municipios ya adhirieron al Programa Educativo de Fortalecimiento Territorial\"}]},{\"@type\":\"WebSite\",\"@id\":\"http:\/\/elregionalvm.com.ar\/noticias-villa-maria\/#website\",\"url\":\"http:\/\/elregionalvm.com.ar\/noticias-villa-maria\/\",\"name\":\"El Regional\",\"description\":\"Mucho m\u00e1s que informaci\u00f3n\",\"potentialAction\":[{\"@type\":\"SearchAction\",\"target\":{\"@type\":\"EntryPoint\",\"urlTemplate\":\"http:\/\/elregionalvm.com.ar\/noticias-villa-maria\/?s={search_term_string}\"},\"query-input\":{\"@type\":\"PropertyValueSpecification\",\"valueRequired\":true,\"valueName\":\"search_term_string\"}}],\"inLanguage\":\"es\"},{\"@type\":\"Person\",\"@id\":\"http:\/\/elregionalvm.com.ar\/noticias-villa-maria\/#\/schema\/person\/a0fb9c422317faca23d50163151bc354\",\"name\":\"Contenidos El Regional\",\"image\":{\"@type\":\"ImageObject\",\"inLanguage\":\"es\",\"@id\":\"http:\/\/elregionalvm.com.ar\/noticias-villa-maria\/#\/schema\/person\/image\/\",\"url\":\"https:\/\/secure.gravatar.com\/avatar\/265b27cb2209af7bb3a1318f03305787d7981a5cc6e6cd08fe5a4ecdf99d4b48?s=96&d=mm&r=g\",\"contentUrl\":\"https:\/\/secure.gravatar.com\/avatar\/265b27cb2209af7bb3a1318f03305787d7981a5cc6e6cd08fe5a4ecdf99d4b48?s=96&d=mm&r=g\",\"caption\":\"Contenidos El Regional\"},\"url\":\"https:\/\/elregionalvm.com.ar\/noticias-villa-maria\/author\/contenido\/\"}]}<\/script>\n<!-- \/ Yoast SEO plugin. -->","yoast_head_json":{"title":"238 municipios ya adhirieron al Programa Educativo de Fortalecimiento Territorial - El Regional","robots":{"index":"index","follow":"follow","max-snippet":"max-snippet:-1","max-image-preview":"max-image-preview:large","max-video-preview":"max-video-preview:-1"},"canonical":"https:\/\/elregionalvm.com.ar\/noticias-villa-maria\/238-municipios-ya-adhirieron-al-programa-educativo-de-fortalecimiento-territorial\/","og_locale":"es_ES","og_type":"article","og_title":"238 municipios ya adhirieron al Programa Educativo de Fortalecimiento Territorial - El Regional","og_description":"El Ministerio de Educaci\u00f3n llev\u00f3 adelante una nueva firma de convenios para continuar adhiriendo voluntariamente a municipios al Programa de Fortalecimiento Educativo Territorial que crea las Coordinaciones Educativas Locales. En esta ocasi\u00f3n, el Ministro Horacio Ferreyra recibi\u00f3 a los intendentes de Colonia Caroya, Paola Nanini; de San Antonio de Litin, Nelson Gonz\u00e1les; y de Laborde, [&hellip;]","og_url":"https:\/\/elregionalvm.com.ar\/noticias-villa-maria\/238-municipios-ya-adhirieron-al-programa-educativo-de-fortalecimiento-territorial\/","og_site_name":"El Regional","article_publisher":"https:\/\/www.facebook.com\/elregionalvm","article_published_time":"2024-05-28T22:58:12+00:00","article_modified_time":"2024-05-28T22:58:13+00:00","og_image":[{"width":990,"height":660,"url":"https:\/\/elregionalvm.com.ar\/noticias-villa-maria\/wp-content\/uploads\/2024\/05\/WhatsApp-Image-2024-05-28-at-17.05.32-1.jpeg","type":"image\/jpeg"}],"author":"Contenidos El Regional","twitter_card":"summary_large_image","twitter_creator":"@elregionalvm1","twitter_site":"@elregionalvm1","twitter_misc":{"Escrito por":"Contenidos El Regional","Tiempo de lectura":"2 minutos"},"schema":{"@context":"https:\/\/schema.org","@graph":[{"@type":"Article","@id":"https:\/\/elregionalvm.com.ar\/noticias-villa-maria\/238-municipios-ya-adhirieron-al-programa-educativo-de-fortalecimiento-territorial\/#article","isPartOf":{"@id":"https:\/\/elregionalvm.com.ar\/noticias-villa-maria\/238-municipios-ya-adhirieron-al-programa-educativo-de-fortalecimiento-territorial\/"},"author":{"name":"Contenidos El Regional","@id":"http:\/\/elregionalvm.com.ar\/noticias-villa-maria\/#\/schema\/person\/a0fb9c422317faca23d50163151bc354"},"headline":"238 municipios ya adhirieron al Programa Educativo de Fortalecimiento Territorial","datePublished":"2024-05-28T22:58:12+00:00","dateModified":"2024-05-28T22:58:13+00:00","mainEntityOfPage":{"@id":"https:\/\/elregionalvm.com.ar\/noticias-villa-maria\/238-municipios-ya-adhirieron-al-programa-educativo-de-fortalecimiento-territorial\/"},"wordCount":228,"commentCount":0,"image":{"@id":"https:\/\/elregionalvm.com.ar\/noticias-villa-maria\/238-municipios-ya-adhirieron-al-programa-educativo-de-fortalecimiento-territorial\/#primaryimage"},"thumbnailUrl":"https:\/\/i0.wp.com\/elregionalvm.com.ar\/noticias-villa-maria\/wp-content\/uploads\/2024\/05\/WhatsApp-Image-2024-05-28-at-17.05.32-1.jpeg?fit=990%2C660&ssl=1","articleSection":["Provinciales","Sociedad"],"inLanguage":"es","potentialAction":[{"@type":"CommentAction","name":"Comment","target":["https:\/\/elregionalvm.com.ar\/noticias-villa-maria\/238-municipios-ya-adhirieron-al-programa-educativo-de-fortalecimiento-territorial\/#respond"]}]},{"@type":"WebPage","@id":"https:\/\/elregionalvm.com.ar\/noticias-villa-maria\/238-municipios-ya-adhirieron-al-programa-educativo-de-fortalecimiento-territorial\/","url":"https:\/\/elregionalvm.com.ar\/noticias-villa-maria\/238-municipios-ya-adhirieron-al-programa-educativo-de-fortalecimiento-territorial\/","name":"238 municipios ya adhirieron al Programa Educativo de Fortalecimiento Territorial - El Regional","isPartOf":{"@id":"http:\/\/elregionalvm.com.ar\/noticias-villa-maria\/#website"},"primaryImageOfPage":{"@id":"https:\/\/elregionalvm.com.ar\/noticias-villa-maria\/238-municipios-ya-adhirieron-al-programa-educativo-de-fortalecimiento-territorial\/#primaryimage"},"image":{"@id":"https:\/\/elregionalvm.com.ar\/noticias-villa-maria\/238-municipios-ya-adhirieron-al-programa-educativo-de-fortalecimiento-territorial\/#primaryimage"},"thumbnailUrl":"https:\/\/i0.wp.com\/elregionalvm.com.ar\/noticias-villa-maria\/wp-content\/uploads\/2024\/05\/WhatsApp-Image-2024-05-28-at-17.05.32-1.jpeg?fit=990%2C660&ssl=1","datePublished":"2024-05-28T22:58:12+00:00","dateModified":"2024-05-28T22:58:13+00:00","author":{"@id":"http:\/\/elregionalvm.com.ar\/noticias-villa-maria\/#\/schema\/person\/a0fb9c422317faca23d50163151bc354"},"breadcrumb":{"@id":"https:\/\/elregionalvm.com.ar\/noticias-villa-maria\/238-municipios-ya-adhirieron-al-programa-educativo-de-fortalecimiento-territorial\/#breadcrumb"},"inLanguage":"es","potentialAction":[{"@type":"ReadAction","target":["https:\/\/elregionalvm.com.ar\/noticias-villa-maria\/238-municipios-ya-adhirieron-al-programa-educativo-de-fortalecimiento-territorial\/"]}]},{"@type":"ImageObject","inLanguage":"es","@id":"https:\/\/elregionalvm.com.ar\/noticias-villa-maria\/238-municipios-ya-adhirieron-al-programa-educativo-de-fortalecimiento-territorial\/#primaryimage","url":"https:\/\/i0.wp.com\/elregionalvm.com.ar\/noticias-villa-maria\/wp-content\/uploads\/2024\/05\/WhatsApp-Image-2024-05-28-at-17.05.32-1.jpeg?fit=990%2C660&ssl=1","contentUrl":"https:\/\/i0.wp.com\/elregionalvm.com.ar\/noticias-villa-maria\/wp-content\/uploads\/2024\/05\/WhatsApp-Image-2024-05-28-at-17.05.32-1.jpeg?fit=990%2C660&ssl=1","width":990,"height":660},{"@type":"BreadcrumbList","@id":"https:\/\/elregionalvm.com.ar\/noticias-villa-maria\/238-municipios-ya-adhirieron-al-programa-educativo-de-fortalecimiento-territorial\/#breadcrumb","itemListElement":[{"@type":"ListItem","position":1,"name":"Portada","item":"https:\/\/elregionalvm.com.ar\/noticias-villa-maria\/"},{"@type":"ListItem","position":2,"name":"238 municipios ya adhirieron al Programa Educativo de Fortalecimiento Territorial"}]},{"@type":"WebSite","@id":"http:\/\/elregionalvm.com.ar\/noticias-villa-maria\/#website","url":"http:\/\/elregionalvm.com.ar\/noticias-villa-maria\/","name":"El Regional","description":"Mucho m\u00e1s que informaci\u00f3n","potentialAction":[{"@type":"SearchAction","target":{"@type":"EntryPoint","urlTemplate":"http:\/\/elregionalvm.com.ar\/noticias-villa-maria\/?s={search_term_string}"},"query-input":{"@type":"PropertyValueSpecification","valueRequired":true,"valueName":"search_term_string"}}],"inLanguage":"es"},{"@type":"Person","@id":"http:\/\/elregionalvm.com.ar\/noticias-villa-maria\/#\/schema\/person\/a0fb9c422317faca23d50163151bc354","name":"Contenidos El Regional","image":{"@type":"ImageObject","inLanguage":"es","@id":"http:\/\/elregionalvm.com.ar\/noticias-villa-maria\/#\/schema\/person\/image\/","url":"https:\/\/secure.gravatar.com\/avatar\/265b27cb2209af7bb3a1318f03305787d7981a5cc6e6cd08fe5a4ecdf99d4b48?s=96&d=mm&r=g","contentUrl":"https:\/\/secure.gravatar.com\/avatar\/265b27cb2209af7bb3a1318f03305787d7981a5cc6e6cd08fe5a4ecdf99d4b48?s=96&d=mm&r=g","caption":"Contenidos El Regional"},"url":"https:\/\/elregionalvm.com.ar\/noticias-villa-maria\/author\/contenido\/"}]}},"jetpack_featured_media_url":"https:\/\/i0.wp.com\/elregionalvm.com.ar\/noticias-villa-maria\/wp-content\/uploads\/2024\/05\/WhatsApp-Image-2024-05-28-at-17.05.32-1.jpeg?fit=990%2C660&ssl=1","jetpack_sharing_enabled":true,"_links":{"self":[{"href":"https:\/\/elregionalvm.com.ar\/noticias-villa-maria\/wp-json\/wp\/v2\/posts\/94445","targetHints":{"allow":["GET"]}}],"collection":[{"href":"https:\/\/elregionalvm.com.ar\/noticias-villa-maria\/wp-json\/wp\/v2\/posts"}],"about":[{"href":"https:\/\/elregionalvm.com.ar\/noticias-villa-maria\/wp-json\/wp\/v2\/types\/post"}],"author":[{"embeddable":true,"href":"https:\/\/elregionalvm.com.ar\/noticias-villa-maria\/wp-json\/wp\/v2\/users\/4"}],"replies":[{"embeddable":true,"href":"https:\/\/elregionalvm.com.ar\/noticias-villa-maria\/wp-json\/wp\/v2\/comments?post=94445"}],"version-history":[{"count":1,"href":"https:\/\/elregionalvm.com.ar\/noticias-villa-maria\/wp-json\/wp\/v2\/posts\/94445\/revisions"}],"predecessor-version":[{"id":94447,"href":"https:\/\/elregionalvm.com.ar\/noticias-villa-maria\/wp-json\/wp\/v2\/posts\/94445\/revisions\/94447"}],"wp:featuredmedia":[{"embeddable":true,"href":"https:\/\/elregionalvm.com.ar\/noticias-villa-maria\/wp-json\/wp\/v2\/media\/94446"}],"wp:attachment":[{"href":"https:\/\/elregionalvm.com.ar\/noticias-villa-maria\/wp-json\/wp\/v2\/media?parent=94445"}],"wp:term":[{"taxonomy":"category","embeddable":true,"href":"https:\/\/elregionalvm.com.ar\/noticias-villa-maria\/wp-json\/wp\/v2\/categories?post=94445"},{"taxonomy":"post_tag","embeddable":true,"href":"https:\/\/elregionalvm.com.ar\/noticias-villa-maria\/wp-json\/wp\/v2\/tags?post=94445"}],"curies":[{"name":"wp","href":"https:\/\/api.w.org\/{rel}","templated":true}]}}