{"id":94727,"date":"2024-06-04T21:48:10","date_gmt":"2024-06-04T21:48:10","guid":{"rendered":"https:\/\/elregionalvm.com.ar\/noticias-villa-maria\/?p=94727"},"modified":"2024-06-10T02:42:36","modified_gmt":"2024-06-10T02:42:36","slug":"valor-de-alquileres-villa-maria-mas-caro-que-rio-cuarto-y-san-francisco-pero-menos-que-cordoba-y-carlos-paz","status":"publish","type":"post","link":"https:\/\/elregionalvm.com.ar\/noticias-villa-maria\/valor-de-alquileres-villa-maria-mas-caro-que-rio-cuarto-y-san-francisco-pero-menos-que-cordoba-y-carlos-paz\/","title":{"rendered":"Valor de alquileres: Villa Mar\u00eda, m\u00e1s caro que R\u00edo Cuarto y San Francisco, pero menos que C\u00f3rdoba y Carlos Paz"},"content":{"rendered":"\n<h3 class=\"wp-block-heading\"><strong>As\u00ed lo establece la tercera edici\u00f3n del informe Mapa de Valor de Alquileres Urbanos 2024, elaborado por Infraestructura de Datos espaciales de la Provincia de C\u00f3rdoba (Idecor). All\u00ed se compara distintas localidades de la provincia y se responde a varias cuestiones: \u00bfC\u00f3mo evolucion\u00f3 el precio de los alquileres urbanos en las principales ciudades de la provincia?\u00a0 \u00bfLas \u00e1reas zonas c\u00e9ntricas son siempre las m\u00e1s caras? \u00bfCu\u00e1nto cuestan en promedio en una determinada zona?<\/strong><\/h3>\n\n\n\n<p><\/p>\n\n\n\n<p>Villa Mar\u00eda presenta valores de alquileres m\u00e1s caros que otras dos grandes ciudades cercanas del interior provincial, R\u00edo Cuarto y San Francisco. De todas maneras, queda por debajo de la capital cordobesa y de Carlos Paz, epicentro tur\u00edstico mediterr\u00e1neo.<\/p>\n\n\n\n<p>En el reciente informe de Idecor, se tomaron como objeto de estudio diez localidades, reunidas en seis grupos urbanos: C\u00f3rdoba Capital (junto con Malvinas Argentinas) y Sierras Chicas (parcialmente con La Calera, Sald\u00e1n y Villa Allende), R\u00edo Cuarto (junto con Las Higueras), San Francisco, Villa Carlos Paz, y Villa Mar\u00eda (junto con Villa Nueva).<\/p>\n\n\n\n<p>Para poder comparar se utiliz\u00f3 el denominado Valor Unitario de Alquiler (VUA). El VUA Se trata de una medida de valor unitario de alquiler mensual homogeneizada, que permite una lectura comparable entre distintas tipolog\u00edas de inmuebles y zonas de una ciudad.<\/p>\n\n\n\n<p><\/p>\n\n\n\n<figure class=\"wp-block-image size-large\"><img data-recalc-dims=\"1\" fetchpriority=\"high\" decoding=\"async\" width=\"1024\" height=\"467\" src=\"https:\/\/i0.wp.com\/elregionalvm.com.ar\/noticias-villa-maria\/wp-content\/uploads\/2024\/06\/Alquileres-urbanos-Villa-Maria-mapa-2024.jpg?resize=1024%2C467&#038;ssl=1\" alt=\"\" class=\"wp-image-94730\" srcset=\"https:\/\/i0.wp.com\/elregionalvm.com.ar\/noticias-villa-maria\/wp-content\/uploads\/2024\/06\/Alquileres-urbanos-Villa-Maria-mapa-2024.jpg?resize=1024%2C467&amp;ssl=1 1024w, https:\/\/i0.wp.com\/elregionalvm.com.ar\/noticias-villa-maria\/wp-content\/uploads\/2024\/06\/Alquileres-urbanos-Villa-Maria-mapa-2024.jpg?resize=300%2C137&amp;ssl=1 300w, https:\/\/i0.wp.com\/elregionalvm.com.ar\/noticias-villa-maria\/wp-content\/uploads\/2024\/06\/Alquileres-urbanos-Villa-Maria-mapa-2024.jpg?resize=768%2C350&amp;ssl=1 768w, https:\/\/i0.wp.com\/elregionalvm.com.ar\/noticias-villa-maria\/wp-content\/uploads\/2024\/06\/Alquileres-urbanos-Villa-Maria-mapa-2024.jpg?w=1352&amp;ssl=1 1352w\" sizes=\"(max-width: 1000px) 100vw, 1000px\" \/><figcaption class=\"wp-element-caption\"><strong><em>Las zonas m\u00e1s azules presentan los valores m\u00e1s elevados en alquileres. <\/em><\/strong><\/figcaption><\/figure>\n\n\n\n<p><\/p>\n\n\n\n<p>El VUA residencial mediano de todos los inmuebles asciende a $3.300 por metro cuadrado. \u00a0En el caso de Villa Mar\u00eda (y la vecina ciudad), este valor es de $3.000, por debajo de Carlos Paz ($4.000) y C\u00f3rdoba ($3.600), y por encima de R\u00edo Cuarto y San Francisco ($2.700 en cada caso).<\/p>\n\n\n\n<p>\u201cVilla Carlos Paz exhibe el valor m\u00e1s alto, probablemente por la influencia de los alquileres temporarios ligados a la actividad tur\u00edstica, mientras que las ciudades de R\u00edo Cuarto, Villa Mar\u00eda y San Francisco presentan, en general, valores m\u00e1s bajos que los VUA de la ciudad de C\u00f3rdoba y de la ciudad de Punilla\u201d, indicaron desde Idecor.<\/p>\n\n\n\n<p><strong>Zonas m\u00e1s caras<\/strong><\/p>\n\n\n\n<p>\u00bfCu\u00e1les son las zonas m\u00e1s caras? La tendencia en las diferentes localidades analizadas es concentrar los valores de VUA m\u00e1s altos en las zonas c\u00e9ntricas y los m\u00e1s bajos en los sectores perif\u00e9ricos.<\/p>\n\n\n\n<p>Pero, aunque existe este patr\u00f3n com\u00fan en las ciudades relevadas, cada una presenta caracter\u00edsticas particulares.<\/p>\n\n\n\n<p>En nuestra ciudad, los mayores valores se encuentran en las cercan\u00edas del r\u00edo Ctalamochita y en el centro. En tanto, los VUA m\u00ednimos se observan en la zona perif\u00e9rica.<\/p>\n\n\n\n<p>Los valores m\u00e1s altos en C\u00f3rdoba capital pueden encontrarse no s\u00f3lo en el centro, sino tambi\u00e9n en las zonas residenciales del noroeste y el sur. Como contraposici\u00f3n, los menores valores se observan en barrios perif\u00e9ricos y menos urbanizados.<\/p>\n\n\n\n<p>Por su parte, Villa Carlos Paz presenta los valores m\u00e1s altos de VUA en las cercan\u00edas del lago San Roque, zona caracterizada por el predominio de la infraestructura tur\u00edstica, mientras que los m\u00ednimos est\u00e1n en la periferia oeste.<\/p>\n\n\n\n<p>En tanto, R\u00edo Cuarto encuentra los valores m\u00e1ximos en la zona residencial del oeste y centro, mientras que los menores se localizan en el sureste de la localidad y en las cercan\u00edas del r\u00edo.<\/p>\n\n\n\n<p>Esta es una diferencia notoria con Villa Mar\u00eda, donde las zonas aleda\u00f1as al r\u00edo Ctalamochita presentan valores elevados en materia de alquileres.<\/p>\n\n\n\n<p><\/p>\n\n\n\n<figure class=\"wp-block-image size-full\"><img data-recalc-dims=\"1\" decoding=\"async\" width=\"987\" height=\"404\" src=\"https:\/\/i0.wp.com\/elregionalvm.com.ar\/noticias-villa-maria\/wp-content\/uploads\/2024\/06\/Valor-alquileres-principios-2024-provincia-Cordoba.png?resize=987%2C404&#038;ssl=1\" alt=\"\" class=\"wp-image-94729\" srcset=\"https:\/\/i0.wp.com\/elregionalvm.com.ar\/noticias-villa-maria\/wp-content\/uploads\/2024\/06\/Valor-alquileres-principios-2024-provincia-Cordoba.png?w=987&amp;ssl=1 987w, https:\/\/i0.wp.com\/elregionalvm.com.ar\/noticias-villa-maria\/wp-content\/uploads\/2024\/06\/Valor-alquileres-principios-2024-provincia-Cordoba.png?resize=300%2C123&amp;ssl=1 300w, https:\/\/i0.wp.com\/elregionalvm.com.ar\/noticias-villa-maria\/wp-content\/uploads\/2024\/06\/Valor-alquileres-principios-2024-provincia-Cordoba.png?resize=768%2C314&amp;ssl=1 768w\" sizes=\"(max-width: 987px) 100vw, 987px\" \/><figcaption class=\"wp-element-caption\"><strong><em>Tabla con los diferentes valores seg\u00fan las ciudades de la provincia.<\/em><\/strong><\/figcaption><\/figure>\n\n\n\n<p><\/p>\n\n\n\n<p>Por \u00faltimo, San Francisco presenta una concentraci\u00f3n de mayores VUA en la zona universitaria y c\u00e9ntrica, y decaen pr\u00f3ximo a la frontera con la provincia de Santa Fe, y en la zona industrial del sureste.<\/p>\n\n\n\n<p>Cuando se observa la categor\u00eda \u201cvalor por metro cuadrado estimado final mediano\u201d, Villa Mar\u00eda se ubica por debajo de C\u00f3rdoba, Carlos Paz y San Francisco, y por arriba de R\u00edo Cuarto (ver gr\u00e1fico).<\/p>\n\n\n\n<p><strong>Sobre el estudio<\/strong><\/p>\n\n\n\n<p>Se trata de un estudio innovador en el pa\u00eds y la regi\u00f3n, impulsado por el Ministerio de Econom\u00eda y Gesti\u00f3n P\u00fablica, que permite estimar de manera masiva los valores de alquileres urbanos y, gracias a su consolidaci\u00f3n a\u00f1o a a\u00f1o, conocer el comportamiento de este mercado.<\/p>\n\n\n\n<p>Para el c\u00e1lculo, se tom\u00f3 una muestra conformada por 3.670 observaciones sobre valores de mercado relevadas y registradas por el Observatorio Inmobiliario de la Provincia, entre diciembre de 2023 y marzo de 2024, y de datos externos obtenidos de sitios web especializados.<\/p>\n\n\n\n<p><\/p>\n\n\n\n<figure class=\"wp-block-image size-full\"><img data-recalc-dims=\"1\" decoding=\"async\" width=\"1000\" height=\"571\" src=\"https:\/\/i0.wp.com\/elregionalvm.com.ar\/noticias-villa-maria\/wp-content\/uploads\/2023\/05\/Calle-Garibaldi-Villa-Maria.jpg?resize=1000%2C571&#038;ssl=1\" alt=\"\" class=\"wp-image-76072\" srcset=\"https:\/\/i0.wp.com\/elregionalvm.com.ar\/noticias-villa-maria\/wp-content\/uploads\/2023\/05\/Calle-Garibaldi-Villa-Maria.jpg?w=1000&amp;ssl=1 1000w, https:\/\/i0.wp.com\/elregionalvm.com.ar\/noticias-villa-maria\/wp-content\/uploads\/2023\/05\/Calle-Garibaldi-Villa-Maria.jpg?resize=300%2C171&amp;ssl=1 300w, https:\/\/i0.wp.com\/elregionalvm.com.ar\/noticias-villa-maria\/wp-content\/uploads\/2023\/05\/Calle-Garibaldi-Villa-Maria.jpg?resize=768%2C439&amp;ssl=1 768w\" sizes=\"(max-width: 1000px) 100vw, 1000px\" \/><\/figure>\n\n\n\n<p><\/p>\n\n\n\n<p>A partir de dicha muestra, se aplicaron t\u00e9cnicas de aprendizaje computacional (machine learning) con el prop\u00f3sito de predecir el valor por metro cuadrado del alquiler en m\u00e1s de 780.000 inmuebles de tipo residencial (departamentos y viviendas), en los seis principales aglomerados urbanos de la provincia.<\/p>\n\n\n\n<p>Es la tercera edici\u00f3n de esta herramienta que permite navegar sobre el mapa y encontrar un inmueble determinado.<\/p>\n\n\n\n<p>En cada parcela se pueden consultar los valores estimados, junto con otros datos, como la superficie edificada total.<\/p>\n\n\n\n<p>El mapa informa el Valor Unitario de Alquiler (VUA) mensual y el Valor estimado por metro cuadrado final, y el Valor final mensual para uso residencial (departamentos y viviendas), actualizados a febrero de 2024.<\/p>\n\n\n\n<p>Est\u00e1 disponible en el siguiente link: <a href=\"https:\/\/mapascordoba.gob.ar\/viewer\/mapa\/510\">https:\/\/mapascordoba.gob.ar\/viewer\/mapa\/510<\/a><\/p>\n\n\n\n<p>El detalle completo del trabajo, con la descripci\u00f3n de la muestra utilizada, el proceso de homogeneizaci\u00f3n aplicado, los modelos desarrollados y resultados obtenidos, as\u00ed como de ejemplos para conocer el valor mensual final del alquiler en distintos inmuebles, est\u00e1n disponibles en el\u00a0\u2018<a href=\"https:\/\/obs-idecor-mapas-docs.obs.sa-argentina-1.myhuaweicloud.com\/m510\/Informe_Alquileres_Urbanos_2024.pdf\">Informe Valor de Alquileres Urbanos 2024 en principales localidades de la provincia de C\u00f3rdoba<\/a>\u2019.<\/p>\n","protected":false},"excerpt":{"rendered":"<p>As\u00ed lo establece la tercera edici\u00f3n del informe Mapa de Valor de Alquileres Urbanos 2024, elaborado por Infraestructura de Datos espaciales de la Provincia de C\u00f3rdoba (Idecor). All\u00ed se compara distintas localidades de la provincia y se responde a varias cuestiones: \u00bfC\u00f3mo evolucion\u00f3 el precio de los alquileres urbanos en las principales ciudades de la [&hellip;]<\/p>\n","protected":false},"author":6,"featured_media":76601,"comment_status":"open","ping_status":"open","sticky":false,"template":"","format":"standard","meta":{"site-sidebar-layout":"default","site-content-layout":"","ast-site-content-layout":"default","site-content-style":"default","site-sidebar-style":"default","ast-global-header-display":"","ast-banner-title-visibility":"","ast-main-header-display":"","ast-hfb-above-header-display":"","ast-hfb-below-header-display":"","ast-hfb-mobile-header-display":"","site-post-title":"","ast-breadcrumbs-content":"","ast-featured-img":"","footer-sml-layout":"","ast-disable-related-posts":"","theme-transparent-header-meta":"","adv-header-id-meta":"","stick-header-meta":"","header-above-stick-meta":"","header-main-stick-meta":"","header-below-stick-meta":"","astra-migrate-meta-layouts":"set","ast-page-background-enabled":"default","ast-page-background-meta":{"desktop":{"background-color":"","background-image":"","background-repeat":"repeat","background-position":"center center","background-size":"auto","background-attachment":"scroll","background-type":"","background-media":"","overlay-type":"","overlay-color":"","overlay-opacity":"","overlay-gradient":""},"tablet":{"background-color":"","background-image":"","background-repeat":"repeat","background-position":"center center","background-size":"auto","background-attachment":"scroll","background-type":"","background-media":"","overlay-type":"","overlay-color":"","overlay-opacity":"","overlay-gradient":""},"mobile":{"background-color":"","background-image":"","background-repeat":"repeat","background-position":"center center","background-size":"auto","background-attachment":"scroll","background-type":"","background-media":"","overlay-type":"","overlay-color":"","overlay-opacity":"","overlay-gradient":""}},"ast-content-background-meta":{"desktop":{"background-color":"var(--ast-global-color-5)","background-image":"","background-repeat":"repeat","background-position":"center center","background-size":"auto","background-attachment":"scroll","background-type":"","background-media":"","overlay-type":"","overlay-color":"","overlay-opacity":"","overlay-gradient":""},"tablet":{"background-color":"var(--ast-global-color-5)","background-image":"","background-repeat":"repeat","background-position":"center center","background-size":"auto","background-attachment":"scroll","background-type":"","background-media":"","overlay-type":"","overlay-color":"","overlay-opacity":"","overlay-gradient":""},"mobile":{"background-color":"var(--ast-global-color-5)","background-image":"","background-repeat":"repeat","background-position":"center center","background-size":"auto","background-attachment":"scroll","background-type":"","background-media":"","overlay-type":"","overlay-color":"","overlay-opacity":"","overlay-gradient":""}},"_jetpack_memberships_contains_paid_content":false,"_joinchat":[],"footnotes":""},"categories":[16095,3557,2],"tags":[17650,7159,16017,322,24049,3300,24050,2697,534,232,24051],"class_list":["post-94727","post","type-post","status-publish","format-standard","has-post-thumbnail","hentry","category-provinciales","category-tercera","category-villa-maria","tag-alquileres","tag-carlos-paz","tag-ciudades","tag-cordoba","tag-idecor","tag-informe","tag-metros-cuadrados","tag-san-francisco","tag-villa-maria","tag-villa-nueva","tag-vua"],"yoast_head":"<!-- This site is optimized with the Yoast SEO plugin v26.8 - https:\/\/yoast.com\/product\/yoast-seo-wordpress\/ -->\n<title>Valor de alquileres: Villa Mar\u00eda, m\u00e1s caro que R\u00edo Cuarto y San Francisco, pero menos que C\u00f3rdoba y Carlos Paz - El Regional<\/title>\n<meta name=\"robots\" content=\"index, follow, max-snippet:-1, max-image-preview:large, max-video-preview:-1\" \/>\n<link rel=\"canonical\" href=\"https:\/\/elregionalvm.com.ar\/noticias-villa-maria\/valor-de-alquileres-villa-maria-mas-caro-que-rio-cuarto-y-san-francisco-pero-menos-que-cordoba-y-carlos-paz\/\" \/>\n<meta property=\"og:locale\" content=\"es_ES\" \/>\n<meta property=\"og:type\" content=\"article\" \/>\n<meta property=\"og:title\" content=\"Valor de alquileres: Villa Mar\u00eda, m\u00e1s caro que R\u00edo Cuarto y San Francisco, pero menos que C\u00f3rdoba y Carlos Paz - El Regional\" \/>\n<meta property=\"og:description\" content=\"As\u00ed lo establece la tercera edici\u00f3n del informe Mapa de Valor de Alquileres Urbanos 2024, elaborado por Infraestructura de Datos espaciales de la Provincia de C\u00f3rdoba (Idecor). All\u00ed se compara distintas localidades de la provincia y se responde a varias cuestiones: \u00bfC\u00f3mo evolucion\u00f3 el precio de los alquileres urbanos en las principales ciudades de la [&hellip;]\" \/>\n<meta property=\"og:url\" content=\"https:\/\/elregionalvm.com.ar\/noticias-villa-maria\/valor-de-alquileres-villa-maria-mas-caro-que-rio-cuarto-y-san-francisco-pero-menos-que-cordoba-y-carlos-paz\/\" \/>\n<meta property=\"og:site_name\" content=\"El Regional\" \/>\n<meta property=\"article:publisher\" content=\"https:\/\/www.facebook.com\/elregionalvm\" \/>\n<meta property=\"article:published_time\" content=\"2024-06-04T21:48:10+00:00\" \/>\n<meta property=\"article:modified_time\" content=\"2024-06-10T02:42:36+00:00\" \/>\n<meta property=\"og:image\" content=\"https:\/\/elregionalvm.com.ar\/noticias-villa-maria\/wp-content\/uploads\/2023\/05\/Villa-Maria-cartel-costanera-compuertas.jpg\" \/>\n\t<meta property=\"og:image:width\" content=\"1200\" \/>\n\t<meta property=\"og:image:height\" content=\"900\" \/>\n\t<meta property=\"og:image:type\" content=\"image\/jpeg\" \/>\n<meta name=\"author\" content=\"Germ\u00e1n Giacchero\" \/>\n<meta name=\"twitter:card\" content=\"summary_large_image\" \/>\n<meta name=\"twitter:creator\" content=\"@elregionalvm1\" \/>\n<meta name=\"twitter:site\" content=\"@elregionalvm1\" \/>\n<meta name=\"twitter:label1\" content=\"Escrito por\" \/>\n\t<meta name=\"twitter:data1\" content=\"Germ\u00e1n Giacchero\" \/>\n\t<meta name=\"twitter:label2\" content=\"Tiempo de lectura\" \/>\n\t<meta name=\"twitter:data2\" content=\"5 minutos\" \/>\n<script type=\"application\/ld+json\" class=\"yoast-schema-graph\">{\"@context\":\"https:\/\/schema.org\",\"@graph\":[{\"@type\":\"Article\",\"@id\":\"https:\/\/elregionalvm.com.ar\/noticias-villa-maria\/valor-de-alquileres-villa-maria-mas-caro-que-rio-cuarto-y-san-francisco-pero-menos-que-cordoba-y-carlos-paz\/#article\",\"isPartOf\":{\"@id\":\"https:\/\/elregionalvm.com.ar\/noticias-villa-maria\/valor-de-alquileres-villa-maria-mas-caro-que-rio-cuarto-y-san-francisco-pero-menos-que-cordoba-y-carlos-paz\/\"},\"author\":{\"name\":\"Germ\u00e1n Giacchero\",\"@id\":\"http:\/\/elregionalvm.com.ar\/noticias-villa-maria\/#\/schema\/person\/d5e4b04966154131701e52c45d3efec9\"},\"headline\":\"Valor de alquileres: Villa Mar\u00eda, m\u00e1s caro que R\u00edo Cuarto y San Francisco, pero menos que C\u00f3rdoba y Carlos Paz\",\"datePublished\":\"2024-06-04T21:48:10+00:00\",\"dateModified\":\"2024-06-10T02:42:36+00:00\",\"mainEntityOfPage\":{\"@id\":\"https:\/\/elregionalvm.com.ar\/noticias-villa-maria\/valor-de-alquileres-villa-maria-mas-caro-que-rio-cuarto-y-san-francisco-pero-menos-que-cordoba-y-carlos-paz\/\"},\"wordCount\":987,\"commentCount\":0,\"image\":{\"@id\":\"https:\/\/elregionalvm.com.ar\/noticias-villa-maria\/valor-de-alquileres-villa-maria-mas-caro-que-rio-cuarto-y-san-francisco-pero-menos-que-cordoba-y-carlos-paz\/#primaryimage\"},\"thumbnailUrl\":\"https:\/\/i0.wp.com\/elregionalvm.com.ar\/noticias-villa-maria\/wp-content\/uploads\/2023\/05\/Villa-Maria-cartel-costanera-compuertas.jpg?fit=1200%2C900&ssl=1\",\"keywords\":[\"alquileres\",\"Carlos Paz\",\"ciudades\",\"c\u00f3rdoba\",\"Idecor\",\"Informe\",\"metros cuadrados\",\"San Francisco\",\"villa maria\",\"VILLA NUEVA\",\"VUA\"],\"articleSection\":[\"Provinciales\",\"tercera\",\"Villa Mar\u00eda\"],\"inLanguage\":\"es\",\"potentialAction\":[{\"@type\":\"CommentAction\",\"name\":\"Comment\",\"target\":[\"https:\/\/elregionalvm.com.ar\/noticias-villa-maria\/valor-de-alquileres-villa-maria-mas-caro-que-rio-cuarto-y-san-francisco-pero-menos-que-cordoba-y-carlos-paz\/#respond\"]}]},{\"@type\":\"WebPage\",\"@id\":\"https:\/\/elregionalvm.com.ar\/noticias-villa-maria\/valor-de-alquileres-villa-maria-mas-caro-que-rio-cuarto-y-san-francisco-pero-menos-que-cordoba-y-carlos-paz\/\",\"url\":\"https:\/\/elregionalvm.com.ar\/noticias-villa-maria\/valor-de-alquileres-villa-maria-mas-caro-que-rio-cuarto-y-san-francisco-pero-menos-que-cordoba-y-carlos-paz\/\",\"name\":\"Valor de alquileres: Villa Mar\u00eda, m\u00e1s caro que R\u00edo Cuarto y San Francisco, pero menos que C\u00f3rdoba y Carlos Paz - El Regional\",\"isPartOf\":{\"@id\":\"http:\/\/elregionalvm.com.ar\/noticias-villa-maria\/#website\"},\"primaryImageOfPage\":{\"@id\":\"https:\/\/elregionalvm.com.ar\/noticias-villa-maria\/valor-de-alquileres-villa-maria-mas-caro-que-rio-cuarto-y-san-francisco-pero-menos-que-cordoba-y-carlos-paz\/#primaryimage\"},\"image\":{\"@id\":\"https:\/\/elregionalvm.com.ar\/noticias-villa-maria\/valor-de-alquileres-villa-maria-mas-caro-que-rio-cuarto-y-san-francisco-pero-menos-que-cordoba-y-carlos-paz\/#primaryimage\"},\"thumbnailUrl\":\"https:\/\/i0.wp.com\/elregionalvm.com.ar\/noticias-villa-maria\/wp-content\/uploads\/2023\/05\/Villa-Maria-cartel-costanera-compuertas.jpg?fit=1200%2C900&ssl=1\",\"datePublished\":\"2024-06-04T21:48:10+00:00\",\"dateModified\":\"2024-06-10T02:42:36+00:00\",\"author\":{\"@id\":\"http:\/\/elregionalvm.com.ar\/noticias-villa-maria\/#\/schema\/person\/d5e4b04966154131701e52c45d3efec9\"},\"breadcrumb\":{\"@id\":\"https:\/\/elregionalvm.com.ar\/noticias-villa-maria\/valor-de-alquileres-villa-maria-mas-caro-que-rio-cuarto-y-san-francisco-pero-menos-que-cordoba-y-carlos-paz\/#breadcrumb\"},\"inLanguage\":\"es\",\"potentialAction\":[{\"@type\":\"ReadAction\",\"target\":[\"https:\/\/elregionalvm.com.ar\/noticias-villa-maria\/valor-de-alquileres-villa-maria-mas-caro-que-rio-cuarto-y-san-francisco-pero-menos-que-cordoba-y-carlos-paz\/\"]}]},{\"@type\":\"ImageObject\",\"inLanguage\":\"es\",\"@id\":\"https:\/\/elregionalvm.com.ar\/noticias-villa-maria\/valor-de-alquileres-villa-maria-mas-caro-que-rio-cuarto-y-san-francisco-pero-menos-que-cordoba-y-carlos-paz\/#primaryimage\",\"url\":\"https:\/\/i0.wp.com\/elregionalvm.com.ar\/noticias-villa-maria\/wp-content\/uploads\/2023\/05\/Villa-Maria-cartel-costanera-compuertas.jpg?fit=1200%2C900&ssl=1\",\"contentUrl\":\"https:\/\/i0.wp.com\/elregionalvm.com.ar\/noticias-villa-maria\/wp-content\/uploads\/2023\/05\/Villa-Maria-cartel-costanera-compuertas.jpg?fit=1200%2C900&ssl=1\",\"width\":1200,\"height\":900},{\"@type\":\"BreadcrumbList\",\"@id\":\"https:\/\/elregionalvm.com.ar\/noticias-villa-maria\/valor-de-alquileres-villa-maria-mas-caro-que-rio-cuarto-y-san-francisco-pero-menos-que-cordoba-y-carlos-paz\/#breadcrumb\",\"itemListElement\":[{\"@type\":\"ListItem\",\"position\":1,\"name\":\"Portada\",\"item\":\"https:\/\/elregionalvm.com.ar\/noticias-villa-maria\/\"},{\"@type\":\"ListItem\",\"position\":2,\"name\":\"Valor de alquileres: Villa Mar\u00eda, m\u00e1s caro que R\u00edo Cuarto y San Francisco, pero menos que C\u00f3rdoba y Carlos Paz\"}]},{\"@type\":\"WebSite\",\"@id\":\"http:\/\/elregionalvm.com.ar\/noticias-villa-maria\/#website\",\"url\":\"http:\/\/elregionalvm.com.ar\/noticias-villa-maria\/\",\"name\":\"El Regional\",\"description\":\"Mucho m\u00e1s que informaci\u00f3n\",\"potentialAction\":[{\"@type\":\"SearchAction\",\"target\":{\"@type\":\"EntryPoint\",\"urlTemplate\":\"http:\/\/elregionalvm.com.ar\/noticias-villa-maria\/?s={search_term_string}\"},\"query-input\":{\"@type\":\"PropertyValueSpecification\",\"valueRequired\":true,\"valueName\":\"search_term_string\"}}],\"inLanguage\":\"es\"},{\"@type\":\"Person\",\"@id\":\"http:\/\/elregionalvm.com.ar\/noticias-villa-maria\/#\/schema\/person\/d5e4b04966154131701e52c45d3efec9\",\"name\":\"Germ\u00e1n Giacchero\",\"image\":{\"@type\":\"ImageObject\",\"inLanguage\":\"es\",\"@id\":\"http:\/\/elregionalvm.com.ar\/noticias-villa-maria\/#\/schema\/person\/image\/\",\"url\":\"https:\/\/secure.gravatar.com\/avatar\/fda163ba5ef0307ee5be9846e10f83b6e83d0cfb260d3b2464830318894c6b04?s=96&d=mm&r=g\",\"contentUrl\":\"https:\/\/secure.gravatar.com\/avatar\/fda163ba5ef0307ee5be9846e10f83b6e83d0cfb260d3b2464830318894c6b04?s=96&d=mm&r=g\",\"caption\":\"Germ\u00e1n Giacchero\"},\"url\":\"https:\/\/elregionalvm.com.ar\/noticias-villa-maria\/author\/germangiacchero\/\"}]}<\/script>\n<!-- \/ Yoast SEO plugin. -->","yoast_head_json":{"title":"Valor de alquileres: Villa Mar\u00eda, m\u00e1s caro que R\u00edo Cuarto y San Francisco, pero menos que C\u00f3rdoba y Carlos Paz - El Regional","robots":{"index":"index","follow":"follow","max-snippet":"max-snippet:-1","max-image-preview":"max-image-preview:large","max-video-preview":"max-video-preview:-1"},"canonical":"https:\/\/elregionalvm.com.ar\/noticias-villa-maria\/valor-de-alquileres-villa-maria-mas-caro-que-rio-cuarto-y-san-francisco-pero-menos-que-cordoba-y-carlos-paz\/","og_locale":"es_ES","og_type":"article","og_title":"Valor de alquileres: Villa Mar\u00eda, m\u00e1s caro que R\u00edo Cuarto y San Francisco, pero menos que C\u00f3rdoba y Carlos Paz - El Regional","og_description":"As\u00ed lo establece la tercera edici\u00f3n del informe Mapa de Valor de Alquileres Urbanos 2024, elaborado por Infraestructura de Datos espaciales de la Provincia de C\u00f3rdoba (Idecor). All\u00ed se compara distintas localidades de la provincia y se responde a varias cuestiones: \u00bfC\u00f3mo evolucion\u00f3 el precio de los alquileres urbanos en las principales ciudades de la [&hellip;]","og_url":"https:\/\/elregionalvm.com.ar\/noticias-villa-maria\/valor-de-alquileres-villa-maria-mas-caro-que-rio-cuarto-y-san-francisco-pero-menos-que-cordoba-y-carlos-paz\/","og_site_name":"El Regional","article_publisher":"https:\/\/www.facebook.com\/elregionalvm","article_published_time":"2024-06-04T21:48:10+00:00","article_modified_time":"2024-06-10T02:42:36+00:00","og_image":[{"width":1200,"height":900,"url":"https:\/\/elregionalvm.com.ar\/noticias-villa-maria\/wp-content\/uploads\/2023\/05\/Villa-Maria-cartel-costanera-compuertas.jpg","type":"image\/jpeg"}],"author":"Germ\u00e1n Giacchero","twitter_card":"summary_large_image","twitter_creator":"@elregionalvm1","twitter_site":"@elregionalvm1","twitter_misc":{"Escrito por":"Germ\u00e1n Giacchero","Tiempo de lectura":"5 minutos"},"schema":{"@context":"https:\/\/schema.org","@graph":[{"@type":"Article","@id":"https:\/\/elregionalvm.com.ar\/noticias-villa-maria\/valor-de-alquileres-villa-maria-mas-caro-que-rio-cuarto-y-san-francisco-pero-menos-que-cordoba-y-carlos-paz\/#article","isPartOf":{"@id":"https:\/\/elregionalvm.com.ar\/noticias-villa-maria\/valor-de-alquileres-villa-maria-mas-caro-que-rio-cuarto-y-san-francisco-pero-menos-que-cordoba-y-carlos-paz\/"},"author":{"name":"Germ\u00e1n Giacchero","@id":"http:\/\/elregionalvm.com.ar\/noticias-villa-maria\/#\/schema\/person\/d5e4b04966154131701e52c45d3efec9"},"headline":"Valor de alquileres: Villa Mar\u00eda, m\u00e1s caro que R\u00edo Cuarto y San Francisco, pero menos que C\u00f3rdoba y Carlos Paz","datePublished":"2024-06-04T21:48:10+00:00","dateModified":"2024-06-10T02:42:36+00:00","mainEntityOfPage":{"@id":"https:\/\/elregionalvm.com.ar\/noticias-villa-maria\/valor-de-alquileres-villa-maria-mas-caro-que-rio-cuarto-y-san-francisco-pero-menos-que-cordoba-y-carlos-paz\/"},"wordCount":987,"commentCount":0,"image":{"@id":"https:\/\/elregionalvm.com.ar\/noticias-villa-maria\/valor-de-alquileres-villa-maria-mas-caro-que-rio-cuarto-y-san-francisco-pero-menos-que-cordoba-y-carlos-paz\/#primaryimage"},"thumbnailUrl":"https:\/\/i0.wp.com\/elregionalvm.com.ar\/noticias-villa-maria\/wp-content\/uploads\/2023\/05\/Villa-Maria-cartel-costanera-compuertas.jpg?fit=1200%2C900&ssl=1","keywords":["alquileres","Carlos Paz","ciudades","c\u00f3rdoba","Idecor","Informe","metros cuadrados","San Francisco","villa maria","VILLA NUEVA","VUA"],"articleSection":["Provinciales","tercera","Villa Mar\u00eda"],"inLanguage":"es","potentialAction":[{"@type":"CommentAction","name":"Comment","target":["https:\/\/elregionalvm.com.ar\/noticias-villa-maria\/valor-de-alquileres-villa-maria-mas-caro-que-rio-cuarto-y-san-francisco-pero-menos-que-cordoba-y-carlos-paz\/#respond"]}]},{"@type":"WebPage","@id":"https:\/\/elregionalvm.com.ar\/noticias-villa-maria\/valor-de-alquileres-villa-maria-mas-caro-que-rio-cuarto-y-san-francisco-pero-menos-que-cordoba-y-carlos-paz\/","url":"https:\/\/elregionalvm.com.ar\/noticias-villa-maria\/valor-de-alquileres-villa-maria-mas-caro-que-rio-cuarto-y-san-francisco-pero-menos-que-cordoba-y-carlos-paz\/","name":"Valor de alquileres: Villa Mar\u00eda, m\u00e1s caro que R\u00edo Cuarto y San Francisco, pero menos que C\u00f3rdoba y Carlos Paz - El Regional","isPartOf":{"@id":"http:\/\/elregionalvm.com.ar\/noticias-villa-maria\/#website"},"primaryImageOfPage":{"@id":"https:\/\/elregionalvm.com.ar\/noticias-villa-maria\/valor-de-alquileres-villa-maria-mas-caro-que-rio-cuarto-y-san-francisco-pero-menos-que-cordoba-y-carlos-paz\/#primaryimage"},"image":{"@id":"https:\/\/elregionalvm.com.ar\/noticias-villa-maria\/valor-de-alquileres-villa-maria-mas-caro-que-rio-cuarto-y-san-francisco-pero-menos-que-cordoba-y-carlos-paz\/#primaryimage"},"thumbnailUrl":"https:\/\/i0.wp.com\/elregionalvm.com.ar\/noticias-villa-maria\/wp-content\/uploads\/2023\/05\/Villa-Maria-cartel-costanera-compuertas.jpg?fit=1200%2C900&ssl=1","datePublished":"2024-06-04T21:48:10+00:00","dateModified":"2024-06-10T02:42:36+00:00","author":{"@id":"http:\/\/elregionalvm.com.ar\/noticias-villa-maria\/#\/schema\/person\/d5e4b04966154131701e52c45d3efec9"},"breadcrumb":{"@id":"https:\/\/elregionalvm.com.ar\/noticias-villa-maria\/valor-de-alquileres-villa-maria-mas-caro-que-rio-cuarto-y-san-francisco-pero-menos-que-cordoba-y-carlos-paz\/#breadcrumb"},"inLanguage":"es","potentialAction":[{"@type":"ReadAction","target":["https:\/\/elregionalvm.com.ar\/noticias-villa-maria\/valor-de-alquileres-villa-maria-mas-caro-que-rio-cuarto-y-san-francisco-pero-menos-que-cordoba-y-carlos-paz\/"]}]},{"@type":"ImageObject","inLanguage":"es","@id":"https:\/\/elregionalvm.com.ar\/noticias-villa-maria\/valor-de-alquileres-villa-maria-mas-caro-que-rio-cuarto-y-san-francisco-pero-menos-que-cordoba-y-carlos-paz\/#primaryimage","url":"https:\/\/i0.wp.com\/elregionalvm.com.ar\/noticias-villa-maria\/wp-content\/uploads\/2023\/05\/Villa-Maria-cartel-costanera-compuertas.jpg?fit=1200%2C900&ssl=1","contentUrl":"https:\/\/i0.wp.com\/elregionalvm.com.ar\/noticias-villa-maria\/wp-content\/uploads\/2023\/05\/Villa-Maria-cartel-costanera-compuertas.jpg?fit=1200%2C900&ssl=1","width":1200,"height":900},{"@type":"BreadcrumbList","@id":"https:\/\/elregionalvm.com.ar\/noticias-villa-maria\/valor-de-alquileres-villa-maria-mas-caro-que-rio-cuarto-y-san-francisco-pero-menos-que-cordoba-y-carlos-paz\/#breadcrumb","itemListElement":[{"@type":"ListItem","position":1,"name":"Portada","item":"https:\/\/elregionalvm.com.ar\/noticias-villa-maria\/"},{"@type":"ListItem","position":2,"name":"Valor de alquileres: Villa Mar\u00eda, m\u00e1s caro que R\u00edo Cuarto y San Francisco, pero menos que C\u00f3rdoba y Carlos Paz"}]},{"@type":"WebSite","@id":"http:\/\/elregionalvm.com.ar\/noticias-villa-maria\/#website","url":"http:\/\/elregionalvm.com.ar\/noticias-villa-maria\/","name":"El Regional","description":"Mucho m\u00e1s que informaci\u00f3n","potentialAction":[{"@type":"SearchAction","target":{"@type":"EntryPoint","urlTemplate":"http:\/\/elregionalvm.com.ar\/noticias-villa-maria\/?s={search_term_string}"},"query-input":{"@type":"PropertyValueSpecification","valueRequired":true,"valueName":"search_term_string"}}],"inLanguage":"es"},{"@type":"Person","@id":"http:\/\/elregionalvm.com.ar\/noticias-villa-maria\/#\/schema\/person\/d5e4b04966154131701e52c45d3efec9","name":"Germ\u00e1n Giacchero","image":{"@type":"ImageObject","inLanguage":"es","@id":"http:\/\/elregionalvm.com.ar\/noticias-villa-maria\/#\/schema\/person\/image\/","url":"https:\/\/secure.gravatar.com\/avatar\/fda163ba5ef0307ee5be9846e10f83b6e83d0cfb260d3b2464830318894c6b04?s=96&d=mm&r=g","contentUrl":"https:\/\/secure.gravatar.com\/avatar\/fda163ba5ef0307ee5be9846e10f83b6e83d0cfb260d3b2464830318894c6b04?s=96&d=mm&r=g","caption":"Germ\u00e1n Giacchero"},"url":"https:\/\/elregionalvm.com.ar\/noticias-villa-maria\/author\/germangiacchero\/"}]}},"jetpack_featured_media_url":"https:\/\/i0.wp.com\/elregionalvm.com.ar\/noticias-villa-maria\/wp-content\/uploads\/2023\/05\/Villa-Maria-cartel-costanera-compuertas.jpg?fit=1200%2C900&ssl=1","jetpack_sharing_enabled":true,"_links":{"self":[{"href":"https:\/\/elregionalvm.com.ar\/noticias-villa-maria\/wp-json\/wp\/v2\/posts\/94727","targetHints":{"allow":["GET"]}}],"collection":[{"href":"https:\/\/elregionalvm.com.ar\/noticias-villa-maria\/wp-json\/wp\/v2\/posts"}],"about":[{"href":"https:\/\/elregionalvm.com.ar\/noticias-villa-maria\/wp-json\/wp\/v2\/types\/post"}],"author":[{"embeddable":true,"href":"https:\/\/elregionalvm.com.ar\/noticias-villa-maria\/wp-json\/wp\/v2\/users\/6"}],"replies":[{"embeddable":true,"href":"https:\/\/elregionalvm.com.ar\/noticias-villa-maria\/wp-json\/wp\/v2\/comments?post=94727"}],"version-history":[{"count":2,"href":"https:\/\/elregionalvm.com.ar\/noticias-villa-maria\/wp-json\/wp\/v2\/posts\/94727\/revisions"}],"predecessor-version":[{"id":94731,"href":"https:\/\/elregionalvm.com.ar\/noticias-villa-maria\/wp-json\/wp\/v2\/posts\/94727\/revisions\/94731"}],"wp:featuredmedia":[{"embeddable":true,"href":"https:\/\/elregionalvm.com.ar\/noticias-villa-maria\/wp-json\/wp\/v2\/media\/76601"}],"wp:attachment":[{"href":"https:\/\/elregionalvm.com.ar\/noticias-villa-maria\/wp-json\/wp\/v2\/media?parent=94727"}],"wp:term":[{"taxonomy":"category","embeddable":true,"href":"https:\/\/elregionalvm.com.ar\/noticias-villa-maria\/wp-json\/wp\/v2\/categories?post=94727"},{"taxonomy":"post_tag","embeddable":true,"href":"https:\/\/elregionalvm.com.ar\/noticias-villa-maria\/wp-json\/wp\/v2\/tags?post=94727"}],"curies":[{"name":"wp","href":"https:\/\/api.w.org\/{rel}","templated":true}]}}