{"id":94765,"date":"2024-06-05T01:58:56","date_gmt":"2024-06-05T01:58:56","guid":{"rendered":"https:\/\/elregionalvm.com.ar\/noticias-villa-maria\/?p=94765"},"modified":"2024-06-06T21:03:42","modified_gmt":"2024-06-06T21:03:42","slug":"historias-muerte-en-un-velorio-la-tragica-historia-del-tanguero-horacio-basterra","status":"publish","type":"post","link":"https:\/\/elregionalvm.com.ar\/noticias-villa-maria\/historias-muerte-en-un-velorio-la-tragica-historia-del-tanguero-horacio-basterra\/","title":{"rendered":"[Historias] Muerte en un velorio: La tr\u00e1gica historia del tanguero Horacio Basterra"},"content":{"rendered":"\n<h3 class=\"wp-block-heading\"><strong>Me permito escribir esta nota, no por el tema, ajeno a mis conocimientos musicales, sino por la historia y el final del autor del tango \u201cNADA\u201d.<\/strong><\/h3>\n\n\n\n<p><\/p>\n\n\n\n<p><strong>Escribe: JULIO A. BEN\u00cdTEZ \u2013 benitezjulioalberto@gmail.com<\/strong><\/p>\n\n\n\n<p><\/p>\n\n\n\n<p>Horacio Basterra, uruguayo (19\/03\/1914), que utilizaba el seud\u00f3nimo \u201cHoracio Sanguinetti\u201d, fue un letrista dedicado en Argentina al g\u00e9nero del tango y que escribi\u00f3 unos 150 t\u00edtulos, entre ellos el registrado como \u201cNada\u201d, con m\u00fasica de Jos\u00e9 Dames, interpretado por las&nbsp; orquestas y cantores&nbsp; m\u00e1s conocidos en aquellos a\u00f1os, es decir, uno de los llamados temas cl\u00e1sicos.<\/p>\n\n\n\n<p>Muy poco se sabe sobre la vida de este autor. La historia cuenta que en 1950 falleci\u00f3 una hermana suya de tuberculosis y en el velatorio, junto al f\u00e9retro discuti\u00f3 con el viudo, su cu\u00f1ado, a quien Basterra acus\u00f3 de haberla tratado siempre mal y con golpes.<\/p>\n\n\n\n<p>Ante los insultos de Horacio, el viudo, su cu\u00f1ado, que era militar, amag\u00f3 sacar un arma, pero Basterra fue m\u00e1s r\u00e1pido y dispar\u00f3 primero, con un balazo en el pecho, que lo mat\u00f3, ante los asistentes al velatorio. Imaginemos el terrible momento vivido por los presentes.<\/p>\n\n\n\n<p><\/p>\n\n\n\n<figure class=\"wp-block-image size-large\"><img data-recalc-dims=\"1\" fetchpriority=\"high\" decoding=\"async\" width=\"1024\" height=\"768\" src=\"https:\/\/i0.wp.com\/elregionalvm.com.ar\/noticias-villa-maria\/wp-content\/uploads\/2024\/06\/Horacio-Basterra-tango-tragedia-nada.jpg?resize=1024%2C768&#038;ssl=1\" alt=\"\" class=\"wp-image-94768\" srcset=\"https:\/\/i0.wp.com\/elregionalvm.com.ar\/noticias-villa-maria\/wp-content\/uploads\/2024\/06\/Horacio-Basterra-tango-tragedia-nada.jpg?resize=1024%2C768&amp;ssl=1 1024w, https:\/\/i0.wp.com\/elregionalvm.com.ar\/noticias-villa-maria\/wp-content\/uploads\/2024\/06\/Horacio-Basterra-tango-tragedia-nada.jpg?resize=300%2C225&amp;ssl=1 300w, https:\/\/i0.wp.com\/elregionalvm.com.ar\/noticias-villa-maria\/wp-content\/uploads\/2024\/06\/Horacio-Basterra-tango-tragedia-nada.jpg?resize=768%2C576&amp;ssl=1 768w, https:\/\/i0.wp.com\/elregionalvm.com.ar\/noticias-villa-maria\/wp-content\/uploads\/2024\/06\/Horacio-Basterra-tango-tragedia-nada.jpg?w=1200&amp;ssl=1 1200w\" sizes=\"(max-width: 1000px) 100vw, 1000px\" \/><\/figure>\n\n\n\n<p><\/p>\n\n\n\n<p><strong>La desaparici\u00f3n<\/strong><\/p>\n\n\n\n<p>Horacio huy\u00f3, buscando ayuda de amigos, primero fue a la casa de Osvaldo Pugliese y despu\u00e9s al cabaret Chantecler, donde Juan D\u2019Ariendo, C\u00e1tulo Castillo y Homero Manzi escucharon su historia y decidieron ayudarlo.<\/p>\n\n\n\n<p>Nunca se supo quienes pod\u00edan tener contactos con los militares, pero consiguieron que se suspendiera por 24 horas la b\u00fasqueda del asesino y los tres amigos le dieron todo el dinero que ten\u00edan en ese momento.&nbsp;<\/p>\n\n\n\n<p>Lo llevaron a San Fernando y subi\u00f3 a una lancha hacia Carmelo, Uruguay, donde se sab\u00eda que hab\u00eda exiliados pol\u00edticos argentinos.<\/p>\n\n\n\n<p>Pasaron las 24 horas, la polic\u00eda busc\u00f3 en sus lugares habituales, pregunt\u00f3 a amigos, una incesante tarea de investigaci\u00f3n. En Buenos Aires y, por las dudas, tambi\u00e9n se moviliz\u00f3 la polic\u00eda de Uruguay.<\/p>\n\n\n\n<p>Nadie sab\u00eda nada, ni los que sab\u00edan, hablaron, de d\u00f3nde pod\u00eda estar quien hab\u00eda matado a un militar.<\/p>\n\n\n\n<p>Como desaparecido pas\u00f3 el tiempo, hasta que apareci\u00f3 en los medios informativos que Horacio Basterra hab\u00eda fallecido el 11 de diciembre de 1957.<\/p>\n","protected":false},"excerpt":{"rendered":"<p>Me permito escribir esta nota, no por el tema, ajeno a mis conocimientos musicales, sino por la historia y el final del autor del tango \u201cNADA\u201d. Escribe: JULIO A. BEN\u00cdTEZ \u2013 benitezjulioalberto@gmail.com Horacio Basterra, uruguayo (19\/03\/1914), que utilizaba el seud\u00f3nimo \u201cHoracio Sanguinetti\u201d, fue un letrista dedicado en Argentina al g\u00e9nero del tango y que escribi\u00f3 [&hellip;]<\/p>\n","protected":false},"author":4,"featured_media":94767,"comment_status":"open","ping_status":"open","sticky":false,"template":"","format":"standard","meta":{"site-sidebar-layout":"default","site-content-layout":"","ast-site-content-layout":"default","site-content-style":"default","site-sidebar-style":"default","ast-global-header-display":"","ast-banner-title-visibility":"","ast-main-header-display":"","ast-hfb-above-header-display":"","ast-hfb-below-header-display":"","ast-hfb-mobile-header-display":"","site-post-title":"","ast-breadcrumbs-content":"","ast-featured-img":"","footer-sml-layout":"","ast-disable-related-posts":"","theme-transparent-header-meta":"","adv-header-id-meta":"","stick-header-meta":"","header-above-stick-meta":"","header-main-stick-meta":"","header-below-stick-meta":"","astra-migrate-meta-layouts":"set","ast-page-background-enabled":"default","ast-page-background-meta":{"desktop":{"background-color":"","background-image":"","background-repeat":"repeat","background-position":"center center","background-size":"auto","background-attachment":"scroll","background-type":"","background-media":"","overlay-type":"","overlay-color":"","overlay-opacity":"","overlay-gradient":""},"tablet":{"background-color":"","background-image":"","background-repeat":"repeat","background-position":"center center","background-size":"auto","background-attachment":"scroll","background-type":"","background-media":"","overlay-type":"","overlay-color":"","overlay-opacity":"","overlay-gradient":""},"mobile":{"background-color":"","background-image":"","background-repeat":"repeat","background-position":"center center","background-size":"auto","background-attachment":"scroll","background-type":"","background-media":"","overlay-type":"","overlay-color":"","overlay-opacity":"","overlay-gradient":""}},"ast-content-background-meta":{"desktop":{"background-color":"var(--ast-global-color-5)","background-image":"","background-repeat":"repeat","background-position":"center center","background-size":"auto","background-attachment":"scroll","background-type":"","background-media":"","overlay-type":"","overlay-color":"","overlay-opacity":"","overlay-gradient":""},"tablet":{"background-color":"var(--ast-global-color-5)","background-image":"","background-repeat":"repeat","background-position":"center center","background-size":"auto","background-attachment":"scroll","background-type":"","background-media":"","overlay-type":"","overlay-color":"","overlay-opacity":"","overlay-gradient":""},"mobile":{"background-color":"var(--ast-global-color-5)","background-image":"","background-repeat":"repeat","background-position":"center center","background-size":"auto","background-attachment":"scroll","background-type":"","background-media":"","overlay-type":"","overlay-color":"","overlay-opacity":"","overlay-gradient":""}},"_jetpack_memberships_contains_paid_content":false,"_joinchat":[],"footnotes":""},"categories":[2098,3557],"tags":[3684,3027,24054,22200,24052,370,348],"class_list":["post-94765","post","type-post","status-publish","format-standard","has-post-thumbnail","hentry","category-historias","category-tercera","tag-canciones","tag-disparo","tag-horacio-basterra","tag-militar","tag-nada","tag-tango","tag-tragedia"],"yoast_head":"<!-- This site is optimized with the Yoast SEO plugin v26.8 - https:\/\/yoast.com\/product\/yoast-seo-wordpress\/ -->\n<title>[Historias] Muerte en un velorio: La tr\u00e1gica historia del tanguero Horacio Basterra - El Regional<\/title>\n<meta name=\"robots\" content=\"index, follow, max-snippet:-1, max-image-preview:large, max-video-preview:-1\" \/>\n<link rel=\"canonical\" href=\"https:\/\/elregionalvm.com.ar\/noticias-villa-maria\/historias-muerte-en-un-velorio-la-tragica-historia-del-tanguero-horacio-basterra\/\" \/>\n<meta property=\"og:locale\" content=\"es_ES\" \/>\n<meta property=\"og:type\" content=\"article\" \/>\n<meta property=\"og:title\" content=\"[Historias] Muerte en un velorio: La tr\u00e1gica historia del tanguero Horacio Basterra - El Regional\" \/>\n<meta property=\"og:description\" content=\"Me permito escribir esta nota, no por el tema, ajeno a mis conocimientos musicales, sino por la historia y el final del autor del tango \u201cNADA\u201d. Escribe: JULIO A. BEN\u00cdTEZ \u2013 benitezjulioalberto@gmail.com Horacio Basterra, uruguayo (19\/03\/1914), que utilizaba el seud\u00f3nimo \u201cHoracio Sanguinetti\u201d, fue un letrista dedicado en Argentina al g\u00e9nero del tango y que escribi\u00f3 [&hellip;]\" \/>\n<meta property=\"og:url\" content=\"https:\/\/elregionalvm.com.ar\/noticias-villa-maria\/historias-muerte-en-un-velorio-la-tragica-historia-del-tanguero-horacio-basterra\/\" \/>\n<meta property=\"og:site_name\" content=\"El Regional\" \/>\n<meta property=\"article:publisher\" content=\"https:\/\/www.facebook.com\/elregionalvm\" \/>\n<meta property=\"article:published_time\" content=\"2024-06-05T01:58:56+00:00\" \/>\n<meta property=\"article:modified_time\" content=\"2024-06-06T21:03:42+00:00\" \/>\n<meta property=\"og:image\" content=\"https:\/\/elregionalvm.com.ar\/noticias-villa-maria\/wp-content\/uploads\/2024\/06\/arma-de-fuego-disparo-revolver.webp\" \/>\n\t<meta property=\"og:image:width\" content=\"800\" \/>\n\t<meta property=\"og:image:height\" content=\"533\" \/>\n\t<meta property=\"og:image:type\" content=\"image\/webp\" \/>\n<meta name=\"author\" content=\"Contenidos El Regional\" \/>\n<meta name=\"twitter:card\" content=\"summary_large_image\" \/>\n<meta name=\"twitter:creator\" content=\"@elregionalvm1\" \/>\n<meta name=\"twitter:site\" content=\"@elregionalvm1\" \/>\n<meta name=\"twitter:label1\" content=\"Escrito por\" \/>\n\t<meta name=\"twitter:data1\" content=\"Contenidos El Regional\" \/>\n\t<meta name=\"twitter:label2\" content=\"Tiempo de lectura\" \/>\n\t<meta name=\"twitter:data2\" content=\"2 minutos\" \/>\n<script type=\"application\/ld+json\" class=\"yoast-schema-graph\">{\"@context\":\"https:\/\/schema.org\",\"@graph\":[{\"@type\":\"Article\",\"@id\":\"https:\/\/elregionalvm.com.ar\/noticias-villa-maria\/historias-muerte-en-un-velorio-la-tragica-historia-del-tanguero-horacio-basterra\/#article\",\"isPartOf\":{\"@id\":\"https:\/\/elregionalvm.com.ar\/noticias-villa-maria\/historias-muerte-en-un-velorio-la-tragica-historia-del-tanguero-horacio-basterra\/\"},\"author\":{\"name\":\"Contenidos El Regional\",\"@id\":\"http:\/\/elregionalvm.com.ar\/noticias-villa-maria\/#\/schema\/person\/a0fb9c422317faca23d50163151bc354\"},\"headline\":\"[Historias] Muerte en un velorio: La tr\u00e1gica historia del tanguero Horacio Basterra\",\"datePublished\":\"2024-06-05T01:58:56+00:00\",\"dateModified\":\"2024-06-06T21:03:42+00:00\",\"mainEntityOfPage\":{\"@id\":\"https:\/\/elregionalvm.com.ar\/noticias-villa-maria\/historias-muerte-en-un-velorio-la-tragica-historia-del-tanguero-horacio-basterra\/\"},\"wordCount\":390,\"commentCount\":0,\"image\":{\"@id\":\"https:\/\/elregionalvm.com.ar\/noticias-villa-maria\/historias-muerte-en-un-velorio-la-tragica-historia-del-tanguero-horacio-basterra\/#primaryimage\"},\"thumbnailUrl\":\"https:\/\/i0.wp.com\/elregionalvm.com.ar\/noticias-villa-maria\/wp-content\/uploads\/2024\/06\/arma-de-fuego-disparo-revolver.webp?fit=800%2C533&ssl=1\",\"keywords\":[\"Canciones\",\"disparo\",\"Horacio Basterra\",\"militar\",\"Nada\",\"tango\",\"tragedia\"],\"articleSection\":[\"Historias\",\"tercera\"],\"inLanguage\":\"es\",\"potentialAction\":[{\"@type\":\"CommentAction\",\"name\":\"Comment\",\"target\":[\"https:\/\/elregionalvm.com.ar\/noticias-villa-maria\/historias-muerte-en-un-velorio-la-tragica-historia-del-tanguero-horacio-basterra\/#respond\"]}]},{\"@type\":\"WebPage\",\"@id\":\"https:\/\/elregionalvm.com.ar\/noticias-villa-maria\/historias-muerte-en-un-velorio-la-tragica-historia-del-tanguero-horacio-basterra\/\",\"url\":\"https:\/\/elregionalvm.com.ar\/noticias-villa-maria\/historias-muerte-en-un-velorio-la-tragica-historia-del-tanguero-horacio-basterra\/\",\"name\":\"[Historias] Muerte en un velorio: La tr\u00e1gica historia del tanguero Horacio Basterra - El Regional\",\"isPartOf\":{\"@id\":\"http:\/\/elregionalvm.com.ar\/noticias-villa-maria\/#website\"},\"primaryImageOfPage\":{\"@id\":\"https:\/\/elregionalvm.com.ar\/noticias-villa-maria\/historias-muerte-en-un-velorio-la-tragica-historia-del-tanguero-horacio-basterra\/#primaryimage\"},\"image\":{\"@id\":\"https:\/\/elregionalvm.com.ar\/noticias-villa-maria\/historias-muerte-en-un-velorio-la-tragica-historia-del-tanguero-horacio-basterra\/#primaryimage\"},\"thumbnailUrl\":\"https:\/\/i0.wp.com\/elregionalvm.com.ar\/noticias-villa-maria\/wp-content\/uploads\/2024\/06\/arma-de-fuego-disparo-revolver.webp?fit=800%2C533&ssl=1\",\"datePublished\":\"2024-06-05T01:58:56+00:00\",\"dateModified\":\"2024-06-06T21:03:42+00:00\",\"author\":{\"@id\":\"http:\/\/elregionalvm.com.ar\/noticias-villa-maria\/#\/schema\/person\/a0fb9c422317faca23d50163151bc354\"},\"breadcrumb\":{\"@id\":\"https:\/\/elregionalvm.com.ar\/noticias-villa-maria\/historias-muerte-en-un-velorio-la-tragica-historia-del-tanguero-horacio-basterra\/#breadcrumb\"},\"inLanguage\":\"es\",\"potentialAction\":[{\"@type\":\"ReadAction\",\"target\":[\"https:\/\/elregionalvm.com.ar\/noticias-villa-maria\/historias-muerte-en-un-velorio-la-tragica-historia-del-tanguero-horacio-basterra\/\"]}]},{\"@type\":\"ImageObject\",\"inLanguage\":\"es\",\"@id\":\"https:\/\/elregionalvm.com.ar\/noticias-villa-maria\/historias-muerte-en-un-velorio-la-tragica-historia-del-tanguero-horacio-basterra\/#primaryimage\",\"url\":\"https:\/\/i0.wp.com\/elregionalvm.com.ar\/noticias-villa-maria\/wp-content\/uploads\/2024\/06\/arma-de-fuego-disparo-revolver.webp?fit=800%2C533&ssl=1\",\"contentUrl\":\"https:\/\/i0.wp.com\/elregionalvm.com.ar\/noticias-villa-maria\/wp-content\/uploads\/2024\/06\/arma-de-fuego-disparo-revolver.webp?fit=800%2C533&ssl=1\",\"width\":800,\"height\":533},{\"@type\":\"BreadcrumbList\",\"@id\":\"https:\/\/elregionalvm.com.ar\/noticias-villa-maria\/historias-muerte-en-un-velorio-la-tragica-historia-del-tanguero-horacio-basterra\/#breadcrumb\",\"itemListElement\":[{\"@type\":\"ListItem\",\"position\":1,\"name\":\"Portada\",\"item\":\"https:\/\/elregionalvm.com.ar\/noticias-villa-maria\/\"},{\"@type\":\"ListItem\",\"position\":2,\"name\":\"[Historias] Muerte en un velorio: La tr\u00e1gica historia del tanguero Horacio Basterra\"}]},{\"@type\":\"WebSite\",\"@id\":\"http:\/\/elregionalvm.com.ar\/noticias-villa-maria\/#website\",\"url\":\"http:\/\/elregionalvm.com.ar\/noticias-villa-maria\/\",\"name\":\"El Regional\",\"description\":\"Mucho m\u00e1s que informaci\u00f3n\",\"potentialAction\":[{\"@type\":\"SearchAction\",\"target\":{\"@type\":\"EntryPoint\",\"urlTemplate\":\"http:\/\/elregionalvm.com.ar\/noticias-villa-maria\/?s={search_term_string}\"},\"query-input\":{\"@type\":\"PropertyValueSpecification\",\"valueRequired\":true,\"valueName\":\"search_term_string\"}}],\"inLanguage\":\"es\"},{\"@type\":\"Person\",\"@id\":\"http:\/\/elregionalvm.com.ar\/noticias-villa-maria\/#\/schema\/person\/a0fb9c422317faca23d50163151bc354\",\"name\":\"Contenidos El Regional\",\"image\":{\"@type\":\"ImageObject\",\"inLanguage\":\"es\",\"@id\":\"http:\/\/elregionalvm.com.ar\/noticias-villa-maria\/#\/schema\/person\/image\/\",\"url\":\"https:\/\/secure.gravatar.com\/avatar\/265b27cb2209af7bb3a1318f03305787d7981a5cc6e6cd08fe5a4ecdf99d4b48?s=96&d=mm&r=g\",\"contentUrl\":\"https:\/\/secure.gravatar.com\/avatar\/265b27cb2209af7bb3a1318f03305787d7981a5cc6e6cd08fe5a4ecdf99d4b48?s=96&d=mm&r=g\",\"caption\":\"Contenidos El Regional\"},\"url\":\"https:\/\/elregionalvm.com.ar\/noticias-villa-maria\/author\/contenido\/\"}]}<\/script>\n<!-- \/ Yoast SEO plugin. -->","yoast_head_json":{"title":"[Historias] Muerte en un velorio: La tr\u00e1gica historia del tanguero Horacio Basterra - El Regional","robots":{"index":"index","follow":"follow","max-snippet":"max-snippet:-1","max-image-preview":"max-image-preview:large","max-video-preview":"max-video-preview:-1"},"canonical":"https:\/\/elregionalvm.com.ar\/noticias-villa-maria\/historias-muerte-en-un-velorio-la-tragica-historia-del-tanguero-horacio-basterra\/","og_locale":"es_ES","og_type":"article","og_title":"[Historias] Muerte en un velorio: La tr\u00e1gica historia del tanguero Horacio Basterra - El Regional","og_description":"Me permito escribir esta nota, no por el tema, ajeno a mis conocimientos musicales, sino por la historia y el final del autor del tango \u201cNADA\u201d. Escribe: JULIO A. BEN\u00cdTEZ \u2013 benitezjulioalberto@gmail.com Horacio Basterra, uruguayo (19\/03\/1914), que utilizaba el seud\u00f3nimo \u201cHoracio Sanguinetti\u201d, fue un letrista dedicado en Argentina al g\u00e9nero del tango y que escribi\u00f3 [&hellip;]","og_url":"https:\/\/elregionalvm.com.ar\/noticias-villa-maria\/historias-muerte-en-un-velorio-la-tragica-historia-del-tanguero-horacio-basterra\/","og_site_name":"El Regional","article_publisher":"https:\/\/www.facebook.com\/elregionalvm","article_published_time":"2024-06-05T01:58:56+00:00","article_modified_time":"2024-06-06T21:03:42+00:00","og_image":[{"width":800,"height":533,"url":"https:\/\/elregionalvm.com.ar\/noticias-villa-maria\/wp-content\/uploads\/2024\/06\/arma-de-fuego-disparo-revolver.webp","type":"image\/webp"}],"author":"Contenidos El Regional","twitter_card":"summary_large_image","twitter_creator":"@elregionalvm1","twitter_site":"@elregionalvm1","twitter_misc":{"Escrito por":"Contenidos El Regional","Tiempo de lectura":"2 minutos"},"schema":{"@context":"https:\/\/schema.org","@graph":[{"@type":"Article","@id":"https:\/\/elregionalvm.com.ar\/noticias-villa-maria\/historias-muerte-en-un-velorio-la-tragica-historia-del-tanguero-horacio-basterra\/#article","isPartOf":{"@id":"https:\/\/elregionalvm.com.ar\/noticias-villa-maria\/historias-muerte-en-un-velorio-la-tragica-historia-del-tanguero-horacio-basterra\/"},"author":{"name":"Contenidos El Regional","@id":"http:\/\/elregionalvm.com.ar\/noticias-villa-maria\/#\/schema\/person\/a0fb9c422317faca23d50163151bc354"},"headline":"[Historias] Muerte en un velorio: La tr\u00e1gica historia del tanguero Horacio Basterra","datePublished":"2024-06-05T01:58:56+00:00","dateModified":"2024-06-06T21:03:42+00:00","mainEntityOfPage":{"@id":"https:\/\/elregionalvm.com.ar\/noticias-villa-maria\/historias-muerte-en-un-velorio-la-tragica-historia-del-tanguero-horacio-basterra\/"},"wordCount":390,"commentCount":0,"image":{"@id":"https:\/\/elregionalvm.com.ar\/noticias-villa-maria\/historias-muerte-en-un-velorio-la-tragica-historia-del-tanguero-horacio-basterra\/#primaryimage"},"thumbnailUrl":"https:\/\/i0.wp.com\/elregionalvm.com.ar\/noticias-villa-maria\/wp-content\/uploads\/2024\/06\/arma-de-fuego-disparo-revolver.webp?fit=800%2C533&ssl=1","keywords":["Canciones","disparo","Horacio Basterra","militar","Nada","tango","tragedia"],"articleSection":["Historias","tercera"],"inLanguage":"es","potentialAction":[{"@type":"CommentAction","name":"Comment","target":["https:\/\/elregionalvm.com.ar\/noticias-villa-maria\/historias-muerte-en-un-velorio-la-tragica-historia-del-tanguero-horacio-basterra\/#respond"]}]},{"@type":"WebPage","@id":"https:\/\/elregionalvm.com.ar\/noticias-villa-maria\/historias-muerte-en-un-velorio-la-tragica-historia-del-tanguero-horacio-basterra\/","url":"https:\/\/elregionalvm.com.ar\/noticias-villa-maria\/historias-muerte-en-un-velorio-la-tragica-historia-del-tanguero-horacio-basterra\/","name":"[Historias] Muerte en un velorio: La tr\u00e1gica historia del tanguero Horacio Basterra - El Regional","isPartOf":{"@id":"http:\/\/elregionalvm.com.ar\/noticias-villa-maria\/#website"},"primaryImageOfPage":{"@id":"https:\/\/elregionalvm.com.ar\/noticias-villa-maria\/historias-muerte-en-un-velorio-la-tragica-historia-del-tanguero-horacio-basterra\/#primaryimage"},"image":{"@id":"https:\/\/elregionalvm.com.ar\/noticias-villa-maria\/historias-muerte-en-un-velorio-la-tragica-historia-del-tanguero-horacio-basterra\/#primaryimage"},"thumbnailUrl":"https:\/\/i0.wp.com\/elregionalvm.com.ar\/noticias-villa-maria\/wp-content\/uploads\/2024\/06\/arma-de-fuego-disparo-revolver.webp?fit=800%2C533&ssl=1","datePublished":"2024-06-05T01:58:56+00:00","dateModified":"2024-06-06T21:03:42+00:00","author":{"@id":"http:\/\/elregionalvm.com.ar\/noticias-villa-maria\/#\/schema\/person\/a0fb9c422317faca23d50163151bc354"},"breadcrumb":{"@id":"https:\/\/elregionalvm.com.ar\/noticias-villa-maria\/historias-muerte-en-un-velorio-la-tragica-historia-del-tanguero-horacio-basterra\/#breadcrumb"},"inLanguage":"es","potentialAction":[{"@type":"ReadAction","target":["https:\/\/elregionalvm.com.ar\/noticias-villa-maria\/historias-muerte-en-un-velorio-la-tragica-historia-del-tanguero-horacio-basterra\/"]}]},{"@type":"ImageObject","inLanguage":"es","@id":"https:\/\/elregionalvm.com.ar\/noticias-villa-maria\/historias-muerte-en-un-velorio-la-tragica-historia-del-tanguero-horacio-basterra\/#primaryimage","url":"https:\/\/i0.wp.com\/elregionalvm.com.ar\/noticias-villa-maria\/wp-content\/uploads\/2024\/06\/arma-de-fuego-disparo-revolver.webp?fit=800%2C533&ssl=1","contentUrl":"https:\/\/i0.wp.com\/elregionalvm.com.ar\/noticias-villa-maria\/wp-content\/uploads\/2024\/06\/arma-de-fuego-disparo-revolver.webp?fit=800%2C533&ssl=1","width":800,"height":533},{"@type":"BreadcrumbList","@id":"https:\/\/elregionalvm.com.ar\/noticias-villa-maria\/historias-muerte-en-un-velorio-la-tragica-historia-del-tanguero-horacio-basterra\/#breadcrumb","itemListElement":[{"@type":"ListItem","position":1,"name":"Portada","item":"https:\/\/elregionalvm.com.ar\/noticias-villa-maria\/"},{"@type":"ListItem","position":2,"name":"[Historias] Muerte en un velorio: La tr\u00e1gica historia del tanguero Horacio Basterra"}]},{"@type":"WebSite","@id":"http:\/\/elregionalvm.com.ar\/noticias-villa-maria\/#website","url":"http:\/\/elregionalvm.com.ar\/noticias-villa-maria\/","name":"El Regional","description":"Mucho m\u00e1s que informaci\u00f3n","potentialAction":[{"@type":"SearchAction","target":{"@type":"EntryPoint","urlTemplate":"http:\/\/elregionalvm.com.ar\/noticias-villa-maria\/?s={search_term_string}"},"query-input":{"@type":"PropertyValueSpecification","valueRequired":true,"valueName":"search_term_string"}}],"inLanguage":"es"},{"@type":"Person","@id":"http:\/\/elregionalvm.com.ar\/noticias-villa-maria\/#\/schema\/person\/a0fb9c422317faca23d50163151bc354","name":"Contenidos El Regional","image":{"@type":"ImageObject","inLanguage":"es","@id":"http:\/\/elregionalvm.com.ar\/noticias-villa-maria\/#\/schema\/person\/image\/","url":"https:\/\/secure.gravatar.com\/avatar\/265b27cb2209af7bb3a1318f03305787d7981a5cc6e6cd08fe5a4ecdf99d4b48?s=96&d=mm&r=g","contentUrl":"https:\/\/secure.gravatar.com\/avatar\/265b27cb2209af7bb3a1318f03305787d7981a5cc6e6cd08fe5a4ecdf99d4b48?s=96&d=mm&r=g","caption":"Contenidos El Regional"},"url":"https:\/\/elregionalvm.com.ar\/noticias-villa-maria\/author\/contenido\/"}]}},"jetpack_featured_media_url":"https:\/\/i0.wp.com\/elregionalvm.com.ar\/noticias-villa-maria\/wp-content\/uploads\/2024\/06\/arma-de-fuego-disparo-revolver.webp?fit=800%2C533&ssl=1","jetpack_sharing_enabled":true,"_links":{"self":[{"href":"https:\/\/elregionalvm.com.ar\/noticias-villa-maria\/wp-json\/wp\/v2\/posts\/94765","targetHints":{"allow":["GET"]}}],"collection":[{"href":"https:\/\/elregionalvm.com.ar\/noticias-villa-maria\/wp-json\/wp\/v2\/posts"}],"about":[{"href":"https:\/\/elregionalvm.com.ar\/noticias-villa-maria\/wp-json\/wp\/v2\/types\/post"}],"author":[{"embeddable":true,"href":"https:\/\/elregionalvm.com.ar\/noticias-villa-maria\/wp-json\/wp\/v2\/users\/4"}],"replies":[{"embeddable":true,"href":"https:\/\/elregionalvm.com.ar\/noticias-villa-maria\/wp-json\/wp\/v2\/comments?post=94765"}],"version-history":[{"count":2,"href":"https:\/\/elregionalvm.com.ar\/noticias-villa-maria\/wp-json\/wp\/v2\/posts\/94765\/revisions"}],"predecessor-version":[{"id":94770,"href":"https:\/\/elregionalvm.com.ar\/noticias-villa-maria\/wp-json\/wp\/v2\/posts\/94765\/revisions\/94770"}],"wp:featuredmedia":[{"embeddable":true,"href":"https:\/\/elregionalvm.com.ar\/noticias-villa-maria\/wp-json\/wp\/v2\/media\/94767"}],"wp:attachment":[{"href":"https:\/\/elregionalvm.com.ar\/noticias-villa-maria\/wp-json\/wp\/v2\/media?parent=94765"}],"wp:term":[{"taxonomy":"category","embeddable":true,"href":"https:\/\/elregionalvm.com.ar\/noticias-villa-maria\/wp-json\/wp\/v2\/categories?post=94765"},{"taxonomy":"post_tag","embeddable":true,"href":"https:\/\/elregionalvm.com.ar\/noticias-villa-maria\/wp-json\/wp\/v2\/tags?post=94765"}],"curies":[{"name":"wp","href":"https:\/\/api.w.org\/{rel}","templated":true}]}}