{"id":94788,"date":"2024-06-05T21:50:04","date_gmt":"2024-06-05T21:50:04","guid":{"rendered":"https:\/\/elregionalvm.com.ar\/noticias-villa-maria\/?p=94788"},"modified":"2024-06-06T01:59:17","modified_gmt":"2024-06-06T01:59:17","slug":"el-municipio-abre-una-nueva-convocatoria-para-el-concurso-emprender-e-innovar-con-conciencia-ecologica","status":"publish","type":"post","link":"https:\/\/elregionalvm.com.ar\/noticias-villa-maria\/el-municipio-abre-una-nueva-convocatoria-para-el-concurso-emprender-e-innovar-con-conciencia-ecologica\/","title":{"rendered":"Nueva convocatoria para el concurso \u00abEmprender e innovar con conciencia ecol\u00f3gica\u00bb"},"content":{"rendered":"\n<p>En la ma\u00f1ana de hoy, el presidente del Concejo Deliberante, Juan Pablo Inglese, junto al coordinador del Programa de Desarrollo Integrado financiado por la Uni\u00f3n Europea, Mart\u00edn Ruiz, y el subsecretario de Desarrollo Productivo, Germ\u00e1n Tenedini, present\u00f3 la convocatoria para participar de una nueva edici\u00f3n del concurso \u00abEmprender e Innovar con Conciencia Ecol\u00f3gica (EI+CE 2024)\u00bb.<\/p>\n\n\n\n<figure class=\"wp-block-image size-large\"><img data-recalc-dims=\"1\" fetchpriority=\"high\" decoding=\"async\" width=\"1024\" height=\"682\" src=\"https:\/\/i0.wp.com\/elregionalvm.com.ar\/noticias-villa-maria\/wp-content\/uploads\/2024\/06\/WhatsApp-Image-2024-06-05-at-11.27.32-AM-1.jpeg?resize=1024%2C682&#038;ssl=1\" alt=\"\" class=\"wp-image-94790\" srcset=\"https:\/\/i0.wp.com\/elregionalvm.com.ar\/noticias-villa-maria\/wp-content\/uploads\/2024\/06\/WhatsApp-Image-2024-06-05-at-11.27.32-AM-1.jpeg?resize=1024%2C682&amp;ssl=1 1024w, https:\/\/i0.wp.com\/elregionalvm.com.ar\/noticias-villa-maria\/wp-content\/uploads\/2024\/06\/WhatsApp-Image-2024-06-05-at-11.27.32-AM-1.jpeg?resize=300%2C200&amp;ssl=1 300w, https:\/\/i0.wp.com\/elregionalvm.com.ar\/noticias-villa-maria\/wp-content\/uploads\/2024\/06\/WhatsApp-Image-2024-06-05-at-11.27.32-AM-1.jpeg?resize=768%2C512&amp;ssl=1 768w, https:\/\/i0.wp.com\/elregionalvm.com.ar\/noticias-villa-maria\/wp-content\/uploads\/2024\/06\/WhatsApp-Image-2024-06-05-at-11.27.32-AM-1.jpeg?resize=1536%2C1023&amp;ssl=1 1536w, https:\/\/i0.wp.com\/elregionalvm.com.ar\/noticias-villa-maria\/wp-content\/uploads\/2024\/06\/WhatsApp-Image-2024-06-05-at-11.27.32-AM-1.jpeg?w=1600&amp;ssl=1 1600w\" sizes=\"(max-width: 1000px) 100vw, 1000px\" \/><\/figure>\n\n\n\n<p>Al respecto, el coordinador del Plan de Metas y Objetivos de Desarrollo Sostenible y del Programa de Desarrollo Integrado, Mart\u00edn Ruiz, coment\u00f3: \u201dLa convocatoria esta destinada a todos los emprendedores de Villa Mar\u00eda y la regi\u00f3n que tengan un proyecto, un producto o servicio que sea innovador, para que pueda viajar y capacitarse, durante diez d\u00edas, a la Startup Braga en Portugal, que es hoy uno de los centros de innovaci\u00f3n m\u00e1s importantes de Europa\u201d.<\/p>\n\n\n\n<p>Luego, a\u00f1adi\u00f3: \u201cLa idea es que el emprendedor que gane pueda ir y capacitarse, tomar todo el conocimiento de qu\u00e9 es lo que pide el mundo, y volver a Villa Mar\u00eda con una experiencia personal que pueda compartir con otros emprendedores\u201d<\/p>\n\n\n\n<p>A su turno, el presidente del Concejo Deliberante Juan Pablo Inglese, expres\u00f3: \u201dTrabajamos bajo el pedido del intendente Eduardo Accastello de plantear a Villa Mar\u00eda como una ciudad con pol\u00edticas emprendedoras e innovadoras, que tenga como mira la internacionalizaci\u00f3n, no s\u00f3lo de las pymes sino tambi\u00e9n del talento que se desarrolla en nuestra ciudad. Ser una Villa Mar\u00eda m\u00e1s innovadora y universitaria van de la mano con este programa, junto a instituciones aliadas que le dan proyecci\u00f3n y sostenimiento a las pol\u00edticas\u201d<\/p>\n\n\n\n<p>En este sentido, el proyecto est\u00e1 dirigido a proyectos innovadores en servicios y\/o productos que impulsen la econom\u00eda circular en nuestra ciudad y la regi\u00f3n. Asimismo, el ganador tendr\u00e1 la oportunidad de recibir formaci\u00f3n en la Startup Braga, una incubadora y aceleradora ubicada en Portugal, reconocida por su relevancia en innovaci\u00f3n y emprendimiento en Europa.<\/p>\n\n\n\n<figure class=\"wp-block-image size-large\"><img data-recalc-dims=\"1\" decoding=\"async\" width=\"1024\" height=\"1024\" src=\"https:\/\/i0.wp.com\/elregionalvm.com.ar\/noticias-villa-maria\/wp-content\/uploads\/2024\/06\/WhatsApp-Image-2024-06-05-at-11.27.32-AM-2.jpeg?resize=1024%2C1024&#038;ssl=1\" alt=\"\" class=\"wp-image-94789\" srcset=\"https:\/\/i0.wp.com\/elregionalvm.com.ar\/noticias-villa-maria\/wp-content\/uploads\/2024\/06\/WhatsApp-Image-2024-06-05-at-11.27.32-AM-2.jpeg?resize=1024%2C1024&amp;ssl=1 1024w, https:\/\/i0.wp.com\/elregionalvm.com.ar\/noticias-villa-maria\/wp-content\/uploads\/2024\/06\/WhatsApp-Image-2024-06-05-at-11.27.32-AM-2.jpeg?resize=300%2C300&amp;ssl=1 300w, https:\/\/i0.wp.com\/elregionalvm.com.ar\/noticias-villa-maria\/wp-content\/uploads\/2024\/06\/WhatsApp-Image-2024-06-05-at-11.27.32-AM-2.jpeg?resize=768%2C768&amp;ssl=1 768w, https:\/\/i0.wp.com\/elregionalvm.com.ar\/noticias-villa-maria\/wp-content\/uploads\/2024\/06\/WhatsApp-Image-2024-06-05-at-11.27.32-AM-2.jpeg?w=1280&amp;ssl=1 1280w\" sizes=\"(max-width: 1000px) 100vw, 1000px\" \/><\/figure>\n\n\n\n<p>Cabe mencionar que las propuestas pueden presentarse hasta el 19 de julio inclusive, y el ganador se anunciar\u00e1 el 9 de agosto. Las bases y condiciones se encuentran disponibles en la p\u00e1gina web de la Municipalidad y a trav\u00e9s del siguiente enlace: https:\/\/desarrollointegradovm.gob.ar\/convocatoria-eice-2024\/<\/p>\n\n\n\n<p>Es importante recordar que la convocatoria est\u00e1 dirigida a emprendimientos que se encuentren en etapas iniciales y de crecimiento, con productos potencialmente exportables, protegibles por derechos de propiedad intelectual y con alto valor agregado e innovaci\u00f3n.<\/p>\n\n\n\n<p>Emprender e Innovar con Conciencia Ecol\u00f3gica (EI+CE) 2024<\/p>\n\n\n\n<p>El objetivo de EI+CE 2024 es fortalecer el ecosistema emprendedor de Villa Mar\u00eda, promoviendo la colaboraci\u00f3n entre diversas organizaciones y ampliando la red de v\u00ednculos.<\/p>\n\n\n\n<p>As\u00ed, se busca articular acciones de promoci\u00f3n del emprendimiento y la innovaci\u00f3n en la ciudad, trabajando en conjunto con asociaciones empresariales, el gobierno local y universidades.<\/p>\n\n\n\n<p>Esta iniciativa se alinea con los Objetivos de Desarrollo Sostenible (ODS) de la Agenda 2030, y cuenta con el respaldo de instituciones como la Universidad Nacional de Villa Mar\u00eda, la Universidad Tecnol\u00f3gica Nacional, la Asociaci\u00f3n de Empresarios de la Regi\u00f3n Centro Argentino (AERCA), el Cl\u00faster de Impulso Tecnol\u00f3gico, el Parque Industrial, Log\u00edstico y Tecnol\u00f3gico Villa Mar\u00eda (PILT), y el Ente Regional de Desarrollo (EnRed).<\/p>\n\n\n\n<p>Villa Mar\u00eda M\u00e1s Innovadora<\/p>\n","protected":false},"excerpt":{"rendered":"<p>En la ma\u00f1ana de hoy, el presidente del Concejo Deliberante, Juan Pablo Inglese, junto al coordinador del Programa de Desarrollo Integrado financiado por la Uni\u00f3n Europea, Mart\u00edn Ruiz, y el subsecretario de Desarrollo Productivo, Germ\u00e1n Tenedini, present\u00f3 la convocatoria para participar de una nueva edici\u00f3n del concurso \u00abEmprender e Innovar con Conciencia Ecol\u00f3gica (EI+CE 2024)\u00bb. [&hellip;]<\/p>\n","protected":false},"author":4,"featured_media":94791,"comment_status":"open","ping_status":"open","sticky":false,"template":"","format":"standard","meta":{"site-sidebar-layout":"default","site-content-layout":"","ast-site-content-layout":"default","site-content-style":"default","site-sidebar-style":"default","ast-global-header-display":"","ast-banner-title-visibility":"","ast-main-header-display":"","ast-hfb-above-header-display":"","ast-hfb-below-header-display":"","ast-hfb-mobile-header-display":"","site-post-title":"","ast-breadcrumbs-content":"","ast-featured-img":"","footer-sml-layout":"","ast-disable-related-posts":"","theme-transparent-header-meta":"","adv-header-id-meta":"","stick-header-meta":"","header-above-stick-meta":"","header-main-stick-meta":"","header-below-stick-meta":"","astra-migrate-meta-layouts":"set","ast-page-background-enabled":"default","ast-page-background-meta":{"desktop":{"background-color":"","background-image":"","background-repeat":"repeat","background-position":"center center","background-size":"auto","background-attachment":"scroll","background-type":"","background-media":"","overlay-type":"","overlay-color":"","overlay-opacity":"","overlay-gradient":""},"tablet":{"background-color":"","background-image":"","background-repeat":"repeat","background-position":"center center","background-size":"auto","background-attachment":"scroll","background-type":"","background-media":"","overlay-type":"","overlay-color":"","overlay-opacity":"","overlay-gradient":""},"mobile":{"background-color":"","background-image":"","background-repeat":"repeat","background-position":"center center","background-size":"auto","background-attachment":"scroll","background-type":"","background-media":"","overlay-type":"","overlay-color":"","overlay-opacity":"","overlay-gradient":""}},"ast-content-background-meta":{"desktop":{"background-color":"var(--ast-global-color-5)","background-image":"","background-repeat":"repeat","background-position":"center center","background-size":"auto","background-attachment":"scroll","background-type":"","background-media":"","overlay-type":"","overlay-color":"","overlay-opacity":"","overlay-gradient":""},"tablet":{"background-color":"var(--ast-global-color-5)","background-image":"","background-repeat":"repeat","background-position":"center center","background-size":"auto","background-attachment":"scroll","background-type":"","background-media":"","overlay-type":"","overlay-color":"","overlay-opacity":"","overlay-gradient":""},"mobile":{"background-color":"var(--ast-global-color-5)","background-image":"","background-repeat":"repeat","background-position":"center center","background-size":"auto","background-attachment":"scroll","background-type":"","background-media":"","overlay-type":"","overlay-color":"","overlay-opacity":"","overlay-gradient":""}},"_jetpack_memberships_contains_paid_content":false,"_joinchat":[],"footnotes":""},"categories":[15302,5,2],"tags":[],"class_list":["post-94788","post","type-post","status-publish","format-standard","has-post-thumbnail","hentry","category-destacado","category-sociedad","category-villa-maria"],"yoast_head":"<!-- This site is optimized with the Yoast SEO plugin v26.8 - https:\/\/yoast.com\/product\/yoast-seo-wordpress\/ -->\n<title>Nueva convocatoria para el concurso &quot;Emprender e innovar con conciencia ecol\u00f3gica&quot; - El Regional<\/title>\n<meta name=\"robots\" content=\"index, follow, max-snippet:-1, max-image-preview:large, max-video-preview:-1\" \/>\n<link rel=\"canonical\" href=\"https:\/\/elregionalvm.com.ar\/noticias-villa-maria\/el-municipio-abre-una-nueva-convocatoria-para-el-concurso-emprender-e-innovar-con-conciencia-ecologica\/\" \/>\n<meta property=\"og:locale\" content=\"es_ES\" \/>\n<meta property=\"og:type\" content=\"article\" \/>\n<meta property=\"og:title\" content=\"Nueva convocatoria para el concurso &quot;Emprender e innovar con conciencia ecol\u00f3gica&quot; - El Regional\" \/>\n<meta property=\"og:description\" content=\"En la ma\u00f1ana de hoy, el presidente del Concejo Deliberante, Juan Pablo Inglese, junto al coordinador del Programa de Desarrollo Integrado financiado por la Uni\u00f3n Europea, Mart\u00edn Ruiz, y el subsecretario de Desarrollo Productivo, Germ\u00e1n Tenedini, present\u00f3 la convocatoria para participar de una nueva edici\u00f3n del concurso \u00abEmprender e Innovar con Conciencia Ecol\u00f3gica (EI+CE 2024)\u00bb. [&hellip;]\" \/>\n<meta property=\"og:url\" content=\"https:\/\/elregionalvm.com.ar\/noticias-villa-maria\/el-municipio-abre-una-nueva-convocatoria-para-el-concurso-emprender-e-innovar-con-conciencia-ecologica\/\" \/>\n<meta property=\"og:site_name\" content=\"El Regional\" \/>\n<meta property=\"article:publisher\" content=\"https:\/\/www.facebook.com\/elregionalvm\" \/>\n<meta property=\"article:published_time\" content=\"2024-06-05T21:50:04+00:00\" \/>\n<meta property=\"article:modified_time\" content=\"2024-06-06T01:59:17+00:00\" \/>\n<meta property=\"og:image\" content=\"https:\/\/elregionalvm.com.ar\/noticias-villa-maria\/wp-content\/uploads\/2024\/06\/WhatsApp-Image-2024-06-05-at-11.27.32-AM.jpeg\" \/>\n\t<meta property=\"og:image:width\" content=\"1600\" \/>\n\t<meta property=\"og:image:height\" content=\"1066\" \/>\n\t<meta property=\"og:image:type\" content=\"image\/jpeg\" \/>\n<meta name=\"author\" content=\"Contenidos El Regional\" \/>\n<meta name=\"twitter:card\" content=\"summary_large_image\" \/>\n<meta name=\"twitter:creator\" content=\"@elregionalvm1\" \/>\n<meta name=\"twitter:site\" content=\"@elregionalvm1\" \/>\n<meta name=\"twitter:label1\" content=\"Escrito por\" \/>\n\t<meta name=\"twitter:data1\" content=\"Contenidos El Regional\" \/>\n\t<meta name=\"twitter:label2\" content=\"Tiempo de lectura\" \/>\n\t<meta name=\"twitter:data2\" content=\"3 minutos\" \/>\n<script type=\"application\/ld+json\" class=\"yoast-schema-graph\">{\"@context\":\"https:\/\/schema.org\",\"@graph\":[{\"@type\":\"Article\",\"@id\":\"https:\/\/elregionalvm.com.ar\/noticias-villa-maria\/el-municipio-abre-una-nueva-convocatoria-para-el-concurso-emprender-e-innovar-con-conciencia-ecologica\/#article\",\"isPartOf\":{\"@id\":\"https:\/\/elregionalvm.com.ar\/noticias-villa-maria\/el-municipio-abre-una-nueva-convocatoria-para-el-concurso-emprender-e-innovar-con-conciencia-ecologica\/\"},\"author\":{\"name\":\"Contenidos El Regional\",\"@id\":\"http:\/\/elregionalvm.com.ar\/noticias-villa-maria\/#\/schema\/person\/a0fb9c422317faca23d50163151bc354\"},\"headline\":\"Nueva convocatoria para el concurso \u00abEmprender e innovar con conciencia ecol\u00f3gica\u00bb\",\"datePublished\":\"2024-06-05T21:50:04+00:00\",\"dateModified\":\"2024-06-06T01:59:17+00:00\",\"mainEntityOfPage\":{\"@id\":\"https:\/\/elregionalvm.com.ar\/noticias-villa-maria\/el-municipio-abre-una-nueva-convocatoria-para-el-concurso-emprender-e-innovar-con-conciencia-ecologica\/\"},\"wordCount\":575,\"commentCount\":0,\"image\":{\"@id\":\"https:\/\/elregionalvm.com.ar\/noticias-villa-maria\/el-municipio-abre-una-nueva-convocatoria-para-el-concurso-emprender-e-innovar-con-conciencia-ecologica\/#primaryimage\"},\"thumbnailUrl\":\"https:\/\/i0.wp.com\/elregionalvm.com.ar\/noticias-villa-maria\/wp-content\/uploads\/2024\/06\/WhatsApp-Image-2024-06-05-at-11.27.32-AM.jpeg?fit=1600%2C1066&ssl=1\",\"articleSection\":[\"destacado\",\"Sociedad\",\"Villa Mar\u00eda\"],\"inLanguage\":\"es\",\"potentialAction\":[{\"@type\":\"CommentAction\",\"name\":\"Comment\",\"target\":[\"https:\/\/elregionalvm.com.ar\/noticias-villa-maria\/el-municipio-abre-una-nueva-convocatoria-para-el-concurso-emprender-e-innovar-con-conciencia-ecologica\/#respond\"]}]},{\"@type\":\"WebPage\",\"@id\":\"https:\/\/elregionalvm.com.ar\/noticias-villa-maria\/el-municipio-abre-una-nueva-convocatoria-para-el-concurso-emprender-e-innovar-con-conciencia-ecologica\/\",\"url\":\"https:\/\/elregionalvm.com.ar\/noticias-villa-maria\/el-municipio-abre-una-nueva-convocatoria-para-el-concurso-emprender-e-innovar-con-conciencia-ecologica\/\",\"name\":\"Nueva convocatoria para el concurso \\\"Emprender e innovar con conciencia ecol\u00f3gica\\\" - El Regional\",\"isPartOf\":{\"@id\":\"http:\/\/elregionalvm.com.ar\/noticias-villa-maria\/#website\"},\"primaryImageOfPage\":{\"@id\":\"https:\/\/elregionalvm.com.ar\/noticias-villa-maria\/el-municipio-abre-una-nueva-convocatoria-para-el-concurso-emprender-e-innovar-con-conciencia-ecologica\/#primaryimage\"},\"image\":{\"@id\":\"https:\/\/elregionalvm.com.ar\/noticias-villa-maria\/el-municipio-abre-una-nueva-convocatoria-para-el-concurso-emprender-e-innovar-con-conciencia-ecologica\/#primaryimage\"},\"thumbnailUrl\":\"https:\/\/i0.wp.com\/elregionalvm.com.ar\/noticias-villa-maria\/wp-content\/uploads\/2024\/06\/WhatsApp-Image-2024-06-05-at-11.27.32-AM.jpeg?fit=1600%2C1066&ssl=1\",\"datePublished\":\"2024-06-05T21:50:04+00:00\",\"dateModified\":\"2024-06-06T01:59:17+00:00\",\"author\":{\"@id\":\"http:\/\/elregionalvm.com.ar\/noticias-villa-maria\/#\/schema\/person\/a0fb9c422317faca23d50163151bc354\"},\"breadcrumb\":{\"@id\":\"https:\/\/elregionalvm.com.ar\/noticias-villa-maria\/el-municipio-abre-una-nueva-convocatoria-para-el-concurso-emprender-e-innovar-con-conciencia-ecologica\/#breadcrumb\"},\"inLanguage\":\"es\",\"potentialAction\":[{\"@type\":\"ReadAction\",\"target\":[\"https:\/\/elregionalvm.com.ar\/noticias-villa-maria\/el-municipio-abre-una-nueva-convocatoria-para-el-concurso-emprender-e-innovar-con-conciencia-ecologica\/\"]}]},{\"@type\":\"ImageObject\",\"inLanguage\":\"es\",\"@id\":\"https:\/\/elregionalvm.com.ar\/noticias-villa-maria\/el-municipio-abre-una-nueva-convocatoria-para-el-concurso-emprender-e-innovar-con-conciencia-ecologica\/#primaryimage\",\"url\":\"https:\/\/i0.wp.com\/elregionalvm.com.ar\/noticias-villa-maria\/wp-content\/uploads\/2024\/06\/WhatsApp-Image-2024-06-05-at-11.27.32-AM.jpeg?fit=1600%2C1066&ssl=1\",\"contentUrl\":\"https:\/\/i0.wp.com\/elregionalvm.com.ar\/noticias-villa-maria\/wp-content\/uploads\/2024\/06\/WhatsApp-Image-2024-06-05-at-11.27.32-AM.jpeg?fit=1600%2C1066&ssl=1\",\"width\":1600,\"height\":1066},{\"@type\":\"BreadcrumbList\",\"@id\":\"https:\/\/elregionalvm.com.ar\/noticias-villa-maria\/el-municipio-abre-una-nueva-convocatoria-para-el-concurso-emprender-e-innovar-con-conciencia-ecologica\/#breadcrumb\",\"itemListElement\":[{\"@type\":\"ListItem\",\"position\":1,\"name\":\"Portada\",\"item\":\"https:\/\/elregionalvm.com.ar\/noticias-villa-maria\/\"},{\"@type\":\"ListItem\",\"position\":2,\"name\":\"Nueva convocatoria para el concurso \u00abEmprender e innovar con conciencia ecol\u00f3gica\u00bb\"}]},{\"@type\":\"WebSite\",\"@id\":\"http:\/\/elregionalvm.com.ar\/noticias-villa-maria\/#website\",\"url\":\"http:\/\/elregionalvm.com.ar\/noticias-villa-maria\/\",\"name\":\"El Regional\",\"description\":\"Mucho m\u00e1s que informaci\u00f3n\",\"potentialAction\":[{\"@type\":\"SearchAction\",\"target\":{\"@type\":\"EntryPoint\",\"urlTemplate\":\"http:\/\/elregionalvm.com.ar\/noticias-villa-maria\/?s={search_term_string}\"},\"query-input\":{\"@type\":\"PropertyValueSpecification\",\"valueRequired\":true,\"valueName\":\"search_term_string\"}}],\"inLanguage\":\"es\"},{\"@type\":\"Person\",\"@id\":\"http:\/\/elregionalvm.com.ar\/noticias-villa-maria\/#\/schema\/person\/a0fb9c422317faca23d50163151bc354\",\"name\":\"Contenidos El Regional\",\"image\":{\"@type\":\"ImageObject\",\"inLanguage\":\"es\",\"@id\":\"http:\/\/elregionalvm.com.ar\/noticias-villa-maria\/#\/schema\/person\/image\/\",\"url\":\"https:\/\/secure.gravatar.com\/avatar\/265b27cb2209af7bb3a1318f03305787d7981a5cc6e6cd08fe5a4ecdf99d4b48?s=96&d=mm&r=g\",\"contentUrl\":\"https:\/\/secure.gravatar.com\/avatar\/265b27cb2209af7bb3a1318f03305787d7981a5cc6e6cd08fe5a4ecdf99d4b48?s=96&d=mm&r=g\",\"caption\":\"Contenidos El Regional\"},\"url\":\"https:\/\/elregionalvm.com.ar\/noticias-villa-maria\/author\/contenido\/\"}]}<\/script>\n<!-- \/ Yoast SEO plugin. -->","yoast_head_json":{"title":"Nueva convocatoria para el concurso \"Emprender e innovar con conciencia ecol\u00f3gica\" - El Regional","robots":{"index":"index","follow":"follow","max-snippet":"max-snippet:-1","max-image-preview":"max-image-preview:large","max-video-preview":"max-video-preview:-1"},"canonical":"https:\/\/elregionalvm.com.ar\/noticias-villa-maria\/el-municipio-abre-una-nueva-convocatoria-para-el-concurso-emprender-e-innovar-con-conciencia-ecologica\/","og_locale":"es_ES","og_type":"article","og_title":"Nueva convocatoria para el concurso \"Emprender e innovar con conciencia ecol\u00f3gica\" - El Regional","og_description":"En la ma\u00f1ana de hoy, el presidente del Concejo Deliberante, Juan Pablo Inglese, junto al coordinador del Programa de Desarrollo Integrado financiado por la Uni\u00f3n Europea, Mart\u00edn Ruiz, y el subsecretario de Desarrollo Productivo, Germ\u00e1n Tenedini, present\u00f3 la convocatoria para participar de una nueva edici\u00f3n del concurso \u00abEmprender e Innovar con Conciencia Ecol\u00f3gica (EI+CE 2024)\u00bb. [&hellip;]","og_url":"https:\/\/elregionalvm.com.ar\/noticias-villa-maria\/el-municipio-abre-una-nueva-convocatoria-para-el-concurso-emprender-e-innovar-con-conciencia-ecologica\/","og_site_name":"El Regional","article_publisher":"https:\/\/www.facebook.com\/elregionalvm","article_published_time":"2024-06-05T21:50:04+00:00","article_modified_time":"2024-06-06T01:59:17+00:00","og_image":[{"width":1600,"height":1066,"url":"https:\/\/elregionalvm.com.ar\/noticias-villa-maria\/wp-content\/uploads\/2024\/06\/WhatsApp-Image-2024-06-05-at-11.27.32-AM.jpeg","type":"image\/jpeg"}],"author":"Contenidos El Regional","twitter_card":"summary_large_image","twitter_creator":"@elregionalvm1","twitter_site":"@elregionalvm1","twitter_misc":{"Escrito por":"Contenidos El Regional","Tiempo de lectura":"3 minutos"},"schema":{"@context":"https:\/\/schema.org","@graph":[{"@type":"Article","@id":"https:\/\/elregionalvm.com.ar\/noticias-villa-maria\/el-municipio-abre-una-nueva-convocatoria-para-el-concurso-emprender-e-innovar-con-conciencia-ecologica\/#article","isPartOf":{"@id":"https:\/\/elregionalvm.com.ar\/noticias-villa-maria\/el-municipio-abre-una-nueva-convocatoria-para-el-concurso-emprender-e-innovar-con-conciencia-ecologica\/"},"author":{"name":"Contenidos El Regional","@id":"http:\/\/elregionalvm.com.ar\/noticias-villa-maria\/#\/schema\/person\/a0fb9c422317faca23d50163151bc354"},"headline":"Nueva convocatoria para el concurso \u00abEmprender e innovar con conciencia ecol\u00f3gica\u00bb","datePublished":"2024-06-05T21:50:04+00:00","dateModified":"2024-06-06T01:59:17+00:00","mainEntityOfPage":{"@id":"https:\/\/elregionalvm.com.ar\/noticias-villa-maria\/el-municipio-abre-una-nueva-convocatoria-para-el-concurso-emprender-e-innovar-con-conciencia-ecologica\/"},"wordCount":575,"commentCount":0,"image":{"@id":"https:\/\/elregionalvm.com.ar\/noticias-villa-maria\/el-municipio-abre-una-nueva-convocatoria-para-el-concurso-emprender-e-innovar-con-conciencia-ecologica\/#primaryimage"},"thumbnailUrl":"https:\/\/i0.wp.com\/elregionalvm.com.ar\/noticias-villa-maria\/wp-content\/uploads\/2024\/06\/WhatsApp-Image-2024-06-05-at-11.27.32-AM.jpeg?fit=1600%2C1066&ssl=1","articleSection":["destacado","Sociedad","Villa Mar\u00eda"],"inLanguage":"es","potentialAction":[{"@type":"CommentAction","name":"Comment","target":["https:\/\/elregionalvm.com.ar\/noticias-villa-maria\/el-municipio-abre-una-nueva-convocatoria-para-el-concurso-emprender-e-innovar-con-conciencia-ecologica\/#respond"]}]},{"@type":"WebPage","@id":"https:\/\/elregionalvm.com.ar\/noticias-villa-maria\/el-municipio-abre-una-nueva-convocatoria-para-el-concurso-emprender-e-innovar-con-conciencia-ecologica\/","url":"https:\/\/elregionalvm.com.ar\/noticias-villa-maria\/el-municipio-abre-una-nueva-convocatoria-para-el-concurso-emprender-e-innovar-con-conciencia-ecologica\/","name":"Nueva convocatoria para el concurso \"Emprender e innovar con conciencia ecol\u00f3gica\" - El Regional","isPartOf":{"@id":"http:\/\/elregionalvm.com.ar\/noticias-villa-maria\/#website"},"primaryImageOfPage":{"@id":"https:\/\/elregionalvm.com.ar\/noticias-villa-maria\/el-municipio-abre-una-nueva-convocatoria-para-el-concurso-emprender-e-innovar-con-conciencia-ecologica\/#primaryimage"},"image":{"@id":"https:\/\/elregionalvm.com.ar\/noticias-villa-maria\/el-municipio-abre-una-nueva-convocatoria-para-el-concurso-emprender-e-innovar-con-conciencia-ecologica\/#primaryimage"},"thumbnailUrl":"https:\/\/i0.wp.com\/elregionalvm.com.ar\/noticias-villa-maria\/wp-content\/uploads\/2024\/06\/WhatsApp-Image-2024-06-05-at-11.27.32-AM.jpeg?fit=1600%2C1066&ssl=1","datePublished":"2024-06-05T21:50:04+00:00","dateModified":"2024-06-06T01:59:17+00:00","author":{"@id":"http:\/\/elregionalvm.com.ar\/noticias-villa-maria\/#\/schema\/person\/a0fb9c422317faca23d50163151bc354"},"breadcrumb":{"@id":"https:\/\/elregionalvm.com.ar\/noticias-villa-maria\/el-municipio-abre-una-nueva-convocatoria-para-el-concurso-emprender-e-innovar-con-conciencia-ecologica\/#breadcrumb"},"inLanguage":"es","potentialAction":[{"@type":"ReadAction","target":["https:\/\/elregionalvm.com.ar\/noticias-villa-maria\/el-municipio-abre-una-nueva-convocatoria-para-el-concurso-emprender-e-innovar-con-conciencia-ecologica\/"]}]},{"@type":"ImageObject","inLanguage":"es","@id":"https:\/\/elregionalvm.com.ar\/noticias-villa-maria\/el-municipio-abre-una-nueva-convocatoria-para-el-concurso-emprender-e-innovar-con-conciencia-ecologica\/#primaryimage","url":"https:\/\/i0.wp.com\/elregionalvm.com.ar\/noticias-villa-maria\/wp-content\/uploads\/2024\/06\/WhatsApp-Image-2024-06-05-at-11.27.32-AM.jpeg?fit=1600%2C1066&ssl=1","contentUrl":"https:\/\/i0.wp.com\/elregionalvm.com.ar\/noticias-villa-maria\/wp-content\/uploads\/2024\/06\/WhatsApp-Image-2024-06-05-at-11.27.32-AM.jpeg?fit=1600%2C1066&ssl=1","width":1600,"height":1066},{"@type":"BreadcrumbList","@id":"https:\/\/elregionalvm.com.ar\/noticias-villa-maria\/el-municipio-abre-una-nueva-convocatoria-para-el-concurso-emprender-e-innovar-con-conciencia-ecologica\/#breadcrumb","itemListElement":[{"@type":"ListItem","position":1,"name":"Portada","item":"https:\/\/elregionalvm.com.ar\/noticias-villa-maria\/"},{"@type":"ListItem","position":2,"name":"Nueva convocatoria para el concurso \u00abEmprender e innovar con conciencia ecol\u00f3gica\u00bb"}]},{"@type":"WebSite","@id":"http:\/\/elregionalvm.com.ar\/noticias-villa-maria\/#website","url":"http:\/\/elregionalvm.com.ar\/noticias-villa-maria\/","name":"El Regional","description":"Mucho m\u00e1s que informaci\u00f3n","potentialAction":[{"@type":"SearchAction","target":{"@type":"EntryPoint","urlTemplate":"http:\/\/elregionalvm.com.ar\/noticias-villa-maria\/?s={search_term_string}"},"query-input":{"@type":"PropertyValueSpecification","valueRequired":true,"valueName":"search_term_string"}}],"inLanguage":"es"},{"@type":"Person","@id":"http:\/\/elregionalvm.com.ar\/noticias-villa-maria\/#\/schema\/person\/a0fb9c422317faca23d50163151bc354","name":"Contenidos El Regional","image":{"@type":"ImageObject","inLanguage":"es","@id":"http:\/\/elregionalvm.com.ar\/noticias-villa-maria\/#\/schema\/person\/image\/","url":"https:\/\/secure.gravatar.com\/avatar\/265b27cb2209af7bb3a1318f03305787d7981a5cc6e6cd08fe5a4ecdf99d4b48?s=96&d=mm&r=g","contentUrl":"https:\/\/secure.gravatar.com\/avatar\/265b27cb2209af7bb3a1318f03305787d7981a5cc6e6cd08fe5a4ecdf99d4b48?s=96&d=mm&r=g","caption":"Contenidos El Regional"},"url":"https:\/\/elregionalvm.com.ar\/noticias-villa-maria\/author\/contenido\/"}]}},"jetpack_featured_media_url":"https:\/\/i0.wp.com\/elregionalvm.com.ar\/noticias-villa-maria\/wp-content\/uploads\/2024\/06\/WhatsApp-Image-2024-06-05-at-11.27.32-AM.jpeg?fit=1600%2C1066&ssl=1","jetpack_sharing_enabled":true,"_links":{"self":[{"href":"https:\/\/elregionalvm.com.ar\/noticias-villa-maria\/wp-json\/wp\/v2\/posts\/94788","targetHints":{"allow":["GET"]}}],"collection":[{"href":"https:\/\/elregionalvm.com.ar\/noticias-villa-maria\/wp-json\/wp\/v2\/posts"}],"about":[{"href":"https:\/\/elregionalvm.com.ar\/noticias-villa-maria\/wp-json\/wp\/v2\/types\/post"}],"author":[{"embeddable":true,"href":"https:\/\/elregionalvm.com.ar\/noticias-villa-maria\/wp-json\/wp\/v2\/users\/4"}],"replies":[{"embeddable":true,"href":"https:\/\/elregionalvm.com.ar\/noticias-villa-maria\/wp-json\/wp\/v2\/comments?post=94788"}],"version-history":[{"count":2,"href":"https:\/\/elregionalvm.com.ar\/noticias-villa-maria\/wp-json\/wp\/v2\/posts\/94788\/revisions"}],"predecessor-version":[{"id":94807,"href":"https:\/\/elregionalvm.com.ar\/noticias-villa-maria\/wp-json\/wp\/v2\/posts\/94788\/revisions\/94807"}],"wp:featuredmedia":[{"embeddable":true,"href":"https:\/\/elregionalvm.com.ar\/noticias-villa-maria\/wp-json\/wp\/v2\/media\/94791"}],"wp:attachment":[{"href":"https:\/\/elregionalvm.com.ar\/noticias-villa-maria\/wp-json\/wp\/v2\/media?parent=94788"}],"wp:term":[{"taxonomy":"category","embeddable":true,"href":"https:\/\/elregionalvm.com.ar\/noticias-villa-maria\/wp-json\/wp\/v2\/categories?post=94788"},{"taxonomy":"post_tag","embeddable":true,"href":"https:\/\/elregionalvm.com.ar\/noticias-villa-maria\/wp-json\/wp\/v2\/tags?post=94788"}],"curies":[{"name":"wp","href":"https:\/\/api.w.org\/{rel}","templated":true}]}}