{"id":94849,"date":"2024-06-06T22:49:17","date_gmt":"2024-06-06T22:49:17","guid":{"rendered":"https:\/\/elregionalvm.com.ar\/noticias-villa-maria\/?p=94849"},"modified":"2024-06-12T01:13:49","modified_gmt":"2024-06-12T01:13:49","slug":"me-importa-tres-carajos-milei-y-el-mal-ejemplo-de-las-atrocidades-verbales-de-nuestros-politicos","status":"publish","type":"post","link":"https:\/\/elregionalvm.com.ar\/noticias-villa-maria\/me-importa-tres-carajos-milei-y-el-mal-ejemplo-de-las-atrocidades-verbales-de-nuestros-politicos\/","title":{"rendered":"\u201c\u00a1Me importa tres carajos!\u201d: Milei y el peor ejemplo de las atrocidades verbales de nuestros pol\u00edticos"},"content":{"rendered":"\n<h3 class=\"wp-block-heading\"><strong>Los exabruptos nunca pasan de moda. Es m\u00e1s, se multiplican. Se propagan al ritmo de la precariedad institucional y de la intolerancia y la irresponsabilidad de nuestros dirigentes pol\u00edticos y de toda clase. Pero, tambi\u00e9n bajo el paraguas de la naturalizaci\u00f3n que hacemos como sociedad de esos deslices verbales que nos alejan cada vez m\u00e1s de una convivencia democr\u00e1tica sin vicios. Milei, es una buena s\u00edntesis de este fen\u00f3meno. Pero, no es el \u00fanico.<\/strong><\/h3>\n\n\n\n<p><\/p>\n\n\n\n<p><strong>Escribe: Germ\u00e1n Giacchero<\/strong><\/p>\n\n\n\n<p><\/p>\n\n\n\n<p>Desbocados e irresponsables.<\/p>\n\n\n\n<p>Milei, s\u00ed, pero muchos otros que lo antecedieron tambi\u00e9n.<\/p>\n\n\n\n<p>Y, a este paso, quienes lo suceder\u00e1n no prescindir\u00e1n de los terribles exabruptos discursivos de cualquier pol\u00edtico argentino promedio.<\/p>\n\n\n\n<p>Decir que fue solo una torpeza de un presidente que porta el sello de hablar a boca de jarro o de cualquier funcionario de turno, o que result\u00f3 un comentario \u201cmuy desafortunado\u201d, es de alguna manera minimizar la problem\u00e1tica que se replica entre dirigentes de toda clase, ideolog\u00eda o color partidario.&nbsp;<\/p>\n\n\n\n<p><\/p>\n\n\n\n<figure class=\"wp-block-image size-large\"><img data-recalc-dims=\"1\" fetchpriority=\"high\" decoding=\"async\" width=\"1024\" height=\"578\" src=\"https:\/\/i0.wp.com\/elregionalvm.com.ar\/noticias-villa-maria\/wp-content\/uploads\/2024\/02\/Milei-enojado-1024x578.jpg?resize=1024%2C578&#038;ssl=1\" alt=\"\" class=\"wp-image-90700\" srcset=\"https:\/\/i0.wp.com\/elregionalvm.com.ar\/noticias-villa-maria\/wp-content\/uploads\/2024\/02\/Milei-enojado.jpg?resize=1024%2C578&amp;ssl=1 1024w, https:\/\/i0.wp.com\/elregionalvm.com.ar\/noticias-villa-maria\/wp-content\/uploads\/2024\/02\/Milei-enojado.jpg?resize=300%2C169&amp;ssl=1 300w, https:\/\/i0.wp.com\/elregionalvm.com.ar\/noticias-villa-maria\/wp-content\/uploads\/2024\/02\/Milei-enojado.jpg?resize=768%2C434&amp;ssl=1 768w, https:\/\/i0.wp.com\/elregionalvm.com.ar\/noticias-villa-maria\/wp-content\/uploads\/2024\/02\/Milei-enojado.jpg?w=1195&amp;ssl=1 1195w\" sizes=\"(max-width: 1000px) 100vw, 1000px\" \/><\/figure>\n\n\n\n<p><\/p>\n\n\n\n<p>Los integrantes de nuestra dirigencia, o buena parte de ellos al menos, poseen doctorados en exabruptos y acumulan posgrados en metidas de pata discursivas.<\/p>\n\n\n\n<p>Algunas m\u00e1s espont\u00e1neas, dichas sin pensar, producto de un rapto de furia, odio o de un arrebato irracional; otras, con clara intencionalidad de provocar da\u00f1o o dolor.<\/p>\n\n\n\n<p>Muchos fans del jet\u00f3n de ocasi\u00f3n son propensos a justificar lo injustificable cuando el ca\u00eddo en desgracia es de los suyos, pero resultan ser los primeros dispuestos a incinerar en la hoguera al boc\u00f3n que forma parte de la otra trinchera.<\/p>\n\n\n\n<p><strong>Jetones &amp; jetonas<\/strong><\/p>\n\n\n\n<p>Javier Milei, es una usina generadora de insultos e improperios de toda clase.<\/p>\n\n\n\n<p>El presidente libertario viene generando un oce\u00e1nico vocabulario de groser\u00edas desde su \u00e9poca de panelista televisivo hasta su pretendida condici\u00f3n de l\u00edder mundial del universo libertario.<\/p>\n\n\n\n<p><\/p>\n\n\n\n<figure class=\"wp-block-pullquote\"><blockquote><p><strong>El presidente libertario viene generando un oce\u00e1nico vocabulario de groser\u00edas desde su \u00e9poca de panelista televisivo hasta su pretendida condici\u00f3n de l\u00edder mundial del universo libertario<\/strong><\/p><\/blockquote><\/figure>\n\n\n\n<p><\/p>\n\n\n\n<p>\u201cMe importa tres carajos\u201d, haciendo referencia al veto que aplicar\u00eda a la movilidad jubilatoria en caso de convertirse en ley por el desplante de la casta legislativa, es una de las m\u00e1s recientes delicadezas ling\u00fc\u00edsticas con las que se despach\u00f3. Pero, claro, ni por asomo es lo peor que ha dicho.<\/p>\n\n\n\n<p>No lo vamos a repasar ahora, pero existe un largo listado de atrocidades verbales acumuladas en la acotada historia pol\u00edtica de del autoproclamado \u201cLe\u00f3n\u201d, como lo hay a lo largo de la historia pol\u00edtica de nuestro pa\u00eds.<\/p>\n\n\n\n<p>En los \u00faltimos a\u00f1os se replican como sismos imprevisibles, que llegan de un momento a otro.&nbsp;<\/p>\n\n\n\n<p><\/p>\n\n\n\n<figure class=\"wp-block-image size-large\"><img data-recalc-dims=\"1\" decoding=\"async\" width=\"1024\" height=\"576\" src=\"https:\/\/i0.wp.com\/elregionalvm.com.ar\/noticias-villa-maria\/wp-content\/uploads\/2022\/08\/POlitico-discurso-mentira.jpg?resize=1024%2C576&#038;ssl=1\" alt=\"\" class=\"wp-image-63350\"\/><\/figure>\n\n\n\n<p><\/p>\n\n\n\n<p>La mayor\u00eda de estos personajes jetones ocupan altos cargos, ostentan alguna cuota de poder o reconocimiento social, y su coeficiente intelectual aparenta responder a los m\u00e1s altos est\u00e1ndares, aunque estas cualidades no se condigan con el padecimiento de una incontinencia verbal cong\u00e9nita que desata una catarata de agravios, insultos o ataques ling\u00fc\u00edsticos.<\/p>\n\n\n\n<p>Los exabruptos no son privativos de un hemisferio ideol\u00f3gico en particular. Oficialismo y oposici\u00f3n se cruzan al ritmo de estas incorrecciones del lenguaje y se acusan entre s\u00ed por utilizarlos.<\/p>\n\n\n\n<p>Esta lamentable pr\u00e1ctica cotidiana entre nuestros dirigentes es la peor pedagog\u00eda para construir ciudadan\u00eda, participaci\u00f3n y una sociedad menos violenta.<\/p>\n\n\n\n<p>Esta peligrosa tendencia viene desde hace rato, la pedagog\u00eda del exabrupto hace escuela. El lenguaje grosero, la guarangada discursiva, el ataque verbal sin sentido se han transformado en h\u00e1bitos comunes entre nuestra clase dirigente. Pero tambi\u00e9n ha hecho met\u00e1stasis en hogares, calles y colegios.<\/p>\n\n\n\n<p>Y la agitada lengua del presidente es el mejor ejemplo de lo peor en la materia.<\/p>\n\n\n\n<p>Con la pedagog\u00eda del exabrupto, de la violencia simb\u00f3lica y concreta, del mal ejemplo, no vamos a aprender nada. Nadie puede justificarlo, haya argumentos m\u00e1s v\u00e1lidos o no para sostenerlo.<\/p>\n\n\n\n<p>Claro, que peor que lo dicho, podr\u00edan ser los hechos en s\u00ed. Si causa preocupaci\u00f3n lo que afirma un dirigente, por caso Milei, imaginemos lo que realiza, ejecuta o hace en t\u00e9rminos concretos.<\/p>\n\n\n\n<p>Alarm\u00e9monos por los frutos de su lengua filosa, pero estemos en alerta por las decisiones que tome y las consecuencias que tengan en la realidad.<\/p>\n\n\n\n<p>A veces, perro que ladra no muerde. Pero, no dicen lo mismo quienes conocen de cerca los colmillos desgarrando su piel. <\/p>\n\n\n\n<p><strong>Pasos peligrosos<\/strong><\/p>\n\n\n\n<p>El exabrupto es minimizado, justificado como algo anecd\u00f3tico, que dio para la risotada y nada m\u00e1s. Eso tambi\u00e9n es lo peligroso. De la intolerancia al autoritarismo no hay m\u00e1s que un solo paso.<\/p>\n\n\n\n<p>Las disculpas, si es que llegan, se escudan bajo esas tres palabras. Fue un exabrupto. Un improperio, un insulto, una salida de cadena o una frase desubicada producto de un rapto de locura, incontinencia verbal, ira desbordante, intolerancia ideol\u00f3gica, adversidad pol\u00edtica, impotencia, bronca acumulada o la raz\u00f3n que fuere.<\/p>\n\n\n\n<p>Con el agravante que se reproduce millones de veces a trav\u00e9s de los medios y por lo general solo trasciende esa frase desbordada y nada se sabe de los efectos, de sus consecuencias, pero van quedando en el inconsciente colectivo.<\/p>\n\n\n\n<p>Aceptar cualquier exabrupto, que la agresi\u00f3n verbal se convierta en una cuesti\u00f3n de rutina, es el primer paso para admitir mayores niveles de violencia que quedar\u00e1n enquistados en nuestra vida cotidiana.<\/p>\n\n\n\n<p>De ah\u00ed al escrache, al atentado contra la vida humana, no habr\u00e1 m\u00e1s que un solo paso.<\/p>\n\n\n\n<p>Y, como alguna vez lo advertimos, estamos muy cerca de darlo.<\/p>\n\n\n\n<p><\/p>\n\n\n\n<h3 class=\"wp-block-heading\"><strong>Tambi\u00e9n pod\u00e9s ver:<\/strong><\/h3>\n\n\n\n<figure class=\"wp-block-embed is-type-wp-embed is-provider-el-regional wp-block-embed-el-regional\"><div class=\"wp-block-embed__wrapper\">\n<blockquote class=\"wp-embedded-content\" data-secret=\"XSioaQ7mxo\"><a href=\"https:\/\/elregionalvm.com.ar\/noticias-villa-maria\/el-panic-show-de-milei-en-el-luna-park-exabruptos-delirios-y-un-relato-de-realismo-magico\/\">El \u201cPanic show\u201d de Milei: Exabruptos, delirios y un relato de realismo m\u00e1gico<\/a><\/blockquote><iframe class=\"wp-embedded-content\" sandbox=\"allow-scripts\" security=\"restricted\" style=\"position: absolute; clip: rect(1px, 1px, 1px, 1px);\" title=\"\u00abEl \u201cPanic show\u201d de Milei: Exabruptos, delirios y un relato de realismo m\u00e1gico\u00bb \u2014 El Regional\" src=\"https:\/\/elregionalvm.com.ar\/noticias-villa-maria\/el-panic-show-de-milei-en-el-luna-park-exabruptos-delirios-y-un-relato-de-realismo-magico\/embed\/#?secret=TYBYwgLLQw#?secret=XSioaQ7mxo\" data-secret=\"XSioaQ7mxo\" width=\"500\" height=\"282\" frameborder=\"0\" marginwidth=\"0\" marginheight=\"0\" scrolling=\"no\"><\/iframe>\n<\/div><\/figure>\n\n\n\n<p><\/p>\n","protected":false},"excerpt":{"rendered":"<p>Los exabruptos nunca pasan de moda. Es m\u00e1s, se multiplican. Se propagan al ritmo de la precariedad institucional y de la intolerancia y la irresponsabilidad de nuestros dirigentes pol\u00edticos y de toda clase. Pero, tambi\u00e9n bajo el paraguas de la naturalizaci\u00f3n que hacemos como sociedad de esos deslices verbales que nos alejan cada vez m\u00e1s [&hellip;]<\/p>\n","protected":false},"author":6,"featured_media":94854,"comment_status":"open","ping_status":"open","sticky":false,"template":"","format":"standard","meta":{"site-sidebar-layout":"default","site-content-layout":"","ast-site-content-layout":"default","site-content-style":"default","site-sidebar-style":"default","ast-global-header-display":"","ast-banner-title-visibility":"","ast-main-header-display":"","ast-hfb-above-header-display":"","ast-hfb-below-header-display":"","ast-hfb-mobile-header-display":"","site-post-title":"","ast-breadcrumbs-content":"","ast-featured-img":"","footer-sml-layout":"","ast-disable-related-posts":"","theme-transparent-header-meta":"","adv-header-id-meta":"","stick-header-meta":"","header-above-stick-meta":"","header-main-stick-meta":"","header-below-stick-meta":"","astra-migrate-meta-layouts":"set","ast-page-background-enabled":"default","ast-page-background-meta":{"desktop":{"background-color":"","background-image":"","background-repeat":"repeat","background-position":"center center","background-size":"auto","background-attachment":"scroll","background-type":"","background-media":"","overlay-type":"","overlay-color":"","overlay-opacity":"","overlay-gradient":""},"tablet":{"background-color":"","background-image":"","background-repeat":"repeat","background-position":"center center","background-size":"auto","background-attachment":"scroll","background-type":"","background-media":"","overlay-type":"","overlay-color":"","overlay-opacity":"","overlay-gradient":""},"mobile":{"background-color":"","background-image":"","background-repeat":"repeat","background-position":"center center","background-size":"auto","background-attachment":"scroll","background-type":"","background-media":"","overlay-type":"","overlay-color":"","overlay-opacity":"","overlay-gradient":""}},"ast-content-background-meta":{"desktop":{"background-color":"var(--ast-global-color-5)","background-image":"","background-repeat":"repeat","background-position":"center center","background-size":"auto","background-attachment":"scroll","background-type":"","background-media":"","overlay-type":"","overlay-color":"","overlay-opacity":"","overlay-gradient":""},"tablet":{"background-color":"var(--ast-global-color-5)","background-image":"","background-repeat":"repeat","background-position":"center center","background-size":"auto","background-attachment":"scroll","background-type":"","background-media":"","overlay-type":"","overlay-color":"","overlay-opacity":"","overlay-gradient":""},"mobile":{"background-color":"var(--ast-global-color-5)","background-image":"","background-repeat":"repeat","background-position":"center center","background-size":"auto","background-attachment":"scroll","background-type":"","background-media":"","overlay-type":"","overlay-color":"","overlay-opacity":"","overlay-gradient":""}},"_jetpack_memberships_contains_paid_content":false,"_joinchat":[],"footnotes":""},"categories":[365,3557],"tags":[24065,16157,10681,13995,2106,113,5053,519,24066],"class_list":["post-94849","post","type-post","status-publish","format-standard","has-post-thumbnail","hentry","category-opinion","category-tercera","tag-atrocidades-verbales","tag-casta","tag-dirigentes","tag-discursos","tag-exabrupto","tag-hechos","tag-javier-milei","tag-politica","tag-verborragia"],"yoast_head":"<!-- This site is optimized with the Yoast SEO plugin v26.8 - https:\/\/yoast.com\/product\/yoast-seo-wordpress\/ -->\n<title>\u201c\u00a1Me importa tres carajos!\u201d: Milei y el peor ejemplo de las atrocidades verbales de nuestros pol\u00edticos - El Regional<\/title>\n<meta name=\"robots\" content=\"index, follow, max-snippet:-1, max-image-preview:large, max-video-preview:-1\" \/>\n<link rel=\"canonical\" href=\"https:\/\/elregionalvm.com.ar\/noticias-villa-maria\/me-importa-tres-carajos-milei-y-el-mal-ejemplo-de-las-atrocidades-verbales-de-nuestros-politicos\/\" \/>\n<meta property=\"og:locale\" content=\"es_ES\" \/>\n<meta property=\"og:type\" content=\"article\" \/>\n<meta property=\"og:title\" content=\"\u201c\u00a1Me importa tres carajos!\u201d: Milei y el peor ejemplo de las atrocidades verbales de nuestros pol\u00edticos - El Regional\" \/>\n<meta property=\"og:description\" content=\"Los exabruptos nunca pasan de moda. Es m\u00e1s, se multiplican. Se propagan al ritmo de la precariedad institucional y de la intolerancia y la irresponsabilidad de nuestros dirigentes pol\u00edticos y de toda clase. Pero, tambi\u00e9n bajo el paraguas de la naturalizaci\u00f3n que hacemos como sociedad de esos deslices verbales que nos alejan cada vez m\u00e1s [&hellip;]\" \/>\n<meta property=\"og:url\" content=\"https:\/\/elregionalvm.com.ar\/noticias-villa-maria\/me-importa-tres-carajos-milei-y-el-mal-ejemplo-de-las-atrocidades-verbales-de-nuestros-politicos\/\" \/>\n<meta property=\"og:site_name\" content=\"El Regional\" \/>\n<meta property=\"article:publisher\" content=\"https:\/\/www.facebook.com\/elregionalvm\" \/>\n<meta property=\"article:published_time\" content=\"2024-06-06T22:49:17+00:00\" \/>\n<meta property=\"article:modified_time\" content=\"2024-06-12T01:13:49+00:00\" \/>\n<meta property=\"og:image\" content=\"https:\/\/elregionalvm.com.ar\/noticias-villa-maria\/wp-content\/uploads\/2024\/06\/Milei-enojado-martillo.jpg\" \/>\n\t<meta property=\"og:image:width\" content=\"750\" \/>\n\t<meta property=\"og:image:height\" content=\"420\" \/>\n\t<meta property=\"og:image:type\" content=\"image\/jpeg\" \/>\n<meta name=\"author\" content=\"Germ\u00e1n Giacchero\" \/>\n<meta name=\"twitter:card\" content=\"summary_large_image\" \/>\n<meta name=\"twitter:creator\" content=\"@elregionalvm1\" \/>\n<meta name=\"twitter:site\" content=\"@elregionalvm1\" \/>\n<meta name=\"twitter:label1\" content=\"Escrito por\" \/>\n\t<meta name=\"twitter:data1\" content=\"Germ\u00e1n Giacchero\" \/>\n\t<meta name=\"twitter:label2\" content=\"Tiempo de lectura\" \/>\n\t<meta name=\"twitter:data2\" content=\"5 minutos\" \/>\n<script type=\"application\/ld+json\" class=\"yoast-schema-graph\">{\"@context\":\"https:\/\/schema.org\",\"@graph\":[{\"@type\":\"Article\",\"@id\":\"https:\/\/elregionalvm.com.ar\/noticias-villa-maria\/me-importa-tres-carajos-milei-y-el-mal-ejemplo-de-las-atrocidades-verbales-de-nuestros-politicos\/#article\",\"isPartOf\":{\"@id\":\"https:\/\/elregionalvm.com.ar\/noticias-villa-maria\/me-importa-tres-carajos-milei-y-el-mal-ejemplo-de-las-atrocidades-verbales-de-nuestros-politicos\/\"},\"author\":{\"name\":\"Germ\u00e1n Giacchero\",\"@id\":\"http:\/\/elregionalvm.com.ar\/noticias-villa-maria\/#\/schema\/person\/d5e4b04966154131701e52c45d3efec9\"},\"headline\":\"\u201c\u00a1Me importa tres carajos!\u201d: Milei y el peor ejemplo de las atrocidades verbales de nuestros pol\u00edticos\",\"datePublished\":\"2024-06-06T22:49:17+00:00\",\"dateModified\":\"2024-06-12T01:13:49+00:00\",\"mainEntityOfPage\":{\"@id\":\"https:\/\/elregionalvm.com.ar\/noticias-villa-maria\/me-importa-tres-carajos-milei-y-el-mal-ejemplo-de-las-atrocidades-verbales-de-nuestros-politicos\/\"},\"wordCount\":980,\"commentCount\":0,\"image\":{\"@id\":\"https:\/\/elregionalvm.com.ar\/noticias-villa-maria\/me-importa-tres-carajos-milei-y-el-mal-ejemplo-de-las-atrocidades-verbales-de-nuestros-politicos\/#primaryimage\"},\"thumbnailUrl\":\"https:\/\/i0.wp.com\/elregionalvm.com.ar\/noticias-villa-maria\/wp-content\/uploads\/2024\/06\/Milei-enojado-martillo.jpg?fit=750%2C420&ssl=1\",\"keywords\":[\"atrocidades verbales\",\"casta\",\"Dirigentes\",\"discursos\",\"Exabrupto\",\"hechos\",\"Javier Milei\",\"Pol\u00edtica\",\"verborragia\"],\"articleSection\":[\"Opini\u00f3n\",\"tercera\"],\"inLanguage\":\"es\",\"potentialAction\":[{\"@type\":\"CommentAction\",\"name\":\"Comment\",\"target\":[\"https:\/\/elregionalvm.com.ar\/noticias-villa-maria\/me-importa-tres-carajos-milei-y-el-mal-ejemplo-de-las-atrocidades-verbales-de-nuestros-politicos\/#respond\"]}]},{\"@type\":\"WebPage\",\"@id\":\"https:\/\/elregionalvm.com.ar\/noticias-villa-maria\/me-importa-tres-carajos-milei-y-el-mal-ejemplo-de-las-atrocidades-verbales-de-nuestros-politicos\/\",\"url\":\"https:\/\/elregionalvm.com.ar\/noticias-villa-maria\/me-importa-tres-carajos-milei-y-el-mal-ejemplo-de-las-atrocidades-verbales-de-nuestros-politicos\/\",\"name\":\"\u201c\u00a1Me importa tres carajos!\u201d: Milei y el peor ejemplo de las atrocidades verbales de nuestros pol\u00edticos - El Regional\",\"isPartOf\":{\"@id\":\"http:\/\/elregionalvm.com.ar\/noticias-villa-maria\/#website\"},\"primaryImageOfPage\":{\"@id\":\"https:\/\/elregionalvm.com.ar\/noticias-villa-maria\/me-importa-tres-carajos-milei-y-el-mal-ejemplo-de-las-atrocidades-verbales-de-nuestros-politicos\/#primaryimage\"},\"image\":{\"@id\":\"https:\/\/elregionalvm.com.ar\/noticias-villa-maria\/me-importa-tres-carajos-milei-y-el-mal-ejemplo-de-las-atrocidades-verbales-de-nuestros-politicos\/#primaryimage\"},\"thumbnailUrl\":\"https:\/\/i0.wp.com\/elregionalvm.com.ar\/noticias-villa-maria\/wp-content\/uploads\/2024\/06\/Milei-enojado-martillo.jpg?fit=750%2C420&ssl=1\",\"datePublished\":\"2024-06-06T22:49:17+00:00\",\"dateModified\":\"2024-06-12T01:13:49+00:00\",\"author\":{\"@id\":\"http:\/\/elregionalvm.com.ar\/noticias-villa-maria\/#\/schema\/person\/d5e4b04966154131701e52c45d3efec9\"},\"breadcrumb\":{\"@id\":\"https:\/\/elregionalvm.com.ar\/noticias-villa-maria\/me-importa-tres-carajos-milei-y-el-mal-ejemplo-de-las-atrocidades-verbales-de-nuestros-politicos\/#breadcrumb\"},\"inLanguage\":\"es\",\"potentialAction\":[{\"@type\":\"ReadAction\",\"target\":[\"https:\/\/elregionalvm.com.ar\/noticias-villa-maria\/me-importa-tres-carajos-milei-y-el-mal-ejemplo-de-las-atrocidades-verbales-de-nuestros-politicos\/\"]}]},{\"@type\":\"ImageObject\",\"inLanguage\":\"es\",\"@id\":\"https:\/\/elregionalvm.com.ar\/noticias-villa-maria\/me-importa-tres-carajos-milei-y-el-mal-ejemplo-de-las-atrocidades-verbales-de-nuestros-politicos\/#primaryimage\",\"url\":\"https:\/\/i0.wp.com\/elregionalvm.com.ar\/noticias-villa-maria\/wp-content\/uploads\/2024\/06\/Milei-enojado-martillo.jpg?fit=750%2C420&ssl=1\",\"contentUrl\":\"https:\/\/i0.wp.com\/elregionalvm.com.ar\/noticias-villa-maria\/wp-content\/uploads\/2024\/06\/Milei-enojado-martillo.jpg?fit=750%2C420&ssl=1\",\"width\":750,\"height\":420},{\"@type\":\"BreadcrumbList\",\"@id\":\"https:\/\/elregionalvm.com.ar\/noticias-villa-maria\/me-importa-tres-carajos-milei-y-el-mal-ejemplo-de-las-atrocidades-verbales-de-nuestros-politicos\/#breadcrumb\",\"itemListElement\":[{\"@type\":\"ListItem\",\"position\":1,\"name\":\"Portada\",\"item\":\"https:\/\/elregionalvm.com.ar\/noticias-villa-maria\/\"},{\"@type\":\"ListItem\",\"position\":2,\"name\":\"\u201c\u00a1Me importa tres carajos!\u201d: Milei y el peor ejemplo de las atrocidades verbales de nuestros pol\u00edticos\"}]},{\"@type\":\"WebSite\",\"@id\":\"http:\/\/elregionalvm.com.ar\/noticias-villa-maria\/#website\",\"url\":\"http:\/\/elregionalvm.com.ar\/noticias-villa-maria\/\",\"name\":\"El Regional\",\"description\":\"Mucho m\u00e1s que informaci\u00f3n\",\"potentialAction\":[{\"@type\":\"SearchAction\",\"target\":{\"@type\":\"EntryPoint\",\"urlTemplate\":\"http:\/\/elregionalvm.com.ar\/noticias-villa-maria\/?s={search_term_string}\"},\"query-input\":{\"@type\":\"PropertyValueSpecification\",\"valueRequired\":true,\"valueName\":\"search_term_string\"}}],\"inLanguage\":\"es\"},{\"@type\":\"Person\",\"@id\":\"http:\/\/elregionalvm.com.ar\/noticias-villa-maria\/#\/schema\/person\/d5e4b04966154131701e52c45d3efec9\",\"name\":\"Germ\u00e1n Giacchero\",\"image\":{\"@type\":\"ImageObject\",\"inLanguage\":\"es\",\"@id\":\"http:\/\/elregionalvm.com.ar\/noticias-villa-maria\/#\/schema\/person\/image\/\",\"url\":\"https:\/\/secure.gravatar.com\/avatar\/fda163ba5ef0307ee5be9846e10f83b6e83d0cfb260d3b2464830318894c6b04?s=96&d=mm&r=g\",\"contentUrl\":\"https:\/\/secure.gravatar.com\/avatar\/fda163ba5ef0307ee5be9846e10f83b6e83d0cfb260d3b2464830318894c6b04?s=96&d=mm&r=g\",\"caption\":\"Germ\u00e1n Giacchero\"},\"url\":\"https:\/\/elregionalvm.com.ar\/noticias-villa-maria\/author\/germangiacchero\/\"}]}<\/script>\n<!-- \/ Yoast SEO plugin. -->","yoast_head_json":{"title":"\u201c\u00a1Me importa tres carajos!\u201d: Milei y el peor ejemplo de las atrocidades verbales de nuestros pol\u00edticos - El Regional","robots":{"index":"index","follow":"follow","max-snippet":"max-snippet:-1","max-image-preview":"max-image-preview:large","max-video-preview":"max-video-preview:-1"},"canonical":"https:\/\/elregionalvm.com.ar\/noticias-villa-maria\/me-importa-tres-carajos-milei-y-el-mal-ejemplo-de-las-atrocidades-verbales-de-nuestros-politicos\/","og_locale":"es_ES","og_type":"article","og_title":"\u201c\u00a1Me importa tres carajos!\u201d: Milei y el peor ejemplo de las atrocidades verbales de nuestros pol\u00edticos - El Regional","og_description":"Los exabruptos nunca pasan de moda. Es m\u00e1s, se multiplican. Se propagan al ritmo de la precariedad institucional y de la intolerancia y la irresponsabilidad de nuestros dirigentes pol\u00edticos y de toda clase. Pero, tambi\u00e9n bajo el paraguas de la naturalizaci\u00f3n que hacemos como sociedad de esos deslices verbales que nos alejan cada vez m\u00e1s [&hellip;]","og_url":"https:\/\/elregionalvm.com.ar\/noticias-villa-maria\/me-importa-tres-carajos-milei-y-el-mal-ejemplo-de-las-atrocidades-verbales-de-nuestros-politicos\/","og_site_name":"El Regional","article_publisher":"https:\/\/www.facebook.com\/elregionalvm","article_published_time":"2024-06-06T22:49:17+00:00","article_modified_time":"2024-06-12T01:13:49+00:00","og_image":[{"width":750,"height":420,"url":"https:\/\/elregionalvm.com.ar\/noticias-villa-maria\/wp-content\/uploads\/2024\/06\/Milei-enojado-martillo.jpg","type":"image\/jpeg"}],"author":"Germ\u00e1n Giacchero","twitter_card":"summary_large_image","twitter_creator":"@elregionalvm1","twitter_site":"@elregionalvm1","twitter_misc":{"Escrito por":"Germ\u00e1n Giacchero","Tiempo de lectura":"5 minutos"},"schema":{"@context":"https:\/\/schema.org","@graph":[{"@type":"Article","@id":"https:\/\/elregionalvm.com.ar\/noticias-villa-maria\/me-importa-tres-carajos-milei-y-el-mal-ejemplo-de-las-atrocidades-verbales-de-nuestros-politicos\/#article","isPartOf":{"@id":"https:\/\/elregionalvm.com.ar\/noticias-villa-maria\/me-importa-tres-carajos-milei-y-el-mal-ejemplo-de-las-atrocidades-verbales-de-nuestros-politicos\/"},"author":{"name":"Germ\u00e1n Giacchero","@id":"http:\/\/elregionalvm.com.ar\/noticias-villa-maria\/#\/schema\/person\/d5e4b04966154131701e52c45d3efec9"},"headline":"\u201c\u00a1Me importa tres carajos!\u201d: Milei y el peor ejemplo de las atrocidades verbales de nuestros pol\u00edticos","datePublished":"2024-06-06T22:49:17+00:00","dateModified":"2024-06-12T01:13:49+00:00","mainEntityOfPage":{"@id":"https:\/\/elregionalvm.com.ar\/noticias-villa-maria\/me-importa-tres-carajos-milei-y-el-mal-ejemplo-de-las-atrocidades-verbales-de-nuestros-politicos\/"},"wordCount":980,"commentCount":0,"image":{"@id":"https:\/\/elregionalvm.com.ar\/noticias-villa-maria\/me-importa-tres-carajos-milei-y-el-mal-ejemplo-de-las-atrocidades-verbales-de-nuestros-politicos\/#primaryimage"},"thumbnailUrl":"https:\/\/i0.wp.com\/elregionalvm.com.ar\/noticias-villa-maria\/wp-content\/uploads\/2024\/06\/Milei-enojado-martillo.jpg?fit=750%2C420&ssl=1","keywords":["atrocidades verbales","casta","Dirigentes","discursos","Exabrupto","hechos","Javier Milei","Pol\u00edtica","verborragia"],"articleSection":["Opini\u00f3n","tercera"],"inLanguage":"es","potentialAction":[{"@type":"CommentAction","name":"Comment","target":["https:\/\/elregionalvm.com.ar\/noticias-villa-maria\/me-importa-tres-carajos-milei-y-el-mal-ejemplo-de-las-atrocidades-verbales-de-nuestros-politicos\/#respond"]}]},{"@type":"WebPage","@id":"https:\/\/elregionalvm.com.ar\/noticias-villa-maria\/me-importa-tres-carajos-milei-y-el-mal-ejemplo-de-las-atrocidades-verbales-de-nuestros-politicos\/","url":"https:\/\/elregionalvm.com.ar\/noticias-villa-maria\/me-importa-tres-carajos-milei-y-el-mal-ejemplo-de-las-atrocidades-verbales-de-nuestros-politicos\/","name":"\u201c\u00a1Me importa tres carajos!\u201d: Milei y el peor ejemplo de las atrocidades verbales de nuestros pol\u00edticos - El Regional","isPartOf":{"@id":"http:\/\/elregionalvm.com.ar\/noticias-villa-maria\/#website"},"primaryImageOfPage":{"@id":"https:\/\/elregionalvm.com.ar\/noticias-villa-maria\/me-importa-tres-carajos-milei-y-el-mal-ejemplo-de-las-atrocidades-verbales-de-nuestros-politicos\/#primaryimage"},"image":{"@id":"https:\/\/elregionalvm.com.ar\/noticias-villa-maria\/me-importa-tres-carajos-milei-y-el-mal-ejemplo-de-las-atrocidades-verbales-de-nuestros-politicos\/#primaryimage"},"thumbnailUrl":"https:\/\/i0.wp.com\/elregionalvm.com.ar\/noticias-villa-maria\/wp-content\/uploads\/2024\/06\/Milei-enojado-martillo.jpg?fit=750%2C420&ssl=1","datePublished":"2024-06-06T22:49:17+00:00","dateModified":"2024-06-12T01:13:49+00:00","author":{"@id":"http:\/\/elregionalvm.com.ar\/noticias-villa-maria\/#\/schema\/person\/d5e4b04966154131701e52c45d3efec9"},"breadcrumb":{"@id":"https:\/\/elregionalvm.com.ar\/noticias-villa-maria\/me-importa-tres-carajos-milei-y-el-mal-ejemplo-de-las-atrocidades-verbales-de-nuestros-politicos\/#breadcrumb"},"inLanguage":"es","potentialAction":[{"@type":"ReadAction","target":["https:\/\/elregionalvm.com.ar\/noticias-villa-maria\/me-importa-tres-carajos-milei-y-el-mal-ejemplo-de-las-atrocidades-verbales-de-nuestros-politicos\/"]}]},{"@type":"ImageObject","inLanguage":"es","@id":"https:\/\/elregionalvm.com.ar\/noticias-villa-maria\/me-importa-tres-carajos-milei-y-el-mal-ejemplo-de-las-atrocidades-verbales-de-nuestros-politicos\/#primaryimage","url":"https:\/\/i0.wp.com\/elregionalvm.com.ar\/noticias-villa-maria\/wp-content\/uploads\/2024\/06\/Milei-enojado-martillo.jpg?fit=750%2C420&ssl=1","contentUrl":"https:\/\/i0.wp.com\/elregionalvm.com.ar\/noticias-villa-maria\/wp-content\/uploads\/2024\/06\/Milei-enojado-martillo.jpg?fit=750%2C420&ssl=1","width":750,"height":420},{"@type":"BreadcrumbList","@id":"https:\/\/elregionalvm.com.ar\/noticias-villa-maria\/me-importa-tres-carajos-milei-y-el-mal-ejemplo-de-las-atrocidades-verbales-de-nuestros-politicos\/#breadcrumb","itemListElement":[{"@type":"ListItem","position":1,"name":"Portada","item":"https:\/\/elregionalvm.com.ar\/noticias-villa-maria\/"},{"@type":"ListItem","position":2,"name":"\u201c\u00a1Me importa tres carajos!\u201d: Milei y el peor ejemplo de las atrocidades verbales de nuestros pol\u00edticos"}]},{"@type":"WebSite","@id":"http:\/\/elregionalvm.com.ar\/noticias-villa-maria\/#website","url":"http:\/\/elregionalvm.com.ar\/noticias-villa-maria\/","name":"El Regional","description":"Mucho m\u00e1s que informaci\u00f3n","potentialAction":[{"@type":"SearchAction","target":{"@type":"EntryPoint","urlTemplate":"http:\/\/elregionalvm.com.ar\/noticias-villa-maria\/?s={search_term_string}"},"query-input":{"@type":"PropertyValueSpecification","valueRequired":true,"valueName":"search_term_string"}}],"inLanguage":"es"},{"@type":"Person","@id":"http:\/\/elregionalvm.com.ar\/noticias-villa-maria\/#\/schema\/person\/d5e4b04966154131701e52c45d3efec9","name":"Germ\u00e1n Giacchero","image":{"@type":"ImageObject","inLanguage":"es","@id":"http:\/\/elregionalvm.com.ar\/noticias-villa-maria\/#\/schema\/person\/image\/","url":"https:\/\/secure.gravatar.com\/avatar\/fda163ba5ef0307ee5be9846e10f83b6e83d0cfb260d3b2464830318894c6b04?s=96&d=mm&r=g","contentUrl":"https:\/\/secure.gravatar.com\/avatar\/fda163ba5ef0307ee5be9846e10f83b6e83d0cfb260d3b2464830318894c6b04?s=96&d=mm&r=g","caption":"Germ\u00e1n Giacchero"},"url":"https:\/\/elregionalvm.com.ar\/noticias-villa-maria\/author\/germangiacchero\/"}]}},"jetpack_featured_media_url":"https:\/\/i0.wp.com\/elregionalvm.com.ar\/noticias-villa-maria\/wp-content\/uploads\/2024\/06\/Milei-enojado-martillo.jpg?fit=750%2C420&ssl=1","jetpack_sharing_enabled":true,"_links":{"self":[{"href":"https:\/\/elregionalvm.com.ar\/noticias-villa-maria\/wp-json\/wp\/v2\/posts\/94849","targetHints":{"allow":["GET"]}}],"collection":[{"href":"https:\/\/elregionalvm.com.ar\/noticias-villa-maria\/wp-json\/wp\/v2\/posts"}],"about":[{"href":"https:\/\/elregionalvm.com.ar\/noticias-villa-maria\/wp-json\/wp\/v2\/types\/post"}],"author":[{"embeddable":true,"href":"https:\/\/elregionalvm.com.ar\/noticias-villa-maria\/wp-json\/wp\/v2\/users\/6"}],"replies":[{"embeddable":true,"href":"https:\/\/elregionalvm.com.ar\/noticias-villa-maria\/wp-json\/wp\/v2\/comments?post=94849"}],"version-history":[{"count":5,"href":"https:\/\/elregionalvm.com.ar\/noticias-villa-maria\/wp-json\/wp\/v2\/posts\/94849\/revisions"}],"predecessor-version":[{"id":94864,"href":"https:\/\/elregionalvm.com.ar\/noticias-villa-maria\/wp-json\/wp\/v2\/posts\/94849\/revisions\/94864"}],"wp:featuredmedia":[{"embeddable":true,"href":"https:\/\/elregionalvm.com.ar\/noticias-villa-maria\/wp-json\/wp\/v2\/media\/94854"}],"wp:attachment":[{"href":"https:\/\/elregionalvm.com.ar\/noticias-villa-maria\/wp-json\/wp\/v2\/media?parent=94849"}],"wp:term":[{"taxonomy":"category","embeddable":true,"href":"https:\/\/elregionalvm.com.ar\/noticias-villa-maria\/wp-json\/wp\/v2\/categories?post=94849"},{"taxonomy":"post_tag","embeddable":true,"href":"https:\/\/elregionalvm.com.ar\/noticias-villa-maria\/wp-json\/wp\/v2\/tags?post=94849"}],"curies":[{"name":"wp","href":"https:\/\/api.w.org\/{rel}","templated":true}]}}