{"id":94865,"date":"2024-06-10T01:45:32","date_gmt":"2024-06-10T01:45:32","guid":{"rendered":"https:\/\/elregionalvm.com.ar\/noticias-villa-maria\/?p=94865"},"modified":"2024-06-12T02:16:24","modified_gmt":"2024-06-12T02:16:24","slug":"leyendas-urbanas-los-novios-eternos-de-villa-nueva","status":"publish","type":"post","link":"https:\/\/elregionalvm.com.ar\/noticias-villa-maria\/leyendas-urbanas-los-novios-eternos-de-villa-nueva\/","title":{"rendered":"[Leyendas Urbanas] Los novios eternos de Villa Nueva"},"content":{"rendered":"\n<p><\/p>\n\n\n\n<p><strong>Escribe: Prof. Luis Luj\u00e1n<\/strong><\/p>\n\n\n\n<p><\/p>\n\n\n\n<p>Villa Nueva es una ciudad que parece haberse quedado dormida en el tiempo. Soledad Ferreyra nos dice que si uno pasea por su plaza m\u00e1s c\u00e9ntrica y todo all\u00ed es igual al pasado que vino a perpetrarse en una continua postal de un tiempo que no desea despertar.<\/p>\n\n\n\n<p>Quiz\u00e1s sea el r\u00edo la musa de los sue\u00f1os eternos que la mantiene as\u00ed. En cambio, Villa Mar\u00eda es su hermana menor que crece paulatinamente y corre detr\u00e1s del progreso inminente.<\/p>\n\n\n\n<p>Debe ser por eso que la gente de Villa Nueva es distinta, tal vez porque sus antepasados han sido siempre de aqu\u00ed. Y es por eso que guarda en su viejo aguar de novias las reliquias que la enorgullece como ciudad.<\/p>\n\n\n\n<p>Much\u00edsimas an\u00e9cdotas, mitos y leyendas inundan su folklore urbano de manera tal que su pasado glorioso revive a\u00fan en el consciente colectivo de la comunidad. Villa Nueva tiene identidad propia y, sus habitantes, son el tesoro m\u00e1s valioso que posee en donde conserva y revive toda su historia.<\/p>\n\n\n\n<p><\/p>\n\n\n\n<figure class=\"wp-block-image size-large\"><img data-recalc-dims=\"1\" fetchpriority=\"high\" decoding=\"async\" width=\"1024\" height=\"630\" src=\"https:\/\/i0.wp.com\/elregionalvm.com.ar\/noticias-villa-maria\/wp-content\/uploads\/2021\/10\/cementerio-San-Jose-frente.jpg?resize=1024%2C630&#038;ssl=1\" alt=\"\" class=\"wp-image-47100\" srcset=\"https:\/\/i0.wp.com\/elregionalvm.com.ar\/noticias-villa-maria\/wp-content\/uploads\/2021\/10\/cementerio-San-Jose-frente.jpg?resize=1024%2C630&amp;ssl=1 1024w, https:\/\/i0.wp.com\/elregionalvm.com.ar\/noticias-villa-maria\/wp-content\/uploads\/2021\/10\/cementerio-San-Jose-frente.jpg?resize=300%2C185&amp;ssl=1 300w, https:\/\/i0.wp.com\/elregionalvm.com.ar\/noticias-villa-maria\/wp-content\/uploads\/2021\/10\/cementerio-San-Jose-frente.jpg?resize=768%2C473&amp;ssl=1 768w, https:\/\/i0.wp.com\/elregionalvm.com.ar\/noticias-villa-maria\/wp-content\/uploads\/2021\/10\/cementerio-San-Jose-frente.jpg?resize=1536%2C945&amp;ssl=1 1536w, https:\/\/i0.wp.com\/elregionalvm.com.ar\/noticias-villa-maria\/wp-content\/uploads\/2021\/10\/cementerio-San-Jose-frente.jpg?w=1599&amp;ssl=1 1599w\" sizes=\"(max-width: 1000px) 100vw, 1000px\" \/><\/figure>\n\n\n\n<p><\/p>\n\n\n\n<p>Quiz\u00e1s, entre las historias que m\u00e1s se ha hablado en esta ciudad, fue la de los primos que se suicidaron porque los obligaron a casarse entre ellos para conservar la herencia familiar. As\u00ed se teji\u00f3 la leyenda urbana m\u00e1s popular de la regi\u00f3n, sobre un hecho que paso hace m\u00e1s de un siglo y medio atr\u00e1s.<\/p>\n\n\n\n<p>Lo curioso de todo esto es que nadie puede afirmar si fue cierto o s\u00f3lo una leyenda para dar respuestas a las dos tumbas que est\u00e1n de pie en el cementerio San Jos\u00e9, de Villa Nueva, en el barrio Ctalamochita. Quiz\u00e1s lo que comente ahora ponga un poco de luz a la veracidad de esos hechos.<\/p>\n\n\n\n<p><\/p>\n\n\n\n<figure class=\"wp-block-pullquote\"><blockquote><p><strong>Hace unos quince a\u00f1os atr\u00e1s, mi hermano caminaba juntos a unos amigos por el barrio en que vivimos, muy cerca del cementerio<\/strong><\/p><\/blockquote><\/figure>\n\n\n\n<p><\/p>\n\n\n\n<p>Hace unos quince a\u00f1os atr\u00e1s, mi hermano caminaba juntos a unos amigos por el barrio en que vivimos, muy cerca del cementerio. Se dirig\u00edan al kiosco a comprar algo cuando les sucedi\u00f3 lo inexplicable.<\/p>\n\n\n\n<p>La tarde estaba llegando a su fin y la oscuridad ca\u00eda lentamente sobre ese d\u00eda de diciembre. Sobre los techos de la escuela vieron un reflejo, como una luminiscencia que le atrajo abiertamente la atenci\u00f3n.<\/p>\n\n\n\n<p>Los j\u00f3venes, que eran cuatro, volvieron r\u00e1pidamente la mirada hacia ese objetivo y pudieron ver la figura de dos seres extra\u00f1os que se desplazaban a alta velocidad y desaparecieron delante de sus ojos.<\/p>\n\n\n\n<p>Los amigos se miraron entre ellos sin comprender lo que hab\u00eda sucedido. No obstante, a eso, comentaron llenos de intriga sobre esa aparici\u00f3n. Pero al caminar unos cien metros m\u00e1s, otra vez se hizo presente esa extra\u00f1a visi\u00f3n, s\u00f3lo que esta vez pudieron contemplar con mayor nitidez la imagen de dos j\u00f3venes, uno, var\u00f3n, vestido con traje, levita negra, y sombrero, y la otra figura era de una joven mujer vestida de novia.<\/p>\n\n\n\n<p>Minutos m\u00e1s tarde los vieron corriendo por los techos de unas viviendas y saltaban sobre el tejado de un galp\u00f3n como si fuesen aves por el aire. Si bien los muchachos se asustaron, aun as\u00ed, decidieron salir a su persecuci\u00f3n.<\/p>\n\n\n\n<p>Corrieron hacia donde supuestamente podr\u00edan divisar las figuras fantasmag\u00f3ricas considerando la primera aparici\u00f3n, y la proyecci\u00f3n de las otras, sin advertir que eso los estaba transportando directamente hacia el cementerio San Jos\u00e9.<\/p>\n\n\n\n<p>Cuando se hallaban a unos doscientos metros de la mencionada necr\u00f3polis villanovense, perdieron todo rastro de los novios. Entre ellos ten\u00edan que tomar una decisi\u00f3n importante, o regresaban a sus hogares a comentarles lo sucedido a sus familias, cosa que cab\u00eda la posibilidad de que no les creyesen, o continuar esa oscura aventura en b\u00fasqueda de lo desconocido.<\/p>\n\n\n\n<p><\/p>\n\n\n\n<figure class=\"wp-block-image size-large\"><img data-recalc-dims=\"1\" decoding=\"async\" width=\"1024\" height=\"780\" src=\"https:\/\/i0.wp.com\/elregionalvm.com.ar\/noticias-villa-maria\/wp-content\/uploads\/2022\/03\/Tumbas-separadas-Villa-Nueva-2.jpg?resize=1024%2C780&#038;ssl=1\" alt=\"\" class=\"wp-image-55003\" srcset=\"https:\/\/i0.wp.com\/elregionalvm.com.ar\/noticias-villa-maria\/wp-content\/uploads\/2022\/03\/Tumbas-separadas-Villa-Nueva-2.jpg?resize=1024%2C780&amp;ssl=1 1024w, https:\/\/i0.wp.com\/elregionalvm.com.ar\/noticias-villa-maria\/wp-content\/uploads\/2022\/03\/Tumbas-separadas-Villa-Nueva-2.jpg?resize=300%2C229&amp;ssl=1 300w, https:\/\/i0.wp.com\/elregionalvm.com.ar\/noticias-villa-maria\/wp-content\/uploads\/2022\/03\/Tumbas-separadas-Villa-Nueva-2.jpg?resize=768%2C585&amp;ssl=1 768w, https:\/\/i0.wp.com\/elregionalvm.com.ar\/noticias-villa-maria\/wp-content\/uploads\/2022\/03\/Tumbas-separadas-Villa-Nueva-2.jpg?w=1200&amp;ssl=1 1200w\" sizes=\"(max-width: 1000px) 100vw, 1000px\" \/><\/figure>\n\n\n\n<p><\/p>\n\n\n\n<p>Ya con los \u00faltimos rayos de sol, los cuatro amigos no pudieron tomar una determinaci\u00f3n respecto a sus pasos a seguir. Se quedaron en silencio buscando una respuesta a los sucesos acaecidos.<\/p>\n\n\n\n<p>Fue entonces que otra vez la luminiscencia de los novios hizo su aparici\u00f3n muy cerca de los muros posteriores del cementerio. All\u00ed fue donde sintieron mayores temores. Observaron a la extra\u00f1a pareja caminar de la mano, pero a una distancia de cien cent\u00edmetros sobre el camino, pero en forma pausada, sin prisas, como incitando a los amigos a perseguirlos.<\/p>\n\n\n\n<p>As\u00ed lo hicieron lo intr\u00e9pidos curiosos. Corrieron hacia la pareja hasta estar a unos treinta metros, y all\u00ed contemplaron a los entes espirituales elevarse sobre el muro y desaparecer pr\u00e1cticamente sobre las tumbas de pie que yacen all\u00ed.<\/p>\n\n\n\n<p>Quiz\u00e1s no muchos se enteraron de estos sucesos, pero mi hermano y sus amigos jam\u00e1s olvidar\u00e1n, mientras vivan, las experiencias m\u00e1s temibles, y tiernas a la vez, que tuvieron ese d\u00eda.<\/p>\n\n\n\n<p>Tal vez los primos que se hallan sepultados all\u00ed, seg\u00fan la leyenda, a\u00fan no descansan en paz, pero s\u00ed los sigue uniendo un sentimiento tan noble que a\u00fan despu\u00e9s de ciento cincuenta a\u00f1os pasean por Villa Nueva tomados de la mano y viviendo lo que el destino les priv\u00f3 en su corta juventud.<\/p>\n\n\n\n<p><\/p>\n\n\n\n<h3 class=\"wp-block-heading\"><strong>Tambi\u00e9n pod\u00e9s ver:<\/strong><\/h3>\n\n\n\n<p><\/p>\n\n\n\n<figure class=\"wp-block-embed is-type-wp-embed is-provider-el-regional wp-block-embed-el-regional\"><div class=\"wp-block-embed__wrapper\">\n<blockquote class=\"wp-embedded-content\" data-secret=\"DJJt2YvZFW\"><a href=\"https:\/\/elregionalvm.com.ar\/noticias-villa-maria\/luis-lujan-presenta-leyendas-urbanas-el-fantasma-y-las-rosas\/\">[Luis Luj\u00e1n presenta] Leyendas urbanas: El fantasma y las rosas<\/a><\/blockquote><iframe class=\"wp-embedded-content\" sandbox=\"allow-scripts\" security=\"restricted\" style=\"position: absolute; clip: rect(1px, 1px, 1px, 1px);\" title=\"\u00ab[Luis Luj\u00e1n presenta] Leyendas urbanas: El fantasma y las rosas\u00bb \u2014 El Regional\" src=\"https:\/\/elregionalvm.com.ar\/noticias-villa-maria\/luis-lujan-presenta-leyendas-urbanas-el-fantasma-y-las-rosas\/embed\/#?secret=F5TKxv82L6#?secret=DJJt2YvZFW\" data-secret=\"DJJt2YvZFW\" width=\"500\" height=\"282\" frameborder=\"0\" marginwidth=\"0\" marginheight=\"0\" scrolling=\"no\"><\/iframe>\n<\/div><\/figure>\n","protected":false},"excerpt":{"rendered":"<p>Escribe: Prof. Luis Luj\u00e1n Villa Nueva es una ciudad que parece haberse quedado dormida en el tiempo. Soledad Ferreyra nos dice que si uno pasea por su plaza m\u00e1s c\u00e9ntrica y todo all\u00ed es igual al pasado que vino a perpetrarse en una continua postal de un tiempo que no desea despertar. Quiz\u00e1s sea el [&hellip;]<\/p>\n","protected":false},"author":4,"featured_media":47103,"comment_status":"open","ping_status":"open","sticky":false,"template":"","format":"standard","meta":{"site-sidebar-layout":"default","site-content-layout":"","ast-site-content-layout":"default","site-content-style":"default","site-sidebar-style":"default","ast-global-header-display":"","ast-banner-title-visibility":"","ast-main-header-display":"","ast-hfb-above-header-display":"","ast-hfb-below-header-display":"","ast-hfb-mobile-header-display":"","site-post-title":"","ast-breadcrumbs-content":"","ast-featured-img":"","footer-sml-layout":"","ast-disable-related-posts":"","theme-transparent-header-meta":"","adv-header-id-meta":"","stick-header-meta":"","header-above-stick-meta":"","header-main-stick-meta":"","header-below-stick-meta":"","astra-migrate-meta-layouts":"set","ast-page-background-enabled":"default","ast-page-background-meta":{"desktop":{"background-color":"","background-image":"","background-repeat":"repeat","background-position":"center center","background-size":"auto","background-attachment":"scroll","background-type":"","background-media":"","overlay-type":"","overlay-color":"","overlay-opacity":"","overlay-gradient":""},"tablet":{"background-color":"","background-image":"","background-repeat":"repeat","background-position":"center center","background-size":"auto","background-attachment":"scroll","background-type":"","background-media":"","overlay-type":"","overlay-color":"","overlay-opacity":"","overlay-gradient":""},"mobile":{"background-color":"","background-image":"","background-repeat":"repeat","background-position":"center center","background-size":"auto","background-attachment":"scroll","background-type":"","background-media":"","overlay-type":"","overlay-color":"","overlay-opacity":"","overlay-gradient":""}},"ast-content-background-meta":{"desktop":{"background-color":"var(--ast-global-color-5)","background-image":"","background-repeat":"repeat","background-position":"center center","background-size":"auto","background-attachment":"scroll","background-type":"","background-media":"","overlay-type":"","overlay-color":"","overlay-opacity":"","overlay-gradient":""},"tablet":{"background-color":"var(--ast-global-color-5)","background-image":"","background-repeat":"repeat","background-position":"center center","background-size":"auto","background-attachment":"scroll","background-type":"","background-media":"","overlay-type":"","overlay-color":"","overlay-opacity":"","overlay-gradient":""},"mobile":{"background-color":"var(--ast-global-color-5)","background-image":"","background-repeat":"repeat","background-position":"center center","background-size":"auto","background-attachment":"scroll","background-type":"","background-media":"","overlay-type":"","overlay-color":"","overlay-opacity":"","overlay-gradient":""}},"_jetpack_memberships_contains_paid_content":false,"_joinchat":[],"footnotes":""},"categories":[2098,3557],"tags":[1138,1403,14783,567,10658,11851,23203,11848,232],"class_list":["post-94865","post","type-post","status-publish","format-standard","has-post-thumbnail","hentry","category-historias","category-tercera","tag-cementerio","tag-leyendas","tag-leyendas-urbanas","tag-luis-lujan","tag-novios","tag-primos","tag-tumbas","tag-tumbas-separadas","tag-villa-nueva"],"yoast_head":"<!-- This site is optimized with the Yoast SEO plugin v26.8 - https:\/\/yoast.com\/product\/yoast-seo-wordpress\/ -->\n<title>[Leyendas Urbanas] Los novios eternos de Villa Nueva - El Regional<\/title>\n<meta name=\"robots\" content=\"index, follow, max-snippet:-1, max-image-preview:large, max-video-preview:-1\" \/>\n<link rel=\"canonical\" href=\"https:\/\/elregionalvm.com.ar\/noticias-villa-maria\/leyendas-urbanas-los-novios-eternos-de-villa-nueva\/\" \/>\n<meta property=\"og:locale\" content=\"es_ES\" \/>\n<meta property=\"og:type\" content=\"article\" \/>\n<meta property=\"og:title\" content=\"[Leyendas Urbanas] Los novios eternos de Villa Nueva - El Regional\" \/>\n<meta property=\"og:description\" content=\"Escribe: Prof. Luis Luj\u00e1n Villa Nueva es una ciudad que parece haberse quedado dormida en el tiempo. Soledad Ferreyra nos dice que si uno pasea por su plaza m\u00e1s c\u00e9ntrica y todo all\u00ed es igual al pasado que vino a perpetrarse en una continua postal de un tiempo que no desea despertar. Quiz\u00e1s sea el [&hellip;]\" \/>\n<meta property=\"og:url\" content=\"https:\/\/elregionalvm.com.ar\/noticias-villa-maria\/leyendas-urbanas-los-novios-eternos-de-villa-nueva\/\" \/>\n<meta property=\"og:site_name\" content=\"El Regional\" \/>\n<meta property=\"article:publisher\" content=\"https:\/\/www.facebook.com\/elregionalvm\" \/>\n<meta property=\"article:published_time\" content=\"2024-06-10T01:45:32+00:00\" \/>\n<meta property=\"article:modified_time\" content=\"2024-06-12T02:16:24+00:00\" \/>\n<meta property=\"og:image\" content=\"https:\/\/elregionalvm.com.ar\/noticias-villa-maria\/wp-content\/uploads\/2021\/10\/Cementerio-Villa-Nueva-interior.jpg\" \/>\n\t<meta property=\"og:image:width\" content=\"1200\" \/>\n\t<meta property=\"og:image:height\" content=\"891\" \/>\n\t<meta property=\"og:image:type\" content=\"image\/jpeg\" \/>\n<meta name=\"author\" content=\"Contenidos El Regional\" \/>\n<meta name=\"twitter:card\" content=\"summary_large_image\" \/>\n<meta name=\"twitter:creator\" content=\"@elregionalvm1\" \/>\n<meta name=\"twitter:site\" content=\"@elregionalvm1\" \/>\n<meta name=\"twitter:label1\" content=\"Escrito por\" \/>\n\t<meta name=\"twitter:data1\" content=\"Contenidos El Regional\" \/>\n\t<meta name=\"twitter:label2\" content=\"Tiempo de lectura\" \/>\n\t<meta name=\"twitter:data2\" content=\"5 minutos\" \/>\n<script type=\"application\/ld+json\" class=\"yoast-schema-graph\">{\"@context\":\"https:\/\/schema.org\",\"@graph\":[{\"@type\":\"Article\",\"@id\":\"https:\/\/elregionalvm.com.ar\/noticias-villa-maria\/leyendas-urbanas-los-novios-eternos-de-villa-nueva\/#article\",\"isPartOf\":{\"@id\":\"https:\/\/elregionalvm.com.ar\/noticias-villa-maria\/leyendas-urbanas-los-novios-eternos-de-villa-nueva\/\"},\"author\":{\"name\":\"Contenidos El Regional\",\"@id\":\"http:\/\/elregionalvm.com.ar\/noticias-villa-maria\/#\/schema\/person\/a0fb9c422317faca23d50163151bc354\"},\"headline\":\"[Leyendas Urbanas] Los novios eternos de Villa Nueva\",\"datePublished\":\"2024-06-10T01:45:32+00:00\",\"dateModified\":\"2024-06-12T02:16:24+00:00\",\"mainEntityOfPage\":{\"@id\":\"https:\/\/elregionalvm.com.ar\/noticias-villa-maria\/leyendas-urbanas-los-novios-eternos-de-villa-nueva\/\"},\"wordCount\":911,\"commentCount\":0,\"image\":{\"@id\":\"https:\/\/elregionalvm.com.ar\/noticias-villa-maria\/leyendas-urbanas-los-novios-eternos-de-villa-nueva\/#primaryimage\"},\"thumbnailUrl\":\"https:\/\/i0.wp.com\/elregionalvm.com.ar\/noticias-villa-maria\/wp-content\/uploads\/2021\/10\/Cementerio-Villa-Nueva-interior.jpg?fit=1200%2C891&ssl=1\",\"keywords\":[\"Cementerio\",\"Leyendas\",\"leyendas urbanas\",\"Luis Luj\u00e1n\",\"Novios\",\"primos\",\"tumbas\",\"tumbas separadas\",\"VILLA NUEVA\"],\"articleSection\":[\"Historias\",\"tercera\"],\"inLanguage\":\"es\",\"potentialAction\":[{\"@type\":\"CommentAction\",\"name\":\"Comment\",\"target\":[\"https:\/\/elregionalvm.com.ar\/noticias-villa-maria\/leyendas-urbanas-los-novios-eternos-de-villa-nueva\/#respond\"]}]},{\"@type\":\"WebPage\",\"@id\":\"https:\/\/elregionalvm.com.ar\/noticias-villa-maria\/leyendas-urbanas-los-novios-eternos-de-villa-nueva\/\",\"url\":\"https:\/\/elregionalvm.com.ar\/noticias-villa-maria\/leyendas-urbanas-los-novios-eternos-de-villa-nueva\/\",\"name\":\"[Leyendas Urbanas] Los novios eternos de Villa Nueva - El Regional\",\"isPartOf\":{\"@id\":\"http:\/\/elregionalvm.com.ar\/noticias-villa-maria\/#website\"},\"primaryImageOfPage\":{\"@id\":\"https:\/\/elregionalvm.com.ar\/noticias-villa-maria\/leyendas-urbanas-los-novios-eternos-de-villa-nueva\/#primaryimage\"},\"image\":{\"@id\":\"https:\/\/elregionalvm.com.ar\/noticias-villa-maria\/leyendas-urbanas-los-novios-eternos-de-villa-nueva\/#primaryimage\"},\"thumbnailUrl\":\"https:\/\/i0.wp.com\/elregionalvm.com.ar\/noticias-villa-maria\/wp-content\/uploads\/2021\/10\/Cementerio-Villa-Nueva-interior.jpg?fit=1200%2C891&ssl=1\",\"datePublished\":\"2024-06-10T01:45:32+00:00\",\"dateModified\":\"2024-06-12T02:16:24+00:00\",\"author\":{\"@id\":\"http:\/\/elregionalvm.com.ar\/noticias-villa-maria\/#\/schema\/person\/a0fb9c422317faca23d50163151bc354\"},\"breadcrumb\":{\"@id\":\"https:\/\/elregionalvm.com.ar\/noticias-villa-maria\/leyendas-urbanas-los-novios-eternos-de-villa-nueva\/#breadcrumb\"},\"inLanguage\":\"es\",\"potentialAction\":[{\"@type\":\"ReadAction\",\"target\":[\"https:\/\/elregionalvm.com.ar\/noticias-villa-maria\/leyendas-urbanas-los-novios-eternos-de-villa-nueva\/\"]}]},{\"@type\":\"ImageObject\",\"inLanguage\":\"es\",\"@id\":\"https:\/\/elregionalvm.com.ar\/noticias-villa-maria\/leyendas-urbanas-los-novios-eternos-de-villa-nueva\/#primaryimage\",\"url\":\"https:\/\/i0.wp.com\/elregionalvm.com.ar\/noticias-villa-maria\/wp-content\/uploads\/2021\/10\/Cementerio-Villa-Nueva-interior.jpg?fit=1200%2C891&ssl=1\",\"contentUrl\":\"https:\/\/i0.wp.com\/elregionalvm.com.ar\/noticias-villa-maria\/wp-content\/uploads\/2021\/10\/Cementerio-Villa-Nueva-interior.jpg?fit=1200%2C891&ssl=1\",\"width\":1200,\"height\":891},{\"@type\":\"BreadcrumbList\",\"@id\":\"https:\/\/elregionalvm.com.ar\/noticias-villa-maria\/leyendas-urbanas-los-novios-eternos-de-villa-nueva\/#breadcrumb\",\"itemListElement\":[{\"@type\":\"ListItem\",\"position\":1,\"name\":\"Portada\",\"item\":\"https:\/\/elregionalvm.com.ar\/noticias-villa-maria\/\"},{\"@type\":\"ListItem\",\"position\":2,\"name\":\"[Leyendas Urbanas] Los novios eternos de Villa Nueva\"}]},{\"@type\":\"WebSite\",\"@id\":\"http:\/\/elregionalvm.com.ar\/noticias-villa-maria\/#website\",\"url\":\"http:\/\/elregionalvm.com.ar\/noticias-villa-maria\/\",\"name\":\"El Regional\",\"description\":\"Mucho m\u00e1s que informaci\u00f3n\",\"potentialAction\":[{\"@type\":\"SearchAction\",\"target\":{\"@type\":\"EntryPoint\",\"urlTemplate\":\"http:\/\/elregionalvm.com.ar\/noticias-villa-maria\/?s={search_term_string}\"},\"query-input\":{\"@type\":\"PropertyValueSpecification\",\"valueRequired\":true,\"valueName\":\"search_term_string\"}}],\"inLanguage\":\"es\"},{\"@type\":\"Person\",\"@id\":\"http:\/\/elregionalvm.com.ar\/noticias-villa-maria\/#\/schema\/person\/a0fb9c422317faca23d50163151bc354\",\"name\":\"Contenidos El Regional\",\"image\":{\"@type\":\"ImageObject\",\"inLanguage\":\"es\",\"@id\":\"http:\/\/elregionalvm.com.ar\/noticias-villa-maria\/#\/schema\/person\/image\/\",\"url\":\"https:\/\/secure.gravatar.com\/avatar\/265b27cb2209af7bb3a1318f03305787d7981a5cc6e6cd08fe5a4ecdf99d4b48?s=96&d=mm&r=g\",\"contentUrl\":\"https:\/\/secure.gravatar.com\/avatar\/265b27cb2209af7bb3a1318f03305787d7981a5cc6e6cd08fe5a4ecdf99d4b48?s=96&d=mm&r=g\",\"caption\":\"Contenidos El Regional\"},\"url\":\"https:\/\/elregionalvm.com.ar\/noticias-villa-maria\/author\/contenido\/\"}]}<\/script>\n<!-- \/ Yoast SEO plugin. -->","yoast_head_json":{"title":"[Leyendas Urbanas] Los novios eternos de Villa Nueva - El Regional","robots":{"index":"index","follow":"follow","max-snippet":"max-snippet:-1","max-image-preview":"max-image-preview:large","max-video-preview":"max-video-preview:-1"},"canonical":"https:\/\/elregionalvm.com.ar\/noticias-villa-maria\/leyendas-urbanas-los-novios-eternos-de-villa-nueva\/","og_locale":"es_ES","og_type":"article","og_title":"[Leyendas Urbanas] Los novios eternos de Villa Nueva - El Regional","og_description":"Escribe: Prof. Luis Luj\u00e1n Villa Nueva es una ciudad que parece haberse quedado dormida en el tiempo. Soledad Ferreyra nos dice que si uno pasea por su plaza m\u00e1s c\u00e9ntrica y todo all\u00ed es igual al pasado que vino a perpetrarse en una continua postal de un tiempo que no desea despertar. Quiz\u00e1s sea el [&hellip;]","og_url":"https:\/\/elregionalvm.com.ar\/noticias-villa-maria\/leyendas-urbanas-los-novios-eternos-de-villa-nueva\/","og_site_name":"El Regional","article_publisher":"https:\/\/www.facebook.com\/elregionalvm","article_published_time":"2024-06-10T01:45:32+00:00","article_modified_time":"2024-06-12T02:16:24+00:00","og_image":[{"width":1200,"height":891,"url":"https:\/\/elregionalvm.com.ar\/noticias-villa-maria\/wp-content\/uploads\/2021\/10\/Cementerio-Villa-Nueva-interior.jpg","type":"image\/jpeg"}],"author":"Contenidos El Regional","twitter_card":"summary_large_image","twitter_creator":"@elregionalvm1","twitter_site":"@elregionalvm1","twitter_misc":{"Escrito por":"Contenidos El Regional","Tiempo de lectura":"5 minutos"},"schema":{"@context":"https:\/\/schema.org","@graph":[{"@type":"Article","@id":"https:\/\/elregionalvm.com.ar\/noticias-villa-maria\/leyendas-urbanas-los-novios-eternos-de-villa-nueva\/#article","isPartOf":{"@id":"https:\/\/elregionalvm.com.ar\/noticias-villa-maria\/leyendas-urbanas-los-novios-eternos-de-villa-nueva\/"},"author":{"name":"Contenidos El Regional","@id":"http:\/\/elregionalvm.com.ar\/noticias-villa-maria\/#\/schema\/person\/a0fb9c422317faca23d50163151bc354"},"headline":"[Leyendas Urbanas] Los novios eternos de Villa Nueva","datePublished":"2024-06-10T01:45:32+00:00","dateModified":"2024-06-12T02:16:24+00:00","mainEntityOfPage":{"@id":"https:\/\/elregionalvm.com.ar\/noticias-villa-maria\/leyendas-urbanas-los-novios-eternos-de-villa-nueva\/"},"wordCount":911,"commentCount":0,"image":{"@id":"https:\/\/elregionalvm.com.ar\/noticias-villa-maria\/leyendas-urbanas-los-novios-eternos-de-villa-nueva\/#primaryimage"},"thumbnailUrl":"https:\/\/i0.wp.com\/elregionalvm.com.ar\/noticias-villa-maria\/wp-content\/uploads\/2021\/10\/Cementerio-Villa-Nueva-interior.jpg?fit=1200%2C891&ssl=1","keywords":["Cementerio","Leyendas","leyendas urbanas","Luis Luj\u00e1n","Novios","primos","tumbas","tumbas separadas","VILLA NUEVA"],"articleSection":["Historias","tercera"],"inLanguage":"es","potentialAction":[{"@type":"CommentAction","name":"Comment","target":["https:\/\/elregionalvm.com.ar\/noticias-villa-maria\/leyendas-urbanas-los-novios-eternos-de-villa-nueva\/#respond"]}]},{"@type":"WebPage","@id":"https:\/\/elregionalvm.com.ar\/noticias-villa-maria\/leyendas-urbanas-los-novios-eternos-de-villa-nueva\/","url":"https:\/\/elregionalvm.com.ar\/noticias-villa-maria\/leyendas-urbanas-los-novios-eternos-de-villa-nueva\/","name":"[Leyendas Urbanas] Los novios eternos de Villa Nueva - El Regional","isPartOf":{"@id":"http:\/\/elregionalvm.com.ar\/noticias-villa-maria\/#website"},"primaryImageOfPage":{"@id":"https:\/\/elregionalvm.com.ar\/noticias-villa-maria\/leyendas-urbanas-los-novios-eternos-de-villa-nueva\/#primaryimage"},"image":{"@id":"https:\/\/elregionalvm.com.ar\/noticias-villa-maria\/leyendas-urbanas-los-novios-eternos-de-villa-nueva\/#primaryimage"},"thumbnailUrl":"https:\/\/i0.wp.com\/elregionalvm.com.ar\/noticias-villa-maria\/wp-content\/uploads\/2021\/10\/Cementerio-Villa-Nueva-interior.jpg?fit=1200%2C891&ssl=1","datePublished":"2024-06-10T01:45:32+00:00","dateModified":"2024-06-12T02:16:24+00:00","author":{"@id":"http:\/\/elregionalvm.com.ar\/noticias-villa-maria\/#\/schema\/person\/a0fb9c422317faca23d50163151bc354"},"breadcrumb":{"@id":"https:\/\/elregionalvm.com.ar\/noticias-villa-maria\/leyendas-urbanas-los-novios-eternos-de-villa-nueva\/#breadcrumb"},"inLanguage":"es","potentialAction":[{"@type":"ReadAction","target":["https:\/\/elregionalvm.com.ar\/noticias-villa-maria\/leyendas-urbanas-los-novios-eternos-de-villa-nueva\/"]}]},{"@type":"ImageObject","inLanguage":"es","@id":"https:\/\/elregionalvm.com.ar\/noticias-villa-maria\/leyendas-urbanas-los-novios-eternos-de-villa-nueva\/#primaryimage","url":"https:\/\/i0.wp.com\/elregionalvm.com.ar\/noticias-villa-maria\/wp-content\/uploads\/2021\/10\/Cementerio-Villa-Nueva-interior.jpg?fit=1200%2C891&ssl=1","contentUrl":"https:\/\/i0.wp.com\/elregionalvm.com.ar\/noticias-villa-maria\/wp-content\/uploads\/2021\/10\/Cementerio-Villa-Nueva-interior.jpg?fit=1200%2C891&ssl=1","width":1200,"height":891},{"@type":"BreadcrumbList","@id":"https:\/\/elregionalvm.com.ar\/noticias-villa-maria\/leyendas-urbanas-los-novios-eternos-de-villa-nueva\/#breadcrumb","itemListElement":[{"@type":"ListItem","position":1,"name":"Portada","item":"https:\/\/elregionalvm.com.ar\/noticias-villa-maria\/"},{"@type":"ListItem","position":2,"name":"[Leyendas Urbanas] Los novios eternos de Villa Nueva"}]},{"@type":"WebSite","@id":"http:\/\/elregionalvm.com.ar\/noticias-villa-maria\/#website","url":"http:\/\/elregionalvm.com.ar\/noticias-villa-maria\/","name":"El Regional","description":"Mucho m\u00e1s que informaci\u00f3n","potentialAction":[{"@type":"SearchAction","target":{"@type":"EntryPoint","urlTemplate":"http:\/\/elregionalvm.com.ar\/noticias-villa-maria\/?s={search_term_string}"},"query-input":{"@type":"PropertyValueSpecification","valueRequired":true,"valueName":"search_term_string"}}],"inLanguage":"es"},{"@type":"Person","@id":"http:\/\/elregionalvm.com.ar\/noticias-villa-maria\/#\/schema\/person\/a0fb9c422317faca23d50163151bc354","name":"Contenidos El Regional","image":{"@type":"ImageObject","inLanguage":"es","@id":"http:\/\/elregionalvm.com.ar\/noticias-villa-maria\/#\/schema\/person\/image\/","url":"https:\/\/secure.gravatar.com\/avatar\/265b27cb2209af7bb3a1318f03305787d7981a5cc6e6cd08fe5a4ecdf99d4b48?s=96&d=mm&r=g","contentUrl":"https:\/\/secure.gravatar.com\/avatar\/265b27cb2209af7bb3a1318f03305787d7981a5cc6e6cd08fe5a4ecdf99d4b48?s=96&d=mm&r=g","caption":"Contenidos El Regional"},"url":"https:\/\/elregionalvm.com.ar\/noticias-villa-maria\/author\/contenido\/"}]}},"jetpack_featured_media_url":"https:\/\/i0.wp.com\/elregionalvm.com.ar\/noticias-villa-maria\/wp-content\/uploads\/2021\/10\/Cementerio-Villa-Nueva-interior.jpg?fit=1200%2C891&ssl=1","jetpack_sharing_enabled":true,"_links":{"self":[{"href":"https:\/\/elregionalvm.com.ar\/noticias-villa-maria\/wp-json\/wp\/v2\/posts\/94865","targetHints":{"allow":["GET"]}}],"collection":[{"href":"https:\/\/elregionalvm.com.ar\/noticias-villa-maria\/wp-json\/wp\/v2\/posts"}],"about":[{"href":"https:\/\/elregionalvm.com.ar\/noticias-villa-maria\/wp-json\/wp\/v2\/types\/post"}],"author":[{"embeddable":true,"href":"https:\/\/elregionalvm.com.ar\/noticias-villa-maria\/wp-json\/wp\/v2\/users\/4"}],"replies":[{"embeddable":true,"href":"https:\/\/elregionalvm.com.ar\/noticias-villa-maria\/wp-json\/wp\/v2\/comments?post=94865"}],"version-history":[{"count":3,"href":"https:\/\/elregionalvm.com.ar\/noticias-villa-maria\/wp-json\/wp\/v2\/posts\/94865\/revisions"}],"predecessor-version":[{"id":94870,"href":"https:\/\/elregionalvm.com.ar\/noticias-villa-maria\/wp-json\/wp\/v2\/posts\/94865\/revisions\/94870"}],"wp:featuredmedia":[{"embeddable":true,"href":"https:\/\/elregionalvm.com.ar\/noticias-villa-maria\/wp-json\/wp\/v2\/media\/47103"}],"wp:attachment":[{"href":"https:\/\/elregionalvm.com.ar\/noticias-villa-maria\/wp-json\/wp\/v2\/media?parent=94865"}],"wp:term":[{"taxonomy":"category","embeddable":true,"href":"https:\/\/elregionalvm.com.ar\/noticias-villa-maria\/wp-json\/wp\/v2\/categories?post=94865"},{"taxonomy":"post_tag","embeddable":true,"href":"https:\/\/elregionalvm.com.ar\/noticias-villa-maria\/wp-json\/wp\/v2\/tags?post=94865"}],"curies":[{"name":"wp","href":"https:\/\/api.w.org\/{rel}","templated":true}]}}