{"id":94911,"date":"2024-06-10T02:41:00","date_gmt":"2024-06-10T02:41:00","guid":{"rendered":"https:\/\/elregionalvm.com.ar\/noticias-villa-maria\/?p=94911"},"modified":"2024-06-13T03:17:29","modified_gmt":"2024-06-13T03:17:29","slug":"la-increible-historia-de-las-jubilaciones-de-privilegio-el-vicepresidente-que-murio-en-la-pobreza-pero-que-nunca-la-quiso","status":"publish","type":"post","link":"https:\/\/elregionalvm.com.ar\/noticias-villa-maria\/la-increible-historia-de-las-jubilaciones-de-privilegio-el-vicepresidente-que-murio-en-la-pobreza-pero-que-nunca-la-quiso\/","title":{"rendered":"La incre\u00edble historia de las Jubilaciones de Privilegio:  El vicepresidente que muri\u00f3 en la pobreza, pero que nunca la quiso"},"content":{"rendered":"\n<p><\/p>\n\n\n\n<h3 class=\"wp-block-heading\"><strong>A \u00faltima hora del martes pasado, en una marat\u00f3nica sesi\u00f3n, la C\u00e1mara de Diputados dio sanci\u00f3n al proyecto de ley de la nueva f\u00f3rmula de movilidad jubilatoria. En un acuerdo entre los bloques opositores se suprimi\u00f3 el art\u00edculo 11 del proyecto, el cual ten\u00eda como objetivo eliminar las jubilaciones de privilegio para presidentes y vicepresidentes. La votaci\u00f3n en particular cont\u00f3 con 111 votos negativos, 109 positivos y 15 abstenciones.<\/strong><\/h3>\n\n\n\n<p><\/p>\n\n\n\n<p><strong>Escribe: Julio C\u00e9sar Nieto<\/strong><\/p>\n\n\n\n<p><\/p>\n\n\n\n<p><strong>Renunciar no es una opci\u00f3n<\/strong><\/p>\n\n\n\n<p>Inmediatamente, frente a una indignaci\u00f3n popular, el presidente Javier Milei, emiti\u00f3, a trav\u00e9s de una carta dirigida titular de ANSES, su voluntad de renunciar al derecho a la jubilaci\u00f3n especial que tienen los presidentes y vices, que oscila entre 50\/60 jubilaciones m\u00ednimas.<\/p>\n\n\n\n<p><\/p>\n\n\n\n<figure class=\"wp-block-image size-full is-resized\"><img data-recalc-dims=\"1\" fetchpriority=\"high\" decoding=\"async\" width=\"800\" height=\"450\" src=\"https:\/\/i0.wp.com\/elregionalvm.com.ar\/noticias-villa-maria\/wp-content\/uploads\/2024\/03\/Milei-celebra-festejo.png?resize=800%2C450&#038;ssl=1\" alt=\"\" class=\"wp-image-91187\" style=\"width:910px;height:auto\" srcset=\"https:\/\/i0.wp.com\/elregionalvm.com.ar\/noticias-villa-maria\/wp-content\/uploads\/2024\/03\/Milei-celebra-festejo.png?w=800&amp;ssl=1 800w, https:\/\/i0.wp.com\/elregionalvm.com.ar\/noticias-villa-maria\/wp-content\/uploads\/2024\/03\/Milei-celebra-festejo.png?resize=300%2C169&amp;ssl=1 300w, https:\/\/i0.wp.com\/elregionalvm.com.ar\/noticias-villa-maria\/wp-content\/uploads\/2024\/03\/Milei-celebra-festejo.png?resize=768%2C432&amp;ssl=1 768w\" sizes=\"(max-width: 800px) 100vw, 800px\" \/><\/figure>\n\n\n\n<p><\/p>\n\n\n\n<p>Ahora, la trampa, m\u00e1s all\u00e1 de la voluntad del presidente yace en la imposibilidad de renuncia del beneficio, ya que si el jefe de Estado desea renunciar a su jubilaci\u00f3n como expresidente deber\u00e1 enviar al Congreso un proyecto de ley, ya que las jubilaciones de privilegio est\u00e1n reguladas por la ley N\u00b0 24.018 y recibirla no es opcional.<\/p>\n\n\n\n<p><strong>Una iron\u00eda de la historia<\/strong><\/p>\n\n\n\n<p>Los antecedentes de esta ley tienen casi un siglo de vida, y su historia nos remite a la curiosa vida de un hombre: Elpidio Gonz\u00e1lez.<\/p>\n\n\n\n<p>Microempresario, jefe de Polic\u00eda, ministro de Guerra y, luego, Vicepresidente de la Naci\u00f3n, Elpidio Gonz\u00e1lez fue el hombre de mayor confianza del presidente Hip\u00f3lito Yrigoyen, algo as\u00ed como una suerte de punto medio entre el \u00abPeludo\u00bb y el \u00abGalerita\u00bb Marcelo Torcuato de Alvear, quien no dud\u00f3 un momento en llevarlo c\u00f3mo vicepresidente en el per\u00edodo 1922-28, cargo que desempe\u00f1\u00f3 Ad-honorem.<\/p>\n\n\n\n<p><\/p>\n\n\n\n<figure class=\"wp-block-image size-large\"><img data-recalc-dims=\"1\" decoding=\"async\" width=\"1024\" height=\"576\" src=\"https:\/\/i0.wp.com\/elregionalvm.com.ar\/noticias-villa-maria\/wp-content\/uploads\/2024\/06\/Elpidio-Gonzalez.jpg?resize=1024%2C576&#038;ssl=1\" alt=\"\" class=\"wp-image-94914\" srcset=\"https:\/\/i0.wp.com\/elregionalvm.com.ar\/noticias-villa-maria\/wp-content\/uploads\/2024\/06\/Elpidio-Gonzalez.jpg?resize=1024%2C576&amp;ssl=1 1024w, https:\/\/i0.wp.com\/elregionalvm.com.ar\/noticias-villa-maria\/wp-content\/uploads\/2024\/06\/Elpidio-Gonzalez.jpg?resize=300%2C169&amp;ssl=1 300w, https:\/\/i0.wp.com\/elregionalvm.com.ar\/noticias-villa-maria\/wp-content\/uploads\/2024\/06\/Elpidio-Gonzalez.jpg?resize=768%2C432&amp;ssl=1 768w, https:\/\/i0.wp.com\/elregionalvm.com.ar\/noticias-villa-maria\/wp-content\/uploads\/2024\/06\/Elpidio-Gonzalez.jpg?w=1280&amp;ssl=1 1280w\" sizes=\"(max-width: 1000px) 100vw, 1000px\" \/><\/figure>\n\n\n\n<p><\/p>\n\n\n\n<p>Pero lo curioso de este acontecimiento vino despu\u00e9s, tras el golpe de 1930, Gonz\u00e1lez, que no ven\u00eda de una familia acaudalada o patricia, regres\u00f3 a su viejo oficio de lustrabotas y vendedor de anilinas.<\/p>\n\n\n\n<p>En los relatos de Felix Luna, tanto en \u00abYrigoyen\u00bb como \u00abOrtiz, el presidente ciego\u00bb menciona que era com\u00fan verlo, siempre con el mismo traje oscuro, gastado por el uso y su extensa barba blanca, recorrer los comercios de zapateros, as\u00ed como la zona de Avenida de Mayo y el Congreso.<\/p>\n\n\n\n<p>Los vecinos y muchos de sus ex colegas lo reconoc\u00edan y se asombraban de su triste destino. \u201cNo se puede creer\u2026\u201d, comentaban. \u201cEs lo que corresponde\u201d, respond\u00eda.<\/p>\n\n\n\n<p>Fue por entonces, vaya saber el motivo, que el diputado Adri\u00e1n Escobar, con la anuencia del presidente Agust\u00edn P. Justo, elev\u00f3 un proyecto al Congreso que contemplaba una jubilaci\u00f3n vitalicia para presidentes y vices de 3000 pesos mensuales para aqu\u00e9l entonces, logrando su aprobaci\u00f3n en 1938.<\/p>\n\n\n\n<p><strong>\u201cNo esperaba esta recompensa, ni la deseo\u201d<\/strong><\/p>\n\n\n\n<p>Tras la sanci\u00f3n, la Ley que lleva su nombre, result\u00f3 una tremenda decepci\u00f3n para Elpidio, quien quebrado financieramente y viviendo esos d\u00edas en una pensi\u00f3n se neg\u00f3 rotundamente a recibir y\/o cobrar tal beneficio.<\/p>\n\n\n\n<p>El 6 de octubre de 1938 le escribi\u00f3 una carta al entonces presidente radical Marcelo Ortiz, en la que se\u00f1alaba: \u201cHabiendo sido promulgada la Ley que concede una asignaci\u00f3n vitalicia a los ex Presidentes y Vicepresidentes de la Naci\u00f3n, c\u00fampleme dejar constancia al se\u00f1or Presidente, en su car\u00e1cter de \u2018jefe Supremo de la Naci\u00f3n, que tiene a su cargo la Administraci\u00f3n General del Pa\u00eds\u2019, de mi decisi\u00f3n irrevocable de no acogerme a los beneficios de dicha Ley\u201d.<\/p>\n\n\n\n<p><\/p>\n\n\n\n<figure class=\"wp-block-gallery has-nested-images columns-default is-cropped wp-block-gallery-1 is-layout-flex wp-block-gallery-is-layout-flex\">\n<figure class=\"wp-block-image size-large\"><img data-recalc-dims=\"1\" decoding=\"async\" width=\"719\" height=\"924\" data-id=\"94916\" src=\"https:\/\/i0.wp.com\/elregionalvm.com.ar\/noticias-villa-maria\/wp-content\/uploads\/2024\/06\/Elpidio-Gonzalez-vicepresidente.jpeg?resize=719%2C924&#038;ssl=1\" alt=\"\" class=\"wp-image-94916\" srcset=\"https:\/\/i0.wp.com\/elregionalvm.com.ar\/noticias-villa-maria\/wp-content\/uploads\/2024\/06\/Elpidio-Gonzalez-vicepresidente.jpeg?w=719&amp;ssl=1 719w, https:\/\/i0.wp.com\/elregionalvm.com.ar\/noticias-villa-maria\/wp-content\/uploads\/2024\/06\/Elpidio-Gonzalez-vicepresidente.jpeg?resize=233%2C300&amp;ssl=1 233w\" sizes=\"(max-width: 719px) 100vw, 719px\" \/><\/figure>\n\n\n\n<figure class=\"wp-block-image size-large\"><img data-recalc-dims=\"1\" loading=\"lazy\" decoding=\"async\" width=\"720\" height=\"955\" data-id=\"94915\" src=\"https:\/\/i0.wp.com\/elregionalvm.com.ar\/noticias-villa-maria\/wp-content\/uploads\/2024\/06\/carta-renuncia-jubilacion-privilegio-elpidio-gonzalez.jpeg?resize=720%2C955&#038;ssl=1\" alt=\"\" class=\"wp-image-94915\" srcset=\"https:\/\/i0.wp.com\/elregionalvm.com.ar\/noticias-villa-maria\/wp-content\/uploads\/2024\/06\/carta-renuncia-jubilacion-privilegio-elpidio-gonzalez.jpeg?w=720&amp;ssl=1 720w, https:\/\/i0.wp.com\/elregionalvm.com.ar\/noticias-villa-maria\/wp-content\/uploads\/2024\/06\/carta-renuncia-jubilacion-privilegio-elpidio-gonzalez.jpeg?resize=226%2C300&amp;ssl=1 226w\" sizes=\"(max-width: 720px) 100vw, 720px\" \/><\/figure>\n<\/figure>\n\n\n\n<p><\/p>\n\n\n\n<p><strong>Su triste final<\/strong><\/p>\n\n\n\n<p>Tras renunciar y no gozar del beneficio de una Ley que llevaba su nombre, Elpidio Gonz\u00e1lez, continu\u00f3 en bajo perfil participando en la UCR.<\/p>\n\n\n\n<p>A comienzos de 1951, su estado de salud empez\u00f3 a deteriorarse, tras algunas intervenciones, no logr\u00f3 recuperarse y falleci\u00f3 el 18 de octubre de 1951, a los 76 a\u00f1os.<\/p>\n\n\n\n<p>En su testamento, dej\u00f3 en claro que nadie podr\u00eda reclamar al Estado, en su nombre, ninguna pensi\u00f3n.<\/p>\n\n\n\n<p>Dijo que era su \u00faltimo deseo ser sepultado \u201ccon toda modestia\u201d. Y aclar\u00f3: \u201cNo tengo ascendientes vivos y no he tenido descendientes de ninguna naturaleza, por lo que a mi muerte y de acuerdo a la ley nadie podr\u00e1, invocando parentesco ni consanguinidad con el otorgante, reclamar al Estado favor, emolumento, beneficios o pensi\u00f3n alguna\u201d.<\/p>\n\n\n\n<p>Continu\u00f3: \u201cEs mi \u00faltima voluntad, por otra parte, que no se decreten honores ni honras oficiales de ninguna especie. No hago instituci\u00f3n alguna de herederos, porque no tengo ning\u00fan bien de que disponer\u201d.<\/p>\n\n\n\n<p>Entre sus pertenencias, el \u00fanico patrimonio que se le encontr\u00f3 al exfuncionario fue un sobre con 22 pesos.<\/p>\n\n\n\n<p><\/p>\n\n\n\n<h3 class=\"wp-block-heading\"><strong>Tambi\u00e9n pod\u00e9s ver:<\/strong><\/h3>\n\n\n\n<p><\/p>\n\n\n\n<p><\/p>\n\n\n\n<figure class=\"wp-block-embed is-type-wp-embed is-provider-el-regional wp-block-embed-el-regional\"><div class=\"wp-block-embed__wrapper\">\n<blockquote class=\"wp-embedded-content\" data-secret=\"Ppf7oOF6GW\"><a href=\"https:\/\/elregionalvm.com.ar\/noticias-villa-maria\/historias-de-un-vicepresidente-distinto-quien-fue-elpidio-gonzalez\/\">[Historias de un vicepresidente distinto] Qui\u00e9n fue Elpidio Gonz\u00e1lez<\/a><\/blockquote><iframe class=\"wp-embedded-content\" sandbox=\"allow-scripts\" security=\"restricted\" style=\"position: absolute; clip: rect(1px, 1px, 1px, 1px);\" title=\"\u00ab[Historias de un vicepresidente distinto] Qui\u00e9n fue Elpidio Gonz\u00e1lez\u00bb \u2014 El Regional\" src=\"https:\/\/elregionalvm.com.ar\/noticias-villa-maria\/historias-de-un-vicepresidente-distinto-quien-fue-elpidio-gonzalez\/embed\/#?secret=Ww1yFB45n3#?secret=Ppf7oOF6GW\" data-secret=\"Ppf7oOF6GW\" width=\"500\" height=\"282\" frameborder=\"0\" marginwidth=\"0\" marginheight=\"0\" scrolling=\"no\"><\/iframe>\n<\/div><\/figure>\n","protected":false},"excerpt":{"rendered":"<p>A \u00faltima hora del martes pasado, en una marat\u00f3nica sesi\u00f3n, la C\u00e1mara de Diputados dio sanci\u00f3n al proyecto de ley de la nueva f\u00f3rmula de movilidad jubilatoria. En un acuerdo entre los bloques opositores se suprimi\u00f3 el art\u00edculo 11 del proyecto, el cual ten\u00eda como objetivo eliminar las jubilaciones de privilegio para presidentes y vicepresidentes. [&hellip;]<\/p>\n","protected":false},"author":4,"featured_media":94913,"comment_status":"open","ping_status":"open","sticky":false,"template":"","format":"standard","meta":{"site-sidebar-layout":"default","site-content-layout":"","ast-site-content-layout":"default","site-content-style":"default","site-sidebar-style":"default","ast-global-header-display":"","ast-banner-title-visibility":"","ast-main-header-display":"","ast-hfb-above-header-display":"","ast-hfb-below-header-display":"","ast-hfb-mobile-header-display":"","site-post-title":"","ast-breadcrumbs-content":"","ast-featured-img":"","footer-sml-layout":"","ast-disable-related-posts":"","theme-transparent-header-meta":"","adv-header-id-meta":"","stick-header-meta":"","header-above-stick-meta":"","header-main-stick-meta":"","header-below-stick-meta":"","astra-migrate-meta-layouts":"set","ast-page-background-enabled":"default","ast-page-background-meta":{"desktop":{"background-color":"","background-image":"","background-repeat":"repeat","background-position":"center center","background-size":"auto","background-attachment":"scroll","background-type":"","background-media":"","overlay-type":"","overlay-color":"","overlay-opacity":"","overlay-gradient":""},"tablet":{"background-color":"","background-image":"","background-repeat":"repeat","background-position":"center center","background-size":"auto","background-attachment":"scroll","background-type":"","background-media":"","overlay-type":"","overlay-color":"","overlay-opacity":"","overlay-gradient":""},"mobile":{"background-color":"","background-image":"","background-repeat":"repeat","background-position":"center center","background-size":"auto","background-attachment":"scroll","background-type":"","background-media":"","overlay-type":"","overlay-color":"","overlay-opacity":"","overlay-gradient":""}},"ast-content-background-meta":{"desktop":{"background-color":"var(--ast-global-color-5)","background-image":"","background-repeat":"repeat","background-position":"center center","background-size":"auto","background-attachment":"scroll","background-type":"","background-media":"","overlay-type":"","overlay-color":"","overlay-opacity":"","overlay-gradient":""},"tablet":{"background-color":"var(--ast-global-color-5)","background-image":"","background-repeat":"repeat","background-position":"center center","background-size":"auto","background-attachment":"scroll","background-type":"","background-media":"","overlay-type":"","overlay-color":"","overlay-opacity":"","overlay-gradient":""},"mobile":{"background-color":"var(--ast-global-color-5)","background-image":"","background-repeat":"repeat","background-position":"center center","background-size":"auto","background-attachment":"scroll","background-type":"","background-media":"","overlay-type":"","overlay-color":"","overlay-opacity":"","overlay-gradient":""}},"_jetpack_memberships_contains_paid_content":false,"_joinchat":[],"footnotes":""},"categories":[2098,3557],"tags":[18103,5053,18108,24068,609,2547,18104],"class_list":["post-94911","post","type-post","status-publish","format-standard","has-post-thumbnail","hentry","category-historias","category-tercera","tag-elpidio-gonzalez","tag-javier-milei","tag-jubilacion-de-privilegio","tag-movilidad-jubilatoria","tag-pobreza","tag-renuncia","tag-vicepresidente"],"yoast_head":"<!-- This site is optimized with the Yoast SEO plugin v26.8 - https:\/\/yoast.com\/product\/yoast-seo-wordpress\/ -->\n<title>La incre\u00edble historia de las Jubilaciones de Privilegio: El vicepresidente que muri\u00f3 en la pobreza, pero que nunca la quiso - El Regional<\/title>\n<meta name=\"robots\" content=\"index, follow, max-snippet:-1, max-image-preview:large, max-video-preview:-1\" \/>\n<link rel=\"canonical\" href=\"https:\/\/elregionalvm.com.ar\/noticias-villa-maria\/la-increible-historia-de-las-jubilaciones-de-privilegio-el-vicepresidente-que-murio-en-la-pobreza-pero-que-nunca-la-quiso\/\" \/>\n<meta property=\"og:locale\" content=\"es_ES\" \/>\n<meta property=\"og:type\" content=\"article\" \/>\n<meta property=\"og:title\" content=\"La incre\u00edble historia de las Jubilaciones de Privilegio: El vicepresidente que muri\u00f3 en la pobreza, pero que nunca la quiso - El Regional\" \/>\n<meta property=\"og:description\" content=\"A \u00faltima hora del martes pasado, en una marat\u00f3nica sesi\u00f3n, la C\u00e1mara de Diputados dio sanci\u00f3n al proyecto de ley de la nueva f\u00f3rmula de movilidad jubilatoria. En un acuerdo entre los bloques opositores se suprimi\u00f3 el art\u00edculo 11 del proyecto, el cual ten\u00eda como objetivo eliminar las jubilaciones de privilegio para presidentes y vicepresidentes. [&hellip;]\" \/>\n<meta property=\"og:url\" content=\"https:\/\/elregionalvm.com.ar\/noticias-villa-maria\/la-increible-historia-de-las-jubilaciones-de-privilegio-el-vicepresidente-que-murio-en-la-pobreza-pero-que-nunca-la-quiso\/\" \/>\n<meta property=\"og:site_name\" content=\"El Regional\" \/>\n<meta property=\"article:publisher\" content=\"https:\/\/www.facebook.com\/elregionalvm\" \/>\n<meta property=\"article:published_time\" content=\"2024-06-10T02:41:00+00:00\" \/>\n<meta property=\"article:modified_time\" content=\"2024-06-13T03:17:29+00:00\" \/>\n<meta property=\"og:image\" content=\"https:\/\/elregionalvm.com.ar\/noticias-villa-maria\/wp-content\/uploads\/2024\/06\/Milei-y-Elpidio-Gonzalez.jpg\" \/>\n\t<meta property=\"og:image:width\" content=\"994\" \/>\n\t<meta property=\"og:image:height\" content=\"746\" \/>\n\t<meta property=\"og:image:type\" content=\"image\/jpeg\" \/>\n<meta name=\"author\" content=\"Contenidos El Regional\" \/>\n<meta name=\"twitter:card\" content=\"summary_large_image\" \/>\n<meta name=\"twitter:creator\" content=\"@elregionalvm1\" \/>\n<meta name=\"twitter:site\" content=\"@elregionalvm1\" \/>\n<meta name=\"twitter:label1\" content=\"Escrito por\" \/>\n\t<meta name=\"twitter:data1\" content=\"Contenidos El Regional\" \/>\n\t<meta name=\"twitter:label2\" content=\"Tiempo de lectura\" \/>\n\t<meta name=\"twitter:data2\" content=\"5 minutos\" \/>\n<script type=\"application\/ld+json\" class=\"yoast-schema-graph\">{\"@context\":\"https:\/\/schema.org\",\"@graph\":[{\"@type\":\"Article\",\"@id\":\"https:\/\/elregionalvm.com.ar\/noticias-villa-maria\/la-increible-historia-de-las-jubilaciones-de-privilegio-el-vicepresidente-que-murio-en-la-pobreza-pero-que-nunca-la-quiso\/#article\",\"isPartOf\":{\"@id\":\"https:\/\/elregionalvm.com.ar\/noticias-villa-maria\/la-increible-historia-de-las-jubilaciones-de-privilegio-el-vicepresidente-que-murio-en-la-pobreza-pero-que-nunca-la-quiso\/\"},\"author\":{\"name\":\"Contenidos El Regional\",\"@id\":\"http:\/\/elregionalvm.com.ar\/noticias-villa-maria\/#\/schema\/person\/a0fb9c422317faca23d50163151bc354\"},\"headline\":\"La incre\u00edble historia de las Jubilaciones de Privilegio: El vicepresidente que muri\u00f3 en la pobreza, pero que nunca la quiso\",\"datePublished\":\"2024-06-10T02:41:00+00:00\",\"dateModified\":\"2024-06-13T03:17:29+00:00\",\"mainEntityOfPage\":{\"@id\":\"https:\/\/elregionalvm.com.ar\/noticias-villa-maria\/la-increible-historia-de-las-jubilaciones-de-privilegio-el-vicepresidente-que-murio-en-la-pobreza-pero-que-nunca-la-quiso\/\"},\"wordCount\":796,\"commentCount\":0,\"image\":{\"@id\":\"https:\/\/elregionalvm.com.ar\/noticias-villa-maria\/la-increible-historia-de-las-jubilaciones-de-privilegio-el-vicepresidente-que-murio-en-la-pobreza-pero-que-nunca-la-quiso\/#primaryimage\"},\"thumbnailUrl\":\"https:\/\/i0.wp.com\/elregionalvm.com.ar\/noticias-villa-maria\/wp-content\/uploads\/2024\/06\/Milei-y-Elpidio-Gonzalez.jpg?fit=994%2C746&ssl=1\",\"keywords\":[\"Elpidio Gonz\u00e1lez\",\"Javier Milei\",\"jubilaci\u00f3n de privilegio\",\"movilidad jubilatoria\",\"Pobreza\",\"Renuncia\",\"vicepresidente\"],\"articleSection\":[\"Historias\",\"tercera\"],\"inLanguage\":\"es\",\"potentialAction\":[{\"@type\":\"CommentAction\",\"name\":\"Comment\",\"target\":[\"https:\/\/elregionalvm.com.ar\/noticias-villa-maria\/la-increible-historia-de-las-jubilaciones-de-privilegio-el-vicepresidente-que-murio-en-la-pobreza-pero-que-nunca-la-quiso\/#respond\"]}]},{\"@type\":\"WebPage\",\"@id\":\"https:\/\/elregionalvm.com.ar\/noticias-villa-maria\/la-increible-historia-de-las-jubilaciones-de-privilegio-el-vicepresidente-que-murio-en-la-pobreza-pero-que-nunca-la-quiso\/\",\"url\":\"https:\/\/elregionalvm.com.ar\/noticias-villa-maria\/la-increible-historia-de-las-jubilaciones-de-privilegio-el-vicepresidente-que-murio-en-la-pobreza-pero-que-nunca-la-quiso\/\",\"name\":\"La incre\u00edble historia de las Jubilaciones de Privilegio: El vicepresidente que muri\u00f3 en la pobreza, pero que nunca la quiso - El Regional\",\"isPartOf\":{\"@id\":\"http:\/\/elregionalvm.com.ar\/noticias-villa-maria\/#website\"},\"primaryImageOfPage\":{\"@id\":\"https:\/\/elregionalvm.com.ar\/noticias-villa-maria\/la-increible-historia-de-las-jubilaciones-de-privilegio-el-vicepresidente-que-murio-en-la-pobreza-pero-que-nunca-la-quiso\/#primaryimage\"},\"image\":{\"@id\":\"https:\/\/elregionalvm.com.ar\/noticias-villa-maria\/la-increible-historia-de-las-jubilaciones-de-privilegio-el-vicepresidente-que-murio-en-la-pobreza-pero-que-nunca-la-quiso\/#primaryimage\"},\"thumbnailUrl\":\"https:\/\/i0.wp.com\/elregionalvm.com.ar\/noticias-villa-maria\/wp-content\/uploads\/2024\/06\/Milei-y-Elpidio-Gonzalez.jpg?fit=994%2C746&ssl=1\",\"datePublished\":\"2024-06-10T02:41:00+00:00\",\"dateModified\":\"2024-06-13T03:17:29+00:00\",\"author\":{\"@id\":\"http:\/\/elregionalvm.com.ar\/noticias-villa-maria\/#\/schema\/person\/a0fb9c422317faca23d50163151bc354\"},\"breadcrumb\":{\"@id\":\"https:\/\/elregionalvm.com.ar\/noticias-villa-maria\/la-increible-historia-de-las-jubilaciones-de-privilegio-el-vicepresidente-que-murio-en-la-pobreza-pero-que-nunca-la-quiso\/#breadcrumb\"},\"inLanguage\":\"es\",\"potentialAction\":[{\"@type\":\"ReadAction\",\"target\":[\"https:\/\/elregionalvm.com.ar\/noticias-villa-maria\/la-increible-historia-de-las-jubilaciones-de-privilegio-el-vicepresidente-que-murio-en-la-pobreza-pero-que-nunca-la-quiso\/\"]}]},{\"@type\":\"ImageObject\",\"inLanguage\":\"es\",\"@id\":\"https:\/\/elregionalvm.com.ar\/noticias-villa-maria\/la-increible-historia-de-las-jubilaciones-de-privilegio-el-vicepresidente-que-murio-en-la-pobreza-pero-que-nunca-la-quiso\/#primaryimage\",\"url\":\"https:\/\/i0.wp.com\/elregionalvm.com.ar\/noticias-villa-maria\/wp-content\/uploads\/2024\/06\/Milei-y-Elpidio-Gonzalez.jpg?fit=994%2C746&ssl=1\",\"contentUrl\":\"https:\/\/i0.wp.com\/elregionalvm.com.ar\/noticias-villa-maria\/wp-content\/uploads\/2024\/06\/Milei-y-Elpidio-Gonzalez.jpg?fit=994%2C746&ssl=1\",\"width\":994,\"height\":746},{\"@type\":\"BreadcrumbList\",\"@id\":\"https:\/\/elregionalvm.com.ar\/noticias-villa-maria\/la-increible-historia-de-las-jubilaciones-de-privilegio-el-vicepresidente-que-murio-en-la-pobreza-pero-que-nunca-la-quiso\/#breadcrumb\",\"itemListElement\":[{\"@type\":\"ListItem\",\"position\":1,\"name\":\"Portada\",\"item\":\"https:\/\/elregionalvm.com.ar\/noticias-villa-maria\/\"},{\"@type\":\"ListItem\",\"position\":2,\"name\":\"La incre\u00edble historia de las Jubilaciones de Privilegio: El vicepresidente que muri\u00f3 en la pobreza, pero que nunca la quiso\"}]},{\"@type\":\"WebSite\",\"@id\":\"http:\/\/elregionalvm.com.ar\/noticias-villa-maria\/#website\",\"url\":\"http:\/\/elregionalvm.com.ar\/noticias-villa-maria\/\",\"name\":\"El Regional\",\"description\":\"Mucho m\u00e1s que informaci\u00f3n\",\"potentialAction\":[{\"@type\":\"SearchAction\",\"target\":{\"@type\":\"EntryPoint\",\"urlTemplate\":\"http:\/\/elregionalvm.com.ar\/noticias-villa-maria\/?s={search_term_string}\"},\"query-input\":{\"@type\":\"PropertyValueSpecification\",\"valueRequired\":true,\"valueName\":\"search_term_string\"}}],\"inLanguage\":\"es\"},{\"@type\":\"Person\",\"@id\":\"http:\/\/elregionalvm.com.ar\/noticias-villa-maria\/#\/schema\/person\/a0fb9c422317faca23d50163151bc354\",\"name\":\"Contenidos El Regional\",\"image\":{\"@type\":\"ImageObject\",\"inLanguage\":\"es\",\"@id\":\"http:\/\/elregionalvm.com.ar\/noticias-villa-maria\/#\/schema\/person\/image\/\",\"url\":\"https:\/\/secure.gravatar.com\/avatar\/265b27cb2209af7bb3a1318f03305787d7981a5cc6e6cd08fe5a4ecdf99d4b48?s=96&d=mm&r=g\",\"contentUrl\":\"https:\/\/secure.gravatar.com\/avatar\/265b27cb2209af7bb3a1318f03305787d7981a5cc6e6cd08fe5a4ecdf99d4b48?s=96&d=mm&r=g\",\"caption\":\"Contenidos El Regional\"},\"url\":\"https:\/\/elregionalvm.com.ar\/noticias-villa-maria\/author\/contenido\/\"}]}<\/script>\n<!-- \/ Yoast SEO plugin. -->","yoast_head_json":{"title":"La incre\u00edble historia de las Jubilaciones de Privilegio: El vicepresidente que muri\u00f3 en la pobreza, pero que nunca la quiso - El Regional","robots":{"index":"index","follow":"follow","max-snippet":"max-snippet:-1","max-image-preview":"max-image-preview:large","max-video-preview":"max-video-preview:-1"},"canonical":"https:\/\/elregionalvm.com.ar\/noticias-villa-maria\/la-increible-historia-de-las-jubilaciones-de-privilegio-el-vicepresidente-que-murio-en-la-pobreza-pero-que-nunca-la-quiso\/","og_locale":"es_ES","og_type":"article","og_title":"La incre\u00edble historia de las Jubilaciones de Privilegio: El vicepresidente que muri\u00f3 en la pobreza, pero que nunca la quiso - El Regional","og_description":"A \u00faltima hora del martes pasado, en una marat\u00f3nica sesi\u00f3n, la C\u00e1mara de Diputados dio sanci\u00f3n al proyecto de ley de la nueva f\u00f3rmula de movilidad jubilatoria. En un acuerdo entre los bloques opositores se suprimi\u00f3 el art\u00edculo 11 del proyecto, el cual ten\u00eda como objetivo eliminar las jubilaciones de privilegio para presidentes y vicepresidentes. [&hellip;]","og_url":"https:\/\/elregionalvm.com.ar\/noticias-villa-maria\/la-increible-historia-de-las-jubilaciones-de-privilegio-el-vicepresidente-que-murio-en-la-pobreza-pero-que-nunca-la-quiso\/","og_site_name":"El Regional","article_publisher":"https:\/\/www.facebook.com\/elregionalvm","article_published_time":"2024-06-10T02:41:00+00:00","article_modified_time":"2024-06-13T03:17:29+00:00","og_image":[{"width":994,"height":746,"url":"https:\/\/elregionalvm.com.ar\/noticias-villa-maria\/wp-content\/uploads\/2024\/06\/Milei-y-Elpidio-Gonzalez.jpg","type":"image\/jpeg"}],"author":"Contenidos El Regional","twitter_card":"summary_large_image","twitter_creator":"@elregionalvm1","twitter_site":"@elregionalvm1","twitter_misc":{"Escrito por":"Contenidos El Regional","Tiempo de lectura":"5 minutos"},"schema":{"@context":"https:\/\/schema.org","@graph":[{"@type":"Article","@id":"https:\/\/elregionalvm.com.ar\/noticias-villa-maria\/la-increible-historia-de-las-jubilaciones-de-privilegio-el-vicepresidente-que-murio-en-la-pobreza-pero-que-nunca-la-quiso\/#article","isPartOf":{"@id":"https:\/\/elregionalvm.com.ar\/noticias-villa-maria\/la-increible-historia-de-las-jubilaciones-de-privilegio-el-vicepresidente-que-murio-en-la-pobreza-pero-que-nunca-la-quiso\/"},"author":{"name":"Contenidos El Regional","@id":"http:\/\/elregionalvm.com.ar\/noticias-villa-maria\/#\/schema\/person\/a0fb9c422317faca23d50163151bc354"},"headline":"La incre\u00edble historia de las Jubilaciones de Privilegio: El vicepresidente que muri\u00f3 en la pobreza, pero que nunca la quiso","datePublished":"2024-06-10T02:41:00+00:00","dateModified":"2024-06-13T03:17:29+00:00","mainEntityOfPage":{"@id":"https:\/\/elregionalvm.com.ar\/noticias-villa-maria\/la-increible-historia-de-las-jubilaciones-de-privilegio-el-vicepresidente-que-murio-en-la-pobreza-pero-que-nunca-la-quiso\/"},"wordCount":796,"commentCount":0,"image":{"@id":"https:\/\/elregionalvm.com.ar\/noticias-villa-maria\/la-increible-historia-de-las-jubilaciones-de-privilegio-el-vicepresidente-que-murio-en-la-pobreza-pero-que-nunca-la-quiso\/#primaryimage"},"thumbnailUrl":"https:\/\/i0.wp.com\/elregionalvm.com.ar\/noticias-villa-maria\/wp-content\/uploads\/2024\/06\/Milei-y-Elpidio-Gonzalez.jpg?fit=994%2C746&ssl=1","keywords":["Elpidio Gonz\u00e1lez","Javier Milei","jubilaci\u00f3n de privilegio","movilidad jubilatoria","Pobreza","Renuncia","vicepresidente"],"articleSection":["Historias","tercera"],"inLanguage":"es","potentialAction":[{"@type":"CommentAction","name":"Comment","target":["https:\/\/elregionalvm.com.ar\/noticias-villa-maria\/la-increible-historia-de-las-jubilaciones-de-privilegio-el-vicepresidente-que-murio-en-la-pobreza-pero-que-nunca-la-quiso\/#respond"]}]},{"@type":"WebPage","@id":"https:\/\/elregionalvm.com.ar\/noticias-villa-maria\/la-increible-historia-de-las-jubilaciones-de-privilegio-el-vicepresidente-que-murio-en-la-pobreza-pero-que-nunca-la-quiso\/","url":"https:\/\/elregionalvm.com.ar\/noticias-villa-maria\/la-increible-historia-de-las-jubilaciones-de-privilegio-el-vicepresidente-que-murio-en-la-pobreza-pero-que-nunca-la-quiso\/","name":"La incre\u00edble historia de las Jubilaciones de Privilegio: El vicepresidente que muri\u00f3 en la pobreza, pero que nunca la quiso - El Regional","isPartOf":{"@id":"http:\/\/elregionalvm.com.ar\/noticias-villa-maria\/#website"},"primaryImageOfPage":{"@id":"https:\/\/elregionalvm.com.ar\/noticias-villa-maria\/la-increible-historia-de-las-jubilaciones-de-privilegio-el-vicepresidente-que-murio-en-la-pobreza-pero-que-nunca-la-quiso\/#primaryimage"},"image":{"@id":"https:\/\/elregionalvm.com.ar\/noticias-villa-maria\/la-increible-historia-de-las-jubilaciones-de-privilegio-el-vicepresidente-que-murio-en-la-pobreza-pero-que-nunca-la-quiso\/#primaryimage"},"thumbnailUrl":"https:\/\/i0.wp.com\/elregionalvm.com.ar\/noticias-villa-maria\/wp-content\/uploads\/2024\/06\/Milei-y-Elpidio-Gonzalez.jpg?fit=994%2C746&ssl=1","datePublished":"2024-06-10T02:41:00+00:00","dateModified":"2024-06-13T03:17:29+00:00","author":{"@id":"http:\/\/elregionalvm.com.ar\/noticias-villa-maria\/#\/schema\/person\/a0fb9c422317faca23d50163151bc354"},"breadcrumb":{"@id":"https:\/\/elregionalvm.com.ar\/noticias-villa-maria\/la-increible-historia-de-las-jubilaciones-de-privilegio-el-vicepresidente-que-murio-en-la-pobreza-pero-que-nunca-la-quiso\/#breadcrumb"},"inLanguage":"es","potentialAction":[{"@type":"ReadAction","target":["https:\/\/elregionalvm.com.ar\/noticias-villa-maria\/la-increible-historia-de-las-jubilaciones-de-privilegio-el-vicepresidente-que-murio-en-la-pobreza-pero-que-nunca-la-quiso\/"]}]},{"@type":"ImageObject","inLanguage":"es","@id":"https:\/\/elregionalvm.com.ar\/noticias-villa-maria\/la-increible-historia-de-las-jubilaciones-de-privilegio-el-vicepresidente-que-murio-en-la-pobreza-pero-que-nunca-la-quiso\/#primaryimage","url":"https:\/\/i0.wp.com\/elregionalvm.com.ar\/noticias-villa-maria\/wp-content\/uploads\/2024\/06\/Milei-y-Elpidio-Gonzalez.jpg?fit=994%2C746&ssl=1","contentUrl":"https:\/\/i0.wp.com\/elregionalvm.com.ar\/noticias-villa-maria\/wp-content\/uploads\/2024\/06\/Milei-y-Elpidio-Gonzalez.jpg?fit=994%2C746&ssl=1","width":994,"height":746},{"@type":"BreadcrumbList","@id":"https:\/\/elregionalvm.com.ar\/noticias-villa-maria\/la-increible-historia-de-las-jubilaciones-de-privilegio-el-vicepresidente-que-murio-en-la-pobreza-pero-que-nunca-la-quiso\/#breadcrumb","itemListElement":[{"@type":"ListItem","position":1,"name":"Portada","item":"https:\/\/elregionalvm.com.ar\/noticias-villa-maria\/"},{"@type":"ListItem","position":2,"name":"La incre\u00edble historia de las Jubilaciones de Privilegio: El vicepresidente que muri\u00f3 en la pobreza, pero que nunca la quiso"}]},{"@type":"WebSite","@id":"http:\/\/elregionalvm.com.ar\/noticias-villa-maria\/#website","url":"http:\/\/elregionalvm.com.ar\/noticias-villa-maria\/","name":"El Regional","description":"Mucho m\u00e1s que informaci\u00f3n","potentialAction":[{"@type":"SearchAction","target":{"@type":"EntryPoint","urlTemplate":"http:\/\/elregionalvm.com.ar\/noticias-villa-maria\/?s={search_term_string}"},"query-input":{"@type":"PropertyValueSpecification","valueRequired":true,"valueName":"search_term_string"}}],"inLanguage":"es"},{"@type":"Person","@id":"http:\/\/elregionalvm.com.ar\/noticias-villa-maria\/#\/schema\/person\/a0fb9c422317faca23d50163151bc354","name":"Contenidos El Regional","image":{"@type":"ImageObject","inLanguage":"es","@id":"http:\/\/elregionalvm.com.ar\/noticias-villa-maria\/#\/schema\/person\/image\/","url":"https:\/\/secure.gravatar.com\/avatar\/265b27cb2209af7bb3a1318f03305787d7981a5cc6e6cd08fe5a4ecdf99d4b48?s=96&d=mm&r=g","contentUrl":"https:\/\/secure.gravatar.com\/avatar\/265b27cb2209af7bb3a1318f03305787d7981a5cc6e6cd08fe5a4ecdf99d4b48?s=96&d=mm&r=g","caption":"Contenidos El Regional"},"url":"https:\/\/elregionalvm.com.ar\/noticias-villa-maria\/author\/contenido\/"}]}},"jetpack_featured_media_url":"https:\/\/i0.wp.com\/elregionalvm.com.ar\/noticias-villa-maria\/wp-content\/uploads\/2024\/06\/Milei-y-Elpidio-Gonzalez.jpg?fit=994%2C746&ssl=1","jetpack_sharing_enabled":true,"_links":{"self":[{"href":"https:\/\/elregionalvm.com.ar\/noticias-villa-maria\/wp-json\/wp\/v2\/posts\/94911","targetHints":{"allow":["GET"]}}],"collection":[{"href":"https:\/\/elregionalvm.com.ar\/noticias-villa-maria\/wp-json\/wp\/v2\/posts"}],"about":[{"href":"https:\/\/elregionalvm.com.ar\/noticias-villa-maria\/wp-json\/wp\/v2\/types\/post"}],"author":[{"embeddable":true,"href":"https:\/\/elregionalvm.com.ar\/noticias-villa-maria\/wp-json\/wp\/v2\/users\/4"}],"replies":[{"embeddable":true,"href":"https:\/\/elregionalvm.com.ar\/noticias-villa-maria\/wp-json\/wp\/v2\/comments?post=94911"}],"version-history":[{"count":2,"href":"https:\/\/elregionalvm.com.ar\/noticias-villa-maria\/wp-json\/wp\/v2\/posts\/94911\/revisions"}],"predecessor-version":[{"id":94917,"href":"https:\/\/elregionalvm.com.ar\/noticias-villa-maria\/wp-json\/wp\/v2\/posts\/94911\/revisions\/94917"}],"wp:featuredmedia":[{"embeddable":true,"href":"https:\/\/elregionalvm.com.ar\/noticias-villa-maria\/wp-json\/wp\/v2\/media\/94913"}],"wp:attachment":[{"href":"https:\/\/elregionalvm.com.ar\/noticias-villa-maria\/wp-json\/wp\/v2\/media?parent=94911"}],"wp:term":[{"taxonomy":"category","embeddable":true,"href":"https:\/\/elregionalvm.com.ar\/noticias-villa-maria\/wp-json\/wp\/v2\/categories?post=94911"},{"taxonomy":"post_tag","embeddable":true,"href":"https:\/\/elregionalvm.com.ar\/noticias-villa-maria\/wp-json\/wp\/v2\/tags?post=94911"}],"curies":[{"name":"wp","href":"https:\/\/api.w.org\/{rel}","templated":true}]}}