{"id":95055,"date":"2024-06-12T21:17:38","date_gmt":"2024-06-12T21:17:38","guid":{"rendered":"https:\/\/elregionalvm.com.ar\/noticias-villa-maria\/?p=95055"},"modified":"2024-06-12T21:17:40","modified_gmt":"2024-06-12T21:17:40","slug":"la-zona-infantil-del-parque-pereira-y-dominguez-ahora-lleva-el-nombre-de-plazoleta-malvinas-argentinas","status":"publish","type":"post","link":"https:\/\/elregionalvm.com.ar\/noticias-villa-maria\/la-zona-infantil-del-parque-pereira-y-dominguez-ahora-lleva-el-nombre-de-plazoleta-malvinas-argentinas\/","title":{"rendered":"La zona infantil del Parque Pereira y Dominguez ahora lleva el nombre de \u00abPlazoleta Malvinas Argentinas\u00bb"},"content":{"rendered":"\n<p>En la ma\u00f1ana de hoy, el intendente Eduardo Accastello acompa\u00f1ado por autoridades del Gabinete local, particip\u00f3 del acto de cambio de nombre de la zona de juegos infantiles emplazada en el Parque Pereira y Dom\u00ednguez que, a partir de la fecha, llevar\u00e1 el nombre de Malvinas Argentinas, en honor a los excombatientes de nuestra ciudad.<\/p>\n\n\n\n<figure class=\"wp-block-image size-large\"><img data-recalc-dims=\"1\" fetchpriority=\"high\" decoding=\"async\" width=\"1024\" height=\"683\" src=\"https:\/\/i0.wp.com\/elregionalvm.com.ar\/noticias-villa-maria\/wp-content\/uploads\/2024\/06\/WhatsApp-Image-2024-06-12-at-14.25.41.jpeg?resize=1024%2C683&#038;ssl=1\" alt=\"\" class=\"wp-image-95058\" srcset=\"https:\/\/i0.wp.com\/elregionalvm.com.ar\/noticias-villa-maria\/wp-content\/uploads\/2024\/06\/WhatsApp-Image-2024-06-12-at-14.25.41.jpeg?resize=1024%2C683&amp;ssl=1 1024w, https:\/\/i0.wp.com\/elregionalvm.com.ar\/noticias-villa-maria\/wp-content\/uploads\/2024\/06\/WhatsApp-Image-2024-06-12-at-14.25.41.jpeg?resize=300%2C200&amp;ssl=1 300w, https:\/\/i0.wp.com\/elregionalvm.com.ar\/noticias-villa-maria\/wp-content\/uploads\/2024\/06\/WhatsApp-Image-2024-06-12-at-14.25.41.jpeg?resize=768%2C512&amp;ssl=1 768w, https:\/\/i0.wp.com\/elregionalvm.com.ar\/noticias-villa-maria\/wp-content\/uploads\/2024\/06\/WhatsApp-Image-2024-06-12-at-14.25.41.jpeg?resize=1536%2C1024&amp;ssl=1 1536w, https:\/\/i0.wp.com\/elregionalvm.com.ar\/noticias-villa-maria\/wp-content\/uploads\/2024\/06\/WhatsApp-Image-2024-06-12-at-14.25.41.jpeg?w=1600&amp;ssl=1 1600w\" sizes=\"(max-width: 1000px) 100vw, 1000px\" \/><\/figure>\n\n\n\n<p>Cabe mencionar que la colocaci\u00f3n del nombre en este lugar de nuestra ciudad surge de una propuesta realizada por el Programa Ahora los Chicos, el Barrio y la Ciudad que Queremos.<\/p>\n\n\n\n<p>En este sentido, el intendente Eduardo Accastello manifest\u00f3: \u00abHay tres conceptos que tienen que ver y que nos representan con Malvinas: es un legado, es un sentido de pertenencia y es la identidad de la Argentina. Representa la uni\u00f3n del pueblo en la defensa de lo que es nuestro\u201d.<\/p>\n\n\n\n<p>\u201cMalvinas es sentido de pertenencia porque, al igual que la selecci\u00f3n nacional, al igual que la bandera, que los s\u00edmbolos patrios, nos representa a todos. Los ni\u00f1os tienen sentido de pertenencia y decidieron que esta plaza lleve el nombre de Malvinas Argentinas\u00bb, cerr\u00f3 el intendente.<\/p>\n\n\n\n<figure class=\"wp-block-image size-large\"><img data-recalc-dims=\"1\" decoding=\"async\" width=\"1024\" height=\"683\" src=\"https:\/\/i0.wp.com\/elregionalvm.com.ar\/noticias-villa-maria\/wp-content\/uploads\/2024\/06\/WhatsApp-Image-2024-06-12-at-14.25.42.jpeg?resize=1024%2C683&#038;ssl=1\" alt=\"\" class=\"wp-image-95057\" srcset=\"https:\/\/i0.wp.com\/elregionalvm.com.ar\/noticias-villa-maria\/wp-content\/uploads\/2024\/06\/WhatsApp-Image-2024-06-12-at-14.25.42.jpeg?resize=1024%2C683&amp;ssl=1 1024w, https:\/\/i0.wp.com\/elregionalvm.com.ar\/noticias-villa-maria\/wp-content\/uploads\/2024\/06\/WhatsApp-Image-2024-06-12-at-14.25.42.jpeg?resize=300%2C200&amp;ssl=1 300w, https:\/\/i0.wp.com\/elregionalvm.com.ar\/noticias-villa-maria\/wp-content\/uploads\/2024\/06\/WhatsApp-Image-2024-06-12-at-14.25.42.jpeg?resize=768%2C512&amp;ssl=1 768w, https:\/\/i0.wp.com\/elregionalvm.com.ar\/noticias-villa-maria\/wp-content\/uploads\/2024\/06\/WhatsApp-Image-2024-06-12-at-14.25.42.jpeg?resize=1536%2C1024&amp;ssl=1 1536w, https:\/\/i0.wp.com\/elregionalvm.com.ar\/noticias-villa-maria\/wp-content\/uploads\/2024\/06\/WhatsApp-Image-2024-06-12-at-14.25.42.jpeg?w=1600&amp;ssl=1 1600w\" sizes=\"(max-width: 1000px) 100vw, 1000px\" \/><\/figure>\n\n\n\n<p>Asimismo, el excombatiente de Malvinas, Elio Grandis, coment\u00f3; \u00abHoy todos los veteranos nos sentimos orgullosos porque una de nuestras tareas es la transmisi\u00f3n generacional, para que los chicos conozcan qu\u00e9 pas\u00f3. Para nosotros significa no solamente la lucha nuestra en Malvinas sino tambi\u00e9n que quienes reafirman fuertemente que las Malvinas son Argentinas son quienes han quedado, esto es un reconocimiento a todos ellos. As\u00ed que en nombre de todos les agradezco enormemente por lo que han hecho\u00a8<\/p>\n\n\n\n<p>A su turno, la vice-intendenta de los Ni\u00f1os en el a\u00f1o 2022, Victoria Yunes, a\u00f1adi\u00f3: \u00abNos volvemos a reunir, en esta oportunidad para dar nombre de Malvinas Argentinas a este espacio de la ciudad, un espacio destinado para que ni\u00f1os disfruten, la familia en general. Tambi\u00e9n quiero invitar a cada ni\u00f1o y adolescente a que participen y se involucren para hacer de una ciudad m\u00e1s linda e inclusiva. Por \u00faltimo, as\u00ed como venimos a disfrutar de este espacio debemos cuidarlo porque es de todos y para todos\u00bb.<\/p>\n\n\n\n<p>Es oportuno recordar que el espacio de juegos, que se encuentra frente al Espacio Emprendedor, se constituye como un espacio de recreaci\u00f3n para los ni\u00f1os y ni\u00f1as de Villa Mar\u00eda y la regi\u00f3n.<\/p>\n\n\n\n<p>Estuvieron presentes el presidente del Concejo Deliberante, Juan Pablo Inglese; los secretarios de Unidad Intendencia, Agust\u00edn Turletti Mino; de Econom\u00eda, Transformaci\u00f3n Digital y Desarrollo Productivo, Guillermo Pieckenstainer; de Educaci\u00f3n e Igualdad, Adela Guirardelli; de Salud, C\u00e9sar Rivera, entre otros.<\/p>\n\n\n\n<p>Sobre el Parlamento de los Ni\u00f1os<\/p>\n\n\n\n<p>Participaron 98 ni\u00f1os y ni\u00f1as en el proceso de elecci\u00f3n del nombre, y votaron mayoritariamente Malvinas Argentinas, dando cuenta de una ciudad profundamente comprometida con la causa de Malvinas que, desde el municipio, las escuelas y las instituciones, hasta las familias, se va construyendo una creciente y sentida malvinizaci\u00f3n de nuestra comunidad.<\/p>\n\n\n\n<p>En Villa Mar\u00eda, el trabajo de jerarquizar y poner en el centro a nuestras islas del Atl\u00e1ntico Sur, se viene consolidando con distintas acciones municipales en la actual gesti\u00f3n, con la inauguraci\u00f3n del Museo de Malvinas, y el trabajo mancomunado con los veteranos de nuestra ciudad, entre otras iniciativas.<\/p>\n","protected":false},"excerpt":{"rendered":"<p>En la ma\u00f1ana de hoy, el intendente Eduardo Accastello acompa\u00f1ado por autoridades del Gabinete local, particip\u00f3 del acto de cambio de nombre de la zona de juegos infantiles emplazada en el Parque Pereira y Dom\u00ednguez que, a partir de la fecha, llevar\u00e1 el nombre de Malvinas Argentinas, en honor a los excombatientes de nuestra ciudad. [&hellip;]<\/p>\n","protected":false},"author":4,"featured_media":95056,"comment_status":"open","ping_status":"open","sticky":false,"template":"","format":"standard","meta":{"site-sidebar-layout":"default","site-content-layout":"","ast-site-content-layout":"default","site-content-style":"default","site-sidebar-style":"default","ast-global-header-display":"","ast-banner-title-visibility":"","ast-main-header-display":"","ast-hfb-above-header-display":"","ast-hfb-below-header-display":"","ast-hfb-mobile-header-display":"","site-post-title":"","ast-breadcrumbs-content":"","ast-featured-img":"","footer-sml-layout":"","ast-disable-related-posts":"","theme-transparent-header-meta":"","adv-header-id-meta":"","stick-header-meta":"","header-above-stick-meta":"","header-main-stick-meta":"","header-below-stick-meta":"","astra-migrate-meta-layouts":"set","ast-page-background-enabled":"default","ast-page-background-meta":{"desktop":{"background-color":"","background-image":"","background-repeat":"repeat","background-position":"center center","background-size":"auto","background-attachment":"scroll","background-type":"","background-media":"","overlay-type":"","overlay-color":"","overlay-opacity":"","overlay-gradient":""},"tablet":{"background-color":"","background-image":"","background-repeat":"repeat","background-position":"center center","background-size":"auto","background-attachment":"scroll","background-type":"","background-media":"","overlay-type":"","overlay-color":"","overlay-opacity":"","overlay-gradient":""},"mobile":{"background-color":"","background-image":"","background-repeat":"repeat","background-position":"center center","background-size":"auto","background-attachment":"scroll","background-type":"","background-media":"","overlay-type":"","overlay-color":"","overlay-opacity":"","overlay-gradient":""}},"ast-content-background-meta":{"desktop":{"background-color":"var(--ast-global-color-5)","background-image":"","background-repeat":"repeat","background-position":"center center","background-size":"auto","background-attachment":"scroll","background-type":"","background-media":"","overlay-type":"","overlay-color":"","overlay-opacity":"","overlay-gradient":""},"tablet":{"background-color":"var(--ast-global-color-5)","background-image":"","background-repeat":"repeat","background-position":"center center","background-size":"auto","background-attachment":"scroll","background-type":"","background-media":"","overlay-type":"","overlay-color":"","overlay-opacity":"","overlay-gradient":""},"mobile":{"background-color":"var(--ast-global-color-5)","background-image":"","background-repeat":"repeat","background-position":"center center","background-size":"auto","background-attachment":"scroll","background-type":"","background-media":"","overlay-type":"","overlay-color":"","overlay-opacity":"","overlay-gradient":""}},"_jetpack_memberships_contains_paid_content":false,"_joinchat":[],"footnotes":""},"categories":[15302,5,2],"tags":[],"class_list":["post-95055","post","type-post","status-publish","format-standard","has-post-thumbnail","hentry","category-destacado","category-sociedad","category-villa-maria"],"yoast_head":"<!-- This site is optimized with the Yoast SEO plugin v26.8 - https:\/\/yoast.com\/product\/yoast-seo-wordpress\/ -->\n<title>La zona infantil del Parque Pereira y Dominguez ahora lleva el nombre de &quot;Plazoleta Malvinas Argentinas&quot; - El Regional<\/title>\n<meta name=\"robots\" content=\"index, follow, max-snippet:-1, max-image-preview:large, max-video-preview:-1\" \/>\n<link rel=\"canonical\" href=\"https:\/\/elregionalvm.com.ar\/noticias-villa-maria\/la-zona-infantil-del-parque-pereira-y-dominguez-ahora-lleva-el-nombre-de-plazoleta-malvinas-argentinas\/\" \/>\n<meta property=\"og:locale\" content=\"es_ES\" \/>\n<meta property=\"og:type\" content=\"article\" \/>\n<meta property=\"og:title\" content=\"La zona infantil del Parque Pereira y Dominguez ahora lleva el nombre de &quot;Plazoleta Malvinas Argentinas&quot; - El Regional\" \/>\n<meta property=\"og:description\" content=\"En la ma\u00f1ana de hoy, el intendente Eduardo Accastello acompa\u00f1ado por autoridades del Gabinete local, particip\u00f3 del acto de cambio de nombre de la zona de juegos infantiles emplazada en el Parque Pereira y Dom\u00ednguez que, a partir de la fecha, llevar\u00e1 el nombre de Malvinas Argentinas, en honor a los excombatientes de nuestra ciudad. [&hellip;]\" \/>\n<meta property=\"og:url\" content=\"https:\/\/elregionalvm.com.ar\/noticias-villa-maria\/la-zona-infantil-del-parque-pereira-y-dominguez-ahora-lleva-el-nombre-de-plazoleta-malvinas-argentinas\/\" \/>\n<meta property=\"og:site_name\" content=\"El Regional\" \/>\n<meta property=\"article:publisher\" content=\"https:\/\/www.facebook.com\/elregionalvm\" \/>\n<meta property=\"article:published_time\" content=\"2024-06-12T21:17:38+00:00\" \/>\n<meta property=\"article:modified_time\" content=\"2024-06-12T21:17:40+00:00\" \/>\n<meta property=\"og:image\" content=\"https:\/\/elregionalvm.com.ar\/noticias-villa-maria\/wp-content\/uploads\/2024\/06\/WhatsApp-Image-2024-06-12-at-14.25.42-1.jpeg\" \/>\n\t<meta property=\"og:image:width\" content=\"1600\" \/>\n\t<meta property=\"og:image:height\" content=\"1067\" \/>\n\t<meta property=\"og:image:type\" content=\"image\/jpeg\" \/>\n<meta name=\"author\" content=\"Contenidos El Regional\" \/>\n<meta name=\"twitter:card\" content=\"summary_large_image\" \/>\n<meta name=\"twitter:creator\" content=\"@elregionalvm1\" \/>\n<meta name=\"twitter:site\" content=\"@elregionalvm1\" \/>\n<meta name=\"twitter:label1\" content=\"Escrito por\" \/>\n\t<meta name=\"twitter:data1\" content=\"Contenidos El Regional\" \/>\n\t<meta name=\"twitter:label2\" content=\"Tiempo de lectura\" \/>\n\t<meta name=\"twitter:data2\" content=\"3 minutos\" \/>\n<script type=\"application\/ld+json\" class=\"yoast-schema-graph\">{\"@context\":\"https:\/\/schema.org\",\"@graph\":[{\"@type\":\"Article\",\"@id\":\"https:\/\/elregionalvm.com.ar\/noticias-villa-maria\/la-zona-infantil-del-parque-pereira-y-dominguez-ahora-lleva-el-nombre-de-plazoleta-malvinas-argentinas\/#article\",\"isPartOf\":{\"@id\":\"https:\/\/elregionalvm.com.ar\/noticias-villa-maria\/la-zona-infantil-del-parque-pereira-y-dominguez-ahora-lleva-el-nombre-de-plazoleta-malvinas-argentinas\/\"},\"author\":{\"name\":\"Contenidos El Regional\",\"@id\":\"http:\/\/elregionalvm.com.ar\/noticias-villa-maria\/#\/schema\/person\/a0fb9c422317faca23d50163151bc354\"},\"headline\":\"La zona infantil del Parque Pereira y Dominguez ahora lleva el nombre de \u00abPlazoleta Malvinas Argentinas\u00bb\",\"datePublished\":\"2024-06-12T21:17:38+00:00\",\"dateModified\":\"2024-06-12T21:17:40+00:00\",\"mainEntityOfPage\":{\"@id\":\"https:\/\/elregionalvm.com.ar\/noticias-villa-maria\/la-zona-infantil-del-parque-pereira-y-dominguez-ahora-lleva-el-nombre-de-plazoleta-malvinas-argentinas\/\"},\"wordCount\":573,\"commentCount\":0,\"image\":{\"@id\":\"https:\/\/elregionalvm.com.ar\/noticias-villa-maria\/la-zona-infantil-del-parque-pereira-y-dominguez-ahora-lleva-el-nombre-de-plazoleta-malvinas-argentinas\/#primaryimage\"},\"thumbnailUrl\":\"https:\/\/i0.wp.com\/elregionalvm.com.ar\/noticias-villa-maria\/wp-content\/uploads\/2024\/06\/WhatsApp-Image-2024-06-12-at-14.25.42-1.jpeg?fit=1600%2C1067&ssl=1\",\"articleSection\":[\"destacado\",\"Sociedad\",\"Villa Mar\u00eda\"],\"inLanguage\":\"es\",\"potentialAction\":[{\"@type\":\"CommentAction\",\"name\":\"Comment\",\"target\":[\"https:\/\/elregionalvm.com.ar\/noticias-villa-maria\/la-zona-infantil-del-parque-pereira-y-dominguez-ahora-lleva-el-nombre-de-plazoleta-malvinas-argentinas\/#respond\"]}]},{\"@type\":\"WebPage\",\"@id\":\"https:\/\/elregionalvm.com.ar\/noticias-villa-maria\/la-zona-infantil-del-parque-pereira-y-dominguez-ahora-lleva-el-nombre-de-plazoleta-malvinas-argentinas\/\",\"url\":\"https:\/\/elregionalvm.com.ar\/noticias-villa-maria\/la-zona-infantil-del-parque-pereira-y-dominguez-ahora-lleva-el-nombre-de-plazoleta-malvinas-argentinas\/\",\"name\":\"La zona infantil del Parque Pereira y Dominguez ahora lleva el nombre de \\\"Plazoleta Malvinas Argentinas\\\" - El Regional\",\"isPartOf\":{\"@id\":\"http:\/\/elregionalvm.com.ar\/noticias-villa-maria\/#website\"},\"primaryImageOfPage\":{\"@id\":\"https:\/\/elregionalvm.com.ar\/noticias-villa-maria\/la-zona-infantil-del-parque-pereira-y-dominguez-ahora-lleva-el-nombre-de-plazoleta-malvinas-argentinas\/#primaryimage\"},\"image\":{\"@id\":\"https:\/\/elregionalvm.com.ar\/noticias-villa-maria\/la-zona-infantil-del-parque-pereira-y-dominguez-ahora-lleva-el-nombre-de-plazoleta-malvinas-argentinas\/#primaryimage\"},\"thumbnailUrl\":\"https:\/\/i0.wp.com\/elregionalvm.com.ar\/noticias-villa-maria\/wp-content\/uploads\/2024\/06\/WhatsApp-Image-2024-06-12-at-14.25.42-1.jpeg?fit=1600%2C1067&ssl=1\",\"datePublished\":\"2024-06-12T21:17:38+00:00\",\"dateModified\":\"2024-06-12T21:17:40+00:00\",\"author\":{\"@id\":\"http:\/\/elregionalvm.com.ar\/noticias-villa-maria\/#\/schema\/person\/a0fb9c422317faca23d50163151bc354\"},\"breadcrumb\":{\"@id\":\"https:\/\/elregionalvm.com.ar\/noticias-villa-maria\/la-zona-infantil-del-parque-pereira-y-dominguez-ahora-lleva-el-nombre-de-plazoleta-malvinas-argentinas\/#breadcrumb\"},\"inLanguage\":\"es\",\"potentialAction\":[{\"@type\":\"ReadAction\",\"target\":[\"https:\/\/elregionalvm.com.ar\/noticias-villa-maria\/la-zona-infantil-del-parque-pereira-y-dominguez-ahora-lleva-el-nombre-de-plazoleta-malvinas-argentinas\/\"]}]},{\"@type\":\"ImageObject\",\"inLanguage\":\"es\",\"@id\":\"https:\/\/elregionalvm.com.ar\/noticias-villa-maria\/la-zona-infantil-del-parque-pereira-y-dominguez-ahora-lleva-el-nombre-de-plazoleta-malvinas-argentinas\/#primaryimage\",\"url\":\"https:\/\/i0.wp.com\/elregionalvm.com.ar\/noticias-villa-maria\/wp-content\/uploads\/2024\/06\/WhatsApp-Image-2024-06-12-at-14.25.42-1.jpeg?fit=1600%2C1067&ssl=1\",\"contentUrl\":\"https:\/\/i0.wp.com\/elregionalvm.com.ar\/noticias-villa-maria\/wp-content\/uploads\/2024\/06\/WhatsApp-Image-2024-06-12-at-14.25.42-1.jpeg?fit=1600%2C1067&ssl=1\",\"width\":1600,\"height\":1067},{\"@type\":\"BreadcrumbList\",\"@id\":\"https:\/\/elregionalvm.com.ar\/noticias-villa-maria\/la-zona-infantil-del-parque-pereira-y-dominguez-ahora-lleva-el-nombre-de-plazoleta-malvinas-argentinas\/#breadcrumb\",\"itemListElement\":[{\"@type\":\"ListItem\",\"position\":1,\"name\":\"Portada\",\"item\":\"https:\/\/elregionalvm.com.ar\/noticias-villa-maria\/\"},{\"@type\":\"ListItem\",\"position\":2,\"name\":\"La zona infantil del Parque Pereira y Dominguez ahora lleva el nombre de \u00abPlazoleta Malvinas Argentinas\u00bb\"}]},{\"@type\":\"WebSite\",\"@id\":\"http:\/\/elregionalvm.com.ar\/noticias-villa-maria\/#website\",\"url\":\"http:\/\/elregionalvm.com.ar\/noticias-villa-maria\/\",\"name\":\"El Regional\",\"description\":\"Mucho m\u00e1s que informaci\u00f3n\",\"potentialAction\":[{\"@type\":\"SearchAction\",\"target\":{\"@type\":\"EntryPoint\",\"urlTemplate\":\"http:\/\/elregionalvm.com.ar\/noticias-villa-maria\/?s={search_term_string}\"},\"query-input\":{\"@type\":\"PropertyValueSpecification\",\"valueRequired\":true,\"valueName\":\"search_term_string\"}}],\"inLanguage\":\"es\"},{\"@type\":\"Person\",\"@id\":\"http:\/\/elregionalvm.com.ar\/noticias-villa-maria\/#\/schema\/person\/a0fb9c422317faca23d50163151bc354\",\"name\":\"Contenidos El Regional\",\"image\":{\"@type\":\"ImageObject\",\"inLanguage\":\"es\",\"@id\":\"http:\/\/elregionalvm.com.ar\/noticias-villa-maria\/#\/schema\/person\/image\/\",\"url\":\"https:\/\/secure.gravatar.com\/avatar\/265b27cb2209af7bb3a1318f03305787d7981a5cc6e6cd08fe5a4ecdf99d4b48?s=96&d=mm&r=g\",\"contentUrl\":\"https:\/\/secure.gravatar.com\/avatar\/265b27cb2209af7bb3a1318f03305787d7981a5cc6e6cd08fe5a4ecdf99d4b48?s=96&d=mm&r=g\",\"caption\":\"Contenidos El Regional\"},\"url\":\"https:\/\/elregionalvm.com.ar\/noticias-villa-maria\/author\/contenido\/\"}]}<\/script>\n<!-- \/ Yoast SEO plugin. -->","yoast_head_json":{"title":"La zona infantil del Parque Pereira y Dominguez ahora lleva el nombre de \"Plazoleta Malvinas Argentinas\" - El Regional","robots":{"index":"index","follow":"follow","max-snippet":"max-snippet:-1","max-image-preview":"max-image-preview:large","max-video-preview":"max-video-preview:-1"},"canonical":"https:\/\/elregionalvm.com.ar\/noticias-villa-maria\/la-zona-infantil-del-parque-pereira-y-dominguez-ahora-lleva-el-nombre-de-plazoleta-malvinas-argentinas\/","og_locale":"es_ES","og_type":"article","og_title":"La zona infantil del Parque Pereira y Dominguez ahora lleva el nombre de \"Plazoleta Malvinas Argentinas\" - El Regional","og_description":"En la ma\u00f1ana de hoy, el intendente Eduardo Accastello acompa\u00f1ado por autoridades del Gabinete local, particip\u00f3 del acto de cambio de nombre de la zona de juegos infantiles emplazada en el Parque Pereira y Dom\u00ednguez que, a partir de la fecha, llevar\u00e1 el nombre de Malvinas Argentinas, en honor a los excombatientes de nuestra ciudad. [&hellip;]","og_url":"https:\/\/elregionalvm.com.ar\/noticias-villa-maria\/la-zona-infantil-del-parque-pereira-y-dominguez-ahora-lleva-el-nombre-de-plazoleta-malvinas-argentinas\/","og_site_name":"El Regional","article_publisher":"https:\/\/www.facebook.com\/elregionalvm","article_published_time":"2024-06-12T21:17:38+00:00","article_modified_time":"2024-06-12T21:17:40+00:00","og_image":[{"width":1600,"height":1067,"url":"https:\/\/elregionalvm.com.ar\/noticias-villa-maria\/wp-content\/uploads\/2024\/06\/WhatsApp-Image-2024-06-12-at-14.25.42-1.jpeg","type":"image\/jpeg"}],"author":"Contenidos El Regional","twitter_card":"summary_large_image","twitter_creator":"@elregionalvm1","twitter_site":"@elregionalvm1","twitter_misc":{"Escrito por":"Contenidos El Regional","Tiempo de lectura":"3 minutos"},"schema":{"@context":"https:\/\/schema.org","@graph":[{"@type":"Article","@id":"https:\/\/elregionalvm.com.ar\/noticias-villa-maria\/la-zona-infantil-del-parque-pereira-y-dominguez-ahora-lleva-el-nombre-de-plazoleta-malvinas-argentinas\/#article","isPartOf":{"@id":"https:\/\/elregionalvm.com.ar\/noticias-villa-maria\/la-zona-infantil-del-parque-pereira-y-dominguez-ahora-lleva-el-nombre-de-plazoleta-malvinas-argentinas\/"},"author":{"name":"Contenidos El Regional","@id":"http:\/\/elregionalvm.com.ar\/noticias-villa-maria\/#\/schema\/person\/a0fb9c422317faca23d50163151bc354"},"headline":"La zona infantil del Parque Pereira y Dominguez ahora lleva el nombre de \u00abPlazoleta Malvinas Argentinas\u00bb","datePublished":"2024-06-12T21:17:38+00:00","dateModified":"2024-06-12T21:17:40+00:00","mainEntityOfPage":{"@id":"https:\/\/elregionalvm.com.ar\/noticias-villa-maria\/la-zona-infantil-del-parque-pereira-y-dominguez-ahora-lleva-el-nombre-de-plazoleta-malvinas-argentinas\/"},"wordCount":573,"commentCount":0,"image":{"@id":"https:\/\/elregionalvm.com.ar\/noticias-villa-maria\/la-zona-infantil-del-parque-pereira-y-dominguez-ahora-lleva-el-nombre-de-plazoleta-malvinas-argentinas\/#primaryimage"},"thumbnailUrl":"https:\/\/i0.wp.com\/elregionalvm.com.ar\/noticias-villa-maria\/wp-content\/uploads\/2024\/06\/WhatsApp-Image-2024-06-12-at-14.25.42-1.jpeg?fit=1600%2C1067&ssl=1","articleSection":["destacado","Sociedad","Villa Mar\u00eda"],"inLanguage":"es","potentialAction":[{"@type":"CommentAction","name":"Comment","target":["https:\/\/elregionalvm.com.ar\/noticias-villa-maria\/la-zona-infantil-del-parque-pereira-y-dominguez-ahora-lleva-el-nombre-de-plazoleta-malvinas-argentinas\/#respond"]}]},{"@type":"WebPage","@id":"https:\/\/elregionalvm.com.ar\/noticias-villa-maria\/la-zona-infantil-del-parque-pereira-y-dominguez-ahora-lleva-el-nombre-de-plazoleta-malvinas-argentinas\/","url":"https:\/\/elregionalvm.com.ar\/noticias-villa-maria\/la-zona-infantil-del-parque-pereira-y-dominguez-ahora-lleva-el-nombre-de-plazoleta-malvinas-argentinas\/","name":"La zona infantil del Parque Pereira y Dominguez ahora lleva el nombre de \"Plazoleta Malvinas Argentinas\" - El Regional","isPartOf":{"@id":"http:\/\/elregionalvm.com.ar\/noticias-villa-maria\/#website"},"primaryImageOfPage":{"@id":"https:\/\/elregionalvm.com.ar\/noticias-villa-maria\/la-zona-infantil-del-parque-pereira-y-dominguez-ahora-lleva-el-nombre-de-plazoleta-malvinas-argentinas\/#primaryimage"},"image":{"@id":"https:\/\/elregionalvm.com.ar\/noticias-villa-maria\/la-zona-infantil-del-parque-pereira-y-dominguez-ahora-lleva-el-nombre-de-plazoleta-malvinas-argentinas\/#primaryimage"},"thumbnailUrl":"https:\/\/i0.wp.com\/elregionalvm.com.ar\/noticias-villa-maria\/wp-content\/uploads\/2024\/06\/WhatsApp-Image-2024-06-12-at-14.25.42-1.jpeg?fit=1600%2C1067&ssl=1","datePublished":"2024-06-12T21:17:38+00:00","dateModified":"2024-06-12T21:17:40+00:00","author":{"@id":"http:\/\/elregionalvm.com.ar\/noticias-villa-maria\/#\/schema\/person\/a0fb9c422317faca23d50163151bc354"},"breadcrumb":{"@id":"https:\/\/elregionalvm.com.ar\/noticias-villa-maria\/la-zona-infantil-del-parque-pereira-y-dominguez-ahora-lleva-el-nombre-de-plazoleta-malvinas-argentinas\/#breadcrumb"},"inLanguage":"es","potentialAction":[{"@type":"ReadAction","target":["https:\/\/elregionalvm.com.ar\/noticias-villa-maria\/la-zona-infantil-del-parque-pereira-y-dominguez-ahora-lleva-el-nombre-de-plazoleta-malvinas-argentinas\/"]}]},{"@type":"ImageObject","inLanguage":"es","@id":"https:\/\/elregionalvm.com.ar\/noticias-villa-maria\/la-zona-infantil-del-parque-pereira-y-dominguez-ahora-lleva-el-nombre-de-plazoleta-malvinas-argentinas\/#primaryimage","url":"https:\/\/i0.wp.com\/elregionalvm.com.ar\/noticias-villa-maria\/wp-content\/uploads\/2024\/06\/WhatsApp-Image-2024-06-12-at-14.25.42-1.jpeg?fit=1600%2C1067&ssl=1","contentUrl":"https:\/\/i0.wp.com\/elregionalvm.com.ar\/noticias-villa-maria\/wp-content\/uploads\/2024\/06\/WhatsApp-Image-2024-06-12-at-14.25.42-1.jpeg?fit=1600%2C1067&ssl=1","width":1600,"height":1067},{"@type":"BreadcrumbList","@id":"https:\/\/elregionalvm.com.ar\/noticias-villa-maria\/la-zona-infantil-del-parque-pereira-y-dominguez-ahora-lleva-el-nombre-de-plazoleta-malvinas-argentinas\/#breadcrumb","itemListElement":[{"@type":"ListItem","position":1,"name":"Portada","item":"https:\/\/elregionalvm.com.ar\/noticias-villa-maria\/"},{"@type":"ListItem","position":2,"name":"La zona infantil del Parque Pereira y Dominguez ahora lleva el nombre de \u00abPlazoleta Malvinas Argentinas\u00bb"}]},{"@type":"WebSite","@id":"http:\/\/elregionalvm.com.ar\/noticias-villa-maria\/#website","url":"http:\/\/elregionalvm.com.ar\/noticias-villa-maria\/","name":"El Regional","description":"Mucho m\u00e1s que informaci\u00f3n","potentialAction":[{"@type":"SearchAction","target":{"@type":"EntryPoint","urlTemplate":"http:\/\/elregionalvm.com.ar\/noticias-villa-maria\/?s={search_term_string}"},"query-input":{"@type":"PropertyValueSpecification","valueRequired":true,"valueName":"search_term_string"}}],"inLanguage":"es"},{"@type":"Person","@id":"http:\/\/elregionalvm.com.ar\/noticias-villa-maria\/#\/schema\/person\/a0fb9c422317faca23d50163151bc354","name":"Contenidos El Regional","image":{"@type":"ImageObject","inLanguage":"es","@id":"http:\/\/elregionalvm.com.ar\/noticias-villa-maria\/#\/schema\/person\/image\/","url":"https:\/\/secure.gravatar.com\/avatar\/265b27cb2209af7bb3a1318f03305787d7981a5cc6e6cd08fe5a4ecdf99d4b48?s=96&d=mm&r=g","contentUrl":"https:\/\/secure.gravatar.com\/avatar\/265b27cb2209af7bb3a1318f03305787d7981a5cc6e6cd08fe5a4ecdf99d4b48?s=96&d=mm&r=g","caption":"Contenidos El Regional"},"url":"https:\/\/elregionalvm.com.ar\/noticias-villa-maria\/author\/contenido\/"}]}},"jetpack_featured_media_url":"https:\/\/i0.wp.com\/elregionalvm.com.ar\/noticias-villa-maria\/wp-content\/uploads\/2024\/06\/WhatsApp-Image-2024-06-12-at-14.25.42-1.jpeg?fit=1600%2C1067&ssl=1","jetpack_sharing_enabled":true,"_links":{"self":[{"href":"https:\/\/elregionalvm.com.ar\/noticias-villa-maria\/wp-json\/wp\/v2\/posts\/95055","targetHints":{"allow":["GET"]}}],"collection":[{"href":"https:\/\/elregionalvm.com.ar\/noticias-villa-maria\/wp-json\/wp\/v2\/posts"}],"about":[{"href":"https:\/\/elregionalvm.com.ar\/noticias-villa-maria\/wp-json\/wp\/v2\/types\/post"}],"author":[{"embeddable":true,"href":"https:\/\/elregionalvm.com.ar\/noticias-villa-maria\/wp-json\/wp\/v2\/users\/4"}],"replies":[{"embeddable":true,"href":"https:\/\/elregionalvm.com.ar\/noticias-villa-maria\/wp-json\/wp\/v2\/comments?post=95055"}],"version-history":[{"count":1,"href":"https:\/\/elregionalvm.com.ar\/noticias-villa-maria\/wp-json\/wp\/v2\/posts\/95055\/revisions"}],"predecessor-version":[{"id":95059,"href":"https:\/\/elregionalvm.com.ar\/noticias-villa-maria\/wp-json\/wp\/v2\/posts\/95055\/revisions\/95059"}],"wp:featuredmedia":[{"embeddable":true,"href":"https:\/\/elregionalvm.com.ar\/noticias-villa-maria\/wp-json\/wp\/v2\/media\/95056"}],"wp:attachment":[{"href":"https:\/\/elregionalvm.com.ar\/noticias-villa-maria\/wp-json\/wp\/v2\/media?parent=95055"}],"wp:term":[{"taxonomy":"category","embeddable":true,"href":"https:\/\/elregionalvm.com.ar\/noticias-villa-maria\/wp-json\/wp\/v2\/categories?post=95055"},{"taxonomy":"post_tag","embeddable":true,"href":"https:\/\/elregionalvm.com.ar\/noticias-villa-maria\/wp-json\/wp\/v2\/tags?post=95055"}],"curies":[{"name":"wp","href":"https:\/\/api.w.org\/{rel}","templated":true}]}}