{"id":95069,"date":"2024-06-12T21:37:49","date_gmt":"2024-06-12T21:37:49","guid":{"rendered":"https:\/\/elregionalvm.com.ar\/noticias-villa-maria\/?p=95069"},"modified":"2024-06-12T21:55:10","modified_gmt":"2024-06-12T21:55:10","slug":"llaryora-firmo-con-francos-el-acuerdo-para-reactivar-la-obra-publica-nacional-en-la-provincia","status":"publish","type":"post","link":"https:\/\/elregionalvm.com.ar\/noticias-villa-maria\/llaryora-firmo-con-francos-el-acuerdo-para-reactivar-la-obra-publica-nacional-en-la-provincia\/","title":{"rendered":"Reactivar\u00e1n la obra de circunvalaci\u00f3n: Acuerdo entre Provincia y Naci\u00f3n"},"content":{"rendered":"\n<p>El gobernador Mart\u00edn Llaryora y el jefe de Gabinete de la Naci\u00f3n, Guillermo Francos, firmaron hoy el acuerdo de colaboraci\u00f3n para reactivar la obra p\u00fablica nacional en el \u00e1mbito de la provincia de C\u00f3rdoba.<\/p>\n\n\n\n<p>La r\u00fabrica, que tuvo lugar en Casa Rosada, contempla el traspaso de la ruta nacional 19 a manos de la Provincia y el compromiso del gobierno nacional de continuar las obras de la autov\u00eda Holmberg \u2013 R\u00edo Cuarto y la circunvalaci\u00f3n en la ciudad de Villa Mar\u00eda.<\/p>\n\n\n\n<p>As\u00ed, el entendimiento permitir\u00e1 avanzar en tres obras viales claves para el desarrollo productivo de la provincia y el pa\u00eds.<\/p>\n\n\n\n<p>Con la firma de este acuerdo, la totalidad de la traza de la ruta 19 pasa a la provincia y ser\u00e1 la actual gesti\u00f3n, a trav\u00e9s de Caminos de las Sierras, la que reinicie los trabajos correspondientes en los 65 kil\u00f3metros que restan para su finalizaci\u00f3n.<\/p>\n\n\n\n<p>Seg\u00fan se inform\u00f3, la reactivaci\u00f3n de las obras demandar\u00e1 un plazo cercano al a\u00f1o, tiempo previsto por los equipos t\u00e9cnicos del ministerio de Infraestructura para liberar la traza y conformar la administraci\u00f3n correspondiente para la ejecuci\u00f3n integral de los remanentes de obras no ejecutadas.<\/p>\n\n\n\n<p>La firma cont\u00f3 con la presencia del ministro de Infraestructura y Servicios P\u00fablicos, Fabi\u00e1n L\u00f3pez, su par de Econom\u00eda, Guillermo Acosta y de Vinculaci\u00f3n Comunitaria, Daniel Pastore. Por parte del Gobierno Nacional estuvo presente tambi\u00e9n el secretario de Obras P\u00fablicas del Ministerio de Econom\u00eda de la Naci\u00f3n, Luis Giovine.<\/p>\n\n\n\n<p>La r\u00fabrica se efectiviz\u00f3 tras la reuni\u00f3n con el mandatario provincial mantuvo en el d\u00eda de ayer con el ministro de Econom\u00eda, Luis Caputo.<\/p>\n\n\n\n<p>En el caso de la autov\u00eda Holmberg-R\u00edo Cuarto y la circunvalaci\u00f3n de Villa Mar\u00eda, el documento se basa en el principio de \u201clealtad federal\u201d, a trav\u00e9s de cual se establece el compromiso de ambas partes de \u201ccolaborar a los fines de garantizar un efectivo cumplimiento de los cronogramas de ejecuci\u00f3n de dichas obras\u201d.<\/p>\n\n\n\n<h3 class=\"wp-block-heading\">Autopista ruta 19, con tramos sin terminar<\/h3>\n\n\n\n<p>Su traza se extiende a lo largo de 212 kil\u00f3metros, entre las ciudades de San Francisco y C\u00f3rdoba capital y presenta distintas realidades seg\u00fan el sector que se observe.<\/p>\n\n\n\n<p>Cuenta con un tramo de 55 kil\u00f3metros, entre la capital provincial y R\u00edo Primero, consolidado y finalizado hace a\u00f1os, el cual fue ejecutado por el Gobierno de la Provincia de C\u00f3rdoba, tal como lo estipulaba el acuerdo firmado oportunamente con Naci\u00f3n.<\/p>\n\n\n\n<p>A este le sigue el trayecto habilitado entre R\u00edo Primero y Santiago Temple y el tramo \u2013inaugurado, pero no habilitado- entre Santiago Temple y la localidad de Tr\u00e1nsito.<\/p>\n\n\n\n<p>La obra contin\u00faa con los 57,8 kil\u00f3metros ya habilitados y que unen la ciudad de Arroyito con Ca\u00f1ada Jeanmarie.<\/p>\n\n\n\n<p>Es antes y despu\u00e9s de este tramo donde la obra presenta trayectos inconclusos y paralizados: 29,4 kil\u00f3metros entre Tr\u00e1nsito y Arroyito (avance del 50%) y otros 35,5 kil\u00f3metros entre Ca\u00f1ada Jeanmarie y San Francisco (avance del 25%).<\/p>\n\n\n\n<h3 class=\"wp-block-heading\">Autov\u00eda R\u00edo Cuarto-Holmberg, paralizada con 75% de avance<\/h3>\n\n\n\n<p>Tiene 8 kil\u00f3metros de extensi\u00f3n y es de vital importancia para la regi\u00f3n, ya que en ella confluye el tr\u00e1nsito internacional de las rutas nacionales 8, 158 y 36, adem\u00e1s de la A005 y la 35.<\/p>\n\n\n\n<p>Adem\u00e1s, por all\u00ed circula gran parte del movimiento diario urbano y del sector productivo de R\u00edo Cuarto y zonas aleda\u00f1as.<\/p>\n\n\n\n<p>La obra presenta actualmente un avance del 75 por ciento. Para el Gobierno de C\u00f3rdoba es una prioridad poder reactivar y finalizar esta infraestructura vial que, por su estado actual, representa un peligro latente para quienes circulan por el sector.<\/p>\n\n\n\n<p>La primera etapa va desde la Rural hasta el Batall\u00f3n de Holmberg y la segunda, que no arranc\u00f3, desde all\u00ed hasta el crematorio de la localidad.<\/p>\n\n\n\n<p>Restan ejecutar, adem\u00e1s, dos rotondas y finalizar el cruce sobreelevado que se encuentra en la intersecci\u00f3n de rutas 8 y A005.<\/p>\n\n\n\n<h3 class=\"wp-block-heading\">Circunvalaci\u00f3n en Villa Mar\u00eda<\/h3>\n\n\n\n<p>Su construcci\u00f3n comenz\u00f3 a principios de 2021. Su traza se extiende por 14,8 kil\u00f3metros, uniendo el cruce de la autopista C\u00f3rdoba-Rosario y la ruta 158, con la parte sudeste de esta misma ruta y el cruce con la ruta provincial 2 en Villa Nueva.<\/p>\n\n\n\n<p>Una vez finalizada, permitir\u00e1 mejorar la log\u00edstica del transporte internacional y de la zona urbana al mismo tiempo, ya que evitar\u00e1 que el tr\u00e1nsito pesado circule por zonas pobladas.<\/p>\n","protected":false},"excerpt":{"rendered":"<p>El gobernador Mart\u00edn Llaryora y el jefe de Gabinete de la Naci\u00f3n, Guillermo Francos, firmaron hoy el acuerdo de colaboraci\u00f3n para reactivar la obra p\u00fablica nacional en el \u00e1mbito de la provincia de C\u00f3rdoba. La r\u00fabrica, que tuvo lugar en Casa Rosada, contempla el traspaso de la ruta nacional 19 a manos de la Provincia [&hellip;]<\/p>\n","protected":false},"author":4,"featured_media":95070,"comment_status":"open","ping_status":"open","sticky":false,"template":"","format":"standard","meta":{"site-sidebar-layout":"default","site-content-layout":"","ast-site-content-layout":"default","site-content-style":"default","site-sidebar-style":"default","ast-global-header-display":"","ast-banner-title-visibility":"","ast-main-header-display":"","ast-hfb-above-header-display":"","ast-hfb-below-header-display":"","ast-hfb-mobile-header-display":"","site-post-title":"","ast-breadcrumbs-content":"","ast-featured-img":"","footer-sml-layout":"","ast-disable-related-posts":"","theme-transparent-header-meta":"","adv-header-id-meta":"","stick-header-meta":"","header-above-stick-meta":"","header-main-stick-meta":"","header-below-stick-meta":"","astra-migrate-meta-layouts":"set","ast-page-background-enabled":"default","ast-page-background-meta":{"desktop":{"background-color":"","background-image":"","background-repeat":"repeat","background-position":"center center","background-size":"auto","background-attachment":"scroll","background-type":"","background-media":"","overlay-type":"","overlay-color":"","overlay-opacity":"","overlay-gradient":""},"tablet":{"background-color":"","background-image":"","background-repeat":"repeat","background-position":"center center","background-size":"auto","background-attachment":"scroll","background-type":"","background-media":"","overlay-type":"","overlay-color":"","overlay-opacity":"","overlay-gradient":""},"mobile":{"background-color":"","background-image":"","background-repeat":"repeat","background-position":"center center","background-size":"auto","background-attachment":"scroll","background-type":"","background-media":"","overlay-type":"","overlay-color":"","overlay-opacity":"","overlay-gradient":""}},"ast-content-background-meta":{"desktop":{"background-color":"var(--ast-global-color-5)","background-image":"","background-repeat":"repeat","background-position":"center center","background-size":"auto","background-attachment":"scroll","background-type":"","background-media":"","overlay-type":"","overlay-color":"","overlay-opacity":"","overlay-gradient":""},"tablet":{"background-color":"var(--ast-global-color-5)","background-image":"","background-repeat":"repeat","background-position":"center center","background-size":"auto","background-attachment":"scroll","background-type":"","background-media":"","overlay-type":"","overlay-color":"","overlay-opacity":"","overlay-gradient":""},"mobile":{"background-color":"var(--ast-global-color-5)","background-image":"","background-repeat":"repeat","background-position":"center center","background-size":"auto","background-attachment":"scroll","background-type":"","background-media":"","overlay-type":"","overlay-color":"","overlay-opacity":"","overlay-gradient":""}},"_jetpack_memberships_contains_paid_content":false,"_joinchat":[],"footnotes":""},"categories":[15302,16095,5],"tags":[],"class_list":["post-95069","post","type-post","status-publish","format-standard","has-post-thumbnail","hentry","category-destacado","category-provinciales","category-sociedad"],"yoast_head":"<!-- This site is optimized with the Yoast SEO plugin v26.8 - https:\/\/yoast.com\/product\/yoast-seo-wordpress\/ -->\n<title>Reactivar\u00e1n la obra de circunvalaci\u00f3n: Acuerdo entre Provincia y Naci\u00f3n - El Regional<\/title>\n<meta name=\"robots\" content=\"index, follow, max-snippet:-1, max-image-preview:large, max-video-preview:-1\" \/>\n<link rel=\"canonical\" href=\"https:\/\/elregionalvm.com.ar\/noticias-villa-maria\/llaryora-firmo-con-francos-el-acuerdo-para-reactivar-la-obra-publica-nacional-en-la-provincia\/\" \/>\n<meta property=\"og:locale\" content=\"es_ES\" \/>\n<meta property=\"og:type\" content=\"article\" \/>\n<meta property=\"og:title\" content=\"Reactivar\u00e1n la obra de circunvalaci\u00f3n: Acuerdo entre Provincia y Naci\u00f3n - El Regional\" \/>\n<meta property=\"og:description\" content=\"El gobernador Mart\u00edn Llaryora y el jefe de Gabinete de la Naci\u00f3n, Guillermo Francos, firmaron hoy el acuerdo de colaboraci\u00f3n para reactivar la obra p\u00fablica nacional en el \u00e1mbito de la provincia de C\u00f3rdoba. La r\u00fabrica, que tuvo lugar en Casa Rosada, contempla el traspaso de la ruta nacional 19 a manos de la Provincia [&hellip;]\" \/>\n<meta property=\"og:url\" content=\"https:\/\/elregionalvm.com.ar\/noticias-villa-maria\/llaryora-firmo-con-francos-el-acuerdo-para-reactivar-la-obra-publica-nacional-en-la-provincia\/\" \/>\n<meta property=\"og:site_name\" content=\"El Regional\" \/>\n<meta property=\"article:publisher\" content=\"https:\/\/www.facebook.com\/elregionalvm\" \/>\n<meta property=\"article:published_time\" content=\"2024-06-12T21:37:49+00:00\" \/>\n<meta property=\"article:modified_time\" content=\"2024-06-12T21:55:10+00:00\" \/>\n<meta property=\"og:image\" content=\"https:\/\/elregionalvm.com.ar\/noticias-villa-maria\/wp-content\/uploads\/2024\/06\/WhatsApp-Image-2024-06-12-at-14.51.50-1024x682-1.jpeg\" \/>\n\t<meta property=\"og:image:width\" content=\"1024\" \/>\n\t<meta property=\"og:image:height\" content=\"682\" \/>\n\t<meta property=\"og:image:type\" content=\"image\/jpeg\" \/>\n<meta name=\"author\" content=\"Contenidos El Regional\" \/>\n<meta name=\"twitter:card\" content=\"summary_large_image\" \/>\n<meta name=\"twitter:creator\" content=\"@elregionalvm1\" \/>\n<meta name=\"twitter:site\" content=\"@elregionalvm1\" \/>\n<meta name=\"twitter:label1\" content=\"Escrito por\" \/>\n\t<meta name=\"twitter:data1\" content=\"Contenidos El Regional\" \/>\n\t<meta name=\"twitter:label2\" content=\"Tiempo de lectura\" \/>\n\t<meta name=\"twitter:data2\" content=\"4 minutos\" \/>\n<script type=\"application\/ld+json\" class=\"yoast-schema-graph\">{\"@context\":\"https:\/\/schema.org\",\"@graph\":[{\"@type\":\"Article\",\"@id\":\"https:\/\/elregionalvm.com.ar\/noticias-villa-maria\/llaryora-firmo-con-francos-el-acuerdo-para-reactivar-la-obra-publica-nacional-en-la-provincia\/#article\",\"isPartOf\":{\"@id\":\"https:\/\/elregionalvm.com.ar\/noticias-villa-maria\/llaryora-firmo-con-francos-el-acuerdo-para-reactivar-la-obra-publica-nacional-en-la-provincia\/\"},\"author\":{\"name\":\"Contenidos El Regional\",\"@id\":\"http:\/\/elregionalvm.com.ar\/noticias-villa-maria\/#\/schema\/person\/a0fb9c422317faca23d50163151bc354\"},\"headline\":\"Reactivar\u00e1n la obra de circunvalaci\u00f3n: Acuerdo entre Provincia y Naci\u00f3n\",\"datePublished\":\"2024-06-12T21:37:49+00:00\",\"dateModified\":\"2024-06-12T21:55:10+00:00\",\"mainEntityOfPage\":{\"@id\":\"https:\/\/elregionalvm.com.ar\/noticias-villa-maria\/llaryora-firmo-con-francos-el-acuerdo-para-reactivar-la-obra-publica-nacional-en-la-provincia\/\"},\"wordCount\":774,\"commentCount\":0,\"image\":{\"@id\":\"https:\/\/elregionalvm.com.ar\/noticias-villa-maria\/llaryora-firmo-con-francos-el-acuerdo-para-reactivar-la-obra-publica-nacional-en-la-provincia\/#primaryimage\"},\"thumbnailUrl\":\"https:\/\/i0.wp.com\/elregionalvm.com.ar\/noticias-villa-maria\/wp-content\/uploads\/2024\/06\/WhatsApp-Image-2024-06-12-at-14.51.50-1024x682-1.jpeg?fit=1024%2C682&ssl=1\",\"articleSection\":[\"destacado\",\"Provinciales\",\"Sociedad\"],\"inLanguage\":\"es\",\"potentialAction\":[{\"@type\":\"CommentAction\",\"name\":\"Comment\",\"target\":[\"https:\/\/elregionalvm.com.ar\/noticias-villa-maria\/llaryora-firmo-con-francos-el-acuerdo-para-reactivar-la-obra-publica-nacional-en-la-provincia\/#respond\"]}]},{\"@type\":\"WebPage\",\"@id\":\"https:\/\/elregionalvm.com.ar\/noticias-villa-maria\/llaryora-firmo-con-francos-el-acuerdo-para-reactivar-la-obra-publica-nacional-en-la-provincia\/\",\"url\":\"https:\/\/elregionalvm.com.ar\/noticias-villa-maria\/llaryora-firmo-con-francos-el-acuerdo-para-reactivar-la-obra-publica-nacional-en-la-provincia\/\",\"name\":\"Reactivar\u00e1n la obra de circunvalaci\u00f3n: Acuerdo entre Provincia y Naci\u00f3n - El Regional\",\"isPartOf\":{\"@id\":\"http:\/\/elregionalvm.com.ar\/noticias-villa-maria\/#website\"},\"primaryImageOfPage\":{\"@id\":\"https:\/\/elregionalvm.com.ar\/noticias-villa-maria\/llaryora-firmo-con-francos-el-acuerdo-para-reactivar-la-obra-publica-nacional-en-la-provincia\/#primaryimage\"},\"image\":{\"@id\":\"https:\/\/elregionalvm.com.ar\/noticias-villa-maria\/llaryora-firmo-con-francos-el-acuerdo-para-reactivar-la-obra-publica-nacional-en-la-provincia\/#primaryimage\"},\"thumbnailUrl\":\"https:\/\/i0.wp.com\/elregionalvm.com.ar\/noticias-villa-maria\/wp-content\/uploads\/2024\/06\/WhatsApp-Image-2024-06-12-at-14.51.50-1024x682-1.jpeg?fit=1024%2C682&ssl=1\",\"datePublished\":\"2024-06-12T21:37:49+00:00\",\"dateModified\":\"2024-06-12T21:55:10+00:00\",\"author\":{\"@id\":\"http:\/\/elregionalvm.com.ar\/noticias-villa-maria\/#\/schema\/person\/a0fb9c422317faca23d50163151bc354\"},\"breadcrumb\":{\"@id\":\"https:\/\/elregionalvm.com.ar\/noticias-villa-maria\/llaryora-firmo-con-francos-el-acuerdo-para-reactivar-la-obra-publica-nacional-en-la-provincia\/#breadcrumb\"},\"inLanguage\":\"es\",\"potentialAction\":[{\"@type\":\"ReadAction\",\"target\":[\"https:\/\/elregionalvm.com.ar\/noticias-villa-maria\/llaryora-firmo-con-francos-el-acuerdo-para-reactivar-la-obra-publica-nacional-en-la-provincia\/\"]}]},{\"@type\":\"ImageObject\",\"inLanguage\":\"es\",\"@id\":\"https:\/\/elregionalvm.com.ar\/noticias-villa-maria\/llaryora-firmo-con-francos-el-acuerdo-para-reactivar-la-obra-publica-nacional-en-la-provincia\/#primaryimage\",\"url\":\"https:\/\/i0.wp.com\/elregionalvm.com.ar\/noticias-villa-maria\/wp-content\/uploads\/2024\/06\/WhatsApp-Image-2024-06-12-at-14.51.50-1024x682-1.jpeg?fit=1024%2C682&ssl=1\",\"contentUrl\":\"https:\/\/i0.wp.com\/elregionalvm.com.ar\/noticias-villa-maria\/wp-content\/uploads\/2024\/06\/WhatsApp-Image-2024-06-12-at-14.51.50-1024x682-1.jpeg?fit=1024%2C682&ssl=1\",\"width\":1024,\"height\":682},{\"@type\":\"BreadcrumbList\",\"@id\":\"https:\/\/elregionalvm.com.ar\/noticias-villa-maria\/llaryora-firmo-con-francos-el-acuerdo-para-reactivar-la-obra-publica-nacional-en-la-provincia\/#breadcrumb\",\"itemListElement\":[{\"@type\":\"ListItem\",\"position\":1,\"name\":\"Portada\",\"item\":\"https:\/\/elregionalvm.com.ar\/noticias-villa-maria\/\"},{\"@type\":\"ListItem\",\"position\":2,\"name\":\"Reactivar\u00e1n la obra de circunvalaci\u00f3n: Acuerdo entre Provincia y Naci\u00f3n\"}]},{\"@type\":\"WebSite\",\"@id\":\"http:\/\/elregionalvm.com.ar\/noticias-villa-maria\/#website\",\"url\":\"http:\/\/elregionalvm.com.ar\/noticias-villa-maria\/\",\"name\":\"El Regional\",\"description\":\"Mucho m\u00e1s que informaci\u00f3n\",\"potentialAction\":[{\"@type\":\"SearchAction\",\"target\":{\"@type\":\"EntryPoint\",\"urlTemplate\":\"http:\/\/elregionalvm.com.ar\/noticias-villa-maria\/?s={search_term_string}\"},\"query-input\":{\"@type\":\"PropertyValueSpecification\",\"valueRequired\":true,\"valueName\":\"search_term_string\"}}],\"inLanguage\":\"es\"},{\"@type\":\"Person\",\"@id\":\"http:\/\/elregionalvm.com.ar\/noticias-villa-maria\/#\/schema\/person\/a0fb9c422317faca23d50163151bc354\",\"name\":\"Contenidos El Regional\",\"image\":{\"@type\":\"ImageObject\",\"inLanguage\":\"es\",\"@id\":\"http:\/\/elregionalvm.com.ar\/noticias-villa-maria\/#\/schema\/person\/image\/\",\"url\":\"https:\/\/secure.gravatar.com\/avatar\/265b27cb2209af7bb3a1318f03305787d7981a5cc6e6cd08fe5a4ecdf99d4b48?s=96&d=mm&r=g\",\"contentUrl\":\"https:\/\/secure.gravatar.com\/avatar\/265b27cb2209af7bb3a1318f03305787d7981a5cc6e6cd08fe5a4ecdf99d4b48?s=96&d=mm&r=g\",\"caption\":\"Contenidos El Regional\"},\"url\":\"https:\/\/elregionalvm.com.ar\/noticias-villa-maria\/author\/contenido\/\"}]}<\/script>\n<!-- \/ Yoast SEO plugin. -->","yoast_head_json":{"title":"Reactivar\u00e1n la obra de circunvalaci\u00f3n: Acuerdo entre Provincia y Naci\u00f3n - El Regional","robots":{"index":"index","follow":"follow","max-snippet":"max-snippet:-1","max-image-preview":"max-image-preview:large","max-video-preview":"max-video-preview:-1"},"canonical":"https:\/\/elregionalvm.com.ar\/noticias-villa-maria\/llaryora-firmo-con-francos-el-acuerdo-para-reactivar-la-obra-publica-nacional-en-la-provincia\/","og_locale":"es_ES","og_type":"article","og_title":"Reactivar\u00e1n la obra de circunvalaci\u00f3n: Acuerdo entre Provincia y Naci\u00f3n - El Regional","og_description":"El gobernador Mart\u00edn Llaryora y el jefe de Gabinete de la Naci\u00f3n, Guillermo Francos, firmaron hoy el acuerdo de colaboraci\u00f3n para reactivar la obra p\u00fablica nacional en el \u00e1mbito de la provincia de C\u00f3rdoba. La r\u00fabrica, que tuvo lugar en Casa Rosada, contempla el traspaso de la ruta nacional 19 a manos de la Provincia [&hellip;]","og_url":"https:\/\/elregionalvm.com.ar\/noticias-villa-maria\/llaryora-firmo-con-francos-el-acuerdo-para-reactivar-la-obra-publica-nacional-en-la-provincia\/","og_site_name":"El Regional","article_publisher":"https:\/\/www.facebook.com\/elregionalvm","article_published_time":"2024-06-12T21:37:49+00:00","article_modified_time":"2024-06-12T21:55:10+00:00","og_image":[{"width":1024,"height":682,"url":"https:\/\/elregionalvm.com.ar\/noticias-villa-maria\/wp-content\/uploads\/2024\/06\/WhatsApp-Image-2024-06-12-at-14.51.50-1024x682-1.jpeg","type":"image\/jpeg"}],"author":"Contenidos El Regional","twitter_card":"summary_large_image","twitter_creator":"@elregionalvm1","twitter_site":"@elregionalvm1","twitter_misc":{"Escrito por":"Contenidos El Regional","Tiempo de lectura":"4 minutos"},"schema":{"@context":"https:\/\/schema.org","@graph":[{"@type":"Article","@id":"https:\/\/elregionalvm.com.ar\/noticias-villa-maria\/llaryora-firmo-con-francos-el-acuerdo-para-reactivar-la-obra-publica-nacional-en-la-provincia\/#article","isPartOf":{"@id":"https:\/\/elregionalvm.com.ar\/noticias-villa-maria\/llaryora-firmo-con-francos-el-acuerdo-para-reactivar-la-obra-publica-nacional-en-la-provincia\/"},"author":{"name":"Contenidos El Regional","@id":"http:\/\/elregionalvm.com.ar\/noticias-villa-maria\/#\/schema\/person\/a0fb9c422317faca23d50163151bc354"},"headline":"Reactivar\u00e1n la obra de circunvalaci\u00f3n: Acuerdo entre Provincia y Naci\u00f3n","datePublished":"2024-06-12T21:37:49+00:00","dateModified":"2024-06-12T21:55:10+00:00","mainEntityOfPage":{"@id":"https:\/\/elregionalvm.com.ar\/noticias-villa-maria\/llaryora-firmo-con-francos-el-acuerdo-para-reactivar-la-obra-publica-nacional-en-la-provincia\/"},"wordCount":774,"commentCount":0,"image":{"@id":"https:\/\/elregionalvm.com.ar\/noticias-villa-maria\/llaryora-firmo-con-francos-el-acuerdo-para-reactivar-la-obra-publica-nacional-en-la-provincia\/#primaryimage"},"thumbnailUrl":"https:\/\/i0.wp.com\/elregionalvm.com.ar\/noticias-villa-maria\/wp-content\/uploads\/2024\/06\/WhatsApp-Image-2024-06-12-at-14.51.50-1024x682-1.jpeg?fit=1024%2C682&ssl=1","articleSection":["destacado","Provinciales","Sociedad"],"inLanguage":"es","potentialAction":[{"@type":"CommentAction","name":"Comment","target":["https:\/\/elregionalvm.com.ar\/noticias-villa-maria\/llaryora-firmo-con-francos-el-acuerdo-para-reactivar-la-obra-publica-nacional-en-la-provincia\/#respond"]}]},{"@type":"WebPage","@id":"https:\/\/elregionalvm.com.ar\/noticias-villa-maria\/llaryora-firmo-con-francos-el-acuerdo-para-reactivar-la-obra-publica-nacional-en-la-provincia\/","url":"https:\/\/elregionalvm.com.ar\/noticias-villa-maria\/llaryora-firmo-con-francos-el-acuerdo-para-reactivar-la-obra-publica-nacional-en-la-provincia\/","name":"Reactivar\u00e1n la obra de circunvalaci\u00f3n: Acuerdo entre Provincia y Naci\u00f3n - El Regional","isPartOf":{"@id":"http:\/\/elregionalvm.com.ar\/noticias-villa-maria\/#website"},"primaryImageOfPage":{"@id":"https:\/\/elregionalvm.com.ar\/noticias-villa-maria\/llaryora-firmo-con-francos-el-acuerdo-para-reactivar-la-obra-publica-nacional-en-la-provincia\/#primaryimage"},"image":{"@id":"https:\/\/elregionalvm.com.ar\/noticias-villa-maria\/llaryora-firmo-con-francos-el-acuerdo-para-reactivar-la-obra-publica-nacional-en-la-provincia\/#primaryimage"},"thumbnailUrl":"https:\/\/i0.wp.com\/elregionalvm.com.ar\/noticias-villa-maria\/wp-content\/uploads\/2024\/06\/WhatsApp-Image-2024-06-12-at-14.51.50-1024x682-1.jpeg?fit=1024%2C682&ssl=1","datePublished":"2024-06-12T21:37:49+00:00","dateModified":"2024-06-12T21:55:10+00:00","author":{"@id":"http:\/\/elregionalvm.com.ar\/noticias-villa-maria\/#\/schema\/person\/a0fb9c422317faca23d50163151bc354"},"breadcrumb":{"@id":"https:\/\/elregionalvm.com.ar\/noticias-villa-maria\/llaryora-firmo-con-francos-el-acuerdo-para-reactivar-la-obra-publica-nacional-en-la-provincia\/#breadcrumb"},"inLanguage":"es","potentialAction":[{"@type":"ReadAction","target":["https:\/\/elregionalvm.com.ar\/noticias-villa-maria\/llaryora-firmo-con-francos-el-acuerdo-para-reactivar-la-obra-publica-nacional-en-la-provincia\/"]}]},{"@type":"ImageObject","inLanguage":"es","@id":"https:\/\/elregionalvm.com.ar\/noticias-villa-maria\/llaryora-firmo-con-francos-el-acuerdo-para-reactivar-la-obra-publica-nacional-en-la-provincia\/#primaryimage","url":"https:\/\/i0.wp.com\/elregionalvm.com.ar\/noticias-villa-maria\/wp-content\/uploads\/2024\/06\/WhatsApp-Image-2024-06-12-at-14.51.50-1024x682-1.jpeg?fit=1024%2C682&ssl=1","contentUrl":"https:\/\/i0.wp.com\/elregionalvm.com.ar\/noticias-villa-maria\/wp-content\/uploads\/2024\/06\/WhatsApp-Image-2024-06-12-at-14.51.50-1024x682-1.jpeg?fit=1024%2C682&ssl=1","width":1024,"height":682},{"@type":"BreadcrumbList","@id":"https:\/\/elregionalvm.com.ar\/noticias-villa-maria\/llaryora-firmo-con-francos-el-acuerdo-para-reactivar-la-obra-publica-nacional-en-la-provincia\/#breadcrumb","itemListElement":[{"@type":"ListItem","position":1,"name":"Portada","item":"https:\/\/elregionalvm.com.ar\/noticias-villa-maria\/"},{"@type":"ListItem","position":2,"name":"Reactivar\u00e1n la obra de circunvalaci\u00f3n: Acuerdo entre Provincia y Naci\u00f3n"}]},{"@type":"WebSite","@id":"http:\/\/elregionalvm.com.ar\/noticias-villa-maria\/#website","url":"http:\/\/elregionalvm.com.ar\/noticias-villa-maria\/","name":"El Regional","description":"Mucho m\u00e1s que informaci\u00f3n","potentialAction":[{"@type":"SearchAction","target":{"@type":"EntryPoint","urlTemplate":"http:\/\/elregionalvm.com.ar\/noticias-villa-maria\/?s={search_term_string}"},"query-input":{"@type":"PropertyValueSpecification","valueRequired":true,"valueName":"search_term_string"}}],"inLanguage":"es"},{"@type":"Person","@id":"http:\/\/elregionalvm.com.ar\/noticias-villa-maria\/#\/schema\/person\/a0fb9c422317faca23d50163151bc354","name":"Contenidos El Regional","image":{"@type":"ImageObject","inLanguage":"es","@id":"http:\/\/elregionalvm.com.ar\/noticias-villa-maria\/#\/schema\/person\/image\/","url":"https:\/\/secure.gravatar.com\/avatar\/265b27cb2209af7bb3a1318f03305787d7981a5cc6e6cd08fe5a4ecdf99d4b48?s=96&d=mm&r=g","contentUrl":"https:\/\/secure.gravatar.com\/avatar\/265b27cb2209af7bb3a1318f03305787d7981a5cc6e6cd08fe5a4ecdf99d4b48?s=96&d=mm&r=g","caption":"Contenidos El Regional"},"url":"https:\/\/elregionalvm.com.ar\/noticias-villa-maria\/author\/contenido\/"}]}},"jetpack_featured_media_url":"https:\/\/i0.wp.com\/elregionalvm.com.ar\/noticias-villa-maria\/wp-content\/uploads\/2024\/06\/WhatsApp-Image-2024-06-12-at-14.51.50-1024x682-1.jpeg?fit=1024%2C682&ssl=1","jetpack_sharing_enabled":true,"_links":{"self":[{"href":"https:\/\/elregionalvm.com.ar\/noticias-villa-maria\/wp-json\/wp\/v2\/posts\/95069","targetHints":{"allow":["GET"]}}],"collection":[{"href":"https:\/\/elregionalvm.com.ar\/noticias-villa-maria\/wp-json\/wp\/v2\/posts"}],"about":[{"href":"https:\/\/elregionalvm.com.ar\/noticias-villa-maria\/wp-json\/wp\/v2\/types\/post"}],"author":[{"embeddable":true,"href":"https:\/\/elregionalvm.com.ar\/noticias-villa-maria\/wp-json\/wp\/v2\/users\/4"}],"replies":[{"embeddable":true,"href":"https:\/\/elregionalvm.com.ar\/noticias-villa-maria\/wp-json\/wp\/v2\/comments?post=95069"}],"version-history":[{"count":2,"href":"https:\/\/elregionalvm.com.ar\/noticias-villa-maria\/wp-json\/wp\/v2\/posts\/95069\/revisions"}],"predecessor-version":[{"id":95078,"href":"https:\/\/elregionalvm.com.ar\/noticias-villa-maria\/wp-json\/wp\/v2\/posts\/95069\/revisions\/95078"}],"wp:featuredmedia":[{"embeddable":true,"href":"https:\/\/elregionalvm.com.ar\/noticias-villa-maria\/wp-json\/wp\/v2\/media\/95070"}],"wp:attachment":[{"href":"https:\/\/elregionalvm.com.ar\/noticias-villa-maria\/wp-json\/wp\/v2\/media?parent=95069"}],"wp:term":[{"taxonomy":"category","embeddable":true,"href":"https:\/\/elregionalvm.com.ar\/noticias-villa-maria\/wp-json\/wp\/v2\/categories?post=95069"},{"taxonomy":"post_tag","embeddable":true,"href":"https:\/\/elregionalvm.com.ar\/noticias-villa-maria\/wp-json\/wp\/v2\/tags?post=95069"}],"curies":[{"name":"wp","href":"https:\/\/api.w.org\/{rel}","templated":true}]}}