{"id":95079,"date":"2024-06-12T21:57:47","date_gmt":"2024-06-12T21:57:47","guid":{"rendered":"https:\/\/elregionalvm.com.ar\/noticias-villa-maria\/?p=95079"},"modified":"2024-06-12T21:57:48","modified_gmt":"2024-06-12T21:57:48","slug":"instalaran-un-museo-itinerante-de-fotografia-latinoamericana-en-el-ingreso-al-centro-cultural-leonardo-favio","status":"publish","type":"post","link":"https:\/\/elregionalvm.com.ar\/noticias-villa-maria\/instalaran-un-museo-itinerante-de-fotografia-latinoamericana-en-el-ingreso-al-centro-cultural-leonardo-favio\/","title":{"rendered":"Instalar\u00e1n un Museo Itinerante de Fotograf\u00eda Latinoamericana en el ingreso al Centro Cultural Leonardo Favio"},"content":{"rendered":"\n<p>En el ingreso al Centro Cultural Comunitario Leonardo Favio instalar\u00e1n un Museo Itinerante de Fotograf\u00eda Latinoamericana.<\/p>\n\n\n\n<p>La propuesta contar\u00e1 con la participaci\u00f3n de artistas locales y de todo el pa\u00eds. Estar\u00e1 enmarcada en el Espacio Artes Visuales de la Usina Cultural (UC) y podr\u00e1 visitarse del martes 25 al domingo 30 de junio con entrada gratuita.<\/p>\n\n\n\n<p>Del martes 25 al domingo 30 de junio se instalar\u00e1 en el ingreso al Centro Cultural Comunitario Leonardo Favio (CCCLF) el Museo Itinerante de Fotograf\u00eda Latinoamericana (FOLA). Enmarcada en el Espacio Artes Visuales de la Usina Cultural (UC), la propuesta exhibir\u00e1 los trabajos autorales de fot\u00f3grafos y fot\u00f3grafas de la ciudad y de todo el pa\u00eds. Durante la estad\u00eda de la exposici\u00f3n, habr\u00e1 visitas guiadas y experiencias interactivas para escuelas e instituciones.<\/p>\n\n\n\n<p>La iniciativa FOLA presenta un panorama de fotograf\u00eda argentina, con grandes autores y autoras de diferentes \u00e9pocas y diversos estilos. Es una galer\u00eda itinerante que integra las obras permanentes de quienes la conforman y adem\u00e1s, cuenta con la participaci\u00f3n de artistas locales que var\u00edan seg\u00fan la ciudad en la que el museo se instala. <\/p>\n\n\n\n<p>En sus m\u00e1s de 14 mil kil\u00f3metros recorridos desde 2015, FOLA ha pasado por 60 localidades diferentes. Adem\u00e1s de la muestra, incluye propuestas de activaci\u00f3n como la Experiencia C\u00e1mara Oscura, un proyecto que revela los comienzos de la fotograf\u00eda e invita a los y las visitantes a descubrir los efectos logrados por la misma naturaleza de la luz.<\/p>\n\n\n\n<p>El museo estar\u00e1 estacionado en el ingreso al CCCLF, sito en avenida Sabattini al 200. Podr\u00e1 visitarse del martes 25 al domingo 30 de junio, de 10 a 13 y de 15 a 19 horas, con entrada gratuita. Las escuelas que deseen realizar el recorrido guiado y la actividad de c\u00e1mara oscura, deber\u00e1n inscribirse previamente en el siguiente formulario: InscripcionesFOLA. Por consultas comunicarse al 3534232318 (whatsapp Usina Cultural) de lunes a viernes de 9 a 12 horas.<\/p>\n\n\n\n<p>Es importante mencionar que la actividad se realiza en conjunto entre la Secretar\u00eda de Gobierno, Cultura y Relaciones Institucionales, a trav\u00e9s de la Subsecretar\u00eda de Cultura, de la Municipalidad de Villa Mari\u0301a, la Usina Cultural de la Universidad Nacional de Villa Mar\u00eda y el Museo Itinerante de Fotograf\u00eda Latinoamericana.<\/p>\n\n\n\n<p>Charla a pie de obra<\/p>\n\n\n\n<p>En el marco de la visita del museo, se realizar\u00e1 una charla a pie de obra titulada La fotograf\u00eda estenopeica, por Gustavo Ciancio. En la oportunidad se abordar\u00e1n la historia y los principios de funcionamiento de esta t\u00e9cnica,adem\u00e1s del recorrido por la obra autoral del disertante, utilizando este m\u00e9todo. La actividad es gratuita, no requiere inscripci\u00f3n previa y est\u00e1 destinado al p\u00fablico general. Tendr\u00e1 lugar en las salas de la UC<\/p>\n\n\n\n<p>Artistas de la exposici\u00f3n<br>Sara Facio, Oscar Pintor, Helen Zout, Esteban Pastorino, Romina Ressia, Jorge Aguirre, Grupo Enfoco, Guillermo Srodeck Hart, y Martin Weber.<br>Artistas locales<br>Juan Aquilanti, Juan Jos\u00e9 Oddino, Gast\u00f3n del R\u00edo, Emiliana Sinigaglia, Georgina Elizabeth Guall\u00e1n, Claudio Mart\u00ednez, Lorena G\u00f3mez Borgna, M\u00f3nica Cerrolaza, Mar\u00eda Gabriela Vera, Marcos Goymil, Romina Chialvo, Adriana Bleger, Claudio C\u00e9sar Acosta, Patricia D\u00edaz, Sof\u00eda Scalzo, Mar\u00eda Victoria Araujo, Mart\u00edn Llampayas, Carolina Ram\u00edrez y Cecilia V\u00e1zquez.<br>Coordinadores<br>Gast\u00f3n Deleau y Gustavo Ciancio.<br>M\u00e1s informaci\u00f3n en fola.com.ar \/ IG @fola.foto<\/p>\n","protected":false},"excerpt":{"rendered":"<p>En el ingreso al Centro Cultural Comunitario Leonardo Favio instalar\u00e1n un Museo Itinerante de Fotograf\u00eda Latinoamericana. La propuesta contar\u00e1 con la participaci\u00f3n de artistas locales y de todo el pa\u00eds. Estar\u00e1 enmarcada en el Espacio Artes Visuales de la Usina Cultural (UC) y podr\u00e1 visitarse del martes 25 al domingo 30 de junio con entrada [&hellip;]<\/p>\n","protected":false},"author":4,"featured_media":95080,"comment_status":"open","ping_status":"open","sticky":false,"template":"","format":"standard","meta":{"site-sidebar-layout":"default","site-content-layout":"","ast-site-content-layout":"default","site-content-style":"default","site-sidebar-style":"default","ast-global-header-display":"","ast-banner-title-visibility":"","ast-main-header-display":"","ast-hfb-above-header-display":"","ast-hfb-below-header-display":"","ast-hfb-mobile-header-display":"","site-post-title":"","ast-breadcrumbs-content":"","ast-featured-img":"","footer-sml-layout":"","ast-disable-related-posts":"","theme-transparent-header-meta":"","adv-header-id-meta":"","stick-header-meta":"","header-above-stick-meta":"","header-main-stick-meta":"","header-below-stick-meta":"","astra-migrate-meta-layouts":"set","ast-page-background-enabled":"default","ast-page-background-meta":{"desktop":{"background-color":"","background-image":"","background-repeat":"repeat","background-position":"center center","background-size":"auto","background-attachment":"scroll","background-type":"","background-media":"","overlay-type":"","overlay-color":"","overlay-opacity":"","overlay-gradient":""},"tablet":{"background-color":"","background-image":"","background-repeat":"repeat","background-position":"center center","background-size":"auto","background-attachment":"scroll","background-type":"","background-media":"","overlay-type":"","overlay-color":"","overlay-opacity":"","overlay-gradient":""},"mobile":{"background-color":"","background-image":"","background-repeat":"repeat","background-position":"center center","background-size":"auto","background-attachment":"scroll","background-type":"","background-media":"","overlay-type":"","overlay-color":"","overlay-opacity":"","overlay-gradient":""}},"ast-content-background-meta":{"desktop":{"background-color":"var(--ast-global-color-5)","background-image":"","background-repeat":"repeat","background-position":"center center","background-size":"auto","background-attachment":"scroll","background-type":"","background-media":"","overlay-type":"","overlay-color":"","overlay-opacity":"","overlay-gradient":""},"tablet":{"background-color":"var(--ast-global-color-5)","background-image":"","background-repeat":"repeat","background-position":"center center","background-size":"auto","background-attachment":"scroll","background-type":"","background-media":"","overlay-type":"","overlay-color":"","overlay-opacity":"","overlay-gradient":""},"mobile":{"background-color":"var(--ast-global-color-5)","background-image":"","background-repeat":"repeat","background-position":"center center","background-size":"auto","background-attachment":"scroll","background-type":"","background-media":"","overlay-type":"","overlay-color":"","overlay-opacity":"","overlay-gradient":""}},"_jetpack_memberships_contains_paid_content":false,"_joinchat":[],"footnotes":""},"categories":[2068,15302,5,2],"tags":[],"class_list":["post-95079","post","type-post","status-publish","format-standard","has-post-thumbnail","hentry","category-cultura-deporte","category-destacado","category-sociedad","category-villa-maria"],"yoast_head":"<!-- This site is optimized with the Yoast SEO plugin v26.8 - https:\/\/yoast.com\/product\/yoast-seo-wordpress\/ -->\n<title>Instalar\u00e1n un Museo Itinerante de Fotograf\u00eda Latinoamericana en el ingreso al Centro Cultural Leonardo Favio - El Regional<\/title>\n<meta name=\"robots\" content=\"index, follow, max-snippet:-1, max-image-preview:large, max-video-preview:-1\" \/>\n<link rel=\"canonical\" href=\"https:\/\/elregionalvm.com.ar\/noticias-villa-maria\/instalaran-un-museo-itinerante-de-fotografia-latinoamericana-en-el-ingreso-al-centro-cultural-leonardo-favio\/\" \/>\n<meta property=\"og:locale\" content=\"es_ES\" \/>\n<meta property=\"og:type\" content=\"article\" \/>\n<meta property=\"og:title\" content=\"Instalar\u00e1n un Museo Itinerante de Fotograf\u00eda Latinoamericana en el ingreso al Centro Cultural Leonardo Favio - El Regional\" \/>\n<meta property=\"og:description\" content=\"En el ingreso al Centro Cultural Comunitario Leonardo Favio instalar\u00e1n un Museo Itinerante de Fotograf\u00eda Latinoamericana. La propuesta contar\u00e1 con la participaci\u00f3n de artistas locales y de todo el pa\u00eds. Estar\u00e1 enmarcada en el Espacio Artes Visuales de la Usina Cultural (UC) y podr\u00e1 visitarse del martes 25 al domingo 30 de junio con entrada [&hellip;]\" \/>\n<meta property=\"og:url\" content=\"https:\/\/elregionalvm.com.ar\/noticias-villa-maria\/instalaran-un-museo-itinerante-de-fotografia-latinoamericana-en-el-ingreso-al-centro-cultural-leonardo-favio\/\" \/>\n<meta property=\"og:site_name\" content=\"El Regional\" \/>\n<meta property=\"article:publisher\" content=\"https:\/\/www.facebook.com\/elregionalvm\" \/>\n<meta property=\"article:published_time\" content=\"2024-06-12T21:57:47+00:00\" \/>\n<meta property=\"article:modified_time\" content=\"2024-06-12T21:57:48+00:00\" \/>\n<meta property=\"og:image\" content=\"https:\/\/elregionalvm.com.ar\/noticias-villa-maria\/wp-content\/uploads\/2024\/06\/WhatsApp-Image-2024-06-12-at-18.54.43.jpeg\" \/>\n\t<meta property=\"og:image:width\" content=\"1600\" \/>\n\t<meta property=\"og:image:height\" content=\"1200\" \/>\n\t<meta property=\"og:image:type\" content=\"image\/jpeg\" \/>\n<meta name=\"author\" content=\"Contenidos El Regional\" \/>\n<meta name=\"twitter:card\" content=\"summary_large_image\" \/>\n<meta name=\"twitter:creator\" content=\"@elregionalvm1\" \/>\n<meta name=\"twitter:site\" content=\"@elregionalvm1\" \/>\n<meta name=\"twitter:label1\" content=\"Escrito por\" \/>\n\t<meta name=\"twitter:data1\" content=\"Contenidos El Regional\" \/>\n\t<meta name=\"twitter:label2\" content=\"Tiempo de lectura\" \/>\n\t<meta name=\"twitter:data2\" content=\"3 minutos\" \/>\n<script type=\"application\/ld+json\" class=\"yoast-schema-graph\">{\"@context\":\"https:\/\/schema.org\",\"@graph\":[{\"@type\":\"Article\",\"@id\":\"https:\/\/elregionalvm.com.ar\/noticias-villa-maria\/instalaran-un-museo-itinerante-de-fotografia-latinoamericana-en-el-ingreso-al-centro-cultural-leonardo-favio\/#article\",\"isPartOf\":{\"@id\":\"https:\/\/elregionalvm.com.ar\/noticias-villa-maria\/instalaran-un-museo-itinerante-de-fotografia-latinoamericana-en-el-ingreso-al-centro-cultural-leonardo-favio\/\"},\"author\":{\"name\":\"Contenidos El Regional\",\"@id\":\"http:\/\/elregionalvm.com.ar\/noticias-villa-maria\/#\/schema\/person\/a0fb9c422317faca23d50163151bc354\"},\"headline\":\"Instalar\u00e1n un Museo Itinerante de Fotograf\u00eda Latinoamericana en el ingreso al Centro Cultural Leonardo Favio\",\"datePublished\":\"2024-06-12T21:57:47+00:00\",\"dateModified\":\"2024-06-12T21:57:48+00:00\",\"mainEntityOfPage\":{\"@id\":\"https:\/\/elregionalvm.com.ar\/noticias-villa-maria\/instalaran-un-museo-itinerante-de-fotografia-latinoamericana-en-el-ingreso-al-centro-cultural-leonardo-favio\/\"},\"wordCount\":582,\"commentCount\":0,\"image\":{\"@id\":\"https:\/\/elregionalvm.com.ar\/noticias-villa-maria\/instalaran-un-museo-itinerante-de-fotografia-latinoamericana-en-el-ingreso-al-centro-cultural-leonardo-favio\/#primaryimage\"},\"thumbnailUrl\":\"https:\/\/i0.wp.com\/elregionalvm.com.ar\/noticias-villa-maria\/wp-content\/uploads\/2024\/06\/WhatsApp-Image-2024-06-12-at-18.54.43.jpeg?fit=1600%2C1200&ssl=1\",\"articleSection\":[\"Cultura\",\"destacado\",\"Sociedad\",\"Villa Mar\u00eda\"],\"inLanguage\":\"es\",\"potentialAction\":[{\"@type\":\"CommentAction\",\"name\":\"Comment\",\"target\":[\"https:\/\/elregionalvm.com.ar\/noticias-villa-maria\/instalaran-un-museo-itinerante-de-fotografia-latinoamericana-en-el-ingreso-al-centro-cultural-leonardo-favio\/#respond\"]}]},{\"@type\":\"WebPage\",\"@id\":\"https:\/\/elregionalvm.com.ar\/noticias-villa-maria\/instalaran-un-museo-itinerante-de-fotografia-latinoamericana-en-el-ingreso-al-centro-cultural-leonardo-favio\/\",\"url\":\"https:\/\/elregionalvm.com.ar\/noticias-villa-maria\/instalaran-un-museo-itinerante-de-fotografia-latinoamericana-en-el-ingreso-al-centro-cultural-leonardo-favio\/\",\"name\":\"Instalar\u00e1n un Museo Itinerante de Fotograf\u00eda Latinoamericana en el ingreso al Centro Cultural Leonardo Favio - El Regional\",\"isPartOf\":{\"@id\":\"http:\/\/elregionalvm.com.ar\/noticias-villa-maria\/#website\"},\"primaryImageOfPage\":{\"@id\":\"https:\/\/elregionalvm.com.ar\/noticias-villa-maria\/instalaran-un-museo-itinerante-de-fotografia-latinoamericana-en-el-ingreso-al-centro-cultural-leonardo-favio\/#primaryimage\"},\"image\":{\"@id\":\"https:\/\/elregionalvm.com.ar\/noticias-villa-maria\/instalaran-un-museo-itinerante-de-fotografia-latinoamericana-en-el-ingreso-al-centro-cultural-leonardo-favio\/#primaryimage\"},\"thumbnailUrl\":\"https:\/\/i0.wp.com\/elregionalvm.com.ar\/noticias-villa-maria\/wp-content\/uploads\/2024\/06\/WhatsApp-Image-2024-06-12-at-18.54.43.jpeg?fit=1600%2C1200&ssl=1\",\"datePublished\":\"2024-06-12T21:57:47+00:00\",\"dateModified\":\"2024-06-12T21:57:48+00:00\",\"author\":{\"@id\":\"http:\/\/elregionalvm.com.ar\/noticias-villa-maria\/#\/schema\/person\/a0fb9c422317faca23d50163151bc354\"},\"breadcrumb\":{\"@id\":\"https:\/\/elregionalvm.com.ar\/noticias-villa-maria\/instalaran-un-museo-itinerante-de-fotografia-latinoamericana-en-el-ingreso-al-centro-cultural-leonardo-favio\/#breadcrumb\"},\"inLanguage\":\"es\",\"potentialAction\":[{\"@type\":\"ReadAction\",\"target\":[\"https:\/\/elregionalvm.com.ar\/noticias-villa-maria\/instalaran-un-museo-itinerante-de-fotografia-latinoamericana-en-el-ingreso-al-centro-cultural-leonardo-favio\/\"]}]},{\"@type\":\"ImageObject\",\"inLanguage\":\"es\",\"@id\":\"https:\/\/elregionalvm.com.ar\/noticias-villa-maria\/instalaran-un-museo-itinerante-de-fotografia-latinoamericana-en-el-ingreso-al-centro-cultural-leonardo-favio\/#primaryimage\",\"url\":\"https:\/\/i0.wp.com\/elregionalvm.com.ar\/noticias-villa-maria\/wp-content\/uploads\/2024\/06\/WhatsApp-Image-2024-06-12-at-18.54.43.jpeg?fit=1600%2C1200&ssl=1\",\"contentUrl\":\"https:\/\/i0.wp.com\/elregionalvm.com.ar\/noticias-villa-maria\/wp-content\/uploads\/2024\/06\/WhatsApp-Image-2024-06-12-at-18.54.43.jpeg?fit=1600%2C1200&ssl=1\",\"width\":1600,\"height\":1200},{\"@type\":\"BreadcrumbList\",\"@id\":\"https:\/\/elregionalvm.com.ar\/noticias-villa-maria\/instalaran-un-museo-itinerante-de-fotografia-latinoamericana-en-el-ingreso-al-centro-cultural-leonardo-favio\/#breadcrumb\",\"itemListElement\":[{\"@type\":\"ListItem\",\"position\":1,\"name\":\"Portada\",\"item\":\"https:\/\/elregionalvm.com.ar\/noticias-villa-maria\/\"},{\"@type\":\"ListItem\",\"position\":2,\"name\":\"Instalar\u00e1n un Museo Itinerante de Fotograf\u00eda Latinoamericana en el ingreso al Centro Cultural Leonardo Favio\"}]},{\"@type\":\"WebSite\",\"@id\":\"http:\/\/elregionalvm.com.ar\/noticias-villa-maria\/#website\",\"url\":\"http:\/\/elregionalvm.com.ar\/noticias-villa-maria\/\",\"name\":\"El Regional\",\"description\":\"Mucho m\u00e1s que informaci\u00f3n\",\"potentialAction\":[{\"@type\":\"SearchAction\",\"target\":{\"@type\":\"EntryPoint\",\"urlTemplate\":\"http:\/\/elregionalvm.com.ar\/noticias-villa-maria\/?s={search_term_string}\"},\"query-input\":{\"@type\":\"PropertyValueSpecification\",\"valueRequired\":true,\"valueName\":\"search_term_string\"}}],\"inLanguage\":\"es\"},{\"@type\":\"Person\",\"@id\":\"http:\/\/elregionalvm.com.ar\/noticias-villa-maria\/#\/schema\/person\/a0fb9c422317faca23d50163151bc354\",\"name\":\"Contenidos El Regional\",\"image\":{\"@type\":\"ImageObject\",\"inLanguage\":\"es\",\"@id\":\"http:\/\/elregionalvm.com.ar\/noticias-villa-maria\/#\/schema\/person\/image\/\",\"url\":\"https:\/\/secure.gravatar.com\/avatar\/265b27cb2209af7bb3a1318f03305787d7981a5cc6e6cd08fe5a4ecdf99d4b48?s=96&d=mm&r=g\",\"contentUrl\":\"https:\/\/secure.gravatar.com\/avatar\/265b27cb2209af7bb3a1318f03305787d7981a5cc6e6cd08fe5a4ecdf99d4b48?s=96&d=mm&r=g\",\"caption\":\"Contenidos El Regional\"},\"url\":\"https:\/\/elregionalvm.com.ar\/noticias-villa-maria\/author\/contenido\/\"}]}<\/script>\n<!-- \/ Yoast SEO plugin. -->","yoast_head_json":{"title":"Instalar\u00e1n un Museo Itinerante de Fotograf\u00eda Latinoamericana en el ingreso al Centro Cultural Leonardo Favio - El Regional","robots":{"index":"index","follow":"follow","max-snippet":"max-snippet:-1","max-image-preview":"max-image-preview:large","max-video-preview":"max-video-preview:-1"},"canonical":"https:\/\/elregionalvm.com.ar\/noticias-villa-maria\/instalaran-un-museo-itinerante-de-fotografia-latinoamericana-en-el-ingreso-al-centro-cultural-leonardo-favio\/","og_locale":"es_ES","og_type":"article","og_title":"Instalar\u00e1n un Museo Itinerante de Fotograf\u00eda Latinoamericana en el ingreso al Centro Cultural Leonardo Favio - El Regional","og_description":"En el ingreso al Centro Cultural Comunitario Leonardo Favio instalar\u00e1n un Museo Itinerante de Fotograf\u00eda Latinoamericana. La propuesta contar\u00e1 con la participaci\u00f3n de artistas locales y de todo el pa\u00eds. Estar\u00e1 enmarcada en el Espacio Artes Visuales de la Usina Cultural (UC) y podr\u00e1 visitarse del martes 25 al domingo 30 de junio con entrada [&hellip;]","og_url":"https:\/\/elregionalvm.com.ar\/noticias-villa-maria\/instalaran-un-museo-itinerante-de-fotografia-latinoamericana-en-el-ingreso-al-centro-cultural-leonardo-favio\/","og_site_name":"El Regional","article_publisher":"https:\/\/www.facebook.com\/elregionalvm","article_published_time":"2024-06-12T21:57:47+00:00","article_modified_time":"2024-06-12T21:57:48+00:00","og_image":[{"width":1600,"height":1200,"url":"https:\/\/elregionalvm.com.ar\/noticias-villa-maria\/wp-content\/uploads\/2024\/06\/WhatsApp-Image-2024-06-12-at-18.54.43.jpeg","type":"image\/jpeg"}],"author":"Contenidos El Regional","twitter_card":"summary_large_image","twitter_creator":"@elregionalvm1","twitter_site":"@elregionalvm1","twitter_misc":{"Escrito por":"Contenidos El Regional","Tiempo de lectura":"3 minutos"},"schema":{"@context":"https:\/\/schema.org","@graph":[{"@type":"Article","@id":"https:\/\/elregionalvm.com.ar\/noticias-villa-maria\/instalaran-un-museo-itinerante-de-fotografia-latinoamericana-en-el-ingreso-al-centro-cultural-leonardo-favio\/#article","isPartOf":{"@id":"https:\/\/elregionalvm.com.ar\/noticias-villa-maria\/instalaran-un-museo-itinerante-de-fotografia-latinoamericana-en-el-ingreso-al-centro-cultural-leonardo-favio\/"},"author":{"name":"Contenidos El Regional","@id":"http:\/\/elregionalvm.com.ar\/noticias-villa-maria\/#\/schema\/person\/a0fb9c422317faca23d50163151bc354"},"headline":"Instalar\u00e1n un Museo Itinerante de Fotograf\u00eda Latinoamericana en el ingreso al Centro Cultural Leonardo Favio","datePublished":"2024-06-12T21:57:47+00:00","dateModified":"2024-06-12T21:57:48+00:00","mainEntityOfPage":{"@id":"https:\/\/elregionalvm.com.ar\/noticias-villa-maria\/instalaran-un-museo-itinerante-de-fotografia-latinoamericana-en-el-ingreso-al-centro-cultural-leonardo-favio\/"},"wordCount":582,"commentCount":0,"image":{"@id":"https:\/\/elregionalvm.com.ar\/noticias-villa-maria\/instalaran-un-museo-itinerante-de-fotografia-latinoamericana-en-el-ingreso-al-centro-cultural-leonardo-favio\/#primaryimage"},"thumbnailUrl":"https:\/\/i0.wp.com\/elregionalvm.com.ar\/noticias-villa-maria\/wp-content\/uploads\/2024\/06\/WhatsApp-Image-2024-06-12-at-18.54.43.jpeg?fit=1600%2C1200&ssl=1","articleSection":["Cultura","destacado","Sociedad","Villa Mar\u00eda"],"inLanguage":"es","potentialAction":[{"@type":"CommentAction","name":"Comment","target":["https:\/\/elregionalvm.com.ar\/noticias-villa-maria\/instalaran-un-museo-itinerante-de-fotografia-latinoamericana-en-el-ingreso-al-centro-cultural-leonardo-favio\/#respond"]}]},{"@type":"WebPage","@id":"https:\/\/elregionalvm.com.ar\/noticias-villa-maria\/instalaran-un-museo-itinerante-de-fotografia-latinoamericana-en-el-ingreso-al-centro-cultural-leonardo-favio\/","url":"https:\/\/elregionalvm.com.ar\/noticias-villa-maria\/instalaran-un-museo-itinerante-de-fotografia-latinoamericana-en-el-ingreso-al-centro-cultural-leonardo-favio\/","name":"Instalar\u00e1n un Museo Itinerante de Fotograf\u00eda Latinoamericana en el ingreso al Centro Cultural Leonardo Favio - El Regional","isPartOf":{"@id":"http:\/\/elregionalvm.com.ar\/noticias-villa-maria\/#website"},"primaryImageOfPage":{"@id":"https:\/\/elregionalvm.com.ar\/noticias-villa-maria\/instalaran-un-museo-itinerante-de-fotografia-latinoamericana-en-el-ingreso-al-centro-cultural-leonardo-favio\/#primaryimage"},"image":{"@id":"https:\/\/elregionalvm.com.ar\/noticias-villa-maria\/instalaran-un-museo-itinerante-de-fotografia-latinoamericana-en-el-ingreso-al-centro-cultural-leonardo-favio\/#primaryimage"},"thumbnailUrl":"https:\/\/i0.wp.com\/elregionalvm.com.ar\/noticias-villa-maria\/wp-content\/uploads\/2024\/06\/WhatsApp-Image-2024-06-12-at-18.54.43.jpeg?fit=1600%2C1200&ssl=1","datePublished":"2024-06-12T21:57:47+00:00","dateModified":"2024-06-12T21:57:48+00:00","author":{"@id":"http:\/\/elregionalvm.com.ar\/noticias-villa-maria\/#\/schema\/person\/a0fb9c422317faca23d50163151bc354"},"breadcrumb":{"@id":"https:\/\/elregionalvm.com.ar\/noticias-villa-maria\/instalaran-un-museo-itinerante-de-fotografia-latinoamericana-en-el-ingreso-al-centro-cultural-leonardo-favio\/#breadcrumb"},"inLanguage":"es","potentialAction":[{"@type":"ReadAction","target":["https:\/\/elregionalvm.com.ar\/noticias-villa-maria\/instalaran-un-museo-itinerante-de-fotografia-latinoamericana-en-el-ingreso-al-centro-cultural-leonardo-favio\/"]}]},{"@type":"ImageObject","inLanguage":"es","@id":"https:\/\/elregionalvm.com.ar\/noticias-villa-maria\/instalaran-un-museo-itinerante-de-fotografia-latinoamericana-en-el-ingreso-al-centro-cultural-leonardo-favio\/#primaryimage","url":"https:\/\/i0.wp.com\/elregionalvm.com.ar\/noticias-villa-maria\/wp-content\/uploads\/2024\/06\/WhatsApp-Image-2024-06-12-at-18.54.43.jpeg?fit=1600%2C1200&ssl=1","contentUrl":"https:\/\/i0.wp.com\/elregionalvm.com.ar\/noticias-villa-maria\/wp-content\/uploads\/2024\/06\/WhatsApp-Image-2024-06-12-at-18.54.43.jpeg?fit=1600%2C1200&ssl=1","width":1600,"height":1200},{"@type":"BreadcrumbList","@id":"https:\/\/elregionalvm.com.ar\/noticias-villa-maria\/instalaran-un-museo-itinerante-de-fotografia-latinoamericana-en-el-ingreso-al-centro-cultural-leonardo-favio\/#breadcrumb","itemListElement":[{"@type":"ListItem","position":1,"name":"Portada","item":"https:\/\/elregionalvm.com.ar\/noticias-villa-maria\/"},{"@type":"ListItem","position":2,"name":"Instalar\u00e1n un Museo Itinerante de Fotograf\u00eda Latinoamericana en el ingreso al Centro Cultural Leonardo Favio"}]},{"@type":"WebSite","@id":"http:\/\/elregionalvm.com.ar\/noticias-villa-maria\/#website","url":"http:\/\/elregionalvm.com.ar\/noticias-villa-maria\/","name":"El Regional","description":"Mucho m\u00e1s que informaci\u00f3n","potentialAction":[{"@type":"SearchAction","target":{"@type":"EntryPoint","urlTemplate":"http:\/\/elregionalvm.com.ar\/noticias-villa-maria\/?s={search_term_string}"},"query-input":{"@type":"PropertyValueSpecification","valueRequired":true,"valueName":"search_term_string"}}],"inLanguage":"es"},{"@type":"Person","@id":"http:\/\/elregionalvm.com.ar\/noticias-villa-maria\/#\/schema\/person\/a0fb9c422317faca23d50163151bc354","name":"Contenidos El Regional","image":{"@type":"ImageObject","inLanguage":"es","@id":"http:\/\/elregionalvm.com.ar\/noticias-villa-maria\/#\/schema\/person\/image\/","url":"https:\/\/secure.gravatar.com\/avatar\/265b27cb2209af7bb3a1318f03305787d7981a5cc6e6cd08fe5a4ecdf99d4b48?s=96&d=mm&r=g","contentUrl":"https:\/\/secure.gravatar.com\/avatar\/265b27cb2209af7bb3a1318f03305787d7981a5cc6e6cd08fe5a4ecdf99d4b48?s=96&d=mm&r=g","caption":"Contenidos El Regional"},"url":"https:\/\/elregionalvm.com.ar\/noticias-villa-maria\/author\/contenido\/"}]}},"jetpack_featured_media_url":"https:\/\/i0.wp.com\/elregionalvm.com.ar\/noticias-villa-maria\/wp-content\/uploads\/2024\/06\/WhatsApp-Image-2024-06-12-at-18.54.43.jpeg?fit=1600%2C1200&ssl=1","jetpack_sharing_enabled":true,"_links":{"self":[{"href":"https:\/\/elregionalvm.com.ar\/noticias-villa-maria\/wp-json\/wp\/v2\/posts\/95079","targetHints":{"allow":["GET"]}}],"collection":[{"href":"https:\/\/elregionalvm.com.ar\/noticias-villa-maria\/wp-json\/wp\/v2\/posts"}],"about":[{"href":"https:\/\/elregionalvm.com.ar\/noticias-villa-maria\/wp-json\/wp\/v2\/types\/post"}],"author":[{"embeddable":true,"href":"https:\/\/elregionalvm.com.ar\/noticias-villa-maria\/wp-json\/wp\/v2\/users\/4"}],"replies":[{"embeddable":true,"href":"https:\/\/elregionalvm.com.ar\/noticias-villa-maria\/wp-json\/wp\/v2\/comments?post=95079"}],"version-history":[{"count":1,"href":"https:\/\/elregionalvm.com.ar\/noticias-villa-maria\/wp-json\/wp\/v2\/posts\/95079\/revisions"}],"predecessor-version":[{"id":95081,"href":"https:\/\/elregionalvm.com.ar\/noticias-villa-maria\/wp-json\/wp\/v2\/posts\/95079\/revisions\/95081"}],"wp:featuredmedia":[{"embeddable":true,"href":"https:\/\/elregionalvm.com.ar\/noticias-villa-maria\/wp-json\/wp\/v2\/media\/95080"}],"wp:attachment":[{"href":"https:\/\/elregionalvm.com.ar\/noticias-villa-maria\/wp-json\/wp\/v2\/media?parent=95079"}],"wp:term":[{"taxonomy":"category","embeddable":true,"href":"https:\/\/elregionalvm.com.ar\/noticias-villa-maria\/wp-json\/wp\/v2\/categories?post=95079"},{"taxonomy":"post_tag","embeddable":true,"href":"https:\/\/elregionalvm.com.ar\/noticias-villa-maria\/wp-json\/wp\/v2\/tags?post=95079"}],"curies":[{"name":"wp","href":"https:\/\/api.w.org\/{rel}","templated":true}]}}