{"id":95165,"date":"2024-06-16T15:43:26","date_gmt":"2024-06-16T15:43:26","guid":{"rendered":"https:\/\/elregionalvm.com.ar\/noticias-villa-maria\/?p=95165"},"modified":"2024-06-18T01:45:28","modified_gmt":"2024-06-18T01:45:28","slug":"se-nos-fue-don-julio-benitez-historico-colaborador-de-el-regional","status":"publish","type":"post","link":"https:\/\/elregionalvm.com.ar\/noticias-villa-maria\/se-nos-fue-don-julio-benitez-historico-colaborador-de-el-regional\/","title":{"rendered":"Se nos fue don Julio Ben\u00edtez, hist\u00f3rico colaborador de EL REGIONAL"},"content":{"rendered":"\n<p>Hoy estamos tristes. Falleci\u00f3 un compa\u00f1ero, un colaborador, un amigo de mucho tiempo.<\/p>\n\n\n\n<p>Casi desde los inicios de este medio, cuando se publicaba en papel de manera semanal, Julio Alberto Ben\u00edtez nos cont\u00f3 historias de la ciudad, del pa\u00eds y del mundo con un estilo muy particular.<\/p>\n\n\n\n<p>En los \u00faltimos d\u00edas su estado de salud se vio deteriorado y a los 88 a\u00f1os decidi\u00f3 partir hacia otros rumbos.<\/p>\n\n\n\n<p>Ferroviario de los de antes, maquetista, hombre de \u201cn\u00fameros y cuentas\u201d, padre de cuatro hijos y abuelo de varios nietos, cuando se jubil\u00f3, su esp\u00edritu inquieto lo llev\u00f3 a incursionar en las letras.<\/p>\n\n\n\n<p><\/p>\n\n\n\n<figure class=\"wp-block-image size-full\"><img data-recalc-dims=\"1\" fetchpriority=\"high\" decoding=\"async\" width=\"624\" height=\"630\" src=\"https:\/\/i0.wp.com\/elregionalvm.com.ar\/noticias-villa-maria\/wp-content\/uploads\/2024\/06\/Julio-Benitez-2.jpeg?resize=624%2C630&#038;ssl=1\" alt=\"\" class=\"wp-image-95167\" srcset=\"https:\/\/i0.wp.com\/elregionalvm.com.ar\/noticias-villa-maria\/wp-content\/uploads\/2024\/06\/Julio-Benitez-2.jpeg?w=624&amp;ssl=1 624w, https:\/\/i0.wp.com\/elregionalvm.com.ar\/noticias-villa-maria\/wp-content\/uploads\/2024\/06\/Julio-Benitez-2.jpeg?resize=297%2C300&amp;ssl=1 297w\" sizes=\"(max-width: 624px) 100vw, 624px\" \/><\/figure>\n\n\n\n<p><\/p>\n\n\n\n<p>Y esas historias que publicamos en nuestras p\u00e1ginas bajo la secci\u00f3n \u00ab\u00bfTe acord\u00e1s hermano?\u00bbse convirtieron en libros que llevaron su sello y su impronta, con el t\u00edtulo de \u00abTiempos Viejos\u00bb. <\/p>\n\n\n\n<p>Fue un rescatista de recuerdos y an\u00e9cdotas, un compilador de historias ya contadas, un persistente investigador de hechos cotidianos olvidados por el paso del tiempo.<\/p>\n\n\n\n<p>Y esa actividad de periodista, escritor e historiador de las cosas simples de la vida -siempre lo dec\u00eda- era lo que le permit\u00eda no aburrirse y \u00abmantenerse vivo\u00bb.<\/p>\n\n\n\n<p>Hoy nos toca despedirlo. Nos hubiera gustado que fuera de otra manera. Pero, a veces la vida nos sorprende. <\/p>\n\n\n\n<p>Nos quedan un mont\u00f3n de momentos compartidos, sus historias que revisitaremos en este portal de informaci\u00f3n y algunas charlas con caf\u00e9s y medialunas en el barcito de calle Catamarca.<\/p>\n\n\n\n<p>Nuestras sinceras condolencias a familiares y afectos. Compartimos el dolor de este momento.<\/p>\n\n\n\n<p>Gracias por todo \u201cJulai\u201d, hasta siempre.<\/p>\n\n\n\n<p><\/p>\n","protected":false},"excerpt":{"rendered":"<p>Hoy estamos tristes. Falleci\u00f3 un compa\u00f1ero, un colaborador, un amigo de mucho tiempo. Casi desde los inicios de este medio, cuando se publicaba en papel de manera semanal, Julio Alberto Ben\u00edtez nos cont\u00f3 historias de la ciudad, del pa\u00eds y del mundo con un estilo muy particular. En los \u00faltimos d\u00edas su estado de salud [&hellip;]<\/p>\n","protected":false},"author":6,"featured_media":41010,"comment_status":"open","ping_status":"open","sticky":false,"template":"","format":"standard","meta":{"site-sidebar-layout":"default","site-content-layout":"","ast-site-content-layout":"default","site-content-style":"default","site-sidebar-style":"default","ast-global-header-display":"","ast-banner-title-visibility":"","ast-main-header-display":"","ast-hfb-above-header-display":"","ast-hfb-below-header-display":"","ast-hfb-mobile-header-display":"","site-post-title":"","ast-breadcrumbs-content":"","ast-featured-img":"","footer-sml-layout":"","ast-disable-related-posts":"","theme-transparent-header-meta":"","adv-header-id-meta":"","stick-header-meta":"","header-above-stick-meta":"","header-main-stick-meta":"","header-below-stick-meta":"","astra-migrate-meta-layouts":"set","ast-page-background-enabled":"default","ast-page-background-meta":{"desktop":{"background-color":"","background-image":"","background-repeat":"repeat","background-position":"center center","background-size":"auto","background-attachment":"scroll","background-type":"","background-media":"","overlay-type":"","overlay-color":"","overlay-opacity":"","overlay-gradient":""},"tablet":{"background-color":"","background-image":"","background-repeat":"repeat","background-position":"center center","background-size":"auto","background-attachment":"scroll","background-type":"","background-media":"","overlay-type":"","overlay-color":"","overlay-opacity":"","overlay-gradient":""},"mobile":{"background-color":"","background-image":"","background-repeat":"repeat","background-position":"center center","background-size":"auto","background-attachment":"scroll","background-type":"","background-media":"","overlay-type":"","overlay-color":"","overlay-opacity":"","overlay-gradient":""}},"ast-content-background-meta":{"desktop":{"background-color":"var(--ast-global-color-5)","background-image":"","background-repeat":"repeat","background-position":"center center","background-size":"auto","background-attachment":"scroll","background-type":"","background-media":"","overlay-type":"","overlay-color":"","overlay-opacity":"","overlay-gradient":""},"tablet":{"background-color":"var(--ast-global-color-5)","background-image":"","background-repeat":"repeat","background-position":"center center","background-size":"auto","background-attachment":"scroll","background-type":"","background-media":"","overlay-type":"","overlay-color":"","overlay-opacity":"","overlay-gradient":""},"mobile":{"background-color":"var(--ast-global-color-5)","background-image":"","background-repeat":"repeat","background-position":"center center","background-size":"auto","background-attachment":"scroll","background-type":"","background-media":"","overlay-type":"","overlay-color":"","overlay-opacity":"","overlay-gradient":""}},"_jetpack_memberships_contains_paid_content":false,"_joinchat":[],"footnotes":""},"categories":[15302,3557,2],"tags":[261,1666],"class_list":["post-95165","post","type-post","status-publish","format-standard","has-post-thumbnail","hentry","category-destacado","category-tercera","category-villa-maria","tag-fallecimiento","tag-julio-benitez"],"yoast_head":"<!-- This site is optimized with the Yoast SEO plugin v26.8 - https:\/\/yoast.com\/product\/yoast-seo-wordpress\/ -->\n<title>Se nos fue don Julio Ben\u00edtez, hist\u00f3rico colaborador de EL REGIONAL - El Regional<\/title>\n<meta name=\"robots\" content=\"index, follow, max-snippet:-1, max-image-preview:large, max-video-preview:-1\" \/>\n<link rel=\"canonical\" href=\"https:\/\/elregionalvm.com.ar\/noticias-villa-maria\/se-nos-fue-don-julio-benitez-historico-colaborador-de-el-regional\/\" \/>\n<meta property=\"og:locale\" content=\"es_ES\" \/>\n<meta property=\"og:type\" content=\"article\" \/>\n<meta property=\"og:title\" content=\"Se nos fue don Julio Ben\u00edtez, hist\u00f3rico colaborador de EL REGIONAL - El Regional\" \/>\n<meta property=\"og:description\" content=\"Hoy estamos tristes. Falleci\u00f3 un compa\u00f1ero, un colaborador, un amigo de mucho tiempo. Casi desde los inicios de este medio, cuando se publicaba en papel de manera semanal, Julio Alberto Ben\u00edtez nos cont\u00f3 historias de la ciudad, del pa\u00eds y del mundo con un estilo muy particular. En los \u00faltimos d\u00edas su estado de salud [&hellip;]\" \/>\n<meta property=\"og:url\" content=\"https:\/\/elregionalvm.com.ar\/noticias-villa-maria\/se-nos-fue-don-julio-benitez-historico-colaborador-de-el-regional\/\" \/>\n<meta property=\"og:site_name\" content=\"El Regional\" \/>\n<meta property=\"article:publisher\" content=\"https:\/\/www.facebook.com\/elregionalvm\" \/>\n<meta property=\"article:published_time\" content=\"2024-06-16T15:43:26+00:00\" \/>\n<meta property=\"article:modified_time\" content=\"2024-06-18T01:45:28+00:00\" \/>\n<meta property=\"og:image\" content=\"https:\/\/elregionalvm.com.ar\/noticias-villa-maria\/wp-content\/uploads\/2021\/07\/Julio-Benitez-nuevo-libro-5-te-acordas-hermano.jpeg\" \/>\n\t<meta property=\"og:image:width\" content=\"1000\" \/>\n\t<meta property=\"og:image:height\" content=\"668\" \/>\n\t<meta property=\"og:image:type\" content=\"image\/jpeg\" \/>\n<meta name=\"author\" content=\"Germ\u00e1n Giacchero\" \/>\n<meta name=\"twitter:card\" content=\"summary_large_image\" \/>\n<meta name=\"twitter:creator\" content=\"@elregionalvm1\" \/>\n<meta name=\"twitter:site\" content=\"@elregionalvm1\" \/>\n<meta name=\"twitter:label1\" content=\"Escrito por\" \/>\n\t<meta name=\"twitter:data1\" content=\"Germ\u00e1n Giacchero\" \/>\n\t<meta name=\"twitter:label2\" content=\"Tiempo de lectura\" \/>\n\t<meta name=\"twitter:data2\" content=\"2 minutos\" \/>\n<script type=\"application\/ld+json\" class=\"yoast-schema-graph\">{\"@context\":\"https:\/\/schema.org\",\"@graph\":[{\"@type\":\"Article\",\"@id\":\"https:\/\/elregionalvm.com.ar\/noticias-villa-maria\/se-nos-fue-don-julio-benitez-historico-colaborador-de-el-regional\/#article\",\"isPartOf\":{\"@id\":\"https:\/\/elregionalvm.com.ar\/noticias-villa-maria\/se-nos-fue-don-julio-benitez-historico-colaborador-de-el-regional\/\"},\"author\":{\"name\":\"Germ\u00e1n Giacchero\",\"@id\":\"http:\/\/elregionalvm.com.ar\/noticias-villa-maria\/#\/schema\/person\/d5e4b04966154131701e52c45d3efec9\"},\"headline\":\"Se nos fue don Julio Ben\u00edtez, hist\u00f3rico colaborador de EL REGIONAL\",\"datePublished\":\"2024-06-16T15:43:26+00:00\",\"dateModified\":\"2024-06-18T01:45:28+00:00\",\"mainEntityOfPage\":{\"@id\":\"https:\/\/elregionalvm.com.ar\/noticias-villa-maria\/se-nos-fue-don-julio-benitez-historico-colaborador-de-el-regional\/\"},\"wordCount\":281,\"commentCount\":0,\"image\":{\"@id\":\"https:\/\/elregionalvm.com.ar\/noticias-villa-maria\/se-nos-fue-don-julio-benitez-historico-colaborador-de-el-regional\/#primaryimage\"},\"thumbnailUrl\":\"https:\/\/i0.wp.com\/elregionalvm.com.ar\/noticias-villa-maria\/wp-content\/uploads\/2021\/07\/Julio-Benitez-nuevo-libro-5-te-acordas-hermano.jpeg?fit=1000%2C668&ssl=1\",\"keywords\":[\"fallecimiento\",\"Julio Ben\u00edtez\"],\"articleSection\":[\"destacado\",\"tercera\",\"Villa Mar\u00eda\"],\"inLanguage\":\"es\",\"potentialAction\":[{\"@type\":\"CommentAction\",\"name\":\"Comment\",\"target\":[\"https:\/\/elregionalvm.com.ar\/noticias-villa-maria\/se-nos-fue-don-julio-benitez-historico-colaborador-de-el-regional\/#respond\"]}]},{\"@type\":\"WebPage\",\"@id\":\"https:\/\/elregionalvm.com.ar\/noticias-villa-maria\/se-nos-fue-don-julio-benitez-historico-colaborador-de-el-regional\/\",\"url\":\"https:\/\/elregionalvm.com.ar\/noticias-villa-maria\/se-nos-fue-don-julio-benitez-historico-colaborador-de-el-regional\/\",\"name\":\"Se nos fue don Julio Ben\u00edtez, hist\u00f3rico colaborador de EL REGIONAL - El Regional\",\"isPartOf\":{\"@id\":\"http:\/\/elregionalvm.com.ar\/noticias-villa-maria\/#website\"},\"primaryImageOfPage\":{\"@id\":\"https:\/\/elregionalvm.com.ar\/noticias-villa-maria\/se-nos-fue-don-julio-benitez-historico-colaborador-de-el-regional\/#primaryimage\"},\"image\":{\"@id\":\"https:\/\/elregionalvm.com.ar\/noticias-villa-maria\/se-nos-fue-don-julio-benitez-historico-colaborador-de-el-regional\/#primaryimage\"},\"thumbnailUrl\":\"https:\/\/i0.wp.com\/elregionalvm.com.ar\/noticias-villa-maria\/wp-content\/uploads\/2021\/07\/Julio-Benitez-nuevo-libro-5-te-acordas-hermano.jpeg?fit=1000%2C668&ssl=1\",\"datePublished\":\"2024-06-16T15:43:26+00:00\",\"dateModified\":\"2024-06-18T01:45:28+00:00\",\"author\":{\"@id\":\"http:\/\/elregionalvm.com.ar\/noticias-villa-maria\/#\/schema\/person\/d5e4b04966154131701e52c45d3efec9\"},\"breadcrumb\":{\"@id\":\"https:\/\/elregionalvm.com.ar\/noticias-villa-maria\/se-nos-fue-don-julio-benitez-historico-colaborador-de-el-regional\/#breadcrumb\"},\"inLanguage\":\"es\",\"potentialAction\":[{\"@type\":\"ReadAction\",\"target\":[\"https:\/\/elregionalvm.com.ar\/noticias-villa-maria\/se-nos-fue-don-julio-benitez-historico-colaborador-de-el-regional\/\"]}]},{\"@type\":\"ImageObject\",\"inLanguage\":\"es\",\"@id\":\"https:\/\/elregionalvm.com.ar\/noticias-villa-maria\/se-nos-fue-don-julio-benitez-historico-colaborador-de-el-regional\/#primaryimage\",\"url\":\"https:\/\/i0.wp.com\/elregionalvm.com.ar\/noticias-villa-maria\/wp-content\/uploads\/2021\/07\/Julio-Benitez-nuevo-libro-5-te-acordas-hermano.jpeg?fit=1000%2C668&ssl=1\",\"contentUrl\":\"https:\/\/i0.wp.com\/elregionalvm.com.ar\/noticias-villa-maria\/wp-content\/uploads\/2021\/07\/Julio-Benitez-nuevo-libro-5-te-acordas-hermano.jpeg?fit=1000%2C668&ssl=1\",\"width\":1000,\"height\":668},{\"@type\":\"BreadcrumbList\",\"@id\":\"https:\/\/elregionalvm.com.ar\/noticias-villa-maria\/se-nos-fue-don-julio-benitez-historico-colaborador-de-el-regional\/#breadcrumb\",\"itemListElement\":[{\"@type\":\"ListItem\",\"position\":1,\"name\":\"Portada\",\"item\":\"https:\/\/elregionalvm.com.ar\/noticias-villa-maria\/\"},{\"@type\":\"ListItem\",\"position\":2,\"name\":\"Se nos fue don Julio Ben\u00edtez, hist\u00f3rico colaborador de EL REGIONAL\"}]},{\"@type\":\"WebSite\",\"@id\":\"http:\/\/elregionalvm.com.ar\/noticias-villa-maria\/#website\",\"url\":\"http:\/\/elregionalvm.com.ar\/noticias-villa-maria\/\",\"name\":\"El Regional\",\"description\":\"Mucho m\u00e1s que informaci\u00f3n\",\"potentialAction\":[{\"@type\":\"SearchAction\",\"target\":{\"@type\":\"EntryPoint\",\"urlTemplate\":\"http:\/\/elregionalvm.com.ar\/noticias-villa-maria\/?s={search_term_string}\"},\"query-input\":{\"@type\":\"PropertyValueSpecification\",\"valueRequired\":true,\"valueName\":\"search_term_string\"}}],\"inLanguage\":\"es\"},{\"@type\":\"Person\",\"@id\":\"http:\/\/elregionalvm.com.ar\/noticias-villa-maria\/#\/schema\/person\/d5e4b04966154131701e52c45d3efec9\",\"name\":\"Germ\u00e1n Giacchero\",\"image\":{\"@type\":\"ImageObject\",\"inLanguage\":\"es\",\"@id\":\"http:\/\/elregionalvm.com.ar\/noticias-villa-maria\/#\/schema\/person\/image\/\",\"url\":\"https:\/\/secure.gravatar.com\/avatar\/fda163ba5ef0307ee5be9846e10f83b6e83d0cfb260d3b2464830318894c6b04?s=96&d=mm&r=g\",\"contentUrl\":\"https:\/\/secure.gravatar.com\/avatar\/fda163ba5ef0307ee5be9846e10f83b6e83d0cfb260d3b2464830318894c6b04?s=96&d=mm&r=g\",\"caption\":\"Germ\u00e1n Giacchero\"},\"url\":\"https:\/\/elregionalvm.com.ar\/noticias-villa-maria\/author\/germangiacchero\/\"}]}<\/script>\n<!-- \/ Yoast SEO plugin. -->","yoast_head_json":{"title":"Se nos fue don Julio Ben\u00edtez, hist\u00f3rico colaborador de EL REGIONAL - El Regional","robots":{"index":"index","follow":"follow","max-snippet":"max-snippet:-1","max-image-preview":"max-image-preview:large","max-video-preview":"max-video-preview:-1"},"canonical":"https:\/\/elregionalvm.com.ar\/noticias-villa-maria\/se-nos-fue-don-julio-benitez-historico-colaborador-de-el-regional\/","og_locale":"es_ES","og_type":"article","og_title":"Se nos fue don Julio Ben\u00edtez, hist\u00f3rico colaborador de EL REGIONAL - El Regional","og_description":"Hoy estamos tristes. Falleci\u00f3 un compa\u00f1ero, un colaborador, un amigo de mucho tiempo. Casi desde los inicios de este medio, cuando se publicaba en papel de manera semanal, Julio Alberto Ben\u00edtez nos cont\u00f3 historias de la ciudad, del pa\u00eds y del mundo con un estilo muy particular. En los \u00faltimos d\u00edas su estado de salud [&hellip;]","og_url":"https:\/\/elregionalvm.com.ar\/noticias-villa-maria\/se-nos-fue-don-julio-benitez-historico-colaborador-de-el-regional\/","og_site_name":"El Regional","article_publisher":"https:\/\/www.facebook.com\/elregionalvm","article_published_time":"2024-06-16T15:43:26+00:00","article_modified_time":"2024-06-18T01:45:28+00:00","og_image":[{"width":1000,"height":668,"url":"https:\/\/elregionalvm.com.ar\/noticias-villa-maria\/wp-content\/uploads\/2021\/07\/Julio-Benitez-nuevo-libro-5-te-acordas-hermano.jpeg","type":"image\/jpeg"}],"author":"Germ\u00e1n Giacchero","twitter_card":"summary_large_image","twitter_creator":"@elregionalvm1","twitter_site":"@elregionalvm1","twitter_misc":{"Escrito por":"Germ\u00e1n Giacchero","Tiempo de lectura":"2 minutos"},"schema":{"@context":"https:\/\/schema.org","@graph":[{"@type":"Article","@id":"https:\/\/elregionalvm.com.ar\/noticias-villa-maria\/se-nos-fue-don-julio-benitez-historico-colaborador-de-el-regional\/#article","isPartOf":{"@id":"https:\/\/elregionalvm.com.ar\/noticias-villa-maria\/se-nos-fue-don-julio-benitez-historico-colaborador-de-el-regional\/"},"author":{"name":"Germ\u00e1n Giacchero","@id":"http:\/\/elregionalvm.com.ar\/noticias-villa-maria\/#\/schema\/person\/d5e4b04966154131701e52c45d3efec9"},"headline":"Se nos fue don Julio Ben\u00edtez, hist\u00f3rico colaborador de EL REGIONAL","datePublished":"2024-06-16T15:43:26+00:00","dateModified":"2024-06-18T01:45:28+00:00","mainEntityOfPage":{"@id":"https:\/\/elregionalvm.com.ar\/noticias-villa-maria\/se-nos-fue-don-julio-benitez-historico-colaborador-de-el-regional\/"},"wordCount":281,"commentCount":0,"image":{"@id":"https:\/\/elregionalvm.com.ar\/noticias-villa-maria\/se-nos-fue-don-julio-benitez-historico-colaborador-de-el-regional\/#primaryimage"},"thumbnailUrl":"https:\/\/i0.wp.com\/elregionalvm.com.ar\/noticias-villa-maria\/wp-content\/uploads\/2021\/07\/Julio-Benitez-nuevo-libro-5-te-acordas-hermano.jpeg?fit=1000%2C668&ssl=1","keywords":["fallecimiento","Julio Ben\u00edtez"],"articleSection":["destacado","tercera","Villa Mar\u00eda"],"inLanguage":"es","potentialAction":[{"@type":"CommentAction","name":"Comment","target":["https:\/\/elregionalvm.com.ar\/noticias-villa-maria\/se-nos-fue-don-julio-benitez-historico-colaborador-de-el-regional\/#respond"]}]},{"@type":"WebPage","@id":"https:\/\/elregionalvm.com.ar\/noticias-villa-maria\/se-nos-fue-don-julio-benitez-historico-colaborador-de-el-regional\/","url":"https:\/\/elregionalvm.com.ar\/noticias-villa-maria\/se-nos-fue-don-julio-benitez-historico-colaborador-de-el-regional\/","name":"Se nos fue don Julio Ben\u00edtez, hist\u00f3rico colaborador de EL REGIONAL - El Regional","isPartOf":{"@id":"http:\/\/elregionalvm.com.ar\/noticias-villa-maria\/#website"},"primaryImageOfPage":{"@id":"https:\/\/elregionalvm.com.ar\/noticias-villa-maria\/se-nos-fue-don-julio-benitez-historico-colaborador-de-el-regional\/#primaryimage"},"image":{"@id":"https:\/\/elregionalvm.com.ar\/noticias-villa-maria\/se-nos-fue-don-julio-benitez-historico-colaborador-de-el-regional\/#primaryimage"},"thumbnailUrl":"https:\/\/i0.wp.com\/elregionalvm.com.ar\/noticias-villa-maria\/wp-content\/uploads\/2021\/07\/Julio-Benitez-nuevo-libro-5-te-acordas-hermano.jpeg?fit=1000%2C668&ssl=1","datePublished":"2024-06-16T15:43:26+00:00","dateModified":"2024-06-18T01:45:28+00:00","author":{"@id":"http:\/\/elregionalvm.com.ar\/noticias-villa-maria\/#\/schema\/person\/d5e4b04966154131701e52c45d3efec9"},"breadcrumb":{"@id":"https:\/\/elregionalvm.com.ar\/noticias-villa-maria\/se-nos-fue-don-julio-benitez-historico-colaborador-de-el-regional\/#breadcrumb"},"inLanguage":"es","potentialAction":[{"@type":"ReadAction","target":["https:\/\/elregionalvm.com.ar\/noticias-villa-maria\/se-nos-fue-don-julio-benitez-historico-colaborador-de-el-regional\/"]}]},{"@type":"ImageObject","inLanguage":"es","@id":"https:\/\/elregionalvm.com.ar\/noticias-villa-maria\/se-nos-fue-don-julio-benitez-historico-colaborador-de-el-regional\/#primaryimage","url":"https:\/\/i0.wp.com\/elregionalvm.com.ar\/noticias-villa-maria\/wp-content\/uploads\/2021\/07\/Julio-Benitez-nuevo-libro-5-te-acordas-hermano.jpeg?fit=1000%2C668&ssl=1","contentUrl":"https:\/\/i0.wp.com\/elregionalvm.com.ar\/noticias-villa-maria\/wp-content\/uploads\/2021\/07\/Julio-Benitez-nuevo-libro-5-te-acordas-hermano.jpeg?fit=1000%2C668&ssl=1","width":1000,"height":668},{"@type":"BreadcrumbList","@id":"https:\/\/elregionalvm.com.ar\/noticias-villa-maria\/se-nos-fue-don-julio-benitez-historico-colaborador-de-el-regional\/#breadcrumb","itemListElement":[{"@type":"ListItem","position":1,"name":"Portada","item":"https:\/\/elregionalvm.com.ar\/noticias-villa-maria\/"},{"@type":"ListItem","position":2,"name":"Se nos fue don Julio Ben\u00edtez, hist\u00f3rico colaborador de EL REGIONAL"}]},{"@type":"WebSite","@id":"http:\/\/elregionalvm.com.ar\/noticias-villa-maria\/#website","url":"http:\/\/elregionalvm.com.ar\/noticias-villa-maria\/","name":"El Regional","description":"Mucho m\u00e1s que informaci\u00f3n","potentialAction":[{"@type":"SearchAction","target":{"@type":"EntryPoint","urlTemplate":"http:\/\/elregionalvm.com.ar\/noticias-villa-maria\/?s={search_term_string}"},"query-input":{"@type":"PropertyValueSpecification","valueRequired":true,"valueName":"search_term_string"}}],"inLanguage":"es"},{"@type":"Person","@id":"http:\/\/elregionalvm.com.ar\/noticias-villa-maria\/#\/schema\/person\/d5e4b04966154131701e52c45d3efec9","name":"Germ\u00e1n Giacchero","image":{"@type":"ImageObject","inLanguage":"es","@id":"http:\/\/elregionalvm.com.ar\/noticias-villa-maria\/#\/schema\/person\/image\/","url":"https:\/\/secure.gravatar.com\/avatar\/fda163ba5ef0307ee5be9846e10f83b6e83d0cfb260d3b2464830318894c6b04?s=96&d=mm&r=g","contentUrl":"https:\/\/secure.gravatar.com\/avatar\/fda163ba5ef0307ee5be9846e10f83b6e83d0cfb260d3b2464830318894c6b04?s=96&d=mm&r=g","caption":"Germ\u00e1n Giacchero"},"url":"https:\/\/elregionalvm.com.ar\/noticias-villa-maria\/author\/germangiacchero\/"}]}},"jetpack_featured_media_url":"https:\/\/i0.wp.com\/elregionalvm.com.ar\/noticias-villa-maria\/wp-content\/uploads\/2021\/07\/Julio-Benitez-nuevo-libro-5-te-acordas-hermano.jpeg?fit=1000%2C668&ssl=1","jetpack_sharing_enabled":true,"_links":{"self":[{"href":"https:\/\/elregionalvm.com.ar\/noticias-villa-maria\/wp-json\/wp\/v2\/posts\/95165","targetHints":{"allow":["GET"]}}],"collection":[{"href":"https:\/\/elregionalvm.com.ar\/noticias-villa-maria\/wp-json\/wp\/v2\/posts"}],"about":[{"href":"https:\/\/elregionalvm.com.ar\/noticias-villa-maria\/wp-json\/wp\/v2\/types\/post"}],"author":[{"embeddable":true,"href":"https:\/\/elregionalvm.com.ar\/noticias-villa-maria\/wp-json\/wp\/v2\/users\/6"}],"replies":[{"embeddable":true,"href":"https:\/\/elregionalvm.com.ar\/noticias-villa-maria\/wp-json\/wp\/v2\/comments?post=95165"}],"version-history":[{"count":2,"href":"https:\/\/elregionalvm.com.ar\/noticias-villa-maria\/wp-json\/wp\/v2\/posts\/95165\/revisions"}],"predecessor-version":[{"id":95168,"href":"https:\/\/elregionalvm.com.ar\/noticias-villa-maria\/wp-json\/wp\/v2\/posts\/95165\/revisions\/95168"}],"wp:featuredmedia":[{"embeddable":true,"href":"https:\/\/elregionalvm.com.ar\/noticias-villa-maria\/wp-json\/wp\/v2\/media\/41010"}],"wp:attachment":[{"href":"https:\/\/elregionalvm.com.ar\/noticias-villa-maria\/wp-json\/wp\/v2\/media?parent=95165"}],"wp:term":[{"taxonomy":"category","embeddable":true,"href":"https:\/\/elregionalvm.com.ar\/noticias-villa-maria\/wp-json\/wp\/v2\/categories?post=95165"},{"taxonomy":"post_tag","embeddable":true,"href":"https:\/\/elregionalvm.com.ar\/noticias-villa-maria\/wp-json\/wp\/v2\/tags?post=95165"}],"curies":[{"name":"wp","href":"https:\/\/api.w.org\/{rel}","templated":true}]}}