{"id":95214,"date":"2024-06-18T01:18:26","date_gmt":"2024-06-18T01:18:26","guid":{"rendered":"https:\/\/elregionalvm.com.ar\/noticias-villa-maria\/?p=95214"},"modified":"2024-06-22T04:53:28","modified_gmt":"2024-06-22T04:53:28","slug":"historias-el-surgente-con-agua-termal-recuerdos-que-ensenan-y-dejan-huellas-en-nuestras-vidas","status":"publish","type":"post","link":"https:\/\/elregionalvm.com.ar\/noticias-villa-maria\/historias-el-surgente-con-agua-termal-recuerdos-que-ensenan-y-dejan-huellas-en-nuestras-vidas\/","title":{"rendered":"[Historias] El surgente con agua termal: Recuerdos que ense\u00f1an y dejan huellas en nuestras vidas"},"content":{"rendered":"\n<h3 class=\"wp-block-heading\"><strong>Don Omar Alberto Lombardi, alias \u201cPoroto\u201d, como otras tantas veces me dispensa un rato de su tiempo para escribir sobre experiencias de vida.<\/strong><\/h3>\n\n\n\n<p><\/p>\n\n\n\n<p>Poroto, en su andar, durante los a\u00f1os 1970 a 1971, con sus 10 a\u00f1itos relata que su padre, Modesto Omar Lombardi, y el Dr. Jos\u00e9 Antonio Pedernera, estaban trabajando en el Consejo Agrario Nacional, cuyas oficinas se encontraban en la calle Santa Fe, vecinos de la escuela Jos\u00e9 Ingenieros.<\/p>\n\n\n\n<p>La funci\u00f3n del mencionado Consejo era la de colonizar del Ej\u00e9rcito Argentino, form\u00e1ndose lotes como unidad econ\u00f3mica de 400 hect\u00e1reas para el campo General Soler situado en el departamento R\u00edo Cuarto, en Vicu\u00f1a Mackenna, sobre la ruta 7.<\/p>\n\n\n\n<p>Para este evento, se anotaban colonos desalojados por una ley de esa \u00e9poca. Esta hermosa estancia ten\u00eda una extensi\u00f3n de 24.000 hect\u00e1reas, de campos pintorescos, con variada fauna constituida por \u00f1and\u00faes, pumas, jabal\u00edes y vizcachas entre otras tantas especies.<\/p>\n\n\n\n<p><\/p>\n\n\n\n<figure class=\"wp-block-image size-full\"><img data-recalc-dims=\"1\" fetchpriority=\"high\" decoding=\"async\" width=\"702\" height=\"597\" src=\"https:\/\/i0.wp.com\/elregionalvm.com.ar\/noticias-villa-maria\/wp-content\/uploads\/2024\/06\/Hernan-Allasia-Poroto-Lombardi.jpeg?resize=702%2C597&#038;ssl=1\" alt=\"\" class=\"wp-image-95219\" srcset=\"https:\/\/i0.wp.com\/elregionalvm.com.ar\/noticias-villa-maria\/wp-content\/uploads\/2024\/06\/Hernan-Allasia-Poroto-Lombardi.jpeg?w=702&amp;ssl=1 702w, https:\/\/i0.wp.com\/elregionalvm.com.ar\/noticias-villa-maria\/wp-content\/uploads\/2024\/06\/Hernan-Allasia-Poroto-Lombardi.jpeg?resize=300%2C255&amp;ssl=1 300w\" sizes=\"(max-width: 702px) 100vw, 702px\" \/><figcaption class=\"wp-element-caption\"><em><strong>El encuentro con Poroto Lombardi (derecha).<\/strong><\/em><\/figcaption><\/figure>\n\n\n\n<p><\/p>\n\n\n\n<p>El administrador que estaba en General Soler fue trasladado al campo General Paz, en la zona de Ord\u00f3\u00f1ez, se apellidaba Moronta. \u201cTanto mi padre como el Dr. Pedernera, viajaban muy seguido hacia la zona, porque los campos de General Soler, se alquilaban para cosecha gruesa o pastaje; y durante la estad\u00eda hac\u00edan las tareas de pericias a los fines de inscribir a los colonos interesados en poseer alguna unidad econ\u00f3mica loteada\u201d.<\/p>\n\n\n\n<p><strong>El surgente con agua caliente<\/strong><\/p>\n\n\n\n<p>El querido Poroto, me narra, que la estancia ten\u00eda en el medio del campo un surgente, construido por los militares durante el a\u00f1o 1930, con una profundidad de perforaci\u00f3n de 300 metros y salida de agua caliente, 38 grados cent\u00edgrados, muy salada con existencia al d\u00eda de hoy.<\/p>\n\n\n\n<p>En el invierno, en d\u00edas muy fr\u00edos, cualidad de la zona, \u201cnosotros nos pon\u00edamos la malla y nos tir\u00e1bamos a la pileta\u201d, expresa Lombardi.<\/p>\n\n\n\n<p>El ca\u00f1o que transportaba el chorro de agua era de 4 \u00bd a 5 pulgadas; una imagen muy presente era que, faltando 1 km, m\u00e1s o menos, se pod\u00eda ver el vapor desprenderse de la pileta, comparable a lo logrado cuando se coloca una olla en el fuego, con agua.<\/p>\n\n\n\n<p>Era agua con bastante contenido de iodo y muy salobre. Como dato curioso, el efecto de tal composici\u00f3n en el agua, nunca se pudo controlar y romp\u00eda los flotantes; tampoco hab\u00eda llave de paso que regulase tan alta presi\u00f3n.<\/p>\n\n\n\n<p><\/p>\n\n\n\n<figure class=\"wp-block-image size-large\"><img data-recalc-dims=\"1\" decoding=\"async\" width=\"890\" height=\"1024\" src=\"https:\/\/i0.wp.com\/elregionalvm.com.ar\/noticias-villa-maria\/wp-content\/uploads\/2024\/06\/Recorte-Puntal-surgente-Vicuna.jpeg?resize=890%2C1024&#038;ssl=1\" alt=\"\" class=\"wp-image-95218\" srcset=\"https:\/\/i0.wp.com\/elregionalvm.com.ar\/noticias-villa-maria\/wp-content\/uploads\/2024\/06\/Recorte-Puntal-surgente-Vicuna.jpeg?resize=890%2C1024&amp;ssl=1 890w, https:\/\/i0.wp.com\/elregionalvm.com.ar\/noticias-villa-maria\/wp-content\/uploads\/2024\/06\/Recorte-Puntal-surgente-Vicuna.jpeg?resize=261%2C300&amp;ssl=1 261w, https:\/\/i0.wp.com\/elregionalvm.com.ar\/noticias-villa-maria\/wp-content\/uploads\/2024\/06\/Recorte-Puntal-surgente-Vicuna.jpeg?resize=768%2C883&amp;ssl=1 768w, https:\/\/i0.wp.com\/elregionalvm.com.ar\/noticias-villa-maria\/wp-content\/uploads\/2024\/06\/Recorte-Puntal-surgente-Vicuna.jpeg?w=1080&amp;ssl=1 1080w\" sizes=\"(max-width: 890px) 100vw, 890px\" \/><figcaption class=\"wp-element-caption\"><strong><em>Recorte period\u00edstico de 1997 (Puntal).<\/em><\/strong><\/figcaption><\/figure>\n\n\n\n<p><\/p>\n\n\n\n<p>\u201cTengo fotograf\u00edas y croquis del campo\u201d, dice Poroto, mientras lo coloca sobre la mesa en las que est\u00e1bamos reunidos desayunando.<\/p>\n\n\n\n<p>El agua de rebalse que sal\u00eda de la pileta termal, segu\u00eda su curso hasta llegar al R\u00edo Cuarto, pasando por estancias vecinas. Dice Omar: \u201cUna noche, un grupo de sembradores hac\u00edan campamento en ese lugar, rodeados de tamarindos y juncos; esa noche me qued\u00e9 en la casilla con ellos, esperando los chanchos y pumas que ven\u00edan al agua, pero nada pas\u00f3. Solo agarramos tres vizcachas, jajaja; fue el almuerzo para el d\u00eda siguiente\u201d.<\/p>\n\n\n\n<p>Siguiendo el di\u00e1logo, continu\u00f3: \u2018Hace un tiempo, con un amigo y colono con quien generamos una amistad muy profunda (que lamentablemente no lo tengo m\u00e1s), \u00e9l ten\u00eda el campo cerca del surgente y no metimos al agua\u201d.<\/p>\n\n\n\n<p>\u201cEn ese momento, las instalaciones ya estaban a cargo de la Municipalidad de Vicu\u00f1a Mackenna, con asadores, mesas, vestuarios, todo va cambiando. Tengo grandes recuerdos de esa estancia; fuimos varias veces con mi familia y disfrut\u00e9 mucho todo ello. Sin lugar a dudas, Mackenna, fue colonizando esa estancia hist\u00f3rica; fueron 53 familias a poblar esos campos. Creci\u00f3 mucho comercialmente el lugar\u201d.<\/p>\n\n\n\n<p>Siento y lo expresa el amigo Poroto Lombardi: \u201cLa verdad, quedan cosas pendientes y me emociona poder transmitirlo. Me parece que fue ayer. Esos campos fueron parte de mi inclinaci\u00f3n por el sector ganadero-agropecuario\u201d.<\/p>\n\n\n\n<p><\/p>\n\n\n\n<p><strong>Redacci\u00f3n, arreglos y fotograf\u00edas: Hern\u00e1n Allasia<\/strong><\/p>\n\n\n\n<p><\/p>\n\n\n\n<p><strong><em>Se adjunta imagen de nota: \u201cEl surgente se plantea como una alternativa tur\u00edstica\u201d- Puntal- fotograf\u00eda de 1997.<\/em><\/strong><\/p>\n","protected":false},"excerpt":{"rendered":"<p>Don Omar Alberto Lombardi, alias \u201cPoroto\u201d, como otras tantas veces me dispensa un rato de su tiempo para escribir sobre experiencias de vida. Poroto, en su andar, durante los a\u00f1os 1970 a 1971, con sus 10 a\u00f1itos relata que su padre, Modesto Omar Lombardi, y el Dr. Jos\u00e9 Antonio Pedernera, estaban trabajando en el Consejo [&hellip;]<\/p>\n","protected":false},"author":4,"featured_media":95220,"comment_status":"open","ping_status":"open","sticky":false,"template":"","format":"standard","meta":{"site-sidebar-layout":"default","site-content-layout":"","ast-site-content-layout":"default","site-content-style":"default","site-sidebar-style":"default","ast-global-header-display":"","ast-banner-title-visibility":"","ast-main-header-display":"","ast-hfb-above-header-display":"","ast-hfb-below-header-display":"","ast-hfb-mobile-header-display":"","site-post-title":"","ast-breadcrumbs-content":"","ast-featured-img":"","footer-sml-layout":"","ast-disable-related-posts":"","theme-transparent-header-meta":"","adv-header-id-meta":"","stick-header-meta":"","header-above-stick-meta":"","header-main-stick-meta":"","header-below-stick-meta":"","astra-migrate-meta-layouts":"set","ast-page-background-enabled":"default","ast-page-background-meta":{"desktop":{"background-color":"","background-image":"","background-repeat":"repeat","background-position":"center center","background-size":"auto","background-attachment":"scroll","background-type":"","background-media":"","overlay-type":"","overlay-color":"","overlay-opacity":"","overlay-gradient":""},"tablet":{"background-color":"","background-image":"","background-repeat":"repeat","background-position":"center center","background-size":"auto","background-attachment":"scroll","background-type":"","background-media":"","overlay-type":"","overlay-color":"","overlay-opacity":"","overlay-gradient":""},"mobile":{"background-color":"","background-image":"","background-repeat":"repeat","background-position":"center center","background-size":"auto","background-attachment":"scroll","background-type":"","background-media":"","overlay-type":"","overlay-color":"","overlay-opacity":"","overlay-gradient":""}},"ast-content-background-meta":{"desktop":{"background-color":"var(--ast-global-color-5)","background-image":"","background-repeat":"repeat","background-position":"center center","background-size":"auto","background-attachment":"scroll","background-type":"","background-media":"","overlay-type":"","overlay-color":"","overlay-opacity":"","overlay-gradient":""},"tablet":{"background-color":"var(--ast-global-color-5)","background-image":"","background-repeat":"repeat","background-position":"center center","background-size":"auto","background-attachment":"scroll","background-type":"","background-media":"","overlay-type":"","overlay-color":"","overlay-opacity":"","overlay-gradient":""},"mobile":{"background-color":"var(--ast-global-color-5)","background-image":"","background-repeat":"repeat","background-position":"center center","background-size":"auto","background-attachment":"scroll","background-type":"","background-media":"","overlay-type":"","overlay-color":"","overlay-opacity":"","overlay-gradient":""}},"_jetpack_memberships_contains_paid_content":false,"_joinchat":[],"footnotes":""},"categories":[2098,3557],"tags":[24098,24101,24102,24100,5347,24099,527,6100,24097,12341],"class_list":["post-95214","post","type-post","status-publish","format-standard","has-post-thumbnail","hentry","category-historias","category-tercera","tag-agua-termal","tag-estancia-la-reserva","tag-general-soler","tag-huellas","tag-infancia","tag-omar-alberto-lombardi","tag-recuerdos","tag-sur-de-cordoba","tag-surgente","tag-vicuna-mackenna"],"yoast_head":"<!-- This site is optimized with the Yoast SEO plugin v26.8 - https:\/\/yoast.com\/product\/yoast-seo-wordpress\/ -->\n<title>[Historias] El surgente con agua termal: Recuerdos que ense\u00f1an y dejan huellas en nuestras vidas - El Regional<\/title>\n<meta name=\"robots\" content=\"index, follow, max-snippet:-1, max-image-preview:large, max-video-preview:-1\" \/>\n<link rel=\"canonical\" href=\"https:\/\/elregionalvm.com.ar\/noticias-villa-maria\/historias-el-surgente-con-agua-termal-recuerdos-que-ensenan-y-dejan-huellas-en-nuestras-vidas\/\" \/>\n<meta property=\"og:locale\" content=\"es_ES\" \/>\n<meta property=\"og:type\" content=\"article\" \/>\n<meta property=\"og:title\" content=\"[Historias] El surgente con agua termal: Recuerdos que ense\u00f1an y dejan huellas en nuestras vidas - El Regional\" \/>\n<meta property=\"og:description\" content=\"Don Omar Alberto Lombardi, alias \u201cPoroto\u201d, como otras tantas veces me dispensa un rato de su tiempo para escribir sobre experiencias de vida. Poroto, en su andar, durante los a\u00f1os 1970 a 1971, con sus 10 a\u00f1itos relata que su padre, Modesto Omar Lombardi, y el Dr. Jos\u00e9 Antonio Pedernera, estaban trabajando en el Consejo [&hellip;]\" \/>\n<meta property=\"og:url\" content=\"https:\/\/elregionalvm.com.ar\/noticias-villa-maria\/historias-el-surgente-con-agua-termal-recuerdos-que-ensenan-y-dejan-huellas-en-nuestras-vidas\/\" \/>\n<meta property=\"og:site_name\" content=\"El Regional\" \/>\n<meta property=\"article:publisher\" content=\"https:\/\/www.facebook.com\/elregionalvm\" \/>\n<meta property=\"article:published_time\" content=\"2024-06-18T01:18:26+00:00\" \/>\n<meta property=\"article:modified_time\" content=\"2024-06-22T04:53:28+00:00\" \/>\n<meta property=\"og:image\" content=\"https:\/\/elregionalvm.com.ar\/noticias-villa-maria\/wp-content\/uploads\/2024\/06\/El-surgente-Vickuna-Mackenna.jpg\" \/>\n\t<meta property=\"og:image:width\" content=\"800\" \/>\n\t<meta property=\"og:image:height\" content=\"552\" \/>\n\t<meta property=\"og:image:type\" content=\"image\/jpeg\" \/>\n<meta name=\"author\" content=\"Contenidos El Regional\" \/>\n<meta name=\"twitter:card\" content=\"summary_large_image\" \/>\n<meta name=\"twitter:creator\" content=\"@elregionalvm1\" \/>\n<meta name=\"twitter:site\" content=\"@elregionalvm1\" \/>\n<meta name=\"twitter:label1\" content=\"Escrito por\" \/>\n\t<meta name=\"twitter:data1\" content=\"Contenidos El Regional\" \/>\n\t<meta name=\"twitter:label2\" content=\"Tiempo de lectura\" \/>\n\t<meta name=\"twitter:data2\" content=\"4 minutos\" \/>\n<script type=\"application\/ld+json\" class=\"yoast-schema-graph\">{\"@context\":\"https:\/\/schema.org\",\"@graph\":[{\"@type\":\"Article\",\"@id\":\"https:\/\/elregionalvm.com.ar\/noticias-villa-maria\/historias-el-surgente-con-agua-termal-recuerdos-que-ensenan-y-dejan-huellas-en-nuestras-vidas\/#article\",\"isPartOf\":{\"@id\":\"https:\/\/elregionalvm.com.ar\/noticias-villa-maria\/historias-el-surgente-con-agua-termal-recuerdos-que-ensenan-y-dejan-huellas-en-nuestras-vidas\/\"},\"author\":{\"name\":\"Contenidos El Regional\",\"@id\":\"http:\/\/elregionalvm.com.ar\/noticias-villa-maria\/#\/schema\/person\/a0fb9c422317faca23d50163151bc354\"},\"headline\":\"[Historias] El surgente con agua termal: Recuerdos que ense\u00f1an y dejan huellas en nuestras vidas\",\"datePublished\":\"2024-06-18T01:18:26+00:00\",\"dateModified\":\"2024-06-22T04:53:28+00:00\",\"mainEntityOfPage\":{\"@id\":\"https:\/\/elregionalvm.com.ar\/noticias-villa-maria\/historias-el-surgente-con-agua-termal-recuerdos-que-ensenan-y-dejan-huellas-en-nuestras-vidas\/\"},\"wordCount\":700,\"commentCount\":0,\"image\":{\"@id\":\"https:\/\/elregionalvm.com.ar\/noticias-villa-maria\/historias-el-surgente-con-agua-termal-recuerdos-que-ensenan-y-dejan-huellas-en-nuestras-vidas\/#primaryimage\"},\"thumbnailUrl\":\"https:\/\/i0.wp.com\/elregionalvm.com.ar\/noticias-villa-maria\/wp-content\/uploads\/2024\/06\/El-surgente-Vickuna-Mackenna.jpg?fit=800%2C552&ssl=1\",\"keywords\":[\"agua termal\",\"Estancia La Reserva\",\"General Soler\",\"huellas\",\"Infancia\",\"Omar Alberto Lombardi\",\"Recuerdos\",\"Sur de C\u00f3rdoba\",\"surgente\",\"Vicu\u00f1a Mackenna\"],\"articleSection\":[\"Historias\",\"tercera\"],\"inLanguage\":\"es\",\"potentialAction\":[{\"@type\":\"CommentAction\",\"name\":\"Comment\",\"target\":[\"https:\/\/elregionalvm.com.ar\/noticias-villa-maria\/historias-el-surgente-con-agua-termal-recuerdos-que-ensenan-y-dejan-huellas-en-nuestras-vidas\/#respond\"]}]},{\"@type\":\"WebPage\",\"@id\":\"https:\/\/elregionalvm.com.ar\/noticias-villa-maria\/historias-el-surgente-con-agua-termal-recuerdos-que-ensenan-y-dejan-huellas-en-nuestras-vidas\/\",\"url\":\"https:\/\/elregionalvm.com.ar\/noticias-villa-maria\/historias-el-surgente-con-agua-termal-recuerdos-que-ensenan-y-dejan-huellas-en-nuestras-vidas\/\",\"name\":\"[Historias] El surgente con agua termal: Recuerdos que ense\u00f1an y dejan huellas en nuestras vidas - El Regional\",\"isPartOf\":{\"@id\":\"http:\/\/elregionalvm.com.ar\/noticias-villa-maria\/#website\"},\"primaryImageOfPage\":{\"@id\":\"https:\/\/elregionalvm.com.ar\/noticias-villa-maria\/historias-el-surgente-con-agua-termal-recuerdos-que-ensenan-y-dejan-huellas-en-nuestras-vidas\/#primaryimage\"},\"image\":{\"@id\":\"https:\/\/elregionalvm.com.ar\/noticias-villa-maria\/historias-el-surgente-con-agua-termal-recuerdos-que-ensenan-y-dejan-huellas-en-nuestras-vidas\/#primaryimage\"},\"thumbnailUrl\":\"https:\/\/i0.wp.com\/elregionalvm.com.ar\/noticias-villa-maria\/wp-content\/uploads\/2024\/06\/El-surgente-Vickuna-Mackenna.jpg?fit=800%2C552&ssl=1\",\"datePublished\":\"2024-06-18T01:18:26+00:00\",\"dateModified\":\"2024-06-22T04:53:28+00:00\",\"author\":{\"@id\":\"http:\/\/elregionalvm.com.ar\/noticias-villa-maria\/#\/schema\/person\/a0fb9c422317faca23d50163151bc354\"},\"breadcrumb\":{\"@id\":\"https:\/\/elregionalvm.com.ar\/noticias-villa-maria\/historias-el-surgente-con-agua-termal-recuerdos-que-ensenan-y-dejan-huellas-en-nuestras-vidas\/#breadcrumb\"},\"inLanguage\":\"es\",\"potentialAction\":[{\"@type\":\"ReadAction\",\"target\":[\"https:\/\/elregionalvm.com.ar\/noticias-villa-maria\/historias-el-surgente-con-agua-termal-recuerdos-que-ensenan-y-dejan-huellas-en-nuestras-vidas\/\"]}]},{\"@type\":\"ImageObject\",\"inLanguage\":\"es\",\"@id\":\"https:\/\/elregionalvm.com.ar\/noticias-villa-maria\/historias-el-surgente-con-agua-termal-recuerdos-que-ensenan-y-dejan-huellas-en-nuestras-vidas\/#primaryimage\",\"url\":\"https:\/\/i0.wp.com\/elregionalvm.com.ar\/noticias-villa-maria\/wp-content\/uploads\/2024\/06\/El-surgente-Vickuna-Mackenna.jpg?fit=800%2C552&ssl=1\",\"contentUrl\":\"https:\/\/i0.wp.com\/elregionalvm.com.ar\/noticias-villa-maria\/wp-content\/uploads\/2024\/06\/El-surgente-Vickuna-Mackenna.jpg?fit=800%2C552&ssl=1\",\"width\":800,\"height\":552},{\"@type\":\"BreadcrumbList\",\"@id\":\"https:\/\/elregionalvm.com.ar\/noticias-villa-maria\/historias-el-surgente-con-agua-termal-recuerdos-que-ensenan-y-dejan-huellas-en-nuestras-vidas\/#breadcrumb\",\"itemListElement\":[{\"@type\":\"ListItem\",\"position\":1,\"name\":\"Portada\",\"item\":\"https:\/\/elregionalvm.com.ar\/noticias-villa-maria\/\"},{\"@type\":\"ListItem\",\"position\":2,\"name\":\"[Historias] El surgente con agua termal: Recuerdos que ense\u00f1an y dejan huellas en nuestras vidas\"}]},{\"@type\":\"WebSite\",\"@id\":\"http:\/\/elregionalvm.com.ar\/noticias-villa-maria\/#website\",\"url\":\"http:\/\/elregionalvm.com.ar\/noticias-villa-maria\/\",\"name\":\"El Regional\",\"description\":\"Mucho m\u00e1s que informaci\u00f3n\",\"potentialAction\":[{\"@type\":\"SearchAction\",\"target\":{\"@type\":\"EntryPoint\",\"urlTemplate\":\"http:\/\/elregionalvm.com.ar\/noticias-villa-maria\/?s={search_term_string}\"},\"query-input\":{\"@type\":\"PropertyValueSpecification\",\"valueRequired\":true,\"valueName\":\"search_term_string\"}}],\"inLanguage\":\"es\"},{\"@type\":\"Person\",\"@id\":\"http:\/\/elregionalvm.com.ar\/noticias-villa-maria\/#\/schema\/person\/a0fb9c422317faca23d50163151bc354\",\"name\":\"Contenidos El Regional\",\"image\":{\"@type\":\"ImageObject\",\"inLanguage\":\"es\",\"@id\":\"http:\/\/elregionalvm.com.ar\/noticias-villa-maria\/#\/schema\/person\/image\/\",\"url\":\"https:\/\/secure.gravatar.com\/avatar\/265b27cb2209af7bb3a1318f03305787d7981a5cc6e6cd08fe5a4ecdf99d4b48?s=96&d=mm&r=g\",\"contentUrl\":\"https:\/\/secure.gravatar.com\/avatar\/265b27cb2209af7bb3a1318f03305787d7981a5cc6e6cd08fe5a4ecdf99d4b48?s=96&d=mm&r=g\",\"caption\":\"Contenidos El Regional\"},\"url\":\"https:\/\/elregionalvm.com.ar\/noticias-villa-maria\/author\/contenido\/\"}]}<\/script>\n<!-- \/ Yoast SEO plugin. -->","yoast_head_json":{"title":"[Historias] El surgente con agua termal: Recuerdos que ense\u00f1an y dejan huellas en nuestras vidas - El Regional","robots":{"index":"index","follow":"follow","max-snippet":"max-snippet:-1","max-image-preview":"max-image-preview:large","max-video-preview":"max-video-preview:-1"},"canonical":"https:\/\/elregionalvm.com.ar\/noticias-villa-maria\/historias-el-surgente-con-agua-termal-recuerdos-que-ensenan-y-dejan-huellas-en-nuestras-vidas\/","og_locale":"es_ES","og_type":"article","og_title":"[Historias] El surgente con agua termal: Recuerdos que ense\u00f1an y dejan huellas en nuestras vidas - El Regional","og_description":"Don Omar Alberto Lombardi, alias \u201cPoroto\u201d, como otras tantas veces me dispensa un rato de su tiempo para escribir sobre experiencias de vida. Poroto, en su andar, durante los a\u00f1os 1970 a 1971, con sus 10 a\u00f1itos relata que su padre, Modesto Omar Lombardi, y el Dr. Jos\u00e9 Antonio Pedernera, estaban trabajando en el Consejo [&hellip;]","og_url":"https:\/\/elregionalvm.com.ar\/noticias-villa-maria\/historias-el-surgente-con-agua-termal-recuerdos-que-ensenan-y-dejan-huellas-en-nuestras-vidas\/","og_site_name":"El Regional","article_publisher":"https:\/\/www.facebook.com\/elregionalvm","article_published_time":"2024-06-18T01:18:26+00:00","article_modified_time":"2024-06-22T04:53:28+00:00","og_image":[{"width":800,"height":552,"url":"https:\/\/elregionalvm.com.ar\/noticias-villa-maria\/wp-content\/uploads\/2024\/06\/El-surgente-Vickuna-Mackenna.jpg","type":"image\/jpeg"}],"author":"Contenidos El Regional","twitter_card":"summary_large_image","twitter_creator":"@elregionalvm1","twitter_site":"@elregionalvm1","twitter_misc":{"Escrito por":"Contenidos El Regional","Tiempo de lectura":"4 minutos"},"schema":{"@context":"https:\/\/schema.org","@graph":[{"@type":"Article","@id":"https:\/\/elregionalvm.com.ar\/noticias-villa-maria\/historias-el-surgente-con-agua-termal-recuerdos-que-ensenan-y-dejan-huellas-en-nuestras-vidas\/#article","isPartOf":{"@id":"https:\/\/elregionalvm.com.ar\/noticias-villa-maria\/historias-el-surgente-con-agua-termal-recuerdos-que-ensenan-y-dejan-huellas-en-nuestras-vidas\/"},"author":{"name":"Contenidos El Regional","@id":"http:\/\/elregionalvm.com.ar\/noticias-villa-maria\/#\/schema\/person\/a0fb9c422317faca23d50163151bc354"},"headline":"[Historias] El surgente con agua termal: Recuerdos que ense\u00f1an y dejan huellas en nuestras vidas","datePublished":"2024-06-18T01:18:26+00:00","dateModified":"2024-06-22T04:53:28+00:00","mainEntityOfPage":{"@id":"https:\/\/elregionalvm.com.ar\/noticias-villa-maria\/historias-el-surgente-con-agua-termal-recuerdos-que-ensenan-y-dejan-huellas-en-nuestras-vidas\/"},"wordCount":700,"commentCount":0,"image":{"@id":"https:\/\/elregionalvm.com.ar\/noticias-villa-maria\/historias-el-surgente-con-agua-termal-recuerdos-que-ensenan-y-dejan-huellas-en-nuestras-vidas\/#primaryimage"},"thumbnailUrl":"https:\/\/i0.wp.com\/elregionalvm.com.ar\/noticias-villa-maria\/wp-content\/uploads\/2024\/06\/El-surgente-Vickuna-Mackenna.jpg?fit=800%2C552&ssl=1","keywords":["agua termal","Estancia La Reserva","General Soler","huellas","Infancia","Omar Alberto Lombardi","Recuerdos","Sur de C\u00f3rdoba","surgente","Vicu\u00f1a Mackenna"],"articleSection":["Historias","tercera"],"inLanguage":"es","potentialAction":[{"@type":"CommentAction","name":"Comment","target":["https:\/\/elregionalvm.com.ar\/noticias-villa-maria\/historias-el-surgente-con-agua-termal-recuerdos-que-ensenan-y-dejan-huellas-en-nuestras-vidas\/#respond"]}]},{"@type":"WebPage","@id":"https:\/\/elregionalvm.com.ar\/noticias-villa-maria\/historias-el-surgente-con-agua-termal-recuerdos-que-ensenan-y-dejan-huellas-en-nuestras-vidas\/","url":"https:\/\/elregionalvm.com.ar\/noticias-villa-maria\/historias-el-surgente-con-agua-termal-recuerdos-que-ensenan-y-dejan-huellas-en-nuestras-vidas\/","name":"[Historias] El surgente con agua termal: Recuerdos que ense\u00f1an y dejan huellas en nuestras vidas - El Regional","isPartOf":{"@id":"http:\/\/elregionalvm.com.ar\/noticias-villa-maria\/#website"},"primaryImageOfPage":{"@id":"https:\/\/elregionalvm.com.ar\/noticias-villa-maria\/historias-el-surgente-con-agua-termal-recuerdos-que-ensenan-y-dejan-huellas-en-nuestras-vidas\/#primaryimage"},"image":{"@id":"https:\/\/elregionalvm.com.ar\/noticias-villa-maria\/historias-el-surgente-con-agua-termal-recuerdos-que-ensenan-y-dejan-huellas-en-nuestras-vidas\/#primaryimage"},"thumbnailUrl":"https:\/\/i0.wp.com\/elregionalvm.com.ar\/noticias-villa-maria\/wp-content\/uploads\/2024\/06\/El-surgente-Vickuna-Mackenna.jpg?fit=800%2C552&ssl=1","datePublished":"2024-06-18T01:18:26+00:00","dateModified":"2024-06-22T04:53:28+00:00","author":{"@id":"http:\/\/elregionalvm.com.ar\/noticias-villa-maria\/#\/schema\/person\/a0fb9c422317faca23d50163151bc354"},"breadcrumb":{"@id":"https:\/\/elregionalvm.com.ar\/noticias-villa-maria\/historias-el-surgente-con-agua-termal-recuerdos-que-ensenan-y-dejan-huellas-en-nuestras-vidas\/#breadcrumb"},"inLanguage":"es","potentialAction":[{"@type":"ReadAction","target":["https:\/\/elregionalvm.com.ar\/noticias-villa-maria\/historias-el-surgente-con-agua-termal-recuerdos-que-ensenan-y-dejan-huellas-en-nuestras-vidas\/"]}]},{"@type":"ImageObject","inLanguage":"es","@id":"https:\/\/elregionalvm.com.ar\/noticias-villa-maria\/historias-el-surgente-con-agua-termal-recuerdos-que-ensenan-y-dejan-huellas-en-nuestras-vidas\/#primaryimage","url":"https:\/\/i0.wp.com\/elregionalvm.com.ar\/noticias-villa-maria\/wp-content\/uploads\/2024\/06\/El-surgente-Vickuna-Mackenna.jpg?fit=800%2C552&ssl=1","contentUrl":"https:\/\/i0.wp.com\/elregionalvm.com.ar\/noticias-villa-maria\/wp-content\/uploads\/2024\/06\/El-surgente-Vickuna-Mackenna.jpg?fit=800%2C552&ssl=1","width":800,"height":552},{"@type":"BreadcrumbList","@id":"https:\/\/elregionalvm.com.ar\/noticias-villa-maria\/historias-el-surgente-con-agua-termal-recuerdos-que-ensenan-y-dejan-huellas-en-nuestras-vidas\/#breadcrumb","itemListElement":[{"@type":"ListItem","position":1,"name":"Portada","item":"https:\/\/elregionalvm.com.ar\/noticias-villa-maria\/"},{"@type":"ListItem","position":2,"name":"[Historias] El surgente con agua termal: Recuerdos que ense\u00f1an y dejan huellas en nuestras vidas"}]},{"@type":"WebSite","@id":"http:\/\/elregionalvm.com.ar\/noticias-villa-maria\/#website","url":"http:\/\/elregionalvm.com.ar\/noticias-villa-maria\/","name":"El Regional","description":"Mucho m\u00e1s que informaci\u00f3n","potentialAction":[{"@type":"SearchAction","target":{"@type":"EntryPoint","urlTemplate":"http:\/\/elregionalvm.com.ar\/noticias-villa-maria\/?s={search_term_string}"},"query-input":{"@type":"PropertyValueSpecification","valueRequired":true,"valueName":"search_term_string"}}],"inLanguage":"es"},{"@type":"Person","@id":"http:\/\/elregionalvm.com.ar\/noticias-villa-maria\/#\/schema\/person\/a0fb9c422317faca23d50163151bc354","name":"Contenidos El Regional","image":{"@type":"ImageObject","inLanguage":"es","@id":"http:\/\/elregionalvm.com.ar\/noticias-villa-maria\/#\/schema\/person\/image\/","url":"https:\/\/secure.gravatar.com\/avatar\/265b27cb2209af7bb3a1318f03305787d7981a5cc6e6cd08fe5a4ecdf99d4b48?s=96&d=mm&r=g","contentUrl":"https:\/\/secure.gravatar.com\/avatar\/265b27cb2209af7bb3a1318f03305787d7981a5cc6e6cd08fe5a4ecdf99d4b48?s=96&d=mm&r=g","caption":"Contenidos El Regional"},"url":"https:\/\/elregionalvm.com.ar\/noticias-villa-maria\/author\/contenido\/"}]}},"jetpack_featured_media_url":"https:\/\/i0.wp.com\/elregionalvm.com.ar\/noticias-villa-maria\/wp-content\/uploads\/2024\/06\/El-surgente-Vickuna-Mackenna.jpg?fit=800%2C552&ssl=1","jetpack_sharing_enabled":true,"_links":{"self":[{"href":"https:\/\/elregionalvm.com.ar\/noticias-villa-maria\/wp-json\/wp\/v2\/posts\/95214","targetHints":{"allow":["GET"]}}],"collection":[{"href":"https:\/\/elregionalvm.com.ar\/noticias-villa-maria\/wp-json\/wp\/v2\/posts"}],"about":[{"href":"https:\/\/elregionalvm.com.ar\/noticias-villa-maria\/wp-json\/wp\/v2\/types\/post"}],"author":[{"embeddable":true,"href":"https:\/\/elregionalvm.com.ar\/noticias-villa-maria\/wp-json\/wp\/v2\/users\/4"}],"replies":[{"embeddable":true,"href":"https:\/\/elregionalvm.com.ar\/noticias-villa-maria\/wp-json\/wp\/v2\/comments?post=95214"}],"version-history":[{"count":4,"href":"https:\/\/elregionalvm.com.ar\/noticias-villa-maria\/wp-json\/wp\/v2\/posts\/95214\/revisions"}],"predecessor-version":[{"id":95222,"href":"https:\/\/elregionalvm.com.ar\/noticias-villa-maria\/wp-json\/wp\/v2\/posts\/95214\/revisions\/95222"}],"wp:featuredmedia":[{"embeddable":true,"href":"https:\/\/elregionalvm.com.ar\/noticias-villa-maria\/wp-json\/wp\/v2\/media\/95220"}],"wp:attachment":[{"href":"https:\/\/elregionalvm.com.ar\/noticias-villa-maria\/wp-json\/wp\/v2\/media?parent=95214"}],"wp:term":[{"taxonomy":"category","embeddable":true,"href":"https:\/\/elregionalvm.com.ar\/noticias-villa-maria\/wp-json\/wp\/v2\/categories?post=95214"},{"taxonomy":"post_tag","embeddable":true,"href":"https:\/\/elregionalvm.com.ar\/noticias-villa-maria\/wp-json\/wp\/v2\/tags?post=95214"}],"curies":[{"name":"wp","href":"https:\/\/api.w.org\/{rel}","templated":true}]}}