{"id":95226,"date":"2024-06-18T01:53:09","date_gmt":"2024-06-18T01:53:09","guid":{"rendered":"https:\/\/elregionalvm.com.ar\/noticias-villa-maria\/?p=95226"},"modified":"2024-06-18T01:53:11","modified_gmt":"2024-06-18T01:53:11","slug":"programa-patria-en-ocho-escuelas-realizaron-actividades-educativas-y-refuerzo-nutricional","status":"publish","type":"post","link":"https:\/\/elregionalvm.com.ar\/noticias-villa-maria\/programa-patria-en-ocho-escuelas-realizaron-actividades-educativas-y-refuerzo-nutricional\/","title":{"rendered":"Programa \u201cPatria\u201d en ocho escuelas: Realizaron actividades educativas y refuerzo nutricional"},"content":{"rendered":"\n<p>El Programa Municipal de Atenci\u00f3n Transdisciplinaria de Refuerzo para Infancias y Adolescencias (PATRIA), comenz\u00f3 a implementarse el pasado s\u00e1bado en ocho escuelas p\u00fablicas de la ciudad.<\/p>\n\n\n\n<p>La iniciativa se extender\u00e1 todos los s\u00e1bados hasta mediados de agosto.<\/p>\n\n\n\n<p>En este sentido, \u201cel gobierno municipal promueve el desarrollo humano de ni\u00f1os y ni\u00f1as en edad escolar, desde un enfoque integral que incluye refuerzo alimentario, actividades recreativas, educativas y culturales\u201d, se indic\u00f3 desde el municipio.<\/p>\n\n\n\n<p>\u00abEstamos muy felices ya que mil ni\u00f1os de ocho escuelas, de distintos barrios, se incorporan a este programa integral con una mirada social, deportiva, cultural y nutricional\u201d, expres\u00f3 el intendente Eduardo Accastello, en su visita a la Escuela Arturo M. Bas de barrio Las Playas.<\/p>\n\n\n\n<p>\u00abNo s\u00f3lo se trata del Paicor de los s\u00e1bados pagado por el municipio, adem\u00e1s trabajamos en la socializaci\u00f3n entre ellos y con los profes\u201d, acot\u00f3.<\/p>\n\n\n\n<p><\/p>\n\n\n\n<figure class=\"wp-block-image size-large\"><img data-recalc-dims=\"1\" fetchpriority=\"high\" decoding=\"async\" width=\"1024\" height=\"684\" src=\"https:\/\/i0.wp.com\/elregionalvm.com.ar\/noticias-villa-maria\/wp-content\/uploads\/2024\/06\/Programa-Patria-Paicor-escuela-Las-Playas-2.jpeg?resize=1024%2C684&#038;ssl=1\" alt=\"\" class=\"wp-image-95229\" srcset=\"https:\/\/i0.wp.com\/elregionalvm.com.ar\/noticias-villa-maria\/wp-content\/uploads\/2024\/06\/Programa-Patria-Paicor-escuela-Las-Playas-2.jpeg?resize=1024%2C684&amp;ssl=1 1024w, https:\/\/i0.wp.com\/elregionalvm.com.ar\/noticias-villa-maria\/wp-content\/uploads\/2024\/06\/Programa-Patria-Paicor-escuela-Las-Playas-2.jpeg?resize=300%2C200&amp;ssl=1 300w, https:\/\/i0.wp.com\/elregionalvm.com.ar\/noticias-villa-maria\/wp-content\/uploads\/2024\/06\/Programa-Patria-Paicor-escuela-Las-Playas-2.jpeg?resize=768%2C513&amp;ssl=1 768w, https:\/\/i0.wp.com\/elregionalvm.com.ar\/noticias-villa-maria\/wp-content\/uploads\/2024\/06\/Programa-Patria-Paicor-escuela-Las-Playas-2.jpeg?w=1280&amp;ssl=1 1280w\" sizes=\"(max-width: 1000px) 100vw, 1000px\" \/><\/figure>\n\n\n\n<p><\/p>\n\n\n\n<p>En forma simult\u00e1nea, el programa se desarrolla en las escuelas Sarmiento, 1\u00b0 de Mayo, Justo Jos\u00e9 de Urquiza, Juana Manso, Nicol\u00e1s Avellaneda, Arturo M. Bas, Jos\u00e9 Manuel Estrada y Rivadavia.<\/p>\n\n\n\n<p>La iniciativa se replicar\u00e1 los d\u00edas s\u00e1bados en las escuelas primarias.<\/p>\n","protected":false},"excerpt":{"rendered":"<p>El Programa Municipal de Atenci\u00f3n Transdisciplinaria de Refuerzo para Infancias y Adolescencias (PATRIA), comenz\u00f3 a implementarse el pasado s\u00e1bado en ocho escuelas p\u00fablicas de la ciudad. La iniciativa se extender\u00e1 todos los s\u00e1bados hasta mediados de agosto. En este sentido, \u201cel gobierno municipal promueve el desarrollo humano de ni\u00f1os y ni\u00f1as en edad escolar, desde [&hellip;]<\/p>\n","protected":false},"author":4,"featured_media":95228,"comment_status":"open","ping_status":"open","sticky":false,"template":"","format":"standard","meta":{"site-sidebar-layout":"default","site-content-layout":"","ast-site-content-layout":"default","site-content-style":"default","site-sidebar-style":"default","ast-global-header-display":"","ast-banner-title-visibility":"","ast-main-header-display":"","ast-hfb-above-header-display":"","ast-hfb-below-header-display":"","ast-hfb-mobile-header-display":"","site-post-title":"","ast-breadcrumbs-content":"","ast-featured-img":"","footer-sml-layout":"","ast-disable-related-posts":"","theme-transparent-header-meta":"","adv-header-id-meta":"","stick-header-meta":"","header-above-stick-meta":"","header-main-stick-meta":"","header-below-stick-meta":"","astra-migrate-meta-layouts":"set","ast-page-background-enabled":"default","ast-page-background-meta":{"desktop":{"background-color":"","background-image":"","background-repeat":"repeat","background-position":"center center","background-size":"auto","background-attachment":"scroll","background-type":"","background-media":"","overlay-type":"","overlay-color":"","overlay-opacity":"","overlay-gradient":""},"tablet":{"background-color":"","background-image":"","background-repeat":"repeat","background-position":"center center","background-size":"auto","background-attachment":"scroll","background-type":"","background-media":"","overlay-type":"","overlay-color":"","overlay-opacity":"","overlay-gradient":""},"mobile":{"background-color":"","background-image":"","background-repeat":"repeat","background-position":"center center","background-size":"auto","background-attachment":"scroll","background-type":"","background-media":"","overlay-type":"","overlay-color":"","overlay-opacity":"","overlay-gradient":""}},"ast-content-background-meta":{"desktop":{"background-color":"var(--ast-global-color-5)","background-image":"","background-repeat":"repeat","background-position":"center center","background-size":"auto","background-attachment":"scroll","background-type":"","background-media":"","overlay-type":"","overlay-color":"","overlay-opacity":"","overlay-gradient":""},"tablet":{"background-color":"var(--ast-global-color-5)","background-image":"","background-repeat":"repeat","background-position":"center center","background-size":"auto","background-attachment":"scroll","background-type":"","background-media":"","overlay-type":"","overlay-color":"","overlay-opacity":"","overlay-gradient":""},"mobile":{"background-color":"var(--ast-global-color-5)","background-image":"","background-repeat":"repeat","background-position":"center center","background-size":"auto","background-attachment":"scroll","background-type":"","background-media":"","overlay-type":"","overlay-color":"","overlay-opacity":"","overlay-gradient":""}},"_jetpack_memberships_contains_paid_content":false,"_joinchat":[],"footnotes":""},"categories":[15302,2],"tags":[24104,2038,4289,398,8378,543,24103],"class_list":["post-95226","post","type-post","status-publish","format-standard","has-post-thumbnail","hentry","category-destacado","category-villa-maria","tag-actividades-educativas","tag-eduardo-accastello","tag-escuelas","tag-ninos","tag-paicor","tag-patria","tag-refuerzo-nutricional"],"yoast_head":"<!-- This site is optimized with the Yoast SEO plugin v26.8 - https:\/\/yoast.com\/product\/yoast-seo-wordpress\/ -->\n<title>Programa \u201cPatria\u201d en ocho escuelas: Realizaron actividades educativas y refuerzo nutricional - El Regional<\/title>\n<meta name=\"robots\" content=\"index, follow, max-snippet:-1, max-image-preview:large, max-video-preview:-1\" \/>\n<link rel=\"canonical\" href=\"https:\/\/elregionalvm.com.ar\/noticias-villa-maria\/programa-patria-en-ocho-escuelas-realizaron-actividades-educativas-y-refuerzo-nutricional\/\" \/>\n<meta property=\"og:locale\" content=\"es_ES\" \/>\n<meta property=\"og:type\" content=\"article\" \/>\n<meta property=\"og:title\" content=\"Programa \u201cPatria\u201d en ocho escuelas: Realizaron actividades educativas y refuerzo nutricional - El Regional\" \/>\n<meta property=\"og:description\" content=\"El Programa Municipal de Atenci\u00f3n Transdisciplinaria de Refuerzo para Infancias y Adolescencias (PATRIA), comenz\u00f3 a implementarse el pasado s\u00e1bado en ocho escuelas p\u00fablicas de la ciudad. La iniciativa se extender\u00e1 todos los s\u00e1bados hasta mediados de agosto. En este sentido, \u201cel gobierno municipal promueve el desarrollo humano de ni\u00f1os y ni\u00f1as en edad escolar, desde [&hellip;]\" \/>\n<meta property=\"og:url\" content=\"https:\/\/elregionalvm.com.ar\/noticias-villa-maria\/programa-patria-en-ocho-escuelas-realizaron-actividades-educativas-y-refuerzo-nutricional\/\" \/>\n<meta property=\"og:site_name\" content=\"El Regional\" \/>\n<meta property=\"article:publisher\" content=\"https:\/\/www.facebook.com\/elregionalvm\" \/>\n<meta property=\"article:published_time\" content=\"2024-06-18T01:53:09+00:00\" \/>\n<meta property=\"article:modified_time\" content=\"2024-06-18T01:53:11+00:00\" \/>\n<meta property=\"og:image\" content=\"https:\/\/elregionalvm.com.ar\/noticias-villa-maria\/wp-content\/uploads\/2024\/06\/Programa-Patria-Paicor-escuela-Las-Playas.jpeg\" \/>\n\t<meta property=\"og:image:width\" content=\"1280\" \/>\n\t<meta property=\"og:image:height\" content=\"855\" \/>\n\t<meta property=\"og:image:type\" content=\"image\/jpeg\" \/>\n<meta name=\"author\" content=\"Contenidos El Regional\" \/>\n<meta name=\"twitter:card\" content=\"summary_large_image\" \/>\n<meta name=\"twitter:creator\" content=\"@elregionalvm1\" \/>\n<meta name=\"twitter:site\" content=\"@elregionalvm1\" \/>\n<meta name=\"twitter:label1\" content=\"Escrito por\" \/>\n\t<meta name=\"twitter:data1\" content=\"Contenidos El Regional\" \/>\n\t<meta name=\"twitter:label2\" content=\"Tiempo de lectura\" \/>\n\t<meta name=\"twitter:data2\" content=\"2 minutos\" \/>\n<script type=\"application\/ld+json\" class=\"yoast-schema-graph\">{\"@context\":\"https:\/\/schema.org\",\"@graph\":[{\"@type\":\"Article\",\"@id\":\"https:\/\/elregionalvm.com.ar\/noticias-villa-maria\/programa-patria-en-ocho-escuelas-realizaron-actividades-educativas-y-refuerzo-nutricional\/#article\",\"isPartOf\":{\"@id\":\"https:\/\/elregionalvm.com.ar\/noticias-villa-maria\/programa-patria-en-ocho-escuelas-realizaron-actividades-educativas-y-refuerzo-nutricional\/\"},\"author\":{\"name\":\"Contenidos El Regional\",\"@id\":\"http:\/\/elregionalvm.com.ar\/noticias-villa-maria\/#\/schema\/person\/a0fb9c422317faca23d50163151bc354\"},\"headline\":\"Programa \u201cPatria\u201d en ocho escuelas: Realizaron actividades educativas y refuerzo nutricional\",\"datePublished\":\"2024-06-18T01:53:09+00:00\",\"dateModified\":\"2024-06-18T01:53:11+00:00\",\"mainEntityOfPage\":{\"@id\":\"https:\/\/elregionalvm.com.ar\/noticias-villa-maria\/programa-patria-en-ocho-escuelas-realizaron-actividades-educativas-y-refuerzo-nutricional\/\"},\"wordCount\":208,\"commentCount\":0,\"image\":{\"@id\":\"https:\/\/elregionalvm.com.ar\/noticias-villa-maria\/programa-patria-en-ocho-escuelas-realizaron-actividades-educativas-y-refuerzo-nutricional\/#primaryimage\"},\"thumbnailUrl\":\"https:\/\/i0.wp.com\/elregionalvm.com.ar\/noticias-villa-maria\/wp-content\/uploads\/2024\/06\/Programa-Patria-Paicor-escuela-Las-Playas.jpeg?fit=1280%2C855&ssl=1\",\"keywords\":[\"actividades educativas\",\"Eduardo Accastello\",\"escuelas\",\"ni\u00f1os\",\"Paicor\",\"Patria\",\"refuerzo nutricional\"],\"articleSection\":[\"destacado\",\"Villa Mar\u00eda\"],\"inLanguage\":\"es\",\"potentialAction\":[{\"@type\":\"CommentAction\",\"name\":\"Comment\",\"target\":[\"https:\/\/elregionalvm.com.ar\/noticias-villa-maria\/programa-patria-en-ocho-escuelas-realizaron-actividades-educativas-y-refuerzo-nutricional\/#respond\"]}]},{\"@type\":\"WebPage\",\"@id\":\"https:\/\/elregionalvm.com.ar\/noticias-villa-maria\/programa-patria-en-ocho-escuelas-realizaron-actividades-educativas-y-refuerzo-nutricional\/\",\"url\":\"https:\/\/elregionalvm.com.ar\/noticias-villa-maria\/programa-patria-en-ocho-escuelas-realizaron-actividades-educativas-y-refuerzo-nutricional\/\",\"name\":\"Programa \u201cPatria\u201d en ocho escuelas: Realizaron actividades educativas y refuerzo nutricional - El Regional\",\"isPartOf\":{\"@id\":\"http:\/\/elregionalvm.com.ar\/noticias-villa-maria\/#website\"},\"primaryImageOfPage\":{\"@id\":\"https:\/\/elregionalvm.com.ar\/noticias-villa-maria\/programa-patria-en-ocho-escuelas-realizaron-actividades-educativas-y-refuerzo-nutricional\/#primaryimage\"},\"image\":{\"@id\":\"https:\/\/elregionalvm.com.ar\/noticias-villa-maria\/programa-patria-en-ocho-escuelas-realizaron-actividades-educativas-y-refuerzo-nutricional\/#primaryimage\"},\"thumbnailUrl\":\"https:\/\/i0.wp.com\/elregionalvm.com.ar\/noticias-villa-maria\/wp-content\/uploads\/2024\/06\/Programa-Patria-Paicor-escuela-Las-Playas.jpeg?fit=1280%2C855&ssl=1\",\"datePublished\":\"2024-06-18T01:53:09+00:00\",\"dateModified\":\"2024-06-18T01:53:11+00:00\",\"author\":{\"@id\":\"http:\/\/elregionalvm.com.ar\/noticias-villa-maria\/#\/schema\/person\/a0fb9c422317faca23d50163151bc354\"},\"breadcrumb\":{\"@id\":\"https:\/\/elregionalvm.com.ar\/noticias-villa-maria\/programa-patria-en-ocho-escuelas-realizaron-actividades-educativas-y-refuerzo-nutricional\/#breadcrumb\"},\"inLanguage\":\"es\",\"potentialAction\":[{\"@type\":\"ReadAction\",\"target\":[\"https:\/\/elregionalvm.com.ar\/noticias-villa-maria\/programa-patria-en-ocho-escuelas-realizaron-actividades-educativas-y-refuerzo-nutricional\/\"]}]},{\"@type\":\"ImageObject\",\"inLanguage\":\"es\",\"@id\":\"https:\/\/elregionalvm.com.ar\/noticias-villa-maria\/programa-patria-en-ocho-escuelas-realizaron-actividades-educativas-y-refuerzo-nutricional\/#primaryimage\",\"url\":\"https:\/\/i0.wp.com\/elregionalvm.com.ar\/noticias-villa-maria\/wp-content\/uploads\/2024\/06\/Programa-Patria-Paicor-escuela-Las-Playas.jpeg?fit=1280%2C855&ssl=1\",\"contentUrl\":\"https:\/\/i0.wp.com\/elregionalvm.com.ar\/noticias-villa-maria\/wp-content\/uploads\/2024\/06\/Programa-Patria-Paicor-escuela-Las-Playas.jpeg?fit=1280%2C855&ssl=1\",\"width\":1280,\"height\":855},{\"@type\":\"BreadcrumbList\",\"@id\":\"https:\/\/elregionalvm.com.ar\/noticias-villa-maria\/programa-patria-en-ocho-escuelas-realizaron-actividades-educativas-y-refuerzo-nutricional\/#breadcrumb\",\"itemListElement\":[{\"@type\":\"ListItem\",\"position\":1,\"name\":\"Portada\",\"item\":\"https:\/\/elregionalvm.com.ar\/noticias-villa-maria\/\"},{\"@type\":\"ListItem\",\"position\":2,\"name\":\"Programa \u201cPatria\u201d en ocho escuelas: Realizaron actividades educativas y refuerzo nutricional\"}]},{\"@type\":\"WebSite\",\"@id\":\"http:\/\/elregionalvm.com.ar\/noticias-villa-maria\/#website\",\"url\":\"http:\/\/elregionalvm.com.ar\/noticias-villa-maria\/\",\"name\":\"El Regional\",\"description\":\"Mucho m\u00e1s que informaci\u00f3n\",\"potentialAction\":[{\"@type\":\"SearchAction\",\"target\":{\"@type\":\"EntryPoint\",\"urlTemplate\":\"http:\/\/elregionalvm.com.ar\/noticias-villa-maria\/?s={search_term_string}\"},\"query-input\":{\"@type\":\"PropertyValueSpecification\",\"valueRequired\":true,\"valueName\":\"search_term_string\"}}],\"inLanguage\":\"es\"},{\"@type\":\"Person\",\"@id\":\"http:\/\/elregionalvm.com.ar\/noticias-villa-maria\/#\/schema\/person\/a0fb9c422317faca23d50163151bc354\",\"name\":\"Contenidos El Regional\",\"image\":{\"@type\":\"ImageObject\",\"inLanguage\":\"es\",\"@id\":\"http:\/\/elregionalvm.com.ar\/noticias-villa-maria\/#\/schema\/person\/image\/\",\"url\":\"https:\/\/secure.gravatar.com\/avatar\/265b27cb2209af7bb3a1318f03305787d7981a5cc6e6cd08fe5a4ecdf99d4b48?s=96&d=mm&r=g\",\"contentUrl\":\"https:\/\/secure.gravatar.com\/avatar\/265b27cb2209af7bb3a1318f03305787d7981a5cc6e6cd08fe5a4ecdf99d4b48?s=96&d=mm&r=g\",\"caption\":\"Contenidos El Regional\"},\"url\":\"https:\/\/elregionalvm.com.ar\/noticias-villa-maria\/author\/contenido\/\"}]}<\/script>\n<!-- \/ Yoast SEO plugin. -->","yoast_head_json":{"title":"Programa \u201cPatria\u201d en ocho escuelas: Realizaron actividades educativas y refuerzo nutricional - El Regional","robots":{"index":"index","follow":"follow","max-snippet":"max-snippet:-1","max-image-preview":"max-image-preview:large","max-video-preview":"max-video-preview:-1"},"canonical":"https:\/\/elregionalvm.com.ar\/noticias-villa-maria\/programa-patria-en-ocho-escuelas-realizaron-actividades-educativas-y-refuerzo-nutricional\/","og_locale":"es_ES","og_type":"article","og_title":"Programa \u201cPatria\u201d en ocho escuelas: Realizaron actividades educativas y refuerzo nutricional - El Regional","og_description":"El Programa Municipal de Atenci\u00f3n Transdisciplinaria de Refuerzo para Infancias y Adolescencias (PATRIA), comenz\u00f3 a implementarse el pasado s\u00e1bado en ocho escuelas p\u00fablicas de la ciudad. La iniciativa se extender\u00e1 todos los s\u00e1bados hasta mediados de agosto. En este sentido, \u201cel gobierno municipal promueve el desarrollo humano de ni\u00f1os y ni\u00f1as en edad escolar, desde [&hellip;]","og_url":"https:\/\/elregionalvm.com.ar\/noticias-villa-maria\/programa-patria-en-ocho-escuelas-realizaron-actividades-educativas-y-refuerzo-nutricional\/","og_site_name":"El Regional","article_publisher":"https:\/\/www.facebook.com\/elregionalvm","article_published_time":"2024-06-18T01:53:09+00:00","article_modified_time":"2024-06-18T01:53:11+00:00","og_image":[{"width":1280,"height":855,"url":"https:\/\/elregionalvm.com.ar\/noticias-villa-maria\/wp-content\/uploads\/2024\/06\/Programa-Patria-Paicor-escuela-Las-Playas.jpeg","type":"image\/jpeg"}],"author":"Contenidos El Regional","twitter_card":"summary_large_image","twitter_creator":"@elregionalvm1","twitter_site":"@elregionalvm1","twitter_misc":{"Escrito por":"Contenidos El Regional","Tiempo de lectura":"2 minutos"},"schema":{"@context":"https:\/\/schema.org","@graph":[{"@type":"Article","@id":"https:\/\/elregionalvm.com.ar\/noticias-villa-maria\/programa-patria-en-ocho-escuelas-realizaron-actividades-educativas-y-refuerzo-nutricional\/#article","isPartOf":{"@id":"https:\/\/elregionalvm.com.ar\/noticias-villa-maria\/programa-patria-en-ocho-escuelas-realizaron-actividades-educativas-y-refuerzo-nutricional\/"},"author":{"name":"Contenidos El Regional","@id":"http:\/\/elregionalvm.com.ar\/noticias-villa-maria\/#\/schema\/person\/a0fb9c422317faca23d50163151bc354"},"headline":"Programa \u201cPatria\u201d en ocho escuelas: Realizaron actividades educativas y refuerzo nutricional","datePublished":"2024-06-18T01:53:09+00:00","dateModified":"2024-06-18T01:53:11+00:00","mainEntityOfPage":{"@id":"https:\/\/elregionalvm.com.ar\/noticias-villa-maria\/programa-patria-en-ocho-escuelas-realizaron-actividades-educativas-y-refuerzo-nutricional\/"},"wordCount":208,"commentCount":0,"image":{"@id":"https:\/\/elregionalvm.com.ar\/noticias-villa-maria\/programa-patria-en-ocho-escuelas-realizaron-actividades-educativas-y-refuerzo-nutricional\/#primaryimage"},"thumbnailUrl":"https:\/\/i0.wp.com\/elregionalvm.com.ar\/noticias-villa-maria\/wp-content\/uploads\/2024\/06\/Programa-Patria-Paicor-escuela-Las-Playas.jpeg?fit=1280%2C855&ssl=1","keywords":["actividades educativas","Eduardo Accastello","escuelas","ni\u00f1os","Paicor","Patria","refuerzo nutricional"],"articleSection":["destacado","Villa Mar\u00eda"],"inLanguage":"es","potentialAction":[{"@type":"CommentAction","name":"Comment","target":["https:\/\/elregionalvm.com.ar\/noticias-villa-maria\/programa-patria-en-ocho-escuelas-realizaron-actividades-educativas-y-refuerzo-nutricional\/#respond"]}]},{"@type":"WebPage","@id":"https:\/\/elregionalvm.com.ar\/noticias-villa-maria\/programa-patria-en-ocho-escuelas-realizaron-actividades-educativas-y-refuerzo-nutricional\/","url":"https:\/\/elregionalvm.com.ar\/noticias-villa-maria\/programa-patria-en-ocho-escuelas-realizaron-actividades-educativas-y-refuerzo-nutricional\/","name":"Programa \u201cPatria\u201d en ocho escuelas: Realizaron actividades educativas y refuerzo nutricional - El Regional","isPartOf":{"@id":"http:\/\/elregionalvm.com.ar\/noticias-villa-maria\/#website"},"primaryImageOfPage":{"@id":"https:\/\/elregionalvm.com.ar\/noticias-villa-maria\/programa-patria-en-ocho-escuelas-realizaron-actividades-educativas-y-refuerzo-nutricional\/#primaryimage"},"image":{"@id":"https:\/\/elregionalvm.com.ar\/noticias-villa-maria\/programa-patria-en-ocho-escuelas-realizaron-actividades-educativas-y-refuerzo-nutricional\/#primaryimage"},"thumbnailUrl":"https:\/\/i0.wp.com\/elregionalvm.com.ar\/noticias-villa-maria\/wp-content\/uploads\/2024\/06\/Programa-Patria-Paicor-escuela-Las-Playas.jpeg?fit=1280%2C855&ssl=1","datePublished":"2024-06-18T01:53:09+00:00","dateModified":"2024-06-18T01:53:11+00:00","author":{"@id":"http:\/\/elregionalvm.com.ar\/noticias-villa-maria\/#\/schema\/person\/a0fb9c422317faca23d50163151bc354"},"breadcrumb":{"@id":"https:\/\/elregionalvm.com.ar\/noticias-villa-maria\/programa-patria-en-ocho-escuelas-realizaron-actividades-educativas-y-refuerzo-nutricional\/#breadcrumb"},"inLanguage":"es","potentialAction":[{"@type":"ReadAction","target":["https:\/\/elregionalvm.com.ar\/noticias-villa-maria\/programa-patria-en-ocho-escuelas-realizaron-actividades-educativas-y-refuerzo-nutricional\/"]}]},{"@type":"ImageObject","inLanguage":"es","@id":"https:\/\/elregionalvm.com.ar\/noticias-villa-maria\/programa-patria-en-ocho-escuelas-realizaron-actividades-educativas-y-refuerzo-nutricional\/#primaryimage","url":"https:\/\/i0.wp.com\/elregionalvm.com.ar\/noticias-villa-maria\/wp-content\/uploads\/2024\/06\/Programa-Patria-Paicor-escuela-Las-Playas.jpeg?fit=1280%2C855&ssl=1","contentUrl":"https:\/\/i0.wp.com\/elregionalvm.com.ar\/noticias-villa-maria\/wp-content\/uploads\/2024\/06\/Programa-Patria-Paicor-escuela-Las-Playas.jpeg?fit=1280%2C855&ssl=1","width":1280,"height":855},{"@type":"BreadcrumbList","@id":"https:\/\/elregionalvm.com.ar\/noticias-villa-maria\/programa-patria-en-ocho-escuelas-realizaron-actividades-educativas-y-refuerzo-nutricional\/#breadcrumb","itemListElement":[{"@type":"ListItem","position":1,"name":"Portada","item":"https:\/\/elregionalvm.com.ar\/noticias-villa-maria\/"},{"@type":"ListItem","position":2,"name":"Programa \u201cPatria\u201d en ocho escuelas: Realizaron actividades educativas y refuerzo nutricional"}]},{"@type":"WebSite","@id":"http:\/\/elregionalvm.com.ar\/noticias-villa-maria\/#website","url":"http:\/\/elregionalvm.com.ar\/noticias-villa-maria\/","name":"El Regional","description":"Mucho m\u00e1s que informaci\u00f3n","potentialAction":[{"@type":"SearchAction","target":{"@type":"EntryPoint","urlTemplate":"http:\/\/elregionalvm.com.ar\/noticias-villa-maria\/?s={search_term_string}"},"query-input":{"@type":"PropertyValueSpecification","valueRequired":true,"valueName":"search_term_string"}}],"inLanguage":"es"},{"@type":"Person","@id":"http:\/\/elregionalvm.com.ar\/noticias-villa-maria\/#\/schema\/person\/a0fb9c422317faca23d50163151bc354","name":"Contenidos El Regional","image":{"@type":"ImageObject","inLanguage":"es","@id":"http:\/\/elregionalvm.com.ar\/noticias-villa-maria\/#\/schema\/person\/image\/","url":"https:\/\/secure.gravatar.com\/avatar\/265b27cb2209af7bb3a1318f03305787d7981a5cc6e6cd08fe5a4ecdf99d4b48?s=96&d=mm&r=g","contentUrl":"https:\/\/secure.gravatar.com\/avatar\/265b27cb2209af7bb3a1318f03305787d7981a5cc6e6cd08fe5a4ecdf99d4b48?s=96&d=mm&r=g","caption":"Contenidos El Regional"},"url":"https:\/\/elregionalvm.com.ar\/noticias-villa-maria\/author\/contenido\/"}]}},"jetpack_featured_media_url":"https:\/\/i0.wp.com\/elregionalvm.com.ar\/noticias-villa-maria\/wp-content\/uploads\/2024\/06\/Programa-Patria-Paicor-escuela-Las-Playas.jpeg?fit=1280%2C855&ssl=1","jetpack_sharing_enabled":true,"_links":{"self":[{"href":"https:\/\/elregionalvm.com.ar\/noticias-villa-maria\/wp-json\/wp\/v2\/posts\/95226","targetHints":{"allow":["GET"]}}],"collection":[{"href":"https:\/\/elregionalvm.com.ar\/noticias-villa-maria\/wp-json\/wp\/v2\/posts"}],"about":[{"href":"https:\/\/elregionalvm.com.ar\/noticias-villa-maria\/wp-json\/wp\/v2\/types\/post"}],"author":[{"embeddable":true,"href":"https:\/\/elregionalvm.com.ar\/noticias-villa-maria\/wp-json\/wp\/v2\/users\/4"}],"replies":[{"embeddable":true,"href":"https:\/\/elregionalvm.com.ar\/noticias-villa-maria\/wp-json\/wp\/v2\/comments?post=95226"}],"version-history":[{"count":2,"href":"https:\/\/elregionalvm.com.ar\/noticias-villa-maria\/wp-json\/wp\/v2\/posts\/95226\/revisions"}],"predecessor-version":[{"id":95230,"href":"https:\/\/elregionalvm.com.ar\/noticias-villa-maria\/wp-json\/wp\/v2\/posts\/95226\/revisions\/95230"}],"wp:featuredmedia":[{"embeddable":true,"href":"https:\/\/elregionalvm.com.ar\/noticias-villa-maria\/wp-json\/wp\/v2\/media\/95228"}],"wp:attachment":[{"href":"https:\/\/elregionalvm.com.ar\/noticias-villa-maria\/wp-json\/wp\/v2\/media?parent=95226"}],"wp:term":[{"taxonomy":"category","embeddable":true,"href":"https:\/\/elregionalvm.com.ar\/noticias-villa-maria\/wp-json\/wp\/v2\/categories?post=95226"},{"taxonomy":"post_tag","embeddable":true,"href":"https:\/\/elregionalvm.com.ar\/noticias-villa-maria\/wp-json\/wp\/v2\/tags?post=95226"}],"curies":[{"name":"wp","href":"https:\/\/api.w.org\/{rel}","templated":true}]}}