{"id":95231,"date":"2024-06-18T02:01:26","date_gmt":"2024-06-18T02:01:26","guid":{"rendered":"https:\/\/elregionalvm.com.ar\/noticias-villa-maria\/?p=95231"},"modified":"2024-06-18T02:12:45","modified_gmt":"2024-06-18T02:12:45","slug":"finde-largo-mas-de-250-mil-turistas-visitaron-la-provincia-de-cordoba","status":"publish","type":"post","link":"https:\/\/elregionalvm.com.ar\/noticias-villa-maria\/finde-largo-mas-de-250-mil-turistas-visitaron-la-provincia-de-cordoba\/","title":{"rendered":"\u00abFinde\u00bb largo: M\u00e1s de 250 mil turistas visitaron la provincia de C\u00f3rdoba"},"content":{"rendered":"\n<p>\u201cEste fin de semana y pese a la coyuntura econ\u00f3mica y una fecha especial como la del d\u00eda del padre fue bien positivo: tuvimos m\u00e1s de 250 mil personas que eligieron a la ciudad y los distintos valles de la provincia para descansar o pasear\u201d, expres\u00f3 el presidente de la Agencia C\u00f3rdoba Turismo, Dar\u00edo Capitani.<\/p>\n\n\n\n<p>\u201cSi a eso le sumamos a quienes salen de paseo y regresan en el mismo d\u00eda, es decir, no duermen ni se alojan en ning\u00fan lugar, el n\u00famero total asciende a 500 mil\u201d, agreg\u00f3 el funcionario.<\/p>\n\n\n\n<p>Mientras tanto, con gran expectativa se prepara la provincia de C\u00f3rdoba de cara al pr\u00f3ximo fin de semana extralargo que se viene. \u201cProyectamos una ocupaci\u00f3n total -solo con monitoreo de reservas previas- de m\u00e1s del 80%\u201d, anticip\u00f3 Capitani.<\/p>\n\n\n\n<p>De cara al fin de semana que viene, en la previa, los n\u00fameros son \u201cm\u00e1s que alentadores\u201d, defini\u00f3 Capitani. Por caso, el Valle de Punilla registra hoy m\u00e1s del 75% de reservas, Calamuchita un 79%, y Traslasierras -al igual que las Sierras Chicas- un 75%.<\/p>\n\n\n\n<p>\u201cCon el lanzamiento de la temporada de invierno vamos a darle continuidad a la pol\u00edtica tur\u00edstica que lleva adelante el gobierno provincial. Tenemos ofertas de todo tipo y color durante el invierno; y -por ejemplo- la posibilidad de que los cordobeses puedan sumarse con importantes beneficios en estad\u00eda hoteler\u00eda y entretenimientos utilizando la tarjeta cordobesa\u201d, finaliz\u00f3.<\/p>\n","protected":false},"excerpt":{"rendered":"<p>\u201cEste fin de semana y pese a la coyuntura econ\u00f3mica y una fecha especial como la del d\u00eda del padre fue bien positivo: tuvimos m\u00e1s de 250 mil personas que eligieron a la ciudad y los distintos valles de la provincia para descansar o pasear\u201d, expres\u00f3 el presidente de la Agencia C\u00f3rdoba Turismo, Dar\u00edo Capitani. [&hellip;]<\/p>\n","protected":false},"author":4,"featured_media":95232,"comment_status":"open","ping_status":"open","sticky":false,"template":"","format":"standard","meta":{"site-sidebar-layout":"default","site-content-layout":"","ast-site-content-layout":"default","site-content-style":"default","site-sidebar-style":"default","ast-global-header-display":"","ast-banner-title-visibility":"","ast-main-header-display":"","ast-hfb-above-header-display":"","ast-hfb-below-header-display":"","ast-hfb-mobile-header-display":"","site-post-title":"","ast-breadcrumbs-content":"","ast-featured-img":"","footer-sml-layout":"","ast-disable-related-posts":"","theme-transparent-header-meta":"","adv-header-id-meta":"","stick-header-meta":"","header-above-stick-meta":"","header-main-stick-meta":"","header-below-stick-meta":"","astra-migrate-meta-layouts":"set","ast-page-background-enabled":"default","ast-page-background-meta":{"desktop":{"background-color":"","background-image":"","background-repeat":"repeat","background-position":"center center","background-size":"auto","background-attachment":"scroll","background-type":"","background-media":"","overlay-type":"","overlay-color":"","overlay-opacity":"","overlay-gradient":""},"tablet":{"background-color":"","background-image":"","background-repeat":"repeat","background-position":"center center","background-size":"auto","background-attachment":"scroll","background-type":"","background-media":"","overlay-type":"","overlay-color":"","overlay-opacity":"","overlay-gradient":""},"mobile":{"background-color":"","background-image":"","background-repeat":"repeat","background-position":"center center","background-size":"auto","background-attachment":"scroll","background-type":"","background-media":"","overlay-type":"","overlay-color":"","overlay-opacity":"","overlay-gradient":""}},"ast-content-background-meta":{"desktop":{"background-color":"var(--ast-global-color-5)","background-image":"","background-repeat":"repeat","background-position":"center center","background-size":"auto","background-attachment":"scroll","background-type":"","background-media":"","overlay-type":"","overlay-color":"","overlay-opacity":"","overlay-gradient":""},"tablet":{"background-color":"var(--ast-global-color-5)","background-image":"","background-repeat":"repeat","background-position":"center center","background-size":"auto","background-attachment":"scroll","background-type":"","background-media":"","overlay-type":"","overlay-color":"","overlay-opacity":"","overlay-gradient":""},"mobile":{"background-color":"var(--ast-global-color-5)","background-image":"","background-repeat":"repeat","background-position":"center center","background-size":"auto","background-attachment":"scroll","background-type":"","background-media":"","overlay-type":"","overlay-color":"","overlay-opacity":"","overlay-gradient":""}},"_jetpack_memberships_contains_paid_content":false,"_joinchat":[],"footnotes":""},"categories":[15302,16095],"tags":[322,9726,7135,1507,14002,1235,1647,517],"class_list":["post-95231","post","type-post","status-publish","format-standard","has-post-thumbnail","hentry","category-destacado","category-provinciales","tag-cordoba","tag-dario-capitani","tag-fin-de-semana-largo","tag-invierno","tag-sierras","tag-temporada","tag-turismo","tag-visitas"],"yoast_head":"<!-- This site is optimized with the Yoast SEO plugin v26.8 - https:\/\/yoast.com\/product\/yoast-seo-wordpress\/ -->\n<title>&quot;Finde&quot; largo: M\u00e1s de 250 mil turistas visitaron la provincia de C\u00f3rdoba - El Regional<\/title>\n<meta name=\"robots\" content=\"index, follow, max-snippet:-1, max-image-preview:large, max-video-preview:-1\" \/>\n<link rel=\"canonical\" href=\"https:\/\/elregionalvm.com.ar\/noticias-villa-maria\/finde-largo-mas-de-250-mil-turistas-visitaron-la-provincia-de-cordoba\/\" \/>\n<meta property=\"og:locale\" content=\"es_ES\" \/>\n<meta property=\"og:type\" content=\"article\" \/>\n<meta property=\"og:title\" content=\"&quot;Finde&quot; largo: M\u00e1s de 250 mil turistas visitaron la provincia de C\u00f3rdoba - El Regional\" \/>\n<meta property=\"og:description\" content=\"\u201cEste fin de semana y pese a la coyuntura econ\u00f3mica y una fecha especial como la del d\u00eda del padre fue bien positivo: tuvimos m\u00e1s de 250 mil personas que eligieron a la ciudad y los distintos valles de la provincia para descansar o pasear\u201d, expres\u00f3 el presidente de la Agencia C\u00f3rdoba Turismo, Dar\u00edo Capitani. [&hellip;]\" \/>\n<meta property=\"og:url\" content=\"https:\/\/elregionalvm.com.ar\/noticias-villa-maria\/finde-largo-mas-de-250-mil-turistas-visitaron-la-provincia-de-cordoba\/\" \/>\n<meta property=\"og:site_name\" content=\"El Regional\" \/>\n<meta property=\"article:publisher\" content=\"https:\/\/www.facebook.com\/elregionalvm\" \/>\n<meta property=\"article:published_time\" content=\"2024-06-18T02:01:26+00:00\" \/>\n<meta property=\"article:modified_time\" content=\"2024-06-18T02:12:45+00:00\" \/>\n<meta property=\"og:image\" content=\"https:\/\/elregionalvm.com.ar\/noticias-villa-maria\/wp-content\/uploads\/2024\/06\/Sierras-Cordoba-andando-a-caballo.jpg\" \/>\n\t<meta property=\"og:image:width\" content=\"990\" \/>\n\t<meta property=\"og:image:height\" content=\"660\" \/>\n\t<meta property=\"og:image:type\" content=\"image\/jpeg\" \/>\n<meta name=\"author\" content=\"Contenidos El Regional\" \/>\n<meta name=\"twitter:card\" content=\"summary_large_image\" \/>\n<meta name=\"twitter:creator\" content=\"@elregionalvm1\" \/>\n<meta name=\"twitter:site\" content=\"@elregionalvm1\" \/>\n<meta name=\"twitter:label1\" content=\"Escrito por\" \/>\n\t<meta name=\"twitter:data1\" content=\"Contenidos El Regional\" \/>\n\t<meta name=\"twitter:label2\" content=\"Tiempo de lectura\" \/>\n\t<meta name=\"twitter:data2\" content=\"2 minutos\" \/>\n<script type=\"application\/ld+json\" class=\"yoast-schema-graph\">{\"@context\":\"https:\/\/schema.org\",\"@graph\":[{\"@type\":\"Article\",\"@id\":\"https:\/\/elregionalvm.com.ar\/noticias-villa-maria\/finde-largo-mas-de-250-mil-turistas-visitaron-la-provincia-de-cordoba\/#article\",\"isPartOf\":{\"@id\":\"https:\/\/elregionalvm.com.ar\/noticias-villa-maria\/finde-largo-mas-de-250-mil-turistas-visitaron-la-provincia-de-cordoba\/\"},\"author\":{\"name\":\"Contenidos El Regional\",\"@id\":\"http:\/\/elregionalvm.com.ar\/noticias-villa-maria\/#\/schema\/person\/a0fb9c422317faca23d50163151bc354\"},\"headline\":\"\u00abFinde\u00bb largo: M\u00e1s de 250 mil turistas visitaron la provincia de C\u00f3rdoba\",\"datePublished\":\"2024-06-18T02:01:26+00:00\",\"dateModified\":\"2024-06-18T02:12:45+00:00\",\"mainEntityOfPage\":{\"@id\":\"https:\/\/elregionalvm.com.ar\/noticias-villa-maria\/finde-largo-mas-de-250-mil-turistas-visitaron-la-provincia-de-cordoba\/\"},\"wordCount\":256,\"commentCount\":0,\"image\":{\"@id\":\"https:\/\/elregionalvm.com.ar\/noticias-villa-maria\/finde-largo-mas-de-250-mil-turistas-visitaron-la-provincia-de-cordoba\/#primaryimage\"},\"thumbnailUrl\":\"https:\/\/i0.wp.com\/elregionalvm.com.ar\/noticias-villa-maria\/wp-content\/uploads\/2024\/06\/Sierras-Cordoba-andando-a-caballo.jpg?fit=990%2C660&ssl=1\",\"keywords\":[\"c\u00f3rdoba\",\"Dar\u00edo Capitani\",\"fin de semana largo\",\"invierno\",\"sierras\",\"temporada\",\"turismo\",\"Visitas\"],\"articleSection\":[\"destacado\",\"Provinciales\"],\"inLanguage\":\"es\",\"potentialAction\":[{\"@type\":\"CommentAction\",\"name\":\"Comment\",\"target\":[\"https:\/\/elregionalvm.com.ar\/noticias-villa-maria\/finde-largo-mas-de-250-mil-turistas-visitaron-la-provincia-de-cordoba\/#respond\"]}]},{\"@type\":\"WebPage\",\"@id\":\"https:\/\/elregionalvm.com.ar\/noticias-villa-maria\/finde-largo-mas-de-250-mil-turistas-visitaron-la-provincia-de-cordoba\/\",\"url\":\"https:\/\/elregionalvm.com.ar\/noticias-villa-maria\/finde-largo-mas-de-250-mil-turistas-visitaron-la-provincia-de-cordoba\/\",\"name\":\"\\\"Finde\\\" largo: M\u00e1s de 250 mil turistas visitaron la provincia de C\u00f3rdoba - El Regional\",\"isPartOf\":{\"@id\":\"http:\/\/elregionalvm.com.ar\/noticias-villa-maria\/#website\"},\"primaryImageOfPage\":{\"@id\":\"https:\/\/elregionalvm.com.ar\/noticias-villa-maria\/finde-largo-mas-de-250-mil-turistas-visitaron-la-provincia-de-cordoba\/#primaryimage\"},\"image\":{\"@id\":\"https:\/\/elregionalvm.com.ar\/noticias-villa-maria\/finde-largo-mas-de-250-mil-turistas-visitaron-la-provincia-de-cordoba\/#primaryimage\"},\"thumbnailUrl\":\"https:\/\/i0.wp.com\/elregionalvm.com.ar\/noticias-villa-maria\/wp-content\/uploads\/2024\/06\/Sierras-Cordoba-andando-a-caballo.jpg?fit=990%2C660&ssl=1\",\"datePublished\":\"2024-06-18T02:01:26+00:00\",\"dateModified\":\"2024-06-18T02:12:45+00:00\",\"author\":{\"@id\":\"http:\/\/elregionalvm.com.ar\/noticias-villa-maria\/#\/schema\/person\/a0fb9c422317faca23d50163151bc354\"},\"breadcrumb\":{\"@id\":\"https:\/\/elregionalvm.com.ar\/noticias-villa-maria\/finde-largo-mas-de-250-mil-turistas-visitaron-la-provincia-de-cordoba\/#breadcrumb\"},\"inLanguage\":\"es\",\"potentialAction\":[{\"@type\":\"ReadAction\",\"target\":[\"https:\/\/elregionalvm.com.ar\/noticias-villa-maria\/finde-largo-mas-de-250-mil-turistas-visitaron-la-provincia-de-cordoba\/\"]}]},{\"@type\":\"ImageObject\",\"inLanguage\":\"es\",\"@id\":\"https:\/\/elregionalvm.com.ar\/noticias-villa-maria\/finde-largo-mas-de-250-mil-turistas-visitaron-la-provincia-de-cordoba\/#primaryimage\",\"url\":\"https:\/\/i0.wp.com\/elregionalvm.com.ar\/noticias-villa-maria\/wp-content\/uploads\/2024\/06\/Sierras-Cordoba-andando-a-caballo.jpg?fit=990%2C660&ssl=1\",\"contentUrl\":\"https:\/\/i0.wp.com\/elregionalvm.com.ar\/noticias-villa-maria\/wp-content\/uploads\/2024\/06\/Sierras-Cordoba-andando-a-caballo.jpg?fit=990%2C660&ssl=1\",\"width\":990,\"height\":660},{\"@type\":\"BreadcrumbList\",\"@id\":\"https:\/\/elregionalvm.com.ar\/noticias-villa-maria\/finde-largo-mas-de-250-mil-turistas-visitaron-la-provincia-de-cordoba\/#breadcrumb\",\"itemListElement\":[{\"@type\":\"ListItem\",\"position\":1,\"name\":\"Portada\",\"item\":\"https:\/\/elregionalvm.com.ar\/noticias-villa-maria\/\"},{\"@type\":\"ListItem\",\"position\":2,\"name\":\"\u00abFinde\u00bb largo: M\u00e1s de 250 mil turistas visitaron la provincia de C\u00f3rdoba\"}]},{\"@type\":\"WebSite\",\"@id\":\"http:\/\/elregionalvm.com.ar\/noticias-villa-maria\/#website\",\"url\":\"http:\/\/elregionalvm.com.ar\/noticias-villa-maria\/\",\"name\":\"El Regional\",\"description\":\"Mucho m\u00e1s que informaci\u00f3n\",\"potentialAction\":[{\"@type\":\"SearchAction\",\"target\":{\"@type\":\"EntryPoint\",\"urlTemplate\":\"http:\/\/elregionalvm.com.ar\/noticias-villa-maria\/?s={search_term_string}\"},\"query-input\":{\"@type\":\"PropertyValueSpecification\",\"valueRequired\":true,\"valueName\":\"search_term_string\"}}],\"inLanguage\":\"es\"},{\"@type\":\"Person\",\"@id\":\"http:\/\/elregionalvm.com.ar\/noticias-villa-maria\/#\/schema\/person\/a0fb9c422317faca23d50163151bc354\",\"name\":\"Contenidos El Regional\",\"image\":{\"@type\":\"ImageObject\",\"inLanguage\":\"es\",\"@id\":\"http:\/\/elregionalvm.com.ar\/noticias-villa-maria\/#\/schema\/person\/image\/\",\"url\":\"https:\/\/secure.gravatar.com\/avatar\/265b27cb2209af7bb3a1318f03305787d7981a5cc6e6cd08fe5a4ecdf99d4b48?s=96&d=mm&r=g\",\"contentUrl\":\"https:\/\/secure.gravatar.com\/avatar\/265b27cb2209af7bb3a1318f03305787d7981a5cc6e6cd08fe5a4ecdf99d4b48?s=96&d=mm&r=g\",\"caption\":\"Contenidos El Regional\"},\"url\":\"https:\/\/elregionalvm.com.ar\/noticias-villa-maria\/author\/contenido\/\"}]}<\/script>\n<!-- \/ Yoast SEO plugin. -->","yoast_head_json":{"title":"\"Finde\" largo: M\u00e1s de 250 mil turistas visitaron la provincia de C\u00f3rdoba - El Regional","robots":{"index":"index","follow":"follow","max-snippet":"max-snippet:-1","max-image-preview":"max-image-preview:large","max-video-preview":"max-video-preview:-1"},"canonical":"https:\/\/elregionalvm.com.ar\/noticias-villa-maria\/finde-largo-mas-de-250-mil-turistas-visitaron-la-provincia-de-cordoba\/","og_locale":"es_ES","og_type":"article","og_title":"\"Finde\" largo: M\u00e1s de 250 mil turistas visitaron la provincia de C\u00f3rdoba - El Regional","og_description":"\u201cEste fin de semana y pese a la coyuntura econ\u00f3mica y una fecha especial como la del d\u00eda del padre fue bien positivo: tuvimos m\u00e1s de 250 mil personas que eligieron a la ciudad y los distintos valles de la provincia para descansar o pasear\u201d, expres\u00f3 el presidente de la Agencia C\u00f3rdoba Turismo, Dar\u00edo Capitani. [&hellip;]","og_url":"https:\/\/elregionalvm.com.ar\/noticias-villa-maria\/finde-largo-mas-de-250-mil-turistas-visitaron-la-provincia-de-cordoba\/","og_site_name":"El Regional","article_publisher":"https:\/\/www.facebook.com\/elregionalvm","article_published_time":"2024-06-18T02:01:26+00:00","article_modified_time":"2024-06-18T02:12:45+00:00","og_image":[{"width":990,"height":660,"url":"https:\/\/elregionalvm.com.ar\/noticias-villa-maria\/wp-content\/uploads\/2024\/06\/Sierras-Cordoba-andando-a-caballo.jpg","type":"image\/jpeg"}],"author":"Contenidos El Regional","twitter_card":"summary_large_image","twitter_creator":"@elregionalvm1","twitter_site":"@elregionalvm1","twitter_misc":{"Escrito por":"Contenidos El Regional","Tiempo de lectura":"2 minutos"},"schema":{"@context":"https:\/\/schema.org","@graph":[{"@type":"Article","@id":"https:\/\/elregionalvm.com.ar\/noticias-villa-maria\/finde-largo-mas-de-250-mil-turistas-visitaron-la-provincia-de-cordoba\/#article","isPartOf":{"@id":"https:\/\/elregionalvm.com.ar\/noticias-villa-maria\/finde-largo-mas-de-250-mil-turistas-visitaron-la-provincia-de-cordoba\/"},"author":{"name":"Contenidos El Regional","@id":"http:\/\/elregionalvm.com.ar\/noticias-villa-maria\/#\/schema\/person\/a0fb9c422317faca23d50163151bc354"},"headline":"\u00abFinde\u00bb largo: M\u00e1s de 250 mil turistas visitaron la provincia de C\u00f3rdoba","datePublished":"2024-06-18T02:01:26+00:00","dateModified":"2024-06-18T02:12:45+00:00","mainEntityOfPage":{"@id":"https:\/\/elregionalvm.com.ar\/noticias-villa-maria\/finde-largo-mas-de-250-mil-turistas-visitaron-la-provincia-de-cordoba\/"},"wordCount":256,"commentCount":0,"image":{"@id":"https:\/\/elregionalvm.com.ar\/noticias-villa-maria\/finde-largo-mas-de-250-mil-turistas-visitaron-la-provincia-de-cordoba\/#primaryimage"},"thumbnailUrl":"https:\/\/i0.wp.com\/elregionalvm.com.ar\/noticias-villa-maria\/wp-content\/uploads\/2024\/06\/Sierras-Cordoba-andando-a-caballo.jpg?fit=990%2C660&ssl=1","keywords":["c\u00f3rdoba","Dar\u00edo Capitani","fin de semana largo","invierno","sierras","temporada","turismo","Visitas"],"articleSection":["destacado","Provinciales"],"inLanguage":"es","potentialAction":[{"@type":"CommentAction","name":"Comment","target":["https:\/\/elregionalvm.com.ar\/noticias-villa-maria\/finde-largo-mas-de-250-mil-turistas-visitaron-la-provincia-de-cordoba\/#respond"]}]},{"@type":"WebPage","@id":"https:\/\/elregionalvm.com.ar\/noticias-villa-maria\/finde-largo-mas-de-250-mil-turistas-visitaron-la-provincia-de-cordoba\/","url":"https:\/\/elregionalvm.com.ar\/noticias-villa-maria\/finde-largo-mas-de-250-mil-turistas-visitaron-la-provincia-de-cordoba\/","name":"\"Finde\" largo: M\u00e1s de 250 mil turistas visitaron la provincia de C\u00f3rdoba - El Regional","isPartOf":{"@id":"http:\/\/elregionalvm.com.ar\/noticias-villa-maria\/#website"},"primaryImageOfPage":{"@id":"https:\/\/elregionalvm.com.ar\/noticias-villa-maria\/finde-largo-mas-de-250-mil-turistas-visitaron-la-provincia-de-cordoba\/#primaryimage"},"image":{"@id":"https:\/\/elregionalvm.com.ar\/noticias-villa-maria\/finde-largo-mas-de-250-mil-turistas-visitaron-la-provincia-de-cordoba\/#primaryimage"},"thumbnailUrl":"https:\/\/i0.wp.com\/elregionalvm.com.ar\/noticias-villa-maria\/wp-content\/uploads\/2024\/06\/Sierras-Cordoba-andando-a-caballo.jpg?fit=990%2C660&ssl=1","datePublished":"2024-06-18T02:01:26+00:00","dateModified":"2024-06-18T02:12:45+00:00","author":{"@id":"http:\/\/elregionalvm.com.ar\/noticias-villa-maria\/#\/schema\/person\/a0fb9c422317faca23d50163151bc354"},"breadcrumb":{"@id":"https:\/\/elregionalvm.com.ar\/noticias-villa-maria\/finde-largo-mas-de-250-mil-turistas-visitaron-la-provincia-de-cordoba\/#breadcrumb"},"inLanguage":"es","potentialAction":[{"@type":"ReadAction","target":["https:\/\/elregionalvm.com.ar\/noticias-villa-maria\/finde-largo-mas-de-250-mil-turistas-visitaron-la-provincia-de-cordoba\/"]}]},{"@type":"ImageObject","inLanguage":"es","@id":"https:\/\/elregionalvm.com.ar\/noticias-villa-maria\/finde-largo-mas-de-250-mil-turistas-visitaron-la-provincia-de-cordoba\/#primaryimage","url":"https:\/\/i0.wp.com\/elregionalvm.com.ar\/noticias-villa-maria\/wp-content\/uploads\/2024\/06\/Sierras-Cordoba-andando-a-caballo.jpg?fit=990%2C660&ssl=1","contentUrl":"https:\/\/i0.wp.com\/elregionalvm.com.ar\/noticias-villa-maria\/wp-content\/uploads\/2024\/06\/Sierras-Cordoba-andando-a-caballo.jpg?fit=990%2C660&ssl=1","width":990,"height":660},{"@type":"BreadcrumbList","@id":"https:\/\/elregionalvm.com.ar\/noticias-villa-maria\/finde-largo-mas-de-250-mil-turistas-visitaron-la-provincia-de-cordoba\/#breadcrumb","itemListElement":[{"@type":"ListItem","position":1,"name":"Portada","item":"https:\/\/elregionalvm.com.ar\/noticias-villa-maria\/"},{"@type":"ListItem","position":2,"name":"\u00abFinde\u00bb largo: M\u00e1s de 250 mil turistas visitaron la provincia de C\u00f3rdoba"}]},{"@type":"WebSite","@id":"http:\/\/elregionalvm.com.ar\/noticias-villa-maria\/#website","url":"http:\/\/elregionalvm.com.ar\/noticias-villa-maria\/","name":"El Regional","description":"Mucho m\u00e1s que informaci\u00f3n","potentialAction":[{"@type":"SearchAction","target":{"@type":"EntryPoint","urlTemplate":"http:\/\/elregionalvm.com.ar\/noticias-villa-maria\/?s={search_term_string}"},"query-input":{"@type":"PropertyValueSpecification","valueRequired":true,"valueName":"search_term_string"}}],"inLanguage":"es"},{"@type":"Person","@id":"http:\/\/elregionalvm.com.ar\/noticias-villa-maria\/#\/schema\/person\/a0fb9c422317faca23d50163151bc354","name":"Contenidos El Regional","image":{"@type":"ImageObject","inLanguage":"es","@id":"http:\/\/elregionalvm.com.ar\/noticias-villa-maria\/#\/schema\/person\/image\/","url":"https:\/\/secure.gravatar.com\/avatar\/265b27cb2209af7bb3a1318f03305787d7981a5cc6e6cd08fe5a4ecdf99d4b48?s=96&d=mm&r=g","contentUrl":"https:\/\/secure.gravatar.com\/avatar\/265b27cb2209af7bb3a1318f03305787d7981a5cc6e6cd08fe5a4ecdf99d4b48?s=96&d=mm&r=g","caption":"Contenidos El Regional"},"url":"https:\/\/elregionalvm.com.ar\/noticias-villa-maria\/author\/contenido\/"}]}},"jetpack_featured_media_url":"https:\/\/i0.wp.com\/elregionalvm.com.ar\/noticias-villa-maria\/wp-content\/uploads\/2024\/06\/Sierras-Cordoba-andando-a-caballo.jpg?fit=990%2C660&ssl=1","jetpack_sharing_enabled":true,"_links":{"self":[{"href":"https:\/\/elregionalvm.com.ar\/noticias-villa-maria\/wp-json\/wp\/v2\/posts\/95231","targetHints":{"allow":["GET"]}}],"collection":[{"href":"https:\/\/elregionalvm.com.ar\/noticias-villa-maria\/wp-json\/wp\/v2\/posts"}],"about":[{"href":"https:\/\/elregionalvm.com.ar\/noticias-villa-maria\/wp-json\/wp\/v2\/types\/post"}],"author":[{"embeddable":true,"href":"https:\/\/elregionalvm.com.ar\/noticias-villa-maria\/wp-json\/wp\/v2\/users\/4"}],"replies":[{"embeddable":true,"href":"https:\/\/elregionalvm.com.ar\/noticias-villa-maria\/wp-json\/wp\/v2\/comments?post=95231"}],"version-history":[{"count":2,"href":"https:\/\/elregionalvm.com.ar\/noticias-villa-maria\/wp-json\/wp\/v2\/posts\/95231\/revisions"}],"predecessor-version":[{"id":95234,"href":"https:\/\/elregionalvm.com.ar\/noticias-villa-maria\/wp-json\/wp\/v2\/posts\/95231\/revisions\/95234"}],"wp:featuredmedia":[{"embeddable":true,"href":"https:\/\/elregionalvm.com.ar\/noticias-villa-maria\/wp-json\/wp\/v2\/media\/95232"}],"wp:attachment":[{"href":"https:\/\/elregionalvm.com.ar\/noticias-villa-maria\/wp-json\/wp\/v2\/media?parent=95231"}],"wp:term":[{"taxonomy":"category","embeddable":true,"href":"https:\/\/elregionalvm.com.ar\/noticias-villa-maria\/wp-json\/wp\/v2\/categories?post=95231"},{"taxonomy":"post_tag","embeddable":true,"href":"https:\/\/elregionalvm.com.ar\/noticias-villa-maria\/wp-json\/wp\/v2\/tags?post=95231"}],"curies":[{"name":"wp","href":"https:\/\/api.w.org\/{rel}","templated":true}]}}