{"id":95241,"date":"2024-06-18T02:53:31","date_gmt":"2024-06-18T02:53:31","guid":{"rendered":"https:\/\/elregionalvm.com.ar\/noticias-villa-maria\/?p=95241"},"modified":"2024-06-18T02:53:33","modified_gmt":"2024-06-18T02:53:33","slug":"finde-largo-accidentado-varios-heridos-de-gravedad-en-distintos-choques","status":"publish","type":"post","link":"https:\/\/elregionalvm.com.ar\/noticias-villa-maria\/finde-largo-accidentado-varios-heridos-de-gravedad-en-distintos-choques\/","title":{"rendered":"\u201cFinde\u201d largo accidentado: Varios heridos de gravedad en distintos choques"},"content":{"rendered":"\n<p><\/p>\n\n\n\n<p>Varias personas resultaron con heridas de diferente consideraci\u00f3n, la mayor\u00eda de ellas de gravedad, en diferentes accidentes de tr\u00e1nsito ocurridos en Villa Mar\u00eda durante el fin de semana largo.<\/p>\n\n\n\n<p><strong>Lunes<\/strong><\/p>\n\n\n\n<p>Este lunes feriado a las 7 de la ma\u00f1ana, en ruta nacional 158 a la altura del km 144, un Renault Cl\u00edo colision\u00f3 por alcance contra un cami\u00f3n que, seg\u00fan testimonios de los ocupantes del auto, continu\u00f3 su marcha luego del impacto.<\/p>\n\n\n\n<p>Como consecuencia, el conductor de 26 a\u00f1os result\u00f3 con heridas leves, mientras que sus acompa\u00f1antes, un hombre de 23 y una mujer de 21 tuvieron lesiones graves sin riesgo de vida.<\/p>\n\n\n\n<p><strong>Domingo<\/strong><\/p>\n\n\n\n<p>Por otro lado, el domingo alrededor de las 23.30, una joven de 18 a\u00f1os impact\u00f3 con su moto contra un Fiat Siena que se encontraba estacionado en la v\u00eda p\u00fablica.<\/p>\n\n\n\n<p><\/p>\n\n\n\n<figure class=\"wp-block-image size-large\"><img data-recalc-dims=\"1\" fetchpriority=\"high\" decoding=\"async\" width=\"1024\" height=\"771\" src=\"https:\/\/i0.wp.com\/elregionalvm.com.ar\/noticias-villa-maria\/wp-content\/uploads\/2024\/06\/choque-moto-siena.jpeg?resize=1024%2C771&#038;ssl=1\" alt=\"\" class=\"wp-image-95246\" srcset=\"https:\/\/i0.wp.com\/elregionalvm.com.ar\/noticias-villa-maria\/wp-content\/uploads\/2024\/06\/choque-moto-siena.jpeg?resize=1024%2C771&amp;ssl=1 1024w, https:\/\/i0.wp.com\/elregionalvm.com.ar\/noticias-villa-maria\/wp-content\/uploads\/2024\/06\/choque-moto-siena.jpeg?resize=300%2C226&amp;ssl=1 300w, https:\/\/i0.wp.com\/elregionalvm.com.ar\/noticias-villa-maria\/wp-content\/uploads\/2024\/06\/choque-moto-siena.jpeg?resize=768%2C578&amp;ssl=1 768w, https:\/\/i0.wp.com\/elregionalvm.com.ar\/noticias-villa-maria\/wp-content\/uploads\/2024\/06\/choque-moto-siena.jpeg?resize=1536%2C1156&amp;ssl=1 1536w, https:\/\/i0.wp.com\/elregionalvm.com.ar\/noticias-villa-maria\/wp-content\/uploads\/2024\/06\/choque-moto-siena.jpeg?w=1600&amp;ssl=1 1600w\" sizes=\"(max-width: 1000px) 100vw, 1000px\" \/><\/figure>\n\n\n\n<p><\/p>\n\n\n\n<p>El accidente se produjo en las calles V\u00e9lez Sarsfield y Chile. Como consecuencia, la motociclista result\u00f3 con traumatismo cerrado de abdomen y corre riesgo de vida.<\/p>\n\n\n\n<p><strong>S\u00e1bado<\/strong><\/p>\n\n\n\n<p>En tanto, el s\u00e1bado a las 21.30 horas, en calles Jos\u00e9 Ingenieros y Teniente Ib\u00e1\u00f1ez, colisionaron un Fiat Siena, color gris, conducido por un hombre de 51 a\u00f1os, y una moto marca Zanella 110, onducida por un hombre 20 a\u00f1os.<\/p>\n\n\n\n<p>El joven motociclista result\u00f3 con lesiones graves por fractura de tibia y peron\u00e9, sin riesgo de vida.<\/p>\n\n\n\n<p><\/p>\n\n\n\n<figure class=\"wp-block-image size-full is-resized\"><img data-recalc-dims=\"1\" decoding=\"async\" width=\"707\" height=\"600\" src=\"https:\/\/i0.wp.com\/elregionalvm.com.ar\/noticias-villa-maria\/wp-content\/uploads\/2024\/06\/choque-siena-gris-moto.jpeg?resize=707%2C600&#038;ssl=1\" alt=\"\" class=\"wp-image-95243\" style=\"width:910px;height:auto\" srcset=\"https:\/\/i0.wp.com\/elregionalvm.com.ar\/noticias-villa-maria\/wp-content\/uploads\/2024\/06\/choque-siena-gris-moto.jpeg?w=707&amp;ssl=1 707w, https:\/\/i0.wp.com\/elregionalvm.com.ar\/noticias-villa-maria\/wp-content\/uploads\/2024\/06\/choque-siena-gris-moto.jpeg?resize=300%2C255&amp;ssl=1 300w\" sizes=\"(max-width: 707px) 100vw, 707px\" \/><\/figure>\n\n\n\n<p><\/p>\n\n\n\n<p>Ese mismo d\u00eda, pero a las 16.30 horas, otro choque tuvo como protagonistas a un auto y una moto. Fue en la intersecci\u00f3n de las calles M\u00e9xico y Bv. V\u00e9lez Sarsfield.<\/p>\n\n\n\n<p>A ra\u00edz de la colisi\u00f3n entre un Fiat Cronos, conducido por un hombre de 27 a\u00f1os, y una moto marca Zanella 110, al mando de una mujer de 33 a\u00f1os, en compa\u00f1\u00eda de una menor de 10 a\u00f1os.<\/p>\n\n\n\n<p><\/p>\n\n\n\n<figure class=\"wp-block-image size-large\"><img data-recalc-dims=\"1\" decoding=\"async\" width=\"1024\" height=\"576\" src=\"https:\/\/i0.wp.com\/elregionalvm.com.ar\/noticias-villa-maria\/wp-content\/uploads\/2024\/06\/choque-auto.jpg?resize=1024%2C576&#038;ssl=1\" alt=\"\" class=\"wp-image-95244\" srcset=\"https:\/\/i0.wp.com\/elregionalvm.com.ar\/noticias-villa-maria\/wp-content\/uploads\/2024\/06\/choque-auto.jpg?resize=1024%2C576&amp;ssl=1 1024w, https:\/\/i0.wp.com\/elregionalvm.com.ar\/noticias-villa-maria\/wp-content\/uploads\/2024\/06\/choque-auto.jpg?resize=300%2C169&amp;ssl=1 300w, https:\/\/i0.wp.com\/elregionalvm.com.ar\/noticias-villa-maria\/wp-content\/uploads\/2024\/06\/choque-auto.jpg?resize=768%2C432&amp;ssl=1 768w, https:\/\/i0.wp.com\/elregionalvm.com.ar\/noticias-villa-maria\/wp-content\/uploads\/2024\/06\/choque-auto.jpg?w=1200&amp;ssl=1 1200w\" sizes=\"(max-width: 1000px) 100vw, 1000px\" \/><\/figure>\n\n\n\n<p><\/p>\n\n\n\n<p>La conductora result\u00f3 con lesiones graves, por traumatismo de cr\u00e1neo con fractura, sin riesgo de vida, seg\u00fan inform\u00f3 la fuerza policial.<\/p>\n","protected":false},"excerpt":{"rendered":"<p>Varias personas resultaron con heridas de diferente consideraci\u00f3n, la mayor\u00eda de ellas de gravedad, en diferentes accidentes de tr\u00e1nsito ocurridos en Villa Mar\u00eda durante el fin de semana largo. Lunes Este lunes feriado a las 7 de la ma\u00f1ana, en ruta nacional 158 a la altura del km 144, un Renault Cl\u00edo colision\u00f3 por alcance [&hellip;]<\/p>\n","protected":false},"author":4,"featured_media":95245,"comment_status":"open","ping_status":"open","sticky":false,"template":"","format":"standard","meta":{"site-sidebar-layout":"default","site-content-layout":"","ast-site-content-layout":"default","site-content-style":"default","site-sidebar-style":"default","ast-global-header-display":"","ast-banner-title-visibility":"","ast-main-header-display":"","ast-hfb-above-header-display":"","ast-hfb-below-header-display":"","ast-hfb-mobile-header-display":"","site-post-title":"","ast-breadcrumbs-content":"","ast-featured-img":"","footer-sml-layout":"","ast-disable-related-posts":"","theme-transparent-header-meta":"","adv-header-id-meta":"","stick-header-meta":"","header-above-stick-meta":"","header-main-stick-meta":"","header-below-stick-meta":"","astra-migrate-meta-layouts":"set","ast-page-background-enabled":"default","ast-page-background-meta":{"desktop":{"background-color":"","background-image":"","background-repeat":"repeat","background-position":"center center","background-size":"auto","background-attachment":"scroll","background-type":"","background-media":"","overlay-type":"","overlay-color":"","overlay-opacity":"","overlay-gradient":""},"tablet":{"background-color":"","background-image":"","background-repeat":"repeat","background-position":"center center","background-size":"auto","background-attachment":"scroll","background-type":"","background-media":"","overlay-type":"","overlay-color":"","overlay-opacity":"","overlay-gradient":""},"mobile":{"background-color":"","background-image":"","background-repeat":"repeat","background-position":"center center","background-size":"auto","background-attachment":"scroll","background-type":"","background-media":"","overlay-type":"","overlay-color":"","overlay-opacity":"","overlay-gradient":""}},"ast-content-background-meta":{"desktop":{"background-color":"var(--ast-global-color-5)","background-image":"","background-repeat":"repeat","background-position":"center center","background-size":"auto","background-attachment":"scroll","background-type":"","background-media":"","overlay-type":"","overlay-color":"","overlay-opacity":"","overlay-gradient":""},"tablet":{"background-color":"var(--ast-global-color-5)","background-image":"","background-repeat":"repeat","background-position":"center center","background-size":"auto","background-attachment":"scroll","background-type":"","background-media":"","overlay-type":"","overlay-color":"","overlay-opacity":"","overlay-gradient":""},"mobile":{"background-color":"var(--ast-global-color-5)","background-image":"","background-repeat":"repeat","background-position":"center center","background-size":"auto","background-attachment":"scroll","background-type":"","background-media":"","overlay-type":"","overlay-color":"","overlay-opacity":"","overlay-gradient":""}},"_jetpack_memberships_contains_paid_content":false,"_joinchat":[],"footnotes":""},"categories":[15302,2234,2],"tags":[2987,2462,3748,7135,3944,3608,2463,741],"class_list":["post-95241","post","type-post","status-publish","format-standard","has-post-thumbnail","hentry","category-destacado","category-policiales","category-villa-maria","tag-accidentes","tag-auto","tag-choques","tag-fin-de-semana-largo","tag-heridos","tag-lesiones-graves","tag-moto","tag-policiales"],"yoast_head":"<!-- This site is optimized with the Yoast SEO plugin v26.8 - https:\/\/yoast.com\/product\/yoast-seo-wordpress\/ -->\n<title>\u201cFinde\u201d largo accidentado: Varios heridos de gravedad en distintos choques - El Regional<\/title>\n<meta name=\"robots\" content=\"index, follow, max-snippet:-1, max-image-preview:large, max-video-preview:-1\" \/>\n<link rel=\"canonical\" href=\"https:\/\/elregionalvm.com.ar\/noticias-villa-maria\/finde-largo-accidentado-varios-heridos-de-gravedad-en-distintos-choques\/\" \/>\n<meta property=\"og:locale\" content=\"es_ES\" \/>\n<meta property=\"og:type\" content=\"article\" \/>\n<meta property=\"og:title\" content=\"\u201cFinde\u201d largo accidentado: Varios heridos de gravedad en distintos choques - El Regional\" \/>\n<meta property=\"og:description\" content=\"Varias personas resultaron con heridas de diferente consideraci\u00f3n, la mayor\u00eda de ellas de gravedad, en diferentes accidentes de tr\u00e1nsito ocurridos en Villa Mar\u00eda durante el fin de semana largo. Lunes Este lunes feriado a las 7 de la ma\u00f1ana, en ruta nacional 158 a la altura del km 144, un Renault Cl\u00edo colision\u00f3 por alcance [&hellip;]\" \/>\n<meta property=\"og:url\" content=\"https:\/\/elregionalvm.com.ar\/noticias-villa-maria\/finde-largo-accidentado-varios-heridos-de-gravedad-en-distintos-choques\/\" \/>\n<meta property=\"og:site_name\" content=\"El Regional\" \/>\n<meta property=\"article:publisher\" content=\"https:\/\/www.facebook.com\/elregionalvm\" \/>\n<meta property=\"article:published_time\" content=\"2024-06-18T02:53:31+00:00\" \/>\n<meta property=\"article:modified_time\" content=\"2024-06-18T02:53:33+00:00\" \/>\n<meta property=\"og:image\" content=\"https:\/\/elregionalvm.com.ar\/noticias-villa-maria\/wp-content\/uploads\/2024\/06\/choque-ruta-158-clio.jpeg\" \/>\n\t<meta property=\"og:image:width\" content=\"1280\" \/>\n\t<meta property=\"og:image:height\" content=\"820\" \/>\n\t<meta property=\"og:image:type\" content=\"image\/jpeg\" \/>\n<meta name=\"author\" content=\"Contenidos El Regional\" \/>\n<meta name=\"twitter:card\" content=\"summary_large_image\" \/>\n<meta name=\"twitter:creator\" content=\"@elregionalvm1\" \/>\n<meta name=\"twitter:site\" content=\"@elregionalvm1\" \/>\n<meta name=\"twitter:label1\" content=\"Escrito por\" \/>\n\t<meta name=\"twitter:data1\" content=\"Contenidos El Regional\" \/>\n\t<meta name=\"twitter:label2\" content=\"Tiempo de lectura\" \/>\n\t<meta name=\"twitter:data2\" content=\"3 minutos\" \/>\n<script type=\"application\/ld+json\" class=\"yoast-schema-graph\">{\"@context\":\"https:\/\/schema.org\",\"@graph\":[{\"@type\":\"Article\",\"@id\":\"https:\/\/elregionalvm.com.ar\/noticias-villa-maria\/finde-largo-accidentado-varios-heridos-de-gravedad-en-distintos-choques\/#article\",\"isPartOf\":{\"@id\":\"https:\/\/elregionalvm.com.ar\/noticias-villa-maria\/finde-largo-accidentado-varios-heridos-de-gravedad-en-distintos-choques\/\"},\"author\":{\"name\":\"Contenidos El Regional\",\"@id\":\"http:\/\/elregionalvm.com.ar\/noticias-villa-maria\/#\/schema\/person\/a0fb9c422317faca23d50163151bc354\"},\"headline\":\"\u201cFinde\u201d largo accidentado: Varios heridos de gravedad en distintos choques\",\"datePublished\":\"2024-06-18T02:53:31+00:00\",\"dateModified\":\"2024-06-18T02:53:33+00:00\",\"mainEntityOfPage\":{\"@id\":\"https:\/\/elregionalvm.com.ar\/noticias-villa-maria\/finde-largo-accidentado-varios-heridos-de-gravedad-en-distintos-choques\/\"},\"wordCount\":332,\"commentCount\":0,\"image\":{\"@id\":\"https:\/\/elregionalvm.com.ar\/noticias-villa-maria\/finde-largo-accidentado-varios-heridos-de-gravedad-en-distintos-choques\/#primaryimage\"},\"thumbnailUrl\":\"https:\/\/i0.wp.com\/elregionalvm.com.ar\/noticias-villa-maria\/wp-content\/uploads\/2024\/06\/choque-ruta-158-clio.jpeg?fit=1280%2C820&ssl=1\",\"keywords\":[\"Accidentes\",\"Auto\",\"choques\",\"fin de semana largo\",\"Heridos\",\"lesiones graves\",\"moto\",\"Policiales\"],\"articleSection\":[\"destacado\",\"Policiales\",\"Villa Mar\u00eda\"],\"inLanguage\":\"es\",\"potentialAction\":[{\"@type\":\"CommentAction\",\"name\":\"Comment\",\"target\":[\"https:\/\/elregionalvm.com.ar\/noticias-villa-maria\/finde-largo-accidentado-varios-heridos-de-gravedad-en-distintos-choques\/#respond\"]}]},{\"@type\":\"WebPage\",\"@id\":\"https:\/\/elregionalvm.com.ar\/noticias-villa-maria\/finde-largo-accidentado-varios-heridos-de-gravedad-en-distintos-choques\/\",\"url\":\"https:\/\/elregionalvm.com.ar\/noticias-villa-maria\/finde-largo-accidentado-varios-heridos-de-gravedad-en-distintos-choques\/\",\"name\":\"\u201cFinde\u201d largo accidentado: Varios heridos de gravedad en distintos choques - El Regional\",\"isPartOf\":{\"@id\":\"http:\/\/elregionalvm.com.ar\/noticias-villa-maria\/#website\"},\"primaryImageOfPage\":{\"@id\":\"https:\/\/elregionalvm.com.ar\/noticias-villa-maria\/finde-largo-accidentado-varios-heridos-de-gravedad-en-distintos-choques\/#primaryimage\"},\"image\":{\"@id\":\"https:\/\/elregionalvm.com.ar\/noticias-villa-maria\/finde-largo-accidentado-varios-heridos-de-gravedad-en-distintos-choques\/#primaryimage\"},\"thumbnailUrl\":\"https:\/\/i0.wp.com\/elregionalvm.com.ar\/noticias-villa-maria\/wp-content\/uploads\/2024\/06\/choque-ruta-158-clio.jpeg?fit=1280%2C820&ssl=1\",\"datePublished\":\"2024-06-18T02:53:31+00:00\",\"dateModified\":\"2024-06-18T02:53:33+00:00\",\"author\":{\"@id\":\"http:\/\/elregionalvm.com.ar\/noticias-villa-maria\/#\/schema\/person\/a0fb9c422317faca23d50163151bc354\"},\"breadcrumb\":{\"@id\":\"https:\/\/elregionalvm.com.ar\/noticias-villa-maria\/finde-largo-accidentado-varios-heridos-de-gravedad-en-distintos-choques\/#breadcrumb\"},\"inLanguage\":\"es\",\"potentialAction\":[{\"@type\":\"ReadAction\",\"target\":[\"https:\/\/elregionalvm.com.ar\/noticias-villa-maria\/finde-largo-accidentado-varios-heridos-de-gravedad-en-distintos-choques\/\"]}]},{\"@type\":\"ImageObject\",\"inLanguage\":\"es\",\"@id\":\"https:\/\/elregionalvm.com.ar\/noticias-villa-maria\/finde-largo-accidentado-varios-heridos-de-gravedad-en-distintos-choques\/#primaryimage\",\"url\":\"https:\/\/i0.wp.com\/elregionalvm.com.ar\/noticias-villa-maria\/wp-content\/uploads\/2024\/06\/choque-ruta-158-clio.jpeg?fit=1280%2C820&ssl=1\",\"contentUrl\":\"https:\/\/i0.wp.com\/elregionalvm.com.ar\/noticias-villa-maria\/wp-content\/uploads\/2024\/06\/choque-ruta-158-clio.jpeg?fit=1280%2C820&ssl=1\",\"width\":1280,\"height\":820},{\"@type\":\"BreadcrumbList\",\"@id\":\"https:\/\/elregionalvm.com.ar\/noticias-villa-maria\/finde-largo-accidentado-varios-heridos-de-gravedad-en-distintos-choques\/#breadcrumb\",\"itemListElement\":[{\"@type\":\"ListItem\",\"position\":1,\"name\":\"Portada\",\"item\":\"https:\/\/elregionalvm.com.ar\/noticias-villa-maria\/\"},{\"@type\":\"ListItem\",\"position\":2,\"name\":\"\u201cFinde\u201d largo accidentado: Varios heridos de gravedad en distintos choques\"}]},{\"@type\":\"WebSite\",\"@id\":\"http:\/\/elregionalvm.com.ar\/noticias-villa-maria\/#website\",\"url\":\"http:\/\/elregionalvm.com.ar\/noticias-villa-maria\/\",\"name\":\"El Regional\",\"description\":\"Mucho m\u00e1s que informaci\u00f3n\",\"potentialAction\":[{\"@type\":\"SearchAction\",\"target\":{\"@type\":\"EntryPoint\",\"urlTemplate\":\"http:\/\/elregionalvm.com.ar\/noticias-villa-maria\/?s={search_term_string}\"},\"query-input\":{\"@type\":\"PropertyValueSpecification\",\"valueRequired\":true,\"valueName\":\"search_term_string\"}}],\"inLanguage\":\"es\"},{\"@type\":\"Person\",\"@id\":\"http:\/\/elregionalvm.com.ar\/noticias-villa-maria\/#\/schema\/person\/a0fb9c422317faca23d50163151bc354\",\"name\":\"Contenidos El Regional\",\"image\":{\"@type\":\"ImageObject\",\"inLanguage\":\"es\",\"@id\":\"http:\/\/elregionalvm.com.ar\/noticias-villa-maria\/#\/schema\/person\/image\/\",\"url\":\"https:\/\/secure.gravatar.com\/avatar\/265b27cb2209af7bb3a1318f03305787d7981a5cc6e6cd08fe5a4ecdf99d4b48?s=96&d=mm&r=g\",\"contentUrl\":\"https:\/\/secure.gravatar.com\/avatar\/265b27cb2209af7bb3a1318f03305787d7981a5cc6e6cd08fe5a4ecdf99d4b48?s=96&d=mm&r=g\",\"caption\":\"Contenidos El Regional\"},\"url\":\"https:\/\/elregionalvm.com.ar\/noticias-villa-maria\/author\/contenido\/\"}]}<\/script>\n<!-- \/ Yoast SEO plugin. -->","yoast_head_json":{"title":"\u201cFinde\u201d largo accidentado: Varios heridos de gravedad en distintos choques - El Regional","robots":{"index":"index","follow":"follow","max-snippet":"max-snippet:-1","max-image-preview":"max-image-preview:large","max-video-preview":"max-video-preview:-1"},"canonical":"https:\/\/elregionalvm.com.ar\/noticias-villa-maria\/finde-largo-accidentado-varios-heridos-de-gravedad-en-distintos-choques\/","og_locale":"es_ES","og_type":"article","og_title":"\u201cFinde\u201d largo accidentado: Varios heridos de gravedad en distintos choques - El Regional","og_description":"Varias personas resultaron con heridas de diferente consideraci\u00f3n, la mayor\u00eda de ellas de gravedad, en diferentes accidentes de tr\u00e1nsito ocurridos en Villa Mar\u00eda durante el fin de semana largo. Lunes Este lunes feriado a las 7 de la ma\u00f1ana, en ruta nacional 158 a la altura del km 144, un Renault Cl\u00edo colision\u00f3 por alcance [&hellip;]","og_url":"https:\/\/elregionalvm.com.ar\/noticias-villa-maria\/finde-largo-accidentado-varios-heridos-de-gravedad-en-distintos-choques\/","og_site_name":"El Regional","article_publisher":"https:\/\/www.facebook.com\/elregionalvm","article_published_time":"2024-06-18T02:53:31+00:00","article_modified_time":"2024-06-18T02:53:33+00:00","og_image":[{"width":1280,"height":820,"url":"https:\/\/elregionalvm.com.ar\/noticias-villa-maria\/wp-content\/uploads\/2024\/06\/choque-ruta-158-clio.jpeg","type":"image\/jpeg"}],"author":"Contenidos El Regional","twitter_card":"summary_large_image","twitter_creator":"@elregionalvm1","twitter_site":"@elregionalvm1","twitter_misc":{"Escrito por":"Contenidos El Regional","Tiempo de lectura":"3 minutos"},"schema":{"@context":"https:\/\/schema.org","@graph":[{"@type":"Article","@id":"https:\/\/elregionalvm.com.ar\/noticias-villa-maria\/finde-largo-accidentado-varios-heridos-de-gravedad-en-distintos-choques\/#article","isPartOf":{"@id":"https:\/\/elregionalvm.com.ar\/noticias-villa-maria\/finde-largo-accidentado-varios-heridos-de-gravedad-en-distintos-choques\/"},"author":{"name":"Contenidos El Regional","@id":"http:\/\/elregionalvm.com.ar\/noticias-villa-maria\/#\/schema\/person\/a0fb9c422317faca23d50163151bc354"},"headline":"\u201cFinde\u201d largo accidentado: Varios heridos de gravedad en distintos choques","datePublished":"2024-06-18T02:53:31+00:00","dateModified":"2024-06-18T02:53:33+00:00","mainEntityOfPage":{"@id":"https:\/\/elregionalvm.com.ar\/noticias-villa-maria\/finde-largo-accidentado-varios-heridos-de-gravedad-en-distintos-choques\/"},"wordCount":332,"commentCount":0,"image":{"@id":"https:\/\/elregionalvm.com.ar\/noticias-villa-maria\/finde-largo-accidentado-varios-heridos-de-gravedad-en-distintos-choques\/#primaryimage"},"thumbnailUrl":"https:\/\/i0.wp.com\/elregionalvm.com.ar\/noticias-villa-maria\/wp-content\/uploads\/2024\/06\/choque-ruta-158-clio.jpeg?fit=1280%2C820&ssl=1","keywords":["Accidentes","Auto","choques","fin de semana largo","Heridos","lesiones graves","moto","Policiales"],"articleSection":["destacado","Policiales","Villa Mar\u00eda"],"inLanguage":"es","potentialAction":[{"@type":"CommentAction","name":"Comment","target":["https:\/\/elregionalvm.com.ar\/noticias-villa-maria\/finde-largo-accidentado-varios-heridos-de-gravedad-en-distintos-choques\/#respond"]}]},{"@type":"WebPage","@id":"https:\/\/elregionalvm.com.ar\/noticias-villa-maria\/finde-largo-accidentado-varios-heridos-de-gravedad-en-distintos-choques\/","url":"https:\/\/elregionalvm.com.ar\/noticias-villa-maria\/finde-largo-accidentado-varios-heridos-de-gravedad-en-distintos-choques\/","name":"\u201cFinde\u201d largo accidentado: Varios heridos de gravedad en distintos choques - El Regional","isPartOf":{"@id":"http:\/\/elregionalvm.com.ar\/noticias-villa-maria\/#website"},"primaryImageOfPage":{"@id":"https:\/\/elregionalvm.com.ar\/noticias-villa-maria\/finde-largo-accidentado-varios-heridos-de-gravedad-en-distintos-choques\/#primaryimage"},"image":{"@id":"https:\/\/elregionalvm.com.ar\/noticias-villa-maria\/finde-largo-accidentado-varios-heridos-de-gravedad-en-distintos-choques\/#primaryimage"},"thumbnailUrl":"https:\/\/i0.wp.com\/elregionalvm.com.ar\/noticias-villa-maria\/wp-content\/uploads\/2024\/06\/choque-ruta-158-clio.jpeg?fit=1280%2C820&ssl=1","datePublished":"2024-06-18T02:53:31+00:00","dateModified":"2024-06-18T02:53:33+00:00","author":{"@id":"http:\/\/elregionalvm.com.ar\/noticias-villa-maria\/#\/schema\/person\/a0fb9c422317faca23d50163151bc354"},"breadcrumb":{"@id":"https:\/\/elregionalvm.com.ar\/noticias-villa-maria\/finde-largo-accidentado-varios-heridos-de-gravedad-en-distintos-choques\/#breadcrumb"},"inLanguage":"es","potentialAction":[{"@type":"ReadAction","target":["https:\/\/elregionalvm.com.ar\/noticias-villa-maria\/finde-largo-accidentado-varios-heridos-de-gravedad-en-distintos-choques\/"]}]},{"@type":"ImageObject","inLanguage":"es","@id":"https:\/\/elregionalvm.com.ar\/noticias-villa-maria\/finde-largo-accidentado-varios-heridos-de-gravedad-en-distintos-choques\/#primaryimage","url":"https:\/\/i0.wp.com\/elregionalvm.com.ar\/noticias-villa-maria\/wp-content\/uploads\/2024\/06\/choque-ruta-158-clio.jpeg?fit=1280%2C820&ssl=1","contentUrl":"https:\/\/i0.wp.com\/elregionalvm.com.ar\/noticias-villa-maria\/wp-content\/uploads\/2024\/06\/choque-ruta-158-clio.jpeg?fit=1280%2C820&ssl=1","width":1280,"height":820},{"@type":"BreadcrumbList","@id":"https:\/\/elregionalvm.com.ar\/noticias-villa-maria\/finde-largo-accidentado-varios-heridos-de-gravedad-en-distintos-choques\/#breadcrumb","itemListElement":[{"@type":"ListItem","position":1,"name":"Portada","item":"https:\/\/elregionalvm.com.ar\/noticias-villa-maria\/"},{"@type":"ListItem","position":2,"name":"\u201cFinde\u201d largo accidentado: Varios heridos de gravedad en distintos choques"}]},{"@type":"WebSite","@id":"http:\/\/elregionalvm.com.ar\/noticias-villa-maria\/#website","url":"http:\/\/elregionalvm.com.ar\/noticias-villa-maria\/","name":"El Regional","description":"Mucho m\u00e1s que informaci\u00f3n","potentialAction":[{"@type":"SearchAction","target":{"@type":"EntryPoint","urlTemplate":"http:\/\/elregionalvm.com.ar\/noticias-villa-maria\/?s={search_term_string}"},"query-input":{"@type":"PropertyValueSpecification","valueRequired":true,"valueName":"search_term_string"}}],"inLanguage":"es"},{"@type":"Person","@id":"http:\/\/elregionalvm.com.ar\/noticias-villa-maria\/#\/schema\/person\/a0fb9c422317faca23d50163151bc354","name":"Contenidos El Regional","image":{"@type":"ImageObject","inLanguage":"es","@id":"http:\/\/elregionalvm.com.ar\/noticias-villa-maria\/#\/schema\/person\/image\/","url":"https:\/\/secure.gravatar.com\/avatar\/265b27cb2209af7bb3a1318f03305787d7981a5cc6e6cd08fe5a4ecdf99d4b48?s=96&d=mm&r=g","contentUrl":"https:\/\/secure.gravatar.com\/avatar\/265b27cb2209af7bb3a1318f03305787d7981a5cc6e6cd08fe5a4ecdf99d4b48?s=96&d=mm&r=g","caption":"Contenidos El Regional"},"url":"https:\/\/elregionalvm.com.ar\/noticias-villa-maria\/author\/contenido\/"}]}},"jetpack_featured_media_url":"https:\/\/i0.wp.com\/elregionalvm.com.ar\/noticias-villa-maria\/wp-content\/uploads\/2024\/06\/choque-ruta-158-clio.jpeg?fit=1280%2C820&ssl=1","jetpack_sharing_enabled":true,"_links":{"self":[{"href":"https:\/\/elregionalvm.com.ar\/noticias-villa-maria\/wp-json\/wp\/v2\/posts\/95241","targetHints":{"allow":["GET"]}}],"collection":[{"href":"https:\/\/elregionalvm.com.ar\/noticias-villa-maria\/wp-json\/wp\/v2\/posts"}],"about":[{"href":"https:\/\/elregionalvm.com.ar\/noticias-villa-maria\/wp-json\/wp\/v2\/types\/post"}],"author":[{"embeddable":true,"href":"https:\/\/elregionalvm.com.ar\/noticias-villa-maria\/wp-json\/wp\/v2\/users\/4"}],"replies":[{"embeddable":true,"href":"https:\/\/elregionalvm.com.ar\/noticias-villa-maria\/wp-json\/wp\/v2\/comments?post=95241"}],"version-history":[{"count":2,"href":"https:\/\/elregionalvm.com.ar\/noticias-villa-maria\/wp-json\/wp\/v2\/posts\/95241\/revisions"}],"predecessor-version":[{"id":95247,"href":"https:\/\/elregionalvm.com.ar\/noticias-villa-maria\/wp-json\/wp\/v2\/posts\/95241\/revisions\/95247"}],"wp:featuredmedia":[{"embeddable":true,"href":"https:\/\/elregionalvm.com.ar\/noticias-villa-maria\/wp-json\/wp\/v2\/media\/95245"}],"wp:attachment":[{"href":"https:\/\/elregionalvm.com.ar\/noticias-villa-maria\/wp-json\/wp\/v2\/media?parent=95241"}],"wp:term":[{"taxonomy":"category","embeddable":true,"href":"https:\/\/elregionalvm.com.ar\/noticias-villa-maria\/wp-json\/wp\/v2\/categories?post=95241"},{"taxonomy":"post_tag","embeddable":true,"href":"https:\/\/elregionalvm.com.ar\/noticias-villa-maria\/wp-json\/wp\/v2\/tags?post=95241"}],"curies":[{"name":"wp","href":"https:\/\/api.w.org\/{rel}","templated":true}]}}