{"id":95248,"date":"2024-06-18T03:04:25","date_gmt":"2024-06-18T03:04:25","guid":{"rendered":"https:\/\/elregionalvm.com.ar\/noticias-villa-maria\/?p=95248"},"modified":"2024-06-18T03:04:27","modified_gmt":"2024-06-18T03:04:27","slug":"los-intendentes-de-la-comunidad-regional-abordaron-temas-que-impactan-en-nuestra-zona","status":"publish","type":"post","link":"https:\/\/elregionalvm.com.ar\/noticias-villa-maria\/los-intendentes-de-la-comunidad-regional-abordaron-temas-que-impactan-en-nuestra-zona\/","title":{"rendered":"Los intendentes de la Comunidad Regional abordaron temas que impactan en nuestra zona"},"content":{"rendered":"\n<p>La Comunidad Regional del departamento General San Mart\u00edn sesion\u00f3 en Villa Mar\u00eda. En el encuentro desarrollado en el municipio local participaron intendentes que forman parte del \u00f3rgano y los legisladores provinciales, Ver\u00f3nica Navarro, Karina Bruno y Alfredo Nigro.<\/p>\n\n\n\n<p>Los jefes comunales ratificaron a las autoridades elegidas semanas atr\u00e1s y el reglamento interno. En ese sentido, el intendente de Luca, Augusto Arietti, es el nuevo presidente de la entidad, y se encuentra acompa\u00f1ado por sus pares Robert Meichtri (Chaz\u00f3n) como vicepresidente, Mayco Becco (La Palestina) como secretario, y Maximiliano Andr\u00e9s (Etruria) como tesorero.<\/p>\n\n\n\n<p><strong>Los temas<\/strong><\/p>\n\n\n\n<p>La agenda de trabajo estuvo integrada portemas de la coyuntura social y econ\u00f3mica a nivel nacional, provincial y su impacto en los gobiernos municipales.<\/p>\n\n\n\n<p>Tambi\u00e9n, se planific\u00f3 \u201cestrategias conjuntas con el objetivo de establecer vinculaciones con empresas e instituciones de la regi\u00f3n para fortalecer el entramado socio-productivo, la prestaci\u00f3n de servicios y la generaci\u00f3n de empleo\u201d.<\/p>\n\n\n\n<p>Por otra parte, se reflexion\u00f3 sobre distintos temas de inter\u00e9s vinculados a pol\u00edticas ambientales y de desarrollo humano tendientes a la aplicaci\u00f3n de programas educativos, cient\u00edficos y tecnol\u00f3gicos en todo el departamento.<\/p>\n\n\n\n<p>Para finalizar, se abord\u00f3 la visita del gobernador Mart\u00edn Llaryora a Villa Mar\u00eda, programada para el mi\u00e9rcoles 19 de junio.<\/p>\n\n\n\n<p><\/p>\n","protected":false},"excerpt":{"rendered":"<p>La Comunidad Regional del departamento General San Mart\u00edn sesion\u00f3 en Villa Mar\u00eda. En el encuentro desarrollado en el municipio local participaron intendentes que forman parte del \u00f3rgano y los legisladores provinciales, Ver\u00f3nica Navarro, Karina Bruno y Alfredo Nigro. Los jefes comunales ratificaron a las autoridades elegidas semanas atr\u00e1s y el reglamento interno. En ese sentido, [&hellip;]<\/p>\n","protected":false},"author":4,"featured_media":95250,"comment_status":"open","ping_status":"open","sticky":false,"template":"","format":"standard","meta":{"site-sidebar-layout":"default","site-content-layout":"","ast-site-content-layout":"default","site-content-style":"default","site-sidebar-style":"default","ast-global-header-display":"","ast-banner-title-visibility":"","ast-main-header-display":"","ast-hfb-above-header-display":"","ast-hfb-below-header-display":"","ast-hfb-mobile-header-display":"","site-post-title":"","ast-breadcrumbs-content":"","ast-featured-img":"","footer-sml-layout":"","ast-disable-related-posts":"","theme-transparent-header-meta":"","adv-header-id-meta":"","stick-header-meta":"","header-above-stick-meta":"","header-main-stick-meta":"","header-below-stick-meta":"","astra-migrate-meta-layouts":"set","ast-page-background-enabled":"default","ast-page-background-meta":{"desktop":{"background-color":"","background-image":"","background-repeat":"repeat","background-position":"center center","background-size":"auto","background-attachment":"scroll","background-type":"","background-media":"","overlay-type":"","overlay-color":"","overlay-opacity":"","overlay-gradient":""},"tablet":{"background-color":"","background-image":"","background-repeat":"repeat","background-position":"center center","background-size":"auto","background-attachment":"scroll","background-type":"","background-media":"","overlay-type":"","overlay-color":"","overlay-opacity":"","overlay-gradient":""},"mobile":{"background-color":"","background-image":"","background-repeat":"repeat","background-position":"center center","background-size":"auto","background-attachment":"scroll","background-type":"","background-media":"","overlay-type":"","overlay-color":"","overlay-opacity":"","overlay-gradient":""}},"ast-content-background-meta":{"desktop":{"background-color":"var(--ast-global-color-5)","background-image":"","background-repeat":"repeat","background-position":"center center","background-size":"auto","background-attachment":"scroll","background-type":"","background-media":"","overlay-type":"","overlay-color":"","overlay-opacity":"","overlay-gradient":""},"tablet":{"background-color":"var(--ast-global-color-5)","background-image":"","background-repeat":"repeat","background-position":"center center","background-size":"auto","background-attachment":"scroll","background-type":"","background-media":"","overlay-type":"","overlay-color":"","overlay-opacity":"","overlay-gradient":""},"mobile":{"background-color":"var(--ast-global-color-5)","background-image":"","background-repeat":"repeat","background-position":"center center","background-size":"auto","background-attachment":"scroll","background-type":"","background-media":"","overlay-type":"","overlay-color":"","overlay-opacity":"","overlay-gradient":""}},"_jetpack_memberships_contains_paid_content":false,"_joinchat":[],"footnotes":""},"categories":[15302,2091],"tags":[3603,24106,1417,130,132,993,7567,2248],"class_list":["post-95248","post","type-post","status-publish","format-standard","has-post-thumbnail","hentry","category-destacado","category-region","tag-augusto-arietti","tag-comunidad-regional","tag-departamento-general-san-martin","tag-intendentes","tag-municipios","tag-nacional","tag-provincial","tag-villa-maria-2"],"yoast_head":"<!-- This site is optimized with the Yoast SEO plugin v26.8 - https:\/\/yoast.com\/product\/yoast-seo-wordpress\/ -->\n<title>Los intendentes de la Comunidad Regional abordaron temas que impactan en nuestra zona - El Regional<\/title>\n<meta name=\"robots\" content=\"index, follow, max-snippet:-1, max-image-preview:large, max-video-preview:-1\" \/>\n<link rel=\"canonical\" href=\"https:\/\/elregionalvm.com.ar\/noticias-villa-maria\/los-intendentes-de-la-comunidad-regional-abordaron-temas-que-impactan-en-nuestra-zona\/\" \/>\n<meta property=\"og:locale\" content=\"es_ES\" \/>\n<meta property=\"og:type\" content=\"article\" \/>\n<meta property=\"og:title\" content=\"Los intendentes de la Comunidad Regional abordaron temas que impactan en nuestra zona - El Regional\" \/>\n<meta property=\"og:description\" content=\"La Comunidad Regional del departamento General San Mart\u00edn sesion\u00f3 en Villa Mar\u00eda. En el encuentro desarrollado en el municipio local participaron intendentes que forman parte del \u00f3rgano y los legisladores provinciales, Ver\u00f3nica Navarro, Karina Bruno y Alfredo Nigro. Los jefes comunales ratificaron a las autoridades elegidas semanas atr\u00e1s y el reglamento interno. En ese sentido, [&hellip;]\" \/>\n<meta property=\"og:url\" content=\"https:\/\/elregionalvm.com.ar\/noticias-villa-maria\/los-intendentes-de-la-comunidad-regional-abordaron-temas-que-impactan-en-nuestra-zona\/\" \/>\n<meta property=\"og:site_name\" content=\"El Regional\" \/>\n<meta property=\"article:publisher\" content=\"https:\/\/www.facebook.com\/elregionalvm\" \/>\n<meta property=\"article:published_time\" content=\"2024-06-18T03:04:25+00:00\" \/>\n<meta property=\"article:modified_time\" content=\"2024-06-18T03:04:27+00:00\" \/>\n<meta property=\"og:image\" content=\"https:\/\/elregionalvm.com.ar\/noticias-villa-maria\/wp-content\/uploads\/2024\/06\/Intendentes-departamento-san-martin-comunidad-regional-2024.jpeg\" \/>\n\t<meta property=\"og:image:width\" content=\"1600\" \/>\n\t<meta property=\"og:image:height\" content=\"1069\" \/>\n\t<meta property=\"og:image:type\" content=\"image\/jpeg\" \/>\n<meta name=\"author\" content=\"Contenidos El Regional\" \/>\n<meta name=\"twitter:card\" content=\"summary_large_image\" \/>\n<meta name=\"twitter:creator\" content=\"@elregionalvm1\" \/>\n<meta name=\"twitter:site\" content=\"@elregionalvm1\" \/>\n<meta name=\"twitter:label1\" content=\"Escrito por\" \/>\n\t<meta name=\"twitter:data1\" content=\"Contenidos El Regional\" \/>\n\t<meta name=\"twitter:label2\" content=\"Tiempo de lectura\" \/>\n\t<meta name=\"twitter:data2\" content=\"2 minutos\" \/>\n<script type=\"application\/ld+json\" class=\"yoast-schema-graph\">{\"@context\":\"https:\/\/schema.org\",\"@graph\":[{\"@type\":\"Article\",\"@id\":\"https:\/\/elregionalvm.com.ar\/noticias-villa-maria\/los-intendentes-de-la-comunidad-regional-abordaron-temas-que-impactan-en-nuestra-zona\/#article\",\"isPartOf\":{\"@id\":\"https:\/\/elregionalvm.com.ar\/noticias-villa-maria\/los-intendentes-de-la-comunidad-regional-abordaron-temas-que-impactan-en-nuestra-zona\/\"},\"author\":{\"name\":\"Contenidos El Regional\",\"@id\":\"http:\/\/elregionalvm.com.ar\/noticias-villa-maria\/#\/schema\/person\/a0fb9c422317faca23d50163151bc354\"},\"headline\":\"Los intendentes de la Comunidad Regional abordaron temas que impactan en nuestra zona\",\"datePublished\":\"2024-06-18T03:04:25+00:00\",\"dateModified\":\"2024-06-18T03:04:27+00:00\",\"mainEntityOfPage\":{\"@id\":\"https:\/\/elregionalvm.com.ar\/noticias-villa-maria\/los-intendentes-de-la-comunidad-regional-abordaron-temas-que-impactan-en-nuestra-zona\/\"},\"wordCount\":234,\"commentCount\":0,\"image\":{\"@id\":\"https:\/\/elregionalvm.com.ar\/noticias-villa-maria\/los-intendentes-de-la-comunidad-regional-abordaron-temas-que-impactan-en-nuestra-zona\/#primaryimage\"},\"thumbnailUrl\":\"https:\/\/i0.wp.com\/elregionalvm.com.ar\/noticias-villa-maria\/wp-content\/uploads\/2024\/06\/Intendentes-departamento-san-martin-comunidad-regional-2024.jpeg?fit=1600%2C1069&ssl=1\",\"keywords\":[\"Augusto Arietti\",\"Comunidad Regional\",\"Departamento General San Mart\u00edn\",\"intendentes\",\"municipios\",\"Nacional\",\"Provincial\",\"Villa Mar\u00eda\"],\"articleSection\":[\"destacado\",\"Regi\u00f3n\"],\"inLanguage\":\"es\",\"potentialAction\":[{\"@type\":\"CommentAction\",\"name\":\"Comment\",\"target\":[\"https:\/\/elregionalvm.com.ar\/noticias-villa-maria\/los-intendentes-de-la-comunidad-regional-abordaron-temas-que-impactan-en-nuestra-zona\/#respond\"]}]},{\"@type\":\"WebPage\",\"@id\":\"https:\/\/elregionalvm.com.ar\/noticias-villa-maria\/los-intendentes-de-la-comunidad-regional-abordaron-temas-que-impactan-en-nuestra-zona\/\",\"url\":\"https:\/\/elregionalvm.com.ar\/noticias-villa-maria\/los-intendentes-de-la-comunidad-regional-abordaron-temas-que-impactan-en-nuestra-zona\/\",\"name\":\"Los intendentes de la Comunidad Regional abordaron temas que impactan en nuestra zona - El Regional\",\"isPartOf\":{\"@id\":\"http:\/\/elregionalvm.com.ar\/noticias-villa-maria\/#website\"},\"primaryImageOfPage\":{\"@id\":\"https:\/\/elregionalvm.com.ar\/noticias-villa-maria\/los-intendentes-de-la-comunidad-regional-abordaron-temas-que-impactan-en-nuestra-zona\/#primaryimage\"},\"image\":{\"@id\":\"https:\/\/elregionalvm.com.ar\/noticias-villa-maria\/los-intendentes-de-la-comunidad-regional-abordaron-temas-que-impactan-en-nuestra-zona\/#primaryimage\"},\"thumbnailUrl\":\"https:\/\/i0.wp.com\/elregionalvm.com.ar\/noticias-villa-maria\/wp-content\/uploads\/2024\/06\/Intendentes-departamento-san-martin-comunidad-regional-2024.jpeg?fit=1600%2C1069&ssl=1\",\"datePublished\":\"2024-06-18T03:04:25+00:00\",\"dateModified\":\"2024-06-18T03:04:27+00:00\",\"author\":{\"@id\":\"http:\/\/elregionalvm.com.ar\/noticias-villa-maria\/#\/schema\/person\/a0fb9c422317faca23d50163151bc354\"},\"breadcrumb\":{\"@id\":\"https:\/\/elregionalvm.com.ar\/noticias-villa-maria\/los-intendentes-de-la-comunidad-regional-abordaron-temas-que-impactan-en-nuestra-zona\/#breadcrumb\"},\"inLanguage\":\"es\",\"potentialAction\":[{\"@type\":\"ReadAction\",\"target\":[\"https:\/\/elregionalvm.com.ar\/noticias-villa-maria\/los-intendentes-de-la-comunidad-regional-abordaron-temas-que-impactan-en-nuestra-zona\/\"]}]},{\"@type\":\"ImageObject\",\"inLanguage\":\"es\",\"@id\":\"https:\/\/elregionalvm.com.ar\/noticias-villa-maria\/los-intendentes-de-la-comunidad-regional-abordaron-temas-que-impactan-en-nuestra-zona\/#primaryimage\",\"url\":\"https:\/\/i0.wp.com\/elregionalvm.com.ar\/noticias-villa-maria\/wp-content\/uploads\/2024\/06\/Intendentes-departamento-san-martin-comunidad-regional-2024.jpeg?fit=1600%2C1069&ssl=1\",\"contentUrl\":\"https:\/\/i0.wp.com\/elregionalvm.com.ar\/noticias-villa-maria\/wp-content\/uploads\/2024\/06\/Intendentes-departamento-san-martin-comunidad-regional-2024.jpeg?fit=1600%2C1069&ssl=1\",\"width\":1600,\"height\":1069},{\"@type\":\"BreadcrumbList\",\"@id\":\"https:\/\/elregionalvm.com.ar\/noticias-villa-maria\/los-intendentes-de-la-comunidad-regional-abordaron-temas-que-impactan-en-nuestra-zona\/#breadcrumb\",\"itemListElement\":[{\"@type\":\"ListItem\",\"position\":1,\"name\":\"Portada\",\"item\":\"https:\/\/elregionalvm.com.ar\/noticias-villa-maria\/\"},{\"@type\":\"ListItem\",\"position\":2,\"name\":\"Los intendentes de la Comunidad Regional abordaron temas que impactan en nuestra zona\"}]},{\"@type\":\"WebSite\",\"@id\":\"http:\/\/elregionalvm.com.ar\/noticias-villa-maria\/#website\",\"url\":\"http:\/\/elregionalvm.com.ar\/noticias-villa-maria\/\",\"name\":\"El Regional\",\"description\":\"Mucho m\u00e1s que informaci\u00f3n\",\"potentialAction\":[{\"@type\":\"SearchAction\",\"target\":{\"@type\":\"EntryPoint\",\"urlTemplate\":\"http:\/\/elregionalvm.com.ar\/noticias-villa-maria\/?s={search_term_string}\"},\"query-input\":{\"@type\":\"PropertyValueSpecification\",\"valueRequired\":true,\"valueName\":\"search_term_string\"}}],\"inLanguage\":\"es\"},{\"@type\":\"Person\",\"@id\":\"http:\/\/elregionalvm.com.ar\/noticias-villa-maria\/#\/schema\/person\/a0fb9c422317faca23d50163151bc354\",\"name\":\"Contenidos El Regional\",\"image\":{\"@type\":\"ImageObject\",\"inLanguage\":\"es\",\"@id\":\"http:\/\/elregionalvm.com.ar\/noticias-villa-maria\/#\/schema\/person\/image\/\",\"url\":\"https:\/\/secure.gravatar.com\/avatar\/265b27cb2209af7bb3a1318f03305787d7981a5cc6e6cd08fe5a4ecdf99d4b48?s=96&d=mm&r=g\",\"contentUrl\":\"https:\/\/secure.gravatar.com\/avatar\/265b27cb2209af7bb3a1318f03305787d7981a5cc6e6cd08fe5a4ecdf99d4b48?s=96&d=mm&r=g\",\"caption\":\"Contenidos El Regional\"},\"url\":\"https:\/\/elregionalvm.com.ar\/noticias-villa-maria\/author\/contenido\/\"}]}<\/script>\n<!-- \/ Yoast SEO plugin. -->","yoast_head_json":{"title":"Los intendentes de la Comunidad Regional abordaron temas que impactan en nuestra zona - El Regional","robots":{"index":"index","follow":"follow","max-snippet":"max-snippet:-1","max-image-preview":"max-image-preview:large","max-video-preview":"max-video-preview:-1"},"canonical":"https:\/\/elregionalvm.com.ar\/noticias-villa-maria\/los-intendentes-de-la-comunidad-regional-abordaron-temas-que-impactan-en-nuestra-zona\/","og_locale":"es_ES","og_type":"article","og_title":"Los intendentes de la Comunidad Regional abordaron temas que impactan en nuestra zona - El Regional","og_description":"La Comunidad Regional del departamento General San Mart\u00edn sesion\u00f3 en Villa Mar\u00eda. En el encuentro desarrollado en el municipio local participaron intendentes que forman parte del \u00f3rgano y los legisladores provinciales, Ver\u00f3nica Navarro, Karina Bruno y Alfredo Nigro. Los jefes comunales ratificaron a las autoridades elegidas semanas atr\u00e1s y el reglamento interno. En ese sentido, [&hellip;]","og_url":"https:\/\/elregionalvm.com.ar\/noticias-villa-maria\/los-intendentes-de-la-comunidad-regional-abordaron-temas-que-impactan-en-nuestra-zona\/","og_site_name":"El Regional","article_publisher":"https:\/\/www.facebook.com\/elregionalvm","article_published_time":"2024-06-18T03:04:25+00:00","article_modified_time":"2024-06-18T03:04:27+00:00","og_image":[{"width":1600,"height":1069,"url":"https:\/\/elregionalvm.com.ar\/noticias-villa-maria\/wp-content\/uploads\/2024\/06\/Intendentes-departamento-san-martin-comunidad-regional-2024.jpeg","type":"image\/jpeg"}],"author":"Contenidos El Regional","twitter_card":"summary_large_image","twitter_creator":"@elregionalvm1","twitter_site":"@elregionalvm1","twitter_misc":{"Escrito por":"Contenidos El Regional","Tiempo de lectura":"2 minutos"},"schema":{"@context":"https:\/\/schema.org","@graph":[{"@type":"Article","@id":"https:\/\/elregionalvm.com.ar\/noticias-villa-maria\/los-intendentes-de-la-comunidad-regional-abordaron-temas-que-impactan-en-nuestra-zona\/#article","isPartOf":{"@id":"https:\/\/elregionalvm.com.ar\/noticias-villa-maria\/los-intendentes-de-la-comunidad-regional-abordaron-temas-que-impactan-en-nuestra-zona\/"},"author":{"name":"Contenidos El Regional","@id":"http:\/\/elregionalvm.com.ar\/noticias-villa-maria\/#\/schema\/person\/a0fb9c422317faca23d50163151bc354"},"headline":"Los intendentes de la Comunidad Regional abordaron temas que impactan en nuestra zona","datePublished":"2024-06-18T03:04:25+00:00","dateModified":"2024-06-18T03:04:27+00:00","mainEntityOfPage":{"@id":"https:\/\/elregionalvm.com.ar\/noticias-villa-maria\/los-intendentes-de-la-comunidad-regional-abordaron-temas-que-impactan-en-nuestra-zona\/"},"wordCount":234,"commentCount":0,"image":{"@id":"https:\/\/elregionalvm.com.ar\/noticias-villa-maria\/los-intendentes-de-la-comunidad-regional-abordaron-temas-que-impactan-en-nuestra-zona\/#primaryimage"},"thumbnailUrl":"https:\/\/i0.wp.com\/elregionalvm.com.ar\/noticias-villa-maria\/wp-content\/uploads\/2024\/06\/Intendentes-departamento-san-martin-comunidad-regional-2024.jpeg?fit=1600%2C1069&ssl=1","keywords":["Augusto Arietti","Comunidad Regional","Departamento General San Mart\u00edn","intendentes","municipios","Nacional","Provincial","Villa Mar\u00eda"],"articleSection":["destacado","Regi\u00f3n"],"inLanguage":"es","potentialAction":[{"@type":"CommentAction","name":"Comment","target":["https:\/\/elregionalvm.com.ar\/noticias-villa-maria\/los-intendentes-de-la-comunidad-regional-abordaron-temas-que-impactan-en-nuestra-zona\/#respond"]}]},{"@type":"WebPage","@id":"https:\/\/elregionalvm.com.ar\/noticias-villa-maria\/los-intendentes-de-la-comunidad-regional-abordaron-temas-que-impactan-en-nuestra-zona\/","url":"https:\/\/elregionalvm.com.ar\/noticias-villa-maria\/los-intendentes-de-la-comunidad-regional-abordaron-temas-que-impactan-en-nuestra-zona\/","name":"Los intendentes de la Comunidad Regional abordaron temas que impactan en nuestra zona - El Regional","isPartOf":{"@id":"http:\/\/elregionalvm.com.ar\/noticias-villa-maria\/#website"},"primaryImageOfPage":{"@id":"https:\/\/elregionalvm.com.ar\/noticias-villa-maria\/los-intendentes-de-la-comunidad-regional-abordaron-temas-que-impactan-en-nuestra-zona\/#primaryimage"},"image":{"@id":"https:\/\/elregionalvm.com.ar\/noticias-villa-maria\/los-intendentes-de-la-comunidad-regional-abordaron-temas-que-impactan-en-nuestra-zona\/#primaryimage"},"thumbnailUrl":"https:\/\/i0.wp.com\/elregionalvm.com.ar\/noticias-villa-maria\/wp-content\/uploads\/2024\/06\/Intendentes-departamento-san-martin-comunidad-regional-2024.jpeg?fit=1600%2C1069&ssl=1","datePublished":"2024-06-18T03:04:25+00:00","dateModified":"2024-06-18T03:04:27+00:00","author":{"@id":"http:\/\/elregionalvm.com.ar\/noticias-villa-maria\/#\/schema\/person\/a0fb9c422317faca23d50163151bc354"},"breadcrumb":{"@id":"https:\/\/elregionalvm.com.ar\/noticias-villa-maria\/los-intendentes-de-la-comunidad-regional-abordaron-temas-que-impactan-en-nuestra-zona\/#breadcrumb"},"inLanguage":"es","potentialAction":[{"@type":"ReadAction","target":["https:\/\/elregionalvm.com.ar\/noticias-villa-maria\/los-intendentes-de-la-comunidad-regional-abordaron-temas-que-impactan-en-nuestra-zona\/"]}]},{"@type":"ImageObject","inLanguage":"es","@id":"https:\/\/elregionalvm.com.ar\/noticias-villa-maria\/los-intendentes-de-la-comunidad-regional-abordaron-temas-que-impactan-en-nuestra-zona\/#primaryimage","url":"https:\/\/i0.wp.com\/elregionalvm.com.ar\/noticias-villa-maria\/wp-content\/uploads\/2024\/06\/Intendentes-departamento-san-martin-comunidad-regional-2024.jpeg?fit=1600%2C1069&ssl=1","contentUrl":"https:\/\/i0.wp.com\/elregionalvm.com.ar\/noticias-villa-maria\/wp-content\/uploads\/2024\/06\/Intendentes-departamento-san-martin-comunidad-regional-2024.jpeg?fit=1600%2C1069&ssl=1","width":1600,"height":1069},{"@type":"BreadcrumbList","@id":"https:\/\/elregionalvm.com.ar\/noticias-villa-maria\/los-intendentes-de-la-comunidad-regional-abordaron-temas-que-impactan-en-nuestra-zona\/#breadcrumb","itemListElement":[{"@type":"ListItem","position":1,"name":"Portada","item":"https:\/\/elregionalvm.com.ar\/noticias-villa-maria\/"},{"@type":"ListItem","position":2,"name":"Los intendentes de la Comunidad Regional abordaron temas que impactan en nuestra zona"}]},{"@type":"WebSite","@id":"http:\/\/elregionalvm.com.ar\/noticias-villa-maria\/#website","url":"http:\/\/elregionalvm.com.ar\/noticias-villa-maria\/","name":"El Regional","description":"Mucho m\u00e1s que informaci\u00f3n","potentialAction":[{"@type":"SearchAction","target":{"@type":"EntryPoint","urlTemplate":"http:\/\/elregionalvm.com.ar\/noticias-villa-maria\/?s={search_term_string}"},"query-input":{"@type":"PropertyValueSpecification","valueRequired":true,"valueName":"search_term_string"}}],"inLanguage":"es"},{"@type":"Person","@id":"http:\/\/elregionalvm.com.ar\/noticias-villa-maria\/#\/schema\/person\/a0fb9c422317faca23d50163151bc354","name":"Contenidos El Regional","image":{"@type":"ImageObject","inLanguage":"es","@id":"http:\/\/elregionalvm.com.ar\/noticias-villa-maria\/#\/schema\/person\/image\/","url":"https:\/\/secure.gravatar.com\/avatar\/265b27cb2209af7bb3a1318f03305787d7981a5cc6e6cd08fe5a4ecdf99d4b48?s=96&d=mm&r=g","contentUrl":"https:\/\/secure.gravatar.com\/avatar\/265b27cb2209af7bb3a1318f03305787d7981a5cc6e6cd08fe5a4ecdf99d4b48?s=96&d=mm&r=g","caption":"Contenidos El Regional"},"url":"https:\/\/elregionalvm.com.ar\/noticias-villa-maria\/author\/contenido\/"}]}},"jetpack_featured_media_url":"https:\/\/i0.wp.com\/elregionalvm.com.ar\/noticias-villa-maria\/wp-content\/uploads\/2024\/06\/Intendentes-departamento-san-martin-comunidad-regional-2024.jpeg?fit=1600%2C1069&ssl=1","jetpack_sharing_enabled":true,"_links":{"self":[{"href":"https:\/\/elregionalvm.com.ar\/noticias-villa-maria\/wp-json\/wp\/v2\/posts\/95248","targetHints":{"allow":["GET"]}}],"collection":[{"href":"https:\/\/elregionalvm.com.ar\/noticias-villa-maria\/wp-json\/wp\/v2\/posts"}],"about":[{"href":"https:\/\/elregionalvm.com.ar\/noticias-villa-maria\/wp-json\/wp\/v2\/types\/post"}],"author":[{"embeddable":true,"href":"https:\/\/elregionalvm.com.ar\/noticias-villa-maria\/wp-json\/wp\/v2\/users\/4"}],"replies":[{"embeddable":true,"href":"https:\/\/elregionalvm.com.ar\/noticias-villa-maria\/wp-json\/wp\/v2\/comments?post=95248"}],"version-history":[{"count":1,"href":"https:\/\/elregionalvm.com.ar\/noticias-villa-maria\/wp-json\/wp\/v2\/posts\/95248\/revisions"}],"predecessor-version":[{"id":95249,"href":"https:\/\/elregionalvm.com.ar\/noticias-villa-maria\/wp-json\/wp\/v2\/posts\/95248\/revisions\/95249"}],"wp:featuredmedia":[{"embeddable":true,"href":"https:\/\/elregionalvm.com.ar\/noticias-villa-maria\/wp-json\/wp\/v2\/media\/95250"}],"wp:attachment":[{"href":"https:\/\/elregionalvm.com.ar\/noticias-villa-maria\/wp-json\/wp\/v2\/media?parent=95248"}],"wp:term":[{"taxonomy":"category","embeddable":true,"href":"https:\/\/elregionalvm.com.ar\/noticias-villa-maria\/wp-json\/wp\/v2\/categories?post=95248"},{"taxonomy":"post_tag","embeddable":true,"href":"https:\/\/elregionalvm.com.ar\/noticias-villa-maria\/wp-json\/wp\/v2\/tags?post=95248"}],"curies":[{"name":"wp","href":"https:\/\/api.w.org\/{rel}","templated":true}]}}