{"id":95256,"date":"2024-06-18T14:38:17","date_gmt":"2024-06-18T14:38:17","guid":{"rendered":"https:\/\/elregionalvm.com.ar\/noticias-villa-maria\/?p=95256"},"modified":"2024-06-25T21:42:46","modified_gmt":"2024-06-25T21:42:46","slug":"homenaje-a-julio-benitez-los-misteriosos-tuneles-de-barrio-la-calera-que-permanecen-ocultos-y-la-mayoria-desconoce-video","status":"publish","type":"post","link":"https:\/\/elregionalvm.com.ar\/noticias-villa-maria\/homenaje-a-julio-benitez-los-misteriosos-tuneles-de-barrio-la-calera-que-permanecen-ocultos-y-la-mayoria-desconoce-video\/","title":{"rendered":"[Homenaje a Julio Ben\u00edtez] Los misteriosos t\u00faneles de Barrio La Calera que permanecen ocultos y la mayor\u00eda desconoce (VIDEO)"},"content":{"rendered":"\n<h3 class=\"wp-block-heading\"><strong>Don Julio Ben\u00edtez, hist\u00f3rico colaborador de EL REGIONAL, primero en su formato semanal en papel y luego en su versi\u00f3n digital, ya no est\u00e1 entre nosotros. Pero, dej\u00f3 un legado extenso de recuerdos, an\u00e9cdotas e historias que rescat\u00f3 a lo largo de los \u00faltimos veinte a\u00f1os. A modo de homenaje, repasaremos algunas de sus notas m\u00e1s destacadas durante una semana. El comienzo es con este texto que revela los sorprendentes t\u00faneles hallados en una propiedad de un vecino villamariense. La invitaci\u00f3n es para disfrutar y sorprenderse.<\/strong><\/h3>\n\n\n\n<p><\/p>\n\n\n\n<p><strong>Escribe: Julio A. Ben\u00edtez \u2013 benitezjulioalberto@gmail.com<\/strong><\/p>\n\n\n\n<p><\/p>\n\n\n\n<p>Siempre se dijo que en Villa Mar\u00eda hab\u00eda diferentes t\u00faneles, m\u00e1s all\u00e1 del paso peatonal de los Hermanos Seco.<\/p>\n\n\n\n<p>Desde esferas oficiales se descart\u00f3 esa informaci\u00f3n.<\/p>\n\n\n\n<p>Pero, <strong>El Regional<\/strong> te muestra en exclusivo el interior de los t\u00faneles ubicados en Barrio La Calera.<\/p>\n\n\n\n<p>Hoy tapados por sedimentos y basura acumulados a lo largo del tiempo, estos pasos subterr\u00e1neos habr\u00edan pertenecido a una \u201ccalera\u201d, una f\u00e1brica de cal que funcionar\u00eda durante muchos a\u00f1os en ese sector.<\/p>\n\n\n\n<p>Estos pasadizos se encuentran en una propiedad ubicada en la manzana comprendida entre las calles De\u00e1n Funes, Arenales, Granaderos Argentinos y Juan Jos\u00e9 Castelli.<\/p>\n\n\n\n<p><\/p>\n\n\n\n<figure class=\"wp-block-gallery has-nested-images columns-default is-cropped wp-block-gallery-1 is-layout-flex wp-block-gallery-is-layout-flex\">\n<figure class=\"wp-block-image size-large\"><img data-recalc-dims=\"1\" fetchpriority=\"high\" decoding=\"async\" width=\"768\" height=\"1024\" data-id=\"53437\" src=\"https:\/\/i0.wp.com\/elregionalvm.com.ar\/noticias-villa-maria\/wp-content\/uploads\/2022\/03\/Entrada-provisoria-al-lugar-de-los-tuneles.jpg?resize=768%2C1024&#038;ssl=1\" alt=\"\" class=\"wp-image-53437\" srcset=\"https:\/\/i0.wp.com\/elregionalvm.com.ar\/noticias-villa-maria\/wp-content\/uploads\/2022\/03\/Entrada-provisoria-al-lugar-de-los-tuneles.jpg?resize=768%2C1024&amp;ssl=1 768w, https:\/\/i0.wp.com\/elregionalvm.com.ar\/noticias-villa-maria\/wp-content\/uploads\/2022\/03\/Entrada-provisoria-al-lugar-de-los-tuneles.jpg?resize=225%2C300&amp;ssl=1 225w, https:\/\/i0.wp.com\/elregionalvm.com.ar\/noticias-villa-maria\/wp-content\/uploads\/2022\/03\/Entrada-provisoria-al-lugar-de-los-tuneles.jpg?w=929&amp;ssl=1 929w\" sizes=\"(max-width: 768px) 100vw, 768px\" \/><figcaption class=\"wp-element-caption\"><br><br><br><br><br><br><br><br><em><em>Ingreso provisorio a los t\u00faneles.<\/em><\/em><\/figcaption><\/figure>\n\n\n\n<figure class=\"wp-block-image size-large\"><img data-recalc-dims=\"1\" decoding=\"async\" width=\"768\" height=\"1024\" data-id=\"53438\" src=\"https:\/\/i0.wp.com\/elregionalvm.com.ar\/noticias-villa-maria\/wp-content\/uploads\/2022\/03\/Tuneles-La-Calera-vertical.jpg?resize=768%2C1024&#038;ssl=1\" alt=\"\" class=\"wp-image-53438\" srcset=\"https:\/\/i0.wp.com\/elregionalvm.com.ar\/noticias-villa-maria\/wp-content\/uploads\/2022\/03\/Tuneles-La-Calera-vertical-scaled.jpg?resize=768%2C1024&amp;ssl=1 768w, https:\/\/i0.wp.com\/elregionalvm.com.ar\/noticias-villa-maria\/wp-content\/uploads\/2022\/03\/Tuneles-La-Calera-vertical-scaled.jpg?resize=225%2C300&amp;ssl=1 225w, https:\/\/i0.wp.com\/elregionalvm.com.ar\/noticias-villa-maria\/wp-content\/uploads\/2022\/03\/Tuneles-La-Calera-vertical-scaled.jpg?resize=1152%2C1536&amp;ssl=1 1152w, https:\/\/i0.wp.com\/elregionalvm.com.ar\/noticias-villa-maria\/wp-content\/uploads\/2022\/03\/Tuneles-La-Calera-vertical-scaled.jpg?resize=1536%2C2048&amp;ssl=1 1536w, https:\/\/i0.wp.com\/elregionalvm.com.ar\/noticias-villa-maria\/wp-content\/uploads\/2022\/03\/Tuneles-La-Calera-vertical-scaled.jpg?w=1920&amp;ssl=1 1920w\" sizes=\"(max-width: 768px) 100vw, 768px\" \/><figcaption class=\"wp-element-caption\"><em>El acceso es a trav\u00e9s de una escalera. <\/em><\/figcaption><\/figure>\n<\/figure>\n\n\n\n<p><\/p>\n\n\n\n<p>En 1905 comenz\u00f3 a instalarse la firma \u201cHornos de Cal de Enrique de Stoecklin\u201d. Luego, fue comprado por un propietario de otras caleras en la provincia. Pas\u00f3 por distintas manos hasta que la f\u00e1brica cerr\u00f3.<\/p>\n\n\n\n<p>Hoy, quedan como testimonio tres t\u00faneles perfectamente armados. Son fiel testigo de que all\u00ed, hace m\u00e1s de 115 a\u00f1os, el trabajo se desarrollaba con los adelantos t\u00e9cnicos de la \u00e9poca.<\/p>\n\n\n\n<p>Su altura es de unos 2 metros aproximadamente.<\/p>\n\n\n\n<p>Se cree que uno se utilizaba para llevar el producto a las v\u00edas del ex Ferrocarril Central Argentino, para cargar en los vagones.<\/p>\n\n\n\n<p>Los otros dos t\u00faneles, con salida a las calles laterales en aquellos momentos, se usaban para la entrada de la le\u00f1a.<\/p>\n\n\n\n<p><strong>\u00bfT\u00faneles hacia d\u00f3nde?<\/strong><\/p>\n\n\n\n<p>Dichos t\u00faneles, a\u00fan perfectamente armados, son fiel testigo de que all\u00ed, hace m\u00e1s de 115 a\u00f1os, el trabajo se desarrollaba con los adelantos t\u00e9cnicos de la \u00e9poca, utilizando uno para llevar el producto a las v\u00edas del ex Ferrocarril Central Argentino para cargar en los vagones con destino a distintos lugares de su recorrido.<\/p>\n\n\n\n<p>Los otros dos t\u00faneles, con salida a las calles laterales en aquellos momentos, se usaban para la entrada de la le\u00f1a. Como se puede apreciar en las fotograf\u00edas, los tres est\u00e1n en perfecto estado de conservaci\u00f3n.<\/p>\n\n\n\n<p><\/p>\n\n\n\n<h4 class=\"wp-block-heading\"><strong>Mir\u00e1 el video: <\/strong><\/h4>\n\n\n\n<p><\/p>\n\n\n\n<figure class=\"wp-block-embed is-type-video is-provider-youtube wp-block-embed-youtube wp-embed-aspect-16-9 wp-has-aspect-ratio\"><div class=\"wp-block-embed__wrapper\">\n<iframe title=\"[Misterio y olvido en Villa Mar\u00eda] Los desconocidos t\u00faneles de Barrio La Calera\" width=\"500\" height=\"281\" src=\"https:\/\/www.youtube.com\/embed\/F0R29UA3d3w?feature=oembed\" frameborder=\"0\" allow=\"accelerometer; autoplay; clipboard-write; encrypted-media; gyroscope; picture-in-picture; web-share\" referrerpolicy=\"strict-origin-when-cross-origin\" allowfullscreen><\/iframe>\n<\/div><\/figure>\n\n\n\n<p><\/p>\n\n\n\n<p>Como podemos ver tambi\u00e9n en las fotograf\u00edas, dichos t\u00faneles, con el transcurrir de los a\u00f1os, se fueron tapando con residuos, y, adem\u00e1s con la tierra que el agua de las lluvias fue arrastrando, pero el espacio para que el personal se pudiera mover c\u00f3modamente, era de unos 2 metros de alto.<\/p>\n\n\n\n<p>En el patio del terreno privado, existen dos carretillas de mano que por su estado fueron, sin duda alguna, utilizadas en el distinto movimiento de los materiales con que funcionaba la f\u00e1brica de cal.<\/p>\n\n\n\n<p><strong>\u00bfPatrimonio hist\u00f3rico?<\/strong><\/p>\n\n\n\n<p>Este medio consult\u00f3 en 2022  sobre el tema al arquitecto Hugo Las Heras, entonces titular de la Direcci\u00f3n de Patrimonio Hist\u00f3rico del municipio villamariense.<\/p>\n\n\n\n<p>El funcionario se mostr\u00f3 interesado por \u201cabrir, descubrir esos t\u00faneles, si es que lo son; hacer una historia e incorporarlo al patrimonio de la ciudad\u201d.<\/p>\n\n\n\n<p>Las Heras indic\u00f3 que en un momento sostuvo que no hab\u00eda t\u00faneles en Villa Mar\u00eda, m\u00e1s all\u00e1 del pasadizo de los Hermanos Seco. Y dio sus razones.<\/p>\n\n\n\n<p>\u201cLos que hemos encontrado son cavas, por ejemplo, en el Concejo Deliberante y otra chiquita en la capilla San Antonio. Hay una confusi\u00f3n respecto de los t\u00faneles porque en muchas casas se usaban en los s\u00f3tanos unos pasadizos para resguardar los alimentos. Eran como habitaciones subterr\u00e1neas en viviendas de finales de siglo XIX\u201d, explic\u00f3.<\/p>\n\n\n\n<p>\u201cSe dicen muchas cosas, pero nunca descubrimos t\u00faneles, s\u00ed s\u00f3tanos con cavas que tienen arcadas, pero que terminaban en la medianera de la casa de al lado\u201d, acot\u00f3.<\/p>\n\n\n\n<p>\u00bfEstaremos frente a t\u00faneles como todo pareciera indicar en Barrio La Calera? \u00bfO ser\u00e1n s\u00f3tanos o pasadizos que no conducen a ninguna parte?<\/p>\n\n\n\n<p>Nuestro trabajo es mostrar el hallazgo. El resto ser\u00e1 tarea de especialistas.<\/p>\n\n\n\n<p><\/p>\n\n\n\n<figure class=\"wp-block-gallery has-nested-images columns-default is-cropped wp-block-gallery-2 is-layout-flex wp-block-gallery-is-layout-flex\">\n<figure class=\"wp-block-image size-large\"><img data-recalc-dims=\"1\" decoding=\"async\" width=\"1024\" height=\"768\" data-id=\"53447\" src=\"https:\/\/i0.wp.com\/elregionalvm.com.ar\/noticias-villa-maria\/wp-content\/uploads\/2022\/03\/Tuneles-La-Calera-1.jpg?resize=1024%2C768&#038;ssl=1\" alt=\"\" class=\"wp-image-53447\" srcset=\"https:\/\/i0.wp.com\/elregionalvm.com.ar\/noticias-villa-maria\/wp-content\/uploads\/2022\/03\/Tuneles-La-Calera-1-scaled.jpg?resize=1024%2C768&amp;ssl=1 1024w, https:\/\/i0.wp.com\/elregionalvm.com.ar\/noticias-villa-maria\/wp-content\/uploads\/2022\/03\/Tuneles-La-Calera-1-scaled.jpg?resize=300%2C225&amp;ssl=1 300w, https:\/\/i0.wp.com\/elregionalvm.com.ar\/noticias-villa-maria\/wp-content\/uploads\/2022\/03\/Tuneles-La-Calera-1-scaled.jpg?resize=768%2C576&amp;ssl=1 768w, https:\/\/i0.wp.com\/elregionalvm.com.ar\/noticias-villa-maria\/wp-content\/uploads\/2022\/03\/Tuneles-La-Calera-1-scaled.jpg?resize=1536%2C1152&amp;ssl=1 1536w, https:\/\/i0.wp.com\/elregionalvm.com.ar\/noticias-villa-maria\/wp-content\/uploads\/2022\/03\/Tuneles-La-Calera-1-scaled.jpg?resize=2048%2C1536&amp;ssl=1 2048w\" sizes=\"(max-width: 1000px) 100vw, 1000px\" \/><\/figure>\n\n\n\n<figure class=\"wp-block-image size-large\"><img data-recalc-dims=\"1\" loading=\"lazy\" decoding=\"async\" width=\"1024\" height=\"768\" data-id=\"53448\" src=\"https:\/\/i0.wp.com\/elregionalvm.com.ar\/noticias-villa-maria\/wp-content\/uploads\/2022\/03\/Tuneles-La-Calera-4.jpg?resize=1024%2C768&#038;ssl=1\" alt=\"\" class=\"wp-image-53448\" srcset=\"https:\/\/i0.wp.com\/elregionalvm.com.ar\/noticias-villa-maria\/wp-content\/uploads\/2022\/03\/Tuneles-La-Calera-4-scaled.jpg?resize=1024%2C768&amp;ssl=1 1024w, https:\/\/i0.wp.com\/elregionalvm.com.ar\/noticias-villa-maria\/wp-content\/uploads\/2022\/03\/Tuneles-La-Calera-4-scaled.jpg?resize=300%2C225&amp;ssl=1 300w, https:\/\/i0.wp.com\/elregionalvm.com.ar\/noticias-villa-maria\/wp-content\/uploads\/2022\/03\/Tuneles-La-Calera-4-scaled.jpg?resize=768%2C576&amp;ssl=1 768w, https:\/\/i0.wp.com\/elregionalvm.com.ar\/noticias-villa-maria\/wp-content\/uploads\/2022\/03\/Tuneles-La-Calera-4-scaled.jpg?resize=1536%2C1152&amp;ssl=1 1536w, https:\/\/i0.wp.com\/elregionalvm.com.ar\/noticias-villa-maria\/wp-content\/uploads\/2022\/03\/Tuneles-La-Calera-4-scaled.jpg?resize=2048%2C1536&amp;ssl=1 2048w\" sizes=\"(max-width: 1000px) 100vw, 1000px\" \/><\/figure>\n\n\n\n<figure class=\"wp-block-image size-large\"><img data-recalc-dims=\"1\" loading=\"lazy\" decoding=\"async\" width=\"1024\" height=\"768\" data-id=\"53445\" src=\"https:\/\/i0.wp.com\/elregionalvm.com.ar\/noticias-villa-maria\/wp-content\/uploads\/2022\/03\/Tuneles-La-Calera-3.jpg?resize=1024%2C768&#038;ssl=1\" alt=\"\" class=\"wp-image-53445\" srcset=\"https:\/\/i0.wp.com\/elregionalvm.com.ar\/noticias-villa-maria\/wp-content\/uploads\/2022\/03\/Tuneles-La-Calera-3-scaled.jpg?resize=1024%2C768&amp;ssl=1 1024w, https:\/\/i0.wp.com\/elregionalvm.com.ar\/noticias-villa-maria\/wp-content\/uploads\/2022\/03\/Tuneles-La-Calera-3-scaled.jpg?resize=300%2C225&amp;ssl=1 300w, https:\/\/i0.wp.com\/elregionalvm.com.ar\/noticias-villa-maria\/wp-content\/uploads\/2022\/03\/Tuneles-La-Calera-3-scaled.jpg?resize=768%2C576&amp;ssl=1 768w, https:\/\/i0.wp.com\/elregionalvm.com.ar\/noticias-villa-maria\/wp-content\/uploads\/2022\/03\/Tuneles-La-Calera-3-scaled.jpg?resize=1536%2C1152&amp;ssl=1 1536w, https:\/\/i0.wp.com\/elregionalvm.com.ar\/noticias-villa-maria\/wp-content\/uploads\/2022\/03\/Tuneles-La-Calera-3-scaled.jpg?resize=2048%2C1536&amp;ssl=1 2048w\" sizes=\"(max-width: 1000px) 100vw, 1000px\" \/><\/figure>\n\n\n\n<figure class=\"wp-block-image size-large\"><img data-recalc-dims=\"1\" loading=\"lazy\" decoding=\"async\" width=\"1024\" height=\"768\" data-id=\"53446\" src=\"https:\/\/i0.wp.com\/elregionalvm.com.ar\/noticias-villa-maria\/wp-content\/uploads\/2022\/03\/Tuneles-La-Calera-2.jpg?resize=1024%2C768&#038;ssl=1\" alt=\"\" class=\"wp-image-53446\" srcset=\"https:\/\/i0.wp.com\/elregionalvm.com.ar\/noticias-villa-maria\/wp-content\/uploads\/2022\/03\/Tuneles-La-Calera-2-scaled.jpg?resize=1024%2C768&amp;ssl=1 1024w, https:\/\/i0.wp.com\/elregionalvm.com.ar\/noticias-villa-maria\/wp-content\/uploads\/2022\/03\/Tuneles-La-Calera-2-scaled.jpg?resize=300%2C225&amp;ssl=1 300w, https:\/\/i0.wp.com\/elregionalvm.com.ar\/noticias-villa-maria\/wp-content\/uploads\/2022\/03\/Tuneles-La-Calera-2-scaled.jpg?resize=768%2C576&amp;ssl=1 768w, https:\/\/i0.wp.com\/elregionalvm.com.ar\/noticias-villa-maria\/wp-content\/uploads\/2022\/03\/Tuneles-La-Calera-2-scaled.jpg?resize=1536%2C1152&amp;ssl=1 1536w, https:\/\/i0.wp.com\/elregionalvm.com.ar\/noticias-villa-maria\/wp-content\/uploads\/2022\/03\/Tuneles-La-Calera-2-scaled.jpg?resize=2048%2C1536&amp;ssl=1 2048w\" sizes=\"(max-width: 1000px) 100vw, 1000px\" \/><\/figure>\n<\/figure>\n\n\n\n<p><\/p>\n\n\n\n<p><strong>La historia detr\u00e1s de los t\u00faneles<\/strong><\/p>\n\n\n\n<p>Tratar de comprender y explicar lo que sucedi\u00f3 en una poblaci\u00f3n a trav\u00e9s del tiempo es un desaf\u00edo que siempre nos atrae, y la Historia busca, justamente, eso, para encontrar un orden dentro del aparente caos en que se fueron dando los acontecimientos, y poder, as\u00ed, aproximarnos a esos momentos lejanos y ajenos a nuestra realidad, siendo necesario hacer un esfuerzo de imaginaci\u00f3n para poder ubicarnos en aquellos tiempos.<\/p>\n\n\n\n<p>Y de acuerdo a lo manifestado al comienzo de esta nota, recordemos que nuestra actual Villa Mar\u00eda, fue en sus comienzos una aldea, luego una villa para ser declarada ciudad en el a\u00f1o 1915, con l\u00edneas de los ferrocarriles Central Argentino, el Andino y el de la compa\u00f1\u00eda francesa Santa Fe.<\/p>\n\n\n\n<p>Y aquella aldea rodeada de bosques que parec\u00edan interminables, fueron interesantes lugares para inversionistas que compraron terrenos o sitios como figuran en antiguas escrituras, por ejemplo, la \u201cCompa\u00f1\u00eda de Tabacos Nobleza Piccardo y C\u00eda.\u201d, de Buenos Aires, fundada a fines del siglo XIX, fraccionadora del tabaco de los cigarrillos \u201c43\u201d.<\/p>\n\n\n\n<p>Esta firma adquiri\u00f3 una fracci\u00f3n de terreno, ubicada, de acuerdo al plano original, al NO de la l\u00ednea demarcatoria fijada por la Municipalidad (Art.1. \u201cA\u201d), al NE por la actual avenida Coronel A. del V. Larrabure y calle Granaderos Argentinos, al SE por bulevar V\u00e9lez Sarsfield y al SO por avenida Amadeo Sabatini.<\/p>\n\n\n\n<p>No encontramos en nuestro archivo la superficie de tal compra, pero seg\u00fan planos actuales el espacio comprender\u00eda unas 14\/15 manzanas, que forman un tri\u00e1ngulo irregular.<\/p>\n\n\n\n<p><\/p>\n\n\n\n<figure class=\"wp-block-embed is-type-video is-provider-youtube wp-block-embed-youtube wp-embed-aspect-16-9 wp-has-aspect-ratio\"><div class=\"wp-block-embed__wrapper\">\n<iframe title=\"[Misterio y olvido en Villa Mar\u00eda]  Los desconocidos t\u00faneles de Barrio La Calera - El ingreso\" width=\"500\" height=\"281\" src=\"https:\/\/www.youtube.com\/embed\/QaQD3tfEZao?feature=oembed\" frameborder=\"0\" allow=\"accelerometer; autoplay; clipboard-write; encrypted-media; gyroscope; picture-in-picture; web-share\" referrerpolicy=\"strict-origin-when-cross-origin\" allowfullscreen><\/iframe>\n<\/div><\/figure>\n\n\n\n<p><\/p>\n\n\n\n<p>Nos ayuda a comenzar con esta historia, un recorte de \u201cEl Diario del Sur de C\u00f3rdoba\u201d, del viernes 10 de julio de 1987, de una nota realizada a la se\u00f1ora Micaela de Sol\u00eds quien manifestaba que:<\/p>\n\n\n\n<p>\u201cEl barrio exist\u00eda desde 1890, habiendo por entonces no m\u00e1s de cuatro casas y en los terrenos lindantes al cementerio exist\u00edan hornos de ladrillos donde trabajaban obreros de otros lugares de la regi\u00f3n\u201d. (Material proporcionado por la oficina del \u201cPatrimonio Hist\u00f3rico de la ciudad de Villa Mar\u00eda\u201d. Atenci\u00f3n que agradecemos).<\/p>\n\n\n\n<p><\/p>\n\n\n\n<figure class=\"wp-block-image size-large\"><img data-recalc-dims=\"1\" loading=\"lazy\" decoding=\"async\" width=\"1024\" height=\"617\" src=\"https:\/\/i0.wp.com\/elregionalvm.com.ar\/noticias-villa-maria\/wp-content\/uploads\/2022\/03\/Restos-del-horno-Foto-El-Diario-10-07-1987-1024x617.jpg?resize=1024%2C617&#038;ssl=1\" alt=\"\" class=\"wp-image-53433\" srcset=\"https:\/\/elregionalvm.com.ar\/noticias-villa-maria\/wp-content\/uploads\/2022\/03\/Restos-del-horno-Foto-El-Diario-10-07-1987.bmp 1024w, https:\/\/elregionalvm.com.ar\/noticias-villa-maria\/wp-content\/uploads\/2022\/03\/Restos-del-horno-Foto-El-Diario-10-07-1987.bmp 300w, https:\/\/elregionalvm.com.ar\/noticias-villa-maria\/wp-content\/uploads\/2022\/03\/Restos-del-horno-Foto-El-Diario-10-07-1987.bmp 768w, https:\/\/elregionalvm.com.ar\/noticias-villa-maria\/wp-content\/uploads\/2022\/03\/Restos-del-horno-Foto-El-Diario-10-07-1987.bmp 1323w\" sizes=\"(max-width: 1000px) 100vw, 1000px\" \/><\/figure>\n\n\n\n<p><\/p>\n\n\n\n<p><strong>La f\u00e1brica de cal<\/strong><\/p>\n\n\n\n<p>A comienzos del siglo XX, con mayor precisi\u00f3n, en el a\u00f1o 1905, mientras el casco c\u00e9ntrico de la ciudad era el escenario de los sucesos revolucionarios que contribu\u00edan a promover acentuadas desinteligencias municipales de nuestra clase dirigente, en un sector alejado de aquel radio comercial, con m\u00e1s caracter\u00edsticas rurales que urbanas, la empresa \u201cHornos de Cal de Enrique de Stoecklin\u201d comenz\u00f3 a instalar uno.<\/p>\n\n\n\n<p>Present\u00f3 la solicitud del permiso a las autoridades municipales el 2 de noviembre de 1905, indicando que construir\u00eda unos 10 metros de v\u00eda Decauville que acortar\u00eda el camino para llegar a la l\u00ednea del Ferrocarril Central Argentino, porque es el camino que pasa cerca del horno, a m\u00e1s o menos 300 metros del cementerio y la v\u00eda Decauville, que, saliendo de la f\u00e1brica, cortar\u00eda derecho para llegar a la l\u00ednea ferroviaria. En total 10 metros de v\u00eda sobre camino municipal, sin cambio de nivel.<\/p>\n\n\n\n<p><\/p>\n\n\n\n<figure class=\"wp-block-image size-large\"><img data-recalc-dims=\"1\" loading=\"lazy\" decoding=\"async\" width=\"1024\" height=\"768\" src=\"https:\/\/i0.wp.com\/elregionalvm.com.ar\/noticias-villa-maria\/wp-content\/uploads\/2022\/03\/Construccion-en-el-lugar-donde-estaba-el-horno_.jpg?resize=1024%2C768&#038;ssl=1\" alt=\"\" class=\"wp-image-53435\" srcset=\"https:\/\/i0.wp.com\/elregionalvm.com.ar\/noticias-villa-maria\/wp-content\/uploads\/2022\/03\/Construccion-en-el-lugar-donde-estaba-el-horno_.jpg?resize=1024%2C768&amp;ssl=1 1024w, https:\/\/i0.wp.com\/elregionalvm.com.ar\/noticias-villa-maria\/wp-content\/uploads\/2022\/03\/Construccion-en-el-lugar-donde-estaba-el-horno_.jpg?resize=300%2C225&amp;ssl=1 300w, https:\/\/i0.wp.com\/elregionalvm.com.ar\/noticias-villa-maria\/wp-content\/uploads\/2022\/03\/Construccion-en-el-lugar-donde-estaba-el-horno_.jpg?resize=768%2C576&amp;ssl=1 768w, https:\/\/i0.wp.com\/elregionalvm.com.ar\/noticias-villa-maria\/wp-content\/uploads\/2022\/03\/Construccion-en-el-lugar-donde-estaba-el-horno_.jpg?w=1032&amp;ssl=1 1032w\" sizes=\"(max-width: 1000px) 100vw, 1000px\" \/><figcaption class=\"wp-element-caption\"><em><strong>Vivienda construida donde se encontraba el horno de la calera. En el costado izquierdo, se encuentra el acceso a\u00a0los t\u00faneles.<\/strong><\/em><\/figcaption><\/figure>\n\n\n\n<p><\/p>\n\n\n\n<p>Popularmente se lo conoci\u00f3 como barrio \u201cLa Calera\u201d, f\u00e1brica de cal a la que la estancia \u201cLa Vera\u201d, de los pol\u00edticos socialistas Juan B. Justo y Nicol\u00e1s Repetto, le prove\u00eda de le\u00f1a de algarrobo.<\/p>\n\n\n\n<p>Dicha industria vend\u00eda cal en la ciudad y zona de influencia y, adem\u00e1s, enviaba su producci\u00f3n a las poblaciones de la l\u00ednea ferroviaria que un\u00eda Villa Mar\u00eda con R\u00edo Cuarto y por el de Santa Fe, los pueblos de la l\u00ednea Villa Mar\u00eda a San Francisco tambi\u00e9n estaban provistos del material.<\/p>\n\n\n\n<p>La mara\u00f1a de caminitos surcaba la espesura de las malezas donde, de tramo en tramo, alguna casucha humilde denunciaba la presencia humana y a la vez la proximidad de un horno de ladrillos.<\/p>\n\n\n\n<p>La autorizaci\u00f3n para aquella solicitud del 2 de noviembre de 1905 reci\u00e9n fue concedida en la sesi\u00f3n del Concejo Deliberante del 3 de diciembre de 1908, es decir tres a\u00f1os, un mes y un d\u00eda despu\u00e9s de la fecha en que fue solicitado el permiso.<\/p>\n\n\n\n<p><strong>Nuevos due\u00f1os<\/strong><\/p>\n\n\n\n<p>Aquel primitivo n\u00facleo de habitantes se fue compactando y, para 1916, se lo conoci\u00f3 tambi\u00e9n como \u201cPueblo Piccardo o Picardo\u201d, cuyas caracter\u00edsticas sociales fueron la falta de todos los servicios y, por lo tanto, exento de impuestos municipales, situaci\u00f3n que continu\u00f3 invariable durante muchos a\u00f1os siendo, al mismo tiempo, el barrio m\u00e1s postergado de Villa Mar\u00eda en cuanto a la prestaci\u00f3n del servicio de electricidad.<\/p>\n\n\n\n<p>En 1932, otros terrenos del lugar fueron comprados por Ponce de Le\u00f3n, siendo una zona de fronteras imprecisas, y la familia Gorosito (Ger\u00f3nimo, Ciriaco, Mar\u00eda In\u00e9s, Bibiana Gorosito de Ponce Le\u00f3n, Mar\u00eda Gorosito de \u00c1lvez, Clotilde Gorosito y Clotilde Fern\u00e1ndez de Gorosito) estaba comprendida dentro de la zona de ampliaci\u00f3n del cementerio.<\/p>\n\n\n\n<p>Aproximadamente, a fines de la d\u00e9cada de 1930, el horno fue comprado por Pedro Cavaller y C\u00eda., quien ya ten\u00eda hornos en las sierras, como De\u00e1n Funes, La Calera, La Cumbre y Concepci\u00f3n, quien continu\u00f3 ocupando a los mismos trabajadores del anterior propietario, d\u00e1ndole gran movilidad al sector aleda\u00f1o a la f\u00e1brica de cal villamariense.<\/p>\n\n\n\n<p>Se fueron asentando las familias de los obreros de la calera y tambi\u00e9n de changarines que ofrec\u00edan mano de obra barata para circunstanciales labores. Eran, casi todas, viviendas transitorias, dispuestas irregularmente en los bald\u00edos, sin demarcaci\u00f3n de calles que no fueran otras que los recordados \u201ccaminitos\u201d que se fueron formando con el ir y venir de los vecinos que por all\u00ed resid\u00edan.<\/p>\n\n\n\n<p><\/p>\n\n\n\n<figure class=\"wp-block-gallery has-nested-images columns-default is-cropped wp-block-gallery-3 is-layout-flex wp-block-gallery-is-layout-flex\">\n<figure class=\"wp-block-image size-large\"><img data-recalc-dims=\"1\" loading=\"lazy\" decoding=\"async\" width=\"620\" height=\"826\" data-id=\"53440\" src=\"https:\/\/i0.wp.com\/elregionalvm.com.ar\/noticias-villa-maria\/wp-content\/uploads\/2022\/03\/Resto-de-una-carretilla-de-1905.jpg?resize=620%2C826&#038;ssl=1\" alt=\"\" class=\"wp-image-53440\" srcset=\"https:\/\/i0.wp.com\/elregionalvm.com.ar\/noticias-villa-maria\/wp-content\/uploads\/2022\/03\/Resto-de-una-carretilla-de-1905.jpg?w=620&amp;ssl=1 620w, https:\/\/i0.wp.com\/elregionalvm.com.ar\/noticias-villa-maria\/wp-content\/uploads\/2022\/03\/Resto-de-una-carretilla-de-1905.jpg?resize=225%2C300&amp;ssl=1 225w\" sizes=\"(max-width: 620px) 100vw, 620px\" \/><figcaption class=\"wp-element-caption\"><em>Restos de carretillas que ser\u00edan de principios de siglo 20.<\/em><br><br><\/figcaption><\/figure>\n\n\n\n<figure class=\"wp-block-image size-large\"><img data-recalc-dims=\"1\" loading=\"lazy\" decoding=\"async\" width=\"620\" height=\"826\" data-id=\"53439\" src=\"https:\/\/i0.wp.com\/elregionalvm.com.ar\/noticias-villa-maria\/wp-content\/uploads\/2022\/03\/Otra-carretilla-mismo-ano.jpg?resize=620%2C826&#038;ssl=1\" alt=\"\" class=\"wp-image-53439\" srcset=\"https:\/\/i0.wp.com\/elregionalvm.com.ar\/noticias-villa-maria\/wp-content\/uploads\/2022\/03\/Otra-carretilla-mismo-ano.jpg?w=620&amp;ssl=1 620w, https:\/\/i0.wp.com\/elregionalvm.com.ar\/noticias-villa-maria\/wp-content\/uploads\/2022\/03\/Otra-carretilla-mismo-ano.jpg?resize=225%2C300&amp;ssl=1 225w\" sizes=\"(max-width: 620px) 100vw, 620px\" \/><\/figure>\n<\/figure>\n\n\n\n<p><\/p>\n\n\n\n<p><strong>Crecimiento del barrio<\/strong><\/p>\n\n\n\n<p>La lenta incorporaci\u00f3n de algunos servicios municipales (desmalezamiento y recolecci\u00f3n de residuos) y la presencia de la Escuela Domingo Faustino Sarmiento, contribuyeron a mejorar algunos aspectos tradicionales del barrio.<\/p>\n\n\n\n<p>La propia instituci\u00f3n educativa, a trav\u00e9s de su cooperadora, se preocup\u00f3 por solucionar los m\u00e1s afligentes problemas comunitarios. La evoluci\u00f3n fue lenta, casi insensible, en un tiempo que transcurri\u00f3 sin urgencias.<\/p>\n\n\n\n<p>Desde 1954 el barrio pas\u00f3 a denominarse \u201cGeneral Roca\u201d, hasta la d\u00e9cada de 1980, que volvi\u00f3 a llamarse \u201cBarrio La Calera\u201d, cuando esos terrenos fueron administrados por la Municipalidad y se permiti\u00f3 a los vecinos sin vivienda de la zona, que all\u00ed se afincaran, construyendo sus propias casas.<\/p>\n\n\n\n<p>Se mostr\u00f3 por aquellos a\u00f1os como \u201cbarrio migratorio\u201d, especialmente de varones, y el nivel de instrucci\u00f3n se correspond\u00eda con tercer grado y exist\u00eda un 11.9% de analfabetos.<\/p>\n\n\n\n<p>Luego la f\u00e1brica fue adquirida por el se\u00f1or J. G\u00edtter, empleado administrativo del anterior propietario, quien la transfiri\u00f3 a terceros, que al poco tiempo dejaron de producir y la cerraron, no conoci\u00e9ndose la fecha del cese de actividades.<\/p>\n\n\n\n<p><strong>La propiedad donde se hallan los pasadizos<\/strong><\/p>\n\n\n\n<p>Durante las operaciones municipales para el ordenamiento del barrio y luego de haberse planificado su superficie, el se\u00f1or Emilio Fonseca adquiri\u00f3, en el 2018, un terreno interior, en la manzana comprendida entre las calles De\u00e1n Funes, Arenales, Granaderos Argentinos y Juan Jos\u00e9 Castelli.<\/p>\n\n\n\n<p>Est\u00e1 ubicado exactamente en el lugar donde anteriormente funcion\u00f3 la f\u00e1brica de cal, con la piedra que se tra\u00eda desde San Agust\u00edn.<\/p>\n\n\n\n<p><\/p>\n\n\n\n<figure class=\"wp-block-gallery has-nested-images columns-default is-cropped wp-block-gallery-4 is-layout-flex wp-block-gallery-is-layout-flex\">\n<figure class=\"wp-block-image size-large\"><img data-recalc-dims=\"1\" loading=\"lazy\" decoding=\"async\" width=\"620\" height=\"826\" data-id=\"53443\" src=\"https:\/\/i0.wp.com\/elregionalvm.com.ar\/noticias-villa-maria\/wp-content\/uploads\/2022\/03\/Ladrillo-refractario-importado.jpg?resize=620%2C826&#038;ssl=1\" alt=\"\" class=\"wp-image-53443\" srcset=\"https:\/\/i0.wp.com\/elregionalvm.com.ar\/noticias-villa-maria\/wp-content\/uploads\/2022\/03\/Ladrillo-refractario-importado.jpg?w=620&amp;ssl=1 620w, https:\/\/i0.wp.com\/elregionalvm.com.ar\/noticias-villa-maria\/wp-content\/uploads\/2022\/03\/Ladrillo-refractario-importado.jpg?resize=225%2C300&amp;ssl=1 225w\" sizes=\"(max-width: 620px) 100vw, 620px\" \/><figcaption class=\"wp-element-caption\"><em>Ladrillos importados hallados por el \u00faltimo propietario del terreno.<\/em><\/figcaption><\/figure>\n\n\n\n<figure class=\"wp-block-image size-large\"><img data-recalc-dims=\"1\" loading=\"lazy\" decoding=\"async\" width=\"768\" height=\"1024\" data-id=\"53442\" src=\"https:\/\/i0.wp.com\/elregionalvm.com.ar\/noticias-villa-maria\/wp-content\/uploads\/2022\/03\/Ladrillo-calder.jpg?resize=768%2C1024&#038;ssl=1\" alt=\"\" class=\"wp-image-53442\" srcset=\"https:\/\/i0.wp.com\/elregionalvm.com.ar\/noticias-villa-maria\/wp-content\/uploads\/2022\/03\/Ladrillo-calder.jpg?resize=768%2C1024&amp;ssl=1 768w, https:\/\/i0.wp.com\/elregionalvm.com.ar\/noticias-villa-maria\/wp-content\/uploads\/2022\/03\/Ladrillo-calder.jpg?resize=225%2C300&amp;ssl=1 225w, https:\/\/i0.wp.com\/elregionalvm.com.ar\/noticias-villa-maria\/wp-content\/uploads\/2022\/03\/Ladrillo-calder.jpg?w=774&amp;ssl=1 774w\" sizes=\"(max-width: 768px) 100vw, 768px\" \/><\/figure>\n<\/figure>\n\n\n\n<p><\/p>\n\n\n\n<p>Tiempo atr\u00e1s, visitamos al due\u00f1o del terreno, quien tiene apilados unos 500 ladrillos hallados en este sitio, entre ellos comunes c<em>on importados refractarios cuneiformes y otros de arcilla alum\u00ednica de distintas marc<\/em>as, como Calder, A. P. Grenn, Wilson British Made y Riam-c-c de 22\u00d710 y un baldos\u00f3n del piso, tambi\u00e9n Calder, usados para armar la b\u00f3veda del horno donde se fund\u00eda la piedra caliza.<\/p>\n\n\n\n<p>El se\u00f1or Fonseca nos acompa\u00f1\u00f3 y estuvimos en el terreno, donde ya hab\u00eda abierto una entrada al subsuelo. Pesada tarea dado que, para lograr entrar, se encontr\u00f3 con cemento armado.<\/p>\n\n\n\n<p><\/p>\n\n\n\n<p><strong>Este texto se public\u00f3 originalmente en 2022<\/strong><\/p>\n\n\n\n<p><\/p>\n\n\n\n<p><strong>Fuentes:&nbsp;<em>P\u00e1gina web \u201cC\u00f3rdoba de Anta\u00f1o\u201d y \u201cLibro Historia de Villa Mar\u00eda y sus Barrios\u201d del historiador y escritor don Bernardino Calvo.<\/em><\/strong><\/p>\n\n\n\n<p><strong><em>NOTA: Tambi\u00e9n colaboraron con datos primordiales para armar esta nota, los se\u00f1ores Francisco \u201cChiche\u201d Ingaramo y H\u00e9ctor \u201cEl bicicletero\u201d Saavedra, amigo y exvecino de don Emilio Fonseca.\u00a0 Gracias por tan invalorable colaboraci\u00f3n.<\/em><\/strong><\/p>\n\n\n\n<p><strong><em>Las fotograf\u00edas nos han sido proporcionadas por el due\u00f1o de dicho terreno, se\u00f1or Emilio Fonseca, atenci\u00f3n que sinceramente agradecemos<\/em>.<\/strong><\/p>\n\n\n\n<p><strong><em>Fotos y<\/em><\/strong> <strong><em>videos: Germ\u00e1n Giacchero<\/em><\/strong><\/p>\n","protected":false},"excerpt":{"rendered":"<p>Don Julio Ben\u00edtez, hist\u00f3rico colaborador de EL REGIONAL, primero en su formato semanal en papel y luego en su versi\u00f3n digital, ya no est\u00e1 entre nosotros. Pero, dej\u00f3 un legado extenso de recuerdos, an\u00e9cdotas e historias que rescat\u00f3 a lo largo de los \u00faltimos veinte a\u00f1os. A modo de homenaje, repasaremos algunas de sus notas [&hellip;]<\/p>\n","protected":false},"author":4,"featured_media":78446,"comment_status":"open","ping_status":"open","sticky":false,"template":"","format":"standard","meta":{"site-sidebar-layout":"default","site-content-layout":"","ast-site-content-layout":"default","site-content-style":"default","site-sidebar-style":"default","ast-global-header-display":"","ast-banner-title-visibility":"","ast-main-header-display":"","ast-hfb-above-header-display":"","ast-hfb-below-header-display":"","ast-hfb-mobile-header-display":"","site-post-title":"","ast-breadcrumbs-content":"","ast-featured-img":"","footer-sml-layout":"","ast-disable-related-posts":"","theme-transparent-header-meta":"","adv-header-id-meta":"","stick-header-meta":"","header-above-stick-meta":"","header-main-stick-meta":"","header-below-stick-meta":"","astra-migrate-meta-layouts":"set","ast-page-background-enabled":"default","ast-page-background-meta":{"desktop":{"background-color":"","background-image":"","background-repeat":"repeat","background-position":"center center","background-size":"auto","background-attachment":"scroll","background-type":"","background-media":"","overlay-type":"","overlay-color":"","overlay-opacity":"","overlay-gradient":""},"tablet":{"background-color":"","background-image":"","background-repeat":"repeat","background-position":"center center","background-size":"auto","background-attachment":"scroll","background-type":"","background-media":"","overlay-type":"","overlay-color":"","overlay-opacity":"","overlay-gradient":""},"mobile":{"background-color":"","background-image":"","background-repeat":"repeat","background-position":"center center","background-size":"auto","background-attachment":"scroll","background-type":"","background-media":"","overlay-type":"","overlay-color":"","overlay-opacity":"","overlay-gradient":""}},"ast-content-background-meta":{"desktop":{"background-color":"var(--ast-global-color-5)","background-image":"","background-repeat":"repeat","background-position":"center center","background-size":"auto","background-attachment":"scroll","background-type":"","background-media":"","overlay-type":"","overlay-color":"","overlay-opacity":"","overlay-gradient":""},"tablet":{"background-color":"var(--ast-global-color-5)","background-image":"","background-repeat":"repeat","background-position":"center center","background-size":"auto","background-attachment":"scroll","background-type":"","background-media":"","overlay-type":"","overlay-color":"","overlay-opacity":"","overlay-gradient":""},"mobile":{"background-color":"var(--ast-global-color-5)","background-image":"","background-repeat":"repeat","background-position":"center center","background-size":"auto","background-attachment":"scroll","background-type":"","background-media":"","overlay-type":"","overlay-color":"","overlay-opacity":"","overlay-gradient":""}},"_jetpack_memberships_contains_paid_content":false,"_joinchat":[],"footnotes":""},"categories":[2098,3557,2074],"tags":[2586,13982,1008,1666,1018,24010,2702,13978],"class_list":["post-95256","post","type-post","status-publish","format-standard","has-post-thumbnail","hentry","category-historias","category-tercera","category-videos","tag-barrio-la-calera","tag-calera","tag-homenaje","tag-julio-benitez","tag-misterio","tag-patrimonio","tag-tren","tag-tuneles"],"yoast_head":"<!-- This site is optimized with the Yoast SEO plugin v26.8 - https:\/\/yoast.com\/product\/yoast-seo-wordpress\/ -->\n<title>[Homenaje a Julio Ben\u00edtez] Los misteriosos t\u00faneles de Barrio La Calera que permanecen ocultos y la mayor\u00eda desconoce (VIDEO) - El Regional<\/title>\n<meta name=\"robots\" content=\"index, follow, max-snippet:-1, max-image-preview:large, max-video-preview:-1\" \/>\n<link rel=\"canonical\" href=\"https:\/\/elregionalvm.com.ar\/noticias-villa-maria\/homenaje-a-julio-benitez-los-misteriosos-tuneles-de-barrio-la-calera-que-permanecen-ocultos-y-la-mayoria-desconoce-video\/\" \/>\n<meta property=\"og:locale\" content=\"es_ES\" \/>\n<meta property=\"og:type\" content=\"article\" \/>\n<meta property=\"og:title\" content=\"[Homenaje a Julio Ben\u00edtez] Los misteriosos t\u00faneles de Barrio La Calera que permanecen ocultos y la mayor\u00eda desconoce (VIDEO) - El Regional\" \/>\n<meta property=\"og:description\" content=\"Don Julio Ben\u00edtez, hist\u00f3rico colaborador de EL REGIONAL, primero en su formato semanal en papel y luego en su versi\u00f3n digital, ya no est\u00e1 entre nosotros. Pero, dej\u00f3 un legado extenso de recuerdos, an\u00e9cdotas e historias que rescat\u00f3 a lo largo de los \u00faltimos veinte a\u00f1os. A modo de homenaje, repasaremos algunas de sus notas [&hellip;]\" \/>\n<meta property=\"og:url\" content=\"https:\/\/elregionalvm.com.ar\/noticias-villa-maria\/homenaje-a-julio-benitez-los-misteriosos-tuneles-de-barrio-la-calera-que-permanecen-ocultos-y-la-mayoria-desconoce-video\/\" \/>\n<meta property=\"og:site_name\" content=\"El Regional\" \/>\n<meta property=\"article:publisher\" content=\"https:\/\/www.facebook.com\/elregionalvm\" \/>\n<meta property=\"article:published_time\" content=\"2024-06-18T14:38:17+00:00\" \/>\n<meta property=\"article:modified_time\" content=\"2024-06-25T21:42:46+00:00\" \/>\n<meta property=\"og:image\" content=\"https:\/\/elregionalvm.com.ar\/noticias-villa-maria\/wp-content\/uploads\/2023\/06\/Tuneles-La-Calera-escalera-scaled-e1718720520838.jpg\" \/>\n\t<meta property=\"og:image:width\" content=\"1600\" \/>\n\t<meta property=\"og:image:height\" content=\"1458\" \/>\n\t<meta property=\"og:image:type\" content=\"image\/jpeg\" \/>\n<meta name=\"author\" content=\"Contenidos El Regional\" \/>\n<meta name=\"twitter:card\" content=\"summary_large_image\" \/>\n<meta name=\"twitter:creator\" content=\"@elregionalvm1\" \/>\n<meta name=\"twitter:site\" content=\"@elregionalvm1\" \/>\n<meta name=\"twitter:label1\" content=\"Escrito por\" \/>\n\t<meta name=\"twitter:data1\" content=\"Contenidos El Regional\" \/>\n\t<meta name=\"twitter:label2\" content=\"Tiempo de lectura\" \/>\n\t<meta name=\"twitter:data2\" content=\"13 minutos\" \/>\n<script type=\"application\/ld+json\" class=\"yoast-schema-graph\">{\"@context\":\"https:\/\/schema.org\",\"@graph\":[{\"@type\":\"Article\",\"@id\":\"https:\/\/elregionalvm.com.ar\/noticias-villa-maria\/homenaje-a-julio-benitez-los-misteriosos-tuneles-de-barrio-la-calera-que-permanecen-ocultos-y-la-mayoria-desconoce-video\/#article\",\"isPartOf\":{\"@id\":\"https:\/\/elregionalvm.com.ar\/noticias-villa-maria\/homenaje-a-julio-benitez-los-misteriosos-tuneles-de-barrio-la-calera-que-permanecen-ocultos-y-la-mayoria-desconoce-video\/\"},\"author\":{\"name\":\"Contenidos El Regional\",\"@id\":\"http:\/\/elregionalvm.com.ar\/noticias-villa-maria\/#\/schema\/person\/a0fb9c422317faca23d50163151bc354\"},\"headline\":\"[Homenaje a Julio Ben\u00edtez] Los misteriosos t\u00faneles de Barrio La Calera que permanecen ocultos y la mayor\u00eda desconoce (VIDEO)\",\"datePublished\":\"2024-06-18T14:38:17+00:00\",\"dateModified\":\"2024-06-25T21:42:46+00:00\",\"mainEntityOfPage\":{\"@id\":\"https:\/\/elregionalvm.com.ar\/noticias-villa-maria\/homenaje-a-julio-benitez-los-misteriosos-tuneles-de-barrio-la-calera-que-permanecen-ocultos-y-la-mayoria-desconoce-video\/\"},\"wordCount\":2269,\"commentCount\":0,\"image\":{\"@id\":\"https:\/\/elregionalvm.com.ar\/noticias-villa-maria\/homenaje-a-julio-benitez-los-misteriosos-tuneles-de-barrio-la-calera-que-permanecen-ocultos-y-la-mayoria-desconoce-video\/#primaryimage\"},\"thumbnailUrl\":\"https:\/\/i0.wp.com\/elregionalvm.com.ar\/noticias-villa-maria\/wp-content\/uploads\/2023\/06\/Tuneles-La-Calera-escalera-scaled-e1718720520838.jpg?fit=1600%2C1458&ssl=1\",\"keywords\":[\"Barrio La Calera\",\"calera\",\"Homenaje\",\"Julio Ben\u00edtez\",\"misterio\",\"patrimonio\",\"Tren\",\"t\u00faneles\"],\"articleSection\":[\"Historias\",\"tercera\",\"Videos\"],\"inLanguage\":\"es\",\"potentialAction\":[{\"@type\":\"CommentAction\",\"name\":\"Comment\",\"target\":[\"https:\/\/elregionalvm.com.ar\/noticias-villa-maria\/homenaje-a-julio-benitez-los-misteriosos-tuneles-de-barrio-la-calera-que-permanecen-ocultos-y-la-mayoria-desconoce-video\/#respond\"]}]},{\"@type\":\"WebPage\",\"@id\":\"https:\/\/elregionalvm.com.ar\/noticias-villa-maria\/homenaje-a-julio-benitez-los-misteriosos-tuneles-de-barrio-la-calera-que-permanecen-ocultos-y-la-mayoria-desconoce-video\/\",\"url\":\"https:\/\/elregionalvm.com.ar\/noticias-villa-maria\/homenaje-a-julio-benitez-los-misteriosos-tuneles-de-barrio-la-calera-que-permanecen-ocultos-y-la-mayoria-desconoce-video\/\",\"name\":\"[Homenaje a Julio Ben\u00edtez] Los misteriosos t\u00faneles de Barrio La Calera que permanecen ocultos y la mayor\u00eda desconoce (VIDEO) - El Regional\",\"isPartOf\":{\"@id\":\"http:\/\/elregionalvm.com.ar\/noticias-villa-maria\/#website\"},\"primaryImageOfPage\":{\"@id\":\"https:\/\/elregionalvm.com.ar\/noticias-villa-maria\/homenaje-a-julio-benitez-los-misteriosos-tuneles-de-barrio-la-calera-que-permanecen-ocultos-y-la-mayoria-desconoce-video\/#primaryimage\"},\"image\":{\"@id\":\"https:\/\/elregionalvm.com.ar\/noticias-villa-maria\/homenaje-a-julio-benitez-los-misteriosos-tuneles-de-barrio-la-calera-que-permanecen-ocultos-y-la-mayoria-desconoce-video\/#primaryimage\"},\"thumbnailUrl\":\"https:\/\/i0.wp.com\/elregionalvm.com.ar\/noticias-villa-maria\/wp-content\/uploads\/2023\/06\/Tuneles-La-Calera-escalera-scaled-e1718720520838.jpg?fit=1600%2C1458&ssl=1\",\"datePublished\":\"2024-06-18T14:38:17+00:00\",\"dateModified\":\"2024-06-25T21:42:46+00:00\",\"author\":{\"@id\":\"http:\/\/elregionalvm.com.ar\/noticias-villa-maria\/#\/schema\/person\/a0fb9c422317faca23d50163151bc354\"},\"breadcrumb\":{\"@id\":\"https:\/\/elregionalvm.com.ar\/noticias-villa-maria\/homenaje-a-julio-benitez-los-misteriosos-tuneles-de-barrio-la-calera-que-permanecen-ocultos-y-la-mayoria-desconoce-video\/#breadcrumb\"},\"inLanguage\":\"es\",\"potentialAction\":[{\"@type\":\"ReadAction\",\"target\":[\"https:\/\/elregionalvm.com.ar\/noticias-villa-maria\/homenaje-a-julio-benitez-los-misteriosos-tuneles-de-barrio-la-calera-que-permanecen-ocultos-y-la-mayoria-desconoce-video\/\"]}]},{\"@type\":\"ImageObject\",\"inLanguage\":\"es\",\"@id\":\"https:\/\/elregionalvm.com.ar\/noticias-villa-maria\/homenaje-a-julio-benitez-los-misteriosos-tuneles-de-barrio-la-calera-que-permanecen-ocultos-y-la-mayoria-desconoce-video\/#primaryimage\",\"url\":\"https:\/\/i0.wp.com\/elregionalvm.com.ar\/noticias-villa-maria\/wp-content\/uploads\/2023\/06\/Tuneles-La-Calera-escalera-scaled-e1718720520838.jpg?fit=1600%2C1458&ssl=1\",\"contentUrl\":\"https:\/\/i0.wp.com\/elregionalvm.com.ar\/noticias-villa-maria\/wp-content\/uploads\/2023\/06\/Tuneles-La-Calera-escalera-scaled-e1718720520838.jpg?fit=1600%2C1458&ssl=1\",\"width\":1600,\"height\":1458},{\"@type\":\"BreadcrumbList\",\"@id\":\"https:\/\/elregionalvm.com.ar\/noticias-villa-maria\/homenaje-a-julio-benitez-los-misteriosos-tuneles-de-barrio-la-calera-que-permanecen-ocultos-y-la-mayoria-desconoce-video\/#breadcrumb\",\"itemListElement\":[{\"@type\":\"ListItem\",\"position\":1,\"name\":\"Portada\",\"item\":\"https:\/\/elregionalvm.com.ar\/noticias-villa-maria\/\"},{\"@type\":\"ListItem\",\"position\":2,\"name\":\"[Homenaje a Julio Ben\u00edtez] Los misteriosos t\u00faneles de Barrio La Calera que permanecen ocultos y la mayor\u00eda desconoce (VIDEO)\"}]},{\"@type\":\"WebSite\",\"@id\":\"http:\/\/elregionalvm.com.ar\/noticias-villa-maria\/#website\",\"url\":\"http:\/\/elregionalvm.com.ar\/noticias-villa-maria\/\",\"name\":\"El Regional\",\"description\":\"Mucho m\u00e1s que informaci\u00f3n\",\"potentialAction\":[{\"@type\":\"SearchAction\",\"target\":{\"@type\":\"EntryPoint\",\"urlTemplate\":\"http:\/\/elregionalvm.com.ar\/noticias-villa-maria\/?s={search_term_string}\"},\"query-input\":{\"@type\":\"PropertyValueSpecification\",\"valueRequired\":true,\"valueName\":\"search_term_string\"}}],\"inLanguage\":\"es\"},{\"@type\":\"Person\",\"@id\":\"http:\/\/elregionalvm.com.ar\/noticias-villa-maria\/#\/schema\/person\/a0fb9c422317faca23d50163151bc354\",\"name\":\"Contenidos El Regional\",\"image\":{\"@type\":\"ImageObject\",\"inLanguage\":\"es\",\"@id\":\"http:\/\/elregionalvm.com.ar\/noticias-villa-maria\/#\/schema\/person\/image\/\",\"url\":\"https:\/\/secure.gravatar.com\/avatar\/265b27cb2209af7bb3a1318f03305787d7981a5cc6e6cd08fe5a4ecdf99d4b48?s=96&d=mm&r=g\",\"contentUrl\":\"https:\/\/secure.gravatar.com\/avatar\/265b27cb2209af7bb3a1318f03305787d7981a5cc6e6cd08fe5a4ecdf99d4b48?s=96&d=mm&r=g\",\"caption\":\"Contenidos El Regional\"},\"url\":\"https:\/\/elregionalvm.com.ar\/noticias-villa-maria\/author\/contenido\/\"}]}<\/script>\n<!-- \/ Yoast SEO plugin. -->","yoast_head_json":{"title":"[Homenaje a Julio Ben\u00edtez] Los misteriosos t\u00faneles de Barrio La Calera que permanecen ocultos y la mayor\u00eda desconoce (VIDEO) - El Regional","robots":{"index":"index","follow":"follow","max-snippet":"max-snippet:-1","max-image-preview":"max-image-preview:large","max-video-preview":"max-video-preview:-1"},"canonical":"https:\/\/elregionalvm.com.ar\/noticias-villa-maria\/homenaje-a-julio-benitez-los-misteriosos-tuneles-de-barrio-la-calera-que-permanecen-ocultos-y-la-mayoria-desconoce-video\/","og_locale":"es_ES","og_type":"article","og_title":"[Homenaje a Julio Ben\u00edtez] Los misteriosos t\u00faneles de Barrio La Calera que permanecen ocultos y la mayor\u00eda desconoce (VIDEO) - El Regional","og_description":"Don Julio Ben\u00edtez, hist\u00f3rico colaborador de EL REGIONAL, primero en su formato semanal en papel y luego en su versi\u00f3n digital, ya no est\u00e1 entre nosotros. Pero, dej\u00f3 un legado extenso de recuerdos, an\u00e9cdotas e historias que rescat\u00f3 a lo largo de los \u00faltimos veinte a\u00f1os. A modo de homenaje, repasaremos algunas de sus notas [&hellip;]","og_url":"https:\/\/elregionalvm.com.ar\/noticias-villa-maria\/homenaje-a-julio-benitez-los-misteriosos-tuneles-de-barrio-la-calera-que-permanecen-ocultos-y-la-mayoria-desconoce-video\/","og_site_name":"El Regional","article_publisher":"https:\/\/www.facebook.com\/elregionalvm","article_published_time":"2024-06-18T14:38:17+00:00","article_modified_time":"2024-06-25T21:42:46+00:00","og_image":[{"width":1600,"height":1458,"url":"https:\/\/elregionalvm.com.ar\/noticias-villa-maria\/wp-content\/uploads\/2023\/06\/Tuneles-La-Calera-escalera-scaled-e1718720520838.jpg","type":"image\/jpeg"}],"author":"Contenidos El Regional","twitter_card":"summary_large_image","twitter_creator":"@elregionalvm1","twitter_site":"@elregionalvm1","twitter_misc":{"Escrito por":"Contenidos El Regional","Tiempo de lectura":"13 minutos"},"schema":{"@context":"https:\/\/schema.org","@graph":[{"@type":"Article","@id":"https:\/\/elregionalvm.com.ar\/noticias-villa-maria\/homenaje-a-julio-benitez-los-misteriosos-tuneles-de-barrio-la-calera-que-permanecen-ocultos-y-la-mayoria-desconoce-video\/#article","isPartOf":{"@id":"https:\/\/elregionalvm.com.ar\/noticias-villa-maria\/homenaje-a-julio-benitez-los-misteriosos-tuneles-de-barrio-la-calera-que-permanecen-ocultos-y-la-mayoria-desconoce-video\/"},"author":{"name":"Contenidos El Regional","@id":"http:\/\/elregionalvm.com.ar\/noticias-villa-maria\/#\/schema\/person\/a0fb9c422317faca23d50163151bc354"},"headline":"[Homenaje a Julio Ben\u00edtez] Los misteriosos t\u00faneles de Barrio La Calera que permanecen ocultos y la mayor\u00eda desconoce (VIDEO)","datePublished":"2024-06-18T14:38:17+00:00","dateModified":"2024-06-25T21:42:46+00:00","mainEntityOfPage":{"@id":"https:\/\/elregionalvm.com.ar\/noticias-villa-maria\/homenaje-a-julio-benitez-los-misteriosos-tuneles-de-barrio-la-calera-que-permanecen-ocultos-y-la-mayoria-desconoce-video\/"},"wordCount":2269,"commentCount":0,"image":{"@id":"https:\/\/elregionalvm.com.ar\/noticias-villa-maria\/homenaje-a-julio-benitez-los-misteriosos-tuneles-de-barrio-la-calera-que-permanecen-ocultos-y-la-mayoria-desconoce-video\/#primaryimage"},"thumbnailUrl":"https:\/\/i0.wp.com\/elregionalvm.com.ar\/noticias-villa-maria\/wp-content\/uploads\/2023\/06\/Tuneles-La-Calera-escalera-scaled-e1718720520838.jpg?fit=1600%2C1458&ssl=1","keywords":["Barrio La Calera","calera","Homenaje","Julio Ben\u00edtez","misterio","patrimonio","Tren","t\u00faneles"],"articleSection":["Historias","tercera","Videos"],"inLanguage":"es","potentialAction":[{"@type":"CommentAction","name":"Comment","target":["https:\/\/elregionalvm.com.ar\/noticias-villa-maria\/homenaje-a-julio-benitez-los-misteriosos-tuneles-de-barrio-la-calera-que-permanecen-ocultos-y-la-mayoria-desconoce-video\/#respond"]}]},{"@type":"WebPage","@id":"https:\/\/elregionalvm.com.ar\/noticias-villa-maria\/homenaje-a-julio-benitez-los-misteriosos-tuneles-de-barrio-la-calera-que-permanecen-ocultos-y-la-mayoria-desconoce-video\/","url":"https:\/\/elregionalvm.com.ar\/noticias-villa-maria\/homenaje-a-julio-benitez-los-misteriosos-tuneles-de-barrio-la-calera-que-permanecen-ocultos-y-la-mayoria-desconoce-video\/","name":"[Homenaje a Julio Ben\u00edtez] Los misteriosos t\u00faneles de Barrio La Calera que permanecen ocultos y la mayor\u00eda desconoce (VIDEO) - El Regional","isPartOf":{"@id":"http:\/\/elregionalvm.com.ar\/noticias-villa-maria\/#website"},"primaryImageOfPage":{"@id":"https:\/\/elregionalvm.com.ar\/noticias-villa-maria\/homenaje-a-julio-benitez-los-misteriosos-tuneles-de-barrio-la-calera-que-permanecen-ocultos-y-la-mayoria-desconoce-video\/#primaryimage"},"image":{"@id":"https:\/\/elregionalvm.com.ar\/noticias-villa-maria\/homenaje-a-julio-benitez-los-misteriosos-tuneles-de-barrio-la-calera-que-permanecen-ocultos-y-la-mayoria-desconoce-video\/#primaryimage"},"thumbnailUrl":"https:\/\/i0.wp.com\/elregionalvm.com.ar\/noticias-villa-maria\/wp-content\/uploads\/2023\/06\/Tuneles-La-Calera-escalera-scaled-e1718720520838.jpg?fit=1600%2C1458&ssl=1","datePublished":"2024-06-18T14:38:17+00:00","dateModified":"2024-06-25T21:42:46+00:00","author":{"@id":"http:\/\/elregionalvm.com.ar\/noticias-villa-maria\/#\/schema\/person\/a0fb9c422317faca23d50163151bc354"},"breadcrumb":{"@id":"https:\/\/elregionalvm.com.ar\/noticias-villa-maria\/homenaje-a-julio-benitez-los-misteriosos-tuneles-de-barrio-la-calera-que-permanecen-ocultos-y-la-mayoria-desconoce-video\/#breadcrumb"},"inLanguage":"es","potentialAction":[{"@type":"ReadAction","target":["https:\/\/elregionalvm.com.ar\/noticias-villa-maria\/homenaje-a-julio-benitez-los-misteriosos-tuneles-de-barrio-la-calera-que-permanecen-ocultos-y-la-mayoria-desconoce-video\/"]}]},{"@type":"ImageObject","inLanguage":"es","@id":"https:\/\/elregionalvm.com.ar\/noticias-villa-maria\/homenaje-a-julio-benitez-los-misteriosos-tuneles-de-barrio-la-calera-que-permanecen-ocultos-y-la-mayoria-desconoce-video\/#primaryimage","url":"https:\/\/i0.wp.com\/elregionalvm.com.ar\/noticias-villa-maria\/wp-content\/uploads\/2023\/06\/Tuneles-La-Calera-escalera-scaled-e1718720520838.jpg?fit=1600%2C1458&ssl=1","contentUrl":"https:\/\/i0.wp.com\/elregionalvm.com.ar\/noticias-villa-maria\/wp-content\/uploads\/2023\/06\/Tuneles-La-Calera-escalera-scaled-e1718720520838.jpg?fit=1600%2C1458&ssl=1","width":1600,"height":1458},{"@type":"BreadcrumbList","@id":"https:\/\/elregionalvm.com.ar\/noticias-villa-maria\/homenaje-a-julio-benitez-los-misteriosos-tuneles-de-barrio-la-calera-que-permanecen-ocultos-y-la-mayoria-desconoce-video\/#breadcrumb","itemListElement":[{"@type":"ListItem","position":1,"name":"Portada","item":"https:\/\/elregionalvm.com.ar\/noticias-villa-maria\/"},{"@type":"ListItem","position":2,"name":"[Homenaje a Julio Ben\u00edtez] Los misteriosos t\u00faneles de Barrio La Calera que permanecen ocultos y la mayor\u00eda desconoce (VIDEO)"}]},{"@type":"WebSite","@id":"http:\/\/elregionalvm.com.ar\/noticias-villa-maria\/#website","url":"http:\/\/elregionalvm.com.ar\/noticias-villa-maria\/","name":"El Regional","description":"Mucho m\u00e1s que informaci\u00f3n","potentialAction":[{"@type":"SearchAction","target":{"@type":"EntryPoint","urlTemplate":"http:\/\/elregionalvm.com.ar\/noticias-villa-maria\/?s={search_term_string}"},"query-input":{"@type":"PropertyValueSpecification","valueRequired":true,"valueName":"search_term_string"}}],"inLanguage":"es"},{"@type":"Person","@id":"http:\/\/elregionalvm.com.ar\/noticias-villa-maria\/#\/schema\/person\/a0fb9c422317faca23d50163151bc354","name":"Contenidos El Regional","image":{"@type":"ImageObject","inLanguage":"es","@id":"http:\/\/elregionalvm.com.ar\/noticias-villa-maria\/#\/schema\/person\/image\/","url":"https:\/\/secure.gravatar.com\/avatar\/265b27cb2209af7bb3a1318f03305787d7981a5cc6e6cd08fe5a4ecdf99d4b48?s=96&d=mm&r=g","contentUrl":"https:\/\/secure.gravatar.com\/avatar\/265b27cb2209af7bb3a1318f03305787d7981a5cc6e6cd08fe5a4ecdf99d4b48?s=96&d=mm&r=g","caption":"Contenidos El Regional"},"url":"https:\/\/elregionalvm.com.ar\/noticias-villa-maria\/author\/contenido\/"}]}},"jetpack_featured_media_url":"https:\/\/i0.wp.com\/elregionalvm.com.ar\/noticias-villa-maria\/wp-content\/uploads\/2023\/06\/Tuneles-La-Calera-escalera-scaled-e1718720520838.jpg?fit=1600%2C1458&ssl=1","jetpack_sharing_enabled":true,"_links":{"self":[{"href":"https:\/\/elregionalvm.com.ar\/noticias-villa-maria\/wp-json\/wp\/v2\/posts\/95256","targetHints":{"allow":["GET"]}}],"collection":[{"href":"https:\/\/elregionalvm.com.ar\/noticias-villa-maria\/wp-json\/wp\/v2\/posts"}],"about":[{"href":"https:\/\/elregionalvm.com.ar\/noticias-villa-maria\/wp-json\/wp\/v2\/types\/post"}],"author":[{"embeddable":true,"href":"https:\/\/elregionalvm.com.ar\/noticias-villa-maria\/wp-json\/wp\/v2\/users\/4"}],"replies":[{"embeddable":true,"href":"https:\/\/elregionalvm.com.ar\/noticias-villa-maria\/wp-json\/wp\/v2\/comments?post=95256"}],"version-history":[{"count":4,"href":"https:\/\/elregionalvm.com.ar\/noticias-villa-maria\/wp-json\/wp\/v2\/posts\/95256\/revisions"}],"predecessor-version":[{"id":95262,"href":"https:\/\/elregionalvm.com.ar\/noticias-villa-maria\/wp-json\/wp\/v2\/posts\/95256\/revisions\/95262"}],"wp:featuredmedia":[{"embeddable":true,"href":"https:\/\/elregionalvm.com.ar\/noticias-villa-maria\/wp-json\/wp\/v2\/media\/78446"}],"wp:attachment":[{"href":"https:\/\/elregionalvm.com.ar\/noticias-villa-maria\/wp-json\/wp\/v2\/media?parent=95256"}],"wp:term":[{"taxonomy":"category","embeddable":true,"href":"https:\/\/elregionalvm.com.ar\/noticias-villa-maria\/wp-json\/wp\/v2\/categories?post=95256"},{"taxonomy":"post_tag","embeddable":true,"href":"https:\/\/elregionalvm.com.ar\/noticias-villa-maria\/wp-json\/wp\/v2\/tags?post=95256"}],"curies":[{"name":"wp","href":"https:\/\/api.w.org\/{rel}","templated":true}]}}