{"id":95263,"date":"2024-06-18T21:41:36","date_gmt":"2024-06-18T21:41:36","guid":{"rendered":"https:\/\/elregionalvm.com.ar\/noticias-villa-maria\/?p=95263"},"modified":"2024-06-19T03:25:03","modified_gmt":"2024-06-19T03:25:03","slug":"medicina-digital-mixta-villa-maria-implementara-un-innovador-sistema-de-emergencias-para-potenciar-el-servicio-del-107","status":"publish","type":"post","link":"https:\/\/elregionalvm.com.ar\/noticias-villa-maria\/medicina-digital-mixta-villa-maria-implementara-un-innovador-sistema-de-emergencias-para-potenciar-el-servicio-del-107\/","title":{"rendered":"Medicina Digital Mixta:  Implementar\u00e1n un innovador sistema de emergencias para potenciar el servicio del 107"},"content":{"rendered":"\n<p>La municipalidad de Villa Mar\u00eda lleva adelante un operativo tendiente a descentralizar la atenci\u00f3n ante emergencias de salud, incorporando una ambulancia 24 horas en barrio Las Playas y dos motoambulancias que desde el Centro C\u00edvico recorrer\u00e1n los distintos barrios para asistir a los vecinos.<\/p>\n\n\n\n<p>En ese sentido, en el intendente Eduardo Accastello, acompa\u00f1ado por autoridades del Ejecutivo municipal, encabez\u00f3 la presentaci\u00f3n del novedoso sistema de Medicina Digital Mixta que se implementar\u00e1 desde el 28 de junio en nuestra ciudad.<\/p>\n\n\n\n<figure class=\"wp-block-image size-large\"><img data-recalc-dims=\"1\" fetchpriority=\"high\" decoding=\"async\" width=\"684\" height=\"1024\" src=\"https:\/\/i0.wp.com\/elregionalvm.com.ar\/noticias-villa-maria\/wp-content\/uploads\/2024\/06\/WhatsApp-Image-2024-06-18-at-3.33.18-PM.jpeg?resize=684%2C1024&#038;ssl=1\" alt=\"\" class=\"wp-image-95265\" srcset=\"https:\/\/i0.wp.com\/elregionalvm.com.ar\/noticias-villa-maria\/wp-content\/uploads\/2024\/06\/WhatsApp-Image-2024-06-18-at-3.33.18-PM.jpeg?resize=684%2C1024&amp;ssl=1 684w, https:\/\/i0.wp.com\/elregionalvm.com.ar\/noticias-villa-maria\/wp-content\/uploads\/2024\/06\/WhatsApp-Image-2024-06-18-at-3.33.18-PM.jpeg?resize=200%2C300&amp;ssl=1 200w, https:\/\/i0.wp.com\/elregionalvm.com.ar\/noticias-villa-maria\/wp-content\/uploads\/2024\/06\/WhatsApp-Image-2024-06-18-at-3.33.18-PM.jpeg?resize=768%2C1149&amp;ssl=1 768w, https:\/\/i0.wp.com\/elregionalvm.com.ar\/noticias-villa-maria\/wp-content\/uploads\/2024\/06\/WhatsApp-Image-2024-06-18-at-3.33.18-PM.jpeg?resize=1026%2C1536&amp;ssl=1 1026w, https:\/\/i0.wp.com\/elregionalvm.com.ar\/noticias-villa-maria\/wp-content\/uploads\/2024\/06\/WhatsApp-Image-2024-06-18-at-3.33.18-PM.jpeg?w=1069&amp;ssl=1 1069w\" sizes=\"(max-width: 684px) 100vw, 684px\" \/><\/figure>\n\n\n\n<p>En un acto realizado en el Centro Comunitario de Inclusi\u00f3n Integral, el intendente brind\u00f3 detalles sobre la iniciativa que complementa los servicios actuales del 107, al incorporar atenci\u00f3n m\u00e9dica mediante videollamadas, aumentando las prestaciones relacionadas a servicios de emergencias con tecnolog\u00eda de \u00faltima generaci\u00f3n, mejorando velocidad de respuesta y eficiencia.<\/p>\n\n\n\n<p>Adem\u00e1s, el sistema permite detectar autom\u00e1ticamente la geolocalizaci\u00f3n del dispositivo que emite la alerta donde el sistema grabar\u00e1 autom\u00e1ticamente la llamada.<\/p>\n\n\n\n<p>Al respecto, el intendente Accastello se\u00f1al\u00f3: \u00abestamos avanzando hacia una Villa Mar\u00eda m\u00e1s humana e innovadora. Adem\u00e1s de sumar una ambulancia permanente en barrio Las Playas, implementaremos desde el 28 de junio el sistema de Medicina Digital Mixta que complementar\u00e1 nuestro 107 mediante una aplicaci\u00f3n gratuita que fortalecer\u00e1 la atenci\u00f3n\u201d.<\/p>\n\n\n\n<p>\u201cAnte un llamado de una emergencia hogare\u00f1a, ya sea v\u00eda tel\u00e9fono o mediante la aplicaci\u00f3n, la central enviar\u00e1, en principio y a su domicilio, una motoambulancia con su correspondiente param\u00e9dico que, adem\u00e1s, cuenta con la posibilidad de realizar una videollamada para que lo asista un m\u00e9dico instalado en nuestra central. De ser necesario, como siempre, la central enviar\u00e1 la ambulancia m\u00e1s cercana a su domicilio\u201d.<\/p>\n\n\n\n<figure class=\"wp-block-image size-large\"><img data-recalc-dims=\"1\" decoding=\"async\" width=\"1024\" height=\"684\" src=\"https:\/\/i0.wp.com\/elregionalvm.com.ar\/noticias-villa-maria\/wp-content\/uploads\/2024\/06\/WhatsApp-Image-2024-06-18-at-3.33.20-PM.jpeg?resize=1024%2C684&#038;ssl=1\" alt=\"\" class=\"wp-image-95264\" srcset=\"https:\/\/i0.wp.com\/elregionalvm.com.ar\/noticias-villa-maria\/wp-content\/uploads\/2024\/06\/WhatsApp-Image-2024-06-18-at-3.33.20-PM.jpeg?resize=1024%2C684&amp;ssl=1 1024w, https:\/\/i0.wp.com\/elregionalvm.com.ar\/noticias-villa-maria\/wp-content\/uploads\/2024\/06\/WhatsApp-Image-2024-06-18-at-3.33.20-PM.jpeg?resize=300%2C200&amp;ssl=1 300w, https:\/\/i0.wp.com\/elregionalvm.com.ar\/noticias-villa-maria\/wp-content\/uploads\/2024\/06\/WhatsApp-Image-2024-06-18-at-3.33.20-PM.jpeg?resize=768%2C513&amp;ssl=1 768w, https:\/\/i0.wp.com\/elregionalvm.com.ar\/noticias-villa-maria\/wp-content\/uploads\/2024\/06\/WhatsApp-Image-2024-06-18-at-3.33.20-PM.jpeg?resize=1536%2C1026&amp;ssl=1 1536w, https:\/\/i0.wp.com\/elregionalvm.com.ar\/noticias-villa-maria\/wp-content\/uploads\/2024\/06\/WhatsApp-Image-2024-06-18-at-3.33.20-PM.jpeg?w=1600&amp;ssl=1 1600w\" sizes=\"(max-width: 1000px) 100vw, 1000px\" \/><\/figure>\n\n\n\n<p>Para culminar, dijo: \u201cLos nuevos tiempos requieren el camino hacia una atenci\u00f3n m\u00e9dica de emergencia m\u00e1s inteligente y eficiente. La salud es un eje central en nuestra gesti\u00f3n y las telecomunicaciones aplicadas al sistema de Medicina Digital Mixta son una herramienta innovadora para ayudar a resolver problemas cotidianos de los vecinos\u201d.<\/p>\n\n\n\n<p>Detalles de la iniciativa<\/p>\n\n\n\n<p>El servicio funcionar\u00e1 mediante la aplicaci\u00f3n de celular 107 Villa Mar\u00eda, disponible desde el d\u00eda 28 de junio en las tiendas virtuales para su descarga, y cuenta con la posibilidad de geolocalizar autom\u00e1ticamente el llamado desde la central.<\/p>\n\n\n\n<p>Una vez ingresada la solicitud, que ser\u00e1 simple y r\u00e1pida, un param\u00e9dico arribar\u00e1 a su domicilio con un equipo port\u00e1til equipado con DEA y elementos indispensables de primeros auxilios, para ser atendido presencialmente y, en caso de ser necesario, generar\u00e1 una consulta mediante videollamada con un m\u00e9dico especialista mediante el uso de la tecnolog\u00eda.<\/p>\n\n\n\n<p>Este sistema facilitar\u00e1 la atenci\u00f3n oportuna a trav\u00e9s de la asistencia remota, utilizando la tecnolog\u00eda para ampliar el alcance de los profesionales de la salud, agilizando el seguimiento y la coordinaci\u00f3n de pacientes que requieren derivaciones.<\/p>\n","protected":false},"excerpt":{"rendered":"<p>La municipalidad de Villa Mar\u00eda lleva adelante un operativo tendiente a descentralizar la atenci\u00f3n ante emergencias de salud, incorporando una ambulancia 24 horas en barrio Las Playas y dos motoambulancias que desde el Centro C\u00edvico recorrer\u00e1n los distintos barrios para asistir a los vecinos. En ese sentido, en el intendente Eduardo Accastello, acompa\u00f1ado por autoridades [&hellip;]<\/p>\n","protected":false},"author":4,"featured_media":95266,"comment_status":"open","ping_status":"open","sticky":false,"template":"","format":"standard","meta":{"site-sidebar-layout":"default","site-content-layout":"","ast-site-content-layout":"default","site-content-style":"default","site-sidebar-style":"default","ast-global-header-display":"","ast-banner-title-visibility":"","ast-main-header-display":"","ast-hfb-above-header-display":"","ast-hfb-below-header-display":"","ast-hfb-mobile-header-display":"","site-post-title":"","ast-breadcrumbs-content":"","ast-featured-img":"","footer-sml-layout":"","ast-disable-related-posts":"","theme-transparent-header-meta":"","adv-header-id-meta":"","stick-header-meta":"","header-above-stick-meta":"","header-main-stick-meta":"","header-below-stick-meta":"","astra-migrate-meta-layouts":"set","ast-page-background-enabled":"default","ast-page-background-meta":{"desktop":{"background-color":"","background-image":"","background-repeat":"repeat","background-position":"center center","background-size":"auto","background-attachment":"scroll","background-type":"","background-media":"","overlay-type":"","overlay-color":"","overlay-opacity":"","overlay-gradient":""},"tablet":{"background-color":"","background-image":"","background-repeat":"repeat","background-position":"center center","background-size":"auto","background-attachment":"scroll","background-type":"","background-media":"","overlay-type":"","overlay-color":"","overlay-opacity":"","overlay-gradient":""},"mobile":{"background-color":"","background-image":"","background-repeat":"repeat","background-position":"center center","background-size":"auto","background-attachment":"scroll","background-type":"","background-media":"","overlay-type":"","overlay-color":"","overlay-opacity":"","overlay-gradient":""}},"ast-content-background-meta":{"desktop":{"background-color":"var(--ast-global-color-5)","background-image":"","background-repeat":"repeat","background-position":"center center","background-size":"auto","background-attachment":"scroll","background-type":"","background-media":"","overlay-type":"","overlay-color":"","overlay-opacity":"","overlay-gradient":""},"tablet":{"background-color":"var(--ast-global-color-5)","background-image":"","background-repeat":"repeat","background-position":"center center","background-size":"auto","background-attachment":"scroll","background-type":"","background-media":"","overlay-type":"","overlay-color":"","overlay-opacity":"","overlay-gradient":""},"mobile":{"background-color":"var(--ast-global-color-5)","background-image":"","background-repeat":"repeat","background-position":"center center","background-size":"auto","background-attachment":"scroll","background-type":"","background-media":"","overlay-type":"","overlay-color":"","overlay-opacity":"","overlay-gradient":""}},"_jetpack_memberships_contains_paid_content":false,"_joinchat":[],"footnotes":""},"categories":[15302,5,2],"tags":[],"class_list":["post-95263","post","type-post","status-publish","format-standard","has-post-thumbnail","hentry","category-destacado","category-sociedad","category-villa-maria"],"yoast_head":"<!-- This site is optimized with the Yoast SEO plugin v26.8 - https:\/\/yoast.com\/product\/yoast-seo-wordpress\/ -->\n<title>Medicina Digital Mixta: Implementar\u00e1n un innovador sistema de emergencias para potenciar el servicio del 107 - El Regional<\/title>\n<meta name=\"robots\" content=\"index, follow, max-snippet:-1, max-image-preview:large, max-video-preview:-1\" \/>\n<link rel=\"canonical\" href=\"https:\/\/elregionalvm.com.ar\/noticias-villa-maria\/medicina-digital-mixta-villa-maria-implementara-un-innovador-sistema-de-emergencias-para-potenciar-el-servicio-del-107\/\" \/>\n<meta property=\"og:locale\" content=\"es_ES\" \/>\n<meta property=\"og:type\" content=\"article\" \/>\n<meta property=\"og:title\" content=\"Medicina Digital Mixta: Implementar\u00e1n un innovador sistema de emergencias para potenciar el servicio del 107 - El Regional\" \/>\n<meta property=\"og:description\" content=\"La municipalidad de Villa Mar\u00eda lleva adelante un operativo tendiente a descentralizar la atenci\u00f3n ante emergencias de salud, incorporando una ambulancia 24 horas en barrio Las Playas y dos motoambulancias que desde el Centro C\u00edvico recorrer\u00e1n los distintos barrios para asistir a los vecinos. En ese sentido, en el intendente Eduardo Accastello, acompa\u00f1ado por autoridades [&hellip;]\" \/>\n<meta property=\"og:url\" content=\"https:\/\/elregionalvm.com.ar\/noticias-villa-maria\/medicina-digital-mixta-villa-maria-implementara-un-innovador-sistema-de-emergencias-para-potenciar-el-servicio-del-107\/\" \/>\n<meta property=\"og:site_name\" content=\"El Regional\" \/>\n<meta property=\"article:publisher\" content=\"https:\/\/www.facebook.com\/elregionalvm\" \/>\n<meta property=\"article:published_time\" content=\"2024-06-18T21:41:36+00:00\" \/>\n<meta property=\"article:modified_time\" content=\"2024-06-19T03:25:03+00:00\" \/>\n<meta property=\"og:image\" content=\"https:\/\/elregionalvm.com.ar\/noticias-villa-maria\/wp-content\/uploads\/2024\/06\/WhatsApp-Image-2024-06-18-at-3.33.17-PM.jpeg\" \/>\n\t<meta property=\"og:image:width\" content=\"1600\" \/>\n\t<meta property=\"og:image:height\" content=\"972\" \/>\n\t<meta property=\"og:image:type\" content=\"image\/jpeg\" \/>\n<meta name=\"author\" content=\"Contenidos El Regional\" \/>\n<meta name=\"twitter:card\" content=\"summary_large_image\" \/>\n<meta name=\"twitter:creator\" content=\"@elregionalvm1\" \/>\n<meta name=\"twitter:site\" content=\"@elregionalvm1\" \/>\n<meta name=\"twitter:label1\" content=\"Escrito por\" \/>\n\t<meta name=\"twitter:data1\" content=\"Contenidos El Regional\" \/>\n\t<meta name=\"twitter:label2\" content=\"Tiempo de lectura\" \/>\n\t<meta name=\"twitter:data2\" content=\"3 minutos\" \/>\n<script type=\"application\/ld+json\" class=\"yoast-schema-graph\">{\"@context\":\"https:\/\/schema.org\",\"@graph\":[{\"@type\":\"Article\",\"@id\":\"https:\/\/elregionalvm.com.ar\/noticias-villa-maria\/medicina-digital-mixta-villa-maria-implementara-un-innovador-sistema-de-emergencias-para-potenciar-el-servicio-del-107\/#article\",\"isPartOf\":{\"@id\":\"https:\/\/elregionalvm.com.ar\/noticias-villa-maria\/medicina-digital-mixta-villa-maria-implementara-un-innovador-sistema-de-emergencias-para-potenciar-el-servicio-del-107\/\"},\"author\":{\"name\":\"Contenidos El Regional\",\"@id\":\"http:\/\/elregionalvm.com.ar\/noticias-villa-maria\/#\/schema\/person\/a0fb9c422317faca23d50163151bc354\"},\"headline\":\"Medicina Digital Mixta: Implementar\u00e1n un innovador sistema de emergencias para potenciar el servicio del 107\",\"datePublished\":\"2024-06-18T21:41:36+00:00\",\"dateModified\":\"2024-06-19T03:25:03+00:00\",\"mainEntityOfPage\":{\"@id\":\"https:\/\/elregionalvm.com.ar\/noticias-villa-maria\/medicina-digital-mixta-villa-maria-implementara-un-innovador-sistema-de-emergencias-para-potenciar-el-servicio-del-107\/\"},\"wordCount\":502,\"commentCount\":0,\"image\":{\"@id\":\"https:\/\/elregionalvm.com.ar\/noticias-villa-maria\/medicina-digital-mixta-villa-maria-implementara-un-innovador-sistema-de-emergencias-para-potenciar-el-servicio-del-107\/#primaryimage\"},\"thumbnailUrl\":\"https:\/\/i0.wp.com\/elregionalvm.com.ar\/noticias-villa-maria\/wp-content\/uploads\/2024\/06\/WhatsApp-Image-2024-06-18-at-3.33.17-PM.jpeg?fit=1600%2C972&ssl=1\",\"articleSection\":[\"destacado\",\"Sociedad\",\"Villa Mar\u00eda\"],\"inLanguage\":\"es\",\"potentialAction\":[{\"@type\":\"CommentAction\",\"name\":\"Comment\",\"target\":[\"https:\/\/elregionalvm.com.ar\/noticias-villa-maria\/medicina-digital-mixta-villa-maria-implementara-un-innovador-sistema-de-emergencias-para-potenciar-el-servicio-del-107\/#respond\"]}]},{\"@type\":\"WebPage\",\"@id\":\"https:\/\/elregionalvm.com.ar\/noticias-villa-maria\/medicina-digital-mixta-villa-maria-implementara-un-innovador-sistema-de-emergencias-para-potenciar-el-servicio-del-107\/\",\"url\":\"https:\/\/elregionalvm.com.ar\/noticias-villa-maria\/medicina-digital-mixta-villa-maria-implementara-un-innovador-sistema-de-emergencias-para-potenciar-el-servicio-del-107\/\",\"name\":\"Medicina Digital Mixta: Implementar\u00e1n un innovador sistema de emergencias para potenciar el servicio del 107 - El Regional\",\"isPartOf\":{\"@id\":\"http:\/\/elregionalvm.com.ar\/noticias-villa-maria\/#website\"},\"primaryImageOfPage\":{\"@id\":\"https:\/\/elregionalvm.com.ar\/noticias-villa-maria\/medicina-digital-mixta-villa-maria-implementara-un-innovador-sistema-de-emergencias-para-potenciar-el-servicio-del-107\/#primaryimage\"},\"image\":{\"@id\":\"https:\/\/elregionalvm.com.ar\/noticias-villa-maria\/medicina-digital-mixta-villa-maria-implementara-un-innovador-sistema-de-emergencias-para-potenciar-el-servicio-del-107\/#primaryimage\"},\"thumbnailUrl\":\"https:\/\/i0.wp.com\/elregionalvm.com.ar\/noticias-villa-maria\/wp-content\/uploads\/2024\/06\/WhatsApp-Image-2024-06-18-at-3.33.17-PM.jpeg?fit=1600%2C972&ssl=1\",\"datePublished\":\"2024-06-18T21:41:36+00:00\",\"dateModified\":\"2024-06-19T03:25:03+00:00\",\"author\":{\"@id\":\"http:\/\/elregionalvm.com.ar\/noticias-villa-maria\/#\/schema\/person\/a0fb9c422317faca23d50163151bc354\"},\"breadcrumb\":{\"@id\":\"https:\/\/elregionalvm.com.ar\/noticias-villa-maria\/medicina-digital-mixta-villa-maria-implementara-un-innovador-sistema-de-emergencias-para-potenciar-el-servicio-del-107\/#breadcrumb\"},\"inLanguage\":\"es\",\"potentialAction\":[{\"@type\":\"ReadAction\",\"target\":[\"https:\/\/elregionalvm.com.ar\/noticias-villa-maria\/medicina-digital-mixta-villa-maria-implementara-un-innovador-sistema-de-emergencias-para-potenciar-el-servicio-del-107\/\"]}]},{\"@type\":\"ImageObject\",\"inLanguage\":\"es\",\"@id\":\"https:\/\/elregionalvm.com.ar\/noticias-villa-maria\/medicina-digital-mixta-villa-maria-implementara-un-innovador-sistema-de-emergencias-para-potenciar-el-servicio-del-107\/#primaryimage\",\"url\":\"https:\/\/i0.wp.com\/elregionalvm.com.ar\/noticias-villa-maria\/wp-content\/uploads\/2024\/06\/WhatsApp-Image-2024-06-18-at-3.33.17-PM.jpeg?fit=1600%2C972&ssl=1\",\"contentUrl\":\"https:\/\/i0.wp.com\/elregionalvm.com.ar\/noticias-villa-maria\/wp-content\/uploads\/2024\/06\/WhatsApp-Image-2024-06-18-at-3.33.17-PM.jpeg?fit=1600%2C972&ssl=1\",\"width\":1600,\"height\":972},{\"@type\":\"BreadcrumbList\",\"@id\":\"https:\/\/elregionalvm.com.ar\/noticias-villa-maria\/medicina-digital-mixta-villa-maria-implementara-un-innovador-sistema-de-emergencias-para-potenciar-el-servicio-del-107\/#breadcrumb\",\"itemListElement\":[{\"@type\":\"ListItem\",\"position\":1,\"name\":\"Portada\",\"item\":\"https:\/\/elregionalvm.com.ar\/noticias-villa-maria\/\"},{\"@type\":\"ListItem\",\"position\":2,\"name\":\"Medicina Digital Mixta: Implementar\u00e1n un innovador sistema de emergencias para potenciar el servicio del 107\"}]},{\"@type\":\"WebSite\",\"@id\":\"http:\/\/elregionalvm.com.ar\/noticias-villa-maria\/#website\",\"url\":\"http:\/\/elregionalvm.com.ar\/noticias-villa-maria\/\",\"name\":\"El Regional\",\"description\":\"Mucho m\u00e1s que informaci\u00f3n\",\"potentialAction\":[{\"@type\":\"SearchAction\",\"target\":{\"@type\":\"EntryPoint\",\"urlTemplate\":\"http:\/\/elregionalvm.com.ar\/noticias-villa-maria\/?s={search_term_string}\"},\"query-input\":{\"@type\":\"PropertyValueSpecification\",\"valueRequired\":true,\"valueName\":\"search_term_string\"}}],\"inLanguage\":\"es\"},{\"@type\":\"Person\",\"@id\":\"http:\/\/elregionalvm.com.ar\/noticias-villa-maria\/#\/schema\/person\/a0fb9c422317faca23d50163151bc354\",\"name\":\"Contenidos El Regional\",\"image\":{\"@type\":\"ImageObject\",\"inLanguage\":\"es\",\"@id\":\"http:\/\/elregionalvm.com.ar\/noticias-villa-maria\/#\/schema\/person\/image\/\",\"url\":\"https:\/\/secure.gravatar.com\/avatar\/265b27cb2209af7bb3a1318f03305787d7981a5cc6e6cd08fe5a4ecdf99d4b48?s=96&d=mm&r=g\",\"contentUrl\":\"https:\/\/secure.gravatar.com\/avatar\/265b27cb2209af7bb3a1318f03305787d7981a5cc6e6cd08fe5a4ecdf99d4b48?s=96&d=mm&r=g\",\"caption\":\"Contenidos El Regional\"},\"url\":\"https:\/\/elregionalvm.com.ar\/noticias-villa-maria\/author\/contenido\/\"}]}<\/script>\n<!-- \/ Yoast SEO plugin. -->","yoast_head_json":{"title":"Medicina Digital Mixta: Implementar\u00e1n un innovador sistema de emergencias para potenciar el servicio del 107 - El Regional","robots":{"index":"index","follow":"follow","max-snippet":"max-snippet:-1","max-image-preview":"max-image-preview:large","max-video-preview":"max-video-preview:-1"},"canonical":"https:\/\/elregionalvm.com.ar\/noticias-villa-maria\/medicina-digital-mixta-villa-maria-implementara-un-innovador-sistema-de-emergencias-para-potenciar-el-servicio-del-107\/","og_locale":"es_ES","og_type":"article","og_title":"Medicina Digital Mixta: Implementar\u00e1n un innovador sistema de emergencias para potenciar el servicio del 107 - El Regional","og_description":"La municipalidad de Villa Mar\u00eda lleva adelante un operativo tendiente a descentralizar la atenci\u00f3n ante emergencias de salud, incorporando una ambulancia 24 horas en barrio Las Playas y dos motoambulancias que desde el Centro C\u00edvico recorrer\u00e1n los distintos barrios para asistir a los vecinos. En ese sentido, en el intendente Eduardo Accastello, acompa\u00f1ado por autoridades [&hellip;]","og_url":"https:\/\/elregionalvm.com.ar\/noticias-villa-maria\/medicina-digital-mixta-villa-maria-implementara-un-innovador-sistema-de-emergencias-para-potenciar-el-servicio-del-107\/","og_site_name":"El Regional","article_publisher":"https:\/\/www.facebook.com\/elregionalvm","article_published_time":"2024-06-18T21:41:36+00:00","article_modified_time":"2024-06-19T03:25:03+00:00","og_image":[{"width":1600,"height":972,"url":"https:\/\/elregionalvm.com.ar\/noticias-villa-maria\/wp-content\/uploads\/2024\/06\/WhatsApp-Image-2024-06-18-at-3.33.17-PM.jpeg","type":"image\/jpeg"}],"author":"Contenidos El Regional","twitter_card":"summary_large_image","twitter_creator":"@elregionalvm1","twitter_site":"@elregionalvm1","twitter_misc":{"Escrito por":"Contenidos El Regional","Tiempo de lectura":"3 minutos"},"schema":{"@context":"https:\/\/schema.org","@graph":[{"@type":"Article","@id":"https:\/\/elregionalvm.com.ar\/noticias-villa-maria\/medicina-digital-mixta-villa-maria-implementara-un-innovador-sistema-de-emergencias-para-potenciar-el-servicio-del-107\/#article","isPartOf":{"@id":"https:\/\/elregionalvm.com.ar\/noticias-villa-maria\/medicina-digital-mixta-villa-maria-implementara-un-innovador-sistema-de-emergencias-para-potenciar-el-servicio-del-107\/"},"author":{"name":"Contenidos El Regional","@id":"http:\/\/elregionalvm.com.ar\/noticias-villa-maria\/#\/schema\/person\/a0fb9c422317faca23d50163151bc354"},"headline":"Medicina Digital Mixta: Implementar\u00e1n un innovador sistema de emergencias para potenciar el servicio del 107","datePublished":"2024-06-18T21:41:36+00:00","dateModified":"2024-06-19T03:25:03+00:00","mainEntityOfPage":{"@id":"https:\/\/elregionalvm.com.ar\/noticias-villa-maria\/medicina-digital-mixta-villa-maria-implementara-un-innovador-sistema-de-emergencias-para-potenciar-el-servicio-del-107\/"},"wordCount":502,"commentCount":0,"image":{"@id":"https:\/\/elregionalvm.com.ar\/noticias-villa-maria\/medicina-digital-mixta-villa-maria-implementara-un-innovador-sistema-de-emergencias-para-potenciar-el-servicio-del-107\/#primaryimage"},"thumbnailUrl":"https:\/\/i0.wp.com\/elregionalvm.com.ar\/noticias-villa-maria\/wp-content\/uploads\/2024\/06\/WhatsApp-Image-2024-06-18-at-3.33.17-PM.jpeg?fit=1600%2C972&ssl=1","articleSection":["destacado","Sociedad","Villa Mar\u00eda"],"inLanguage":"es","potentialAction":[{"@type":"CommentAction","name":"Comment","target":["https:\/\/elregionalvm.com.ar\/noticias-villa-maria\/medicina-digital-mixta-villa-maria-implementara-un-innovador-sistema-de-emergencias-para-potenciar-el-servicio-del-107\/#respond"]}]},{"@type":"WebPage","@id":"https:\/\/elregionalvm.com.ar\/noticias-villa-maria\/medicina-digital-mixta-villa-maria-implementara-un-innovador-sistema-de-emergencias-para-potenciar-el-servicio-del-107\/","url":"https:\/\/elregionalvm.com.ar\/noticias-villa-maria\/medicina-digital-mixta-villa-maria-implementara-un-innovador-sistema-de-emergencias-para-potenciar-el-servicio-del-107\/","name":"Medicina Digital Mixta: Implementar\u00e1n un innovador sistema de emergencias para potenciar el servicio del 107 - El Regional","isPartOf":{"@id":"http:\/\/elregionalvm.com.ar\/noticias-villa-maria\/#website"},"primaryImageOfPage":{"@id":"https:\/\/elregionalvm.com.ar\/noticias-villa-maria\/medicina-digital-mixta-villa-maria-implementara-un-innovador-sistema-de-emergencias-para-potenciar-el-servicio-del-107\/#primaryimage"},"image":{"@id":"https:\/\/elregionalvm.com.ar\/noticias-villa-maria\/medicina-digital-mixta-villa-maria-implementara-un-innovador-sistema-de-emergencias-para-potenciar-el-servicio-del-107\/#primaryimage"},"thumbnailUrl":"https:\/\/i0.wp.com\/elregionalvm.com.ar\/noticias-villa-maria\/wp-content\/uploads\/2024\/06\/WhatsApp-Image-2024-06-18-at-3.33.17-PM.jpeg?fit=1600%2C972&ssl=1","datePublished":"2024-06-18T21:41:36+00:00","dateModified":"2024-06-19T03:25:03+00:00","author":{"@id":"http:\/\/elregionalvm.com.ar\/noticias-villa-maria\/#\/schema\/person\/a0fb9c422317faca23d50163151bc354"},"breadcrumb":{"@id":"https:\/\/elregionalvm.com.ar\/noticias-villa-maria\/medicina-digital-mixta-villa-maria-implementara-un-innovador-sistema-de-emergencias-para-potenciar-el-servicio-del-107\/#breadcrumb"},"inLanguage":"es","potentialAction":[{"@type":"ReadAction","target":["https:\/\/elregionalvm.com.ar\/noticias-villa-maria\/medicina-digital-mixta-villa-maria-implementara-un-innovador-sistema-de-emergencias-para-potenciar-el-servicio-del-107\/"]}]},{"@type":"ImageObject","inLanguage":"es","@id":"https:\/\/elregionalvm.com.ar\/noticias-villa-maria\/medicina-digital-mixta-villa-maria-implementara-un-innovador-sistema-de-emergencias-para-potenciar-el-servicio-del-107\/#primaryimage","url":"https:\/\/i0.wp.com\/elregionalvm.com.ar\/noticias-villa-maria\/wp-content\/uploads\/2024\/06\/WhatsApp-Image-2024-06-18-at-3.33.17-PM.jpeg?fit=1600%2C972&ssl=1","contentUrl":"https:\/\/i0.wp.com\/elregionalvm.com.ar\/noticias-villa-maria\/wp-content\/uploads\/2024\/06\/WhatsApp-Image-2024-06-18-at-3.33.17-PM.jpeg?fit=1600%2C972&ssl=1","width":1600,"height":972},{"@type":"BreadcrumbList","@id":"https:\/\/elregionalvm.com.ar\/noticias-villa-maria\/medicina-digital-mixta-villa-maria-implementara-un-innovador-sistema-de-emergencias-para-potenciar-el-servicio-del-107\/#breadcrumb","itemListElement":[{"@type":"ListItem","position":1,"name":"Portada","item":"https:\/\/elregionalvm.com.ar\/noticias-villa-maria\/"},{"@type":"ListItem","position":2,"name":"Medicina Digital Mixta: Implementar\u00e1n un innovador sistema de emergencias para potenciar el servicio del 107"}]},{"@type":"WebSite","@id":"http:\/\/elregionalvm.com.ar\/noticias-villa-maria\/#website","url":"http:\/\/elregionalvm.com.ar\/noticias-villa-maria\/","name":"El Regional","description":"Mucho m\u00e1s que informaci\u00f3n","potentialAction":[{"@type":"SearchAction","target":{"@type":"EntryPoint","urlTemplate":"http:\/\/elregionalvm.com.ar\/noticias-villa-maria\/?s={search_term_string}"},"query-input":{"@type":"PropertyValueSpecification","valueRequired":true,"valueName":"search_term_string"}}],"inLanguage":"es"},{"@type":"Person","@id":"http:\/\/elregionalvm.com.ar\/noticias-villa-maria\/#\/schema\/person\/a0fb9c422317faca23d50163151bc354","name":"Contenidos El Regional","image":{"@type":"ImageObject","inLanguage":"es","@id":"http:\/\/elregionalvm.com.ar\/noticias-villa-maria\/#\/schema\/person\/image\/","url":"https:\/\/secure.gravatar.com\/avatar\/265b27cb2209af7bb3a1318f03305787d7981a5cc6e6cd08fe5a4ecdf99d4b48?s=96&d=mm&r=g","contentUrl":"https:\/\/secure.gravatar.com\/avatar\/265b27cb2209af7bb3a1318f03305787d7981a5cc6e6cd08fe5a4ecdf99d4b48?s=96&d=mm&r=g","caption":"Contenidos El Regional"},"url":"https:\/\/elregionalvm.com.ar\/noticias-villa-maria\/author\/contenido\/"}]}},"jetpack_featured_media_url":"https:\/\/i0.wp.com\/elregionalvm.com.ar\/noticias-villa-maria\/wp-content\/uploads\/2024\/06\/WhatsApp-Image-2024-06-18-at-3.33.17-PM.jpeg?fit=1600%2C972&ssl=1","jetpack_sharing_enabled":true,"_links":{"self":[{"href":"https:\/\/elregionalvm.com.ar\/noticias-villa-maria\/wp-json\/wp\/v2\/posts\/95263","targetHints":{"allow":["GET"]}}],"collection":[{"href":"https:\/\/elregionalvm.com.ar\/noticias-villa-maria\/wp-json\/wp\/v2\/posts"}],"about":[{"href":"https:\/\/elregionalvm.com.ar\/noticias-villa-maria\/wp-json\/wp\/v2\/types\/post"}],"author":[{"embeddable":true,"href":"https:\/\/elregionalvm.com.ar\/noticias-villa-maria\/wp-json\/wp\/v2\/users\/4"}],"replies":[{"embeddable":true,"href":"https:\/\/elregionalvm.com.ar\/noticias-villa-maria\/wp-json\/wp\/v2\/comments?post=95263"}],"version-history":[{"count":2,"href":"https:\/\/elregionalvm.com.ar\/noticias-villa-maria\/wp-json\/wp\/v2\/posts\/95263\/revisions"}],"predecessor-version":[{"id":95292,"href":"https:\/\/elregionalvm.com.ar\/noticias-villa-maria\/wp-json\/wp\/v2\/posts\/95263\/revisions\/95292"}],"wp:featuredmedia":[{"embeddable":true,"href":"https:\/\/elregionalvm.com.ar\/noticias-villa-maria\/wp-json\/wp\/v2\/media\/95266"}],"wp:attachment":[{"href":"https:\/\/elregionalvm.com.ar\/noticias-villa-maria\/wp-json\/wp\/v2\/media?parent=95263"}],"wp:term":[{"taxonomy":"category","embeddable":true,"href":"https:\/\/elregionalvm.com.ar\/noticias-villa-maria\/wp-json\/wp\/v2\/categories?post=95263"},{"taxonomy":"post_tag","embeddable":true,"href":"https:\/\/elregionalvm.com.ar\/noticias-villa-maria\/wp-json\/wp\/v2\/tags?post=95263"}],"curies":[{"name":"wp","href":"https:\/\/api.w.org\/{rel}","templated":true}]}}