{"id":95268,"date":"2024-06-18T21:44:38","date_gmt":"2024-06-18T21:44:38","guid":{"rendered":"https:\/\/elregionalvm.com.ar\/noticias-villa-maria\/?p=95268"},"modified":"2024-06-18T21:44:39","modified_gmt":"2024-06-18T21:44:39","slug":"un-joven-fue-detenido-en-villa-nueva-por-andar-en-moto-y-robarle-la-billetera-a-una-mujer","status":"publish","type":"post","link":"https:\/\/elregionalvm.com.ar\/noticias-villa-maria\/un-joven-fue-detenido-en-villa-nueva-por-andar-en-moto-y-robarle-la-billetera-a-una-mujer\/","title":{"rendered":"Un joven fue detenido en Villa Nueva por andar en moto y robarle la billetera a una mujer"},"content":{"rendered":"\n<p>Siendo aproximadamente las 12:30 horas del d\u00eda s\u00e1bado 16 del corriente mes y a\u00f1o personal de la Patrulla Preventiva de la ciudad de Villa Nueva se constituy\u00f3 en la intersecci\u00f3n de las calles Ascasubi y Eva Per\u00f3n de esa ciudad, y procedi\u00f3 a hacer efectiva la detenci\u00f3n de un joven de 25 a\u00f1os de edad por supuesto autor del delito de \u00abRobo\u00bb en grado de tentativa.<\/p>\n\n\n\n<p>Ya que en momentos antes un sujeto que circulaba en una motocicleta marca Honda 150 cc intent\u00f3 sustraerle la billetera a una mujer que caminaba por la ciudad, siendo los vecinos quienes impiden que el sujeto se retire del lugar, hasta la llegada del personal policial, la cuales luego de constatar lo sucedido realizan la detenci\u00f3n del masculino, para luego ser trasladado hacia la Alcald\u00eda de la ciudad, adem\u00e1s del secuestro de la motocicleta en la que se conducia.<\/p>\n\n\n\n<p>Se labran actuaciones a disposici\u00f3n de la Fiscal\u00eda de Instrucci\u00f3n de Primer Turno a cargo de la Dra. Silvia Maldonado Sec. M. Eugenia Barra.<\/p>\n","protected":false},"excerpt":{"rendered":"<p>Siendo aproximadamente las 12:30 horas del d\u00eda s\u00e1bado 16 del corriente mes y a\u00f1o personal de la Patrulla Preventiva de la ciudad de Villa Nueva se constituy\u00f3 en la intersecci\u00f3n de las calles Ascasubi y Eva Per\u00f3n de esa ciudad, y procedi\u00f3 a hacer efectiva la detenci\u00f3n de un joven de 25 a\u00f1os de edad [&hellip;]<\/p>\n","protected":false},"author":4,"featured_media":79851,"comment_status":"open","ping_status":"open","sticky":false,"template":"","format":"standard","meta":{"site-sidebar-layout":"default","site-content-layout":"","ast-site-content-layout":"default","site-content-style":"default","site-sidebar-style":"default","ast-global-header-display":"","ast-banner-title-visibility":"","ast-main-header-display":"","ast-hfb-above-header-display":"","ast-hfb-below-header-display":"","ast-hfb-mobile-header-display":"","site-post-title":"","ast-breadcrumbs-content":"","ast-featured-img":"","footer-sml-layout":"","ast-disable-related-posts":"","theme-transparent-header-meta":"","adv-header-id-meta":"","stick-header-meta":"","header-above-stick-meta":"","header-main-stick-meta":"","header-below-stick-meta":"","astra-migrate-meta-layouts":"set","ast-page-background-enabled":"default","ast-page-background-meta":{"desktop":{"background-color":"","background-image":"","background-repeat":"repeat","background-position":"center center","background-size":"auto","background-attachment":"scroll","background-type":"","background-media":"","overlay-type":"","overlay-color":"","overlay-opacity":"","overlay-gradient":""},"tablet":{"background-color":"","background-image":"","background-repeat":"repeat","background-position":"center center","background-size":"auto","background-attachment":"scroll","background-type":"","background-media":"","overlay-type":"","overlay-color":"","overlay-opacity":"","overlay-gradient":""},"mobile":{"background-color":"","background-image":"","background-repeat":"repeat","background-position":"center center","background-size":"auto","background-attachment":"scroll","background-type":"","background-media":"","overlay-type":"","overlay-color":"","overlay-opacity":"","overlay-gradient":""}},"ast-content-background-meta":{"desktop":{"background-color":"var(--ast-global-color-5)","background-image":"","background-repeat":"repeat","background-position":"center center","background-size":"auto","background-attachment":"scroll","background-type":"","background-media":"","overlay-type":"","overlay-color":"","overlay-opacity":"","overlay-gradient":""},"tablet":{"background-color":"var(--ast-global-color-5)","background-image":"","background-repeat":"repeat","background-position":"center center","background-size":"auto","background-attachment":"scroll","background-type":"","background-media":"","overlay-type":"","overlay-color":"","overlay-opacity":"","overlay-gradient":""},"mobile":{"background-color":"var(--ast-global-color-5)","background-image":"","background-repeat":"repeat","background-position":"center center","background-size":"auto","background-attachment":"scroll","background-type":"","background-media":"","overlay-type":"","overlay-color":"","overlay-opacity":"","overlay-gradient":""}},"_jetpack_memberships_contains_paid_content":false,"_joinchat":[],"footnotes":""},"categories":[15302,2234,5,1408],"tags":[],"class_list":["post-95268","post","type-post","status-publish","format-standard","has-post-thumbnail","hentry","category-destacado","category-policiales","category-sociedad","category-villa-nueva"],"yoast_head":"<!-- This site is optimized with the Yoast SEO plugin v26.8 - https:\/\/yoast.com\/product\/yoast-seo-wordpress\/ -->\n<title>Un joven fue detenido en Villa Nueva por andar en moto y robarle la billetera a una mujer - El Regional<\/title>\n<meta name=\"robots\" content=\"index, follow, max-snippet:-1, max-image-preview:large, max-video-preview:-1\" \/>\n<link rel=\"canonical\" href=\"https:\/\/elregionalvm.com.ar\/noticias-villa-maria\/un-joven-fue-detenido-en-villa-nueva-por-andar-en-moto-y-robarle-la-billetera-a-una-mujer\/\" \/>\n<meta property=\"og:locale\" content=\"es_ES\" \/>\n<meta property=\"og:type\" content=\"article\" \/>\n<meta property=\"og:title\" content=\"Un joven fue detenido en Villa Nueva por andar en moto y robarle la billetera a una mujer - El Regional\" \/>\n<meta property=\"og:description\" content=\"Siendo aproximadamente las 12:30 horas del d\u00eda s\u00e1bado 16 del corriente mes y a\u00f1o personal de la Patrulla Preventiva de la ciudad de Villa Nueva se constituy\u00f3 en la intersecci\u00f3n de las calles Ascasubi y Eva Per\u00f3n de esa ciudad, y procedi\u00f3 a hacer efectiva la detenci\u00f3n de un joven de 25 a\u00f1os de edad [&hellip;]\" \/>\n<meta property=\"og:url\" content=\"https:\/\/elregionalvm.com.ar\/noticias-villa-maria\/un-joven-fue-detenido-en-villa-nueva-por-andar-en-moto-y-robarle-la-billetera-a-una-mujer\/\" \/>\n<meta property=\"og:site_name\" content=\"El Regional\" \/>\n<meta property=\"article:publisher\" content=\"https:\/\/www.facebook.com\/elregionalvm\" \/>\n<meta property=\"article:published_time\" content=\"2024-06-18T21:44:38+00:00\" \/>\n<meta property=\"article:modified_time\" content=\"2024-06-18T21:44:39+00:00\" \/>\n<meta property=\"og:image\" content=\"https:\/\/elregionalvm.com.ar\/noticias-villa-maria\/wp-content\/uploads\/2023\/07\/patrullero_policia_noche.jpg\" \/>\n\t<meta property=\"og:image:width\" content=\"599\" \/>\n\t<meta property=\"og:image:height\" content=\"402\" \/>\n\t<meta property=\"og:image:type\" content=\"image\/jpeg\" \/>\n<meta name=\"author\" content=\"Contenidos El Regional\" \/>\n<meta name=\"twitter:card\" content=\"summary_large_image\" \/>\n<meta name=\"twitter:creator\" content=\"@elregionalvm1\" \/>\n<meta name=\"twitter:site\" content=\"@elregionalvm1\" \/>\n<meta name=\"twitter:label1\" content=\"Escrito por\" \/>\n\t<meta name=\"twitter:data1\" content=\"Contenidos El Regional\" \/>\n\t<meta name=\"twitter:label2\" content=\"Tiempo de lectura\" \/>\n\t<meta name=\"twitter:data2\" content=\"1 minuto\" \/>\n<script type=\"application\/ld+json\" class=\"yoast-schema-graph\">{\"@context\":\"https:\/\/schema.org\",\"@graph\":[{\"@type\":\"Article\",\"@id\":\"https:\/\/elregionalvm.com.ar\/noticias-villa-maria\/un-joven-fue-detenido-en-villa-nueva-por-andar-en-moto-y-robarle-la-billetera-a-una-mujer\/#article\",\"isPartOf\":{\"@id\":\"https:\/\/elregionalvm.com.ar\/noticias-villa-maria\/un-joven-fue-detenido-en-villa-nueva-por-andar-en-moto-y-robarle-la-billetera-a-una-mujer\/\"},\"author\":{\"name\":\"Contenidos El Regional\",\"@id\":\"http:\/\/elregionalvm.com.ar\/noticias-villa-maria\/#\/schema\/person\/a0fb9c422317faca23d50163151bc354\"},\"headline\":\"Un joven fue detenido en Villa Nueva por andar en moto y robarle la billetera a una mujer\",\"datePublished\":\"2024-06-18T21:44:38+00:00\",\"dateModified\":\"2024-06-18T21:44:39+00:00\",\"mainEntityOfPage\":{\"@id\":\"https:\/\/elregionalvm.com.ar\/noticias-villa-maria\/un-joven-fue-detenido-en-villa-nueva-por-andar-en-moto-y-robarle-la-billetera-a-una-mujer\/\"},\"wordCount\":196,\"commentCount\":0,\"image\":{\"@id\":\"https:\/\/elregionalvm.com.ar\/noticias-villa-maria\/un-joven-fue-detenido-en-villa-nueva-por-andar-en-moto-y-robarle-la-billetera-a-una-mujer\/#primaryimage\"},\"thumbnailUrl\":\"https:\/\/i0.wp.com\/elregionalvm.com.ar\/noticias-villa-maria\/wp-content\/uploads\/2023\/07\/patrullero_policia_noche.jpg?fit=599%2C402&ssl=1\",\"articleSection\":[\"destacado\",\"Policiales\",\"Sociedad\",\"Villa Nueva\"],\"inLanguage\":\"es\",\"potentialAction\":[{\"@type\":\"CommentAction\",\"name\":\"Comment\",\"target\":[\"https:\/\/elregionalvm.com.ar\/noticias-villa-maria\/un-joven-fue-detenido-en-villa-nueva-por-andar-en-moto-y-robarle-la-billetera-a-una-mujer\/#respond\"]}]},{\"@type\":\"WebPage\",\"@id\":\"https:\/\/elregionalvm.com.ar\/noticias-villa-maria\/un-joven-fue-detenido-en-villa-nueva-por-andar-en-moto-y-robarle-la-billetera-a-una-mujer\/\",\"url\":\"https:\/\/elregionalvm.com.ar\/noticias-villa-maria\/un-joven-fue-detenido-en-villa-nueva-por-andar-en-moto-y-robarle-la-billetera-a-una-mujer\/\",\"name\":\"Un joven fue detenido en Villa Nueva por andar en moto y robarle la billetera a una mujer - El Regional\",\"isPartOf\":{\"@id\":\"http:\/\/elregionalvm.com.ar\/noticias-villa-maria\/#website\"},\"primaryImageOfPage\":{\"@id\":\"https:\/\/elregionalvm.com.ar\/noticias-villa-maria\/un-joven-fue-detenido-en-villa-nueva-por-andar-en-moto-y-robarle-la-billetera-a-una-mujer\/#primaryimage\"},\"image\":{\"@id\":\"https:\/\/elregionalvm.com.ar\/noticias-villa-maria\/un-joven-fue-detenido-en-villa-nueva-por-andar-en-moto-y-robarle-la-billetera-a-una-mujer\/#primaryimage\"},\"thumbnailUrl\":\"https:\/\/i0.wp.com\/elregionalvm.com.ar\/noticias-villa-maria\/wp-content\/uploads\/2023\/07\/patrullero_policia_noche.jpg?fit=599%2C402&ssl=1\",\"datePublished\":\"2024-06-18T21:44:38+00:00\",\"dateModified\":\"2024-06-18T21:44:39+00:00\",\"author\":{\"@id\":\"http:\/\/elregionalvm.com.ar\/noticias-villa-maria\/#\/schema\/person\/a0fb9c422317faca23d50163151bc354\"},\"breadcrumb\":{\"@id\":\"https:\/\/elregionalvm.com.ar\/noticias-villa-maria\/un-joven-fue-detenido-en-villa-nueva-por-andar-en-moto-y-robarle-la-billetera-a-una-mujer\/#breadcrumb\"},\"inLanguage\":\"es\",\"potentialAction\":[{\"@type\":\"ReadAction\",\"target\":[\"https:\/\/elregionalvm.com.ar\/noticias-villa-maria\/un-joven-fue-detenido-en-villa-nueva-por-andar-en-moto-y-robarle-la-billetera-a-una-mujer\/\"]}]},{\"@type\":\"ImageObject\",\"inLanguage\":\"es\",\"@id\":\"https:\/\/elregionalvm.com.ar\/noticias-villa-maria\/un-joven-fue-detenido-en-villa-nueva-por-andar-en-moto-y-robarle-la-billetera-a-una-mujer\/#primaryimage\",\"url\":\"https:\/\/i0.wp.com\/elregionalvm.com.ar\/noticias-villa-maria\/wp-content\/uploads\/2023\/07\/patrullero_policia_noche.jpg?fit=599%2C402&ssl=1\",\"contentUrl\":\"https:\/\/i0.wp.com\/elregionalvm.com.ar\/noticias-villa-maria\/wp-content\/uploads\/2023\/07\/patrullero_policia_noche.jpg?fit=599%2C402&ssl=1\",\"width\":599,\"height\":402},{\"@type\":\"BreadcrumbList\",\"@id\":\"https:\/\/elregionalvm.com.ar\/noticias-villa-maria\/un-joven-fue-detenido-en-villa-nueva-por-andar-en-moto-y-robarle-la-billetera-a-una-mujer\/#breadcrumb\",\"itemListElement\":[{\"@type\":\"ListItem\",\"position\":1,\"name\":\"Portada\",\"item\":\"https:\/\/elregionalvm.com.ar\/noticias-villa-maria\/\"},{\"@type\":\"ListItem\",\"position\":2,\"name\":\"Un joven fue detenido en Villa Nueva por andar en moto y robarle la billetera a una mujer\"}]},{\"@type\":\"WebSite\",\"@id\":\"http:\/\/elregionalvm.com.ar\/noticias-villa-maria\/#website\",\"url\":\"http:\/\/elregionalvm.com.ar\/noticias-villa-maria\/\",\"name\":\"El Regional\",\"description\":\"Mucho m\u00e1s que informaci\u00f3n\",\"potentialAction\":[{\"@type\":\"SearchAction\",\"target\":{\"@type\":\"EntryPoint\",\"urlTemplate\":\"http:\/\/elregionalvm.com.ar\/noticias-villa-maria\/?s={search_term_string}\"},\"query-input\":{\"@type\":\"PropertyValueSpecification\",\"valueRequired\":true,\"valueName\":\"search_term_string\"}}],\"inLanguage\":\"es\"},{\"@type\":\"Person\",\"@id\":\"http:\/\/elregionalvm.com.ar\/noticias-villa-maria\/#\/schema\/person\/a0fb9c422317faca23d50163151bc354\",\"name\":\"Contenidos El Regional\",\"image\":{\"@type\":\"ImageObject\",\"inLanguage\":\"es\",\"@id\":\"http:\/\/elregionalvm.com.ar\/noticias-villa-maria\/#\/schema\/person\/image\/\",\"url\":\"https:\/\/secure.gravatar.com\/avatar\/265b27cb2209af7bb3a1318f03305787d7981a5cc6e6cd08fe5a4ecdf99d4b48?s=96&d=mm&r=g\",\"contentUrl\":\"https:\/\/secure.gravatar.com\/avatar\/265b27cb2209af7bb3a1318f03305787d7981a5cc6e6cd08fe5a4ecdf99d4b48?s=96&d=mm&r=g\",\"caption\":\"Contenidos El Regional\"},\"url\":\"https:\/\/elregionalvm.com.ar\/noticias-villa-maria\/author\/contenido\/\"}]}<\/script>\n<!-- \/ Yoast SEO plugin. -->","yoast_head_json":{"title":"Un joven fue detenido en Villa Nueva por andar en moto y robarle la billetera a una mujer - El Regional","robots":{"index":"index","follow":"follow","max-snippet":"max-snippet:-1","max-image-preview":"max-image-preview:large","max-video-preview":"max-video-preview:-1"},"canonical":"https:\/\/elregionalvm.com.ar\/noticias-villa-maria\/un-joven-fue-detenido-en-villa-nueva-por-andar-en-moto-y-robarle-la-billetera-a-una-mujer\/","og_locale":"es_ES","og_type":"article","og_title":"Un joven fue detenido en Villa Nueva por andar en moto y robarle la billetera a una mujer - El Regional","og_description":"Siendo aproximadamente las 12:30 horas del d\u00eda s\u00e1bado 16 del corriente mes y a\u00f1o personal de la Patrulla Preventiva de la ciudad de Villa Nueva se constituy\u00f3 en la intersecci\u00f3n de las calles Ascasubi y Eva Per\u00f3n de esa ciudad, y procedi\u00f3 a hacer efectiva la detenci\u00f3n de un joven de 25 a\u00f1os de edad [&hellip;]","og_url":"https:\/\/elregionalvm.com.ar\/noticias-villa-maria\/un-joven-fue-detenido-en-villa-nueva-por-andar-en-moto-y-robarle-la-billetera-a-una-mujer\/","og_site_name":"El Regional","article_publisher":"https:\/\/www.facebook.com\/elregionalvm","article_published_time":"2024-06-18T21:44:38+00:00","article_modified_time":"2024-06-18T21:44:39+00:00","og_image":[{"width":599,"height":402,"url":"https:\/\/elregionalvm.com.ar\/noticias-villa-maria\/wp-content\/uploads\/2023\/07\/patrullero_policia_noche.jpg","type":"image\/jpeg"}],"author":"Contenidos El Regional","twitter_card":"summary_large_image","twitter_creator":"@elregionalvm1","twitter_site":"@elregionalvm1","twitter_misc":{"Escrito por":"Contenidos El Regional","Tiempo de lectura":"1 minuto"},"schema":{"@context":"https:\/\/schema.org","@graph":[{"@type":"Article","@id":"https:\/\/elregionalvm.com.ar\/noticias-villa-maria\/un-joven-fue-detenido-en-villa-nueva-por-andar-en-moto-y-robarle-la-billetera-a-una-mujer\/#article","isPartOf":{"@id":"https:\/\/elregionalvm.com.ar\/noticias-villa-maria\/un-joven-fue-detenido-en-villa-nueva-por-andar-en-moto-y-robarle-la-billetera-a-una-mujer\/"},"author":{"name":"Contenidos El Regional","@id":"http:\/\/elregionalvm.com.ar\/noticias-villa-maria\/#\/schema\/person\/a0fb9c422317faca23d50163151bc354"},"headline":"Un joven fue detenido en Villa Nueva por andar en moto y robarle la billetera a una mujer","datePublished":"2024-06-18T21:44:38+00:00","dateModified":"2024-06-18T21:44:39+00:00","mainEntityOfPage":{"@id":"https:\/\/elregionalvm.com.ar\/noticias-villa-maria\/un-joven-fue-detenido-en-villa-nueva-por-andar-en-moto-y-robarle-la-billetera-a-una-mujer\/"},"wordCount":196,"commentCount":0,"image":{"@id":"https:\/\/elregionalvm.com.ar\/noticias-villa-maria\/un-joven-fue-detenido-en-villa-nueva-por-andar-en-moto-y-robarle-la-billetera-a-una-mujer\/#primaryimage"},"thumbnailUrl":"https:\/\/i0.wp.com\/elregionalvm.com.ar\/noticias-villa-maria\/wp-content\/uploads\/2023\/07\/patrullero_policia_noche.jpg?fit=599%2C402&ssl=1","articleSection":["destacado","Policiales","Sociedad","Villa Nueva"],"inLanguage":"es","potentialAction":[{"@type":"CommentAction","name":"Comment","target":["https:\/\/elregionalvm.com.ar\/noticias-villa-maria\/un-joven-fue-detenido-en-villa-nueva-por-andar-en-moto-y-robarle-la-billetera-a-una-mujer\/#respond"]}]},{"@type":"WebPage","@id":"https:\/\/elregionalvm.com.ar\/noticias-villa-maria\/un-joven-fue-detenido-en-villa-nueva-por-andar-en-moto-y-robarle-la-billetera-a-una-mujer\/","url":"https:\/\/elregionalvm.com.ar\/noticias-villa-maria\/un-joven-fue-detenido-en-villa-nueva-por-andar-en-moto-y-robarle-la-billetera-a-una-mujer\/","name":"Un joven fue detenido en Villa Nueva por andar en moto y robarle la billetera a una mujer - El Regional","isPartOf":{"@id":"http:\/\/elregionalvm.com.ar\/noticias-villa-maria\/#website"},"primaryImageOfPage":{"@id":"https:\/\/elregionalvm.com.ar\/noticias-villa-maria\/un-joven-fue-detenido-en-villa-nueva-por-andar-en-moto-y-robarle-la-billetera-a-una-mujer\/#primaryimage"},"image":{"@id":"https:\/\/elregionalvm.com.ar\/noticias-villa-maria\/un-joven-fue-detenido-en-villa-nueva-por-andar-en-moto-y-robarle-la-billetera-a-una-mujer\/#primaryimage"},"thumbnailUrl":"https:\/\/i0.wp.com\/elregionalvm.com.ar\/noticias-villa-maria\/wp-content\/uploads\/2023\/07\/patrullero_policia_noche.jpg?fit=599%2C402&ssl=1","datePublished":"2024-06-18T21:44:38+00:00","dateModified":"2024-06-18T21:44:39+00:00","author":{"@id":"http:\/\/elregionalvm.com.ar\/noticias-villa-maria\/#\/schema\/person\/a0fb9c422317faca23d50163151bc354"},"breadcrumb":{"@id":"https:\/\/elregionalvm.com.ar\/noticias-villa-maria\/un-joven-fue-detenido-en-villa-nueva-por-andar-en-moto-y-robarle-la-billetera-a-una-mujer\/#breadcrumb"},"inLanguage":"es","potentialAction":[{"@type":"ReadAction","target":["https:\/\/elregionalvm.com.ar\/noticias-villa-maria\/un-joven-fue-detenido-en-villa-nueva-por-andar-en-moto-y-robarle-la-billetera-a-una-mujer\/"]}]},{"@type":"ImageObject","inLanguage":"es","@id":"https:\/\/elregionalvm.com.ar\/noticias-villa-maria\/un-joven-fue-detenido-en-villa-nueva-por-andar-en-moto-y-robarle-la-billetera-a-una-mujer\/#primaryimage","url":"https:\/\/i0.wp.com\/elregionalvm.com.ar\/noticias-villa-maria\/wp-content\/uploads\/2023\/07\/patrullero_policia_noche.jpg?fit=599%2C402&ssl=1","contentUrl":"https:\/\/i0.wp.com\/elregionalvm.com.ar\/noticias-villa-maria\/wp-content\/uploads\/2023\/07\/patrullero_policia_noche.jpg?fit=599%2C402&ssl=1","width":599,"height":402},{"@type":"BreadcrumbList","@id":"https:\/\/elregionalvm.com.ar\/noticias-villa-maria\/un-joven-fue-detenido-en-villa-nueva-por-andar-en-moto-y-robarle-la-billetera-a-una-mujer\/#breadcrumb","itemListElement":[{"@type":"ListItem","position":1,"name":"Portada","item":"https:\/\/elregionalvm.com.ar\/noticias-villa-maria\/"},{"@type":"ListItem","position":2,"name":"Un joven fue detenido en Villa Nueva por andar en moto y robarle la billetera a una mujer"}]},{"@type":"WebSite","@id":"http:\/\/elregionalvm.com.ar\/noticias-villa-maria\/#website","url":"http:\/\/elregionalvm.com.ar\/noticias-villa-maria\/","name":"El Regional","description":"Mucho m\u00e1s que informaci\u00f3n","potentialAction":[{"@type":"SearchAction","target":{"@type":"EntryPoint","urlTemplate":"http:\/\/elregionalvm.com.ar\/noticias-villa-maria\/?s={search_term_string}"},"query-input":{"@type":"PropertyValueSpecification","valueRequired":true,"valueName":"search_term_string"}}],"inLanguage":"es"},{"@type":"Person","@id":"http:\/\/elregionalvm.com.ar\/noticias-villa-maria\/#\/schema\/person\/a0fb9c422317faca23d50163151bc354","name":"Contenidos El Regional","image":{"@type":"ImageObject","inLanguage":"es","@id":"http:\/\/elregionalvm.com.ar\/noticias-villa-maria\/#\/schema\/person\/image\/","url":"https:\/\/secure.gravatar.com\/avatar\/265b27cb2209af7bb3a1318f03305787d7981a5cc6e6cd08fe5a4ecdf99d4b48?s=96&d=mm&r=g","contentUrl":"https:\/\/secure.gravatar.com\/avatar\/265b27cb2209af7bb3a1318f03305787d7981a5cc6e6cd08fe5a4ecdf99d4b48?s=96&d=mm&r=g","caption":"Contenidos El Regional"},"url":"https:\/\/elregionalvm.com.ar\/noticias-villa-maria\/author\/contenido\/"}]}},"jetpack_featured_media_url":"https:\/\/i0.wp.com\/elregionalvm.com.ar\/noticias-villa-maria\/wp-content\/uploads\/2023\/07\/patrullero_policia_noche.jpg?fit=599%2C402&ssl=1","jetpack_sharing_enabled":true,"_links":{"self":[{"href":"https:\/\/elregionalvm.com.ar\/noticias-villa-maria\/wp-json\/wp\/v2\/posts\/95268","targetHints":{"allow":["GET"]}}],"collection":[{"href":"https:\/\/elregionalvm.com.ar\/noticias-villa-maria\/wp-json\/wp\/v2\/posts"}],"about":[{"href":"https:\/\/elregionalvm.com.ar\/noticias-villa-maria\/wp-json\/wp\/v2\/types\/post"}],"author":[{"embeddable":true,"href":"https:\/\/elregionalvm.com.ar\/noticias-villa-maria\/wp-json\/wp\/v2\/users\/4"}],"replies":[{"embeddable":true,"href":"https:\/\/elregionalvm.com.ar\/noticias-villa-maria\/wp-json\/wp\/v2\/comments?post=95268"}],"version-history":[{"count":1,"href":"https:\/\/elregionalvm.com.ar\/noticias-villa-maria\/wp-json\/wp\/v2\/posts\/95268\/revisions"}],"predecessor-version":[{"id":95269,"href":"https:\/\/elregionalvm.com.ar\/noticias-villa-maria\/wp-json\/wp\/v2\/posts\/95268\/revisions\/95269"}],"wp:featuredmedia":[{"embeddable":true,"href":"https:\/\/elregionalvm.com.ar\/noticias-villa-maria\/wp-json\/wp\/v2\/media\/79851"}],"wp:attachment":[{"href":"https:\/\/elregionalvm.com.ar\/noticias-villa-maria\/wp-json\/wp\/v2\/media?parent=95268"}],"wp:term":[{"taxonomy":"category","embeddable":true,"href":"https:\/\/elregionalvm.com.ar\/noticias-villa-maria\/wp-json\/wp\/v2\/categories?post=95268"},{"taxonomy":"post_tag","embeddable":true,"href":"https:\/\/elregionalvm.com.ar\/noticias-villa-maria\/wp-json\/wp\/v2\/tags?post=95268"}],"curies":[{"name":"wp","href":"https:\/\/api.w.org\/{rel}","templated":true}]}}