{"id":95275,"date":"2024-06-18T21:56:00","date_gmt":"2024-06-18T21:56:00","guid":{"rendered":"https:\/\/elregionalvm.com.ar\/noticias-villa-maria\/?p=95275"},"modified":"2024-06-18T21:56:01","modified_gmt":"2024-06-18T21:56:01","slug":"el-intendente-tagni-superviso-el-avance-de-los-trabajos-de-adoquinado-sobre-calle-tala","status":"publish","type":"post","link":"https:\/\/elregionalvm.com.ar\/noticias-villa-maria\/el-intendente-tagni-superviso-el-avance-de-los-trabajos-de-adoquinado-sobre-calle-tala\/","title":{"rendered":"El Intendente Tagni supervis\u00f3 el avance de los trabajos de adoquinado sobre calle Tala"},"content":{"rendered":"\n<p>La Municipalidad de Villa Nueva informa que en la ma\u00f1ana de hoy el Intendente Ignacio Tagni supervis\u00f3 las obras correspondientes al adoquinado sobre calle Tala en el barrio Portal de la Costa.<\/p>\n\n\n\n<figure class=\"wp-block-image size-large\"><img data-recalc-dims=\"1\" fetchpriority=\"high\" decoding=\"async\" width=\"1024\" height=\"768\" src=\"https:\/\/i0.wp.com\/elregionalvm.com.ar\/noticias-villa-maria\/wp-content\/uploads\/2024\/06\/WhatsApp-Image-2024-06-18-at-4.11.02-PM.jpeg?resize=1024%2C768&#038;ssl=1\" alt=\"\" class=\"wp-image-95278\" srcset=\"https:\/\/i0.wp.com\/elregionalvm.com.ar\/noticias-villa-maria\/wp-content\/uploads\/2024\/06\/WhatsApp-Image-2024-06-18-at-4.11.02-PM.jpeg?resize=1024%2C768&amp;ssl=1 1024w, https:\/\/i0.wp.com\/elregionalvm.com.ar\/noticias-villa-maria\/wp-content\/uploads\/2024\/06\/WhatsApp-Image-2024-06-18-at-4.11.02-PM.jpeg?resize=300%2C225&amp;ssl=1 300w, https:\/\/i0.wp.com\/elregionalvm.com.ar\/noticias-villa-maria\/wp-content\/uploads\/2024\/06\/WhatsApp-Image-2024-06-18-at-4.11.02-PM.jpeg?resize=768%2C576&amp;ssl=1 768w, https:\/\/i0.wp.com\/elregionalvm.com.ar\/noticias-villa-maria\/wp-content\/uploads\/2024\/06\/WhatsApp-Image-2024-06-18-at-4.11.02-PM.jpeg?resize=1536%2C1152&amp;ssl=1 1536w, https:\/\/i0.wp.com\/elregionalvm.com.ar\/noticias-villa-maria\/wp-content\/uploads\/2024\/06\/WhatsApp-Image-2024-06-18-at-4.11.02-PM.jpeg?w=1600&amp;ssl=1 1600w\" sizes=\"(max-width: 1000px) 100vw, 1000px\" \/><\/figure>\n\n\n\n<p>En ese sentido, el mandatario recorri\u00f3 el tramo en el que trabajan el personal de Direcci\u00f3n de Obras P\u00fablicas y nuestro Corral\u00f3n Municipal, y respondiendo a un pedido de la comunidad.<\/p>\n\n\n\n<p>El avance en la obra ya supera el 50% y contempla el adoquinado final de esta v\u00eda de alto tr\u00e1nsito.<\/p>\n\n\n\n<figure class=\"wp-block-image size-large\"><img data-recalc-dims=\"1\" decoding=\"async\" width=\"1024\" height=\"768\" src=\"https:\/\/i0.wp.com\/elregionalvm.com.ar\/noticias-villa-maria\/wp-content\/uploads\/2024\/06\/WhatsApp-Image-2024-06-18-at-4.11.29-PM.jpeg?resize=1024%2C768&#038;ssl=1\" alt=\"\" class=\"wp-image-95276\" srcset=\"https:\/\/i0.wp.com\/elregionalvm.com.ar\/noticias-villa-maria\/wp-content\/uploads\/2024\/06\/WhatsApp-Image-2024-06-18-at-4.11.29-PM.jpeg?resize=1024%2C768&amp;ssl=1 1024w, https:\/\/i0.wp.com\/elregionalvm.com.ar\/noticias-villa-maria\/wp-content\/uploads\/2024\/06\/WhatsApp-Image-2024-06-18-at-4.11.29-PM.jpeg?resize=300%2C225&amp;ssl=1 300w, https:\/\/i0.wp.com\/elregionalvm.com.ar\/noticias-villa-maria\/wp-content\/uploads\/2024\/06\/WhatsApp-Image-2024-06-18-at-4.11.29-PM.jpeg?resize=768%2C576&amp;ssl=1 768w, https:\/\/i0.wp.com\/elregionalvm.com.ar\/noticias-villa-maria\/wp-content\/uploads\/2024\/06\/WhatsApp-Image-2024-06-18-at-4.11.29-PM.jpeg?resize=1536%2C1152&amp;ssl=1 1536w, https:\/\/i0.wp.com\/elregionalvm.com.ar\/noticias-villa-maria\/wp-content\/uploads\/2024\/06\/WhatsApp-Image-2024-06-18-at-4.11.29-PM.jpeg?w=1600&amp;ssl=1 1600w\" sizes=\"(max-width: 1000px) 100vw, 1000px\" \/><\/figure>\n\n\n\n<p>Se solicita y se reitera a los vecinos del barrio tener precauci\u00f3n a la hora de circular y tener en cuenta los accesos alternativos.<\/p>\n","protected":false},"excerpt":{"rendered":"<p>La Municipalidad de Villa Nueva informa que en la ma\u00f1ana de hoy el Intendente Ignacio Tagni supervis\u00f3 las obras correspondientes al adoquinado sobre calle Tala en el barrio Portal de la Costa. En ese sentido, el mandatario recorri\u00f3 el tramo en el que trabajan el personal de Direcci\u00f3n de Obras P\u00fablicas y nuestro Corral\u00f3n Municipal, [&hellip;]<\/p>\n","protected":false},"author":4,"featured_media":95277,"comment_status":"open","ping_status":"open","sticky":false,"template":"","format":"standard","meta":{"site-sidebar-layout":"default","site-content-layout":"","ast-site-content-layout":"default","site-content-style":"default","site-sidebar-style":"default","ast-global-header-display":"","ast-banner-title-visibility":"","ast-main-header-display":"","ast-hfb-above-header-display":"","ast-hfb-below-header-display":"","ast-hfb-mobile-header-display":"","site-post-title":"","ast-breadcrumbs-content":"","ast-featured-img":"","footer-sml-layout":"","ast-disable-related-posts":"","theme-transparent-header-meta":"","adv-header-id-meta":"","stick-header-meta":"","header-above-stick-meta":"","header-main-stick-meta":"","header-below-stick-meta":"","astra-migrate-meta-layouts":"set","ast-page-background-enabled":"default","ast-page-background-meta":{"desktop":{"background-color":"","background-image":"","background-repeat":"repeat","background-position":"center center","background-size":"auto","background-attachment":"scroll","background-type":"","background-media":"","overlay-type":"","overlay-color":"","overlay-opacity":"","overlay-gradient":""},"tablet":{"background-color":"","background-image":"","background-repeat":"repeat","background-position":"center center","background-size":"auto","background-attachment":"scroll","background-type":"","background-media":"","overlay-type":"","overlay-color":"","overlay-opacity":"","overlay-gradient":""},"mobile":{"background-color":"","background-image":"","background-repeat":"repeat","background-position":"center center","background-size":"auto","background-attachment":"scroll","background-type":"","background-media":"","overlay-type":"","overlay-color":"","overlay-opacity":"","overlay-gradient":""}},"ast-content-background-meta":{"desktop":{"background-color":"var(--ast-global-color-5)","background-image":"","background-repeat":"repeat","background-position":"center center","background-size":"auto","background-attachment":"scroll","background-type":"","background-media":"","overlay-type":"","overlay-color":"","overlay-opacity":"","overlay-gradient":""},"tablet":{"background-color":"var(--ast-global-color-5)","background-image":"","background-repeat":"repeat","background-position":"center center","background-size":"auto","background-attachment":"scroll","background-type":"","background-media":"","overlay-type":"","overlay-color":"","overlay-opacity":"","overlay-gradient":""},"mobile":{"background-color":"var(--ast-global-color-5)","background-image":"","background-repeat":"repeat","background-position":"center center","background-size":"auto","background-attachment":"scroll","background-type":"","background-media":"","overlay-type":"","overlay-color":"","overlay-opacity":"","overlay-gradient":""}},"_jetpack_memberships_contains_paid_content":false,"_joinchat":[],"footnotes":""},"categories":[15302,5,1408],"tags":[],"class_list":["post-95275","post","type-post","status-publish","format-standard","has-post-thumbnail","hentry","category-destacado","category-sociedad","category-villa-nueva"],"yoast_head":"<!-- This site is optimized with the Yoast SEO plugin v26.8 - https:\/\/yoast.com\/product\/yoast-seo-wordpress\/ -->\n<title>El Intendente Tagni supervis\u00f3 el avance de los trabajos de adoquinado sobre calle Tala - El Regional<\/title>\n<meta name=\"robots\" content=\"index, follow, max-snippet:-1, max-image-preview:large, max-video-preview:-1\" \/>\n<link rel=\"canonical\" href=\"https:\/\/elregionalvm.com.ar\/noticias-villa-maria\/el-intendente-tagni-superviso-el-avance-de-los-trabajos-de-adoquinado-sobre-calle-tala\/\" \/>\n<meta property=\"og:locale\" content=\"es_ES\" \/>\n<meta property=\"og:type\" content=\"article\" \/>\n<meta property=\"og:title\" content=\"El Intendente Tagni supervis\u00f3 el avance de los trabajos de adoquinado sobre calle Tala - El Regional\" \/>\n<meta property=\"og:description\" content=\"La Municipalidad de Villa Nueva informa que en la ma\u00f1ana de hoy el Intendente Ignacio Tagni supervis\u00f3 las obras correspondientes al adoquinado sobre calle Tala en el barrio Portal de la Costa. En ese sentido, el mandatario recorri\u00f3 el tramo en el que trabajan el personal de Direcci\u00f3n de Obras P\u00fablicas y nuestro Corral\u00f3n Municipal, [&hellip;]\" \/>\n<meta property=\"og:url\" content=\"https:\/\/elregionalvm.com.ar\/noticias-villa-maria\/el-intendente-tagni-superviso-el-avance-de-los-trabajos-de-adoquinado-sobre-calle-tala\/\" \/>\n<meta property=\"og:site_name\" content=\"El Regional\" \/>\n<meta property=\"article:publisher\" content=\"https:\/\/www.facebook.com\/elregionalvm\" \/>\n<meta property=\"article:published_time\" content=\"2024-06-18T21:56:00+00:00\" \/>\n<meta property=\"article:modified_time\" content=\"2024-06-18T21:56:01+00:00\" \/>\n<meta property=\"og:image\" content=\"https:\/\/elregionalvm.com.ar\/noticias-villa-maria\/wp-content\/uploads\/2024\/06\/WhatsApp-Image-2024-06-18-at-4.11.02-PM-1.jpeg\" \/>\n\t<meta property=\"og:image:width\" content=\"1600\" \/>\n\t<meta property=\"og:image:height\" content=\"1200\" \/>\n\t<meta property=\"og:image:type\" content=\"image\/jpeg\" \/>\n<meta name=\"author\" content=\"Contenidos El Regional\" \/>\n<meta name=\"twitter:card\" content=\"summary_large_image\" \/>\n<meta name=\"twitter:creator\" content=\"@elregionalvm1\" \/>\n<meta name=\"twitter:site\" content=\"@elregionalvm1\" \/>\n<meta name=\"twitter:label1\" content=\"Escrito por\" \/>\n\t<meta name=\"twitter:data1\" content=\"Contenidos El Regional\" \/>\n\t<meta name=\"twitter:label2\" content=\"Tiempo de lectura\" \/>\n\t<meta name=\"twitter:data2\" content=\"2 minutos\" \/>\n<script type=\"application\/ld+json\" class=\"yoast-schema-graph\">{\"@context\":\"https:\/\/schema.org\",\"@graph\":[{\"@type\":\"Article\",\"@id\":\"https:\/\/elregionalvm.com.ar\/noticias-villa-maria\/el-intendente-tagni-superviso-el-avance-de-los-trabajos-de-adoquinado-sobre-calle-tala\/#article\",\"isPartOf\":{\"@id\":\"https:\/\/elregionalvm.com.ar\/noticias-villa-maria\/el-intendente-tagni-superviso-el-avance-de-los-trabajos-de-adoquinado-sobre-calle-tala\/\"},\"author\":{\"name\":\"Contenidos El Regional\",\"@id\":\"http:\/\/elregionalvm.com.ar\/noticias-villa-maria\/#\/schema\/person\/a0fb9c422317faca23d50163151bc354\"},\"headline\":\"El Intendente Tagni supervis\u00f3 el avance de los trabajos de adoquinado sobre calle Tala\",\"datePublished\":\"2024-06-18T21:56:00+00:00\",\"dateModified\":\"2024-06-18T21:56:01+00:00\",\"mainEntityOfPage\":{\"@id\":\"https:\/\/elregionalvm.com.ar\/noticias-villa-maria\/el-intendente-tagni-superviso-el-avance-de-los-trabajos-de-adoquinado-sobre-calle-tala\/\"},\"wordCount\":127,\"commentCount\":0,\"image\":{\"@id\":\"https:\/\/elregionalvm.com.ar\/noticias-villa-maria\/el-intendente-tagni-superviso-el-avance-de-los-trabajos-de-adoquinado-sobre-calle-tala\/#primaryimage\"},\"thumbnailUrl\":\"https:\/\/i0.wp.com\/elregionalvm.com.ar\/noticias-villa-maria\/wp-content\/uploads\/2024\/06\/WhatsApp-Image-2024-06-18-at-4.11.02-PM-1.jpeg?fit=1600%2C1200&ssl=1\",\"articleSection\":[\"destacado\",\"Sociedad\",\"Villa Nueva\"],\"inLanguage\":\"es\",\"potentialAction\":[{\"@type\":\"CommentAction\",\"name\":\"Comment\",\"target\":[\"https:\/\/elregionalvm.com.ar\/noticias-villa-maria\/el-intendente-tagni-superviso-el-avance-de-los-trabajos-de-adoquinado-sobre-calle-tala\/#respond\"]}]},{\"@type\":\"WebPage\",\"@id\":\"https:\/\/elregionalvm.com.ar\/noticias-villa-maria\/el-intendente-tagni-superviso-el-avance-de-los-trabajos-de-adoquinado-sobre-calle-tala\/\",\"url\":\"https:\/\/elregionalvm.com.ar\/noticias-villa-maria\/el-intendente-tagni-superviso-el-avance-de-los-trabajos-de-adoquinado-sobre-calle-tala\/\",\"name\":\"El Intendente Tagni supervis\u00f3 el avance de los trabajos de adoquinado sobre calle Tala - El Regional\",\"isPartOf\":{\"@id\":\"http:\/\/elregionalvm.com.ar\/noticias-villa-maria\/#website\"},\"primaryImageOfPage\":{\"@id\":\"https:\/\/elregionalvm.com.ar\/noticias-villa-maria\/el-intendente-tagni-superviso-el-avance-de-los-trabajos-de-adoquinado-sobre-calle-tala\/#primaryimage\"},\"image\":{\"@id\":\"https:\/\/elregionalvm.com.ar\/noticias-villa-maria\/el-intendente-tagni-superviso-el-avance-de-los-trabajos-de-adoquinado-sobre-calle-tala\/#primaryimage\"},\"thumbnailUrl\":\"https:\/\/i0.wp.com\/elregionalvm.com.ar\/noticias-villa-maria\/wp-content\/uploads\/2024\/06\/WhatsApp-Image-2024-06-18-at-4.11.02-PM-1.jpeg?fit=1600%2C1200&ssl=1\",\"datePublished\":\"2024-06-18T21:56:00+00:00\",\"dateModified\":\"2024-06-18T21:56:01+00:00\",\"author\":{\"@id\":\"http:\/\/elregionalvm.com.ar\/noticias-villa-maria\/#\/schema\/person\/a0fb9c422317faca23d50163151bc354\"},\"breadcrumb\":{\"@id\":\"https:\/\/elregionalvm.com.ar\/noticias-villa-maria\/el-intendente-tagni-superviso-el-avance-de-los-trabajos-de-adoquinado-sobre-calle-tala\/#breadcrumb\"},\"inLanguage\":\"es\",\"potentialAction\":[{\"@type\":\"ReadAction\",\"target\":[\"https:\/\/elregionalvm.com.ar\/noticias-villa-maria\/el-intendente-tagni-superviso-el-avance-de-los-trabajos-de-adoquinado-sobre-calle-tala\/\"]}]},{\"@type\":\"ImageObject\",\"inLanguage\":\"es\",\"@id\":\"https:\/\/elregionalvm.com.ar\/noticias-villa-maria\/el-intendente-tagni-superviso-el-avance-de-los-trabajos-de-adoquinado-sobre-calle-tala\/#primaryimage\",\"url\":\"https:\/\/i0.wp.com\/elregionalvm.com.ar\/noticias-villa-maria\/wp-content\/uploads\/2024\/06\/WhatsApp-Image-2024-06-18-at-4.11.02-PM-1.jpeg?fit=1600%2C1200&ssl=1\",\"contentUrl\":\"https:\/\/i0.wp.com\/elregionalvm.com.ar\/noticias-villa-maria\/wp-content\/uploads\/2024\/06\/WhatsApp-Image-2024-06-18-at-4.11.02-PM-1.jpeg?fit=1600%2C1200&ssl=1\",\"width\":1600,\"height\":1200},{\"@type\":\"BreadcrumbList\",\"@id\":\"https:\/\/elregionalvm.com.ar\/noticias-villa-maria\/el-intendente-tagni-superviso-el-avance-de-los-trabajos-de-adoquinado-sobre-calle-tala\/#breadcrumb\",\"itemListElement\":[{\"@type\":\"ListItem\",\"position\":1,\"name\":\"Portada\",\"item\":\"https:\/\/elregionalvm.com.ar\/noticias-villa-maria\/\"},{\"@type\":\"ListItem\",\"position\":2,\"name\":\"El Intendente Tagni supervis\u00f3 el avance de los trabajos de adoquinado sobre calle Tala\"}]},{\"@type\":\"WebSite\",\"@id\":\"http:\/\/elregionalvm.com.ar\/noticias-villa-maria\/#website\",\"url\":\"http:\/\/elregionalvm.com.ar\/noticias-villa-maria\/\",\"name\":\"El Regional\",\"description\":\"Mucho m\u00e1s que informaci\u00f3n\",\"potentialAction\":[{\"@type\":\"SearchAction\",\"target\":{\"@type\":\"EntryPoint\",\"urlTemplate\":\"http:\/\/elregionalvm.com.ar\/noticias-villa-maria\/?s={search_term_string}\"},\"query-input\":{\"@type\":\"PropertyValueSpecification\",\"valueRequired\":true,\"valueName\":\"search_term_string\"}}],\"inLanguage\":\"es\"},{\"@type\":\"Person\",\"@id\":\"http:\/\/elregionalvm.com.ar\/noticias-villa-maria\/#\/schema\/person\/a0fb9c422317faca23d50163151bc354\",\"name\":\"Contenidos El Regional\",\"image\":{\"@type\":\"ImageObject\",\"inLanguage\":\"es\",\"@id\":\"http:\/\/elregionalvm.com.ar\/noticias-villa-maria\/#\/schema\/person\/image\/\",\"url\":\"https:\/\/secure.gravatar.com\/avatar\/265b27cb2209af7bb3a1318f03305787d7981a5cc6e6cd08fe5a4ecdf99d4b48?s=96&d=mm&r=g\",\"contentUrl\":\"https:\/\/secure.gravatar.com\/avatar\/265b27cb2209af7bb3a1318f03305787d7981a5cc6e6cd08fe5a4ecdf99d4b48?s=96&d=mm&r=g\",\"caption\":\"Contenidos El Regional\"},\"url\":\"https:\/\/elregionalvm.com.ar\/noticias-villa-maria\/author\/contenido\/\"}]}<\/script>\n<!-- \/ Yoast SEO plugin. -->","yoast_head_json":{"title":"El Intendente Tagni supervis\u00f3 el avance de los trabajos de adoquinado sobre calle Tala - El Regional","robots":{"index":"index","follow":"follow","max-snippet":"max-snippet:-1","max-image-preview":"max-image-preview:large","max-video-preview":"max-video-preview:-1"},"canonical":"https:\/\/elregionalvm.com.ar\/noticias-villa-maria\/el-intendente-tagni-superviso-el-avance-de-los-trabajos-de-adoquinado-sobre-calle-tala\/","og_locale":"es_ES","og_type":"article","og_title":"El Intendente Tagni supervis\u00f3 el avance de los trabajos de adoquinado sobre calle Tala - El Regional","og_description":"La Municipalidad de Villa Nueva informa que en la ma\u00f1ana de hoy el Intendente Ignacio Tagni supervis\u00f3 las obras correspondientes al adoquinado sobre calle Tala en el barrio Portal de la Costa. En ese sentido, el mandatario recorri\u00f3 el tramo en el que trabajan el personal de Direcci\u00f3n de Obras P\u00fablicas y nuestro Corral\u00f3n Municipal, [&hellip;]","og_url":"https:\/\/elregionalvm.com.ar\/noticias-villa-maria\/el-intendente-tagni-superviso-el-avance-de-los-trabajos-de-adoquinado-sobre-calle-tala\/","og_site_name":"El Regional","article_publisher":"https:\/\/www.facebook.com\/elregionalvm","article_published_time":"2024-06-18T21:56:00+00:00","article_modified_time":"2024-06-18T21:56:01+00:00","og_image":[{"width":1600,"height":1200,"url":"https:\/\/elregionalvm.com.ar\/noticias-villa-maria\/wp-content\/uploads\/2024\/06\/WhatsApp-Image-2024-06-18-at-4.11.02-PM-1.jpeg","type":"image\/jpeg"}],"author":"Contenidos El Regional","twitter_card":"summary_large_image","twitter_creator":"@elregionalvm1","twitter_site":"@elregionalvm1","twitter_misc":{"Escrito por":"Contenidos El Regional","Tiempo de lectura":"2 minutos"},"schema":{"@context":"https:\/\/schema.org","@graph":[{"@type":"Article","@id":"https:\/\/elregionalvm.com.ar\/noticias-villa-maria\/el-intendente-tagni-superviso-el-avance-de-los-trabajos-de-adoquinado-sobre-calle-tala\/#article","isPartOf":{"@id":"https:\/\/elregionalvm.com.ar\/noticias-villa-maria\/el-intendente-tagni-superviso-el-avance-de-los-trabajos-de-adoquinado-sobre-calle-tala\/"},"author":{"name":"Contenidos El Regional","@id":"http:\/\/elregionalvm.com.ar\/noticias-villa-maria\/#\/schema\/person\/a0fb9c422317faca23d50163151bc354"},"headline":"El Intendente Tagni supervis\u00f3 el avance de los trabajos de adoquinado sobre calle Tala","datePublished":"2024-06-18T21:56:00+00:00","dateModified":"2024-06-18T21:56:01+00:00","mainEntityOfPage":{"@id":"https:\/\/elregionalvm.com.ar\/noticias-villa-maria\/el-intendente-tagni-superviso-el-avance-de-los-trabajos-de-adoquinado-sobre-calle-tala\/"},"wordCount":127,"commentCount":0,"image":{"@id":"https:\/\/elregionalvm.com.ar\/noticias-villa-maria\/el-intendente-tagni-superviso-el-avance-de-los-trabajos-de-adoquinado-sobre-calle-tala\/#primaryimage"},"thumbnailUrl":"https:\/\/i0.wp.com\/elregionalvm.com.ar\/noticias-villa-maria\/wp-content\/uploads\/2024\/06\/WhatsApp-Image-2024-06-18-at-4.11.02-PM-1.jpeg?fit=1600%2C1200&ssl=1","articleSection":["destacado","Sociedad","Villa Nueva"],"inLanguage":"es","potentialAction":[{"@type":"CommentAction","name":"Comment","target":["https:\/\/elregionalvm.com.ar\/noticias-villa-maria\/el-intendente-tagni-superviso-el-avance-de-los-trabajos-de-adoquinado-sobre-calle-tala\/#respond"]}]},{"@type":"WebPage","@id":"https:\/\/elregionalvm.com.ar\/noticias-villa-maria\/el-intendente-tagni-superviso-el-avance-de-los-trabajos-de-adoquinado-sobre-calle-tala\/","url":"https:\/\/elregionalvm.com.ar\/noticias-villa-maria\/el-intendente-tagni-superviso-el-avance-de-los-trabajos-de-adoquinado-sobre-calle-tala\/","name":"El Intendente Tagni supervis\u00f3 el avance de los trabajos de adoquinado sobre calle Tala - El Regional","isPartOf":{"@id":"http:\/\/elregionalvm.com.ar\/noticias-villa-maria\/#website"},"primaryImageOfPage":{"@id":"https:\/\/elregionalvm.com.ar\/noticias-villa-maria\/el-intendente-tagni-superviso-el-avance-de-los-trabajos-de-adoquinado-sobre-calle-tala\/#primaryimage"},"image":{"@id":"https:\/\/elregionalvm.com.ar\/noticias-villa-maria\/el-intendente-tagni-superviso-el-avance-de-los-trabajos-de-adoquinado-sobre-calle-tala\/#primaryimage"},"thumbnailUrl":"https:\/\/i0.wp.com\/elregionalvm.com.ar\/noticias-villa-maria\/wp-content\/uploads\/2024\/06\/WhatsApp-Image-2024-06-18-at-4.11.02-PM-1.jpeg?fit=1600%2C1200&ssl=1","datePublished":"2024-06-18T21:56:00+00:00","dateModified":"2024-06-18T21:56:01+00:00","author":{"@id":"http:\/\/elregionalvm.com.ar\/noticias-villa-maria\/#\/schema\/person\/a0fb9c422317faca23d50163151bc354"},"breadcrumb":{"@id":"https:\/\/elregionalvm.com.ar\/noticias-villa-maria\/el-intendente-tagni-superviso-el-avance-de-los-trabajos-de-adoquinado-sobre-calle-tala\/#breadcrumb"},"inLanguage":"es","potentialAction":[{"@type":"ReadAction","target":["https:\/\/elregionalvm.com.ar\/noticias-villa-maria\/el-intendente-tagni-superviso-el-avance-de-los-trabajos-de-adoquinado-sobre-calle-tala\/"]}]},{"@type":"ImageObject","inLanguage":"es","@id":"https:\/\/elregionalvm.com.ar\/noticias-villa-maria\/el-intendente-tagni-superviso-el-avance-de-los-trabajos-de-adoquinado-sobre-calle-tala\/#primaryimage","url":"https:\/\/i0.wp.com\/elregionalvm.com.ar\/noticias-villa-maria\/wp-content\/uploads\/2024\/06\/WhatsApp-Image-2024-06-18-at-4.11.02-PM-1.jpeg?fit=1600%2C1200&ssl=1","contentUrl":"https:\/\/i0.wp.com\/elregionalvm.com.ar\/noticias-villa-maria\/wp-content\/uploads\/2024\/06\/WhatsApp-Image-2024-06-18-at-4.11.02-PM-1.jpeg?fit=1600%2C1200&ssl=1","width":1600,"height":1200},{"@type":"BreadcrumbList","@id":"https:\/\/elregionalvm.com.ar\/noticias-villa-maria\/el-intendente-tagni-superviso-el-avance-de-los-trabajos-de-adoquinado-sobre-calle-tala\/#breadcrumb","itemListElement":[{"@type":"ListItem","position":1,"name":"Portada","item":"https:\/\/elregionalvm.com.ar\/noticias-villa-maria\/"},{"@type":"ListItem","position":2,"name":"El Intendente Tagni supervis\u00f3 el avance de los trabajos de adoquinado sobre calle Tala"}]},{"@type":"WebSite","@id":"http:\/\/elregionalvm.com.ar\/noticias-villa-maria\/#website","url":"http:\/\/elregionalvm.com.ar\/noticias-villa-maria\/","name":"El Regional","description":"Mucho m\u00e1s que informaci\u00f3n","potentialAction":[{"@type":"SearchAction","target":{"@type":"EntryPoint","urlTemplate":"http:\/\/elregionalvm.com.ar\/noticias-villa-maria\/?s={search_term_string}"},"query-input":{"@type":"PropertyValueSpecification","valueRequired":true,"valueName":"search_term_string"}}],"inLanguage":"es"},{"@type":"Person","@id":"http:\/\/elregionalvm.com.ar\/noticias-villa-maria\/#\/schema\/person\/a0fb9c422317faca23d50163151bc354","name":"Contenidos El Regional","image":{"@type":"ImageObject","inLanguage":"es","@id":"http:\/\/elregionalvm.com.ar\/noticias-villa-maria\/#\/schema\/person\/image\/","url":"https:\/\/secure.gravatar.com\/avatar\/265b27cb2209af7bb3a1318f03305787d7981a5cc6e6cd08fe5a4ecdf99d4b48?s=96&d=mm&r=g","contentUrl":"https:\/\/secure.gravatar.com\/avatar\/265b27cb2209af7bb3a1318f03305787d7981a5cc6e6cd08fe5a4ecdf99d4b48?s=96&d=mm&r=g","caption":"Contenidos El Regional"},"url":"https:\/\/elregionalvm.com.ar\/noticias-villa-maria\/author\/contenido\/"}]}},"jetpack_featured_media_url":"https:\/\/i0.wp.com\/elregionalvm.com.ar\/noticias-villa-maria\/wp-content\/uploads\/2024\/06\/WhatsApp-Image-2024-06-18-at-4.11.02-PM-1.jpeg?fit=1600%2C1200&ssl=1","jetpack_sharing_enabled":true,"_links":{"self":[{"href":"https:\/\/elregionalvm.com.ar\/noticias-villa-maria\/wp-json\/wp\/v2\/posts\/95275","targetHints":{"allow":["GET"]}}],"collection":[{"href":"https:\/\/elregionalvm.com.ar\/noticias-villa-maria\/wp-json\/wp\/v2\/posts"}],"about":[{"href":"https:\/\/elregionalvm.com.ar\/noticias-villa-maria\/wp-json\/wp\/v2\/types\/post"}],"author":[{"embeddable":true,"href":"https:\/\/elregionalvm.com.ar\/noticias-villa-maria\/wp-json\/wp\/v2\/users\/4"}],"replies":[{"embeddable":true,"href":"https:\/\/elregionalvm.com.ar\/noticias-villa-maria\/wp-json\/wp\/v2\/comments?post=95275"}],"version-history":[{"count":1,"href":"https:\/\/elregionalvm.com.ar\/noticias-villa-maria\/wp-json\/wp\/v2\/posts\/95275\/revisions"}],"predecessor-version":[{"id":95279,"href":"https:\/\/elregionalvm.com.ar\/noticias-villa-maria\/wp-json\/wp\/v2\/posts\/95275\/revisions\/95279"}],"wp:featuredmedia":[{"embeddable":true,"href":"https:\/\/elregionalvm.com.ar\/noticias-villa-maria\/wp-json\/wp\/v2\/media\/95277"}],"wp:attachment":[{"href":"https:\/\/elregionalvm.com.ar\/noticias-villa-maria\/wp-json\/wp\/v2\/media?parent=95275"}],"wp:term":[{"taxonomy":"category","embeddable":true,"href":"https:\/\/elregionalvm.com.ar\/noticias-villa-maria\/wp-json\/wp\/v2\/categories?post=95275"},{"taxonomy":"post_tag","embeddable":true,"href":"https:\/\/elregionalvm.com.ar\/noticias-villa-maria\/wp-json\/wp\/v2\/tags?post=95275"}],"curies":[{"name":"wp","href":"https:\/\/api.w.org\/{rel}","templated":true}]}}