{"id":95286,"date":"2024-06-18T22:03:13","date_gmt":"2024-06-18T22:03:13","guid":{"rendered":"https:\/\/elregionalvm.com.ar\/noticias-villa-maria\/?p=95286"},"modified":"2024-06-19T03:24:18","modified_gmt":"2024-06-19T03:24:18","slug":"la-provincia-proyecta-100-parques-industriales-para-el-2027","status":"publish","type":"post","link":"https:\/\/elregionalvm.com.ar\/noticias-villa-maria\/la-provincia-proyecta-100-parques-industriales-para-el-2027\/","title":{"rendered":"La Provincia proyecta cien Parques Industriales para el 2027"},"content":{"rendered":"\n<p>El Gobierno de C\u00f3rdoba anunci\u00f3 la creaci\u00f3n de la Mesa Provincial de Parques Industriales, un espacio de articulaci\u00f3n y di\u00e1logo p\u00fablico-privado en el que se encontrar\u00e1n representados todos los Parques Industriales de la Provincia.<\/p>\n\n\n\n<p>En este marco, el ministro de Producci\u00f3n, Ciencia e Innovaci\u00f3n Tecnol\u00f3gica, Pedro Dellarossa, indic\u00f3 que la provincia pasar\u00e1 de 60 a 100 Parques Industriales en los pr\u00f3ximos a\u00f1os.<\/p>\n\n\n\n<figure class=\"wp-block-image size-full\"><img data-recalc-dims=\"1\" fetchpriority=\"high\" decoding=\"async\" width=\"993\" height=\"662\" src=\"https:\/\/i0.wp.com\/elregionalvm.com.ar\/noticias-villa-maria\/wp-content\/uploads\/2024\/06\/WhatsApp-Image-2024-06-18-at-16.30.17.jpeg?resize=993%2C662&#038;ssl=1\" alt=\"\" class=\"wp-image-95288\" srcset=\"https:\/\/i0.wp.com\/elregionalvm.com.ar\/noticias-villa-maria\/wp-content\/uploads\/2024\/06\/WhatsApp-Image-2024-06-18-at-16.30.17.jpeg?w=993&amp;ssl=1 993w, https:\/\/i0.wp.com\/elregionalvm.com.ar\/noticias-villa-maria\/wp-content\/uploads\/2024\/06\/WhatsApp-Image-2024-06-18-at-16.30.17.jpeg?resize=300%2C200&amp;ssl=1 300w, https:\/\/i0.wp.com\/elregionalvm.com.ar\/noticias-villa-maria\/wp-content\/uploads\/2024\/06\/WhatsApp-Image-2024-06-18-at-16.30.17.jpeg?resize=768%2C512&amp;ssl=1 768w\" sizes=\"(max-width: 993px) 100vw, 993px\" \/><\/figure>\n\n\n\n<p>Un importante anunci\u00f3 que pone en evidencia la pol\u00edtica industrial y productivista de la Provincia de C\u00f3rdoba.<\/p>\n\n\n\n<p><em>\u00abHoy tenemos dos grandes desaf\u00edos: uno, la ejecuci\u00f3n de la infraestructura necesaria en cada uno de los parques; y dos, lograr que se llenen de industrias pr\u00f3speras y sostenibles\u00bb.<\/em><\/p>\n\n\n\n<p><em>\u00abEse arduo trabajo nos permitir\u00e1 atraer m\u00e1s inversiones y, junto con los municipios y el sector privado, construir m\u00e1s parques industriales en toda la provincia, pasando de 60 a 100 en los pr\u00f3ximos a\u00f1os\u201d<\/em>, expres\u00f3 el ministro Dellarossa.<\/p>\n\n\n\n<figure class=\"wp-block-image size-full\"><img data-recalc-dims=\"1\" decoding=\"async\" width=\"993\" height=\"662\" src=\"https:\/\/i0.wp.com\/elregionalvm.com.ar\/noticias-villa-maria\/wp-content\/uploads\/2024\/06\/WhatsApp-Image-2024-06-18-at-16.30.16.jpeg?resize=993%2C662&#038;ssl=1\" alt=\"\" class=\"wp-image-95287\" srcset=\"https:\/\/i0.wp.com\/elregionalvm.com.ar\/noticias-villa-maria\/wp-content\/uploads\/2024\/06\/WhatsApp-Image-2024-06-18-at-16.30.16.jpeg?w=993&amp;ssl=1 993w, https:\/\/i0.wp.com\/elregionalvm.com.ar\/noticias-villa-maria\/wp-content\/uploads\/2024\/06\/WhatsApp-Image-2024-06-18-at-16.30.16.jpeg?resize=300%2C200&amp;ssl=1 300w, https:\/\/i0.wp.com\/elregionalvm.com.ar\/noticias-villa-maria\/wp-content\/uploads\/2024\/06\/WhatsApp-Image-2024-06-18-at-16.30.16.jpeg?resize=768%2C512&amp;ssl=1 768w\" sizes=\"(max-width: 993px) 100vw, 993px\" \/><\/figure>\n\n\n\n<p>El prop\u00f3sito de esta mesa de trabajo es establecer mecanismos efectivos para la coordinaci\u00f3n y colaboraci\u00f3n entre las diversas \u00e1reas de gobierno y los Parques Industriales de la Provincia de C\u00f3rdoba para promover el desarrollo de los predios ya existentes, as\u00ed como contribuir en el desarrollo de los nuevos proyectos.<\/p>\n\n\n\n<p><em>\u201cLa creaci\u00f3n de esta mesa nos permitir\u00e1 organizar, tal como lo ha dicho el Gobernador, nuestros esfuerzos de cara al futuro y definir c\u00f3mo enfrentaremos y resolveremos los desaf\u00edos que se presenten, porque estamos convencidos de que el di\u00e1logo es la base fundamental del crecimiento y del entendimiento\u201d<\/em>, explic\u00f3 el ministro.<\/p>\n\n\n\n<p>En este sentido, el espacio permitir\u00e1 abordar los diversos desaf\u00edos y oportunidades que enfrentan estos parques, ya sea agilizar procesos, resolver problem\u00e1ticas y aplicar pol\u00edticas que impulsen el continuo crecimiento y desarrollo de los Polos Industriales en la regi\u00f3n.<\/p>\n\n\n\n<p>A su vez, Leonardo Beccaria, representante del Parque Industrial de San Francisco y vicepresidente de la Mesa Provincial de Parques Industriales, celebr\u00f3 la creaci\u00f3n de esta mesa:&nbsp;<em>\u201cEste espacio pertenece a todos los Parques Industriales: a los 60 ya habilitados y a los 40 que se habilitar\u00e1n en los pr\u00f3ximos a\u00f1os\u201d.<\/em><\/p>\n\n\n\n<p>Adem\u00e1s, resalt\u00f3:<em>&nbsp;\u201cEsta mesa nace en base a la inquietud de varios parques industriales que fueron tomadas por el Ministerio de Producci\u00f3n\u201d.<\/em><\/p>\n\n\n\n<p>Finalmente, se expres\u00f3 sobre los ejes fundamentales de trabajo:<em>\u00a0\u201cNuestros principales objetivos ser\u00e1n el cuidado del medio ambiente, la econom\u00eda circular, el desarrollo de la tecnolog\u00eda, la innovaci\u00f3n y la inteligencia artificial\u201d.<\/em><\/p>\n\n\n\n<h4 class=\"wp-block-heading\"><strong>Durante el evento, se llev\u00f3 a cabo la firma con los 9 Parques que conformar\u00e1n la mesa:<\/strong><\/h4>\n\n\n\n<ul class=\"wp-block-list\">\n<li>Roger Palacios, en representaci\u00f3n del Pol\u00edgono Industrial Malague\u00f1o Fase II.<\/li>\n\n\n\n<li>Cristian Martin, en representaci\u00f3n del Parque Industrial Polo 52.<\/li>\n\n\n\n<li>Eduardo Pizzi, Intendente de la localidad de General Deheza, en representaci\u00f3n del Parque Industrial Adri\u00e1n P. Urqu\u00eda.<\/li>\n\n\n\n<li>Guillermo Cavigliasso, Intendente de la localidad de General Cabrera, en representaci\u00f3n del Parque Industrial Intendente Roberto D. Grosso.<\/li>\n\n\n\n<li>V\u00edctor Pagani, Presidente de la Asociaci\u00f3n Civil del Parque Industrial Marcos Ju\u00e1rez.<\/li>\n\n\n\n<li>Carlos Pizzorno, Presidente del Parque Industrial y Tecnol\u00f3gico de Villa Mar\u00eda S.E.M.<\/li>\n\n\n\n<li>Federico Hern\u00e1n Bongiovanni, Presidente del Parque Industrial Presidente Arturo Frondizi de R\u00edo Cuarto.<\/li>\n\n\n\n<li>Ra\u00fal Deinguidard, en representaci\u00f3n del Ecoparque Industrial C\u00f3rdoba Este.<\/li>\n\n\n\n<li>Sergio Drucaroff, Director Ejecutivo de la C\u00e1mara de Comercio Exterior de C\u00f3rdoba, en representaci\u00f3n del Parque Industrial y Centro Integral de Servicios para el Comercio Internacional.<\/li>\n<\/ul>\n\n\n\n<p>Durante el evento estuvieron presentes el ministro de Bioagroindustria, Sergio Busso; el secretario de Integraci\u00f3n Regional y Relaciones Internacionales, Carlos Massei; el secretario de Parques Industriales, \u00c1lvaro Garc\u00eda; y m\u00e1s de 100 asistentes, entre intendentes y representantes de parques industriales.<\/p>\n\n\n\n<h3 class=\"wp-block-heading\">D\u00eda de la Ciencia y la Tecnolog\u00eda de C\u00f3rdoba<\/h3>\n\n\n\n<p>El anuncio de los 100 Parques Industriales proyectados para el a\u00f1o 2027, llega en consonancia con la conmemoraci\u00f3n del d\u00eda de la Ciencia y Tecnolog\u00eda de C\u00f3rdoba, que se celebra cada 18 de junio.<\/p>\n\n\n\n<p>Es en homenaje a la obra y trayectoria de Alberto Maiztegui, una de las personalidades m\u00e1s destacadas de la Provincia, que dej\u00f3 un legado trascendente y hoy renueva su vigencia al reconocer o descubrir c\u00f3mo su impronta de divulgador e investigador est\u00e1 presente.<\/p>\n\n\n\n<p>Nuestra provincia, pionera en la formaci\u00f3n acad\u00e9mica, cuna de reconocidos hombres y mujeres de ciencia, curiosa e innovadora por naturaleza, l\u00edder en desarrollo social y productivo, contin\u00faa marcando tendencia en materia de generaci\u00f3n, vinculaci\u00f3n, apropiaci\u00f3n, adopci\u00f3n y aplicaci\u00f3n de conocimientos.<\/p>\n\n\n\n<p>Las demandas emergentes de una sociedad que transita cambios trascendentales en esta revoluci\u00f3n cient\u00edfica tecnol\u00f3gica, han configurado una nueva agenda colmada de desaf\u00edos productivos, sociales, culturales y medioambientales, y en donde las respuestas est\u00e1n en el talento enfocado en producir conocimientos que permitan seguir construyendo una C\u00f3rdoba innovadora.<\/p>\n","protected":false},"excerpt":{"rendered":"<p>El Gobierno de C\u00f3rdoba anunci\u00f3 la creaci\u00f3n de la Mesa Provincial de Parques Industriales, un espacio de articulaci\u00f3n y di\u00e1logo p\u00fablico-privado en el que se encontrar\u00e1n representados todos los Parques Industriales de la Provincia. En este marco, el ministro de Producci\u00f3n, Ciencia e Innovaci\u00f3n Tecnol\u00f3gica, Pedro Dellarossa, indic\u00f3 que la provincia pasar\u00e1 de 60 a [&hellip;]<\/p>\n","protected":false},"author":4,"featured_media":95289,"comment_status":"open","ping_status":"open","sticky":false,"template":"","format":"standard","meta":{"site-sidebar-layout":"default","site-content-layout":"","ast-site-content-layout":"default","site-content-style":"default","site-sidebar-style":"default","ast-global-header-display":"","ast-banner-title-visibility":"","ast-main-header-display":"","ast-hfb-above-header-display":"","ast-hfb-below-header-display":"","ast-hfb-mobile-header-display":"","site-post-title":"","ast-breadcrumbs-content":"","ast-featured-img":"","footer-sml-layout":"","ast-disable-related-posts":"","theme-transparent-header-meta":"","adv-header-id-meta":"","stick-header-meta":"","header-above-stick-meta":"","header-main-stick-meta":"","header-below-stick-meta":"","astra-migrate-meta-layouts":"set","ast-page-background-enabled":"default","ast-page-background-meta":{"desktop":{"background-color":"","background-image":"","background-repeat":"repeat","background-position":"center center","background-size":"auto","background-attachment":"scroll","background-type":"","background-media":"","overlay-type":"","overlay-color":"","overlay-opacity":"","overlay-gradient":""},"tablet":{"background-color":"","background-image":"","background-repeat":"repeat","background-position":"center center","background-size":"auto","background-attachment":"scroll","background-type":"","background-media":"","overlay-type":"","overlay-color":"","overlay-opacity":"","overlay-gradient":""},"mobile":{"background-color":"","background-image":"","background-repeat":"repeat","background-position":"center center","background-size":"auto","background-attachment":"scroll","background-type":"","background-media":"","overlay-type":"","overlay-color":"","overlay-opacity":"","overlay-gradient":""}},"ast-content-background-meta":{"desktop":{"background-color":"var(--ast-global-color-5)","background-image":"","background-repeat":"repeat","background-position":"center center","background-size":"auto","background-attachment":"scroll","background-type":"","background-media":"","overlay-type":"","overlay-color":"","overlay-opacity":"","overlay-gradient":""},"tablet":{"background-color":"var(--ast-global-color-5)","background-image":"","background-repeat":"repeat","background-position":"center center","background-size":"auto","background-attachment":"scroll","background-type":"","background-media":"","overlay-type":"","overlay-color":"","overlay-opacity":"","overlay-gradient":""},"mobile":{"background-color":"var(--ast-global-color-5)","background-image":"","background-repeat":"repeat","background-position":"center center","background-size":"auto","background-attachment":"scroll","background-type":"","background-media":"","overlay-type":"","overlay-color":"","overlay-opacity":"","overlay-gradient":""}},"_jetpack_memberships_contains_paid_content":false,"_joinchat":[],"footnotes":""},"categories":[16095,5],"tags":[],"class_list":["post-95286","post","type-post","status-publish","format-standard","has-post-thumbnail","hentry","category-provinciales","category-sociedad"],"yoast_head":"<!-- This site is optimized with the Yoast SEO plugin v26.8 - https:\/\/yoast.com\/product\/yoast-seo-wordpress\/ -->\n<title>La Provincia proyecta cien Parques Industriales para el 2027 - El Regional<\/title>\n<meta name=\"robots\" content=\"index, follow, max-snippet:-1, max-image-preview:large, max-video-preview:-1\" \/>\n<link rel=\"canonical\" href=\"https:\/\/elregionalvm.com.ar\/noticias-villa-maria\/la-provincia-proyecta-100-parques-industriales-para-el-2027\/\" \/>\n<meta property=\"og:locale\" content=\"es_ES\" \/>\n<meta property=\"og:type\" content=\"article\" \/>\n<meta property=\"og:title\" content=\"La Provincia proyecta cien Parques Industriales para el 2027 - El Regional\" \/>\n<meta property=\"og:description\" content=\"El Gobierno de C\u00f3rdoba anunci\u00f3 la creaci\u00f3n de la Mesa Provincial de Parques Industriales, un espacio de articulaci\u00f3n y di\u00e1logo p\u00fablico-privado en el que se encontrar\u00e1n representados todos los Parques Industriales de la Provincia. En este marco, el ministro de Producci\u00f3n, Ciencia e Innovaci\u00f3n Tecnol\u00f3gica, Pedro Dellarossa, indic\u00f3 que la provincia pasar\u00e1 de 60 a [&hellip;]\" \/>\n<meta property=\"og:url\" content=\"https:\/\/elregionalvm.com.ar\/noticias-villa-maria\/la-provincia-proyecta-100-parques-industriales-para-el-2027\/\" \/>\n<meta property=\"og:site_name\" content=\"El Regional\" \/>\n<meta property=\"article:publisher\" content=\"https:\/\/www.facebook.com\/elregionalvm\" \/>\n<meta property=\"article:published_time\" content=\"2024-06-18T22:03:13+00:00\" \/>\n<meta property=\"article:modified_time\" content=\"2024-06-19T03:24:18+00:00\" \/>\n<meta property=\"og:image\" content=\"https:\/\/elregionalvm.com.ar\/noticias-villa-maria\/wp-content\/uploads\/2024\/06\/WhatsApp-Image-2024-06-18-at-16.30.15.jpeg\" \/>\n\t<meta property=\"og:image:width\" content=\"993\" \/>\n\t<meta property=\"og:image:height\" content=\"662\" \/>\n\t<meta property=\"og:image:type\" content=\"image\/jpeg\" \/>\n<meta name=\"author\" content=\"Contenidos El Regional\" \/>\n<meta name=\"twitter:card\" content=\"summary_large_image\" \/>\n<meta name=\"twitter:creator\" content=\"@elregionalvm1\" \/>\n<meta name=\"twitter:site\" content=\"@elregionalvm1\" \/>\n<meta name=\"twitter:label1\" content=\"Escrito por\" \/>\n\t<meta name=\"twitter:data1\" content=\"Contenidos El Regional\" \/>\n\t<meta name=\"twitter:label2\" content=\"Tiempo de lectura\" \/>\n\t<meta name=\"twitter:data2\" content=\"5 minutos\" \/>\n<script type=\"application\/ld+json\" class=\"yoast-schema-graph\">{\"@context\":\"https:\/\/schema.org\",\"@graph\":[{\"@type\":\"Article\",\"@id\":\"https:\/\/elregionalvm.com.ar\/noticias-villa-maria\/la-provincia-proyecta-100-parques-industriales-para-el-2027\/#article\",\"isPartOf\":{\"@id\":\"https:\/\/elregionalvm.com.ar\/noticias-villa-maria\/la-provincia-proyecta-100-parques-industriales-para-el-2027\/\"},\"author\":{\"name\":\"Contenidos El Regional\",\"@id\":\"http:\/\/elregionalvm.com.ar\/noticias-villa-maria\/#\/schema\/person\/a0fb9c422317faca23d50163151bc354\"},\"headline\":\"La Provincia proyecta cien Parques Industriales para el 2027\",\"datePublished\":\"2024-06-18T22:03:13+00:00\",\"dateModified\":\"2024-06-19T03:24:18+00:00\",\"mainEntityOfPage\":{\"@id\":\"https:\/\/elregionalvm.com.ar\/noticias-villa-maria\/la-provincia-proyecta-100-parques-industriales-para-el-2027\/\"},\"wordCount\":840,\"commentCount\":0,\"image\":{\"@id\":\"https:\/\/elregionalvm.com.ar\/noticias-villa-maria\/la-provincia-proyecta-100-parques-industriales-para-el-2027\/#primaryimage\"},\"thumbnailUrl\":\"https:\/\/i0.wp.com\/elregionalvm.com.ar\/noticias-villa-maria\/wp-content\/uploads\/2024\/06\/WhatsApp-Image-2024-06-18-at-16.30.15.jpeg?fit=993%2C662&ssl=1\",\"articleSection\":[\"Provinciales\",\"Sociedad\"],\"inLanguage\":\"es\",\"potentialAction\":[{\"@type\":\"CommentAction\",\"name\":\"Comment\",\"target\":[\"https:\/\/elregionalvm.com.ar\/noticias-villa-maria\/la-provincia-proyecta-100-parques-industriales-para-el-2027\/#respond\"]}]},{\"@type\":\"WebPage\",\"@id\":\"https:\/\/elregionalvm.com.ar\/noticias-villa-maria\/la-provincia-proyecta-100-parques-industriales-para-el-2027\/\",\"url\":\"https:\/\/elregionalvm.com.ar\/noticias-villa-maria\/la-provincia-proyecta-100-parques-industriales-para-el-2027\/\",\"name\":\"La Provincia proyecta cien Parques Industriales para el 2027 - El Regional\",\"isPartOf\":{\"@id\":\"http:\/\/elregionalvm.com.ar\/noticias-villa-maria\/#website\"},\"primaryImageOfPage\":{\"@id\":\"https:\/\/elregionalvm.com.ar\/noticias-villa-maria\/la-provincia-proyecta-100-parques-industriales-para-el-2027\/#primaryimage\"},\"image\":{\"@id\":\"https:\/\/elregionalvm.com.ar\/noticias-villa-maria\/la-provincia-proyecta-100-parques-industriales-para-el-2027\/#primaryimage\"},\"thumbnailUrl\":\"https:\/\/i0.wp.com\/elregionalvm.com.ar\/noticias-villa-maria\/wp-content\/uploads\/2024\/06\/WhatsApp-Image-2024-06-18-at-16.30.15.jpeg?fit=993%2C662&ssl=1\",\"datePublished\":\"2024-06-18T22:03:13+00:00\",\"dateModified\":\"2024-06-19T03:24:18+00:00\",\"author\":{\"@id\":\"http:\/\/elregionalvm.com.ar\/noticias-villa-maria\/#\/schema\/person\/a0fb9c422317faca23d50163151bc354\"},\"breadcrumb\":{\"@id\":\"https:\/\/elregionalvm.com.ar\/noticias-villa-maria\/la-provincia-proyecta-100-parques-industriales-para-el-2027\/#breadcrumb\"},\"inLanguage\":\"es\",\"potentialAction\":[{\"@type\":\"ReadAction\",\"target\":[\"https:\/\/elregionalvm.com.ar\/noticias-villa-maria\/la-provincia-proyecta-100-parques-industriales-para-el-2027\/\"]}]},{\"@type\":\"ImageObject\",\"inLanguage\":\"es\",\"@id\":\"https:\/\/elregionalvm.com.ar\/noticias-villa-maria\/la-provincia-proyecta-100-parques-industriales-para-el-2027\/#primaryimage\",\"url\":\"https:\/\/i0.wp.com\/elregionalvm.com.ar\/noticias-villa-maria\/wp-content\/uploads\/2024\/06\/WhatsApp-Image-2024-06-18-at-16.30.15.jpeg?fit=993%2C662&ssl=1\",\"contentUrl\":\"https:\/\/i0.wp.com\/elregionalvm.com.ar\/noticias-villa-maria\/wp-content\/uploads\/2024\/06\/WhatsApp-Image-2024-06-18-at-16.30.15.jpeg?fit=993%2C662&ssl=1\",\"width\":993,\"height\":662},{\"@type\":\"BreadcrumbList\",\"@id\":\"https:\/\/elregionalvm.com.ar\/noticias-villa-maria\/la-provincia-proyecta-100-parques-industriales-para-el-2027\/#breadcrumb\",\"itemListElement\":[{\"@type\":\"ListItem\",\"position\":1,\"name\":\"Portada\",\"item\":\"https:\/\/elregionalvm.com.ar\/noticias-villa-maria\/\"},{\"@type\":\"ListItem\",\"position\":2,\"name\":\"La Provincia proyecta cien Parques Industriales para el 2027\"}]},{\"@type\":\"WebSite\",\"@id\":\"http:\/\/elregionalvm.com.ar\/noticias-villa-maria\/#website\",\"url\":\"http:\/\/elregionalvm.com.ar\/noticias-villa-maria\/\",\"name\":\"El Regional\",\"description\":\"Mucho m\u00e1s que informaci\u00f3n\",\"potentialAction\":[{\"@type\":\"SearchAction\",\"target\":{\"@type\":\"EntryPoint\",\"urlTemplate\":\"http:\/\/elregionalvm.com.ar\/noticias-villa-maria\/?s={search_term_string}\"},\"query-input\":{\"@type\":\"PropertyValueSpecification\",\"valueRequired\":true,\"valueName\":\"search_term_string\"}}],\"inLanguage\":\"es\"},{\"@type\":\"Person\",\"@id\":\"http:\/\/elregionalvm.com.ar\/noticias-villa-maria\/#\/schema\/person\/a0fb9c422317faca23d50163151bc354\",\"name\":\"Contenidos El Regional\",\"image\":{\"@type\":\"ImageObject\",\"inLanguage\":\"es\",\"@id\":\"http:\/\/elregionalvm.com.ar\/noticias-villa-maria\/#\/schema\/person\/image\/\",\"url\":\"https:\/\/secure.gravatar.com\/avatar\/265b27cb2209af7bb3a1318f03305787d7981a5cc6e6cd08fe5a4ecdf99d4b48?s=96&d=mm&r=g\",\"contentUrl\":\"https:\/\/secure.gravatar.com\/avatar\/265b27cb2209af7bb3a1318f03305787d7981a5cc6e6cd08fe5a4ecdf99d4b48?s=96&d=mm&r=g\",\"caption\":\"Contenidos El Regional\"},\"url\":\"https:\/\/elregionalvm.com.ar\/noticias-villa-maria\/author\/contenido\/\"}]}<\/script>\n<!-- \/ Yoast SEO plugin. -->","yoast_head_json":{"title":"La Provincia proyecta cien Parques Industriales para el 2027 - El Regional","robots":{"index":"index","follow":"follow","max-snippet":"max-snippet:-1","max-image-preview":"max-image-preview:large","max-video-preview":"max-video-preview:-1"},"canonical":"https:\/\/elregionalvm.com.ar\/noticias-villa-maria\/la-provincia-proyecta-100-parques-industriales-para-el-2027\/","og_locale":"es_ES","og_type":"article","og_title":"La Provincia proyecta cien Parques Industriales para el 2027 - El Regional","og_description":"El Gobierno de C\u00f3rdoba anunci\u00f3 la creaci\u00f3n de la Mesa Provincial de Parques Industriales, un espacio de articulaci\u00f3n y di\u00e1logo p\u00fablico-privado en el que se encontrar\u00e1n representados todos los Parques Industriales de la Provincia. En este marco, el ministro de Producci\u00f3n, Ciencia e Innovaci\u00f3n Tecnol\u00f3gica, Pedro Dellarossa, indic\u00f3 que la provincia pasar\u00e1 de 60 a [&hellip;]","og_url":"https:\/\/elregionalvm.com.ar\/noticias-villa-maria\/la-provincia-proyecta-100-parques-industriales-para-el-2027\/","og_site_name":"El Regional","article_publisher":"https:\/\/www.facebook.com\/elregionalvm","article_published_time":"2024-06-18T22:03:13+00:00","article_modified_time":"2024-06-19T03:24:18+00:00","og_image":[{"width":993,"height":662,"url":"https:\/\/elregionalvm.com.ar\/noticias-villa-maria\/wp-content\/uploads\/2024\/06\/WhatsApp-Image-2024-06-18-at-16.30.15.jpeg","type":"image\/jpeg"}],"author":"Contenidos El Regional","twitter_card":"summary_large_image","twitter_creator":"@elregionalvm1","twitter_site":"@elregionalvm1","twitter_misc":{"Escrito por":"Contenidos El Regional","Tiempo de lectura":"5 minutos"},"schema":{"@context":"https:\/\/schema.org","@graph":[{"@type":"Article","@id":"https:\/\/elregionalvm.com.ar\/noticias-villa-maria\/la-provincia-proyecta-100-parques-industriales-para-el-2027\/#article","isPartOf":{"@id":"https:\/\/elregionalvm.com.ar\/noticias-villa-maria\/la-provincia-proyecta-100-parques-industriales-para-el-2027\/"},"author":{"name":"Contenidos El Regional","@id":"http:\/\/elregionalvm.com.ar\/noticias-villa-maria\/#\/schema\/person\/a0fb9c422317faca23d50163151bc354"},"headline":"La Provincia proyecta cien Parques Industriales para el 2027","datePublished":"2024-06-18T22:03:13+00:00","dateModified":"2024-06-19T03:24:18+00:00","mainEntityOfPage":{"@id":"https:\/\/elregionalvm.com.ar\/noticias-villa-maria\/la-provincia-proyecta-100-parques-industriales-para-el-2027\/"},"wordCount":840,"commentCount":0,"image":{"@id":"https:\/\/elregionalvm.com.ar\/noticias-villa-maria\/la-provincia-proyecta-100-parques-industriales-para-el-2027\/#primaryimage"},"thumbnailUrl":"https:\/\/i0.wp.com\/elregionalvm.com.ar\/noticias-villa-maria\/wp-content\/uploads\/2024\/06\/WhatsApp-Image-2024-06-18-at-16.30.15.jpeg?fit=993%2C662&ssl=1","articleSection":["Provinciales","Sociedad"],"inLanguage":"es","potentialAction":[{"@type":"CommentAction","name":"Comment","target":["https:\/\/elregionalvm.com.ar\/noticias-villa-maria\/la-provincia-proyecta-100-parques-industriales-para-el-2027\/#respond"]}]},{"@type":"WebPage","@id":"https:\/\/elregionalvm.com.ar\/noticias-villa-maria\/la-provincia-proyecta-100-parques-industriales-para-el-2027\/","url":"https:\/\/elregionalvm.com.ar\/noticias-villa-maria\/la-provincia-proyecta-100-parques-industriales-para-el-2027\/","name":"La Provincia proyecta cien Parques Industriales para el 2027 - El Regional","isPartOf":{"@id":"http:\/\/elregionalvm.com.ar\/noticias-villa-maria\/#website"},"primaryImageOfPage":{"@id":"https:\/\/elregionalvm.com.ar\/noticias-villa-maria\/la-provincia-proyecta-100-parques-industriales-para-el-2027\/#primaryimage"},"image":{"@id":"https:\/\/elregionalvm.com.ar\/noticias-villa-maria\/la-provincia-proyecta-100-parques-industriales-para-el-2027\/#primaryimage"},"thumbnailUrl":"https:\/\/i0.wp.com\/elregionalvm.com.ar\/noticias-villa-maria\/wp-content\/uploads\/2024\/06\/WhatsApp-Image-2024-06-18-at-16.30.15.jpeg?fit=993%2C662&ssl=1","datePublished":"2024-06-18T22:03:13+00:00","dateModified":"2024-06-19T03:24:18+00:00","author":{"@id":"http:\/\/elregionalvm.com.ar\/noticias-villa-maria\/#\/schema\/person\/a0fb9c422317faca23d50163151bc354"},"breadcrumb":{"@id":"https:\/\/elregionalvm.com.ar\/noticias-villa-maria\/la-provincia-proyecta-100-parques-industriales-para-el-2027\/#breadcrumb"},"inLanguage":"es","potentialAction":[{"@type":"ReadAction","target":["https:\/\/elregionalvm.com.ar\/noticias-villa-maria\/la-provincia-proyecta-100-parques-industriales-para-el-2027\/"]}]},{"@type":"ImageObject","inLanguage":"es","@id":"https:\/\/elregionalvm.com.ar\/noticias-villa-maria\/la-provincia-proyecta-100-parques-industriales-para-el-2027\/#primaryimage","url":"https:\/\/i0.wp.com\/elregionalvm.com.ar\/noticias-villa-maria\/wp-content\/uploads\/2024\/06\/WhatsApp-Image-2024-06-18-at-16.30.15.jpeg?fit=993%2C662&ssl=1","contentUrl":"https:\/\/i0.wp.com\/elregionalvm.com.ar\/noticias-villa-maria\/wp-content\/uploads\/2024\/06\/WhatsApp-Image-2024-06-18-at-16.30.15.jpeg?fit=993%2C662&ssl=1","width":993,"height":662},{"@type":"BreadcrumbList","@id":"https:\/\/elregionalvm.com.ar\/noticias-villa-maria\/la-provincia-proyecta-100-parques-industriales-para-el-2027\/#breadcrumb","itemListElement":[{"@type":"ListItem","position":1,"name":"Portada","item":"https:\/\/elregionalvm.com.ar\/noticias-villa-maria\/"},{"@type":"ListItem","position":2,"name":"La Provincia proyecta cien Parques Industriales para el 2027"}]},{"@type":"WebSite","@id":"http:\/\/elregionalvm.com.ar\/noticias-villa-maria\/#website","url":"http:\/\/elregionalvm.com.ar\/noticias-villa-maria\/","name":"El Regional","description":"Mucho m\u00e1s que informaci\u00f3n","potentialAction":[{"@type":"SearchAction","target":{"@type":"EntryPoint","urlTemplate":"http:\/\/elregionalvm.com.ar\/noticias-villa-maria\/?s={search_term_string}"},"query-input":{"@type":"PropertyValueSpecification","valueRequired":true,"valueName":"search_term_string"}}],"inLanguage":"es"},{"@type":"Person","@id":"http:\/\/elregionalvm.com.ar\/noticias-villa-maria\/#\/schema\/person\/a0fb9c422317faca23d50163151bc354","name":"Contenidos El Regional","image":{"@type":"ImageObject","inLanguage":"es","@id":"http:\/\/elregionalvm.com.ar\/noticias-villa-maria\/#\/schema\/person\/image\/","url":"https:\/\/secure.gravatar.com\/avatar\/265b27cb2209af7bb3a1318f03305787d7981a5cc6e6cd08fe5a4ecdf99d4b48?s=96&d=mm&r=g","contentUrl":"https:\/\/secure.gravatar.com\/avatar\/265b27cb2209af7bb3a1318f03305787d7981a5cc6e6cd08fe5a4ecdf99d4b48?s=96&d=mm&r=g","caption":"Contenidos El Regional"},"url":"https:\/\/elregionalvm.com.ar\/noticias-villa-maria\/author\/contenido\/"}]}},"jetpack_featured_media_url":"https:\/\/i0.wp.com\/elregionalvm.com.ar\/noticias-villa-maria\/wp-content\/uploads\/2024\/06\/WhatsApp-Image-2024-06-18-at-16.30.15.jpeg?fit=993%2C662&ssl=1","jetpack_sharing_enabled":true,"_links":{"self":[{"href":"https:\/\/elregionalvm.com.ar\/noticias-villa-maria\/wp-json\/wp\/v2\/posts\/95286","targetHints":{"allow":["GET"]}}],"collection":[{"href":"https:\/\/elregionalvm.com.ar\/noticias-villa-maria\/wp-json\/wp\/v2\/posts"}],"about":[{"href":"https:\/\/elregionalvm.com.ar\/noticias-villa-maria\/wp-json\/wp\/v2\/types\/post"}],"author":[{"embeddable":true,"href":"https:\/\/elregionalvm.com.ar\/noticias-villa-maria\/wp-json\/wp\/v2\/users\/4"}],"replies":[{"embeddable":true,"href":"https:\/\/elregionalvm.com.ar\/noticias-villa-maria\/wp-json\/wp\/v2\/comments?post=95286"}],"version-history":[{"count":2,"href":"https:\/\/elregionalvm.com.ar\/noticias-villa-maria\/wp-json\/wp\/v2\/posts\/95286\/revisions"}],"predecessor-version":[{"id":95291,"href":"https:\/\/elregionalvm.com.ar\/noticias-villa-maria\/wp-json\/wp\/v2\/posts\/95286\/revisions\/95291"}],"wp:featuredmedia":[{"embeddable":true,"href":"https:\/\/elregionalvm.com.ar\/noticias-villa-maria\/wp-json\/wp\/v2\/media\/95289"}],"wp:attachment":[{"href":"https:\/\/elregionalvm.com.ar\/noticias-villa-maria\/wp-json\/wp\/v2\/media?parent=95286"}],"wp:term":[{"taxonomy":"category","embeddable":true,"href":"https:\/\/elregionalvm.com.ar\/noticias-villa-maria\/wp-json\/wp\/v2\/categories?post=95286"},{"taxonomy":"post_tag","embeddable":true,"href":"https:\/\/elregionalvm.com.ar\/noticias-villa-maria\/wp-json\/wp\/v2\/tags?post=95286"}],"curies":[{"name":"wp","href":"https:\/\/api.w.org\/{rel}","templated":true}]}}