{"id":95338,"date":"2024-06-22T04:13:33","date_gmt":"2024-06-22T04:13:33","guid":{"rendered":"https:\/\/elregionalvm.com.ar\/noticias-villa-maria\/?p=95338"},"modified":"2024-06-24T19:08:55","modified_gmt":"2024-06-24T19:08:55","slug":"opinion-milei-la-ley-bases-y-la-violencia-en-la-calle-civilizacion-o-barbarie","status":"publish","type":"post","link":"https:\/\/elregionalvm.com.ar\/noticias-villa-maria\/opinion-milei-la-ley-bases-y-la-violencia-en-la-calle-civilizacion-o-barbarie\/","title":{"rendered":"[Opini\u00f3n] Milei, la Ley Bases y la violencia en la calle: \u00bfCivilizaci\u00f3n o barbarie?"},"content":{"rendered":"\n<h3 class=\"wp-block-heading\"><strong><em>\u201cLa civilizaci\u00f3n no suprime la barbarie, la perfecciona\u201d<\/em> (Voltaire)<\/strong><\/h3>\n\n\n\n<p><\/p>\n\n\n\n<p><strong>Escribe: Cristina Pablos<\/strong><\/p>\n\n\n\n<p><\/p>\n\n\n\n<p>\u00bfCu\u00e1nto tiene que ver la educaci\u00f3n con la frase de Voltaire? Much\u00edsimo.<\/p>\n\n\n\n<p>Lo que vimos la semana pasada durante la sesi\u00f3n en la C\u00e1mara de Senadores no tiene nada que ver con civilizaci\u00f3n.<\/p>\n\n\n\n<p>Aflor\u00f3 lo peor de algunos seres humanos. Lo interesante es que estos actos delictivos son atribuidos a la oposici\u00f3n, pero-kirchnerista. Cosa rara, cuando el pero-kirchnerismo gobierna, la oposici\u00f3n se manifiesta mansamente, con educaci\u00f3n, como fue el caso de la marcha por el asesinato del fiscal Nisman.<\/p>\n\n\n\n<p>Ahora, cuando el kirchnerismo no es gobierno, aflora en sus seguidores, lo peor del ser humano. Ya tuvimos un ejemplo en 2017 con las 14 toneladas de piedras contra el Congreso durante el gobierno de Macri.<\/p>\n\n\n\n<p><\/p>\n\n\n\n<figure class=\"wp-block-image size-full is-resized\"><img data-recalc-dims=\"1\" fetchpriority=\"high\" decoding=\"async\" width=\"800\" height=\"533\" src=\"https:\/\/i0.wp.com\/elregionalvm.com.ar\/noticias-villa-maria\/wp-content\/uploads\/2024\/06\/ley-bases-protesta-en-la-calle.webp?resize=800%2C533&#038;ssl=1\" alt=\"\" class=\"wp-image-95340\" style=\"width:910px;height:auto\" srcset=\"https:\/\/i0.wp.com\/elregionalvm.com.ar\/noticias-villa-maria\/wp-content\/uploads\/2024\/06\/ley-bases-protesta-en-la-calle.webp?w=800&amp;ssl=1 800w, https:\/\/i0.wp.com\/elregionalvm.com.ar\/noticias-villa-maria\/wp-content\/uploads\/2024\/06\/ley-bases-protesta-en-la-calle.webp?resize=300%2C200&amp;ssl=1 300w, https:\/\/i0.wp.com\/elregionalvm.com.ar\/noticias-villa-maria\/wp-content\/uploads\/2024\/06\/ley-bases-protesta-en-la-calle.webp?resize=768%2C512&amp;ssl=1 768w\" sizes=\"(max-width: 800px) 100vw, 800px\" \/><\/figure>\n\n\n\n<p><\/p>\n\n\n\n<p>Me refiero tambi\u00e9n a la inconducta de algunos senadores dentro del recinto y unos cuantos diputados fuera de \u00e9l. Hab\u00eda una sincronizaci\u00f3n manifiesta.<\/p>\n\n\n\n<p>No quiero limitarme a hablar de un grupo que sali\u00f3 a la calle con intenciones de frustrar una sesi\u00f3n en el Congreso. No me refiero al pueblo todo, son una minor\u00eda de v\u00e1ndalos desenfrenados.<\/p>\n\n\n\n<p><\/p>\n\n\n\n<figure class=\"wp-block-pullquote\"><blockquote><p><strong>Que el presidente no se conforme con los peque\u00f1os logros, porque la mayor\u00eda del pueblo la sigue pasando mal<\/strong><\/p><\/blockquote><\/figure>\n\n\n\n<p><\/p>\n\n\n\n<p>Quiero hablar del otro pueblo, del civilizado, que observaba at\u00f3nito los desmanes que comet\u00edan un grupo de delincuentes, y digo delincuentes porque comet\u00edan delitos tratando de obstaculizar el normal desarrollo de las instituciones de la democracia.<\/p>\n\n\n\n<p>Atentaron contra la libertad de expresi\u00f3n quemando un m\u00f3vil de Cadena 3. Me llam\u00f3 la atenci\u00f3n que, el m\u00f3vil de C5N, estacionado en medio de los disturbios, no tuvo un rasp\u00f3n, \u00bfindignaci\u00f3n selectiva? Raro \u00bfno? Hubo m\u00e1s de 30 detenidos (4 ya est\u00e1n libres) a los cuales la jueza Servini acusa de \u201calzamiento contra las instituciones\u201d.<\/p>\n\n\n\n<p>Los destrozos que estos v\u00e1ndalos hicieron destruyendo casi todos los alrededores del Congreso; plazas, bancos, contenedores, bicicletas, negocios privados, etc. le cuestan a la ciudad de Bs. As. $278 millones su reparaci\u00f3n.<\/p>\n\n\n\n<p>Eso lo paga el pueblo que no sali\u00f3 a la calle.<\/p>\n\n\n\n<p><\/p>\n\n\n\n<figure class=\"wp-block-image size-full\"><img data-recalc-dims=\"1\" decoding=\"async\" width=\"800\" height=\"533\" src=\"https:\/\/i0.wp.com\/elregionalvm.com.ar\/noticias-villa-maria\/wp-content\/uploads\/2024\/06\/ley-bases-protesta-en-la-calle-2.webp?resize=800%2C533&#038;ssl=1\" alt=\"\" class=\"wp-image-95342\" srcset=\"https:\/\/i0.wp.com\/elregionalvm.com.ar\/noticias-villa-maria\/wp-content\/uploads\/2024\/06\/ley-bases-protesta-en-la-calle-2.webp?w=800&amp;ssl=1 800w, https:\/\/i0.wp.com\/elregionalvm.com.ar\/noticias-villa-maria\/wp-content\/uploads\/2024\/06\/ley-bases-protesta-en-la-calle-2.webp?resize=300%2C200&amp;ssl=1 300w, https:\/\/i0.wp.com\/elregionalvm.com.ar\/noticias-villa-maria\/wp-content\/uploads\/2024\/06\/ley-bases-protesta-en-la-calle-2.webp?resize=768%2C512&amp;ssl=1 768w\" sizes=\"(max-width: 800px) 100vw, 800px\" \/><\/figure>\n\n\n\n<p><\/p>\n\n\n\n<p>Debemos entender de una vez por todas (o deben entender ellos) que el populismo est\u00e1 en retirada y no se resigna. Como contrapartida, al aprobarse la Ley Bases, subieron los bonos y las acciones, baj\u00f3 el riesgo pa\u00eds.<\/p>\n\n\n\n<p>La inflaci\u00f3n de mayo fue del 4,4% y el gobierno arregl\u00f3 el tema del swap con China. Ahora bien, estos son peque\u00f1os logros.<\/p>\n\n\n\n<p>Que el presidente no se conforme con esto porque la mayor\u00eda del pueblo la sigue pasando mal.<\/p>\n\n\n\n<p><\/p>\n\n\n\n<h3 class=\"wp-block-heading\"><strong>Tambi\u00e9n pod\u00e9s ver:<\/strong><\/h3>\n\n\n\n<p><\/p>\n\n\n\n<figure class=\"wp-block-embed is-type-wp-embed is-provider-el-regional wp-block-embed-el-regional\"><div class=\"wp-block-embed__wrapper\">\n<blockquote class=\"wp-embedded-content\" data-secret=\"QVqzjNgRjK\"><a href=\"https:\/\/elregionalvm.com.ar\/noticias-villa-maria\/opinion-seis-meses-de-milei-como-presidente-ingenuidad-o-mala-praxis\/\">[Opini\u00f3n] Seis meses de Milei como presidente: \u00bfIngenuidad o mala praxis?<\/a><\/blockquote><iframe class=\"wp-embedded-content\" sandbox=\"allow-scripts\" security=\"restricted\" style=\"position: absolute; clip: rect(1px, 1px, 1px, 1px);\" title=\"\u00ab[Opini\u00f3n] Seis meses de Milei como presidente: \u00bfIngenuidad o mala praxis?\u00bb \u2014 El Regional\" src=\"https:\/\/elregionalvm.com.ar\/noticias-villa-maria\/opinion-seis-meses-de-milei-como-presidente-ingenuidad-o-mala-praxis\/embed\/#?secret=BUhTdzj6CX#?secret=QVqzjNgRjK\" data-secret=\"QVqzjNgRjK\" width=\"500\" height=\"282\" frameborder=\"0\" marginwidth=\"0\" marginheight=\"0\" scrolling=\"no\"><\/iframe>\n<\/div><\/figure>\n","protected":false},"excerpt":{"rendered":"<p>\u201cLa civilizaci\u00f3n no suprime la barbarie, la perfecciona\u201d (Voltaire) Escribe: Cristina Pablos \u00bfCu\u00e1nto tiene que ver la educaci\u00f3n con la frase de Voltaire? Much\u00edsimo. Lo que vimos la semana pasada durante la sesi\u00f3n en la C\u00e1mara de Senadores no tiene nada que ver con civilizaci\u00f3n. Aflor\u00f3 lo peor de algunos seres humanos. Lo interesante es [&hellip;]<\/p>\n","protected":false},"author":4,"featured_media":95341,"comment_status":"open","ping_status":"open","sticky":false,"template":"","format":"standard","meta":{"site-sidebar-layout":"default","site-content-layout":"","ast-site-content-layout":"default","site-content-style":"default","site-sidebar-style":"default","ast-global-header-display":"","ast-banner-title-visibility":"","ast-main-header-display":"","ast-hfb-above-header-display":"","ast-hfb-below-header-display":"","ast-hfb-mobile-header-display":"","site-post-title":"","ast-breadcrumbs-content":"","ast-featured-img":"","footer-sml-layout":"","ast-disable-related-posts":"","theme-transparent-header-meta":"","adv-header-id-meta":"","stick-header-meta":"","header-above-stick-meta":"","header-main-stick-meta":"","header-below-stick-meta":"","astra-migrate-meta-layouts":"set","ast-page-background-enabled":"default","ast-page-background-meta":{"desktop":{"background-color":"","background-image":"","background-repeat":"repeat","background-position":"center center","background-size":"auto","background-attachment":"scroll","background-type":"","background-media":"","overlay-type":"","overlay-color":"","overlay-opacity":"","overlay-gradient":""},"tablet":{"background-color":"","background-image":"","background-repeat":"repeat","background-position":"center center","background-size":"auto","background-attachment":"scroll","background-type":"","background-media":"","overlay-type":"","overlay-color":"","overlay-opacity":"","overlay-gradient":""},"mobile":{"background-color":"","background-image":"","background-repeat":"repeat","background-position":"center center","background-size":"auto","background-attachment":"scroll","background-type":"","background-media":"","overlay-type":"","overlay-color":"","overlay-opacity":"","overlay-gradient":""}},"ast-content-background-meta":{"desktop":{"background-color":"var(--ast-global-color-5)","background-image":"","background-repeat":"repeat","background-position":"center center","background-size":"auto","background-attachment":"scroll","background-type":"","background-media":"","overlay-type":"","overlay-color":"","overlay-opacity":"","overlay-gradient":""},"tablet":{"background-color":"var(--ast-global-color-5)","background-image":"","background-repeat":"repeat","background-position":"center center","background-size":"auto","background-attachment":"scroll","background-type":"","background-media":"","overlay-type":"","overlay-color":"","overlay-opacity":"","overlay-gradient":""},"mobile":{"background-color":"var(--ast-global-color-5)","background-image":"","background-repeat":"repeat","background-position":"center center","background-size":"auto","background-attachment":"scroll","background-type":"","background-media":"","overlay-type":"","overlay-color":"","overlay-opacity":"","overlay-gradient":""}},"_jetpack_memberships_contains_paid_content":false,"_joinchat":[],"footnotes":""},"categories":[365,3557],"tags":[24113,15238,24112,4306,4305,5053,58,23964,5931,995],"class_list":["post-95338","post","type-post","status-publish","format-standard","has-post-thumbnail","hentry","category-opinion","category-tercera","tag-barbarie","tag-calles","tag-civilizacion","tag-congreso-de-la-nacion","tag-diputados","tag-javier-milei","tag-kirchnerismo","tag-ley-bases","tag-senadores","tag-violencia"],"yoast_head":"<!-- This site is optimized with the Yoast SEO plugin v26.8 - https:\/\/yoast.com\/product\/yoast-seo-wordpress\/ -->\n<title>[Opini\u00f3n] Milei, la Ley Bases y la violencia en la calle: \u00bfCivilizaci\u00f3n o barbarie? - El Regional<\/title>\n<meta name=\"robots\" content=\"index, follow, max-snippet:-1, max-image-preview:large, max-video-preview:-1\" \/>\n<link rel=\"canonical\" href=\"https:\/\/elregionalvm.com.ar\/noticias-villa-maria\/opinion-milei-la-ley-bases-y-la-violencia-en-la-calle-civilizacion-o-barbarie\/\" \/>\n<meta property=\"og:locale\" content=\"es_ES\" \/>\n<meta property=\"og:type\" content=\"article\" \/>\n<meta property=\"og:title\" content=\"[Opini\u00f3n] Milei, la Ley Bases y la violencia en la calle: \u00bfCivilizaci\u00f3n o barbarie? - El Regional\" \/>\n<meta property=\"og:description\" content=\"\u201cLa civilizaci\u00f3n no suprime la barbarie, la perfecciona\u201d (Voltaire) Escribe: Cristina Pablos \u00bfCu\u00e1nto tiene que ver la educaci\u00f3n con la frase de Voltaire? Much\u00edsimo. Lo que vimos la semana pasada durante la sesi\u00f3n en la C\u00e1mara de Senadores no tiene nada que ver con civilizaci\u00f3n. Aflor\u00f3 lo peor de algunos seres humanos. Lo interesante es [&hellip;]\" \/>\n<meta property=\"og:url\" content=\"https:\/\/elregionalvm.com.ar\/noticias-villa-maria\/opinion-milei-la-ley-bases-y-la-violencia-en-la-calle-civilizacion-o-barbarie\/\" \/>\n<meta property=\"og:site_name\" content=\"El Regional\" \/>\n<meta property=\"article:publisher\" content=\"https:\/\/www.facebook.com\/elregionalvm\" \/>\n<meta property=\"article:published_time\" content=\"2024-06-22T04:13:33+00:00\" \/>\n<meta property=\"article:modified_time\" content=\"2024-06-24T19:08:55+00:00\" \/>\n<meta property=\"og:image\" content=\"https:\/\/elregionalvm.com.ar\/noticias-villa-maria\/wp-content\/uploads\/2024\/06\/Incendio-auto-cadena-3-congreso-ley-bases.jpg\" \/>\n\t<meta property=\"og:image:width\" content=\"1280\" \/>\n\t<meta property=\"og:image:height\" content=\"853\" \/>\n\t<meta property=\"og:image:type\" content=\"image\/jpeg\" \/>\n<meta name=\"author\" content=\"Contenidos El Regional\" \/>\n<meta name=\"twitter:card\" content=\"summary_large_image\" \/>\n<meta name=\"twitter:creator\" content=\"@elregionalvm1\" \/>\n<meta name=\"twitter:site\" content=\"@elregionalvm1\" \/>\n<meta name=\"twitter:label1\" content=\"Escrito por\" \/>\n\t<meta name=\"twitter:data1\" content=\"Contenidos El Regional\" \/>\n\t<meta name=\"twitter:label2\" content=\"Tiempo de lectura\" \/>\n\t<meta name=\"twitter:data2\" content=\"3 minutos\" \/>\n<script type=\"application\/ld+json\" class=\"yoast-schema-graph\">{\"@context\":\"https:\/\/schema.org\",\"@graph\":[{\"@type\":\"Article\",\"@id\":\"https:\/\/elregionalvm.com.ar\/noticias-villa-maria\/opinion-milei-la-ley-bases-y-la-violencia-en-la-calle-civilizacion-o-barbarie\/#article\",\"isPartOf\":{\"@id\":\"https:\/\/elregionalvm.com.ar\/noticias-villa-maria\/opinion-milei-la-ley-bases-y-la-violencia-en-la-calle-civilizacion-o-barbarie\/\"},\"author\":{\"name\":\"Contenidos El Regional\",\"@id\":\"http:\/\/elregionalvm.com.ar\/noticias-villa-maria\/#\/schema\/person\/a0fb9c422317faca23d50163151bc354\"},\"headline\":\"[Opini\u00f3n] Milei, la Ley Bases y la violencia en la calle: \u00bfCivilizaci\u00f3n o barbarie?\",\"datePublished\":\"2024-06-22T04:13:33+00:00\",\"dateModified\":\"2024-06-24T19:08:55+00:00\",\"mainEntityOfPage\":{\"@id\":\"https:\/\/elregionalvm.com.ar\/noticias-villa-maria\/opinion-milei-la-ley-bases-y-la-violencia-en-la-calle-civilizacion-o-barbarie\/\"},\"wordCount\":472,\"commentCount\":1,\"image\":{\"@id\":\"https:\/\/elregionalvm.com.ar\/noticias-villa-maria\/opinion-milei-la-ley-bases-y-la-violencia-en-la-calle-civilizacion-o-barbarie\/#primaryimage\"},\"thumbnailUrl\":\"https:\/\/i0.wp.com\/elregionalvm.com.ar\/noticias-villa-maria\/wp-content\/uploads\/2024\/06\/Incendio-auto-cadena-3-congreso-ley-bases.jpg?fit=1280%2C853&ssl=1\",\"keywords\":[\"barbarie\",\"calles\",\"civilizaci\u00f3n\",\"Congreso de la Naci\u00f3n\",\"Diputados\",\"Javier Milei\",\"kirchnerismo\",\"ley bases\",\"Senadores\",\"Violencia\"],\"articleSection\":[\"Opini\u00f3n\",\"tercera\"],\"inLanguage\":\"es\",\"potentialAction\":[{\"@type\":\"CommentAction\",\"name\":\"Comment\",\"target\":[\"https:\/\/elregionalvm.com.ar\/noticias-villa-maria\/opinion-milei-la-ley-bases-y-la-violencia-en-la-calle-civilizacion-o-barbarie\/#respond\"]}]},{\"@type\":\"WebPage\",\"@id\":\"https:\/\/elregionalvm.com.ar\/noticias-villa-maria\/opinion-milei-la-ley-bases-y-la-violencia-en-la-calle-civilizacion-o-barbarie\/\",\"url\":\"https:\/\/elregionalvm.com.ar\/noticias-villa-maria\/opinion-milei-la-ley-bases-y-la-violencia-en-la-calle-civilizacion-o-barbarie\/\",\"name\":\"[Opini\u00f3n] Milei, la Ley Bases y la violencia en la calle: \u00bfCivilizaci\u00f3n o barbarie? - El Regional\",\"isPartOf\":{\"@id\":\"http:\/\/elregionalvm.com.ar\/noticias-villa-maria\/#website\"},\"primaryImageOfPage\":{\"@id\":\"https:\/\/elregionalvm.com.ar\/noticias-villa-maria\/opinion-milei-la-ley-bases-y-la-violencia-en-la-calle-civilizacion-o-barbarie\/#primaryimage\"},\"image\":{\"@id\":\"https:\/\/elregionalvm.com.ar\/noticias-villa-maria\/opinion-milei-la-ley-bases-y-la-violencia-en-la-calle-civilizacion-o-barbarie\/#primaryimage\"},\"thumbnailUrl\":\"https:\/\/i0.wp.com\/elregionalvm.com.ar\/noticias-villa-maria\/wp-content\/uploads\/2024\/06\/Incendio-auto-cadena-3-congreso-ley-bases.jpg?fit=1280%2C853&ssl=1\",\"datePublished\":\"2024-06-22T04:13:33+00:00\",\"dateModified\":\"2024-06-24T19:08:55+00:00\",\"author\":{\"@id\":\"http:\/\/elregionalvm.com.ar\/noticias-villa-maria\/#\/schema\/person\/a0fb9c422317faca23d50163151bc354\"},\"breadcrumb\":{\"@id\":\"https:\/\/elregionalvm.com.ar\/noticias-villa-maria\/opinion-milei-la-ley-bases-y-la-violencia-en-la-calle-civilizacion-o-barbarie\/#breadcrumb\"},\"inLanguage\":\"es\",\"potentialAction\":[{\"@type\":\"ReadAction\",\"target\":[\"https:\/\/elregionalvm.com.ar\/noticias-villa-maria\/opinion-milei-la-ley-bases-y-la-violencia-en-la-calle-civilizacion-o-barbarie\/\"]}]},{\"@type\":\"ImageObject\",\"inLanguage\":\"es\",\"@id\":\"https:\/\/elregionalvm.com.ar\/noticias-villa-maria\/opinion-milei-la-ley-bases-y-la-violencia-en-la-calle-civilizacion-o-barbarie\/#primaryimage\",\"url\":\"https:\/\/i0.wp.com\/elregionalvm.com.ar\/noticias-villa-maria\/wp-content\/uploads\/2024\/06\/Incendio-auto-cadena-3-congreso-ley-bases.jpg?fit=1280%2C853&ssl=1\",\"contentUrl\":\"https:\/\/i0.wp.com\/elregionalvm.com.ar\/noticias-villa-maria\/wp-content\/uploads\/2024\/06\/Incendio-auto-cadena-3-congreso-ley-bases.jpg?fit=1280%2C853&ssl=1\",\"width\":1280,\"height\":853},{\"@type\":\"BreadcrumbList\",\"@id\":\"https:\/\/elregionalvm.com.ar\/noticias-villa-maria\/opinion-milei-la-ley-bases-y-la-violencia-en-la-calle-civilizacion-o-barbarie\/#breadcrumb\",\"itemListElement\":[{\"@type\":\"ListItem\",\"position\":1,\"name\":\"Portada\",\"item\":\"https:\/\/elregionalvm.com.ar\/noticias-villa-maria\/\"},{\"@type\":\"ListItem\",\"position\":2,\"name\":\"[Opini\u00f3n] Milei, la Ley Bases y la violencia en la calle: \u00bfCivilizaci\u00f3n o barbarie?\"}]},{\"@type\":\"WebSite\",\"@id\":\"http:\/\/elregionalvm.com.ar\/noticias-villa-maria\/#website\",\"url\":\"http:\/\/elregionalvm.com.ar\/noticias-villa-maria\/\",\"name\":\"El Regional\",\"description\":\"Mucho m\u00e1s que informaci\u00f3n\",\"potentialAction\":[{\"@type\":\"SearchAction\",\"target\":{\"@type\":\"EntryPoint\",\"urlTemplate\":\"http:\/\/elregionalvm.com.ar\/noticias-villa-maria\/?s={search_term_string}\"},\"query-input\":{\"@type\":\"PropertyValueSpecification\",\"valueRequired\":true,\"valueName\":\"search_term_string\"}}],\"inLanguage\":\"es\"},{\"@type\":\"Person\",\"@id\":\"http:\/\/elregionalvm.com.ar\/noticias-villa-maria\/#\/schema\/person\/a0fb9c422317faca23d50163151bc354\",\"name\":\"Contenidos El Regional\",\"image\":{\"@type\":\"ImageObject\",\"inLanguage\":\"es\",\"@id\":\"http:\/\/elregionalvm.com.ar\/noticias-villa-maria\/#\/schema\/person\/image\/\",\"url\":\"https:\/\/secure.gravatar.com\/avatar\/265b27cb2209af7bb3a1318f03305787d7981a5cc6e6cd08fe5a4ecdf99d4b48?s=96&d=mm&r=g\",\"contentUrl\":\"https:\/\/secure.gravatar.com\/avatar\/265b27cb2209af7bb3a1318f03305787d7981a5cc6e6cd08fe5a4ecdf99d4b48?s=96&d=mm&r=g\",\"caption\":\"Contenidos El Regional\"},\"url\":\"https:\/\/elregionalvm.com.ar\/noticias-villa-maria\/author\/contenido\/\"}]}<\/script>\n<!-- \/ Yoast SEO plugin. -->","yoast_head_json":{"title":"[Opini\u00f3n] Milei, la Ley Bases y la violencia en la calle: \u00bfCivilizaci\u00f3n o barbarie? - El Regional","robots":{"index":"index","follow":"follow","max-snippet":"max-snippet:-1","max-image-preview":"max-image-preview:large","max-video-preview":"max-video-preview:-1"},"canonical":"https:\/\/elregionalvm.com.ar\/noticias-villa-maria\/opinion-milei-la-ley-bases-y-la-violencia-en-la-calle-civilizacion-o-barbarie\/","og_locale":"es_ES","og_type":"article","og_title":"[Opini\u00f3n] Milei, la Ley Bases y la violencia en la calle: \u00bfCivilizaci\u00f3n o barbarie? - El Regional","og_description":"\u201cLa civilizaci\u00f3n no suprime la barbarie, la perfecciona\u201d (Voltaire) Escribe: Cristina Pablos \u00bfCu\u00e1nto tiene que ver la educaci\u00f3n con la frase de Voltaire? Much\u00edsimo. Lo que vimos la semana pasada durante la sesi\u00f3n en la C\u00e1mara de Senadores no tiene nada que ver con civilizaci\u00f3n. Aflor\u00f3 lo peor de algunos seres humanos. Lo interesante es [&hellip;]","og_url":"https:\/\/elregionalvm.com.ar\/noticias-villa-maria\/opinion-milei-la-ley-bases-y-la-violencia-en-la-calle-civilizacion-o-barbarie\/","og_site_name":"El Regional","article_publisher":"https:\/\/www.facebook.com\/elregionalvm","article_published_time":"2024-06-22T04:13:33+00:00","article_modified_time":"2024-06-24T19:08:55+00:00","og_image":[{"width":1280,"height":853,"url":"https:\/\/elregionalvm.com.ar\/noticias-villa-maria\/wp-content\/uploads\/2024\/06\/Incendio-auto-cadena-3-congreso-ley-bases.jpg","type":"image\/jpeg"}],"author":"Contenidos El Regional","twitter_card":"summary_large_image","twitter_creator":"@elregionalvm1","twitter_site":"@elregionalvm1","twitter_misc":{"Escrito por":"Contenidos El Regional","Tiempo de lectura":"3 minutos"},"schema":{"@context":"https:\/\/schema.org","@graph":[{"@type":"Article","@id":"https:\/\/elregionalvm.com.ar\/noticias-villa-maria\/opinion-milei-la-ley-bases-y-la-violencia-en-la-calle-civilizacion-o-barbarie\/#article","isPartOf":{"@id":"https:\/\/elregionalvm.com.ar\/noticias-villa-maria\/opinion-milei-la-ley-bases-y-la-violencia-en-la-calle-civilizacion-o-barbarie\/"},"author":{"name":"Contenidos El Regional","@id":"http:\/\/elregionalvm.com.ar\/noticias-villa-maria\/#\/schema\/person\/a0fb9c422317faca23d50163151bc354"},"headline":"[Opini\u00f3n] Milei, la Ley Bases y la violencia en la calle: \u00bfCivilizaci\u00f3n o barbarie?","datePublished":"2024-06-22T04:13:33+00:00","dateModified":"2024-06-24T19:08:55+00:00","mainEntityOfPage":{"@id":"https:\/\/elregionalvm.com.ar\/noticias-villa-maria\/opinion-milei-la-ley-bases-y-la-violencia-en-la-calle-civilizacion-o-barbarie\/"},"wordCount":472,"commentCount":1,"image":{"@id":"https:\/\/elregionalvm.com.ar\/noticias-villa-maria\/opinion-milei-la-ley-bases-y-la-violencia-en-la-calle-civilizacion-o-barbarie\/#primaryimage"},"thumbnailUrl":"https:\/\/i0.wp.com\/elregionalvm.com.ar\/noticias-villa-maria\/wp-content\/uploads\/2024\/06\/Incendio-auto-cadena-3-congreso-ley-bases.jpg?fit=1280%2C853&ssl=1","keywords":["barbarie","calles","civilizaci\u00f3n","Congreso de la Naci\u00f3n","Diputados","Javier Milei","kirchnerismo","ley bases","Senadores","Violencia"],"articleSection":["Opini\u00f3n","tercera"],"inLanguage":"es","potentialAction":[{"@type":"CommentAction","name":"Comment","target":["https:\/\/elregionalvm.com.ar\/noticias-villa-maria\/opinion-milei-la-ley-bases-y-la-violencia-en-la-calle-civilizacion-o-barbarie\/#respond"]}]},{"@type":"WebPage","@id":"https:\/\/elregionalvm.com.ar\/noticias-villa-maria\/opinion-milei-la-ley-bases-y-la-violencia-en-la-calle-civilizacion-o-barbarie\/","url":"https:\/\/elregionalvm.com.ar\/noticias-villa-maria\/opinion-milei-la-ley-bases-y-la-violencia-en-la-calle-civilizacion-o-barbarie\/","name":"[Opini\u00f3n] Milei, la Ley Bases y la violencia en la calle: \u00bfCivilizaci\u00f3n o barbarie? - El Regional","isPartOf":{"@id":"http:\/\/elregionalvm.com.ar\/noticias-villa-maria\/#website"},"primaryImageOfPage":{"@id":"https:\/\/elregionalvm.com.ar\/noticias-villa-maria\/opinion-milei-la-ley-bases-y-la-violencia-en-la-calle-civilizacion-o-barbarie\/#primaryimage"},"image":{"@id":"https:\/\/elregionalvm.com.ar\/noticias-villa-maria\/opinion-milei-la-ley-bases-y-la-violencia-en-la-calle-civilizacion-o-barbarie\/#primaryimage"},"thumbnailUrl":"https:\/\/i0.wp.com\/elregionalvm.com.ar\/noticias-villa-maria\/wp-content\/uploads\/2024\/06\/Incendio-auto-cadena-3-congreso-ley-bases.jpg?fit=1280%2C853&ssl=1","datePublished":"2024-06-22T04:13:33+00:00","dateModified":"2024-06-24T19:08:55+00:00","author":{"@id":"http:\/\/elregionalvm.com.ar\/noticias-villa-maria\/#\/schema\/person\/a0fb9c422317faca23d50163151bc354"},"breadcrumb":{"@id":"https:\/\/elregionalvm.com.ar\/noticias-villa-maria\/opinion-milei-la-ley-bases-y-la-violencia-en-la-calle-civilizacion-o-barbarie\/#breadcrumb"},"inLanguage":"es","potentialAction":[{"@type":"ReadAction","target":["https:\/\/elregionalvm.com.ar\/noticias-villa-maria\/opinion-milei-la-ley-bases-y-la-violencia-en-la-calle-civilizacion-o-barbarie\/"]}]},{"@type":"ImageObject","inLanguage":"es","@id":"https:\/\/elregionalvm.com.ar\/noticias-villa-maria\/opinion-milei-la-ley-bases-y-la-violencia-en-la-calle-civilizacion-o-barbarie\/#primaryimage","url":"https:\/\/i0.wp.com\/elregionalvm.com.ar\/noticias-villa-maria\/wp-content\/uploads\/2024\/06\/Incendio-auto-cadena-3-congreso-ley-bases.jpg?fit=1280%2C853&ssl=1","contentUrl":"https:\/\/i0.wp.com\/elregionalvm.com.ar\/noticias-villa-maria\/wp-content\/uploads\/2024\/06\/Incendio-auto-cadena-3-congreso-ley-bases.jpg?fit=1280%2C853&ssl=1","width":1280,"height":853},{"@type":"BreadcrumbList","@id":"https:\/\/elregionalvm.com.ar\/noticias-villa-maria\/opinion-milei-la-ley-bases-y-la-violencia-en-la-calle-civilizacion-o-barbarie\/#breadcrumb","itemListElement":[{"@type":"ListItem","position":1,"name":"Portada","item":"https:\/\/elregionalvm.com.ar\/noticias-villa-maria\/"},{"@type":"ListItem","position":2,"name":"[Opini\u00f3n] Milei, la Ley Bases y la violencia en la calle: \u00bfCivilizaci\u00f3n o barbarie?"}]},{"@type":"WebSite","@id":"http:\/\/elregionalvm.com.ar\/noticias-villa-maria\/#website","url":"http:\/\/elregionalvm.com.ar\/noticias-villa-maria\/","name":"El Regional","description":"Mucho m\u00e1s que informaci\u00f3n","potentialAction":[{"@type":"SearchAction","target":{"@type":"EntryPoint","urlTemplate":"http:\/\/elregionalvm.com.ar\/noticias-villa-maria\/?s={search_term_string}"},"query-input":{"@type":"PropertyValueSpecification","valueRequired":true,"valueName":"search_term_string"}}],"inLanguage":"es"},{"@type":"Person","@id":"http:\/\/elregionalvm.com.ar\/noticias-villa-maria\/#\/schema\/person\/a0fb9c422317faca23d50163151bc354","name":"Contenidos El Regional","image":{"@type":"ImageObject","inLanguage":"es","@id":"http:\/\/elregionalvm.com.ar\/noticias-villa-maria\/#\/schema\/person\/image\/","url":"https:\/\/secure.gravatar.com\/avatar\/265b27cb2209af7bb3a1318f03305787d7981a5cc6e6cd08fe5a4ecdf99d4b48?s=96&d=mm&r=g","contentUrl":"https:\/\/secure.gravatar.com\/avatar\/265b27cb2209af7bb3a1318f03305787d7981a5cc6e6cd08fe5a4ecdf99d4b48?s=96&d=mm&r=g","caption":"Contenidos El Regional"},"url":"https:\/\/elregionalvm.com.ar\/noticias-villa-maria\/author\/contenido\/"}]}},"jetpack_featured_media_url":"https:\/\/i0.wp.com\/elregionalvm.com.ar\/noticias-villa-maria\/wp-content\/uploads\/2024\/06\/Incendio-auto-cadena-3-congreso-ley-bases.jpg?fit=1280%2C853&ssl=1","jetpack_sharing_enabled":true,"_links":{"self":[{"href":"https:\/\/elregionalvm.com.ar\/noticias-villa-maria\/wp-json\/wp\/v2\/posts\/95338","targetHints":{"allow":["GET"]}}],"collection":[{"href":"https:\/\/elregionalvm.com.ar\/noticias-villa-maria\/wp-json\/wp\/v2\/posts"}],"about":[{"href":"https:\/\/elregionalvm.com.ar\/noticias-villa-maria\/wp-json\/wp\/v2\/types\/post"}],"author":[{"embeddable":true,"href":"https:\/\/elregionalvm.com.ar\/noticias-villa-maria\/wp-json\/wp\/v2\/users\/4"}],"replies":[{"embeddable":true,"href":"https:\/\/elregionalvm.com.ar\/noticias-villa-maria\/wp-json\/wp\/v2\/comments?post=95338"}],"version-history":[{"count":2,"href":"https:\/\/elregionalvm.com.ar\/noticias-villa-maria\/wp-json\/wp\/v2\/posts\/95338\/revisions"}],"predecessor-version":[{"id":95343,"href":"https:\/\/elregionalvm.com.ar\/noticias-villa-maria\/wp-json\/wp\/v2\/posts\/95338\/revisions\/95343"}],"wp:featuredmedia":[{"embeddable":true,"href":"https:\/\/elregionalvm.com.ar\/noticias-villa-maria\/wp-json\/wp\/v2\/media\/95341"}],"wp:attachment":[{"href":"https:\/\/elregionalvm.com.ar\/noticias-villa-maria\/wp-json\/wp\/v2\/media?parent=95338"}],"wp:term":[{"taxonomy":"category","embeddable":true,"href":"https:\/\/elregionalvm.com.ar\/noticias-villa-maria\/wp-json\/wp\/v2\/categories?post=95338"},{"taxonomy":"post_tag","embeddable":true,"href":"https:\/\/elregionalvm.com.ar\/noticias-villa-maria\/wp-json\/wp\/v2\/tags?post=95338"}],"curies":[{"name":"wp","href":"https:\/\/api.w.org\/{rel}","templated":true}]}}