{"id":95344,"date":"2024-06-22T04:50:03","date_gmt":"2024-06-22T04:50:03","guid":{"rendered":"https:\/\/elregionalvm.com.ar\/noticias-villa-maria\/?p=95344"},"modified":"2024-06-24T14:25:30","modified_gmt":"2024-06-24T14:25:30","slug":"consejo-de-nutricionista-vos-tambien-caiste-en-la-trampa-del-fritolim-video","status":"publish","type":"post","link":"https:\/\/elregionalvm.com.ar\/noticias-villa-maria\/consejo-de-nutricionista-vos-tambien-caiste-en-la-trampa-del-fritolim-video\/","title":{"rendered":"[Consejo de nutricionista] \u00bfVos tambi\u00e9n ca\u00edste en la trampa del \u201cFritolim\u201d? (VIDEO)"},"content":{"rendered":"\n<p><strong>Escribe: Nutricionista Melisa Manzur<\/strong><\/p>\n\n\n\n<p><\/p>\n\n\n\n<p>Si pensabas que el \u201cfritolim\u201d o roc\u00edo vegetal era un producto saludable, ahora te dejo toda la data en el video para que veas que no es tan as\u00ed.<\/p>\n\n\n\n<p>Mientras, te cuento que, al tener 5 ingredientes, es considerado un ultraprocesado\u2026<\/p>\n\n\n\n<p>Uno de sus componentes (lecitina de soja) es un importante proinflamatorio que contribuye con el s\u00edndrome de (hiper) permeabilidad intestinal, ocasionando da\u00f1os a nuestra microbiota.<\/p>\n\n\n\n<p><\/p>\n\n\n\n<figure class=\"wp-block-image size-large\"><img data-recalc-dims=\"1\" fetchpriority=\"high\" decoding=\"async\" width=\"1024\" height=\"1024\" src=\"https:\/\/i0.wp.com\/elregionalvm.com.ar\/noticias-villa-maria\/wp-content\/uploads\/2024\/06\/Fritolim-no.jpg?resize=1024%2C1024&#038;ssl=1\" alt=\"\" class=\"wp-image-95345\" srcset=\"https:\/\/i0.wp.com\/elregionalvm.com.ar\/noticias-villa-maria\/wp-content\/uploads\/2024\/06\/Fritolim-no.jpg?resize=1024%2C1024&amp;ssl=1 1024w, https:\/\/i0.wp.com\/elregionalvm.com.ar\/noticias-villa-maria\/wp-content\/uploads\/2024\/06\/Fritolim-no.jpg?resize=300%2C300&amp;ssl=1 300w, https:\/\/i0.wp.com\/elregionalvm.com.ar\/noticias-villa-maria\/wp-content\/uploads\/2024\/06\/Fritolim-no.jpg?resize=768%2C768&amp;ssl=1 768w, https:\/\/i0.wp.com\/elregionalvm.com.ar\/noticias-villa-maria\/wp-content\/uploads\/2024\/06\/Fritolim-no.jpg?w=1065&amp;ssl=1 1065w\" sizes=\"(max-width: 1000px) 100vw, 1000px\" \/><\/figure>\n\n\n\n<p><\/p>\n\n\n\n<p>Te dejo como plus la soluci\u00f3n para reemplazarlo. Vas a colocar aceite en un envase que tenga el sistema spray y listo.<\/p>\n\n\n\n<p>De esta forma te asegur\u00e1s de consumir aceite 100% de excelente calidad y en bajas dosis<\/p>\n\n\n\n<p>Si esta informaci\u00f3n te result\u00f3 valiosa para una persona, compart\u00ed esta nota.<\/p>\n\n\n\n<p><\/p>\n\n\n\n<figure class=\"wp-block-embed is-type-video is-provider-youtube wp-block-embed-youtube wp-embed-aspect-16-9 wp-has-aspect-ratio\"><div class=\"wp-block-embed__wrapper\">\n<iframe title=\"\u00bfVos tambi\u00e9n ca\u00edste en la trampa del \u201cFritolim\u201d? Aqu\u00ed van algunos consejos\" width=\"500\" height=\"281\" src=\"https:\/\/www.youtube.com\/embed\/OMRdVqMVZdU?feature=oembed\" frameborder=\"0\" allow=\"accelerometer; autoplay; clipboard-write; encrypted-media; gyroscope; picture-in-picture; web-share\" referrerpolicy=\"strict-origin-when-cross-origin\" allowfullscreen><\/iframe>\n<\/div><\/figure>\n\n\n\n<p><\/p>\n\n\n\n<p><\/p>\n\n\n\n<h3 class=\"wp-block-heading\"><strong>Tambi\u00e9n pod\u00e9s ver: <\/strong><\/h3>\n\n\n\n<p><\/p>\n\n\n\n<figure class=\"wp-block-embed is-type-wp-embed is-provider-el-regional wp-block-embed-el-regional\"><div class=\"wp-block-embed__wrapper\">\n<blockquote class=\"wp-embedded-content\" data-secret=\"IAa81bn9Ut\"><a href=\"https:\/\/elregionalvm.com.ar\/noticias-villa-maria\/buena-vida-jugo-de-naranja-exprimida-versus-naranja-entera-que-es-mas-saludable\/\">[Buena Vida] Jugo de naranja exprimida versus naranja entera: \u00bfQu\u00e9 es m\u00e1s saludable?<\/a><\/blockquote><iframe class=\"wp-embedded-content\" sandbox=\"allow-scripts\" security=\"restricted\" style=\"position: absolute; clip: rect(1px, 1px, 1px, 1px);\" title=\"\u00ab[Buena Vida] Jugo de naranja exprimida versus naranja entera: \u00bfQu\u00e9 es m\u00e1s saludable?\u00bb \u2014 El Regional\" src=\"https:\/\/elregionalvm.com.ar\/noticias-villa-maria\/buena-vida-jugo-de-naranja-exprimida-versus-naranja-entera-que-es-mas-saludable\/embed\/#?secret=rNixkhObJu#?secret=IAa81bn9Ut\" data-secret=\"IAa81bn9Ut\" width=\"500\" height=\"282\" frameborder=\"0\" marginwidth=\"0\" marginheight=\"0\" scrolling=\"no\"><\/iframe>\n<\/div><\/figure>\n","protected":false},"excerpt":{"rendered":"<p>Escribe: Nutricionista Melisa Manzur Si pensabas que el \u201cfritolim\u201d o roc\u00edo vegetal era un producto saludable, ahora te dejo toda la data en el video para que veas que no es tan as\u00ed. Mientras, te cuento que, al tener 5 ingredientes, es considerado un ultraprocesado\u2026 Uno de sus componentes (lecitina de soja) es un importante [&hellip;]<\/p>\n","protected":false},"author":4,"featured_media":95346,"comment_status":"open","ping_status":"open","sticky":false,"template":"","format":"standard","meta":{"site-sidebar-layout":"default","site-content-layout":"","ast-site-content-layout":"default","site-content-style":"default","site-sidebar-style":"default","ast-global-header-display":"","ast-banner-title-visibility":"","ast-main-header-display":"","ast-hfb-above-header-display":"","ast-hfb-below-header-display":"","ast-hfb-mobile-header-display":"","site-post-title":"","ast-breadcrumbs-content":"","ast-featured-img":"","footer-sml-layout":"","ast-disable-related-posts":"","theme-transparent-header-meta":"","adv-header-id-meta":"","stick-header-meta":"","header-above-stick-meta":"","header-main-stick-meta":"","header-below-stick-meta":"","astra-migrate-meta-layouts":"set","ast-page-background-enabled":"default","ast-page-background-meta":{"desktop":{"background-color":"","background-image":"","background-repeat":"repeat","background-position":"center center","background-size":"auto","background-attachment":"scroll","background-type":"","background-media":"","overlay-type":"","overlay-color":"","overlay-opacity":"","overlay-gradient":""},"tablet":{"background-color":"","background-image":"","background-repeat":"repeat","background-position":"center center","background-size":"auto","background-attachment":"scroll","background-type":"","background-media":"","overlay-type":"","overlay-color":"","overlay-opacity":"","overlay-gradient":""},"mobile":{"background-color":"","background-image":"","background-repeat":"repeat","background-position":"center center","background-size":"auto","background-attachment":"scroll","background-type":"","background-media":"","overlay-type":"","overlay-color":"","overlay-opacity":"","overlay-gradient":""}},"ast-content-background-meta":{"desktop":{"background-color":"var(--ast-global-color-5)","background-image":"","background-repeat":"repeat","background-position":"center center","background-size":"auto","background-attachment":"scroll","background-type":"","background-media":"","overlay-type":"","overlay-color":"","overlay-opacity":"","overlay-gradient":""},"tablet":{"background-color":"var(--ast-global-color-5)","background-image":"","background-repeat":"repeat","background-position":"center center","background-size":"auto","background-attachment":"scroll","background-type":"","background-media":"","overlay-type":"","overlay-color":"","overlay-opacity":"","overlay-gradient":""},"mobile":{"background-color":"var(--ast-global-color-5)","background-image":"","background-repeat":"repeat","background-position":"center center","background-size":"auto","background-attachment":"scroll","background-type":"","background-media":"","overlay-type":"","overlay-color":"","overlay-opacity":"","overlay-gradient":""}},"_jetpack_memberships_contains_paid_content":false,"_joinchat":[],"footnotes":""},"categories":[9869,3557,2074],"tags":[6096,11714,9927,24114,24115,2133,16435],"class_list":["post-95344","post","type-post","status-publish","format-standard","has-post-thumbnail","hentry","category-buena-vida","category-tercera","category-videos","tag-aceite","tag-alimentacion-saludable","tag-buena-vida","tag-fritolim","tag-nutricionista","tag-salud","tag-trampa"],"yoast_head":"<!-- This site is optimized with the Yoast SEO plugin v26.8 - https:\/\/yoast.com\/product\/yoast-seo-wordpress\/ -->\n<title>[Consejo de nutricionista] \u00bfVos tambi\u00e9n ca\u00edste en la trampa del \u201cFritolim\u201d? (VIDEO) - El Regional<\/title>\n<meta name=\"robots\" content=\"index, follow, max-snippet:-1, max-image-preview:large, max-video-preview:-1\" \/>\n<link rel=\"canonical\" href=\"https:\/\/elregionalvm.com.ar\/noticias-villa-maria\/consejo-de-nutricionista-vos-tambien-caiste-en-la-trampa-del-fritolim-video\/\" \/>\n<meta property=\"og:locale\" content=\"es_ES\" \/>\n<meta property=\"og:type\" content=\"article\" \/>\n<meta property=\"og:title\" content=\"[Consejo de nutricionista] \u00bfVos tambi\u00e9n ca\u00edste en la trampa del \u201cFritolim\u201d? (VIDEO) - El Regional\" \/>\n<meta property=\"og:description\" content=\"Escribe: Nutricionista Melisa Manzur Si pensabas que el \u201cfritolim\u201d o roc\u00edo vegetal era un producto saludable, ahora te dejo toda la data en el video para que veas que no es tan as\u00ed. Mientras, te cuento que, al tener 5 ingredientes, es considerado un ultraprocesado\u2026 Uno de sus componentes (lecitina de soja) es un importante [&hellip;]\" \/>\n<meta property=\"og:url\" content=\"https:\/\/elregionalvm.com.ar\/noticias-villa-maria\/consejo-de-nutricionista-vos-tambien-caiste-en-la-trampa-del-fritolim-video\/\" \/>\n<meta property=\"og:site_name\" content=\"El Regional\" \/>\n<meta property=\"article:publisher\" content=\"https:\/\/www.facebook.com\/elregionalvm\" \/>\n<meta property=\"article:published_time\" content=\"2024-06-22T04:50:03+00:00\" \/>\n<meta property=\"article:modified_time\" content=\"2024-06-24T14:25:30+00:00\" \/>\n<meta property=\"og:image\" content=\"https:\/\/elregionalvm.com.ar\/noticias-villa-maria\/wp-content\/uploads\/2024\/06\/fritolim-aceite-spray.jpg\" \/>\n\t<meta property=\"og:image:width\" content=\"1536\" \/>\n\t<meta property=\"og:image:height\" content=\"1360\" \/>\n\t<meta property=\"og:image:type\" content=\"image\/jpeg\" \/>\n<meta name=\"author\" content=\"Contenidos El Regional\" \/>\n<meta name=\"twitter:card\" content=\"summary_large_image\" \/>\n<meta name=\"twitter:creator\" content=\"@elregionalvm1\" \/>\n<meta name=\"twitter:site\" content=\"@elregionalvm1\" \/>\n<meta name=\"twitter:label1\" content=\"Escrito por\" \/>\n\t<meta name=\"twitter:data1\" content=\"Contenidos El Regional\" \/>\n\t<meta name=\"twitter:label2\" content=\"Tiempo de lectura\" \/>\n\t<meta name=\"twitter:data2\" content=\"1 minuto\" \/>\n<script type=\"application\/ld+json\" class=\"yoast-schema-graph\">{\"@context\":\"https:\/\/schema.org\",\"@graph\":[{\"@type\":\"Article\",\"@id\":\"https:\/\/elregionalvm.com.ar\/noticias-villa-maria\/consejo-de-nutricionista-vos-tambien-caiste-en-la-trampa-del-fritolim-video\/#article\",\"isPartOf\":{\"@id\":\"https:\/\/elregionalvm.com.ar\/noticias-villa-maria\/consejo-de-nutricionista-vos-tambien-caiste-en-la-trampa-del-fritolim-video\/\"},\"author\":{\"name\":\"Contenidos El Regional\",\"@id\":\"http:\/\/elregionalvm.com.ar\/noticias-villa-maria\/#\/schema\/person\/a0fb9c422317faca23d50163151bc354\"},\"headline\":\"[Consejo de nutricionista] \u00bfVos tambi\u00e9n ca\u00edste en la trampa del \u201cFritolim\u201d? (VIDEO)\",\"datePublished\":\"2024-06-22T04:50:03+00:00\",\"dateModified\":\"2024-06-24T14:25:30+00:00\",\"mainEntityOfPage\":{\"@id\":\"https:\/\/elregionalvm.com.ar\/noticias-villa-maria\/consejo-de-nutricionista-vos-tambien-caiste-en-la-trampa-del-fritolim-video\/\"},\"wordCount\":156,\"commentCount\":0,\"image\":{\"@id\":\"https:\/\/elregionalvm.com.ar\/noticias-villa-maria\/consejo-de-nutricionista-vos-tambien-caiste-en-la-trampa-del-fritolim-video\/#primaryimage\"},\"thumbnailUrl\":\"https:\/\/i0.wp.com\/elregionalvm.com.ar\/noticias-villa-maria\/wp-content\/uploads\/2024\/06\/fritolim-aceite-spray.jpg?fit=1536%2C1360&ssl=1\",\"keywords\":[\"aceite\",\"alimentaci\u00f3n saludable\",\"Buena Vida\",\"fritolim\",\"nutricionista\",\"salud\",\"trampa\"],\"articleSection\":[\"Buena vida\",\"tercera\",\"Videos\"],\"inLanguage\":\"es\",\"potentialAction\":[{\"@type\":\"CommentAction\",\"name\":\"Comment\",\"target\":[\"https:\/\/elregionalvm.com.ar\/noticias-villa-maria\/consejo-de-nutricionista-vos-tambien-caiste-en-la-trampa-del-fritolim-video\/#respond\"]}]},{\"@type\":\"WebPage\",\"@id\":\"https:\/\/elregionalvm.com.ar\/noticias-villa-maria\/consejo-de-nutricionista-vos-tambien-caiste-en-la-trampa-del-fritolim-video\/\",\"url\":\"https:\/\/elregionalvm.com.ar\/noticias-villa-maria\/consejo-de-nutricionista-vos-tambien-caiste-en-la-trampa-del-fritolim-video\/\",\"name\":\"[Consejo de nutricionista] \u00bfVos tambi\u00e9n ca\u00edste en la trampa del \u201cFritolim\u201d? (VIDEO) - El Regional\",\"isPartOf\":{\"@id\":\"http:\/\/elregionalvm.com.ar\/noticias-villa-maria\/#website\"},\"primaryImageOfPage\":{\"@id\":\"https:\/\/elregionalvm.com.ar\/noticias-villa-maria\/consejo-de-nutricionista-vos-tambien-caiste-en-la-trampa-del-fritolim-video\/#primaryimage\"},\"image\":{\"@id\":\"https:\/\/elregionalvm.com.ar\/noticias-villa-maria\/consejo-de-nutricionista-vos-tambien-caiste-en-la-trampa-del-fritolim-video\/#primaryimage\"},\"thumbnailUrl\":\"https:\/\/i0.wp.com\/elregionalvm.com.ar\/noticias-villa-maria\/wp-content\/uploads\/2024\/06\/fritolim-aceite-spray.jpg?fit=1536%2C1360&ssl=1\",\"datePublished\":\"2024-06-22T04:50:03+00:00\",\"dateModified\":\"2024-06-24T14:25:30+00:00\",\"author\":{\"@id\":\"http:\/\/elregionalvm.com.ar\/noticias-villa-maria\/#\/schema\/person\/a0fb9c422317faca23d50163151bc354\"},\"breadcrumb\":{\"@id\":\"https:\/\/elregionalvm.com.ar\/noticias-villa-maria\/consejo-de-nutricionista-vos-tambien-caiste-en-la-trampa-del-fritolim-video\/#breadcrumb\"},\"inLanguage\":\"es\",\"potentialAction\":[{\"@type\":\"ReadAction\",\"target\":[\"https:\/\/elregionalvm.com.ar\/noticias-villa-maria\/consejo-de-nutricionista-vos-tambien-caiste-en-la-trampa-del-fritolim-video\/\"]}]},{\"@type\":\"ImageObject\",\"inLanguage\":\"es\",\"@id\":\"https:\/\/elregionalvm.com.ar\/noticias-villa-maria\/consejo-de-nutricionista-vos-tambien-caiste-en-la-trampa-del-fritolim-video\/#primaryimage\",\"url\":\"https:\/\/i0.wp.com\/elregionalvm.com.ar\/noticias-villa-maria\/wp-content\/uploads\/2024\/06\/fritolim-aceite-spray.jpg?fit=1536%2C1360&ssl=1\",\"contentUrl\":\"https:\/\/i0.wp.com\/elregionalvm.com.ar\/noticias-villa-maria\/wp-content\/uploads\/2024\/06\/fritolim-aceite-spray.jpg?fit=1536%2C1360&ssl=1\",\"width\":1536,\"height\":1360},{\"@type\":\"BreadcrumbList\",\"@id\":\"https:\/\/elregionalvm.com.ar\/noticias-villa-maria\/consejo-de-nutricionista-vos-tambien-caiste-en-la-trampa-del-fritolim-video\/#breadcrumb\",\"itemListElement\":[{\"@type\":\"ListItem\",\"position\":1,\"name\":\"Portada\",\"item\":\"https:\/\/elregionalvm.com.ar\/noticias-villa-maria\/\"},{\"@type\":\"ListItem\",\"position\":2,\"name\":\"[Consejo de nutricionista] \u00bfVos tambi\u00e9n ca\u00edste en la trampa del \u201cFritolim\u201d? (VIDEO)\"}]},{\"@type\":\"WebSite\",\"@id\":\"http:\/\/elregionalvm.com.ar\/noticias-villa-maria\/#website\",\"url\":\"http:\/\/elregionalvm.com.ar\/noticias-villa-maria\/\",\"name\":\"El Regional\",\"description\":\"Mucho m\u00e1s que informaci\u00f3n\",\"potentialAction\":[{\"@type\":\"SearchAction\",\"target\":{\"@type\":\"EntryPoint\",\"urlTemplate\":\"http:\/\/elregionalvm.com.ar\/noticias-villa-maria\/?s={search_term_string}\"},\"query-input\":{\"@type\":\"PropertyValueSpecification\",\"valueRequired\":true,\"valueName\":\"search_term_string\"}}],\"inLanguage\":\"es\"},{\"@type\":\"Person\",\"@id\":\"http:\/\/elregionalvm.com.ar\/noticias-villa-maria\/#\/schema\/person\/a0fb9c422317faca23d50163151bc354\",\"name\":\"Contenidos El Regional\",\"image\":{\"@type\":\"ImageObject\",\"inLanguage\":\"es\",\"@id\":\"http:\/\/elregionalvm.com.ar\/noticias-villa-maria\/#\/schema\/person\/image\/\",\"url\":\"https:\/\/secure.gravatar.com\/avatar\/265b27cb2209af7bb3a1318f03305787d7981a5cc6e6cd08fe5a4ecdf99d4b48?s=96&d=mm&r=g\",\"contentUrl\":\"https:\/\/secure.gravatar.com\/avatar\/265b27cb2209af7bb3a1318f03305787d7981a5cc6e6cd08fe5a4ecdf99d4b48?s=96&d=mm&r=g\",\"caption\":\"Contenidos El Regional\"},\"url\":\"https:\/\/elregionalvm.com.ar\/noticias-villa-maria\/author\/contenido\/\"}]}<\/script>\n<!-- \/ Yoast SEO plugin. -->","yoast_head_json":{"title":"[Consejo de nutricionista] \u00bfVos tambi\u00e9n ca\u00edste en la trampa del \u201cFritolim\u201d? (VIDEO) - El Regional","robots":{"index":"index","follow":"follow","max-snippet":"max-snippet:-1","max-image-preview":"max-image-preview:large","max-video-preview":"max-video-preview:-1"},"canonical":"https:\/\/elregionalvm.com.ar\/noticias-villa-maria\/consejo-de-nutricionista-vos-tambien-caiste-en-la-trampa-del-fritolim-video\/","og_locale":"es_ES","og_type":"article","og_title":"[Consejo de nutricionista] \u00bfVos tambi\u00e9n ca\u00edste en la trampa del \u201cFritolim\u201d? (VIDEO) - El Regional","og_description":"Escribe: Nutricionista Melisa Manzur Si pensabas que el \u201cfritolim\u201d o roc\u00edo vegetal era un producto saludable, ahora te dejo toda la data en el video para que veas que no es tan as\u00ed. Mientras, te cuento que, al tener 5 ingredientes, es considerado un ultraprocesado\u2026 Uno de sus componentes (lecitina de soja) es un importante [&hellip;]","og_url":"https:\/\/elregionalvm.com.ar\/noticias-villa-maria\/consejo-de-nutricionista-vos-tambien-caiste-en-la-trampa-del-fritolim-video\/","og_site_name":"El Regional","article_publisher":"https:\/\/www.facebook.com\/elregionalvm","article_published_time":"2024-06-22T04:50:03+00:00","article_modified_time":"2024-06-24T14:25:30+00:00","og_image":[{"width":1536,"height":1360,"url":"https:\/\/elregionalvm.com.ar\/noticias-villa-maria\/wp-content\/uploads\/2024\/06\/fritolim-aceite-spray.jpg","type":"image\/jpeg"}],"author":"Contenidos El Regional","twitter_card":"summary_large_image","twitter_creator":"@elregionalvm1","twitter_site":"@elregionalvm1","twitter_misc":{"Escrito por":"Contenidos El Regional","Tiempo de lectura":"1 minuto"},"schema":{"@context":"https:\/\/schema.org","@graph":[{"@type":"Article","@id":"https:\/\/elregionalvm.com.ar\/noticias-villa-maria\/consejo-de-nutricionista-vos-tambien-caiste-en-la-trampa-del-fritolim-video\/#article","isPartOf":{"@id":"https:\/\/elregionalvm.com.ar\/noticias-villa-maria\/consejo-de-nutricionista-vos-tambien-caiste-en-la-trampa-del-fritolim-video\/"},"author":{"name":"Contenidos El Regional","@id":"http:\/\/elregionalvm.com.ar\/noticias-villa-maria\/#\/schema\/person\/a0fb9c422317faca23d50163151bc354"},"headline":"[Consejo de nutricionista] \u00bfVos tambi\u00e9n ca\u00edste en la trampa del \u201cFritolim\u201d? (VIDEO)","datePublished":"2024-06-22T04:50:03+00:00","dateModified":"2024-06-24T14:25:30+00:00","mainEntityOfPage":{"@id":"https:\/\/elregionalvm.com.ar\/noticias-villa-maria\/consejo-de-nutricionista-vos-tambien-caiste-en-la-trampa-del-fritolim-video\/"},"wordCount":156,"commentCount":0,"image":{"@id":"https:\/\/elregionalvm.com.ar\/noticias-villa-maria\/consejo-de-nutricionista-vos-tambien-caiste-en-la-trampa-del-fritolim-video\/#primaryimage"},"thumbnailUrl":"https:\/\/i0.wp.com\/elregionalvm.com.ar\/noticias-villa-maria\/wp-content\/uploads\/2024\/06\/fritolim-aceite-spray.jpg?fit=1536%2C1360&ssl=1","keywords":["aceite","alimentaci\u00f3n saludable","Buena Vida","fritolim","nutricionista","salud","trampa"],"articleSection":["Buena vida","tercera","Videos"],"inLanguage":"es","potentialAction":[{"@type":"CommentAction","name":"Comment","target":["https:\/\/elregionalvm.com.ar\/noticias-villa-maria\/consejo-de-nutricionista-vos-tambien-caiste-en-la-trampa-del-fritolim-video\/#respond"]}]},{"@type":"WebPage","@id":"https:\/\/elregionalvm.com.ar\/noticias-villa-maria\/consejo-de-nutricionista-vos-tambien-caiste-en-la-trampa-del-fritolim-video\/","url":"https:\/\/elregionalvm.com.ar\/noticias-villa-maria\/consejo-de-nutricionista-vos-tambien-caiste-en-la-trampa-del-fritolim-video\/","name":"[Consejo de nutricionista] \u00bfVos tambi\u00e9n ca\u00edste en la trampa del \u201cFritolim\u201d? (VIDEO) - El Regional","isPartOf":{"@id":"http:\/\/elregionalvm.com.ar\/noticias-villa-maria\/#website"},"primaryImageOfPage":{"@id":"https:\/\/elregionalvm.com.ar\/noticias-villa-maria\/consejo-de-nutricionista-vos-tambien-caiste-en-la-trampa-del-fritolim-video\/#primaryimage"},"image":{"@id":"https:\/\/elregionalvm.com.ar\/noticias-villa-maria\/consejo-de-nutricionista-vos-tambien-caiste-en-la-trampa-del-fritolim-video\/#primaryimage"},"thumbnailUrl":"https:\/\/i0.wp.com\/elregionalvm.com.ar\/noticias-villa-maria\/wp-content\/uploads\/2024\/06\/fritolim-aceite-spray.jpg?fit=1536%2C1360&ssl=1","datePublished":"2024-06-22T04:50:03+00:00","dateModified":"2024-06-24T14:25:30+00:00","author":{"@id":"http:\/\/elregionalvm.com.ar\/noticias-villa-maria\/#\/schema\/person\/a0fb9c422317faca23d50163151bc354"},"breadcrumb":{"@id":"https:\/\/elregionalvm.com.ar\/noticias-villa-maria\/consejo-de-nutricionista-vos-tambien-caiste-en-la-trampa-del-fritolim-video\/#breadcrumb"},"inLanguage":"es","potentialAction":[{"@type":"ReadAction","target":["https:\/\/elregionalvm.com.ar\/noticias-villa-maria\/consejo-de-nutricionista-vos-tambien-caiste-en-la-trampa-del-fritolim-video\/"]}]},{"@type":"ImageObject","inLanguage":"es","@id":"https:\/\/elregionalvm.com.ar\/noticias-villa-maria\/consejo-de-nutricionista-vos-tambien-caiste-en-la-trampa-del-fritolim-video\/#primaryimage","url":"https:\/\/i0.wp.com\/elregionalvm.com.ar\/noticias-villa-maria\/wp-content\/uploads\/2024\/06\/fritolim-aceite-spray.jpg?fit=1536%2C1360&ssl=1","contentUrl":"https:\/\/i0.wp.com\/elregionalvm.com.ar\/noticias-villa-maria\/wp-content\/uploads\/2024\/06\/fritolim-aceite-spray.jpg?fit=1536%2C1360&ssl=1","width":1536,"height":1360},{"@type":"BreadcrumbList","@id":"https:\/\/elregionalvm.com.ar\/noticias-villa-maria\/consejo-de-nutricionista-vos-tambien-caiste-en-la-trampa-del-fritolim-video\/#breadcrumb","itemListElement":[{"@type":"ListItem","position":1,"name":"Portada","item":"https:\/\/elregionalvm.com.ar\/noticias-villa-maria\/"},{"@type":"ListItem","position":2,"name":"[Consejo de nutricionista] \u00bfVos tambi\u00e9n ca\u00edste en la trampa del \u201cFritolim\u201d? (VIDEO)"}]},{"@type":"WebSite","@id":"http:\/\/elregionalvm.com.ar\/noticias-villa-maria\/#website","url":"http:\/\/elregionalvm.com.ar\/noticias-villa-maria\/","name":"El Regional","description":"Mucho m\u00e1s que informaci\u00f3n","potentialAction":[{"@type":"SearchAction","target":{"@type":"EntryPoint","urlTemplate":"http:\/\/elregionalvm.com.ar\/noticias-villa-maria\/?s={search_term_string}"},"query-input":{"@type":"PropertyValueSpecification","valueRequired":true,"valueName":"search_term_string"}}],"inLanguage":"es"},{"@type":"Person","@id":"http:\/\/elregionalvm.com.ar\/noticias-villa-maria\/#\/schema\/person\/a0fb9c422317faca23d50163151bc354","name":"Contenidos El Regional","image":{"@type":"ImageObject","inLanguage":"es","@id":"http:\/\/elregionalvm.com.ar\/noticias-villa-maria\/#\/schema\/person\/image\/","url":"https:\/\/secure.gravatar.com\/avatar\/265b27cb2209af7bb3a1318f03305787d7981a5cc6e6cd08fe5a4ecdf99d4b48?s=96&d=mm&r=g","contentUrl":"https:\/\/secure.gravatar.com\/avatar\/265b27cb2209af7bb3a1318f03305787d7981a5cc6e6cd08fe5a4ecdf99d4b48?s=96&d=mm&r=g","caption":"Contenidos El Regional"},"url":"https:\/\/elregionalvm.com.ar\/noticias-villa-maria\/author\/contenido\/"}]}},"jetpack_featured_media_url":"https:\/\/i0.wp.com\/elregionalvm.com.ar\/noticias-villa-maria\/wp-content\/uploads\/2024\/06\/fritolim-aceite-spray.jpg?fit=1536%2C1360&ssl=1","jetpack_sharing_enabled":true,"_links":{"self":[{"href":"https:\/\/elregionalvm.com.ar\/noticias-villa-maria\/wp-json\/wp\/v2\/posts\/95344","targetHints":{"allow":["GET"]}}],"collection":[{"href":"https:\/\/elregionalvm.com.ar\/noticias-villa-maria\/wp-json\/wp\/v2\/posts"}],"about":[{"href":"https:\/\/elregionalvm.com.ar\/noticias-villa-maria\/wp-json\/wp\/v2\/types\/post"}],"author":[{"embeddable":true,"href":"https:\/\/elregionalvm.com.ar\/noticias-villa-maria\/wp-json\/wp\/v2\/users\/4"}],"replies":[{"embeddable":true,"href":"https:\/\/elregionalvm.com.ar\/noticias-villa-maria\/wp-json\/wp\/v2\/comments?post=95344"}],"version-history":[{"count":2,"href":"https:\/\/elregionalvm.com.ar\/noticias-villa-maria\/wp-json\/wp\/v2\/posts\/95344\/revisions"}],"predecessor-version":[{"id":95348,"href":"https:\/\/elregionalvm.com.ar\/noticias-villa-maria\/wp-json\/wp\/v2\/posts\/95344\/revisions\/95348"}],"wp:featuredmedia":[{"embeddable":true,"href":"https:\/\/elregionalvm.com.ar\/noticias-villa-maria\/wp-json\/wp\/v2\/media\/95346"}],"wp:attachment":[{"href":"https:\/\/elregionalvm.com.ar\/noticias-villa-maria\/wp-json\/wp\/v2\/media?parent=95344"}],"wp:term":[{"taxonomy":"category","embeddable":true,"href":"https:\/\/elregionalvm.com.ar\/noticias-villa-maria\/wp-json\/wp\/v2\/categories?post=95344"},{"taxonomy":"post_tag","embeddable":true,"href":"https:\/\/elregionalvm.com.ar\/noticias-villa-maria\/wp-json\/wp\/v2\/tags?post=95344"}],"curies":[{"name":"wp","href":"https:\/\/api.w.org\/{rel}","templated":true}]}}