{"id":95349,"date":"2024-06-22T04:59:39","date_gmt":"2024-06-22T04:59:39","guid":{"rendered":"https:\/\/elregionalvm.com.ar\/noticias-villa-maria\/?p=95349"},"modified":"2024-06-22T04:59:47","modified_gmt":"2024-06-22T04:59:47","slug":"choque-multiple-en-la-ruta-158-en-arroyo-algodon-heridos-con-lesiones-leves","status":"publish","type":"post","link":"https:\/\/elregionalvm.com.ar\/noticias-villa-maria\/choque-multiple-en-la-ruta-158-en-arroyo-algodon-heridos-con-lesiones-leves\/","title":{"rendered":"Choque m\u00faltiple en la ruta 158, en Arroyo Algod\u00f3n: Heridos con lesiones leves"},"content":{"rendered":"\n<p>Aproximadamente a las 10:30 horas de hoy, se produjo un accidente vial en el km 133 de la ruta nacional 158, en el marco de una espesa neblina en el ambiente.<\/p>\n\n\n\n<p>Por causas a establecer, colisionaron un cami\u00f3n marca Fiat modelo cargo 1722, conducido por un hombre de 31 a\u00f1os, acompa\u00f1ado por otro hombre de 20 a\u00f1os; un autom\u00f3vil Fiat Cronos conducido por un hombre de 42 a\u00f1os; un autom\u00f3vil Ford Ka conducido por un hombre de 46 a\u00f1os, acompa\u00f1ado por su esposa, una mujer de 49 y sus hijas de 18 y 14 a\u00f1os, y por \u00faltimo, un cami\u00f3n marca Fiat modelo Cargo 1722 conducido por un hombre de 31 a\u00f1os.<\/p>\n\n\n\n<p><\/p>\n\n\n\n<figure class=\"wp-block-gallery has-nested-images columns-default is-cropped wp-block-gallery-1 is-layout-flex wp-block-gallery-is-layout-flex\">\n<figure class=\"wp-block-image size-large\"><img data-recalc-dims=\"1\" fetchpriority=\"high\" decoding=\"async\" width=\"755\" height=\"735\" data-id=\"95352\" src=\"https:\/\/i0.wp.com\/elregionalvm.com.ar\/noticias-villa-maria\/wp-content\/uploads\/2024\/06\/Choque-multiple-Algodon-3.jpeg?resize=755%2C735&#038;ssl=1\" alt=\"\" class=\"wp-image-95352\" srcset=\"https:\/\/i0.wp.com\/elregionalvm.com.ar\/noticias-villa-maria\/wp-content\/uploads\/2024\/06\/Choque-multiple-Algodon-3.jpeg?w=755&amp;ssl=1 755w, https:\/\/i0.wp.com\/elregionalvm.com.ar\/noticias-villa-maria\/wp-content\/uploads\/2024\/06\/Choque-multiple-Algodon-3.jpeg?resize=300%2C292&amp;ssl=1 300w\" sizes=\"(max-width: 755px) 100vw, 755px\" \/><\/figure>\n\n\n\n<figure class=\"wp-block-image size-large\"><img data-recalc-dims=\"1\" decoding=\"async\" width=\"924\" height=\"900\" data-id=\"95353\" src=\"https:\/\/i0.wp.com\/elregionalvm.com.ar\/noticias-villa-maria\/wp-content\/uploads\/2024\/06\/Choque-multiple-Algodon-2.jpeg?resize=924%2C900&#038;ssl=1\" alt=\"\" class=\"wp-image-95353\" srcset=\"https:\/\/i0.wp.com\/elregionalvm.com.ar\/noticias-villa-maria\/wp-content\/uploads\/2024\/06\/Choque-multiple-Algodon-2.jpeg?w=924&amp;ssl=1 924w, https:\/\/i0.wp.com\/elregionalvm.com.ar\/noticias-villa-maria\/wp-content\/uploads\/2024\/06\/Choque-multiple-Algodon-2.jpeg?resize=300%2C292&amp;ssl=1 300w, https:\/\/i0.wp.com\/elregionalvm.com.ar\/noticias-villa-maria\/wp-content\/uploads\/2024\/06\/Choque-multiple-Algodon-2.jpeg?resize=768%2C748&amp;ssl=1 768w\" sizes=\"(max-width: 924px) 100vw, 924px\" \/><\/figure>\n<\/figure>\n\n\n\n<p><\/p>\n\n\n\n<p>Como consecuencia del siniestro intervino personal m\u00e9dico y con ambulancia local proceden al traslado de los ocupantes del Ford Ka hacia el Hospital Regional Pasteur, donde personal de turno diagnostic\u00f3 \u201dLesiones Leves\u201d para el conductor y sus acompa\u00f1antes.<\/p>\n\n\n\n<p>El resto de los involucrados resultaron sin lesiones, inform\u00f3 la Polic\u00eda.<\/p>\n","protected":false},"excerpt":{"rendered":"<p>Aproximadamente a las 10:30 horas de hoy, se produjo un accidente vial en el km 133 de la ruta nacional 158, en el marco de una espesa neblina en el ambiente. Por causas a establecer, colisionaron un cami\u00f3n marca Fiat modelo cargo 1722, conducido por un hombre de 31 a\u00f1os, acompa\u00f1ado por otro hombre de [&hellip;]<\/p>\n","protected":false},"author":4,"featured_media":95351,"comment_status":"open","ping_status":"open","sticky":false,"template":"","format":"standard","meta":{"site-sidebar-layout":"default","site-content-layout":"","ast-site-content-layout":"default","site-content-style":"default","site-sidebar-style":"default","ast-global-header-display":"","ast-banner-title-visibility":"","ast-main-header-display":"","ast-hfb-above-header-display":"","ast-hfb-below-header-display":"","ast-hfb-mobile-header-display":"","site-post-title":"","ast-breadcrumbs-content":"","ast-featured-img":"","footer-sml-layout":"","ast-disable-related-posts":"","theme-transparent-header-meta":"","adv-header-id-meta":"","stick-header-meta":"","header-above-stick-meta":"","header-main-stick-meta":"","header-below-stick-meta":"","astra-migrate-meta-layouts":"set","ast-page-background-enabled":"default","ast-page-background-meta":{"desktop":{"background-color":"","background-image":"","background-repeat":"repeat","background-position":"center center","background-size":"auto","background-attachment":"scroll","background-type":"","background-media":"","overlay-type":"","overlay-color":"","overlay-opacity":"","overlay-gradient":""},"tablet":{"background-color":"","background-image":"","background-repeat":"repeat","background-position":"center center","background-size":"auto","background-attachment":"scroll","background-type":"","background-media":"","overlay-type":"","overlay-color":"","overlay-opacity":"","overlay-gradient":""},"mobile":{"background-color":"","background-image":"","background-repeat":"repeat","background-position":"center center","background-size":"auto","background-attachment":"scroll","background-type":"","background-media":"","overlay-type":"","overlay-color":"","overlay-opacity":"","overlay-gradient":""}},"ast-content-background-meta":{"desktop":{"background-color":"var(--ast-global-color-5)","background-image":"","background-repeat":"repeat","background-position":"center center","background-size":"auto","background-attachment":"scroll","background-type":"","background-media":"","overlay-type":"","overlay-color":"","overlay-opacity":"","overlay-gradient":""},"tablet":{"background-color":"var(--ast-global-color-5)","background-image":"","background-repeat":"repeat","background-position":"center center","background-size":"auto","background-attachment":"scroll","background-type":"","background-media":"","overlay-type":"","overlay-color":"","overlay-opacity":"","overlay-gradient":""},"mobile":{"background-color":"var(--ast-global-color-5)","background-image":"","background-repeat":"repeat","background-position":"center center","background-size":"auto","background-attachment":"scroll","background-type":"","background-media":"","overlay-type":"","overlay-color":"","overlay-opacity":"","overlay-gradient":""}},"_jetpack_memberships_contains_paid_content":false,"_joinchat":[],"footnotes":""},"categories":[15302,2234,2091],"tags":[2299,128,2709,6914,4834,4835,783],"class_list":["post-95349","post","type-post","status-publish","format-standard","has-post-thumbnail","hentry","category-destacado","category-policiales","category-region","tag-accidente","tag-arroyo-algodon","tag-camion","tag-camion-aplasto-auto","tag-choque-multiple","tag-heridos-leves","tag-ruta-158"],"yoast_head":"<!-- This site is optimized with the Yoast SEO plugin v26.8 - https:\/\/yoast.com\/product\/yoast-seo-wordpress\/ -->\n<title>Choque m\u00faltiple en la ruta 158, en Arroyo Algod\u00f3n: Heridos con lesiones leves - El Regional<\/title>\n<meta name=\"robots\" content=\"index, follow, max-snippet:-1, max-image-preview:large, max-video-preview:-1\" \/>\n<link rel=\"canonical\" href=\"https:\/\/elregionalvm.com.ar\/noticias-villa-maria\/choque-multiple-en-la-ruta-158-en-arroyo-algodon-heridos-con-lesiones-leves\/\" \/>\n<meta property=\"og:locale\" content=\"es_ES\" \/>\n<meta property=\"og:type\" content=\"article\" \/>\n<meta property=\"og:title\" content=\"Choque m\u00faltiple en la ruta 158, en Arroyo Algod\u00f3n: Heridos con lesiones leves - El Regional\" \/>\n<meta property=\"og:description\" content=\"Aproximadamente a las 10:30 horas de hoy, se produjo un accidente vial en el km 133 de la ruta nacional 158, en el marco de una espesa neblina en el ambiente. Por causas a establecer, colisionaron un cami\u00f3n marca Fiat modelo cargo 1722, conducido por un hombre de 31 a\u00f1os, acompa\u00f1ado por otro hombre de [&hellip;]\" \/>\n<meta property=\"og:url\" content=\"https:\/\/elregionalvm.com.ar\/noticias-villa-maria\/choque-multiple-en-la-ruta-158-en-arroyo-algodon-heridos-con-lesiones-leves\/\" \/>\n<meta property=\"og:site_name\" content=\"El Regional\" \/>\n<meta property=\"article:publisher\" content=\"https:\/\/www.facebook.com\/elregionalvm\" \/>\n<meta property=\"article:published_time\" content=\"2024-06-22T04:59:39+00:00\" \/>\n<meta property=\"article:modified_time\" content=\"2024-06-22T04:59:47+00:00\" \/>\n<meta property=\"og:image\" content=\"https:\/\/elregionalvm.com.ar\/noticias-villa-maria\/wp-content\/uploads\/2024\/06\/Choque-multiple-Algodon.jpeg\" \/>\n\t<meta property=\"og:image:width\" content=\"828\" \/>\n\t<meta property=\"og:image:height\" content=\"807\" \/>\n\t<meta property=\"og:image:type\" content=\"image\/jpeg\" \/>\n<meta name=\"author\" content=\"Contenidos El Regional\" \/>\n<meta name=\"twitter:card\" content=\"summary_large_image\" \/>\n<meta name=\"twitter:creator\" content=\"@elregionalvm1\" \/>\n<meta name=\"twitter:site\" content=\"@elregionalvm1\" \/>\n<meta name=\"twitter:label1\" content=\"Escrito por\" \/>\n\t<meta name=\"twitter:data1\" content=\"Contenidos El Regional\" \/>\n\t<meta name=\"twitter:label2\" content=\"Tiempo de lectura\" \/>\n\t<meta name=\"twitter:data2\" content=\"2 minutos\" \/>\n<script type=\"application\/ld+json\" class=\"yoast-schema-graph\">{\"@context\":\"https:\/\/schema.org\",\"@graph\":[{\"@type\":\"Article\",\"@id\":\"https:\/\/elregionalvm.com.ar\/noticias-villa-maria\/choque-multiple-en-la-ruta-158-en-arroyo-algodon-heridos-con-lesiones-leves\/#article\",\"isPartOf\":{\"@id\":\"https:\/\/elregionalvm.com.ar\/noticias-villa-maria\/choque-multiple-en-la-ruta-158-en-arroyo-algodon-heridos-con-lesiones-leves\/\"},\"author\":{\"name\":\"Contenidos El Regional\",\"@id\":\"http:\/\/elregionalvm.com.ar\/noticias-villa-maria\/#\/schema\/person\/a0fb9c422317faca23d50163151bc354\"},\"headline\":\"Choque m\u00faltiple en la ruta 158, en Arroyo Algod\u00f3n: Heridos con lesiones leves\",\"datePublished\":\"2024-06-22T04:59:39+00:00\",\"dateModified\":\"2024-06-22T04:59:47+00:00\",\"mainEntityOfPage\":{\"@id\":\"https:\/\/elregionalvm.com.ar\/noticias-villa-maria\/choque-multiple-en-la-ruta-158-en-arroyo-algodon-heridos-con-lesiones-leves\/\"},\"wordCount\":177,\"commentCount\":0,\"image\":{\"@id\":\"https:\/\/elregionalvm.com.ar\/noticias-villa-maria\/choque-multiple-en-la-ruta-158-en-arroyo-algodon-heridos-con-lesiones-leves\/#primaryimage\"},\"thumbnailUrl\":\"https:\/\/i0.wp.com\/elregionalvm.com.ar\/noticias-villa-maria\/wp-content\/uploads\/2024\/06\/Choque-multiple-Algodon.jpeg?fit=828%2C807&ssl=1\",\"keywords\":[\"accidente\",\"Arroyo Algod\u00f3n\",\"cami\u00f3n\",\"cami\u00f3n aplast\u00f3 auto\",\"choque m\u00faltiple\",\"heridos leves\",\"Ruta 158\"],\"articleSection\":[\"destacado\",\"Policiales\",\"Regi\u00f3n\"],\"inLanguage\":\"es\",\"potentialAction\":[{\"@type\":\"CommentAction\",\"name\":\"Comment\",\"target\":[\"https:\/\/elregionalvm.com.ar\/noticias-villa-maria\/choque-multiple-en-la-ruta-158-en-arroyo-algodon-heridos-con-lesiones-leves\/#respond\"]}]},{\"@type\":\"WebPage\",\"@id\":\"https:\/\/elregionalvm.com.ar\/noticias-villa-maria\/choque-multiple-en-la-ruta-158-en-arroyo-algodon-heridos-con-lesiones-leves\/\",\"url\":\"https:\/\/elregionalvm.com.ar\/noticias-villa-maria\/choque-multiple-en-la-ruta-158-en-arroyo-algodon-heridos-con-lesiones-leves\/\",\"name\":\"Choque m\u00faltiple en la ruta 158, en Arroyo Algod\u00f3n: Heridos con lesiones leves - El Regional\",\"isPartOf\":{\"@id\":\"http:\/\/elregionalvm.com.ar\/noticias-villa-maria\/#website\"},\"primaryImageOfPage\":{\"@id\":\"https:\/\/elregionalvm.com.ar\/noticias-villa-maria\/choque-multiple-en-la-ruta-158-en-arroyo-algodon-heridos-con-lesiones-leves\/#primaryimage\"},\"image\":{\"@id\":\"https:\/\/elregionalvm.com.ar\/noticias-villa-maria\/choque-multiple-en-la-ruta-158-en-arroyo-algodon-heridos-con-lesiones-leves\/#primaryimage\"},\"thumbnailUrl\":\"https:\/\/i0.wp.com\/elregionalvm.com.ar\/noticias-villa-maria\/wp-content\/uploads\/2024\/06\/Choque-multiple-Algodon.jpeg?fit=828%2C807&ssl=1\",\"datePublished\":\"2024-06-22T04:59:39+00:00\",\"dateModified\":\"2024-06-22T04:59:47+00:00\",\"author\":{\"@id\":\"http:\/\/elregionalvm.com.ar\/noticias-villa-maria\/#\/schema\/person\/a0fb9c422317faca23d50163151bc354\"},\"breadcrumb\":{\"@id\":\"https:\/\/elregionalvm.com.ar\/noticias-villa-maria\/choque-multiple-en-la-ruta-158-en-arroyo-algodon-heridos-con-lesiones-leves\/#breadcrumb\"},\"inLanguage\":\"es\",\"potentialAction\":[{\"@type\":\"ReadAction\",\"target\":[\"https:\/\/elregionalvm.com.ar\/noticias-villa-maria\/choque-multiple-en-la-ruta-158-en-arroyo-algodon-heridos-con-lesiones-leves\/\"]}]},{\"@type\":\"ImageObject\",\"inLanguage\":\"es\",\"@id\":\"https:\/\/elregionalvm.com.ar\/noticias-villa-maria\/choque-multiple-en-la-ruta-158-en-arroyo-algodon-heridos-con-lesiones-leves\/#primaryimage\",\"url\":\"https:\/\/i0.wp.com\/elregionalvm.com.ar\/noticias-villa-maria\/wp-content\/uploads\/2024\/06\/Choque-multiple-Algodon.jpeg?fit=828%2C807&ssl=1\",\"contentUrl\":\"https:\/\/i0.wp.com\/elregionalvm.com.ar\/noticias-villa-maria\/wp-content\/uploads\/2024\/06\/Choque-multiple-Algodon.jpeg?fit=828%2C807&ssl=1\",\"width\":828,\"height\":807},{\"@type\":\"BreadcrumbList\",\"@id\":\"https:\/\/elregionalvm.com.ar\/noticias-villa-maria\/choque-multiple-en-la-ruta-158-en-arroyo-algodon-heridos-con-lesiones-leves\/#breadcrumb\",\"itemListElement\":[{\"@type\":\"ListItem\",\"position\":1,\"name\":\"Portada\",\"item\":\"https:\/\/elregionalvm.com.ar\/noticias-villa-maria\/\"},{\"@type\":\"ListItem\",\"position\":2,\"name\":\"Choque m\u00faltiple en la ruta 158, en Arroyo Algod\u00f3n: Heridos con lesiones leves\"}]},{\"@type\":\"WebSite\",\"@id\":\"http:\/\/elregionalvm.com.ar\/noticias-villa-maria\/#website\",\"url\":\"http:\/\/elregionalvm.com.ar\/noticias-villa-maria\/\",\"name\":\"El Regional\",\"description\":\"Mucho m\u00e1s que informaci\u00f3n\",\"potentialAction\":[{\"@type\":\"SearchAction\",\"target\":{\"@type\":\"EntryPoint\",\"urlTemplate\":\"http:\/\/elregionalvm.com.ar\/noticias-villa-maria\/?s={search_term_string}\"},\"query-input\":{\"@type\":\"PropertyValueSpecification\",\"valueRequired\":true,\"valueName\":\"search_term_string\"}}],\"inLanguage\":\"es\"},{\"@type\":\"Person\",\"@id\":\"http:\/\/elregionalvm.com.ar\/noticias-villa-maria\/#\/schema\/person\/a0fb9c422317faca23d50163151bc354\",\"name\":\"Contenidos El Regional\",\"image\":{\"@type\":\"ImageObject\",\"inLanguage\":\"es\",\"@id\":\"http:\/\/elregionalvm.com.ar\/noticias-villa-maria\/#\/schema\/person\/image\/\",\"url\":\"https:\/\/secure.gravatar.com\/avatar\/265b27cb2209af7bb3a1318f03305787d7981a5cc6e6cd08fe5a4ecdf99d4b48?s=96&d=mm&r=g\",\"contentUrl\":\"https:\/\/secure.gravatar.com\/avatar\/265b27cb2209af7bb3a1318f03305787d7981a5cc6e6cd08fe5a4ecdf99d4b48?s=96&d=mm&r=g\",\"caption\":\"Contenidos El Regional\"},\"url\":\"https:\/\/elregionalvm.com.ar\/noticias-villa-maria\/author\/contenido\/\"}]}<\/script>\n<!-- \/ Yoast SEO plugin. -->","yoast_head_json":{"title":"Choque m\u00faltiple en la ruta 158, en Arroyo Algod\u00f3n: Heridos con lesiones leves - El Regional","robots":{"index":"index","follow":"follow","max-snippet":"max-snippet:-1","max-image-preview":"max-image-preview:large","max-video-preview":"max-video-preview:-1"},"canonical":"https:\/\/elregionalvm.com.ar\/noticias-villa-maria\/choque-multiple-en-la-ruta-158-en-arroyo-algodon-heridos-con-lesiones-leves\/","og_locale":"es_ES","og_type":"article","og_title":"Choque m\u00faltiple en la ruta 158, en Arroyo Algod\u00f3n: Heridos con lesiones leves - El Regional","og_description":"Aproximadamente a las 10:30 horas de hoy, se produjo un accidente vial en el km 133 de la ruta nacional 158, en el marco de una espesa neblina en el ambiente. Por causas a establecer, colisionaron un cami\u00f3n marca Fiat modelo cargo 1722, conducido por un hombre de 31 a\u00f1os, acompa\u00f1ado por otro hombre de [&hellip;]","og_url":"https:\/\/elregionalvm.com.ar\/noticias-villa-maria\/choque-multiple-en-la-ruta-158-en-arroyo-algodon-heridos-con-lesiones-leves\/","og_site_name":"El Regional","article_publisher":"https:\/\/www.facebook.com\/elregionalvm","article_published_time":"2024-06-22T04:59:39+00:00","article_modified_time":"2024-06-22T04:59:47+00:00","og_image":[{"width":828,"height":807,"url":"https:\/\/elregionalvm.com.ar\/noticias-villa-maria\/wp-content\/uploads\/2024\/06\/Choque-multiple-Algodon.jpeg","type":"image\/jpeg"}],"author":"Contenidos El Regional","twitter_card":"summary_large_image","twitter_creator":"@elregionalvm1","twitter_site":"@elregionalvm1","twitter_misc":{"Escrito por":"Contenidos El Regional","Tiempo de lectura":"2 minutos"},"schema":{"@context":"https:\/\/schema.org","@graph":[{"@type":"Article","@id":"https:\/\/elregionalvm.com.ar\/noticias-villa-maria\/choque-multiple-en-la-ruta-158-en-arroyo-algodon-heridos-con-lesiones-leves\/#article","isPartOf":{"@id":"https:\/\/elregionalvm.com.ar\/noticias-villa-maria\/choque-multiple-en-la-ruta-158-en-arroyo-algodon-heridos-con-lesiones-leves\/"},"author":{"name":"Contenidos El Regional","@id":"http:\/\/elregionalvm.com.ar\/noticias-villa-maria\/#\/schema\/person\/a0fb9c422317faca23d50163151bc354"},"headline":"Choque m\u00faltiple en la ruta 158, en Arroyo Algod\u00f3n: Heridos con lesiones leves","datePublished":"2024-06-22T04:59:39+00:00","dateModified":"2024-06-22T04:59:47+00:00","mainEntityOfPage":{"@id":"https:\/\/elregionalvm.com.ar\/noticias-villa-maria\/choque-multiple-en-la-ruta-158-en-arroyo-algodon-heridos-con-lesiones-leves\/"},"wordCount":177,"commentCount":0,"image":{"@id":"https:\/\/elregionalvm.com.ar\/noticias-villa-maria\/choque-multiple-en-la-ruta-158-en-arroyo-algodon-heridos-con-lesiones-leves\/#primaryimage"},"thumbnailUrl":"https:\/\/i0.wp.com\/elregionalvm.com.ar\/noticias-villa-maria\/wp-content\/uploads\/2024\/06\/Choque-multiple-Algodon.jpeg?fit=828%2C807&ssl=1","keywords":["accidente","Arroyo Algod\u00f3n","cami\u00f3n","cami\u00f3n aplast\u00f3 auto","choque m\u00faltiple","heridos leves","Ruta 158"],"articleSection":["destacado","Policiales","Regi\u00f3n"],"inLanguage":"es","potentialAction":[{"@type":"CommentAction","name":"Comment","target":["https:\/\/elregionalvm.com.ar\/noticias-villa-maria\/choque-multiple-en-la-ruta-158-en-arroyo-algodon-heridos-con-lesiones-leves\/#respond"]}]},{"@type":"WebPage","@id":"https:\/\/elregionalvm.com.ar\/noticias-villa-maria\/choque-multiple-en-la-ruta-158-en-arroyo-algodon-heridos-con-lesiones-leves\/","url":"https:\/\/elregionalvm.com.ar\/noticias-villa-maria\/choque-multiple-en-la-ruta-158-en-arroyo-algodon-heridos-con-lesiones-leves\/","name":"Choque m\u00faltiple en la ruta 158, en Arroyo Algod\u00f3n: Heridos con lesiones leves - El Regional","isPartOf":{"@id":"http:\/\/elregionalvm.com.ar\/noticias-villa-maria\/#website"},"primaryImageOfPage":{"@id":"https:\/\/elregionalvm.com.ar\/noticias-villa-maria\/choque-multiple-en-la-ruta-158-en-arroyo-algodon-heridos-con-lesiones-leves\/#primaryimage"},"image":{"@id":"https:\/\/elregionalvm.com.ar\/noticias-villa-maria\/choque-multiple-en-la-ruta-158-en-arroyo-algodon-heridos-con-lesiones-leves\/#primaryimage"},"thumbnailUrl":"https:\/\/i0.wp.com\/elregionalvm.com.ar\/noticias-villa-maria\/wp-content\/uploads\/2024\/06\/Choque-multiple-Algodon.jpeg?fit=828%2C807&ssl=1","datePublished":"2024-06-22T04:59:39+00:00","dateModified":"2024-06-22T04:59:47+00:00","author":{"@id":"http:\/\/elregionalvm.com.ar\/noticias-villa-maria\/#\/schema\/person\/a0fb9c422317faca23d50163151bc354"},"breadcrumb":{"@id":"https:\/\/elregionalvm.com.ar\/noticias-villa-maria\/choque-multiple-en-la-ruta-158-en-arroyo-algodon-heridos-con-lesiones-leves\/#breadcrumb"},"inLanguage":"es","potentialAction":[{"@type":"ReadAction","target":["https:\/\/elregionalvm.com.ar\/noticias-villa-maria\/choque-multiple-en-la-ruta-158-en-arroyo-algodon-heridos-con-lesiones-leves\/"]}]},{"@type":"ImageObject","inLanguage":"es","@id":"https:\/\/elregionalvm.com.ar\/noticias-villa-maria\/choque-multiple-en-la-ruta-158-en-arroyo-algodon-heridos-con-lesiones-leves\/#primaryimage","url":"https:\/\/i0.wp.com\/elregionalvm.com.ar\/noticias-villa-maria\/wp-content\/uploads\/2024\/06\/Choque-multiple-Algodon.jpeg?fit=828%2C807&ssl=1","contentUrl":"https:\/\/i0.wp.com\/elregionalvm.com.ar\/noticias-villa-maria\/wp-content\/uploads\/2024\/06\/Choque-multiple-Algodon.jpeg?fit=828%2C807&ssl=1","width":828,"height":807},{"@type":"BreadcrumbList","@id":"https:\/\/elregionalvm.com.ar\/noticias-villa-maria\/choque-multiple-en-la-ruta-158-en-arroyo-algodon-heridos-con-lesiones-leves\/#breadcrumb","itemListElement":[{"@type":"ListItem","position":1,"name":"Portada","item":"https:\/\/elregionalvm.com.ar\/noticias-villa-maria\/"},{"@type":"ListItem","position":2,"name":"Choque m\u00faltiple en la ruta 158, en Arroyo Algod\u00f3n: Heridos con lesiones leves"}]},{"@type":"WebSite","@id":"http:\/\/elregionalvm.com.ar\/noticias-villa-maria\/#website","url":"http:\/\/elregionalvm.com.ar\/noticias-villa-maria\/","name":"El Regional","description":"Mucho m\u00e1s que informaci\u00f3n","potentialAction":[{"@type":"SearchAction","target":{"@type":"EntryPoint","urlTemplate":"http:\/\/elregionalvm.com.ar\/noticias-villa-maria\/?s={search_term_string}"},"query-input":{"@type":"PropertyValueSpecification","valueRequired":true,"valueName":"search_term_string"}}],"inLanguage":"es"},{"@type":"Person","@id":"http:\/\/elregionalvm.com.ar\/noticias-villa-maria\/#\/schema\/person\/a0fb9c422317faca23d50163151bc354","name":"Contenidos El Regional","image":{"@type":"ImageObject","inLanguage":"es","@id":"http:\/\/elregionalvm.com.ar\/noticias-villa-maria\/#\/schema\/person\/image\/","url":"https:\/\/secure.gravatar.com\/avatar\/265b27cb2209af7bb3a1318f03305787d7981a5cc6e6cd08fe5a4ecdf99d4b48?s=96&d=mm&r=g","contentUrl":"https:\/\/secure.gravatar.com\/avatar\/265b27cb2209af7bb3a1318f03305787d7981a5cc6e6cd08fe5a4ecdf99d4b48?s=96&d=mm&r=g","caption":"Contenidos El Regional"},"url":"https:\/\/elregionalvm.com.ar\/noticias-villa-maria\/author\/contenido\/"}]}},"jetpack_featured_media_url":"https:\/\/i0.wp.com\/elregionalvm.com.ar\/noticias-villa-maria\/wp-content\/uploads\/2024\/06\/Choque-multiple-Algodon.jpeg?fit=828%2C807&ssl=1","jetpack_sharing_enabled":true,"_links":{"self":[{"href":"https:\/\/elregionalvm.com.ar\/noticias-villa-maria\/wp-json\/wp\/v2\/posts\/95349","targetHints":{"allow":["GET"]}}],"collection":[{"href":"https:\/\/elregionalvm.com.ar\/noticias-villa-maria\/wp-json\/wp\/v2\/posts"}],"about":[{"href":"https:\/\/elregionalvm.com.ar\/noticias-villa-maria\/wp-json\/wp\/v2\/types\/post"}],"author":[{"embeddable":true,"href":"https:\/\/elregionalvm.com.ar\/noticias-villa-maria\/wp-json\/wp\/v2\/users\/4"}],"replies":[{"embeddable":true,"href":"https:\/\/elregionalvm.com.ar\/noticias-villa-maria\/wp-json\/wp\/v2\/comments?post=95349"}],"version-history":[{"count":2,"href":"https:\/\/elregionalvm.com.ar\/noticias-villa-maria\/wp-json\/wp\/v2\/posts\/95349\/revisions"}],"predecessor-version":[{"id":95354,"href":"https:\/\/elregionalvm.com.ar\/noticias-villa-maria\/wp-json\/wp\/v2\/posts\/95349\/revisions\/95354"}],"wp:featuredmedia":[{"embeddable":true,"href":"https:\/\/elregionalvm.com.ar\/noticias-villa-maria\/wp-json\/wp\/v2\/media\/95351"}],"wp:attachment":[{"href":"https:\/\/elregionalvm.com.ar\/noticias-villa-maria\/wp-json\/wp\/v2\/media?parent=95349"}],"wp:term":[{"taxonomy":"category","embeddable":true,"href":"https:\/\/elregionalvm.com.ar\/noticias-villa-maria\/wp-json\/wp\/v2\/categories?post=95349"},{"taxonomy":"post_tag","embeddable":true,"href":"https:\/\/elregionalvm.com.ar\/noticias-villa-maria\/wp-json\/wp\/v2\/tags?post=95349"}],"curies":[{"name":"wp","href":"https:\/\/api.w.org\/{rel}","templated":true}]}}