{"id":95358,"date":"2024-06-22T05:27:03","date_gmt":"2024-06-22T05:27:03","guid":{"rendered":"https:\/\/elregionalvm.com.ar\/noticias-villa-maria\/?p=95358"},"modified":"2024-06-22T05:27:04","modified_gmt":"2024-06-22T05:27:04","slug":"ausonia-y-la-palestina-recibieron-nuevos-moviles-policiales","status":"publish","type":"post","link":"https:\/\/elregionalvm.com.ar\/noticias-villa-maria\/ausonia-y-la-palestina-recibieron-nuevos-moviles-policiales\/","title":{"rendered":"Ausonia y La Palestina recibieron nuevos m\u00f3viles policiales"},"content":{"rendered":"\n<p>En el marco de entrega de nuevos m\u00f3viles policiales para los departamentos R\u00edo Segundo y San Mart\u00edn, ambas localidades recibieron camionetas 4\u00d72 equipadas con tecnolog\u00eda de \u00faltima generaci\u00f3n para reforzar las tareas preventivas y de vigilancia.<\/p>\n\n\n\n<p>Los intendentes de Ausonia, Nicol\u00e1s Morellato (foto principal), y de La Palestina, Mayco Becco, participaron del acto de entrega de siete veh\u00edculos encabezado por el gobernador Mart\u00edn Llaryora.<\/p>\n\n\n\n<p>Estas unidades son parte del plan de inversiones que el Gobierno de la Provincia de C\u00f3rdoba realiza para dotar a las fuerzas de seguridad de m\u00e1s y mejores herramientas.<\/p>\n\n\n\n<p>Al respecto, el gobernador se\u00f1al\u00f3: \u201cPara nosotros es muy importante reforzar la seguridad. En esta entrega es una inversi\u00f3n superior a los 300 millones de pesos\u201d.<\/p>\n\n\n\n<p><\/p>\n\n\n\n<figure class=\"wp-block-image size-full\"><img data-recalc-dims=\"1\" fetchpriority=\"high\" decoding=\"async\" width=\"1024\" height=\"717\" src=\"https:\/\/i0.wp.com\/elregionalvm.com.ar\/noticias-villa-maria\/wp-content\/uploads\/2024\/06\/Llaryora-moviles-rio-segundo-entrega.jpeg?resize=1024%2C717&#038;ssl=1\" alt=\"\" class=\"wp-image-95360\" srcset=\"https:\/\/i0.wp.com\/elregionalvm.com.ar\/noticias-villa-maria\/wp-content\/uploads\/2024\/06\/Llaryora-moviles-rio-segundo-entrega.jpeg?w=1024&amp;ssl=1 1024w, https:\/\/i0.wp.com\/elregionalvm.com.ar\/noticias-villa-maria\/wp-content\/uploads\/2024\/06\/Llaryora-moviles-rio-segundo-entrega.jpeg?resize=300%2C210&amp;ssl=1 300w, https:\/\/i0.wp.com\/elregionalvm.com.ar\/noticias-villa-maria\/wp-content\/uploads\/2024\/06\/Llaryora-moviles-rio-segundo-entrega.jpeg?resize=768%2C538&amp;ssl=1 768w\" sizes=\"(max-width: 1000px) 100vw, 1000px\" \/><\/figure>\n\n\n\n<p><\/p>\n\n\n\n<p>El mandatario explic\u00f3 que se trata de \u201ccamionetas de \u00faltima generaci\u00f3n con todos los elementos necesarios para poder patrullar la ciudad y la zona rural\u201d.<\/p>\n\n\n\n<p>\u201cEs un trabajo arduo de d\u00eda a d\u00eda, pero en esta circunstancia tan dif\u00edcil del pa\u00eds, la Provincia hace el esfuerzo econ\u00f3mico para que nuestra fuerza de seguridad, tanto la local como la provincial, tengan todo el equipamiento pertinente\u201d consider\u00f3 Llaryora.<\/p>\n","protected":false},"excerpt":{"rendered":"<p>En el marco de entrega de nuevos m\u00f3viles policiales para los departamentos R\u00edo Segundo y San Mart\u00edn, ambas localidades recibieron camionetas 4\u00d72 equipadas con tecnolog\u00eda de \u00faltima generaci\u00f3n para reforzar las tareas preventivas y de vigilancia. Los intendentes de Ausonia, Nicol\u00e1s Morellato (foto principal), y de La Palestina, Mayco Becco, participaron del acto de entrega [&hellip;]<\/p>\n","protected":false},"author":4,"featured_media":95361,"comment_status":"open","ping_status":"open","sticky":false,"template":"","format":"standard","meta":{"site-sidebar-layout":"default","site-content-layout":"","ast-site-content-layout":"default","site-content-style":"default","site-sidebar-style":"default","ast-global-header-display":"","ast-banner-title-visibility":"","ast-main-header-display":"","ast-hfb-above-header-display":"","ast-hfb-below-header-display":"","ast-hfb-mobile-header-display":"","site-post-title":"","ast-breadcrumbs-content":"","ast-featured-img":"","footer-sml-layout":"","ast-disable-related-posts":"","theme-transparent-header-meta":"","adv-header-id-meta":"","stick-header-meta":"","header-above-stick-meta":"","header-main-stick-meta":"","header-below-stick-meta":"","astra-migrate-meta-layouts":"set","ast-page-background-enabled":"default","ast-page-background-meta":{"desktop":{"background-color":"","background-image":"","background-repeat":"repeat","background-position":"center center","background-size":"auto","background-attachment":"scroll","background-type":"","background-media":"","overlay-type":"","overlay-color":"","overlay-opacity":"","overlay-gradient":""},"tablet":{"background-color":"","background-image":"","background-repeat":"repeat","background-position":"center center","background-size":"auto","background-attachment":"scroll","background-type":"","background-media":"","overlay-type":"","overlay-color":"","overlay-opacity":"","overlay-gradient":""},"mobile":{"background-color":"","background-image":"","background-repeat":"repeat","background-position":"center center","background-size":"auto","background-attachment":"scroll","background-type":"","background-media":"","overlay-type":"","overlay-color":"","overlay-opacity":"","overlay-gradient":""}},"ast-content-background-meta":{"desktop":{"background-color":"var(--ast-global-color-5)","background-image":"","background-repeat":"repeat","background-position":"center center","background-size":"auto","background-attachment":"scroll","background-type":"","background-media":"","overlay-type":"","overlay-color":"","overlay-opacity":"","overlay-gradient":""},"tablet":{"background-color":"var(--ast-global-color-5)","background-image":"","background-repeat":"repeat","background-position":"center center","background-size":"auto","background-attachment":"scroll","background-type":"","background-media":"","overlay-type":"","overlay-color":"","overlay-opacity":"","overlay-gradient":""},"mobile":{"background-color":"var(--ast-global-color-5)","background-image":"","background-repeat":"repeat","background-position":"center center","background-size":"auto","background-attachment":"scroll","background-type":"","background-media":"","overlay-type":"","overlay-color":"","overlay-opacity":"","overlay-gradient":""}},"_jetpack_memberships_contains_paid_content":false,"_joinchat":[],"footnotes":""},"categories":[15302,2234,2091],"tags":[1519,1879,131,17515,23434,24118,23840,353],"class_list":["post-95358","post","type-post","status-publish","format-standard","has-post-thumbnail","hentry","category-destacado","category-policiales","category-region","tag-ausonia","tag-entrega","tag-la-palestina","tag-llaryora","tag-mayco-becco","tag-moviles-policiales","tag-nicolas-morellato","tag-policia"],"yoast_head":"<!-- This site is optimized with the Yoast SEO plugin v26.8 - https:\/\/yoast.com\/product\/yoast-seo-wordpress\/ -->\n<title>Ausonia y La Palestina recibieron nuevos m\u00f3viles policiales - El Regional<\/title>\n<meta name=\"robots\" content=\"index, follow, max-snippet:-1, max-image-preview:large, max-video-preview:-1\" \/>\n<link rel=\"canonical\" href=\"https:\/\/elregionalvm.com.ar\/noticias-villa-maria\/ausonia-y-la-palestina-recibieron-nuevos-moviles-policiales\/\" \/>\n<meta property=\"og:locale\" content=\"es_ES\" \/>\n<meta property=\"og:type\" content=\"article\" \/>\n<meta property=\"og:title\" content=\"Ausonia y La Palestina recibieron nuevos m\u00f3viles policiales - El Regional\" \/>\n<meta property=\"og:description\" content=\"En el marco de entrega de nuevos m\u00f3viles policiales para los departamentos R\u00edo Segundo y San Mart\u00edn, ambas localidades recibieron camionetas 4\u00d72 equipadas con tecnolog\u00eda de \u00faltima generaci\u00f3n para reforzar las tareas preventivas y de vigilancia. Los intendentes de Ausonia, Nicol\u00e1s Morellato (foto principal), y de La Palestina, Mayco Becco, participaron del acto de entrega [&hellip;]\" \/>\n<meta property=\"og:url\" content=\"https:\/\/elregionalvm.com.ar\/noticias-villa-maria\/ausonia-y-la-palestina-recibieron-nuevos-moviles-policiales\/\" \/>\n<meta property=\"og:site_name\" content=\"El Regional\" \/>\n<meta property=\"article:publisher\" content=\"https:\/\/www.facebook.com\/elregionalvm\" \/>\n<meta property=\"article:published_time\" content=\"2024-06-22T05:27:03+00:00\" \/>\n<meta property=\"article:modified_time\" content=\"2024-06-22T05:27:04+00:00\" \/>\n<meta property=\"og:image\" content=\"https:\/\/elregionalvm.com.ar\/noticias-villa-maria\/wp-content\/uploads\/2024\/06\/Ausonia-nuevo-movil-policial-2024.jpg\" \/>\n\t<meta property=\"og:image:width\" content=\"1080\" \/>\n\t<meta property=\"og:image:height\" content=\"881\" \/>\n\t<meta property=\"og:image:type\" content=\"image\/jpeg\" \/>\n<meta name=\"author\" content=\"Contenidos El Regional\" \/>\n<meta name=\"twitter:card\" content=\"summary_large_image\" \/>\n<meta name=\"twitter:creator\" content=\"@elregionalvm1\" \/>\n<meta name=\"twitter:site\" content=\"@elregionalvm1\" \/>\n<meta name=\"twitter:label1\" content=\"Escrito por\" \/>\n\t<meta name=\"twitter:data1\" content=\"Contenidos El Regional\" \/>\n\t<meta name=\"twitter:label2\" content=\"Tiempo de lectura\" \/>\n\t<meta name=\"twitter:data2\" content=\"2 minutos\" \/>\n<script type=\"application\/ld+json\" class=\"yoast-schema-graph\">{\"@context\":\"https:\/\/schema.org\",\"@graph\":[{\"@type\":\"Article\",\"@id\":\"https:\/\/elregionalvm.com.ar\/noticias-villa-maria\/ausonia-y-la-palestina-recibieron-nuevos-moviles-policiales\/#article\",\"isPartOf\":{\"@id\":\"https:\/\/elregionalvm.com.ar\/noticias-villa-maria\/ausonia-y-la-palestina-recibieron-nuevos-moviles-policiales\/\"},\"author\":{\"name\":\"Contenidos El Regional\",\"@id\":\"http:\/\/elregionalvm.com.ar\/noticias-villa-maria\/#\/schema\/person\/a0fb9c422317faca23d50163151bc354\"},\"headline\":\"Ausonia y La Palestina recibieron nuevos m\u00f3viles policiales\",\"datePublished\":\"2024-06-22T05:27:03+00:00\",\"dateModified\":\"2024-06-22T05:27:04+00:00\",\"mainEntityOfPage\":{\"@id\":\"https:\/\/elregionalvm.com.ar\/noticias-villa-maria\/ausonia-y-la-palestina-recibieron-nuevos-moviles-policiales\/\"},\"wordCount\":210,\"commentCount\":0,\"image\":{\"@id\":\"https:\/\/elregionalvm.com.ar\/noticias-villa-maria\/ausonia-y-la-palestina-recibieron-nuevos-moviles-policiales\/#primaryimage\"},\"thumbnailUrl\":\"https:\/\/i0.wp.com\/elregionalvm.com.ar\/noticias-villa-maria\/wp-content\/uploads\/2024\/06\/Ausonia-nuevo-movil-policial-2024.jpg?fit=1080%2C881&ssl=1\",\"keywords\":[\"Ausonia\",\"Entrega\",\"La Palestina\",\"Llaryora\",\"Mayco Becco\",\"m\u00f3viles policiales\",\"Nicol\u00e1s Morellato\",\"polic\u00eda\"],\"articleSection\":[\"destacado\",\"Policiales\",\"Regi\u00f3n\"],\"inLanguage\":\"es\",\"potentialAction\":[{\"@type\":\"CommentAction\",\"name\":\"Comment\",\"target\":[\"https:\/\/elregionalvm.com.ar\/noticias-villa-maria\/ausonia-y-la-palestina-recibieron-nuevos-moviles-policiales\/#respond\"]}]},{\"@type\":\"WebPage\",\"@id\":\"https:\/\/elregionalvm.com.ar\/noticias-villa-maria\/ausonia-y-la-palestina-recibieron-nuevos-moviles-policiales\/\",\"url\":\"https:\/\/elregionalvm.com.ar\/noticias-villa-maria\/ausonia-y-la-palestina-recibieron-nuevos-moviles-policiales\/\",\"name\":\"Ausonia y La Palestina recibieron nuevos m\u00f3viles policiales - El Regional\",\"isPartOf\":{\"@id\":\"http:\/\/elregionalvm.com.ar\/noticias-villa-maria\/#website\"},\"primaryImageOfPage\":{\"@id\":\"https:\/\/elregionalvm.com.ar\/noticias-villa-maria\/ausonia-y-la-palestina-recibieron-nuevos-moviles-policiales\/#primaryimage\"},\"image\":{\"@id\":\"https:\/\/elregionalvm.com.ar\/noticias-villa-maria\/ausonia-y-la-palestina-recibieron-nuevos-moviles-policiales\/#primaryimage\"},\"thumbnailUrl\":\"https:\/\/i0.wp.com\/elregionalvm.com.ar\/noticias-villa-maria\/wp-content\/uploads\/2024\/06\/Ausonia-nuevo-movil-policial-2024.jpg?fit=1080%2C881&ssl=1\",\"datePublished\":\"2024-06-22T05:27:03+00:00\",\"dateModified\":\"2024-06-22T05:27:04+00:00\",\"author\":{\"@id\":\"http:\/\/elregionalvm.com.ar\/noticias-villa-maria\/#\/schema\/person\/a0fb9c422317faca23d50163151bc354\"},\"breadcrumb\":{\"@id\":\"https:\/\/elregionalvm.com.ar\/noticias-villa-maria\/ausonia-y-la-palestina-recibieron-nuevos-moviles-policiales\/#breadcrumb\"},\"inLanguage\":\"es\",\"potentialAction\":[{\"@type\":\"ReadAction\",\"target\":[\"https:\/\/elregionalvm.com.ar\/noticias-villa-maria\/ausonia-y-la-palestina-recibieron-nuevos-moviles-policiales\/\"]}]},{\"@type\":\"ImageObject\",\"inLanguage\":\"es\",\"@id\":\"https:\/\/elregionalvm.com.ar\/noticias-villa-maria\/ausonia-y-la-palestina-recibieron-nuevos-moviles-policiales\/#primaryimage\",\"url\":\"https:\/\/i0.wp.com\/elregionalvm.com.ar\/noticias-villa-maria\/wp-content\/uploads\/2024\/06\/Ausonia-nuevo-movil-policial-2024.jpg?fit=1080%2C881&ssl=1\",\"contentUrl\":\"https:\/\/i0.wp.com\/elregionalvm.com.ar\/noticias-villa-maria\/wp-content\/uploads\/2024\/06\/Ausonia-nuevo-movil-policial-2024.jpg?fit=1080%2C881&ssl=1\",\"width\":1080,\"height\":881},{\"@type\":\"BreadcrumbList\",\"@id\":\"https:\/\/elregionalvm.com.ar\/noticias-villa-maria\/ausonia-y-la-palestina-recibieron-nuevos-moviles-policiales\/#breadcrumb\",\"itemListElement\":[{\"@type\":\"ListItem\",\"position\":1,\"name\":\"Portada\",\"item\":\"https:\/\/elregionalvm.com.ar\/noticias-villa-maria\/\"},{\"@type\":\"ListItem\",\"position\":2,\"name\":\"Ausonia y La Palestina recibieron nuevos m\u00f3viles policiales\"}]},{\"@type\":\"WebSite\",\"@id\":\"http:\/\/elregionalvm.com.ar\/noticias-villa-maria\/#website\",\"url\":\"http:\/\/elregionalvm.com.ar\/noticias-villa-maria\/\",\"name\":\"El Regional\",\"description\":\"Mucho m\u00e1s que informaci\u00f3n\",\"potentialAction\":[{\"@type\":\"SearchAction\",\"target\":{\"@type\":\"EntryPoint\",\"urlTemplate\":\"http:\/\/elregionalvm.com.ar\/noticias-villa-maria\/?s={search_term_string}\"},\"query-input\":{\"@type\":\"PropertyValueSpecification\",\"valueRequired\":true,\"valueName\":\"search_term_string\"}}],\"inLanguage\":\"es\"},{\"@type\":\"Person\",\"@id\":\"http:\/\/elregionalvm.com.ar\/noticias-villa-maria\/#\/schema\/person\/a0fb9c422317faca23d50163151bc354\",\"name\":\"Contenidos El Regional\",\"image\":{\"@type\":\"ImageObject\",\"inLanguage\":\"es\",\"@id\":\"http:\/\/elregionalvm.com.ar\/noticias-villa-maria\/#\/schema\/person\/image\/\",\"url\":\"https:\/\/secure.gravatar.com\/avatar\/265b27cb2209af7bb3a1318f03305787d7981a5cc6e6cd08fe5a4ecdf99d4b48?s=96&d=mm&r=g\",\"contentUrl\":\"https:\/\/secure.gravatar.com\/avatar\/265b27cb2209af7bb3a1318f03305787d7981a5cc6e6cd08fe5a4ecdf99d4b48?s=96&d=mm&r=g\",\"caption\":\"Contenidos El Regional\"},\"url\":\"https:\/\/elregionalvm.com.ar\/noticias-villa-maria\/author\/contenido\/\"}]}<\/script>\n<!-- \/ Yoast SEO plugin. -->","yoast_head_json":{"title":"Ausonia y La Palestina recibieron nuevos m\u00f3viles policiales - El Regional","robots":{"index":"index","follow":"follow","max-snippet":"max-snippet:-1","max-image-preview":"max-image-preview:large","max-video-preview":"max-video-preview:-1"},"canonical":"https:\/\/elregionalvm.com.ar\/noticias-villa-maria\/ausonia-y-la-palestina-recibieron-nuevos-moviles-policiales\/","og_locale":"es_ES","og_type":"article","og_title":"Ausonia y La Palestina recibieron nuevos m\u00f3viles policiales - El Regional","og_description":"En el marco de entrega de nuevos m\u00f3viles policiales para los departamentos R\u00edo Segundo y San Mart\u00edn, ambas localidades recibieron camionetas 4\u00d72 equipadas con tecnolog\u00eda de \u00faltima generaci\u00f3n para reforzar las tareas preventivas y de vigilancia. Los intendentes de Ausonia, Nicol\u00e1s Morellato (foto principal), y de La Palestina, Mayco Becco, participaron del acto de entrega [&hellip;]","og_url":"https:\/\/elregionalvm.com.ar\/noticias-villa-maria\/ausonia-y-la-palestina-recibieron-nuevos-moviles-policiales\/","og_site_name":"El Regional","article_publisher":"https:\/\/www.facebook.com\/elregionalvm","article_published_time":"2024-06-22T05:27:03+00:00","article_modified_time":"2024-06-22T05:27:04+00:00","og_image":[{"width":1080,"height":881,"url":"https:\/\/elregionalvm.com.ar\/noticias-villa-maria\/wp-content\/uploads\/2024\/06\/Ausonia-nuevo-movil-policial-2024.jpg","type":"image\/jpeg"}],"author":"Contenidos El Regional","twitter_card":"summary_large_image","twitter_creator":"@elregionalvm1","twitter_site":"@elregionalvm1","twitter_misc":{"Escrito por":"Contenidos El Regional","Tiempo de lectura":"2 minutos"},"schema":{"@context":"https:\/\/schema.org","@graph":[{"@type":"Article","@id":"https:\/\/elregionalvm.com.ar\/noticias-villa-maria\/ausonia-y-la-palestina-recibieron-nuevos-moviles-policiales\/#article","isPartOf":{"@id":"https:\/\/elregionalvm.com.ar\/noticias-villa-maria\/ausonia-y-la-palestina-recibieron-nuevos-moviles-policiales\/"},"author":{"name":"Contenidos El Regional","@id":"http:\/\/elregionalvm.com.ar\/noticias-villa-maria\/#\/schema\/person\/a0fb9c422317faca23d50163151bc354"},"headline":"Ausonia y La Palestina recibieron nuevos m\u00f3viles policiales","datePublished":"2024-06-22T05:27:03+00:00","dateModified":"2024-06-22T05:27:04+00:00","mainEntityOfPage":{"@id":"https:\/\/elregionalvm.com.ar\/noticias-villa-maria\/ausonia-y-la-palestina-recibieron-nuevos-moviles-policiales\/"},"wordCount":210,"commentCount":0,"image":{"@id":"https:\/\/elregionalvm.com.ar\/noticias-villa-maria\/ausonia-y-la-palestina-recibieron-nuevos-moviles-policiales\/#primaryimage"},"thumbnailUrl":"https:\/\/i0.wp.com\/elregionalvm.com.ar\/noticias-villa-maria\/wp-content\/uploads\/2024\/06\/Ausonia-nuevo-movil-policial-2024.jpg?fit=1080%2C881&ssl=1","keywords":["Ausonia","Entrega","La Palestina","Llaryora","Mayco Becco","m\u00f3viles policiales","Nicol\u00e1s Morellato","polic\u00eda"],"articleSection":["destacado","Policiales","Regi\u00f3n"],"inLanguage":"es","potentialAction":[{"@type":"CommentAction","name":"Comment","target":["https:\/\/elregionalvm.com.ar\/noticias-villa-maria\/ausonia-y-la-palestina-recibieron-nuevos-moviles-policiales\/#respond"]}]},{"@type":"WebPage","@id":"https:\/\/elregionalvm.com.ar\/noticias-villa-maria\/ausonia-y-la-palestina-recibieron-nuevos-moviles-policiales\/","url":"https:\/\/elregionalvm.com.ar\/noticias-villa-maria\/ausonia-y-la-palestina-recibieron-nuevos-moviles-policiales\/","name":"Ausonia y La Palestina recibieron nuevos m\u00f3viles policiales - El Regional","isPartOf":{"@id":"http:\/\/elregionalvm.com.ar\/noticias-villa-maria\/#website"},"primaryImageOfPage":{"@id":"https:\/\/elregionalvm.com.ar\/noticias-villa-maria\/ausonia-y-la-palestina-recibieron-nuevos-moviles-policiales\/#primaryimage"},"image":{"@id":"https:\/\/elregionalvm.com.ar\/noticias-villa-maria\/ausonia-y-la-palestina-recibieron-nuevos-moviles-policiales\/#primaryimage"},"thumbnailUrl":"https:\/\/i0.wp.com\/elregionalvm.com.ar\/noticias-villa-maria\/wp-content\/uploads\/2024\/06\/Ausonia-nuevo-movil-policial-2024.jpg?fit=1080%2C881&ssl=1","datePublished":"2024-06-22T05:27:03+00:00","dateModified":"2024-06-22T05:27:04+00:00","author":{"@id":"http:\/\/elregionalvm.com.ar\/noticias-villa-maria\/#\/schema\/person\/a0fb9c422317faca23d50163151bc354"},"breadcrumb":{"@id":"https:\/\/elregionalvm.com.ar\/noticias-villa-maria\/ausonia-y-la-palestina-recibieron-nuevos-moviles-policiales\/#breadcrumb"},"inLanguage":"es","potentialAction":[{"@type":"ReadAction","target":["https:\/\/elregionalvm.com.ar\/noticias-villa-maria\/ausonia-y-la-palestina-recibieron-nuevos-moviles-policiales\/"]}]},{"@type":"ImageObject","inLanguage":"es","@id":"https:\/\/elregionalvm.com.ar\/noticias-villa-maria\/ausonia-y-la-palestina-recibieron-nuevos-moviles-policiales\/#primaryimage","url":"https:\/\/i0.wp.com\/elregionalvm.com.ar\/noticias-villa-maria\/wp-content\/uploads\/2024\/06\/Ausonia-nuevo-movil-policial-2024.jpg?fit=1080%2C881&ssl=1","contentUrl":"https:\/\/i0.wp.com\/elregionalvm.com.ar\/noticias-villa-maria\/wp-content\/uploads\/2024\/06\/Ausonia-nuevo-movil-policial-2024.jpg?fit=1080%2C881&ssl=1","width":1080,"height":881},{"@type":"BreadcrumbList","@id":"https:\/\/elregionalvm.com.ar\/noticias-villa-maria\/ausonia-y-la-palestina-recibieron-nuevos-moviles-policiales\/#breadcrumb","itemListElement":[{"@type":"ListItem","position":1,"name":"Portada","item":"https:\/\/elregionalvm.com.ar\/noticias-villa-maria\/"},{"@type":"ListItem","position":2,"name":"Ausonia y La Palestina recibieron nuevos m\u00f3viles policiales"}]},{"@type":"WebSite","@id":"http:\/\/elregionalvm.com.ar\/noticias-villa-maria\/#website","url":"http:\/\/elregionalvm.com.ar\/noticias-villa-maria\/","name":"El Regional","description":"Mucho m\u00e1s que informaci\u00f3n","potentialAction":[{"@type":"SearchAction","target":{"@type":"EntryPoint","urlTemplate":"http:\/\/elregionalvm.com.ar\/noticias-villa-maria\/?s={search_term_string}"},"query-input":{"@type":"PropertyValueSpecification","valueRequired":true,"valueName":"search_term_string"}}],"inLanguage":"es"},{"@type":"Person","@id":"http:\/\/elregionalvm.com.ar\/noticias-villa-maria\/#\/schema\/person\/a0fb9c422317faca23d50163151bc354","name":"Contenidos El Regional","image":{"@type":"ImageObject","inLanguage":"es","@id":"http:\/\/elregionalvm.com.ar\/noticias-villa-maria\/#\/schema\/person\/image\/","url":"https:\/\/secure.gravatar.com\/avatar\/265b27cb2209af7bb3a1318f03305787d7981a5cc6e6cd08fe5a4ecdf99d4b48?s=96&d=mm&r=g","contentUrl":"https:\/\/secure.gravatar.com\/avatar\/265b27cb2209af7bb3a1318f03305787d7981a5cc6e6cd08fe5a4ecdf99d4b48?s=96&d=mm&r=g","caption":"Contenidos El Regional"},"url":"https:\/\/elregionalvm.com.ar\/noticias-villa-maria\/author\/contenido\/"}]}},"jetpack_featured_media_url":"https:\/\/i0.wp.com\/elregionalvm.com.ar\/noticias-villa-maria\/wp-content\/uploads\/2024\/06\/Ausonia-nuevo-movil-policial-2024.jpg?fit=1080%2C881&ssl=1","jetpack_sharing_enabled":true,"_links":{"self":[{"href":"https:\/\/elregionalvm.com.ar\/noticias-villa-maria\/wp-json\/wp\/v2\/posts\/95358","targetHints":{"allow":["GET"]}}],"collection":[{"href":"https:\/\/elregionalvm.com.ar\/noticias-villa-maria\/wp-json\/wp\/v2\/posts"}],"about":[{"href":"https:\/\/elregionalvm.com.ar\/noticias-villa-maria\/wp-json\/wp\/v2\/types\/post"}],"author":[{"embeddable":true,"href":"https:\/\/elregionalvm.com.ar\/noticias-villa-maria\/wp-json\/wp\/v2\/users\/4"}],"replies":[{"embeddable":true,"href":"https:\/\/elregionalvm.com.ar\/noticias-villa-maria\/wp-json\/wp\/v2\/comments?post=95358"}],"version-history":[{"count":2,"href":"https:\/\/elregionalvm.com.ar\/noticias-villa-maria\/wp-json\/wp\/v2\/posts\/95358\/revisions"}],"predecessor-version":[{"id":95362,"href":"https:\/\/elregionalvm.com.ar\/noticias-villa-maria\/wp-json\/wp\/v2\/posts\/95358\/revisions\/95362"}],"wp:featuredmedia":[{"embeddable":true,"href":"https:\/\/elregionalvm.com.ar\/noticias-villa-maria\/wp-json\/wp\/v2\/media\/95361"}],"wp:attachment":[{"href":"https:\/\/elregionalvm.com.ar\/noticias-villa-maria\/wp-json\/wp\/v2\/media?parent=95358"}],"wp:term":[{"taxonomy":"category","embeddable":true,"href":"https:\/\/elregionalvm.com.ar\/noticias-villa-maria\/wp-json\/wp\/v2\/categories?post=95358"},{"taxonomy":"post_tag","embeddable":true,"href":"https:\/\/elregionalvm.com.ar\/noticias-villa-maria\/wp-json\/wp\/v2\/tags?post=95358"}],"curies":[{"name":"wp","href":"https:\/\/api.w.org\/{rel}","templated":true}]}}