{"id":95367,"date":"2024-06-22T05:48:45","date_gmt":"2024-06-22T05:48:45","guid":{"rendered":"https:\/\/elregionalvm.com.ar\/noticias-villa-maria\/?p=95367"},"modified":"2024-06-22T05:48:47","modified_gmt":"2024-06-22T05:48:47","slug":"inta-y-esil-llaryora-inauguro-un-tambo-con-sistema-robotizado-de-ordene-voluntario","status":"publish","type":"post","link":"https:\/\/elregionalvm.com.ar\/noticias-villa-maria\/inta-y-esil-llaryora-inauguro-un-tambo-con-sistema-robotizado-de-ordene-voluntario\/","title":{"rendered":"INTA y ESIL: Llaryora inaugur\u00f3 un tambo con sistema robotizado de orde\u00f1e voluntario"},"content":{"rendered":"\n<p>Con la presencia del gobernador de la provincia, Mart\u00edn Llaryora, qued\u00f3 oficialmente inaugurado el Tambo Con Sistema Robotizado de Orde\u00f1e Voluntario ubicado en la zona rural de C\u00e1rcano.<\/p>\n\n\n\n<p>El proyecto que la ESIL lleva adelante en conjunto con el INTA tiene como finalidad contribuir a la formaci\u00f3n acad\u00e9mica de los estudiantes de la escuela, brindar capacitaci\u00f3n y asistencia t\u00e9cnica a productores y operarios que realicen diferentes actividades agropecuarias.<\/p>\n\n\n\n<p>Tambi\u00e9n busca prestar servicios para ensayos e investigaciones a todos los actores que intervengan en la l\u00ednea de producci\u00f3n de la leche.<\/p>\n\n\n\n<p><\/p>\n\n\n\n<figure class=\"wp-block-image size-large\"><img data-recalc-dims=\"1\" fetchpriority=\"high\" decoding=\"async\" width=\"1024\" height=\"576\" src=\"https:\/\/i0.wp.com\/elregionalvm.com.ar\/noticias-villa-maria\/wp-content\/uploads\/2024\/06\/Tambo-robotizado-ESIL-Inta-Carcano.jpeg?resize=1024%2C576&#038;ssl=1\" alt=\"\" class=\"wp-image-95369\" srcset=\"https:\/\/i0.wp.com\/elregionalvm.com.ar\/noticias-villa-maria\/wp-content\/uploads\/2024\/06\/Tambo-robotizado-ESIL-Inta-Carcano.jpeg?resize=1024%2C576&amp;ssl=1 1024w, https:\/\/i0.wp.com\/elregionalvm.com.ar\/noticias-villa-maria\/wp-content\/uploads\/2024\/06\/Tambo-robotizado-ESIL-Inta-Carcano.jpeg?resize=300%2C169&amp;ssl=1 300w, https:\/\/i0.wp.com\/elregionalvm.com.ar\/noticias-villa-maria\/wp-content\/uploads\/2024\/06\/Tambo-robotizado-ESIL-Inta-Carcano.jpeg?resize=768%2C432&amp;ssl=1 768w, https:\/\/i0.wp.com\/elregionalvm.com.ar\/noticias-villa-maria\/wp-content\/uploads\/2024\/06\/Tambo-robotizado-ESIL-Inta-Carcano.jpeg?resize=1536%2C864&amp;ssl=1 1536w, https:\/\/i0.wp.com\/elregionalvm.com.ar\/noticias-villa-maria\/wp-content\/uploads\/2024\/06\/Tambo-robotizado-ESIL-Inta-Carcano.jpeg?w=1600&amp;ssl=1 1600w\" sizes=\"(max-width: 1000px) 100vw, 1000px\" \/><\/figure>\n\n\n\n<p><\/p>\n\n\n\n<p>La m\u00e1xima autoridad provincial estuvo acompa\u00f1ada por el intendente de Villa Mar\u00eda, Eduardo Accastello, el presidente de Funesil, Alfredo Gadara, el director Nacional de Lecher\u00eda, Sebasti\u00e1n Alconada, el presidente nacional del INTA, Juan Cruz Molina, y los ministros de Bioagroindustria, Sergio Busso, de Educaci\u00f3n, Horacio Ferreyra, y de Cooperativas y Mutuales, Mart\u00edn Gill.<\/p>\n\n\n\n<p>Estuvieron presentes tambi\u00e9n, la intendenta de Ballesteros, Graciela S\u00e1nchez, el Obispo Diocesano, Samuel Jofr\u00e9 Giraudo, referentes de asociaciones vinculada al sector l\u00e1cteo, industrial y empresarial, como as\u00ed tambi\u00e9n jubilados, docentes y estudiantes de la instituci\u00f3n anfitriona.<\/p>\n","protected":false},"excerpt":{"rendered":"<p>Con la presencia del gobernador de la provincia, Mart\u00edn Llaryora, qued\u00f3 oficialmente inaugurado el Tambo Con Sistema Robotizado de Orde\u00f1e Voluntario ubicado en la zona rural de C\u00e1rcano. El proyecto que la ESIL lleva adelante en conjunto con el INTA tiene como finalidad contribuir a la formaci\u00f3n acad\u00e9mica de los estudiantes de la escuela, brindar [&hellip;]<\/p>\n","protected":false},"author":4,"featured_media":95368,"comment_status":"open","ping_status":"open","sticky":false,"template":"","format":"standard","meta":{"site-sidebar-layout":"default","site-content-layout":"","ast-site-content-layout":"default","site-content-style":"default","site-sidebar-style":"default","ast-global-header-display":"","ast-banner-title-visibility":"","ast-main-header-display":"","ast-hfb-above-header-display":"","ast-hfb-below-header-display":"","ast-hfb-mobile-header-display":"","site-post-title":"","ast-breadcrumbs-content":"","ast-featured-img":"","footer-sml-layout":"","ast-disable-related-posts":"","theme-transparent-header-meta":"","adv-header-id-meta":"","stick-header-meta":"","header-above-stick-meta":"","header-main-stick-meta":"","header-below-stick-meta":"","astra-migrate-meta-layouts":"set","ast-page-background-enabled":"default","ast-page-background-meta":{"desktop":{"background-color":"","background-image":"","background-repeat":"repeat","background-position":"center center","background-size":"auto","background-attachment":"scroll","background-type":"","background-media":"","overlay-type":"","overlay-color":"","overlay-opacity":"","overlay-gradient":""},"tablet":{"background-color":"","background-image":"","background-repeat":"repeat","background-position":"center center","background-size":"auto","background-attachment":"scroll","background-type":"","background-media":"","overlay-type":"","overlay-color":"","overlay-opacity":"","overlay-gradient":""},"mobile":{"background-color":"","background-image":"","background-repeat":"repeat","background-position":"center center","background-size":"auto","background-attachment":"scroll","background-type":"","background-media":"","overlay-type":"","overlay-color":"","overlay-opacity":"","overlay-gradient":""}},"ast-content-background-meta":{"desktop":{"background-color":"var(--ast-global-color-5)","background-image":"","background-repeat":"repeat","background-position":"center center","background-size":"auto","background-attachment":"scroll","background-type":"","background-media":"","overlay-type":"","overlay-color":"","overlay-opacity":"","overlay-gradient":""},"tablet":{"background-color":"var(--ast-global-color-5)","background-image":"","background-repeat":"repeat","background-position":"center center","background-size":"auto","background-attachment":"scroll","background-type":"","background-media":"","overlay-type":"","overlay-color":"","overlay-opacity":"","overlay-gradient":""},"mobile":{"background-color":"var(--ast-global-color-5)","background-image":"","background-repeat":"repeat","background-position":"center center","background-size":"auto","background-attachment":"scroll","background-type":"","background-media":"","overlay-type":"","overlay-color":"","overlay-opacity":"","overlay-gradient":""}},"_jetpack_memberships_contains_paid_content":false,"_joinchat":[],"footnotes":""},"categories":[15302,2],"tags":[2038,11519,3232,4058,4412,16022,20987],"class_list":["post-95367","post","type-post","status-publish","format-standard","has-post-thumbnail","hentry","category-destacado","category-villa-maria","tag-eduardo-accastello","tag-esil","tag-inauguracion","tag-inta","tag-lecheria","tag-martin-llaryora","tag-tambo-robotizado"],"yoast_head":"<!-- This site is optimized with the Yoast SEO plugin v26.8 - https:\/\/yoast.com\/product\/yoast-seo-wordpress\/ -->\n<title>INTA y ESIL: Llaryora inaugur\u00f3 un tambo con sistema robotizado de orde\u00f1e voluntario - El Regional<\/title>\n<meta name=\"robots\" content=\"index, follow, max-snippet:-1, max-image-preview:large, max-video-preview:-1\" \/>\n<link rel=\"canonical\" href=\"https:\/\/elregionalvm.com.ar\/noticias-villa-maria\/inta-y-esil-llaryora-inauguro-un-tambo-con-sistema-robotizado-de-ordene-voluntario\/\" \/>\n<meta property=\"og:locale\" content=\"es_ES\" \/>\n<meta property=\"og:type\" content=\"article\" \/>\n<meta property=\"og:title\" content=\"INTA y ESIL: Llaryora inaugur\u00f3 un tambo con sistema robotizado de orde\u00f1e voluntario - El Regional\" \/>\n<meta property=\"og:description\" content=\"Con la presencia del gobernador de la provincia, Mart\u00edn Llaryora, qued\u00f3 oficialmente inaugurado el Tambo Con Sistema Robotizado de Orde\u00f1e Voluntario ubicado en la zona rural de C\u00e1rcano. El proyecto que la ESIL lleva adelante en conjunto con el INTA tiene como finalidad contribuir a la formaci\u00f3n acad\u00e9mica de los estudiantes de la escuela, brindar [&hellip;]\" \/>\n<meta property=\"og:url\" content=\"https:\/\/elregionalvm.com.ar\/noticias-villa-maria\/inta-y-esil-llaryora-inauguro-un-tambo-con-sistema-robotizado-de-ordene-voluntario\/\" \/>\n<meta property=\"og:site_name\" content=\"El Regional\" \/>\n<meta property=\"article:publisher\" content=\"https:\/\/www.facebook.com\/elregionalvm\" \/>\n<meta property=\"article:published_time\" content=\"2024-06-22T05:48:45+00:00\" \/>\n<meta property=\"article:modified_time\" content=\"2024-06-22T05:48:47+00:00\" \/>\n<meta property=\"og:image\" content=\"https:\/\/elregionalvm.com.ar\/noticias-villa-maria\/wp-content\/uploads\/2024\/06\/Tambo-robotizado-inauguracion-Llaryora.jpeg\" \/>\n\t<meta property=\"og:image:width\" content=\"798\" \/>\n\t<meta property=\"og:image:height\" content=\"798\" \/>\n\t<meta property=\"og:image:type\" content=\"image\/jpeg\" \/>\n<meta name=\"author\" content=\"Contenidos El Regional\" \/>\n<meta name=\"twitter:card\" content=\"summary_large_image\" \/>\n<meta name=\"twitter:creator\" content=\"@elregionalvm1\" \/>\n<meta name=\"twitter:site\" content=\"@elregionalvm1\" \/>\n<meta name=\"twitter:label1\" content=\"Escrito por\" \/>\n\t<meta name=\"twitter:data1\" content=\"Contenidos El Regional\" \/>\n\t<meta name=\"twitter:label2\" content=\"Tiempo de lectura\" \/>\n\t<meta name=\"twitter:data2\" content=\"2 minutos\" \/>\n<script type=\"application\/ld+json\" class=\"yoast-schema-graph\">{\"@context\":\"https:\/\/schema.org\",\"@graph\":[{\"@type\":\"Article\",\"@id\":\"https:\/\/elregionalvm.com.ar\/noticias-villa-maria\/inta-y-esil-llaryora-inauguro-un-tambo-con-sistema-robotizado-de-ordene-voluntario\/#article\",\"isPartOf\":{\"@id\":\"https:\/\/elregionalvm.com.ar\/noticias-villa-maria\/inta-y-esil-llaryora-inauguro-un-tambo-con-sistema-robotizado-de-ordene-voluntario\/\"},\"author\":{\"name\":\"Contenidos El Regional\",\"@id\":\"http:\/\/elregionalvm.com.ar\/noticias-villa-maria\/#\/schema\/person\/a0fb9c422317faca23d50163151bc354\"},\"headline\":\"INTA y ESIL: Llaryora inaugur\u00f3 un tambo con sistema robotizado de orde\u00f1e voluntario\",\"datePublished\":\"2024-06-22T05:48:45+00:00\",\"dateModified\":\"2024-06-22T05:48:47+00:00\",\"mainEntityOfPage\":{\"@id\":\"https:\/\/elregionalvm.com.ar\/noticias-villa-maria\/inta-y-esil-llaryora-inauguro-un-tambo-con-sistema-robotizado-de-ordene-voluntario\/\"},\"wordCount\":215,\"commentCount\":0,\"image\":{\"@id\":\"https:\/\/elregionalvm.com.ar\/noticias-villa-maria\/inta-y-esil-llaryora-inauguro-un-tambo-con-sistema-robotizado-de-ordene-voluntario\/#primaryimage\"},\"thumbnailUrl\":\"https:\/\/i0.wp.com\/elregionalvm.com.ar\/noticias-villa-maria\/wp-content\/uploads\/2024\/06\/Tambo-robotizado-inauguracion-Llaryora.jpeg?fit=798%2C798&ssl=1\",\"keywords\":[\"Eduardo Accastello\",\"ESIL\",\"inauguraci\u00f3n\",\"Inta\",\"Lecher\u00eda\",\"Mart\u00edn Llaryora\",\"tambo robotizado\"],\"articleSection\":[\"destacado\",\"Villa Mar\u00eda\"],\"inLanguage\":\"es\",\"potentialAction\":[{\"@type\":\"CommentAction\",\"name\":\"Comment\",\"target\":[\"https:\/\/elregionalvm.com.ar\/noticias-villa-maria\/inta-y-esil-llaryora-inauguro-un-tambo-con-sistema-robotizado-de-ordene-voluntario\/#respond\"]}]},{\"@type\":\"WebPage\",\"@id\":\"https:\/\/elregionalvm.com.ar\/noticias-villa-maria\/inta-y-esil-llaryora-inauguro-un-tambo-con-sistema-robotizado-de-ordene-voluntario\/\",\"url\":\"https:\/\/elregionalvm.com.ar\/noticias-villa-maria\/inta-y-esil-llaryora-inauguro-un-tambo-con-sistema-robotizado-de-ordene-voluntario\/\",\"name\":\"INTA y ESIL: Llaryora inaugur\u00f3 un tambo con sistema robotizado de orde\u00f1e voluntario - El Regional\",\"isPartOf\":{\"@id\":\"http:\/\/elregionalvm.com.ar\/noticias-villa-maria\/#website\"},\"primaryImageOfPage\":{\"@id\":\"https:\/\/elregionalvm.com.ar\/noticias-villa-maria\/inta-y-esil-llaryora-inauguro-un-tambo-con-sistema-robotizado-de-ordene-voluntario\/#primaryimage\"},\"image\":{\"@id\":\"https:\/\/elregionalvm.com.ar\/noticias-villa-maria\/inta-y-esil-llaryora-inauguro-un-tambo-con-sistema-robotizado-de-ordene-voluntario\/#primaryimage\"},\"thumbnailUrl\":\"https:\/\/i0.wp.com\/elregionalvm.com.ar\/noticias-villa-maria\/wp-content\/uploads\/2024\/06\/Tambo-robotizado-inauguracion-Llaryora.jpeg?fit=798%2C798&ssl=1\",\"datePublished\":\"2024-06-22T05:48:45+00:00\",\"dateModified\":\"2024-06-22T05:48:47+00:00\",\"author\":{\"@id\":\"http:\/\/elregionalvm.com.ar\/noticias-villa-maria\/#\/schema\/person\/a0fb9c422317faca23d50163151bc354\"},\"breadcrumb\":{\"@id\":\"https:\/\/elregionalvm.com.ar\/noticias-villa-maria\/inta-y-esil-llaryora-inauguro-un-tambo-con-sistema-robotizado-de-ordene-voluntario\/#breadcrumb\"},\"inLanguage\":\"es\",\"potentialAction\":[{\"@type\":\"ReadAction\",\"target\":[\"https:\/\/elregionalvm.com.ar\/noticias-villa-maria\/inta-y-esil-llaryora-inauguro-un-tambo-con-sistema-robotizado-de-ordene-voluntario\/\"]}]},{\"@type\":\"ImageObject\",\"inLanguage\":\"es\",\"@id\":\"https:\/\/elregionalvm.com.ar\/noticias-villa-maria\/inta-y-esil-llaryora-inauguro-un-tambo-con-sistema-robotizado-de-ordene-voluntario\/#primaryimage\",\"url\":\"https:\/\/i0.wp.com\/elregionalvm.com.ar\/noticias-villa-maria\/wp-content\/uploads\/2024\/06\/Tambo-robotizado-inauguracion-Llaryora.jpeg?fit=798%2C798&ssl=1\",\"contentUrl\":\"https:\/\/i0.wp.com\/elregionalvm.com.ar\/noticias-villa-maria\/wp-content\/uploads\/2024\/06\/Tambo-robotizado-inauguracion-Llaryora.jpeg?fit=798%2C798&ssl=1\",\"width\":798,\"height\":798},{\"@type\":\"BreadcrumbList\",\"@id\":\"https:\/\/elregionalvm.com.ar\/noticias-villa-maria\/inta-y-esil-llaryora-inauguro-un-tambo-con-sistema-robotizado-de-ordene-voluntario\/#breadcrumb\",\"itemListElement\":[{\"@type\":\"ListItem\",\"position\":1,\"name\":\"Portada\",\"item\":\"https:\/\/elregionalvm.com.ar\/noticias-villa-maria\/\"},{\"@type\":\"ListItem\",\"position\":2,\"name\":\"INTA y ESIL: Llaryora inaugur\u00f3 un tambo con sistema robotizado de orde\u00f1e voluntario\"}]},{\"@type\":\"WebSite\",\"@id\":\"http:\/\/elregionalvm.com.ar\/noticias-villa-maria\/#website\",\"url\":\"http:\/\/elregionalvm.com.ar\/noticias-villa-maria\/\",\"name\":\"El Regional\",\"description\":\"Mucho m\u00e1s que informaci\u00f3n\",\"potentialAction\":[{\"@type\":\"SearchAction\",\"target\":{\"@type\":\"EntryPoint\",\"urlTemplate\":\"http:\/\/elregionalvm.com.ar\/noticias-villa-maria\/?s={search_term_string}\"},\"query-input\":{\"@type\":\"PropertyValueSpecification\",\"valueRequired\":true,\"valueName\":\"search_term_string\"}}],\"inLanguage\":\"es\"},{\"@type\":\"Person\",\"@id\":\"http:\/\/elregionalvm.com.ar\/noticias-villa-maria\/#\/schema\/person\/a0fb9c422317faca23d50163151bc354\",\"name\":\"Contenidos El Regional\",\"image\":{\"@type\":\"ImageObject\",\"inLanguage\":\"es\",\"@id\":\"http:\/\/elregionalvm.com.ar\/noticias-villa-maria\/#\/schema\/person\/image\/\",\"url\":\"https:\/\/secure.gravatar.com\/avatar\/265b27cb2209af7bb3a1318f03305787d7981a5cc6e6cd08fe5a4ecdf99d4b48?s=96&d=mm&r=g\",\"contentUrl\":\"https:\/\/secure.gravatar.com\/avatar\/265b27cb2209af7bb3a1318f03305787d7981a5cc6e6cd08fe5a4ecdf99d4b48?s=96&d=mm&r=g\",\"caption\":\"Contenidos El Regional\"},\"url\":\"https:\/\/elregionalvm.com.ar\/noticias-villa-maria\/author\/contenido\/\"}]}<\/script>\n<!-- \/ Yoast SEO plugin. -->","yoast_head_json":{"title":"INTA y ESIL: Llaryora inaugur\u00f3 un tambo con sistema robotizado de orde\u00f1e voluntario - El Regional","robots":{"index":"index","follow":"follow","max-snippet":"max-snippet:-1","max-image-preview":"max-image-preview:large","max-video-preview":"max-video-preview:-1"},"canonical":"https:\/\/elregionalvm.com.ar\/noticias-villa-maria\/inta-y-esil-llaryora-inauguro-un-tambo-con-sistema-robotizado-de-ordene-voluntario\/","og_locale":"es_ES","og_type":"article","og_title":"INTA y ESIL: Llaryora inaugur\u00f3 un tambo con sistema robotizado de orde\u00f1e voluntario - El Regional","og_description":"Con la presencia del gobernador de la provincia, Mart\u00edn Llaryora, qued\u00f3 oficialmente inaugurado el Tambo Con Sistema Robotizado de Orde\u00f1e Voluntario ubicado en la zona rural de C\u00e1rcano. El proyecto que la ESIL lleva adelante en conjunto con el INTA tiene como finalidad contribuir a la formaci\u00f3n acad\u00e9mica de los estudiantes de la escuela, brindar [&hellip;]","og_url":"https:\/\/elregionalvm.com.ar\/noticias-villa-maria\/inta-y-esil-llaryora-inauguro-un-tambo-con-sistema-robotizado-de-ordene-voluntario\/","og_site_name":"El Regional","article_publisher":"https:\/\/www.facebook.com\/elregionalvm","article_published_time":"2024-06-22T05:48:45+00:00","article_modified_time":"2024-06-22T05:48:47+00:00","og_image":[{"width":798,"height":798,"url":"https:\/\/elregionalvm.com.ar\/noticias-villa-maria\/wp-content\/uploads\/2024\/06\/Tambo-robotizado-inauguracion-Llaryora.jpeg","type":"image\/jpeg"}],"author":"Contenidos El Regional","twitter_card":"summary_large_image","twitter_creator":"@elregionalvm1","twitter_site":"@elregionalvm1","twitter_misc":{"Escrito por":"Contenidos El Regional","Tiempo de lectura":"2 minutos"},"schema":{"@context":"https:\/\/schema.org","@graph":[{"@type":"Article","@id":"https:\/\/elregionalvm.com.ar\/noticias-villa-maria\/inta-y-esil-llaryora-inauguro-un-tambo-con-sistema-robotizado-de-ordene-voluntario\/#article","isPartOf":{"@id":"https:\/\/elregionalvm.com.ar\/noticias-villa-maria\/inta-y-esil-llaryora-inauguro-un-tambo-con-sistema-robotizado-de-ordene-voluntario\/"},"author":{"name":"Contenidos El Regional","@id":"http:\/\/elregionalvm.com.ar\/noticias-villa-maria\/#\/schema\/person\/a0fb9c422317faca23d50163151bc354"},"headline":"INTA y ESIL: Llaryora inaugur\u00f3 un tambo con sistema robotizado de orde\u00f1e voluntario","datePublished":"2024-06-22T05:48:45+00:00","dateModified":"2024-06-22T05:48:47+00:00","mainEntityOfPage":{"@id":"https:\/\/elregionalvm.com.ar\/noticias-villa-maria\/inta-y-esil-llaryora-inauguro-un-tambo-con-sistema-robotizado-de-ordene-voluntario\/"},"wordCount":215,"commentCount":0,"image":{"@id":"https:\/\/elregionalvm.com.ar\/noticias-villa-maria\/inta-y-esil-llaryora-inauguro-un-tambo-con-sistema-robotizado-de-ordene-voluntario\/#primaryimage"},"thumbnailUrl":"https:\/\/i0.wp.com\/elregionalvm.com.ar\/noticias-villa-maria\/wp-content\/uploads\/2024\/06\/Tambo-robotizado-inauguracion-Llaryora.jpeg?fit=798%2C798&ssl=1","keywords":["Eduardo Accastello","ESIL","inauguraci\u00f3n","Inta","Lecher\u00eda","Mart\u00edn Llaryora","tambo robotizado"],"articleSection":["destacado","Villa Mar\u00eda"],"inLanguage":"es","potentialAction":[{"@type":"CommentAction","name":"Comment","target":["https:\/\/elregionalvm.com.ar\/noticias-villa-maria\/inta-y-esil-llaryora-inauguro-un-tambo-con-sistema-robotizado-de-ordene-voluntario\/#respond"]}]},{"@type":"WebPage","@id":"https:\/\/elregionalvm.com.ar\/noticias-villa-maria\/inta-y-esil-llaryora-inauguro-un-tambo-con-sistema-robotizado-de-ordene-voluntario\/","url":"https:\/\/elregionalvm.com.ar\/noticias-villa-maria\/inta-y-esil-llaryora-inauguro-un-tambo-con-sistema-robotizado-de-ordene-voluntario\/","name":"INTA y ESIL: Llaryora inaugur\u00f3 un tambo con sistema robotizado de orde\u00f1e voluntario - El Regional","isPartOf":{"@id":"http:\/\/elregionalvm.com.ar\/noticias-villa-maria\/#website"},"primaryImageOfPage":{"@id":"https:\/\/elregionalvm.com.ar\/noticias-villa-maria\/inta-y-esil-llaryora-inauguro-un-tambo-con-sistema-robotizado-de-ordene-voluntario\/#primaryimage"},"image":{"@id":"https:\/\/elregionalvm.com.ar\/noticias-villa-maria\/inta-y-esil-llaryora-inauguro-un-tambo-con-sistema-robotizado-de-ordene-voluntario\/#primaryimage"},"thumbnailUrl":"https:\/\/i0.wp.com\/elregionalvm.com.ar\/noticias-villa-maria\/wp-content\/uploads\/2024\/06\/Tambo-robotizado-inauguracion-Llaryora.jpeg?fit=798%2C798&ssl=1","datePublished":"2024-06-22T05:48:45+00:00","dateModified":"2024-06-22T05:48:47+00:00","author":{"@id":"http:\/\/elregionalvm.com.ar\/noticias-villa-maria\/#\/schema\/person\/a0fb9c422317faca23d50163151bc354"},"breadcrumb":{"@id":"https:\/\/elregionalvm.com.ar\/noticias-villa-maria\/inta-y-esil-llaryora-inauguro-un-tambo-con-sistema-robotizado-de-ordene-voluntario\/#breadcrumb"},"inLanguage":"es","potentialAction":[{"@type":"ReadAction","target":["https:\/\/elregionalvm.com.ar\/noticias-villa-maria\/inta-y-esil-llaryora-inauguro-un-tambo-con-sistema-robotizado-de-ordene-voluntario\/"]}]},{"@type":"ImageObject","inLanguage":"es","@id":"https:\/\/elregionalvm.com.ar\/noticias-villa-maria\/inta-y-esil-llaryora-inauguro-un-tambo-con-sistema-robotizado-de-ordene-voluntario\/#primaryimage","url":"https:\/\/i0.wp.com\/elregionalvm.com.ar\/noticias-villa-maria\/wp-content\/uploads\/2024\/06\/Tambo-robotizado-inauguracion-Llaryora.jpeg?fit=798%2C798&ssl=1","contentUrl":"https:\/\/i0.wp.com\/elregionalvm.com.ar\/noticias-villa-maria\/wp-content\/uploads\/2024\/06\/Tambo-robotizado-inauguracion-Llaryora.jpeg?fit=798%2C798&ssl=1","width":798,"height":798},{"@type":"BreadcrumbList","@id":"https:\/\/elregionalvm.com.ar\/noticias-villa-maria\/inta-y-esil-llaryora-inauguro-un-tambo-con-sistema-robotizado-de-ordene-voluntario\/#breadcrumb","itemListElement":[{"@type":"ListItem","position":1,"name":"Portada","item":"https:\/\/elregionalvm.com.ar\/noticias-villa-maria\/"},{"@type":"ListItem","position":2,"name":"INTA y ESIL: Llaryora inaugur\u00f3 un tambo con sistema robotizado de orde\u00f1e voluntario"}]},{"@type":"WebSite","@id":"http:\/\/elregionalvm.com.ar\/noticias-villa-maria\/#website","url":"http:\/\/elregionalvm.com.ar\/noticias-villa-maria\/","name":"El Regional","description":"Mucho m\u00e1s que informaci\u00f3n","potentialAction":[{"@type":"SearchAction","target":{"@type":"EntryPoint","urlTemplate":"http:\/\/elregionalvm.com.ar\/noticias-villa-maria\/?s={search_term_string}"},"query-input":{"@type":"PropertyValueSpecification","valueRequired":true,"valueName":"search_term_string"}}],"inLanguage":"es"},{"@type":"Person","@id":"http:\/\/elregionalvm.com.ar\/noticias-villa-maria\/#\/schema\/person\/a0fb9c422317faca23d50163151bc354","name":"Contenidos El Regional","image":{"@type":"ImageObject","inLanguage":"es","@id":"http:\/\/elregionalvm.com.ar\/noticias-villa-maria\/#\/schema\/person\/image\/","url":"https:\/\/secure.gravatar.com\/avatar\/265b27cb2209af7bb3a1318f03305787d7981a5cc6e6cd08fe5a4ecdf99d4b48?s=96&d=mm&r=g","contentUrl":"https:\/\/secure.gravatar.com\/avatar\/265b27cb2209af7bb3a1318f03305787d7981a5cc6e6cd08fe5a4ecdf99d4b48?s=96&d=mm&r=g","caption":"Contenidos El Regional"},"url":"https:\/\/elregionalvm.com.ar\/noticias-villa-maria\/author\/contenido\/"}]}},"jetpack_featured_media_url":"https:\/\/i0.wp.com\/elregionalvm.com.ar\/noticias-villa-maria\/wp-content\/uploads\/2024\/06\/Tambo-robotizado-inauguracion-Llaryora.jpeg?fit=798%2C798&ssl=1","jetpack_sharing_enabled":true,"_links":{"self":[{"href":"https:\/\/elregionalvm.com.ar\/noticias-villa-maria\/wp-json\/wp\/v2\/posts\/95367","targetHints":{"allow":["GET"]}}],"collection":[{"href":"https:\/\/elregionalvm.com.ar\/noticias-villa-maria\/wp-json\/wp\/v2\/posts"}],"about":[{"href":"https:\/\/elregionalvm.com.ar\/noticias-villa-maria\/wp-json\/wp\/v2\/types\/post"}],"author":[{"embeddable":true,"href":"https:\/\/elregionalvm.com.ar\/noticias-villa-maria\/wp-json\/wp\/v2\/users\/4"}],"replies":[{"embeddable":true,"href":"https:\/\/elregionalvm.com.ar\/noticias-villa-maria\/wp-json\/wp\/v2\/comments?post=95367"}],"version-history":[{"count":1,"href":"https:\/\/elregionalvm.com.ar\/noticias-villa-maria\/wp-json\/wp\/v2\/posts\/95367\/revisions"}],"predecessor-version":[{"id":95370,"href":"https:\/\/elregionalvm.com.ar\/noticias-villa-maria\/wp-json\/wp\/v2\/posts\/95367\/revisions\/95370"}],"wp:featuredmedia":[{"embeddable":true,"href":"https:\/\/elregionalvm.com.ar\/noticias-villa-maria\/wp-json\/wp\/v2\/media\/95368"}],"wp:attachment":[{"href":"https:\/\/elregionalvm.com.ar\/noticias-villa-maria\/wp-json\/wp\/v2\/media?parent=95367"}],"wp:term":[{"taxonomy":"category","embeddable":true,"href":"https:\/\/elregionalvm.com.ar\/noticias-villa-maria\/wp-json\/wp\/v2\/categories?post=95367"},{"taxonomy":"post_tag","embeddable":true,"href":"https:\/\/elregionalvm.com.ar\/noticias-villa-maria\/wp-json\/wp\/v2\/tags?post=95367"}],"curies":[{"name":"wp","href":"https:\/\/api.w.org\/{rel}","templated":true}]}}