{"id":95806,"date":"2024-07-03T20:36:09","date_gmt":"2024-07-03T20:36:09","guid":{"rendered":"https:\/\/elregionalvm.com.ar\/noticias-villa-maria\/?p=95806"},"modified":"2024-07-03T20:36:13","modified_gmt":"2024-07-03T20:36:13","slug":"pre-inscripciones-abiertas-para-la-diplomatura-en-traduccion-e-interpretacion-directa-de-lengua-de-senas-en-la-unvm","status":"publish","type":"post","link":"https:\/\/elregionalvm.com.ar\/noticias-villa-maria\/pre-inscripciones-abiertas-para-la-diplomatura-en-traduccion-e-interpretacion-directa-de-lengua-de-senas-en-la-unvm\/","title":{"rendered":"Pre-inscripciones abiertas para la Diplomatura en Traducci\u00f3n e Interpretaci\u00f3n Directa de Lengua de Se\u00f1as en la UNVM"},"content":{"rendered":"\n<p>El Instituto A.P. de Ciencias Humanas de la Universidad Nacional de Villa Mar\u00eda (UNVM) abri\u00f3 las inscripciones de la nueva Diplomatura Superior en Traducci\u00f3n e Interpretaci\u00f3n Directa (Lengua de Se\u00f1as Argentina \u2013 Espa\u00f1ol). El trayecto iniciar\u00e1 en agosto de 2024 con cupos limitados.<\/p>\n\n\n\n<p>En cuanto a la modalidad de ense\u00f1anza de interpretaci\u00f3n\/traducci\u00f3n, la propuesta de esta Diplomatura adhiere a la propuesta de Kiraly (2000) quien sigue un enfoque constructivista y social de la did\u00e1ctica, centrada en la colaboraci\u00f3n entre docentes y estudiantes, dando un papel activo a ellas y ellos, dejando atr\u00e1s las clases magistrales.<\/p>\n\n\n\n<p>La decana del Instituto de Humanas, Daniela Dubois explic\u00f3: \u201cEl Instituto de Ciencias Humanas de la UNVM es una de las pocas instituciones universitarias que, en nuestro pa\u00eds, ha asumido el compromiso de formar en interpretaci\u00f3n en Lengua de Se\u00f1as Argentina a trav\u00e9s de diferentes propuestas acad\u00e9micas que est\u00e1n fortaleciendo la comunicaci\u00f3n con la comunidad sorda en Villa Mar\u00eda y en nuestra regi\u00f3n\u201d, y agreg\u00f3: \u201cTanto la TUILSA, como llamamos de manera abreviada a la Tecnicatura Universitaria en Interpretaci\u00f3n de Lengua de Se\u00f1as Argentina, como los cursos en el marco del PUICYM han permitido avanzar con este objetivo. Ahora proponemos una Diplomatura Superior en Traducci\u00f3n e Interpretaci\u00f3n Directa para especializar en la modalidad directa que suele ser una de las m\u00e1s complejas de llevar a cabo. Un nuevo desaf\u00edo asumimos, es post del compromiso social que tiene la Universidad P\u00fablica en nuestro pa\u00eds\u201d.<\/p>\n\n\n\n<p>Los objetivos de la formaci\u00f3n son profundizar en pr\u00e1cticas de escritura, atendiendo a diferentes registros ling\u00fc\u00edsticos; analizar, en la propia voz, el tono, el ritmo y la entonaci\u00f3n para favorecer la comprensi\u00f3n por parte de las y los receptores; e identificar fases de comprensi\u00f3n del mensaje original y producci\u00f3n del producto traducido o interpretado.<\/p>\n\n\n\n<p>La Diplomatura est\u00e1 orientada a personas que ya han transitado la formaci\u00f3n inicial en Interpretaci\u00f3n de LSA-E y se han graduado en Universidades Nacionales y\/o Institutos de Formaci\u00f3n Superior del pa\u00eds.<\/p>\n\n\n\n<p><strong>*INSCRIPCIONES:<\/strong><br><a href=\"https:\/\/bit.ly\/diplo-lsa-humanas\">https:\/\/bit.ly\/diplo-lsa-humanas<\/a><\/p>\n\n\n\n<p><strong>* DOCENTES:<\/strong><br>\u2022 M\u00f3dulo 1: Prof. Mariana Ocampo<br>\u2022 M\u00f3dulo 2: Prof. Liliana Pagola \u2013 ILSA-E Jazm\u00edn Vieytes \u2013 ILSA Guadalupe Ramundo<br>\u2022 M\u00f3dulo 3: Lic. Melisa Tagliabue<br>\u2022 M\u00f3dulo 4: Prof. Liliana Pagola \u2013 ILSA-E Jazm\u00edn Vieytes \u2013 ILSA Guadalupe Ramundo<\/p>\n\n\n\n<p><strong>* ARANCEL:<\/strong><\/p>\n\n\n\n<p>\u2022 04 pagos de $20.000 (mensuales)<br>\u2022 Pago \u00fanico de $80.000 por el total de la Diplomatura<\/p>\n\n\n\n<p><strong>* COORDINADORA:<\/strong><\/p>\n\n\n\n<p>\u2022 Prof. Liliana Pagola<\/p>\n\n\n\n<p><strong>*CONSULTAS:<\/strong><\/p>\n\n\n\n<p>extensionhumanas@unvm.edu.ar<\/p>\n","protected":false},"excerpt":{"rendered":"<p>El Instituto A.P. de Ciencias Humanas de la Universidad Nacional de Villa Mar\u00eda (UNVM) abri\u00f3 las inscripciones de la nueva Diplomatura Superior en Traducci\u00f3n e Interpretaci\u00f3n Directa (Lengua de Se\u00f1as Argentina \u2013 Espa\u00f1ol). El trayecto iniciar\u00e1 en agosto de 2024 con cupos limitados. En cuanto a la modalidad de ense\u00f1anza de interpretaci\u00f3n\/traducci\u00f3n, la propuesta de [&hellip;]<\/p>\n","protected":false},"author":4,"featured_media":95807,"comment_status":"open","ping_status":"open","sticky":false,"template":"","format":"standard","meta":{"site-sidebar-layout":"default","site-content-layout":"","ast-site-content-layout":"default","site-content-style":"default","site-sidebar-style":"default","ast-global-header-display":"","ast-banner-title-visibility":"","ast-main-header-display":"","ast-hfb-above-header-display":"","ast-hfb-below-header-display":"","ast-hfb-mobile-header-display":"","site-post-title":"","ast-breadcrumbs-content":"","ast-featured-img":"","footer-sml-layout":"","ast-disable-related-posts":"","theme-transparent-header-meta":"","adv-header-id-meta":"","stick-header-meta":"","header-above-stick-meta":"","header-main-stick-meta":"","header-below-stick-meta":"","astra-migrate-meta-layouts":"set","ast-page-background-enabled":"default","ast-page-background-meta":{"desktop":{"background-color":"","background-image":"","background-repeat":"repeat","background-position":"center center","background-size":"auto","background-attachment":"scroll","background-type":"","background-media":"","overlay-type":"","overlay-color":"","overlay-opacity":"","overlay-gradient":""},"tablet":{"background-color":"","background-image":"","background-repeat":"repeat","background-position":"center center","background-size":"auto","background-attachment":"scroll","background-type":"","background-media":"","overlay-type":"","overlay-color":"","overlay-opacity":"","overlay-gradient":""},"mobile":{"background-color":"","background-image":"","background-repeat":"repeat","background-position":"center center","background-size":"auto","background-attachment":"scroll","background-type":"","background-media":"","overlay-type":"","overlay-color":"","overlay-opacity":"","overlay-gradient":""}},"ast-content-background-meta":{"desktop":{"background-color":"var(--ast-global-color-5)","background-image":"","background-repeat":"repeat","background-position":"center center","background-size":"auto","background-attachment":"scroll","background-type":"","background-media":"","overlay-type":"","overlay-color":"","overlay-opacity":"","overlay-gradient":""},"tablet":{"background-color":"var(--ast-global-color-5)","background-image":"","background-repeat":"repeat","background-position":"center center","background-size":"auto","background-attachment":"scroll","background-type":"","background-media":"","overlay-type":"","overlay-color":"","overlay-opacity":"","overlay-gradient":""},"mobile":{"background-color":"var(--ast-global-color-5)","background-image":"","background-repeat":"repeat","background-position":"center center","background-size":"auto","background-attachment":"scroll","background-type":"","background-media":"","overlay-type":"","overlay-color":"","overlay-opacity":"","overlay-gradient":""}},"_jetpack_memberships_contains_paid_content":false,"_joinchat":[],"footnotes":""},"categories":[15302,5,2],"tags":[],"class_list":["post-95806","post","type-post","status-publish","format-standard","has-post-thumbnail","hentry","category-destacado","category-sociedad","category-villa-maria"],"yoast_head":"<!-- This site is optimized with the Yoast SEO plugin v26.8 - https:\/\/yoast.com\/product\/yoast-seo-wordpress\/ -->\n<title>Pre-inscripciones abiertas para la Diplomatura en Traducci\u00f3n e Interpretaci\u00f3n Directa de Lengua de Se\u00f1as en la UNVM - El Regional<\/title>\n<meta name=\"robots\" content=\"index, follow, max-snippet:-1, max-image-preview:large, max-video-preview:-1\" \/>\n<link rel=\"canonical\" href=\"https:\/\/elregionalvm.com.ar\/noticias-villa-maria\/pre-inscripciones-abiertas-para-la-diplomatura-en-traduccion-e-interpretacion-directa-de-lengua-de-senas-en-la-unvm\/\" \/>\n<meta property=\"og:locale\" content=\"es_ES\" \/>\n<meta property=\"og:type\" content=\"article\" \/>\n<meta property=\"og:title\" content=\"Pre-inscripciones abiertas para la Diplomatura en Traducci\u00f3n e Interpretaci\u00f3n Directa de Lengua de Se\u00f1as en la UNVM - El Regional\" \/>\n<meta property=\"og:description\" content=\"El Instituto A.P. de Ciencias Humanas de la Universidad Nacional de Villa Mar\u00eda (UNVM) abri\u00f3 las inscripciones de la nueva Diplomatura Superior en Traducci\u00f3n e Interpretaci\u00f3n Directa (Lengua de Se\u00f1as Argentina \u2013 Espa\u00f1ol). El trayecto iniciar\u00e1 en agosto de 2024 con cupos limitados. En cuanto a la modalidad de ense\u00f1anza de interpretaci\u00f3n\/traducci\u00f3n, la propuesta de [&hellip;]\" \/>\n<meta property=\"og:url\" content=\"https:\/\/elregionalvm.com.ar\/noticias-villa-maria\/pre-inscripciones-abiertas-para-la-diplomatura-en-traduccion-e-interpretacion-directa-de-lengua-de-senas-en-la-unvm\/\" \/>\n<meta property=\"og:site_name\" content=\"El Regional\" \/>\n<meta property=\"article:publisher\" content=\"https:\/\/www.facebook.com\/elregionalvm\" \/>\n<meta property=\"article:published_time\" content=\"2024-07-03T20:36:09+00:00\" \/>\n<meta property=\"article:modified_time\" content=\"2024-07-03T20:36:13+00:00\" \/>\n<meta property=\"og:image\" content=\"https:\/\/elregionalvm.com.ar\/noticias-villa-maria\/wp-content\/uploads\/2024\/07\/lengua-de-senas-980x675-1.jpeg\" \/>\n\t<meta property=\"og:image:width\" content=\"980\" \/>\n\t<meta property=\"og:image:height\" content=\"675\" \/>\n\t<meta property=\"og:image:type\" content=\"image\/jpeg\" \/>\n<meta name=\"author\" content=\"Contenidos El Regional\" \/>\n<meta name=\"twitter:card\" content=\"summary_large_image\" \/>\n<meta name=\"twitter:creator\" content=\"@elregionalvm1\" \/>\n<meta name=\"twitter:site\" content=\"@elregionalvm1\" \/>\n<meta name=\"twitter:label1\" content=\"Escrito por\" \/>\n\t<meta name=\"twitter:data1\" content=\"Contenidos El Regional\" \/>\n\t<meta name=\"twitter:label2\" content=\"Tiempo de lectura\" \/>\n\t<meta name=\"twitter:data2\" content=\"2 minutos\" \/>\n<script type=\"application\/ld+json\" class=\"yoast-schema-graph\">{\"@context\":\"https:\/\/schema.org\",\"@graph\":[{\"@type\":\"Article\",\"@id\":\"https:\/\/elregionalvm.com.ar\/noticias-villa-maria\/pre-inscripciones-abiertas-para-la-diplomatura-en-traduccion-e-interpretacion-directa-de-lengua-de-senas-en-la-unvm\/#article\",\"isPartOf\":{\"@id\":\"https:\/\/elregionalvm.com.ar\/noticias-villa-maria\/pre-inscripciones-abiertas-para-la-diplomatura-en-traduccion-e-interpretacion-directa-de-lengua-de-senas-en-la-unvm\/\"},\"author\":{\"name\":\"Contenidos El Regional\",\"@id\":\"http:\/\/elregionalvm.com.ar\/noticias-villa-maria\/#\/schema\/person\/a0fb9c422317faca23d50163151bc354\"},\"headline\":\"Pre-inscripciones abiertas para la Diplomatura en Traducci\u00f3n e Interpretaci\u00f3n Directa de Lengua de Se\u00f1as en la UNVM\",\"datePublished\":\"2024-07-03T20:36:09+00:00\",\"dateModified\":\"2024-07-03T20:36:13+00:00\",\"mainEntityOfPage\":{\"@id\":\"https:\/\/elregionalvm.com.ar\/noticias-villa-maria\/pre-inscripciones-abiertas-para-la-diplomatura-en-traduccion-e-interpretacion-directa-de-lengua-de-senas-en-la-unvm\/\"},\"wordCount\":444,\"commentCount\":0,\"image\":{\"@id\":\"https:\/\/elregionalvm.com.ar\/noticias-villa-maria\/pre-inscripciones-abiertas-para-la-diplomatura-en-traduccion-e-interpretacion-directa-de-lengua-de-senas-en-la-unvm\/#primaryimage\"},\"thumbnailUrl\":\"https:\/\/i0.wp.com\/elregionalvm.com.ar\/noticias-villa-maria\/wp-content\/uploads\/2024\/07\/lengua-de-senas-980x675-1.jpeg?fit=980%2C675&ssl=1\",\"articleSection\":[\"destacado\",\"Sociedad\",\"Villa Mar\u00eda\"],\"inLanguage\":\"es\",\"potentialAction\":[{\"@type\":\"CommentAction\",\"name\":\"Comment\",\"target\":[\"https:\/\/elregionalvm.com.ar\/noticias-villa-maria\/pre-inscripciones-abiertas-para-la-diplomatura-en-traduccion-e-interpretacion-directa-de-lengua-de-senas-en-la-unvm\/#respond\"]}]},{\"@type\":\"WebPage\",\"@id\":\"https:\/\/elregionalvm.com.ar\/noticias-villa-maria\/pre-inscripciones-abiertas-para-la-diplomatura-en-traduccion-e-interpretacion-directa-de-lengua-de-senas-en-la-unvm\/\",\"url\":\"https:\/\/elregionalvm.com.ar\/noticias-villa-maria\/pre-inscripciones-abiertas-para-la-diplomatura-en-traduccion-e-interpretacion-directa-de-lengua-de-senas-en-la-unvm\/\",\"name\":\"Pre-inscripciones abiertas para la Diplomatura en Traducci\u00f3n e Interpretaci\u00f3n Directa de Lengua de Se\u00f1as en la UNVM - El Regional\",\"isPartOf\":{\"@id\":\"http:\/\/elregionalvm.com.ar\/noticias-villa-maria\/#website\"},\"primaryImageOfPage\":{\"@id\":\"https:\/\/elregionalvm.com.ar\/noticias-villa-maria\/pre-inscripciones-abiertas-para-la-diplomatura-en-traduccion-e-interpretacion-directa-de-lengua-de-senas-en-la-unvm\/#primaryimage\"},\"image\":{\"@id\":\"https:\/\/elregionalvm.com.ar\/noticias-villa-maria\/pre-inscripciones-abiertas-para-la-diplomatura-en-traduccion-e-interpretacion-directa-de-lengua-de-senas-en-la-unvm\/#primaryimage\"},\"thumbnailUrl\":\"https:\/\/i0.wp.com\/elregionalvm.com.ar\/noticias-villa-maria\/wp-content\/uploads\/2024\/07\/lengua-de-senas-980x675-1.jpeg?fit=980%2C675&ssl=1\",\"datePublished\":\"2024-07-03T20:36:09+00:00\",\"dateModified\":\"2024-07-03T20:36:13+00:00\",\"author\":{\"@id\":\"http:\/\/elregionalvm.com.ar\/noticias-villa-maria\/#\/schema\/person\/a0fb9c422317faca23d50163151bc354\"},\"breadcrumb\":{\"@id\":\"https:\/\/elregionalvm.com.ar\/noticias-villa-maria\/pre-inscripciones-abiertas-para-la-diplomatura-en-traduccion-e-interpretacion-directa-de-lengua-de-senas-en-la-unvm\/#breadcrumb\"},\"inLanguage\":\"es\",\"potentialAction\":[{\"@type\":\"ReadAction\",\"target\":[\"https:\/\/elregionalvm.com.ar\/noticias-villa-maria\/pre-inscripciones-abiertas-para-la-diplomatura-en-traduccion-e-interpretacion-directa-de-lengua-de-senas-en-la-unvm\/\"]}]},{\"@type\":\"ImageObject\",\"inLanguage\":\"es\",\"@id\":\"https:\/\/elregionalvm.com.ar\/noticias-villa-maria\/pre-inscripciones-abiertas-para-la-diplomatura-en-traduccion-e-interpretacion-directa-de-lengua-de-senas-en-la-unvm\/#primaryimage\",\"url\":\"https:\/\/i0.wp.com\/elregionalvm.com.ar\/noticias-villa-maria\/wp-content\/uploads\/2024\/07\/lengua-de-senas-980x675-1.jpeg?fit=980%2C675&ssl=1\",\"contentUrl\":\"https:\/\/i0.wp.com\/elregionalvm.com.ar\/noticias-villa-maria\/wp-content\/uploads\/2024\/07\/lengua-de-senas-980x675-1.jpeg?fit=980%2C675&ssl=1\",\"width\":980,\"height\":675},{\"@type\":\"BreadcrumbList\",\"@id\":\"https:\/\/elregionalvm.com.ar\/noticias-villa-maria\/pre-inscripciones-abiertas-para-la-diplomatura-en-traduccion-e-interpretacion-directa-de-lengua-de-senas-en-la-unvm\/#breadcrumb\",\"itemListElement\":[{\"@type\":\"ListItem\",\"position\":1,\"name\":\"Portada\",\"item\":\"https:\/\/elregionalvm.com.ar\/noticias-villa-maria\/\"},{\"@type\":\"ListItem\",\"position\":2,\"name\":\"Pre-inscripciones abiertas para la Diplomatura en Traducci\u00f3n e Interpretaci\u00f3n Directa de Lengua de Se\u00f1as en la UNVM\"}]},{\"@type\":\"WebSite\",\"@id\":\"http:\/\/elregionalvm.com.ar\/noticias-villa-maria\/#website\",\"url\":\"http:\/\/elregionalvm.com.ar\/noticias-villa-maria\/\",\"name\":\"El Regional\",\"description\":\"Mucho m\u00e1s que informaci\u00f3n\",\"potentialAction\":[{\"@type\":\"SearchAction\",\"target\":{\"@type\":\"EntryPoint\",\"urlTemplate\":\"http:\/\/elregionalvm.com.ar\/noticias-villa-maria\/?s={search_term_string}\"},\"query-input\":{\"@type\":\"PropertyValueSpecification\",\"valueRequired\":true,\"valueName\":\"search_term_string\"}}],\"inLanguage\":\"es\"},{\"@type\":\"Person\",\"@id\":\"http:\/\/elregionalvm.com.ar\/noticias-villa-maria\/#\/schema\/person\/a0fb9c422317faca23d50163151bc354\",\"name\":\"Contenidos El Regional\",\"image\":{\"@type\":\"ImageObject\",\"inLanguage\":\"es\",\"@id\":\"http:\/\/elregionalvm.com.ar\/noticias-villa-maria\/#\/schema\/person\/image\/\",\"url\":\"https:\/\/secure.gravatar.com\/avatar\/265b27cb2209af7bb3a1318f03305787d7981a5cc6e6cd08fe5a4ecdf99d4b48?s=96&d=mm&r=g\",\"contentUrl\":\"https:\/\/secure.gravatar.com\/avatar\/265b27cb2209af7bb3a1318f03305787d7981a5cc6e6cd08fe5a4ecdf99d4b48?s=96&d=mm&r=g\",\"caption\":\"Contenidos El Regional\"},\"url\":\"https:\/\/elregionalvm.com.ar\/noticias-villa-maria\/author\/contenido\/\"}]}<\/script>\n<!-- \/ Yoast SEO plugin. -->","yoast_head_json":{"title":"Pre-inscripciones abiertas para la Diplomatura en Traducci\u00f3n e Interpretaci\u00f3n Directa de Lengua de Se\u00f1as en la UNVM - El Regional","robots":{"index":"index","follow":"follow","max-snippet":"max-snippet:-1","max-image-preview":"max-image-preview:large","max-video-preview":"max-video-preview:-1"},"canonical":"https:\/\/elregionalvm.com.ar\/noticias-villa-maria\/pre-inscripciones-abiertas-para-la-diplomatura-en-traduccion-e-interpretacion-directa-de-lengua-de-senas-en-la-unvm\/","og_locale":"es_ES","og_type":"article","og_title":"Pre-inscripciones abiertas para la Diplomatura en Traducci\u00f3n e Interpretaci\u00f3n Directa de Lengua de Se\u00f1as en la UNVM - El Regional","og_description":"El Instituto A.P. de Ciencias Humanas de la Universidad Nacional de Villa Mar\u00eda (UNVM) abri\u00f3 las inscripciones de la nueva Diplomatura Superior en Traducci\u00f3n e Interpretaci\u00f3n Directa (Lengua de Se\u00f1as Argentina \u2013 Espa\u00f1ol). El trayecto iniciar\u00e1 en agosto de 2024 con cupos limitados. En cuanto a la modalidad de ense\u00f1anza de interpretaci\u00f3n\/traducci\u00f3n, la propuesta de [&hellip;]","og_url":"https:\/\/elregionalvm.com.ar\/noticias-villa-maria\/pre-inscripciones-abiertas-para-la-diplomatura-en-traduccion-e-interpretacion-directa-de-lengua-de-senas-en-la-unvm\/","og_site_name":"El Regional","article_publisher":"https:\/\/www.facebook.com\/elregionalvm","article_published_time":"2024-07-03T20:36:09+00:00","article_modified_time":"2024-07-03T20:36:13+00:00","og_image":[{"width":980,"height":675,"url":"https:\/\/elregionalvm.com.ar\/noticias-villa-maria\/wp-content\/uploads\/2024\/07\/lengua-de-senas-980x675-1.jpeg","type":"image\/jpeg"}],"author":"Contenidos El Regional","twitter_card":"summary_large_image","twitter_creator":"@elregionalvm1","twitter_site":"@elregionalvm1","twitter_misc":{"Escrito por":"Contenidos El Regional","Tiempo de lectura":"2 minutos"},"schema":{"@context":"https:\/\/schema.org","@graph":[{"@type":"Article","@id":"https:\/\/elregionalvm.com.ar\/noticias-villa-maria\/pre-inscripciones-abiertas-para-la-diplomatura-en-traduccion-e-interpretacion-directa-de-lengua-de-senas-en-la-unvm\/#article","isPartOf":{"@id":"https:\/\/elregionalvm.com.ar\/noticias-villa-maria\/pre-inscripciones-abiertas-para-la-diplomatura-en-traduccion-e-interpretacion-directa-de-lengua-de-senas-en-la-unvm\/"},"author":{"name":"Contenidos El Regional","@id":"http:\/\/elregionalvm.com.ar\/noticias-villa-maria\/#\/schema\/person\/a0fb9c422317faca23d50163151bc354"},"headline":"Pre-inscripciones abiertas para la Diplomatura en Traducci\u00f3n e Interpretaci\u00f3n Directa de Lengua de Se\u00f1as en la UNVM","datePublished":"2024-07-03T20:36:09+00:00","dateModified":"2024-07-03T20:36:13+00:00","mainEntityOfPage":{"@id":"https:\/\/elregionalvm.com.ar\/noticias-villa-maria\/pre-inscripciones-abiertas-para-la-diplomatura-en-traduccion-e-interpretacion-directa-de-lengua-de-senas-en-la-unvm\/"},"wordCount":444,"commentCount":0,"image":{"@id":"https:\/\/elregionalvm.com.ar\/noticias-villa-maria\/pre-inscripciones-abiertas-para-la-diplomatura-en-traduccion-e-interpretacion-directa-de-lengua-de-senas-en-la-unvm\/#primaryimage"},"thumbnailUrl":"https:\/\/i0.wp.com\/elregionalvm.com.ar\/noticias-villa-maria\/wp-content\/uploads\/2024\/07\/lengua-de-senas-980x675-1.jpeg?fit=980%2C675&ssl=1","articleSection":["destacado","Sociedad","Villa Mar\u00eda"],"inLanguage":"es","potentialAction":[{"@type":"CommentAction","name":"Comment","target":["https:\/\/elregionalvm.com.ar\/noticias-villa-maria\/pre-inscripciones-abiertas-para-la-diplomatura-en-traduccion-e-interpretacion-directa-de-lengua-de-senas-en-la-unvm\/#respond"]}]},{"@type":"WebPage","@id":"https:\/\/elregionalvm.com.ar\/noticias-villa-maria\/pre-inscripciones-abiertas-para-la-diplomatura-en-traduccion-e-interpretacion-directa-de-lengua-de-senas-en-la-unvm\/","url":"https:\/\/elregionalvm.com.ar\/noticias-villa-maria\/pre-inscripciones-abiertas-para-la-diplomatura-en-traduccion-e-interpretacion-directa-de-lengua-de-senas-en-la-unvm\/","name":"Pre-inscripciones abiertas para la Diplomatura en Traducci\u00f3n e Interpretaci\u00f3n Directa de Lengua de Se\u00f1as en la UNVM - El Regional","isPartOf":{"@id":"http:\/\/elregionalvm.com.ar\/noticias-villa-maria\/#website"},"primaryImageOfPage":{"@id":"https:\/\/elregionalvm.com.ar\/noticias-villa-maria\/pre-inscripciones-abiertas-para-la-diplomatura-en-traduccion-e-interpretacion-directa-de-lengua-de-senas-en-la-unvm\/#primaryimage"},"image":{"@id":"https:\/\/elregionalvm.com.ar\/noticias-villa-maria\/pre-inscripciones-abiertas-para-la-diplomatura-en-traduccion-e-interpretacion-directa-de-lengua-de-senas-en-la-unvm\/#primaryimage"},"thumbnailUrl":"https:\/\/i0.wp.com\/elregionalvm.com.ar\/noticias-villa-maria\/wp-content\/uploads\/2024\/07\/lengua-de-senas-980x675-1.jpeg?fit=980%2C675&ssl=1","datePublished":"2024-07-03T20:36:09+00:00","dateModified":"2024-07-03T20:36:13+00:00","author":{"@id":"http:\/\/elregionalvm.com.ar\/noticias-villa-maria\/#\/schema\/person\/a0fb9c422317faca23d50163151bc354"},"breadcrumb":{"@id":"https:\/\/elregionalvm.com.ar\/noticias-villa-maria\/pre-inscripciones-abiertas-para-la-diplomatura-en-traduccion-e-interpretacion-directa-de-lengua-de-senas-en-la-unvm\/#breadcrumb"},"inLanguage":"es","potentialAction":[{"@type":"ReadAction","target":["https:\/\/elregionalvm.com.ar\/noticias-villa-maria\/pre-inscripciones-abiertas-para-la-diplomatura-en-traduccion-e-interpretacion-directa-de-lengua-de-senas-en-la-unvm\/"]}]},{"@type":"ImageObject","inLanguage":"es","@id":"https:\/\/elregionalvm.com.ar\/noticias-villa-maria\/pre-inscripciones-abiertas-para-la-diplomatura-en-traduccion-e-interpretacion-directa-de-lengua-de-senas-en-la-unvm\/#primaryimage","url":"https:\/\/i0.wp.com\/elregionalvm.com.ar\/noticias-villa-maria\/wp-content\/uploads\/2024\/07\/lengua-de-senas-980x675-1.jpeg?fit=980%2C675&ssl=1","contentUrl":"https:\/\/i0.wp.com\/elregionalvm.com.ar\/noticias-villa-maria\/wp-content\/uploads\/2024\/07\/lengua-de-senas-980x675-1.jpeg?fit=980%2C675&ssl=1","width":980,"height":675},{"@type":"BreadcrumbList","@id":"https:\/\/elregionalvm.com.ar\/noticias-villa-maria\/pre-inscripciones-abiertas-para-la-diplomatura-en-traduccion-e-interpretacion-directa-de-lengua-de-senas-en-la-unvm\/#breadcrumb","itemListElement":[{"@type":"ListItem","position":1,"name":"Portada","item":"https:\/\/elregionalvm.com.ar\/noticias-villa-maria\/"},{"@type":"ListItem","position":2,"name":"Pre-inscripciones abiertas para la Diplomatura en Traducci\u00f3n e Interpretaci\u00f3n Directa de Lengua de Se\u00f1as en la UNVM"}]},{"@type":"WebSite","@id":"http:\/\/elregionalvm.com.ar\/noticias-villa-maria\/#website","url":"http:\/\/elregionalvm.com.ar\/noticias-villa-maria\/","name":"El Regional","description":"Mucho m\u00e1s que informaci\u00f3n","potentialAction":[{"@type":"SearchAction","target":{"@type":"EntryPoint","urlTemplate":"http:\/\/elregionalvm.com.ar\/noticias-villa-maria\/?s={search_term_string}"},"query-input":{"@type":"PropertyValueSpecification","valueRequired":true,"valueName":"search_term_string"}}],"inLanguage":"es"},{"@type":"Person","@id":"http:\/\/elregionalvm.com.ar\/noticias-villa-maria\/#\/schema\/person\/a0fb9c422317faca23d50163151bc354","name":"Contenidos El Regional","image":{"@type":"ImageObject","inLanguage":"es","@id":"http:\/\/elregionalvm.com.ar\/noticias-villa-maria\/#\/schema\/person\/image\/","url":"https:\/\/secure.gravatar.com\/avatar\/265b27cb2209af7bb3a1318f03305787d7981a5cc6e6cd08fe5a4ecdf99d4b48?s=96&d=mm&r=g","contentUrl":"https:\/\/secure.gravatar.com\/avatar\/265b27cb2209af7bb3a1318f03305787d7981a5cc6e6cd08fe5a4ecdf99d4b48?s=96&d=mm&r=g","caption":"Contenidos El Regional"},"url":"https:\/\/elregionalvm.com.ar\/noticias-villa-maria\/author\/contenido\/"}]}},"jetpack_featured_media_url":"https:\/\/i0.wp.com\/elregionalvm.com.ar\/noticias-villa-maria\/wp-content\/uploads\/2024\/07\/lengua-de-senas-980x675-1.jpeg?fit=980%2C675&ssl=1","jetpack_sharing_enabled":true,"_links":{"self":[{"href":"https:\/\/elregionalvm.com.ar\/noticias-villa-maria\/wp-json\/wp\/v2\/posts\/95806","targetHints":{"allow":["GET"]}}],"collection":[{"href":"https:\/\/elregionalvm.com.ar\/noticias-villa-maria\/wp-json\/wp\/v2\/posts"}],"about":[{"href":"https:\/\/elregionalvm.com.ar\/noticias-villa-maria\/wp-json\/wp\/v2\/types\/post"}],"author":[{"embeddable":true,"href":"https:\/\/elregionalvm.com.ar\/noticias-villa-maria\/wp-json\/wp\/v2\/users\/4"}],"replies":[{"embeddable":true,"href":"https:\/\/elregionalvm.com.ar\/noticias-villa-maria\/wp-json\/wp\/v2\/comments?post=95806"}],"version-history":[{"count":1,"href":"https:\/\/elregionalvm.com.ar\/noticias-villa-maria\/wp-json\/wp\/v2\/posts\/95806\/revisions"}],"predecessor-version":[{"id":95808,"href":"https:\/\/elregionalvm.com.ar\/noticias-villa-maria\/wp-json\/wp\/v2\/posts\/95806\/revisions\/95808"}],"wp:featuredmedia":[{"embeddable":true,"href":"https:\/\/elregionalvm.com.ar\/noticias-villa-maria\/wp-json\/wp\/v2\/media\/95807"}],"wp:attachment":[{"href":"https:\/\/elregionalvm.com.ar\/noticias-villa-maria\/wp-json\/wp\/v2\/media?parent=95806"}],"wp:term":[{"taxonomy":"category","embeddable":true,"href":"https:\/\/elregionalvm.com.ar\/noticias-villa-maria\/wp-json\/wp\/v2\/categories?post=95806"},{"taxonomy":"post_tag","embeddable":true,"href":"https:\/\/elregionalvm.com.ar\/noticias-villa-maria\/wp-json\/wp\/v2\/tags?post=95806"}],"curies":[{"name":"wp","href":"https:\/\/api.w.org\/{rel}","templated":true}]}}