{"id":95825,"date":"2024-07-03T20:55:03","date_gmt":"2024-07-03T20:55:03","guid":{"rendered":"https:\/\/elregionalvm.com.ar\/noticias-villa-maria\/?p=95825"},"modified":"2024-07-03T20:55:05","modified_gmt":"2024-07-03T20:55:05","slug":"bell-ville-llaryora-firmo-el-contrato-que-da-inicio-a-la-construccion-del-nuevo-hospital-regional","status":"publish","type":"post","link":"https:\/\/elregionalvm.com.ar\/noticias-villa-maria\/bell-ville-llaryora-firmo-el-contrato-que-da-inicio-a-la-construccion-del-nuevo-hospital-regional\/","title":{"rendered":"Bell Ville: Llaryora firm\u00f3 el contrato que da inicio a la construcci\u00f3n del nuevo Hospital Regional"},"content":{"rendered":"\n<p>El gobernador Mart\u00edn Llaryora visit\u00f3 la localidad de Bell Ville, en el departamento Uni\u00f3n, donde encabez\u00f3 la firma del contrato que da inicio a la construcci\u00f3n del nuevo edificio del Hospital Regional Jos\u00e9 A. Ceballos.<\/p>\n\n\n\n<p>El proyecto implica un avance significativo en la mejora de infraestructura sanitaria para la toda regi\u00f3n.<\/p>\n\n\n\n<figure class=\"wp-block-image size-full\"><img data-recalc-dims=\"1\" fetchpriority=\"high\" decoding=\"async\" width=\"1024\" height=\"644\" src=\"https:\/\/i0.wp.com\/elregionalvm.com.ar\/noticias-villa-maria\/wp-content\/uploads\/2024\/07\/WhatsApp-Image-2024-07-03-at-13.41.34-1024x644-1.jpeg?resize=1024%2C644&#038;ssl=1\" alt=\"\" class=\"wp-image-95826\" srcset=\"https:\/\/i0.wp.com\/elregionalvm.com.ar\/noticias-villa-maria\/wp-content\/uploads\/2024\/07\/WhatsApp-Image-2024-07-03-at-13.41.34-1024x644-1.jpeg?w=1024&amp;ssl=1 1024w, https:\/\/i0.wp.com\/elregionalvm.com.ar\/noticias-villa-maria\/wp-content\/uploads\/2024\/07\/WhatsApp-Image-2024-07-03-at-13.41.34-1024x644-1.jpeg?resize=300%2C189&amp;ssl=1 300w, https:\/\/i0.wp.com\/elregionalvm.com.ar\/noticias-villa-maria\/wp-content\/uploads\/2024\/07\/WhatsApp-Image-2024-07-03-at-13.41.34-1024x644-1.jpeg?resize=768%2C483&amp;ssl=1 768w\" sizes=\"(max-width: 1000px) 100vw, 1000px\" \/><\/figure>\n\n\n\n<p><em>\u201cHoy firmamos el comienzo de la obra que anunciamos en diciembre y ahora estamos haciendo realidad. Y es una obra hist\u00f3rica, que lleva mucho tiempo e inversi\u00f3n, que genera muchos puestos de trabajo, mueve la econom\u00eda local y a la vez, una vez concluida, va a salvar vidas y ser\u00e1 necesaria para las familias de la regi\u00f3n\u201d,&nbsp;<\/em>expres\u00f3 el gobernador.<\/p>\n\n\n\n<p>Y agreg\u00f3:&nbsp;<em>\u201cEsta obra est\u00e1 pensada, por la magnitud, para que Bell Ville sea un polo sanitario regional, con obras de infraestructura y con una mayor calidad en materia sanitaria\u201d.<\/em><\/p>\n\n\n\n<p>Adem\u00e1s, Mart\u00edn Llaryora destac\u00f3 que, una vez concretado, ser\u00e1 uno de los hospitales m\u00e1s grandes de la provincia y el pa\u00eds. Asimismo, valor\u00f3 la importancia de la intervenci\u00f3n del Estado, ya que\u00a0<em>\u201ces imposible que alguien del sector privado venga a construir una capacidad hospitalaria de esta dimensi\u00f3n\u201d.<\/em><\/p>\n\n\n\n<p>El edificio, emplazado en el sector norte del lote que ocupa el actual hospital, permitir\u00e1 optimizar e incrementar la capacidad de atenci\u00f3n a partir de nueva infraestructura, equipamiento m\u00e9dico de \u00faltima generaci\u00f3n y la concentraci\u00f3n de especialidades que hoy funcionan en construcciones aisladas.<\/p>\n\n\n\n<p>De esta manera, la infraestructura permitir\u00e1 fortalecer los servicios de pediatr\u00eda, obstetricia, neonatolog\u00eda, traumatolog\u00eda, cirug\u00eda general y unidades de cuidados intensivos (UCI) para adultos.<\/p>\n\n\n\n<p>La obra implicar\u00e1 una inversi\u00f3n superior a 19 millones de d\u00f3lares, que al tipo de cambio actual equivale a $18.017.198.993,34, y que se traducir\u00e1 en una importante mejora en la atenci\u00f3n a los pacientes.<\/p>\n\n\n\n<p>Cabe destacar que el hospital Jos\u00e9 A. Ceballos atiende actualmente a una poblaci\u00f3n de casi 120.000 habitantes, incluyendo los residentes de Bell Ville, otras localidades del departamento y su zona de influencia.<\/p>\n\n\n\n<p>En este sentido, el gobernador subray\u00f3 que&nbsp;<em>\u201cla construcci\u00f3n de este hospital implica una inversi\u00f3n importante, que potencia a Bell Ville. Para esto hay que privilegiar la calidad de vida de la gente y el federalismo, que las familias del interior tengan calidad m\u00e9dica y se les pueda salvar la vida cerca de donde viven\u201d.<\/em><\/p>\n\n\n\n<p>El ministro de salud, Ricardo Pieckenstainer, indic\u00f3 a su turno:&nbsp;<em>\u00abEs un hospital muy moderno que cuenta con toda la aparatolog\u00eda y las instalaciones para hacer frente a las necesidades que se presentan en la zona. Va a incluir todos los servicios que actualmente est\u00e1n funcionando en el hospital y algunos adicionales\u201d.<\/em><\/p>\n\n\n\n<p><em>\u201cAdem\u00e1s, esta instituci\u00f3n va a cumplimentar la Ley de Salud Mental, con internaci\u00f3n para pacientes con tratamiento de salud mental agudo, rompiendo el paradigma y poniendo en manifiesto lo que nosotros queremos transformar en la provincia\u201d,&nbsp;<\/em>complet\u00f3.<\/p>\n\n\n\n<p>A continuaci\u00f3n, el intendente local Juan Manuel Moroni, expres\u00f3:&nbsp;<em>\u00abHoy, en nombre de todos los intendentes del departamento Uni\u00f3n y de toda la comunidad, quiero decir que estamos muy agradecidos por la decisi\u00f3n pol\u00edtica de invertir en infraestructura y en salud en estos tiempos dif\u00edciles\u00bb.<\/em><\/p>\n\n\n\n<h3 class=\"wp-block-heading\">Sobre la obra<\/h3>\n\n\n\n<p>Con una superficie cubierta de 8.982 m\u00b2, emplazada en un terreno de 31.450 m\u00b2, el nuevo hospital albergar\u00e1 96 camas, 25 m\u00e1s que la capacidad actual. Adem\u00e1s, se destinar\u00e1n otras 22 para pacientes con tratamiento de salud mental agudo, reemplazando los 18 puestos existentes en edificios externos.<\/p>\n\n\n\n<p>La nueva sala de UCI contar\u00e1 con 4 nuevas camas y se eleva a 33 la cantidad de consultorios, que se complementar\u00e1n con 8 m\u00e1s de la Guardia, mientras que se mantendr\u00e1n las 7 camas de UTI y las 8 incubadoras de Neonatolog\u00eda.<\/p>\n\n\n\n<p>El proyecto incluye un centro de operaciones con 4 quir\u00f3fanos y un servicio de obstetricia con 3 Unidades de Trabajo de Parto y Reanimaci\u00f3n (UTPR).<\/p>\n\n\n\n<p>El servicio de diagn\u00f3stico por im\u00e1genes contar\u00e1 con tom\u00f3grafo, resonador, seri\u00f3grafo, radiolog\u00eda, ecograf\u00eda y mamograf\u00eda, con revelado digital.<\/p>\n\n\n\n<p>La obra se completa con servicios como laboratorio, hemoterapia, endoscop\u00eda, anatom\u00eda patol\u00f3gica, farmacia, central de esterilizaci\u00f3n y otras \u00e1reas complementarias y de apoyo.<\/p>\n\n\n\n<p>Cabe destacar que el hospital contar\u00e1 con una instalaci\u00f3n fotovoltaica que aprovechar\u00e1 energ\u00eda renovable para cubrir cerca del 20% de su consumo energ\u00e9tico, contribuyendo as\u00ed a la sostenibilidad y reducci\u00f3n del impacto ambiental.<\/p>\n\n\n\n<p>Por \u00faltimo, es preciso se\u00f1alar que tambi\u00e9n se realizar\u00e1 la refuncionalizaci\u00f3n del actual policl\u00ednico, para alojar 120 camas destinadas a pacientes de larga estad\u00eda por patolog\u00edas invalidantes de orden cl\u00ednico-neurol\u00f3gico con alg\u00fan componente dual (psiqui\u00e1trico).<\/p>\n\n\n\n<p>Tambi\u00e9n estuvieron presentes el ministro de Vinculaci\u00f3n Comunitaria, Daniel Pastore; el director del Hospital Regional Jos\u00e9 Ceballos, el Dr. Jos\u00e9 Mar\u00eda Ruiz; los legisladores provinciales Abraham Galo y Carlos Briner; el secretario de Seguridad de la Provincia, \u00c1ngel Bevilacqua; el presidente de la constructora AMG, Guillermo Gastardelli; y el secretario de arquitectura de la Provincia, Andr\u00e9s Caparr\u00f3s.<\/p>\n","protected":false},"excerpt":{"rendered":"<p>El gobernador Mart\u00edn Llaryora visit\u00f3 la localidad de Bell Ville, en el departamento Uni\u00f3n, donde encabez\u00f3 la firma del contrato que da inicio a la construcci\u00f3n del nuevo edificio del Hospital Regional Jos\u00e9 A. Ceballos. El proyecto implica un avance significativo en la mejora de infraestructura sanitaria para la toda regi\u00f3n. \u201cHoy firmamos el comienzo [&hellip;]<\/p>\n","protected":false},"author":4,"featured_media":95827,"comment_status":"open","ping_status":"open","sticky":false,"template":"","format":"standard","meta":{"site-sidebar-layout":"default","site-content-layout":"","ast-site-content-layout":"default","site-content-style":"default","site-sidebar-style":"default","ast-global-header-display":"","ast-banner-title-visibility":"","ast-main-header-display":"","ast-hfb-above-header-display":"","ast-hfb-below-header-display":"","ast-hfb-mobile-header-display":"","site-post-title":"","ast-breadcrumbs-content":"","ast-featured-img":"","footer-sml-layout":"","ast-disable-related-posts":"","theme-transparent-header-meta":"","adv-header-id-meta":"","stick-header-meta":"","header-above-stick-meta":"","header-main-stick-meta":"","header-below-stick-meta":"","astra-migrate-meta-layouts":"set","ast-page-background-enabled":"default","ast-page-background-meta":{"desktop":{"background-color":"","background-image":"","background-repeat":"repeat","background-position":"center center","background-size":"auto","background-attachment":"scroll","background-type":"","background-media":"","overlay-type":"","overlay-color":"","overlay-opacity":"","overlay-gradient":""},"tablet":{"background-color":"","background-image":"","background-repeat":"repeat","background-position":"center center","background-size":"auto","background-attachment":"scroll","background-type":"","background-media":"","overlay-type":"","overlay-color":"","overlay-opacity":"","overlay-gradient":""},"mobile":{"background-color":"","background-image":"","background-repeat":"repeat","background-position":"center center","background-size":"auto","background-attachment":"scroll","background-type":"","background-media":"","overlay-type":"","overlay-color":"","overlay-opacity":"","overlay-gradient":""}},"ast-content-background-meta":{"desktop":{"background-color":"var(--ast-global-color-5)","background-image":"","background-repeat":"repeat","background-position":"center center","background-size":"auto","background-attachment":"scroll","background-type":"","background-media":"","overlay-type":"","overlay-color":"","overlay-opacity":"","overlay-gradient":""},"tablet":{"background-color":"var(--ast-global-color-5)","background-image":"","background-repeat":"repeat","background-position":"center center","background-size":"auto","background-attachment":"scroll","background-type":"","background-media":"","overlay-type":"","overlay-color":"","overlay-opacity":"","overlay-gradient":""},"mobile":{"background-color":"var(--ast-global-color-5)","background-image":"","background-repeat":"repeat","background-position":"center center","background-size":"auto","background-attachment":"scroll","background-type":"","background-media":"","overlay-type":"","overlay-color":"","overlay-opacity":"","overlay-gradient":""}},"_jetpack_memberships_contains_paid_content":false,"_joinchat":[],"footnotes":""},"categories":[15302,16095,5],"tags":[],"class_list":["post-95825","post","type-post","status-publish","format-standard","has-post-thumbnail","hentry","category-destacado","category-provinciales","category-sociedad"],"yoast_head":"<!-- This site is optimized with the Yoast SEO plugin v26.8 - https:\/\/yoast.com\/product\/yoast-seo-wordpress\/ -->\n<title>Bell Ville: Llaryora firm\u00f3 el contrato que da inicio a la construcci\u00f3n del nuevo Hospital Regional - El Regional<\/title>\n<meta name=\"robots\" content=\"index, follow, max-snippet:-1, max-image-preview:large, max-video-preview:-1\" \/>\n<link rel=\"canonical\" href=\"https:\/\/elregionalvm.com.ar\/noticias-villa-maria\/bell-ville-llaryora-firmo-el-contrato-que-da-inicio-a-la-construccion-del-nuevo-hospital-regional\/\" \/>\n<meta property=\"og:locale\" content=\"es_ES\" \/>\n<meta property=\"og:type\" content=\"article\" \/>\n<meta property=\"og:title\" content=\"Bell Ville: Llaryora firm\u00f3 el contrato que da inicio a la construcci\u00f3n del nuevo Hospital Regional - El Regional\" \/>\n<meta property=\"og:description\" content=\"El gobernador Mart\u00edn Llaryora visit\u00f3 la localidad de Bell Ville, en el departamento Uni\u00f3n, donde encabez\u00f3 la firma del contrato que da inicio a la construcci\u00f3n del nuevo edificio del Hospital Regional Jos\u00e9 A. Ceballos. El proyecto implica un avance significativo en la mejora de infraestructura sanitaria para la toda regi\u00f3n. \u201cHoy firmamos el comienzo [&hellip;]\" \/>\n<meta property=\"og:url\" content=\"https:\/\/elregionalvm.com.ar\/noticias-villa-maria\/bell-ville-llaryora-firmo-el-contrato-que-da-inicio-a-la-construccion-del-nuevo-hospital-regional\/\" \/>\n<meta property=\"og:site_name\" content=\"El Regional\" \/>\n<meta property=\"article:publisher\" content=\"https:\/\/www.facebook.com\/elregionalvm\" \/>\n<meta property=\"article:published_time\" content=\"2024-07-03T20:55:03+00:00\" \/>\n<meta property=\"article:modified_time\" content=\"2024-07-03T20:55:05+00:00\" \/>\n<meta property=\"og:image\" content=\"https:\/\/elregionalvm.com.ar\/noticias-villa-maria\/wp-content\/uploads\/2024\/07\/WhatsApp-Image-2024-07-03-at-13.41.33.jpeg\" \/>\n\t<meta property=\"og:image:width\" content=\"1600\" \/>\n\t<meta property=\"og:image:height\" content=\"1064\" \/>\n\t<meta property=\"og:image:type\" content=\"image\/jpeg\" \/>\n<meta name=\"author\" content=\"Contenidos El Regional\" \/>\n<meta name=\"twitter:card\" content=\"summary_large_image\" \/>\n<meta name=\"twitter:creator\" content=\"@elregionalvm1\" \/>\n<meta name=\"twitter:site\" content=\"@elregionalvm1\" \/>\n<meta name=\"twitter:label1\" content=\"Escrito por\" \/>\n\t<meta name=\"twitter:data1\" content=\"Contenidos El Regional\" \/>\n\t<meta name=\"twitter:label2\" content=\"Tiempo de lectura\" \/>\n\t<meta name=\"twitter:data2\" content=\"5 minutos\" \/>\n<script type=\"application\/ld+json\" class=\"yoast-schema-graph\">{\"@context\":\"https:\/\/schema.org\",\"@graph\":[{\"@type\":\"Article\",\"@id\":\"https:\/\/elregionalvm.com.ar\/noticias-villa-maria\/bell-ville-llaryora-firmo-el-contrato-que-da-inicio-a-la-construccion-del-nuevo-hospital-regional\/#article\",\"isPartOf\":{\"@id\":\"https:\/\/elregionalvm.com.ar\/noticias-villa-maria\/bell-ville-llaryora-firmo-el-contrato-que-da-inicio-a-la-construccion-del-nuevo-hospital-regional\/\"},\"author\":{\"name\":\"Contenidos El Regional\",\"@id\":\"http:\/\/elregionalvm.com.ar\/noticias-villa-maria\/#\/schema\/person\/a0fb9c422317faca23d50163151bc354\"},\"headline\":\"Bell Ville: Llaryora firm\u00f3 el contrato que da inicio a la construcci\u00f3n del nuevo Hospital Regional\",\"datePublished\":\"2024-07-03T20:55:03+00:00\",\"dateModified\":\"2024-07-03T20:55:05+00:00\",\"mainEntityOfPage\":{\"@id\":\"https:\/\/elregionalvm.com.ar\/noticias-villa-maria\/bell-ville-llaryora-firmo-el-contrato-que-da-inicio-a-la-construccion-del-nuevo-hospital-regional\/\"},\"wordCount\":878,\"commentCount\":0,\"image\":{\"@id\":\"https:\/\/elregionalvm.com.ar\/noticias-villa-maria\/bell-ville-llaryora-firmo-el-contrato-que-da-inicio-a-la-construccion-del-nuevo-hospital-regional\/#primaryimage\"},\"thumbnailUrl\":\"https:\/\/i0.wp.com\/elregionalvm.com.ar\/noticias-villa-maria\/wp-content\/uploads\/2024\/07\/WhatsApp-Image-2024-07-03-at-13.41.33.jpeg?fit=1600%2C1064&ssl=1\",\"articleSection\":[\"destacado\",\"Provinciales\",\"Sociedad\"],\"inLanguage\":\"es\",\"potentialAction\":[{\"@type\":\"CommentAction\",\"name\":\"Comment\",\"target\":[\"https:\/\/elregionalvm.com.ar\/noticias-villa-maria\/bell-ville-llaryora-firmo-el-contrato-que-da-inicio-a-la-construccion-del-nuevo-hospital-regional\/#respond\"]}]},{\"@type\":\"WebPage\",\"@id\":\"https:\/\/elregionalvm.com.ar\/noticias-villa-maria\/bell-ville-llaryora-firmo-el-contrato-que-da-inicio-a-la-construccion-del-nuevo-hospital-regional\/\",\"url\":\"https:\/\/elregionalvm.com.ar\/noticias-villa-maria\/bell-ville-llaryora-firmo-el-contrato-que-da-inicio-a-la-construccion-del-nuevo-hospital-regional\/\",\"name\":\"Bell Ville: Llaryora firm\u00f3 el contrato que da inicio a la construcci\u00f3n del nuevo Hospital Regional - El Regional\",\"isPartOf\":{\"@id\":\"http:\/\/elregionalvm.com.ar\/noticias-villa-maria\/#website\"},\"primaryImageOfPage\":{\"@id\":\"https:\/\/elregionalvm.com.ar\/noticias-villa-maria\/bell-ville-llaryora-firmo-el-contrato-que-da-inicio-a-la-construccion-del-nuevo-hospital-regional\/#primaryimage\"},\"image\":{\"@id\":\"https:\/\/elregionalvm.com.ar\/noticias-villa-maria\/bell-ville-llaryora-firmo-el-contrato-que-da-inicio-a-la-construccion-del-nuevo-hospital-regional\/#primaryimage\"},\"thumbnailUrl\":\"https:\/\/i0.wp.com\/elregionalvm.com.ar\/noticias-villa-maria\/wp-content\/uploads\/2024\/07\/WhatsApp-Image-2024-07-03-at-13.41.33.jpeg?fit=1600%2C1064&ssl=1\",\"datePublished\":\"2024-07-03T20:55:03+00:00\",\"dateModified\":\"2024-07-03T20:55:05+00:00\",\"author\":{\"@id\":\"http:\/\/elregionalvm.com.ar\/noticias-villa-maria\/#\/schema\/person\/a0fb9c422317faca23d50163151bc354\"},\"breadcrumb\":{\"@id\":\"https:\/\/elregionalvm.com.ar\/noticias-villa-maria\/bell-ville-llaryora-firmo-el-contrato-que-da-inicio-a-la-construccion-del-nuevo-hospital-regional\/#breadcrumb\"},\"inLanguage\":\"es\",\"potentialAction\":[{\"@type\":\"ReadAction\",\"target\":[\"https:\/\/elregionalvm.com.ar\/noticias-villa-maria\/bell-ville-llaryora-firmo-el-contrato-que-da-inicio-a-la-construccion-del-nuevo-hospital-regional\/\"]}]},{\"@type\":\"ImageObject\",\"inLanguage\":\"es\",\"@id\":\"https:\/\/elregionalvm.com.ar\/noticias-villa-maria\/bell-ville-llaryora-firmo-el-contrato-que-da-inicio-a-la-construccion-del-nuevo-hospital-regional\/#primaryimage\",\"url\":\"https:\/\/i0.wp.com\/elregionalvm.com.ar\/noticias-villa-maria\/wp-content\/uploads\/2024\/07\/WhatsApp-Image-2024-07-03-at-13.41.33.jpeg?fit=1600%2C1064&ssl=1\",\"contentUrl\":\"https:\/\/i0.wp.com\/elregionalvm.com.ar\/noticias-villa-maria\/wp-content\/uploads\/2024\/07\/WhatsApp-Image-2024-07-03-at-13.41.33.jpeg?fit=1600%2C1064&ssl=1\",\"width\":1600,\"height\":1064},{\"@type\":\"BreadcrumbList\",\"@id\":\"https:\/\/elregionalvm.com.ar\/noticias-villa-maria\/bell-ville-llaryora-firmo-el-contrato-que-da-inicio-a-la-construccion-del-nuevo-hospital-regional\/#breadcrumb\",\"itemListElement\":[{\"@type\":\"ListItem\",\"position\":1,\"name\":\"Portada\",\"item\":\"https:\/\/elregionalvm.com.ar\/noticias-villa-maria\/\"},{\"@type\":\"ListItem\",\"position\":2,\"name\":\"Bell Ville: Llaryora firm\u00f3 el contrato que da inicio a la construcci\u00f3n del nuevo Hospital Regional\"}]},{\"@type\":\"WebSite\",\"@id\":\"http:\/\/elregionalvm.com.ar\/noticias-villa-maria\/#website\",\"url\":\"http:\/\/elregionalvm.com.ar\/noticias-villa-maria\/\",\"name\":\"El Regional\",\"description\":\"Mucho m\u00e1s que informaci\u00f3n\",\"potentialAction\":[{\"@type\":\"SearchAction\",\"target\":{\"@type\":\"EntryPoint\",\"urlTemplate\":\"http:\/\/elregionalvm.com.ar\/noticias-villa-maria\/?s={search_term_string}\"},\"query-input\":{\"@type\":\"PropertyValueSpecification\",\"valueRequired\":true,\"valueName\":\"search_term_string\"}}],\"inLanguage\":\"es\"},{\"@type\":\"Person\",\"@id\":\"http:\/\/elregionalvm.com.ar\/noticias-villa-maria\/#\/schema\/person\/a0fb9c422317faca23d50163151bc354\",\"name\":\"Contenidos El Regional\",\"image\":{\"@type\":\"ImageObject\",\"inLanguage\":\"es\",\"@id\":\"http:\/\/elregionalvm.com.ar\/noticias-villa-maria\/#\/schema\/person\/image\/\",\"url\":\"https:\/\/secure.gravatar.com\/avatar\/265b27cb2209af7bb3a1318f03305787d7981a5cc6e6cd08fe5a4ecdf99d4b48?s=96&d=mm&r=g\",\"contentUrl\":\"https:\/\/secure.gravatar.com\/avatar\/265b27cb2209af7bb3a1318f03305787d7981a5cc6e6cd08fe5a4ecdf99d4b48?s=96&d=mm&r=g\",\"caption\":\"Contenidos El Regional\"},\"url\":\"https:\/\/elregionalvm.com.ar\/noticias-villa-maria\/author\/contenido\/\"}]}<\/script>\n<!-- \/ Yoast SEO plugin. -->","yoast_head_json":{"title":"Bell Ville: Llaryora firm\u00f3 el contrato que da inicio a la construcci\u00f3n del nuevo Hospital Regional - El Regional","robots":{"index":"index","follow":"follow","max-snippet":"max-snippet:-1","max-image-preview":"max-image-preview:large","max-video-preview":"max-video-preview:-1"},"canonical":"https:\/\/elregionalvm.com.ar\/noticias-villa-maria\/bell-ville-llaryora-firmo-el-contrato-que-da-inicio-a-la-construccion-del-nuevo-hospital-regional\/","og_locale":"es_ES","og_type":"article","og_title":"Bell Ville: Llaryora firm\u00f3 el contrato que da inicio a la construcci\u00f3n del nuevo Hospital Regional - El Regional","og_description":"El gobernador Mart\u00edn Llaryora visit\u00f3 la localidad de Bell Ville, en el departamento Uni\u00f3n, donde encabez\u00f3 la firma del contrato que da inicio a la construcci\u00f3n del nuevo edificio del Hospital Regional Jos\u00e9 A. Ceballos. El proyecto implica un avance significativo en la mejora de infraestructura sanitaria para la toda regi\u00f3n. \u201cHoy firmamos el comienzo [&hellip;]","og_url":"https:\/\/elregionalvm.com.ar\/noticias-villa-maria\/bell-ville-llaryora-firmo-el-contrato-que-da-inicio-a-la-construccion-del-nuevo-hospital-regional\/","og_site_name":"El Regional","article_publisher":"https:\/\/www.facebook.com\/elregionalvm","article_published_time":"2024-07-03T20:55:03+00:00","article_modified_time":"2024-07-03T20:55:05+00:00","og_image":[{"width":1600,"height":1064,"url":"https:\/\/elregionalvm.com.ar\/noticias-villa-maria\/wp-content\/uploads\/2024\/07\/WhatsApp-Image-2024-07-03-at-13.41.33.jpeg","type":"image\/jpeg"}],"author":"Contenidos El Regional","twitter_card":"summary_large_image","twitter_creator":"@elregionalvm1","twitter_site":"@elregionalvm1","twitter_misc":{"Escrito por":"Contenidos El Regional","Tiempo de lectura":"5 minutos"},"schema":{"@context":"https:\/\/schema.org","@graph":[{"@type":"Article","@id":"https:\/\/elregionalvm.com.ar\/noticias-villa-maria\/bell-ville-llaryora-firmo-el-contrato-que-da-inicio-a-la-construccion-del-nuevo-hospital-regional\/#article","isPartOf":{"@id":"https:\/\/elregionalvm.com.ar\/noticias-villa-maria\/bell-ville-llaryora-firmo-el-contrato-que-da-inicio-a-la-construccion-del-nuevo-hospital-regional\/"},"author":{"name":"Contenidos El Regional","@id":"http:\/\/elregionalvm.com.ar\/noticias-villa-maria\/#\/schema\/person\/a0fb9c422317faca23d50163151bc354"},"headline":"Bell Ville: Llaryora firm\u00f3 el contrato que da inicio a la construcci\u00f3n del nuevo Hospital Regional","datePublished":"2024-07-03T20:55:03+00:00","dateModified":"2024-07-03T20:55:05+00:00","mainEntityOfPage":{"@id":"https:\/\/elregionalvm.com.ar\/noticias-villa-maria\/bell-ville-llaryora-firmo-el-contrato-que-da-inicio-a-la-construccion-del-nuevo-hospital-regional\/"},"wordCount":878,"commentCount":0,"image":{"@id":"https:\/\/elregionalvm.com.ar\/noticias-villa-maria\/bell-ville-llaryora-firmo-el-contrato-que-da-inicio-a-la-construccion-del-nuevo-hospital-regional\/#primaryimage"},"thumbnailUrl":"https:\/\/i0.wp.com\/elregionalvm.com.ar\/noticias-villa-maria\/wp-content\/uploads\/2024\/07\/WhatsApp-Image-2024-07-03-at-13.41.33.jpeg?fit=1600%2C1064&ssl=1","articleSection":["destacado","Provinciales","Sociedad"],"inLanguage":"es","potentialAction":[{"@type":"CommentAction","name":"Comment","target":["https:\/\/elregionalvm.com.ar\/noticias-villa-maria\/bell-ville-llaryora-firmo-el-contrato-que-da-inicio-a-la-construccion-del-nuevo-hospital-regional\/#respond"]}]},{"@type":"WebPage","@id":"https:\/\/elregionalvm.com.ar\/noticias-villa-maria\/bell-ville-llaryora-firmo-el-contrato-que-da-inicio-a-la-construccion-del-nuevo-hospital-regional\/","url":"https:\/\/elregionalvm.com.ar\/noticias-villa-maria\/bell-ville-llaryora-firmo-el-contrato-que-da-inicio-a-la-construccion-del-nuevo-hospital-regional\/","name":"Bell Ville: Llaryora firm\u00f3 el contrato que da inicio a la construcci\u00f3n del nuevo Hospital Regional - El Regional","isPartOf":{"@id":"http:\/\/elregionalvm.com.ar\/noticias-villa-maria\/#website"},"primaryImageOfPage":{"@id":"https:\/\/elregionalvm.com.ar\/noticias-villa-maria\/bell-ville-llaryora-firmo-el-contrato-que-da-inicio-a-la-construccion-del-nuevo-hospital-regional\/#primaryimage"},"image":{"@id":"https:\/\/elregionalvm.com.ar\/noticias-villa-maria\/bell-ville-llaryora-firmo-el-contrato-que-da-inicio-a-la-construccion-del-nuevo-hospital-regional\/#primaryimage"},"thumbnailUrl":"https:\/\/i0.wp.com\/elregionalvm.com.ar\/noticias-villa-maria\/wp-content\/uploads\/2024\/07\/WhatsApp-Image-2024-07-03-at-13.41.33.jpeg?fit=1600%2C1064&ssl=1","datePublished":"2024-07-03T20:55:03+00:00","dateModified":"2024-07-03T20:55:05+00:00","author":{"@id":"http:\/\/elregionalvm.com.ar\/noticias-villa-maria\/#\/schema\/person\/a0fb9c422317faca23d50163151bc354"},"breadcrumb":{"@id":"https:\/\/elregionalvm.com.ar\/noticias-villa-maria\/bell-ville-llaryora-firmo-el-contrato-que-da-inicio-a-la-construccion-del-nuevo-hospital-regional\/#breadcrumb"},"inLanguage":"es","potentialAction":[{"@type":"ReadAction","target":["https:\/\/elregionalvm.com.ar\/noticias-villa-maria\/bell-ville-llaryora-firmo-el-contrato-que-da-inicio-a-la-construccion-del-nuevo-hospital-regional\/"]}]},{"@type":"ImageObject","inLanguage":"es","@id":"https:\/\/elregionalvm.com.ar\/noticias-villa-maria\/bell-ville-llaryora-firmo-el-contrato-que-da-inicio-a-la-construccion-del-nuevo-hospital-regional\/#primaryimage","url":"https:\/\/i0.wp.com\/elregionalvm.com.ar\/noticias-villa-maria\/wp-content\/uploads\/2024\/07\/WhatsApp-Image-2024-07-03-at-13.41.33.jpeg?fit=1600%2C1064&ssl=1","contentUrl":"https:\/\/i0.wp.com\/elregionalvm.com.ar\/noticias-villa-maria\/wp-content\/uploads\/2024\/07\/WhatsApp-Image-2024-07-03-at-13.41.33.jpeg?fit=1600%2C1064&ssl=1","width":1600,"height":1064},{"@type":"BreadcrumbList","@id":"https:\/\/elregionalvm.com.ar\/noticias-villa-maria\/bell-ville-llaryora-firmo-el-contrato-que-da-inicio-a-la-construccion-del-nuevo-hospital-regional\/#breadcrumb","itemListElement":[{"@type":"ListItem","position":1,"name":"Portada","item":"https:\/\/elregionalvm.com.ar\/noticias-villa-maria\/"},{"@type":"ListItem","position":2,"name":"Bell Ville: Llaryora firm\u00f3 el contrato que da inicio a la construcci\u00f3n del nuevo Hospital Regional"}]},{"@type":"WebSite","@id":"http:\/\/elregionalvm.com.ar\/noticias-villa-maria\/#website","url":"http:\/\/elregionalvm.com.ar\/noticias-villa-maria\/","name":"El Regional","description":"Mucho m\u00e1s que informaci\u00f3n","potentialAction":[{"@type":"SearchAction","target":{"@type":"EntryPoint","urlTemplate":"http:\/\/elregionalvm.com.ar\/noticias-villa-maria\/?s={search_term_string}"},"query-input":{"@type":"PropertyValueSpecification","valueRequired":true,"valueName":"search_term_string"}}],"inLanguage":"es"},{"@type":"Person","@id":"http:\/\/elregionalvm.com.ar\/noticias-villa-maria\/#\/schema\/person\/a0fb9c422317faca23d50163151bc354","name":"Contenidos El Regional","image":{"@type":"ImageObject","inLanguage":"es","@id":"http:\/\/elregionalvm.com.ar\/noticias-villa-maria\/#\/schema\/person\/image\/","url":"https:\/\/secure.gravatar.com\/avatar\/265b27cb2209af7bb3a1318f03305787d7981a5cc6e6cd08fe5a4ecdf99d4b48?s=96&d=mm&r=g","contentUrl":"https:\/\/secure.gravatar.com\/avatar\/265b27cb2209af7bb3a1318f03305787d7981a5cc6e6cd08fe5a4ecdf99d4b48?s=96&d=mm&r=g","caption":"Contenidos El Regional"},"url":"https:\/\/elregionalvm.com.ar\/noticias-villa-maria\/author\/contenido\/"}]}},"jetpack_featured_media_url":"https:\/\/i0.wp.com\/elregionalvm.com.ar\/noticias-villa-maria\/wp-content\/uploads\/2024\/07\/WhatsApp-Image-2024-07-03-at-13.41.33.jpeg?fit=1600%2C1064&ssl=1","jetpack_sharing_enabled":true,"_links":{"self":[{"href":"https:\/\/elregionalvm.com.ar\/noticias-villa-maria\/wp-json\/wp\/v2\/posts\/95825","targetHints":{"allow":["GET"]}}],"collection":[{"href":"https:\/\/elregionalvm.com.ar\/noticias-villa-maria\/wp-json\/wp\/v2\/posts"}],"about":[{"href":"https:\/\/elregionalvm.com.ar\/noticias-villa-maria\/wp-json\/wp\/v2\/types\/post"}],"author":[{"embeddable":true,"href":"https:\/\/elregionalvm.com.ar\/noticias-villa-maria\/wp-json\/wp\/v2\/users\/4"}],"replies":[{"embeddable":true,"href":"https:\/\/elregionalvm.com.ar\/noticias-villa-maria\/wp-json\/wp\/v2\/comments?post=95825"}],"version-history":[{"count":1,"href":"https:\/\/elregionalvm.com.ar\/noticias-villa-maria\/wp-json\/wp\/v2\/posts\/95825\/revisions"}],"predecessor-version":[{"id":95828,"href":"https:\/\/elregionalvm.com.ar\/noticias-villa-maria\/wp-json\/wp\/v2\/posts\/95825\/revisions\/95828"}],"wp:featuredmedia":[{"embeddable":true,"href":"https:\/\/elregionalvm.com.ar\/noticias-villa-maria\/wp-json\/wp\/v2\/media\/95827"}],"wp:attachment":[{"href":"https:\/\/elregionalvm.com.ar\/noticias-villa-maria\/wp-json\/wp\/v2\/media?parent=95825"}],"wp:term":[{"taxonomy":"category","embeddable":true,"href":"https:\/\/elregionalvm.com.ar\/noticias-villa-maria\/wp-json\/wp\/v2\/categories?post=95825"},{"taxonomy":"post_tag","embeddable":true,"href":"https:\/\/elregionalvm.com.ar\/noticias-villa-maria\/wp-json\/wp\/v2\/tags?post=95825"}],"curies":[{"name":"wp","href":"https:\/\/api.w.org\/{rel}","templated":true}]}}