{"id":96045,"date":"2024-07-09T02:50:54","date_gmt":"2024-07-09T02:50:54","guid":{"rendered":"https:\/\/elregionalvm.com.ar\/noticias-villa-maria\/?p=96045"},"modified":"2024-07-12T18:00:20","modified_gmt":"2024-07-12T18:00:20","slug":"suena-rock-moscato-pizza-y-faina-de-memphis-la-blusera","status":"publish","type":"post","link":"https:\/\/elregionalvm.com.ar\/noticias-villa-maria\/suena-rock-moscato-pizza-y-faina-de-memphis-la-blusera\/","title":{"rendered":"[Suena Rock] \u201cMoscato, pizza y fain\u00e1\u201d, de Memphis, La Blusera"},"content":{"rendered":"\n<h3 class=\"wp-block-heading\"><strong><em>\u201cLas luces se encienden en calle Corrientes\u201d<\/em><\/strong><\/h3>\n\n\n\n<p><\/p>\n\n\n\n<p><strong>Escribe: \u00a0Leo Mu\u00f1oz<\/strong><\/p>\n\n\n\n<p><\/p>\n\n\n\n<p><strong>Pizza<\/strong><\/p>\n\n\n\n<p>La pizza se origina desde los panes planos, t\u00edpicos del mundo mediterr\u00e1neo, por lo que panes saborizados en la antigua Grecia o la focaccia romana son parte del proceso que lleva a la pizza.<\/p>\n\n\n\n<p>Es N\u00e1poles la que logra mayores adhesiones como cuna de la pizza, una de las m\u00e1s populares comidas del mundo.<\/p>\n\n\n\n<p><\/p>\n\n\n\n<figure class=\"wp-block-image size-large\"><img data-recalc-dims=\"1\" fetchpriority=\"high\" decoding=\"async\" width=\"1024\" height=\"683\" src=\"https:\/\/i0.wp.com\/elregionalvm.com.ar\/noticias-villa-maria\/wp-content\/uploads\/2020\/11\/Pizza-nino.jpg?resize=1024%2C683&#038;ssl=1\" alt=\"\" class=\"wp-image-27941\" srcset=\"https:\/\/i0.wp.com\/elregionalvm.com.ar\/noticias-villa-maria\/wp-content\/uploads\/2020\/11\/Pizza-nino.jpg?resize=1024%2C683&amp;ssl=1 1024w, https:\/\/i0.wp.com\/elregionalvm.com.ar\/noticias-villa-maria\/wp-content\/uploads\/2020\/11\/Pizza-nino.jpg?resize=300%2C200&amp;ssl=1 300w, https:\/\/i0.wp.com\/elregionalvm.com.ar\/noticias-villa-maria\/wp-content\/uploads\/2020\/11\/Pizza-nino.jpg?resize=768%2C512&amp;ssl=1 768w, https:\/\/i0.wp.com\/elregionalvm.com.ar\/noticias-villa-maria\/wp-content\/uploads\/2020\/11\/Pizza-nino.jpg?w=1200&amp;ssl=1 1200w\" sizes=\"(max-width: 1000px) 100vw, 1000px\" \/><\/figure>\n\n\n\n<p><\/p>\n\n\n\n<p>Desde el Siglo XVIII existen registros sobre la pizza, la migraci\u00f3n de italianos llev\u00f3 este alimento a variadas regiones, la Argentina, receptora de inmigrantes \u201ctanos\u201d, llev\u00f3 sus pizzas a nivel de fama mundial.<\/p>\n\n\n\n<p>La pizza actual es horneada con hornos de gas y a\u00fan tambi\u00e9n con le\u00f1a, lo que les da un t\u00edpico sabor, se ha extendido tambi\u00e9n la pizza a la parrilla entre los \u201cargentos\u201d, aumentando las opciones de cocci\u00f3n. Fr\u00eda o caliente, es para todos los gustos.<\/p>\n\n\n\n<p><\/p>\n\n\n\n<figure class=\"wp-block-embed is-type-video is-provider-youtube wp-block-embed-youtube wp-embed-aspect-4-3 wp-has-aspect-ratio\"><div class=\"wp-block-embed__wrapper\">\n<iframe title=\"Memphis la blusera - Moscato, pizza y fain\u00e1 (DVD Luna Park &quot;25&quot;)\" width=\"500\" height=\"375\" src=\"https:\/\/www.youtube.com\/embed\/n--ryEJDZdU?feature=oembed\" frameborder=\"0\" allow=\"accelerometer; autoplay; clipboard-write; encrypted-media; gyroscope; picture-in-picture; web-share\" referrerpolicy=\"strict-origin-when-cross-origin\" allowfullscreen><\/iframe>\n<\/div><\/figure>\n\n\n\n<p><\/p>\n\n\n\n<p><strong>Calle Corrientes<\/strong><\/p>\n\n\n\n<p>El nombre definitivo de esta calle llega en 1822, por ser la ciudad de Corrientes la primera del interior de Argentina en apoyar la independencia.<\/p>\n\n\n\n<p>Las reformas contempor\u00e1neas se proyectaron en 1910, entre 1931 y 1936 se demolieron edificios ensanchando la que se inaugur\u00f3 entonces como avenida. Entretenimiento, cultura y comercio, fueron desarroll\u00e1ndose sobre la m\u00edtica arteria porte\u00f1a.<\/p>\n\n\n\n<p>Las 70 cuadras de su extensi\u00f3n recorren cinco barrios, San Nicol\u00e1s, Balvanera, Almagro, Villa Crespo y Chacarita.<\/p>\n\n\n\n<p>Recibi\u00f3 el nombre de la \u201ccalle que nunca duerme\u201d y su fama creci\u00f3 con los teatros, bares y cabarets que en la d\u00e9cada del 40 tuvieron su \u00e9poca de oro.<\/p>\n\n\n\n<p>En el cruce con Avenida 9 de Julio se halla el ic\u00f3nico obelisco porte\u00f1o.<\/p>\n\n\n\n<p><strong>Pizzer\u00edas en Villa Mar\u00eda<\/strong><\/p>\n\n\n\n<p>Son muchas las pizzer\u00edas que hicieron su propio recorrido en Villa Mar\u00eda, menciono solo algunas, como la Pizzer\u00eda Ed\u00e9n en Entre R\u00edos al 1000, la pizzer\u00eda Ant\u00f3n en la esquina de la misma calle con San Mart\u00edn o las famosas pizzas de Monta en calle Corrientes al 1400.<\/p>\n\n\n\n<p><\/p>\n\n\n\n<figure class=\"wp-block-image size-large\"><img data-recalc-dims=\"1\" decoding=\"async\" width=\"1024\" height=\"717\" src=\"https:\/\/i0.wp.com\/elregionalvm.com.ar\/noticias-villa-maria\/wp-content\/uploads\/2024\/07\/Pizzeria-Anton-anos-60-con-personajes-villamarienses.jpg?resize=1024%2C717&#038;ssl=1\" alt=\"\" class=\"wp-image-96047\"\/><figcaption class=\"wp-element-caption\"><em>Los profesores Elvio Toscano, Lulo Tais, Miguel Baluzi, Jorge Toledo, Teobaldo Morales, Eduardo Requena y Dino Calvo, en la popular pizzer\u00eda Ant\u00f3n, Entre R\u00edos y San Mart\u00edn. <\/em><\/figcaption><\/figure>\n\n\n\n<p><\/p>\n\n\n\n<p>Algunas sobrevivieron al paso del tiempo, cambiaron domicilio, pero el irresistible aroma a la pizza reci\u00e9n horneada sigue llamando a los paladares villamarienses.<\/p>\n\n\n\n<p><strong>Pizza en la canci\u00f3n<\/strong><\/p>\n\n\n\n<p>La canci\u00f3n de referencia corresponde a \u201cMemphis la Blusera\u201d, cantada por la inconfundible voz del ya fallecido Adri\u00e1n Otero.<\/p>\n\n\n\n<p>La letra describe la vida nocturna de la calle Corrientes, destacando la t\u00edpica combinaci\u00f3n de moscato, pizza y fain\u00e1 del paladar porte\u00f1o.<\/p>\n\n\n\n<p>Tambi\u00e9n Alfredo Casero escribi\u00f3 la muy pegadiza \u201cPizza conmigo\u201d, declarando el amor por la porci\u00f3n en todas sus versiones.<\/p>\n\n\n\n<p><\/p>\n\n\n\n<figure class=\"wp-block-embed is-type-video is-provider-youtube wp-block-embed-youtube wp-embed-aspect-16-9 wp-has-aspect-ratio\"><div class=\"wp-block-embed__wrapper\">\n<iframe title=\"Alfredo Casero - Pizza Conmigo (Video Oficial)\" width=\"500\" height=\"281\" src=\"https:\/\/www.youtube.com\/embed\/qlCnemO91tM?feature=oembed\" frameborder=\"0\" allow=\"accelerometer; autoplay; clipboard-write; encrypted-media; gyroscope; picture-in-picture; web-share\" referrerpolicy=\"strict-origin-when-cross-origin\" allowfullscreen><\/iframe>\n<\/div><\/figure>\n\n\n\n<p><\/p>\n\n\n\n<p><strong>\u201cMoscato, pizza y fain\u00e1\u201d (Memphis, la Blusera)<\/strong><\/p>\n\n\n\n<p>Par\u00e1<br>Y decime \u00bfqui\u00e9n sos vos?<br>\u00bfY qui\u00e9n soy yo?<br>\u00bfY qui\u00e9n es<br>Aqu\u00e9l?<\/p>\n\n\n\n<p>Perdidos entre la multitud<br>No somos nadie<br>Fulanos hormigas<br>Lavalle, a la hora 23<br>Las chichis hierven.<\/p>\n\n\n\n<p>Las luces se encienden<br>en calle Corrientes<br>Se llena de gente que viene y que va<br>Salen del cine<br>R\u00eden y lloran<br>Se aman, se pelean, se vuelven a amar&#8230;<\/p>\n\n\n\n<p>En la Universal<br>Fin de la noche<br>Moscato, pizza y fain\u00e1<br>Moscato y pizza&#8230;<\/p>\n\n\n\n<p>Las luces se encienden<br>en calle Corrientes<br>Se llena de gente que viene y que va<br>Salen del cine<br>R\u00eden y lloran<br>Se aman, se pelean, se vuelven a amar&#8230;<\/p>\n\n\n\n<p>En la Universal<br>Fin de la noche<br>Moscato, pizza y fain\u00e1<br>Moscato y pizza&#8230;<\/p>\n\n\n\n<p>Moscato y pizza<\/p>\n\n\n\n<p>Moscato y pizza<\/p>\n\n\n\n<p>Moscato y pizza<\/p>\n\n\n\n<p>F\u00falanos arriba<br>Moscato y pizza&#8230;<\/p>\n\n\n\n<p><\/p>\n\n\n\n<h3 class=\"wp-block-heading\"><strong>Tambi\u00e9n pod\u00e9s ver: <\/strong><\/h3>\n\n\n\n<p><\/p>\n\n\n\n<figure class=\"wp-block-embed is-type-wp-embed is-provider-el-regional wp-block-embed-el-regional\"><div class=\"wp-block-embed__wrapper\">\n<blockquote class=\"wp-embedded-content\" data-secret=\"aa2BGKrmta\"><a href=\"https:\/\/elregionalvm.com.ar\/noticias-villa-maria\/suena-rock-el-extrano-de-pelo-largo-y-la-rebeldia-de-los-60\/\">[Suena Rock] El Extra\u00f1o de Pelo Largo y la rebeld\u00eda de los 60<\/a><\/blockquote><iframe class=\"wp-embedded-content\" sandbox=\"allow-scripts\" security=\"restricted\" style=\"position: absolute; clip: rect(1px, 1px, 1px, 1px);\" title=\"\u00ab[Suena Rock] El Extra\u00f1o de Pelo Largo y la rebeld\u00eda de los 60\u00bb \u2014 El Regional\" src=\"https:\/\/elregionalvm.com.ar\/noticias-villa-maria\/suena-rock-el-extrano-de-pelo-largo-y-la-rebeldia-de-los-60\/embed\/#?secret=xXagASlbPi#?secret=aa2BGKrmta\" data-secret=\"aa2BGKrmta\" width=\"500\" height=\"282\" frameborder=\"0\" marginwidth=\"0\" marginheight=\"0\" scrolling=\"no\"><\/iframe>\n<\/div><\/figure>\n","protected":false},"excerpt":{"rendered":"<p>\u201cLas luces se encienden en calle Corrientes\u201d Escribe: \u00a0Leo Mu\u00f1oz Pizza La pizza se origina desde los panes planos, t\u00edpicos del mundo mediterr\u00e1neo, por lo que panes saborizados en la antigua Grecia o la focaccia romana son parte del proceso que lleva a la pizza. Es N\u00e1poles la que logra mayores adhesiones como cuna de [&hellip;]<\/p>\n","protected":false},"author":4,"featured_media":96049,"comment_status":"open","ping_status":"open","sticky":false,"template":"","format":"standard","meta":{"site-sidebar-layout":"default","site-content-layout":"","ast-site-content-layout":"default","site-content-style":"default","site-sidebar-style":"default","ast-global-header-display":"","ast-banner-title-visibility":"","ast-main-header-display":"","ast-hfb-above-header-display":"","ast-hfb-below-header-display":"","ast-hfb-mobile-header-display":"","site-post-title":"","ast-breadcrumbs-content":"","ast-featured-img":"","footer-sml-layout":"","ast-disable-related-posts":"","theme-transparent-header-meta":"","adv-header-id-meta":"","stick-header-meta":"","header-above-stick-meta":"","header-main-stick-meta":"","header-below-stick-meta":"","astra-migrate-meta-layouts":"set","ast-page-background-enabled":"default","ast-page-background-meta":{"desktop":{"background-color":"","background-image":"","background-repeat":"repeat","background-position":"center center","background-size":"auto","background-attachment":"scroll","background-type":"","background-media":"","overlay-type":"","overlay-color":"","overlay-opacity":"","overlay-gradient":""},"tablet":{"background-color":"","background-image":"","background-repeat":"repeat","background-position":"center center","background-size":"auto","background-attachment":"scroll","background-type":"","background-media":"","overlay-type":"","overlay-color":"","overlay-opacity":"","overlay-gradient":""},"mobile":{"background-color":"","background-image":"","background-repeat":"repeat","background-position":"center center","background-size":"auto","background-attachment":"scroll","background-type":"","background-media":"","overlay-type":"","overlay-color":"","overlay-opacity":"","overlay-gradient":""}},"ast-content-background-meta":{"desktop":{"background-color":"var(--ast-global-color-5)","background-image":"","background-repeat":"repeat","background-position":"center center","background-size":"auto","background-attachment":"scroll","background-type":"","background-media":"","overlay-type":"","overlay-color":"","overlay-opacity":"","overlay-gradient":""},"tablet":{"background-color":"var(--ast-global-color-5)","background-image":"","background-repeat":"repeat","background-position":"center center","background-size":"auto","background-attachment":"scroll","background-type":"","background-media":"","overlay-type":"","overlay-color":"","overlay-opacity":"","overlay-gradient":""},"mobile":{"background-color":"var(--ast-global-color-5)","background-image":"","background-repeat":"repeat","background-position":"center center","background-size":"auto","background-attachment":"scroll","background-type":"","background-media":"","overlay-type":"","overlay-color":"","overlay-opacity":"","overlay-gradient":""}},"_jetpack_memberships_contains_paid_content":false,"_joinchat":[],"footnotes":""},"categories":[2098,3557,2074],"tags":[2212,24170,24171,20217,24168,13533,24169,24166,1663,5498,713,14448,9948],"class_list":["post-96045","post","type-post","status-publish","format-standard","has-post-thumbnail","hentry","category-historias","category-tercera","category-videos","tag-bares","tag-blues","tag-cabarets","tag-calle-corrientes","tag-faina","tag-luces","tag-memphis-la-blusera","tag-moscato","tag-musica","tag-pizza","tag-rock","tag-suena-rock","tag-teatros"],"yoast_head":"<!-- This site is optimized with the Yoast SEO plugin v26.8 - https:\/\/yoast.com\/product\/yoast-seo-wordpress\/ -->\n<title>[Suena Rock] \u201cMoscato, pizza y fain\u00e1\u201d, de Memphis, La Blusera - El Regional<\/title>\n<meta name=\"robots\" content=\"index, follow, max-snippet:-1, max-image-preview:large, max-video-preview:-1\" \/>\n<link rel=\"canonical\" href=\"https:\/\/elregionalvm.com.ar\/noticias-villa-maria\/suena-rock-moscato-pizza-y-faina-de-memphis-la-blusera\/\" \/>\n<meta property=\"og:locale\" content=\"es_ES\" \/>\n<meta property=\"og:type\" content=\"article\" \/>\n<meta property=\"og:title\" content=\"[Suena Rock] \u201cMoscato, pizza y fain\u00e1\u201d, de Memphis, La Blusera - El Regional\" \/>\n<meta property=\"og:description\" content=\"\u201cLas luces se encienden en calle Corrientes\u201d Escribe: \u00a0Leo Mu\u00f1oz Pizza La pizza se origina desde los panes planos, t\u00edpicos del mundo mediterr\u00e1neo, por lo que panes saborizados en la antigua Grecia o la focaccia romana son parte del proceso que lleva a la pizza. Es N\u00e1poles la que logra mayores adhesiones como cuna de [&hellip;]\" \/>\n<meta property=\"og:url\" content=\"https:\/\/elregionalvm.com.ar\/noticias-villa-maria\/suena-rock-moscato-pizza-y-faina-de-memphis-la-blusera\/\" \/>\n<meta property=\"og:site_name\" content=\"El Regional\" \/>\n<meta property=\"article:publisher\" content=\"https:\/\/www.facebook.com\/elregionalvm\" \/>\n<meta property=\"article:published_time\" content=\"2024-07-09T02:50:54+00:00\" \/>\n<meta property=\"article:modified_time\" content=\"2024-07-12T18:00:20+00:00\" \/>\n<meta property=\"og:image\" content=\"https:\/\/elregionalvm.com.ar\/noticias-villa-maria\/wp-content\/uploads\/2024\/07\/pizza-y-moscato.jpg\" \/>\n\t<meta property=\"og:image:width\" content=\"1200\" \/>\n\t<meta property=\"og:image:height\" content=\"674\" \/>\n\t<meta property=\"og:image:type\" content=\"image\/jpeg\" \/>\n<meta name=\"author\" content=\"Contenidos El Regional\" \/>\n<meta name=\"twitter:card\" content=\"summary_large_image\" \/>\n<meta name=\"twitter:creator\" content=\"@elregionalvm1\" \/>\n<meta name=\"twitter:site\" content=\"@elregionalvm1\" \/>\n<meta name=\"twitter:label1\" content=\"Escrito por\" \/>\n\t<meta name=\"twitter:data1\" content=\"Contenidos El Regional\" \/>\n\t<meta name=\"twitter:label2\" content=\"Tiempo de lectura\" \/>\n\t<meta name=\"twitter:data2\" content=\"4 minutos\" \/>\n<script type=\"application\/ld+json\" class=\"yoast-schema-graph\">{\"@context\":\"https:\/\/schema.org\",\"@graph\":[{\"@type\":\"Article\",\"@id\":\"https:\/\/elregionalvm.com.ar\/noticias-villa-maria\/suena-rock-moscato-pizza-y-faina-de-memphis-la-blusera\/#article\",\"isPartOf\":{\"@id\":\"https:\/\/elregionalvm.com.ar\/noticias-villa-maria\/suena-rock-moscato-pizza-y-faina-de-memphis-la-blusera\/\"},\"author\":{\"name\":\"Contenidos El Regional\",\"@id\":\"http:\/\/elregionalvm.com.ar\/noticias-villa-maria\/#\/schema\/person\/a0fb9c422317faca23d50163151bc354\"},\"headline\":\"[Suena Rock] \u201cMoscato, pizza y fain\u00e1\u201d, de Memphis, La Blusera\",\"datePublished\":\"2024-07-09T02:50:54+00:00\",\"dateModified\":\"2024-07-12T18:00:20+00:00\",\"mainEntityOfPage\":{\"@id\":\"https:\/\/elregionalvm.com.ar\/noticias-villa-maria\/suena-rock-moscato-pizza-y-faina-de-memphis-la-blusera\/\"},\"wordCount\":630,\"commentCount\":0,\"image\":{\"@id\":\"https:\/\/elregionalvm.com.ar\/noticias-villa-maria\/suena-rock-moscato-pizza-y-faina-de-memphis-la-blusera\/#primaryimage\"},\"thumbnailUrl\":\"https:\/\/i0.wp.com\/elregionalvm.com.ar\/noticias-villa-maria\/wp-content\/uploads\/2024\/07\/pizza-y-moscato.jpg?fit=1200%2C674&ssl=1\",\"keywords\":[\"Bares\",\"blues\",\"cabarets\",\"Calle Corrientes\",\"fain\u00e1\",\"luces\",\"Memphis La Blusera\",\"moscato\",\"M\u00fasica\",\"Pizza\",\"Rock\",\"Suena Rock\",\"Teatros\"],\"articleSection\":[\"Historias\",\"tercera\",\"Videos\"],\"inLanguage\":\"es\",\"potentialAction\":[{\"@type\":\"CommentAction\",\"name\":\"Comment\",\"target\":[\"https:\/\/elregionalvm.com.ar\/noticias-villa-maria\/suena-rock-moscato-pizza-y-faina-de-memphis-la-blusera\/#respond\"]}]},{\"@type\":\"WebPage\",\"@id\":\"https:\/\/elregionalvm.com.ar\/noticias-villa-maria\/suena-rock-moscato-pizza-y-faina-de-memphis-la-blusera\/\",\"url\":\"https:\/\/elregionalvm.com.ar\/noticias-villa-maria\/suena-rock-moscato-pizza-y-faina-de-memphis-la-blusera\/\",\"name\":\"[Suena Rock] \u201cMoscato, pizza y fain\u00e1\u201d, de Memphis, La Blusera - El Regional\",\"isPartOf\":{\"@id\":\"http:\/\/elregionalvm.com.ar\/noticias-villa-maria\/#website\"},\"primaryImageOfPage\":{\"@id\":\"https:\/\/elregionalvm.com.ar\/noticias-villa-maria\/suena-rock-moscato-pizza-y-faina-de-memphis-la-blusera\/#primaryimage\"},\"image\":{\"@id\":\"https:\/\/elregionalvm.com.ar\/noticias-villa-maria\/suena-rock-moscato-pizza-y-faina-de-memphis-la-blusera\/#primaryimage\"},\"thumbnailUrl\":\"https:\/\/i0.wp.com\/elregionalvm.com.ar\/noticias-villa-maria\/wp-content\/uploads\/2024\/07\/pizza-y-moscato.jpg?fit=1200%2C674&ssl=1\",\"datePublished\":\"2024-07-09T02:50:54+00:00\",\"dateModified\":\"2024-07-12T18:00:20+00:00\",\"author\":{\"@id\":\"http:\/\/elregionalvm.com.ar\/noticias-villa-maria\/#\/schema\/person\/a0fb9c422317faca23d50163151bc354\"},\"breadcrumb\":{\"@id\":\"https:\/\/elregionalvm.com.ar\/noticias-villa-maria\/suena-rock-moscato-pizza-y-faina-de-memphis-la-blusera\/#breadcrumb\"},\"inLanguage\":\"es\",\"potentialAction\":[{\"@type\":\"ReadAction\",\"target\":[\"https:\/\/elregionalvm.com.ar\/noticias-villa-maria\/suena-rock-moscato-pizza-y-faina-de-memphis-la-blusera\/\"]}]},{\"@type\":\"ImageObject\",\"inLanguage\":\"es\",\"@id\":\"https:\/\/elregionalvm.com.ar\/noticias-villa-maria\/suena-rock-moscato-pizza-y-faina-de-memphis-la-blusera\/#primaryimage\",\"url\":\"https:\/\/i0.wp.com\/elregionalvm.com.ar\/noticias-villa-maria\/wp-content\/uploads\/2024\/07\/pizza-y-moscato.jpg?fit=1200%2C674&ssl=1\",\"contentUrl\":\"https:\/\/i0.wp.com\/elregionalvm.com.ar\/noticias-villa-maria\/wp-content\/uploads\/2024\/07\/pizza-y-moscato.jpg?fit=1200%2C674&ssl=1\",\"width\":1200,\"height\":674},{\"@type\":\"BreadcrumbList\",\"@id\":\"https:\/\/elregionalvm.com.ar\/noticias-villa-maria\/suena-rock-moscato-pizza-y-faina-de-memphis-la-blusera\/#breadcrumb\",\"itemListElement\":[{\"@type\":\"ListItem\",\"position\":1,\"name\":\"Portada\",\"item\":\"https:\/\/elregionalvm.com.ar\/noticias-villa-maria\/\"},{\"@type\":\"ListItem\",\"position\":2,\"name\":\"[Suena Rock] \u201cMoscato, pizza y fain\u00e1\u201d, de Memphis, La Blusera\"}]},{\"@type\":\"WebSite\",\"@id\":\"http:\/\/elregionalvm.com.ar\/noticias-villa-maria\/#website\",\"url\":\"http:\/\/elregionalvm.com.ar\/noticias-villa-maria\/\",\"name\":\"El Regional\",\"description\":\"Mucho m\u00e1s que informaci\u00f3n\",\"potentialAction\":[{\"@type\":\"SearchAction\",\"target\":{\"@type\":\"EntryPoint\",\"urlTemplate\":\"http:\/\/elregionalvm.com.ar\/noticias-villa-maria\/?s={search_term_string}\"},\"query-input\":{\"@type\":\"PropertyValueSpecification\",\"valueRequired\":true,\"valueName\":\"search_term_string\"}}],\"inLanguage\":\"es\"},{\"@type\":\"Person\",\"@id\":\"http:\/\/elregionalvm.com.ar\/noticias-villa-maria\/#\/schema\/person\/a0fb9c422317faca23d50163151bc354\",\"name\":\"Contenidos El Regional\",\"image\":{\"@type\":\"ImageObject\",\"inLanguage\":\"es\",\"@id\":\"http:\/\/elregionalvm.com.ar\/noticias-villa-maria\/#\/schema\/person\/image\/\",\"url\":\"https:\/\/secure.gravatar.com\/avatar\/265b27cb2209af7bb3a1318f03305787d7981a5cc6e6cd08fe5a4ecdf99d4b48?s=96&d=mm&r=g\",\"contentUrl\":\"https:\/\/secure.gravatar.com\/avatar\/265b27cb2209af7bb3a1318f03305787d7981a5cc6e6cd08fe5a4ecdf99d4b48?s=96&d=mm&r=g\",\"caption\":\"Contenidos El Regional\"},\"url\":\"https:\/\/elregionalvm.com.ar\/noticias-villa-maria\/author\/contenido\/\"}]}<\/script>\n<!-- \/ Yoast SEO plugin. -->","yoast_head_json":{"title":"[Suena Rock] \u201cMoscato, pizza y fain\u00e1\u201d, de Memphis, La Blusera - El Regional","robots":{"index":"index","follow":"follow","max-snippet":"max-snippet:-1","max-image-preview":"max-image-preview:large","max-video-preview":"max-video-preview:-1"},"canonical":"https:\/\/elregionalvm.com.ar\/noticias-villa-maria\/suena-rock-moscato-pizza-y-faina-de-memphis-la-blusera\/","og_locale":"es_ES","og_type":"article","og_title":"[Suena Rock] \u201cMoscato, pizza y fain\u00e1\u201d, de Memphis, La Blusera - El Regional","og_description":"\u201cLas luces se encienden en calle Corrientes\u201d Escribe: \u00a0Leo Mu\u00f1oz Pizza La pizza se origina desde los panes planos, t\u00edpicos del mundo mediterr\u00e1neo, por lo que panes saborizados en la antigua Grecia o la focaccia romana son parte del proceso que lleva a la pizza. Es N\u00e1poles la que logra mayores adhesiones como cuna de [&hellip;]","og_url":"https:\/\/elregionalvm.com.ar\/noticias-villa-maria\/suena-rock-moscato-pizza-y-faina-de-memphis-la-blusera\/","og_site_name":"El Regional","article_publisher":"https:\/\/www.facebook.com\/elregionalvm","article_published_time":"2024-07-09T02:50:54+00:00","article_modified_time":"2024-07-12T18:00:20+00:00","og_image":[{"width":1200,"height":674,"url":"https:\/\/elregionalvm.com.ar\/noticias-villa-maria\/wp-content\/uploads\/2024\/07\/pizza-y-moscato.jpg","type":"image\/jpeg"}],"author":"Contenidos El Regional","twitter_card":"summary_large_image","twitter_creator":"@elregionalvm1","twitter_site":"@elregionalvm1","twitter_misc":{"Escrito por":"Contenidos El Regional","Tiempo de lectura":"4 minutos"},"schema":{"@context":"https:\/\/schema.org","@graph":[{"@type":"Article","@id":"https:\/\/elregionalvm.com.ar\/noticias-villa-maria\/suena-rock-moscato-pizza-y-faina-de-memphis-la-blusera\/#article","isPartOf":{"@id":"https:\/\/elregionalvm.com.ar\/noticias-villa-maria\/suena-rock-moscato-pizza-y-faina-de-memphis-la-blusera\/"},"author":{"name":"Contenidos El Regional","@id":"http:\/\/elregionalvm.com.ar\/noticias-villa-maria\/#\/schema\/person\/a0fb9c422317faca23d50163151bc354"},"headline":"[Suena Rock] \u201cMoscato, pizza y fain\u00e1\u201d, de Memphis, La Blusera","datePublished":"2024-07-09T02:50:54+00:00","dateModified":"2024-07-12T18:00:20+00:00","mainEntityOfPage":{"@id":"https:\/\/elregionalvm.com.ar\/noticias-villa-maria\/suena-rock-moscato-pizza-y-faina-de-memphis-la-blusera\/"},"wordCount":630,"commentCount":0,"image":{"@id":"https:\/\/elregionalvm.com.ar\/noticias-villa-maria\/suena-rock-moscato-pizza-y-faina-de-memphis-la-blusera\/#primaryimage"},"thumbnailUrl":"https:\/\/i0.wp.com\/elregionalvm.com.ar\/noticias-villa-maria\/wp-content\/uploads\/2024\/07\/pizza-y-moscato.jpg?fit=1200%2C674&ssl=1","keywords":["Bares","blues","cabarets","Calle Corrientes","fain\u00e1","luces","Memphis La Blusera","moscato","M\u00fasica","Pizza","Rock","Suena Rock","Teatros"],"articleSection":["Historias","tercera","Videos"],"inLanguage":"es","potentialAction":[{"@type":"CommentAction","name":"Comment","target":["https:\/\/elregionalvm.com.ar\/noticias-villa-maria\/suena-rock-moscato-pizza-y-faina-de-memphis-la-blusera\/#respond"]}]},{"@type":"WebPage","@id":"https:\/\/elregionalvm.com.ar\/noticias-villa-maria\/suena-rock-moscato-pizza-y-faina-de-memphis-la-blusera\/","url":"https:\/\/elregionalvm.com.ar\/noticias-villa-maria\/suena-rock-moscato-pizza-y-faina-de-memphis-la-blusera\/","name":"[Suena Rock] \u201cMoscato, pizza y fain\u00e1\u201d, de Memphis, La Blusera - El Regional","isPartOf":{"@id":"http:\/\/elregionalvm.com.ar\/noticias-villa-maria\/#website"},"primaryImageOfPage":{"@id":"https:\/\/elregionalvm.com.ar\/noticias-villa-maria\/suena-rock-moscato-pizza-y-faina-de-memphis-la-blusera\/#primaryimage"},"image":{"@id":"https:\/\/elregionalvm.com.ar\/noticias-villa-maria\/suena-rock-moscato-pizza-y-faina-de-memphis-la-blusera\/#primaryimage"},"thumbnailUrl":"https:\/\/i0.wp.com\/elregionalvm.com.ar\/noticias-villa-maria\/wp-content\/uploads\/2024\/07\/pizza-y-moscato.jpg?fit=1200%2C674&ssl=1","datePublished":"2024-07-09T02:50:54+00:00","dateModified":"2024-07-12T18:00:20+00:00","author":{"@id":"http:\/\/elregionalvm.com.ar\/noticias-villa-maria\/#\/schema\/person\/a0fb9c422317faca23d50163151bc354"},"breadcrumb":{"@id":"https:\/\/elregionalvm.com.ar\/noticias-villa-maria\/suena-rock-moscato-pizza-y-faina-de-memphis-la-blusera\/#breadcrumb"},"inLanguage":"es","potentialAction":[{"@type":"ReadAction","target":["https:\/\/elregionalvm.com.ar\/noticias-villa-maria\/suena-rock-moscato-pizza-y-faina-de-memphis-la-blusera\/"]}]},{"@type":"ImageObject","inLanguage":"es","@id":"https:\/\/elregionalvm.com.ar\/noticias-villa-maria\/suena-rock-moscato-pizza-y-faina-de-memphis-la-blusera\/#primaryimage","url":"https:\/\/i0.wp.com\/elregionalvm.com.ar\/noticias-villa-maria\/wp-content\/uploads\/2024\/07\/pizza-y-moscato.jpg?fit=1200%2C674&ssl=1","contentUrl":"https:\/\/i0.wp.com\/elregionalvm.com.ar\/noticias-villa-maria\/wp-content\/uploads\/2024\/07\/pizza-y-moscato.jpg?fit=1200%2C674&ssl=1","width":1200,"height":674},{"@type":"BreadcrumbList","@id":"https:\/\/elregionalvm.com.ar\/noticias-villa-maria\/suena-rock-moscato-pizza-y-faina-de-memphis-la-blusera\/#breadcrumb","itemListElement":[{"@type":"ListItem","position":1,"name":"Portada","item":"https:\/\/elregionalvm.com.ar\/noticias-villa-maria\/"},{"@type":"ListItem","position":2,"name":"[Suena Rock] \u201cMoscato, pizza y fain\u00e1\u201d, de Memphis, La Blusera"}]},{"@type":"WebSite","@id":"http:\/\/elregionalvm.com.ar\/noticias-villa-maria\/#website","url":"http:\/\/elregionalvm.com.ar\/noticias-villa-maria\/","name":"El Regional","description":"Mucho m\u00e1s que informaci\u00f3n","potentialAction":[{"@type":"SearchAction","target":{"@type":"EntryPoint","urlTemplate":"http:\/\/elregionalvm.com.ar\/noticias-villa-maria\/?s={search_term_string}"},"query-input":{"@type":"PropertyValueSpecification","valueRequired":true,"valueName":"search_term_string"}}],"inLanguage":"es"},{"@type":"Person","@id":"http:\/\/elregionalvm.com.ar\/noticias-villa-maria\/#\/schema\/person\/a0fb9c422317faca23d50163151bc354","name":"Contenidos El Regional","image":{"@type":"ImageObject","inLanguage":"es","@id":"http:\/\/elregionalvm.com.ar\/noticias-villa-maria\/#\/schema\/person\/image\/","url":"https:\/\/secure.gravatar.com\/avatar\/265b27cb2209af7bb3a1318f03305787d7981a5cc6e6cd08fe5a4ecdf99d4b48?s=96&d=mm&r=g","contentUrl":"https:\/\/secure.gravatar.com\/avatar\/265b27cb2209af7bb3a1318f03305787d7981a5cc6e6cd08fe5a4ecdf99d4b48?s=96&d=mm&r=g","caption":"Contenidos El Regional"},"url":"https:\/\/elregionalvm.com.ar\/noticias-villa-maria\/author\/contenido\/"}]}},"jetpack_featured_media_url":"https:\/\/i0.wp.com\/elregionalvm.com.ar\/noticias-villa-maria\/wp-content\/uploads\/2024\/07\/pizza-y-moscato.jpg?fit=1200%2C674&ssl=1","jetpack_sharing_enabled":true,"_links":{"self":[{"href":"https:\/\/elregionalvm.com.ar\/noticias-villa-maria\/wp-json\/wp\/v2\/posts\/96045","targetHints":{"allow":["GET"]}}],"collection":[{"href":"https:\/\/elregionalvm.com.ar\/noticias-villa-maria\/wp-json\/wp\/v2\/posts"}],"about":[{"href":"https:\/\/elregionalvm.com.ar\/noticias-villa-maria\/wp-json\/wp\/v2\/types\/post"}],"author":[{"embeddable":true,"href":"https:\/\/elregionalvm.com.ar\/noticias-villa-maria\/wp-json\/wp\/v2\/users\/4"}],"replies":[{"embeddable":true,"href":"https:\/\/elregionalvm.com.ar\/noticias-villa-maria\/wp-json\/wp\/v2\/comments?post=96045"}],"version-history":[{"count":2,"href":"https:\/\/elregionalvm.com.ar\/noticias-villa-maria\/wp-json\/wp\/v2\/posts\/96045\/revisions"}],"predecessor-version":[{"id":96048,"href":"https:\/\/elregionalvm.com.ar\/noticias-villa-maria\/wp-json\/wp\/v2\/posts\/96045\/revisions\/96048"}],"wp:featuredmedia":[{"embeddable":true,"href":"https:\/\/elregionalvm.com.ar\/noticias-villa-maria\/wp-json\/wp\/v2\/media\/96049"}],"wp:attachment":[{"href":"https:\/\/elregionalvm.com.ar\/noticias-villa-maria\/wp-json\/wp\/v2\/media?parent=96045"}],"wp:term":[{"taxonomy":"category","embeddable":true,"href":"https:\/\/elregionalvm.com.ar\/noticias-villa-maria\/wp-json\/wp\/v2\/categories?post=96045"},{"taxonomy":"post_tag","embeddable":true,"href":"https:\/\/elregionalvm.com.ar\/noticias-villa-maria\/wp-json\/wp\/v2\/tags?post=96045"}],"curies":[{"name":"wp","href":"https:\/\/api.w.org\/{rel}","templated":true}]}}