{"id":96163,"date":"2024-07-12T17:56:14","date_gmt":"2024-07-12T17:56:14","guid":{"rendered":"https:\/\/elregionalvm.com.ar\/noticias-villa-maria\/?p=96163"},"modified":"2024-07-18T13:51:03","modified_gmt":"2024-07-18T13:51:03","slug":"sturzenegger-el-exterminador-de-menem-de-la-rua-y-macri-a-ministro-superstar-de-milei","status":"publish","type":"post","link":"https:\/\/elregionalvm.com.ar\/noticias-villa-maria\/sturzenegger-el-exterminador-de-menem-de-la-rua-y-macri-a-ministro-superstar-de-milei\/","title":{"rendered":"Sturzenegger, el Exterminador: De Menem, De la R\u00faa y Macri a ministro \u201csuperstar\u201d de Milei"},"content":{"rendered":"\n<h3 class=\"wp-block-heading\"><strong>Aunque no lo veamos, Sturzenegger, de alguna forma siempre est\u00e1. El flamante ministro superestrella de Javier Milei ven\u00eda actuando desde las sombras con la arquitectura de la Ley Bases para desregular la econom\u00eda. Detr\u00e1s del pomposo cargo de ministro de Desregulaci\u00f3n y Transformaci\u00f3n del Estado de la Naci\u00f3n Argentina, se esconde un economista que toc\u00f3 con casi todos, desde Menem y Cavallo, hasta De la R\u00faa y Macri.<\/strong><\/h3>\n\n\n\n<p><\/p>\n\n\n\n<p>Si algo le faltaba al tipo para hacerse odiar un poco m\u00e1s por los detractores de la gesti\u00f3n de Javier Milei, era ocupar el cargo de brazo ejecutor del desguace del estado argentino.<\/p>\n\n\n\n<p>Si Milei es el autor intelectual del plan motosierra, Federico Sturzenegger patentar\u00e1 la autor\u00eda material detr\u00e1s de su sill\u00f3n de ministro de Desregulaci\u00f3n y Transformaci\u00f3n del Estado de la Naci\u00f3n Argentina.<\/p>\n\n\n\n<p>Con un perfil m\u00e1s t\u00e9cnico en su desempe\u00f1o en los puestos que ocup\u00f3 en distintos gobiernos de los a\u00f1os 90 a esta parte, su trabajo detr\u00e1s de escena se vio premiado con este cargo de alta exposici\u00f3n p\u00fablica que lo coloca en el poster central de la arquitectura desreguladora mile\u00edsta.<\/p>\n\n\n\n<p>Eso, a pesar de la presencia de Luis Caputo en el Gabinete nacional, con quien Sturzenegger mantiene diferencias desde la \u00e9poca cuando ambos eran funcionarios de Mauricio Macri, y a quien Milei calific\u00f3 de manera exagerada como \u201cel mejor ministro de Econom\u00eda de toda la historia argentina\u201d.<\/p>\n\n\n\n<p><\/p>\n\n\n\n<figure class=\"wp-block-image size-large\"><img data-recalc-dims=\"1\" fetchpriority=\"high\" decoding=\"async\" width=\"1024\" height=\"576\" src=\"https:\/\/i0.wp.com\/elregionalvm.com.ar\/noticias-villa-maria\/wp-content\/uploads\/2024\/07\/Sturzenegger-Milei-1.jpg?resize=1024%2C576&#038;ssl=1\" alt=\"\" class=\"wp-image-96169\" srcset=\"https:\/\/i0.wp.com\/elregionalvm.com.ar\/noticias-villa-maria\/wp-content\/uploads\/2024\/07\/Sturzenegger-Milei-1.jpg?resize=1024%2C576&amp;ssl=1 1024w, https:\/\/i0.wp.com\/elregionalvm.com.ar\/noticias-villa-maria\/wp-content\/uploads\/2024\/07\/Sturzenegger-Milei-1.jpg?resize=300%2C169&amp;ssl=1 300w, https:\/\/i0.wp.com\/elregionalvm.com.ar\/noticias-villa-maria\/wp-content\/uploads\/2024\/07\/Sturzenegger-Milei-1.jpg?resize=768%2C432&amp;ssl=1 768w, https:\/\/i0.wp.com\/elregionalvm.com.ar\/noticias-villa-maria\/wp-content\/uploads\/2024\/07\/Sturzenegger-Milei-1.jpg?w=1200&amp;ssl=1 1200w\" sizes=\"(max-width: 1000px) 100vw, 1000px\" \/><\/figure>\n\n\n\n<p><\/p>\n\n\n\n<p>El ministro novato en su cargo ven\u00eda digitando todo desde las sombras del poder. El sustento legal sobre el cual se asienta la Ley Bases (o al menos gran parte de ella) y el contenido del c\u00e9lebre DNU fue de su autor\u00eda.<\/p>\n\n\n\n<p>Sturzenegger, por caso, fue impulsor de la eliminaci\u00f3n de distintas regulaciones, como los casos de los alquileres o las normas sobre g\u00f3ndolas y abastecimiento.<\/p>\n\n\n\n<p>Es el exterminador que viene a acabar con el estado, esa entidad maligna y criminal al decir de Milei, con la que se debe terminar de una vez por todas, para que deje de meter sus tent\u00e1culos en la econom\u00eda y finanzas del pa\u00eds.<\/p>\n\n\n\n<p>Este economista egresado de la universidad p\u00fablica pregona el fundamentalismo del libre mercado, con la presencia m\u00ednima o nula del estado.<\/p>\n\n\n\n<p><strong>Antecedentes: \u00bfCurriculum o prontuario?<\/strong><\/p>\n\n\n\n<p>Formado en Estados Unidos, luego de su paso por las aulas universitarias argentinas, en 1994 asumi\u00f3 como economista en jefe de YPF durante la gesti\u00f3n de Jos\u00e9 Estensoro, en el gobierno de Carlos Menem. Permaneci\u00f3 en ese cargo hasta 1998.<\/p>\n\n\n\n<p>En 2001, ocup\u00f3 el puesto de secretario de Pol\u00edtica Econ\u00f3mica en la presidencia de Fernando De la R\u00faa. All\u00ed, cerca del ministro Domingo Cavallo tuvo que ver con dos medidas ejecutadas antes del estallido de diciembre de ese a\u00f1o.<\/p>\n\n\n\n<p>Por entonces, el art\u00edfice de la Convertibilidad ide\u00f3 el programa \u201cd\u00e9ficit cero\u201d, un concepto que tambi\u00e9n se ha puesto en primera plana durante los \u00faltimos meses. La iniciativa contemplaba recortes salariales a los trabajadores p\u00fablicos y en los haberes de los jubilados. Con esta medida tambi\u00e9n tuvo que ver aquella vez la actual ministra de Seguridad de Milei, Patricia Bullrich.<\/p>\n\n\n\n<p><\/p>\n\n\n\n<figure class=\"wp-block-image size-large\"><img data-recalc-dims=\"1\" decoding=\"async\" width=\"1024\" height=\"538\" src=\"https:\/\/i0.wp.com\/elregionalvm.com.ar\/noticias-villa-maria\/wp-content\/uploads\/2024\/07\/Sturzenegger.jpg?resize=1024%2C538&#038;ssl=1\" alt=\"\" class=\"wp-image-96165\" srcset=\"https:\/\/i0.wp.com\/elregionalvm.com.ar\/noticias-villa-maria\/wp-content\/uploads\/2024\/07\/Sturzenegger.jpg?resize=1024%2C538&amp;ssl=1 1024w, https:\/\/i0.wp.com\/elregionalvm.com.ar\/noticias-villa-maria\/wp-content\/uploads\/2024\/07\/Sturzenegger.jpg?resize=300%2C158&amp;ssl=1 300w, https:\/\/i0.wp.com\/elregionalvm.com.ar\/noticias-villa-maria\/wp-content\/uploads\/2024\/07\/Sturzenegger.jpg?resize=768%2C403&amp;ssl=1 768w, https:\/\/i0.wp.com\/elregionalvm.com.ar\/noticias-villa-maria\/wp-content\/uploads\/2024\/07\/Sturzenegger.jpg?w=1068&amp;ssl=1 1068w\" sizes=\"(max-width: 1000px) 100vw, 1000px\" \/><\/figure>\n\n\n\n<p><\/p>\n\n\n\n<p>\u201cLa sociedad acepta plenamente que el ajuste lo haga el sector p\u00fablico\u201d, sosten\u00eda Sturzenegger hace m\u00e1s de 20 a\u00f1os en un contexto altamente inflamable. Cualquier semejanza con los tiempos actuales no parecieran ser meras casualidades.<\/p>\n\n\n\n<p>Su paso por el gobierno de la Alianza tambi\u00e9n estuvo sellado por el llamado \u201cmegacanje\u201d de bonos. Qu\u00e9 implicaba esta operaci\u00f3n: de retrasar los plazos de pago de la deuda a cambio de un importante incremento en los intereses y en el monto del capital adeudado, adem\u00e1s, del pago de alt\u00edsimas comisiones a bancos extranjeros.<\/p>\n\n\n\n<p>Por este accionar, Sturzenegger fue procesado por el juez federal Sebasti\u00e1n Ramos junto con otros responsables del megacanje. De modo curioso, result\u00f3 sobrese\u00eddo ya que la Justicia consider\u00f3 que no particip\u00f3 de la operaci\u00f3n, aunque su firma estaba estampada en el decreto correspondiente.<\/p>\n\n\n\n<p><strong>Con Macri y Caputo<\/strong><\/p>\n\n\n\n<p>Desaparecido en acci\u00f3n de la arena pol\u00edtica durante algunos a\u00f1os, Macri lo rescat\u00f3 del ostracismo y lo nombr\u00f3 presidente del Banco Central. Durante su estad\u00eda tambi\u00e9n se code\u00f3 con quien ahora comparte el gabinete, Luis Caputo.<\/p>\n\n\n\n<p>Su gesti\u00f3n estuvo marcada por la eliminaci\u00f3n del cepo cambiario y la creaci\u00f3n de los cr\u00e9ditos hipotecarios UVA (Unidades de Valor Adquisitivo) indexados a la inflaci\u00f3n, que generaron dolores de cabeza con el correr del tiempo.<\/p>\n\n\n\n<p>Tambi\u00e9n fue el ide\u00f3logo de las Letras del Banco Central (Lebacs), reconvertidas luego en las Letras de Liquidez (Leliq), que fueron construyendo la \u201cbola\u201d que hoy Milei dice querer \u201cdesarmar\u201d.<\/p>\n\n\n\n<p>Una de sus medidas m\u00e1s pol\u00e9micas, que le vali\u00f3 enfrentamientos en el plano interno del gobierno macrista fue la implementaci\u00f3n de las metas de inflaci\u00f3n con tipo de cambio flotante. Err\u00f3 por varios puntos, pero un tal Milei lo defend\u00eda a rajatabla en su rol como panelista o invitado en programas de TV.<\/p>\n\n\n\n<p><\/p>\n\n\n\n<figure class=\"wp-block-image size-large\"><img data-recalc-dims=\"1\" decoding=\"async\" width=\"1024\" height=\"538\" src=\"https:\/\/i0.wp.com\/elregionalvm.com.ar\/noticias-villa-maria\/wp-content\/uploads\/2024\/07\/Sturzenegger-Caputo-palco.jpg?resize=1024%2C538&#038;ssl=1\" alt=\"\" class=\"wp-image-96167\" srcset=\"https:\/\/i0.wp.com\/elregionalvm.com.ar\/noticias-villa-maria\/wp-content\/uploads\/2024\/07\/Sturzenegger-Caputo-palco.jpg?resize=1024%2C538&amp;ssl=1 1024w, https:\/\/i0.wp.com\/elregionalvm.com.ar\/noticias-villa-maria\/wp-content\/uploads\/2024\/07\/Sturzenegger-Caputo-palco.jpg?resize=300%2C158&amp;ssl=1 300w, https:\/\/i0.wp.com\/elregionalvm.com.ar\/noticias-villa-maria\/wp-content\/uploads\/2024\/07\/Sturzenegger-Caputo-palco.jpg?resize=768%2C403&amp;ssl=1 768w, https:\/\/i0.wp.com\/elregionalvm.com.ar\/noticias-villa-maria\/wp-content\/uploads\/2024\/07\/Sturzenegger-Caputo-palco.jpg?w=1200&amp;ssl=1 1200w\" sizes=\"(max-width: 1000px) 100vw, 1000px\" \/><\/figure>\n\n\n\n<p><\/p>\n\n\n\n<p>Finalmente, este santafesino nacido en Rufino tiene su momento de gloria y encontr\u00f3 en la figura del presidente libertario el calce perfecto para su motosierra.<\/p>\n\n\n\n<p>Las reformas estructurales delineadas por este dirigente vinculado con los fondos de inversi\u00f3n y el gran capital internacional dinamitar\u00e1n un modelo de estado que mostraba sus deficiencias desde hace tiempo, pero que brindaba un manto de protecci\u00f3n a los sectores de la econom\u00eda m\u00e1s desfavorecidos.<\/p>\n\n\n\n<p>Habr\u00e1 que ver si las consecuencias de esta destrucci\u00f3n literal del estado resultan en parte positivas para la mayor\u00eda de la poblaci\u00f3n -de cada uno de nosotros- que siempre, desgraciadamente, termina pagando con creces el delirio y las aventuras de algunos, los beneficios para unos pocos y el lamento de casi todos.<\/p>\n\n\n\n<p><\/p>\n\n\n\n<p><\/p>\n\n\n\n<h3 class=\"wp-block-heading\"><strong>Tambi\u00e9n pod\u00e9s ver: <\/strong><\/h3>\n\n\n\n<p><\/p>\n\n\n\n<figure class=\"wp-block-embed is-type-wp-embed is-provider-el-regional wp-block-embed-el-regional\"><div class=\"wp-block-embed__wrapper\">\n<blockquote class=\"wp-embedded-content\" data-secret=\"vrtJ6ommuK\"><a href=\"https:\/\/elregionalvm.com.ar\/noticias-villa-maria\/me-importa-tres-carajos-milei-y-el-mal-ejemplo-de-las-atrocidades-verbales-de-nuestros-politicos\/\">\u201c\u00a1Me importa tres carajos!\u201d: Milei y el peor ejemplo de las atrocidades verbales de nuestros pol\u00edticos<\/a><\/blockquote><iframe class=\"wp-embedded-content\" sandbox=\"allow-scripts\" security=\"restricted\" style=\"position: absolute; clip: rect(1px, 1px, 1px, 1px);\" title=\"\u00ab\u201c\u00a1Me importa tres carajos!\u201d: Milei y el peor ejemplo de las atrocidades verbales de nuestros pol\u00edticos\u00bb \u2014 El Regional\" src=\"https:\/\/elregionalvm.com.ar\/noticias-villa-maria\/me-importa-tres-carajos-milei-y-el-mal-ejemplo-de-las-atrocidades-verbales-de-nuestros-politicos\/embed\/#?secret=qF1SLK26Tf#?secret=vrtJ6ommuK\" data-secret=\"vrtJ6ommuK\" width=\"500\" height=\"282\" frameborder=\"0\" marginwidth=\"0\" marginheight=\"0\" scrolling=\"no\"><\/iframe>\n<\/div><\/figure>\n","protected":false},"excerpt":{"rendered":"<p>Aunque no lo veamos, Sturzenegger, de alguna forma siempre est\u00e1. El flamante ministro superestrella de Javier Milei ven\u00eda actuando desde las sombras con la arquitectura de la Ley Bases para desregular la econom\u00eda. Detr\u00e1s del pomposo cargo de ministro de Desregulaci\u00f3n y Transformaci\u00f3n del Estado de la Naci\u00f3n Argentina, se esconde un economista que toc\u00f3 [&hellip;]<\/p>\n","protected":false},"author":6,"featured_media":96166,"comment_status":"open","ping_status":"open","sticky":false,"template":"","format":"standard","meta":{"site-sidebar-layout":"default","site-content-layout":"","ast-site-content-layout":"default","site-content-style":"default","site-sidebar-style":"default","ast-global-header-display":"","ast-banner-title-visibility":"","ast-main-header-display":"","ast-hfb-above-header-display":"","ast-hfb-below-header-display":"","ast-hfb-mobile-header-display":"","site-post-title":"","ast-breadcrumbs-content":"","ast-featured-img":"","footer-sml-layout":"","ast-disable-related-posts":"","theme-transparent-header-meta":"","adv-header-id-meta":"","stick-header-meta":"","header-above-stick-meta":"","header-main-stick-meta":"","header-below-stick-meta":"","astra-migrate-meta-layouts":"set","ast-page-background-enabled":"default","ast-page-background-meta":{"desktop":{"background-color":"","background-image":"","background-repeat":"repeat","background-position":"center center","background-size":"auto","background-attachment":"scroll","background-type":"","background-media":"","overlay-type":"","overlay-color":"","overlay-opacity":"","overlay-gradient":""},"tablet":{"background-color":"","background-image":"","background-repeat":"repeat","background-position":"center center","background-size":"auto","background-attachment":"scroll","background-type":"","background-media":"","overlay-type":"","overlay-color":"","overlay-opacity":"","overlay-gradient":""},"mobile":{"background-color":"","background-image":"","background-repeat":"repeat","background-position":"center center","background-size":"auto","background-attachment":"scroll","background-type":"","background-media":"","overlay-type":"","overlay-color":"","overlay-opacity":"","overlay-gradient":""}},"ast-content-background-meta":{"desktop":{"background-color":"var(--ast-global-color-5)","background-image":"","background-repeat":"repeat","background-position":"center center","background-size":"auto","background-attachment":"scroll","background-type":"","background-media":"","overlay-type":"","overlay-color":"","overlay-opacity":"","overlay-gradient":""},"tablet":{"background-color":"var(--ast-global-color-5)","background-image":"","background-repeat":"repeat","background-position":"center center","background-size":"auto","background-attachment":"scroll","background-type":"","background-media":"","overlay-type":"","overlay-color":"","overlay-opacity":"","overlay-gradient":""},"mobile":{"background-color":"var(--ast-global-color-5)","background-image":"","background-repeat":"repeat","background-position":"center center","background-size":"auto","background-attachment":"scroll","background-type":"","background-media":"","overlay-type":"","overlay-color":"","overlay-opacity":"","overlay-gradient":""}},"_jetpack_memberships_contains_paid_content":false,"_joinchat":[],"footnotes":""},"categories":[365,3557],"tags":[2509,3280,24185,5053,41,5974,24184,24187,24186,24183],"class_list":["post-96163","post","type-post","status-publish","format-standard","has-post-thumbnail","hentry","category-opinion","category-tercera","tag-2509","tag-banco-central","tag-exterminador","tag-javier-milei","tag-macri","tag-menem","tag-ministro-de-desregulacion","tag-privatizaciones","tag-reforma-estructural","tag-sturzenegger"],"yoast_head":"<!-- This site is optimized with the Yoast SEO plugin v26.8 - https:\/\/yoast.com\/product\/yoast-seo-wordpress\/ -->\n<title>Sturzenegger, el Exterminador: De Menem, De la R\u00faa y Macri a ministro \u201csuperstar\u201d de Milei - El Regional<\/title>\n<meta name=\"robots\" content=\"index, follow, max-snippet:-1, max-image-preview:large, max-video-preview:-1\" \/>\n<link rel=\"canonical\" href=\"https:\/\/elregionalvm.com.ar\/noticias-villa-maria\/sturzenegger-el-exterminador-de-menem-de-la-rua-y-macri-a-ministro-superstar-de-milei\/\" \/>\n<meta property=\"og:locale\" content=\"es_ES\" \/>\n<meta property=\"og:type\" content=\"article\" \/>\n<meta property=\"og:title\" content=\"Sturzenegger, el Exterminador: De Menem, De la R\u00faa y Macri a ministro \u201csuperstar\u201d de Milei - El Regional\" \/>\n<meta property=\"og:description\" content=\"Aunque no lo veamos, Sturzenegger, de alguna forma siempre est\u00e1. El flamante ministro superestrella de Javier Milei ven\u00eda actuando desde las sombras con la arquitectura de la Ley Bases para desregular la econom\u00eda. Detr\u00e1s del pomposo cargo de ministro de Desregulaci\u00f3n y Transformaci\u00f3n del Estado de la Naci\u00f3n Argentina, se esconde un economista que toc\u00f3 [&hellip;]\" \/>\n<meta property=\"og:url\" content=\"https:\/\/elregionalvm.com.ar\/noticias-villa-maria\/sturzenegger-el-exterminador-de-menem-de-la-rua-y-macri-a-ministro-superstar-de-milei\/\" \/>\n<meta property=\"og:site_name\" content=\"El Regional\" \/>\n<meta property=\"article:publisher\" content=\"https:\/\/www.facebook.com\/elregionalvm\" \/>\n<meta property=\"article:published_time\" content=\"2024-07-12T17:56:14+00:00\" \/>\n<meta property=\"article:modified_time\" content=\"2024-07-18T13:51:03+00:00\" \/>\n<meta property=\"og:image\" content=\"https:\/\/elregionalvm.com.ar\/noticias-villa-maria\/wp-content\/uploads\/2024\/07\/Sturzenegger-Milei-pantalla.jpeg\" \/>\n\t<meta property=\"og:image:width\" content=\"960\" \/>\n\t<meta property=\"og:image:height\" content=\"581\" \/>\n\t<meta property=\"og:image:type\" content=\"image\/jpeg\" \/>\n<meta name=\"author\" content=\"Germ\u00e1n Giacchero\" \/>\n<meta name=\"twitter:card\" content=\"summary_large_image\" \/>\n<meta name=\"twitter:creator\" content=\"@elregionalvm1\" \/>\n<meta name=\"twitter:site\" content=\"@elregionalvm1\" \/>\n<meta name=\"twitter:label1\" content=\"Escrito por\" \/>\n\t<meta name=\"twitter:data1\" content=\"Germ\u00e1n Giacchero\" \/>\n\t<meta name=\"twitter:label2\" content=\"Tiempo de lectura\" \/>\n\t<meta name=\"twitter:data2\" content=\"6 minutos\" \/>\n<script type=\"application\/ld+json\" class=\"yoast-schema-graph\">{\"@context\":\"https:\/\/schema.org\",\"@graph\":[{\"@type\":\"Article\",\"@id\":\"https:\/\/elregionalvm.com.ar\/noticias-villa-maria\/sturzenegger-el-exterminador-de-menem-de-la-rua-y-macri-a-ministro-superstar-de-milei\/#article\",\"isPartOf\":{\"@id\":\"https:\/\/elregionalvm.com.ar\/noticias-villa-maria\/sturzenegger-el-exterminador-de-menem-de-la-rua-y-macri-a-ministro-superstar-de-milei\/\"},\"author\":{\"name\":\"Germ\u00e1n Giacchero\",\"@id\":\"http:\/\/elregionalvm.com.ar\/noticias-villa-maria\/#\/schema\/person\/d5e4b04966154131701e52c45d3efec9\"},\"headline\":\"Sturzenegger, el Exterminador: De Menem, De la R\u00faa y Macri a ministro \u201csuperstar\u201d de Milei\",\"datePublished\":\"2024-07-12T17:56:14+00:00\",\"dateModified\":\"2024-07-18T13:51:03+00:00\",\"mainEntityOfPage\":{\"@id\":\"https:\/\/elregionalvm.com.ar\/noticias-villa-maria\/sturzenegger-el-exterminador-de-menem-de-la-rua-y-macri-a-ministro-superstar-de-milei\/\"},\"wordCount\":1019,\"commentCount\":0,\"image\":{\"@id\":\"https:\/\/elregionalvm.com.ar\/noticias-villa-maria\/sturzenegger-el-exterminador-de-menem-de-la-rua-y-macri-a-ministro-superstar-de-milei\/#primaryimage\"},\"thumbnailUrl\":\"https:\/\/i0.wp.com\/elregionalvm.com.ar\/noticias-villa-maria\/wp-content\/uploads\/2024\/07\/Sturzenegger-Milei-pantalla.jpeg?fit=960%2C581&ssl=1\",\"keywords\":[\"2001\",\"Banco Central\",\"exterminador\",\"Javier Milei\",\"Macri\",\"Menem\",\"ministro de Desregulaci\u00f3n\",\"privatizaciones\",\"reforma estructural\",\"Sturzenegger\"],\"articleSection\":[\"Opini\u00f3n\",\"tercera\"],\"inLanguage\":\"es\",\"potentialAction\":[{\"@type\":\"CommentAction\",\"name\":\"Comment\",\"target\":[\"https:\/\/elregionalvm.com.ar\/noticias-villa-maria\/sturzenegger-el-exterminador-de-menem-de-la-rua-y-macri-a-ministro-superstar-de-milei\/#respond\"]}]},{\"@type\":\"WebPage\",\"@id\":\"https:\/\/elregionalvm.com.ar\/noticias-villa-maria\/sturzenegger-el-exterminador-de-menem-de-la-rua-y-macri-a-ministro-superstar-de-milei\/\",\"url\":\"https:\/\/elregionalvm.com.ar\/noticias-villa-maria\/sturzenegger-el-exterminador-de-menem-de-la-rua-y-macri-a-ministro-superstar-de-milei\/\",\"name\":\"Sturzenegger, el Exterminador: De Menem, De la R\u00faa y Macri a ministro \u201csuperstar\u201d de Milei - El Regional\",\"isPartOf\":{\"@id\":\"http:\/\/elregionalvm.com.ar\/noticias-villa-maria\/#website\"},\"primaryImageOfPage\":{\"@id\":\"https:\/\/elregionalvm.com.ar\/noticias-villa-maria\/sturzenegger-el-exterminador-de-menem-de-la-rua-y-macri-a-ministro-superstar-de-milei\/#primaryimage\"},\"image\":{\"@id\":\"https:\/\/elregionalvm.com.ar\/noticias-villa-maria\/sturzenegger-el-exterminador-de-menem-de-la-rua-y-macri-a-ministro-superstar-de-milei\/#primaryimage\"},\"thumbnailUrl\":\"https:\/\/i0.wp.com\/elregionalvm.com.ar\/noticias-villa-maria\/wp-content\/uploads\/2024\/07\/Sturzenegger-Milei-pantalla.jpeg?fit=960%2C581&ssl=1\",\"datePublished\":\"2024-07-12T17:56:14+00:00\",\"dateModified\":\"2024-07-18T13:51:03+00:00\",\"author\":{\"@id\":\"http:\/\/elregionalvm.com.ar\/noticias-villa-maria\/#\/schema\/person\/d5e4b04966154131701e52c45d3efec9\"},\"breadcrumb\":{\"@id\":\"https:\/\/elregionalvm.com.ar\/noticias-villa-maria\/sturzenegger-el-exterminador-de-menem-de-la-rua-y-macri-a-ministro-superstar-de-milei\/#breadcrumb\"},\"inLanguage\":\"es\",\"potentialAction\":[{\"@type\":\"ReadAction\",\"target\":[\"https:\/\/elregionalvm.com.ar\/noticias-villa-maria\/sturzenegger-el-exterminador-de-menem-de-la-rua-y-macri-a-ministro-superstar-de-milei\/\"]}]},{\"@type\":\"ImageObject\",\"inLanguage\":\"es\",\"@id\":\"https:\/\/elregionalvm.com.ar\/noticias-villa-maria\/sturzenegger-el-exterminador-de-menem-de-la-rua-y-macri-a-ministro-superstar-de-milei\/#primaryimage\",\"url\":\"https:\/\/i0.wp.com\/elregionalvm.com.ar\/noticias-villa-maria\/wp-content\/uploads\/2024\/07\/Sturzenegger-Milei-pantalla.jpeg?fit=960%2C581&ssl=1\",\"contentUrl\":\"https:\/\/i0.wp.com\/elregionalvm.com.ar\/noticias-villa-maria\/wp-content\/uploads\/2024\/07\/Sturzenegger-Milei-pantalla.jpeg?fit=960%2C581&ssl=1\",\"width\":960,\"height\":581},{\"@type\":\"BreadcrumbList\",\"@id\":\"https:\/\/elregionalvm.com.ar\/noticias-villa-maria\/sturzenegger-el-exterminador-de-menem-de-la-rua-y-macri-a-ministro-superstar-de-milei\/#breadcrumb\",\"itemListElement\":[{\"@type\":\"ListItem\",\"position\":1,\"name\":\"Portada\",\"item\":\"https:\/\/elregionalvm.com.ar\/noticias-villa-maria\/\"},{\"@type\":\"ListItem\",\"position\":2,\"name\":\"Sturzenegger, el Exterminador: De Menem, De la R\u00faa y Macri a ministro \u201csuperstar\u201d de Milei\"}]},{\"@type\":\"WebSite\",\"@id\":\"http:\/\/elregionalvm.com.ar\/noticias-villa-maria\/#website\",\"url\":\"http:\/\/elregionalvm.com.ar\/noticias-villa-maria\/\",\"name\":\"El Regional\",\"description\":\"Mucho m\u00e1s que informaci\u00f3n\",\"potentialAction\":[{\"@type\":\"SearchAction\",\"target\":{\"@type\":\"EntryPoint\",\"urlTemplate\":\"http:\/\/elregionalvm.com.ar\/noticias-villa-maria\/?s={search_term_string}\"},\"query-input\":{\"@type\":\"PropertyValueSpecification\",\"valueRequired\":true,\"valueName\":\"search_term_string\"}}],\"inLanguage\":\"es\"},{\"@type\":\"Person\",\"@id\":\"http:\/\/elregionalvm.com.ar\/noticias-villa-maria\/#\/schema\/person\/d5e4b04966154131701e52c45d3efec9\",\"name\":\"Germ\u00e1n Giacchero\",\"image\":{\"@type\":\"ImageObject\",\"inLanguage\":\"es\",\"@id\":\"http:\/\/elregionalvm.com.ar\/noticias-villa-maria\/#\/schema\/person\/image\/\",\"url\":\"https:\/\/secure.gravatar.com\/avatar\/fda163ba5ef0307ee5be9846e10f83b6e83d0cfb260d3b2464830318894c6b04?s=96&d=mm&r=g\",\"contentUrl\":\"https:\/\/secure.gravatar.com\/avatar\/fda163ba5ef0307ee5be9846e10f83b6e83d0cfb260d3b2464830318894c6b04?s=96&d=mm&r=g\",\"caption\":\"Germ\u00e1n Giacchero\"},\"url\":\"https:\/\/elregionalvm.com.ar\/noticias-villa-maria\/author\/germangiacchero\/\"}]}<\/script>\n<!-- \/ Yoast SEO plugin. -->","yoast_head_json":{"title":"Sturzenegger, el Exterminador: De Menem, De la R\u00faa y Macri a ministro \u201csuperstar\u201d de Milei - El Regional","robots":{"index":"index","follow":"follow","max-snippet":"max-snippet:-1","max-image-preview":"max-image-preview:large","max-video-preview":"max-video-preview:-1"},"canonical":"https:\/\/elregionalvm.com.ar\/noticias-villa-maria\/sturzenegger-el-exterminador-de-menem-de-la-rua-y-macri-a-ministro-superstar-de-milei\/","og_locale":"es_ES","og_type":"article","og_title":"Sturzenegger, el Exterminador: De Menem, De la R\u00faa y Macri a ministro \u201csuperstar\u201d de Milei - El Regional","og_description":"Aunque no lo veamos, Sturzenegger, de alguna forma siempre est\u00e1. El flamante ministro superestrella de Javier Milei ven\u00eda actuando desde las sombras con la arquitectura de la Ley Bases para desregular la econom\u00eda. Detr\u00e1s del pomposo cargo de ministro de Desregulaci\u00f3n y Transformaci\u00f3n del Estado de la Naci\u00f3n Argentina, se esconde un economista que toc\u00f3 [&hellip;]","og_url":"https:\/\/elregionalvm.com.ar\/noticias-villa-maria\/sturzenegger-el-exterminador-de-menem-de-la-rua-y-macri-a-ministro-superstar-de-milei\/","og_site_name":"El Regional","article_publisher":"https:\/\/www.facebook.com\/elregionalvm","article_published_time":"2024-07-12T17:56:14+00:00","article_modified_time":"2024-07-18T13:51:03+00:00","og_image":[{"width":960,"height":581,"url":"https:\/\/elregionalvm.com.ar\/noticias-villa-maria\/wp-content\/uploads\/2024\/07\/Sturzenegger-Milei-pantalla.jpeg","type":"image\/jpeg"}],"author":"Germ\u00e1n Giacchero","twitter_card":"summary_large_image","twitter_creator":"@elregionalvm1","twitter_site":"@elregionalvm1","twitter_misc":{"Escrito por":"Germ\u00e1n Giacchero","Tiempo de lectura":"6 minutos"},"schema":{"@context":"https:\/\/schema.org","@graph":[{"@type":"Article","@id":"https:\/\/elregionalvm.com.ar\/noticias-villa-maria\/sturzenegger-el-exterminador-de-menem-de-la-rua-y-macri-a-ministro-superstar-de-milei\/#article","isPartOf":{"@id":"https:\/\/elregionalvm.com.ar\/noticias-villa-maria\/sturzenegger-el-exterminador-de-menem-de-la-rua-y-macri-a-ministro-superstar-de-milei\/"},"author":{"name":"Germ\u00e1n Giacchero","@id":"http:\/\/elregionalvm.com.ar\/noticias-villa-maria\/#\/schema\/person\/d5e4b04966154131701e52c45d3efec9"},"headline":"Sturzenegger, el Exterminador: De Menem, De la R\u00faa y Macri a ministro \u201csuperstar\u201d de Milei","datePublished":"2024-07-12T17:56:14+00:00","dateModified":"2024-07-18T13:51:03+00:00","mainEntityOfPage":{"@id":"https:\/\/elregionalvm.com.ar\/noticias-villa-maria\/sturzenegger-el-exterminador-de-menem-de-la-rua-y-macri-a-ministro-superstar-de-milei\/"},"wordCount":1019,"commentCount":0,"image":{"@id":"https:\/\/elregionalvm.com.ar\/noticias-villa-maria\/sturzenegger-el-exterminador-de-menem-de-la-rua-y-macri-a-ministro-superstar-de-milei\/#primaryimage"},"thumbnailUrl":"https:\/\/i0.wp.com\/elregionalvm.com.ar\/noticias-villa-maria\/wp-content\/uploads\/2024\/07\/Sturzenegger-Milei-pantalla.jpeg?fit=960%2C581&ssl=1","keywords":["2001","Banco Central","exterminador","Javier Milei","Macri","Menem","ministro de Desregulaci\u00f3n","privatizaciones","reforma estructural","Sturzenegger"],"articleSection":["Opini\u00f3n","tercera"],"inLanguage":"es","potentialAction":[{"@type":"CommentAction","name":"Comment","target":["https:\/\/elregionalvm.com.ar\/noticias-villa-maria\/sturzenegger-el-exterminador-de-menem-de-la-rua-y-macri-a-ministro-superstar-de-milei\/#respond"]}]},{"@type":"WebPage","@id":"https:\/\/elregionalvm.com.ar\/noticias-villa-maria\/sturzenegger-el-exterminador-de-menem-de-la-rua-y-macri-a-ministro-superstar-de-milei\/","url":"https:\/\/elregionalvm.com.ar\/noticias-villa-maria\/sturzenegger-el-exterminador-de-menem-de-la-rua-y-macri-a-ministro-superstar-de-milei\/","name":"Sturzenegger, el Exterminador: De Menem, De la R\u00faa y Macri a ministro \u201csuperstar\u201d de Milei - El Regional","isPartOf":{"@id":"http:\/\/elregionalvm.com.ar\/noticias-villa-maria\/#website"},"primaryImageOfPage":{"@id":"https:\/\/elregionalvm.com.ar\/noticias-villa-maria\/sturzenegger-el-exterminador-de-menem-de-la-rua-y-macri-a-ministro-superstar-de-milei\/#primaryimage"},"image":{"@id":"https:\/\/elregionalvm.com.ar\/noticias-villa-maria\/sturzenegger-el-exterminador-de-menem-de-la-rua-y-macri-a-ministro-superstar-de-milei\/#primaryimage"},"thumbnailUrl":"https:\/\/i0.wp.com\/elregionalvm.com.ar\/noticias-villa-maria\/wp-content\/uploads\/2024\/07\/Sturzenegger-Milei-pantalla.jpeg?fit=960%2C581&ssl=1","datePublished":"2024-07-12T17:56:14+00:00","dateModified":"2024-07-18T13:51:03+00:00","author":{"@id":"http:\/\/elregionalvm.com.ar\/noticias-villa-maria\/#\/schema\/person\/d5e4b04966154131701e52c45d3efec9"},"breadcrumb":{"@id":"https:\/\/elregionalvm.com.ar\/noticias-villa-maria\/sturzenegger-el-exterminador-de-menem-de-la-rua-y-macri-a-ministro-superstar-de-milei\/#breadcrumb"},"inLanguage":"es","potentialAction":[{"@type":"ReadAction","target":["https:\/\/elregionalvm.com.ar\/noticias-villa-maria\/sturzenegger-el-exterminador-de-menem-de-la-rua-y-macri-a-ministro-superstar-de-milei\/"]}]},{"@type":"ImageObject","inLanguage":"es","@id":"https:\/\/elregionalvm.com.ar\/noticias-villa-maria\/sturzenegger-el-exterminador-de-menem-de-la-rua-y-macri-a-ministro-superstar-de-milei\/#primaryimage","url":"https:\/\/i0.wp.com\/elregionalvm.com.ar\/noticias-villa-maria\/wp-content\/uploads\/2024\/07\/Sturzenegger-Milei-pantalla.jpeg?fit=960%2C581&ssl=1","contentUrl":"https:\/\/i0.wp.com\/elregionalvm.com.ar\/noticias-villa-maria\/wp-content\/uploads\/2024\/07\/Sturzenegger-Milei-pantalla.jpeg?fit=960%2C581&ssl=1","width":960,"height":581},{"@type":"BreadcrumbList","@id":"https:\/\/elregionalvm.com.ar\/noticias-villa-maria\/sturzenegger-el-exterminador-de-menem-de-la-rua-y-macri-a-ministro-superstar-de-milei\/#breadcrumb","itemListElement":[{"@type":"ListItem","position":1,"name":"Portada","item":"https:\/\/elregionalvm.com.ar\/noticias-villa-maria\/"},{"@type":"ListItem","position":2,"name":"Sturzenegger, el Exterminador: De Menem, De la R\u00faa y Macri a ministro \u201csuperstar\u201d de Milei"}]},{"@type":"WebSite","@id":"http:\/\/elregionalvm.com.ar\/noticias-villa-maria\/#website","url":"http:\/\/elregionalvm.com.ar\/noticias-villa-maria\/","name":"El Regional","description":"Mucho m\u00e1s que informaci\u00f3n","potentialAction":[{"@type":"SearchAction","target":{"@type":"EntryPoint","urlTemplate":"http:\/\/elregionalvm.com.ar\/noticias-villa-maria\/?s={search_term_string}"},"query-input":{"@type":"PropertyValueSpecification","valueRequired":true,"valueName":"search_term_string"}}],"inLanguage":"es"},{"@type":"Person","@id":"http:\/\/elregionalvm.com.ar\/noticias-villa-maria\/#\/schema\/person\/d5e4b04966154131701e52c45d3efec9","name":"Germ\u00e1n Giacchero","image":{"@type":"ImageObject","inLanguage":"es","@id":"http:\/\/elregionalvm.com.ar\/noticias-villa-maria\/#\/schema\/person\/image\/","url":"https:\/\/secure.gravatar.com\/avatar\/fda163ba5ef0307ee5be9846e10f83b6e83d0cfb260d3b2464830318894c6b04?s=96&d=mm&r=g","contentUrl":"https:\/\/secure.gravatar.com\/avatar\/fda163ba5ef0307ee5be9846e10f83b6e83d0cfb260d3b2464830318894c6b04?s=96&d=mm&r=g","caption":"Germ\u00e1n Giacchero"},"url":"https:\/\/elregionalvm.com.ar\/noticias-villa-maria\/author\/germangiacchero\/"}]}},"jetpack_featured_media_url":"https:\/\/i0.wp.com\/elregionalvm.com.ar\/noticias-villa-maria\/wp-content\/uploads\/2024\/07\/Sturzenegger-Milei-pantalla.jpeg?fit=960%2C581&ssl=1","jetpack_sharing_enabled":true,"_links":{"self":[{"href":"https:\/\/elregionalvm.com.ar\/noticias-villa-maria\/wp-json\/wp\/v2\/posts\/96163","targetHints":{"allow":["GET"]}}],"collection":[{"href":"https:\/\/elregionalvm.com.ar\/noticias-villa-maria\/wp-json\/wp\/v2\/posts"}],"about":[{"href":"https:\/\/elregionalvm.com.ar\/noticias-villa-maria\/wp-json\/wp\/v2\/types\/post"}],"author":[{"embeddable":true,"href":"https:\/\/elregionalvm.com.ar\/noticias-villa-maria\/wp-json\/wp\/v2\/users\/6"}],"replies":[{"embeddable":true,"href":"https:\/\/elregionalvm.com.ar\/noticias-villa-maria\/wp-json\/wp\/v2\/comments?post=96163"}],"version-history":[{"count":3,"href":"https:\/\/elregionalvm.com.ar\/noticias-villa-maria\/wp-json\/wp\/v2\/posts\/96163\/revisions"}],"predecessor-version":[{"id":96171,"href":"https:\/\/elregionalvm.com.ar\/noticias-villa-maria\/wp-json\/wp\/v2\/posts\/96163\/revisions\/96171"}],"wp:featuredmedia":[{"embeddable":true,"href":"https:\/\/elregionalvm.com.ar\/noticias-villa-maria\/wp-json\/wp\/v2\/media\/96166"}],"wp:attachment":[{"href":"https:\/\/elregionalvm.com.ar\/noticias-villa-maria\/wp-json\/wp\/v2\/media?parent=96163"}],"wp:term":[{"taxonomy":"category","embeddable":true,"href":"https:\/\/elregionalvm.com.ar\/noticias-villa-maria\/wp-json\/wp\/v2\/categories?post=96163"},{"taxonomy":"post_tag","embeddable":true,"href":"https:\/\/elregionalvm.com.ar\/noticias-villa-maria\/wp-json\/wp\/v2\/tags?post=96163"}],"curies":[{"name":"wp","href":"https:\/\/api.w.org\/{rel}","templated":true}]}}