{"id":96174,"date":"2024-07-13T15:13:51","date_gmt":"2024-07-13T15:13:51","guid":{"rendered":"https:\/\/elregionalvm.com.ar\/noticias-villa-maria\/?p=96174"},"modified":"2024-07-13T15:13:53","modified_gmt":"2024-07-13T15:13:53","slug":"presentaron-en-villa-maria-el-programa-nexo-pyme-cordoba","status":"publish","type":"post","link":"https:\/\/elregionalvm.com.ar\/noticias-villa-maria\/presentaron-en-villa-maria-el-programa-nexo-pyme-cordoba\/","title":{"rendered":"Presentaron en Villa Mar\u00eda el Programa \u201cNexo Pyme C\u00f3rdoba\u201d"},"content":{"rendered":"\n<p>Se present\u00f3 en nuestra ciudad el Programa \u201cNexo Pyme C\u00f3rdoba\u201d, iniciativa que busca centralizar informaci\u00f3n para fortalecer el entramado productivo local.<\/p>\n\n\n\n<p>En la Medioteca Municipal, el subsecretario de Peque\u00f1a y Mediana Empresa del Gobierno de la Provincia de C\u00f3rdoba, Segundo Sosa Barreneche y el director de Industria y Comercio del Municipio, Jos\u00e9 Ignacio Salom\u00f3n, encabezaron una reuni\u00f3n de trabajo en la que coincidieron acerca de la importancia de la iniciativa que \u201cbrinda un punto de encuentro \u00fanico que re\u00fana toda la informaci\u00f3n necesaria para el entramado productivo cordob\u00e9s\u201d.<\/p>\n\n\n\n<p>La propuesta ofrece un portal web que concentra datos sobre programas, beneficios, capacitaciones y l\u00edneas de financiaci\u00f3n para PyMEs y emprendedores, fomentando competitividad y desarrollo econ\u00f3mico.<\/p>\n\n\n\n<p><\/p>\n\n\n\n<figure class=\"wp-block-image size-full\"><img data-recalc-dims=\"1\" fetchpriority=\"high\" decoding=\"async\" width=\"993\" height=\"663\" src=\"https:\/\/i0.wp.com\/elregionalvm.com.ar\/noticias-villa-maria\/wp-content\/uploads\/2023\/06\/PARQUE-INDUSTRIAL-MENDIOLAZA_9461.jpg?resize=993%2C663&#038;ssl=1\" alt=\"\" class=\"wp-image-77856\" srcset=\"https:\/\/i0.wp.com\/elregionalvm.com.ar\/noticias-villa-maria\/wp-content\/uploads\/2023\/06\/PARQUE-INDUSTRIAL-MENDIOLAZA_9461.jpg?w=993&amp;ssl=1 993w, https:\/\/i0.wp.com\/elregionalvm.com.ar\/noticias-villa-maria\/wp-content\/uploads\/2023\/06\/PARQUE-INDUSTRIAL-MENDIOLAZA_9461.jpg?resize=300%2C200&amp;ssl=1 300w, https:\/\/i0.wp.com\/elregionalvm.com.ar\/noticias-villa-maria\/wp-content\/uploads\/2023\/06\/PARQUE-INDUSTRIAL-MENDIOLAZA_9461.jpg?resize=768%2C513&amp;ssl=1 768w\" sizes=\"(max-width: 993px) 100vw, 993px\" \/><\/figure>\n\n\n\n<p><\/p>\n\n\n\n<p><strong>Qu\u00e9 ofrece Nexo Pyme C\u00f3rdoba<\/strong><\/p>\n\n\n\n<p>Informaci\u00f3n sobre programas: Acceso a una amplia gama de programas gubernamentales orientados a apoyar el crecimiento y la competitividad de las PyMEs, desde la mejora de la productividad hasta la promoci\u00f3n de la innovaci\u00f3n y la internacionalizaci\u00f3n.<\/p>\n\n\n\n<p>Beneficios: Informaci\u00f3n sobre beneficios fiscales, incentivos y subsidios disponibles, incluyendo programas que promueven la inversi\u00f3n, la creaci\u00f3n de empleo y el desarrollo regional.<\/p>\n\n\n\n<p>Capacitaciones: Acceso a cursos, talleres y seminarios dise\u00f1ados para mejorar las habilidades empresariales, optimizar la gesti\u00f3n de negocios y adaptarse a un entorno competitivo en constante cambio.<\/p>\n\n\n\n<p>L\u00edneas de financiaci\u00f3n: Informaci\u00f3n sobre distintas l\u00edneas de cr\u00e9ditos de entidades provinciales y nacionales que posibilitan mejoras en la productividad de las PyME y contribuyen al crecimiento econ\u00f3mico sostenible de la provincia.<\/p>\n","protected":false},"excerpt":{"rendered":"<p>Se present\u00f3 en nuestra ciudad el Programa \u201cNexo Pyme C\u00f3rdoba\u201d, iniciativa que busca centralizar informaci\u00f3n para fortalecer el entramado productivo local. En la Medioteca Municipal, el subsecretario de Peque\u00f1a y Mediana Empresa del Gobierno de la Provincia de C\u00f3rdoba, Segundo Sosa Barreneche y el director de Industria y Comercio del Municipio, Jos\u00e9 Ignacio Salom\u00f3n, encabezaron [&hellip;]<\/p>\n","protected":false},"author":4,"featured_media":96176,"comment_status":"open","ping_status":"open","sticky":false,"template":"","format":"standard","meta":{"site-sidebar-layout":"default","site-content-layout":"","ast-site-content-layout":"default","site-content-style":"default","site-sidebar-style":"default","ast-global-header-display":"","ast-banner-title-visibility":"","ast-main-header-display":"","ast-hfb-above-header-display":"","ast-hfb-below-header-display":"","ast-hfb-mobile-header-display":"","site-post-title":"","ast-breadcrumbs-content":"","ast-featured-img":"","footer-sml-layout":"","ast-disable-related-posts":"","theme-transparent-header-meta":"","adv-header-id-meta":"","stick-header-meta":"","header-above-stick-meta":"","header-main-stick-meta":"","header-below-stick-meta":"","astra-migrate-meta-layouts":"set","ast-page-background-enabled":"default","ast-page-background-meta":{"desktop":{"background-color":"","background-image":"","background-repeat":"repeat","background-position":"center center","background-size":"auto","background-attachment":"scroll","background-type":"","background-media":"","overlay-type":"","overlay-color":"","overlay-opacity":"","overlay-gradient":""},"tablet":{"background-color":"","background-image":"","background-repeat":"repeat","background-position":"center center","background-size":"auto","background-attachment":"scroll","background-type":"","background-media":"","overlay-type":"","overlay-color":"","overlay-opacity":"","overlay-gradient":""},"mobile":{"background-color":"","background-image":"","background-repeat":"repeat","background-position":"center center","background-size":"auto","background-attachment":"scroll","background-type":"","background-media":"","overlay-type":"","overlay-color":"","overlay-opacity":"","overlay-gradient":""}},"ast-content-background-meta":{"desktop":{"background-color":"var(--ast-global-color-5)","background-image":"","background-repeat":"repeat","background-position":"center center","background-size":"auto","background-attachment":"scroll","background-type":"","background-media":"","overlay-type":"","overlay-color":"","overlay-opacity":"","overlay-gradient":""},"tablet":{"background-color":"var(--ast-global-color-5)","background-image":"","background-repeat":"repeat","background-position":"center center","background-size":"auto","background-attachment":"scroll","background-type":"","background-media":"","overlay-type":"","overlay-color":"","overlay-opacity":"","overlay-gradient":""},"mobile":{"background-color":"var(--ast-global-color-5)","background-image":"","background-repeat":"repeat","background-position":"center center","background-size":"auto","background-attachment":"scroll","background-type":"","background-media":"","overlay-type":"","overlay-color":"","overlay-opacity":"","overlay-gradient":""}},"_jetpack_memberships_contains_paid_content":false,"_joinchat":[],"footnotes":""},"categories":[15302,16095,1,2],"tags":[12917,1429,2049,3040,24188,3150,2369],"class_list":["post-96174","post","type-post","status-publish","format-standard","has-post-thumbnail","hentry","category-destacado","category-provinciales","category-sin-categoria","category-villa-maria","tag-beneficios","tag-comercios","tag-empresas","tag-gobierno-de-cordoba","tag-nexo-pyme","tag-programa","tag-pymes"],"yoast_head":"<!-- This site is optimized with the Yoast SEO plugin v26.8 - https:\/\/yoast.com\/product\/yoast-seo-wordpress\/ -->\n<title>Presentaron en Villa Mar\u00eda el Programa \u201cNexo Pyme C\u00f3rdoba\u201d - El Regional<\/title>\n<meta name=\"robots\" content=\"index, follow, max-snippet:-1, max-image-preview:large, max-video-preview:-1\" \/>\n<link rel=\"canonical\" href=\"https:\/\/elregionalvm.com.ar\/noticias-villa-maria\/presentaron-en-villa-maria-el-programa-nexo-pyme-cordoba\/\" \/>\n<meta property=\"og:locale\" content=\"es_ES\" \/>\n<meta property=\"og:type\" content=\"article\" \/>\n<meta property=\"og:title\" content=\"Presentaron en Villa Mar\u00eda el Programa \u201cNexo Pyme C\u00f3rdoba\u201d - El Regional\" \/>\n<meta property=\"og:description\" content=\"Se present\u00f3 en nuestra ciudad el Programa \u201cNexo Pyme C\u00f3rdoba\u201d, iniciativa que busca centralizar informaci\u00f3n para fortalecer el entramado productivo local. En la Medioteca Municipal, el subsecretario de Peque\u00f1a y Mediana Empresa del Gobierno de la Provincia de C\u00f3rdoba, Segundo Sosa Barreneche y el director de Industria y Comercio del Municipio, Jos\u00e9 Ignacio Salom\u00f3n, encabezaron [&hellip;]\" \/>\n<meta property=\"og:url\" content=\"https:\/\/elregionalvm.com.ar\/noticias-villa-maria\/presentaron-en-villa-maria-el-programa-nexo-pyme-cordoba\/\" \/>\n<meta property=\"og:site_name\" content=\"El Regional\" \/>\n<meta property=\"article:publisher\" content=\"https:\/\/www.facebook.com\/elregionalvm\" \/>\n<meta property=\"article:published_time\" content=\"2024-07-13T15:13:51+00:00\" \/>\n<meta property=\"article:modified_time\" content=\"2024-07-13T15:13:53+00:00\" \/>\n<meta property=\"og:image\" content=\"https:\/\/elregionalvm.com.ar\/noticias-villa-maria\/wp-content\/uploads\/2024\/07\/Nexo-Pyme-en-VM.jpeg\" \/>\n\t<meta property=\"og:image:width\" content=\"1280\" \/>\n\t<meta property=\"og:image:height\" content=\"853\" \/>\n\t<meta property=\"og:image:type\" content=\"image\/jpeg\" \/>\n<meta name=\"author\" content=\"Contenidos El Regional\" \/>\n<meta name=\"twitter:card\" content=\"summary_large_image\" \/>\n<meta name=\"twitter:creator\" content=\"@elregionalvm1\" \/>\n<meta name=\"twitter:site\" content=\"@elregionalvm1\" \/>\n<meta name=\"twitter:label1\" content=\"Escrito por\" \/>\n\t<meta name=\"twitter:data1\" content=\"Contenidos El Regional\" \/>\n\t<meta name=\"twitter:label2\" content=\"Tiempo de lectura\" \/>\n\t<meta name=\"twitter:data2\" content=\"2 minutos\" \/>\n<script type=\"application\/ld+json\" class=\"yoast-schema-graph\">{\"@context\":\"https:\/\/schema.org\",\"@graph\":[{\"@type\":\"Article\",\"@id\":\"https:\/\/elregionalvm.com.ar\/noticias-villa-maria\/presentaron-en-villa-maria-el-programa-nexo-pyme-cordoba\/#article\",\"isPartOf\":{\"@id\":\"https:\/\/elregionalvm.com.ar\/noticias-villa-maria\/presentaron-en-villa-maria-el-programa-nexo-pyme-cordoba\/\"},\"author\":{\"name\":\"Contenidos El Regional\",\"@id\":\"http:\/\/elregionalvm.com.ar\/noticias-villa-maria\/#\/schema\/person\/a0fb9c422317faca23d50163151bc354\"},\"headline\":\"Presentaron en Villa Mar\u00eda el Programa \u201cNexo Pyme C\u00f3rdoba\u201d\",\"datePublished\":\"2024-07-13T15:13:51+00:00\",\"dateModified\":\"2024-07-13T15:13:53+00:00\",\"mainEntityOfPage\":{\"@id\":\"https:\/\/elregionalvm.com.ar\/noticias-villa-maria\/presentaron-en-villa-maria-el-programa-nexo-pyme-cordoba\/\"},\"wordCount\":277,\"commentCount\":0,\"image\":{\"@id\":\"https:\/\/elregionalvm.com.ar\/noticias-villa-maria\/presentaron-en-villa-maria-el-programa-nexo-pyme-cordoba\/#primaryimage\"},\"thumbnailUrl\":\"https:\/\/i0.wp.com\/elregionalvm.com.ar\/noticias-villa-maria\/wp-content\/uploads\/2024\/07\/Nexo-Pyme-en-VM.jpeg?fit=1280%2C853&ssl=1\",\"keywords\":[\"beneficios\",\"Comercios\",\"Empresas\",\"Gobierno de C\u00f3rdoba\",\"Nexo Pyme\",\"Programa\",\"Pymes\"],\"articleSection\":{\"0\":\"destacado\",\"1\":\"Provinciales\",\"3\":\"Villa Mar\u00eda\"},\"inLanguage\":\"es\",\"potentialAction\":[{\"@type\":\"CommentAction\",\"name\":\"Comment\",\"target\":[\"https:\/\/elregionalvm.com.ar\/noticias-villa-maria\/presentaron-en-villa-maria-el-programa-nexo-pyme-cordoba\/#respond\"]}]},{\"@type\":\"WebPage\",\"@id\":\"https:\/\/elregionalvm.com.ar\/noticias-villa-maria\/presentaron-en-villa-maria-el-programa-nexo-pyme-cordoba\/\",\"url\":\"https:\/\/elregionalvm.com.ar\/noticias-villa-maria\/presentaron-en-villa-maria-el-programa-nexo-pyme-cordoba\/\",\"name\":\"Presentaron en Villa Mar\u00eda el Programa \u201cNexo Pyme C\u00f3rdoba\u201d - El Regional\",\"isPartOf\":{\"@id\":\"http:\/\/elregionalvm.com.ar\/noticias-villa-maria\/#website\"},\"primaryImageOfPage\":{\"@id\":\"https:\/\/elregionalvm.com.ar\/noticias-villa-maria\/presentaron-en-villa-maria-el-programa-nexo-pyme-cordoba\/#primaryimage\"},\"image\":{\"@id\":\"https:\/\/elregionalvm.com.ar\/noticias-villa-maria\/presentaron-en-villa-maria-el-programa-nexo-pyme-cordoba\/#primaryimage\"},\"thumbnailUrl\":\"https:\/\/i0.wp.com\/elregionalvm.com.ar\/noticias-villa-maria\/wp-content\/uploads\/2024\/07\/Nexo-Pyme-en-VM.jpeg?fit=1280%2C853&ssl=1\",\"datePublished\":\"2024-07-13T15:13:51+00:00\",\"dateModified\":\"2024-07-13T15:13:53+00:00\",\"author\":{\"@id\":\"http:\/\/elregionalvm.com.ar\/noticias-villa-maria\/#\/schema\/person\/a0fb9c422317faca23d50163151bc354\"},\"breadcrumb\":{\"@id\":\"https:\/\/elregionalvm.com.ar\/noticias-villa-maria\/presentaron-en-villa-maria-el-programa-nexo-pyme-cordoba\/#breadcrumb\"},\"inLanguage\":\"es\",\"potentialAction\":[{\"@type\":\"ReadAction\",\"target\":[\"https:\/\/elregionalvm.com.ar\/noticias-villa-maria\/presentaron-en-villa-maria-el-programa-nexo-pyme-cordoba\/\"]}]},{\"@type\":\"ImageObject\",\"inLanguage\":\"es\",\"@id\":\"https:\/\/elregionalvm.com.ar\/noticias-villa-maria\/presentaron-en-villa-maria-el-programa-nexo-pyme-cordoba\/#primaryimage\",\"url\":\"https:\/\/i0.wp.com\/elregionalvm.com.ar\/noticias-villa-maria\/wp-content\/uploads\/2024\/07\/Nexo-Pyme-en-VM.jpeg?fit=1280%2C853&ssl=1\",\"contentUrl\":\"https:\/\/i0.wp.com\/elregionalvm.com.ar\/noticias-villa-maria\/wp-content\/uploads\/2024\/07\/Nexo-Pyme-en-VM.jpeg?fit=1280%2C853&ssl=1\",\"width\":1280,\"height\":853},{\"@type\":\"BreadcrumbList\",\"@id\":\"https:\/\/elregionalvm.com.ar\/noticias-villa-maria\/presentaron-en-villa-maria-el-programa-nexo-pyme-cordoba\/#breadcrumb\",\"itemListElement\":[{\"@type\":\"ListItem\",\"position\":1,\"name\":\"Portada\",\"item\":\"https:\/\/elregionalvm.com.ar\/noticias-villa-maria\/\"},{\"@type\":\"ListItem\",\"position\":2,\"name\":\"Presentaron en Villa Mar\u00eda el Programa \u201cNexo Pyme C\u00f3rdoba\u201d\"}]},{\"@type\":\"WebSite\",\"@id\":\"http:\/\/elregionalvm.com.ar\/noticias-villa-maria\/#website\",\"url\":\"http:\/\/elregionalvm.com.ar\/noticias-villa-maria\/\",\"name\":\"El Regional\",\"description\":\"Mucho m\u00e1s que informaci\u00f3n\",\"potentialAction\":[{\"@type\":\"SearchAction\",\"target\":{\"@type\":\"EntryPoint\",\"urlTemplate\":\"http:\/\/elregionalvm.com.ar\/noticias-villa-maria\/?s={search_term_string}\"},\"query-input\":{\"@type\":\"PropertyValueSpecification\",\"valueRequired\":true,\"valueName\":\"search_term_string\"}}],\"inLanguage\":\"es\"},{\"@type\":\"Person\",\"@id\":\"http:\/\/elregionalvm.com.ar\/noticias-villa-maria\/#\/schema\/person\/a0fb9c422317faca23d50163151bc354\",\"name\":\"Contenidos El Regional\",\"image\":{\"@type\":\"ImageObject\",\"inLanguage\":\"es\",\"@id\":\"http:\/\/elregionalvm.com.ar\/noticias-villa-maria\/#\/schema\/person\/image\/\",\"url\":\"https:\/\/secure.gravatar.com\/avatar\/265b27cb2209af7bb3a1318f03305787d7981a5cc6e6cd08fe5a4ecdf99d4b48?s=96&d=mm&r=g\",\"contentUrl\":\"https:\/\/secure.gravatar.com\/avatar\/265b27cb2209af7bb3a1318f03305787d7981a5cc6e6cd08fe5a4ecdf99d4b48?s=96&d=mm&r=g\",\"caption\":\"Contenidos El Regional\"},\"url\":\"https:\/\/elregionalvm.com.ar\/noticias-villa-maria\/author\/contenido\/\"}]}<\/script>\n<!-- \/ Yoast SEO plugin. -->","yoast_head_json":{"title":"Presentaron en Villa Mar\u00eda el Programa \u201cNexo Pyme C\u00f3rdoba\u201d - El Regional","robots":{"index":"index","follow":"follow","max-snippet":"max-snippet:-1","max-image-preview":"max-image-preview:large","max-video-preview":"max-video-preview:-1"},"canonical":"https:\/\/elregionalvm.com.ar\/noticias-villa-maria\/presentaron-en-villa-maria-el-programa-nexo-pyme-cordoba\/","og_locale":"es_ES","og_type":"article","og_title":"Presentaron en Villa Mar\u00eda el Programa \u201cNexo Pyme C\u00f3rdoba\u201d - El Regional","og_description":"Se present\u00f3 en nuestra ciudad el Programa \u201cNexo Pyme C\u00f3rdoba\u201d, iniciativa que busca centralizar informaci\u00f3n para fortalecer el entramado productivo local. En la Medioteca Municipal, el subsecretario de Peque\u00f1a y Mediana Empresa del Gobierno de la Provincia de C\u00f3rdoba, Segundo Sosa Barreneche y el director de Industria y Comercio del Municipio, Jos\u00e9 Ignacio Salom\u00f3n, encabezaron [&hellip;]","og_url":"https:\/\/elregionalvm.com.ar\/noticias-villa-maria\/presentaron-en-villa-maria-el-programa-nexo-pyme-cordoba\/","og_site_name":"El Regional","article_publisher":"https:\/\/www.facebook.com\/elregionalvm","article_published_time":"2024-07-13T15:13:51+00:00","article_modified_time":"2024-07-13T15:13:53+00:00","og_image":[{"width":1280,"height":853,"url":"https:\/\/elregionalvm.com.ar\/noticias-villa-maria\/wp-content\/uploads\/2024\/07\/Nexo-Pyme-en-VM.jpeg","type":"image\/jpeg"}],"author":"Contenidos El Regional","twitter_card":"summary_large_image","twitter_creator":"@elregionalvm1","twitter_site":"@elregionalvm1","twitter_misc":{"Escrito por":"Contenidos El Regional","Tiempo de lectura":"2 minutos"},"schema":{"@context":"https:\/\/schema.org","@graph":[{"@type":"Article","@id":"https:\/\/elregionalvm.com.ar\/noticias-villa-maria\/presentaron-en-villa-maria-el-programa-nexo-pyme-cordoba\/#article","isPartOf":{"@id":"https:\/\/elregionalvm.com.ar\/noticias-villa-maria\/presentaron-en-villa-maria-el-programa-nexo-pyme-cordoba\/"},"author":{"name":"Contenidos El Regional","@id":"http:\/\/elregionalvm.com.ar\/noticias-villa-maria\/#\/schema\/person\/a0fb9c422317faca23d50163151bc354"},"headline":"Presentaron en Villa Mar\u00eda el Programa \u201cNexo Pyme C\u00f3rdoba\u201d","datePublished":"2024-07-13T15:13:51+00:00","dateModified":"2024-07-13T15:13:53+00:00","mainEntityOfPage":{"@id":"https:\/\/elregionalvm.com.ar\/noticias-villa-maria\/presentaron-en-villa-maria-el-programa-nexo-pyme-cordoba\/"},"wordCount":277,"commentCount":0,"image":{"@id":"https:\/\/elregionalvm.com.ar\/noticias-villa-maria\/presentaron-en-villa-maria-el-programa-nexo-pyme-cordoba\/#primaryimage"},"thumbnailUrl":"https:\/\/i0.wp.com\/elregionalvm.com.ar\/noticias-villa-maria\/wp-content\/uploads\/2024\/07\/Nexo-Pyme-en-VM.jpeg?fit=1280%2C853&ssl=1","keywords":["beneficios","Comercios","Empresas","Gobierno de C\u00f3rdoba","Nexo Pyme","Programa","Pymes"],"articleSection":{"0":"destacado","1":"Provinciales","3":"Villa Mar\u00eda"},"inLanguage":"es","potentialAction":[{"@type":"CommentAction","name":"Comment","target":["https:\/\/elregionalvm.com.ar\/noticias-villa-maria\/presentaron-en-villa-maria-el-programa-nexo-pyme-cordoba\/#respond"]}]},{"@type":"WebPage","@id":"https:\/\/elregionalvm.com.ar\/noticias-villa-maria\/presentaron-en-villa-maria-el-programa-nexo-pyme-cordoba\/","url":"https:\/\/elregionalvm.com.ar\/noticias-villa-maria\/presentaron-en-villa-maria-el-programa-nexo-pyme-cordoba\/","name":"Presentaron en Villa Mar\u00eda el Programa \u201cNexo Pyme C\u00f3rdoba\u201d - El Regional","isPartOf":{"@id":"http:\/\/elregionalvm.com.ar\/noticias-villa-maria\/#website"},"primaryImageOfPage":{"@id":"https:\/\/elregionalvm.com.ar\/noticias-villa-maria\/presentaron-en-villa-maria-el-programa-nexo-pyme-cordoba\/#primaryimage"},"image":{"@id":"https:\/\/elregionalvm.com.ar\/noticias-villa-maria\/presentaron-en-villa-maria-el-programa-nexo-pyme-cordoba\/#primaryimage"},"thumbnailUrl":"https:\/\/i0.wp.com\/elregionalvm.com.ar\/noticias-villa-maria\/wp-content\/uploads\/2024\/07\/Nexo-Pyme-en-VM.jpeg?fit=1280%2C853&ssl=1","datePublished":"2024-07-13T15:13:51+00:00","dateModified":"2024-07-13T15:13:53+00:00","author":{"@id":"http:\/\/elregionalvm.com.ar\/noticias-villa-maria\/#\/schema\/person\/a0fb9c422317faca23d50163151bc354"},"breadcrumb":{"@id":"https:\/\/elregionalvm.com.ar\/noticias-villa-maria\/presentaron-en-villa-maria-el-programa-nexo-pyme-cordoba\/#breadcrumb"},"inLanguage":"es","potentialAction":[{"@type":"ReadAction","target":["https:\/\/elregionalvm.com.ar\/noticias-villa-maria\/presentaron-en-villa-maria-el-programa-nexo-pyme-cordoba\/"]}]},{"@type":"ImageObject","inLanguage":"es","@id":"https:\/\/elregionalvm.com.ar\/noticias-villa-maria\/presentaron-en-villa-maria-el-programa-nexo-pyme-cordoba\/#primaryimage","url":"https:\/\/i0.wp.com\/elregionalvm.com.ar\/noticias-villa-maria\/wp-content\/uploads\/2024\/07\/Nexo-Pyme-en-VM.jpeg?fit=1280%2C853&ssl=1","contentUrl":"https:\/\/i0.wp.com\/elregionalvm.com.ar\/noticias-villa-maria\/wp-content\/uploads\/2024\/07\/Nexo-Pyme-en-VM.jpeg?fit=1280%2C853&ssl=1","width":1280,"height":853},{"@type":"BreadcrumbList","@id":"https:\/\/elregionalvm.com.ar\/noticias-villa-maria\/presentaron-en-villa-maria-el-programa-nexo-pyme-cordoba\/#breadcrumb","itemListElement":[{"@type":"ListItem","position":1,"name":"Portada","item":"https:\/\/elregionalvm.com.ar\/noticias-villa-maria\/"},{"@type":"ListItem","position":2,"name":"Presentaron en Villa Mar\u00eda el Programa \u201cNexo Pyme C\u00f3rdoba\u201d"}]},{"@type":"WebSite","@id":"http:\/\/elregionalvm.com.ar\/noticias-villa-maria\/#website","url":"http:\/\/elregionalvm.com.ar\/noticias-villa-maria\/","name":"El Regional","description":"Mucho m\u00e1s que informaci\u00f3n","potentialAction":[{"@type":"SearchAction","target":{"@type":"EntryPoint","urlTemplate":"http:\/\/elregionalvm.com.ar\/noticias-villa-maria\/?s={search_term_string}"},"query-input":{"@type":"PropertyValueSpecification","valueRequired":true,"valueName":"search_term_string"}}],"inLanguage":"es"},{"@type":"Person","@id":"http:\/\/elregionalvm.com.ar\/noticias-villa-maria\/#\/schema\/person\/a0fb9c422317faca23d50163151bc354","name":"Contenidos El Regional","image":{"@type":"ImageObject","inLanguage":"es","@id":"http:\/\/elregionalvm.com.ar\/noticias-villa-maria\/#\/schema\/person\/image\/","url":"https:\/\/secure.gravatar.com\/avatar\/265b27cb2209af7bb3a1318f03305787d7981a5cc6e6cd08fe5a4ecdf99d4b48?s=96&d=mm&r=g","contentUrl":"https:\/\/secure.gravatar.com\/avatar\/265b27cb2209af7bb3a1318f03305787d7981a5cc6e6cd08fe5a4ecdf99d4b48?s=96&d=mm&r=g","caption":"Contenidos El Regional"},"url":"https:\/\/elregionalvm.com.ar\/noticias-villa-maria\/author\/contenido\/"}]}},"jetpack_featured_media_url":"https:\/\/i0.wp.com\/elregionalvm.com.ar\/noticias-villa-maria\/wp-content\/uploads\/2024\/07\/Nexo-Pyme-en-VM.jpeg?fit=1280%2C853&ssl=1","jetpack_sharing_enabled":true,"_links":{"self":[{"href":"https:\/\/elregionalvm.com.ar\/noticias-villa-maria\/wp-json\/wp\/v2\/posts\/96174","targetHints":{"allow":["GET"]}}],"collection":[{"href":"https:\/\/elregionalvm.com.ar\/noticias-villa-maria\/wp-json\/wp\/v2\/posts"}],"about":[{"href":"https:\/\/elregionalvm.com.ar\/noticias-villa-maria\/wp-json\/wp\/v2\/types\/post"}],"author":[{"embeddable":true,"href":"https:\/\/elregionalvm.com.ar\/noticias-villa-maria\/wp-json\/wp\/v2\/users\/4"}],"replies":[{"embeddable":true,"href":"https:\/\/elregionalvm.com.ar\/noticias-villa-maria\/wp-json\/wp\/v2\/comments?post=96174"}],"version-history":[{"count":1,"href":"https:\/\/elregionalvm.com.ar\/noticias-villa-maria\/wp-json\/wp\/v2\/posts\/96174\/revisions"}],"predecessor-version":[{"id":96175,"href":"https:\/\/elregionalvm.com.ar\/noticias-villa-maria\/wp-json\/wp\/v2\/posts\/96174\/revisions\/96175"}],"wp:featuredmedia":[{"embeddable":true,"href":"https:\/\/elregionalvm.com.ar\/noticias-villa-maria\/wp-json\/wp\/v2\/media\/96176"}],"wp:attachment":[{"href":"https:\/\/elregionalvm.com.ar\/noticias-villa-maria\/wp-json\/wp\/v2\/media?parent=96174"}],"wp:term":[{"taxonomy":"category","embeddable":true,"href":"https:\/\/elregionalvm.com.ar\/noticias-villa-maria\/wp-json\/wp\/v2\/categories?post=96174"},{"taxonomy":"post_tag","embeddable":true,"href":"https:\/\/elregionalvm.com.ar\/noticias-villa-maria\/wp-json\/wp\/v2\/tags?post=96174"}],"curies":[{"name":"wp","href":"https:\/\/api.w.org\/{rel}","templated":true}]}}