{"id":96177,"date":"2024-07-13T15:20:16","date_gmt":"2024-07-13T15:20:16","guid":{"rendered":"https:\/\/elregionalvm.com.ar\/noticias-villa-maria\/?p=96177"},"modified":"2024-07-13T15:20:18","modified_gmt":"2024-07-13T15:20:18","slug":"reacondicionan-calles-y-realizan-adoquinado-en-distintos-sectores-de-la-ciudad","status":"publish","type":"post","link":"https:\/\/elregionalvm.com.ar\/noticias-villa-maria\/reacondicionan-calles-y-realizan-adoquinado-en-distintos-sectores-de-la-ciudad\/","title":{"rendered":"Reacondicionan calles y realizan adoquinado en distintos sectores de la ciudad"},"content":{"rendered":"\n<p>El gobierno municipal inform\u00f3 que se encuentra en implementaci\u00f3n el Plan de Mejoramiento de calles de tierra en m\u00e1s de 10 barrios, incluyendo compactaci\u00f3n y enarenado.<\/p>\n\n\n\n<p>En tanto, se trabaja en la obra de adoquinado de calle Gabriel Chalita en barrio Industrial.<\/p>\n\n\n\n<p>Tareas similares se cumplen en el sector de la costanera donde antes hab\u00eda tablas de madera, en la zona peatonal que bordea al lago.<\/p>\n\n\n\n<p>En este sentido, se est\u00e1n adoquinando m\u00e1s de 220 metros lineales, que van desde la Plaza de la M\u00fasica, cerca del Anfiteatro, hasta la pasarela de madera, pasando frente al Bosque de Bolsillo.<\/p>\n","protected":false},"excerpt":{"rendered":"<p>El gobierno municipal inform\u00f3 que se encuentra en implementaci\u00f3n el Plan de Mejoramiento de calles de tierra en m\u00e1s de 10 barrios, incluyendo compactaci\u00f3n y enarenado. En tanto, se trabaja en la obra de adoquinado de calle Gabriel Chalita en barrio Industrial. Tareas similares se cumplen en el sector de la costanera donde antes hab\u00eda [&hellip;]<\/p>\n","protected":false},"author":4,"featured_media":96178,"comment_status":"open","ping_status":"open","sticky":false,"template":"","format":"standard","meta":{"site-sidebar-layout":"default","site-content-layout":"","ast-site-content-layout":"default","site-content-style":"default","site-sidebar-style":"default","ast-global-header-display":"","ast-banner-title-visibility":"","ast-main-header-display":"","ast-hfb-above-header-display":"","ast-hfb-below-header-display":"","ast-hfb-mobile-header-display":"","site-post-title":"","ast-breadcrumbs-content":"","ast-featured-img":"","footer-sml-layout":"","ast-disable-related-posts":"","theme-transparent-header-meta":"","adv-header-id-meta":"","stick-header-meta":"","header-above-stick-meta":"","header-main-stick-meta":"","header-below-stick-meta":"","astra-migrate-meta-layouts":"set","ast-page-background-enabled":"default","ast-page-background-meta":{"desktop":{"background-color":"","background-image":"","background-repeat":"repeat","background-position":"center center","background-size":"auto","background-attachment":"scroll","background-type":"","background-media":"","overlay-type":"","overlay-color":"","overlay-opacity":"","overlay-gradient":""},"tablet":{"background-color":"","background-image":"","background-repeat":"repeat","background-position":"center center","background-size":"auto","background-attachment":"scroll","background-type":"","background-media":"","overlay-type":"","overlay-color":"","overlay-opacity":"","overlay-gradient":""},"mobile":{"background-color":"","background-image":"","background-repeat":"repeat","background-position":"center center","background-size":"auto","background-attachment":"scroll","background-type":"","background-media":"","overlay-type":"","overlay-color":"","overlay-opacity":"","overlay-gradient":""}},"ast-content-background-meta":{"desktop":{"background-color":"var(--ast-global-color-5)","background-image":"","background-repeat":"repeat","background-position":"center center","background-size":"auto","background-attachment":"scroll","background-type":"","background-media":"","overlay-type":"","overlay-color":"","overlay-opacity":"","overlay-gradient":""},"tablet":{"background-color":"var(--ast-global-color-5)","background-image":"","background-repeat":"repeat","background-position":"center center","background-size":"auto","background-attachment":"scroll","background-type":"","background-media":"","overlay-type":"","overlay-color":"","overlay-opacity":"","overlay-gradient":""},"mobile":{"background-color":"var(--ast-global-color-5)","background-image":"","background-repeat":"repeat","background-position":"center center","background-size":"auto","background-attachment":"scroll","background-type":"","background-media":"","overlay-type":"","overlay-color":"","overlay-opacity":"","overlay-gradient":""}},"_jetpack_memberships_contains_paid_content":false,"_joinchat":[],"footnotes":""},"categories":[15302,2],"tags":[4804,2443,15238,9,2409],"class_list":["post-96177","post","type-post","status-publish","format-standard","has-post-thumbnail","hentry","category-destacado","category-villa-maria","tag-adoquinado","tag-arreglos","tag-calles","tag-costanera","tag-obras-publicas"],"yoast_head":"<!-- This site is optimized with the Yoast SEO plugin v26.8 - https:\/\/yoast.com\/product\/yoast-seo-wordpress\/ -->\n<title>Reacondicionan calles y realizan adoquinado en distintos sectores de la ciudad - El Regional<\/title>\n<meta name=\"robots\" content=\"index, follow, max-snippet:-1, max-image-preview:large, max-video-preview:-1\" \/>\n<link rel=\"canonical\" href=\"https:\/\/elregionalvm.com.ar\/noticias-villa-maria\/reacondicionan-calles-y-realizan-adoquinado-en-distintos-sectores-de-la-ciudad\/\" \/>\n<meta property=\"og:locale\" content=\"es_ES\" \/>\n<meta property=\"og:type\" content=\"article\" \/>\n<meta property=\"og:title\" content=\"Reacondicionan calles y realizan adoquinado en distintos sectores de la ciudad - El Regional\" \/>\n<meta property=\"og:description\" content=\"El gobierno municipal inform\u00f3 que se encuentra en implementaci\u00f3n el Plan de Mejoramiento de calles de tierra en m\u00e1s de 10 barrios, incluyendo compactaci\u00f3n y enarenado. En tanto, se trabaja en la obra de adoquinado de calle Gabriel Chalita en barrio Industrial. Tareas similares se cumplen en el sector de la costanera donde antes hab\u00eda [&hellip;]\" \/>\n<meta property=\"og:url\" content=\"https:\/\/elregionalvm.com.ar\/noticias-villa-maria\/reacondicionan-calles-y-realizan-adoquinado-en-distintos-sectores-de-la-ciudad\/\" \/>\n<meta property=\"og:site_name\" content=\"El Regional\" \/>\n<meta property=\"article:publisher\" content=\"https:\/\/www.facebook.com\/elregionalvm\" \/>\n<meta property=\"article:published_time\" content=\"2024-07-13T15:20:16+00:00\" \/>\n<meta property=\"article:modified_time\" content=\"2024-07-13T15:20:18+00:00\" \/>\n<meta property=\"og:image\" content=\"https:\/\/elregionalvm.com.ar\/noticias-villa-maria\/wp-content\/uploads\/2024\/07\/adoquinado-costanera-.jpeg\" \/>\n\t<meta property=\"og:image:width\" content=\"853\" \/>\n\t<meta property=\"og:image:height\" content=\"569\" \/>\n\t<meta property=\"og:image:type\" content=\"image\/jpeg\" \/>\n<meta name=\"author\" content=\"Contenidos El Regional\" \/>\n<meta name=\"twitter:card\" content=\"summary_large_image\" \/>\n<meta name=\"twitter:creator\" content=\"@elregionalvm1\" \/>\n<meta name=\"twitter:site\" content=\"@elregionalvm1\" \/>\n<meta name=\"twitter:label1\" content=\"Escrito por\" \/>\n\t<meta name=\"twitter:data1\" content=\"Contenidos El Regional\" \/>\n\t<meta name=\"twitter:label2\" content=\"Tiempo de lectura\" \/>\n\t<meta name=\"twitter:data2\" content=\"1 minuto\" \/>\n<script type=\"application\/ld+json\" class=\"yoast-schema-graph\">{\"@context\":\"https:\/\/schema.org\",\"@graph\":[{\"@type\":\"Article\",\"@id\":\"https:\/\/elregionalvm.com.ar\/noticias-villa-maria\/reacondicionan-calles-y-realizan-adoquinado-en-distintos-sectores-de-la-ciudad\/#article\",\"isPartOf\":{\"@id\":\"https:\/\/elregionalvm.com.ar\/noticias-villa-maria\/reacondicionan-calles-y-realizan-adoquinado-en-distintos-sectores-de-la-ciudad\/\"},\"author\":{\"name\":\"Contenidos El Regional\",\"@id\":\"http:\/\/elregionalvm.com.ar\/noticias-villa-maria\/#\/schema\/person\/a0fb9c422317faca23d50163151bc354\"},\"headline\":\"Reacondicionan calles y realizan adoquinado en distintos sectores de la ciudad\",\"datePublished\":\"2024-07-13T15:20:16+00:00\",\"dateModified\":\"2024-07-13T15:20:18+00:00\",\"mainEntityOfPage\":{\"@id\":\"https:\/\/elregionalvm.com.ar\/noticias-villa-maria\/reacondicionan-calles-y-realizan-adoquinado-en-distintos-sectores-de-la-ciudad\/\"},\"wordCount\":115,\"commentCount\":0,\"image\":{\"@id\":\"https:\/\/elregionalvm.com.ar\/noticias-villa-maria\/reacondicionan-calles-y-realizan-adoquinado-en-distintos-sectores-de-la-ciudad\/#primaryimage\"},\"thumbnailUrl\":\"https:\/\/i0.wp.com\/elregionalvm.com.ar\/noticias-villa-maria\/wp-content\/uploads\/2024\/07\/adoquinado-costanera-.jpeg?fit=853%2C569&ssl=1\",\"keywords\":[\"Adoquinado\",\"arreglos\",\"calles\",\"Costanera\",\"Obras p\u00fablicas\"],\"articleSection\":[\"destacado\",\"Villa Mar\u00eda\"],\"inLanguage\":\"es\",\"potentialAction\":[{\"@type\":\"CommentAction\",\"name\":\"Comment\",\"target\":[\"https:\/\/elregionalvm.com.ar\/noticias-villa-maria\/reacondicionan-calles-y-realizan-adoquinado-en-distintos-sectores-de-la-ciudad\/#respond\"]}]},{\"@type\":\"WebPage\",\"@id\":\"https:\/\/elregionalvm.com.ar\/noticias-villa-maria\/reacondicionan-calles-y-realizan-adoquinado-en-distintos-sectores-de-la-ciudad\/\",\"url\":\"https:\/\/elregionalvm.com.ar\/noticias-villa-maria\/reacondicionan-calles-y-realizan-adoquinado-en-distintos-sectores-de-la-ciudad\/\",\"name\":\"Reacondicionan calles y realizan adoquinado en distintos sectores de la ciudad - El Regional\",\"isPartOf\":{\"@id\":\"http:\/\/elregionalvm.com.ar\/noticias-villa-maria\/#website\"},\"primaryImageOfPage\":{\"@id\":\"https:\/\/elregionalvm.com.ar\/noticias-villa-maria\/reacondicionan-calles-y-realizan-adoquinado-en-distintos-sectores-de-la-ciudad\/#primaryimage\"},\"image\":{\"@id\":\"https:\/\/elregionalvm.com.ar\/noticias-villa-maria\/reacondicionan-calles-y-realizan-adoquinado-en-distintos-sectores-de-la-ciudad\/#primaryimage\"},\"thumbnailUrl\":\"https:\/\/i0.wp.com\/elregionalvm.com.ar\/noticias-villa-maria\/wp-content\/uploads\/2024\/07\/adoquinado-costanera-.jpeg?fit=853%2C569&ssl=1\",\"datePublished\":\"2024-07-13T15:20:16+00:00\",\"dateModified\":\"2024-07-13T15:20:18+00:00\",\"author\":{\"@id\":\"http:\/\/elregionalvm.com.ar\/noticias-villa-maria\/#\/schema\/person\/a0fb9c422317faca23d50163151bc354\"},\"breadcrumb\":{\"@id\":\"https:\/\/elregionalvm.com.ar\/noticias-villa-maria\/reacondicionan-calles-y-realizan-adoquinado-en-distintos-sectores-de-la-ciudad\/#breadcrumb\"},\"inLanguage\":\"es\",\"potentialAction\":[{\"@type\":\"ReadAction\",\"target\":[\"https:\/\/elregionalvm.com.ar\/noticias-villa-maria\/reacondicionan-calles-y-realizan-adoquinado-en-distintos-sectores-de-la-ciudad\/\"]}]},{\"@type\":\"ImageObject\",\"inLanguage\":\"es\",\"@id\":\"https:\/\/elregionalvm.com.ar\/noticias-villa-maria\/reacondicionan-calles-y-realizan-adoquinado-en-distintos-sectores-de-la-ciudad\/#primaryimage\",\"url\":\"https:\/\/i0.wp.com\/elregionalvm.com.ar\/noticias-villa-maria\/wp-content\/uploads\/2024\/07\/adoquinado-costanera-.jpeg?fit=853%2C569&ssl=1\",\"contentUrl\":\"https:\/\/i0.wp.com\/elregionalvm.com.ar\/noticias-villa-maria\/wp-content\/uploads\/2024\/07\/adoquinado-costanera-.jpeg?fit=853%2C569&ssl=1\",\"width\":853,\"height\":569},{\"@type\":\"BreadcrumbList\",\"@id\":\"https:\/\/elregionalvm.com.ar\/noticias-villa-maria\/reacondicionan-calles-y-realizan-adoquinado-en-distintos-sectores-de-la-ciudad\/#breadcrumb\",\"itemListElement\":[{\"@type\":\"ListItem\",\"position\":1,\"name\":\"Portada\",\"item\":\"https:\/\/elregionalvm.com.ar\/noticias-villa-maria\/\"},{\"@type\":\"ListItem\",\"position\":2,\"name\":\"Reacondicionan calles y realizan adoquinado en distintos sectores de la ciudad\"}]},{\"@type\":\"WebSite\",\"@id\":\"http:\/\/elregionalvm.com.ar\/noticias-villa-maria\/#website\",\"url\":\"http:\/\/elregionalvm.com.ar\/noticias-villa-maria\/\",\"name\":\"El Regional\",\"description\":\"Mucho m\u00e1s que informaci\u00f3n\",\"potentialAction\":[{\"@type\":\"SearchAction\",\"target\":{\"@type\":\"EntryPoint\",\"urlTemplate\":\"http:\/\/elregionalvm.com.ar\/noticias-villa-maria\/?s={search_term_string}\"},\"query-input\":{\"@type\":\"PropertyValueSpecification\",\"valueRequired\":true,\"valueName\":\"search_term_string\"}}],\"inLanguage\":\"es\"},{\"@type\":\"Person\",\"@id\":\"http:\/\/elregionalvm.com.ar\/noticias-villa-maria\/#\/schema\/person\/a0fb9c422317faca23d50163151bc354\",\"name\":\"Contenidos El Regional\",\"image\":{\"@type\":\"ImageObject\",\"inLanguage\":\"es\",\"@id\":\"http:\/\/elregionalvm.com.ar\/noticias-villa-maria\/#\/schema\/person\/image\/\",\"url\":\"https:\/\/secure.gravatar.com\/avatar\/265b27cb2209af7bb3a1318f03305787d7981a5cc6e6cd08fe5a4ecdf99d4b48?s=96&d=mm&r=g\",\"contentUrl\":\"https:\/\/secure.gravatar.com\/avatar\/265b27cb2209af7bb3a1318f03305787d7981a5cc6e6cd08fe5a4ecdf99d4b48?s=96&d=mm&r=g\",\"caption\":\"Contenidos El Regional\"},\"url\":\"https:\/\/elregionalvm.com.ar\/noticias-villa-maria\/author\/contenido\/\"}]}<\/script>\n<!-- \/ Yoast SEO plugin. -->","yoast_head_json":{"title":"Reacondicionan calles y realizan adoquinado en distintos sectores de la ciudad - El Regional","robots":{"index":"index","follow":"follow","max-snippet":"max-snippet:-1","max-image-preview":"max-image-preview:large","max-video-preview":"max-video-preview:-1"},"canonical":"https:\/\/elregionalvm.com.ar\/noticias-villa-maria\/reacondicionan-calles-y-realizan-adoquinado-en-distintos-sectores-de-la-ciudad\/","og_locale":"es_ES","og_type":"article","og_title":"Reacondicionan calles y realizan adoquinado en distintos sectores de la ciudad - El Regional","og_description":"El gobierno municipal inform\u00f3 que se encuentra en implementaci\u00f3n el Plan de Mejoramiento de calles de tierra en m\u00e1s de 10 barrios, incluyendo compactaci\u00f3n y enarenado. En tanto, se trabaja en la obra de adoquinado de calle Gabriel Chalita en barrio Industrial. Tareas similares se cumplen en el sector de la costanera donde antes hab\u00eda [&hellip;]","og_url":"https:\/\/elregionalvm.com.ar\/noticias-villa-maria\/reacondicionan-calles-y-realizan-adoquinado-en-distintos-sectores-de-la-ciudad\/","og_site_name":"El Regional","article_publisher":"https:\/\/www.facebook.com\/elregionalvm","article_published_time":"2024-07-13T15:20:16+00:00","article_modified_time":"2024-07-13T15:20:18+00:00","og_image":[{"width":853,"height":569,"url":"https:\/\/elregionalvm.com.ar\/noticias-villa-maria\/wp-content\/uploads\/2024\/07\/adoquinado-costanera-.jpeg","type":"image\/jpeg"}],"author":"Contenidos El Regional","twitter_card":"summary_large_image","twitter_creator":"@elregionalvm1","twitter_site":"@elregionalvm1","twitter_misc":{"Escrito por":"Contenidos El Regional","Tiempo de lectura":"1 minuto"},"schema":{"@context":"https:\/\/schema.org","@graph":[{"@type":"Article","@id":"https:\/\/elregionalvm.com.ar\/noticias-villa-maria\/reacondicionan-calles-y-realizan-adoquinado-en-distintos-sectores-de-la-ciudad\/#article","isPartOf":{"@id":"https:\/\/elregionalvm.com.ar\/noticias-villa-maria\/reacondicionan-calles-y-realizan-adoquinado-en-distintos-sectores-de-la-ciudad\/"},"author":{"name":"Contenidos El Regional","@id":"http:\/\/elregionalvm.com.ar\/noticias-villa-maria\/#\/schema\/person\/a0fb9c422317faca23d50163151bc354"},"headline":"Reacondicionan calles y realizan adoquinado en distintos sectores de la ciudad","datePublished":"2024-07-13T15:20:16+00:00","dateModified":"2024-07-13T15:20:18+00:00","mainEntityOfPage":{"@id":"https:\/\/elregionalvm.com.ar\/noticias-villa-maria\/reacondicionan-calles-y-realizan-adoquinado-en-distintos-sectores-de-la-ciudad\/"},"wordCount":115,"commentCount":0,"image":{"@id":"https:\/\/elregionalvm.com.ar\/noticias-villa-maria\/reacondicionan-calles-y-realizan-adoquinado-en-distintos-sectores-de-la-ciudad\/#primaryimage"},"thumbnailUrl":"https:\/\/i0.wp.com\/elregionalvm.com.ar\/noticias-villa-maria\/wp-content\/uploads\/2024\/07\/adoquinado-costanera-.jpeg?fit=853%2C569&ssl=1","keywords":["Adoquinado","arreglos","calles","Costanera","Obras p\u00fablicas"],"articleSection":["destacado","Villa Mar\u00eda"],"inLanguage":"es","potentialAction":[{"@type":"CommentAction","name":"Comment","target":["https:\/\/elregionalvm.com.ar\/noticias-villa-maria\/reacondicionan-calles-y-realizan-adoquinado-en-distintos-sectores-de-la-ciudad\/#respond"]}]},{"@type":"WebPage","@id":"https:\/\/elregionalvm.com.ar\/noticias-villa-maria\/reacondicionan-calles-y-realizan-adoquinado-en-distintos-sectores-de-la-ciudad\/","url":"https:\/\/elregionalvm.com.ar\/noticias-villa-maria\/reacondicionan-calles-y-realizan-adoquinado-en-distintos-sectores-de-la-ciudad\/","name":"Reacondicionan calles y realizan adoquinado en distintos sectores de la ciudad - El Regional","isPartOf":{"@id":"http:\/\/elregionalvm.com.ar\/noticias-villa-maria\/#website"},"primaryImageOfPage":{"@id":"https:\/\/elregionalvm.com.ar\/noticias-villa-maria\/reacondicionan-calles-y-realizan-adoquinado-en-distintos-sectores-de-la-ciudad\/#primaryimage"},"image":{"@id":"https:\/\/elregionalvm.com.ar\/noticias-villa-maria\/reacondicionan-calles-y-realizan-adoquinado-en-distintos-sectores-de-la-ciudad\/#primaryimage"},"thumbnailUrl":"https:\/\/i0.wp.com\/elregionalvm.com.ar\/noticias-villa-maria\/wp-content\/uploads\/2024\/07\/adoquinado-costanera-.jpeg?fit=853%2C569&ssl=1","datePublished":"2024-07-13T15:20:16+00:00","dateModified":"2024-07-13T15:20:18+00:00","author":{"@id":"http:\/\/elregionalvm.com.ar\/noticias-villa-maria\/#\/schema\/person\/a0fb9c422317faca23d50163151bc354"},"breadcrumb":{"@id":"https:\/\/elregionalvm.com.ar\/noticias-villa-maria\/reacondicionan-calles-y-realizan-adoquinado-en-distintos-sectores-de-la-ciudad\/#breadcrumb"},"inLanguage":"es","potentialAction":[{"@type":"ReadAction","target":["https:\/\/elregionalvm.com.ar\/noticias-villa-maria\/reacondicionan-calles-y-realizan-adoquinado-en-distintos-sectores-de-la-ciudad\/"]}]},{"@type":"ImageObject","inLanguage":"es","@id":"https:\/\/elregionalvm.com.ar\/noticias-villa-maria\/reacondicionan-calles-y-realizan-adoquinado-en-distintos-sectores-de-la-ciudad\/#primaryimage","url":"https:\/\/i0.wp.com\/elregionalvm.com.ar\/noticias-villa-maria\/wp-content\/uploads\/2024\/07\/adoquinado-costanera-.jpeg?fit=853%2C569&ssl=1","contentUrl":"https:\/\/i0.wp.com\/elregionalvm.com.ar\/noticias-villa-maria\/wp-content\/uploads\/2024\/07\/adoquinado-costanera-.jpeg?fit=853%2C569&ssl=1","width":853,"height":569},{"@type":"BreadcrumbList","@id":"https:\/\/elregionalvm.com.ar\/noticias-villa-maria\/reacondicionan-calles-y-realizan-adoquinado-en-distintos-sectores-de-la-ciudad\/#breadcrumb","itemListElement":[{"@type":"ListItem","position":1,"name":"Portada","item":"https:\/\/elregionalvm.com.ar\/noticias-villa-maria\/"},{"@type":"ListItem","position":2,"name":"Reacondicionan calles y realizan adoquinado en distintos sectores de la ciudad"}]},{"@type":"WebSite","@id":"http:\/\/elregionalvm.com.ar\/noticias-villa-maria\/#website","url":"http:\/\/elregionalvm.com.ar\/noticias-villa-maria\/","name":"El Regional","description":"Mucho m\u00e1s que informaci\u00f3n","potentialAction":[{"@type":"SearchAction","target":{"@type":"EntryPoint","urlTemplate":"http:\/\/elregionalvm.com.ar\/noticias-villa-maria\/?s={search_term_string}"},"query-input":{"@type":"PropertyValueSpecification","valueRequired":true,"valueName":"search_term_string"}}],"inLanguage":"es"},{"@type":"Person","@id":"http:\/\/elregionalvm.com.ar\/noticias-villa-maria\/#\/schema\/person\/a0fb9c422317faca23d50163151bc354","name":"Contenidos El Regional","image":{"@type":"ImageObject","inLanguage":"es","@id":"http:\/\/elregionalvm.com.ar\/noticias-villa-maria\/#\/schema\/person\/image\/","url":"https:\/\/secure.gravatar.com\/avatar\/265b27cb2209af7bb3a1318f03305787d7981a5cc6e6cd08fe5a4ecdf99d4b48?s=96&d=mm&r=g","contentUrl":"https:\/\/secure.gravatar.com\/avatar\/265b27cb2209af7bb3a1318f03305787d7981a5cc6e6cd08fe5a4ecdf99d4b48?s=96&d=mm&r=g","caption":"Contenidos El Regional"},"url":"https:\/\/elregionalvm.com.ar\/noticias-villa-maria\/author\/contenido\/"}]}},"jetpack_featured_media_url":"https:\/\/i0.wp.com\/elregionalvm.com.ar\/noticias-villa-maria\/wp-content\/uploads\/2024\/07\/adoquinado-costanera-.jpeg?fit=853%2C569&ssl=1","jetpack_sharing_enabled":true,"_links":{"self":[{"href":"https:\/\/elregionalvm.com.ar\/noticias-villa-maria\/wp-json\/wp\/v2\/posts\/96177","targetHints":{"allow":["GET"]}}],"collection":[{"href":"https:\/\/elregionalvm.com.ar\/noticias-villa-maria\/wp-json\/wp\/v2\/posts"}],"about":[{"href":"https:\/\/elregionalvm.com.ar\/noticias-villa-maria\/wp-json\/wp\/v2\/types\/post"}],"author":[{"embeddable":true,"href":"https:\/\/elregionalvm.com.ar\/noticias-villa-maria\/wp-json\/wp\/v2\/users\/4"}],"replies":[{"embeddable":true,"href":"https:\/\/elregionalvm.com.ar\/noticias-villa-maria\/wp-json\/wp\/v2\/comments?post=96177"}],"version-history":[{"count":1,"href":"https:\/\/elregionalvm.com.ar\/noticias-villa-maria\/wp-json\/wp\/v2\/posts\/96177\/revisions"}],"predecessor-version":[{"id":96179,"href":"https:\/\/elregionalvm.com.ar\/noticias-villa-maria\/wp-json\/wp\/v2\/posts\/96177\/revisions\/96179"}],"wp:featuredmedia":[{"embeddable":true,"href":"https:\/\/elregionalvm.com.ar\/noticias-villa-maria\/wp-json\/wp\/v2\/media\/96178"}],"wp:attachment":[{"href":"https:\/\/elregionalvm.com.ar\/noticias-villa-maria\/wp-json\/wp\/v2\/media?parent=96177"}],"wp:term":[{"taxonomy":"category","embeddable":true,"href":"https:\/\/elregionalvm.com.ar\/noticias-villa-maria\/wp-json\/wp\/v2\/categories?post=96177"},{"taxonomy":"post_tag","embeddable":true,"href":"https:\/\/elregionalvm.com.ar\/noticias-villa-maria\/wp-json\/wp\/v2\/tags?post=96177"}],"curies":[{"name":"wp","href":"https:\/\/api.w.org\/{rel}","templated":true}]}}