{"id":96186,"date":"2024-07-14T21:31:18","date_gmt":"2024-07-14T21:31:18","guid":{"rendered":"https:\/\/elregionalvm.com.ar\/noticias-villa-maria\/?p=96186"},"modified":"2024-07-16T22:15:24","modified_gmt":"2024-07-16T22:15:24","slug":"crisis-y-preocupacion-el-dolar-paralelo-no-sube-acompana-la-inflacion","status":"publish","type":"post","link":"https:\/\/elregionalvm.com.ar\/noticias-villa-maria\/crisis-y-preocupacion-el-dolar-paralelo-no-sube-acompana-la-inflacion\/","title":{"rendered":"[Crisis y Preocupaci\u00f3n] El d\u00f3lar paralelo no sube, acompa\u00f1a la inflaci\u00f3n"},"content":{"rendered":"\n<h3 class=\"wp-block-heading\"><strong>Nuevamente el d\u00f3lar paralelo es fuente de preocupaci\u00f3n. El gobierno reaccion\u00f3 con audacia anunciando que intervendr\u00e1 en el mercado del d\u00f3lar paralelo para succionar pesos del mercado. Para que esta estrategia tenga \u00e9xito es imprescindible acelerar la implementaci\u00f3n de las reformas que integran el Acta de Mayo.<\/strong><\/h3>\n\n\n\n<p><\/p>\n\n\n\n<p>El d\u00f3lar paralelo se mantuvo relativamente estable en un nivel de $1.000 entre octubre 2023 a marzo 2024. A partir de abril comienza a deslizarse llegando en mayo a $1.300, junio $1.400 y en apenas 2 semanas de julio ya alcanz\u00f3 los $1.500.<\/p>\n\n\n\n<p>Que luego de 6 meses de tranquilidad, en 3 meses haga esta trepada causa preocupaci\u00f3n. Subyacen muchos antecedentes del pasado en que la escapada del d\u00f3lar fue el inicio de una crisis.<\/p>\n\n\n\n<p>El punto que m\u00e1s colisiona con el plan de gobierno es que esta din\u00e1mica del d\u00f3lar paralelo abre la brecha con el d\u00f3lar oficial a m\u00e1s del 50%. Esto aumenta las expectativas adversas en relaci\u00f3n a la sostenibilidad del d\u00f3lar oficial.<\/p>\n\n\n\n<p>El gobierno, para dar m\u00e1s contundencia a su pol\u00edtica con el d\u00f3lar oficial, dispuso que cada vez que emita pesos para comprar d\u00f3lares en el mercado oficial, inmediatamente vender\u00e1 en el mercado paralelo la cantidad de d\u00f3lares suficientes para retirar del mercado los pesos emitidos.<\/p>\n\n\n\n<p><\/p>\n\n\n\n<figure class=\"wp-block-image size-large\"><img data-recalc-dims=\"1\" fetchpriority=\"high\" decoding=\"async\" width=\"1024\" height=\"575\" src=\"https:\/\/i0.wp.com\/elregionalvm.com.ar\/noticias-villa-maria\/wp-content\/uploads\/2023\/09\/Javier-Milei-dolar.jpg?resize=1024%2C575&#038;ssl=1\" alt=\"\" class=\"wp-image-82479\"\/><\/figure>\n\n\n\n<p><\/p>\n\n\n\n<p>Sin d\u00e9ficit fiscal ni cuasi fiscal, con esta medida se cierran todas las ventanas de emisi\u00f3n monetaria.\u00a0\u00a0\u00a0<\/p>\n\n\n\n<p>Una referencia para entender la situaci\u00f3n es comparar la suba nominal del d\u00f3lar paralelo con las de otras variables relevantes, como los precios al consumidor y los salarios.<\/p>\n\n\n\n<p><strong>D\u00f3lar bajo<\/strong><\/p>\n\n\n\n<p>Seg\u00fan el Ministerio de Econom\u00eda, entre el 2022 y 2023, las tres variables marcharon a la par. En cambio, entre noviembre del 2023 y julio del 2024 se observa que:&nbsp;&nbsp;<\/p>\n\n\n\n<ul class=\"wp-block-list\">\n<li><strong>La inflaci\u00f3n fue del 135%<\/strong><\/li>\n\n\n\n<li><strong>El salario formal creci\u00f3 un 110% a mayo 2024 (\u00faltimo disponible)<\/strong><\/li>\n\n\n\n<li><strong>El d\u00f3lar paralelo creci\u00f3 apenas un 50%<\/strong><\/li>\n<\/ul>\n\n\n\n<p><\/p>\n\n\n\n<p><\/p>\n\n\n\n<figure class=\"wp-block-image\"><img data-recalc-dims=\"1\" decoding=\"async\" src=\"https:\/\/i0.wp.com\/idesa.org\/wp-content\/uploads\/2024\/07\/photo_2024-07-14_14-03-17.jpg?ssl=1\" alt=\"\"\/><\/figure>\n\n\n\n<p><\/p>\n\n\n\n<p>Estos datos muestran que el d\u00f3lar paralelo est\u00e1 creciendo, pero muy por debajo de la inflaci\u00f3n y de los salarios. Hay que aclarar que los precios y los salarios pueden crecer sostenidamente por encima del d\u00f3lar.<\/p>\n\n\n\n<p>Pero, para ello, tienen que ir acompa\u00f1ados de aumentos en la productividad y\/o una entrada masiva de d\u00f3lares desde el exterior. Ninguna de estas condiciones se da en la actualidad. La actividad econ\u00f3mica est\u00e1 estancada y los flujos de capitales presionan m\u00e1s por salir que por entrar al pa\u00eds.<\/p>\n\n\n\n<p>Por lo tanto, la suba del d\u00f3lar debe ser tomada apenas como una actualizaci\u00f3n que acompa\u00f1a a la inflaci\u00f3n y los salarios.&nbsp;&nbsp;<\/p>\n\n\n\n<p><strong>Operaci\u00f3n arriesgada<\/strong><\/p>\n\n\n\n<p>Estos antecedentes sugieren que la principal motivaci\u00f3n del gobierno disponiendo vender d\u00f3lares desde el Banco Central en el mercado paralelo es acelerar la baja de la inflaci\u00f3n.<\/p>\n\n\n\n<p>Con la base monetaria fija (porque estar\u00e1n cerradas todas las fuentes de emisi\u00f3n monetaria) se espera disminuir la brecha, defender la regla de devaluaci\u00f3n del d\u00f3lar oficial al 2% mensual y, con esto, moderar las expectativas inflacionarias.<\/p>\n\n\n\n<p><\/p>\n\n\n\n<figure class=\"wp-block-image size-large\"><img data-recalc-dims=\"1\" decoding=\"async\" width=\"1024\" height=\"574\" src=\"https:\/\/i0.wp.com\/elregionalvm.com.ar\/noticias-villa-maria\/wp-content\/uploads\/2023\/04\/Dolar-casa-rosada.jpg?resize=1024%2C574&#038;ssl=1\" alt=\"\" class=\"wp-image-75466\" srcset=\"https:\/\/i0.wp.com\/elregionalvm.com.ar\/noticias-villa-maria\/wp-content\/uploads\/2023\/04\/Dolar-casa-rosada.jpg?resize=1024%2C574&amp;ssl=1 1024w, https:\/\/i0.wp.com\/elregionalvm.com.ar\/noticias-villa-maria\/wp-content\/uploads\/2023\/04\/Dolar-casa-rosada.jpg?resize=300%2C168&amp;ssl=1 300w, https:\/\/i0.wp.com\/elregionalvm.com.ar\/noticias-villa-maria\/wp-content\/uploads\/2023\/04\/Dolar-casa-rosada.jpg?resize=768%2C431&amp;ssl=1 768w, https:\/\/i0.wp.com\/elregionalvm.com.ar\/noticias-villa-maria\/wp-content\/uploads\/2023\/04\/Dolar-casa-rosada.jpg?w=1193&amp;ssl=1 1193w\" sizes=\"(max-width: 1000px) 100vw, 1000px\" \/><\/figure>\n\n\n\n<p><\/p>\n\n\n\n<p>Es una operaci\u00f3n arriesgada, especialmente en un contexto de bajo nivel de reservas y con posibles efectos colaterales negativos. El m\u00e1s importante es una prolongaci\u00f3n de la recesi\u00f3n econ\u00f3mica producto de la astringencia monetaria y la baja competitividad de la producci\u00f3n interna.<\/p>\n\n\n\n<p>La manera de bajar los riesgos y efectos colaterales negativos de la medida es acelerando la transformaci\u00f3n de la econom\u00eda. Por un lado, para darle sostenibilidad al equilibrio fiscal. Esto ahora se vuelve m\u00e1s imprescindible ya que el Tesoro tiene que hacerse cargo de la deuda del Banco Central. Implica migrar desde un ajuste fiscal tradicional, muy basado en la licuaci\u00f3n de gastos y aplicaci\u00f3n de impuestos distorsivos (impuesto PAIS y derechos de exportaci\u00f3n), a un ordenamiento integral del sector p\u00fablico.<\/p>\n\n\n\n<p>Por otro lado, para darle a la producci\u00f3n interna la oportunidad de ser competitiva al tipo de cambio oficial. Esto implica generar un entorno regulatorio, tributario y de calidad de los servicios p\u00fablicos que permita a las empresas argentinas ser competitivas en los mercados internacionales.<\/p>\n\n\n\n<p>El saneamiento monetario (no hay m\u00e1s emisi\u00f3n) es una se\u00f1al muy potente en la lucha contra la inflaci\u00f3n. Pero extremadamente demandante desde el punto de vista fiscal y de competitividad para la producci\u00f3n nacional.<\/p>\n\n\n\n<p>Es una estrategia arriesgada y r\u00edgida. Su \u00e9xito depender\u00e1 de cuanta convicci\u00f3n y habilidad despliega el gobierno en la implementaci\u00f3n de las transformaciones enumeradas en el Acta de Mayo.\u00a0\u00a0\u00a0\u00a0<\/p>\n\n\n\n<p><\/p>\n\n\n\n<h3 class=\"wp-block-heading\"><strong>Tambi\u00e9n pod\u00e9s ver:<\/strong><\/h3>\n\n\n\n<p><\/p>\n\n\n\n<figure class=\"wp-block-embed is-type-wp-embed is-provider-el-regional wp-block-embed-el-regional\"><div class=\"wp-block-embed__wrapper\">\n<blockquote class=\"wp-embedded-content\" data-secret=\"5KtADyKcFd\"><a href=\"https:\/\/elregionalvm.com.ar\/noticias-villa-maria\/opinionlo-primero-a-simplificar-son-los-impuestos\/\">[Opini\u00f3n]Lo primero a simplificar son los impuestos<\/a><\/blockquote><iframe class=\"wp-embedded-content\" sandbox=\"allow-scripts\" security=\"restricted\" style=\"position: absolute; clip: rect(1px, 1px, 1px, 1px);\" title=\"\u00ab[Opini\u00f3n]Lo primero a simplificar son los impuestos\u00bb \u2014 El Regional\" src=\"https:\/\/elregionalvm.com.ar\/noticias-villa-maria\/opinionlo-primero-a-simplificar-son-los-impuestos\/embed\/#?secret=QSYHpahzKa#?secret=5KtADyKcFd\" data-secret=\"5KtADyKcFd\" width=\"500\" height=\"282\" frameborder=\"0\" marginwidth=\"0\" marginheight=\"0\" scrolling=\"no\"><\/iframe>\n<\/div><\/figure>\n","protected":false},"excerpt":{"rendered":"<p>Nuevamente el d\u00f3lar paralelo es fuente de preocupaci\u00f3n. El gobierno reaccion\u00f3 con audacia anunciando que intervendr\u00e1 en el mercado del d\u00f3lar paralelo para succionar pesos del mercado. Para que esta estrategia tenga \u00e9xito es imprescindible acelerar la implementaci\u00f3n de las reformas que integran el Acta de Mayo. El d\u00f3lar paralelo se mantuvo relativamente estable en [&hellip;]<\/p>\n","protected":false},"author":4,"featured_media":63904,"comment_status":"open","ping_status":"open","sticky":false,"template":"","format":"standard","meta":{"site-sidebar-layout":"default","site-content-layout":"","ast-site-content-layout":"default","site-content-style":"default","site-sidebar-style":"default","ast-global-header-display":"","ast-banner-title-visibility":"","ast-main-header-display":"","ast-hfb-above-header-display":"","ast-hfb-below-header-display":"","ast-hfb-mobile-header-display":"","site-post-title":"","ast-breadcrumbs-content":"","ast-featured-img":"","footer-sml-layout":"","ast-disable-related-posts":"","theme-transparent-header-meta":"","adv-header-id-meta":"","stick-header-meta":"","header-above-stick-meta":"","header-main-stick-meta":"","header-below-stick-meta":"","astra-migrate-meta-layouts":"set","ast-page-background-enabled":"default","ast-page-background-meta":{"desktop":{"background-color":"","background-image":"","background-repeat":"repeat","background-position":"center center","background-size":"auto","background-attachment":"scroll","background-type":"","background-media":"","overlay-type":"","overlay-color":"","overlay-opacity":"","overlay-gradient":""},"tablet":{"background-color":"","background-image":"","background-repeat":"repeat","background-position":"center center","background-size":"auto","background-attachment":"scroll","background-type":"","background-media":"","overlay-type":"","overlay-color":"","overlay-opacity":"","overlay-gradient":""},"mobile":{"background-color":"","background-image":"","background-repeat":"repeat","background-position":"center center","background-size":"auto","background-attachment":"scroll","background-type":"","background-media":"","overlay-type":"","overlay-color":"","overlay-opacity":"","overlay-gradient":""}},"ast-content-background-meta":{"desktop":{"background-color":"var(--ast-global-color-5)","background-image":"","background-repeat":"repeat","background-position":"center center","background-size":"auto","background-attachment":"scroll","background-type":"","background-media":"","overlay-type":"","overlay-color":"","overlay-opacity":"","overlay-gradient":""},"tablet":{"background-color":"var(--ast-global-color-5)","background-image":"","background-repeat":"repeat","background-position":"center center","background-size":"auto","background-attachment":"scroll","background-type":"","background-media":"","overlay-type":"","overlay-color":"","overlay-opacity":"","overlay-gradient":""},"mobile":{"background-color":"var(--ast-global-color-5)","background-image":"","background-repeat":"repeat","background-position":"center center","background-size":"auto","background-attachment":"scroll","background-type":"","background-media":"","overlay-type":"","overlay-color":"","overlay-opacity":"","overlay-gradient":""}},"_jetpack_memberships_contains_paid_content":false,"_joinchat":[],"footnotes":""},"categories":[365,3557],"tags":[24189,814,903,505,2467,5053,1392,2758],"class_list":["post-96186","post","type-post","status-publish","format-standard","has-post-thumbnail","hentry","category-opinion","category-tercera","tag-acta-de-mayo","tag-crisis","tag-dolar","tag-economia","tag-inflacion","tag-javier-milei","tag-preocupacion","tag-salarios"],"yoast_head":"<!-- This site is optimized with the Yoast SEO plugin v26.8 - https:\/\/yoast.com\/product\/yoast-seo-wordpress\/ -->\n<title>[Crisis y Preocupaci\u00f3n] El d\u00f3lar paralelo no sube, acompa\u00f1a la inflaci\u00f3n - El Regional<\/title>\n<meta name=\"robots\" content=\"index, follow, max-snippet:-1, max-image-preview:large, max-video-preview:-1\" \/>\n<link rel=\"canonical\" href=\"https:\/\/elregionalvm.com.ar\/noticias-villa-maria\/crisis-y-preocupacion-el-dolar-paralelo-no-sube-acompana-la-inflacion\/\" \/>\n<meta property=\"og:locale\" content=\"es_ES\" \/>\n<meta property=\"og:type\" content=\"article\" \/>\n<meta property=\"og:title\" content=\"[Crisis y Preocupaci\u00f3n] El d\u00f3lar paralelo no sube, acompa\u00f1a la inflaci\u00f3n - El Regional\" \/>\n<meta property=\"og:description\" content=\"Nuevamente el d\u00f3lar paralelo es fuente de preocupaci\u00f3n. El gobierno reaccion\u00f3 con audacia anunciando que intervendr\u00e1 en el mercado del d\u00f3lar paralelo para succionar pesos del mercado. Para que esta estrategia tenga \u00e9xito es imprescindible acelerar la implementaci\u00f3n de las reformas que integran el Acta de Mayo. El d\u00f3lar paralelo se mantuvo relativamente estable en [&hellip;]\" \/>\n<meta property=\"og:url\" content=\"https:\/\/elregionalvm.com.ar\/noticias-villa-maria\/crisis-y-preocupacion-el-dolar-paralelo-no-sube-acompana-la-inflacion\/\" \/>\n<meta property=\"og:site_name\" content=\"El Regional\" \/>\n<meta property=\"article:publisher\" content=\"https:\/\/www.facebook.com\/elregionalvm\" \/>\n<meta property=\"article:published_time\" content=\"2024-07-14T21:31:18+00:00\" \/>\n<meta property=\"article:modified_time\" content=\"2024-07-16T22:15:24+00:00\" \/>\n<meta property=\"og:image\" content=\"https:\/\/elregionalvm.com.ar\/noticias-villa-maria\/wp-content\/uploads\/2022\/09\/dolar-inflacion.jpg\" \/>\n\t<meta property=\"og:image:width\" content=\"1000\" \/>\n\t<meta property=\"og:image:height\" content=\"563\" \/>\n\t<meta property=\"og:image:type\" content=\"image\/jpeg\" \/>\n<meta name=\"author\" content=\"Contenidos El Regional\" \/>\n<meta name=\"twitter:card\" content=\"summary_large_image\" \/>\n<meta name=\"twitter:creator\" content=\"@elregionalvm1\" \/>\n<meta name=\"twitter:site\" content=\"@elregionalvm1\" \/>\n<meta name=\"twitter:label1\" content=\"Escrito por\" \/>\n\t<meta name=\"twitter:data1\" content=\"Contenidos El Regional\" \/>\n\t<meta name=\"twitter:label2\" content=\"Tiempo de lectura\" \/>\n\t<meta name=\"twitter:data2\" content=\"5 minutos\" \/>\n<script type=\"application\/ld+json\" class=\"yoast-schema-graph\">{\"@context\":\"https:\/\/schema.org\",\"@graph\":[{\"@type\":\"Article\",\"@id\":\"https:\/\/elregionalvm.com.ar\/noticias-villa-maria\/crisis-y-preocupacion-el-dolar-paralelo-no-sube-acompana-la-inflacion\/#article\",\"isPartOf\":{\"@id\":\"https:\/\/elregionalvm.com.ar\/noticias-villa-maria\/crisis-y-preocupacion-el-dolar-paralelo-no-sube-acompana-la-inflacion\/\"},\"author\":{\"name\":\"Contenidos El Regional\",\"@id\":\"http:\/\/elregionalvm.com.ar\/noticias-villa-maria\/#\/schema\/person\/a0fb9c422317faca23d50163151bc354\"},\"headline\":\"[Crisis y Preocupaci\u00f3n] El d\u00f3lar paralelo no sube, acompa\u00f1a la inflaci\u00f3n\",\"datePublished\":\"2024-07-14T21:31:18+00:00\",\"dateModified\":\"2024-07-16T22:15:24+00:00\",\"mainEntityOfPage\":{\"@id\":\"https:\/\/elregionalvm.com.ar\/noticias-villa-maria\/crisis-y-preocupacion-el-dolar-paralelo-no-sube-acompana-la-inflacion\/\"},\"wordCount\":795,\"commentCount\":0,\"image\":{\"@id\":\"https:\/\/elregionalvm.com.ar\/noticias-villa-maria\/crisis-y-preocupacion-el-dolar-paralelo-no-sube-acompana-la-inflacion\/#primaryimage\"},\"thumbnailUrl\":\"https:\/\/i0.wp.com\/elregionalvm.com.ar\/noticias-villa-maria\/wp-content\/uploads\/2022\/09\/dolar-inflacion.jpg?fit=1000%2C563&ssl=1\",\"keywords\":[\"acta de mayo\",\"crisis\",\"dolar\",\"Econom\u00eda\",\"Inflaci\u00f3n\",\"Javier Milei\",\"Preocupaci\u00f3n\",\"salarios\"],\"articleSection\":[\"Opini\u00f3n\",\"tercera\"],\"inLanguage\":\"es\",\"potentialAction\":[{\"@type\":\"CommentAction\",\"name\":\"Comment\",\"target\":[\"https:\/\/elregionalvm.com.ar\/noticias-villa-maria\/crisis-y-preocupacion-el-dolar-paralelo-no-sube-acompana-la-inflacion\/#respond\"]}]},{\"@type\":\"WebPage\",\"@id\":\"https:\/\/elregionalvm.com.ar\/noticias-villa-maria\/crisis-y-preocupacion-el-dolar-paralelo-no-sube-acompana-la-inflacion\/\",\"url\":\"https:\/\/elregionalvm.com.ar\/noticias-villa-maria\/crisis-y-preocupacion-el-dolar-paralelo-no-sube-acompana-la-inflacion\/\",\"name\":\"[Crisis y Preocupaci\u00f3n] El d\u00f3lar paralelo no sube, acompa\u00f1a la inflaci\u00f3n - El Regional\",\"isPartOf\":{\"@id\":\"http:\/\/elregionalvm.com.ar\/noticias-villa-maria\/#website\"},\"primaryImageOfPage\":{\"@id\":\"https:\/\/elregionalvm.com.ar\/noticias-villa-maria\/crisis-y-preocupacion-el-dolar-paralelo-no-sube-acompana-la-inflacion\/#primaryimage\"},\"image\":{\"@id\":\"https:\/\/elregionalvm.com.ar\/noticias-villa-maria\/crisis-y-preocupacion-el-dolar-paralelo-no-sube-acompana-la-inflacion\/#primaryimage\"},\"thumbnailUrl\":\"https:\/\/i0.wp.com\/elregionalvm.com.ar\/noticias-villa-maria\/wp-content\/uploads\/2022\/09\/dolar-inflacion.jpg?fit=1000%2C563&ssl=1\",\"datePublished\":\"2024-07-14T21:31:18+00:00\",\"dateModified\":\"2024-07-16T22:15:24+00:00\",\"author\":{\"@id\":\"http:\/\/elregionalvm.com.ar\/noticias-villa-maria\/#\/schema\/person\/a0fb9c422317faca23d50163151bc354\"},\"breadcrumb\":{\"@id\":\"https:\/\/elregionalvm.com.ar\/noticias-villa-maria\/crisis-y-preocupacion-el-dolar-paralelo-no-sube-acompana-la-inflacion\/#breadcrumb\"},\"inLanguage\":\"es\",\"potentialAction\":[{\"@type\":\"ReadAction\",\"target\":[\"https:\/\/elregionalvm.com.ar\/noticias-villa-maria\/crisis-y-preocupacion-el-dolar-paralelo-no-sube-acompana-la-inflacion\/\"]}]},{\"@type\":\"ImageObject\",\"inLanguage\":\"es\",\"@id\":\"https:\/\/elregionalvm.com.ar\/noticias-villa-maria\/crisis-y-preocupacion-el-dolar-paralelo-no-sube-acompana-la-inflacion\/#primaryimage\",\"url\":\"https:\/\/i0.wp.com\/elregionalvm.com.ar\/noticias-villa-maria\/wp-content\/uploads\/2022\/09\/dolar-inflacion.jpg?fit=1000%2C563&ssl=1\",\"contentUrl\":\"https:\/\/i0.wp.com\/elregionalvm.com.ar\/noticias-villa-maria\/wp-content\/uploads\/2022\/09\/dolar-inflacion.jpg?fit=1000%2C563&ssl=1\",\"width\":1000,\"height\":563},{\"@type\":\"BreadcrumbList\",\"@id\":\"https:\/\/elregionalvm.com.ar\/noticias-villa-maria\/crisis-y-preocupacion-el-dolar-paralelo-no-sube-acompana-la-inflacion\/#breadcrumb\",\"itemListElement\":[{\"@type\":\"ListItem\",\"position\":1,\"name\":\"Portada\",\"item\":\"https:\/\/elregionalvm.com.ar\/noticias-villa-maria\/\"},{\"@type\":\"ListItem\",\"position\":2,\"name\":\"[Crisis y Preocupaci\u00f3n] El d\u00f3lar paralelo no sube, acompa\u00f1a la inflaci\u00f3n\"}]},{\"@type\":\"WebSite\",\"@id\":\"http:\/\/elregionalvm.com.ar\/noticias-villa-maria\/#website\",\"url\":\"http:\/\/elregionalvm.com.ar\/noticias-villa-maria\/\",\"name\":\"El Regional\",\"description\":\"Mucho m\u00e1s que informaci\u00f3n\",\"potentialAction\":[{\"@type\":\"SearchAction\",\"target\":{\"@type\":\"EntryPoint\",\"urlTemplate\":\"http:\/\/elregionalvm.com.ar\/noticias-villa-maria\/?s={search_term_string}\"},\"query-input\":{\"@type\":\"PropertyValueSpecification\",\"valueRequired\":true,\"valueName\":\"search_term_string\"}}],\"inLanguage\":\"es\"},{\"@type\":\"Person\",\"@id\":\"http:\/\/elregionalvm.com.ar\/noticias-villa-maria\/#\/schema\/person\/a0fb9c422317faca23d50163151bc354\",\"name\":\"Contenidos El Regional\",\"image\":{\"@type\":\"ImageObject\",\"inLanguage\":\"es\",\"@id\":\"http:\/\/elregionalvm.com.ar\/noticias-villa-maria\/#\/schema\/person\/image\/\",\"url\":\"https:\/\/secure.gravatar.com\/avatar\/265b27cb2209af7bb3a1318f03305787d7981a5cc6e6cd08fe5a4ecdf99d4b48?s=96&d=mm&r=g\",\"contentUrl\":\"https:\/\/secure.gravatar.com\/avatar\/265b27cb2209af7bb3a1318f03305787d7981a5cc6e6cd08fe5a4ecdf99d4b48?s=96&d=mm&r=g\",\"caption\":\"Contenidos El Regional\"},\"url\":\"https:\/\/elregionalvm.com.ar\/noticias-villa-maria\/author\/contenido\/\"}]}<\/script>\n<!-- \/ Yoast SEO plugin. -->","yoast_head_json":{"title":"[Crisis y Preocupaci\u00f3n] El d\u00f3lar paralelo no sube, acompa\u00f1a la inflaci\u00f3n - El Regional","robots":{"index":"index","follow":"follow","max-snippet":"max-snippet:-1","max-image-preview":"max-image-preview:large","max-video-preview":"max-video-preview:-1"},"canonical":"https:\/\/elregionalvm.com.ar\/noticias-villa-maria\/crisis-y-preocupacion-el-dolar-paralelo-no-sube-acompana-la-inflacion\/","og_locale":"es_ES","og_type":"article","og_title":"[Crisis y Preocupaci\u00f3n] El d\u00f3lar paralelo no sube, acompa\u00f1a la inflaci\u00f3n - El Regional","og_description":"Nuevamente el d\u00f3lar paralelo es fuente de preocupaci\u00f3n. El gobierno reaccion\u00f3 con audacia anunciando que intervendr\u00e1 en el mercado del d\u00f3lar paralelo para succionar pesos del mercado. Para que esta estrategia tenga \u00e9xito es imprescindible acelerar la implementaci\u00f3n de las reformas que integran el Acta de Mayo. El d\u00f3lar paralelo se mantuvo relativamente estable en [&hellip;]","og_url":"https:\/\/elregionalvm.com.ar\/noticias-villa-maria\/crisis-y-preocupacion-el-dolar-paralelo-no-sube-acompana-la-inflacion\/","og_site_name":"El Regional","article_publisher":"https:\/\/www.facebook.com\/elregionalvm","article_published_time":"2024-07-14T21:31:18+00:00","article_modified_time":"2024-07-16T22:15:24+00:00","og_image":[{"width":1000,"height":563,"url":"https:\/\/elregionalvm.com.ar\/noticias-villa-maria\/wp-content\/uploads\/2022\/09\/dolar-inflacion.jpg","type":"image\/jpeg"}],"author":"Contenidos El Regional","twitter_card":"summary_large_image","twitter_creator":"@elregionalvm1","twitter_site":"@elregionalvm1","twitter_misc":{"Escrito por":"Contenidos El Regional","Tiempo de lectura":"5 minutos"},"schema":{"@context":"https:\/\/schema.org","@graph":[{"@type":"Article","@id":"https:\/\/elregionalvm.com.ar\/noticias-villa-maria\/crisis-y-preocupacion-el-dolar-paralelo-no-sube-acompana-la-inflacion\/#article","isPartOf":{"@id":"https:\/\/elregionalvm.com.ar\/noticias-villa-maria\/crisis-y-preocupacion-el-dolar-paralelo-no-sube-acompana-la-inflacion\/"},"author":{"name":"Contenidos El Regional","@id":"http:\/\/elregionalvm.com.ar\/noticias-villa-maria\/#\/schema\/person\/a0fb9c422317faca23d50163151bc354"},"headline":"[Crisis y Preocupaci\u00f3n] El d\u00f3lar paralelo no sube, acompa\u00f1a la inflaci\u00f3n","datePublished":"2024-07-14T21:31:18+00:00","dateModified":"2024-07-16T22:15:24+00:00","mainEntityOfPage":{"@id":"https:\/\/elregionalvm.com.ar\/noticias-villa-maria\/crisis-y-preocupacion-el-dolar-paralelo-no-sube-acompana-la-inflacion\/"},"wordCount":795,"commentCount":0,"image":{"@id":"https:\/\/elregionalvm.com.ar\/noticias-villa-maria\/crisis-y-preocupacion-el-dolar-paralelo-no-sube-acompana-la-inflacion\/#primaryimage"},"thumbnailUrl":"https:\/\/i0.wp.com\/elregionalvm.com.ar\/noticias-villa-maria\/wp-content\/uploads\/2022\/09\/dolar-inflacion.jpg?fit=1000%2C563&ssl=1","keywords":["acta de mayo","crisis","dolar","Econom\u00eda","Inflaci\u00f3n","Javier Milei","Preocupaci\u00f3n","salarios"],"articleSection":["Opini\u00f3n","tercera"],"inLanguage":"es","potentialAction":[{"@type":"CommentAction","name":"Comment","target":["https:\/\/elregionalvm.com.ar\/noticias-villa-maria\/crisis-y-preocupacion-el-dolar-paralelo-no-sube-acompana-la-inflacion\/#respond"]}]},{"@type":"WebPage","@id":"https:\/\/elregionalvm.com.ar\/noticias-villa-maria\/crisis-y-preocupacion-el-dolar-paralelo-no-sube-acompana-la-inflacion\/","url":"https:\/\/elregionalvm.com.ar\/noticias-villa-maria\/crisis-y-preocupacion-el-dolar-paralelo-no-sube-acompana-la-inflacion\/","name":"[Crisis y Preocupaci\u00f3n] El d\u00f3lar paralelo no sube, acompa\u00f1a la inflaci\u00f3n - El Regional","isPartOf":{"@id":"http:\/\/elregionalvm.com.ar\/noticias-villa-maria\/#website"},"primaryImageOfPage":{"@id":"https:\/\/elregionalvm.com.ar\/noticias-villa-maria\/crisis-y-preocupacion-el-dolar-paralelo-no-sube-acompana-la-inflacion\/#primaryimage"},"image":{"@id":"https:\/\/elregionalvm.com.ar\/noticias-villa-maria\/crisis-y-preocupacion-el-dolar-paralelo-no-sube-acompana-la-inflacion\/#primaryimage"},"thumbnailUrl":"https:\/\/i0.wp.com\/elregionalvm.com.ar\/noticias-villa-maria\/wp-content\/uploads\/2022\/09\/dolar-inflacion.jpg?fit=1000%2C563&ssl=1","datePublished":"2024-07-14T21:31:18+00:00","dateModified":"2024-07-16T22:15:24+00:00","author":{"@id":"http:\/\/elregionalvm.com.ar\/noticias-villa-maria\/#\/schema\/person\/a0fb9c422317faca23d50163151bc354"},"breadcrumb":{"@id":"https:\/\/elregionalvm.com.ar\/noticias-villa-maria\/crisis-y-preocupacion-el-dolar-paralelo-no-sube-acompana-la-inflacion\/#breadcrumb"},"inLanguage":"es","potentialAction":[{"@type":"ReadAction","target":["https:\/\/elregionalvm.com.ar\/noticias-villa-maria\/crisis-y-preocupacion-el-dolar-paralelo-no-sube-acompana-la-inflacion\/"]}]},{"@type":"ImageObject","inLanguage":"es","@id":"https:\/\/elregionalvm.com.ar\/noticias-villa-maria\/crisis-y-preocupacion-el-dolar-paralelo-no-sube-acompana-la-inflacion\/#primaryimage","url":"https:\/\/i0.wp.com\/elregionalvm.com.ar\/noticias-villa-maria\/wp-content\/uploads\/2022\/09\/dolar-inflacion.jpg?fit=1000%2C563&ssl=1","contentUrl":"https:\/\/i0.wp.com\/elregionalvm.com.ar\/noticias-villa-maria\/wp-content\/uploads\/2022\/09\/dolar-inflacion.jpg?fit=1000%2C563&ssl=1","width":1000,"height":563},{"@type":"BreadcrumbList","@id":"https:\/\/elregionalvm.com.ar\/noticias-villa-maria\/crisis-y-preocupacion-el-dolar-paralelo-no-sube-acompana-la-inflacion\/#breadcrumb","itemListElement":[{"@type":"ListItem","position":1,"name":"Portada","item":"https:\/\/elregionalvm.com.ar\/noticias-villa-maria\/"},{"@type":"ListItem","position":2,"name":"[Crisis y Preocupaci\u00f3n] El d\u00f3lar paralelo no sube, acompa\u00f1a la inflaci\u00f3n"}]},{"@type":"WebSite","@id":"http:\/\/elregionalvm.com.ar\/noticias-villa-maria\/#website","url":"http:\/\/elregionalvm.com.ar\/noticias-villa-maria\/","name":"El Regional","description":"Mucho m\u00e1s que informaci\u00f3n","potentialAction":[{"@type":"SearchAction","target":{"@type":"EntryPoint","urlTemplate":"http:\/\/elregionalvm.com.ar\/noticias-villa-maria\/?s={search_term_string}"},"query-input":{"@type":"PropertyValueSpecification","valueRequired":true,"valueName":"search_term_string"}}],"inLanguage":"es"},{"@type":"Person","@id":"http:\/\/elregionalvm.com.ar\/noticias-villa-maria\/#\/schema\/person\/a0fb9c422317faca23d50163151bc354","name":"Contenidos El Regional","image":{"@type":"ImageObject","inLanguage":"es","@id":"http:\/\/elregionalvm.com.ar\/noticias-villa-maria\/#\/schema\/person\/image\/","url":"https:\/\/secure.gravatar.com\/avatar\/265b27cb2209af7bb3a1318f03305787d7981a5cc6e6cd08fe5a4ecdf99d4b48?s=96&d=mm&r=g","contentUrl":"https:\/\/secure.gravatar.com\/avatar\/265b27cb2209af7bb3a1318f03305787d7981a5cc6e6cd08fe5a4ecdf99d4b48?s=96&d=mm&r=g","caption":"Contenidos El Regional"},"url":"https:\/\/elregionalvm.com.ar\/noticias-villa-maria\/author\/contenido\/"}]}},"jetpack_featured_media_url":"https:\/\/i0.wp.com\/elregionalvm.com.ar\/noticias-villa-maria\/wp-content\/uploads\/2022\/09\/dolar-inflacion.jpg?fit=1000%2C563&ssl=1","jetpack_sharing_enabled":true,"_links":{"self":[{"href":"https:\/\/elregionalvm.com.ar\/noticias-villa-maria\/wp-json\/wp\/v2\/posts\/96186","targetHints":{"allow":["GET"]}}],"collection":[{"href":"https:\/\/elregionalvm.com.ar\/noticias-villa-maria\/wp-json\/wp\/v2\/posts"}],"about":[{"href":"https:\/\/elregionalvm.com.ar\/noticias-villa-maria\/wp-json\/wp\/v2\/types\/post"}],"author":[{"embeddable":true,"href":"https:\/\/elregionalvm.com.ar\/noticias-villa-maria\/wp-json\/wp\/v2\/users\/4"}],"replies":[{"embeddable":true,"href":"https:\/\/elregionalvm.com.ar\/noticias-villa-maria\/wp-json\/wp\/v2\/comments?post=96186"}],"version-history":[{"count":1,"href":"https:\/\/elregionalvm.com.ar\/noticias-villa-maria\/wp-json\/wp\/v2\/posts\/96186\/revisions"}],"predecessor-version":[{"id":96187,"href":"https:\/\/elregionalvm.com.ar\/noticias-villa-maria\/wp-json\/wp\/v2\/posts\/96186\/revisions\/96187"}],"wp:featuredmedia":[{"embeddable":true,"href":"https:\/\/elregionalvm.com.ar\/noticias-villa-maria\/wp-json\/wp\/v2\/media\/63904"}],"wp:attachment":[{"href":"https:\/\/elregionalvm.com.ar\/noticias-villa-maria\/wp-json\/wp\/v2\/media?parent=96186"}],"wp:term":[{"taxonomy":"category","embeddable":true,"href":"https:\/\/elregionalvm.com.ar\/noticias-villa-maria\/wp-json\/wp\/v2\/categories?post=96186"},{"taxonomy":"post_tag","embeddable":true,"href":"https:\/\/elregionalvm.com.ar\/noticias-villa-maria\/wp-json\/wp\/v2\/tags?post=96186"}],"curies":[{"name":"wp","href":"https:\/\/api.w.org\/{rel}","templated":true}]}}