{"id":96200,"date":"2024-07-14T22:13:20","date_gmt":"2024-07-14T22:13:20","guid":{"rendered":"https:\/\/elregionalvm.com.ar\/noticias-villa-maria\/?p=96200"},"modified":"2024-07-14T22:13:21","modified_gmt":"2024-07-14T22:13:21","slug":"artistas-villamarienses-exponen-en-el-paseo-del-buen-pastor","status":"publish","type":"post","link":"https:\/\/elregionalvm.com.ar\/noticias-villa-maria\/artistas-villamarienses-exponen-en-el-paseo-del-buen-pastor\/","title":{"rendered":"Artistas villamarienses exponen en el \u00abPaseo del Buen Pastor\u00bb"},"content":{"rendered":"\n<p>Artistas visuales de Villa Mar\u00eda exponen hasta el domingo 28 de julio en el \u201cPaseo del Buen Pastor\u201d en la ciudad de C\u00f3rdoba.<\/p>\n\n\n\n<p>En el marco de la muestra denominada \u201cSupervivencia\u201d, los artistas Susana Acastello, Sabrina Fr\u00edgoli \u00c1rbol, Juan Pablo Amante, Soledad Galv\u00e1n, Carolina Mart\u00ednez, Lucila Mazzini, Anal\u00eda Godoy y Sonia Taricco, exponen en el espacio cultural en avenida Hip\u00f3lito Yrigoyen 325.<\/p>\n\n\n\n<p>\u201cSupervivencia\u201d es una muestra colectiva fruto del programa \u201cMuseo Taller\u201d a cargo del Museo Municipal Fernando Bonfiglioli, de la cual participaron 16 artistas.<\/p>\n\n\n\n<p>Esta formaci\u00f3n tuvo el formato de cl\u00ednica de producci\u00f3n y pensamiento grupal y fue coordinada por Cecilia Orso, artista y docente, quien tambi\u00e9n estuvo a cargo de la curadur\u00eda.<\/p>\n","protected":false},"excerpt":{"rendered":"<p>Artistas visuales de Villa Mar\u00eda exponen hasta el domingo 28 de julio en el \u201cPaseo del Buen Pastor\u201d en la ciudad de C\u00f3rdoba. En el marco de la muestra denominada \u201cSupervivencia\u201d, los artistas Susana Acastello, Sabrina Fr\u00edgoli \u00c1rbol, Juan Pablo Amante, Soledad Galv\u00e1n, Carolina Mart\u00ednez, Lucila Mazzini, Anal\u00eda Godoy y Sonia Taricco, exponen en el [&hellip;]<\/p>\n","protected":false},"author":4,"featured_media":96202,"comment_status":"open","ping_status":"open","sticky":false,"template":"","format":"standard","meta":{"site-sidebar-layout":"default","site-content-layout":"","ast-site-content-layout":"default","site-content-style":"default","site-sidebar-style":"default","ast-global-header-display":"","ast-banner-title-visibility":"","ast-main-header-display":"","ast-hfb-above-header-display":"","ast-hfb-below-header-display":"","ast-hfb-mobile-header-display":"","site-post-title":"","ast-breadcrumbs-content":"","ast-featured-img":"","footer-sml-layout":"","ast-disable-related-posts":"","theme-transparent-header-meta":"","adv-header-id-meta":"","stick-header-meta":"","header-above-stick-meta":"","header-main-stick-meta":"","header-below-stick-meta":"","astra-migrate-meta-layouts":"set","ast-page-background-enabled":"default","ast-page-background-meta":{"desktop":{"background-color":"","background-image":"","background-repeat":"repeat","background-position":"center center","background-size":"auto","background-attachment":"scroll","background-type":"","background-media":"","overlay-type":"","overlay-color":"","overlay-opacity":"","overlay-gradient":""},"tablet":{"background-color":"","background-image":"","background-repeat":"repeat","background-position":"center center","background-size":"auto","background-attachment":"scroll","background-type":"","background-media":"","overlay-type":"","overlay-color":"","overlay-opacity":"","overlay-gradient":""},"mobile":{"background-color":"","background-image":"","background-repeat":"repeat","background-position":"center center","background-size":"auto","background-attachment":"scroll","background-type":"","background-media":"","overlay-type":"","overlay-color":"","overlay-opacity":"","overlay-gradient":""}},"ast-content-background-meta":{"desktop":{"background-color":"var(--ast-global-color-5)","background-image":"","background-repeat":"repeat","background-position":"center center","background-size":"auto","background-attachment":"scroll","background-type":"","background-media":"","overlay-type":"","overlay-color":"","overlay-opacity":"","overlay-gradient":""},"tablet":{"background-color":"var(--ast-global-color-5)","background-image":"","background-repeat":"repeat","background-position":"center center","background-size":"auto","background-attachment":"scroll","background-type":"","background-media":"","overlay-type":"","overlay-color":"","overlay-opacity":"","overlay-gradient":""},"mobile":{"background-color":"var(--ast-global-color-5)","background-image":"","background-repeat":"repeat","background-position":"center center","background-size":"auto","background-attachment":"scroll","background-type":"","background-media":"","overlay-type":"","overlay-color":"","overlay-opacity":"","overlay-gradient":""}},"_jetpack_memberships_contains_paid_content":false,"_joinchat":[],"footnotes":""},"categories":[2068,15302,2],"tags":[24192,24193,5795,2248],"class_list":["post-96200","post","type-post","status-publish","format-standard","has-post-thumbnail","hentry","category-cultura-deporte","category-destacado","category-villa-maria","tag-artistas-visuales","tag-paseo-del-buen-pastor","tag-supervivencia","tag-villa-maria-2"],"yoast_head":"<!-- This site is optimized with the Yoast SEO plugin v26.8 - https:\/\/yoast.com\/product\/yoast-seo-wordpress\/ -->\n<title>Artistas villamarienses exponen en el &quot;Paseo del Buen Pastor&quot; - El Regional<\/title>\n<meta name=\"robots\" content=\"index, follow, max-snippet:-1, max-image-preview:large, max-video-preview:-1\" \/>\n<link rel=\"canonical\" href=\"https:\/\/elregionalvm.com.ar\/noticias-villa-maria\/artistas-villamarienses-exponen-en-el-paseo-del-buen-pastor\/\" \/>\n<meta property=\"og:locale\" content=\"es_ES\" \/>\n<meta property=\"og:type\" content=\"article\" \/>\n<meta property=\"og:title\" content=\"Artistas villamarienses exponen en el &quot;Paseo del Buen Pastor&quot; - El Regional\" \/>\n<meta property=\"og:description\" content=\"Artistas visuales de Villa Mar\u00eda exponen hasta el domingo 28 de julio en el \u201cPaseo del Buen Pastor\u201d en la ciudad de C\u00f3rdoba. En el marco de la muestra denominada \u201cSupervivencia\u201d, los artistas Susana Acastello, Sabrina Fr\u00edgoli \u00c1rbol, Juan Pablo Amante, Soledad Galv\u00e1n, Carolina Mart\u00ednez, Lucila Mazzini, Anal\u00eda Godoy y Sonia Taricco, exponen en el [&hellip;]\" \/>\n<meta property=\"og:url\" content=\"https:\/\/elregionalvm.com.ar\/noticias-villa-maria\/artistas-villamarienses-exponen-en-el-paseo-del-buen-pastor\/\" \/>\n<meta property=\"og:site_name\" content=\"El Regional\" \/>\n<meta property=\"article:publisher\" content=\"https:\/\/www.facebook.com\/elregionalvm\" \/>\n<meta property=\"article:published_time\" content=\"2024-07-14T22:13:20+00:00\" \/>\n<meta property=\"article:modified_time\" content=\"2024-07-14T22:13:21+00:00\" \/>\n<meta property=\"og:image\" content=\"https:\/\/elregionalvm.com.ar\/noticias-villa-maria\/wp-content\/uploads\/2024\/07\/Villamarienses-exponen-en-el-Buen-Pastor.jpeg\" \/>\n\t<meta property=\"og:image:width\" content=\"960\" \/>\n\t<meta property=\"og:image:height\" content=\"640\" \/>\n\t<meta property=\"og:image:type\" content=\"image\/jpeg\" \/>\n<meta name=\"author\" content=\"Contenidos El Regional\" \/>\n<meta name=\"twitter:card\" content=\"summary_large_image\" \/>\n<meta name=\"twitter:creator\" content=\"@elregionalvm1\" \/>\n<meta name=\"twitter:site\" content=\"@elregionalvm1\" \/>\n<meta name=\"twitter:label1\" content=\"Escrito por\" \/>\n\t<meta name=\"twitter:data1\" content=\"Contenidos El Regional\" \/>\n\t<meta name=\"twitter:label2\" content=\"Tiempo de lectura\" \/>\n\t<meta name=\"twitter:data2\" content=\"1 minuto\" \/>\n<script type=\"application\/ld+json\" class=\"yoast-schema-graph\">{\"@context\":\"https:\/\/schema.org\",\"@graph\":[{\"@type\":\"Article\",\"@id\":\"https:\/\/elregionalvm.com.ar\/noticias-villa-maria\/artistas-villamarienses-exponen-en-el-paseo-del-buen-pastor\/#article\",\"isPartOf\":{\"@id\":\"https:\/\/elregionalvm.com.ar\/noticias-villa-maria\/artistas-villamarienses-exponen-en-el-paseo-del-buen-pastor\/\"},\"author\":{\"name\":\"Contenidos El Regional\",\"@id\":\"http:\/\/elregionalvm.com.ar\/noticias-villa-maria\/#\/schema\/person\/a0fb9c422317faca23d50163151bc354\"},\"headline\":\"Artistas villamarienses exponen en el \u00abPaseo del Buen Pastor\u00bb\",\"datePublished\":\"2024-07-14T22:13:20+00:00\",\"dateModified\":\"2024-07-14T22:13:21+00:00\",\"mainEntityOfPage\":{\"@id\":\"https:\/\/elregionalvm.com.ar\/noticias-villa-maria\/artistas-villamarienses-exponen-en-el-paseo-del-buen-pastor\/\"},\"wordCount\":132,\"commentCount\":0,\"image\":{\"@id\":\"https:\/\/elregionalvm.com.ar\/noticias-villa-maria\/artistas-villamarienses-exponen-en-el-paseo-del-buen-pastor\/#primaryimage\"},\"thumbnailUrl\":\"https:\/\/i0.wp.com\/elregionalvm.com.ar\/noticias-villa-maria\/wp-content\/uploads\/2024\/07\/Villamarienses-exponen-en-el-Buen-Pastor.jpeg?fit=960%2C640&ssl=1\",\"keywords\":[\"artistas visuales\",\"paseo del buen pastor\",\"Supervivencia\",\"Villa Mar\u00eda\"],\"articleSection\":[\"Cultura\",\"destacado\",\"Villa Mar\u00eda\"],\"inLanguage\":\"es\",\"potentialAction\":[{\"@type\":\"CommentAction\",\"name\":\"Comment\",\"target\":[\"https:\/\/elregionalvm.com.ar\/noticias-villa-maria\/artistas-villamarienses-exponen-en-el-paseo-del-buen-pastor\/#respond\"]}]},{\"@type\":\"WebPage\",\"@id\":\"https:\/\/elregionalvm.com.ar\/noticias-villa-maria\/artistas-villamarienses-exponen-en-el-paseo-del-buen-pastor\/\",\"url\":\"https:\/\/elregionalvm.com.ar\/noticias-villa-maria\/artistas-villamarienses-exponen-en-el-paseo-del-buen-pastor\/\",\"name\":\"Artistas villamarienses exponen en el \\\"Paseo del Buen Pastor\\\" - El Regional\",\"isPartOf\":{\"@id\":\"http:\/\/elregionalvm.com.ar\/noticias-villa-maria\/#website\"},\"primaryImageOfPage\":{\"@id\":\"https:\/\/elregionalvm.com.ar\/noticias-villa-maria\/artistas-villamarienses-exponen-en-el-paseo-del-buen-pastor\/#primaryimage\"},\"image\":{\"@id\":\"https:\/\/elregionalvm.com.ar\/noticias-villa-maria\/artistas-villamarienses-exponen-en-el-paseo-del-buen-pastor\/#primaryimage\"},\"thumbnailUrl\":\"https:\/\/i0.wp.com\/elregionalvm.com.ar\/noticias-villa-maria\/wp-content\/uploads\/2024\/07\/Villamarienses-exponen-en-el-Buen-Pastor.jpeg?fit=960%2C640&ssl=1\",\"datePublished\":\"2024-07-14T22:13:20+00:00\",\"dateModified\":\"2024-07-14T22:13:21+00:00\",\"author\":{\"@id\":\"http:\/\/elregionalvm.com.ar\/noticias-villa-maria\/#\/schema\/person\/a0fb9c422317faca23d50163151bc354\"},\"breadcrumb\":{\"@id\":\"https:\/\/elregionalvm.com.ar\/noticias-villa-maria\/artistas-villamarienses-exponen-en-el-paseo-del-buen-pastor\/#breadcrumb\"},\"inLanguage\":\"es\",\"potentialAction\":[{\"@type\":\"ReadAction\",\"target\":[\"https:\/\/elregionalvm.com.ar\/noticias-villa-maria\/artistas-villamarienses-exponen-en-el-paseo-del-buen-pastor\/\"]}]},{\"@type\":\"ImageObject\",\"inLanguage\":\"es\",\"@id\":\"https:\/\/elregionalvm.com.ar\/noticias-villa-maria\/artistas-villamarienses-exponen-en-el-paseo-del-buen-pastor\/#primaryimage\",\"url\":\"https:\/\/i0.wp.com\/elregionalvm.com.ar\/noticias-villa-maria\/wp-content\/uploads\/2024\/07\/Villamarienses-exponen-en-el-Buen-Pastor.jpeg?fit=960%2C640&ssl=1\",\"contentUrl\":\"https:\/\/i0.wp.com\/elregionalvm.com.ar\/noticias-villa-maria\/wp-content\/uploads\/2024\/07\/Villamarienses-exponen-en-el-Buen-Pastor.jpeg?fit=960%2C640&ssl=1\",\"width\":960,\"height\":640},{\"@type\":\"BreadcrumbList\",\"@id\":\"https:\/\/elregionalvm.com.ar\/noticias-villa-maria\/artistas-villamarienses-exponen-en-el-paseo-del-buen-pastor\/#breadcrumb\",\"itemListElement\":[{\"@type\":\"ListItem\",\"position\":1,\"name\":\"Portada\",\"item\":\"https:\/\/elregionalvm.com.ar\/noticias-villa-maria\/\"},{\"@type\":\"ListItem\",\"position\":2,\"name\":\"Artistas villamarienses exponen en el \u00abPaseo del Buen Pastor\u00bb\"}]},{\"@type\":\"WebSite\",\"@id\":\"http:\/\/elregionalvm.com.ar\/noticias-villa-maria\/#website\",\"url\":\"http:\/\/elregionalvm.com.ar\/noticias-villa-maria\/\",\"name\":\"El Regional\",\"description\":\"Mucho m\u00e1s que informaci\u00f3n\",\"potentialAction\":[{\"@type\":\"SearchAction\",\"target\":{\"@type\":\"EntryPoint\",\"urlTemplate\":\"http:\/\/elregionalvm.com.ar\/noticias-villa-maria\/?s={search_term_string}\"},\"query-input\":{\"@type\":\"PropertyValueSpecification\",\"valueRequired\":true,\"valueName\":\"search_term_string\"}}],\"inLanguage\":\"es\"},{\"@type\":\"Person\",\"@id\":\"http:\/\/elregionalvm.com.ar\/noticias-villa-maria\/#\/schema\/person\/a0fb9c422317faca23d50163151bc354\",\"name\":\"Contenidos El Regional\",\"image\":{\"@type\":\"ImageObject\",\"inLanguage\":\"es\",\"@id\":\"http:\/\/elregionalvm.com.ar\/noticias-villa-maria\/#\/schema\/person\/image\/\",\"url\":\"https:\/\/secure.gravatar.com\/avatar\/265b27cb2209af7bb3a1318f03305787d7981a5cc6e6cd08fe5a4ecdf99d4b48?s=96&d=mm&r=g\",\"contentUrl\":\"https:\/\/secure.gravatar.com\/avatar\/265b27cb2209af7bb3a1318f03305787d7981a5cc6e6cd08fe5a4ecdf99d4b48?s=96&d=mm&r=g\",\"caption\":\"Contenidos El Regional\"},\"url\":\"https:\/\/elregionalvm.com.ar\/noticias-villa-maria\/author\/contenido\/\"}]}<\/script>\n<!-- \/ Yoast SEO plugin. -->","yoast_head_json":{"title":"Artistas villamarienses exponen en el \"Paseo del Buen Pastor\" - El Regional","robots":{"index":"index","follow":"follow","max-snippet":"max-snippet:-1","max-image-preview":"max-image-preview:large","max-video-preview":"max-video-preview:-1"},"canonical":"https:\/\/elregionalvm.com.ar\/noticias-villa-maria\/artistas-villamarienses-exponen-en-el-paseo-del-buen-pastor\/","og_locale":"es_ES","og_type":"article","og_title":"Artistas villamarienses exponen en el \"Paseo del Buen Pastor\" - El Regional","og_description":"Artistas visuales de Villa Mar\u00eda exponen hasta el domingo 28 de julio en el \u201cPaseo del Buen Pastor\u201d en la ciudad de C\u00f3rdoba. En el marco de la muestra denominada \u201cSupervivencia\u201d, los artistas Susana Acastello, Sabrina Fr\u00edgoli \u00c1rbol, Juan Pablo Amante, Soledad Galv\u00e1n, Carolina Mart\u00ednez, Lucila Mazzini, Anal\u00eda Godoy y Sonia Taricco, exponen en el [&hellip;]","og_url":"https:\/\/elregionalvm.com.ar\/noticias-villa-maria\/artistas-villamarienses-exponen-en-el-paseo-del-buen-pastor\/","og_site_name":"El Regional","article_publisher":"https:\/\/www.facebook.com\/elregionalvm","article_published_time":"2024-07-14T22:13:20+00:00","article_modified_time":"2024-07-14T22:13:21+00:00","og_image":[{"width":960,"height":640,"url":"https:\/\/elregionalvm.com.ar\/noticias-villa-maria\/wp-content\/uploads\/2024\/07\/Villamarienses-exponen-en-el-Buen-Pastor.jpeg","type":"image\/jpeg"}],"author":"Contenidos El Regional","twitter_card":"summary_large_image","twitter_creator":"@elregionalvm1","twitter_site":"@elregionalvm1","twitter_misc":{"Escrito por":"Contenidos El Regional","Tiempo de lectura":"1 minuto"},"schema":{"@context":"https:\/\/schema.org","@graph":[{"@type":"Article","@id":"https:\/\/elregionalvm.com.ar\/noticias-villa-maria\/artistas-villamarienses-exponen-en-el-paseo-del-buen-pastor\/#article","isPartOf":{"@id":"https:\/\/elregionalvm.com.ar\/noticias-villa-maria\/artistas-villamarienses-exponen-en-el-paseo-del-buen-pastor\/"},"author":{"name":"Contenidos El Regional","@id":"http:\/\/elregionalvm.com.ar\/noticias-villa-maria\/#\/schema\/person\/a0fb9c422317faca23d50163151bc354"},"headline":"Artistas villamarienses exponen en el \u00abPaseo del Buen Pastor\u00bb","datePublished":"2024-07-14T22:13:20+00:00","dateModified":"2024-07-14T22:13:21+00:00","mainEntityOfPage":{"@id":"https:\/\/elregionalvm.com.ar\/noticias-villa-maria\/artistas-villamarienses-exponen-en-el-paseo-del-buen-pastor\/"},"wordCount":132,"commentCount":0,"image":{"@id":"https:\/\/elregionalvm.com.ar\/noticias-villa-maria\/artistas-villamarienses-exponen-en-el-paseo-del-buen-pastor\/#primaryimage"},"thumbnailUrl":"https:\/\/i0.wp.com\/elregionalvm.com.ar\/noticias-villa-maria\/wp-content\/uploads\/2024\/07\/Villamarienses-exponen-en-el-Buen-Pastor.jpeg?fit=960%2C640&ssl=1","keywords":["artistas visuales","paseo del buen pastor","Supervivencia","Villa Mar\u00eda"],"articleSection":["Cultura","destacado","Villa Mar\u00eda"],"inLanguage":"es","potentialAction":[{"@type":"CommentAction","name":"Comment","target":["https:\/\/elregionalvm.com.ar\/noticias-villa-maria\/artistas-villamarienses-exponen-en-el-paseo-del-buen-pastor\/#respond"]}]},{"@type":"WebPage","@id":"https:\/\/elregionalvm.com.ar\/noticias-villa-maria\/artistas-villamarienses-exponen-en-el-paseo-del-buen-pastor\/","url":"https:\/\/elregionalvm.com.ar\/noticias-villa-maria\/artistas-villamarienses-exponen-en-el-paseo-del-buen-pastor\/","name":"Artistas villamarienses exponen en el \"Paseo del Buen Pastor\" - El Regional","isPartOf":{"@id":"http:\/\/elregionalvm.com.ar\/noticias-villa-maria\/#website"},"primaryImageOfPage":{"@id":"https:\/\/elregionalvm.com.ar\/noticias-villa-maria\/artistas-villamarienses-exponen-en-el-paseo-del-buen-pastor\/#primaryimage"},"image":{"@id":"https:\/\/elregionalvm.com.ar\/noticias-villa-maria\/artistas-villamarienses-exponen-en-el-paseo-del-buen-pastor\/#primaryimage"},"thumbnailUrl":"https:\/\/i0.wp.com\/elregionalvm.com.ar\/noticias-villa-maria\/wp-content\/uploads\/2024\/07\/Villamarienses-exponen-en-el-Buen-Pastor.jpeg?fit=960%2C640&ssl=1","datePublished":"2024-07-14T22:13:20+00:00","dateModified":"2024-07-14T22:13:21+00:00","author":{"@id":"http:\/\/elregionalvm.com.ar\/noticias-villa-maria\/#\/schema\/person\/a0fb9c422317faca23d50163151bc354"},"breadcrumb":{"@id":"https:\/\/elregionalvm.com.ar\/noticias-villa-maria\/artistas-villamarienses-exponen-en-el-paseo-del-buen-pastor\/#breadcrumb"},"inLanguage":"es","potentialAction":[{"@type":"ReadAction","target":["https:\/\/elregionalvm.com.ar\/noticias-villa-maria\/artistas-villamarienses-exponen-en-el-paseo-del-buen-pastor\/"]}]},{"@type":"ImageObject","inLanguage":"es","@id":"https:\/\/elregionalvm.com.ar\/noticias-villa-maria\/artistas-villamarienses-exponen-en-el-paseo-del-buen-pastor\/#primaryimage","url":"https:\/\/i0.wp.com\/elregionalvm.com.ar\/noticias-villa-maria\/wp-content\/uploads\/2024\/07\/Villamarienses-exponen-en-el-Buen-Pastor.jpeg?fit=960%2C640&ssl=1","contentUrl":"https:\/\/i0.wp.com\/elregionalvm.com.ar\/noticias-villa-maria\/wp-content\/uploads\/2024\/07\/Villamarienses-exponen-en-el-Buen-Pastor.jpeg?fit=960%2C640&ssl=1","width":960,"height":640},{"@type":"BreadcrumbList","@id":"https:\/\/elregionalvm.com.ar\/noticias-villa-maria\/artistas-villamarienses-exponen-en-el-paseo-del-buen-pastor\/#breadcrumb","itemListElement":[{"@type":"ListItem","position":1,"name":"Portada","item":"https:\/\/elregionalvm.com.ar\/noticias-villa-maria\/"},{"@type":"ListItem","position":2,"name":"Artistas villamarienses exponen en el \u00abPaseo del Buen Pastor\u00bb"}]},{"@type":"WebSite","@id":"http:\/\/elregionalvm.com.ar\/noticias-villa-maria\/#website","url":"http:\/\/elregionalvm.com.ar\/noticias-villa-maria\/","name":"El Regional","description":"Mucho m\u00e1s que informaci\u00f3n","potentialAction":[{"@type":"SearchAction","target":{"@type":"EntryPoint","urlTemplate":"http:\/\/elregionalvm.com.ar\/noticias-villa-maria\/?s={search_term_string}"},"query-input":{"@type":"PropertyValueSpecification","valueRequired":true,"valueName":"search_term_string"}}],"inLanguage":"es"},{"@type":"Person","@id":"http:\/\/elregionalvm.com.ar\/noticias-villa-maria\/#\/schema\/person\/a0fb9c422317faca23d50163151bc354","name":"Contenidos El Regional","image":{"@type":"ImageObject","inLanguage":"es","@id":"http:\/\/elregionalvm.com.ar\/noticias-villa-maria\/#\/schema\/person\/image\/","url":"https:\/\/secure.gravatar.com\/avatar\/265b27cb2209af7bb3a1318f03305787d7981a5cc6e6cd08fe5a4ecdf99d4b48?s=96&d=mm&r=g","contentUrl":"https:\/\/secure.gravatar.com\/avatar\/265b27cb2209af7bb3a1318f03305787d7981a5cc6e6cd08fe5a4ecdf99d4b48?s=96&d=mm&r=g","caption":"Contenidos El Regional"},"url":"https:\/\/elregionalvm.com.ar\/noticias-villa-maria\/author\/contenido\/"}]}},"jetpack_featured_media_url":"https:\/\/i0.wp.com\/elregionalvm.com.ar\/noticias-villa-maria\/wp-content\/uploads\/2024\/07\/Villamarienses-exponen-en-el-Buen-Pastor.jpeg?fit=960%2C640&ssl=1","jetpack_sharing_enabled":true,"_links":{"self":[{"href":"https:\/\/elregionalvm.com.ar\/noticias-villa-maria\/wp-json\/wp\/v2\/posts\/96200","targetHints":{"allow":["GET"]}}],"collection":[{"href":"https:\/\/elregionalvm.com.ar\/noticias-villa-maria\/wp-json\/wp\/v2\/posts"}],"about":[{"href":"https:\/\/elregionalvm.com.ar\/noticias-villa-maria\/wp-json\/wp\/v2\/types\/post"}],"author":[{"embeddable":true,"href":"https:\/\/elregionalvm.com.ar\/noticias-villa-maria\/wp-json\/wp\/v2\/users\/4"}],"replies":[{"embeddable":true,"href":"https:\/\/elregionalvm.com.ar\/noticias-villa-maria\/wp-json\/wp\/v2\/comments?post=96200"}],"version-history":[{"count":1,"href":"https:\/\/elregionalvm.com.ar\/noticias-villa-maria\/wp-json\/wp\/v2\/posts\/96200\/revisions"}],"predecessor-version":[{"id":96201,"href":"https:\/\/elregionalvm.com.ar\/noticias-villa-maria\/wp-json\/wp\/v2\/posts\/96200\/revisions\/96201"}],"wp:featuredmedia":[{"embeddable":true,"href":"https:\/\/elregionalvm.com.ar\/noticias-villa-maria\/wp-json\/wp\/v2\/media\/96202"}],"wp:attachment":[{"href":"https:\/\/elregionalvm.com.ar\/noticias-villa-maria\/wp-json\/wp\/v2\/media?parent=96200"}],"wp:term":[{"taxonomy":"category","embeddable":true,"href":"https:\/\/elregionalvm.com.ar\/noticias-villa-maria\/wp-json\/wp\/v2\/categories?post=96200"},{"taxonomy":"post_tag","embeddable":true,"href":"https:\/\/elregionalvm.com.ar\/noticias-villa-maria\/wp-json\/wp\/v2\/tags?post=96200"}],"curies":[{"name":"wp","href":"https:\/\/api.w.org\/{rel}","templated":true}]}}